{"id":122878,"date":"2024-06-28T18:30:14","date_gmt":"2024-06-28T15:30:14","guid":{"rendered":"https:\/\/bas-tv.md\/?p=122878"},"modified":"2024-06-28T16:20:07","modified_gmt":"2024-06-28T13:20:07","slug":"comisia-nationala-pentru-recensamantul-populatiei-si-locuintelor-face-apel-pentru-participarea-tuturor-la-exercitiul-de-importanta-nationala","status":"publish","type":"post","link":"https:\/\/bas-tv.md\/ro\/comisia-nationala-pentru-recensamantul-populatiei-si-locuintelor-face-apel-pentru-participarea-tuturor-la-exercitiul-de-importanta-nationala\/","title":{"rendered":"Comisia Na\u021bional\u0103 pentru Recens\u0103m\u00e2ntul Popula\u021biei \u0219i Locuin\u021belor face apel pentru participarea tuturor la exerci\u021biul de importan\u021b\u0103 na\u021bional\u0103"},"content":{"rendered":"<div class=\"flex flex-grow flex-col max-w-full\">\n<div class=\"min-h-[20px] text-message flex flex-col items-start whitespace-pre-wrap break-words [.text-message+&amp;]:mt-5 juice:w-full juice:items-end overflow-x-auto gap-2\" dir=\"auto\" data-message-author-role=\"assistant\" data-message-id=\"abc1bc31-7f6f-40a3-b343-7e397d01827d\">\n<div class=\"flex w-full flex-col gap-1 juice:empty:hidden juice:first:pt-[3px]\">\n<div class=\"markdown prose w-full break-words dark:prose-invert light\">\n<p><strong>Persoanele care nu au participat \u00eenc\u0103 la recens\u0103m\u00e2nt sunt \u00eendemnate s\u0103 se implice \u00een acest exerci\u021biu de importan\u021b\u0103 na\u021bional\u0103 p\u00e2n\u0103 la 7 iulie, data la care se \u00eencheie perioada de recenzare. Apelul a fost lansat \u00een cadrul \u0219edin\u021bei Comisiei Na\u021bionale pentru Recens\u0103m\u00e2ntul Popula\u021biei \u0219i Locuin\u021belor, prezidat\u0103 de secretarul general al Guvernului, Artur Mija<\/strong>.<\/p>\n<blockquote>\n<p style=\"text-align: left;\">\u201eFiecare trebuie s\u0103 fie con\u0219tient c\u0103 datele colectate \u00een cadrul recens\u0103m\u00e2ntului vor contribui la \u00eembun\u0103t\u0103\u021birea politicilor publice \u0219i la implementarea proiectelor de dezvoltare. Ne dorim ca tot ce facem \u00een infrastructur\u0103, educa\u021bie sau medicin\u0103 s\u0103 corespund\u0103 necesit\u0103\u021bilor oamenilor, iar pentru aceasta trebuie s\u0103 dispunem de informa\u021bii actualizate \u0219i reale\u201d, a declarat Artur Mija.<\/p>\n<\/blockquote>\n<p>Locuitorii care nu au fost recenza\u021bi pot contacta personalul de recens\u0103m\u00e2nt din zona lor pentru a programa interviurile. Cei care nu au contactele recenzorului responsabil pot completa formularul de pe site-ul Biroului Na\u021bional de Statistic\u0103, trimite un mesaj la adresa <a rel=\"noreferrer\">rpl2024@statistica.gov.md<\/a> (inclusiv adresa de domiciliu) sau apela gratuit Linia Verde 0800 800 24.<\/p>\n<p>\u00cen cadrul \u0219edin\u021bei s-au discutat \u0219i aspectele legate de recenzarea persoanelor f\u0103r\u0103 ad\u0103post, a refugia\u021bilor \u0219i a persoanelor str\u0103mutate. Totodat\u0103, a fost aprobat modelul chestionarului pentru realizarea anchetei post-recenzare.<\/p>\n<p>Recens\u0103m\u00e2ntul popula\u021biei \u0219i locuin\u021belor se desf\u0103\u0219oar\u0103 \u00een perioada 8 aprilie &#8211; 7 iulie 2024. P\u00e2n\u0103 acum, au fost recenzate aproximativ 2,4 milioane de persoane \u0219i peste 1,6 milioane de locuin\u021be.<\/p>\n<p><strong>Sus\u021bine\u021bi redac\u021bia BAStv, abona\u021bi-v\u0103 la noi pe platforma\u00a0<a href=\"https:\/\/www.patreon.com\/BAStv?fan_landing=true&amp;fbclid=IwAR3MeSDKfH4ixBydCXX9D1lhrCszhps3ID5uxuGA-Ktd4MTkZCRdlcEZkQI\">Patreon\u00a0<\/a>sau prin efectuarea contribu\u021biilor prin\u00a0<a href=\"https:\/\/www.paypal.com\/paypalme\/supportbastv\">PayPal<\/a>! Aceasta ne va ajuta s\u0103 cre\u0103m con\u021binut interesant \u0219i util pentru dvs., r\u0103m\u00e2n\u00e2nd \u00een continuare o platform\u0103 media independent\u0103.<\/strong><\/p>\n<p><b>Abona\u021bi-v\u0103 la noi pe re\u021bele sociale:\u00a0<\/b><a href=\"https:\/\/t.me\/bastvmd\"><b><i>Telegram<\/i><\/b><\/a><b>,\u00a0<\/b><a href=\"https:\/\/www.youtube.com\/channel\/UC-9005PnLnhpNM8PVSjP2dQ\/featured\"><b><i>YouTube<\/i><\/b><\/a><b>,\u00a0<\/b><a href=\"https:\/\/www.facebook.com\/bastv.md\"><b><i>Facebook<\/i><\/b><\/a>\u00a0<strong>\u0219i\u00a0<\/strong><a href=\"https:\/\/www.instagram.com\/bastv.md\/\"><b><i>Instagram<\/i><\/b><\/a><b>. Aici public\u0103m \u0219tiri pe scurt.<\/b><\/p>\n<\/div>\n<\/div>\n<\/div>\n<\/div>\n","protected":false},"excerpt":{"rendered":"<p>Persoanele care nu au participat \u00eenc\u0103 la recens\u0103m\u00e2nt sunt \u00eendemnate s\u0103 se implice \u00een acest exerci\u021biu de importan\u021b\u0103 na\u021bional\u0103 p\u00e2n\u0103 la 7 iulie, data la care se \u00eencheie perioada de recenzare. Apelul a fost lansat \u00een cadrul \u0219edin\u021bei Comisiei Na\u021bionale pentru Recens\u0103m\u00e2ntul Popula\u021biei \u0219i Locuin\u021belor, prezidat\u0103 de secretarul general al Guvernului, Artur Mija. \u201eFiecare trebuie [&hellip;]<\/p>\n","protected":false},"author":3,"featured_media":122879,"comment_status":"closed","ping_status":"closed","sticky":false,"template":"","format":"standard","meta":{"footnotes":""},"categories":[573,198],"tags":[],"class_list":["post-122878","post","type-post","status-publish","format-standard","has-post-thumbnail","hentry","category-in-esenta","category-social"],"yoast_head":"<!-- This site is optimized with the Yoast SEO plugin v27.5 - https:\/\/yoast.com\/product\/yoast-seo-wordpress\/ -->\n<title>Comisia Na\u021bional\u0103 pentru Recens\u0103m\u00e2ntul Popula\u021biei \u0219i Locuin\u021belor face apel pentru participarea tuturor la exerci\u021biul de importan\u021b\u0103 na\u021bional\u0103 - BasTV<\/title>\n<meta name=\"description\" content=\"Persoanele care nu au participat \u00eenc\u0103 la recens\u0103m\u00e2nt sunt \u00eendemnate s\u0103 se implice \u00een acest exerci\u021biu de importan\u021b\u0103 na\u021bional\u0103 p\u00e2n\u0103 la 7 iulie, data la care se \u00eencheie perioada de recenzare. Apelul a fost lansat \u00een cadrul \u0219edin\u021bei Comisiei Na\u021bionale pentru Recens\u0103m\u00e2ntul Popula\u021biei \u0219i Locuin\u021belor, prezidat\u0103 de secretarul general al Guvernului, Artur Mija.\" \/>\n<meta name=\"robots\" content=\"index, follow, max-snippet:-1, max-image-preview:large, max-video-preview:-1\" \/>\n<link rel=\"canonical\" href=\"https:\/\/bas-tv.md\/ro\/comisia-nationala-pentru-recensamantul-populatiei-si-locuintelor-face-apel-pentru-participarea-tuturor-la-exercitiul-de-importanta-nationala\/\" \/>\n<meta property=\"og:locale\" content=\"ro_RO\" \/>\n<meta property=\"og:type\" content=\"article\" \/>\n<meta property=\"og:title\" content=\"Comisia Na\u021bional\u0103 pentru Recens\u0103m\u00e2ntul Popula\u021biei \u0219i Locuin\u021belor face apel pentru participarea tuturor la exerci\u021biul de importan\u021b\u0103 na\u021bional\u0103 - BasTV\" \/>\n<meta property=\"og:description\" content=\"Persoanele care nu au participat \u00eenc\u0103 la recens\u0103m\u00e2nt sunt \u00eendemnate s\u0103 se implice \u00een acest exerci\u021biu de importan\u021b\u0103 na\u021bional\u0103 p\u00e2n\u0103 la 7 iulie, data la care se \u00eencheie perioada de recenzare. Apelul a fost lansat \u00een cadrul \u0219edin\u021bei Comisiei Na\u021bionale pentru Recens\u0103m\u00e2ntul Popula\u021biei \u0219i Locuin\u021belor, prezidat\u0103 de secretarul general al Guvernului, Artur Mija.\" \/>\n<meta property=\"og:url\" content=\"https:\/\/bas-tv.md\/ro\/comisia-nationala-pentru-recensamantul-populatiei-si-locuintelor-face-apel-pentru-participarea-tuturor-la-exercitiul-de-importanta-nationala\/\" \/>\n<meta property=\"og:site_name\" content=\"BasTV\" \/>\n<meta property=\"article:published_time\" content=\"2024-06-28T15:30:14+00:00\" \/>\n<meta property=\"og:image\" content=\"https:\/\/bas-tv.md\/wp-content\/uploads\/2024\/06\/20240628-1es_7523.jpg\" \/>\n\t<meta property=\"og:image:width\" content=\"2500\" \/>\n\t<meta property=\"og:image:height\" content=\"1667\" \/>\n\t<meta property=\"og:image:type\" content=\"image\/jpeg\" \/>\n<meta name=\"author\" content=\"Redactor\" \/>\n<meta name=\"twitter:card\" content=\"summary_large_image\" \/>\n<meta name=\"twitter:label1\" content=\"Scris de\" \/>\n\t<meta name=\"twitter:data1\" content=\"Redactor\" \/>\n\t<meta name=\"twitter:label2\" content=\"Timp estimat pentru citire\" \/>\n\t<meta name=\"twitter:data2\" content=\"2 minute\" \/>\n<script type=\"application\/ld+json\" class=\"yoast-schema-graph\">{\"@context\":\"https:\\\/\\\/schema.org\",\"@graph\":[{\"@type\":\"Article\",\"@id\":\"https:\\\/\\\/bas-tv.md\\\/ro\\\/comisia-nationala-pentru-recensamantul-populatiei-si-locuintelor-face-apel-pentru-participarea-tuturor-la-exercitiul-de-importanta-nationala\\\/#article\",\"isPartOf\":{\"@id\":\"https:\\\/\\\/bas-tv.md\\\/ro\\\/comisia-nationala-pentru-recensamantul-populatiei-si-locuintelor-face-apel-pentru-participarea-tuturor-la-exercitiul-de-importanta-nationala\\\/\"},\"author\":{\"name\":\"Redactor\",\"@id\":\"https:\\\/\\\/bas-tv.md\\\/ro\\\/#\\\/schema\\\/person\\\/8740f45ea2eca1f1695284fc03529af0\"},\"headline\":\"Comisia Na\u021bional\u0103 pentru Recens\u0103m\u00e2ntul Popula\u021biei \u0219i Locuin\u021belor face apel pentru participarea tuturor la exerci\u021biul de importan\u021b\u0103 na\u021bional\u0103\",\"datePublished\":\"2024-06-28T15:30:14+00:00\",\"mainEntityOfPage\":{\"@id\":\"https:\\\/\\\/bas-tv.md\\\/ro\\\/comisia-nationala-pentru-recensamantul-populatiei-si-locuintelor-face-apel-pentru-participarea-tuturor-la-exercitiul-de-importanta-nationala\\\/\"},\"wordCount\":334,\"publisher\":{\"@id\":\"https:\\\/\\\/bas-tv.md\\\/ro\\\/#organization\"},\"image\":{\"@id\":\"https:\\\/\\\/bas-tv.md\\\/ro\\\/comisia-nationala-pentru-recensamantul-populatiei-si-locuintelor-face-apel-pentru-participarea-tuturor-la-exercitiul-de-importanta-nationala\\\/#primaryimage\"},\"thumbnailUrl\":\"https:\\\/\\\/bas-tv.md\\\/wp-content\\\/uploads\\\/2024\\\/06\\\/20240628-1es_7523.jpg\",\"articleSection\":[\"\u00cen esen\u021b\u0103\",\"Social\"],\"inLanguage\":\"ro-RO\"},{\"@type\":\"WebPage\",\"@id\":\"https:\\\/\\\/bas-tv.md\\\/ro\\\/comisia-nationala-pentru-recensamantul-populatiei-si-locuintelor-face-apel-pentru-participarea-tuturor-la-exercitiul-de-importanta-nationala\\\/\",\"url\":\"https:\\\/\\\/bas-tv.md\\\/ro\\\/comisia-nationala-pentru-recensamantul-populatiei-si-locuintelor-face-apel-pentru-participarea-tuturor-la-exercitiul-de-importanta-nationala\\\/\",\"name\":\"Comisia Na\u021bional\u0103 pentru Recens\u0103m\u00e2ntul Popula\u021biei \u0219i Locuin\u021belor face apel pentru participarea tuturor la exerci\u021biul de importan\u021b\u0103 na\u021bional\u0103 - BasTV\",\"isPartOf\":{\"@id\":\"https:\\\/\\\/bas-tv.md\\\/ro\\\/#website\"},\"primaryImageOfPage\":{\"@id\":\"https:\\\/\\\/bas-tv.md\\\/ro\\\/comisia-nationala-pentru-recensamantul-populatiei-si-locuintelor-face-apel-pentru-participarea-tuturor-la-exercitiul-de-importanta-nationala\\\/#primaryimage\"},\"image\":{\"@id\":\"https:\\\/\\\/bas-tv.md\\\/ro\\\/comisia-nationala-pentru-recensamantul-populatiei-si-locuintelor-face-apel-pentru-participarea-tuturor-la-exercitiul-de-importanta-nationala\\\/#primaryimage\"},\"thumbnailUrl\":\"https:\\\/\\\/bas-tv.md\\\/wp-content\\\/uploads\\\/2024\\\/06\\\/20240628-1es_7523.jpg\",\"datePublished\":\"2024-06-28T15:30:14+00:00\",\"description\":\"Persoanele care nu au participat \u00eenc\u0103 la recens\u0103m\u00e2nt sunt \u00eendemnate s\u0103 se implice \u00een acest exerci\u021biu de importan\u021b\u0103 na\u021bional\u0103 p\u00e2n\u0103 la 7 iulie, data la care se \u00eencheie perioada de recenzare. Apelul a fost lansat \u00een cadrul \u0219edin\u021bei Comisiei Na\u021bionale pentru Recens\u0103m\u00e2ntul Popula\u021biei \u0219i Locuin\u021belor, prezidat\u0103 de secretarul general al Guvernului, Artur Mija.\",\"inLanguage\":\"ro-RO\",\"potentialAction\":[{\"@type\":\"ReadAction\",\"target\":[\"https:\\\/\\\/bas-tv.md\\\/ro\\\/comisia-nationala-pentru-recensamantul-populatiei-si-locuintelor-face-apel-pentru-participarea-tuturor-la-exercitiul-de-importanta-nationala\\\/\"]}]},{\"@type\":\"ImageObject\",\"inLanguage\":\"ro-RO\",\"@id\":\"https:\\\/\\\/bas-tv.md\\\/ro\\\/comisia-nationala-pentru-recensamantul-populatiei-si-locuintelor-face-apel-pentru-participarea-tuturor-la-exercitiul-de-importanta-nationala\\\/#primaryimage\",\"url\":\"https:\\\/\\\/bas-tv.md\\\/wp-content\\\/uploads\\\/2024\\\/06\\\/20240628-1es_7523.jpg\",\"contentUrl\":\"https:\\\/\\\/bas-tv.md\\\/wp-content\\\/uploads\\\/2024\\\/06\\\/20240628-1es_7523.jpg\",\"width\":2500,\"height\":1667,\"caption\":\"Foto: moldpres.md\"},{\"@type\":\"WebSite\",\"@id\":\"https:\\\/\\\/bas-tv.md\\\/ro\\\/#website\",\"url\":\"https:\\\/\\\/bas-tv.md\\\/ro\\\/\",\"name\":\"BasTV\",\"description\":\"Moldova\",\"publisher\":{\"@id\":\"https:\\\/\\\/bas-tv.md\\\/ro\\\/#organization\"},\"potentialAction\":[{\"@type\":\"SearchAction\",\"target\":{\"@type\":\"EntryPoint\",\"urlTemplate\":\"https:\\\/\\\/bas-tv.md\\\/ro\\\/?s={search_term_string}\"},\"query-input\":{\"@type\":\"PropertyValueSpecification\",\"valueRequired\":true,\"valueName\":\"search_term_string\"}}],\"inLanguage\":\"ro-RO\"},{\"@type\":\"Organization\",\"@id\":\"https:\\\/\\\/bas-tv.md\\\/ro\\\/#organization\",\"name\":\"BasTV\",\"url\":\"https:\\\/\\\/bas-tv.md\\\/ro\\\/\",\"logo\":{\"@type\":\"ImageObject\",\"inLanguage\":\"ro-RO\",\"@id\":\"https:\\\/\\\/bas-tv.md\\\/ro\\\/#\\\/schema\\\/logo\\\/image\\\/\",\"url\":\"https:\\\/\\\/bas-tv.md\\\/wp-content\\\/uploads\\\/2023\\\/05\\\/bas-tv-culoarea-rosie.png\",\"contentUrl\":\"https:\\\/\\\/bas-tv.md\\\/wp-content\\\/uploads\\\/2023\\\/05\\\/bas-tv-culoarea-rosie.png\",\"width\":202,\"height\":50,\"caption\":\"BasTV\"},\"image\":{\"@id\":\"https:\\\/\\\/bas-tv.md\\\/ro\\\/#\\\/schema\\\/logo\\\/image\\\/\"}},{\"@type\":\"Person\",\"@id\":\"https:\\\/\\\/bas-tv.md\\\/ro\\\/#\\\/schema\\\/person\\\/8740f45ea2eca1f1695284fc03529af0\",\"name\":\"Redactor\",\"image\":{\"@type\":\"ImageObject\",\"inLanguage\":\"ro-RO\",\"@id\":\"https:\\\/\\\/bas-tv.md\\\/wp-content\\\/litespeed\\\/avatar\\\/91c0586f3f6f4396a4ec1287c965eeeb.jpg?ver=1776950945\",\"url\":\"https:\\\/\\\/bas-tv.md\\\/wp-content\\\/litespeed\\\/avatar\\\/91c0586f3f6f4396a4ec1287c965eeeb.jpg?ver=1776950945\",\"contentUrl\":\"https:\\\/\\\/bas-tv.md\\\/wp-content\\\/litespeed\\\/avatar\\\/91c0586f3f6f4396a4ec1287c965eeeb.jpg?ver=1776950945\",\"caption\":\"Redactor\"},\"url\":\"https:\\\/\\\/bas-tv.md\\\/ro\\\/author\\\/redactor\\\/\"}]}<\/script>\n<!-- \/ Yoast SEO plugin. -->","yoast_head_json":{"title":"Comisia Na\u021bional\u0103 pentru Recens\u0103m\u00e2ntul Popula\u021biei \u0219i Locuin\u021belor face apel pentru participarea tuturor la exerci\u021biul de importan\u021b\u0103 na\u021bional\u0103 - BasTV","description":"Persoanele care nu au participat \u00eenc\u0103 la recens\u0103m\u00e2nt sunt \u00eendemnate s\u0103 se implice \u00een acest exerci\u021biu de importan\u021b\u0103 na\u021bional\u0103 p\u00e2n\u0103 la 7 iulie, data la care se \u00eencheie perioada de recenzare. Apelul a fost lansat \u00een cadrul \u0219edin\u021bei Comisiei Na\u021bionale pentru Recens\u0103m\u00e2ntul Popula\u021biei \u0219i Locuin\u021belor, prezidat\u0103 de secretarul general al Guvernului, Artur Mija.","robots":{"index":"index","follow":"follow","max-snippet":"max-snippet:-1","max-image-preview":"max-image-preview:large","max-video-preview":"max-video-preview:-1"},"canonical":"https:\/\/bas-tv.md\/ro\/comisia-nationala-pentru-recensamantul-populatiei-si-locuintelor-face-apel-pentru-participarea-tuturor-la-exercitiul-de-importanta-nationala\/","og_locale":"ro_RO","og_type":"article","og_title":"Comisia Na\u021bional\u0103 pentru Recens\u0103m\u00e2ntul Popula\u021biei \u0219i Locuin\u021belor face apel pentru participarea tuturor la exerci\u021biul de importan\u021b\u0103 na\u021bional\u0103 - BasTV","og_description":"Persoanele care nu au participat \u00eenc\u0103 la recens\u0103m\u00e2nt sunt \u00eendemnate s\u0103 se implice \u00een acest exerci\u021biu de importan\u021b\u0103 na\u021bional\u0103 p\u00e2n\u0103 la 7 iulie, data la care se \u00eencheie perioada de recenzare. Apelul a fost lansat \u00een cadrul \u0219edin\u021bei Comisiei Na\u021bionale pentru Recens\u0103m\u00e2ntul Popula\u021biei \u0219i Locuin\u021belor, prezidat\u0103 de secretarul general al Guvernului, Artur Mija.","og_url":"https:\/\/bas-tv.md\/ro\/comisia-nationala-pentru-recensamantul-populatiei-si-locuintelor-face-apel-pentru-participarea-tuturor-la-exercitiul-de-importanta-nationala\/","og_site_name":"BasTV","article_published_time":"2024-06-28T15:30:14+00:00","og_image":[{"width":2500,"height":1667,"url":"https:\/\/bas-tv.md\/wp-content\/uploads\/2024\/06\/20240628-1es_7523.jpg","type":"image\/jpeg"}],"author":"Redactor","twitter_card":"summary_large_image","twitter_misc":{"Scris de":"Redactor","Timp estimat pentru citire":"2 minute"},"schema":{"@context":"https:\/\/schema.org","@graph":[{"@type":"Article","@id":"https:\/\/bas-tv.md\/ro\/comisia-nationala-pentru-recensamantul-populatiei-si-locuintelor-face-apel-pentru-participarea-tuturor-la-exercitiul-de-importanta-nationala\/#article","isPartOf":{"@id":"https:\/\/bas-tv.md\/ro\/comisia-nationala-pentru-recensamantul-populatiei-si-locuintelor-face-apel-pentru-participarea-tuturor-la-exercitiul-de-importanta-nationala\/"},"author":{"name":"Redactor","@id":"https:\/\/bas-tv.md\/ro\/#\/schema\/person\/8740f45ea2eca1f1695284fc03529af0"},"headline":"Comisia Na\u021bional\u0103 pentru Recens\u0103m\u00e2ntul Popula\u021biei \u0219i Locuin\u021belor face apel pentru participarea tuturor la exerci\u021biul de importan\u021b\u0103 na\u021bional\u0103","datePublished":"2024-06-28T15:30:14+00:00","mainEntityOfPage":{"@id":"https:\/\/bas-tv.md\/ro\/comisia-nationala-pentru-recensamantul-populatiei-si-locuintelor-face-apel-pentru-participarea-tuturor-la-exercitiul-de-importanta-nationala\/"},"wordCount":334,"publisher":{"@id":"https:\/\/bas-tv.md\/ro\/#organization"},"image":{"@id":"https:\/\/bas-tv.md\/ro\/comisia-nationala-pentru-recensamantul-populatiei-si-locuintelor-face-apel-pentru-participarea-tuturor-la-exercitiul-de-importanta-nationala\/#primaryimage"},"thumbnailUrl":"https:\/\/bas-tv.md\/wp-content\/uploads\/2024\/06\/20240628-1es_7523.jpg","articleSection":["\u00cen esen\u021b\u0103","Social"],"inLanguage":"ro-RO"},{"@type":"WebPage","@id":"https:\/\/bas-tv.md\/ro\/comisia-nationala-pentru-recensamantul-populatiei-si-locuintelor-face-apel-pentru-participarea-tuturor-la-exercitiul-de-importanta-nationala\/","url":"https:\/\/bas-tv.md\/ro\/comisia-nationala-pentru-recensamantul-populatiei-si-locuintelor-face-apel-pentru-participarea-tuturor-la-exercitiul-de-importanta-nationala\/","name":"Comisia Na\u021bional\u0103 pentru Recens\u0103m\u00e2ntul Popula\u021biei \u0219i Locuin\u021belor face apel pentru participarea tuturor la exerci\u021biul de importan\u021b\u0103 na\u021bional\u0103 - BasTV","isPartOf":{"@id":"https:\/\/bas-tv.md\/ro\/#website"},"primaryImageOfPage":{"@id":"https:\/\/bas-tv.md\/ro\/comisia-nationala-pentru-recensamantul-populatiei-si-locuintelor-face-apel-pentru-participarea-tuturor-la-exercitiul-de-importanta-nationala\/#primaryimage"},"image":{"@id":"https:\/\/bas-tv.md\/ro\/comisia-nationala-pentru-recensamantul-populatiei-si-locuintelor-face-apel-pentru-participarea-tuturor-la-exercitiul-de-importanta-nationala\/#primaryimage"},"thumbnailUrl":"https:\/\/bas-tv.md\/wp-content\/uploads\/2024\/06\/20240628-1es_7523.jpg","datePublished":"2024-06-28T15:30:14+00:00","description":"Persoanele care nu au participat \u00eenc\u0103 la recens\u0103m\u00e2nt sunt \u00eendemnate s\u0103 se implice \u00een acest exerci\u021biu de importan\u021b\u0103 na\u021bional\u0103 p\u00e2n\u0103 la 7 iulie, data la care se \u00eencheie perioada de recenzare. Apelul a fost lansat \u00een cadrul \u0219edin\u021bei Comisiei Na\u021bionale pentru Recens\u0103m\u00e2ntul Popula\u021biei \u0219i Locuin\u021belor, prezidat\u0103 de secretarul general al Guvernului, Artur Mija.","inLanguage":"ro-RO","potentialAction":[{"@type":"ReadAction","target":["https:\/\/bas-tv.md\/ro\/comisia-nationala-pentru-recensamantul-populatiei-si-locuintelor-face-apel-pentru-participarea-tuturor-la-exercitiul-de-importanta-nationala\/"]}]},{"@type":"ImageObject","inLanguage":"ro-RO","@id":"https:\/\/bas-tv.md\/ro\/comisia-nationala-pentru-recensamantul-populatiei-si-locuintelor-face-apel-pentru-participarea-tuturor-la-exercitiul-de-importanta-nationala\/#primaryimage","url":"https:\/\/bas-tv.md\/wp-content\/uploads\/2024\/06\/20240628-1es_7523.jpg","contentUrl":"https:\/\/bas-tv.md\/wp-content\/uploads\/2024\/06\/20240628-1es_7523.jpg","width":2500,"height":1667,"caption":"Foto: moldpres.md"},{"@type":"WebSite","@id":"https:\/\/bas-tv.md\/ro\/#website","url":"https:\/\/bas-tv.md\/ro\/","name":"BasTV","description":"Moldova","publisher":{"@id":"https:\/\/bas-tv.md\/ro\/#organization"},"potentialAction":[{"@type":"SearchAction","target":{"@type":"EntryPoint","urlTemplate":"https:\/\/bas-tv.md\/ro\/?s={search_term_string}"},"query-input":{"@type":"PropertyValueSpecification","valueRequired":true,"valueName":"search_term_string"}}],"inLanguage":"ro-RO"},{"@type":"Organization","@id":"https:\/\/bas-tv.md\/ro\/#organization","name":"BasTV","url":"https:\/\/bas-tv.md\/ro\/","logo":{"@type":"ImageObject","inLanguage":"ro-RO","@id":"https:\/\/bas-tv.md\/ro\/#\/schema\/logo\/image\/","url":"https:\/\/bas-tv.md\/wp-content\/uploads\/2023\/05\/bas-tv-culoarea-rosie.png","contentUrl":"https:\/\/bas-tv.md\/wp-content\/uploads\/2023\/05\/bas-tv-culoarea-rosie.png","width":202,"height":50,"caption":"BasTV"},"image":{"@id":"https:\/\/bas-tv.md\/ro\/#\/schema\/logo\/image\/"}},{"@type":"Person","@id":"https:\/\/bas-tv.md\/ro\/#\/schema\/person\/8740f45ea2eca1f1695284fc03529af0","name":"Redactor","image":{"@type":"ImageObject","inLanguage":"ro-RO","@id":"https:\/\/bas-tv.md\/wp-content\/litespeed\/avatar\/91c0586f3f6f4396a4ec1287c965eeeb.jpg?ver=1776950945","url":"https:\/\/bas-tv.md\/wp-content\/litespeed\/avatar\/91c0586f3f6f4396a4ec1287c965eeeb.jpg?ver=1776950945","contentUrl":"https:\/\/bas-tv.md\/wp-content\/litespeed\/avatar\/91c0586f3f6f4396a4ec1287c965eeeb.jpg?ver=1776950945","caption":"Redactor"},"url":"https:\/\/bas-tv.md\/ro\/author\/redactor\/"}]}},"views":234,"_links":{"self":[{"href":"https:\/\/bas-tv.md\/ro\/wp-json\/wp\/v2\/posts\/122878","targetHints":{"allow":["GET"]}}],"collection":[{"href":"https:\/\/bas-tv.md\/ro\/wp-json\/wp\/v2\/posts"}],"about":[{"href":"https:\/\/bas-tv.md\/ro\/wp-json\/wp\/v2\/types\/post"}],"author":[{"embeddable":true,"href":"https:\/\/bas-tv.md\/ro\/wp-json\/wp\/v2\/users\/3"}],"replies":[{"embeddable":true,"href":"https:\/\/bas-tv.md\/ro\/wp-json\/wp\/v2\/comments?post=122878"}],"version-history":[{"count":1,"href":"https:\/\/bas-tv.md\/ro\/wp-json\/wp\/v2\/posts\/122878\/revisions"}],"predecessor-version":[{"id":122883,"href":"https:\/\/bas-tv.md\/ro\/wp-json\/wp\/v2\/posts\/122878\/revisions\/122883"}],"wp:featuredmedia":[{"embeddable":true,"href":"https:\/\/bas-tv.md\/ro\/wp-json\/wp\/v2\/media\/122879"}],"wp:attachment":[{"href":"https:\/\/bas-tv.md\/ro\/wp-json\/wp\/v2\/media?parent=122878"}],"wp:term":[{"taxonomy":"category","embeddable":true,"href":"https:\/\/bas-tv.md\/ro\/wp-json\/wp\/v2\/categories?post=122878"},{"taxonomy":"post_tag","embeddable":true,"href":"https:\/\/bas-tv.md\/ro\/wp-json\/wp\/v2\/tags?post=122878"}],"curies":[{"name":"wp","href":"https:\/\/api.w.org\/{rel}","templated":true}]}}