{"id":123519,"date":"2024-07-09T17:30:51","date_gmt":"2024-07-09T14:30:51","guid":{"rendered":"https:\/\/bas-tv.md\/?p=123519"},"modified":"2024-07-09T16:31:25","modified_gmt":"2024-07-09T13:31:25","slug":"programul-prima-casa-ar-putea-fi-accesibil-pentru-mai-multe-categorii-de-persoane-inclusiv-diaspora","status":"publish","type":"post","link":"https:\/\/bas-tv.md\/ro\/programul-prima-casa-ar-putea-fi-accesibil-pentru-mai-multe-categorii-de-persoane-inclusiv-diaspora\/","title":{"rendered":"Programul \u201ePrima Cas\u0103\u201d ar putea fi accesibil pentru mai multe categorii de persoane, inclusiv diaspora"},"content":{"rendered":"<p><b>Categoriile de persoane care sunt eligibile pentru a aplica la Programul de stat \u201ePrima Cas\u0103\u201d ar putea fi extinse. Potrivit unui proiect de lege, vor fi accepta\u021bi \u0219i speciali\u0219tii care nu au statut de angajat, precum liber profesioni\u0219tii, avoca\u021bii, executorii judec\u0103tore\u0219ti, mediatorii, taximetri\u0219tii, arti\u0219tii, dar \u0219i persoanele din diaspora.<\/b><\/p>\n<p><span style=\"font-weight: 400;\">De asemenea, se propune majorarea valorii maxime a locuin\u021belor procurate prin Program de la 1 milion de lei p\u00e2n\u0103 la 2,5 milioane lei. \u00een acela\u0219i timp, perioada maxim\u0103 a creditului se propune a fi crescut\u0103 de la 25 de ani la 30 de ani pentru ca persoanele cu venituri mai mici s\u0103 poat\u0103 lua credite cu rate mai mici, potrivit <\/span><a href=\"https:\/\/www.bizlaw.md\/programul-de-stat-prima-casa-ar-putea-deveni-disponibil-pentru-liber-profesionisti-si-cetateni-din-diaspora\"><span style=\"font-weight: 400;\">Bizlaw<\/span><\/a><span style=\"font-weight: 400;\">.\u00a0<\/span><\/p>\n<p><span style=\"font-weight: 400;\">Cota de garantare a creditelor solicitate pentru locuin\u021bele din afara municipiului Chi\u0219in\u0103u se propune a fi majorat\u0103 de la 50% la 70%. Autorii ini\u021biativei spun c\u0103, aceast\u0103 schimbare va facilita accesul la locuin\u021be decente pentru familiile din zonele rurale, contribuind la dezvoltarea economic\u0103 \u0219i social\u0103 a acestor regiuni.<\/span><\/p>\n<p><span style=\"font-weight: 400;\">O alt\u0103 noutate este faptul c\u0103 beneficiarii activi ai Programului vor avea dreptul s\u0103-\u0219i schimbe banca creditoare, \u00een cazul unor condi\u021bii mai avantajoase.<\/span><\/p>\n<p><span style=\"font-weight: 400;\">Persoanele care de\u021bin locuin\u021be cu o suprafa\u021b\u0103 locativ\u0103 de p\u00e2n\u0103 la 50 de metri p\u0103tra\u021bi \u0219i vor o locuin\u021b\u0103 mai mare, vor putea aplica repetat la Program.<\/span><\/p>\n<p><span style=\"font-weight: 400;\">De asemenea, are loc simplificarea procesului de aplicare prin eliminarea certificatelor eliberate de ASP cu privire la locuin\u021bele de\u021binute \u00een proprietate \u0219i excluderea necesit\u0103\u021bi ca locuin\u021bele s\u0103 fie ipotecate \u00een favoarea statului, ceea ce va elimina necesitatea de a fi \u00eencheiate contracte trilaterale de ipotec\u0103 \u0219i va facilita administrarea Programului pe parcursul implement\u0103rii.<\/span><\/p>\n<p><strong>Sus\u021bine\u021bi redac\u021bia BAStv, abona\u021bi-v\u0103 la noi pe platforma\u00a0<a href=\"https:\/\/www.patreon.com\/BAStv?fan_landing=true&amp;fbclid=IwAR3MeSDKfH4ixBydCXX9D1lhrCszhps3ID5uxuGA-Ktd4MTkZCRdlcEZkQI\">Patreon\u00a0<\/a>sau prin efectuarea contribu\u021biilor prin\u00a0<a href=\"https:\/\/www.paypal.com\/paypalme\/supportbastv\">PayPal<\/a>! Aceasta ne va ajuta s\u0103 cre\u0103m con\u021binut interesant \u0219i util pentru dvs., r\u0103m\u00e2n\u00e2nd \u00een continuare o platform\u0103 media independent\u0103.<\/strong><\/p>\n<p><b>Abona\u021bi-v\u0103 la noi pe re\u021bele sociale:\u00a0<\/b><a href=\"https:\/\/t.me\/bastvmd\"><b><i>Telegram<\/i><\/b><\/a><b>,\u00a0<\/b><a href=\"https:\/\/www.youtube.com\/channel\/UC-9005PnLnhpNM8PVSjP2dQ\/featured\"><b><i>YouTube<\/i><\/b><\/a><b>,\u00a0<\/b><a href=\"https:\/\/www.facebook.com\/bastv.md\"><b><i>Facebook<\/i><\/b><\/a>\u00a0<strong>\u0219i\u00a0<\/strong><a href=\"https:\/\/www.instagram.com\/bastv.md\/\"><b><i>Instagram<\/i><\/b><\/a><b>. Aici public\u0103m \u0219tiri pe scurt!<\/b><\/p>\n","protected":false},"excerpt":{"rendered":"<p>Categoriile de persoane care sunt eligibile pentru a aplica la Programul de stat \u201ePrima Cas\u0103\u201d ar putea fi extinse. Potrivit unui proiect de lege, vor fi accepta\u021bi \u0219i speciali\u0219tii care nu au statut de angajat, precum liber profesioni\u0219tii, avoca\u021bii, executorii judec\u0103tore\u0219ti, mediatorii, taximetri\u0219tii, arti\u0219tii, dar \u0219i persoanele din diaspora. De asemenea, se propune majorarea valorii [&hellip;]<\/p>\n","protected":false},"author":3,"featured_media":120131,"comment_status":"closed","ping_status":"closed","sticky":false,"template":"","format":"standard","meta":{"footnotes":""},"categories":[602,570],"tags":[],"class_list":["post-123519","post","type-post","status-publish","format-standard","has-post-thumbnail","hentry","category-actualitate","category-in-moldova"],"yoast_head":"<!-- This site is optimized with the Yoast SEO plugin v27.5 - https:\/\/yoast.com\/product\/yoast-seo-wordpress\/ -->\n<title>Programul \u201ePrima Cas\u0103\u201d ar putea fi accesibil pentru mai multe categorii de persoane, inclusiv diaspora - BasTV<\/title>\n<meta name=\"description\" content=\"Categoriile de persoane care sunt eligibile pentru a aplica la Programul de stat \u201ePrima Cas\u0103\u201d ar putea fi extinse. Potrivit unui proiect de lege, vor fi accepta\u021bi \u0219i speciali\u0219tii care nu au statut de angajat, precum liber profesioni\u0219tii, avoca\u021bii, executorii judec\u0103tore\u0219ti, mediatorii, taximetri\u0219tii, arti\u0219tii, dar \u0219i persoanele din diaspora.\" \/>\n<meta name=\"robots\" content=\"index, follow, max-snippet:-1, max-image-preview:large, max-video-preview:-1\" \/>\n<link rel=\"canonical\" href=\"https:\/\/bas-tv.md\/ro\/programul-prima-casa-ar-putea-fi-accesibil-pentru-mai-multe-categorii-de-persoane-inclusiv-diaspora\/\" \/>\n<meta property=\"og:locale\" content=\"ro_RO\" \/>\n<meta property=\"og:type\" content=\"article\" \/>\n<meta property=\"og:title\" content=\"Programul \u201ePrima Cas\u0103\u201d ar putea fi accesibil pentru mai multe categorii de persoane, inclusiv diaspora - BasTV\" \/>\n<meta property=\"og:description\" content=\"Categoriile de persoane care sunt eligibile pentru a aplica la Programul de stat \u201ePrima Cas\u0103\u201d ar putea fi extinse. Potrivit unui proiect de lege, vor fi accepta\u021bi \u0219i speciali\u0219tii care nu au statut de angajat, precum liber profesioni\u0219tii, avoca\u021bii, executorii judec\u0103tore\u0219ti, mediatorii, taximetri\u0219tii, arti\u0219tii, dar \u0219i persoanele din diaspora.\" \/>\n<meta property=\"og:url\" content=\"https:\/\/bas-tv.md\/ro\/programul-prima-casa-ar-putea-fi-accesibil-pentru-mai-multe-categorii-de-persoane-inclusiv-diaspora\/\" \/>\n<meta property=\"og:site_name\" content=\"BasTV\" \/>\n<meta property=\"article:published_time\" content=\"2024-07-09T14:30:51+00:00\" \/>\n<meta property=\"og:image\" content=\"https:\/\/bas-tv.md\/wp-content\/uploads\/2024\/05\/prima-casa.jpg\" \/>\n\t<meta property=\"og:image:width\" content=\"800\" \/>\n\t<meta property=\"og:image:height\" content=\"450\" \/>\n\t<meta property=\"og:image:type\" content=\"image\/jpeg\" \/>\n<meta name=\"author\" content=\"Redactor\" \/>\n<meta name=\"twitter:card\" content=\"summary_large_image\" \/>\n<meta name=\"twitter:label1\" content=\"Scris de\" \/>\n\t<meta name=\"twitter:data1\" content=\"Redactor\" \/>\n\t<meta name=\"twitter:label2\" content=\"Timp estimat pentru citire\" \/>\n\t<meta name=\"twitter:data2\" content=\"2 minute\" \/>\n<script type=\"application\/ld+json\" class=\"yoast-schema-graph\">{\"@context\":\"https:\\\/\\\/schema.org\",\"@graph\":[{\"@type\":\"Article\",\"@id\":\"https:\\\/\\\/bas-tv.md\\\/ro\\\/programul-prima-casa-ar-putea-fi-accesibil-pentru-mai-multe-categorii-de-persoane-inclusiv-diaspora\\\/#article\",\"isPartOf\":{\"@id\":\"https:\\\/\\\/bas-tv.md\\\/ro\\\/programul-prima-casa-ar-putea-fi-accesibil-pentru-mai-multe-categorii-de-persoane-inclusiv-diaspora\\\/\"},\"author\":{\"name\":\"Redactor\",\"@id\":\"https:\\\/\\\/bas-tv.md\\\/ro\\\/#\\\/schema\\\/person\\\/8740f45ea2eca1f1695284fc03529af0\"},\"headline\":\"Programul \u201ePrima Cas\u0103\u201d ar putea fi accesibil pentru mai multe categorii de persoane, inclusiv diaspora\",\"datePublished\":\"2024-07-09T14:30:51+00:00\",\"mainEntityOfPage\":{\"@id\":\"https:\\\/\\\/bas-tv.md\\\/ro\\\/programul-prima-casa-ar-putea-fi-accesibil-pentru-mai-multe-categorii-de-persoane-inclusiv-diaspora\\\/\"},\"wordCount\":361,\"publisher\":{\"@id\":\"https:\\\/\\\/bas-tv.md\\\/ro\\\/#organization\"},\"image\":{\"@id\":\"https:\\\/\\\/bas-tv.md\\\/ro\\\/programul-prima-casa-ar-putea-fi-accesibil-pentru-mai-multe-categorii-de-persoane-inclusiv-diaspora\\\/#primaryimage\"},\"thumbnailUrl\":\"https:\\\/\\\/bas-tv.md\\\/wp-content\\\/uploads\\\/2024\\\/05\\\/prima-casa.jpg\",\"articleSection\":[\"Actualitate\",\"\u00cen Moldova\"],\"inLanguage\":\"ro-RO\"},{\"@type\":\"WebPage\",\"@id\":\"https:\\\/\\\/bas-tv.md\\\/ro\\\/programul-prima-casa-ar-putea-fi-accesibil-pentru-mai-multe-categorii-de-persoane-inclusiv-diaspora\\\/\",\"url\":\"https:\\\/\\\/bas-tv.md\\\/ro\\\/programul-prima-casa-ar-putea-fi-accesibil-pentru-mai-multe-categorii-de-persoane-inclusiv-diaspora\\\/\",\"name\":\"Programul \u201ePrima Cas\u0103\u201d ar putea fi accesibil pentru mai multe categorii de persoane, inclusiv diaspora - BasTV\",\"isPartOf\":{\"@id\":\"https:\\\/\\\/bas-tv.md\\\/ro\\\/#website\"},\"primaryImageOfPage\":{\"@id\":\"https:\\\/\\\/bas-tv.md\\\/ro\\\/programul-prima-casa-ar-putea-fi-accesibil-pentru-mai-multe-categorii-de-persoane-inclusiv-diaspora\\\/#primaryimage\"},\"image\":{\"@id\":\"https:\\\/\\\/bas-tv.md\\\/ro\\\/programul-prima-casa-ar-putea-fi-accesibil-pentru-mai-multe-categorii-de-persoane-inclusiv-diaspora\\\/#primaryimage\"},\"thumbnailUrl\":\"https:\\\/\\\/bas-tv.md\\\/wp-content\\\/uploads\\\/2024\\\/05\\\/prima-casa.jpg\",\"datePublished\":\"2024-07-09T14:30:51+00:00\",\"description\":\"Categoriile de persoane care sunt eligibile pentru a aplica la Programul de stat \u201ePrima Cas\u0103\u201d ar putea fi extinse. Potrivit unui proiect de lege, vor fi accepta\u021bi \u0219i speciali\u0219tii care nu au statut de angajat, precum liber profesioni\u0219tii, avoca\u021bii, executorii judec\u0103tore\u0219ti, mediatorii, taximetri\u0219tii, arti\u0219tii, dar \u0219i persoanele din diaspora.\",\"inLanguage\":\"ro-RO\",\"potentialAction\":[{\"@type\":\"ReadAction\",\"target\":[\"https:\\\/\\\/bas-tv.md\\\/ro\\\/programul-prima-casa-ar-putea-fi-accesibil-pentru-mai-multe-categorii-de-persoane-inclusiv-diaspora\\\/\"]}]},{\"@type\":\"ImageObject\",\"inLanguage\":\"ro-RO\",\"@id\":\"https:\\\/\\\/bas-tv.md\\\/ro\\\/programul-prima-casa-ar-putea-fi-accesibil-pentru-mai-multe-categorii-de-persoane-inclusiv-diaspora\\\/#primaryimage\",\"url\":\"https:\\\/\\\/bas-tv.md\\\/wp-content\\\/uploads\\\/2024\\\/05\\\/prima-casa.jpg\",\"contentUrl\":\"https:\\\/\\\/bas-tv.md\\\/wp-content\\\/uploads\\\/2024\\\/05\\\/prima-casa.jpg\",\"width\":800,\"height\":450,\"caption\":\"prima-casa\"},{\"@type\":\"WebSite\",\"@id\":\"https:\\\/\\\/bas-tv.md\\\/ro\\\/#website\",\"url\":\"https:\\\/\\\/bas-tv.md\\\/ro\\\/\",\"name\":\"BasTV\",\"description\":\"Moldova\",\"publisher\":{\"@id\":\"https:\\\/\\\/bas-tv.md\\\/ro\\\/#organization\"},\"potentialAction\":[{\"@type\":\"SearchAction\",\"target\":{\"@type\":\"EntryPoint\",\"urlTemplate\":\"https:\\\/\\\/bas-tv.md\\\/ro\\\/?s={search_term_string}\"},\"query-input\":{\"@type\":\"PropertyValueSpecification\",\"valueRequired\":true,\"valueName\":\"search_term_string\"}}],\"inLanguage\":\"ro-RO\"},{\"@type\":\"Organization\",\"@id\":\"https:\\\/\\\/bas-tv.md\\\/ro\\\/#organization\",\"name\":\"BasTV\",\"url\":\"https:\\\/\\\/bas-tv.md\\\/ro\\\/\",\"logo\":{\"@type\":\"ImageObject\",\"inLanguage\":\"ro-RO\",\"@id\":\"https:\\\/\\\/bas-tv.md\\\/ro\\\/#\\\/schema\\\/logo\\\/image\\\/\",\"url\":\"https:\\\/\\\/bas-tv.md\\\/wp-content\\\/uploads\\\/2023\\\/05\\\/bas-tv-culoarea-rosie.png\",\"contentUrl\":\"https:\\\/\\\/bas-tv.md\\\/wp-content\\\/uploads\\\/2023\\\/05\\\/bas-tv-culoarea-rosie.png\",\"width\":202,\"height\":50,\"caption\":\"BasTV\"},\"image\":{\"@id\":\"https:\\\/\\\/bas-tv.md\\\/ro\\\/#\\\/schema\\\/logo\\\/image\\\/\"}},{\"@type\":\"Person\",\"@id\":\"https:\\\/\\\/bas-tv.md\\\/ro\\\/#\\\/schema\\\/person\\\/8740f45ea2eca1f1695284fc03529af0\",\"name\":\"Redactor\",\"image\":{\"@type\":\"ImageObject\",\"inLanguage\":\"ro-RO\",\"@id\":\"https:\\\/\\\/bas-tv.md\\\/wp-content\\\/litespeed\\\/avatar\\\/91c0586f3f6f4396a4ec1287c965eeeb.jpg?ver=1776950945\",\"url\":\"https:\\\/\\\/bas-tv.md\\\/wp-content\\\/litespeed\\\/avatar\\\/91c0586f3f6f4396a4ec1287c965eeeb.jpg?ver=1776950945\",\"contentUrl\":\"https:\\\/\\\/bas-tv.md\\\/wp-content\\\/litespeed\\\/avatar\\\/91c0586f3f6f4396a4ec1287c965eeeb.jpg?ver=1776950945\",\"caption\":\"Redactor\"},\"url\":\"https:\\\/\\\/bas-tv.md\\\/ro\\\/author\\\/redactor\\\/\"}]}<\/script>\n<!-- \/ Yoast SEO plugin. -->","yoast_head_json":{"title":"Programul \u201ePrima Cas\u0103\u201d ar putea fi accesibil pentru mai multe categorii de persoane, inclusiv diaspora - BasTV","description":"Categoriile de persoane care sunt eligibile pentru a aplica la Programul de stat \u201ePrima Cas\u0103\u201d ar putea fi extinse. Potrivit unui proiect de lege, vor fi accepta\u021bi \u0219i speciali\u0219tii care nu au statut de angajat, precum liber profesioni\u0219tii, avoca\u021bii, executorii judec\u0103tore\u0219ti, mediatorii, taximetri\u0219tii, arti\u0219tii, dar \u0219i persoanele din diaspora.","robots":{"index":"index","follow":"follow","max-snippet":"max-snippet:-1","max-image-preview":"max-image-preview:large","max-video-preview":"max-video-preview:-1"},"canonical":"https:\/\/bas-tv.md\/ro\/programul-prima-casa-ar-putea-fi-accesibil-pentru-mai-multe-categorii-de-persoane-inclusiv-diaspora\/","og_locale":"ro_RO","og_type":"article","og_title":"Programul \u201ePrima Cas\u0103\u201d ar putea fi accesibil pentru mai multe categorii de persoane, inclusiv diaspora - BasTV","og_description":"Categoriile de persoane care sunt eligibile pentru a aplica la Programul de stat \u201ePrima Cas\u0103\u201d ar putea fi extinse. Potrivit unui proiect de lege, vor fi accepta\u021bi \u0219i speciali\u0219tii care nu au statut de angajat, precum liber profesioni\u0219tii, avoca\u021bii, executorii judec\u0103tore\u0219ti, mediatorii, taximetri\u0219tii, arti\u0219tii, dar \u0219i persoanele din diaspora.","og_url":"https:\/\/bas-tv.md\/ro\/programul-prima-casa-ar-putea-fi-accesibil-pentru-mai-multe-categorii-de-persoane-inclusiv-diaspora\/","og_site_name":"BasTV","article_published_time":"2024-07-09T14:30:51+00:00","og_image":[{"width":800,"height":450,"url":"https:\/\/bas-tv.md\/wp-content\/uploads\/2024\/05\/prima-casa.jpg","type":"image\/jpeg"}],"author":"Redactor","twitter_card":"summary_large_image","twitter_misc":{"Scris de":"Redactor","Timp estimat pentru citire":"2 minute"},"schema":{"@context":"https:\/\/schema.org","@graph":[{"@type":"Article","@id":"https:\/\/bas-tv.md\/ro\/programul-prima-casa-ar-putea-fi-accesibil-pentru-mai-multe-categorii-de-persoane-inclusiv-diaspora\/#article","isPartOf":{"@id":"https:\/\/bas-tv.md\/ro\/programul-prima-casa-ar-putea-fi-accesibil-pentru-mai-multe-categorii-de-persoane-inclusiv-diaspora\/"},"author":{"name":"Redactor","@id":"https:\/\/bas-tv.md\/ro\/#\/schema\/person\/8740f45ea2eca1f1695284fc03529af0"},"headline":"Programul \u201ePrima Cas\u0103\u201d ar putea fi accesibil pentru mai multe categorii de persoane, inclusiv diaspora","datePublished":"2024-07-09T14:30:51+00:00","mainEntityOfPage":{"@id":"https:\/\/bas-tv.md\/ro\/programul-prima-casa-ar-putea-fi-accesibil-pentru-mai-multe-categorii-de-persoane-inclusiv-diaspora\/"},"wordCount":361,"publisher":{"@id":"https:\/\/bas-tv.md\/ro\/#organization"},"image":{"@id":"https:\/\/bas-tv.md\/ro\/programul-prima-casa-ar-putea-fi-accesibil-pentru-mai-multe-categorii-de-persoane-inclusiv-diaspora\/#primaryimage"},"thumbnailUrl":"https:\/\/bas-tv.md\/wp-content\/uploads\/2024\/05\/prima-casa.jpg","articleSection":["Actualitate","\u00cen Moldova"],"inLanguage":"ro-RO"},{"@type":"WebPage","@id":"https:\/\/bas-tv.md\/ro\/programul-prima-casa-ar-putea-fi-accesibil-pentru-mai-multe-categorii-de-persoane-inclusiv-diaspora\/","url":"https:\/\/bas-tv.md\/ro\/programul-prima-casa-ar-putea-fi-accesibil-pentru-mai-multe-categorii-de-persoane-inclusiv-diaspora\/","name":"Programul \u201ePrima Cas\u0103\u201d ar putea fi accesibil pentru mai multe categorii de persoane, inclusiv diaspora - BasTV","isPartOf":{"@id":"https:\/\/bas-tv.md\/ro\/#website"},"primaryImageOfPage":{"@id":"https:\/\/bas-tv.md\/ro\/programul-prima-casa-ar-putea-fi-accesibil-pentru-mai-multe-categorii-de-persoane-inclusiv-diaspora\/#primaryimage"},"image":{"@id":"https:\/\/bas-tv.md\/ro\/programul-prima-casa-ar-putea-fi-accesibil-pentru-mai-multe-categorii-de-persoane-inclusiv-diaspora\/#primaryimage"},"thumbnailUrl":"https:\/\/bas-tv.md\/wp-content\/uploads\/2024\/05\/prima-casa.jpg","datePublished":"2024-07-09T14:30:51+00:00","description":"Categoriile de persoane care sunt eligibile pentru a aplica la Programul de stat \u201ePrima Cas\u0103\u201d ar putea fi extinse. Potrivit unui proiect de lege, vor fi accepta\u021bi \u0219i speciali\u0219tii care nu au statut de angajat, precum liber profesioni\u0219tii, avoca\u021bii, executorii judec\u0103tore\u0219ti, mediatorii, taximetri\u0219tii, arti\u0219tii, dar \u0219i persoanele din diaspora.","inLanguage":"ro-RO","potentialAction":[{"@type":"ReadAction","target":["https:\/\/bas-tv.md\/ro\/programul-prima-casa-ar-putea-fi-accesibil-pentru-mai-multe-categorii-de-persoane-inclusiv-diaspora\/"]}]},{"@type":"ImageObject","inLanguage":"ro-RO","@id":"https:\/\/bas-tv.md\/ro\/programul-prima-casa-ar-putea-fi-accesibil-pentru-mai-multe-categorii-de-persoane-inclusiv-diaspora\/#primaryimage","url":"https:\/\/bas-tv.md\/wp-content\/uploads\/2024\/05\/prima-casa.jpg","contentUrl":"https:\/\/bas-tv.md\/wp-content\/uploads\/2024\/05\/prima-casa.jpg","width":800,"height":450,"caption":"prima-casa"},{"@type":"WebSite","@id":"https:\/\/bas-tv.md\/ro\/#website","url":"https:\/\/bas-tv.md\/ro\/","name":"BasTV","description":"Moldova","publisher":{"@id":"https:\/\/bas-tv.md\/ro\/#organization"},"potentialAction":[{"@type":"SearchAction","target":{"@type":"EntryPoint","urlTemplate":"https:\/\/bas-tv.md\/ro\/?s={search_term_string}"},"query-input":{"@type":"PropertyValueSpecification","valueRequired":true,"valueName":"search_term_string"}}],"inLanguage":"ro-RO"},{"@type":"Organization","@id":"https:\/\/bas-tv.md\/ro\/#organization","name":"BasTV","url":"https:\/\/bas-tv.md\/ro\/","logo":{"@type":"ImageObject","inLanguage":"ro-RO","@id":"https:\/\/bas-tv.md\/ro\/#\/schema\/logo\/image\/","url":"https:\/\/bas-tv.md\/wp-content\/uploads\/2023\/05\/bas-tv-culoarea-rosie.png","contentUrl":"https:\/\/bas-tv.md\/wp-content\/uploads\/2023\/05\/bas-tv-culoarea-rosie.png","width":202,"height":50,"caption":"BasTV"},"image":{"@id":"https:\/\/bas-tv.md\/ro\/#\/schema\/logo\/image\/"}},{"@type":"Person","@id":"https:\/\/bas-tv.md\/ro\/#\/schema\/person\/8740f45ea2eca1f1695284fc03529af0","name":"Redactor","image":{"@type":"ImageObject","inLanguage":"ro-RO","@id":"https:\/\/bas-tv.md\/wp-content\/litespeed\/avatar\/91c0586f3f6f4396a4ec1287c965eeeb.jpg?ver=1776950945","url":"https:\/\/bas-tv.md\/wp-content\/litespeed\/avatar\/91c0586f3f6f4396a4ec1287c965eeeb.jpg?ver=1776950945","contentUrl":"https:\/\/bas-tv.md\/wp-content\/litespeed\/avatar\/91c0586f3f6f4396a4ec1287c965eeeb.jpg?ver=1776950945","caption":"Redactor"},"url":"https:\/\/bas-tv.md\/ro\/author\/redactor\/"}]}},"views":187,"_links":{"self":[{"href":"https:\/\/bas-tv.md\/ro\/wp-json\/wp\/v2\/posts\/123519","targetHints":{"allow":["GET"]}}],"collection":[{"href":"https:\/\/bas-tv.md\/ro\/wp-json\/wp\/v2\/posts"}],"about":[{"href":"https:\/\/bas-tv.md\/ro\/wp-json\/wp\/v2\/types\/post"}],"author":[{"embeddable":true,"href":"https:\/\/bas-tv.md\/ro\/wp-json\/wp\/v2\/users\/3"}],"replies":[{"embeddable":true,"href":"https:\/\/bas-tv.md\/ro\/wp-json\/wp\/v2\/comments?post=123519"}],"version-history":[{"count":1,"href":"https:\/\/bas-tv.md\/ro\/wp-json\/wp\/v2\/posts\/123519\/revisions"}],"predecessor-version":[{"id":123521,"href":"https:\/\/bas-tv.md\/ro\/wp-json\/wp\/v2\/posts\/123519\/revisions\/123521"}],"wp:featuredmedia":[{"embeddable":true,"href":"https:\/\/bas-tv.md\/ro\/wp-json\/wp\/v2\/media\/120131"}],"wp:attachment":[{"href":"https:\/\/bas-tv.md\/ro\/wp-json\/wp\/v2\/media?parent=123519"}],"wp:term":[{"taxonomy":"category","embeddable":true,"href":"https:\/\/bas-tv.md\/ro\/wp-json\/wp\/v2\/categories?post=123519"},{"taxonomy":"post_tag","embeddable":true,"href":"https:\/\/bas-tv.md\/ro\/wp-json\/wp\/v2\/tags?post=123519"}],"curies":[{"name":"wp","href":"https:\/\/api.w.org\/{rel}","templated":true}]}}