{"id":123532,"date":"2024-07-10T08:15:09","date_gmt":"2024-07-10T05:15:09","guid":{"rendered":"https:\/\/bas-tv.md\/?p=123532"},"modified":"2024-07-10T18:59:08","modified_gmt":"2024-07-10T15:59:08","slug":"selectionata-moldovei-a-castigat-primul-meci-in-campionatul-european-de-baschet-u-16-feminin","status":"publish","type":"post","link":"https:\/\/bas-tv.md\/ro\/selectionata-moldovei-a-castigat-primul-meci-in-campionatul-european-de-baschet-u-16-feminin\/","title":{"rendered":"Selec\u021bionata Moldovei a c\u00e2\u0219tigat primul meci \u00een Campionatul European de baschet U-16 feminin"},"content":{"rendered":"<p><strong>\u00cen perioada 9-14 iulie, \u00een Gibraltar, are loc Campionatul European de Baschet, Divizia C, categoria U-16 pentru fete. Echipa Republicii Moldova, \u00een care joac\u0103 \u0219i dou\u0103 sportive din Basarabeasca, a ob\u021binut o victorie impresionant\u0103 \u00een primul meci \u00eempotriva gazdelor din Gibraltar.<\/strong><\/p>\n<p><span style=\"font-weight: 400;\">Jocul a avut loc ieri, 9 iulie, \u0219i a fost transmis \u00een direct pe YouTube. \u00cen cadrul meciului, selec\u021bionata Moldovei s-a impus cu scorul de 66-29, fiind lider\u0103 \u00een toate cele patru reprize.<\/span><\/p>\n<p><span style=\"font-weight: 400;\">\u00cen selec\u021bionata Moldovei la baschet sunt \u0219i dou\u0103 juc\u0103toare din raionul Basarabeasca \u2013 Maneahina Nadejda \u0219i Pascalinaia Antonina. Echipa este reprezentat\u0103 de antrenorul \u0218colii Sportive raionale Basarabeasca, Croitoru Vitalie, antrenor principal al echipei.\u00a0<\/span><\/p>\n<p><span style=\"font-weight: 400;\">Men\u021bion\u0103m c\u0103 urm\u0103torul meci din cadrul preliminariilor va avea loc ast\u0103zi, 10 iulie, unde echipa Moldovei va concura cu Albania. Meciul va fi transmis \u00een direct, \u00eencep\u00e2nd cu ora 14:15. Ve\u021bi putea urm\u0103ri meciul <\/span><a href=\"https:\/\/www.youtube.com\/watch?v=loXgzNvbfCg\"><span style=\"font-weight: 400;\">aici<\/span><\/a><span style=\"font-weight: 400;\">.<\/span><\/p>\n<p><span style=\"font-weight: 400;\">Al treilea meci va fi jucat pe 11 iulie \u0219i se va \u00eencepe la ora 14:15, unde selec\u021bionata Moldovei va juca cu Malta. <\/span><a href=\"https:\/\/www.youtube.com\/watch?v=LqgaPABpxmY\"><span style=\"font-weight: 400;\">Aici<\/span><\/a><span style=\"font-weight: 400;\"> ve\u021bi putea vedea \u00een direct jocul.<\/span><\/p>\n<p><span style=\"font-weight: 400;\">\u00cen perioada 13-14 iulie va fi disputat\u0103 finala campionatului.<\/span><\/p>\n<div id='gallery-1' class='gallery galleryid-123532 gallery-columns-1 gallery-size-full'><figure class='gallery-item'>\n\t\t\t<div class='gallery-icon landscape'>\n\t\t\t\t<a href='https:\/\/bas-tv.md\/ro\/selectionata-moldovei-a-castigat-primul-meci-in-campionatul-european-de-baschet-u-16-feminin\/captura-de-ecran-2024-07-09-213143\/'><img fetchpriority=\"high\" decoding=\"async\" width=\"865\" height=\"292\" src=\"https:\/\/bas-tv.md\/wp-content\/uploads\/2024\/07\/captura-de-ecran-2024-07-09-213143.png\" class=\"attachment-full size-full\" alt=\"\" srcset=\"https:\/\/bas-tv.md\/wp-content\/uploads\/2024\/07\/captura-de-ecran-2024-07-09-213143.png 865w, https:\/\/bas-tv.md\/wp-content\/uploads\/2024\/07\/captura-de-ecran-2024-07-09-213143-300x101.png 300w, https:\/\/bas-tv.md\/wp-content\/uploads\/2024\/07\/captura-de-ecran-2024-07-09-213143-768x259.png 768w\" sizes=\"(max-width: 865px) 100vw, 865px\" \/><\/a>\n\t\t\t<\/div><\/figure><figure class='gallery-item'>\n\t\t\t<div class='gallery-icon landscape'>\n\t\t\t\t<a href='https:\/\/bas-tv.md\/ro\/selectionata-moldovei-a-castigat-primul-meci-in-campionatul-european-de-baschet-u-16-feminin\/captura-de-ecran-2024-07-10-004150\/'><img decoding=\"async\" width=\"812\" height=\"177\" src=\"https:\/\/bas-tv.md\/wp-content\/uploads\/2024\/07\/captura-de-ecran-2024-07-10-004150.png\" class=\"attachment-full size-full\" alt=\"\" srcset=\"https:\/\/bas-tv.md\/wp-content\/uploads\/2024\/07\/captura-de-ecran-2024-07-10-004150.png 812w, https:\/\/bas-tv.md\/wp-content\/uploads\/2024\/07\/captura-de-ecran-2024-07-10-004150-300x65.png 300w, https:\/\/bas-tv.md\/wp-content\/uploads\/2024\/07\/captura-de-ecran-2024-07-10-004150-768x167.png 768w\" sizes=\"(max-width: 812px) 100vw, 812px\" \/><\/a>\n\t\t\t<\/div><\/figure><figure class='gallery-item'>\n\t\t\t<div class='gallery-icon landscape'>\n\t\t\t\t<a href='https:\/\/bas-tv.md\/ro\/selectionata-moldovei-a-castigat-primul-meci-in-campionatul-european-de-baschet-u-16-feminin\/captura-ecran-60\/'><img decoding=\"async\" width=\"1920\" height=\"1080\" src=\"https:\/\/bas-tv.md\/wp-content\/uploads\/2024\/07\/captura-ecran-60.png\" class=\"attachment-full size-full\" alt=\"\" srcset=\"https:\/\/bas-tv.md\/wp-content\/uploads\/2024\/07\/captura-ecran-60.png 1920w, https:\/\/bas-tv.md\/wp-content\/uploads\/2024\/07\/captura-ecran-60-300x169.png 300w, https:\/\/bas-tv.md\/wp-content\/uploads\/2024\/07\/captura-ecran-60-1024x576.png 1024w, https:\/\/bas-tv.md\/wp-content\/uploads\/2024\/07\/captura-ecran-60-768x432.png 768w, https:\/\/bas-tv.md\/wp-content\/uploads\/2024\/07\/captura-ecran-60-1536x864.png 1536w, https:\/\/bas-tv.md\/wp-content\/uploads\/2024\/07\/captura-ecran-60-1200x675.png 1200w\" sizes=\"(max-width: 1920px) 100vw, 1920px\" \/><\/a>\n\t\t\t<\/div><\/figure><figure class='gallery-item'>\n\t\t\t<div class='gallery-icon portrait'>\n\t\t\t\t<a href='https:\/\/bas-tv.md\/ro\/selectionata-moldovei-a-castigat-primul-meci-in-campionatul-european-de-baschet-u-16-feminin\/captura-de-ecran-2024-07-09-215018\/'><img loading=\"lazy\" decoding=\"async\" width=\"610\" height=\"693\" src=\"https:\/\/bas-tv.md\/wp-content\/uploads\/2024\/07\/captura-de-ecran-2024-07-09-215018.png\" class=\"attachment-full size-full\" alt=\"\" srcset=\"https:\/\/bas-tv.md\/wp-content\/uploads\/2024\/07\/captura-de-ecran-2024-07-09-215018.png 610w, https:\/\/bas-tv.md\/wp-content\/uploads\/2024\/07\/captura-de-ecran-2024-07-09-215018-264x300.png 264w\" sizes=\"(max-width: 610px) 100vw, 610px\" \/><\/a>\n\t\t\t<\/div><\/figure>\n\t\t<\/div>\n\n<p>Autor: Lilia Zabolotn\u00eei<\/p>\n<p><strong>Sus\u021bine\u021bi redac\u021bia BAStv, abona\u021bi-v\u0103 la noi pe platforma\u00a0<a href=\"https:\/\/www.patreon.com\/BAStv?fan_landing=true&amp;fbclid=IwAR3MeSDKfH4ixBydCXX9D1lhrCszhps3ID5uxuGA-Ktd4MTkZCRdlcEZkQI\">Patreon\u00a0<\/a>sau prin efectuarea contribu\u021biilor prin\u00a0<a href=\"https:\/\/www.paypal.com\/paypalme\/supportbastv\">PayPal<\/a>! Aceasta ne va ajuta s\u0103 cre\u0103m con\u021binut interesant \u0219i util pentru dvs., r\u0103m\u00e2n\u00e2nd \u00een continuare o platform\u0103 media independent\u0103.<\/strong><\/p>\n<p><b>Abona\u021bi-v\u0103 la noi pe re\u021bele sociale:\u00a0<\/b><a href=\"https:\/\/t.me\/bastvmd\"><b><i>Telegram<\/i><\/b><\/a><b>,\u00a0<\/b><a href=\"https:\/\/www.youtube.com\/channel\/UC-9005PnLnhpNM8PVSjP2dQ\/featured\"><b><i>YouTube<\/i><\/b><\/a><b>,\u00a0<\/b><a href=\"https:\/\/www.facebook.com\/bastv.md\"><b><i>Facebook<\/i><\/b><\/a>\u00a0<strong>\u0219i\u00a0<\/strong><a href=\"https:\/\/www.instagram.com\/bastv.md\/\"><b><i>Instagram<\/i><\/b><\/a><b>. Aici public\u0103m \u0219tiri pe scurt!<\/b><\/p>\n","protected":false},"excerpt":{"rendered":"<p>\u00cen perioada 9-14 iulie, \u00een Gibraltar, are loc Campionatul European de Baschet, Divizia C, categoria U-16 pentru fete. Echipa Republicii Moldova, \u00een care joac\u0103 \u0219i dou\u0103 sportive din Basarabeasca, a ob\u021binut o victorie impresionant\u0103 \u00een primul meci \u00eempotriva gazdelor din Gibraltar. Jocul a avut loc ieri, 9 iulie, \u0219i a fost transmis \u00een direct pe [&hellip;]<\/p>\n","protected":false},"author":3,"featured_media":123615,"comment_status":"closed","ping_status":"closed","sticky":false,"template":"","format":"standard","meta":{"footnotes":""},"categories":[602,569],"tags":[3135,3138,3143,869,3133,3144,3136,3146,3220,3140,3218,3134,3219,3217,807,3215,3055,3142,3145,3137,3216],"class_list":["post-123532","post","type-post","status-publish","format-standard","has-post-thumbnail","hentry","category-actualitate","category-in-basarabeasca","tag-9-14-iulie","tag-baschet-fete","tag-baschet-u-16","tag-bastv-ro","tag-campionatul-european-de-baschet","tag-competitie-europeana","tag-divizia-c","tag-echipa-nationala","tag-echipa-republicii-moldova","tag-eveniment-sportiv","tag-gazdele-din-gibraltar","tag-gibraltar","tag-performante-sportive","tag-primul-meci","tag-republica-moldova","tag-sportive-din-basarabeasca","tag-stiri-basarabeasca","tag-stiri-sport","tag-tineret-baschet","tag-u-16","tag-victorie-impresionanta"],"yoast_head":"<!-- This site is optimized with the Yoast SEO plugin v27.5 - https:\/\/yoast.com\/product\/yoast-seo-wordpress\/ -->\n<title>Selec\u021bionata Moldovei a c\u00e2\u0219tigat primul meci \u00een Campionatul European de baschet U-16 feminin - BasTV<\/title>\n<meta name=\"description\" content=\"\u00cen perioada 9-14 iulie, \u00een Gibraltar, are loc Campionatul European de Baschet, Divizia C, categoria U-16 pentru fete. Echipa Republicii Moldova, \u00een care joac\u0103 \u0219i dou\u0103 sportive din Basarabeasca, a ob\u021binut o victorie impresionant\u0103 \u00een primul meci \u00eempotriva gazdelor din Gibraltar.\" \/>\n<meta name=\"robots\" content=\"index, follow, max-snippet:-1, max-image-preview:large, max-video-preview:-1\" \/>\n<link rel=\"canonical\" href=\"https:\/\/bas-tv.md\/ro\/selectionata-moldovei-a-castigat-primul-meci-in-campionatul-european-de-baschet-u-16-feminin\/\" \/>\n<meta property=\"og:locale\" content=\"ro_RO\" \/>\n<meta property=\"og:type\" content=\"article\" \/>\n<meta property=\"og:title\" content=\"Selec\u021bionata Moldovei a c\u00e2\u0219tigat primul meci \u00een Campionatul European de baschet U-16 feminin - BasTV\" \/>\n<meta property=\"og:description\" content=\"\u00cen perioada 9-14 iulie, \u00een Gibraltar, are loc Campionatul European de Baschet, Divizia C, categoria U-16 pentru fete. Echipa Republicii Moldova, \u00een care joac\u0103 \u0219i dou\u0103 sportive din Basarabeasca, a ob\u021binut o victorie impresionant\u0103 \u00een primul meci \u00eempotriva gazdelor din Gibraltar.\" \/>\n<meta property=\"og:url\" content=\"https:\/\/bas-tv.md\/ro\/selectionata-moldovei-a-castigat-primul-meci-in-campionatul-european-de-baschet-u-16-feminin\/\" \/>\n<meta property=\"og:site_name\" content=\"BasTV\" \/>\n<meta property=\"article:published_time\" content=\"2024-07-10T05:15:09+00:00\" \/>\n<meta property=\"article:modified_time\" content=\"2024-07-10T15:59:08+00:00\" \/>\n<meta property=\"og:image\" content=\"https:\/\/bas-tv.md\/wp-content\/uploads\/2024\/07\/photo_2024-07-10_18-57-54.jpg\" \/>\n\t<meta property=\"og:image:width\" content=\"656\" \/>\n\t<meta property=\"og:image:height\" content=\"537\" \/>\n\t<meta property=\"og:image:type\" content=\"image\/jpeg\" \/>\n<meta name=\"author\" content=\"Redactor\" \/>\n<meta name=\"twitter:card\" content=\"summary_large_image\" \/>\n<meta name=\"twitter:label1\" content=\"Scris de\" \/>\n\t<meta name=\"twitter:data1\" content=\"Redactor\" \/>\n\t<meta name=\"twitter:label2\" content=\"Timp estimat pentru citire\" \/>\n\t<meta name=\"twitter:data2\" content=\"2 minute\" \/>\n<script type=\"application\/ld+json\" class=\"yoast-schema-graph\">{\"@context\":\"https:\\\/\\\/schema.org\",\"@graph\":[{\"@type\":\"Article\",\"@id\":\"https:\\\/\\\/bas-tv.md\\\/ro\\\/selectionata-moldovei-a-castigat-primul-meci-in-campionatul-european-de-baschet-u-16-feminin\\\/#article\",\"isPartOf\":{\"@id\":\"https:\\\/\\\/bas-tv.md\\\/ro\\\/selectionata-moldovei-a-castigat-primul-meci-in-campionatul-european-de-baschet-u-16-feminin\\\/\"},\"author\":{\"name\":\"Redactor\",\"@id\":\"https:\\\/\\\/bas-tv.md\\\/ro\\\/#\\\/schema\\\/person\\\/8740f45ea2eca1f1695284fc03529af0\"},\"headline\":\"Selec\u021bionata Moldovei a c\u00e2\u0219tigat primul meci \u00een Campionatul European de baschet U-16 feminin\",\"datePublished\":\"2024-07-10T05:15:09+00:00\",\"dateModified\":\"2024-07-10T15:59:08+00:00\",\"mainEntityOfPage\":{\"@id\":\"https:\\\/\\\/bas-tv.md\\\/ro\\\/selectionata-moldovei-a-castigat-primul-meci-in-campionatul-european-de-baschet-u-16-feminin\\\/\"},\"wordCount\":275,\"publisher\":{\"@id\":\"https:\\\/\\\/bas-tv.md\\\/ro\\\/#organization\"},\"image\":{\"@id\":\"https:\\\/\\\/bas-tv.md\\\/ro\\\/selectionata-moldovei-a-castigat-primul-meci-in-campionatul-european-de-baschet-u-16-feminin\\\/#primaryimage\"},\"thumbnailUrl\":\"https:\\\/\\\/bas-tv.md\\\/wp-content\\\/uploads\\\/2024\\\/07\\\/photo_2024-07-10_18-57-54.jpg\",\"keywords\":[\"9-14 iulie\",\"baschet fete\",\"baschet U-16\",\"BAStv\",\"Campionatul European de baschet\",\"competi\u021bie european\u0103\",\"divizia C\",\"echipa na\u021bional\u0103\",\"echipa Republicii Moldova\",\"eveniment sportiv\",\"gazdele din Gibraltar\",\"Gibraltar\",\"performan\u021be sportive\",\"primul meci\",\"Republica Moldova\",\"sportive din Basarabeasca\",\"\u0219tiri Basarabeasca\",\"\u0219tiri sport\",\"tineret baschet\",\"U-16\",\"victorie impresionant\u0103\"],\"articleSection\":[\"Actualitate\",\"\u00cen Basarabeasca\"],\"inLanguage\":\"ro-RO\"},{\"@type\":\"WebPage\",\"@id\":\"https:\\\/\\\/bas-tv.md\\\/ro\\\/selectionata-moldovei-a-castigat-primul-meci-in-campionatul-european-de-baschet-u-16-feminin\\\/\",\"url\":\"https:\\\/\\\/bas-tv.md\\\/ro\\\/selectionata-moldovei-a-castigat-primul-meci-in-campionatul-european-de-baschet-u-16-feminin\\\/\",\"name\":\"Selec\u021bionata Moldovei a c\u00e2\u0219tigat primul meci \u00een Campionatul European de baschet U-16 feminin - BasTV\",\"isPartOf\":{\"@id\":\"https:\\\/\\\/bas-tv.md\\\/ro\\\/#website\"},\"primaryImageOfPage\":{\"@id\":\"https:\\\/\\\/bas-tv.md\\\/ro\\\/selectionata-moldovei-a-castigat-primul-meci-in-campionatul-european-de-baschet-u-16-feminin\\\/#primaryimage\"},\"image\":{\"@id\":\"https:\\\/\\\/bas-tv.md\\\/ro\\\/selectionata-moldovei-a-castigat-primul-meci-in-campionatul-european-de-baschet-u-16-feminin\\\/#primaryimage\"},\"thumbnailUrl\":\"https:\\\/\\\/bas-tv.md\\\/wp-content\\\/uploads\\\/2024\\\/07\\\/photo_2024-07-10_18-57-54.jpg\",\"datePublished\":\"2024-07-10T05:15:09+00:00\",\"dateModified\":\"2024-07-10T15:59:08+00:00\",\"description\":\"\u00cen perioada 9-14 iulie, \u00een Gibraltar, are loc Campionatul European de Baschet, Divizia C, categoria U-16 pentru fete. Echipa Republicii Moldova, \u00een care joac\u0103 \u0219i dou\u0103 sportive din Basarabeasca, a ob\u021binut o victorie impresionant\u0103 \u00een primul meci \u00eempotriva gazdelor din Gibraltar.\",\"inLanguage\":\"ro-RO\",\"potentialAction\":[{\"@type\":\"ReadAction\",\"target\":[\"https:\\\/\\\/bas-tv.md\\\/ro\\\/selectionata-moldovei-a-castigat-primul-meci-in-campionatul-european-de-baschet-u-16-feminin\\\/\"]}]},{\"@type\":\"ImageObject\",\"inLanguage\":\"ro-RO\",\"@id\":\"https:\\\/\\\/bas-tv.md\\\/ro\\\/selectionata-moldovei-a-castigat-primul-meci-in-campionatul-european-de-baschet-u-16-feminin\\\/#primaryimage\",\"url\":\"https:\\\/\\\/bas-tv.md\\\/wp-content\\\/uploads\\\/2024\\\/07\\\/photo_2024-07-10_18-57-54.jpg\",\"contentUrl\":\"https:\\\/\\\/bas-tv.md\\\/wp-content\\\/uploads\\\/2024\\\/07\\\/photo_2024-07-10_18-57-54.jpg\",\"width\":656,\"height\":537},{\"@type\":\"WebSite\",\"@id\":\"https:\\\/\\\/bas-tv.md\\\/ro\\\/#website\",\"url\":\"https:\\\/\\\/bas-tv.md\\\/ro\\\/\",\"name\":\"BasTV\",\"description\":\"Moldova\",\"publisher\":{\"@id\":\"https:\\\/\\\/bas-tv.md\\\/ro\\\/#organization\"},\"potentialAction\":[{\"@type\":\"SearchAction\",\"target\":{\"@type\":\"EntryPoint\",\"urlTemplate\":\"https:\\\/\\\/bas-tv.md\\\/ro\\\/?s={search_term_string}\"},\"query-input\":{\"@type\":\"PropertyValueSpecification\",\"valueRequired\":true,\"valueName\":\"search_term_string\"}}],\"inLanguage\":\"ro-RO\"},{\"@type\":\"Organization\",\"@id\":\"https:\\\/\\\/bas-tv.md\\\/ro\\\/#organization\",\"name\":\"BasTV\",\"url\":\"https:\\\/\\\/bas-tv.md\\\/ro\\\/\",\"logo\":{\"@type\":\"ImageObject\",\"inLanguage\":\"ro-RO\",\"@id\":\"https:\\\/\\\/bas-tv.md\\\/ro\\\/#\\\/schema\\\/logo\\\/image\\\/\",\"url\":\"https:\\\/\\\/bas-tv.md\\\/wp-content\\\/uploads\\\/2023\\\/05\\\/bas-tv-culoarea-rosie.png\",\"contentUrl\":\"https:\\\/\\\/bas-tv.md\\\/wp-content\\\/uploads\\\/2023\\\/05\\\/bas-tv-culoarea-rosie.png\",\"width\":202,\"height\":50,\"caption\":\"BasTV\"},\"image\":{\"@id\":\"https:\\\/\\\/bas-tv.md\\\/ro\\\/#\\\/schema\\\/logo\\\/image\\\/\"}},{\"@type\":\"Person\",\"@id\":\"https:\\\/\\\/bas-tv.md\\\/ro\\\/#\\\/schema\\\/person\\\/8740f45ea2eca1f1695284fc03529af0\",\"name\":\"Redactor\",\"image\":{\"@type\":\"ImageObject\",\"inLanguage\":\"ro-RO\",\"@id\":\"https:\\\/\\\/bas-tv.md\\\/wp-content\\\/litespeed\\\/avatar\\\/91c0586f3f6f4396a4ec1287c965eeeb.jpg?ver=1776950945\",\"url\":\"https:\\\/\\\/bas-tv.md\\\/wp-content\\\/litespeed\\\/avatar\\\/91c0586f3f6f4396a4ec1287c965eeeb.jpg?ver=1776950945\",\"contentUrl\":\"https:\\\/\\\/bas-tv.md\\\/wp-content\\\/litespeed\\\/avatar\\\/91c0586f3f6f4396a4ec1287c965eeeb.jpg?ver=1776950945\",\"caption\":\"Redactor\"},\"url\":\"https:\\\/\\\/bas-tv.md\\\/ro\\\/author\\\/redactor\\\/\"}]}<\/script>\n<!-- \/ Yoast SEO plugin. -->","yoast_head_json":{"title":"Selec\u021bionata Moldovei a c\u00e2\u0219tigat primul meci \u00een Campionatul European de baschet U-16 feminin - BasTV","description":"\u00cen perioada 9-14 iulie, \u00een Gibraltar, are loc Campionatul European de Baschet, Divizia C, categoria U-16 pentru fete. Echipa Republicii Moldova, \u00een care joac\u0103 \u0219i dou\u0103 sportive din Basarabeasca, a ob\u021binut o victorie impresionant\u0103 \u00een primul meci \u00eempotriva gazdelor din Gibraltar.","robots":{"index":"index","follow":"follow","max-snippet":"max-snippet:-1","max-image-preview":"max-image-preview:large","max-video-preview":"max-video-preview:-1"},"canonical":"https:\/\/bas-tv.md\/ro\/selectionata-moldovei-a-castigat-primul-meci-in-campionatul-european-de-baschet-u-16-feminin\/","og_locale":"ro_RO","og_type":"article","og_title":"Selec\u021bionata Moldovei a c\u00e2\u0219tigat primul meci \u00een Campionatul European de baschet U-16 feminin - BasTV","og_description":"\u00cen perioada 9-14 iulie, \u00een Gibraltar, are loc Campionatul European de Baschet, Divizia C, categoria U-16 pentru fete. Echipa Republicii Moldova, \u00een care joac\u0103 \u0219i dou\u0103 sportive din Basarabeasca, a ob\u021binut o victorie impresionant\u0103 \u00een primul meci \u00eempotriva gazdelor din Gibraltar.","og_url":"https:\/\/bas-tv.md\/ro\/selectionata-moldovei-a-castigat-primul-meci-in-campionatul-european-de-baschet-u-16-feminin\/","og_site_name":"BasTV","article_published_time":"2024-07-10T05:15:09+00:00","article_modified_time":"2024-07-10T15:59:08+00:00","og_image":[{"width":656,"height":537,"url":"https:\/\/bas-tv.md\/wp-content\/uploads\/2024\/07\/photo_2024-07-10_18-57-54.jpg","type":"image\/jpeg"}],"author":"Redactor","twitter_card":"summary_large_image","twitter_misc":{"Scris de":"Redactor","Timp estimat pentru citire":"2 minute"},"schema":{"@context":"https:\/\/schema.org","@graph":[{"@type":"Article","@id":"https:\/\/bas-tv.md\/ro\/selectionata-moldovei-a-castigat-primul-meci-in-campionatul-european-de-baschet-u-16-feminin\/#article","isPartOf":{"@id":"https:\/\/bas-tv.md\/ro\/selectionata-moldovei-a-castigat-primul-meci-in-campionatul-european-de-baschet-u-16-feminin\/"},"author":{"name":"Redactor","@id":"https:\/\/bas-tv.md\/ro\/#\/schema\/person\/8740f45ea2eca1f1695284fc03529af0"},"headline":"Selec\u021bionata Moldovei a c\u00e2\u0219tigat primul meci \u00een Campionatul European de baschet U-16 feminin","datePublished":"2024-07-10T05:15:09+00:00","dateModified":"2024-07-10T15:59:08+00:00","mainEntityOfPage":{"@id":"https:\/\/bas-tv.md\/ro\/selectionata-moldovei-a-castigat-primul-meci-in-campionatul-european-de-baschet-u-16-feminin\/"},"wordCount":275,"publisher":{"@id":"https:\/\/bas-tv.md\/ro\/#organization"},"image":{"@id":"https:\/\/bas-tv.md\/ro\/selectionata-moldovei-a-castigat-primul-meci-in-campionatul-european-de-baschet-u-16-feminin\/#primaryimage"},"thumbnailUrl":"https:\/\/bas-tv.md\/wp-content\/uploads\/2024\/07\/photo_2024-07-10_18-57-54.jpg","keywords":["9-14 iulie","baschet fete","baschet U-16","BAStv","Campionatul European de baschet","competi\u021bie european\u0103","divizia C","echipa na\u021bional\u0103","echipa Republicii Moldova","eveniment sportiv","gazdele din Gibraltar","Gibraltar","performan\u021be sportive","primul meci","Republica Moldova","sportive din Basarabeasca","\u0219tiri Basarabeasca","\u0219tiri sport","tineret baschet","U-16","victorie impresionant\u0103"],"articleSection":["Actualitate","\u00cen Basarabeasca"],"inLanguage":"ro-RO"},{"@type":"WebPage","@id":"https:\/\/bas-tv.md\/ro\/selectionata-moldovei-a-castigat-primul-meci-in-campionatul-european-de-baschet-u-16-feminin\/","url":"https:\/\/bas-tv.md\/ro\/selectionata-moldovei-a-castigat-primul-meci-in-campionatul-european-de-baschet-u-16-feminin\/","name":"Selec\u021bionata Moldovei a c\u00e2\u0219tigat primul meci \u00een Campionatul European de baschet U-16 feminin - BasTV","isPartOf":{"@id":"https:\/\/bas-tv.md\/ro\/#website"},"primaryImageOfPage":{"@id":"https:\/\/bas-tv.md\/ro\/selectionata-moldovei-a-castigat-primul-meci-in-campionatul-european-de-baschet-u-16-feminin\/#primaryimage"},"image":{"@id":"https:\/\/bas-tv.md\/ro\/selectionata-moldovei-a-castigat-primul-meci-in-campionatul-european-de-baschet-u-16-feminin\/#primaryimage"},"thumbnailUrl":"https:\/\/bas-tv.md\/wp-content\/uploads\/2024\/07\/photo_2024-07-10_18-57-54.jpg","datePublished":"2024-07-10T05:15:09+00:00","dateModified":"2024-07-10T15:59:08+00:00","description":"\u00cen perioada 9-14 iulie, \u00een Gibraltar, are loc Campionatul European de Baschet, Divizia C, categoria U-16 pentru fete. Echipa Republicii Moldova, \u00een care joac\u0103 \u0219i dou\u0103 sportive din Basarabeasca, a ob\u021binut o victorie impresionant\u0103 \u00een primul meci \u00eempotriva gazdelor din Gibraltar.","inLanguage":"ro-RO","potentialAction":[{"@type":"ReadAction","target":["https:\/\/bas-tv.md\/ro\/selectionata-moldovei-a-castigat-primul-meci-in-campionatul-european-de-baschet-u-16-feminin\/"]}]},{"@type":"ImageObject","inLanguage":"ro-RO","@id":"https:\/\/bas-tv.md\/ro\/selectionata-moldovei-a-castigat-primul-meci-in-campionatul-european-de-baschet-u-16-feminin\/#primaryimage","url":"https:\/\/bas-tv.md\/wp-content\/uploads\/2024\/07\/photo_2024-07-10_18-57-54.jpg","contentUrl":"https:\/\/bas-tv.md\/wp-content\/uploads\/2024\/07\/photo_2024-07-10_18-57-54.jpg","width":656,"height":537},{"@type":"WebSite","@id":"https:\/\/bas-tv.md\/ro\/#website","url":"https:\/\/bas-tv.md\/ro\/","name":"BasTV","description":"Moldova","publisher":{"@id":"https:\/\/bas-tv.md\/ro\/#organization"},"potentialAction":[{"@type":"SearchAction","target":{"@type":"EntryPoint","urlTemplate":"https:\/\/bas-tv.md\/ro\/?s={search_term_string}"},"query-input":{"@type":"PropertyValueSpecification","valueRequired":true,"valueName":"search_term_string"}}],"inLanguage":"ro-RO"},{"@type":"Organization","@id":"https:\/\/bas-tv.md\/ro\/#organization","name":"BasTV","url":"https:\/\/bas-tv.md\/ro\/","logo":{"@type":"ImageObject","inLanguage":"ro-RO","@id":"https:\/\/bas-tv.md\/ro\/#\/schema\/logo\/image\/","url":"https:\/\/bas-tv.md\/wp-content\/uploads\/2023\/05\/bas-tv-culoarea-rosie.png","contentUrl":"https:\/\/bas-tv.md\/wp-content\/uploads\/2023\/05\/bas-tv-culoarea-rosie.png","width":202,"height":50,"caption":"BasTV"},"image":{"@id":"https:\/\/bas-tv.md\/ro\/#\/schema\/logo\/image\/"}},{"@type":"Person","@id":"https:\/\/bas-tv.md\/ro\/#\/schema\/person\/8740f45ea2eca1f1695284fc03529af0","name":"Redactor","image":{"@type":"ImageObject","inLanguage":"ro-RO","@id":"https:\/\/bas-tv.md\/wp-content\/litespeed\/avatar\/91c0586f3f6f4396a4ec1287c965eeeb.jpg?ver=1776950945","url":"https:\/\/bas-tv.md\/wp-content\/litespeed\/avatar\/91c0586f3f6f4396a4ec1287c965eeeb.jpg?ver=1776950945","contentUrl":"https:\/\/bas-tv.md\/wp-content\/litespeed\/avatar\/91c0586f3f6f4396a4ec1287c965eeeb.jpg?ver=1776950945","caption":"Redactor"},"url":"https:\/\/bas-tv.md\/ro\/author\/redactor\/"}]}},"views":307,"_links":{"self":[{"href":"https:\/\/bas-tv.md\/ro\/wp-json\/wp\/v2\/posts\/123532","targetHints":{"allow":["GET"]}}],"collection":[{"href":"https:\/\/bas-tv.md\/ro\/wp-json\/wp\/v2\/posts"}],"about":[{"href":"https:\/\/bas-tv.md\/ro\/wp-json\/wp\/v2\/types\/post"}],"author":[{"embeddable":true,"href":"https:\/\/bas-tv.md\/ro\/wp-json\/wp\/v2\/users\/3"}],"replies":[{"embeddable":true,"href":"https:\/\/bas-tv.md\/ro\/wp-json\/wp\/v2\/comments?post=123532"}],"version-history":[{"count":6,"href":"https:\/\/bas-tv.md\/ro\/wp-json\/wp\/v2\/posts\/123532\/revisions"}],"predecessor-version":[{"id":123546,"href":"https:\/\/bas-tv.md\/ro\/wp-json\/wp\/v2\/posts\/123532\/revisions\/123546"}],"wp:featuredmedia":[{"embeddable":true,"href":"https:\/\/bas-tv.md\/ro\/wp-json\/wp\/v2\/media\/123615"}],"wp:attachment":[{"href":"https:\/\/bas-tv.md\/ro\/wp-json\/wp\/v2\/media?parent=123532"}],"wp:term":[{"taxonomy":"category","embeddable":true,"href":"https:\/\/bas-tv.md\/ro\/wp-json\/wp\/v2\/categories?post=123532"},{"taxonomy":"post_tag","embeddable":true,"href":"https:\/\/bas-tv.md\/ro\/wp-json\/wp\/v2\/tags?post=123532"}],"curies":[{"name":"wp","href":"https:\/\/api.w.org\/{rel}","templated":true}]}}