{"id":124111,"date":"2024-07-14T19:20:56","date_gmt":"2024-07-14T16:20:56","guid":{"rendered":"https:\/\/bas-tv.md\/?p=124111"},"modified":"2024-07-14T19:47:16","modified_gmt":"2024-07-14T16:47:16","slug":"foto-a-treia-infrangere-pentru-selectionata-moldovei-la-campionatul-european-de-baschet-u-20-masculin","status":"publish","type":"post","link":"https:\/\/bas-tv.md\/ro\/foto-a-treia-infrangere-pentru-selectionata-moldovei-la-campionatul-european-de-baschet-u-20-masculin\/","title":{"rendered":"(FOTO) A treia \u00eenfr\u00e2ngere pentru selec\u021bionata Moldovei la Campionatul European de baschet U-20 masculin"},"content":{"rendered":"<p><strong>Selec\u021bionata Moldovei a \u00eenregistrat a treia \u00eenfr\u00e2ngere \u00een cadrul Campionatului European de baschet \u00een categoria de p\u00e2n\u0103 la 20 de ani. Moldova a pierdut meciul \u00eempotriva Ungariei, cu scorul de 33:112. \u00cen echipa na\u021bional\u0103 este \u0219i un juc\u0103tor al \u0218colii Sportive Raionale Basarabeasca.<\/strong><\/p>\n<p><span style=\"font-weight: 400;\">\u00cen perioada 12-21 iulie, \u00een Rom\u00e2nia, are loc Campionatul European de baschet, divizia B, \u00een categoria U-20 masculin. \u00cen echipa selec\u021bionatei Moldovei joac\u0103 \u0219i Tudor Tarlev, sportiv din or. Basarabeasca.<\/span><\/p>\n<p><span style=\"font-weight: 400;\">\u00cen primul meci, Moldova s-a duelat cu Suedia, unde a pierdut cu scorul de 35:114.<\/span><\/p>\n<p><span style=\"font-weight: 400;\">\u00cen cel de-al doilea meci, selec\u021bionata Moldovei a jucat \u00eempotriva Ucrainei, unde a pierdut cu scorul de 83:43. Ast\u0103zi, echipa a mai \u00eenregistrat o \u00eenfr\u00e2ngere \u00een meciul \u00eempotriva Ungariei.<\/span><\/p>\n<p><span style=\"font-weight: 400;\">\u00cen continuare, echipa Moldovei va mai juca \u00eenc\u0103 dou\u0103 meciuri de calificare. <\/span><a href=\"https:\/\/www.youtube.com\/watch?v=5ncSYhsHdFk\"><span style=\"font-weight: 400;\">Urm\u0103torul meci<\/span><\/a><span style=\"font-weight: 400;\"> din cadrul preliminariilor va avea loc pe 16 iulie, \u00een care Moldova se va duela cu Kosovo, iar <\/span><a href=\"https:\/\/www.youtube.com\/watch?v=b4mBtVL2guw\"><span style=\"font-weight: 400;\">ultimul <\/span><\/a><span style=\"font-weight: 400;\">meci va fi jucat pe 17 iulie, unde Moldova se va duela cu Armenia.<\/span><\/p>\n<p><span style=\"font-weight: 400;\">\u00cen continuare, \u00een perioada 19-21 iulie vor fi jucate semifinalele, \u0219i, respectiv, finala campionatului.<\/span><\/p>\n<div id='gallery-1' class='gallery galleryid-124111 gallery-columns-1 gallery-size-full'><figure class='gallery-item'>\n\t\t\t<div class='gallery-icon landscape'>\n\t\t\t\t<a href='https:\/\/bas-tv.md\/ro\/foto-a-treia-infrangere-pentru-selectionata-moldovei-la-campionatul-european-de-baschet-u-20-masculin\/captura-de-ecran-2024-07-14-190514\/'><img fetchpriority=\"high\" decoding=\"async\" width=\"678\" height=\"302\" src=\"https:\/\/bas-tv.md\/wp-content\/uploads\/2024\/07\/captura-de-ecran-2024-07-14-190514.png\" class=\"attachment-full size-full\" alt=\"\" srcset=\"https:\/\/bas-tv.md\/wp-content\/uploads\/2024\/07\/captura-de-ecran-2024-07-14-190514.png 678w, https:\/\/bas-tv.md\/wp-content\/uploads\/2024\/07\/captura-de-ecran-2024-07-14-190514-300x134.png 300w\" sizes=\"(max-width: 678px) 100vw, 678px\" \/><\/a>\n\t\t\t<\/div><\/figure><figure class='gallery-item'>\n\t\t\t<div class='gallery-icon landscape'>\n\t\t\t\t<a href='https:\/\/bas-tv.md\/ro\/foto-a-treia-infrangere-pentru-selectionata-moldovei-la-campionatul-european-de-baschet-u-20-masculin\/captura-de-ecran-2024-07-14-190550\/'><img decoding=\"async\" width=\"683\" height=\"292\" data-src=\"https:\/\/bas-tv.md\/wp-content\/uploads\/2024\/07\/captura-de-ecran-2024-07-14-190550.png\" class=\"attachment-full size-full lazyload\" alt=\"\" data-srcset=\"https:\/\/bas-tv.md\/wp-content\/uploads\/2024\/07\/captura-de-ecran-2024-07-14-190550.png 683w, https:\/\/bas-tv.md\/wp-content\/uploads\/2024\/07\/captura-de-ecran-2024-07-14-190550-300x128.png 300w\" data-sizes=\"(max-width: 683px) 100vw, 683px\" src=\"data:image\/svg+xml;base64,PHN2ZyB3aWR0aD0iMSIgaGVpZ2h0PSIxIiB4bWxucz0iaHR0cDovL3d3dy53My5vcmcvMjAwMC9zdmciPjwvc3ZnPg==\" style=\"--smush-placeholder-width: 683px; --smush-placeholder-aspect-ratio: 683\/292;\" \/><\/a>\n\t\t\t<\/div><\/figure><figure class='gallery-item'>\n\t\t\t<div class='gallery-icon landscape'>\n\t\t\t\t<a href='https:\/\/bas-tv.md\/ro\/foto-a-treia-infrangere-pentru-selectionata-moldovei-la-campionatul-european-de-baschet-u-20-masculin\/captura-de-ecran-2024-07-14-190628\/'><img decoding=\"async\" width=\"701\" height=\"298\" data-src=\"https:\/\/bas-tv.md\/wp-content\/uploads\/2024\/07\/captura-de-ecran-2024-07-14-190628.png\" class=\"attachment-full size-full lazyload\" alt=\"\" data-srcset=\"https:\/\/bas-tv.md\/wp-content\/uploads\/2024\/07\/captura-de-ecran-2024-07-14-190628.png 701w, https:\/\/bas-tv.md\/wp-content\/uploads\/2024\/07\/captura-de-ecran-2024-07-14-190628-300x128.png 300w\" data-sizes=\"(max-width: 701px) 100vw, 701px\" src=\"data:image\/svg+xml;base64,PHN2ZyB3aWR0aD0iMSIgaGVpZ2h0PSIxIiB4bWxucz0iaHR0cDovL3d3dy53My5vcmcvMjAwMC9zdmciPjwvc3ZnPg==\" style=\"--smush-placeholder-width: 701px; --smush-placeholder-aspect-ratio: 701\/298;\" \/><\/a>\n\t\t\t<\/div><\/figure><figure class='gallery-item'>\n\t\t\t<div class='gallery-icon landscape'>\n\t\t\t\t<a href='https:\/\/bas-tv.md\/ro\/foto-a-treia-infrangere-pentru-selectionata-moldovei-la-campionatul-european-de-baschet-u-20-masculin\/captura-de-ecran-2024-07-14-190707\/'><img decoding=\"async\" width=\"1023\" height=\"677\" data-src=\"https:\/\/bas-tv.md\/wp-content\/uploads\/2024\/07\/captura-de-ecran-2024-07-14-190707.png\" class=\"attachment-full size-full lazyload\" alt=\"\" aria-describedby=\"gallery-1-124118\" data-srcset=\"https:\/\/bas-tv.md\/wp-content\/uploads\/2024\/07\/captura-de-ecran-2024-07-14-190707.png 1023w, https:\/\/bas-tv.md\/wp-content\/uploads\/2024\/07\/captura-de-ecran-2024-07-14-190707-300x199.png 300w, https:\/\/bas-tv.md\/wp-content\/uploads\/2024\/07\/captura-de-ecran-2024-07-14-190707-768x508.png 768w\" data-sizes=\"(max-width: 1023px) 100vw, 1023px\" src=\"data:image\/svg+xml;base64,PHN2ZyB3aWR0aD0iMSIgaGVpZ2h0PSIxIiB4bWxucz0iaHR0cDovL3d3dy53My5vcmcvMjAwMC9zdmciPjwvc3ZnPg==\" style=\"--smush-placeholder-width: 1023px; --smush-placeholder-aspect-ratio: 1023\/677;\" \/><\/a>\n\t\t\t<\/div>\n\t\t\t\t<figcaption class='wp-caption-text gallery-caption' id='gallery-1-124118'>\n\t\t\t\tFoto: fiba.basketball\n\t\t\t\t<\/figcaption><\/figure><figure class='gallery-item'>\n\t\t\t<div class='gallery-icon landscape'>\n\t\t\t\t<a href='https:\/\/bas-tv.md\/ro\/foto-a-treia-infrangere-pentru-selectionata-moldovei-la-campionatul-european-de-baschet-u-20-masculin\/captura-de-ecran-2024-07-14-190733\/'><img decoding=\"async\" width=\"1037\" height=\"687\" data-src=\"https:\/\/bas-tv.md\/wp-content\/uploads\/2024\/07\/captura-de-ecran-2024-07-14-190733.png\" class=\"attachment-full size-full lazyload\" alt=\"\" aria-describedby=\"gallery-1-124120\" data-srcset=\"https:\/\/bas-tv.md\/wp-content\/uploads\/2024\/07\/captura-de-ecran-2024-07-14-190733.png 1037w, https:\/\/bas-tv.md\/wp-content\/uploads\/2024\/07\/captura-de-ecran-2024-07-14-190733-300x199.png 300w, https:\/\/bas-tv.md\/wp-content\/uploads\/2024\/07\/captura-de-ecran-2024-07-14-190733-1024x678.png 1024w, https:\/\/bas-tv.md\/wp-content\/uploads\/2024\/07\/captura-de-ecran-2024-07-14-190733-768x509.png 768w\" data-sizes=\"(max-width: 1037px) 100vw, 1037px\" src=\"data:image\/svg+xml;base64,PHN2ZyB3aWR0aD0iMSIgaGVpZ2h0PSIxIiB4bWxucz0iaHR0cDovL3d3dy53My5vcmcvMjAwMC9zdmciPjwvc3ZnPg==\" style=\"--smush-placeholder-width: 1037px; --smush-placeholder-aspect-ratio: 1037\/687;\" \/><\/a>\n\t\t\t<\/div>\n\t\t\t\t<figcaption class='wp-caption-text gallery-caption' id='gallery-1-124120'>\n\t\t\t\tFoto: fiba.basketball\n\t\t\t\t<\/figcaption><\/figure><figure class='gallery-item'>\n\t\t\t<div class='gallery-icon landscape'>\n\t\t\t\t<a href='https:\/\/bas-tv.md\/ro\/foto-a-treia-infrangere-pentru-selectionata-moldovei-la-campionatul-european-de-baschet-u-20-masculin\/captura-de-ecran-2024-07-14-190757\/'><img decoding=\"async\" width=\"1035\" height=\"677\" data-src=\"https:\/\/bas-tv.md\/wp-content\/uploads\/2024\/07\/captura-de-ecran-2024-07-14-190757.png\" class=\"attachment-full size-full lazyload\" alt=\"\" aria-describedby=\"gallery-1-124122\" data-srcset=\"https:\/\/bas-tv.md\/wp-content\/uploads\/2024\/07\/captura-de-ecran-2024-07-14-190757.png 1035w, https:\/\/bas-tv.md\/wp-content\/uploads\/2024\/07\/captura-de-ecran-2024-07-14-190757-300x196.png 300w, https:\/\/bas-tv.md\/wp-content\/uploads\/2024\/07\/captura-de-ecran-2024-07-14-190757-1024x670.png 1024w, https:\/\/bas-tv.md\/wp-content\/uploads\/2024\/07\/captura-de-ecran-2024-07-14-190757-768x502.png 768w\" data-sizes=\"(max-width: 1035px) 100vw, 1035px\" src=\"data:image\/svg+xml;base64,PHN2ZyB3aWR0aD0iMSIgaGVpZ2h0PSIxIiB4bWxucz0iaHR0cDovL3d3dy53My5vcmcvMjAwMC9zdmciPjwvc3ZnPg==\" style=\"--smush-placeholder-width: 1035px; --smush-placeholder-aspect-ratio: 1035\/677;\" \/><\/a>\n\t\t\t<\/div>\n\t\t\t\t<figcaption class='wp-caption-text gallery-caption' id='gallery-1-124122'>\n\t\t\t\tFoto: fiba.basketball\n\t\t\t\t<\/figcaption><\/figure><figure class='gallery-item'>\n\t\t\t<div class='gallery-icon landscape'>\n\t\t\t\t<a href='https:\/\/bas-tv.md\/ro\/foto-a-treia-infrangere-pentru-selectionata-moldovei-la-campionatul-european-de-baschet-u-20-masculin\/captura-de-ecran-2024-07-14-190912\/'><img decoding=\"async\" width=\"1028\" height=\"682\" data-src=\"https:\/\/bas-tv.md\/wp-content\/uploads\/2024\/07\/captura-de-ecran-2024-07-14-190912.png\" class=\"attachment-full size-full lazyload\" alt=\"\" aria-describedby=\"gallery-1-124124\" data-srcset=\"https:\/\/bas-tv.md\/wp-content\/uploads\/2024\/07\/captura-de-ecran-2024-07-14-190912.png 1028w, https:\/\/bas-tv.md\/wp-content\/uploads\/2024\/07\/captura-de-ecran-2024-07-14-190912-300x199.png 300w, https:\/\/bas-tv.md\/wp-content\/uploads\/2024\/07\/captura-de-ecran-2024-07-14-190912-1024x679.png 1024w, https:\/\/bas-tv.md\/wp-content\/uploads\/2024\/07\/captura-de-ecran-2024-07-14-190912-768x510.png 768w\" data-sizes=\"(max-width: 1028px) 100vw, 1028px\" src=\"data:image\/svg+xml;base64,PHN2ZyB3aWR0aD0iMSIgaGVpZ2h0PSIxIiB4bWxucz0iaHR0cDovL3d3dy53My5vcmcvMjAwMC9zdmciPjwvc3ZnPg==\" style=\"--smush-placeholder-width: 1028px; --smush-placeholder-aspect-ratio: 1028\/682;\" \/><\/a>\n\t\t\t<\/div>\n\t\t\t\t<figcaption class='wp-caption-text gallery-caption' id='gallery-1-124124'>\n\t\t\t\tFoto: fiba.basketball\n\t\t\t\t<\/figcaption><\/figure><figure class='gallery-item'>\n\t\t\t<div class='gallery-icon landscape'>\n\t\t\t\t<a href='https:\/\/bas-tv.md\/ro\/foto-a-treia-infrangere-pentru-selectionata-moldovei-la-campionatul-european-de-baschet-u-20-masculin\/captura-de-ecran-2024-07-14-190930\/'><img decoding=\"async\" width=\"1027\" height=\"682\" data-src=\"https:\/\/bas-tv.md\/wp-content\/uploads\/2024\/07\/captura-de-ecran-2024-07-14-190930.png\" class=\"attachment-full size-full lazyload\" alt=\"\" aria-describedby=\"gallery-1-124126\" data-srcset=\"https:\/\/bas-tv.md\/wp-content\/uploads\/2024\/07\/captura-de-ecran-2024-07-14-190930.png 1027w, https:\/\/bas-tv.md\/wp-content\/uploads\/2024\/07\/captura-de-ecran-2024-07-14-190930-300x199.png 300w, https:\/\/bas-tv.md\/wp-content\/uploads\/2024\/07\/captura-de-ecran-2024-07-14-190930-1024x680.png 1024w, https:\/\/bas-tv.md\/wp-content\/uploads\/2024\/07\/captura-de-ecran-2024-07-14-190930-768x510.png 768w\" data-sizes=\"(max-width: 1027px) 100vw, 1027px\" src=\"data:image\/svg+xml;base64,PHN2ZyB3aWR0aD0iMSIgaGVpZ2h0PSIxIiB4bWxucz0iaHR0cDovL3d3dy53My5vcmcvMjAwMC9zdmciPjwvc3ZnPg==\" style=\"--smush-placeholder-width: 1027px; --smush-placeholder-aspect-ratio: 1027\/682;\" \/><\/a>\n\t\t\t<\/div>\n\t\t\t\t<figcaption class='wp-caption-text gallery-caption' id='gallery-1-124126'>\n\t\t\t\tFoto: fiba.basketball\n\t\t\t\t<\/figcaption><\/figure><figure class='gallery-item'>\n\t\t\t<div class='gallery-icon landscape'>\n\t\t\t\t<a href='https:\/\/bas-tv.md\/ro\/foto-a-treia-infrangere-pentru-selectionata-moldovei-la-campionatul-european-de-baschet-u-20-masculin\/captura-de-ecran-2024-07-14-190949\/'><img decoding=\"async\" width=\"1040\" height=\"685\" data-src=\"https:\/\/bas-tv.md\/wp-content\/uploads\/2024\/07\/captura-de-ecran-2024-07-14-190949.png\" class=\"attachment-full size-full lazyload\" alt=\"\" aria-describedby=\"gallery-1-124128\" data-srcset=\"https:\/\/bas-tv.md\/wp-content\/uploads\/2024\/07\/captura-de-ecran-2024-07-14-190949.png 1040w, https:\/\/bas-tv.md\/wp-content\/uploads\/2024\/07\/captura-de-ecran-2024-07-14-190949-300x198.png 300w, https:\/\/bas-tv.md\/wp-content\/uploads\/2024\/07\/captura-de-ecran-2024-07-14-190949-1024x674.png 1024w, https:\/\/bas-tv.md\/wp-content\/uploads\/2024\/07\/captura-de-ecran-2024-07-14-190949-768x506.png 768w\" data-sizes=\"(max-width: 1040px) 100vw, 1040px\" src=\"data:image\/svg+xml;base64,PHN2ZyB3aWR0aD0iMSIgaGVpZ2h0PSIxIiB4bWxucz0iaHR0cDovL3d3dy53My5vcmcvMjAwMC9zdmciPjwvc3ZnPg==\" style=\"--smush-placeholder-width: 1040px; --smush-placeholder-aspect-ratio: 1040\/685;\" \/><\/a>\n\t\t\t<\/div>\n\t\t\t\t<figcaption class='wp-caption-text gallery-caption' id='gallery-1-124128'>\n\t\t\t\tFoto: fiba.basketball\n\t\t\t\t<\/figcaption><\/figure>\n\t\t<\/div>\n\n","protected":false},"excerpt":{"rendered":"<p>Selec\u021bionata Moldovei a \u00eenregistrat a treia \u00eenfr\u00e2ngere \u00een cadrul Campionatului European de baschet \u00een categoria de p\u00e2n\u0103 la 20 de ani. Moldova a pierdut meciul \u00eempotriva Ungariei, cu scorul de 33:112. \u00cen echipa na\u021bional\u0103 este \u0219i un juc\u0103tor al \u0218colii Sportive Raionale Basarabeasca. \u00cen perioada 12-21 iulie, \u00een Rom\u00e2nia, are loc Campionatul European de baschet, [&hellip;]<\/p>\n","protected":false},"author":3,"featured_media":124122,"comment_status":"closed","ping_status":"closed","sticky":false,"template":"","format":"standard","meta":{"footnotes":""},"categories":[602,569],"tags":[3372,3367,869,3371,3144,3146,3369,3373,3219,3279,3370,3368,3281,3142,3145,3374],"class_list":["post-124111","post","type-post","status-publish","format-standard","has-post-thumbnail","hentry","category-actualitate","category-in-basarabeasca","tag-baschet-masculin","tag-baschet-u-20","tag-bastv-ro","tag-campionatul-european","tag-competitie-europeana","tag-echipa-nationala","tag-infrangere-ungaria","tag-noutati-sportive","tag-performante-sportive","tag-scoala-sportiva-raionala-basarabeasca","tag-scor-33112","tag-selectionata-moldovei","tag-sportivi-moldoveni","tag-stiri-sport","tag-tineret-baschet","tag-sport-moldova-ro"],"yoast_head":"<!-- This site is optimized with the Yoast SEO plugin v27.5 - https:\/\/yoast.com\/product\/yoast-seo-wordpress\/ -->\n<title>(FOTO) A treia \u00eenfr\u00e2ngere pentru selec\u021bionata Moldovei la Campionatul European de baschet U-20 masculin - BasTV<\/title>\n<meta name=\"description\" content=\"Selec\u021bionata Moldovei a \u00eenregistrat a treia \u00eenfr\u00e2ngere \u00een cadrul Campionatului European de baschet \u00een categoria de p\u00e2n\u0103 la 20 de ani. Moldova a pierdut meciul \u00eempotriva Ungariei, cu scorul de 33:112. \u00cen echipa na\u021bional\u0103 este \u0219i un juc\u0103tor al \u0218colii Sportive Raionale Basarabeasca.\" \/>\n<meta name=\"robots\" content=\"index, follow, max-snippet:-1, max-image-preview:large, max-video-preview:-1\" \/>\n<link rel=\"canonical\" href=\"https:\/\/bas-tv.md\/ro\/foto-a-treia-infrangere-pentru-selectionata-moldovei-la-campionatul-european-de-baschet-u-20-masculin\/\" \/>\n<meta property=\"og:locale\" content=\"ro_RO\" \/>\n<meta property=\"og:type\" content=\"article\" \/>\n<meta property=\"og:title\" content=\"(FOTO) A treia \u00eenfr\u00e2ngere pentru selec\u021bionata Moldovei la Campionatul European de baschet U-20 masculin - BasTV\" \/>\n<meta property=\"og:description\" content=\"Selec\u021bionata Moldovei a \u00eenregistrat a treia \u00eenfr\u00e2ngere \u00een cadrul Campionatului European de baschet \u00een categoria de p\u00e2n\u0103 la 20 de ani. Moldova a pierdut meciul \u00eempotriva Ungariei, cu scorul de 33:112. \u00cen echipa na\u021bional\u0103 este \u0219i un juc\u0103tor al \u0218colii Sportive Raionale Basarabeasca.\" \/>\n<meta property=\"og:url\" content=\"https:\/\/bas-tv.md\/ro\/foto-a-treia-infrangere-pentru-selectionata-moldovei-la-campionatul-european-de-baschet-u-20-masculin\/\" \/>\n<meta property=\"og:site_name\" content=\"BasTV\" \/>\n<meta property=\"article:published_time\" content=\"2024-07-14T16:20:56+00:00\" \/>\n<meta property=\"article:modified_time\" content=\"2024-07-14T16:47:16+00:00\" \/>\n<meta property=\"og:image\" content=\"https:\/\/bas-tv.md\/wp-content\/uploads\/2024\/07\/captura-de-ecran-2024-07-14-190757.png\" \/>\n\t<meta property=\"og:image:width\" content=\"1035\" \/>\n\t<meta property=\"og:image:height\" content=\"677\" \/>\n\t<meta property=\"og:image:type\" content=\"image\/png\" \/>\n<meta name=\"author\" content=\"Redactor\" \/>\n<meta name=\"twitter:card\" content=\"summary_large_image\" \/>\n<meta name=\"twitter:label1\" content=\"Scris de\" \/>\n\t<meta name=\"twitter:data1\" content=\"Redactor\" \/>\n\t<meta name=\"twitter:label2\" content=\"Timp estimat pentru citire\" \/>\n\t<meta name=\"twitter:data2\" content=\"2 minute\" \/>\n<script type=\"application\/ld+json\" class=\"yoast-schema-graph\">{\"@context\":\"https:\\\/\\\/schema.org\",\"@graph\":[{\"@type\":\"Article\",\"@id\":\"https:\\\/\\\/bas-tv.md\\\/ro\\\/foto-a-treia-infrangere-pentru-selectionata-moldovei-la-campionatul-european-de-baschet-u-20-masculin\\\/#article\",\"isPartOf\":{\"@id\":\"https:\\\/\\\/bas-tv.md\\\/ro\\\/foto-a-treia-infrangere-pentru-selectionata-moldovei-la-campionatul-european-de-baschet-u-20-masculin\\\/\"},\"author\":{\"name\":\"Redactor\",\"@id\":\"https:\\\/\\\/bas-tv.md\\\/ro\\\/#\\\/schema\\\/person\\\/8740f45ea2eca1f1695284fc03529af0\"},\"headline\":\"(FOTO) A treia \u00eenfr\u00e2ngere pentru selec\u021bionata Moldovei la Campionatul European de baschet U-20 masculin\",\"datePublished\":\"2024-07-14T16:20:56+00:00\",\"dateModified\":\"2024-07-14T16:47:16+00:00\",\"mainEntityOfPage\":{\"@id\":\"https:\\\/\\\/bas-tv.md\\\/ro\\\/foto-a-treia-infrangere-pentru-selectionata-moldovei-la-campionatul-european-de-baschet-u-20-masculin\\\/\"},\"wordCount\":204,\"publisher\":{\"@id\":\"https:\\\/\\\/bas-tv.md\\\/ro\\\/#organization\"},\"image\":{\"@id\":\"https:\\\/\\\/bas-tv.md\\\/ro\\\/foto-a-treia-infrangere-pentru-selectionata-moldovei-la-campionatul-european-de-baschet-u-20-masculin\\\/#primaryimage\"},\"thumbnailUrl\":\"https:\\\/\\\/bas-tv.md\\\/wp-content\\\/uploads\\\/2024\\\/07\\\/captura-de-ecran-2024-07-14-190757.png\",\"keywords\":[\"baschet masculin\",\"baschet U-20\",\"BAStv\",\"Campionatul European\",\"competi\u021bie european\u0103\",\"echipa na\u021bional\u0103\",\"\u00eenfr\u00e2ngere Ungaria\",\"nout\u0103\u021bi sportive\",\"performan\u021be sportive\",\"\u0218coala Sportiv\u0103 Raional\u0103 Basarabeasca\",\"scor 33:112\",\"selec\u021bionata Moldovei\",\"sportivi moldoveni\",\"\u0219tiri sport\",\"tineret baschet\",\"\u0441\u043f\u043e\u0440\u0442 \u041c\u043e\u043b\u0434\u043e\u0432\u0430\"],\"articleSection\":[\"Actualitate\",\"\u00cen Basarabeasca\"],\"inLanguage\":\"ro-RO\"},{\"@type\":\"WebPage\",\"@id\":\"https:\\\/\\\/bas-tv.md\\\/ro\\\/foto-a-treia-infrangere-pentru-selectionata-moldovei-la-campionatul-european-de-baschet-u-20-masculin\\\/\",\"url\":\"https:\\\/\\\/bas-tv.md\\\/ro\\\/foto-a-treia-infrangere-pentru-selectionata-moldovei-la-campionatul-european-de-baschet-u-20-masculin\\\/\",\"name\":\"(FOTO) A treia \u00eenfr\u00e2ngere pentru selec\u021bionata Moldovei la Campionatul European de baschet U-20 masculin - BasTV\",\"isPartOf\":{\"@id\":\"https:\\\/\\\/bas-tv.md\\\/ro\\\/#website\"},\"primaryImageOfPage\":{\"@id\":\"https:\\\/\\\/bas-tv.md\\\/ro\\\/foto-a-treia-infrangere-pentru-selectionata-moldovei-la-campionatul-european-de-baschet-u-20-masculin\\\/#primaryimage\"},\"image\":{\"@id\":\"https:\\\/\\\/bas-tv.md\\\/ro\\\/foto-a-treia-infrangere-pentru-selectionata-moldovei-la-campionatul-european-de-baschet-u-20-masculin\\\/#primaryimage\"},\"thumbnailUrl\":\"https:\\\/\\\/bas-tv.md\\\/wp-content\\\/uploads\\\/2024\\\/07\\\/captura-de-ecran-2024-07-14-190757.png\",\"datePublished\":\"2024-07-14T16:20:56+00:00\",\"dateModified\":\"2024-07-14T16:47:16+00:00\",\"description\":\"Selec\u021bionata Moldovei a \u00eenregistrat a treia \u00eenfr\u00e2ngere \u00een cadrul Campionatului European de baschet \u00een categoria de p\u00e2n\u0103 la 20 de ani. Moldova a pierdut meciul \u00eempotriva Ungariei, cu scorul de 33:112. \u00cen echipa na\u021bional\u0103 este \u0219i un juc\u0103tor al \u0218colii Sportive Raionale Basarabeasca.\",\"inLanguage\":\"ro-RO\",\"potentialAction\":[{\"@type\":\"ReadAction\",\"target\":[\"https:\\\/\\\/bas-tv.md\\\/ro\\\/foto-a-treia-infrangere-pentru-selectionata-moldovei-la-campionatul-european-de-baschet-u-20-masculin\\\/\"]}]},{\"@type\":\"ImageObject\",\"inLanguage\":\"ro-RO\",\"@id\":\"https:\\\/\\\/bas-tv.md\\\/ro\\\/foto-a-treia-infrangere-pentru-selectionata-moldovei-la-campionatul-european-de-baschet-u-20-masculin\\\/#primaryimage\",\"url\":\"https:\\\/\\\/bas-tv.md\\\/wp-content\\\/uploads\\\/2024\\\/07\\\/captura-de-ecran-2024-07-14-190757.png\",\"contentUrl\":\"https:\\\/\\\/bas-tv.md\\\/wp-content\\\/uploads\\\/2024\\\/07\\\/captura-de-ecran-2024-07-14-190757.png\",\"width\":1035,\"height\":677,\"caption\":\"Foto: fiba.basketball\"},{\"@type\":\"WebSite\",\"@id\":\"https:\\\/\\\/bas-tv.md\\\/ro\\\/#website\",\"url\":\"https:\\\/\\\/bas-tv.md\\\/ro\\\/\",\"name\":\"BasTV\",\"description\":\"Moldova\",\"publisher\":{\"@id\":\"https:\\\/\\\/bas-tv.md\\\/ro\\\/#organization\"},\"potentialAction\":[{\"@type\":\"SearchAction\",\"target\":{\"@type\":\"EntryPoint\",\"urlTemplate\":\"https:\\\/\\\/bas-tv.md\\\/ro\\\/?s={search_term_string}\"},\"query-input\":{\"@type\":\"PropertyValueSpecification\",\"valueRequired\":true,\"valueName\":\"search_term_string\"}}],\"inLanguage\":\"ro-RO\"},{\"@type\":\"Organization\",\"@id\":\"https:\\\/\\\/bas-tv.md\\\/ro\\\/#organization\",\"name\":\"BasTV\",\"url\":\"https:\\\/\\\/bas-tv.md\\\/ro\\\/\",\"logo\":{\"@type\":\"ImageObject\",\"inLanguage\":\"ro-RO\",\"@id\":\"https:\\\/\\\/bas-tv.md\\\/ro\\\/#\\\/schema\\\/logo\\\/image\\\/\",\"url\":\"https:\\\/\\\/bas-tv.md\\\/wp-content\\\/uploads\\\/2023\\\/05\\\/bas-tv-culoarea-rosie.png\",\"contentUrl\":\"https:\\\/\\\/bas-tv.md\\\/wp-content\\\/uploads\\\/2023\\\/05\\\/bas-tv-culoarea-rosie.png\",\"width\":202,\"height\":50,\"caption\":\"BasTV\"},\"image\":{\"@id\":\"https:\\\/\\\/bas-tv.md\\\/ro\\\/#\\\/schema\\\/logo\\\/image\\\/\"}},{\"@type\":\"Person\",\"@id\":\"https:\\\/\\\/bas-tv.md\\\/ro\\\/#\\\/schema\\\/person\\\/8740f45ea2eca1f1695284fc03529af0\",\"name\":\"Redactor\",\"image\":{\"@type\":\"ImageObject\",\"inLanguage\":\"ro-RO\",\"@id\":\"https:\\\/\\\/secure.gravatar.com\\\/avatar\\\/45b6af9fc91c10b15a8b40e67c1f57bab2e9614fc9f0af95cf453d61934e9aad?s=96&d=mm&r=g\",\"url\":\"https:\\\/\\\/secure.gravatar.com\\\/avatar\\\/45b6af9fc91c10b15a8b40e67c1f57bab2e9614fc9f0af95cf453d61934e9aad?s=96&d=mm&r=g\",\"contentUrl\":\"https:\\\/\\\/secure.gravatar.com\\\/avatar\\\/45b6af9fc91c10b15a8b40e67c1f57bab2e9614fc9f0af95cf453d61934e9aad?s=96&d=mm&r=g\",\"caption\":\"Redactor\"},\"url\":\"https:\\\/\\\/bas-tv.md\\\/ro\\\/author\\\/redactor\\\/\"}]}<\/script>\n<!-- \/ Yoast SEO plugin. -->","yoast_head_json":{"title":"(FOTO) A treia \u00eenfr\u00e2ngere pentru selec\u021bionata Moldovei la Campionatul European de baschet U-20 masculin - BasTV","description":"Selec\u021bionata Moldovei a \u00eenregistrat a treia \u00eenfr\u00e2ngere \u00een cadrul Campionatului European de baschet \u00een categoria de p\u00e2n\u0103 la 20 de ani. Moldova a pierdut meciul \u00eempotriva Ungariei, cu scorul de 33:112. \u00cen echipa na\u021bional\u0103 este \u0219i un juc\u0103tor al \u0218colii Sportive Raionale Basarabeasca.","robots":{"index":"index","follow":"follow","max-snippet":"max-snippet:-1","max-image-preview":"max-image-preview:large","max-video-preview":"max-video-preview:-1"},"canonical":"https:\/\/bas-tv.md\/ro\/foto-a-treia-infrangere-pentru-selectionata-moldovei-la-campionatul-european-de-baschet-u-20-masculin\/","og_locale":"ro_RO","og_type":"article","og_title":"(FOTO) A treia \u00eenfr\u00e2ngere pentru selec\u021bionata Moldovei la Campionatul European de baschet U-20 masculin - BasTV","og_description":"Selec\u021bionata Moldovei a \u00eenregistrat a treia \u00eenfr\u00e2ngere \u00een cadrul Campionatului European de baschet \u00een categoria de p\u00e2n\u0103 la 20 de ani. Moldova a pierdut meciul \u00eempotriva Ungariei, cu scorul de 33:112. \u00cen echipa na\u021bional\u0103 este \u0219i un juc\u0103tor al \u0218colii Sportive Raionale Basarabeasca.","og_url":"https:\/\/bas-tv.md\/ro\/foto-a-treia-infrangere-pentru-selectionata-moldovei-la-campionatul-european-de-baschet-u-20-masculin\/","og_site_name":"BasTV","article_published_time":"2024-07-14T16:20:56+00:00","article_modified_time":"2024-07-14T16:47:16+00:00","og_image":[{"width":1035,"height":677,"url":"https:\/\/bas-tv.md\/wp-content\/uploads\/2024\/07\/captura-de-ecran-2024-07-14-190757.png","type":"image\/png"}],"author":"Redactor","twitter_card":"summary_large_image","twitter_misc":{"Scris de":"Redactor","Timp estimat pentru citire":"2 minute"},"schema":{"@context":"https:\/\/schema.org","@graph":[{"@type":"Article","@id":"https:\/\/bas-tv.md\/ro\/foto-a-treia-infrangere-pentru-selectionata-moldovei-la-campionatul-european-de-baschet-u-20-masculin\/#article","isPartOf":{"@id":"https:\/\/bas-tv.md\/ro\/foto-a-treia-infrangere-pentru-selectionata-moldovei-la-campionatul-european-de-baschet-u-20-masculin\/"},"author":{"name":"Redactor","@id":"https:\/\/bas-tv.md\/ro\/#\/schema\/person\/8740f45ea2eca1f1695284fc03529af0"},"headline":"(FOTO) A treia \u00eenfr\u00e2ngere pentru selec\u021bionata Moldovei la Campionatul European de baschet U-20 masculin","datePublished":"2024-07-14T16:20:56+00:00","dateModified":"2024-07-14T16:47:16+00:00","mainEntityOfPage":{"@id":"https:\/\/bas-tv.md\/ro\/foto-a-treia-infrangere-pentru-selectionata-moldovei-la-campionatul-european-de-baschet-u-20-masculin\/"},"wordCount":204,"publisher":{"@id":"https:\/\/bas-tv.md\/ro\/#organization"},"image":{"@id":"https:\/\/bas-tv.md\/ro\/foto-a-treia-infrangere-pentru-selectionata-moldovei-la-campionatul-european-de-baschet-u-20-masculin\/#primaryimage"},"thumbnailUrl":"https:\/\/bas-tv.md\/wp-content\/uploads\/2024\/07\/captura-de-ecran-2024-07-14-190757.png","keywords":["baschet masculin","baschet U-20","BAStv","Campionatul European","competi\u021bie european\u0103","echipa na\u021bional\u0103","\u00eenfr\u00e2ngere Ungaria","nout\u0103\u021bi sportive","performan\u021be sportive","\u0218coala Sportiv\u0103 Raional\u0103 Basarabeasca","scor 33:112","selec\u021bionata Moldovei","sportivi moldoveni","\u0219tiri sport","tineret baschet","\u0441\u043f\u043e\u0440\u0442 \u041c\u043e\u043b\u0434\u043e\u0432\u0430"],"articleSection":["Actualitate","\u00cen Basarabeasca"],"inLanguage":"ro-RO"},{"@type":"WebPage","@id":"https:\/\/bas-tv.md\/ro\/foto-a-treia-infrangere-pentru-selectionata-moldovei-la-campionatul-european-de-baschet-u-20-masculin\/","url":"https:\/\/bas-tv.md\/ro\/foto-a-treia-infrangere-pentru-selectionata-moldovei-la-campionatul-european-de-baschet-u-20-masculin\/","name":"(FOTO) A treia \u00eenfr\u00e2ngere pentru selec\u021bionata Moldovei la Campionatul European de baschet U-20 masculin - BasTV","isPartOf":{"@id":"https:\/\/bas-tv.md\/ro\/#website"},"primaryImageOfPage":{"@id":"https:\/\/bas-tv.md\/ro\/foto-a-treia-infrangere-pentru-selectionata-moldovei-la-campionatul-european-de-baschet-u-20-masculin\/#primaryimage"},"image":{"@id":"https:\/\/bas-tv.md\/ro\/foto-a-treia-infrangere-pentru-selectionata-moldovei-la-campionatul-european-de-baschet-u-20-masculin\/#primaryimage"},"thumbnailUrl":"https:\/\/bas-tv.md\/wp-content\/uploads\/2024\/07\/captura-de-ecran-2024-07-14-190757.png","datePublished":"2024-07-14T16:20:56+00:00","dateModified":"2024-07-14T16:47:16+00:00","description":"Selec\u021bionata Moldovei a \u00eenregistrat a treia \u00eenfr\u00e2ngere \u00een cadrul Campionatului European de baschet \u00een categoria de p\u00e2n\u0103 la 20 de ani. Moldova a pierdut meciul \u00eempotriva Ungariei, cu scorul de 33:112. \u00cen echipa na\u021bional\u0103 este \u0219i un juc\u0103tor al \u0218colii Sportive Raionale Basarabeasca.","inLanguage":"ro-RO","potentialAction":[{"@type":"ReadAction","target":["https:\/\/bas-tv.md\/ro\/foto-a-treia-infrangere-pentru-selectionata-moldovei-la-campionatul-european-de-baschet-u-20-masculin\/"]}]},{"@type":"ImageObject","inLanguage":"ro-RO","@id":"https:\/\/bas-tv.md\/ro\/foto-a-treia-infrangere-pentru-selectionata-moldovei-la-campionatul-european-de-baschet-u-20-masculin\/#primaryimage","url":"https:\/\/bas-tv.md\/wp-content\/uploads\/2024\/07\/captura-de-ecran-2024-07-14-190757.png","contentUrl":"https:\/\/bas-tv.md\/wp-content\/uploads\/2024\/07\/captura-de-ecran-2024-07-14-190757.png","width":1035,"height":677,"caption":"Foto: fiba.basketball"},{"@type":"WebSite","@id":"https:\/\/bas-tv.md\/ro\/#website","url":"https:\/\/bas-tv.md\/ro\/","name":"BasTV","description":"Moldova","publisher":{"@id":"https:\/\/bas-tv.md\/ro\/#organization"},"potentialAction":[{"@type":"SearchAction","target":{"@type":"EntryPoint","urlTemplate":"https:\/\/bas-tv.md\/ro\/?s={search_term_string}"},"query-input":{"@type":"PropertyValueSpecification","valueRequired":true,"valueName":"search_term_string"}}],"inLanguage":"ro-RO"},{"@type":"Organization","@id":"https:\/\/bas-tv.md\/ro\/#organization","name":"BasTV","url":"https:\/\/bas-tv.md\/ro\/","logo":{"@type":"ImageObject","inLanguage":"ro-RO","@id":"https:\/\/bas-tv.md\/ro\/#\/schema\/logo\/image\/","url":"https:\/\/bas-tv.md\/wp-content\/uploads\/2023\/05\/bas-tv-culoarea-rosie.png","contentUrl":"https:\/\/bas-tv.md\/wp-content\/uploads\/2023\/05\/bas-tv-culoarea-rosie.png","width":202,"height":50,"caption":"BasTV"},"image":{"@id":"https:\/\/bas-tv.md\/ro\/#\/schema\/logo\/image\/"}},{"@type":"Person","@id":"https:\/\/bas-tv.md\/ro\/#\/schema\/person\/8740f45ea2eca1f1695284fc03529af0","name":"Redactor","image":{"@type":"ImageObject","inLanguage":"ro-RO","@id":"https:\/\/secure.gravatar.com\/avatar\/45b6af9fc91c10b15a8b40e67c1f57bab2e9614fc9f0af95cf453d61934e9aad?s=96&d=mm&r=g","url":"https:\/\/secure.gravatar.com\/avatar\/45b6af9fc91c10b15a8b40e67c1f57bab2e9614fc9f0af95cf453d61934e9aad?s=96&d=mm&r=g","contentUrl":"https:\/\/secure.gravatar.com\/avatar\/45b6af9fc91c10b15a8b40e67c1f57bab2e9614fc9f0af95cf453d61934e9aad?s=96&d=mm&r=g","caption":"Redactor"},"url":"https:\/\/bas-tv.md\/ro\/author\/redactor\/"}]}},"views":296,"_links":{"self":[{"href":"https:\/\/bas-tv.md\/ro\/wp-json\/wp\/v2\/posts\/124111","targetHints":{"allow":["GET"]}}],"collection":[{"href":"https:\/\/bas-tv.md\/ro\/wp-json\/wp\/v2\/posts"}],"about":[{"href":"https:\/\/bas-tv.md\/ro\/wp-json\/wp\/v2\/types\/post"}],"author":[{"embeddable":true,"href":"https:\/\/bas-tv.md\/ro\/wp-json\/wp\/v2\/users\/3"}],"replies":[{"embeddable":true,"href":"https:\/\/bas-tv.md\/ro\/wp-json\/wp\/v2\/comments?post=124111"}],"version-history":[{"count":3,"href":"https:\/\/bas-tv.md\/ro\/wp-json\/wp\/v2\/posts\/124111\/revisions"}],"predecessor-version":[{"id":124132,"href":"https:\/\/bas-tv.md\/ro\/wp-json\/wp\/v2\/posts\/124111\/revisions\/124132"}],"wp:featuredmedia":[{"embeddable":true,"href":"https:\/\/bas-tv.md\/ro\/wp-json\/wp\/v2\/media\/124122"}],"wp:attachment":[{"href":"https:\/\/bas-tv.md\/ro\/wp-json\/wp\/v2\/media?parent=124111"}],"wp:term":[{"taxonomy":"category","embeddable":true,"href":"https:\/\/bas-tv.md\/ro\/wp-json\/wp\/v2\/categories?post=124111"},{"taxonomy":"post_tag","embeddable":true,"href":"https:\/\/bas-tv.md\/ro\/wp-json\/wp\/v2\/tags?post=124111"}],"curies":[{"name":"wp","href":"https:\/\/api.w.org\/{rel}","templated":true}]}}