{"id":124189,"date":"2024-07-15T17:30:17","date_gmt":"2024-07-15T14:30:17","guid":{"rendered":"https:\/\/bas-tv.md\/?p=124189"},"modified":"2024-07-15T13:26:50","modified_gmt":"2024-07-15T10:26:50","slug":"pacientii-bolnavi-de-cancer-vor-astepta-mai-putin-la-usa-medicului-in-moldova-se-implimenteaza-registrul-national-de-cancer","status":"publish","type":"post","link":"https:\/\/bas-tv.md\/ro\/pacientii-bolnavi-de-cancer-vor-astepta-mai-putin-la-usa-medicului-in-moldova-se-implimenteaza-registrul-national-de-cancer\/","title":{"rendered":"Pacien\u021bii bolnavi de cancer vor a\u0219tepta mai pu\u021bin la u\u0219a medicului. \u00cen Moldova se implimenteaz\u0103 Registrul Na\u021bional de Cancer"},"content":{"rendered":"<p><strong>Republica Moldova face un pas semnificativ \u00een lupta \u00eempotriva cancerului prin implementarea Registrului Na\u021bional de Cancer. Directorul Institutului Oncologic, Ruslan Baltaga, a subliniat \u00een cadrul emisiunii \u201eBun\u0103 diminea\u021ba\u201d de la Moldova 1 c\u0103 noul registru va contribui la reducerea timpului de a\u0219teptare pentru investiga\u021bii \u0219i tratamente, prin transparen\u021ba \u0219i eficien\u021ba procesului de gestionare a datelor.<\/strong><\/p>\n<p><span style=\"font-weight: 400;\">Cea mai mare problem\u0103 a pacien\u021bilor este r\u00e2ndul de a\u0219teptare \u0219i cozile infernale de pe holurile Institutului Oncologic, sus\u021bine conduc\u0103torul institu\u021biei medicale. Ruslan Baltaga declar\u0103 c\u0103 Registrul Na\u021bional de Cancer ar putea s\u0103 rezolve aceast\u0103 problem\u0103, oferind un sistem eficient de colectare \u0219i utilizare a datelor oncologice. Ini\u021biativa face parte din Programul Na\u021bional de Control al Cancerului \u0219i promite s\u0103 aduc\u0103 schimb\u0103ri majore \u00een modul de gestionare \u0219i tratament al cancerului \u00een Republica Moldova, scrie <\/span><a href=\"https:\/\/moldova1.md\/p\/32141\/pacientii-bolnavi-de-cancer-vor-astepta-mai-putin-la-usa-medicului-directorul-institutului-oncologic-despre-registrul-national-de-cancer?fbclid=IwZXh0bgNhZW0CMTEAAR1ViqWo-udHOsoKPO4qHWyWDt8XikHu-s4P3JMlmlMBdmUp-f9A9YsyvTc_aem_FsjiYiz6PVn55TZCmr3ylA\"><span style=\"font-weight: 400;\">moldova1.md<\/span><\/a><span style=\"font-weight: 400;\">.<\/span><\/p>\n<blockquote><p><span style=\"font-weight: 400;\">\u201eCozile la serviciile din Institutul Oncologic erau o problem\u0103 complex\u0103. Timpul de a\u0219teptare a unui pacient era de 75 de zile \u0219i din ele 40-45 de zile erau pentru investiga\u021bii de servicii din alt\u0103 performan\u021b\u0103, tomografie, rezonan\u021be, care de fapt nu sunt la Institutul Oncologic. Ne-am adresat la Ministerul S\u0103n\u0103t\u0103\u021bii, la Compania Na\u021bional\u0103 de Asigur\u0103ri \u00een Medicin\u0103, a fost creat programul de imagistic\u0103 \u00een oncologie, \u0219i aceste r\u00e2nduri au fost reduse la 7-14 zile. De asemenea, s\u0103pt\u0103m\u00e2nal public\u0103m \u00een locuri publice c\u00e2t de mare este r\u00e2ndul de a\u0219teptare pentru vizit\u0103 la medic \u0219i c\u00e2t este de mare r\u00e2ndul de a\u0219teptare pentru o interven\u021bie chirurgical\u0103\u201d<\/span><span style=\"font-weight: 400;\">.<\/span><\/p><\/blockquote>\n<p><span style=\"font-weight: 400;\">Datele din registru vor fi colectate \u00een mod automatizat, prin integrarea sistemelor informa\u021bionale deja existente sau care vor fi dezvoltate \u00een viitor.<\/span><\/p>\n<blockquote><p><span style=\"font-weight: 400;\">\u201eNe propunem ca acest registru s\u0103 poat\u0103 s\u0103 se alimenteze cu date din sistemele curente, cum ar fi sistemul informa\u021bional al asisten\u021bei medicale primare, sistemul informa\u021bional al asisten\u021bei medicale spitalice\u0219ti, sistemele informa\u021bionale ale laboratoarelor. \u00cen a\u0219a fel utiliz\u00e2nd inteligen\u021b\u0103 artificial\u0103, acest sistem dac\u0103 g\u0103se\u0219te codul respectiv conform\u0103 clasificatorul interna\u021bional de cancer, el s\u0103 se alimenteze cu aceste date \u0219i s\u0103 le actualizeze\u201d<\/span><span style=\"font-weight: 400;\">.<\/span><\/p><\/blockquote>\n<p><span style=\"font-weight: 400;\">Implementarea Registrului Na\u021bional de Cancer va aduce multiple beneficii at\u00e2t pentru sistemul medical, c\u00e2t \u0219i pentru pacien\u021bi, sus\u021bine directorul Institutului Oncologic.<\/span><\/p>\n<blockquote><p><span style=\"font-weight: 400;\">\u201eBeneficiile sunt multiple. Cancerul este o povar\u0103, este o afec\u021biune, \u00een majoritatea cazurilor cu evolu\u021bie cronic\u0103. Pentru a identifica acele m\u0103suri de interven\u021bie \u00een s\u0103n\u0103tate public\u0103, trebuie s\u0103 avem o informa\u021bie precis\u0103 \u2013 care cancer este pe primul loc, \u00een ce stadiu este diagnosticat cancerul, ca s\u0103 \u0219tim inclusiv \u00een ce zone ale \u021b\u0103rii prevaleaz\u0103 un tip sau altul de cancer, ca s\u0103 putem s\u0103 implement\u0103m metode de screening, de depistare precoce, care, de fapt, sunt accesibile \u0219i pentru noi \u0219i sunt implementate \u00een Republica Moldova\u201d<\/span><span style=\"font-weight: 400;\">.<\/span><\/p><\/blockquote>\n<p><span style=\"font-weight: 400;\">Conform datelor Institutului Oncologic, \u00een 2023, cel mai r\u0103sp\u00e2ndit a fost cancerul colorectal, urmat de cel al glandei mamare, al pielii, cel pulmonar, urmat de cancerul prostatei. Potrivit noilor estim\u0103ri ale Organiza\u021biei Mondiale a S\u0103n\u0103t\u0103\u021bii (OMS), diagnosticele de cancer la nivel mondial vor ajunge la 35 de milioane \u00een 2050 \u2013 o cre\u0219tere de 77% fa\u021b\u0103 de cele 20 de milioane de cazuri diagnosticate \u00een 2022.<\/span><\/p>\n<p><strong>Sus\u021bine\u021bi redac\u021bia BAStv, abona\u021bi-v\u0103 la noi pe platforma\u00a0<a href=\"https:\/\/www.patreon.com\/BAStv?fan_landing=true&amp;fbclid=IwAR3MeSDKfH4ixBydCXX9D1lhrCszhps3ID5uxuGA-Ktd4MTkZCRdlcEZkQI\">Patreon\u00a0<\/a>sau prin efectuarea contribu\u021biilor prin\u00a0<a href=\"https:\/\/www.paypal.com\/paypalme\/supportbastv\">PayPal<\/a>! Aceasta ne va ajuta s\u0103 cre\u0103m con\u021binut interesant \u0219i util pentru dvs., r\u0103m\u00e2n\u00e2nd \u00een continuare o platform\u0103 media independent\u0103.<\/strong><\/p>\n<p><b>Abona\u021bi-v\u0103 la noi pe re\u021bele sociale:\u00a0<\/b><a href=\"https:\/\/t.me\/bastvmd\"><b><i>Telegram<\/i><\/b><\/a><b>,\u00a0<\/b><a href=\"https:\/\/www.youtube.com\/channel\/UC-9005PnLnhpNM8PVSjP2dQ\/featured\"><b><i>YouTube<\/i><\/b><\/a><b>,\u00a0<\/b><a href=\"https:\/\/www.facebook.com\/bastv.md\"><b><i>Facebook<\/i><\/b><\/a>\u00a0<strong>\u0219i\u00a0<\/strong><a href=\"https:\/\/www.instagram.com\/bastv.md\/\"><b><i>Instagram<\/i><\/b><\/a><b>. Aici public\u0103m \u0219tiri pe scurt!<\/b><\/p>\n","protected":false},"excerpt":{"rendered":"<p>Republica Moldova face un pas semnificativ \u00een lupta \u00eempotriva cancerului prin implementarea Registrului Na\u021bional de Cancer. Directorul Institutului Oncologic, Ruslan Baltaga, a subliniat \u00een cadrul emisiunii \u201eBun\u0103 diminea\u021ba\u201d de la Moldova 1 c\u0103 noul registru va contribui la reducerea timpului de a\u0219teptare pentru investiga\u021bii \u0219i tratamente, prin transparen\u021ba \u0219i eficien\u021ba procesului de gestionare a datelor. [&hellip;]<\/p>\n","protected":false},"author":3,"featured_media":124190,"comment_status":"closed","ping_status":"closed","sticky":false,"template":"","format":"standard","meta":{"footnotes":""},"categories":[602,570],"tags":[3405,3414,3411,3415,3407,3413,3409,3410,3416,3406,807,3408,2929,3412],"class_list":["post-124189","post","type-post","status-publish","format-standard","has-post-thumbnail","hentry","category-actualitate","category-in-moldova","tag-cancer","tag-eficienta-administrativa","tag-emisiune-buna-dimineata","tag-gestionare-date","tag-institutul-oncologic","tag-investigatii-medicale","tag-lupta-impotriva-cancerului","tag-moldova-1","tag-noutati-sanatate","tag-registrul-national-de-cancer","tag-republica-moldova","tag-ruslan-baltaga","tag-sanatate-publica","tag-tratamente-cancer"],"yoast_head":"<!-- This site is optimized with the Yoast SEO plugin v27.5 - https:\/\/yoast.com\/product\/yoast-seo-wordpress\/ -->\n<title>Pacien\u021bii bolnavi de cancer vor a\u0219tepta mai pu\u021bin la u\u0219a medicului. \u00cen Moldova se implimenteaz\u0103 Registrul Na\u021bional de Cancer - BasTV<\/title>\n<meta name=\"description\" content=\"Republica Moldova face un pas semnificativ \u00een lupta \u00eempotriva cancerului prin implementarea Registrului Na\u021bional de Cancer. Directorul Institutului Oncologic, Ruslan Baltaga, a subliniat \u00een cadrul emisiunii \u201eBun\u0103 diminea\u021ba\u201d de la Moldova 1 c\u0103 noul registru va contribui la reducerea timpului de a\u0219teptare pentru investiga\u021bii \u0219i tratamente, prin transparen\u021ba \u0219i eficien\u021ba procesului de gestionare a datelor.\" \/>\n<meta name=\"robots\" content=\"index, follow, max-snippet:-1, max-image-preview:large, max-video-preview:-1\" \/>\n<link rel=\"canonical\" href=\"https:\/\/bas-tv.md\/ro\/pacientii-bolnavi-de-cancer-vor-astepta-mai-putin-la-usa-medicului-in-moldova-se-implimenteaza-registrul-national-de-cancer\/\" \/>\n<meta property=\"og:locale\" content=\"ro_RO\" \/>\n<meta property=\"og:type\" content=\"article\" \/>\n<meta property=\"og:title\" content=\"Pacien\u021bii bolnavi de cancer vor a\u0219tepta mai pu\u021bin la u\u0219a medicului. \u00cen Moldova se implimenteaz\u0103 Registrul Na\u021bional de Cancer - BasTV\" \/>\n<meta property=\"og:description\" content=\"Republica Moldova face un pas semnificativ \u00een lupta \u00eempotriva cancerului prin implementarea Registrului Na\u021bional de Cancer. Directorul Institutului Oncologic, Ruslan Baltaga, a subliniat \u00een cadrul emisiunii \u201eBun\u0103 diminea\u021ba\u201d de la Moldova 1 c\u0103 noul registru va contribui la reducerea timpului de a\u0219teptare pentru investiga\u021bii \u0219i tratamente, prin transparen\u021ba \u0219i eficien\u021ba procesului de gestionare a datelor.\" \/>\n<meta property=\"og:url\" content=\"https:\/\/bas-tv.md\/ro\/pacientii-bolnavi-de-cancer-vor-astepta-mai-putin-la-usa-medicului-in-moldova-se-implimenteaza-registrul-national-de-cancer\/\" \/>\n<meta property=\"og:site_name\" content=\"BasTV\" \/>\n<meta property=\"article:published_time\" content=\"2024-07-15T14:30:17+00:00\" \/>\n<meta property=\"og:image\" content=\"https:\/\/bas-tv.md\/wp-content\/uploads\/2024\/07\/babd88e2a962b0ea9b46d6607dc457c4.jpg\" \/>\n\t<meta property=\"og:image:width\" content=\"809\" \/>\n\t<meta property=\"og:image:height\" content=\"456\" \/>\n\t<meta property=\"og:image:type\" content=\"image\/jpeg\" \/>\n<meta name=\"author\" content=\"Redactor\" \/>\n<meta name=\"twitter:card\" content=\"summary_large_image\" \/>\n<meta name=\"twitter:label1\" content=\"Scris de\" \/>\n\t<meta name=\"twitter:data1\" content=\"Redactor\" \/>\n\t<meta name=\"twitter:label2\" content=\"Timp estimat pentru citire\" \/>\n\t<meta name=\"twitter:data2\" content=\"2 minute\" \/>\n<script type=\"application\/ld+json\" class=\"yoast-schema-graph\">{\"@context\":\"https:\\\/\\\/schema.org\",\"@graph\":[{\"@type\":\"Article\",\"@id\":\"https:\\\/\\\/bas-tv.md\\\/ro\\\/pacientii-bolnavi-de-cancer-vor-astepta-mai-putin-la-usa-medicului-in-moldova-se-implimenteaza-registrul-national-de-cancer\\\/#article\",\"isPartOf\":{\"@id\":\"https:\\\/\\\/bas-tv.md\\\/ro\\\/pacientii-bolnavi-de-cancer-vor-astepta-mai-putin-la-usa-medicului-in-moldova-se-implimenteaza-registrul-national-de-cancer\\\/\"},\"author\":{\"name\":\"Redactor\",\"@id\":\"https:\\\/\\\/bas-tv.md\\\/ro\\\/#\\\/schema\\\/person\\\/8740f45ea2eca1f1695284fc03529af0\"},\"headline\":\"Pacien\u021bii bolnavi de cancer vor a\u0219tepta mai pu\u021bin la u\u0219a medicului. \u00cen Moldova se implimenteaz\u0103 Registrul Na\u021bional de Cancer\",\"datePublished\":\"2024-07-15T14:30:17+00:00\",\"mainEntityOfPage\":{\"@id\":\"https:\\\/\\\/bas-tv.md\\\/ro\\\/pacientii-bolnavi-de-cancer-vor-astepta-mai-putin-la-usa-medicului-in-moldova-se-implimenteaza-registrul-national-de-cancer\\\/\"},\"wordCount\":639,\"publisher\":{\"@id\":\"https:\\\/\\\/bas-tv.md\\\/ro\\\/#organization\"},\"image\":{\"@id\":\"https:\\\/\\\/bas-tv.md\\\/ro\\\/pacientii-bolnavi-de-cancer-vor-astepta-mai-putin-la-usa-medicului-in-moldova-se-implimenteaza-registrul-national-de-cancer\\\/#primaryimage\"},\"thumbnailUrl\":\"https:\\\/\\\/bas-tv.md\\\/wp-content\\\/uploads\\\/2024\\\/07\\\/babd88e2a962b0ea9b46d6607dc457c4.jpg\",\"keywords\":[\"cancer\",\"eficien\u021b\u0103 administrativ\u0103\",\"emisiune \u201eBun\u0103 diminea\u021ba\u201d\",\"gestionare date\",\"Institutul Oncologic\",\"investiga\u021bii medicale\",\"lupta \u00eempotriva cancerului\",\"Moldova 1\",\"nout\u0103\u021bi s\u0103n\u0103tate\",\"Registrul Na\u021bional de Cancer\",\"Republica Moldova\",\"Ruslan Baltaga\",\"s\u0103n\u0103tate public\u0103\",\"tratamente cancer\"],\"articleSection\":[\"Actualitate\",\"\u00cen Moldova\"],\"inLanguage\":\"ro-RO\"},{\"@type\":\"WebPage\",\"@id\":\"https:\\\/\\\/bas-tv.md\\\/ro\\\/pacientii-bolnavi-de-cancer-vor-astepta-mai-putin-la-usa-medicului-in-moldova-se-implimenteaza-registrul-national-de-cancer\\\/\",\"url\":\"https:\\\/\\\/bas-tv.md\\\/ro\\\/pacientii-bolnavi-de-cancer-vor-astepta-mai-putin-la-usa-medicului-in-moldova-se-implimenteaza-registrul-national-de-cancer\\\/\",\"name\":\"Pacien\u021bii bolnavi de cancer vor a\u0219tepta mai pu\u021bin la u\u0219a medicului. \u00cen Moldova se implimenteaz\u0103 Registrul Na\u021bional de Cancer - BasTV\",\"isPartOf\":{\"@id\":\"https:\\\/\\\/bas-tv.md\\\/ro\\\/#website\"},\"primaryImageOfPage\":{\"@id\":\"https:\\\/\\\/bas-tv.md\\\/ro\\\/pacientii-bolnavi-de-cancer-vor-astepta-mai-putin-la-usa-medicului-in-moldova-se-implimenteaza-registrul-national-de-cancer\\\/#primaryimage\"},\"image\":{\"@id\":\"https:\\\/\\\/bas-tv.md\\\/ro\\\/pacientii-bolnavi-de-cancer-vor-astepta-mai-putin-la-usa-medicului-in-moldova-se-implimenteaza-registrul-national-de-cancer\\\/#primaryimage\"},\"thumbnailUrl\":\"https:\\\/\\\/bas-tv.md\\\/wp-content\\\/uploads\\\/2024\\\/07\\\/babd88e2a962b0ea9b46d6607dc457c4.jpg\",\"datePublished\":\"2024-07-15T14:30:17+00:00\",\"description\":\"Republica Moldova face un pas semnificativ \u00een lupta \u00eempotriva cancerului prin implementarea Registrului Na\u021bional de Cancer. Directorul Institutului Oncologic, Ruslan Baltaga, a subliniat \u00een cadrul emisiunii \u201eBun\u0103 diminea\u021ba\u201d de la Moldova 1 c\u0103 noul registru va contribui la reducerea timpului de a\u0219teptare pentru investiga\u021bii \u0219i tratamente, prin transparen\u021ba \u0219i eficien\u021ba procesului de gestionare a datelor.\",\"inLanguage\":\"ro-RO\",\"potentialAction\":[{\"@type\":\"ReadAction\",\"target\":[\"https:\\\/\\\/bas-tv.md\\\/ro\\\/pacientii-bolnavi-de-cancer-vor-astepta-mai-putin-la-usa-medicului-in-moldova-se-implimenteaza-registrul-national-de-cancer\\\/\"]}]},{\"@type\":\"ImageObject\",\"inLanguage\":\"ro-RO\",\"@id\":\"https:\\\/\\\/bas-tv.md\\\/ro\\\/pacientii-bolnavi-de-cancer-vor-astepta-mai-putin-la-usa-medicului-in-moldova-se-implimenteaza-registrul-national-de-cancer\\\/#primaryimage\",\"url\":\"https:\\\/\\\/bas-tv.md\\\/wp-content\\\/uploads\\\/2024\\\/07\\\/babd88e2a962b0ea9b46d6607dc457c4.jpg\",\"contentUrl\":\"https:\\\/\\\/bas-tv.md\\\/wp-content\\\/uploads\\\/2024\\\/07\\\/babd88e2a962b0ea9b46d6607dc457c4.jpg\",\"width\":809,\"height\":456,\"caption\":\"Foto: agora.md\"},{\"@type\":\"WebSite\",\"@id\":\"https:\\\/\\\/bas-tv.md\\\/ro\\\/#website\",\"url\":\"https:\\\/\\\/bas-tv.md\\\/ro\\\/\",\"name\":\"BasTV\",\"description\":\"Moldova\",\"publisher\":{\"@id\":\"https:\\\/\\\/bas-tv.md\\\/ro\\\/#organization\"},\"potentialAction\":[{\"@type\":\"SearchAction\",\"target\":{\"@type\":\"EntryPoint\",\"urlTemplate\":\"https:\\\/\\\/bas-tv.md\\\/ro\\\/?s={search_term_string}\"},\"query-input\":{\"@type\":\"PropertyValueSpecification\",\"valueRequired\":true,\"valueName\":\"search_term_string\"}}],\"inLanguage\":\"ro-RO\"},{\"@type\":\"Organization\",\"@id\":\"https:\\\/\\\/bas-tv.md\\\/ro\\\/#organization\",\"name\":\"BasTV\",\"url\":\"https:\\\/\\\/bas-tv.md\\\/ro\\\/\",\"logo\":{\"@type\":\"ImageObject\",\"inLanguage\":\"ro-RO\",\"@id\":\"https:\\\/\\\/bas-tv.md\\\/ro\\\/#\\\/schema\\\/logo\\\/image\\\/\",\"url\":\"https:\\\/\\\/bas-tv.md\\\/wp-content\\\/uploads\\\/2023\\\/05\\\/bas-tv-culoarea-rosie.png\",\"contentUrl\":\"https:\\\/\\\/bas-tv.md\\\/wp-content\\\/uploads\\\/2023\\\/05\\\/bas-tv-culoarea-rosie.png\",\"width\":202,\"height\":50,\"caption\":\"BasTV\"},\"image\":{\"@id\":\"https:\\\/\\\/bas-tv.md\\\/ro\\\/#\\\/schema\\\/logo\\\/image\\\/\"}},{\"@type\":\"Person\",\"@id\":\"https:\\\/\\\/bas-tv.md\\\/ro\\\/#\\\/schema\\\/person\\\/8740f45ea2eca1f1695284fc03529af0\",\"name\":\"Redactor\",\"image\":{\"@type\":\"ImageObject\",\"inLanguage\":\"ro-RO\",\"@id\":\"https:\\\/\\\/bas-tv.md\\\/wp-content\\\/litespeed\\\/avatar\\\/91c0586f3f6f4396a4ec1287c965eeeb.jpg?ver=1777555749\",\"url\":\"https:\\\/\\\/bas-tv.md\\\/wp-content\\\/litespeed\\\/avatar\\\/91c0586f3f6f4396a4ec1287c965eeeb.jpg?ver=1777555749\",\"contentUrl\":\"https:\\\/\\\/bas-tv.md\\\/wp-content\\\/litespeed\\\/avatar\\\/91c0586f3f6f4396a4ec1287c965eeeb.jpg?ver=1777555749\",\"caption\":\"Redactor\"},\"url\":\"https:\\\/\\\/bas-tv.md\\\/ro\\\/author\\\/redactor\\\/\"}]}<\/script>\n<!-- \/ Yoast SEO plugin. -->","yoast_head_json":{"title":"Pacien\u021bii bolnavi de cancer vor a\u0219tepta mai pu\u021bin la u\u0219a medicului. \u00cen Moldova se implimenteaz\u0103 Registrul Na\u021bional de Cancer - BasTV","description":"Republica Moldova face un pas semnificativ \u00een lupta \u00eempotriva cancerului prin implementarea Registrului Na\u021bional de Cancer. Directorul Institutului Oncologic, Ruslan Baltaga, a subliniat \u00een cadrul emisiunii \u201eBun\u0103 diminea\u021ba\u201d de la Moldova 1 c\u0103 noul registru va contribui la reducerea timpului de a\u0219teptare pentru investiga\u021bii \u0219i tratamente, prin transparen\u021ba \u0219i eficien\u021ba procesului de gestionare a datelor.","robots":{"index":"index","follow":"follow","max-snippet":"max-snippet:-1","max-image-preview":"max-image-preview:large","max-video-preview":"max-video-preview:-1"},"canonical":"https:\/\/bas-tv.md\/ro\/pacientii-bolnavi-de-cancer-vor-astepta-mai-putin-la-usa-medicului-in-moldova-se-implimenteaza-registrul-national-de-cancer\/","og_locale":"ro_RO","og_type":"article","og_title":"Pacien\u021bii bolnavi de cancer vor a\u0219tepta mai pu\u021bin la u\u0219a medicului. \u00cen Moldova se implimenteaz\u0103 Registrul Na\u021bional de Cancer - BasTV","og_description":"Republica Moldova face un pas semnificativ \u00een lupta \u00eempotriva cancerului prin implementarea Registrului Na\u021bional de Cancer. Directorul Institutului Oncologic, Ruslan Baltaga, a subliniat \u00een cadrul emisiunii \u201eBun\u0103 diminea\u021ba\u201d de la Moldova 1 c\u0103 noul registru va contribui la reducerea timpului de a\u0219teptare pentru investiga\u021bii \u0219i tratamente, prin transparen\u021ba \u0219i eficien\u021ba procesului de gestionare a datelor.","og_url":"https:\/\/bas-tv.md\/ro\/pacientii-bolnavi-de-cancer-vor-astepta-mai-putin-la-usa-medicului-in-moldova-se-implimenteaza-registrul-national-de-cancer\/","og_site_name":"BasTV","article_published_time":"2024-07-15T14:30:17+00:00","og_image":[{"width":809,"height":456,"url":"https:\/\/bas-tv.md\/wp-content\/uploads\/2024\/07\/babd88e2a962b0ea9b46d6607dc457c4.jpg","type":"image\/jpeg"}],"author":"Redactor","twitter_card":"summary_large_image","twitter_misc":{"Scris de":"Redactor","Timp estimat pentru citire":"2 minute"},"schema":{"@context":"https:\/\/schema.org","@graph":[{"@type":"Article","@id":"https:\/\/bas-tv.md\/ro\/pacientii-bolnavi-de-cancer-vor-astepta-mai-putin-la-usa-medicului-in-moldova-se-implimenteaza-registrul-national-de-cancer\/#article","isPartOf":{"@id":"https:\/\/bas-tv.md\/ro\/pacientii-bolnavi-de-cancer-vor-astepta-mai-putin-la-usa-medicului-in-moldova-se-implimenteaza-registrul-national-de-cancer\/"},"author":{"name":"Redactor","@id":"https:\/\/bas-tv.md\/ro\/#\/schema\/person\/8740f45ea2eca1f1695284fc03529af0"},"headline":"Pacien\u021bii bolnavi de cancer vor a\u0219tepta mai pu\u021bin la u\u0219a medicului. \u00cen Moldova se implimenteaz\u0103 Registrul Na\u021bional de Cancer","datePublished":"2024-07-15T14:30:17+00:00","mainEntityOfPage":{"@id":"https:\/\/bas-tv.md\/ro\/pacientii-bolnavi-de-cancer-vor-astepta-mai-putin-la-usa-medicului-in-moldova-se-implimenteaza-registrul-national-de-cancer\/"},"wordCount":639,"publisher":{"@id":"https:\/\/bas-tv.md\/ro\/#organization"},"image":{"@id":"https:\/\/bas-tv.md\/ro\/pacientii-bolnavi-de-cancer-vor-astepta-mai-putin-la-usa-medicului-in-moldova-se-implimenteaza-registrul-national-de-cancer\/#primaryimage"},"thumbnailUrl":"https:\/\/bas-tv.md\/wp-content\/uploads\/2024\/07\/babd88e2a962b0ea9b46d6607dc457c4.jpg","keywords":["cancer","eficien\u021b\u0103 administrativ\u0103","emisiune \u201eBun\u0103 diminea\u021ba\u201d","gestionare date","Institutul Oncologic","investiga\u021bii medicale","lupta \u00eempotriva cancerului","Moldova 1","nout\u0103\u021bi s\u0103n\u0103tate","Registrul Na\u021bional de Cancer","Republica Moldova","Ruslan Baltaga","s\u0103n\u0103tate public\u0103","tratamente cancer"],"articleSection":["Actualitate","\u00cen Moldova"],"inLanguage":"ro-RO"},{"@type":"WebPage","@id":"https:\/\/bas-tv.md\/ro\/pacientii-bolnavi-de-cancer-vor-astepta-mai-putin-la-usa-medicului-in-moldova-se-implimenteaza-registrul-national-de-cancer\/","url":"https:\/\/bas-tv.md\/ro\/pacientii-bolnavi-de-cancer-vor-astepta-mai-putin-la-usa-medicului-in-moldova-se-implimenteaza-registrul-national-de-cancer\/","name":"Pacien\u021bii bolnavi de cancer vor a\u0219tepta mai pu\u021bin la u\u0219a medicului. \u00cen Moldova se implimenteaz\u0103 Registrul Na\u021bional de Cancer - BasTV","isPartOf":{"@id":"https:\/\/bas-tv.md\/ro\/#website"},"primaryImageOfPage":{"@id":"https:\/\/bas-tv.md\/ro\/pacientii-bolnavi-de-cancer-vor-astepta-mai-putin-la-usa-medicului-in-moldova-se-implimenteaza-registrul-national-de-cancer\/#primaryimage"},"image":{"@id":"https:\/\/bas-tv.md\/ro\/pacientii-bolnavi-de-cancer-vor-astepta-mai-putin-la-usa-medicului-in-moldova-se-implimenteaza-registrul-national-de-cancer\/#primaryimage"},"thumbnailUrl":"https:\/\/bas-tv.md\/wp-content\/uploads\/2024\/07\/babd88e2a962b0ea9b46d6607dc457c4.jpg","datePublished":"2024-07-15T14:30:17+00:00","description":"Republica Moldova face un pas semnificativ \u00een lupta \u00eempotriva cancerului prin implementarea Registrului Na\u021bional de Cancer. Directorul Institutului Oncologic, Ruslan Baltaga, a subliniat \u00een cadrul emisiunii \u201eBun\u0103 diminea\u021ba\u201d de la Moldova 1 c\u0103 noul registru va contribui la reducerea timpului de a\u0219teptare pentru investiga\u021bii \u0219i tratamente, prin transparen\u021ba \u0219i eficien\u021ba procesului de gestionare a datelor.","inLanguage":"ro-RO","potentialAction":[{"@type":"ReadAction","target":["https:\/\/bas-tv.md\/ro\/pacientii-bolnavi-de-cancer-vor-astepta-mai-putin-la-usa-medicului-in-moldova-se-implimenteaza-registrul-national-de-cancer\/"]}]},{"@type":"ImageObject","inLanguage":"ro-RO","@id":"https:\/\/bas-tv.md\/ro\/pacientii-bolnavi-de-cancer-vor-astepta-mai-putin-la-usa-medicului-in-moldova-se-implimenteaza-registrul-national-de-cancer\/#primaryimage","url":"https:\/\/bas-tv.md\/wp-content\/uploads\/2024\/07\/babd88e2a962b0ea9b46d6607dc457c4.jpg","contentUrl":"https:\/\/bas-tv.md\/wp-content\/uploads\/2024\/07\/babd88e2a962b0ea9b46d6607dc457c4.jpg","width":809,"height":456,"caption":"Foto: agora.md"},{"@type":"WebSite","@id":"https:\/\/bas-tv.md\/ro\/#website","url":"https:\/\/bas-tv.md\/ro\/","name":"BasTV","description":"Moldova","publisher":{"@id":"https:\/\/bas-tv.md\/ro\/#organization"},"potentialAction":[{"@type":"SearchAction","target":{"@type":"EntryPoint","urlTemplate":"https:\/\/bas-tv.md\/ro\/?s={search_term_string}"},"query-input":{"@type":"PropertyValueSpecification","valueRequired":true,"valueName":"search_term_string"}}],"inLanguage":"ro-RO"},{"@type":"Organization","@id":"https:\/\/bas-tv.md\/ro\/#organization","name":"BasTV","url":"https:\/\/bas-tv.md\/ro\/","logo":{"@type":"ImageObject","inLanguage":"ro-RO","@id":"https:\/\/bas-tv.md\/ro\/#\/schema\/logo\/image\/","url":"https:\/\/bas-tv.md\/wp-content\/uploads\/2023\/05\/bas-tv-culoarea-rosie.png","contentUrl":"https:\/\/bas-tv.md\/wp-content\/uploads\/2023\/05\/bas-tv-culoarea-rosie.png","width":202,"height":50,"caption":"BasTV"},"image":{"@id":"https:\/\/bas-tv.md\/ro\/#\/schema\/logo\/image\/"}},{"@type":"Person","@id":"https:\/\/bas-tv.md\/ro\/#\/schema\/person\/8740f45ea2eca1f1695284fc03529af0","name":"Redactor","image":{"@type":"ImageObject","inLanguage":"ro-RO","@id":"https:\/\/bas-tv.md\/wp-content\/litespeed\/avatar\/91c0586f3f6f4396a4ec1287c965eeeb.jpg?ver=1777555749","url":"https:\/\/bas-tv.md\/wp-content\/litespeed\/avatar\/91c0586f3f6f4396a4ec1287c965eeeb.jpg?ver=1777555749","contentUrl":"https:\/\/bas-tv.md\/wp-content\/litespeed\/avatar\/91c0586f3f6f4396a4ec1287c965eeeb.jpg?ver=1777555749","caption":"Redactor"},"url":"https:\/\/bas-tv.md\/ro\/author\/redactor\/"}]}},"views":313,"_links":{"self":[{"href":"https:\/\/bas-tv.md\/ro\/wp-json\/wp\/v2\/posts\/124189","targetHints":{"allow":["GET"]}}],"collection":[{"href":"https:\/\/bas-tv.md\/ro\/wp-json\/wp\/v2\/posts"}],"about":[{"href":"https:\/\/bas-tv.md\/ro\/wp-json\/wp\/v2\/types\/post"}],"author":[{"embeddable":true,"href":"https:\/\/bas-tv.md\/ro\/wp-json\/wp\/v2\/users\/3"}],"replies":[{"embeddable":true,"href":"https:\/\/bas-tv.md\/ro\/wp-json\/wp\/v2\/comments?post=124189"}],"version-history":[{"count":1,"href":"https:\/\/bas-tv.md\/ro\/wp-json\/wp\/v2\/posts\/124189\/revisions"}],"predecessor-version":[{"id":124192,"href":"https:\/\/bas-tv.md\/ro\/wp-json\/wp\/v2\/posts\/124189\/revisions\/124192"}],"wp:featuredmedia":[{"embeddable":true,"href":"https:\/\/bas-tv.md\/ro\/wp-json\/wp\/v2\/media\/124190"}],"wp:attachment":[{"href":"https:\/\/bas-tv.md\/ro\/wp-json\/wp\/v2\/media?parent=124189"}],"wp:term":[{"taxonomy":"category","embeddable":true,"href":"https:\/\/bas-tv.md\/ro\/wp-json\/wp\/v2\/categories?post=124189"},{"taxonomy":"post_tag","embeddable":true,"href":"https:\/\/bas-tv.md\/ro\/wp-json\/wp\/v2\/tags?post=124189"}],"curies":[{"name":"wp","href":"https:\/\/api.w.org\/{rel}","templated":true}]}}