{"id":124382,"date":"2024-07-18T20:00:03","date_gmt":"2024-07-18T17:00:03","guid":{"rendered":"https:\/\/bas-tv.md\/?p=124382"},"modified":"2024-07-18T14:13:15","modified_gmt":"2024-07-18T11:13:15","slug":"video-daca-continua-canicula-nu-vom-avea-ce-recolta-agricultor-din-carabetovca-despre-situatia-din-campuri","status":"publish","type":"post","link":"https:\/\/bas-tv.md\/ro\/video-daca-continua-canicula-nu-vom-avea-ce-recolta-agricultor-din-carabetovca-despre-situatia-din-campuri\/","title":{"rendered":"(VIDEO) \u201eDac\u0103 continu\u0103 canicula, nu vom avea ce recolta\u201d. Agricultor din Carabetovca despre situa\u021bia din c\u00e2mpuri"},"content":{"rendered":"<p><strong>Lipsa ploilor \u0219i c\u0103ldura extrem\u0103 sunt cauza secetei pe cea mai mare parte a teritoriului \u021b\u0103rii. Din cauza ei, culturile de grupa a doua au de suferit. Potrivit agricultorului din satul Carabetovca, Vladimir Vrabie, \u00een acest an, recolta de porumb este majoritatea compromis\u0103. Pentru mai multe detalii, urm\u0103ri\u021bi urm\u0103torul reportaj.<\/strong><\/p>\n<p>C\u00e2mpii \u00eentinse de porumb \u0219i floarea-soarelui, ce se usuc\u0103 la soare. Acesta este peisajul surprins deja de c\u00e2teva s\u0103pt\u0103m\u00e2ni de agricultori, care nu pot dec\u00e2t s\u0103 constate cu regret c\u0103 roada este deja compromis\u0103. Seceta a lovit \u00een plin culturile de porumb. Lipsa precipita\u021biilor \u0219i c\u0103ldura excesiv\u0103 au f\u0103cut ca plantele s\u0103 nu poat\u0103 cre\u0219te \u00een mod normal.<\/p>\n<p>Mult mai bine arat\u0103 planta\u021biile de porumb, care sunt irigate, \u00eens\u0103 nici udarea plantelor nu este suficient\u0103.<\/p>\n<p>\u00cen ceea ce prive\u0219te floarea-soarelui, nici aceste culturi nu reu\u0219esc s\u0103 fac\u0103 fa\u021b\u0103 c\u0103ldurii.<\/p>\n<p>Din spusele agricultorului, aceast\u0103 situa\u021bie este prezent\u0103 pe practic toate c\u00e2mpurile cultivate din \u021bar\u0103. Conform estim\u0103rilor f\u0103cute, recolta de porumb \u0219i de floarea-soarelui va fi foarte mic\u0103 \u00een acest an.<\/p>\n<p>Pe 16 iulie, asocia\u021bia For\u021ba Fermierilor, \u00een care se afl\u0103 \u0219i Vladimir Vrabie, a cerut autorit\u0103\u021bilor s\u0103 introduc\u0103 o stare de urgen\u021b\u0103 \u00een agricultur\u0103, fapt ce i-ar putea scuti de penalit\u0103\u021bile bancare, salv\u00e2ndu-i de la faliment. De cealalt\u0103 parte, reprezentan\u021bii Ministerului Agriculturii \u0219i Industriei Alimentare sus\u021bin c\u0103 problemele fermierilor pot fi rezolvate \u0219i f\u0103r\u0103 introducerea st\u0103rii de urgen\u021b\u0103.<\/p>\n<p><iframe title=\"\u201eNu vom avea ce recolta\u201d. Care e situa\u021bia \u00een agricultur\u0103 din raionul Basarabeasca\" width=\"580\" height=\"326\" src=\"https:\/\/www.youtube.com\/embed\/C7s2FsTMy5k?feature=oembed\" frameborder=\"0\" allow=\"accelerometer; autoplay; clipboard-write; encrypted-media; gyroscope; picture-in-picture; web-share\" referrerpolicy=\"strict-origin-when-cross-origin\" allowfullscreen><\/iframe><\/p>\n<p><strong>Sus\u021bine\u021bi redac\u021bia BAStv, abona\u021bi-v\u0103 la noi pe platforma\u00a0<a href=\"https:\/\/www.patreon.com\/BAStv?fan_landing=true&amp;fbclid=IwAR3MeSDKfH4ixBydCXX9D1lhrCszhps3ID5uxuGA-Ktd4MTkZCRdlcEZkQI\">Patreon\u00a0<\/a>sau prin efectuarea contribu\u021biilor prin\u00a0<a href=\"https:\/\/www.paypal.com\/paypalme\/supportbastv\">PayPal<\/a>! Aceasta ne va ajuta s\u0103 cre\u0103m con\u021binut interesant \u0219i util pentru dvs., r\u0103m\u00e2n\u00e2nd \u00een continuare o platform\u0103 media independent\u0103.<\/strong><\/p>\n<p><b>Abona\u021bi-v\u0103 la noi pe re\u021bele sociale:\u00a0<\/b><a href=\"https:\/\/t.me\/bastvmd\"><b><i>Telegram<\/i><\/b><\/a><b>,\u00a0<\/b><a href=\"https:\/\/www.youtube.com\/channel\/UC-9005PnLnhpNM8PVSjP2dQ\/featured\"><b><i>YouTube<\/i><\/b><\/a><b>,\u00a0<\/b><a href=\"https:\/\/www.facebook.com\/bastv.md\"><b><i>Facebook<\/i><\/b><\/a>\u00a0<strong>\u0219i\u00a0<\/strong><a href=\"https:\/\/www.instagram.com\/bastv.md\/\"><b><i>Instagram<\/i><\/b><\/a><b>. Aici public\u0103m \u0219tiri pe scurt!<\/b><\/p>\n","protected":false},"excerpt":{"rendered":"<p>Lipsa ploilor \u0219i c\u0103ldura extrem\u0103 sunt cauza secetei pe cea mai mare parte a teritoriului \u021b\u0103rii. Din cauza ei, culturile de grupa a doua au de suferit. Potrivit agricultorului din satul Carabetovca, Vladimir Vrabie, \u00een acest an, recolta de porumb este majoritatea compromis\u0103. Pentru mai multe detalii, urm\u0103ri\u021bi urm\u0103torul reportaj. C\u00e2mpii \u00eentinse de porumb \u0219i [&hellip;]<\/p>\n","protected":false},"author":3,"featured_media":124460,"comment_status":"closed","ping_status":"closed","sticky":false,"template":"","format":"standard","meta":{"footnotes":""},"categories":[602,569],"tags":[3472,3474,3469,3480,3479,3470,3478,3477,3468,3302,3475,3471,3473,3476,2645,3467],"class_list":["post-124382","post","type-post","status-publish","format-standard","has-post-thumbnail","hentry","category-actualitate","category-in-basarabeasca","tag-agricultor-vladimir-vrabie","tag-agricultura-moldova","tag-caldura-extrema","tag-climat-extrem","tag-criza-agricultura","tag-culturile-de-grupa-a-doua","tag-fermieri-moldova","tag-impact-seceta","tag-lipsa-ploilor","tag-noutati-locale","tag-probleme-agricultura","tag-recolta-compromisa","tag-recolta-de-porumb","tag-reportaj-bastv","tag-satul-carabetovca","tag-seceta"],"yoast_head":"<!-- This site is optimized with the Yoast SEO plugin v27.5 - https:\/\/yoast.com\/product\/yoast-seo-wordpress\/ -->\n<title>(VIDEO) \u201eDac\u0103 continu\u0103 canicula, nu vom avea ce recolta\u201d. Agricultor din Carabetovca despre situa\u021bia din c\u00e2mpuri - BasTV<\/title>\n<meta name=\"description\" content=\"Lipsa ploilor \u0219i c\u0103ldura extrem\u0103 sunt cauza secetei pe cea mai mare parte a teritoriului \u021b\u0103rii. Din cauza ei, culturile de grupa a doua au de suferit. Potrivit agricultorului din satul Carabetovca, Vladimir Vrabie, \u00een acest an, recolta de porumb este majoritatea compromis\u0103. Pentru mai multe detalii, urm\u0103ri\u021bi urm\u0103torul reportaj.\" \/>\n<meta name=\"robots\" content=\"index, follow, max-snippet:-1, max-image-preview:large, max-video-preview:-1\" \/>\n<link rel=\"canonical\" href=\"https:\/\/bas-tv.md\/ro\/video-daca-continua-canicula-nu-vom-avea-ce-recolta-agricultor-din-carabetovca-despre-situatia-din-campuri\/\" \/>\n<meta property=\"og:locale\" content=\"ro_RO\" \/>\n<meta property=\"og:type\" content=\"article\" \/>\n<meta property=\"og:title\" content=\"(VIDEO) \u201eDac\u0103 continu\u0103 canicula, nu vom avea ce recolta\u201d. Agricultor din Carabetovca despre situa\u021bia din c\u00e2mpuri - BasTV\" \/>\n<meta property=\"og:description\" content=\"Lipsa ploilor \u0219i c\u0103ldura extrem\u0103 sunt cauza secetei pe cea mai mare parte a teritoriului \u021b\u0103rii. Din cauza ei, culturile de grupa a doua au de suferit. Potrivit agricultorului din satul Carabetovca, Vladimir Vrabie, \u00een acest an, recolta de porumb este majoritatea compromis\u0103. Pentru mai multe detalii, urm\u0103ri\u021bi urm\u0103torul reportaj.\" \/>\n<meta property=\"og:url\" content=\"https:\/\/bas-tv.md\/ro\/video-daca-continua-canicula-nu-vom-avea-ce-recolta-agricultor-din-carabetovca-despre-situatia-din-campuri\/\" \/>\n<meta property=\"og:site_name\" content=\"BasTV\" \/>\n<meta property=\"article:published_time\" content=\"2024-07-18T17:00:03+00:00\" \/>\n<meta property=\"og:image\" content=\"https:\/\/bas-tv.md\/wp-content\/uploads\/2024\/07\/bastv-oblozhki-1-1.png\" \/>\n\t<meta property=\"og:image:width\" content=\"1280\" \/>\n\t<meta property=\"og:image:height\" content=\"720\" \/>\n\t<meta property=\"og:image:type\" content=\"image\/png\" \/>\n<meta name=\"author\" content=\"Redactor\" \/>\n<meta name=\"twitter:card\" content=\"summary_large_image\" \/>\n<meta name=\"twitter:label1\" content=\"Scris de\" \/>\n\t<meta name=\"twitter:data1\" content=\"Redactor\" \/>\n\t<meta name=\"twitter:label2\" content=\"Timp estimat pentru citire\" \/>\n\t<meta name=\"twitter:data2\" content=\"2 minute\" \/>\n<script type=\"application\/ld+json\" class=\"yoast-schema-graph\">{\"@context\":\"https:\\\/\\\/schema.org\",\"@graph\":[{\"@type\":\"Article\",\"@id\":\"https:\\\/\\\/bas-tv.md\\\/ro\\\/video-daca-continua-canicula-nu-vom-avea-ce-recolta-agricultor-din-carabetovca-despre-situatia-din-campuri\\\/#article\",\"isPartOf\":{\"@id\":\"https:\\\/\\\/bas-tv.md\\\/ro\\\/video-daca-continua-canicula-nu-vom-avea-ce-recolta-agricultor-din-carabetovca-despre-situatia-din-campuri\\\/\"},\"author\":{\"name\":\"Redactor\",\"@id\":\"https:\\\/\\\/bas-tv.md\\\/ro\\\/#\\\/schema\\\/person\\\/8740f45ea2eca1f1695284fc03529af0\"},\"headline\":\"(VIDEO) \u201eDac\u0103 continu\u0103 canicula, nu vom avea ce recolta\u201d. Agricultor din Carabetovca despre situa\u021bia din c\u00e2mpuri\",\"datePublished\":\"2024-07-18T17:00:03+00:00\",\"mainEntityOfPage\":{\"@id\":\"https:\\\/\\\/bas-tv.md\\\/ro\\\/video-daca-continua-canicula-nu-vom-avea-ce-recolta-agricultor-din-carabetovca-despre-situatia-din-campuri\\\/\"},\"wordCount\":345,\"publisher\":{\"@id\":\"https:\\\/\\\/bas-tv.md\\\/ro\\\/#organization\"},\"image\":{\"@id\":\"https:\\\/\\\/bas-tv.md\\\/ro\\\/video-daca-continua-canicula-nu-vom-avea-ce-recolta-agricultor-din-carabetovca-despre-situatia-din-campuri\\\/#primaryimage\"},\"thumbnailUrl\":\"https:\\\/\\\/bas-tv.md\\\/wp-content\\\/uploads\\\/2024\\\/07\\\/bastv-oblozhki-1-1.png\",\"keywords\":[\"agricultor Vladimir Vrabie\",\"agricultur\u0103 Moldova\",\"c\u0103ldur\u0103 extrem\u0103\",\"climat extrem\",\"criz\u0103 agricultur\u0103\",\"culturile de grupa a doua\",\"fermieri Moldova\",\"impact secet\u0103\",\"lipsa ploilor\",\"nout\u0103\u021bi locale\",\"probleme agricultur\u0103\",\"recolta compromis\u0103\",\"recolta de porumb\",\"reportaj BAStv\",\"satul Carabetovca\",\"secet\u0103\"],\"articleSection\":[\"Actualitate\",\"\u00cen Basarabeasca\"],\"inLanguage\":\"ro-RO\"},{\"@type\":\"WebPage\",\"@id\":\"https:\\\/\\\/bas-tv.md\\\/ro\\\/video-daca-continua-canicula-nu-vom-avea-ce-recolta-agricultor-din-carabetovca-despre-situatia-din-campuri\\\/\",\"url\":\"https:\\\/\\\/bas-tv.md\\\/ro\\\/video-daca-continua-canicula-nu-vom-avea-ce-recolta-agricultor-din-carabetovca-despre-situatia-din-campuri\\\/\",\"name\":\"(VIDEO) \u201eDac\u0103 continu\u0103 canicula, nu vom avea ce recolta\u201d. Agricultor din Carabetovca despre situa\u021bia din c\u00e2mpuri - BasTV\",\"isPartOf\":{\"@id\":\"https:\\\/\\\/bas-tv.md\\\/ro\\\/#website\"},\"primaryImageOfPage\":{\"@id\":\"https:\\\/\\\/bas-tv.md\\\/ro\\\/video-daca-continua-canicula-nu-vom-avea-ce-recolta-agricultor-din-carabetovca-despre-situatia-din-campuri\\\/#primaryimage\"},\"image\":{\"@id\":\"https:\\\/\\\/bas-tv.md\\\/ro\\\/video-daca-continua-canicula-nu-vom-avea-ce-recolta-agricultor-din-carabetovca-despre-situatia-din-campuri\\\/#primaryimage\"},\"thumbnailUrl\":\"https:\\\/\\\/bas-tv.md\\\/wp-content\\\/uploads\\\/2024\\\/07\\\/bastv-oblozhki-1-1.png\",\"datePublished\":\"2024-07-18T17:00:03+00:00\",\"description\":\"Lipsa ploilor \u0219i c\u0103ldura extrem\u0103 sunt cauza secetei pe cea mai mare parte a teritoriului \u021b\u0103rii. Din cauza ei, culturile de grupa a doua au de suferit. Potrivit agricultorului din satul Carabetovca, Vladimir Vrabie, \u00een acest an, recolta de porumb este majoritatea compromis\u0103. Pentru mai multe detalii, urm\u0103ri\u021bi urm\u0103torul reportaj.\",\"inLanguage\":\"ro-RO\",\"potentialAction\":[{\"@type\":\"ReadAction\",\"target\":[\"https:\\\/\\\/bas-tv.md\\\/ro\\\/video-daca-continua-canicula-nu-vom-avea-ce-recolta-agricultor-din-carabetovca-despre-situatia-din-campuri\\\/\"]}]},{\"@type\":\"ImageObject\",\"inLanguage\":\"ro-RO\",\"@id\":\"https:\\\/\\\/bas-tv.md\\\/ro\\\/video-daca-continua-canicula-nu-vom-avea-ce-recolta-agricultor-din-carabetovca-despre-situatia-din-campuri\\\/#primaryimage\",\"url\":\"https:\\\/\\\/bas-tv.md\\\/wp-content\\\/uploads\\\/2024\\\/07\\\/bastv-oblozhki-1-1.png\",\"contentUrl\":\"https:\\\/\\\/bas-tv.md\\\/wp-content\\\/uploads\\\/2024\\\/07\\\/bastv-oblozhki-1-1.png\",\"width\":1280,\"height\":720},{\"@type\":\"WebSite\",\"@id\":\"https:\\\/\\\/bas-tv.md\\\/ro\\\/#website\",\"url\":\"https:\\\/\\\/bas-tv.md\\\/ro\\\/\",\"name\":\"BasTV\",\"description\":\"Moldova\",\"publisher\":{\"@id\":\"https:\\\/\\\/bas-tv.md\\\/ro\\\/#organization\"},\"potentialAction\":[{\"@type\":\"SearchAction\",\"target\":{\"@type\":\"EntryPoint\",\"urlTemplate\":\"https:\\\/\\\/bas-tv.md\\\/ro\\\/?s={search_term_string}\"},\"query-input\":{\"@type\":\"PropertyValueSpecification\",\"valueRequired\":true,\"valueName\":\"search_term_string\"}}],\"inLanguage\":\"ro-RO\"},{\"@type\":\"Organization\",\"@id\":\"https:\\\/\\\/bas-tv.md\\\/ro\\\/#organization\",\"name\":\"BasTV\",\"url\":\"https:\\\/\\\/bas-tv.md\\\/ro\\\/\",\"logo\":{\"@type\":\"ImageObject\",\"inLanguage\":\"ro-RO\",\"@id\":\"https:\\\/\\\/bas-tv.md\\\/ro\\\/#\\\/schema\\\/logo\\\/image\\\/\",\"url\":\"https:\\\/\\\/bas-tv.md\\\/wp-content\\\/uploads\\\/2023\\\/05\\\/bas-tv-culoarea-rosie.png\",\"contentUrl\":\"https:\\\/\\\/bas-tv.md\\\/wp-content\\\/uploads\\\/2023\\\/05\\\/bas-tv-culoarea-rosie.png\",\"width\":202,\"height\":50,\"caption\":\"BasTV\"},\"image\":{\"@id\":\"https:\\\/\\\/bas-tv.md\\\/ro\\\/#\\\/schema\\\/logo\\\/image\\\/\"}},{\"@type\":\"Person\",\"@id\":\"https:\\\/\\\/bas-tv.md\\\/ro\\\/#\\\/schema\\\/person\\\/8740f45ea2eca1f1695284fc03529af0\",\"name\":\"Redactor\",\"image\":{\"@type\":\"ImageObject\",\"inLanguage\":\"ro-RO\",\"@id\":\"https:\\\/\\\/bas-tv.md\\\/wp-content\\\/litespeed\\\/avatar\\\/91c0586f3f6f4396a4ec1287c965eeeb.jpg?ver=1777555749\",\"url\":\"https:\\\/\\\/bas-tv.md\\\/wp-content\\\/litespeed\\\/avatar\\\/91c0586f3f6f4396a4ec1287c965eeeb.jpg?ver=1777555749\",\"contentUrl\":\"https:\\\/\\\/bas-tv.md\\\/wp-content\\\/litespeed\\\/avatar\\\/91c0586f3f6f4396a4ec1287c965eeeb.jpg?ver=1777555749\",\"caption\":\"Redactor\"},\"url\":\"https:\\\/\\\/bas-tv.md\\\/ro\\\/author\\\/redactor\\\/\"}]}<\/script>\n<!-- \/ Yoast SEO plugin. -->","yoast_head_json":{"title":"(VIDEO) \u201eDac\u0103 continu\u0103 canicula, nu vom avea ce recolta\u201d. Agricultor din Carabetovca despre situa\u021bia din c\u00e2mpuri - BasTV","description":"Lipsa ploilor \u0219i c\u0103ldura extrem\u0103 sunt cauza secetei pe cea mai mare parte a teritoriului \u021b\u0103rii. Din cauza ei, culturile de grupa a doua au de suferit. Potrivit agricultorului din satul Carabetovca, Vladimir Vrabie, \u00een acest an, recolta de porumb este majoritatea compromis\u0103. Pentru mai multe detalii, urm\u0103ri\u021bi urm\u0103torul reportaj.","robots":{"index":"index","follow":"follow","max-snippet":"max-snippet:-1","max-image-preview":"max-image-preview:large","max-video-preview":"max-video-preview:-1"},"canonical":"https:\/\/bas-tv.md\/ro\/video-daca-continua-canicula-nu-vom-avea-ce-recolta-agricultor-din-carabetovca-despre-situatia-din-campuri\/","og_locale":"ro_RO","og_type":"article","og_title":"(VIDEO) \u201eDac\u0103 continu\u0103 canicula, nu vom avea ce recolta\u201d. Agricultor din Carabetovca despre situa\u021bia din c\u00e2mpuri - BasTV","og_description":"Lipsa ploilor \u0219i c\u0103ldura extrem\u0103 sunt cauza secetei pe cea mai mare parte a teritoriului \u021b\u0103rii. Din cauza ei, culturile de grupa a doua au de suferit. Potrivit agricultorului din satul Carabetovca, Vladimir Vrabie, \u00een acest an, recolta de porumb este majoritatea compromis\u0103. Pentru mai multe detalii, urm\u0103ri\u021bi urm\u0103torul reportaj.","og_url":"https:\/\/bas-tv.md\/ro\/video-daca-continua-canicula-nu-vom-avea-ce-recolta-agricultor-din-carabetovca-despre-situatia-din-campuri\/","og_site_name":"BasTV","article_published_time":"2024-07-18T17:00:03+00:00","og_image":[{"width":1280,"height":720,"url":"https:\/\/bas-tv.md\/wp-content\/uploads\/2024\/07\/bastv-oblozhki-1-1.png","type":"image\/png"}],"author":"Redactor","twitter_card":"summary_large_image","twitter_misc":{"Scris de":"Redactor","Timp estimat pentru citire":"2 minute"},"schema":{"@context":"https:\/\/schema.org","@graph":[{"@type":"Article","@id":"https:\/\/bas-tv.md\/ro\/video-daca-continua-canicula-nu-vom-avea-ce-recolta-agricultor-din-carabetovca-despre-situatia-din-campuri\/#article","isPartOf":{"@id":"https:\/\/bas-tv.md\/ro\/video-daca-continua-canicula-nu-vom-avea-ce-recolta-agricultor-din-carabetovca-despre-situatia-din-campuri\/"},"author":{"name":"Redactor","@id":"https:\/\/bas-tv.md\/ro\/#\/schema\/person\/8740f45ea2eca1f1695284fc03529af0"},"headline":"(VIDEO) \u201eDac\u0103 continu\u0103 canicula, nu vom avea ce recolta\u201d. Agricultor din Carabetovca despre situa\u021bia din c\u00e2mpuri","datePublished":"2024-07-18T17:00:03+00:00","mainEntityOfPage":{"@id":"https:\/\/bas-tv.md\/ro\/video-daca-continua-canicula-nu-vom-avea-ce-recolta-agricultor-din-carabetovca-despre-situatia-din-campuri\/"},"wordCount":345,"publisher":{"@id":"https:\/\/bas-tv.md\/ro\/#organization"},"image":{"@id":"https:\/\/bas-tv.md\/ro\/video-daca-continua-canicula-nu-vom-avea-ce-recolta-agricultor-din-carabetovca-despre-situatia-din-campuri\/#primaryimage"},"thumbnailUrl":"https:\/\/bas-tv.md\/wp-content\/uploads\/2024\/07\/bastv-oblozhki-1-1.png","keywords":["agricultor Vladimir Vrabie","agricultur\u0103 Moldova","c\u0103ldur\u0103 extrem\u0103","climat extrem","criz\u0103 agricultur\u0103","culturile de grupa a doua","fermieri Moldova","impact secet\u0103","lipsa ploilor","nout\u0103\u021bi locale","probleme agricultur\u0103","recolta compromis\u0103","recolta de porumb","reportaj BAStv","satul Carabetovca","secet\u0103"],"articleSection":["Actualitate","\u00cen Basarabeasca"],"inLanguage":"ro-RO"},{"@type":"WebPage","@id":"https:\/\/bas-tv.md\/ro\/video-daca-continua-canicula-nu-vom-avea-ce-recolta-agricultor-din-carabetovca-despre-situatia-din-campuri\/","url":"https:\/\/bas-tv.md\/ro\/video-daca-continua-canicula-nu-vom-avea-ce-recolta-agricultor-din-carabetovca-despre-situatia-din-campuri\/","name":"(VIDEO) \u201eDac\u0103 continu\u0103 canicula, nu vom avea ce recolta\u201d. Agricultor din Carabetovca despre situa\u021bia din c\u00e2mpuri - BasTV","isPartOf":{"@id":"https:\/\/bas-tv.md\/ro\/#website"},"primaryImageOfPage":{"@id":"https:\/\/bas-tv.md\/ro\/video-daca-continua-canicula-nu-vom-avea-ce-recolta-agricultor-din-carabetovca-despre-situatia-din-campuri\/#primaryimage"},"image":{"@id":"https:\/\/bas-tv.md\/ro\/video-daca-continua-canicula-nu-vom-avea-ce-recolta-agricultor-din-carabetovca-despre-situatia-din-campuri\/#primaryimage"},"thumbnailUrl":"https:\/\/bas-tv.md\/wp-content\/uploads\/2024\/07\/bastv-oblozhki-1-1.png","datePublished":"2024-07-18T17:00:03+00:00","description":"Lipsa ploilor \u0219i c\u0103ldura extrem\u0103 sunt cauza secetei pe cea mai mare parte a teritoriului \u021b\u0103rii. Din cauza ei, culturile de grupa a doua au de suferit. Potrivit agricultorului din satul Carabetovca, Vladimir Vrabie, \u00een acest an, recolta de porumb este majoritatea compromis\u0103. Pentru mai multe detalii, urm\u0103ri\u021bi urm\u0103torul reportaj.","inLanguage":"ro-RO","potentialAction":[{"@type":"ReadAction","target":["https:\/\/bas-tv.md\/ro\/video-daca-continua-canicula-nu-vom-avea-ce-recolta-agricultor-din-carabetovca-despre-situatia-din-campuri\/"]}]},{"@type":"ImageObject","inLanguage":"ro-RO","@id":"https:\/\/bas-tv.md\/ro\/video-daca-continua-canicula-nu-vom-avea-ce-recolta-agricultor-din-carabetovca-despre-situatia-din-campuri\/#primaryimage","url":"https:\/\/bas-tv.md\/wp-content\/uploads\/2024\/07\/bastv-oblozhki-1-1.png","contentUrl":"https:\/\/bas-tv.md\/wp-content\/uploads\/2024\/07\/bastv-oblozhki-1-1.png","width":1280,"height":720},{"@type":"WebSite","@id":"https:\/\/bas-tv.md\/ro\/#website","url":"https:\/\/bas-tv.md\/ro\/","name":"BasTV","description":"Moldova","publisher":{"@id":"https:\/\/bas-tv.md\/ro\/#organization"},"potentialAction":[{"@type":"SearchAction","target":{"@type":"EntryPoint","urlTemplate":"https:\/\/bas-tv.md\/ro\/?s={search_term_string}"},"query-input":{"@type":"PropertyValueSpecification","valueRequired":true,"valueName":"search_term_string"}}],"inLanguage":"ro-RO"},{"@type":"Organization","@id":"https:\/\/bas-tv.md\/ro\/#organization","name":"BasTV","url":"https:\/\/bas-tv.md\/ro\/","logo":{"@type":"ImageObject","inLanguage":"ro-RO","@id":"https:\/\/bas-tv.md\/ro\/#\/schema\/logo\/image\/","url":"https:\/\/bas-tv.md\/wp-content\/uploads\/2023\/05\/bas-tv-culoarea-rosie.png","contentUrl":"https:\/\/bas-tv.md\/wp-content\/uploads\/2023\/05\/bas-tv-culoarea-rosie.png","width":202,"height":50,"caption":"BasTV"},"image":{"@id":"https:\/\/bas-tv.md\/ro\/#\/schema\/logo\/image\/"}},{"@type":"Person","@id":"https:\/\/bas-tv.md\/ro\/#\/schema\/person\/8740f45ea2eca1f1695284fc03529af0","name":"Redactor","image":{"@type":"ImageObject","inLanguage":"ro-RO","@id":"https:\/\/bas-tv.md\/wp-content\/litespeed\/avatar\/91c0586f3f6f4396a4ec1287c965eeeb.jpg?ver=1777555749","url":"https:\/\/bas-tv.md\/wp-content\/litespeed\/avatar\/91c0586f3f6f4396a4ec1287c965eeeb.jpg?ver=1777555749","contentUrl":"https:\/\/bas-tv.md\/wp-content\/litespeed\/avatar\/91c0586f3f6f4396a4ec1287c965eeeb.jpg?ver=1777555749","caption":"Redactor"},"url":"https:\/\/bas-tv.md\/ro\/author\/redactor\/"}]}},"views":513,"_links":{"self":[{"href":"https:\/\/bas-tv.md\/ro\/wp-json\/wp\/v2\/posts\/124382","targetHints":{"allow":["GET"]}}],"collection":[{"href":"https:\/\/bas-tv.md\/ro\/wp-json\/wp\/v2\/posts"}],"about":[{"href":"https:\/\/bas-tv.md\/ro\/wp-json\/wp\/v2\/types\/post"}],"author":[{"embeddable":true,"href":"https:\/\/bas-tv.md\/ro\/wp-json\/wp\/v2\/users\/3"}],"replies":[{"embeddable":true,"href":"https:\/\/bas-tv.md\/ro\/wp-json\/wp\/v2\/comments?post=124382"}],"version-history":[{"count":2,"href":"https:\/\/bas-tv.md\/ro\/wp-json\/wp\/v2\/posts\/124382\/revisions"}],"predecessor-version":[{"id":124462,"href":"https:\/\/bas-tv.md\/ro\/wp-json\/wp\/v2\/posts\/124382\/revisions\/124462"}],"wp:featuredmedia":[{"embeddable":true,"href":"https:\/\/bas-tv.md\/ro\/wp-json\/wp\/v2\/media\/124460"}],"wp:attachment":[{"href":"https:\/\/bas-tv.md\/ro\/wp-json\/wp\/v2\/media?parent=124382"}],"wp:term":[{"taxonomy":"category","embeddable":true,"href":"https:\/\/bas-tv.md\/ro\/wp-json\/wp\/v2\/categories?post=124382"},{"taxonomy":"post_tag","embeddable":true,"href":"https:\/\/bas-tv.md\/ro\/wp-json\/wp\/v2\/tags?post=124382"}],"curies":[{"name":"wp","href":"https:\/\/api.w.org\/{rel}","templated":true}]}}