{"id":125766,"date":"2024-08-05T14:00:53","date_gmt":"2024-08-05T11:00:53","guid":{"rendered":"https:\/\/bas-tv.md\/?p=125766"},"modified":"2024-08-05T13:40:13","modified_gmt":"2024-08-05T10:40:13","slug":"pilotii-ucraineni-au-inceput-sa-foloseasca-avioanele-f-16-in-luptele-din-ucraina","status":"publish","type":"post","link":"https:\/\/bas-tv.md\/ro\/pilotii-ucraineni-au-inceput-sa-foloseasca-avioanele-f-16-in-luptele-din-ucraina\/","title":{"rendered":"Pilo\u021bii ucraineni au \u00eenceput s\u0103 foloseasc\u0103 avioanele F-16 \u00een luptele din Ucraina"},"content":{"rendered":"<p><b>Pilo\u021bii ucraineni au \u00eenceput s\u0103 zboare cu aeronave F-16 pentru opera\u021biuni \u00een interiorul \u021b\u0103rii, a declarat duminic\u0103 pre\u0219edintele Volodimir Zelenski. Acesta a confirmat sosirea mult a\u0219teptat\u0103 a avioanelor de lupt\u0103 fabricate \u00een SUA, la mai bine de 29 de luni de la invazia pe scar\u0103 larg\u0103 a Rusiei.<\/b><\/p>\n<p><span style=\"font-weight: 400;\">Liderul ucrainean a anun\u021bat folosirea avioanelor F-16, \u00een timp ce s-a \u00eent\u00e2lnit cu pilo\u021bi militari la o baz\u0103 aerian\u0103 flancat\u0103 de dou\u0103 dintre avioanele primite, cu \u00eenc\u0103 dou\u0103 zbur\u00e2nd deasupra, scrie <\/span><a href=\"https:\/\/moldova.europalibera.org\/a\/pilotii-ucraineni-au-inceput-sa-foloseasca-avioanele-f-16-in-luptele-din-ucraina\/33065876.html\"><span style=\"font-weight: 400;\">europalibera.org<\/span><\/a><span style=\"font-weight: 400;\">.<\/span><\/p>\n<blockquote><p><span style=\"font-weight: 400;\">\u201eF-16 sunt \u00een Ucraina. Am reu\u0219it. Sunt m\u00e2ndru de b\u0103ie\u021bii no\u0219tri care zboar\u0103 cu aceste avioane \u0219i au \u00eenceput deja s\u0103 le foloseasc\u0103 pentru \u021bara noastr\u0103&#8221;, a spus Zelenski, conform Reuters.<\/span><\/p><\/blockquote>\n<p><span style=\"font-weight: 400;\">Vorbind cu reporterii, Zelenski a spus c\u0103 Ucraina \u00eenc\u0103 nu are destui pilo\u021bi preg\u0103ti\u021bi pentru a folosi F-16 sau suficiente avioane.<\/span><\/p>\n<blockquote><p><span style=\"font-weight: 400;\">\u201eLucrul pozitiv este c\u0103 ne a\u0219tept\u0103m la noi F-16 \u0219i avem mai mul\u021bi pilo\u021bi care se antreneaz\u0103 pentru ele, acum\u201d, a spus el.<\/span><\/p><\/blockquote>\n<p><span style=\"font-weight: 400;\">Potrivit oficialului, este important ca alia\u021bii Kievului s\u0103 g\u0103seasc\u0103 modalit\u0103\u021bi de a extinde programele de antrenament \u0219i oportunit\u0103\u021bile at\u00e2t pentru pilo\u021bii ucraineni, c\u00e2t \u0219i pentru echipele de \u00eentre\u021binere.<\/span><\/p>\n<p><strong>Sus\u021bine\u021bi redac\u021bia BAStv, abona\u021bi-v\u0103 la noi pe platforma\u00a0<a href=\"https:\/\/www.patreon.com\/BAStv?fan_landing=true&amp;fbclid=IwAR3MeSDKfH4ixBydCXX9D1lhrCszhps3ID5uxuGA-Ktd4MTkZCRdlcEZkQI\">Patreon\u00a0<\/a>sau prin efectuarea contribu\u021biilor prin\u00a0<a href=\"https:\/\/www.paypal.com\/paypalme\/supportbastv\">PayPal<\/a>! Aceasta ne va ajuta s\u0103 cre\u0103m con\u021binut interesant \u0219i util pentru dvs., r\u0103m\u00e2n\u00e2nd \u00een continuare o platform\u0103 media independent\u0103.<\/strong><\/p>\n<p><b>Abona\u021bi-v\u0103 la noi pe re\u021bele sociale:\u00a0<\/b><a href=\"https:\/\/t.me\/bastvmd\"><b><i>Telegram<\/i><\/b><\/a><b>,\u00a0<\/b><a href=\"https:\/\/www.youtube.com\/channel\/UC-9005PnLnhpNM8PVSjP2dQ\/featured\"><b><i>YouTube<\/i><\/b><\/a><b>,\u00a0<\/b><a href=\"https:\/\/www.facebook.com\/bastv.md\"><b><i>Facebook<\/i><\/b><\/a>\u00a0<strong>\u0219i\u00a0<\/strong><a href=\"https:\/\/www.instagram.com\/bastv.md\/\"><b><i>Instagram<\/i><\/b><\/a><b>. Aici public\u0103m \u0219tiri pe scurt!<\/b><\/p>\n","protected":false},"excerpt":{"rendered":"<p>Pilo\u021bii ucraineni au \u00eenceput s\u0103 zboare cu aeronave F-16 pentru opera\u021biuni \u00een interiorul \u021b\u0103rii, a declarat duminic\u0103 pre\u0219edintele Volodimir Zelenski. Acesta a confirmat sosirea mult a\u0219teptat\u0103 a avioanelor de lupt\u0103 fabricate \u00een SUA, la mai bine de 29 de luni de la invazia pe scar\u0103 larg\u0103 a Rusiei. Liderul ucrainean a anun\u021bat folosirea avioanelor F-16, [&hellip;]<\/p>\n","protected":false},"author":3,"featured_media":125769,"comment_status":"closed","ping_status":"closed","sticky":false,"template":"","format":"standard","meta":{"footnotes":""},"categories":[602,571],"tags":[],"class_list":["post-125766","post","type-post","status-publish","format-standard","has-post-thumbnail","hentry","category-actualitate","category-in-lume-actualitate"],"yoast_head":"<!-- This site is optimized with the Yoast SEO plugin v27.5 - https:\/\/yoast.com\/product\/yoast-seo-wordpress\/ -->\n<title>Pilo\u021bii ucraineni au \u00eenceput s\u0103 foloseasc\u0103 avioanele F-16 \u00een luptele din Ucraina - BasTV<\/title>\n<meta name=\"description\" content=\"Pilo\u021bii ucraineni au \u00eenceput s\u0103 zboare cu aeronave F-16 pentru opera\u021biuni \u00een interiorul \u021b\u0103rii, a declarat duminic\u0103 pre\u0219edintele Volodimir Zelenski. Acesta a confirmat sosirea mult a\u0219teptat\u0103 a avioanelor de lupt\u0103 fabricate \u00een SUA, la mai bine de 29 de luni de la invazia pe scar\u0103 larg\u0103 a Rusiei.\" \/>\n<meta name=\"robots\" content=\"index, follow, max-snippet:-1, max-image-preview:large, max-video-preview:-1\" \/>\n<link rel=\"canonical\" href=\"https:\/\/bas-tv.md\/ro\/pilotii-ucraineni-au-inceput-sa-foloseasca-avioanele-f-16-in-luptele-din-ucraina\/\" \/>\n<meta property=\"og:locale\" content=\"ro_RO\" \/>\n<meta property=\"og:type\" content=\"article\" \/>\n<meta property=\"og:title\" content=\"Pilo\u021bii ucraineni au \u00eenceput s\u0103 foloseasc\u0103 avioanele F-16 \u00een luptele din Ucraina - BasTV\" \/>\n<meta property=\"og:description\" content=\"Pilo\u021bii ucraineni au \u00eenceput s\u0103 zboare cu aeronave F-16 pentru opera\u021biuni \u00een interiorul \u021b\u0103rii, a declarat duminic\u0103 pre\u0219edintele Volodimir Zelenski. Acesta a confirmat sosirea mult a\u0219teptat\u0103 a avioanelor de lupt\u0103 fabricate \u00een SUA, la mai bine de 29 de luni de la invazia pe scar\u0103 larg\u0103 a Rusiei.\" \/>\n<meta property=\"og:url\" content=\"https:\/\/bas-tv.md\/ro\/pilotii-ucraineni-au-inceput-sa-foloseasca-avioanele-f-16-in-luptele-din-ucraina\/\" \/>\n<meta property=\"og:site_name\" content=\"BasTV\" \/>\n<meta property=\"article:published_time\" content=\"2024-08-05T11:00:53+00:00\" \/>\n<meta property=\"og:image\" content=\"https:\/\/bas-tv.md\/wp-content\/uploads\/2024\/08\/screenshot-2024-08-05-133653.jpg\" \/>\n\t<meta property=\"og:image:width\" content=\"1247\" \/>\n\t<meta property=\"og:image:height\" content=\"704\" \/>\n\t<meta property=\"og:image:type\" content=\"image\/jpeg\" \/>\n<meta name=\"author\" content=\"Redactor\" \/>\n<meta name=\"twitter:card\" content=\"summary_large_image\" \/>\n<meta name=\"twitter:label1\" content=\"Scris de\" \/>\n\t<meta name=\"twitter:data1\" content=\"Redactor\" \/>\n\t<meta name=\"twitter:label2\" content=\"Timp estimat pentru citire\" \/>\n\t<meta name=\"twitter:data2\" content=\"2 minute\" \/>\n<script type=\"application\/ld+json\" class=\"yoast-schema-graph\">{\"@context\":\"https:\\\/\\\/schema.org\",\"@graph\":[{\"@type\":\"Article\",\"@id\":\"https:\\\/\\\/bas-tv.md\\\/ro\\\/pilotii-ucraineni-au-inceput-sa-foloseasca-avioanele-f-16-in-luptele-din-ucraina\\\/#article\",\"isPartOf\":{\"@id\":\"https:\\\/\\\/bas-tv.md\\\/ro\\\/pilotii-ucraineni-au-inceput-sa-foloseasca-avioanele-f-16-in-luptele-din-ucraina\\\/\"},\"author\":{\"name\":\"Redactor\",\"@id\":\"https:\\\/\\\/bas-tv.md\\\/ro\\\/#\\\/schema\\\/person\\\/8740f45ea2eca1f1695284fc03529af0\"},\"headline\":\"Pilo\u021bii ucraineni au \u00eenceput s\u0103 foloseasc\u0103 avioanele F-16 \u00een luptele din Ucraina\",\"datePublished\":\"2024-08-05T11:00:53+00:00\",\"mainEntityOfPage\":{\"@id\":\"https:\\\/\\\/bas-tv.md\\\/ro\\\/pilotii-ucraineni-au-inceput-sa-foloseasca-avioanele-f-16-in-luptele-din-ucraina\\\/\"},\"wordCount\":287,\"publisher\":{\"@id\":\"https:\\\/\\\/bas-tv.md\\\/ro\\\/#organization\"},\"image\":{\"@id\":\"https:\\\/\\\/bas-tv.md\\\/ro\\\/pilotii-ucraineni-au-inceput-sa-foloseasca-avioanele-f-16-in-luptele-din-ucraina\\\/#primaryimage\"},\"thumbnailUrl\":\"https:\\\/\\\/bas-tv.md\\\/wp-content\\\/uploads\\\/2024\\\/08\\\/screenshot-2024-08-05-133653.jpg\",\"articleSection\":[\"Actualitate\",\"\u00cen lume\"],\"inLanguage\":\"ro-RO\"},{\"@type\":\"WebPage\",\"@id\":\"https:\\\/\\\/bas-tv.md\\\/ro\\\/pilotii-ucraineni-au-inceput-sa-foloseasca-avioanele-f-16-in-luptele-din-ucraina\\\/\",\"url\":\"https:\\\/\\\/bas-tv.md\\\/ro\\\/pilotii-ucraineni-au-inceput-sa-foloseasca-avioanele-f-16-in-luptele-din-ucraina\\\/\",\"name\":\"Pilo\u021bii ucraineni au \u00eenceput s\u0103 foloseasc\u0103 avioanele F-16 \u00een luptele din Ucraina - BasTV\",\"isPartOf\":{\"@id\":\"https:\\\/\\\/bas-tv.md\\\/ro\\\/#website\"},\"primaryImageOfPage\":{\"@id\":\"https:\\\/\\\/bas-tv.md\\\/ro\\\/pilotii-ucraineni-au-inceput-sa-foloseasca-avioanele-f-16-in-luptele-din-ucraina\\\/#primaryimage\"},\"image\":{\"@id\":\"https:\\\/\\\/bas-tv.md\\\/ro\\\/pilotii-ucraineni-au-inceput-sa-foloseasca-avioanele-f-16-in-luptele-din-ucraina\\\/#primaryimage\"},\"thumbnailUrl\":\"https:\\\/\\\/bas-tv.md\\\/wp-content\\\/uploads\\\/2024\\\/08\\\/screenshot-2024-08-05-133653.jpg\",\"datePublished\":\"2024-08-05T11:00:53+00:00\",\"description\":\"Pilo\u021bii ucraineni au \u00eenceput s\u0103 zboare cu aeronave F-16 pentru opera\u021biuni \u00een interiorul \u021b\u0103rii, a declarat duminic\u0103 pre\u0219edintele Volodimir Zelenski. Acesta a confirmat sosirea mult a\u0219teptat\u0103 a avioanelor de lupt\u0103 fabricate \u00een SUA, la mai bine de 29 de luni de la invazia pe scar\u0103 larg\u0103 a Rusiei.\",\"inLanguage\":\"ro-RO\",\"potentialAction\":[{\"@type\":\"ReadAction\",\"target\":[\"https:\\\/\\\/bas-tv.md\\\/ro\\\/pilotii-ucraineni-au-inceput-sa-foloseasca-avioanele-f-16-in-luptele-din-ucraina\\\/\"]}]},{\"@type\":\"ImageObject\",\"inLanguage\":\"ro-RO\",\"@id\":\"https:\\\/\\\/bas-tv.md\\\/ro\\\/pilotii-ucraineni-au-inceput-sa-foloseasca-avioanele-f-16-in-luptele-din-ucraina\\\/#primaryimage\",\"url\":\"https:\\\/\\\/bas-tv.md\\\/wp-content\\\/uploads\\\/2024\\\/08\\\/screenshot-2024-08-05-133653.jpg\",\"contentUrl\":\"https:\\\/\\\/bas-tv.md\\\/wp-content\\\/uploads\\\/2024\\\/08\\\/screenshot-2024-08-05-133653.jpg\",\"width\":1247,\"height\":704},{\"@type\":\"WebSite\",\"@id\":\"https:\\\/\\\/bas-tv.md\\\/ro\\\/#website\",\"url\":\"https:\\\/\\\/bas-tv.md\\\/ro\\\/\",\"name\":\"BasTV\",\"description\":\"Moldova\",\"publisher\":{\"@id\":\"https:\\\/\\\/bas-tv.md\\\/ro\\\/#organization\"},\"potentialAction\":[{\"@type\":\"SearchAction\",\"target\":{\"@type\":\"EntryPoint\",\"urlTemplate\":\"https:\\\/\\\/bas-tv.md\\\/ro\\\/?s={search_term_string}\"},\"query-input\":{\"@type\":\"PropertyValueSpecification\",\"valueRequired\":true,\"valueName\":\"search_term_string\"}}],\"inLanguage\":\"ro-RO\"},{\"@type\":\"Organization\",\"@id\":\"https:\\\/\\\/bas-tv.md\\\/ro\\\/#organization\",\"name\":\"BasTV\",\"url\":\"https:\\\/\\\/bas-tv.md\\\/ro\\\/\",\"logo\":{\"@type\":\"ImageObject\",\"inLanguage\":\"ro-RO\",\"@id\":\"https:\\\/\\\/bas-tv.md\\\/ro\\\/#\\\/schema\\\/logo\\\/image\\\/\",\"url\":\"https:\\\/\\\/bas-tv.md\\\/wp-content\\\/uploads\\\/2023\\\/05\\\/bas-tv-culoarea-rosie.png\",\"contentUrl\":\"https:\\\/\\\/bas-tv.md\\\/wp-content\\\/uploads\\\/2023\\\/05\\\/bas-tv-culoarea-rosie.png\",\"width\":202,\"height\":50,\"caption\":\"BasTV\"},\"image\":{\"@id\":\"https:\\\/\\\/bas-tv.md\\\/ro\\\/#\\\/schema\\\/logo\\\/image\\\/\"}},{\"@type\":\"Person\",\"@id\":\"https:\\\/\\\/bas-tv.md\\\/ro\\\/#\\\/schema\\\/person\\\/8740f45ea2eca1f1695284fc03529af0\",\"name\":\"Redactor\",\"image\":{\"@type\":\"ImageObject\",\"inLanguage\":\"ro-RO\",\"@id\":\"https:\\\/\\\/bas-tv.md\\\/wp-content\\\/litespeed\\\/avatar\\\/91c0586f3f6f4396a4ec1287c965eeeb.jpg?ver=1776950945\",\"url\":\"https:\\\/\\\/bas-tv.md\\\/wp-content\\\/litespeed\\\/avatar\\\/91c0586f3f6f4396a4ec1287c965eeeb.jpg?ver=1776950945\",\"contentUrl\":\"https:\\\/\\\/bas-tv.md\\\/wp-content\\\/litespeed\\\/avatar\\\/91c0586f3f6f4396a4ec1287c965eeeb.jpg?ver=1776950945\",\"caption\":\"Redactor\"},\"url\":\"https:\\\/\\\/bas-tv.md\\\/ro\\\/author\\\/redactor\\\/\"}]}<\/script>\n<!-- \/ Yoast SEO plugin. -->","yoast_head_json":{"title":"Pilo\u021bii ucraineni au \u00eenceput s\u0103 foloseasc\u0103 avioanele F-16 \u00een luptele din Ucraina - BasTV","description":"Pilo\u021bii ucraineni au \u00eenceput s\u0103 zboare cu aeronave F-16 pentru opera\u021biuni \u00een interiorul \u021b\u0103rii, a declarat duminic\u0103 pre\u0219edintele Volodimir Zelenski. Acesta a confirmat sosirea mult a\u0219teptat\u0103 a avioanelor de lupt\u0103 fabricate \u00een SUA, la mai bine de 29 de luni de la invazia pe scar\u0103 larg\u0103 a Rusiei.","robots":{"index":"index","follow":"follow","max-snippet":"max-snippet:-1","max-image-preview":"max-image-preview:large","max-video-preview":"max-video-preview:-1"},"canonical":"https:\/\/bas-tv.md\/ro\/pilotii-ucraineni-au-inceput-sa-foloseasca-avioanele-f-16-in-luptele-din-ucraina\/","og_locale":"ro_RO","og_type":"article","og_title":"Pilo\u021bii ucraineni au \u00eenceput s\u0103 foloseasc\u0103 avioanele F-16 \u00een luptele din Ucraina - BasTV","og_description":"Pilo\u021bii ucraineni au \u00eenceput s\u0103 zboare cu aeronave F-16 pentru opera\u021biuni \u00een interiorul \u021b\u0103rii, a declarat duminic\u0103 pre\u0219edintele Volodimir Zelenski. Acesta a confirmat sosirea mult a\u0219teptat\u0103 a avioanelor de lupt\u0103 fabricate \u00een SUA, la mai bine de 29 de luni de la invazia pe scar\u0103 larg\u0103 a Rusiei.","og_url":"https:\/\/bas-tv.md\/ro\/pilotii-ucraineni-au-inceput-sa-foloseasca-avioanele-f-16-in-luptele-din-ucraina\/","og_site_name":"BasTV","article_published_time":"2024-08-05T11:00:53+00:00","og_image":[{"width":1247,"height":704,"url":"https:\/\/bas-tv.md\/wp-content\/uploads\/2024\/08\/screenshot-2024-08-05-133653.jpg","type":"image\/jpeg"}],"author":"Redactor","twitter_card":"summary_large_image","twitter_misc":{"Scris de":"Redactor","Timp estimat pentru citire":"2 minute"},"schema":{"@context":"https:\/\/schema.org","@graph":[{"@type":"Article","@id":"https:\/\/bas-tv.md\/ro\/pilotii-ucraineni-au-inceput-sa-foloseasca-avioanele-f-16-in-luptele-din-ucraina\/#article","isPartOf":{"@id":"https:\/\/bas-tv.md\/ro\/pilotii-ucraineni-au-inceput-sa-foloseasca-avioanele-f-16-in-luptele-din-ucraina\/"},"author":{"name":"Redactor","@id":"https:\/\/bas-tv.md\/ro\/#\/schema\/person\/8740f45ea2eca1f1695284fc03529af0"},"headline":"Pilo\u021bii ucraineni au \u00eenceput s\u0103 foloseasc\u0103 avioanele F-16 \u00een luptele din Ucraina","datePublished":"2024-08-05T11:00:53+00:00","mainEntityOfPage":{"@id":"https:\/\/bas-tv.md\/ro\/pilotii-ucraineni-au-inceput-sa-foloseasca-avioanele-f-16-in-luptele-din-ucraina\/"},"wordCount":287,"publisher":{"@id":"https:\/\/bas-tv.md\/ro\/#organization"},"image":{"@id":"https:\/\/bas-tv.md\/ro\/pilotii-ucraineni-au-inceput-sa-foloseasca-avioanele-f-16-in-luptele-din-ucraina\/#primaryimage"},"thumbnailUrl":"https:\/\/bas-tv.md\/wp-content\/uploads\/2024\/08\/screenshot-2024-08-05-133653.jpg","articleSection":["Actualitate","\u00cen lume"],"inLanguage":"ro-RO"},{"@type":"WebPage","@id":"https:\/\/bas-tv.md\/ro\/pilotii-ucraineni-au-inceput-sa-foloseasca-avioanele-f-16-in-luptele-din-ucraina\/","url":"https:\/\/bas-tv.md\/ro\/pilotii-ucraineni-au-inceput-sa-foloseasca-avioanele-f-16-in-luptele-din-ucraina\/","name":"Pilo\u021bii ucraineni au \u00eenceput s\u0103 foloseasc\u0103 avioanele F-16 \u00een luptele din Ucraina - BasTV","isPartOf":{"@id":"https:\/\/bas-tv.md\/ro\/#website"},"primaryImageOfPage":{"@id":"https:\/\/bas-tv.md\/ro\/pilotii-ucraineni-au-inceput-sa-foloseasca-avioanele-f-16-in-luptele-din-ucraina\/#primaryimage"},"image":{"@id":"https:\/\/bas-tv.md\/ro\/pilotii-ucraineni-au-inceput-sa-foloseasca-avioanele-f-16-in-luptele-din-ucraina\/#primaryimage"},"thumbnailUrl":"https:\/\/bas-tv.md\/wp-content\/uploads\/2024\/08\/screenshot-2024-08-05-133653.jpg","datePublished":"2024-08-05T11:00:53+00:00","description":"Pilo\u021bii ucraineni au \u00eenceput s\u0103 zboare cu aeronave F-16 pentru opera\u021biuni \u00een interiorul \u021b\u0103rii, a declarat duminic\u0103 pre\u0219edintele Volodimir Zelenski. Acesta a confirmat sosirea mult a\u0219teptat\u0103 a avioanelor de lupt\u0103 fabricate \u00een SUA, la mai bine de 29 de luni de la invazia pe scar\u0103 larg\u0103 a Rusiei.","inLanguage":"ro-RO","potentialAction":[{"@type":"ReadAction","target":["https:\/\/bas-tv.md\/ro\/pilotii-ucraineni-au-inceput-sa-foloseasca-avioanele-f-16-in-luptele-din-ucraina\/"]}]},{"@type":"ImageObject","inLanguage":"ro-RO","@id":"https:\/\/bas-tv.md\/ro\/pilotii-ucraineni-au-inceput-sa-foloseasca-avioanele-f-16-in-luptele-din-ucraina\/#primaryimage","url":"https:\/\/bas-tv.md\/wp-content\/uploads\/2024\/08\/screenshot-2024-08-05-133653.jpg","contentUrl":"https:\/\/bas-tv.md\/wp-content\/uploads\/2024\/08\/screenshot-2024-08-05-133653.jpg","width":1247,"height":704},{"@type":"WebSite","@id":"https:\/\/bas-tv.md\/ro\/#website","url":"https:\/\/bas-tv.md\/ro\/","name":"BasTV","description":"Moldova","publisher":{"@id":"https:\/\/bas-tv.md\/ro\/#organization"},"potentialAction":[{"@type":"SearchAction","target":{"@type":"EntryPoint","urlTemplate":"https:\/\/bas-tv.md\/ro\/?s={search_term_string}"},"query-input":{"@type":"PropertyValueSpecification","valueRequired":true,"valueName":"search_term_string"}}],"inLanguage":"ro-RO"},{"@type":"Organization","@id":"https:\/\/bas-tv.md\/ro\/#organization","name":"BasTV","url":"https:\/\/bas-tv.md\/ro\/","logo":{"@type":"ImageObject","inLanguage":"ro-RO","@id":"https:\/\/bas-tv.md\/ro\/#\/schema\/logo\/image\/","url":"https:\/\/bas-tv.md\/wp-content\/uploads\/2023\/05\/bas-tv-culoarea-rosie.png","contentUrl":"https:\/\/bas-tv.md\/wp-content\/uploads\/2023\/05\/bas-tv-culoarea-rosie.png","width":202,"height":50,"caption":"BasTV"},"image":{"@id":"https:\/\/bas-tv.md\/ro\/#\/schema\/logo\/image\/"}},{"@type":"Person","@id":"https:\/\/bas-tv.md\/ro\/#\/schema\/person\/8740f45ea2eca1f1695284fc03529af0","name":"Redactor","image":{"@type":"ImageObject","inLanguage":"ro-RO","@id":"https:\/\/bas-tv.md\/wp-content\/litespeed\/avatar\/91c0586f3f6f4396a4ec1287c965eeeb.jpg?ver=1776950945","url":"https:\/\/bas-tv.md\/wp-content\/litespeed\/avatar\/91c0586f3f6f4396a4ec1287c965eeeb.jpg?ver=1776950945","contentUrl":"https:\/\/bas-tv.md\/wp-content\/litespeed\/avatar\/91c0586f3f6f4396a4ec1287c965eeeb.jpg?ver=1776950945","caption":"Redactor"},"url":"https:\/\/bas-tv.md\/ro\/author\/redactor\/"}]}},"views":253,"_links":{"self":[{"href":"https:\/\/bas-tv.md\/ro\/wp-json\/wp\/v2\/posts\/125766","targetHints":{"allow":["GET"]}}],"collection":[{"href":"https:\/\/bas-tv.md\/ro\/wp-json\/wp\/v2\/posts"}],"about":[{"href":"https:\/\/bas-tv.md\/ro\/wp-json\/wp\/v2\/types\/post"}],"author":[{"embeddable":true,"href":"https:\/\/bas-tv.md\/ro\/wp-json\/wp\/v2\/users\/3"}],"replies":[{"embeddable":true,"href":"https:\/\/bas-tv.md\/ro\/wp-json\/wp\/v2\/comments?post=125766"}],"version-history":[{"count":2,"href":"https:\/\/bas-tv.md\/ro\/wp-json\/wp\/v2\/posts\/125766\/revisions"}],"predecessor-version":[{"id":125771,"href":"https:\/\/bas-tv.md\/ro\/wp-json\/wp\/v2\/posts\/125766\/revisions\/125771"}],"wp:featuredmedia":[{"embeddable":true,"href":"https:\/\/bas-tv.md\/ro\/wp-json\/wp\/v2\/media\/125769"}],"wp:attachment":[{"href":"https:\/\/bas-tv.md\/ro\/wp-json\/wp\/v2\/media?parent=125766"}],"wp:term":[{"taxonomy":"category","embeddable":true,"href":"https:\/\/bas-tv.md\/ro\/wp-json\/wp\/v2\/categories?post=125766"},{"taxonomy":"post_tag","embeddable":true,"href":"https:\/\/bas-tv.md\/ro\/wp-json\/wp\/v2\/tags?post=125766"}],"curies":[{"name":"wp","href":"https:\/\/api.w.org\/{rel}","templated":true}]}}