{"id":126175,"date":"2024-08-11T15:00:19","date_gmt":"2024-08-11T12:00:19","guid":{"rendered":"https:\/\/bas-tv.md\/?p=126175"},"modified":"2024-08-11T09:32:44","modified_gmt":"2024-08-11T06:32:44","slug":"redactia-bastv-invita-in-echipa-noi-angajati-ce-posturi-oferim","status":"publish","type":"post","link":"https:\/\/bas-tv.md\/ro\/redactia-bastv-invita-in-echipa-noi-angajati-ce-posturi-oferim\/","title":{"rendered":"Redac\u021bia BAStv invit\u0103 \u00een echip\u0103 noi angaja\u021bi: ce posturi oferim"},"content":{"rendered":"<p><b>Redac\u021bia BAStv \u00ee\u0219i extinde echipa \u0219i invit\u0103 noi angaja\u021bi: jurnalist pentru site, prezentator de \u0219tiri \u0219i emisiuni la radio, coordonator al redac\u021biei de tineret \u0219i manager de v\u00e2nz\u0103ri.\u00a0\u00a0<\/b><\/p>\n<p><span style=\"font-weight: 400;\">Pentru a deveni membru al echipei noastre prietenoase \u0219i profesioniste, este necesar, \u00een primul r\u00e2nd, s\u0103 dori\u021bi s\u0103 lucra\u021bi \u00een domeniul mass-media, s\u0103 fi\u021bi responsabil, creativ, cult \u0219i s\u0103 iubi\u021bi s\u0103 \u00eenv\u0103\u021ba\u021bi lucruri noi \u0219i interesante. Cu toate celelalte v\u0103 vom ajuta noi. Educa\u021bia \u0219i experien\u021ba de munc\u0103 sunt binevenite, dar nu obligatorii. Sunt posibile angajarea cu norm\u0103 par\u021bial\u0103 \u0219i un regim combinat de munc\u0103 \u2013 la birou \u0219i de la distan\u021b\u0103.<\/span><\/p>\n<p><span style=\"font-weight: 400;\">A\u0219adar, ce a\u0219tept\u0103m de la dvs. \u0219i ce v\u0103 putem oferi?<\/span><\/p>\n<h4><b>Jurnalist pentru site\u00a0<\/b><\/h4>\n<p><span style=\"font-weight: 400;\">Ce trebuie s\u0103 \u0219tie \u0219i s\u0103 poat\u0103 face:\u00a0\u00a0<\/span><\/p>\n<p><span style=\"font-weight: 400;\">&#8211; s\u0103 poat\u0103 exprima corect \u0219i clar g\u00e2ndurile sale \u0219i s\u0103 scrie \u00een limba rom\u00e2n\u0103;<\/span><\/p>\n<p><span style=\"font-weight: 400;\">&#8211; s\u0103 \u00een\u021beleag\u0103 limba rus\u0103;<\/span><\/p>\n<p><span style=\"font-weight: 400;\">&#8211; s\u0103 fie la curent cu evenimentele actuale din raion, \u021bar\u0103 \u0219i din lume;<\/span><\/p>\n<p><span style=\"font-weight: 400;\">&#8211; s\u0103 fie poat\u0103 folosi \u00eencrez\u0103tor PC-ul;<\/span><\/p>\n<p><span style=\"font-weight: 400;\">&#8211; s\u0103 fie interesat de tot ce se \u00eent\u00e2mpl\u0103 \u00een jur \u0219i s\u0103 nu ezite s\u0103 pun\u0103 \u00eentreb\u0103ri;<\/span><\/p>\n<p><span style=\"font-weight: 400;\">&#8211; s\u0103 \u0219tie \u0219i s\u0103 iubeasc\u0103 s\u0103 comunice cu oamenii.<\/span><\/p>\n<h4><b>Prezentator de \u0219tiri \u0219i emisiuni la radio<\/b><\/h4>\n<p><span style=\"font-weight: 400;\">Ce trebuie s\u0103 \u0219tie \u0219i s\u0103 poat\u0103 face:\u00a0\u00a0<\/span><\/p>\n<p><span style=\"font-weight: 400;\">&#8211; s\u0103 poat\u0103 exprima corect \u0219i clar g\u00e2ndurile sale \u00een limba rom\u00e2n\u0103;<\/span><\/p>\n<p><span style=\"font-weight: 400;\">&#8211; s\u0103 \u00een\u021beleag\u0103 limba rus\u0103;<\/span><\/p>\n<p><span style=\"font-weight: 400;\">&#8211; s\u0103 aib\u0103 o voce pl\u0103cut\u0103 \u0219i o dic\u021bie bun\u0103;<\/span><\/p>\n<p><span style=\"font-weight: 400;\">&#8211; s\u0103 fie la curent cu evenimentele actuale din raion, \u021bar\u0103 \u0219i din lume;<\/span><\/p>\n<p><span style=\"font-weight: 400;\">&#8211; s\u0103 aib\u0103 abilit\u0103\u021bi bune de lucru la calculator;<\/span><\/p>\n<p><span style=\"font-weight: 400;\">&#8211; s\u0103 \u0219tie s\u0103 comunice cu oamenii.<\/span><\/p>\n<h4><b>Coordonator al redac\u021biei de tineret BAStv<\/b><\/h4>\n<p><span style=\"font-weight: 400;\">Ce trebuie s\u0103 \u0219tie \u0219i s\u0103 poat\u0103 face:\u00a0\u00a0<\/span><\/p>\n<p><span style=\"font-weight: 400;\">&#8211; s\u0103 \u0219tie \u0219i s\u0103 iubeasc\u0103 s\u0103 comunice cu adolescen\u021bii;<\/span><\/p>\n<p><span style=\"font-weight: 400;\">&#8211; s\u0103 cunoasc\u0103 limbile rom\u00e2n\u0103 \u0219i rus\u0103;<\/span><\/p>\n<p><span style=\"font-weight: 400;\">&#8211; s\u0103 poat\u0103 exprima corect \u0219i clar g\u00e2ndurile sale, at\u00e2t \u00een scris, c\u00e2t \u0219i verbal;<\/span><\/p>\n<p><span style=\"font-weight: 400;\">&#8211; s\u0103 fie la curent cu tendin\u021bele din re\u021belele de socializare: Instagram, TikTok, Facebook, Telegram;<\/span><\/p>\n<p><span style=\"font-weight: 400;\">&#8211; s\u0103 fie poat\u0103 folosi \u00eencrez\u0103tor PC-ul;<\/span><\/p>\n<h4><b>Manager de v\u00e2nz\u0103ri<\/b><\/h4>\n<p><span style=\"font-weight: 400;\">Ce trebuie s\u0103 \u0219tie \u0219i s\u0103 poat\u0103 face:\u00a0\u00a0<\/span><\/p>\n<p><span style=\"font-weight: 400;\">&#8211; s\u0103 aib\u0103 cuno\u0219tin\u021be de marketing \u0219i publicitate \u00een mass-media \u0219i \u00een mediul online;<\/span><\/p>\n<p><span style=\"font-weight: 400;\">&#8211; s\u0103 cunoasc\u0103 limbile rus\u0103 \u0219i rom\u00e2n\u0103 cel pu\u021bin la nivel de comunicare;<\/span><\/p>\n<p><span style=\"font-weight: 400;\">&#8211; s\u0103 fie activ, comunicativ \u0219i curios.<\/span><\/p>\n<h4><b>Ce oferim angaja\u021bilor:<\/b><\/h4>\n<p><span style=\"font-weight: 400;\">&#8211; angajare oficial\u0103;<\/span><\/p>\n<p><span style=\"font-weight: 400;\">&#8211; salariu decent, cu perspective de cre\u0219tere;<\/span><\/p>\n<p><span style=\"font-weight: 400;\">&#8211; formare profesional\u0103 la locul de munc\u0103;<\/span><\/p>\n<p><span style=\"font-weight: 400;\">&#8211; condi\u021bii bune de munc\u0103 la birou;<\/span><\/p>\n<p><span style=\"font-weight: 400;\">&#8211; posibilitatea de a lucra de la distan\u021b\u0103;<\/span><\/p>\n<p><span style=\"font-weight: 400;\">&#8211; program de lucru flexibil;<\/span><\/p>\n<p><span style=\"font-weight: 400;\">&#8211; un climat psihologic bun \u00een colectiv;<\/span><\/p>\n<p><span style=\"font-weight: 400;\">&#8211; traininguri, instruiri de la exper\u021bi na\u021bionali \u0219i interna\u021bionali, at\u00e2t \u00een Moldova, c\u00e2t \u0219i \u00een afara ei.<\/span><\/p>\n<p><span style=\"font-weight: 400;\">Dac\u0103 oferta noastr\u0103 v\u0103 intereseaz\u0103, trimite\u021bi CV-ul dvs. la adresa <span style=\"text-decoration: underline;\">bastv.md@gmail.com<\/span>. Ne pute\u021bi contacta, de asemenea, printr-un mesaj pe pagina BAStv pe re\u021belele de socializare sau la num\u0103rul de telefon: 067428515 (\u00een timpul orelor de lucru).<\/span><\/p>\n<p><b>Abona\u021bi-v\u0103 la noi pe re\u021bele sociale:\u00a0<\/b><a href=\"https:\/\/t.me\/bastvmd\"><b><i>Telegram<\/i><\/b><\/a><b>,\u00a0<\/b><a href=\"https:\/\/www.youtube.com\/channel\/UC-9005PnLnhpNM8PVSjP2dQ\/featured\"><b><i>YouTube<\/i><\/b><\/a><b>,\u00a0<\/b><a href=\"https:\/\/www.facebook.com\/bastv.md\"><b><i>Facebook<\/i><\/b><\/a>\u00a0<strong>\u0219i\u00a0<\/strong><a href=\"https:\/\/www.instagram.com\/bastv.md\/\"><b><i>Instagram<\/i><\/b><\/a><b>. Aici public\u0103m \u0219tiri pe scurt!<\/b><\/p>\n","protected":false},"excerpt":{"rendered":"<p>Redac\u021bia BAStv \u00ee\u0219i extinde echipa \u0219i invit\u0103 noi angaja\u021bi: jurnalist pentru site, prezentator de \u0219tiri \u0219i emisiuni la radio, coordonator al redac\u021biei de tineret \u0219i manager de v\u00e2nz\u0103ri.\u00a0\u00a0 Pentru a deveni membru al echipei noastre prietenoase \u0219i profesioniste, este necesar, \u00een primul r\u00e2nd, s\u0103 dori\u021bi s\u0103 lucra\u021bi \u00een domeniul mass-media, s\u0103 fi\u021bi responsabil, creativ, cult [&hellip;]<\/p>\n","protected":false},"author":3,"featured_media":126183,"comment_status":"closed","ping_status":"closed","sticky":false,"template":"","format":"standard","meta":{"footnotes":""},"categories":[219,574],"tags":[],"class_list":["post-126175","post","type-post","status-publish","format-standard","has-post-thumbnail","hentry","category-anunturi","category-util"],"yoast_head":"<!-- This site is optimized with the Yoast SEO plugin v27.5 - https:\/\/yoast.com\/product\/yoast-seo-wordpress\/ -->\n<title>Redac\u021bia BAStv invit\u0103 \u00een echip\u0103 noi angaja\u021bi: ce posturi oferim - BasTV<\/title>\n<meta name=\"description\" content=\"Redac\u021bia BAStv \u00ee\u0219i extinde echipa \u0219i invit\u0103 noi angaja\u021bi: jurnalist pentru site, prezentator de \u0219tiri \u0219i emisiuni la radio, coordonator al redac\u021biei de tineret \u0219i manager de v\u00e2nz\u0103ri.\u00a0\u00a0\" \/>\n<meta name=\"robots\" content=\"index, follow, max-snippet:-1, max-image-preview:large, max-video-preview:-1\" \/>\n<link rel=\"canonical\" href=\"https:\/\/bas-tv.md\/ro\/redactia-bastv-invita-in-echipa-noi-angajati-ce-posturi-oferim\/\" \/>\n<meta property=\"og:locale\" content=\"ro_RO\" \/>\n<meta property=\"og:type\" content=\"article\" \/>\n<meta property=\"og:title\" content=\"Redac\u021bia BAStv invit\u0103 \u00een echip\u0103 noi angaja\u021bi: ce posturi oferim - BasTV\" \/>\n<meta property=\"og:description\" content=\"Redac\u021bia BAStv \u00ee\u0219i extinde echipa \u0219i invit\u0103 noi angaja\u021bi: jurnalist pentru site, prezentator de \u0219tiri \u0219i emisiuni la radio, coordonator al redac\u021biei de tineret \u0219i manager de v\u00e2nz\u0103ri.\u00a0\u00a0\" \/>\n<meta property=\"og:url\" content=\"https:\/\/bas-tv.md\/ro\/redactia-bastv-invita-in-echipa-noi-angajati-ce-posturi-oferim\/\" \/>\n<meta property=\"og:site_name\" content=\"BasTV\" \/>\n<meta property=\"article:published_time\" content=\"2024-08-11T12:00:19+00:00\" \/>\n<meta property=\"og:image\" content=\"https:\/\/bas-tv.md\/wp-content\/uploads\/2024\/08\/2023-09-25-19.08.41.jpg\" \/>\n\t<meta property=\"og:image:width\" content=\"2560\" \/>\n\t<meta property=\"og:image:height\" content=\"1922\" \/>\n\t<meta property=\"og:image:type\" content=\"image\/jpeg\" \/>\n<meta name=\"author\" content=\"Redactor\" \/>\n<meta name=\"twitter:card\" content=\"summary_large_image\" \/>\n<meta name=\"twitter:label1\" content=\"Scris de\" \/>\n\t<meta name=\"twitter:data1\" content=\"Redactor\" \/>\n\t<meta name=\"twitter:label2\" content=\"Timp estimat pentru citire\" \/>\n\t<meta name=\"twitter:data2\" content=\"3 minute\" \/>\n<script type=\"application\/ld+json\" class=\"yoast-schema-graph\">{\"@context\":\"https:\\\/\\\/schema.org\",\"@graph\":[{\"@type\":\"Article\",\"@id\":\"https:\\\/\\\/bas-tv.md\\\/ro\\\/redactia-bastv-invita-in-echipa-noi-angajati-ce-posturi-oferim\\\/#article\",\"isPartOf\":{\"@id\":\"https:\\\/\\\/bas-tv.md\\\/ro\\\/redactia-bastv-invita-in-echipa-noi-angajati-ce-posturi-oferim\\\/\"},\"author\":{\"name\":\"Redactor\",\"@id\":\"https:\\\/\\\/bas-tv.md\\\/ro\\\/#\\\/schema\\\/person\\\/8740f45ea2eca1f1695284fc03529af0\"},\"headline\":\"Redac\u021bia BAStv invit\u0103 \u00een echip\u0103 noi angaja\u021bi: ce posturi oferim\",\"datePublished\":\"2024-08-11T12:00:19+00:00\",\"mainEntityOfPage\":{\"@id\":\"https:\\\/\\\/bas-tv.md\\\/ro\\\/redactia-bastv-invita-in-echipa-noi-angajati-ce-posturi-oferim\\\/\"},\"wordCount\":565,\"publisher\":{\"@id\":\"https:\\\/\\\/bas-tv.md\\\/ro\\\/#organization\"},\"image\":{\"@id\":\"https:\\\/\\\/bas-tv.md\\\/ro\\\/redactia-bastv-invita-in-echipa-noi-angajati-ce-posturi-oferim\\\/#primaryimage\"},\"thumbnailUrl\":\"https:\\\/\\\/bas-tv.md\\\/wp-content\\\/uploads\\\/2024\\\/08\\\/2023-09-25-19.08.41.jpg\",\"articleSection\":[\"Anun\u021buri\",\"Util\"],\"inLanguage\":\"ro-RO\"},{\"@type\":\"WebPage\",\"@id\":\"https:\\\/\\\/bas-tv.md\\\/ro\\\/redactia-bastv-invita-in-echipa-noi-angajati-ce-posturi-oferim\\\/\",\"url\":\"https:\\\/\\\/bas-tv.md\\\/ro\\\/redactia-bastv-invita-in-echipa-noi-angajati-ce-posturi-oferim\\\/\",\"name\":\"Redac\u021bia BAStv invit\u0103 \u00een echip\u0103 noi angaja\u021bi: ce posturi oferim - BasTV\",\"isPartOf\":{\"@id\":\"https:\\\/\\\/bas-tv.md\\\/ro\\\/#website\"},\"primaryImageOfPage\":{\"@id\":\"https:\\\/\\\/bas-tv.md\\\/ro\\\/redactia-bastv-invita-in-echipa-noi-angajati-ce-posturi-oferim\\\/#primaryimage\"},\"image\":{\"@id\":\"https:\\\/\\\/bas-tv.md\\\/ro\\\/redactia-bastv-invita-in-echipa-noi-angajati-ce-posturi-oferim\\\/#primaryimage\"},\"thumbnailUrl\":\"https:\\\/\\\/bas-tv.md\\\/wp-content\\\/uploads\\\/2024\\\/08\\\/2023-09-25-19.08.41.jpg\",\"datePublished\":\"2024-08-11T12:00:19+00:00\",\"description\":\"Redac\u021bia BAStv \u00ee\u0219i extinde echipa \u0219i invit\u0103 noi angaja\u021bi: jurnalist pentru site, prezentator de \u0219tiri \u0219i emisiuni la radio, coordonator al redac\u021biei de tineret \u0219i manager de v\u00e2nz\u0103ri.\u00a0\u00a0\",\"inLanguage\":\"ro-RO\",\"potentialAction\":[{\"@type\":\"ReadAction\",\"target\":[\"https:\\\/\\\/bas-tv.md\\\/ro\\\/redactia-bastv-invita-in-echipa-noi-angajati-ce-posturi-oferim\\\/\"]}]},{\"@type\":\"ImageObject\",\"inLanguage\":\"ro-RO\",\"@id\":\"https:\\\/\\\/bas-tv.md\\\/ro\\\/redactia-bastv-invita-in-echipa-noi-angajati-ce-posturi-oferim\\\/#primaryimage\",\"url\":\"https:\\\/\\\/bas-tv.md\\\/wp-content\\\/uploads\\\/2024\\\/08\\\/2023-09-25-19.08.41.jpg\",\"contentUrl\":\"https:\\\/\\\/bas-tv.md\\\/wp-content\\\/uploads\\\/2024\\\/08\\\/2023-09-25-19.08.41.jpg\",\"width\":2560,\"height\":1922},{\"@type\":\"WebSite\",\"@id\":\"https:\\\/\\\/bas-tv.md\\\/ro\\\/#website\",\"url\":\"https:\\\/\\\/bas-tv.md\\\/ro\\\/\",\"name\":\"BasTV\",\"description\":\"Moldova\",\"publisher\":{\"@id\":\"https:\\\/\\\/bas-tv.md\\\/ro\\\/#organization\"},\"potentialAction\":[{\"@type\":\"SearchAction\",\"target\":{\"@type\":\"EntryPoint\",\"urlTemplate\":\"https:\\\/\\\/bas-tv.md\\\/ro\\\/?s={search_term_string}\"},\"query-input\":{\"@type\":\"PropertyValueSpecification\",\"valueRequired\":true,\"valueName\":\"search_term_string\"}}],\"inLanguage\":\"ro-RO\"},{\"@type\":\"Organization\",\"@id\":\"https:\\\/\\\/bas-tv.md\\\/ro\\\/#organization\",\"name\":\"BasTV\",\"url\":\"https:\\\/\\\/bas-tv.md\\\/ro\\\/\",\"logo\":{\"@type\":\"ImageObject\",\"inLanguage\":\"ro-RO\",\"@id\":\"https:\\\/\\\/bas-tv.md\\\/ro\\\/#\\\/schema\\\/logo\\\/image\\\/\",\"url\":\"https:\\\/\\\/bas-tv.md\\\/wp-content\\\/uploads\\\/2023\\\/05\\\/bas-tv-culoarea-rosie.png\",\"contentUrl\":\"https:\\\/\\\/bas-tv.md\\\/wp-content\\\/uploads\\\/2023\\\/05\\\/bas-tv-culoarea-rosie.png\",\"width\":202,\"height\":50,\"caption\":\"BasTV\"},\"image\":{\"@id\":\"https:\\\/\\\/bas-tv.md\\\/ro\\\/#\\\/schema\\\/logo\\\/image\\\/\"}},{\"@type\":\"Person\",\"@id\":\"https:\\\/\\\/bas-tv.md\\\/ro\\\/#\\\/schema\\\/person\\\/8740f45ea2eca1f1695284fc03529af0\",\"name\":\"Redactor\",\"image\":{\"@type\":\"ImageObject\",\"inLanguage\":\"ro-RO\",\"@id\":\"https:\\\/\\\/bas-tv.md\\\/wp-content\\\/litespeed\\\/avatar\\\/91c0586f3f6f4396a4ec1287c965eeeb.jpg?ver=1776950945\",\"url\":\"https:\\\/\\\/bas-tv.md\\\/wp-content\\\/litespeed\\\/avatar\\\/91c0586f3f6f4396a4ec1287c965eeeb.jpg?ver=1776950945\",\"contentUrl\":\"https:\\\/\\\/bas-tv.md\\\/wp-content\\\/litespeed\\\/avatar\\\/91c0586f3f6f4396a4ec1287c965eeeb.jpg?ver=1776950945\",\"caption\":\"Redactor\"},\"url\":\"https:\\\/\\\/bas-tv.md\\\/ro\\\/author\\\/redactor\\\/\"}]}<\/script>\n<!-- \/ Yoast SEO plugin. -->","yoast_head_json":{"title":"Redac\u021bia BAStv invit\u0103 \u00een echip\u0103 noi angaja\u021bi: ce posturi oferim - BasTV","description":"Redac\u021bia BAStv \u00ee\u0219i extinde echipa \u0219i invit\u0103 noi angaja\u021bi: jurnalist pentru site, prezentator de \u0219tiri \u0219i emisiuni la radio, coordonator al redac\u021biei de tineret \u0219i manager de v\u00e2nz\u0103ri.\u00a0\u00a0","robots":{"index":"index","follow":"follow","max-snippet":"max-snippet:-1","max-image-preview":"max-image-preview:large","max-video-preview":"max-video-preview:-1"},"canonical":"https:\/\/bas-tv.md\/ro\/redactia-bastv-invita-in-echipa-noi-angajati-ce-posturi-oferim\/","og_locale":"ro_RO","og_type":"article","og_title":"Redac\u021bia BAStv invit\u0103 \u00een echip\u0103 noi angaja\u021bi: ce posturi oferim - BasTV","og_description":"Redac\u021bia BAStv \u00ee\u0219i extinde echipa \u0219i invit\u0103 noi angaja\u021bi: jurnalist pentru site, prezentator de \u0219tiri \u0219i emisiuni la radio, coordonator al redac\u021biei de tineret \u0219i manager de v\u00e2nz\u0103ri.\u00a0\u00a0","og_url":"https:\/\/bas-tv.md\/ro\/redactia-bastv-invita-in-echipa-noi-angajati-ce-posturi-oferim\/","og_site_name":"BasTV","article_published_time":"2024-08-11T12:00:19+00:00","og_image":[{"width":2560,"height":1922,"url":"https:\/\/bas-tv.md\/wp-content\/uploads\/2024\/08\/2023-09-25-19.08.41.jpg","type":"image\/jpeg"}],"author":"Redactor","twitter_card":"summary_large_image","twitter_misc":{"Scris de":"Redactor","Timp estimat pentru citire":"3 minute"},"schema":{"@context":"https:\/\/schema.org","@graph":[{"@type":"Article","@id":"https:\/\/bas-tv.md\/ro\/redactia-bastv-invita-in-echipa-noi-angajati-ce-posturi-oferim\/#article","isPartOf":{"@id":"https:\/\/bas-tv.md\/ro\/redactia-bastv-invita-in-echipa-noi-angajati-ce-posturi-oferim\/"},"author":{"name":"Redactor","@id":"https:\/\/bas-tv.md\/ro\/#\/schema\/person\/8740f45ea2eca1f1695284fc03529af0"},"headline":"Redac\u021bia BAStv invit\u0103 \u00een echip\u0103 noi angaja\u021bi: ce posturi oferim","datePublished":"2024-08-11T12:00:19+00:00","mainEntityOfPage":{"@id":"https:\/\/bas-tv.md\/ro\/redactia-bastv-invita-in-echipa-noi-angajati-ce-posturi-oferim\/"},"wordCount":565,"publisher":{"@id":"https:\/\/bas-tv.md\/ro\/#organization"},"image":{"@id":"https:\/\/bas-tv.md\/ro\/redactia-bastv-invita-in-echipa-noi-angajati-ce-posturi-oferim\/#primaryimage"},"thumbnailUrl":"https:\/\/bas-tv.md\/wp-content\/uploads\/2024\/08\/2023-09-25-19.08.41.jpg","articleSection":["Anun\u021buri","Util"],"inLanguage":"ro-RO"},{"@type":"WebPage","@id":"https:\/\/bas-tv.md\/ro\/redactia-bastv-invita-in-echipa-noi-angajati-ce-posturi-oferim\/","url":"https:\/\/bas-tv.md\/ro\/redactia-bastv-invita-in-echipa-noi-angajati-ce-posturi-oferim\/","name":"Redac\u021bia BAStv invit\u0103 \u00een echip\u0103 noi angaja\u021bi: ce posturi oferim - BasTV","isPartOf":{"@id":"https:\/\/bas-tv.md\/ro\/#website"},"primaryImageOfPage":{"@id":"https:\/\/bas-tv.md\/ro\/redactia-bastv-invita-in-echipa-noi-angajati-ce-posturi-oferim\/#primaryimage"},"image":{"@id":"https:\/\/bas-tv.md\/ro\/redactia-bastv-invita-in-echipa-noi-angajati-ce-posturi-oferim\/#primaryimage"},"thumbnailUrl":"https:\/\/bas-tv.md\/wp-content\/uploads\/2024\/08\/2023-09-25-19.08.41.jpg","datePublished":"2024-08-11T12:00:19+00:00","description":"Redac\u021bia BAStv \u00ee\u0219i extinde echipa \u0219i invit\u0103 noi angaja\u021bi: jurnalist pentru site, prezentator de \u0219tiri \u0219i emisiuni la radio, coordonator al redac\u021biei de tineret \u0219i manager de v\u00e2nz\u0103ri.\u00a0\u00a0","inLanguage":"ro-RO","potentialAction":[{"@type":"ReadAction","target":["https:\/\/bas-tv.md\/ro\/redactia-bastv-invita-in-echipa-noi-angajati-ce-posturi-oferim\/"]}]},{"@type":"ImageObject","inLanguage":"ro-RO","@id":"https:\/\/bas-tv.md\/ro\/redactia-bastv-invita-in-echipa-noi-angajati-ce-posturi-oferim\/#primaryimage","url":"https:\/\/bas-tv.md\/wp-content\/uploads\/2024\/08\/2023-09-25-19.08.41.jpg","contentUrl":"https:\/\/bas-tv.md\/wp-content\/uploads\/2024\/08\/2023-09-25-19.08.41.jpg","width":2560,"height":1922},{"@type":"WebSite","@id":"https:\/\/bas-tv.md\/ro\/#website","url":"https:\/\/bas-tv.md\/ro\/","name":"BasTV","description":"Moldova","publisher":{"@id":"https:\/\/bas-tv.md\/ro\/#organization"},"potentialAction":[{"@type":"SearchAction","target":{"@type":"EntryPoint","urlTemplate":"https:\/\/bas-tv.md\/ro\/?s={search_term_string}"},"query-input":{"@type":"PropertyValueSpecification","valueRequired":true,"valueName":"search_term_string"}}],"inLanguage":"ro-RO"},{"@type":"Organization","@id":"https:\/\/bas-tv.md\/ro\/#organization","name":"BasTV","url":"https:\/\/bas-tv.md\/ro\/","logo":{"@type":"ImageObject","inLanguage":"ro-RO","@id":"https:\/\/bas-tv.md\/ro\/#\/schema\/logo\/image\/","url":"https:\/\/bas-tv.md\/wp-content\/uploads\/2023\/05\/bas-tv-culoarea-rosie.png","contentUrl":"https:\/\/bas-tv.md\/wp-content\/uploads\/2023\/05\/bas-tv-culoarea-rosie.png","width":202,"height":50,"caption":"BasTV"},"image":{"@id":"https:\/\/bas-tv.md\/ro\/#\/schema\/logo\/image\/"}},{"@type":"Person","@id":"https:\/\/bas-tv.md\/ro\/#\/schema\/person\/8740f45ea2eca1f1695284fc03529af0","name":"Redactor","image":{"@type":"ImageObject","inLanguage":"ro-RO","@id":"https:\/\/bas-tv.md\/wp-content\/litespeed\/avatar\/91c0586f3f6f4396a4ec1287c965eeeb.jpg?ver=1776950945","url":"https:\/\/bas-tv.md\/wp-content\/litespeed\/avatar\/91c0586f3f6f4396a4ec1287c965eeeb.jpg?ver=1776950945","contentUrl":"https:\/\/bas-tv.md\/wp-content\/litespeed\/avatar\/91c0586f3f6f4396a4ec1287c965eeeb.jpg?ver=1776950945","caption":"Redactor"},"url":"https:\/\/bas-tv.md\/ro\/author\/redactor\/"}]}},"views":391,"_links":{"self":[{"href":"https:\/\/bas-tv.md\/ro\/wp-json\/wp\/v2\/posts\/126175","targetHints":{"allow":["GET"]}}],"collection":[{"href":"https:\/\/bas-tv.md\/ro\/wp-json\/wp\/v2\/posts"}],"about":[{"href":"https:\/\/bas-tv.md\/ro\/wp-json\/wp\/v2\/types\/post"}],"author":[{"embeddable":true,"href":"https:\/\/bas-tv.md\/ro\/wp-json\/wp\/v2\/users\/3"}],"replies":[{"embeddable":true,"href":"https:\/\/bas-tv.md\/ro\/wp-json\/wp\/v2\/comments?post=126175"}],"version-history":[{"count":4,"href":"https:\/\/bas-tv.md\/ro\/wp-json\/wp\/v2\/posts\/126175\/revisions"}],"predecessor-version":[{"id":126185,"href":"https:\/\/bas-tv.md\/ro\/wp-json\/wp\/v2\/posts\/126175\/revisions\/126185"}],"wp:featuredmedia":[{"embeddable":true,"href":"https:\/\/bas-tv.md\/ro\/wp-json\/wp\/v2\/media\/126183"}],"wp:attachment":[{"href":"https:\/\/bas-tv.md\/ro\/wp-json\/wp\/v2\/media?parent=126175"}],"wp:term":[{"taxonomy":"category","embeddable":true,"href":"https:\/\/bas-tv.md\/ro\/wp-json\/wp\/v2\/categories?post=126175"},{"taxonomy":"post_tag","embeddable":true,"href":"https:\/\/bas-tv.md\/ro\/wp-json\/wp\/v2\/tags?post=126175"}],"curies":[{"name":"wp","href":"https:\/\/api.w.org\/{rel}","templated":true}]}}