{"id":127662,"date":"2024-09-04T10:30:29","date_gmt":"2024-09-04T07:30:29","guid":{"rendered":"https:\/\/bas-tv.md\/?p=127662"},"modified":"2024-09-04T10:06:19","modified_gmt":"2024-09-04T07:06:19","slug":"ce-rol-au-activitatile-extrascolare-in-viata-elevilor","status":"publish","type":"post","link":"https:\/\/bas-tv.md\/ro\/ce-rol-au-activitatile-extrascolare-in-viata-elevilor\/","title":{"rendered":"Ce rol au activit\u0103\u021bile extra\u0219colare \u00een via\u021ba elevilor"},"content":{"rendered":"<p><strong>\u0218coala nu e doar locul unde \u00een creierul copilului se transmite un volum de informa\u021bie, care \u00een mare parte ulterior se uit\u0103. \u00cen perioada v\u00e2rstei \u0219colare se dezvolt\u0103 tr\u0103s\u0103turi de caracter, poten\u021bial pentru realizare, creativitate, abilit\u0103\u021bi pentru via\u021b\u0103. Deoarece volumul informativ curricular este foarte vast, multe abilit\u0103\u021bi personale \u0219i talente, r\u0103m\u00e2n nedezvoltate. Potrivit speciali\u0219tilor, anume prin activit\u0103\u021bi de dezvoltare a poten\u021bialului propriu, copilul ob\u021bine adev\u0103rata preg\u0103tire pentru via\u021b\u0103. Astfel, \u00een viziunea psihologilor, participarea copiilor \u00een diverse sec\u021bii pe interese, ar compensa erorile pe care le admite curricula \u0219colar\u0103.<\/strong><\/p>\n<p><strong>Svetlana Lupu, psiholog<\/strong><strong>:<\/strong><\/p>\n<p><em><a href=\"https:\/\/bas-tv.md\/wp-content\/uploads\/2024\/09\/457680252_1062921918792766_4497818828794932576_n-e1725433038580.jpg\"><img fetchpriority=\"high\" decoding=\"async\" class=\"alignleft wp-image-127663 size-medium\" src=\"https:\/\/bas-tv.md\/wp-content\/uploads\/2024\/09\/457680252_1062921918792766_4497818828794932576_n-e1725433038580-300x265.jpg\" alt=\"\" width=\"300\" height=\"265\" srcset=\"https:\/\/bas-tv.md\/wp-content\/uploads\/2024\/09\/457680252_1062921918792766_4497818828794932576_n-e1725433038580-300x265.jpg 300w, https:\/\/bas-tv.md\/wp-content\/uploads\/2024\/09\/457680252_1062921918792766_4497818828794932576_n-e1725433038580.jpg 640w\" sizes=\"(max-width: 300px) 100vw, 300px\" \/><\/a>&#8211; <\/em><em>\u00cen primul r\u00e2nd, fiecare copil vine cu anumite predispozi\u021bii, talente, care dac\u0103 nu coincid cu cerin\u021bele \u0219colare, a\u0219a \u0219i r\u0103m\u00e2n nevalorificate. Mai mult ca at\u00e2t, spre exemplu, un elev cu\u00a0 \u00eenclina\u021bii \u00een inteligen\u021ba interpersonal\u0103, intrapersonal\u0103 \u0219i existen\u021bial\u0103, sau sportiv\u0103, ritmic\u0103, artistic\u0103, dar cu poten\u021bial redus \u00een direc\u021biile academice &#8211; real sau lingvistic &#8211; se va sim\u021bi o persoan\u0103 mediocr\u0103, sau chiar \u0219i mai r\u0103u, un ratat, fiindc\u0103 mereu va auzi pe parcursul anilor de studii doar critic\u0103, umilin\u021b\u0103, fiindc\u0103 nu face fa\u021b\u0103 la \u00eensu\u0219irea materiei academice. V\u0103 da\u021bi seama, c\u00e2t efort \u00eei va trebui unui astfel de adult s\u0103 se recupereze mai apoi?!<\/em><\/p>\n<p><em>\u00cens\u0103 problema nu e doar \u00een asta. Pentru a se sim\u021bi fericit orice om are nevoie s\u0103 simt\u0103 pl\u0103cere din ceea ce face. E o nevoie fiziologic\u0103, nu un moft.<\/em><\/p>\n<p><strong>Ana Nicul\u0103e\u0219, psiholog:<\/strong><\/p>\n<p><strong><em>&#8211; <\/em><\/strong><strong><em>Beneficiile activit\u0103\u021bilor extra\u0219colare:<\/em><\/strong><em> \u00cen afar\u0103 de angajamentul de care dau dovad\u0103<a href=\"https:\/\/bas-tv.md\/wp-content\/uploads\/2024\/09\/458116528_3660356977609477_5742613494617649651_n.jpg\"><img decoding=\"async\" class=\"alignright wp-image-127665 size-medium lazyload\" data-src=\"https:\/\/bas-tv.md\/wp-content\/uploads\/2024\/09\/458116528_3660356977609477_5742613494617649651_n-300x200.jpg\" alt=\"\" width=\"300\" height=\"200\" data-srcset=\"https:\/\/bas-tv.md\/wp-content\/uploads\/2024\/09\/458116528_3660356977609477_5742613494617649651_n-300x200.jpg 300w, https:\/\/bas-tv.md\/wp-content\/uploads\/2024\/09\/458116528_3660356977609477_5742613494617649651_n-768x513.jpg 768w, https:\/\/bas-tv.md\/wp-content\/uploads\/2024\/09\/458116528_3660356977609477_5742613494617649651_n.jpg 1000w\" data-sizes=\"(max-width: 300px) 100vw, 300px\" src=\"data:image\/svg+xml;base64,PHN2ZyB3aWR0aD0iMSIgaGVpZ2h0PSIxIiB4bWxucz0iaHR0cDovL3d3dy53My5vcmcvMjAwMC9zdmciPjwvc3ZnPg==\" style=\"--smush-placeholder-width: 300px; --smush-placeholder-aspect-ratio: 300\/200;\" \/><\/a> tinerii ce particip\u0103 \u00een cadrul activit\u0103\u0163ilor extracurriculare, ei de asemeni dau dovad\u0103 de un nivel \u00eenalt al motiva\u0163iei intriseci. Astfel, tinerii dezvolt\u0103 abilit\u0103\u0163i de planificare a timpului, \u00eenv\u0103\u0163area de a prioritiza sarcinile \u015fi direc\u0163ionarea aten\u0163iei spre un anumit scop. \u00cen timp, tinerii \u00eenva\u0163\u0103 s\u0103-\u015fi autoregleze st\u0103rile interioare \u015fi s\u0103-\u015fi men\u0163in\u0103 eforturile pentru a-\u015fi vedea planurile realizate.<br \/>\nLiderii adul\u0163i ai adolescen\u0163ilor joac\u0103 un rol cheie pentru a ajuta tinerii s\u0103 ini\u0163ieze \u015fi s\u0103 sus\u0163in\u0103 participarea \u00een contexte structurate.<\/em><\/p>\n<p>Experien\u021ba demult ne convinge c\u0103 nu doar eminen\u021bii devin personalit\u0103\u021bi de valoare. Mul\u021bi dintre cei care cu greu \u00eensu\u0219eau disciplinele \u0219colare, ajung s\u0103 devin\u0103 personalit\u0103\u021bi vestite, speciali\u0219ti talenta\u021bi, gra\u021bie activit\u0103\u021bilor extra\u0219colare \u0219i pasiunilor urmate.<\/p>\n<p>Pe teritoriul raionului Basarabeasca func\u021bioneaz\u0103 9 institu\u021bii de \u00eenv\u0103\u021b\u0103m\u00e2nt, o \u0219coal\u0103 de sport, o \u0219coal\u0103 de arte, un centru de crea\u021bie \u0219i un centru de tineret.<\/p>\n<p>Autor: Ludmila Podgurschii<\/p>\n<p><strong>Sus\u021bine\u021bi redac\u021bia BAStv, abona\u021bi-v\u0103 la noi pe platforma\u00a0<a href=\"https:\/\/www.patreon.com\/BAStv?fan_landing=true&amp;fbclid=IwAR3MeSDKfH4ixBydCXX9D1lhrCszhps3ID5uxuGA-Ktd4MTkZCRdlcEZkQI\">Patreon\u00a0<\/a>sau prin efectuarea contribu\u021biilor prin\u00a0<a href=\"https:\/\/www.paypal.com\/paypalme\/supportbastv\">PayPal<\/a>! Aceasta ne va ajuta s\u0103 cre\u0103m con\u021binut interesant \u0219i util pentru dvs., r\u0103m\u00e2n\u00e2nd \u00een continuare o platform\u0103 media independent\u0103.<\/strong><\/p>\n<p><b>Abona\u021bi-v\u0103 la noi pe re\u021bele sociale:\u00a0<\/b><a href=\"https:\/\/t.me\/bastvmd\"><b><i>Telegram<\/i><\/b><\/a><b>,\u00a0<\/b><a href=\"https:\/\/www.youtube.com\/channel\/UC-9005PnLnhpNM8PVSjP2dQ\/featured\"><b><i>YouTube<\/i><\/b><\/a><b>,\u00a0<\/b><a href=\"https:\/\/www.facebook.com\/bastv.md\"><b><i>Facebook<\/i><\/b><\/a>\u00a0<strong>\u0219i\u00a0<\/strong><a href=\"https:\/\/www.instagram.com\/bastv.md\/\"><b><i>Instagram<\/i><\/b><\/a><b>. Aici public\u0103m \u0219tiri pe scurt!<\/b><\/p>\n","protected":false},"excerpt":{"rendered":"<p>\u0218coala nu e doar locul unde \u00een creierul copilului se transmite un volum de informa\u021bie, care \u00een mare parte ulterior se uit\u0103. \u00cen perioada v\u00e2rstei \u0219colare se dezvolt\u0103 tr\u0103s\u0103turi de caracter, poten\u021bial pentru realizare, creativitate, abilit\u0103\u021bi pentru via\u021b\u0103. Deoarece volumul informativ curricular este foarte vast, multe abilit\u0103\u021bi personale \u0219i talente, r\u0103m\u00e2n nedezvoltate. Potrivit speciali\u0219tilor, anume [&hellip;]<\/p>\n","protected":false},"author":3,"featured_media":127669,"comment_status":"closed","ping_status":"closed","sticky":false,"template":"","format":"standard","meta":{"footnotes":""},"categories":[577,574],"tags":[3964,692,801,893],"class_list":["post-127662","post","type-post","status-publish","format-standard","has-post-thumbnail","hentry","category-recenzii","category-util","tag-activitatile-extrascolare","tag-elevi","tag-psiholog","tag-scoala"],"yoast_head":"<!-- This site is optimized with the Yoast SEO plugin v27.5 - https:\/\/yoast.com\/product\/yoast-seo-wordpress\/ -->\n<title>Ce rol au activit\u0103\u021bile extra\u0219colare \u00een via\u021ba elevilor - BasTV<\/title>\n<meta name=\"description\" content=\"\u0218coala nu e doar locul unde \u00een creierul copilului se transmite un volum de informa\u021bie, care \u00een mare parte ulterior se uit\u0103. \u00cen perioada v\u00e2rstei \u0219colare se dezvolt\u0103 tr\u0103s\u0103turi de caracter, poten\u021bial pentru realizare, creativitate, abilit\u0103\u021bi pentru via\u021b\u0103. Deoarece volumul informativ curricular este foarte vast, multe abilit\u0103\u021bi personale \u0219i talente, r\u0103m\u00e2n nedezvoltate. Potrivit speciali\u0219tilor, anume prin activit\u0103\u021bi de dezvoltare a poten\u021bialului propriu, copilul ob\u021bine adev\u0103rata preg\u0103tire pentru via\u021b\u0103. Astfel, \u00een viziunea psihologilor, participarea copiilor \u00een diverse sec\u021bii pe interese, ar compensa erorile pe care le admite curricula \u0219colar\u0103.\" \/>\n<meta name=\"robots\" content=\"index, follow, max-snippet:-1, max-image-preview:large, max-video-preview:-1\" \/>\n<link rel=\"canonical\" href=\"https:\/\/bas-tv.md\/ro\/ce-rol-au-activitatile-extrascolare-in-viata-elevilor\/\" \/>\n<meta property=\"og:locale\" content=\"ro_RO\" \/>\n<meta property=\"og:type\" content=\"article\" \/>\n<meta property=\"og:title\" content=\"Ce rol au activit\u0103\u021bile extra\u0219colare \u00een via\u021ba elevilor - BasTV\" \/>\n<meta property=\"og:description\" content=\"\u0218coala nu e doar locul unde \u00een creierul copilului se transmite un volum de informa\u021bie, care \u00een mare parte ulterior se uit\u0103. \u00cen perioada v\u00e2rstei \u0219colare se dezvolt\u0103 tr\u0103s\u0103turi de caracter, poten\u021bial pentru realizare, creativitate, abilit\u0103\u021bi pentru via\u021b\u0103. Deoarece volumul informativ curricular este foarte vast, multe abilit\u0103\u021bi personale \u0219i talente, r\u0103m\u00e2n nedezvoltate. Potrivit speciali\u0219tilor, anume prin activit\u0103\u021bi de dezvoltare a poten\u021bialului propriu, copilul ob\u021bine adev\u0103rata preg\u0103tire pentru via\u021b\u0103. Astfel, \u00een viziunea psihologilor, participarea copiilor \u00een diverse sec\u021bii pe interese, ar compensa erorile pe care le admite curricula \u0219colar\u0103.\" \/>\n<meta property=\"og:url\" content=\"https:\/\/bas-tv.md\/ro\/ce-rol-au-activitatile-extrascolare-in-viata-elevilor\/\" \/>\n<meta property=\"og:site_name\" content=\"BasTV\" \/>\n<meta property=\"article:published_time\" content=\"2024-09-04T07:30:29+00:00\" \/>\n<meta property=\"og:image\" content=\"https:\/\/bas-tv.md\/wp-content\/uploads\/2024\/09\/activity-art-art-class-730807.jpg\" \/>\n\t<meta property=\"og:image:width\" content=\"1600\" \/>\n\t<meta property=\"og:image:height\" content=\"1068\" \/>\n\t<meta property=\"og:image:type\" content=\"image\/jpeg\" \/>\n<meta name=\"author\" content=\"Redactor\" \/>\n<meta name=\"twitter:card\" content=\"summary_large_image\" \/>\n<meta name=\"twitter:label1\" content=\"Scris de\" \/>\n\t<meta name=\"twitter:data1\" content=\"Redactor\" \/>\n\t<meta name=\"twitter:label2\" content=\"Timp estimat pentru citire\" \/>\n\t<meta name=\"twitter:data2\" content=\"3 minute\" \/>\n<script type=\"application\/ld+json\" class=\"yoast-schema-graph\">{\"@context\":\"https:\\\/\\\/schema.org\",\"@graph\":[{\"@type\":\"Article\",\"@id\":\"https:\\\/\\\/bas-tv.md\\\/ro\\\/ce-rol-au-activitatile-extrascolare-in-viata-elevilor\\\/#article\",\"isPartOf\":{\"@id\":\"https:\\\/\\\/bas-tv.md\\\/ro\\\/ce-rol-au-activitatile-extrascolare-in-viata-elevilor\\\/\"},\"author\":{\"name\":\"Redactor\",\"@id\":\"https:\\\/\\\/bas-tv.md\\\/ro\\\/#\\\/schema\\\/person\\\/8740f45ea2eca1f1695284fc03529af0\"},\"headline\":\"Ce rol au activit\u0103\u021bile extra\u0219colare \u00een via\u021ba elevilor\",\"datePublished\":\"2024-09-04T07:30:29+00:00\",\"mainEntityOfPage\":{\"@id\":\"https:\\\/\\\/bas-tv.md\\\/ro\\\/ce-rol-au-activitatile-extrascolare-in-viata-elevilor\\\/\"},\"wordCount\":524,\"publisher\":{\"@id\":\"https:\\\/\\\/bas-tv.md\\\/ro\\\/#organization\"},\"image\":{\"@id\":\"https:\\\/\\\/bas-tv.md\\\/ro\\\/ce-rol-au-activitatile-extrascolare-in-viata-elevilor\\\/#primaryimage\"},\"thumbnailUrl\":\"https:\\\/\\\/bas-tv.md\\\/wp-content\\\/uploads\\\/2024\\\/09\\\/activity-art-art-class-730807.jpg\",\"keywords\":[\"activit\u0103\u021bile extra\u0219colare\",\"Elevi\",\"psiholog\",\"\u0219coal\u0103\"],\"articleSection\":[\"Recenzii\",\"Util\"],\"inLanguage\":\"ro-RO\"},{\"@type\":\"WebPage\",\"@id\":\"https:\\\/\\\/bas-tv.md\\\/ro\\\/ce-rol-au-activitatile-extrascolare-in-viata-elevilor\\\/\",\"url\":\"https:\\\/\\\/bas-tv.md\\\/ro\\\/ce-rol-au-activitatile-extrascolare-in-viata-elevilor\\\/\",\"name\":\"Ce rol au activit\u0103\u021bile extra\u0219colare \u00een via\u021ba elevilor - BasTV\",\"isPartOf\":{\"@id\":\"https:\\\/\\\/bas-tv.md\\\/ro\\\/#website\"},\"primaryImageOfPage\":{\"@id\":\"https:\\\/\\\/bas-tv.md\\\/ro\\\/ce-rol-au-activitatile-extrascolare-in-viata-elevilor\\\/#primaryimage\"},\"image\":{\"@id\":\"https:\\\/\\\/bas-tv.md\\\/ro\\\/ce-rol-au-activitatile-extrascolare-in-viata-elevilor\\\/#primaryimage\"},\"thumbnailUrl\":\"https:\\\/\\\/bas-tv.md\\\/wp-content\\\/uploads\\\/2024\\\/09\\\/activity-art-art-class-730807.jpg\",\"datePublished\":\"2024-09-04T07:30:29+00:00\",\"description\":\"\u0218coala nu e doar locul unde \u00een creierul copilului se transmite un volum de informa\u021bie, care \u00een mare parte ulterior se uit\u0103. \u00cen perioada v\u00e2rstei \u0219colare se dezvolt\u0103 tr\u0103s\u0103turi de caracter, poten\u021bial pentru realizare, creativitate, abilit\u0103\u021bi pentru via\u021b\u0103. Deoarece volumul informativ curricular este foarte vast, multe abilit\u0103\u021bi personale \u0219i talente, r\u0103m\u00e2n nedezvoltate. Potrivit speciali\u0219tilor, anume prin activit\u0103\u021bi de dezvoltare a poten\u021bialului propriu, copilul ob\u021bine adev\u0103rata preg\u0103tire pentru via\u021b\u0103. Astfel, \u00een viziunea psihologilor, participarea copiilor \u00een diverse sec\u021bii pe interese, ar compensa erorile pe care le admite curricula \u0219colar\u0103.\",\"inLanguage\":\"ro-RO\",\"potentialAction\":[{\"@type\":\"ReadAction\",\"target\":[\"https:\\\/\\\/bas-tv.md\\\/ro\\\/ce-rol-au-activitatile-extrascolare-in-viata-elevilor\\\/\"]}]},{\"@type\":\"ImageObject\",\"inLanguage\":\"ro-RO\",\"@id\":\"https:\\\/\\\/bas-tv.md\\\/ro\\\/ce-rol-au-activitatile-extrascolare-in-viata-elevilor\\\/#primaryimage\",\"url\":\"https:\\\/\\\/bas-tv.md\\\/wp-content\\\/uploads\\\/2024\\\/09\\\/activity-art-art-class-730807.jpg\",\"contentUrl\":\"https:\\\/\\\/bas-tv.md\\\/wp-content\\\/uploads\\\/2024\\\/09\\\/activity-art-art-class-730807.jpg\",\"width\":1600,\"height\":1068,\"caption\":\"Foto: logiscool.com\"},{\"@type\":\"WebSite\",\"@id\":\"https:\\\/\\\/bas-tv.md\\\/ro\\\/#website\",\"url\":\"https:\\\/\\\/bas-tv.md\\\/ro\\\/\",\"name\":\"BasTV\",\"description\":\"Moldova\",\"publisher\":{\"@id\":\"https:\\\/\\\/bas-tv.md\\\/ro\\\/#organization\"},\"potentialAction\":[{\"@type\":\"SearchAction\",\"target\":{\"@type\":\"EntryPoint\",\"urlTemplate\":\"https:\\\/\\\/bas-tv.md\\\/ro\\\/?s={search_term_string}\"},\"query-input\":{\"@type\":\"PropertyValueSpecification\",\"valueRequired\":true,\"valueName\":\"search_term_string\"}}],\"inLanguage\":\"ro-RO\"},{\"@type\":\"Organization\",\"@id\":\"https:\\\/\\\/bas-tv.md\\\/ro\\\/#organization\",\"name\":\"BasTV\",\"url\":\"https:\\\/\\\/bas-tv.md\\\/ro\\\/\",\"logo\":{\"@type\":\"ImageObject\",\"inLanguage\":\"ro-RO\",\"@id\":\"https:\\\/\\\/bas-tv.md\\\/ro\\\/#\\\/schema\\\/logo\\\/image\\\/\",\"url\":\"https:\\\/\\\/bas-tv.md\\\/wp-content\\\/uploads\\\/2023\\\/05\\\/bas-tv-culoarea-rosie.png\",\"contentUrl\":\"https:\\\/\\\/bas-tv.md\\\/wp-content\\\/uploads\\\/2023\\\/05\\\/bas-tv-culoarea-rosie.png\",\"width\":202,\"height\":50,\"caption\":\"BasTV\"},\"image\":{\"@id\":\"https:\\\/\\\/bas-tv.md\\\/ro\\\/#\\\/schema\\\/logo\\\/image\\\/\"}},{\"@type\":\"Person\",\"@id\":\"https:\\\/\\\/bas-tv.md\\\/ro\\\/#\\\/schema\\\/person\\\/8740f45ea2eca1f1695284fc03529af0\",\"name\":\"Redactor\",\"image\":{\"@type\":\"ImageObject\",\"inLanguage\":\"ro-RO\",\"@id\":\"https:\\\/\\\/secure.gravatar.com\\\/avatar\\\/45b6af9fc91c10b15a8b40e67c1f57bab2e9614fc9f0af95cf453d61934e9aad?s=96&d=mm&r=g\",\"url\":\"https:\\\/\\\/secure.gravatar.com\\\/avatar\\\/45b6af9fc91c10b15a8b40e67c1f57bab2e9614fc9f0af95cf453d61934e9aad?s=96&d=mm&r=g\",\"contentUrl\":\"https:\\\/\\\/secure.gravatar.com\\\/avatar\\\/45b6af9fc91c10b15a8b40e67c1f57bab2e9614fc9f0af95cf453d61934e9aad?s=96&d=mm&r=g\",\"caption\":\"Redactor\"},\"url\":\"https:\\\/\\\/bas-tv.md\\\/ro\\\/author\\\/redactor\\\/\"}]}<\/script>\n<!-- \/ Yoast SEO plugin. -->","yoast_head_json":{"title":"Ce rol au activit\u0103\u021bile extra\u0219colare \u00een via\u021ba elevilor - BasTV","description":"\u0218coala nu e doar locul unde \u00een creierul copilului se transmite un volum de informa\u021bie, care \u00een mare parte ulterior se uit\u0103. \u00cen perioada v\u00e2rstei \u0219colare se dezvolt\u0103 tr\u0103s\u0103turi de caracter, poten\u021bial pentru realizare, creativitate, abilit\u0103\u021bi pentru via\u021b\u0103. Deoarece volumul informativ curricular este foarte vast, multe abilit\u0103\u021bi personale \u0219i talente, r\u0103m\u00e2n nedezvoltate. Potrivit speciali\u0219tilor, anume prin activit\u0103\u021bi de dezvoltare a poten\u021bialului propriu, copilul ob\u021bine adev\u0103rata preg\u0103tire pentru via\u021b\u0103. Astfel, \u00een viziunea psihologilor, participarea copiilor \u00een diverse sec\u021bii pe interese, ar compensa erorile pe care le admite curricula \u0219colar\u0103.","robots":{"index":"index","follow":"follow","max-snippet":"max-snippet:-1","max-image-preview":"max-image-preview:large","max-video-preview":"max-video-preview:-1"},"canonical":"https:\/\/bas-tv.md\/ro\/ce-rol-au-activitatile-extrascolare-in-viata-elevilor\/","og_locale":"ro_RO","og_type":"article","og_title":"Ce rol au activit\u0103\u021bile extra\u0219colare \u00een via\u021ba elevilor - BasTV","og_description":"\u0218coala nu e doar locul unde \u00een creierul copilului se transmite un volum de informa\u021bie, care \u00een mare parte ulterior se uit\u0103. \u00cen perioada v\u00e2rstei \u0219colare se dezvolt\u0103 tr\u0103s\u0103turi de caracter, poten\u021bial pentru realizare, creativitate, abilit\u0103\u021bi pentru via\u021b\u0103. Deoarece volumul informativ curricular este foarte vast, multe abilit\u0103\u021bi personale \u0219i talente, r\u0103m\u00e2n nedezvoltate. Potrivit speciali\u0219tilor, anume prin activit\u0103\u021bi de dezvoltare a poten\u021bialului propriu, copilul ob\u021bine adev\u0103rata preg\u0103tire pentru via\u021b\u0103. Astfel, \u00een viziunea psihologilor, participarea copiilor \u00een diverse sec\u021bii pe interese, ar compensa erorile pe care le admite curricula \u0219colar\u0103.","og_url":"https:\/\/bas-tv.md\/ro\/ce-rol-au-activitatile-extrascolare-in-viata-elevilor\/","og_site_name":"BasTV","article_published_time":"2024-09-04T07:30:29+00:00","og_image":[{"width":1600,"height":1068,"url":"https:\/\/bas-tv.md\/wp-content\/uploads\/2024\/09\/activity-art-art-class-730807.jpg","type":"image\/jpeg"}],"author":"Redactor","twitter_card":"summary_large_image","twitter_misc":{"Scris de":"Redactor","Timp estimat pentru citire":"3 minute"},"schema":{"@context":"https:\/\/schema.org","@graph":[{"@type":"Article","@id":"https:\/\/bas-tv.md\/ro\/ce-rol-au-activitatile-extrascolare-in-viata-elevilor\/#article","isPartOf":{"@id":"https:\/\/bas-tv.md\/ro\/ce-rol-au-activitatile-extrascolare-in-viata-elevilor\/"},"author":{"name":"Redactor","@id":"https:\/\/bas-tv.md\/ro\/#\/schema\/person\/8740f45ea2eca1f1695284fc03529af0"},"headline":"Ce rol au activit\u0103\u021bile extra\u0219colare \u00een via\u021ba elevilor","datePublished":"2024-09-04T07:30:29+00:00","mainEntityOfPage":{"@id":"https:\/\/bas-tv.md\/ro\/ce-rol-au-activitatile-extrascolare-in-viata-elevilor\/"},"wordCount":524,"publisher":{"@id":"https:\/\/bas-tv.md\/ro\/#organization"},"image":{"@id":"https:\/\/bas-tv.md\/ro\/ce-rol-au-activitatile-extrascolare-in-viata-elevilor\/#primaryimage"},"thumbnailUrl":"https:\/\/bas-tv.md\/wp-content\/uploads\/2024\/09\/activity-art-art-class-730807.jpg","keywords":["activit\u0103\u021bile extra\u0219colare","Elevi","psiholog","\u0219coal\u0103"],"articleSection":["Recenzii","Util"],"inLanguage":"ro-RO"},{"@type":"WebPage","@id":"https:\/\/bas-tv.md\/ro\/ce-rol-au-activitatile-extrascolare-in-viata-elevilor\/","url":"https:\/\/bas-tv.md\/ro\/ce-rol-au-activitatile-extrascolare-in-viata-elevilor\/","name":"Ce rol au activit\u0103\u021bile extra\u0219colare \u00een via\u021ba elevilor - BasTV","isPartOf":{"@id":"https:\/\/bas-tv.md\/ro\/#website"},"primaryImageOfPage":{"@id":"https:\/\/bas-tv.md\/ro\/ce-rol-au-activitatile-extrascolare-in-viata-elevilor\/#primaryimage"},"image":{"@id":"https:\/\/bas-tv.md\/ro\/ce-rol-au-activitatile-extrascolare-in-viata-elevilor\/#primaryimage"},"thumbnailUrl":"https:\/\/bas-tv.md\/wp-content\/uploads\/2024\/09\/activity-art-art-class-730807.jpg","datePublished":"2024-09-04T07:30:29+00:00","description":"\u0218coala nu e doar locul unde \u00een creierul copilului se transmite un volum de informa\u021bie, care \u00een mare parte ulterior se uit\u0103. \u00cen perioada v\u00e2rstei \u0219colare se dezvolt\u0103 tr\u0103s\u0103turi de caracter, poten\u021bial pentru realizare, creativitate, abilit\u0103\u021bi pentru via\u021b\u0103. Deoarece volumul informativ curricular este foarte vast, multe abilit\u0103\u021bi personale \u0219i talente, r\u0103m\u00e2n nedezvoltate. Potrivit speciali\u0219tilor, anume prin activit\u0103\u021bi de dezvoltare a poten\u021bialului propriu, copilul ob\u021bine adev\u0103rata preg\u0103tire pentru via\u021b\u0103. Astfel, \u00een viziunea psihologilor, participarea copiilor \u00een diverse sec\u021bii pe interese, ar compensa erorile pe care le admite curricula \u0219colar\u0103.","inLanguage":"ro-RO","potentialAction":[{"@type":"ReadAction","target":["https:\/\/bas-tv.md\/ro\/ce-rol-au-activitatile-extrascolare-in-viata-elevilor\/"]}]},{"@type":"ImageObject","inLanguage":"ro-RO","@id":"https:\/\/bas-tv.md\/ro\/ce-rol-au-activitatile-extrascolare-in-viata-elevilor\/#primaryimage","url":"https:\/\/bas-tv.md\/wp-content\/uploads\/2024\/09\/activity-art-art-class-730807.jpg","contentUrl":"https:\/\/bas-tv.md\/wp-content\/uploads\/2024\/09\/activity-art-art-class-730807.jpg","width":1600,"height":1068,"caption":"Foto: logiscool.com"},{"@type":"WebSite","@id":"https:\/\/bas-tv.md\/ro\/#website","url":"https:\/\/bas-tv.md\/ro\/","name":"BasTV","description":"Moldova","publisher":{"@id":"https:\/\/bas-tv.md\/ro\/#organization"},"potentialAction":[{"@type":"SearchAction","target":{"@type":"EntryPoint","urlTemplate":"https:\/\/bas-tv.md\/ro\/?s={search_term_string}"},"query-input":{"@type":"PropertyValueSpecification","valueRequired":true,"valueName":"search_term_string"}}],"inLanguage":"ro-RO"},{"@type":"Organization","@id":"https:\/\/bas-tv.md\/ro\/#organization","name":"BasTV","url":"https:\/\/bas-tv.md\/ro\/","logo":{"@type":"ImageObject","inLanguage":"ro-RO","@id":"https:\/\/bas-tv.md\/ro\/#\/schema\/logo\/image\/","url":"https:\/\/bas-tv.md\/wp-content\/uploads\/2023\/05\/bas-tv-culoarea-rosie.png","contentUrl":"https:\/\/bas-tv.md\/wp-content\/uploads\/2023\/05\/bas-tv-culoarea-rosie.png","width":202,"height":50,"caption":"BasTV"},"image":{"@id":"https:\/\/bas-tv.md\/ro\/#\/schema\/logo\/image\/"}},{"@type":"Person","@id":"https:\/\/bas-tv.md\/ro\/#\/schema\/person\/8740f45ea2eca1f1695284fc03529af0","name":"Redactor","image":{"@type":"ImageObject","inLanguage":"ro-RO","@id":"https:\/\/secure.gravatar.com\/avatar\/45b6af9fc91c10b15a8b40e67c1f57bab2e9614fc9f0af95cf453d61934e9aad?s=96&d=mm&r=g","url":"https:\/\/secure.gravatar.com\/avatar\/45b6af9fc91c10b15a8b40e67c1f57bab2e9614fc9f0af95cf453d61934e9aad?s=96&d=mm&r=g","contentUrl":"https:\/\/secure.gravatar.com\/avatar\/45b6af9fc91c10b15a8b40e67c1f57bab2e9614fc9f0af95cf453d61934e9aad?s=96&d=mm&r=g","caption":"Redactor"},"url":"https:\/\/bas-tv.md\/ro\/author\/redactor\/"}]}},"views":398,"_links":{"self":[{"href":"https:\/\/bas-tv.md\/ro\/wp-json\/wp\/v2\/posts\/127662","targetHints":{"allow":["GET"]}}],"collection":[{"href":"https:\/\/bas-tv.md\/ro\/wp-json\/wp\/v2\/posts"}],"about":[{"href":"https:\/\/bas-tv.md\/ro\/wp-json\/wp\/v2\/types\/post"}],"author":[{"embeddable":true,"href":"https:\/\/bas-tv.md\/ro\/wp-json\/wp\/v2\/users\/3"}],"replies":[{"embeddable":true,"href":"https:\/\/bas-tv.md\/ro\/wp-json\/wp\/v2\/comments?post=127662"}],"version-history":[{"count":2,"href":"https:\/\/bas-tv.md\/ro\/wp-json\/wp\/v2\/posts\/127662\/revisions"}],"predecessor-version":[{"id":127671,"href":"https:\/\/bas-tv.md\/ro\/wp-json\/wp\/v2\/posts\/127662\/revisions\/127671"}],"wp:featuredmedia":[{"embeddable":true,"href":"https:\/\/bas-tv.md\/ro\/wp-json\/wp\/v2\/media\/127669"}],"wp:attachment":[{"href":"https:\/\/bas-tv.md\/ro\/wp-json\/wp\/v2\/media?parent=127662"}],"wp:term":[{"taxonomy":"category","embeddable":true,"href":"https:\/\/bas-tv.md\/ro\/wp-json\/wp\/v2\/categories?post=127662"},{"taxonomy":"post_tag","embeddable":true,"href":"https:\/\/bas-tv.md\/ro\/wp-json\/wp\/v2\/tags?post=127662"}],"curies":[{"name":"wp","href":"https:\/\/api.w.org\/{rel}","templated":true}]}}