{"id":12950,"date":"2020-07-31T13:29:02","date_gmt":"2020-07-31T11:29:02","guid":{"rendered":"https:\/\/bas-tv.md\/?p=12950"},"modified":"2023-05-25T20:39:59","modified_gmt":"2023-05-25T17:39:59","slug":"alcoolismul-boala-saraciei","status":"publish","type":"post","link":"https:\/\/bas-tv.md\/ro\/alcoolismul-boala-saraciei\/","title":{"rendered":"Be\u021bia este u\u0219a tuturor r\u0103ut\u0103\u021bilor"},"content":{"rendered":"\t\t<div data-elementor-type=\"wp-post\" data-elementor-id=\"12950\" class=\"elementor elementor-12950\" data-elementor-post-type=\"post\">\n\t\t\t\t\t\t<section class=\"has_eae_slider elementor-section elementor-top-section elementor-element elementor-element-e5bbd6c elementor-section-boxed elementor-section-height-default elementor-section-height-default\" data-eae-slider=\"66740\" data-id=\"e5bbd6c\" data-element_type=\"section\" data-e-type=\"section\">\n\t\t\t\t\t\t<div class=\"elementor-container elementor-column-gap-default\">\n\t\t\t\t\t<div class=\"has_eae_slider elementor-column elementor-col-100 elementor-top-column elementor-element elementor-element-ce678e9\" data-eae-slider=\"4677\" data-id=\"ce678e9\" data-element_type=\"column\" data-e-type=\"column\">\n\t\t\t<div class=\"elementor-widget-wrap elementor-element-populated\">\n\t\t\t\t\t\t<div class=\"elementor-element elementor-element-b5d65f3 elementor-widget elementor-widget-text-editor\" data-id=\"b5d65f3\" data-element_type=\"widget\" data-e-type=\"widget\" data-widget_type=\"text-editor.default\">\n\t\t\t\t<div class=\"elementor-widget-container\">\n\t\t\t\t\t\t\t\t\t<h3 style=\"text-align: left;\">Republica Moldova continu\u0103 s\u0103 r\u0103m\u00e2n\u0103 cea mai s\u0103rac\u0103 \u021bar\u0103 din Europa. Iar consumul abuziv de alcool este primul factor de risc pentru popula\u021bia din \u021bara noastr\u0103. Ne\u00eencrederea \u00een ziua de m\u00e2ine, \u0219omajul, stresul social &#8230; constituie la majorarea num\u0103rului persoanelor afectate de alcoolism. c\u0103 Alcoolismul poate fi considerat\u0103 <strong>\u201dBoala s\u0103r\u0103ciei\u201d<\/strong>. Dependen\u021ba de alcool este o problem\u0103 grav\u0103 pentru \u00eentreaga societate din Republica Moldova.<\/h3>\t\t\t\t\t\t\t\t<\/div>\n\t\t\t\t<\/div>\n\t\t\t\t<div class=\"elementor-element elementor-element-7bdb97a elementor-widget elementor-widget-text-editor\" data-id=\"7bdb97a\" data-element_type=\"widget\" data-e-type=\"widget\" data-widget_type=\"text-editor.default\">\n\t\t\t\t<div class=\"elementor-widget-container\">\n\t\t\t\t\t\t\t\t\t<h4>\u00a0\u00cen familiile unde se consum\u0103 alcool uneori situa\u021bia devine dramatic\u0103 cum ar fi istoria lui Anatolii C\u00eerma din or. Basarabeasca.<\/h4>\t\t\t\t\t\t\t\t<\/div>\n\t\t\t\t<\/div>\n\t\t\t\t\t<\/div>\n\t\t<\/div>\n\t\t\t\t\t<\/div>\n\t\t<\/section>\n\t\t\t\t<section class=\"has_eae_slider elementor-section elementor-top-section elementor-element elementor-element-7616321 elementor-section-boxed elementor-section-height-default elementor-section-height-default\" data-eae-slider=\"29900\" data-id=\"7616321\" data-element_type=\"section\" data-e-type=\"section\">\n\t\t\t\t\t\t<div class=\"elementor-container elementor-column-gap-default\">\n\t\t\t\t\t<div class=\"has_eae_slider elementor-column elementor-col-100 elementor-top-column elementor-element elementor-element-ae8830d\" data-eae-slider=\"15024\" data-id=\"ae8830d\" data-element_type=\"column\" data-e-type=\"column\">\n\t\t\t<div class=\"elementor-widget-wrap elementor-element-populated\">\n\t\t\t\t\t\t<div class=\"elementor-element elementor-element-0feea3a elementor-widget elementor-widget-text-editor\" data-id=\"0feea3a\" data-element_type=\"widget\" data-e-type=\"widget\" data-widget_type=\"text-editor.default\">\n\t\t\t\t<div class=\"elementor-widget-container\">\n\t\t\t\t\t\t\t\t\t<h4>Anatolii C\u00eerma la ai s\u0103i 45 de ani traie\u0219te la gazd\u0103 \u00eentr-o cas\u0103 s\u0103r\u0103c\u0103cioas\u0103 din or. Basarabeasca, iar \u00een gospod\u0103rie are doar doi c\u0103\u021bei \u0219i un m\u0103gar. Unica surs\u0103 de existen\u021b\u0103 este munca cu ziua.<\/h4>\t\t\t\t\t\t\t\t<\/div>\n\t\t\t\t<\/div>\n\t\t\t\t\t<\/div>\n\t\t<\/div>\n\t\t\t\t\t<\/div>\n\t\t<\/section>\n\t\t\t\t<section class=\"has_eae_slider elementor-section elementor-top-section elementor-element elementor-element-6179978 elementor-section-boxed elementor-section-height-default elementor-section-height-default\" data-eae-slider=\"75024\" data-id=\"6179978\" data-element_type=\"section\" data-e-type=\"section\">\n\t\t\t\t\t\t<div class=\"elementor-container elementor-column-gap-default\">\n\t\t\t\t\t<div class=\"has_eae_slider elementor-column elementor-col-100 elementor-top-column elementor-element elementor-element-afb6b78\" data-eae-slider=\"46257\" data-id=\"afb6b78\" data-element_type=\"column\" data-e-type=\"column\">\n\t\t\t<div class=\"elementor-widget-wrap elementor-element-populated\">\n\t\t\t\t\t\t\t<\/div>\n\t\t<\/div>\n\t\t\t\t\t<\/div>\n\t\t<\/section>\n\t\t\t\t<section class=\"has_eae_slider elementor-section elementor-top-section elementor-element elementor-element-49dd816 elementor-section-boxed elementor-section-height-default elementor-section-height-default\" data-eae-slider=\"86905\" data-id=\"49dd816\" data-element_type=\"section\" data-e-type=\"section\">\n\t\t\t\t\t\t<div class=\"elementor-container elementor-column-gap-default\">\n\t\t\t\t\t<div class=\"has_eae_slider elementor-column elementor-col-100 elementor-top-column elementor-element elementor-element-06f1649\" data-eae-slider=\"99734\" data-id=\"06f1649\" data-element_type=\"column\" data-e-type=\"column\">\n\t\t\t<div class=\"elementor-widget-wrap elementor-element-populated\">\n\t\t\t\t\t\t<div class=\"elementor-element elementor-element-0534709 elementor-widget elementor-widget-video\" data-id=\"0534709\" data-element_type=\"widget\" data-e-type=\"widget\" data-settings=\"{&quot;youtube_url&quot;:&quot;https:\\\/\\\/youtu.be\\\/sVIwumbylRw&quot;,&quot;video_type&quot;:&quot;youtube&quot;,&quot;controls&quot;:&quot;yes&quot;}\" data-widget_type=\"video.default\">\n\t\t\t\t<div class=\"elementor-widget-container\">\n\t\t\t\t\t\t\t<div class=\"elementor-wrapper elementor-open-inline\">\n\t\t\t<div class=\"elementor-video\"><\/div>\t\t<\/div>\n\t\t\t\t\t\t<\/div>\n\t\t\t\t<\/div>\n\t\t\t\t\t<\/div>\n\t\t<\/div>\n\t\t\t\t\t<\/div>\n\t\t<\/section>\n\t\t\t\t<section class=\"has_eae_slider elementor-section elementor-top-section elementor-element elementor-element-d0c60e5 elementor-section-boxed elementor-section-height-default elementor-section-height-default\" data-eae-slider=\"72289\" data-id=\"d0c60e5\" data-element_type=\"section\" data-e-type=\"section\">\n\t\t\t\t\t\t<div class=\"elementor-container elementor-column-gap-default\">\n\t\t\t\t\t<div class=\"has_eae_slider elementor-column elementor-col-100 elementor-top-column elementor-element elementor-element-68d8c8e\" data-eae-slider=\"19667\" data-id=\"68d8c8e\" data-element_type=\"column\" data-e-type=\"column\">\n\t\t\t<div class=\"elementor-widget-wrap elementor-element-populated\">\n\t\t\t\t\t\t<div class=\"elementor-element elementor-element-8012847 elementor-widget elementor-widget-text-editor\" data-id=\"8012847\" data-element_type=\"widget\" data-e-type=\"widget\" data-widget_type=\"text-editor.default\">\n\t\t\t\t<div class=\"elementor-widget-container\">\n\t\t\t\t\t\t\t\t\t<h4>Anatolii ne-a m\u0103rturisit c\u0103 atunci c\u00e2nd nu are bani, el ia de la magazin produse alimentare pe \u00eemprumut. Iar unica m\u00e2ng\u00e2iere a lui Anatolii sunt doi feciori mari, care \u00ee\u0219i viziteaz\u0103 tat\u0103l doar de s\u0103rb\u0103tori. Pe l\u00e2ng\u0103 soarta lui trist\u0103 \u0219i grea, Anatolii a recunoscut c\u0103 mai serve\u0219te din c\u00e2nd \u00een c\u00e2nd c\u00e2te un p\u0103h\u0103ru\u021b de vin.<\/h4>\t\t\t\t\t\t\t\t<\/div>\n\t\t\t\t<\/div>\n\t\t\t\t\t<\/div>\n\t\t<\/div>\n\t\t\t\t\t<\/div>\n\t\t<\/section>\n\t\t\t\t<section class=\"has_eae_slider elementor-section elementor-top-section elementor-element elementor-element-4f495f5 elementor-section-boxed elementor-section-height-default elementor-section-height-default\" data-eae-slider=\"55031\" data-id=\"4f495f5\" data-element_type=\"section\" data-e-type=\"section\">\n\t\t\t\t\t\t<div class=\"elementor-container elementor-column-gap-default\">\n\t\t\t\t\t<div class=\"has_eae_slider elementor-column elementor-col-100 elementor-top-column elementor-element elementor-element-d32b063\" data-eae-slider=\"11563\" data-id=\"d32b063\" data-element_type=\"column\" data-e-type=\"column\">\n\t\t\t<div class=\"elementor-widget-wrap elementor-element-populated\">\n\t\t\t\t\t\t<div class=\"elementor-element elementor-element-38f283d elementor-position-left elementor-vertical-align-middle elementor-widget elementor-widget-image-box\" data-id=\"38f283d\" data-element_type=\"widget\" data-e-type=\"widget\" data-widget_type=\"image-box.default\">\n\t\t\t\t<div class=\"elementor-widget-container\">\n\t\t\t\t\t<div class=\"elementor-image-box-wrapper\"><figure class=\"elementor-image-box-img\"><img decoding=\"async\" data-src=\"https:\/\/bas-tv.md\/wp-content\/uploads\/2020\/07\/anatolii-cirma-taiat-1.png\" title=\"\" alt=\"\" src=\"data:image\/svg+xml;base64,PHN2ZyB3aWR0aD0iMSIgaGVpZ2h0PSIxIiB4bWxucz0iaHR0cDovL3d3dy53My5vcmcvMjAwMC9zdmciPjwvc3ZnPg==\" class=\"lazyload\" style=\"--smush-placeholder-width: 886px; --smush-placeholder-aspect-ratio: 886\/690;\" \/><\/figure><div class=\"elementor-image-box-content\"><h3 class=\"elementor-image-box-title\">ANATOLII C\u00ceRMA locuitor or. basarabeasca<\/h3><p class=\"elementor-image-box-description\">Alcoolismul este o boal\u0103 psihic\u0103, provocat\u0103 de \u00eentrebuin\u0163area cu regularitate a alcoolului. Acest viciu duce la dependen\u0163a fa\u0163\u0103 de b\u0103uturile tari. Prin urmare persoana degradeaz\u0103 fizic \u015fi moral. Individul trece prin suferin\u0163e mari psihice \u015fi fizice.<\/p><\/div><\/div>\t\t\t\t<\/div>\n\t\t\t\t<\/div>\n\t\t\t\t\t<\/div>\n\t\t<\/div>\n\t\t\t\t\t<\/div>\n\t\t<\/section>\n\t\t\t\t<section class=\"has_eae_slider elementor-section elementor-top-section elementor-element elementor-element-1dd24c4 elementor-section-boxed elementor-section-height-default elementor-section-height-default\" data-eae-slider=\"2487\" data-id=\"1dd24c4\" data-element_type=\"section\" data-e-type=\"section\">\n\t\t\t\t\t\t<div class=\"elementor-container elementor-column-gap-default\">\n\t\t\t\t\t<div class=\"has_eae_slider elementor-column elementor-col-100 elementor-top-column elementor-element elementor-element-5f0cfda\" data-eae-slider=\"16693\" data-id=\"5f0cfda\" data-element_type=\"column\" data-e-type=\"column\">\n\t\t\t<div class=\"elementor-widget-wrap elementor-element-populated\">\n\t\t\t\t\t\t<div class=\"elementor-element elementor-element-1c0bd6b elementor-widget elementor-widget-text-editor\" data-id=\"1c0bd6b\" data-element_type=\"widget\" data-e-type=\"widget\" data-widget_type=\"text-editor.default\">\n\t\t\t\t<div class=\"elementor-widget-container\">\n\t\t\t\t\t\t\t\t\t<h4>Persoanele care consum\u0103 cu regularitate alcool nu vor recunoa\u0219te niciodat\u0103 c\u0103 b\u0103utura le distruge via\u021ba \u0219i c\u0103 ei cu timpul degradaz\u0103, duc\u00e2nd un mod de via\u021b\u0103 greu de imaginat.<\/h4>\t\t\t\t\t\t\t\t<\/div>\n\t\t\t\t<\/div>\n\t\t\t\t\t<\/div>\n\t\t<\/div>\n\t\t\t\t\t<\/div>\n\t\t<\/section>\n\t\t\t\t<section class=\"has_eae_slider elementor-section elementor-top-section elementor-element elementor-element-f34f119 elementor-section-boxed elementor-section-height-default elementor-section-height-default\" data-eae-slider=\"49466\" data-id=\"f34f119\" data-element_type=\"section\" data-e-type=\"section\">\n\t\t\t\t\t\t<div class=\"elementor-container elementor-column-gap-default\">\n\t\t\t\t\t<div class=\"has_eae_slider elementor-column elementor-col-100 elementor-top-column elementor-element elementor-element-472a0ca\" data-eae-slider=\"87505\" data-id=\"472a0ca\" data-element_type=\"column\" data-e-type=\"column\">\n\t\t\t<div class=\"elementor-widget-wrap elementor-element-populated\">\n\t\t\t\t\t\t<div class=\"elementor-element elementor-element-6a85f9b elementor-widget elementor-widget-text-editor\" data-id=\"6a85f9b\" data-element_type=\"widget\" data-e-type=\"widget\" data-widget_type=\"text-editor.default\">\n\t\t\t\t<div class=\"elementor-widget-container\">\n\t\t\t\t\t\t\t\t\t<h4><span style=\"color: #000000;\">\u00cen acest context medicii sus\u021bin c\u0103 alcoolismul\u00a0este\u00a0o boala cronica, de obicei progresiv\u0103, cu simptome care include dorin\u021ba de a bea, \u00een ciuda efectelor negative. Aceast\u0103 maladie are\u00a0un\u00a0curs \u00een general previzibil, simptome recunoscute \u0219i este influen\u021bat\u0103 de factorii genetici \u0219i \u00eenconjuratori. Republica Moldova se afl\u0103 pe locul II la consumul de alcool \u00een lume. Potrivit speciali\u0219tilor, consumul de alcool este nociv pentru s\u0103n\u0103tatea uman\u0103, alcool este unul dintre factorii principali care declan\u0219eaz\u0103 peste 200 de afec\u021biuni \u0219i boli cum ar fi: tulbur\u0103ri psihice, boli cardiovasculare, ciroza, cancerul \u0219i alte maladii grave.<\/span><\/h4>\t\t\t\t\t\t\t\t<\/div>\n\t\t\t\t<\/div>\n\t\t\t\t\t<\/div>\n\t\t<\/div>\n\t\t\t\t\t<\/div>\n\t\t<\/section>\n\t\t\t\t<section class=\"has_eae_slider elementor-section elementor-top-section elementor-element elementor-element-598b90d elementor-section-boxed elementor-section-height-default elementor-section-height-default\" data-eae-slider=\"48096\" data-id=\"598b90d\" data-element_type=\"section\" data-e-type=\"section\">\n\t\t\t\t\t\t<div class=\"elementor-container elementor-column-gap-default\">\n\t\t\t\t\t<div class=\"has_eae_slider elementor-column elementor-col-100 elementor-top-column elementor-element elementor-element-65bea09\" data-eae-slider=\"14258\" data-id=\"65bea09\" data-element_type=\"column\" data-e-type=\"column\">\n\t\t\t<div class=\"elementor-widget-wrap elementor-element-populated\">\n\t\t\t\t\t\t<div class=\"elementor-element elementor-element-a8f7892 elementor-position-left elementor-vertical-align-middle elementor-widget elementor-widget-image-box\" data-id=\"a8f7892\" data-element_type=\"widget\" data-e-type=\"widget\" data-widget_type=\"image-box.default\">\n\t\t\t\t<div class=\"elementor-widget-container\">\n\t\t\t\t\t<div class=\"elementor-image-box-wrapper\"><figure class=\"elementor-image-box-img\"><img decoding=\"async\" data-src=\"https:\/\/bas-tv.md\/wp-content\/uploads\/2020\/07\/natalia-gurin-taiat.png\" title=\"\" alt=\"\" src=\"data:image\/svg+xml;base64,PHN2ZyB3aWR0aD0iMSIgaGVpZ2h0PSIxIiB4bWxucz0iaHR0cDovL3d3dy53My5vcmcvMjAwMC9zdmciPjwvc3ZnPg==\" class=\"lazyload\" style=\"--smush-placeholder-width: 1295px; --smush-placeholder-aspect-ratio: 1295\/930;\" \/><\/figure><div class=\"elementor-image-box-content\"><h3 class=\"elementor-image-box-title\">NATALIA GURIN medic narcolog CMF Basarabeasca<\/h3><p class=\"elementor-image-box-description\">\u00cen \u021bara noastr\u0103 consumul de alcool este foarte \u00eenalt inciden\u021ba este de 46 653 de cazuri. \u00cen raionul Basarabeasca num\u0103rul consumatorilor de alcool - 486. Alcoolul afecteaz\u0103 toate organele \u0219i sistemele umane. Consecin\u021bele consului de alcool se reflect\u0103 asupra sistemului cardiovascular, sistemului nervos central, asuspra veselor periferice. Alcoolismul aduce prejudiciu familial, social, acolo unde este consum de alcool \u00een familie acolo este mereu violen\u021b\u0103 \u00een familie<\/p><\/div><\/div>\t\t\t\t<\/div>\n\t\t\t\t<\/div>\n\t\t\t\t\t<\/div>\n\t\t<\/div>\n\t\t\t\t\t<\/div>\n\t\t<\/section>\n\t\t\t\t<section class=\"has_eae_slider elementor-section elementor-top-section elementor-element elementor-element-2962793 elementor-section-boxed elementor-section-height-default elementor-section-height-default\" data-eae-slider=\"49680\" data-id=\"2962793\" data-element_type=\"section\" data-e-type=\"section\">\n\t\t\t\t\t\t<div class=\"elementor-container elementor-column-gap-default\">\n\t\t\t\t\t<div class=\"has_eae_slider elementor-column elementor-col-100 elementor-top-column elementor-element elementor-element-5e9e3d8\" data-eae-slider=\"58549\" data-id=\"5e9e3d8\" data-element_type=\"column\" data-e-type=\"column\">\n\t\t\t<div class=\"elementor-widget-wrap elementor-element-populated\">\n\t\t\t\t\t\t<div class=\"elementor-element elementor-element-d6768ed elementor-widget elementor-widget-image\" data-id=\"d6768ed\" data-element_type=\"widget\" data-e-type=\"widget\" data-widget_type=\"image.default\">\n\t\t\t\t<div class=\"elementor-widget-container\">\n\t\t\t\t\t\t\t\t\t\t\t\t\t\t\t<img decoding=\"async\" data-src=\"https:\/\/bas-tv.md\/wp-content\/uploads\/2020\/07\/000-6.png\" title=\"\" alt=\"\" src=\"data:image\/svg+xml;base64,PHN2ZyB3aWR0aD0iMSIgaGVpZ2h0PSIxIiB4bWxucz0iaHR0cDovL3d3dy53My5vcmcvMjAwMC9zdmciPjwvc3ZnPg==\" class=\"lazyload\" style=\"--smush-placeholder-width: 800px; --smush-placeholder-aspect-ratio: 800\/500;\" \/>\t\t\t\t\t\t\t\t\t\t\t\t\t\t\t<\/div>\n\t\t\t\t<\/div>\n\t\t\t\t<div class=\"elementor-element elementor-element-b81ba79 elementor-widget elementor-widget-text-editor\" data-id=\"b81ba79\" data-element_type=\"widget\" data-e-type=\"widget\" data-widget_type=\"text-editor.default\">\n\t\t\t\t<div class=\"elementor-widget-container\">\n\t\t\t\t\t\t\t\t\t<h4>Comportamentul persoanelor bolnave de alcoolism poate afecta at\u00e2t s\u0103n\u0103tatea lor, c\u00eet \u0219i comunitatea sau\u00a0 familiile. Potrivit speciali\u0219tilor, majoritatea oamenilor \u00eencep a consuma alcool atunci c\u00eend apar tot felul de \u00eengrijor\u0103ri legate de bani sau alte probleme. \u015ei atunci unele femei sau b\u0103rba\u0163ii aleg alcoolul ca mijloc rapid de a dep\u0103\u015fi momentele \u00een care se simt ap\u0103sa\u0163i de provoc\u0103rile vie\u0163ii. Iar femeile sunt mai vulnerabile, dec\u00eet b\u0103rba\u021bii. Femeile care fac abuz de alcool devin dependente mult mai rapide dec\u00e2t b\u0103rba\u0163ii.<\/h4>\t\t\t\t\t\t\t\t<\/div>\n\t\t\t\t<\/div>\n\t\t\t\t\t<\/div>\n\t\t<\/div>\n\t\t\t\t\t<\/div>\n\t\t<\/section>\n\t\t\t\t<section class=\"has_eae_slider elementor-section elementor-top-section elementor-element elementor-element-ad83ce6 elementor-section-boxed elementor-section-height-default elementor-section-height-default\" data-eae-slider=\"54551\" data-id=\"ad83ce6\" data-element_type=\"section\" data-e-type=\"section\">\n\t\t\t\t\t\t<div class=\"elementor-container elementor-column-gap-default\">\n\t\t\t\t\t<div class=\"has_eae_slider elementor-column elementor-col-100 elementor-top-column elementor-element elementor-element-404e9a4\" data-eae-slider=\"24646\" data-id=\"404e9a4\" data-element_type=\"column\" data-e-type=\"column\">\n\t\t\t<div class=\"elementor-widget-wrap elementor-element-populated\">\n\t\t\t\t\t\t<div class=\"elementor-element elementor-element-33a367b elementor-widget elementor-widget-video\" data-id=\"33a367b\" data-element_type=\"widget\" data-e-type=\"widget\" data-settings=\"{&quot;youtube_url&quot;:&quot;https:\\\/\\\/youtu.be\\\/0kOyJEgNKdw&quot;,&quot;video_type&quot;:&quot;youtube&quot;,&quot;controls&quot;:&quot;yes&quot;}\" data-widget_type=\"video.default\">\n\t\t\t\t<div class=\"elementor-widget-container\">\n\t\t\t\t\t\t\t<div class=\"elementor-wrapper elementor-open-inline\">\n\t\t\t<div class=\"elementor-video\"><\/div>\t\t<\/div>\n\t\t\t\t\t\t<\/div>\n\t\t\t\t<\/div>\n\t\t\t\t\t<\/div>\n\t\t<\/div>\n\t\t\t\t\t<\/div>\n\t\t<\/section>\n\t\t\t\t<section class=\"has_eae_slider elementor-section elementor-top-section elementor-element elementor-element-44571dd elementor-section-boxed elementor-section-height-default elementor-section-height-default\" data-eae-slider=\"40334\" data-id=\"44571dd\" data-element_type=\"section\" data-e-type=\"section\">\n\t\t\t\t\t\t<div class=\"elementor-container elementor-column-gap-default\">\n\t\t\t\t\t<div class=\"has_eae_slider elementor-column elementor-col-100 elementor-top-column elementor-element elementor-element-8b08908\" data-eae-slider=\"5929\" data-id=\"8b08908\" data-element_type=\"column\" data-e-type=\"column\">\n\t\t\t<div class=\"elementor-widget-wrap elementor-element-populated\">\n\t\t\t\t\t\t<div class=\"elementor-element elementor-element-4550131 elementor-widget elementor-widget-text-editor\" data-id=\"4550131\" data-element_type=\"widget\" data-e-type=\"widget\" data-widget_type=\"text-editor.default\">\n\t\t\t\t<div class=\"elementor-widget-container\">\n\t\t\t\t\t\t\t\t\t<h4>\u00cenc\u0103 un aspect care este afectat de alcoolism sunt conduc\u0103torii auto care se a\u0219eaz\u0103 \u00een stare de ebrietate la volan. Ei sunt periculo\u0219i deoarece reflexele lor sunt mai \u00eencete, iar c\u00eempul vizual mai redus. Alcoolul devine periculos, atunci c\u00e2nd se manifest\u0103 starea de ebrietate, la om sl\u0103be\u0219te reflexele, memoria, aten\u021bia astfel produc\u00e2nd accidente rutiere.<\/h4>\t\t\t\t\t\t\t\t<\/div>\n\t\t\t\t<\/div>\n\t\t\t\t\t<\/div>\n\t\t<\/div>\n\t\t\t\t\t<\/div>\n\t\t<\/section>\n\t\t\t\t<section class=\"has_eae_slider elementor-section elementor-top-section elementor-element elementor-element-9becd6a elementor-section-boxed elementor-section-height-default elementor-section-height-default\" data-eae-slider=\"75760\" data-id=\"9becd6a\" data-element_type=\"section\" data-e-type=\"section\">\n\t\t\t\t\t\t<div class=\"elementor-container elementor-column-gap-default\">\n\t\t\t\t\t<div class=\"has_eae_slider elementor-column elementor-col-100 elementor-top-column elementor-element elementor-element-c9d84a2\" data-eae-slider=\"57839\" data-id=\"c9d84a2\" data-element_type=\"column\" data-e-type=\"column\">\n\t\t\t<div class=\"elementor-widget-wrap elementor-element-populated\">\n\t\t\t\t\t\t<div class=\"elementor-element elementor-element-e0d8856 elementor-widget elementor-widget-image\" data-id=\"e0d8856\" data-element_type=\"widget\" data-e-type=\"widget\" data-widget_type=\"image.default\">\n\t\t\t\t<div class=\"elementor-widget-container\">\n\t\t\t\t\t\t\t\t\t\t\t\t\t\t\t<img decoding=\"async\" data-src=\"https:\/\/bas-tv.md\/wp-content\/uploads\/2020\/07\/accident.jpg\" title=\"\" alt=\"\" src=\"data:image\/svg+xml;base64,PHN2ZyB3aWR0aD0iMSIgaGVpZ2h0PSIxIiB4bWxucz0iaHR0cDovL3d3dy53My5vcmcvMjAwMC9zdmciPjwvc3ZnPg==\" class=\"lazyload\" style=\"--smush-placeholder-width: 1280px; --smush-placeholder-aspect-ratio: 1280\/720;\" \/>\t\t\t\t\t\t\t\t\t\t\t\t\t\t\t<\/div>\n\t\t\t\t<\/div>\n\t\t\t\t\t<\/div>\n\t\t<\/div>\n\t\t\t\t\t<\/div>\n\t\t<\/section>\n\t\t\t\t<section class=\"has_eae_slider elementor-section elementor-top-section elementor-element elementor-element-2a2b31e elementor-section-boxed elementor-section-height-default elementor-section-height-default\" data-eae-slider=\"48207\" data-id=\"2a2b31e\" data-element_type=\"section\" data-e-type=\"section\">\n\t\t\t\t\t\t<div class=\"elementor-container elementor-column-gap-default\">\n\t\t\t\t\t<div class=\"has_eae_slider elementor-column elementor-col-100 elementor-top-column elementor-element elementor-element-ec41b30\" data-eae-slider=\"96970\" data-id=\"ec41b30\" data-element_type=\"column\" data-e-type=\"column\">\n\t\t\t<div class=\"elementor-widget-wrap elementor-element-populated\">\n\t\t\t\t\t\t<div class=\"elementor-element elementor-element-eca2a85 elementor-widget elementor-widget-text-editor\" data-id=\"eca2a85\" data-element_type=\"widget\" data-e-type=\"widget\" data-widget_type=\"text-editor.default\">\n\t\t\t\t<div class=\"elementor-widget-container\">\n\t\t\t\t\t\t\t\t\t<h4>Republica Moldova se afl\u0103 pe locul 6 \u00een lume din 168 de \u021b\u0103ri dup\u0103 ponderea deceselor \u00een accidente de circula\u0163ie, produse ca urmare a consumului de alcool. Acest top al \u021b\u0103rilor a fost realizat de Organiza\u021bia Mondial\u0103 a S\u0103n\u0103t\u0103\u021bii \u0219i grupul financiar Alliaz. \u00cen prezent, la eviden\u021ba Serviciului de Proba\u021biune se afl\u0103 peste 4700 de \u0219oferi, care au fost priva\u021bi de dreptul de a conduce un mijloc de transport. Dintre ace\u0219tia, fiecare al patrulea a fost depistat \u00een stare de ebrietate avansat\u0103 la volan.\u00a0\u0218eful biroului de proba\u021biune Basarabeasca, Tamara Bucea\u021bchi, ne-a comunicat cum sunt pedepsi\u021bi \u0219oferii care circul\u0103 \u00een stare de ebrietate la volan.<\/h4>\t\t\t\t\t\t\t\t<\/div>\n\t\t\t\t<\/div>\n\t\t\t\t\t<\/div>\n\t\t<\/div>\n\t\t\t\t\t<\/div>\n\t\t<\/section>\n\t\t\t\t<section class=\"has_eae_slider elementor-section elementor-top-section elementor-element elementor-element-74555a4 elementor-section-boxed elementor-section-height-default elementor-section-height-default\" data-eae-slider=\"44000\" data-id=\"74555a4\" data-element_type=\"section\" data-e-type=\"section\">\n\t\t\t\t\t\t<div class=\"elementor-container elementor-column-gap-default\">\n\t\t\t\t\t<div class=\"has_eae_slider elementor-column elementor-col-100 elementor-top-column elementor-element elementor-element-bf37f4c\" data-eae-slider=\"18353\" data-id=\"bf37f4c\" data-element_type=\"column\" data-e-type=\"column\">\n\t\t\t<div class=\"elementor-widget-wrap elementor-element-populated\">\n\t\t\t\t\t\t<div class=\"elementor-element elementor-element-b72faef elementor-widget elementor-widget-video\" data-id=\"b72faef\" data-element_type=\"widget\" data-e-type=\"widget\" data-settings=\"{&quot;youtube_url&quot;:&quot;https:\\\/\\\/youtu.be\\\/NUxuGoSBD_o&quot;,&quot;video_type&quot;:&quot;youtube&quot;,&quot;controls&quot;:&quot;yes&quot;}\" data-widget_type=\"video.default\">\n\t\t\t\t<div class=\"elementor-widget-container\">\n\t\t\t\t\t\t\t<div class=\"elementor-wrapper elementor-open-inline\">\n\t\t\t<div class=\"elementor-video\"><\/div>\t\t<\/div>\n\t\t\t\t\t\t<\/div>\n\t\t\t\t<\/div>\n\t\t\t\t\t<\/div>\n\t\t<\/div>\n\t\t\t\t\t<\/div>\n\t\t<\/section>\n\t\t\t\t<section class=\"has_eae_slider elementor-section elementor-top-section elementor-element elementor-element-9762fc3 elementor-section-boxed elementor-section-height-default elementor-section-height-default\" data-eae-slider=\"22650\" data-id=\"9762fc3\" data-element_type=\"section\" data-e-type=\"section\">\n\t\t\t\t\t\t<div class=\"elementor-container elementor-column-gap-default\">\n\t\t\t\t\t<div class=\"has_eae_slider elementor-column elementor-col-100 elementor-top-column elementor-element elementor-element-2dc63fe\" data-eae-slider=\"27632\" data-id=\"2dc63fe\" data-element_type=\"column\" data-e-type=\"column\">\n\t\t\t<div class=\"elementor-widget-wrap elementor-element-populated\">\n\t\t\t\t\t\t<div class=\"elementor-element elementor-element-36acfd1 elementor-widget elementor-widget-text-editor\" data-id=\"36acfd1\" data-element_type=\"widget\" data-e-type=\"widget\" data-widget_type=\"text-editor.default\">\n\t\t\t\t<div class=\"elementor-widget-container\">\n\t\t\t\t\t\t\t\t\t<h4>Persoanele care urc\u0103 \u00een stare de ebrietate la volan risc\u0103: munc\u0103 neremunerat\u0103 \u00een folosul comunit\u0103\u021bii circa 200 de ore, privarea de dreptul de a conduce mijlocul de transport pentru o perioad\u0103 de la 1 la 5 ani, anularea permisului de conducere, aplicarea programului antialcool contra cost \u00een valoare de 4000 de lei, amend\u0103 de p\u00e2n\u0103 la 25 de mii de lei \u0219i \u00eenchisoare de p\u00e2n\u0103 la un an.<\/h4>\t\t\t\t\t\t\t\t<\/div>\n\t\t\t\t<\/div>\n\t\t\t\t<div class=\"elementor-element elementor-element-7fdd1f7 elementor-position-right elementor-vertical-align-middle elementor-widget elementor-widget-image-box\" data-id=\"7fdd1f7\" data-element_type=\"widget\" data-e-type=\"widget\" data-widget_type=\"image-box.default\">\n\t\t\t\t<div class=\"elementor-widget-container\">\n\t\t\t\t\t<div class=\"elementor-image-box-wrapper\"><figure class=\"elementor-image-box-img\"><img decoding=\"async\" data-src=\"https:\/\/bas-tv.md\/wp-content\/uploads\/2020\/07\/buceatchi-taiat.jpg\" title=\"\" alt=\"\" src=\"data:image\/svg+xml;base64,PHN2ZyB3aWR0aD0iMSIgaGVpZ2h0PSIxIiB4bWxucz0iaHR0cDovL3d3dy53My5vcmcvMjAwMC9zdmciPjwvc3ZnPg==\" class=\"lazyload\" style=\"--smush-placeholder-width: 1305px; --smush-placeholder-aspect-ratio: 1305\/974;\" \/><\/figure><div class=\"elementor-image-box-content\"><h3 class=\"elementor-image-box-title\">TAMARA BUCEA\u021aCHI \u0218eful biroului de Proba\u021biune Basarabeasca<\/h3><p class=\"elementor-image-box-description\">La biroul de proba\u021biune Basarabeasca se afl\u0103 la eviden\u021b\u0103 33 de condamna\u021bi privind privarea de dreptul de a conduce mijloace de transport dintre care 28 de condamna\u021bi au fost depista\u021bi \u00een stare de ebrietate \u0219i 5 se afl\u0103 la eviden\u021b\u0103 cu anularea dreptului de a conduce mijloacele de transport. \u00cen BP Basarabeasca au fost cazuri c\u00e2nd persoanele private de a conduce mijloace de transport sau a\u0219ezat repetat la volan \u00een stare de ebrietate \u0219i au s\u0103v\u00e2r\u0219it infrac\u021biuni repetate. <\/p><\/div><\/div>\t\t\t\t<\/div>\n\t\t\t\t<\/div>\n\t\t\t\t\t<\/div>\n\t\t<\/div>\n\t\t\t\t\t<\/div>\n\t\t<\/section>\n\t\t\t\t<section class=\"has_eae_slider elementor-section elementor-top-section elementor-element elementor-element-ee39421 elementor-section-boxed elementor-section-height-default elementor-section-height-default\" data-eae-slider=\"84500\" data-id=\"ee39421\" data-element_type=\"section\" data-e-type=\"section\">\n\t\t\t\t\t\t<div class=\"elementor-container elementor-column-gap-default\">\n\t\t\t\t\t<div class=\"has_eae_slider elementor-column elementor-col-100 elementor-top-column elementor-element elementor-element-46b3970\" data-eae-slider=\"36735\" data-id=\"46b3970\" data-element_type=\"column\" data-e-type=\"column\">\n\t\t\t<div class=\"elementor-widget-wrap elementor-element-populated\">\n\t\t\t\t\t\t<div class=\"elementor-element elementor-element-b7d7623 elementor-widget elementor-widget-text-editor\" data-id=\"b7d7623\" data-element_type=\"widget\" data-e-type=\"widget\" data-widget_type=\"text-editor.default\">\n\t\t\t\t<div class=\"elementor-widget-container\">\n\t\t\t\t\t\t\t\t\t<h4>Biroul de proba\u021biune Basarabeasca acord\u0103 asisten\u021b\u0103 \u0219i consiliere subiec\u021bilor proba\u021biunii, exercit\u0103 controlul asupra comportamentului lor \u0219i desf\u0103\u0219oar\u0103 programe proba\u021bionale. La eviden\u021ba biroului se afl\u0103 persoanele condamnate la pedepse non-private de libertate, cum ar fi: condamnarea condi\u021bionat\u0103, eliberarea condi\u021bionat\u0103 \u00eenainte de termen din \u00eenchisoare \u0219i persoanele care sunt condamna\u021bi de instan\u021ba de judecat\u0103 privind privarea de dreptul de a conduce mijloacele de transport.<\/h4>\t\t\t\t\t\t\t\t<\/div>\n\t\t\t\t<\/div>\n\t\t\t\t<div class=\"elementor-element elementor-element-f5718c7 elementor-widget elementor-widget-image\" data-id=\"f5718c7\" data-element_type=\"widget\" data-e-type=\"widget\" data-widget_type=\"image.default\">\n\t\t\t\t<div class=\"elementor-widget-container\">\n\t\t\t\t\t\t\t\t\t\t\t\t\t\t\t<img decoding=\"async\" data-src=\"https:\/\/bas-tv.md\/wp-content\/uploads\/2020\/07\/000-7.png\" title=\"\" alt=\"\" src=\"data:image\/svg+xml;base64,PHN2ZyB3aWR0aD0iMSIgaGVpZ2h0PSIxIiB4bWxucz0iaHR0cDovL3d3dy53My5vcmcvMjAwMC9zdmciPjwvc3ZnPg==\" class=\"lazyload\" style=\"--smush-placeholder-width: 800px; --smush-placeholder-aspect-ratio: 800\/560;\" \/>\t\t\t\t\t\t\t\t\t\t\t\t\t\t\t<\/div>\n\t\t\t\t<\/div>\n\t\t\t\t\t<\/div>\n\t\t<\/div>\n\t\t\t\t\t<\/div>\n\t\t<\/section>\n\t\t\t\t<section class=\"has_eae_slider elementor-section elementor-top-section elementor-element elementor-element-8e6f26f elementor-section-boxed elementor-section-height-default elementor-section-height-default\" data-eae-slider=\"26614\" data-id=\"8e6f26f\" data-element_type=\"section\" data-e-type=\"section\">\n\t\t\t\t\t\t<div class=\"elementor-container elementor-column-gap-default\">\n\t\t\t\t\t<div class=\"has_eae_slider elementor-column elementor-col-100 elementor-top-column elementor-element elementor-element-be337b0\" data-eae-slider=\"27048\" data-id=\"be337b0\" data-element_type=\"column\" data-e-type=\"column\">\n\t\t\t<div class=\"elementor-widget-wrap elementor-element-populated\">\n\t\t\t\t\t\t<div class=\"elementor-element elementor-element-5b531ed elementor-widget elementor-widget-text-editor\" data-id=\"5b531ed\" data-element_type=\"widget\" data-e-type=\"widget\" data-widget_type=\"text-editor.default\">\n\t\t\t\t<div class=\"elementor-widget-container\">\n\t\t\t\t\t\t\t\t\t<h4>Aceast\u0103 boal\u0103 nu are v\u00e2rst\u0103. Fiecare al doilea adolescent consum\u0103 sistematic alcool. Acesta denot\u0103 un studiu realizat de UNICEF \u00een colaborare cu Ministerul S\u0103n\u0103t\u0103\u0163ii din Republica Moldova. Potrivit studiului, fiecare al zecelea respondent de gen masculin cu v\u00e2rsta de 11 ani \u0219i fiecare al patrulea respondent cu v\u00e2rsta de 13 ani s-a \u00eemb\u0103tat cel pu\u021bin o dat\u0103 \u00een via\u021b\u0103. 45% din b\u0103ie\u021bi \u0219i 22 la sut\u0103 din fete au consumat alcool p\u00e2n\u0103 la v\u00e2rsta de 15 ani.\u00a0 Indiferent de la ce v\u00e2rst\u0103 b\u0103rbatul sau femeia \u00eencep a consuma alcool, medicii sus\u021bin c\u0103, \u00een primul r\u00e2nd, acest viciu se reflect\u0103 asupra capacit\u0103\u021bii lor mintale. Iar dac\u0103 domni\u0219oara \u00eencepe a consuma alcool, \u00een consecin\u021b\u0103 aceasta distruge genetic viitoarea ei genera\u021bie. Medicul-ginecolog Oxana Usataia a comunicat c\u0103 feti\u021ba se na\u0219te cu memoria ei genetic\u0103 care se p\u0103streaz\u0103 p\u00e2n\u0103 la sf\u00eer\u0219itul vie\u021bii \u0219i aceste celule feminine nu se regenereaz\u0103 niciodat\u0103. \u00cen concluzie, abuzul de alcool d\u0103uneaz\u0103 la nivel genetic.<\/h4>\t\t\t\t\t\t\t\t<\/div>\n\t\t\t\t<\/div>\n\t\t\t\t\t<\/div>\n\t\t<\/div>\n\t\t\t\t\t<\/div>\n\t\t<\/section>\n\t\t\t\t<section class=\"has_eae_slider elementor-section elementor-top-section elementor-element elementor-element-f4c9899 elementor-section-boxed elementor-section-height-default elementor-section-height-default\" data-eae-slider=\"65911\" data-id=\"f4c9899\" data-element_type=\"section\" data-e-type=\"section\">\n\t\t\t\t\t\t<div class=\"elementor-container elementor-column-gap-default\">\n\t\t\t\t\t<div class=\"has_eae_slider elementor-column elementor-col-100 elementor-top-column elementor-element elementor-element-825ba94\" data-eae-slider=\"1330\" data-id=\"825ba94\" data-element_type=\"column\" data-e-type=\"column\">\n\t\t\t<div class=\"elementor-widget-wrap elementor-element-populated\">\n\t\t\t\t\t\t<div class=\"elementor-element elementor-element-213270a elementor-widget elementor-widget-video\" data-id=\"213270a\" data-element_type=\"widget\" data-e-type=\"widget\" data-settings=\"{&quot;youtube_url&quot;:&quot;https:\\\/\\\/youtu.be\\\/pYUZLofz33g&quot;,&quot;video_type&quot;:&quot;youtube&quot;,&quot;controls&quot;:&quot;yes&quot;}\" data-widget_type=\"video.default\">\n\t\t\t\t<div class=\"elementor-widget-container\">\n\t\t\t\t\t\t\t<div class=\"elementor-wrapper elementor-open-inline\">\n\t\t\t<div class=\"elementor-video\"><\/div>\t\t<\/div>\n\t\t\t\t\t\t<\/div>\n\t\t\t\t<\/div>\n\t\t\t\t\t<\/div>\n\t\t<\/div>\n\t\t\t\t\t<\/div>\n\t\t<\/section>\n\t\t\t\t<section class=\"has_eae_slider elementor-section elementor-top-section elementor-element elementor-element-d9f3adc elementor-section-boxed elementor-section-height-default elementor-section-height-default\" data-eae-slider=\"38987\" data-id=\"d9f3adc\" data-element_type=\"section\" data-e-type=\"section\">\n\t\t\t\t\t\t<div class=\"elementor-container elementor-column-gap-default\">\n\t\t\t\t\t<div class=\"has_eae_slider elementor-column elementor-col-100 elementor-top-column elementor-element elementor-element-9079f51\" data-eae-slider=\"1749\" data-id=\"9079f51\" data-element_type=\"column\" data-e-type=\"column\">\n\t\t\t<div class=\"elementor-widget-wrap elementor-element-populated\">\n\t\t\t\t\t\t<div class=\"elementor-element elementor-element-51bd783 elementor-widget elementor-widget-text-editor\" data-id=\"51bd783\" data-element_type=\"widget\" data-e-type=\"widget\" data-widget_type=\"text-editor.default\">\n\t\t\t\t<div class=\"elementor-widget-container\">\n\t\t\t\t\t\t\t\t\t<h4>Consumul \u00eendelungat de alcool agraveaz\u0103 at\u00e2t s\u0103n\u0103tatea pruncului nou-n\u0103scut, c\u00e2t \u0219i s\u0103n\u0103tatea tinerei m\u0103mici. Alcoolul afecteaz\u0103 fertilitatea femeilor \u0219i perturbeaz\u0103 ciclul menstrual sau chiar periodic lipse\u0219te ovula\u021bia. F\u0103r\u0103 ovula\u021bie o femeie nu poate s\u0103 r\u0103m\u00e2n\u0103 \u00eens\u0103rcinat\u0103.<\/h4>\t\t\t\t\t\t\t\t<\/div>\n\t\t\t\t<\/div>\n\t\t\t\t\t<\/div>\n\t\t<\/div>\n\t\t\t\t\t<\/div>\n\t\t<\/section>\n\t\t\t\t<section class=\"has_eae_slider elementor-section elementor-top-section elementor-element elementor-element-cf385ea elementor-section-boxed elementor-section-height-default elementor-section-height-default\" data-eae-slider=\"38842\" data-id=\"cf385ea\" data-element_type=\"section\" data-e-type=\"section\">\n\t\t\t\t\t\t<div class=\"elementor-container elementor-column-gap-default\">\n\t\t\t\t\t<div class=\"has_eae_slider elementor-column elementor-col-100 elementor-top-column elementor-element elementor-element-5cc97a6\" data-eae-slider=\"19798\" data-id=\"5cc97a6\" data-element_type=\"column\" data-e-type=\"column\">\n\t\t\t<div class=\"elementor-widget-wrap elementor-element-populated\">\n\t\t\t\t\t\t<div class=\"elementor-element elementor-element-0bfac13 elementor-position-left elementor-vertical-align-middle elementor-widget elementor-widget-image-box\" data-id=\"0bfac13\" data-element_type=\"widget\" data-e-type=\"widget\" data-widget_type=\"image-box.default\">\n\t\t\t\t<div class=\"elementor-widget-container\">\n\t\t\t\t\t<div class=\"elementor-image-box-wrapper\"><figure class=\"elementor-image-box-img\"><img decoding=\"async\" data-src=\"https:\/\/bas-tv.md\/wp-content\/uploads\/2020\/07\/usataia-taiat.jpg\" title=\"\" alt=\"\" src=\"data:image\/svg+xml;base64,PHN2ZyB3aWR0aD0iMSIgaGVpZ2h0PSIxIiB4bWxucz0iaHR0cDovL3d3dy53My5vcmcvMjAwMC9zdmciPjwvc3ZnPg==\" class=\"lazyload\" style=\"--smush-placeholder-width: 917px; --smush-placeholder-aspect-ratio: 917\/774;\" \/><\/figure><div class=\"elementor-image-box-content\"><h3 class=\"elementor-image-box-title\"> OXANA USATAIA, MEDIC-GINECOLOG SR BASARABEASCA \u200b<\/h3><p class=\"elementor-image-box-description\">\nLa feti\u021b\u0103 se poate perturba ciclu menstrual, ea poate pierde \u00een greutate. Domni\u0219oarele care consum\u0103 alcool fregvent repede sl\u0103besc, pentru c\u0103 alcoolicii cronici consum\u0103 mult \u0219i pu\u021bin m\u0103n\u00e2nc\u0103. Adica propor\u021bia consului de alcool brusc se ridic\u0103 \u00een raport cu proteinele alimentare. Se prime\u0219te c\u0103 domni\u0219oara energie parc\u0103 are iar \u00een greutate ea scade. La un moment dat aceast fenomen devine o catastrof\u0103, se admite sl\u0103birea cu 10kg. de la norm\u0103, dar dac\u0103 aceta dep\u0103\u0219e\u0219te 15-20 de kg. Aici se \u00eencepe disrugerea tuturor organelor.<\/p><\/div><\/div>\t\t\t\t<\/div>\n\t\t\t\t<\/div>\n\t\t\t\t\t<\/div>\n\t\t<\/div>\n\t\t\t\t\t<\/div>\n\t\t<\/section>\n\t\t\t\t<section class=\"has_eae_slider elementor-section elementor-top-section elementor-element elementor-element-10c2ed1 elementor-section-boxed elementor-section-height-default elementor-section-height-default\" data-eae-slider=\"50515\" data-id=\"10c2ed1\" data-element_type=\"section\" data-e-type=\"section\">\n\t\t\t\t\t\t<div class=\"elementor-container elementor-column-gap-default\">\n\t\t\t\t\t<div class=\"has_eae_slider elementor-column elementor-col-100 elementor-top-column elementor-element elementor-element-f8574fd\" data-eae-slider=\"83223\" data-id=\"f8574fd\" data-element_type=\"column\" data-e-type=\"column\">\n\t\t\t<div class=\"elementor-widget-wrap elementor-element-populated\">\n\t\t\t\t\t\t<div class=\"elementor-element elementor-element-5439737 elementor-widget elementor-widget-text-editor\" data-id=\"5439737\" data-element_type=\"widget\" data-e-type=\"widget\" data-widget_type=\"text-editor.default\">\n\t\t\t\t<div class=\"elementor-widget-container\">\n\t\t\t\t\t\t\t\t\t<h4><strong>Alcoolismul p\u0103rin\u021bilor este periculos pentru nou-n\u0103scut, cu toate c\u0103 acesta se poate na\u0219te aparent s\u0103n\u0103tos. Alcoolul d\u0103uneaz\u0103 grav s\u0103n\u0103t\u0103\u021bii copilului, malforma\u021biile se vor observ\u0103 atunci c\u00e2nd copilul se va \u00eencepe a dezvolta emo\u021bional, prin percep\u021bia mamei \u0219i al tat\u0103lui. Mai frecvent consecin\u021bele alcoolismului nu se observ\u0103 la nou-n\u0103scut, dar la copilul\u00a0 dup\u0103 un an.<\/strong><\/h4>\t\t\t\t\t\t\t\t<\/div>\n\t\t\t\t<\/div>\n\t\t\t\t\t<\/div>\n\t\t<\/div>\n\t\t\t\t\t<\/div>\n\t\t<\/section>\n\t\t\t\t<section class=\"has_eae_slider elementor-section elementor-top-section elementor-element elementor-element-a04b340 elementor-section-boxed elementor-section-height-default elementor-section-height-default\" data-eae-slider=\"79740\" data-id=\"a04b340\" data-element_type=\"section\" data-e-type=\"section\">\n\t\t\t\t\t\t<div class=\"elementor-container elementor-column-gap-default\">\n\t\t\t\t\t<div class=\"has_eae_slider elementor-column elementor-col-100 elementor-top-column elementor-element elementor-element-703f7c8\" data-eae-slider=\"47552\" data-id=\"703f7c8\" data-element_type=\"column\" data-e-type=\"column\">\n\t\t\t<div class=\"elementor-widget-wrap elementor-element-populated\">\n\t\t\t\t\t\t<div class=\"elementor-element elementor-element-2f55a3f elementor-widget elementor-widget-text-editor\" data-id=\"2f55a3f\" data-element_type=\"widget\" data-e-type=\"widget\" data-widget_type=\"text-editor.default\">\n\t\t\t\t<div class=\"elementor-widget-container\">\n\t\t\t\t\t\t\t\t\t<h4><strong>Alcoolismul este o boal\u0103 psihic\u0103, provocat\u0103 de \u00eentrebuin\u0163area cu regularitate a alcoolului. Acest viciu duce la dependen\u0163a fa\u0163\u0103 de b\u0103uturile tari. Prin urmare persoana degradeaz\u0103 fizic \u015fi moral. Individul trece prin suferin\u0163e mari psihice \u015fi fizice. Alcoolismul este o boal\u0103 psihic\u0103, provocat\u0103 de \u00eentrebuin\u0163area cu regularitate a alcoolului. Acest viciu duce la dependen\u0163a fa\u0163\u0103 de b\u0103uturile tari. Prin urmare persoana degradeaz\u0103 fizic \u015fi moral. Individul trece prin suferin\u0163e mari psihice \u015fi fizice.<\/strong><\/h4>\t\t\t\t\t\t\t\t<\/div>\n\t\t\t\t<\/div>\n\t\t\t\t\t<\/div>\n\t\t<\/div>\n\t\t\t\t\t<\/div>\n\t\t<\/section>\n\t\t\t\t<section class=\"has_eae_slider elementor-section elementor-top-section elementor-element elementor-element-9701d23 elementor-section-boxed elementor-section-height-default elementor-section-height-default\" data-eae-slider=\"78897\" data-id=\"9701d23\" data-element_type=\"section\" data-e-type=\"section\">\n\t\t\t\t\t\t<div class=\"elementor-container elementor-column-gap-default\">\n\t\t\t\t\t<div class=\"has_eae_slider elementor-column elementor-col-100 elementor-top-column elementor-element elementor-element-261969c\" data-eae-slider=\"5902\" data-id=\"261969c\" data-element_type=\"column\" data-e-type=\"column\">\n\t\t\t<div class=\"elementor-widget-wrap elementor-element-populated\">\n\t\t\t\t\t\t<div class=\"elementor-element elementor-element-fd8f189 elementor-widget elementor-widget-text-editor\" data-id=\"fd8f189\" data-element_type=\"widget\" data-e-type=\"widget\" data-widget_type=\"text-editor.default\">\n\t\t\t\t<div class=\"elementor-widget-container\">\n\t\t\t\t\t\t\t\t\t<h4><span style=\"color: #000000;\">Autor: Tatiana Cas\u00eem<\/span><\/h4>\t\t\t\t\t\t\t\t<\/div>\n\t\t\t\t<\/div>\n\t\t\t\t\t<\/div>\n\t\t<\/div>\n\t\t\t\t\t<\/div>\n\t\t<\/section>\n\t\t\t\t<\/div>\n\t\t","protected":false},"excerpt":{"rendered":"<p>Republica Moldova continu\u0103 s\u0103 r\u0103m\u00e2n\u0103 cea mai s\u0103rac\u0103 \u021bar\u0103 din Europa. Iar consumul abuziv de alcool este primul factor de risc pentru popula\u021bia din \u021bara noastr\u0103. Ne\u00eencrederea \u00een ziua de m\u00e2ine, \u0219omajul, stresul social &#8230; constituie la majorarea num\u0103rului persoanelor afectate de alcoolism. c\u0103 Alcoolismul poate fi considerat\u0103 \u201dBoala s\u0103r\u0103ciei\u201d. Dependen\u021ba de alcool este o [&hellip;]<\/p>\n","protected":false},"author":3,"featured_media":16401,"comment_status":"open","ping_status":"open","sticky":false,"template":"","format":"standard","meta":{"footnotes":""},"categories":[165],"tags":[],"class_list":["post-12950","post","type-post","status-publish","format-standard","has-post-thumbnail","hentry","category-obshhestvo"],"yoast_head":"<!-- This site is optimized with the Yoast SEO plugin v27.5 - https:\/\/yoast.com\/product\/yoast-seo-wordpress\/ -->\n<title>Be\u021bia este u\u0219a tuturor r\u0103ut\u0103\u021bilor - BasTV<\/title>\n<meta name=\"robots\" content=\"index, follow, max-snippet:-1, max-image-preview:large, max-video-preview:-1\" \/>\n<link rel=\"canonical\" href=\"https:\/\/bas-tv.md\/ro\/alcoolismul-boala-saraciei\/\" \/>\n<meta property=\"og:locale\" content=\"ro_RO\" \/>\n<meta property=\"og:type\" content=\"article\" \/>\n<meta property=\"og:title\" content=\"Be\u021bia este u\u0219a tuturor r\u0103ut\u0103\u021bilor - BasTV\" \/>\n<meta property=\"og:description\" content=\"Republica Moldova continu\u0103 s\u0103 r\u0103m\u00e2n\u0103 cea mai s\u0103rac\u0103 \u021bar\u0103 din Europa. Iar consumul abuziv de alcool este primul factor de risc pentru popula\u021bia din \u021bara noastr\u0103. Ne\u00eencrederea \u00een ziua de m\u00e2ine, \u0219omajul, stresul social &#8230; constituie la majorarea num\u0103rului persoanelor afectate de alcoolism. c\u0103 Alcoolismul poate fi considerat\u0103 \u201dBoala s\u0103r\u0103ciei\u201d. Dependen\u021ba de alcool este o [&hellip;]\" \/>\n<meta property=\"og:url\" content=\"https:\/\/bas-tv.md\/ro\/alcoolismul-boala-saraciei\/\" \/>\n<meta property=\"og:site_name\" content=\"BasTV\" \/>\n<meta property=\"article:published_time\" content=\"2020-07-31T11:29:02+00:00\" \/>\n<meta property=\"article:modified_time\" content=\"2023-05-25T17:39:59+00:00\" \/>\n<meta name=\"author\" content=\"Redactor\" \/>\n<meta name=\"twitter:card\" content=\"summary_large_image\" \/>\n<meta name=\"twitter:label1\" content=\"Scris de\" \/>\n\t<meta name=\"twitter:data1\" content=\"Redactor\" \/>\n\t<meta name=\"twitter:label2\" content=\"Timp estimat pentru citire\" \/>\n\t<meta name=\"twitter:data2\" content=\"7 minute\" \/>\n<script type=\"application\/ld+json\" class=\"yoast-schema-graph\">{\"@context\":\"https:\\\/\\\/schema.org\",\"@graph\":[{\"@type\":\"Article\",\"@id\":\"https:\\\/\\\/bas-tv.md\\\/ro\\\/alcoolismul-boala-saraciei\\\/#article\",\"isPartOf\":{\"@id\":\"https:\\\/\\\/bas-tv.md\\\/ro\\\/alcoolismul-boala-saraciei\\\/\"},\"author\":{\"name\":\"Redactor\",\"@id\":\"https:\\\/\\\/bas-tv.md\\\/ro\\\/#\\\/schema\\\/person\\\/8740f45ea2eca1f1695284fc03529af0\"},\"headline\":\"Be\u021bia este u\u0219a tuturor r\u0103ut\u0103\u021bilor\",\"datePublished\":\"2020-07-31T11:29:02+00:00\",\"dateModified\":\"2023-05-25T17:39:59+00:00\",\"mainEntityOfPage\":{\"@id\":\"https:\\\/\\\/bas-tv.md\\\/ro\\\/alcoolismul-boala-saraciei\\\/\"},\"wordCount\":1478,\"commentCount\":0,\"publisher\":{\"@id\":\"https:\\\/\\\/bas-tv.md\\\/ro\\\/#organization\"},\"image\":{\"@id\":\"https:\\\/\\\/bas-tv.md\\\/ro\\\/alcoolismul-boala-saraciei\\\/#primaryimage\"},\"thumbnailUrl\":\"\",\"articleSection\":[\"\u041e\u0431\u0449\u0435\u0441\u0442\u0432\u043e\"],\"inLanguage\":\"ro-RO\",\"potentialAction\":[{\"@type\":\"CommentAction\",\"name\":\"Comment\",\"target\":[\"https:\\\/\\\/bas-tv.md\\\/ro\\\/alcoolismul-boala-saraciei\\\/#respond\"]}]},{\"@type\":\"WebPage\",\"@id\":\"https:\\\/\\\/bas-tv.md\\\/ro\\\/alcoolismul-boala-saraciei\\\/\",\"url\":\"https:\\\/\\\/bas-tv.md\\\/ro\\\/alcoolismul-boala-saraciei\\\/\",\"name\":\"Be\u021bia este u\u0219a tuturor r\u0103ut\u0103\u021bilor - BasTV\",\"isPartOf\":{\"@id\":\"https:\\\/\\\/bas-tv.md\\\/ro\\\/#website\"},\"primaryImageOfPage\":{\"@id\":\"https:\\\/\\\/bas-tv.md\\\/ro\\\/alcoolismul-boala-saraciei\\\/#primaryimage\"},\"image\":{\"@id\":\"https:\\\/\\\/bas-tv.md\\\/ro\\\/alcoolismul-boala-saraciei\\\/#primaryimage\"},\"thumbnailUrl\":\"\",\"datePublished\":\"2020-07-31T11:29:02+00:00\",\"dateModified\":\"2023-05-25T17:39:59+00:00\",\"inLanguage\":\"ro-RO\",\"potentialAction\":[{\"@type\":\"ReadAction\",\"target\":[\"https:\\\/\\\/bas-tv.md\\\/ro\\\/alcoolismul-boala-saraciei\\\/\"]}]},{\"@type\":\"ImageObject\",\"inLanguage\":\"ro-RO\",\"@id\":\"https:\\\/\\\/bas-tv.md\\\/ro\\\/alcoolismul-boala-saraciei\\\/#primaryimage\",\"url\":\"\",\"contentUrl\":\"\"},{\"@type\":\"WebSite\",\"@id\":\"https:\\\/\\\/bas-tv.md\\\/ro\\\/#website\",\"url\":\"https:\\\/\\\/bas-tv.md\\\/ro\\\/\",\"name\":\"BasTV\",\"description\":\"Moldova\",\"publisher\":{\"@id\":\"https:\\\/\\\/bas-tv.md\\\/ro\\\/#organization\"},\"potentialAction\":[{\"@type\":\"SearchAction\",\"target\":{\"@type\":\"EntryPoint\",\"urlTemplate\":\"https:\\\/\\\/bas-tv.md\\\/ro\\\/?s={search_term_string}\"},\"query-input\":{\"@type\":\"PropertyValueSpecification\",\"valueRequired\":true,\"valueName\":\"search_term_string\"}}],\"inLanguage\":\"ro-RO\"},{\"@type\":\"Organization\",\"@id\":\"https:\\\/\\\/bas-tv.md\\\/ro\\\/#organization\",\"name\":\"BasTV\",\"url\":\"https:\\\/\\\/bas-tv.md\\\/ro\\\/\",\"logo\":{\"@type\":\"ImageObject\",\"inLanguage\":\"ro-RO\",\"@id\":\"https:\\\/\\\/bas-tv.md\\\/ro\\\/#\\\/schema\\\/logo\\\/image\\\/\",\"url\":\"https:\\\/\\\/bas-tv.md\\\/wp-content\\\/uploads\\\/2023\\\/05\\\/bas-tv-culoarea-rosie.png\",\"contentUrl\":\"https:\\\/\\\/bas-tv.md\\\/wp-content\\\/uploads\\\/2023\\\/05\\\/bas-tv-culoarea-rosie.png\",\"width\":202,\"height\":50,\"caption\":\"BasTV\"},\"image\":{\"@id\":\"https:\\\/\\\/bas-tv.md\\\/ro\\\/#\\\/schema\\\/logo\\\/image\\\/\"}},{\"@type\":\"Person\",\"@id\":\"https:\\\/\\\/bas-tv.md\\\/ro\\\/#\\\/schema\\\/person\\\/8740f45ea2eca1f1695284fc03529af0\",\"name\":\"Redactor\",\"image\":{\"@type\":\"ImageObject\",\"inLanguage\":\"ro-RO\",\"@id\":\"https:\\\/\\\/secure.gravatar.com\\\/avatar\\\/45b6af9fc91c10b15a8b40e67c1f57bab2e9614fc9f0af95cf453d61934e9aad?s=96&d=mm&r=g\",\"url\":\"https:\\\/\\\/secure.gravatar.com\\\/avatar\\\/45b6af9fc91c10b15a8b40e67c1f57bab2e9614fc9f0af95cf453d61934e9aad?s=96&d=mm&r=g\",\"contentUrl\":\"https:\\\/\\\/secure.gravatar.com\\\/avatar\\\/45b6af9fc91c10b15a8b40e67c1f57bab2e9614fc9f0af95cf453d61934e9aad?s=96&d=mm&r=g\",\"caption\":\"Redactor\"},\"url\":\"https:\\\/\\\/bas-tv.md\\\/ro\\\/author\\\/redactor\\\/\"}]}<\/script>\n<!-- \/ Yoast SEO plugin. -->","yoast_head_json":{"title":"Be\u021bia este u\u0219a tuturor r\u0103ut\u0103\u021bilor - BasTV","robots":{"index":"index","follow":"follow","max-snippet":"max-snippet:-1","max-image-preview":"max-image-preview:large","max-video-preview":"max-video-preview:-1"},"canonical":"https:\/\/bas-tv.md\/ro\/alcoolismul-boala-saraciei\/","og_locale":"ro_RO","og_type":"article","og_title":"Be\u021bia este u\u0219a tuturor r\u0103ut\u0103\u021bilor - BasTV","og_description":"Republica Moldova continu\u0103 s\u0103 r\u0103m\u00e2n\u0103 cea mai s\u0103rac\u0103 \u021bar\u0103 din Europa. Iar consumul abuziv de alcool este primul factor de risc pentru popula\u021bia din \u021bara noastr\u0103. Ne\u00eencrederea \u00een ziua de m\u00e2ine, \u0219omajul, stresul social &#8230; constituie la majorarea num\u0103rului persoanelor afectate de alcoolism. c\u0103 Alcoolismul poate fi considerat\u0103 \u201dBoala s\u0103r\u0103ciei\u201d. Dependen\u021ba de alcool este o [&hellip;]","og_url":"https:\/\/bas-tv.md\/ro\/alcoolismul-boala-saraciei\/","og_site_name":"BasTV","article_published_time":"2020-07-31T11:29:02+00:00","article_modified_time":"2023-05-25T17:39:59+00:00","author":"Redactor","twitter_card":"summary_large_image","twitter_misc":{"Scris de":"Redactor","Timp estimat pentru citire":"7 minute"},"schema":{"@context":"https:\/\/schema.org","@graph":[{"@type":"Article","@id":"https:\/\/bas-tv.md\/ro\/alcoolismul-boala-saraciei\/#article","isPartOf":{"@id":"https:\/\/bas-tv.md\/ro\/alcoolismul-boala-saraciei\/"},"author":{"name":"Redactor","@id":"https:\/\/bas-tv.md\/ro\/#\/schema\/person\/8740f45ea2eca1f1695284fc03529af0"},"headline":"Be\u021bia este u\u0219a tuturor r\u0103ut\u0103\u021bilor","datePublished":"2020-07-31T11:29:02+00:00","dateModified":"2023-05-25T17:39:59+00:00","mainEntityOfPage":{"@id":"https:\/\/bas-tv.md\/ro\/alcoolismul-boala-saraciei\/"},"wordCount":1478,"commentCount":0,"publisher":{"@id":"https:\/\/bas-tv.md\/ro\/#organization"},"image":{"@id":"https:\/\/bas-tv.md\/ro\/alcoolismul-boala-saraciei\/#primaryimage"},"thumbnailUrl":"","articleSection":["\u041e\u0431\u0449\u0435\u0441\u0442\u0432\u043e"],"inLanguage":"ro-RO","potentialAction":[{"@type":"CommentAction","name":"Comment","target":["https:\/\/bas-tv.md\/ro\/alcoolismul-boala-saraciei\/#respond"]}]},{"@type":"WebPage","@id":"https:\/\/bas-tv.md\/ro\/alcoolismul-boala-saraciei\/","url":"https:\/\/bas-tv.md\/ro\/alcoolismul-boala-saraciei\/","name":"Be\u021bia este u\u0219a tuturor r\u0103ut\u0103\u021bilor - BasTV","isPartOf":{"@id":"https:\/\/bas-tv.md\/ro\/#website"},"primaryImageOfPage":{"@id":"https:\/\/bas-tv.md\/ro\/alcoolismul-boala-saraciei\/#primaryimage"},"image":{"@id":"https:\/\/bas-tv.md\/ro\/alcoolismul-boala-saraciei\/#primaryimage"},"thumbnailUrl":"","datePublished":"2020-07-31T11:29:02+00:00","dateModified":"2023-05-25T17:39:59+00:00","inLanguage":"ro-RO","potentialAction":[{"@type":"ReadAction","target":["https:\/\/bas-tv.md\/ro\/alcoolismul-boala-saraciei\/"]}]},{"@type":"ImageObject","inLanguage":"ro-RO","@id":"https:\/\/bas-tv.md\/ro\/alcoolismul-boala-saraciei\/#primaryimage","url":"","contentUrl":""},{"@type":"WebSite","@id":"https:\/\/bas-tv.md\/ro\/#website","url":"https:\/\/bas-tv.md\/ro\/","name":"BasTV","description":"Moldova","publisher":{"@id":"https:\/\/bas-tv.md\/ro\/#organization"},"potentialAction":[{"@type":"SearchAction","target":{"@type":"EntryPoint","urlTemplate":"https:\/\/bas-tv.md\/ro\/?s={search_term_string}"},"query-input":{"@type":"PropertyValueSpecification","valueRequired":true,"valueName":"search_term_string"}}],"inLanguage":"ro-RO"},{"@type":"Organization","@id":"https:\/\/bas-tv.md\/ro\/#organization","name":"BasTV","url":"https:\/\/bas-tv.md\/ro\/","logo":{"@type":"ImageObject","inLanguage":"ro-RO","@id":"https:\/\/bas-tv.md\/ro\/#\/schema\/logo\/image\/","url":"https:\/\/bas-tv.md\/wp-content\/uploads\/2023\/05\/bas-tv-culoarea-rosie.png","contentUrl":"https:\/\/bas-tv.md\/wp-content\/uploads\/2023\/05\/bas-tv-culoarea-rosie.png","width":202,"height":50,"caption":"BasTV"},"image":{"@id":"https:\/\/bas-tv.md\/ro\/#\/schema\/logo\/image\/"}},{"@type":"Person","@id":"https:\/\/bas-tv.md\/ro\/#\/schema\/person\/8740f45ea2eca1f1695284fc03529af0","name":"Redactor","image":{"@type":"ImageObject","inLanguage":"ro-RO","@id":"https:\/\/secure.gravatar.com\/avatar\/45b6af9fc91c10b15a8b40e67c1f57bab2e9614fc9f0af95cf453d61934e9aad?s=96&d=mm&r=g","url":"https:\/\/secure.gravatar.com\/avatar\/45b6af9fc91c10b15a8b40e67c1f57bab2e9614fc9f0af95cf453d61934e9aad?s=96&d=mm&r=g","contentUrl":"https:\/\/secure.gravatar.com\/avatar\/45b6af9fc91c10b15a8b40e67c1f57bab2e9614fc9f0af95cf453d61934e9aad?s=96&d=mm&r=g","caption":"Redactor"},"url":"https:\/\/bas-tv.md\/ro\/author\/redactor\/"}]}},"views":399,"_links":{"self":[{"href":"https:\/\/bas-tv.md\/ro\/wp-json\/wp\/v2\/posts\/12950","targetHints":{"allow":["GET"]}}],"collection":[{"href":"https:\/\/bas-tv.md\/ro\/wp-json\/wp\/v2\/posts"}],"about":[{"href":"https:\/\/bas-tv.md\/ro\/wp-json\/wp\/v2\/types\/post"}],"author":[{"embeddable":true,"href":"https:\/\/bas-tv.md\/ro\/wp-json\/wp\/v2\/users\/3"}],"replies":[{"embeddable":true,"href":"https:\/\/bas-tv.md\/ro\/wp-json\/wp\/v2\/comments?post=12950"}],"version-history":[{"count":1,"href":"https:\/\/bas-tv.md\/ro\/wp-json\/wp\/v2\/posts\/12950\/revisions"}],"predecessor-version":[{"id":84539,"href":"https:\/\/bas-tv.md\/ro\/wp-json\/wp\/v2\/posts\/12950\/revisions\/84539"}],"wp:featuredmedia":[{"embeddable":true,"href":"https:\/\/bas-tv.md\/ro\/wp-json\/"}],"wp:attachment":[{"href":"https:\/\/bas-tv.md\/ro\/wp-json\/wp\/v2\/media?parent=12950"}],"wp:term":[{"taxonomy":"category","embeddable":true,"href":"https:\/\/bas-tv.md\/ro\/wp-json\/wp\/v2\/categories?post=12950"},{"taxonomy":"post_tag","embeddable":true,"href":"https:\/\/bas-tv.md\/ro\/wp-json\/wp\/v2\/tags?post=12950"}],"curies":[{"name":"wp","href":"https:\/\/api.w.org\/{rel}","templated":true}]}}