{"id":130886,"date":"2024-10-23T15:10:34","date_gmt":"2024-10-23T12:10:34","guid":{"rendered":"https:\/\/bas-tv.md\/?p=130886"},"modified":"2024-10-23T15:09:45","modified_gmt":"2024-10-23T12:09:45","slug":"consiliul-de-presa-solicita-candidatilor-la-functia-de-presedinte-sa-respecte-reglementarile-dezbaterilor-electorale","status":"publish","type":"post","link":"https:\/\/bas-tv.md\/ro\/consiliul-de-presa-solicita-candidatilor-la-functia-de-presedinte-sa-respecte-reglementarile-dezbaterilor-electorale\/","title":{"rendered":"Consiliul de Pres\u0103 solicit\u0103 candida\u021bilor la func\u021bia de Pre\u0219edinte s\u0103 respecte reglement\u0103rile dezbaterilor electorale"},"content":{"rendered":"<p><strong>Consiliul de Pres\u0103 a lansat un apel c\u0103tre candida\u021bii la alegerile preziden\u021biale, subliniind importan\u021ba respect\u0103rii legii \u00een organizarea dezbaterilor electorale. Acestea sunt esen\u021biale pentru informarea calitativ\u0103 a electoratului \u0219i trebuie s\u0103 fie organizate de institu\u021biile mass-media, f\u0103r\u0103 influen\u021be externe.<\/strong><\/p>\n<p>Potrivit consiliului, candida\u021bii nu pot stabili condi\u021biile dezbaterilor, inclusiv durata sau subiectele discutate. De asemenea, Consiliul solicit\u0103 ca to\u021bi candida\u021bii s\u0103 accepte invita\u021bia postului public de televiziune Moldova 1 pentru a desf\u0103\u0219ura dezbaterea pe aceast\u0103 platform\u0103 na\u021bional\u0103.<\/p>\n<p>Dezbaterile vor fi moderate de jurnali\u0219ti de la Compania Teleradio Moldova, iar Consiliul a propus o list\u0103 de moderatori, inclusiv Lorena Bogza \u0219i Anatolie Golea. Consiliul de Pres\u0103 avertizeaz\u0103 c\u0103 numirea unor moderatori compromi\u0219i submineaz\u0103 respectul fa\u021b\u0103 de public \u0219i exercitiul democratic.<\/p>\n<p>Aceste dezbateri reprezint\u0103 o oportunitate vital\u0103 pentru electorat de a evalua candida\u021bii \u00een mod transparent \u0219i responsabil.<\/p>\n<p><b>Abona\u021bi-v\u0103 la noi pe re\u021bele sociale:\u00a0<\/b><a href=\"https:\/\/t.me\/bastvmd\"><b><i>Telegram<\/i><\/b><\/a><b>,\u00a0<\/b><a href=\"https:\/\/www.youtube.com\/channel\/UC-9005PnLnhpNM8PVSjP2dQ\/featured\"><b><i>YouTube<\/i><\/b><\/a><b>,\u00a0<\/b><a href=\"https:\/\/www.facebook.com\/bastv.md\"><b><i>Facebook<\/i><\/b><\/a>\u00a0<strong>\u0219i\u00a0<\/strong><a href=\"https:\/\/www.instagram.com\/bastv.md\/\"><b><i>Instagram<\/i><\/b><\/a><b>. Aici public\u0103m \u0219tiri pe scurt!<\/b><\/p>\n","protected":false},"excerpt":{"rendered":"<p>Consiliul de Pres\u0103 a lansat un apel c\u0103tre candida\u021bii la alegerile preziden\u021biale, subliniind importan\u021ba respect\u0103rii legii \u00een organizarea dezbaterilor electorale. Acestea sunt esen\u021biale pentru informarea calitativ\u0103 a electoratului \u0219i trebuie s\u0103 fie organizate de institu\u021biile mass-media, f\u0103r\u0103 influen\u021be externe. Potrivit consiliului, candida\u021bii nu pot stabili condi\u021biile dezbaterilor, inclusiv durata sau subiectele discutate. De asemenea, Consiliul [&hellip;]<\/p>\n","protected":false},"author":3,"featured_media":130888,"comment_status":"closed","ping_status":"closed","sticky":false,"template":"","format":"standard","meta":{"footnotes":""},"categories":[602,4269,570],"tags":[4476,4477,4474,4475],"class_list":["post-130886","post","type-post","status-publish","format-standard","has-post-thumbnail","hentry","category-actualitate","category-alegeri-2024","category-in-moldova","tag-candidatii-la-alegerile","tag-candidatii-la-alegerile-prezidentiale","tag-consiliul-de-presa","tag-dezbateri-electorale"],"yoast_head":"<!-- This site is optimized with the Yoast SEO plugin v27.5 - https:\/\/yoast.com\/product\/yoast-seo-wordpress\/ -->\n<title>Consiliul de Pres\u0103 solicit\u0103 candida\u021bilor la func\u021bia de Pre\u0219edinte s\u0103 respecte reglement\u0103rile dezbaterilor electorale - BasTV<\/title>\n<meta name=\"description\" content=\"Consiliul de Pres\u0103 a lansat un apel c\u0103tre candida\u021bii la alegerile preziden\u021biale, subliniind importan\u021ba respect\u0103rii legii \u00een organizarea dezbaterilor electorale. Acestea sunt esen\u021biale pentru informarea calitativ\u0103 a electoratului \u0219i trebuie s\u0103 fie organizate de institu\u021biile mass-media, f\u0103r\u0103 influen\u021be externe.\" \/>\n<meta name=\"robots\" content=\"index, follow, max-snippet:-1, max-image-preview:large, max-video-preview:-1\" \/>\n<link rel=\"canonical\" href=\"https:\/\/bas-tv.md\/ro\/consiliul-de-presa-solicita-candidatilor-la-functia-de-presedinte-sa-respecte-reglementarile-dezbaterilor-electorale\/\" \/>\n<meta property=\"og:locale\" content=\"ro_RO\" \/>\n<meta property=\"og:type\" content=\"article\" \/>\n<meta property=\"og:title\" content=\"Consiliul de Pres\u0103 solicit\u0103 candida\u021bilor la func\u021bia de Pre\u0219edinte s\u0103 respecte reglement\u0103rile dezbaterilor electorale - BasTV\" \/>\n<meta property=\"og:description\" content=\"Consiliul de Pres\u0103 a lansat un apel c\u0103tre candida\u021bii la alegerile preziden\u021biale, subliniind importan\u021ba respect\u0103rii legii \u00een organizarea dezbaterilor electorale. Acestea sunt esen\u021biale pentru informarea calitativ\u0103 a electoratului \u0219i trebuie s\u0103 fie organizate de institu\u021biile mass-media, f\u0103r\u0103 influen\u021be externe.\" \/>\n<meta property=\"og:url\" content=\"https:\/\/bas-tv.md\/ro\/consiliul-de-presa-solicita-candidatilor-la-functia-de-presedinte-sa-respecte-reglementarile-dezbaterilor-electorale\/\" \/>\n<meta property=\"og:site_name\" content=\"BasTV\" \/>\n<meta property=\"article:published_time\" content=\"2024-10-23T12:10:34+00:00\" \/>\n<meta property=\"og:image\" content=\"https:\/\/bas-tv.md\/wp-content\/uploads\/2024\/10\/6a2bcf69-eecf-43c2-bfd7-ba679e868bc9.jpg\" \/>\n\t<meta property=\"og:image:width\" content=\"587\" \/>\n\t<meta property=\"og:image:height\" content=\"386\" \/>\n\t<meta property=\"og:image:type\" content=\"image\/jpeg\" \/>\n<meta name=\"author\" content=\"Redactor\" \/>\n<meta name=\"twitter:card\" content=\"summary_large_image\" \/>\n<meta name=\"twitter:label1\" content=\"Scris de\" \/>\n\t<meta name=\"twitter:data1\" content=\"Redactor\" \/>\n\t<meta name=\"twitter:label2\" content=\"Timp estimat pentru citire\" \/>\n\t<meta name=\"twitter:data2\" content=\"2 minute\" \/>\n<script type=\"application\/ld+json\" class=\"yoast-schema-graph\">{\"@context\":\"https:\\\/\\\/schema.org\",\"@graph\":[{\"@type\":\"Article\",\"@id\":\"https:\\\/\\\/bas-tv.md\\\/ro\\\/consiliul-de-presa-solicita-candidatilor-la-functia-de-presedinte-sa-respecte-reglementarile-dezbaterilor-electorale\\\/#article\",\"isPartOf\":{\"@id\":\"https:\\\/\\\/bas-tv.md\\\/ro\\\/consiliul-de-presa-solicita-candidatilor-la-functia-de-presedinte-sa-respecte-reglementarile-dezbaterilor-electorale\\\/\"},\"author\":{\"name\":\"Redactor\",\"@id\":\"https:\\\/\\\/bas-tv.md\\\/ro\\\/#\\\/schema\\\/person\\\/8740f45ea2eca1f1695284fc03529af0\"},\"headline\":\"Consiliul de Pres\u0103 solicit\u0103 candida\u021bilor la func\u021bia de Pre\u0219edinte s\u0103 respecte reglement\u0103rile dezbaterilor electorale\",\"datePublished\":\"2024-10-23T12:10:34+00:00\",\"mainEntityOfPage\":{\"@id\":\"https:\\\/\\\/bas-tv.md\\\/ro\\\/consiliul-de-presa-solicita-candidatilor-la-functia-de-presedinte-sa-respecte-reglementarile-dezbaterilor-electorale\\\/\"},\"wordCount\":190,\"publisher\":{\"@id\":\"https:\\\/\\\/bas-tv.md\\\/ro\\\/#organization\"},\"image\":{\"@id\":\"https:\\\/\\\/bas-tv.md\\\/ro\\\/consiliul-de-presa-solicita-candidatilor-la-functia-de-presedinte-sa-respecte-reglementarile-dezbaterilor-electorale\\\/#primaryimage\"},\"thumbnailUrl\":\"https:\\\/\\\/bas-tv.md\\\/wp-content\\\/uploads\\\/2024\\\/10\\\/6a2bcf69-eecf-43c2-bfd7-ba679e868bc9.jpg\",\"keywords\":[\"candida\u021bii la alegerile\",\"candida\u021bii la alegerile preziden\u021biale\",\"Consiliul de Pres\u0103\",\"dezbateri electorale\"],\"articleSection\":[\"Actualitate\",\"Alegeri-2024\",\"\u00cen Moldova\"],\"inLanguage\":\"ro-RO\"},{\"@type\":\"WebPage\",\"@id\":\"https:\\\/\\\/bas-tv.md\\\/ro\\\/consiliul-de-presa-solicita-candidatilor-la-functia-de-presedinte-sa-respecte-reglementarile-dezbaterilor-electorale\\\/\",\"url\":\"https:\\\/\\\/bas-tv.md\\\/ro\\\/consiliul-de-presa-solicita-candidatilor-la-functia-de-presedinte-sa-respecte-reglementarile-dezbaterilor-electorale\\\/\",\"name\":\"Consiliul de Pres\u0103 solicit\u0103 candida\u021bilor la func\u021bia de Pre\u0219edinte s\u0103 respecte reglement\u0103rile dezbaterilor electorale - BasTV\",\"isPartOf\":{\"@id\":\"https:\\\/\\\/bas-tv.md\\\/ro\\\/#website\"},\"primaryImageOfPage\":{\"@id\":\"https:\\\/\\\/bas-tv.md\\\/ro\\\/consiliul-de-presa-solicita-candidatilor-la-functia-de-presedinte-sa-respecte-reglementarile-dezbaterilor-electorale\\\/#primaryimage\"},\"image\":{\"@id\":\"https:\\\/\\\/bas-tv.md\\\/ro\\\/consiliul-de-presa-solicita-candidatilor-la-functia-de-presedinte-sa-respecte-reglementarile-dezbaterilor-electorale\\\/#primaryimage\"},\"thumbnailUrl\":\"https:\\\/\\\/bas-tv.md\\\/wp-content\\\/uploads\\\/2024\\\/10\\\/6a2bcf69-eecf-43c2-bfd7-ba679e868bc9.jpg\",\"datePublished\":\"2024-10-23T12:10:34+00:00\",\"description\":\"Consiliul de Pres\u0103 a lansat un apel c\u0103tre candida\u021bii la alegerile preziden\u021biale, subliniind importan\u021ba respect\u0103rii legii \u00een organizarea dezbaterilor electorale. Acestea sunt esen\u021biale pentru informarea calitativ\u0103 a electoratului \u0219i trebuie s\u0103 fie organizate de institu\u021biile mass-media, f\u0103r\u0103 influen\u021be externe.\",\"inLanguage\":\"ro-RO\",\"potentialAction\":[{\"@type\":\"ReadAction\",\"target\":[\"https:\\\/\\\/bas-tv.md\\\/ro\\\/consiliul-de-presa-solicita-candidatilor-la-functia-de-presedinte-sa-respecte-reglementarile-dezbaterilor-electorale\\\/\"]}]},{\"@type\":\"ImageObject\",\"inLanguage\":\"ro-RO\",\"@id\":\"https:\\\/\\\/bas-tv.md\\\/ro\\\/consiliul-de-presa-solicita-candidatilor-la-functia-de-presedinte-sa-respecte-reglementarile-dezbaterilor-electorale\\\/#primaryimage\",\"url\":\"https:\\\/\\\/bas-tv.md\\\/wp-content\\\/uploads\\\/2024\\\/10\\\/6a2bcf69-eecf-43c2-bfd7-ba679e868bc9.jpg\",\"contentUrl\":\"https:\\\/\\\/bas-tv.md\\\/wp-content\\\/uploads\\\/2024\\\/10\\\/6a2bcf69-eecf-43c2-bfd7-ba679e868bc9.jpg\",\"width\":587,\"height\":386,\"caption\":\"Consiliul de Pres\u0103 solicit\u0103 candida\u021bilor la func\u021bia de Pre\u0219edinte s\u0103 respecte reglement\u0103rile dezbaterilor electorale\"},{\"@type\":\"WebSite\",\"@id\":\"https:\\\/\\\/bas-tv.md\\\/ro\\\/#website\",\"url\":\"https:\\\/\\\/bas-tv.md\\\/ro\\\/\",\"name\":\"BasTV\",\"description\":\"Moldova\",\"publisher\":{\"@id\":\"https:\\\/\\\/bas-tv.md\\\/ro\\\/#organization\"},\"potentialAction\":[{\"@type\":\"SearchAction\",\"target\":{\"@type\":\"EntryPoint\",\"urlTemplate\":\"https:\\\/\\\/bas-tv.md\\\/ro\\\/?s={search_term_string}\"},\"query-input\":{\"@type\":\"PropertyValueSpecification\",\"valueRequired\":true,\"valueName\":\"search_term_string\"}}],\"inLanguage\":\"ro-RO\"},{\"@type\":\"Organization\",\"@id\":\"https:\\\/\\\/bas-tv.md\\\/ro\\\/#organization\",\"name\":\"BasTV\",\"url\":\"https:\\\/\\\/bas-tv.md\\\/ro\\\/\",\"logo\":{\"@type\":\"ImageObject\",\"inLanguage\":\"ro-RO\",\"@id\":\"https:\\\/\\\/bas-tv.md\\\/ro\\\/#\\\/schema\\\/logo\\\/image\\\/\",\"url\":\"https:\\\/\\\/bas-tv.md\\\/wp-content\\\/uploads\\\/2023\\\/05\\\/bas-tv-culoarea-rosie.png\",\"contentUrl\":\"https:\\\/\\\/bas-tv.md\\\/wp-content\\\/uploads\\\/2023\\\/05\\\/bas-tv-culoarea-rosie.png\",\"width\":202,\"height\":50,\"caption\":\"BasTV\"},\"image\":{\"@id\":\"https:\\\/\\\/bas-tv.md\\\/ro\\\/#\\\/schema\\\/logo\\\/image\\\/\"}},{\"@type\":\"Person\",\"@id\":\"https:\\\/\\\/bas-tv.md\\\/ro\\\/#\\\/schema\\\/person\\\/8740f45ea2eca1f1695284fc03529af0\",\"name\":\"Redactor\",\"image\":{\"@type\":\"ImageObject\",\"inLanguage\":\"ro-RO\",\"@id\":\"https:\\\/\\\/bas-tv.md\\\/wp-content\\\/litespeed\\\/avatar\\\/91c0586f3f6f4396a4ec1287c965eeeb.jpg?ver=1776950945\",\"url\":\"https:\\\/\\\/bas-tv.md\\\/wp-content\\\/litespeed\\\/avatar\\\/91c0586f3f6f4396a4ec1287c965eeeb.jpg?ver=1776950945\",\"contentUrl\":\"https:\\\/\\\/bas-tv.md\\\/wp-content\\\/litespeed\\\/avatar\\\/91c0586f3f6f4396a4ec1287c965eeeb.jpg?ver=1776950945\",\"caption\":\"Redactor\"},\"url\":\"https:\\\/\\\/bas-tv.md\\\/ro\\\/author\\\/redactor\\\/\"}]}<\/script>\n<!-- \/ Yoast SEO plugin. -->","yoast_head_json":{"title":"Consiliul de Pres\u0103 solicit\u0103 candida\u021bilor la func\u021bia de Pre\u0219edinte s\u0103 respecte reglement\u0103rile dezbaterilor electorale - BasTV","description":"Consiliul de Pres\u0103 a lansat un apel c\u0103tre candida\u021bii la alegerile preziden\u021biale, subliniind importan\u021ba respect\u0103rii legii \u00een organizarea dezbaterilor electorale. Acestea sunt esen\u021biale pentru informarea calitativ\u0103 a electoratului \u0219i trebuie s\u0103 fie organizate de institu\u021biile mass-media, f\u0103r\u0103 influen\u021be externe.","robots":{"index":"index","follow":"follow","max-snippet":"max-snippet:-1","max-image-preview":"max-image-preview:large","max-video-preview":"max-video-preview:-1"},"canonical":"https:\/\/bas-tv.md\/ro\/consiliul-de-presa-solicita-candidatilor-la-functia-de-presedinte-sa-respecte-reglementarile-dezbaterilor-electorale\/","og_locale":"ro_RO","og_type":"article","og_title":"Consiliul de Pres\u0103 solicit\u0103 candida\u021bilor la func\u021bia de Pre\u0219edinte s\u0103 respecte reglement\u0103rile dezbaterilor electorale - BasTV","og_description":"Consiliul de Pres\u0103 a lansat un apel c\u0103tre candida\u021bii la alegerile preziden\u021biale, subliniind importan\u021ba respect\u0103rii legii \u00een organizarea dezbaterilor electorale. Acestea sunt esen\u021biale pentru informarea calitativ\u0103 a electoratului \u0219i trebuie s\u0103 fie organizate de institu\u021biile mass-media, f\u0103r\u0103 influen\u021be externe.","og_url":"https:\/\/bas-tv.md\/ro\/consiliul-de-presa-solicita-candidatilor-la-functia-de-presedinte-sa-respecte-reglementarile-dezbaterilor-electorale\/","og_site_name":"BasTV","article_published_time":"2024-10-23T12:10:34+00:00","og_image":[{"width":587,"height":386,"url":"https:\/\/bas-tv.md\/wp-content\/uploads\/2024\/10\/6a2bcf69-eecf-43c2-bfd7-ba679e868bc9.jpg","type":"image\/jpeg"}],"author":"Redactor","twitter_card":"summary_large_image","twitter_misc":{"Scris de":"Redactor","Timp estimat pentru citire":"2 minute"},"schema":{"@context":"https:\/\/schema.org","@graph":[{"@type":"Article","@id":"https:\/\/bas-tv.md\/ro\/consiliul-de-presa-solicita-candidatilor-la-functia-de-presedinte-sa-respecte-reglementarile-dezbaterilor-electorale\/#article","isPartOf":{"@id":"https:\/\/bas-tv.md\/ro\/consiliul-de-presa-solicita-candidatilor-la-functia-de-presedinte-sa-respecte-reglementarile-dezbaterilor-electorale\/"},"author":{"name":"Redactor","@id":"https:\/\/bas-tv.md\/ro\/#\/schema\/person\/8740f45ea2eca1f1695284fc03529af0"},"headline":"Consiliul de Pres\u0103 solicit\u0103 candida\u021bilor la func\u021bia de Pre\u0219edinte s\u0103 respecte reglement\u0103rile dezbaterilor electorale","datePublished":"2024-10-23T12:10:34+00:00","mainEntityOfPage":{"@id":"https:\/\/bas-tv.md\/ro\/consiliul-de-presa-solicita-candidatilor-la-functia-de-presedinte-sa-respecte-reglementarile-dezbaterilor-electorale\/"},"wordCount":190,"publisher":{"@id":"https:\/\/bas-tv.md\/ro\/#organization"},"image":{"@id":"https:\/\/bas-tv.md\/ro\/consiliul-de-presa-solicita-candidatilor-la-functia-de-presedinte-sa-respecte-reglementarile-dezbaterilor-electorale\/#primaryimage"},"thumbnailUrl":"https:\/\/bas-tv.md\/wp-content\/uploads\/2024\/10\/6a2bcf69-eecf-43c2-bfd7-ba679e868bc9.jpg","keywords":["candida\u021bii la alegerile","candida\u021bii la alegerile preziden\u021biale","Consiliul de Pres\u0103","dezbateri electorale"],"articleSection":["Actualitate","Alegeri-2024","\u00cen Moldova"],"inLanguage":"ro-RO"},{"@type":"WebPage","@id":"https:\/\/bas-tv.md\/ro\/consiliul-de-presa-solicita-candidatilor-la-functia-de-presedinte-sa-respecte-reglementarile-dezbaterilor-electorale\/","url":"https:\/\/bas-tv.md\/ro\/consiliul-de-presa-solicita-candidatilor-la-functia-de-presedinte-sa-respecte-reglementarile-dezbaterilor-electorale\/","name":"Consiliul de Pres\u0103 solicit\u0103 candida\u021bilor la func\u021bia de Pre\u0219edinte s\u0103 respecte reglement\u0103rile dezbaterilor electorale - BasTV","isPartOf":{"@id":"https:\/\/bas-tv.md\/ro\/#website"},"primaryImageOfPage":{"@id":"https:\/\/bas-tv.md\/ro\/consiliul-de-presa-solicita-candidatilor-la-functia-de-presedinte-sa-respecte-reglementarile-dezbaterilor-electorale\/#primaryimage"},"image":{"@id":"https:\/\/bas-tv.md\/ro\/consiliul-de-presa-solicita-candidatilor-la-functia-de-presedinte-sa-respecte-reglementarile-dezbaterilor-electorale\/#primaryimage"},"thumbnailUrl":"https:\/\/bas-tv.md\/wp-content\/uploads\/2024\/10\/6a2bcf69-eecf-43c2-bfd7-ba679e868bc9.jpg","datePublished":"2024-10-23T12:10:34+00:00","description":"Consiliul de Pres\u0103 a lansat un apel c\u0103tre candida\u021bii la alegerile preziden\u021biale, subliniind importan\u021ba respect\u0103rii legii \u00een organizarea dezbaterilor electorale. Acestea sunt esen\u021biale pentru informarea calitativ\u0103 a electoratului \u0219i trebuie s\u0103 fie organizate de institu\u021biile mass-media, f\u0103r\u0103 influen\u021be externe.","inLanguage":"ro-RO","potentialAction":[{"@type":"ReadAction","target":["https:\/\/bas-tv.md\/ro\/consiliul-de-presa-solicita-candidatilor-la-functia-de-presedinte-sa-respecte-reglementarile-dezbaterilor-electorale\/"]}]},{"@type":"ImageObject","inLanguage":"ro-RO","@id":"https:\/\/bas-tv.md\/ro\/consiliul-de-presa-solicita-candidatilor-la-functia-de-presedinte-sa-respecte-reglementarile-dezbaterilor-electorale\/#primaryimage","url":"https:\/\/bas-tv.md\/wp-content\/uploads\/2024\/10\/6a2bcf69-eecf-43c2-bfd7-ba679e868bc9.jpg","contentUrl":"https:\/\/bas-tv.md\/wp-content\/uploads\/2024\/10\/6a2bcf69-eecf-43c2-bfd7-ba679e868bc9.jpg","width":587,"height":386,"caption":"Consiliul de Pres\u0103 solicit\u0103 candida\u021bilor la func\u021bia de Pre\u0219edinte s\u0103 respecte reglement\u0103rile dezbaterilor electorale"},{"@type":"WebSite","@id":"https:\/\/bas-tv.md\/ro\/#website","url":"https:\/\/bas-tv.md\/ro\/","name":"BasTV","description":"Moldova","publisher":{"@id":"https:\/\/bas-tv.md\/ro\/#organization"},"potentialAction":[{"@type":"SearchAction","target":{"@type":"EntryPoint","urlTemplate":"https:\/\/bas-tv.md\/ro\/?s={search_term_string}"},"query-input":{"@type":"PropertyValueSpecification","valueRequired":true,"valueName":"search_term_string"}}],"inLanguage":"ro-RO"},{"@type":"Organization","@id":"https:\/\/bas-tv.md\/ro\/#organization","name":"BasTV","url":"https:\/\/bas-tv.md\/ro\/","logo":{"@type":"ImageObject","inLanguage":"ro-RO","@id":"https:\/\/bas-tv.md\/ro\/#\/schema\/logo\/image\/","url":"https:\/\/bas-tv.md\/wp-content\/uploads\/2023\/05\/bas-tv-culoarea-rosie.png","contentUrl":"https:\/\/bas-tv.md\/wp-content\/uploads\/2023\/05\/bas-tv-culoarea-rosie.png","width":202,"height":50,"caption":"BasTV"},"image":{"@id":"https:\/\/bas-tv.md\/ro\/#\/schema\/logo\/image\/"}},{"@type":"Person","@id":"https:\/\/bas-tv.md\/ro\/#\/schema\/person\/8740f45ea2eca1f1695284fc03529af0","name":"Redactor","image":{"@type":"ImageObject","inLanguage":"ro-RO","@id":"https:\/\/bas-tv.md\/wp-content\/litespeed\/avatar\/91c0586f3f6f4396a4ec1287c965eeeb.jpg?ver=1776950945","url":"https:\/\/bas-tv.md\/wp-content\/litespeed\/avatar\/91c0586f3f6f4396a4ec1287c965eeeb.jpg?ver=1776950945","contentUrl":"https:\/\/bas-tv.md\/wp-content\/litespeed\/avatar\/91c0586f3f6f4396a4ec1287c965eeeb.jpg?ver=1776950945","caption":"Redactor"},"url":"https:\/\/bas-tv.md\/ro\/author\/redactor\/"}]}},"views":266,"_links":{"self":[{"href":"https:\/\/bas-tv.md\/ro\/wp-json\/wp\/v2\/posts\/130886","targetHints":{"allow":["GET"]}}],"collection":[{"href":"https:\/\/bas-tv.md\/ro\/wp-json\/wp\/v2\/posts"}],"about":[{"href":"https:\/\/bas-tv.md\/ro\/wp-json\/wp\/v2\/types\/post"}],"author":[{"embeddable":true,"href":"https:\/\/bas-tv.md\/ro\/wp-json\/wp\/v2\/users\/3"}],"replies":[{"embeddable":true,"href":"https:\/\/bas-tv.md\/ro\/wp-json\/wp\/v2\/comments?post=130886"}],"version-history":[{"count":1,"href":"https:\/\/bas-tv.md\/ro\/wp-json\/wp\/v2\/posts\/130886\/revisions"}],"predecessor-version":[{"id":130887,"href":"https:\/\/bas-tv.md\/ro\/wp-json\/wp\/v2\/posts\/130886\/revisions\/130887"}],"wp:featuredmedia":[{"embeddable":true,"href":"https:\/\/bas-tv.md\/ro\/wp-json\/wp\/v2\/media\/130888"}],"wp:attachment":[{"href":"https:\/\/bas-tv.md\/ro\/wp-json\/wp\/v2\/media?parent=130886"}],"wp:term":[{"taxonomy":"category","embeddable":true,"href":"https:\/\/bas-tv.md\/ro\/wp-json\/wp\/v2\/categories?post=130886"},{"taxonomy":"post_tag","embeddable":true,"href":"https:\/\/bas-tv.md\/ro\/wp-json\/wp\/v2\/tags?post=130886"}],"curies":[{"name":"wp","href":"https:\/\/api.w.org\/{rel}","templated":true}]}}