{"id":130914,"date":"2024-10-23T17:50:41","date_gmt":"2024-10-23T14:50:41","guid":{"rendered":"https:\/\/bas-tv.md\/?p=130914"},"modified":"2024-10-23T17:01:23","modified_gmt":"2024-10-23T14:01:23","slug":"maia-sandu-propune-dezbatere-fara-moderatori","status":"publish","type":"post","link":"https:\/\/bas-tv.md\/ro\/maia-sandu-propune-dezbatere-fara-moderatori\/","title":{"rendered":"Maia Sandu propune dezbatere f\u0103r\u0103 moderatori"},"content":{"rendered":"<p><strong>Maia Sandu a lansat o nou\u0103 propunere pentru dezbaterea electoral\u0103: o discu\u021bie f\u0103r\u0103 moderatori, \u00een care fiecare candidat va putea adresa 10 \u00eentreb\u0103ri. Ea l-a invitat pe Alexandr Stoianoglo s\u0103 participe duminic\u0103 la Palatul Republicii, \u00eencuraj\u00e2ndu-l s\u0103 vin\u0103 f\u0103r\u0103 un moderator personal.<\/strong><\/p>\n<p>\u00cen urma acestei invita\u021bii, Stoianoglo a acceptat propunerea Maiei Sandu, confirm\u00e2nd c\u0103 va participa la dezbatere \u00een acest format deschis. Aceast\u0103 abordare promite s\u0103 ofere o interac\u021biune mai autentic\u0103 \u00eentre candida\u021bi \u0219i s\u0103 permit\u0103 o discu\u021bie mai direct\u0103 pe teme importante pentru electorat.<\/p>\n<p>Dezbaterile se vor desf\u0103\u0219ura duminic\u0103, iar a\u0219tept\u0103rile sunt mari \u00een r\u00e2ndul publicului, care va avea ocazia s\u0103 observe o confruntare candid\u0103 \u00eentre cei doi candida\u021bi.<\/p>\n<p><a href=\"https:\/\/bas-tv.md\/wp-content\/uploads\/2024\/10\/6bb509da-2b7b-4a94-9243-c524335c15d6.jpg\"><img fetchpriority=\"high\" decoding=\"async\" class=\"aligncenter size-full wp-image-130915\" src=\"https:\/\/bas-tv.md\/wp-content\/uploads\/2024\/10\/6bb509da-2b7b-4a94-9243-c524335c15d6.jpg\" alt=\"\" width=\"756\" height=\"749\" srcset=\"https:\/\/bas-tv.md\/wp-content\/uploads\/2024\/10\/6bb509da-2b7b-4a94-9243-c524335c15d6.jpg 756w, https:\/\/bas-tv.md\/wp-content\/uploads\/2024\/10\/6bb509da-2b7b-4a94-9243-c524335c15d6-300x297.jpg 300w, https:\/\/bas-tv.md\/wp-content\/uploads\/2024\/10\/6bb509da-2b7b-4a94-9243-c524335c15d6-150x150.jpg 150w\" sizes=\"(max-width: 756px) 100vw, 756px\" \/><\/a><\/p>\n<p><b>Abona\u021bi-v\u0103 la noi pe re\u021bele sociale:\u00a0<\/b><a href=\"https:\/\/t.me\/bastvmd\"><b><i>Telegram<\/i><\/b><\/a><b>,\u00a0<\/b><a href=\"https:\/\/www.youtube.com\/channel\/UC-9005PnLnhpNM8PVSjP2dQ\/featured\"><b><i>YouTube<\/i><\/b><\/a><b>,\u00a0<\/b><a href=\"https:\/\/www.facebook.com\/bastv.md\"><b><i>Facebook<\/i><\/b><\/a>\u00a0<strong>\u0219i\u00a0<\/strong><a href=\"https:\/\/www.instagram.com\/bastv.md\/\"><b><i>Instagram<\/i><\/b><\/a><b>. Aici public\u0103m \u0219tiri pe scurt!<\/b><\/p>\n","protected":false},"excerpt":{"rendered":"<p>Maia Sandu a lansat o nou\u0103 propunere pentru dezbaterea electoral\u0103: o discu\u021bie f\u0103r\u0103 moderatori, \u00een care fiecare candidat va putea adresa 10 \u00eentreb\u0103ri. Ea l-a invitat pe Alexandr Stoianoglo s\u0103 participe duminic\u0103 la Palatul Republicii, \u00eencuraj\u00e2ndu-l s\u0103 vin\u0103 f\u0103r\u0103 un moderator personal. \u00cen urma acestei invita\u021bii, Stoianoglo a acceptat propunerea Maiei Sandu, confirm\u00e2nd c\u0103 va [&hellip;]<\/p>\n","protected":false},"author":3,"featured_media":130918,"comment_status":"closed","ping_status":"closed","sticky":false,"template":"","format":"standard","meta":{"footnotes":""},"categories":[602,4269,570],"tags":[4446,4475,2838,4479],"class_list":["post-130914","post","type-post","status-publish","format-standard","has-post-thumbnail","hentry","category-actualitate","category-alegeri-2024","category-in-moldova","tag-alexandr-stoianoglo","tag-dezbateri-electorale","tag-maia-sandu","tag-moderator-ro"],"yoast_head":"<!-- This site is optimized with the Yoast SEO plugin v27.5 - https:\/\/yoast.com\/product\/yoast-seo-wordpress\/ -->\n<title>Maia Sandu propune dezbatere f\u0103r\u0103 moderatori - BasTV<\/title>\n<meta name=\"description\" content=\"Maia Sandu a lansat o nou\u0103 propunere pentru dezbaterea electoral\u0103: o discu\u021bie f\u0103r\u0103 moderatori, \u00een care fiecare candidat va putea adresa 10 \u00eentreb\u0103ri. Ea l-a invitat pe Alexandr Stoianoglo s\u0103 participe duminic\u0103 la Palatul Republicii, \u00eencuraj\u00e2ndu-l s\u0103 vin\u0103 f\u0103r\u0103 un moderator personal.\" \/>\n<meta name=\"robots\" content=\"index, follow, max-snippet:-1, max-image-preview:large, max-video-preview:-1\" \/>\n<link rel=\"canonical\" href=\"https:\/\/bas-tv.md\/ro\/maia-sandu-propune-dezbatere-fara-moderatori\/\" \/>\n<meta property=\"og:locale\" content=\"ro_RO\" \/>\n<meta property=\"og:type\" content=\"article\" \/>\n<meta property=\"og:title\" content=\"Maia Sandu propune dezbatere f\u0103r\u0103 moderatori - BasTV\" \/>\n<meta property=\"og:description\" content=\"Maia Sandu a lansat o nou\u0103 propunere pentru dezbaterea electoral\u0103: o discu\u021bie f\u0103r\u0103 moderatori, \u00een care fiecare candidat va putea adresa 10 \u00eentreb\u0103ri. Ea l-a invitat pe Alexandr Stoianoglo s\u0103 participe duminic\u0103 la Palatul Republicii, \u00eencuraj\u00e2ndu-l s\u0103 vin\u0103 f\u0103r\u0103 un moderator personal.\" \/>\n<meta property=\"og:url\" content=\"https:\/\/bas-tv.md\/ro\/maia-sandu-propune-dezbatere-fara-moderatori\/\" \/>\n<meta property=\"og:site_name\" content=\"BasTV\" \/>\n<meta property=\"article:published_time\" content=\"2024-10-23T14:50:41+00:00\" \/>\n<meta property=\"og:image\" content=\"https:\/\/bas-tv.md\/wp-content\/uploads\/2024\/10\/c8e4c619-d413-41e9-b40d-31a8c26823fa.jpg\" \/>\n\t<meta property=\"og:image:width\" content=\"1280\" \/>\n\t<meta property=\"og:image:height\" content=\"960\" \/>\n\t<meta property=\"og:image:type\" content=\"image\/jpeg\" \/>\n<meta name=\"author\" content=\"Redactor\" \/>\n<meta name=\"twitter:card\" content=\"summary_large_image\" \/>\n<meta name=\"twitter:label1\" content=\"Scris de\" \/>\n\t<meta name=\"twitter:data1\" content=\"Redactor\" \/>\n\t<meta name=\"twitter:label2\" content=\"Timp estimat pentru citire\" \/>\n\t<meta name=\"twitter:data2\" content=\"2 minute\" \/>\n<script type=\"application\/ld+json\" class=\"yoast-schema-graph\">{\"@context\":\"https:\\\/\\\/schema.org\",\"@graph\":[{\"@type\":\"Article\",\"@id\":\"https:\\\/\\\/bas-tv.md\\\/ro\\\/maia-sandu-propune-dezbatere-fara-moderatori\\\/#article\",\"isPartOf\":{\"@id\":\"https:\\\/\\\/bas-tv.md\\\/ro\\\/maia-sandu-propune-dezbatere-fara-moderatori\\\/\"},\"author\":{\"name\":\"Redactor\",\"@id\":\"https:\\\/\\\/bas-tv.md\\\/ro\\\/#\\\/schema\\\/person\\\/8740f45ea2eca1f1695284fc03529af0\"},\"headline\":\"Maia Sandu propune dezbatere f\u0103r\u0103 moderatori\",\"datePublished\":\"2024-10-23T14:50:41+00:00\",\"mainEntityOfPage\":{\"@id\":\"https:\\\/\\\/bas-tv.md\\\/ro\\\/maia-sandu-propune-dezbatere-fara-moderatori\\\/\"},\"wordCount\":150,\"publisher\":{\"@id\":\"https:\\\/\\\/bas-tv.md\\\/ro\\\/#organization\"},\"image\":{\"@id\":\"https:\\\/\\\/bas-tv.md\\\/ro\\\/maia-sandu-propune-dezbatere-fara-moderatori\\\/#primaryimage\"},\"thumbnailUrl\":\"https:\\\/\\\/bas-tv.md\\\/wp-content\\\/uploads\\\/2024\\\/10\\\/c8e4c619-d413-41e9-b40d-31a8c26823fa.jpg\",\"keywords\":[\"Alexandr Stoianoglo\",\"dezbateri electorale\",\"maia sandu\",\"\u043c\u043e\u0434\u0435\u0440\u0430\u0442\u043e\u0440\"],\"articleSection\":[\"Actualitate\",\"Alegeri-2024\",\"\u00cen Moldova\"],\"inLanguage\":\"ro-RO\"},{\"@type\":\"WebPage\",\"@id\":\"https:\\\/\\\/bas-tv.md\\\/ro\\\/maia-sandu-propune-dezbatere-fara-moderatori\\\/\",\"url\":\"https:\\\/\\\/bas-tv.md\\\/ro\\\/maia-sandu-propune-dezbatere-fara-moderatori\\\/\",\"name\":\"Maia Sandu propune dezbatere f\u0103r\u0103 moderatori - BasTV\",\"isPartOf\":{\"@id\":\"https:\\\/\\\/bas-tv.md\\\/ro\\\/#website\"},\"primaryImageOfPage\":{\"@id\":\"https:\\\/\\\/bas-tv.md\\\/ro\\\/maia-sandu-propune-dezbatere-fara-moderatori\\\/#primaryimage\"},\"image\":{\"@id\":\"https:\\\/\\\/bas-tv.md\\\/ro\\\/maia-sandu-propune-dezbatere-fara-moderatori\\\/#primaryimage\"},\"thumbnailUrl\":\"https:\\\/\\\/bas-tv.md\\\/wp-content\\\/uploads\\\/2024\\\/10\\\/c8e4c619-d413-41e9-b40d-31a8c26823fa.jpg\",\"datePublished\":\"2024-10-23T14:50:41+00:00\",\"description\":\"Maia Sandu a lansat o nou\u0103 propunere pentru dezbaterea electoral\u0103: o discu\u021bie f\u0103r\u0103 moderatori, \u00een care fiecare candidat va putea adresa 10 \u00eentreb\u0103ri. Ea l-a invitat pe Alexandr Stoianoglo s\u0103 participe duminic\u0103 la Palatul Republicii, \u00eencuraj\u00e2ndu-l s\u0103 vin\u0103 f\u0103r\u0103 un moderator personal.\",\"inLanguage\":\"ro-RO\",\"potentialAction\":[{\"@type\":\"ReadAction\",\"target\":[\"https:\\\/\\\/bas-tv.md\\\/ro\\\/maia-sandu-propune-dezbatere-fara-moderatori\\\/\"]}]},{\"@type\":\"ImageObject\",\"inLanguage\":\"ro-RO\",\"@id\":\"https:\\\/\\\/bas-tv.md\\\/ro\\\/maia-sandu-propune-dezbatere-fara-moderatori\\\/#primaryimage\",\"url\":\"https:\\\/\\\/bas-tv.md\\\/wp-content\\\/uploads\\\/2024\\\/10\\\/c8e4c619-d413-41e9-b40d-31a8c26823fa.jpg\",\"contentUrl\":\"https:\\\/\\\/bas-tv.md\\\/wp-content\\\/uploads\\\/2024\\\/10\\\/c8e4c619-d413-41e9-b40d-31a8c26823fa.jpg\",\"width\":1280,\"height\":960,\"caption\":\"Foto: Moldova 1\"},{\"@type\":\"WebSite\",\"@id\":\"https:\\\/\\\/bas-tv.md\\\/ro\\\/#website\",\"url\":\"https:\\\/\\\/bas-tv.md\\\/ro\\\/\",\"name\":\"BasTV\",\"description\":\"Moldova\",\"publisher\":{\"@id\":\"https:\\\/\\\/bas-tv.md\\\/ro\\\/#organization\"},\"potentialAction\":[{\"@type\":\"SearchAction\",\"target\":{\"@type\":\"EntryPoint\",\"urlTemplate\":\"https:\\\/\\\/bas-tv.md\\\/ro\\\/?s={search_term_string}\"},\"query-input\":{\"@type\":\"PropertyValueSpecification\",\"valueRequired\":true,\"valueName\":\"search_term_string\"}}],\"inLanguage\":\"ro-RO\"},{\"@type\":\"Organization\",\"@id\":\"https:\\\/\\\/bas-tv.md\\\/ro\\\/#organization\",\"name\":\"BasTV\",\"url\":\"https:\\\/\\\/bas-tv.md\\\/ro\\\/\",\"logo\":{\"@type\":\"ImageObject\",\"inLanguage\":\"ro-RO\",\"@id\":\"https:\\\/\\\/bas-tv.md\\\/ro\\\/#\\\/schema\\\/logo\\\/image\\\/\",\"url\":\"https:\\\/\\\/bas-tv.md\\\/wp-content\\\/uploads\\\/2023\\\/05\\\/bas-tv-culoarea-rosie.png\",\"contentUrl\":\"https:\\\/\\\/bas-tv.md\\\/wp-content\\\/uploads\\\/2023\\\/05\\\/bas-tv-culoarea-rosie.png\",\"width\":202,\"height\":50,\"caption\":\"BasTV\"},\"image\":{\"@id\":\"https:\\\/\\\/bas-tv.md\\\/ro\\\/#\\\/schema\\\/logo\\\/image\\\/\"}},{\"@type\":\"Person\",\"@id\":\"https:\\\/\\\/bas-tv.md\\\/ro\\\/#\\\/schema\\\/person\\\/8740f45ea2eca1f1695284fc03529af0\",\"name\":\"Redactor\",\"image\":{\"@type\":\"ImageObject\",\"inLanguage\":\"ro-RO\",\"@id\":\"https:\\\/\\\/bas-tv.md\\\/wp-content\\\/litespeed\\\/avatar\\\/91c0586f3f6f4396a4ec1287c965eeeb.jpg?ver=1777555749\",\"url\":\"https:\\\/\\\/bas-tv.md\\\/wp-content\\\/litespeed\\\/avatar\\\/91c0586f3f6f4396a4ec1287c965eeeb.jpg?ver=1777555749\",\"contentUrl\":\"https:\\\/\\\/bas-tv.md\\\/wp-content\\\/litespeed\\\/avatar\\\/91c0586f3f6f4396a4ec1287c965eeeb.jpg?ver=1777555749\",\"caption\":\"Redactor\"},\"url\":\"https:\\\/\\\/bas-tv.md\\\/ro\\\/author\\\/redactor\\\/\"}]}<\/script>\n<!-- \/ Yoast SEO plugin. -->","yoast_head_json":{"title":"Maia Sandu propune dezbatere f\u0103r\u0103 moderatori - BasTV","description":"Maia Sandu a lansat o nou\u0103 propunere pentru dezbaterea electoral\u0103: o discu\u021bie f\u0103r\u0103 moderatori, \u00een care fiecare candidat va putea adresa 10 \u00eentreb\u0103ri. Ea l-a invitat pe Alexandr Stoianoglo s\u0103 participe duminic\u0103 la Palatul Republicii, \u00eencuraj\u00e2ndu-l s\u0103 vin\u0103 f\u0103r\u0103 un moderator personal.","robots":{"index":"index","follow":"follow","max-snippet":"max-snippet:-1","max-image-preview":"max-image-preview:large","max-video-preview":"max-video-preview:-1"},"canonical":"https:\/\/bas-tv.md\/ro\/maia-sandu-propune-dezbatere-fara-moderatori\/","og_locale":"ro_RO","og_type":"article","og_title":"Maia Sandu propune dezbatere f\u0103r\u0103 moderatori - BasTV","og_description":"Maia Sandu a lansat o nou\u0103 propunere pentru dezbaterea electoral\u0103: o discu\u021bie f\u0103r\u0103 moderatori, \u00een care fiecare candidat va putea adresa 10 \u00eentreb\u0103ri. Ea l-a invitat pe Alexandr Stoianoglo s\u0103 participe duminic\u0103 la Palatul Republicii, \u00eencuraj\u00e2ndu-l s\u0103 vin\u0103 f\u0103r\u0103 un moderator personal.","og_url":"https:\/\/bas-tv.md\/ro\/maia-sandu-propune-dezbatere-fara-moderatori\/","og_site_name":"BasTV","article_published_time":"2024-10-23T14:50:41+00:00","og_image":[{"width":1280,"height":960,"url":"https:\/\/bas-tv.md\/wp-content\/uploads\/2024\/10\/c8e4c619-d413-41e9-b40d-31a8c26823fa.jpg","type":"image\/jpeg"}],"author":"Redactor","twitter_card":"summary_large_image","twitter_misc":{"Scris de":"Redactor","Timp estimat pentru citire":"2 minute"},"schema":{"@context":"https:\/\/schema.org","@graph":[{"@type":"Article","@id":"https:\/\/bas-tv.md\/ro\/maia-sandu-propune-dezbatere-fara-moderatori\/#article","isPartOf":{"@id":"https:\/\/bas-tv.md\/ro\/maia-sandu-propune-dezbatere-fara-moderatori\/"},"author":{"name":"Redactor","@id":"https:\/\/bas-tv.md\/ro\/#\/schema\/person\/8740f45ea2eca1f1695284fc03529af0"},"headline":"Maia Sandu propune dezbatere f\u0103r\u0103 moderatori","datePublished":"2024-10-23T14:50:41+00:00","mainEntityOfPage":{"@id":"https:\/\/bas-tv.md\/ro\/maia-sandu-propune-dezbatere-fara-moderatori\/"},"wordCount":150,"publisher":{"@id":"https:\/\/bas-tv.md\/ro\/#organization"},"image":{"@id":"https:\/\/bas-tv.md\/ro\/maia-sandu-propune-dezbatere-fara-moderatori\/#primaryimage"},"thumbnailUrl":"https:\/\/bas-tv.md\/wp-content\/uploads\/2024\/10\/c8e4c619-d413-41e9-b40d-31a8c26823fa.jpg","keywords":["Alexandr Stoianoglo","dezbateri electorale","maia sandu","\u043c\u043e\u0434\u0435\u0440\u0430\u0442\u043e\u0440"],"articleSection":["Actualitate","Alegeri-2024","\u00cen Moldova"],"inLanguage":"ro-RO"},{"@type":"WebPage","@id":"https:\/\/bas-tv.md\/ro\/maia-sandu-propune-dezbatere-fara-moderatori\/","url":"https:\/\/bas-tv.md\/ro\/maia-sandu-propune-dezbatere-fara-moderatori\/","name":"Maia Sandu propune dezbatere f\u0103r\u0103 moderatori - BasTV","isPartOf":{"@id":"https:\/\/bas-tv.md\/ro\/#website"},"primaryImageOfPage":{"@id":"https:\/\/bas-tv.md\/ro\/maia-sandu-propune-dezbatere-fara-moderatori\/#primaryimage"},"image":{"@id":"https:\/\/bas-tv.md\/ro\/maia-sandu-propune-dezbatere-fara-moderatori\/#primaryimage"},"thumbnailUrl":"https:\/\/bas-tv.md\/wp-content\/uploads\/2024\/10\/c8e4c619-d413-41e9-b40d-31a8c26823fa.jpg","datePublished":"2024-10-23T14:50:41+00:00","description":"Maia Sandu a lansat o nou\u0103 propunere pentru dezbaterea electoral\u0103: o discu\u021bie f\u0103r\u0103 moderatori, \u00een care fiecare candidat va putea adresa 10 \u00eentreb\u0103ri. Ea l-a invitat pe Alexandr Stoianoglo s\u0103 participe duminic\u0103 la Palatul Republicii, \u00eencuraj\u00e2ndu-l s\u0103 vin\u0103 f\u0103r\u0103 un moderator personal.","inLanguage":"ro-RO","potentialAction":[{"@type":"ReadAction","target":["https:\/\/bas-tv.md\/ro\/maia-sandu-propune-dezbatere-fara-moderatori\/"]}]},{"@type":"ImageObject","inLanguage":"ro-RO","@id":"https:\/\/bas-tv.md\/ro\/maia-sandu-propune-dezbatere-fara-moderatori\/#primaryimage","url":"https:\/\/bas-tv.md\/wp-content\/uploads\/2024\/10\/c8e4c619-d413-41e9-b40d-31a8c26823fa.jpg","contentUrl":"https:\/\/bas-tv.md\/wp-content\/uploads\/2024\/10\/c8e4c619-d413-41e9-b40d-31a8c26823fa.jpg","width":1280,"height":960,"caption":"Foto: Moldova 1"},{"@type":"WebSite","@id":"https:\/\/bas-tv.md\/ro\/#website","url":"https:\/\/bas-tv.md\/ro\/","name":"BasTV","description":"Moldova","publisher":{"@id":"https:\/\/bas-tv.md\/ro\/#organization"},"potentialAction":[{"@type":"SearchAction","target":{"@type":"EntryPoint","urlTemplate":"https:\/\/bas-tv.md\/ro\/?s={search_term_string}"},"query-input":{"@type":"PropertyValueSpecification","valueRequired":true,"valueName":"search_term_string"}}],"inLanguage":"ro-RO"},{"@type":"Organization","@id":"https:\/\/bas-tv.md\/ro\/#organization","name":"BasTV","url":"https:\/\/bas-tv.md\/ro\/","logo":{"@type":"ImageObject","inLanguage":"ro-RO","@id":"https:\/\/bas-tv.md\/ro\/#\/schema\/logo\/image\/","url":"https:\/\/bas-tv.md\/wp-content\/uploads\/2023\/05\/bas-tv-culoarea-rosie.png","contentUrl":"https:\/\/bas-tv.md\/wp-content\/uploads\/2023\/05\/bas-tv-culoarea-rosie.png","width":202,"height":50,"caption":"BasTV"},"image":{"@id":"https:\/\/bas-tv.md\/ro\/#\/schema\/logo\/image\/"}},{"@type":"Person","@id":"https:\/\/bas-tv.md\/ro\/#\/schema\/person\/8740f45ea2eca1f1695284fc03529af0","name":"Redactor","image":{"@type":"ImageObject","inLanguage":"ro-RO","@id":"https:\/\/bas-tv.md\/wp-content\/litespeed\/avatar\/91c0586f3f6f4396a4ec1287c965eeeb.jpg?ver=1777555749","url":"https:\/\/bas-tv.md\/wp-content\/litespeed\/avatar\/91c0586f3f6f4396a4ec1287c965eeeb.jpg?ver=1777555749","contentUrl":"https:\/\/bas-tv.md\/wp-content\/litespeed\/avatar\/91c0586f3f6f4396a4ec1287c965eeeb.jpg?ver=1777555749","caption":"Redactor"},"url":"https:\/\/bas-tv.md\/ro\/author\/redactor\/"}]}},"views":326,"_links":{"self":[{"href":"https:\/\/bas-tv.md\/ro\/wp-json\/wp\/v2\/posts\/130914","targetHints":{"allow":["GET"]}}],"collection":[{"href":"https:\/\/bas-tv.md\/ro\/wp-json\/wp\/v2\/posts"}],"about":[{"href":"https:\/\/bas-tv.md\/ro\/wp-json\/wp\/v2\/types\/post"}],"author":[{"embeddable":true,"href":"https:\/\/bas-tv.md\/ro\/wp-json\/wp\/v2\/users\/3"}],"replies":[{"embeddable":true,"href":"https:\/\/bas-tv.md\/ro\/wp-json\/wp\/v2\/comments?post=130914"}],"version-history":[{"count":1,"href":"https:\/\/bas-tv.md\/ro\/wp-json\/wp\/v2\/posts\/130914\/revisions"}],"predecessor-version":[{"id":130917,"href":"https:\/\/bas-tv.md\/ro\/wp-json\/wp\/v2\/posts\/130914\/revisions\/130917"}],"wp:featuredmedia":[{"embeddable":true,"href":"https:\/\/bas-tv.md\/ro\/wp-json\/wp\/v2\/media\/130918"}],"wp:attachment":[{"href":"https:\/\/bas-tv.md\/ro\/wp-json\/wp\/v2\/media?parent=130914"}],"wp:term":[{"taxonomy":"category","embeddable":true,"href":"https:\/\/bas-tv.md\/ro\/wp-json\/wp\/v2\/categories?post=130914"},{"taxonomy":"post_tag","embeddable":true,"href":"https:\/\/bas-tv.md\/ro\/wp-json\/wp\/v2\/tags?post=130914"}],"curies":[{"name":"wp","href":"https:\/\/api.w.org\/{rel}","templated":true}]}}