{"id":131839,"date":"2024-11-06T16:00:38","date_gmt":"2024-11-06T14:00:38","guid":{"rendered":"https:\/\/bas-tv.md\/?p=131839"},"modified":"2024-11-06T12:51:04","modified_gmt":"2024-11-06T10:51:04","slug":"foto-sala-de-festivitati-a-scolii-de-arte-din-cimislia-va-fi-renovata-pana-la-sfarsitul-anului-2024","status":"publish","type":"post","link":"https:\/\/bas-tv.md\/ro\/foto-sala-de-festivitati-a-scolii-de-arte-din-cimislia-va-fi-renovata-pana-la-sfarsitul-anului-2024\/","title":{"rendered":"(FOTO) Sala de festivit\u0103\u021bi a \u0218colii de Arte din Cimi\u0219lia va fi renovat\u0103 p\u00e2n\u0103 la sf\u00e2r\u0219itul anului 2024"},"content":{"rendered":"<p><strong>P\u00e2n\u0103 la sf\u00e2r\u0219itul acestui an, \u0218coala de Arte din Cimi\u0219lia va dispune de o sal\u0103 de festivit\u0103\u021bi complet renovat\u0103. Proiectul de modernizare, finan\u021bat de Consiliul Jude\u021bean Ia\u0219i \u0219i realizat \u00een colaborare cu Consiliul Raional Cimi\u0219lia, \u00ee\u0219i propune s\u0103 ofere comunit\u0103\u021bii locale un spa\u021biu cultural multifunc\u021bional.<\/strong><\/p>\n<p>Pe 5 noiembrie, pre\u0219edintele raionului Cimi\u0219lia, Andrian Talmaci, \u00eempreun\u0103 cu o delega\u021bie a Consiliului Jude\u021bean Ia\u0219i, au vizitat \u0218coala de Arte din Cimi\u0219lia pentru a urm\u0103ri \u00eendeaproape progresul lucr\u0103rilor de repara\u021bie capital\u0103 a s\u0103lii de festivit\u0103\u021bi. Acest proiect de modernizare face parte dintr-un parteneriat \u00eentre autorit\u0103\u021bile locale din Rom\u00e2nia \u0219i Republica Moldova \u0219i reprezint\u0103 un exemplu de cooperare transfrontalier\u0103, av\u00e2nd ca scop \u00eembun\u0103t\u0103\u021birea infrastructurii culturale \u0219i educa\u021bionale.<\/p>\n<p>Gra\u021bie unei finan\u021b\u0103ri semnificative, \u00een valoare de 82.684,1 euro din partea Consiliului Jude\u021bean Ia\u0219i, sala de festivit\u0103\u021bi a \u0218colii de Arte din Cimi\u0219lia va deveni un spa\u021biu modern, dedicat evenimentelor culturale \u0219i artistice. Dup\u0103 finalizarea lucr\u0103rilor, noua sal\u0103 va putea g\u0103zdui spectacole, serb\u0103ri, festivit\u0103\u021bi \u0219i diverse evenimente, devenind un loc de \u00eent\u00e2lnire pentru elevii \u0219colii \u0219i pentru ceilal\u021bi membri ai comunit\u0103\u021bii locale.<\/p>\n<p>Proiectul este aproape de etapa final\u0103, iar inaugurarea este planificat\u0103 p\u00e2n\u0103 la sf\u00e2r\u0219itul acestui an. Sala va corespunde standardelor unui centru cultural modern, oferind locuitorilor \u0219i elevilor un spa\u021biu accesibil pentru activit\u0103\u021bi comunitare \u0219i culturale.<\/p>\n<p><a href=\"https:\/\/bas-tv.md\/wp-content\/uploads\/2024\/11\/img_7444-2.jpg\"><img fetchpriority=\"high\" decoding=\"async\" class=\"aligncenter size-large wp-image-131840\" src=\"https:\/\/bas-tv.md\/wp-content\/uploads\/2024\/11\/img_7444-2-1024x683.jpg\" alt=\"\" width=\"580\" height=\"387\" srcset=\"https:\/\/bas-tv.md\/wp-content\/uploads\/2024\/11\/img_7444-2-1024x683.jpg 1024w, https:\/\/bas-tv.md\/wp-content\/uploads\/2024\/11\/img_7444-2-300x200.jpg 300w, https:\/\/bas-tv.md\/wp-content\/uploads\/2024\/11\/img_7444-2-768x512.jpg 768w, https:\/\/bas-tv.md\/wp-content\/uploads\/2024\/11\/img_7444-2.jpg 1080w\" sizes=\"(max-width: 580px) 100vw, 580px\" \/><\/a> <a href=\"https:\/\/bas-tv.md\/wp-content\/uploads\/2024\/11\/img_7445.jpg\"><img decoding=\"async\" class=\"aligncenter size-large wp-image-131844 lazyload\" data-src=\"https:\/\/bas-tv.md\/wp-content\/uploads\/2024\/11\/img_7445-1024x683.jpg\" alt=\"\" width=\"580\" height=\"387\" data-srcset=\"https:\/\/bas-tv.md\/wp-content\/uploads\/2024\/11\/img_7445-1024x683.jpg 1024w, https:\/\/bas-tv.md\/wp-content\/uploads\/2024\/11\/img_7445-300x200.jpg 300w, https:\/\/bas-tv.md\/wp-content\/uploads\/2024\/11\/img_7445-768x512.jpg 768w, https:\/\/bas-tv.md\/wp-content\/uploads\/2024\/11\/img_7445.jpg 1080w\" data-sizes=\"(max-width: 580px) 100vw, 580px\" src=\"data:image\/svg+xml;base64,PHN2ZyB3aWR0aD0iMSIgaGVpZ2h0PSIxIiB4bWxucz0iaHR0cDovL3d3dy53My5vcmcvMjAwMC9zdmciPjwvc3ZnPg==\" style=\"--smush-placeholder-width: 580px; --smush-placeholder-aspect-ratio: 580\/387;\" \/><\/a> <a href=\"https:\/\/bas-tv.md\/wp-content\/uploads\/2024\/11\/img_7446.jpg\"><img decoding=\"async\" class=\"aligncenter size-large wp-image-131846 lazyload\" data-src=\"https:\/\/bas-tv.md\/wp-content\/uploads\/2024\/11\/img_7446-1024x683.jpg\" alt=\"\" width=\"580\" height=\"387\" data-srcset=\"https:\/\/bas-tv.md\/wp-content\/uploads\/2024\/11\/img_7446-1024x683.jpg 1024w, https:\/\/bas-tv.md\/wp-content\/uploads\/2024\/11\/img_7446-300x200.jpg 300w, https:\/\/bas-tv.md\/wp-content\/uploads\/2024\/11\/img_7446-768x512.jpg 768w, https:\/\/bas-tv.md\/wp-content\/uploads\/2024\/11\/img_7446.jpg 1080w\" data-sizes=\"(max-width: 580px) 100vw, 580px\" src=\"data:image\/svg+xml;base64,PHN2ZyB3aWR0aD0iMSIgaGVpZ2h0PSIxIiB4bWxucz0iaHR0cDovL3d3dy53My5vcmcvMjAwMC9zdmciPjwvc3ZnPg==\" style=\"--smush-placeholder-width: 580px; --smush-placeholder-aspect-ratio: 580\/387;\" \/><\/a> <a href=\"https:\/\/bas-tv.md\/wp-content\/uploads\/2024\/11\/img_7443-2.jpg\"><img decoding=\"async\" class=\"aligncenter size-large wp-image-131848 lazyload\" data-src=\"https:\/\/bas-tv.md\/wp-content\/uploads\/2024\/11\/img_7443-2-1024x683.jpg\" alt=\"\" width=\"580\" height=\"387\" data-srcset=\"https:\/\/bas-tv.md\/wp-content\/uploads\/2024\/11\/img_7443-2-1024x683.jpg 1024w, https:\/\/bas-tv.md\/wp-content\/uploads\/2024\/11\/img_7443-2-300x200.jpg 300w, https:\/\/bas-tv.md\/wp-content\/uploads\/2024\/11\/img_7443-2-768x512.jpg 768w, https:\/\/bas-tv.md\/wp-content\/uploads\/2024\/11\/img_7443-2.jpg 1080w\" data-sizes=\"(max-width: 580px) 100vw, 580px\" src=\"data:image\/svg+xml;base64,PHN2ZyB3aWR0aD0iMSIgaGVpZ2h0PSIxIiB4bWxucz0iaHR0cDovL3d3dy53My5vcmcvMjAwMC9zdmciPjwvc3ZnPg==\" style=\"--smush-placeholder-width: 580px; --smush-placeholder-aspect-ratio: 580\/387;\" \/><\/a> <a href=\"https:\/\/bas-tv.md\/wp-content\/uploads\/2024\/11\/img_7447.jpg\"><img decoding=\"async\" class=\"aligncenter size-large wp-image-131850 lazyload\" data-src=\"https:\/\/bas-tv.md\/wp-content\/uploads\/2024\/11\/img_7447-1024x683.jpg\" alt=\"\" width=\"580\" height=\"387\" data-srcset=\"https:\/\/bas-tv.md\/wp-content\/uploads\/2024\/11\/img_7447-1024x683.jpg 1024w, https:\/\/bas-tv.md\/wp-content\/uploads\/2024\/11\/img_7447-300x200.jpg 300w, https:\/\/bas-tv.md\/wp-content\/uploads\/2024\/11\/img_7447-768x512.jpg 768w, https:\/\/bas-tv.md\/wp-content\/uploads\/2024\/11\/img_7447.jpg 1080w\" data-sizes=\"(max-width: 580px) 100vw, 580px\" src=\"data:image\/svg+xml;base64,PHN2ZyB3aWR0aD0iMSIgaGVpZ2h0PSIxIiB4bWxucz0iaHR0cDovL3d3dy53My5vcmcvMjAwMC9zdmciPjwvc3ZnPg==\" style=\"--smush-placeholder-width: 580px; --smush-placeholder-aspect-ratio: 580\/387;\" \/><\/a><\/p>\n<p>Autor: Virineia Carapirea<\/p>\n<p><strong>Sus\u021bine\u021bi redac\u021bia BAStv, abona\u021bi-v\u0103 la noi pe platforma\u00a0<a href=\"https:\/\/www.patreon.com\/BAStv?fan_landing=true&amp;fbclid=IwAR3MeSDKfH4ixBydCXX9D1lhrCszhps3ID5uxuGA-Ktd4MTkZCRdlcEZkQI\">Patreon\u00a0<\/a>sau prin efectuarea contribu\u021biilor prin\u00a0<a href=\"https:\/\/www.paypal.com\/paypalme\/supportbastv\">PayPal<\/a>! Aceasta ne va ajuta s\u0103 cre\u0103m con\u021binut interesant \u0219i util pentru dvs., r\u0103m\u00e2n\u00e2nd \u00een continuare o platform\u0103 media independent\u0103.<\/strong><\/p>\n<p><b>Abona\u021bi-v\u0103 la noi pe re\u021bele sociale:\u00a0<\/b><a href=\"https:\/\/t.me\/bastvmd\"><b><i>Telegram<\/i><\/b><\/a><b>,\u00a0<\/b><a href=\"https:\/\/www.youtube.com\/channel\/UC-9005PnLnhpNM8PVSjP2dQ\/featured\"><b><i>YouTube<\/i><\/b><\/a><b>,\u00a0<\/b><a href=\"https:\/\/www.facebook.com\/bastv.md\"><b><i>Facebook<\/i><\/b><\/a>\u00a0<strong>\u0219i\u00a0<\/strong><a href=\"https:\/\/www.instagram.com\/bastv.md\/\"><b><i>Instagram<\/i><\/b><\/a><b>. Aici public\u0103m \u0219tiri pe scurt!<\/b><\/p>\n","protected":false},"excerpt":{"rendered":"<p>P\u00e2n\u0103 la sf\u00e2r\u0219itul acestui an, \u0218coala de Arte din Cimi\u0219lia va dispune de o sal\u0103 de festivit\u0103\u021bi complet renovat\u0103. Proiectul de modernizare, finan\u021bat de Consiliul Jude\u021bean Ia\u0219i \u0219i realizat \u00een colaborare cu Consiliul Raional Cimi\u0219lia, \u00ee\u0219i propune s\u0103 ofere comunit\u0103\u021bii locale un spa\u021biu cultural multifunc\u021bional. Pe 5 noiembrie, pre\u0219edintele raionului Cimi\u0219lia, Andrian Talmaci, \u00eempreun\u0103 cu [&hellip;]<\/p>\n","protected":false},"author":3,"featured_media":131848,"comment_status":"closed","ping_status":"closed","sticky":false,"template":"","format":"standard","meta":{"footnotes":""},"categories":[192],"tags":[],"class_list":["post-131839","post","type-post","status-publish","format-standard","has-post-thumbnail","hentry","category-bez-kategorii"],"yoast_head":"<!-- This site is optimized with the Yoast SEO plugin v27.5 - https:\/\/yoast.com\/product\/yoast-seo-wordpress\/ -->\n<title>(FOTO) Sala de festivit\u0103\u021bi a \u0218colii de Arte din Cimi\u0219lia va fi renovat\u0103 p\u00e2n\u0103 la sf\u00e2r\u0219itul anului 2024 - BasTV<\/title>\n<meta name=\"description\" content=\"P\u00e2n\u0103 la sf\u00e2r\u0219itul acestui an, \u0218coala de Arte din Cimi\u0219lia va dispune de o sal\u0103 de festivit\u0103\u021bi complet renovat\u0103. Proiectul de modernizare, finan\u021bat de Consiliul Jude\u021bean Ia\u0219i \u0219i realizat \u00een colaborare cu Consiliul Raional Cimi\u0219lia, \u00ee\u0219i propune s\u0103 ofere comunit\u0103\u021bii locale un spa\u021biu cultural multifunc\u021bional.\" \/>\n<meta name=\"robots\" content=\"index, follow, max-snippet:-1, max-image-preview:large, max-video-preview:-1\" \/>\n<link rel=\"canonical\" href=\"https:\/\/bas-tv.md\/ro\/foto-sala-de-festivitati-a-scolii-de-arte-din-cimislia-va-fi-renovata-pana-la-sfarsitul-anului-2024\/\" \/>\n<meta property=\"og:locale\" content=\"ro_RO\" \/>\n<meta property=\"og:type\" content=\"article\" \/>\n<meta property=\"og:title\" content=\"(FOTO) Sala de festivit\u0103\u021bi a \u0218colii de Arte din Cimi\u0219lia va fi renovat\u0103 p\u00e2n\u0103 la sf\u00e2r\u0219itul anului 2024 - BasTV\" \/>\n<meta property=\"og:description\" content=\"P\u00e2n\u0103 la sf\u00e2r\u0219itul acestui an, \u0218coala de Arte din Cimi\u0219lia va dispune de o sal\u0103 de festivit\u0103\u021bi complet renovat\u0103. Proiectul de modernizare, finan\u021bat de Consiliul Jude\u021bean Ia\u0219i \u0219i realizat \u00een colaborare cu Consiliul Raional Cimi\u0219lia, \u00ee\u0219i propune s\u0103 ofere comunit\u0103\u021bii locale un spa\u021biu cultural multifunc\u021bional.\" \/>\n<meta property=\"og:url\" content=\"https:\/\/bas-tv.md\/ro\/foto-sala-de-festivitati-a-scolii-de-arte-din-cimislia-va-fi-renovata-pana-la-sfarsitul-anului-2024\/\" \/>\n<meta property=\"og:site_name\" content=\"BasTV\" \/>\n<meta property=\"article:published_time\" content=\"2024-11-06T14:00:38+00:00\" \/>\n<meta property=\"og:image\" content=\"https:\/\/bas-tv.md\/wp-content\/uploads\/2024\/11\/img_7443-2.jpg\" \/>\n\t<meta property=\"og:image:width\" content=\"1080\" \/>\n\t<meta property=\"og:image:height\" content=\"720\" \/>\n\t<meta property=\"og:image:type\" content=\"image\/jpeg\" \/>\n<meta name=\"author\" content=\"Redactor\" \/>\n<meta name=\"twitter:card\" content=\"summary_large_image\" \/>\n<meta name=\"twitter:label1\" content=\"Scris de\" \/>\n\t<meta name=\"twitter:data1\" content=\"Redactor\" \/>\n\t<meta name=\"twitter:label2\" content=\"Timp estimat pentru citire\" \/>\n\t<meta name=\"twitter:data2\" content=\"3 minute\" \/>\n<script type=\"application\/ld+json\" class=\"yoast-schema-graph\">{\"@context\":\"https:\\\/\\\/schema.org\",\"@graph\":[{\"@type\":\"Article\",\"@id\":\"https:\\\/\\\/bas-tv.md\\\/ro\\\/foto-sala-de-festivitati-a-scolii-de-arte-din-cimislia-va-fi-renovata-pana-la-sfarsitul-anului-2024\\\/#article\",\"isPartOf\":{\"@id\":\"https:\\\/\\\/bas-tv.md\\\/ro\\\/foto-sala-de-festivitati-a-scolii-de-arte-din-cimislia-va-fi-renovata-pana-la-sfarsitul-anului-2024\\\/\"},\"author\":{\"name\":\"Redactor\",\"@id\":\"https:\\\/\\\/bas-tv.md\\\/ro\\\/#\\\/schema\\\/person\\\/8740f45ea2eca1f1695284fc03529af0\"},\"headline\":\"(FOTO) Sala de festivit\u0103\u021bi a \u0218colii de Arte din Cimi\u0219lia va fi renovat\u0103 p\u00e2n\u0103 la sf\u00e2r\u0219itul anului 2024\",\"datePublished\":\"2024-11-06T14:00:38+00:00\",\"mainEntityOfPage\":{\"@id\":\"https:\\\/\\\/bas-tv.md\\\/ro\\\/foto-sala-de-festivitati-a-scolii-de-arte-din-cimislia-va-fi-renovata-pana-la-sfarsitul-anului-2024\\\/\"},\"wordCount\":343,\"publisher\":{\"@id\":\"https:\\\/\\\/bas-tv.md\\\/ro\\\/#organization\"},\"image\":{\"@id\":\"https:\\\/\\\/bas-tv.md\\\/ro\\\/foto-sala-de-festivitati-a-scolii-de-arte-din-cimislia-va-fi-renovata-pana-la-sfarsitul-anului-2024\\\/#primaryimage\"},\"thumbnailUrl\":\"https:\\\/\\\/bas-tv.md\\\/wp-content\\\/uploads\\\/2024\\\/11\\\/img_7443-2.jpg\",\"articleSection\":[\"\u0411\u0435\u0437 \u043a\u0430\u0442\u0435\u0433\u043e\u0440\u0438\u0438\"],\"inLanguage\":\"ro-RO\"},{\"@type\":\"WebPage\",\"@id\":\"https:\\\/\\\/bas-tv.md\\\/ro\\\/foto-sala-de-festivitati-a-scolii-de-arte-din-cimislia-va-fi-renovata-pana-la-sfarsitul-anului-2024\\\/\",\"url\":\"https:\\\/\\\/bas-tv.md\\\/ro\\\/foto-sala-de-festivitati-a-scolii-de-arte-din-cimislia-va-fi-renovata-pana-la-sfarsitul-anului-2024\\\/\",\"name\":\"(FOTO) Sala de festivit\u0103\u021bi a \u0218colii de Arte din Cimi\u0219lia va fi renovat\u0103 p\u00e2n\u0103 la sf\u00e2r\u0219itul anului 2024 - BasTV\",\"isPartOf\":{\"@id\":\"https:\\\/\\\/bas-tv.md\\\/ro\\\/#website\"},\"primaryImageOfPage\":{\"@id\":\"https:\\\/\\\/bas-tv.md\\\/ro\\\/foto-sala-de-festivitati-a-scolii-de-arte-din-cimislia-va-fi-renovata-pana-la-sfarsitul-anului-2024\\\/#primaryimage\"},\"image\":{\"@id\":\"https:\\\/\\\/bas-tv.md\\\/ro\\\/foto-sala-de-festivitati-a-scolii-de-arte-din-cimislia-va-fi-renovata-pana-la-sfarsitul-anului-2024\\\/#primaryimage\"},\"thumbnailUrl\":\"https:\\\/\\\/bas-tv.md\\\/wp-content\\\/uploads\\\/2024\\\/11\\\/img_7443-2.jpg\",\"datePublished\":\"2024-11-06T14:00:38+00:00\",\"description\":\"P\u00e2n\u0103 la sf\u00e2r\u0219itul acestui an, \u0218coala de Arte din Cimi\u0219lia va dispune de o sal\u0103 de festivit\u0103\u021bi complet renovat\u0103. Proiectul de modernizare, finan\u021bat de Consiliul Jude\u021bean Ia\u0219i \u0219i realizat \u00een colaborare cu Consiliul Raional Cimi\u0219lia, \u00ee\u0219i propune s\u0103 ofere comunit\u0103\u021bii locale un spa\u021biu cultural multifunc\u021bional.\",\"inLanguage\":\"ro-RO\",\"potentialAction\":[{\"@type\":\"ReadAction\",\"target\":[\"https:\\\/\\\/bas-tv.md\\\/ro\\\/foto-sala-de-festivitati-a-scolii-de-arte-din-cimislia-va-fi-renovata-pana-la-sfarsitul-anului-2024\\\/\"]}]},{\"@type\":\"ImageObject\",\"inLanguage\":\"ro-RO\",\"@id\":\"https:\\\/\\\/bas-tv.md\\\/ro\\\/foto-sala-de-festivitati-a-scolii-de-arte-din-cimislia-va-fi-renovata-pana-la-sfarsitul-anului-2024\\\/#primaryimage\",\"url\":\"https:\\\/\\\/bas-tv.md\\\/wp-content\\\/uploads\\\/2024\\\/11\\\/img_7443-2.jpg\",\"contentUrl\":\"https:\\\/\\\/bas-tv.md\\\/wp-content\\\/uploads\\\/2024\\\/11\\\/img_7443-2.jpg\",\"width\":1080,\"height\":720,\"caption\":\"cimislia\"},{\"@type\":\"WebSite\",\"@id\":\"https:\\\/\\\/bas-tv.md\\\/ro\\\/#website\",\"url\":\"https:\\\/\\\/bas-tv.md\\\/ro\\\/\",\"name\":\"BasTV\",\"description\":\"Moldova\",\"publisher\":{\"@id\":\"https:\\\/\\\/bas-tv.md\\\/ro\\\/#organization\"},\"potentialAction\":[{\"@type\":\"SearchAction\",\"target\":{\"@type\":\"EntryPoint\",\"urlTemplate\":\"https:\\\/\\\/bas-tv.md\\\/ro\\\/?s={search_term_string}\"},\"query-input\":{\"@type\":\"PropertyValueSpecification\",\"valueRequired\":true,\"valueName\":\"search_term_string\"}}],\"inLanguage\":\"ro-RO\"},{\"@type\":\"Organization\",\"@id\":\"https:\\\/\\\/bas-tv.md\\\/ro\\\/#organization\",\"name\":\"BasTV\",\"url\":\"https:\\\/\\\/bas-tv.md\\\/ro\\\/\",\"logo\":{\"@type\":\"ImageObject\",\"inLanguage\":\"ro-RO\",\"@id\":\"https:\\\/\\\/bas-tv.md\\\/ro\\\/#\\\/schema\\\/logo\\\/image\\\/\",\"url\":\"https:\\\/\\\/bas-tv.md\\\/wp-content\\\/uploads\\\/2023\\\/05\\\/bas-tv-culoarea-rosie.png\",\"contentUrl\":\"https:\\\/\\\/bas-tv.md\\\/wp-content\\\/uploads\\\/2023\\\/05\\\/bas-tv-culoarea-rosie.png\",\"width\":202,\"height\":50,\"caption\":\"BasTV\"},\"image\":{\"@id\":\"https:\\\/\\\/bas-tv.md\\\/ro\\\/#\\\/schema\\\/logo\\\/image\\\/\"}},{\"@type\":\"Person\",\"@id\":\"https:\\\/\\\/bas-tv.md\\\/ro\\\/#\\\/schema\\\/person\\\/8740f45ea2eca1f1695284fc03529af0\",\"name\":\"Redactor\",\"image\":{\"@type\":\"ImageObject\",\"inLanguage\":\"ro-RO\",\"@id\":\"https:\\\/\\\/secure.gravatar.com\\\/avatar\\\/45b6af9fc91c10b15a8b40e67c1f57bab2e9614fc9f0af95cf453d61934e9aad?s=96&d=mm&r=g\",\"url\":\"https:\\\/\\\/secure.gravatar.com\\\/avatar\\\/45b6af9fc91c10b15a8b40e67c1f57bab2e9614fc9f0af95cf453d61934e9aad?s=96&d=mm&r=g\",\"contentUrl\":\"https:\\\/\\\/secure.gravatar.com\\\/avatar\\\/45b6af9fc91c10b15a8b40e67c1f57bab2e9614fc9f0af95cf453d61934e9aad?s=96&d=mm&r=g\",\"caption\":\"Redactor\"},\"url\":\"https:\\\/\\\/bas-tv.md\\\/ro\\\/author\\\/redactor\\\/\"}]}<\/script>\n<!-- \/ Yoast SEO plugin. -->","yoast_head_json":{"title":"(FOTO) Sala de festivit\u0103\u021bi a \u0218colii de Arte din Cimi\u0219lia va fi renovat\u0103 p\u00e2n\u0103 la sf\u00e2r\u0219itul anului 2024 - BasTV","description":"P\u00e2n\u0103 la sf\u00e2r\u0219itul acestui an, \u0218coala de Arte din Cimi\u0219lia va dispune de o sal\u0103 de festivit\u0103\u021bi complet renovat\u0103. Proiectul de modernizare, finan\u021bat de Consiliul Jude\u021bean Ia\u0219i \u0219i realizat \u00een colaborare cu Consiliul Raional Cimi\u0219lia, \u00ee\u0219i propune s\u0103 ofere comunit\u0103\u021bii locale un spa\u021biu cultural multifunc\u021bional.","robots":{"index":"index","follow":"follow","max-snippet":"max-snippet:-1","max-image-preview":"max-image-preview:large","max-video-preview":"max-video-preview:-1"},"canonical":"https:\/\/bas-tv.md\/ro\/foto-sala-de-festivitati-a-scolii-de-arte-din-cimislia-va-fi-renovata-pana-la-sfarsitul-anului-2024\/","og_locale":"ro_RO","og_type":"article","og_title":"(FOTO) Sala de festivit\u0103\u021bi a \u0218colii de Arte din Cimi\u0219lia va fi renovat\u0103 p\u00e2n\u0103 la sf\u00e2r\u0219itul anului 2024 - BasTV","og_description":"P\u00e2n\u0103 la sf\u00e2r\u0219itul acestui an, \u0218coala de Arte din Cimi\u0219lia va dispune de o sal\u0103 de festivit\u0103\u021bi complet renovat\u0103. Proiectul de modernizare, finan\u021bat de Consiliul Jude\u021bean Ia\u0219i \u0219i realizat \u00een colaborare cu Consiliul Raional Cimi\u0219lia, \u00ee\u0219i propune s\u0103 ofere comunit\u0103\u021bii locale un spa\u021biu cultural multifunc\u021bional.","og_url":"https:\/\/bas-tv.md\/ro\/foto-sala-de-festivitati-a-scolii-de-arte-din-cimislia-va-fi-renovata-pana-la-sfarsitul-anului-2024\/","og_site_name":"BasTV","article_published_time":"2024-11-06T14:00:38+00:00","og_image":[{"width":1080,"height":720,"url":"https:\/\/bas-tv.md\/wp-content\/uploads\/2024\/11\/img_7443-2.jpg","type":"image\/jpeg"}],"author":"Redactor","twitter_card":"summary_large_image","twitter_misc":{"Scris de":"Redactor","Timp estimat pentru citire":"3 minute"},"schema":{"@context":"https:\/\/schema.org","@graph":[{"@type":"Article","@id":"https:\/\/bas-tv.md\/ro\/foto-sala-de-festivitati-a-scolii-de-arte-din-cimislia-va-fi-renovata-pana-la-sfarsitul-anului-2024\/#article","isPartOf":{"@id":"https:\/\/bas-tv.md\/ro\/foto-sala-de-festivitati-a-scolii-de-arte-din-cimislia-va-fi-renovata-pana-la-sfarsitul-anului-2024\/"},"author":{"name":"Redactor","@id":"https:\/\/bas-tv.md\/ro\/#\/schema\/person\/8740f45ea2eca1f1695284fc03529af0"},"headline":"(FOTO) Sala de festivit\u0103\u021bi a \u0218colii de Arte din Cimi\u0219lia va fi renovat\u0103 p\u00e2n\u0103 la sf\u00e2r\u0219itul anului 2024","datePublished":"2024-11-06T14:00:38+00:00","mainEntityOfPage":{"@id":"https:\/\/bas-tv.md\/ro\/foto-sala-de-festivitati-a-scolii-de-arte-din-cimislia-va-fi-renovata-pana-la-sfarsitul-anului-2024\/"},"wordCount":343,"publisher":{"@id":"https:\/\/bas-tv.md\/ro\/#organization"},"image":{"@id":"https:\/\/bas-tv.md\/ro\/foto-sala-de-festivitati-a-scolii-de-arte-din-cimislia-va-fi-renovata-pana-la-sfarsitul-anului-2024\/#primaryimage"},"thumbnailUrl":"https:\/\/bas-tv.md\/wp-content\/uploads\/2024\/11\/img_7443-2.jpg","articleSection":["\u0411\u0435\u0437 \u043a\u0430\u0442\u0435\u0433\u043e\u0440\u0438\u0438"],"inLanguage":"ro-RO"},{"@type":"WebPage","@id":"https:\/\/bas-tv.md\/ro\/foto-sala-de-festivitati-a-scolii-de-arte-din-cimislia-va-fi-renovata-pana-la-sfarsitul-anului-2024\/","url":"https:\/\/bas-tv.md\/ro\/foto-sala-de-festivitati-a-scolii-de-arte-din-cimislia-va-fi-renovata-pana-la-sfarsitul-anului-2024\/","name":"(FOTO) Sala de festivit\u0103\u021bi a \u0218colii de Arte din Cimi\u0219lia va fi renovat\u0103 p\u00e2n\u0103 la sf\u00e2r\u0219itul anului 2024 - BasTV","isPartOf":{"@id":"https:\/\/bas-tv.md\/ro\/#website"},"primaryImageOfPage":{"@id":"https:\/\/bas-tv.md\/ro\/foto-sala-de-festivitati-a-scolii-de-arte-din-cimislia-va-fi-renovata-pana-la-sfarsitul-anului-2024\/#primaryimage"},"image":{"@id":"https:\/\/bas-tv.md\/ro\/foto-sala-de-festivitati-a-scolii-de-arte-din-cimislia-va-fi-renovata-pana-la-sfarsitul-anului-2024\/#primaryimage"},"thumbnailUrl":"https:\/\/bas-tv.md\/wp-content\/uploads\/2024\/11\/img_7443-2.jpg","datePublished":"2024-11-06T14:00:38+00:00","description":"P\u00e2n\u0103 la sf\u00e2r\u0219itul acestui an, \u0218coala de Arte din Cimi\u0219lia va dispune de o sal\u0103 de festivit\u0103\u021bi complet renovat\u0103. Proiectul de modernizare, finan\u021bat de Consiliul Jude\u021bean Ia\u0219i \u0219i realizat \u00een colaborare cu Consiliul Raional Cimi\u0219lia, \u00ee\u0219i propune s\u0103 ofere comunit\u0103\u021bii locale un spa\u021biu cultural multifunc\u021bional.","inLanguage":"ro-RO","potentialAction":[{"@type":"ReadAction","target":["https:\/\/bas-tv.md\/ro\/foto-sala-de-festivitati-a-scolii-de-arte-din-cimislia-va-fi-renovata-pana-la-sfarsitul-anului-2024\/"]}]},{"@type":"ImageObject","inLanguage":"ro-RO","@id":"https:\/\/bas-tv.md\/ro\/foto-sala-de-festivitati-a-scolii-de-arte-din-cimislia-va-fi-renovata-pana-la-sfarsitul-anului-2024\/#primaryimage","url":"https:\/\/bas-tv.md\/wp-content\/uploads\/2024\/11\/img_7443-2.jpg","contentUrl":"https:\/\/bas-tv.md\/wp-content\/uploads\/2024\/11\/img_7443-2.jpg","width":1080,"height":720,"caption":"cimislia"},{"@type":"WebSite","@id":"https:\/\/bas-tv.md\/ro\/#website","url":"https:\/\/bas-tv.md\/ro\/","name":"BasTV","description":"Moldova","publisher":{"@id":"https:\/\/bas-tv.md\/ro\/#organization"},"potentialAction":[{"@type":"SearchAction","target":{"@type":"EntryPoint","urlTemplate":"https:\/\/bas-tv.md\/ro\/?s={search_term_string}"},"query-input":{"@type":"PropertyValueSpecification","valueRequired":true,"valueName":"search_term_string"}}],"inLanguage":"ro-RO"},{"@type":"Organization","@id":"https:\/\/bas-tv.md\/ro\/#organization","name":"BasTV","url":"https:\/\/bas-tv.md\/ro\/","logo":{"@type":"ImageObject","inLanguage":"ro-RO","@id":"https:\/\/bas-tv.md\/ro\/#\/schema\/logo\/image\/","url":"https:\/\/bas-tv.md\/wp-content\/uploads\/2023\/05\/bas-tv-culoarea-rosie.png","contentUrl":"https:\/\/bas-tv.md\/wp-content\/uploads\/2023\/05\/bas-tv-culoarea-rosie.png","width":202,"height":50,"caption":"BasTV"},"image":{"@id":"https:\/\/bas-tv.md\/ro\/#\/schema\/logo\/image\/"}},{"@type":"Person","@id":"https:\/\/bas-tv.md\/ro\/#\/schema\/person\/8740f45ea2eca1f1695284fc03529af0","name":"Redactor","image":{"@type":"ImageObject","inLanguage":"ro-RO","@id":"https:\/\/secure.gravatar.com\/avatar\/45b6af9fc91c10b15a8b40e67c1f57bab2e9614fc9f0af95cf453d61934e9aad?s=96&d=mm&r=g","url":"https:\/\/secure.gravatar.com\/avatar\/45b6af9fc91c10b15a8b40e67c1f57bab2e9614fc9f0af95cf453d61934e9aad?s=96&d=mm&r=g","contentUrl":"https:\/\/secure.gravatar.com\/avatar\/45b6af9fc91c10b15a8b40e67c1f57bab2e9614fc9f0af95cf453d61934e9aad?s=96&d=mm&r=g","caption":"Redactor"},"url":"https:\/\/bas-tv.md\/ro\/author\/redactor\/"}]}},"views":223,"_links":{"self":[{"href":"https:\/\/bas-tv.md\/ro\/wp-json\/wp\/v2\/posts\/131839","targetHints":{"allow":["GET"]}}],"collection":[{"href":"https:\/\/bas-tv.md\/ro\/wp-json\/wp\/v2\/posts"}],"about":[{"href":"https:\/\/bas-tv.md\/ro\/wp-json\/wp\/v2\/types\/post"}],"author":[{"embeddable":true,"href":"https:\/\/bas-tv.md\/ro\/wp-json\/wp\/v2\/users\/3"}],"replies":[{"embeddable":true,"href":"https:\/\/bas-tv.md\/ro\/wp-json\/wp\/v2\/comments?post=131839"}],"version-history":[{"count":1,"href":"https:\/\/bas-tv.md\/ro\/wp-json\/wp\/v2\/posts\/131839\/revisions"}],"predecessor-version":[{"id":131852,"href":"https:\/\/bas-tv.md\/ro\/wp-json\/wp\/v2\/posts\/131839\/revisions\/131852"}],"wp:featuredmedia":[{"embeddable":true,"href":"https:\/\/bas-tv.md\/ro\/wp-json\/wp\/v2\/media\/131848"}],"wp:attachment":[{"href":"https:\/\/bas-tv.md\/ro\/wp-json\/wp\/v2\/media?parent=131839"}],"wp:term":[{"taxonomy":"category","embeddable":true,"href":"https:\/\/bas-tv.md\/ro\/wp-json\/wp\/v2\/categories?post=131839"},{"taxonomy":"post_tag","embeddable":true,"href":"https:\/\/bas-tv.md\/ro\/wp-json\/wp\/v2\/tags?post=131839"}],"curies":[{"name":"wp","href":"https:\/\/api.w.org\/{rel}","templated":true}]}}