{"id":132320,"date":"2024-11-13T19:45:24","date_gmt":"2024-11-13T17:45:24","guid":{"rendered":"https:\/\/bas-tv.md\/?p=132320"},"modified":"2024-11-13T18:13:59","modified_gmt":"2024-11-13T16:13:59","slug":"video-lansare-de-carte-la-abaclia-cronica-bisericii-sfintii-arhangheli-mihail-si-gavriil-de-dinu-putere","status":"publish","type":"post","link":"https:\/\/bas-tv.md\/ro\/video-lansare-de-carte-la-abaclia-cronica-bisericii-sfintii-arhangheli-mihail-si-gavriil-de-dinu-putere\/","title":{"rendered":"(VIDEO) Lansare de carte la Abaclia: \u201eCronica Bisericii Sfin\u021bii Arhangheli Mihail \u0219i Gavriil\u201d de Dinu Putere"},"content":{"rendered":"<p><strong>Duminic\u0103, 10 noiembrie, a avut loc lansarea monografiei Cronica Bisericii &#8222;Sfin\u021bii Arhangheli Mihail \u0219i Gavriil&#8221;, lucrare realizat\u0103 de c\u0103tre Dinu Putere, un t\u00e2n\u0103r \u00een v\u00e2rst\u0103 de 23 de ani. Evenimentul s-a desf\u0103\u0219urat \u00een incinta Liceului Teoretic &#8222;Constantin Stere&#8221;, \u0219coala unde autorul \u0219i-a \u00eenceput studiile.<\/strong><\/p>\n<p>Ideea de a scrie aceast\u0103 carte a prins contur \u00een urm\u0103 cu\u00a0mai\u00a0bine de un deceniu, c\u00e2nd Dinu a participat la un concurs cu tematic\u0103 istoric\u0103. \u00cen pandemie, interesul s\u0103u a crescut odat\u0103 cu cercetarea arborelui genealogic al familiei sale, care l-a apropiat de istoria bisericii. Inspirat \u0219i \u00eencurajat de cons\u0103teni, Dinu a \u00eenceput s\u0103 adune date, documente \u0219i m\u0103rturii.<\/p>\n<p>\u00cen ultimii patru ani, t\u00e2n\u0103rul cercet\u0103tor a consultat peste 2400 de publica\u021bii, 450 de dosare de arhiv\u0103 \u0219i a adunat\u00a0mai\u00a0mult de 1300 de fotografii. \u00cen procesul de cercetare, a colaborat cu peste 130 de persoane \u0219i a apelat la resurse din arhivele na\u021bionale din Moldova, Rom\u00e2nia, Ucraina \u0219i Federa\u021bia Rus\u0103.<\/p>\n<p>La evenimentul de lansare de la Abaclia au participat oaspe\u021bi de seam\u0103, printre care reprezentan\u021bi ai autorit\u0103\u021bilor locale, profesori, clerici, dar \u0219i locuitori ai satului, al\u0103turi de familie \u0219i prieteni ai autorului. Programul a inclus numere artistice \u2013 recitaluri de muzic\u0103 \u0219i instrumentale \u2013 precum \u0219i un panel de discu\u021bii, unde invita\u021bii au vorbit despre valoarea lucr\u0103rii \u0219i rolul acesteia \u00een p\u0103strarea patrimoniului cultural al localit\u0103\u021bii.<\/p>\n<p>Atmosfera a fost completat\u0103 de o expozi\u021bie cu documente istorice, icoane \u0219i alte obiecte biserice\u0219ti.<\/p>\n<p>Lucrarea, considerat\u0103 un document valoros pentru p\u0103strarea tradi\u021biilor \u0219i identit\u0103\u021bii locale, a fost \u00eent\u00e2mpinat\u0103 cu apreciere de cei prezen\u021bi.<\/p>\n<p>Cu un mesaj puternic de p\u0103strare a patrimoniului cultural \u0219i religios, Dinu a dorit ca aceast\u0103 carte s\u0103 sublinieze importan\u021ba istoriei locale \u0219i a r\u0103d\u0103cinilor spirituale.<\/p>\n<p>Cartea a fost tip\u0103rit\u0103 \u00een 500 de exemplare \u0219i poate fi achizi\u021bionat\u0103 de la biserica din satul Abaclia sau de la domiciliul autorului, pentru suma de 300 de lei. De asemenea, aceasta va fi disponibil\u0103, anun\u021b\u0103 autorul, \u0219i la t\u00e2rgul solidar din 21 noiembrie, de ziua Hramului satului Abaclia.<\/p>\n<p><iframe title=\"Lansare de carte la Abaclia: &quot;Cronica Bisericii Sfin\u021bii Arhangheli Mihail \u0219i Gavriil&quot; de Dinu Putere\" width=\"580\" height=\"326\" data-src=\"https:\/\/www.youtube.com\/embed\/JEemc-HDCJ0?feature=oembed\" frameborder=\"0\" allow=\"accelerometer; autoplay; clipboard-write; encrypted-media; gyroscope; picture-in-picture; web-share\" referrerpolicy=\"strict-origin-when-cross-origin\" allowfullscreen src=\"data:image\/svg+xml;base64,PHN2ZyB3aWR0aD0iMSIgaGVpZ2h0PSIxIiB4bWxucz0iaHR0cDovL3d3dy53My5vcmcvMjAwMC9zdmciPjwvc3ZnPg==\" class=\"lazyload\" data-load-mode=\"1\"><\/iframe><\/p>\n<p><strong>Sus\u021bine\u021bi redac\u021bia BAStv, abona\u021bi-v\u0103 la noi pe platforma\u00a0<a href=\"https:\/\/www.patreon.com\/BAStv?fan_landing=true&amp;fbclid=IwAR3MeSDKfH4ixBydCXX9D1lhrCszhps3ID5uxuGA-Ktd4MTkZCRdlcEZkQI\">Patreon\u00a0<\/a>sau prin efectuarea contribu\u021biilor prin\u00a0<a href=\"https:\/\/www.paypal.com\/paypalme\/supportbastv\">PayPal<\/a>! Aceasta ne va ajuta s\u0103 cre\u0103m con\u021binut interesant \u0219i util pentru dvs., r\u0103m\u00e2n\u00e2nd \u00een continuare o platform\u0103 media independent\u0103.<\/strong><\/p>\n<p><b>Abona\u021bi-v\u0103 la noi pe re\u021bele sociale:\u00a0<\/b><a href=\"https:\/\/t.me\/bastvmd\"><b><i>Telegram<\/i><\/b><\/a><b>,\u00a0<\/b><a href=\"https:\/\/www.youtube.com\/channel\/UC-9005PnLnhpNM8PVSjP2dQ\/featured\"><b><i>YouTube<\/i><\/b><\/a><b>,\u00a0<\/b><a href=\"https:\/\/www.facebook.com\/bastv.md\"><b><i>Facebook<\/i><\/b><\/a>\u00a0<strong>\u0219i\u00a0<\/strong><a href=\"https:\/\/www.instagram.com\/bastv.md\/\"><b><i>Instagram<\/i><\/b><\/a><b>. Aici public\u0103m \u0219tiri pe scurt!<\/b><\/p>\n","protected":false},"excerpt":{"rendered":"<p>Duminic\u0103, 10 noiembrie, a avut loc lansarea monografiei Cronica Bisericii &#8222;Sfin\u021bii Arhangheli Mihail \u0219i Gavriil&#8221;, lucrare realizat\u0103 de c\u0103tre Dinu Putere, un t\u00e2n\u0103r \u00een v\u00e2rst\u0103 de 23 de ani. Evenimentul s-a desf\u0103\u0219urat \u00een incinta Liceului Teoretic &#8222;Constantin Stere&#8221;, \u0219coala unde autorul \u0219i-a \u00eenceput studiile. Ideea de a scrie aceast\u0103 carte a prins contur \u00een urm\u0103 [&hellip;]<\/p>\n","protected":false},"author":3,"featured_media":132325,"comment_status":"closed","ping_status":"closed","sticky":false,"template":"","format":"standard","meta":{"footnotes":""},"categories":[602,569],"tags":[744,2255,4644,4645,759],"class_list":["post-132320","post","type-post","status-publish","format-standard","has-post-thumbnail","hentry","category-actualitate","category-in-basarabeasca","tag-abaclia","tag-biserica","tag-dinu-putere","tag-lansare-de-carte","tag-s-abaclia"],"yoast_head":"<!-- This site is optimized with the Yoast SEO plugin v27.5 - https:\/\/yoast.com\/product\/yoast-seo-wordpress\/ -->\n<title>(VIDEO) Lansare de carte la Abaclia: \u201eCronica Bisericii Sfin\u021bii Arhangheli Mihail \u0219i Gavriil\u201d de Dinu Putere - BasTV<\/title>\n<meta name=\"description\" content=\"Duminic\u0103, 10 noiembrie, a avut loc lansarea monografiei Cronica Bisericii &quot;Sfin\u021bii Arhangheli Mihail \u0219i Gavriil&quot;, lucrare realizat\u0103 de c\u0103tre Dinu Putere, un t\u00e2n\u0103r \u00een v\u00e2rst\u0103 de 23 de ani. Evenimentul s-a desf\u0103\u0219urat \u00een incinta Liceului Teoretic &quot;Constantin Stere&quot;, \u0219coala unde autorul \u0219i-a \u00eenceput studiile.\" \/>\n<meta name=\"robots\" content=\"index, follow, max-snippet:-1, max-image-preview:large, max-video-preview:-1\" \/>\n<link rel=\"canonical\" href=\"https:\/\/bas-tv.md\/ro\/video-lansare-de-carte-la-abaclia-cronica-bisericii-sfintii-arhangheli-mihail-si-gavriil-de-dinu-putere\/\" \/>\n<meta property=\"og:locale\" content=\"ro_RO\" \/>\n<meta property=\"og:type\" content=\"article\" \/>\n<meta property=\"og:title\" content=\"(VIDEO) Lansare de carte la Abaclia: \u201eCronica Bisericii Sfin\u021bii Arhangheli Mihail \u0219i Gavriil\u201d de Dinu Putere - BasTV\" \/>\n<meta property=\"og:description\" content=\"Duminic\u0103, 10 noiembrie, a avut loc lansarea monografiei Cronica Bisericii &quot;Sfin\u021bii Arhangheli Mihail \u0219i Gavriil&quot;, lucrare realizat\u0103 de c\u0103tre Dinu Putere, un t\u00e2n\u0103r \u00een v\u00e2rst\u0103 de 23 de ani. Evenimentul s-a desf\u0103\u0219urat \u00een incinta Liceului Teoretic &quot;Constantin Stere&quot;, \u0219coala unde autorul \u0219i-a \u00eenceput studiile.\" \/>\n<meta property=\"og:url\" content=\"https:\/\/bas-tv.md\/ro\/video-lansare-de-carte-la-abaclia-cronica-bisericii-sfintii-arhangheli-mihail-si-gavriil-de-dinu-putere\/\" \/>\n<meta property=\"og:site_name\" content=\"BasTV\" \/>\n<meta property=\"article:published_time\" content=\"2024-11-13T17:45:24+00:00\" \/>\n<meta property=\"og:image\" content=\"https:\/\/bas-tv.md\/wp-content\/uploads\/2024\/11\/snimok-ekrana-2024-11-13-180138.png\" \/>\n\t<meta property=\"og:image:width\" content=\"1203\" \/>\n\t<meta property=\"og:image:height\" content=\"676\" \/>\n\t<meta property=\"og:image:type\" content=\"image\/png\" \/>\n<meta name=\"author\" content=\"Redactor\" \/>\n<meta name=\"twitter:card\" content=\"summary_large_image\" \/>\n<meta name=\"twitter:label1\" content=\"Scris de\" \/>\n\t<meta name=\"twitter:data1\" content=\"Redactor\" \/>\n\t<meta name=\"twitter:label2\" content=\"Timp estimat pentru citire\" \/>\n\t<meta name=\"twitter:data2\" content=\"3 minute\" \/>\n<script type=\"application\/ld+json\" class=\"yoast-schema-graph\">{\"@context\":\"https:\\\/\\\/schema.org\",\"@graph\":[{\"@type\":\"Article\",\"@id\":\"https:\\\/\\\/bas-tv.md\\\/ro\\\/video-lansare-de-carte-la-abaclia-cronica-bisericii-sfintii-arhangheli-mihail-si-gavriil-de-dinu-putere\\\/#article\",\"isPartOf\":{\"@id\":\"https:\\\/\\\/bas-tv.md\\\/ro\\\/video-lansare-de-carte-la-abaclia-cronica-bisericii-sfintii-arhangheli-mihail-si-gavriil-de-dinu-putere\\\/\"},\"author\":{\"name\":\"Redactor\",\"@id\":\"https:\\\/\\\/bas-tv.md\\\/ro\\\/#\\\/schema\\\/person\\\/8740f45ea2eca1f1695284fc03529af0\"},\"headline\":\"(VIDEO) Lansare de carte la Abaclia: \u201eCronica Bisericii Sfin\u021bii Arhangheli Mihail \u0219i Gavriil\u201d de Dinu Putere\",\"datePublished\":\"2024-11-13T17:45:24+00:00\",\"mainEntityOfPage\":{\"@id\":\"https:\\\/\\\/bas-tv.md\\\/ro\\\/video-lansare-de-carte-la-abaclia-cronica-bisericii-sfintii-arhangheli-mihail-si-gavriil-de-dinu-putere\\\/\"},\"wordCount\":445,\"publisher\":{\"@id\":\"https:\\\/\\\/bas-tv.md\\\/ro\\\/#organization\"},\"image\":{\"@id\":\"https:\\\/\\\/bas-tv.md\\\/ro\\\/video-lansare-de-carte-la-abaclia-cronica-bisericii-sfintii-arhangheli-mihail-si-gavriil-de-dinu-putere\\\/#primaryimage\"},\"thumbnailUrl\":\"https:\\\/\\\/bas-tv.md\\\/wp-content\\\/uploads\\\/2024\\\/11\\\/snimok-ekrana-2024-11-13-180138.png\",\"keywords\":[\"abaclia\",\"biseric\u0103\",\"Dinu Putere\",\"Lansare de carte\",\"s. Abaclia\"],\"articleSection\":[\"Actualitate\",\"\u00cen Basarabeasca\"],\"inLanguage\":\"ro-RO\"},{\"@type\":\"WebPage\",\"@id\":\"https:\\\/\\\/bas-tv.md\\\/ro\\\/video-lansare-de-carte-la-abaclia-cronica-bisericii-sfintii-arhangheli-mihail-si-gavriil-de-dinu-putere\\\/\",\"url\":\"https:\\\/\\\/bas-tv.md\\\/ro\\\/video-lansare-de-carte-la-abaclia-cronica-bisericii-sfintii-arhangheli-mihail-si-gavriil-de-dinu-putere\\\/\",\"name\":\"(VIDEO) Lansare de carte la Abaclia: \u201eCronica Bisericii Sfin\u021bii Arhangheli Mihail \u0219i Gavriil\u201d de Dinu Putere - BasTV\",\"isPartOf\":{\"@id\":\"https:\\\/\\\/bas-tv.md\\\/ro\\\/#website\"},\"primaryImageOfPage\":{\"@id\":\"https:\\\/\\\/bas-tv.md\\\/ro\\\/video-lansare-de-carte-la-abaclia-cronica-bisericii-sfintii-arhangheli-mihail-si-gavriil-de-dinu-putere\\\/#primaryimage\"},\"image\":{\"@id\":\"https:\\\/\\\/bas-tv.md\\\/ro\\\/video-lansare-de-carte-la-abaclia-cronica-bisericii-sfintii-arhangheli-mihail-si-gavriil-de-dinu-putere\\\/#primaryimage\"},\"thumbnailUrl\":\"https:\\\/\\\/bas-tv.md\\\/wp-content\\\/uploads\\\/2024\\\/11\\\/snimok-ekrana-2024-11-13-180138.png\",\"datePublished\":\"2024-11-13T17:45:24+00:00\",\"description\":\"Duminic\u0103, 10 noiembrie, a avut loc lansarea monografiei Cronica Bisericii \\\"Sfin\u021bii Arhangheli Mihail \u0219i Gavriil\\\", lucrare realizat\u0103 de c\u0103tre Dinu Putere, un t\u00e2n\u0103r \u00een v\u00e2rst\u0103 de 23 de ani. Evenimentul s-a desf\u0103\u0219urat \u00een incinta Liceului Teoretic \\\"Constantin Stere\\\", \u0219coala unde autorul \u0219i-a \u00eenceput studiile.\",\"inLanguage\":\"ro-RO\",\"potentialAction\":[{\"@type\":\"ReadAction\",\"target\":[\"https:\\\/\\\/bas-tv.md\\\/ro\\\/video-lansare-de-carte-la-abaclia-cronica-bisericii-sfintii-arhangheli-mihail-si-gavriil-de-dinu-putere\\\/\"]}]},{\"@type\":\"ImageObject\",\"inLanguage\":\"ro-RO\",\"@id\":\"https:\\\/\\\/bas-tv.md\\\/ro\\\/video-lansare-de-carte-la-abaclia-cronica-bisericii-sfintii-arhangheli-mihail-si-gavriil-de-dinu-putere\\\/#primaryimage\",\"url\":\"https:\\\/\\\/bas-tv.md\\\/wp-content\\\/uploads\\\/2024\\\/11\\\/snimok-ekrana-2024-11-13-180138.png\",\"contentUrl\":\"https:\\\/\\\/bas-tv.md\\\/wp-content\\\/uploads\\\/2024\\\/11\\\/snimok-ekrana-2024-11-13-180138.png\",\"width\":1203,\"height\":676,\"caption\":\"Lansare de carte la Abaclia: \u201eCronica Bisericii Sfin\u021bii Arhangheli Mihail \u0219i Gavriil\u201d de Dinu Putere\"},{\"@type\":\"WebSite\",\"@id\":\"https:\\\/\\\/bas-tv.md\\\/ro\\\/#website\",\"url\":\"https:\\\/\\\/bas-tv.md\\\/ro\\\/\",\"name\":\"BasTV\",\"description\":\"Moldova\",\"publisher\":{\"@id\":\"https:\\\/\\\/bas-tv.md\\\/ro\\\/#organization\"},\"potentialAction\":[{\"@type\":\"SearchAction\",\"target\":{\"@type\":\"EntryPoint\",\"urlTemplate\":\"https:\\\/\\\/bas-tv.md\\\/ro\\\/?s={search_term_string}\"},\"query-input\":{\"@type\":\"PropertyValueSpecification\",\"valueRequired\":true,\"valueName\":\"search_term_string\"}}],\"inLanguage\":\"ro-RO\"},{\"@type\":\"Organization\",\"@id\":\"https:\\\/\\\/bas-tv.md\\\/ro\\\/#organization\",\"name\":\"BasTV\",\"url\":\"https:\\\/\\\/bas-tv.md\\\/ro\\\/\",\"logo\":{\"@type\":\"ImageObject\",\"inLanguage\":\"ro-RO\",\"@id\":\"https:\\\/\\\/bas-tv.md\\\/ro\\\/#\\\/schema\\\/logo\\\/image\\\/\",\"url\":\"https:\\\/\\\/bas-tv.md\\\/wp-content\\\/uploads\\\/2023\\\/05\\\/bas-tv-culoarea-rosie.png\",\"contentUrl\":\"https:\\\/\\\/bas-tv.md\\\/wp-content\\\/uploads\\\/2023\\\/05\\\/bas-tv-culoarea-rosie.png\",\"width\":202,\"height\":50,\"caption\":\"BasTV\"},\"image\":{\"@id\":\"https:\\\/\\\/bas-tv.md\\\/ro\\\/#\\\/schema\\\/logo\\\/image\\\/\"}},{\"@type\":\"Person\",\"@id\":\"https:\\\/\\\/bas-tv.md\\\/ro\\\/#\\\/schema\\\/person\\\/8740f45ea2eca1f1695284fc03529af0\",\"name\":\"Redactor\",\"image\":{\"@type\":\"ImageObject\",\"inLanguage\":\"ro-RO\",\"@id\":\"https:\\\/\\\/secure.gravatar.com\\\/avatar\\\/45b6af9fc91c10b15a8b40e67c1f57bab2e9614fc9f0af95cf453d61934e9aad?s=96&d=mm&r=g\",\"url\":\"https:\\\/\\\/secure.gravatar.com\\\/avatar\\\/45b6af9fc91c10b15a8b40e67c1f57bab2e9614fc9f0af95cf453d61934e9aad?s=96&d=mm&r=g\",\"contentUrl\":\"https:\\\/\\\/secure.gravatar.com\\\/avatar\\\/45b6af9fc91c10b15a8b40e67c1f57bab2e9614fc9f0af95cf453d61934e9aad?s=96&d=mm&r=g\",\"caption\":\"Redactor\"},\"url\":\"https:\\\/\\\/bas-tv.md\\\/ro\\\/author\\\/redactor\\\/\"}]}<\/script>\n<!-- \/ Yoast SEO plugin. -->","yoast_head_json":{"title":"(VIDEO) Lansare de carte la Abaclia: \u201eCronica Bisericii Sfin\u021bii Arhangheli Mihail \u0219i Gavriil\u201d de Dinu Putere - BasTV","description":"Duminic\u0103, 10 noiembrie, a avut loc lansarea monografiei Cronica Bisericii \"Sfin\u021bii Arhangheli Mihail \u0219i Gavriil\", lucrare realizat\u0103 de c\u0103tre Dinu Putere, un t\u00e2n\u0103r \u00een v\u00e2rst\u0103 de 23 de ani. Evenimentul s-a desf\u0103\u0219urat \u00een incinta Liceului Teoretic \"Constantin Stere\", \u0219coala unde autorul \u0219i-a \u00eenceput studiile.","robots":{"index":"index","follow":"follow","max-snippet":"max-snippet:-1","max-image-preview":"max-image-preview:large","max-video-preview":"max-video-preview:-1"},"canonical":"https:\/\/bas-tv.md\/ro\/video-lansare-de-carte-la-abaclia-cronica-bisericii-sfintii-arhangheli-mihail-si-gavriil-de-dinu-putere\/","og_locale":"ro_RO","og_type":"article","og_title":"(VIDEO) Lansare de carte la Abaclia: \u201eCronica Bisericii Sfin\u021bii Arhangheli Mihail \u0219i Gavriil\u201d de Dinu Putere - BasTV","og_description":"Duminic\u0103, 10 noiembrie, a avut loc lansarea monografiei Cronica Bisericii \"Sfin\u021bii Arhangheli Mihail \u0219i Gavriil\", lucrare realizat\u0103 de c\u0103tre Dinu Putere, un t\u00e2n\u0103r \u00een v\u00e2rst\u0103 de 23 de ani. Evenimentul s-a desf\u0103\u0219urat \u00een incinta Liceului Teoretic \"Constantin Stere\", \u0219coala unde autorul \u0219i-a \u00eenceput studiile.","og_url":"https:\/\/bas-tv.md\/ro\/video-lansare-de-carte-la-abaclia-cronica-bisericii-sfintii-arhangheli-mihail-si-gavriil-de-dinu-putere\/","og_site_name":"BasTV","article_published_time":"2024-11-13T17:45:24+00:00","og_image":[{"width":1203,"height":676,"url":"https:\/\/bas-tv.md\/wp-content\/uploads\/2024\/11\/snimok-ekrana-2024-11-13-180138.png","type":"image\/png"}],"author":"Redactor","twitter_card":"summary_large_image","twitter_misc":{"Scris de":"Redactor","Timp estimat pentru citire":"3 minute"},"schema":{"@context":"https:\/\/schema.org","@graph":[{"@type":"Article","@id":"https:\/\/bas-tv.md\/ro\/video-lansare-de-carte-la-abaclia-cronica-bisericii-sfintii-arhangheli-mihail-si-gavriil-de-dinu-putere\/#article","isPartOf":{"@id":"https:\/\/bas-tv.md\/ro\/video-lansare-de-carte-la-abaclia-cronica-bisericii-sfintii-arhangheli-mihail-si-gavriil-de-dinu-putere\/"},"author":{"name":"Redactor","@id":"https:\/\/bas-tv.md\/ro\/#\/schema\/person\/8740f45ea2eca1f1695284fc03529af0"},"headline":"(VIDEO) Lansare de carte la Abaclia: \u201eCronica Bisericii Sfin\u021bii Arhangheli Mihail \u0219i Gavriil\u201d de Dinu Putere","datePublished":"2024-11-13T17:45:24+00:00","mainEntityOfPage":{"@id":"https:\/\/bas-tv.md\/ro\/video-lansare-de-carte-la-abaclia-cronica-bisericii-sfintii-arhangheli-mihail-si-gavriil-de-dinu-putere\/"},"wordCount":445,"publisher":{"@id":"https:\/\/bas-tv.md\/ro\/#organization"},"image":{"@id":"https:\/\/bas-tv.md\/ro\/video-lansare-de-carte-la-abaclia-cronica-bisericii-sfintii-arhangheli-mihail-si-gavriil-de-dinu-putere\/#primaryimage"},"thumbnailUrl":"https:\/\/bas-tv.md\/wp-content\/uploads\/2024\/11\/snimok-ekrana-2024-11-13-180138.png","keywords":["abaclia","biseric\u0103","Dinu Putere","Lansare de carte","s. Abaclia"],"articleSection":["Actualitate","\u00cen Basarabeasca"],"inLanguage":"ro-RO"},{"@type":"WebPage","@id":"https:\/\/bas-tv.md\/ro\/video-lansare-de-carte-la-abaclia-cronica-bisericii-sfintii-arhangheli-mihail-si-gavriil-de-dinu-putere\/","url":"https:\/\/bas-tv.md\/ro\/video-lansare-de-carte-la-abaclia-cronica-bisericii-sfintii-arhangheli-mihail-si-gavriil-de-dinu-putere\/","name":"(VIDEO) Lansare de carte la Abaclia: \u201eCronica Bisericii Sfin\u021bii Arhangheli Mihail \u0219i Gavriil\u201d de Dinu Putere - BasTV","isPartOf":{"@id":"https:\/\/bas-tv.md\/ro\/#website"},"primaryImageOfPage":{"@id":"https:\/\/bas-tv.md\/ro\/video-lansare-de-carte-la-abaclia-cronica-bisericii-sfintii-arhangheli-mihail-si-gavriil-de-dinu-putere\/#primaryimage"},"image":{"@id":"https:\/\/bas-tv.md\/ro\/video-lansare-de-carte-la-abaclia-cronica-bisericii-sfintii-arhangheli-mihail-si-gavriil-de-dinu-putere\/#primaryimage"},"thumbnailUrl":"https:\/\/bas-tv.md\/wp-content\/uploads\/2024\/11\/snimok-ekrana-2024-11-13-180138.png","datePublished":"2024-11-13T17:45:24+00:00","description":"Duminic\u0103, 10 noiembrie, a avut loc lansarea monografiei Cronica Bisericii \"Sfin\u021bii Arhangheli Mihail \u0219i Gavriil\", lucrare realizat\u0103 de c\u0103tre Dinu Putere, un t\u00e2n\u0103r \u00een v\u00e2rst\u0103 de 23 de ani. Evenimentul s-a desf\u0103\u0219urat \u00een incinta Liceului Teoretic \"Constantin Stere\", \u0219coala unde autorul \u0219i-a \u00eenceput studiile.","inLanguage":"ro-RO","potentialAction":[{"@type":"ReadAction","target":["https:\/\/bas-tv.md\/ro\/video-lansare-de-carte-la-abaclia-cronica-bisericii-sfintii-arhangheli-mihail-si-gavriil-de-dinu-putere\/"]}]},{"@type":"ImageObject","inLanguage":"ro-RO","@id":"https:\/\/bas-tv.md\/ro\/video-lansare-de-carte-la-abaclia-cronica-bisericii-sfintii-arhangheli-mihail-si-gavriil-de-dinu-putere\/#primaryimage","url":"https:\/\/bas-tv.md\/wp-content\/uploads\/2024\/11\/snimok-ekrana-2024-11-13-180138.png","contentUrl":"https:\/\/bas-tv.md\/wp-content\/uploads\/2024\/11\/snimok-ekrana-2024-11-13-180138.png","width":1203,"height":676,"caption":"Lansare de carte la Abaclia: \u201eCronica Bisericii Sfin\u021bii Arhangheli Mihail \u0219i Gavriil\u201d de Dinu Putere"},{"@type":"WebSite","@id":"https:\/\/bas-tv.md\/ro\/#website","url":"https:\/\/bas-tv.md\/ro\/","name":"BasTV","description":"Moldova","publisher":{"@id":"https:\/\/bas-tv.md\/ro\/#organization"},"potentialAction":[{"@type":"SearchAction","target":{"@type":"EntryPoint","urlTemplate":"https:\/\/bas-tv.md\/ro\/?s={search_term_string}"},"query-input":{"@type":"PropertyValueSpecification","valueRequired":true,"valueName":"search_term_string"}}],"inLanguage":"ro-RO"},{"@type":"Organization","@id":"https:\/\/bas-tv.md\/ro\/#organization","name":"BasTV","url":"https:\/\/bas-tv.md\/ro\/","logo":{"@type":"ImageObject","inLanguage":"ro-RO","@id":"https:\/\/bas-tv.md\/ro\/#\/schema\/logo\/image\/","url":"https:\/\/bas-tv.md\/wp-content\/uploads\/2023\/05\/bas-tv-culoarea-rosie.png","contentUrl":"https:\/\/bas-tv.md\/wp-content\/uploads\/2023\/05\/bas-tv-culoarea-rosie.png","width":202,"height":50,"caption":"BasTV"},"image":{"@id":"https:\/\/bas-tv.md\/ro\/#\/schema\/logo\/image\/"}},{"@type":"Person","@id":"https:\/\/bas-tv.md\/ro\/#\/schema\/person\/8740f45ea2eca1f1695284fc03529af0","name":"Redactor","image":{"@type":"ImageObject","inLanguage":"ro-RO","@id":"https:\/\/secure.gravatar.com\/avatar\/45b6af9fc91c10b15a8b40e67c1f57bab2e9614fc9f0af95cf453d61934e9aad?s=96&d=mm&r=g","url":"https:\/\/secure.gravatar.com\/avatar\/45b6af9fc91c10b15a8b40e67c1f57bab2e9614fc9f0af95cf453d61934e9aad?s=96&d=mm&r=g","contentUrl":"https:\/\/secure.gravatar.com\/avatar\/45b6af9fc91c10b15a8b40e67c1f57bab2e9614fc9f0af95cf453d61934e9aad?s=96&d=mm&r=g","caption":"Redactor"},"url":"https:\/\/bas-tv.md\/ro\/author\/redactor\/"}]}},"views":830,"_links":{"self":[{"href":"https:\/\/bas-tv.md\/ro\/wp-json\/wp\/v2\/posts\/132320","targetHints":{"allow":["GET"]}}],"collection":[{"href":"https:\/\/bas-tv.md\/ro\/wp-json\/wp\/v2\/posts"}],"about":[{"href":"https:\/\/bas-tv.md\/ro\/wp-json\/wp\/v2\/types\/post"}],"author":[{"embeddable":true,"href":"https:\/\/bas-tv.md\/ro\/wp-json\/wp\/v2\/users\/3"}],"replies":[{"embeddable":true,"href":"https:\/\/bas-tv.md\/ro\/wp-json\/wp\/v2\/comments?post=132320"}],"version-history":[{"count":2,"href":"https:\/\/bas-tv.md\/ro\/wp-json\/wp\/v2\/posts\/132320\/revisions"}],"predecessor-version":[{"id":132324,"href":"https:\/\/bas-tv.md\/ro\/wp-json\/wp\/v2\/posts\/132320\/revisions\/132324"}],"wp:featuredmedia":[{"embeddable":true,"href":"https:\/\/bas-tv.md\/ro\/wp-json\/wp\/v2\/media\/132325"}],"wp:attachment":[{"href":"https:\/\/bas-tv.md\/ro\/wp-json\/wp\/v2\/media?parent=132320"}],"wp:term":[{"taxonomy":"category","embeddable":true,"href":"https:\/\/bas-tv.md\/ro\/wp-json\/wp\/v2\/categories?post=132320"},{"taxonomy":"post_tag","embeddable":true,"href":"https:\/\/bas-tv.md\/ro\/wp-json\/wp\/v2\/tags?post=132320"}],"curies":[{"name":"wp","href":"https:\/\/api.w.org\/{rel}","templated":true}]}}