{"id":132322,"date":"2024-11-13T18:45:38","date_gmt":"2024-11-13T16:45:38","guid":{"rendered":"https:\/\/bas-tv.md\/?p=132322"},"modified":"2024-11-13T18:13:35","modified_gmt":"2024-11-13T16:13:35","slug":"pe-29-noiembrie-primaria-sadaclia-va-scoate-la-licitatie-terenuri-agricole-pentru-a-fi-date-in-arenda","status":"publish","type":"post","link":"https:\/\/bas-tv.md\/ro\/pe-29-noiembrie-primaria-sadaclia-va-scoate-la-licitatie-terenuri-agricole-pentru-a-fi-date-in-arenda\/","title":{"rendered":"Pe 29 noiembrie, Prim\u0103ria Sadaclia va scoate la licita\u021bie terenuri agricole pentru a fi date \u00een arend\u0103"},"content":{"rendered":"<p>Pe data de 29 noiembrie, la ora 10:00, Prim\u0103ria satului Sadaclia va organiza o licita\u021bie\u00a0 \u201ecu strigare\u201d pentru darea \u00een arend\u0103 a mai multor terenuri agricole, \u00een conformitate cu decizia Consiliului Local nr. 07\/06 din 23.10.2024.<\/p>\n<p>Taxa de participare este de 600 de lei pentru persoanele fizice \u0219i de 1 200 de lei pentru persoanele juridice. Aceasta trebuie achitat\u0103 prin transfer bancar \u00een contul indicat de Prim\u0103ria Sadaclia, iar dovada pl\u0103\u021bii urmeaz\u0103 a fi prezentat\u0103\u00a0 ulterior.<\/p>\n<p>Participan\u021bii care inten\u021bioneaz\u0103 s\u0103 liciteze pentru mai multe loturi de teren agricol vor trebui s\u0103 achite separat acontul pentru fiecare teren dorit, cu prezentarea obligatorie a confirm\u0103rii.<\/p>\n<p>Pentru detalii suplimentare, cei interesa\u021bi pot contacta Prim\u0103ria Sadaclia la num\u0103rul de telefon 0(297)57-2-36 sau pot merge direct la sediul prim\u0103riei. Termenul-limit\u0103 pentru depunerea cererii de participare \u0219i a documentelor necesare este 28 noiembrie 2024.<\/p>\n<p><iframe src=\"https:\/\/drive.google.com\/file\/d\/1zWCJs-0JGQyoxjzXNizM48o1I5q6t_qi\/preview\" width=\"640\" height=\"480\"><\/iframe><\/p>\n<p><b>Abona\u021bi-v\u0103 la noi pe re\u021bele sociale:\u00a0<\/b><a href=\"https:\/\/t.me\/bastvmd\"><b><i>Telegram<\/i><\/b><\/a><b>,\u00a0<\/b><a href=\"https:\/\/www.youtube.com\/channel\/UC-9005PnLnhpNM8PVSjP2dQ\/featured\"><b><i>YouTube<\/i><\/b><\/a><b>,\u00a0<\/b><a href=\"https:\/\/www.facebook.com\/bastv.md\"><b><i>Facebook<\/i><\/b><\/a>\u00a0<strong>\u0219i\u00a0<\/strong><a href=\"https:\/\/www.instagram.com\/bastv.md\/\"><b><i>Instagram<\/i><\/b><\/a><b>. Aici public\u0103m \u0219tiri pe scurt!<\/b><\/p>\n","protected":false},"excerpt":{"rendered":"<p>Pe data de 29 noiembrie, la ora 10:00, Prim\u0103ria satului Sadaclia va organiza o licita\u021bie\u00a0 \u201ecu strigare\u201d pentru darea \u00een arend\u0103 a mai multor terenuri agricole, \u00een conformitate cu decizia Consiliului Local nr. 07\/06 din 23.10.2024. Taxa de participare este de 600 de lei pentru persoanele fizice \u0219i de 1 200 de lei pentru persoanele [&hellip;]<\/p>\n","protected":false},"author":3,"featured_media":132328,"comment_status":"closed","ping_status":"closed","sticky":false,"template":"","format":"standard","meta":{"footnotes":""},"categories":[219,574],"tags":[],"class_list":["post-132322","post","type-post","status-publish","format-standard","has-post-thumbnail","hentry","category-anunturi","category-util"],"yoast_head":"<!-- This site is optimized with the Yoast SEO plugin v27.5 - https:\/\/yoast.com\/product\/yoast-seo-wordpress\/ -->\n<title>Pe 29 noiembrie, Prim\u0103ria Sadaclia va scoate la licita\u021bie terenuri agricole pentru a fi date \u00een arend\u0103 - BasTV<\/title>\n<meta name=\"robots\" content=\"index, follow, max-snippet:-1, max-image-preview:large, max-video-preview:-1\" \/>\n<link rel=\"canonical\" href=\"https:\/\/bas-tv.md\/ro\/pe-29-noiembrie-primaria-sadaclia-va-scoate-la-licitatie-terenuri-agricole-pentru-a-fi-date-in-arenda\/\" \/>\n<meta property=\"og:locale\" content=\"ro_RO\" \/>\n<meta property=\"og:type\" content=\"article\" \/>\n<meta property=\"og:title\" content=\"Pe 29 noiembrie, Prim\u0103ria Sadaclia va scoate la licita\u021bie terenuri agricole pentru a fi date \u00een arend\u0103 - BasTV\" \/>\n<meta property=\"og:description\" content=\"Pe data de 29 noiembrie, la ora 10:00, Prim\u0103ria satului Sadaclia va organiza o licita\u021bie\u00a0 \u201ecu strigare\u201d pentru darea \u00een arend\u0103 a mai multor terenuri agricole, \u00een conformitate cu decizia Consiliului Local nr. 07\/06 din 23.10.2024. Taxa de participare este de 600 de lei pentru persoanele fizice \u0219i de 1 200 de lei pentru persoanele [&hellip;]\" \/>\n<meta property=\"og:url\" content=\"https:\/\/bas-tv.md\/ro\/pe-29-noiembrie-primaria-sadaclia-va-scoate-la-licitatie-terenuri-agricole-pentru-a-fi-date-in-arenda\/\" \/>\n<meta property=\"og:site_name\" content=\"BasTV\" \/>\n<meta property=\"article:published_time\" content=\"2024-11-13T16:45:38+00:00\" \/>\n<meta property=\"og:image\" content=\"https:\/\/bas-tv.md\/wp-content\/uploads\/2024\/11\/2019-11-12-10-06-39.png\" \/>\n\t<meta property=\"og:image:width\" content=\"723\" \/>\n\t<meta property=\"og:image:height\" content=\"555\" \/>\n\t<meta property=\"og:image:type\" content=\"image\/png\" \/>\n<meta name=\"author\" content=\"Redactor\" \/>\n<meta name=\"twitter:card\" content=\"summary_large_image\" \/>\n<meta name=\"twitter:label1\" content=\"Scris de\" \/>\n\t<meta name=\"twitter:data1\" content=\"Redactor\" \/>\n\t<meta name=\"twitter:label2\" content=\"Timp estimat pentru citire\" \/>\n\t<meta name=\"twitter:data2\" content=\"2 minute\" \/>\n<script type=\"application\/ld+json\" class=\"yoast-schema-graph\">{\"@context\":\"https:\\\/\\\/schema.org\",\"@graph\":[{\"@type\":\"Article\",\"@id\":\"https:\\\/\\\/bas-tv.md\\\/ro\\\/pe-29-noiembrie-primaria-sadaclia-va-scoate-la-licitatie-terenuri-agricole-pentru-a-fi-date-in-arenda\\\/#article\",\"isPartOf\":{\"@id\":\"https:\\\/\\\/bas-tv.md\\\/ro\\\/pe-29-noiembrie-primaria-sadaclia-va-scoate-la-licitatie-terenuri-agricole-pentru-a-fi-date-in-arenda\\\/\"},\"author\":{\"name\":\"Redactor\",\"@id\":\"https:\\\/\\\/bas-tv.md\\\/ro\\\/#\\\/schema\\\/person\\\/8740f45ea2eca1f1695284fc03529af0\"},\"headline\":\"Pe 29 noiembrie, Prim\u0103ria Sadaclia va scoate la licita\u021bie terenuri agricole pentru a fi date \u00een arend\u0103\",\"datePublished\":\"2024-11-13T16:45:38+00:00\",\"mainEntityOfPage\":{\"@id\":\"https:\\\/\\\/bas-tv.md\\\/ro\\\/pe-29-noiembrie-primaria-sadaclia-va-scoate-la-licitatie-terenuri-agricole-pentru-a-fi-date-in-arenda\\\/\"},\"wordCount\":178,\"publisher\":{\"@id\":\"https:\\\/\\\/bas-tv.md\\\/ro\\\/#organization\"},\"image\":{\"@id\":\"https:\\\/\\\/bas-tv.md\\\/ro\\\/pe-29-noiembrie-primaria-sadaclia-va-scoate-la-licitatie-terenuri-agricole-pentru-a-fi-date-in-arenda\\\/#primaryimage\"},\"thumbnailUrl\":\"https:\\\/\\\/bas-tv.md\\\/wp-content\\\/uploads\\\/2024\\\/11\\\/2019-11-12-10-06-39.png\",\"articleSection\":[\"Anun\u021buri\",\"Util\"],\"inLanguage\":\"ro-RO\"},{\"@type\":\"WebPage\",\"@id\":\"https:\\\/\\\/bas-tv.md\\\/ro\\\/pe-29-noiembrie-primaria-sadaclia-va-scoate-la-licitatie-terenuri-agricole-pentru-a-fi-date-in-arenda\\\/\",\"url\":\"https:\\\/\\\/bas-tv.md\\\/ro\\\/pe-29-noiembrie-primaria-sadaclia-va-scoate-la-licitatie-terenuri-agricole-pentru-a-fi-date-in-arenda\\\/\",\"name\":\"Pe 29 noiembrie, Prim\u0103ria Sadaclia va scoate la licita\u021bie terenuri agricole pentru a fi date \u00een arend\u0103 - BasTV\",\"isPartOf\":{\"@id\":\"https:\\\/\\\/bas-tv.md\\\/ro\\\/#website\"},\"primaryImageOfPage\":{\"@id\":\"https:\\\/\\\/bas-tv.md\\\/ro\\\/pe-29-noiembrie-primaria-sadaclia-va-scoate-la-licitatie-terenuri-agricole-pentru-a-fi-date-in-arenda\\\/#primaryimage\"},\"image\":{\"@id\":\"https:\\\/\\\/bas-tv.md\\\/ro\\\/pe-29-noiembrie-primaria-sadaclia-va-scoate-la-licitatie-terenuri-agricole-pentru-a-fi-date-in-arenda\\\/#primaryimage\"},\"thumbnailUrl\":\"https:\\\/\\\/bas-tv.md\\\/wp-content\\\/uploads\\\/2024\\\/11\\\/2019-11-12-10-06-39.png\",\"datePublished\":\"2024-11-13T16:45:38+00:00\",\"inLanguage\":\"ro-RO\",\"potentialAction\":[{\"@type\":\"ReadAction\",\"target\":[\"https:\\\/\\\/bas-tv.md\\\/ro\\\/pe-29-noiembrie-primaria-sadaclia-va-scoate-la-licitatie-terenuri-agricole-pentru-a-fi-date-in-arenda\\\/\"]}]},{\"@type\":\"ImageObject\",\"inLanguage\":\"ro-RO\",\"@id\":\"https:\\\/\\\/bas-tv.md\\\/ro\\\/pe-29-noiembrie-primaria-sadaclia-va-scoate-la-licitatie-terenuri-agricole-pentru-a-fi-date-in-arenda\\\/#primaryimage\",\"url\":\"https:\\\/\\\/bas-tv.md\\\/wp-content\\\/uploads\\\/2024\\\/11\\\/2019-11-12-10-06-39.png\",\"contentUrl\":\"https:\\\/\\\/bas-tv.md\\\/wp-content\\\/uploads\\\/2024\\\/11\\\/2019-11-12-10-06-39.png\",\"width\":723,\"height\":555,\"caption\":\"Foto: soz.bio\"},{\"@type\":\"WebSite\",\"@id\":\"https:\\\/\\\/bas-tv.md\\\/ro\\\/#website\",\"url\":\"https:\\\/\\\/bas-tv.md\\\/ro\\\/\",\"name\":\"BasTV\",\"description\":\"Moldova\",\"publisher\":{\"@id\":\"https:\\\/\\\/bas-tv.md\\\/ro\\\/#organization\"},\"potentialAction\":[{\"@type\":\"SearchAction\",\"target\":{\"@type\":\"EntryPoint\",\"urlTemplate\":\"https:\\\/\\\/bas-tv.md\\\/ro\\\/?s={search_term_string}\"},\"query-input\":{\"@type\":\"PropertyValueSpecification\",\"valueRequired\":true,\"valueName\":\"search_term_string\"}}],\"inLanguage\":\"ro-RO\"},{\"@type\":\"Organization\",\"@id\":\"https:\\\/\\\/bas-tv.md\\\/ro\\\/#organization\",\"name\":\"BasTV\",\"url\":\"https:\\\/\\\/bas-tv.md\\\/ro\\\/\",\"logo\":{\"@type\":\"ImageObject\",\"inLanguage\":\"ro-RO\",\"@id\":\"https:\\\/\\\/bas-tv.md\\\/ro\\\/#\\\/schema\\\/logo\\\/image\\\/\",\"url\":\"https:\\\/\\\/bas-tv.md\\\/wp-content\\\/uploads\\\/2023\\\/05\\\/bas-tv-culoarea-rosie.png\",\"contentUrl\":\"https:\\\/\\\/bas-tv.md\\\/wp-content\\\/uploads\\\/2023\\\/05\\\/bas-tv-culoarea-rosie.png\",\"width\":202,\"height\":50,\"caption\":\"BasTV\"},\"image\":{\"@id\":\"https:\\\/\\\/bas-tv.md\\\/ro\\\/#\\\/schema\\\/logo\\\/image\\\/\"}},{\"@type\":\"Person\",\"@id\":\"https:\\\/\\\/bas-tv.md\\\/ro\\\/#\\\/schema\\\/person\\\/8740f45ea2eca1f1695284fc03529af0\",\"name\":\"Redactor\",\"image\":{\"@type\":\"ImageObject\",\"inLanguage\":\"ro-RO\",\"@id\":\"https:\\\/\\\/bas-tv.md\\\/wp-content\\\/litespeed\\\/avatar\\\/91c0586f3f6f4396a4ec1287c965eeeb.jpg?ver=1776950945\",\"url\":\"https:\\\/\\\/bas-tv.md\\\/wp-content\\\/litespeed\\\/avatar\\\/91c0586f3f6f4396a4ec1287c965eeeb.jpg?ver=1776950945\",\"contentUrl\":\"https:\\\/\\\/bas-tv.md\\\/wp-content\\\/litespeed\\\/avatar\\\/91c0586f3f6f4396a4ec1287c965eeeb.jpg?ver=1776950945\",\"caption\":\"Redactor\"},\"url\":\"https:\\\/\\\/bas-tv.md\\\/ro\\\/author\\\/redactor\\\/\"}]}<\/script>\n<!-- \/ Yoast SEO plugin. -->","yoast_head_json":{"title":"Pe 29 noiembrie, Prim\u0103ria Sadaclia va scoate la licita\u021bie terenuri agricole pentru a fi date \u00een arend\u0103 - BasTV","robots":{"index":"index","follow":"follow","max-snippet":"max-snippet:-1","max-image-preview":"max-image-preview:large","max-video-preview":"max-video-preview:-1"},"canonical":"https:\/\/bas-tv.md\/ro\/pe-29-noiembrie-primaria-sadaclia-va-scoate-la-licitatie-terenuri-agricole-pentru-a-fi-date-in-arenda\/","og_locale":"ro_RO","og_type":"article","og_title":"Pe 29 noiembrie, Prim\u0103ria Sadaclia va scoate la licita\u021bie terenuri agricole pentru a fi date \u00een arend\u0103 - BasTV","og_description":"Pe data de 29 noiembrie, la ora 10:00, Prim\u0103ria satului Sadaclia va organiza o licita\u021bie\u00a0 \u201ecu strigare\u201d pentru darea \u00een arend\u0103 a mai multor terenuri agricole, \u00een conformitate cu decizia Consiliului Local nr. 07\/06 din 23.10.2024. Taxa de participare este de 600 de lei pentru persoanele fizice \u0219i de 1 200 de lei pentru persoanele [&hellip;]","og_url":"https:\/\/bas-tv.md\/ro\/pe-29-noiembrie-primaria-sadaclia-va-scoate-la-licitatie-terenuri-agricole-pentru-a-fi-date-in-arenda\/","og_site_name":"BasTV","article_published_time":"2024-11-13T16:45:38+00:00","og_image":[{"width":723,"height":555,"url":"https:\/\/bas-tv.md\/wp-content\/uploads\/2024\/11\/2019-11-12-10-06-39.png","type":"image\/png"}],"author":"Redactor","twitter_card":"summary_large_image","twitter_misc":{"Scris de":"Redactor","Timp estimat pentru citire":"2 minute"},"schema":{"@context":"https:\/\/schema.org","@graph":[{"@type":"Article","@id":"https:\/\/bas-tv.md\/ro\/pe-29-noiembrie-primaria-sadaclia-va-scoate-la-licitatie-terenuri-agricole-pentru-a-fi-date-in-arenda\/#article","isPartOf":{"@id":"https:\/\/bas-tv.md\/ro\/pe-29-noiembrie-primaria-sadaclia-va-scoate-la-licitatie-terenuri-agricole-pentru-a-fi-date-in-arenda\/"},"author":{"name":"Redactor","@id":"https:\/\/bas-tv.md\/ro\/#\/schema\/person\/8740f45ea2eca1f1695284fc03529af0"},"headline":"Pe 29 noiembrie, Prim\u0103ria Sadaclia va scoate la licita\u021bie terenuri agricole pentru a fi date \u00een arend\u0103","datePublished":"2024-11-13T16:45:38+00:00","mainEntityOfPage":{"@id":"https:\/\/bas-tv.md\/ro\/pe-29-noiembrie-primaria-sadaclia-va-scoate-la-licitatie-terenuri-agricole-pentru-a-fi-date-in-arenda\/"},"wordCount":178,"publisher":{"@id":"https:\/\/bas-tv.md\/ro\/#organization"},"image":{"@id":"https:\/\/bas-tv.md\/ro\/pe-29-noiembrie-primaria-sadaclia-va-scoate-la-licitatie-terenuri-agricole-pentru-a-fi-date-in-arenda\/#primaryimage"},"thumbnailUrl":"https:\/\/bas-tv.md\/wp-content\/uploads\/2024\/11\/2019-11-12-10-06-39.png","articleSection":["Anun\u021buri","Util"],"inLanguage":"ro-RO"},{"@type":"WebPage","@id":"https:\/\/bas-tv.md\/ro\/pe-29-noiembrie-primaria-sadaclia-va-scoate-la-licitatie-terenuri-agricole-pentru-a-fi-date-in-arenda\/","url":"https:\/\/bas-tv.md\/ro\/pe-29-noiembrie-primaria-sadaclia-va-scoate-la-licitatie-terenuri-agricole-pentru-a-fi-date-in-arenda\/","name":"Pe 29 noiembrie, Prim\u0103ria Sadaclia va scoate la licita\u021bie terenuri agricole pentru a fi date \u00een arend\u0103 - BasTV","isPartOf":{"@id":"https:\/\/bas-tv.md\/ro\/#website"},"primaryImageOfPage":{"@id":"https:\/\/bas-tv.md\/ro\/pe-29-noiembrie-primaria-sadaclia-va-scoate-la-licitatie-terenuri-agricole-pentru-a-fi-date-in-arenda\/#primaryimage"},"image":{"@id":"https:\/\/bas-tv.md\/ro\/pe-29-noiembrie-primaria-sadaclia-va-scoate-la-licitatie-terenuri-agricole-pentru-a-fi-date-in-arenda\/#primaryimage"},"thumbnailUrl":"https:\/\/bas-tv.md\/wp-content\/uploads\/2024\/11\/2019-11-12-10-06-39.png","datePublished":"2024-11-13T16:45:38+00:00","inLanguage":"ro-RO","potentialAction":[{"@type":"ReadAction","target":["https:\/\/bas-tv.md\/ro\/pe-29-noiembrie-primaria-sadaclia-va-scoate-la-licitatie-terenuri-agricole-pentru-a-fi-date-in-arenda\/"]}]},{"@type":"ImageObject","inLanguage":"ro-RO","@id":"https:\/\/bas-tv.md\/ro\/pe-29-noiembrie-primaria-sadaclia-va-scoate-la-licitatie-terenuri-agricole-pentru-a-fi-date-in-arenda\/#primaryimage","url":"https:\/\/bas-tv.md\/wp-content\/uploads\/2024\/11\/2019-11-12-10-06-39.png","contentUrl":"https:\/\/bas-tv.md\/wp-content\/uploads\/2024\/11\/2019-11-12-10-06-39.png","width":723,"height":555,"caption":"Foto: soz.bio"},{"@type":"WebSite","@id":"https:\/\/bas-tv.md\/ro\/#website","url":"https:\/\/bas-tv.md\/ro\/","name":"BasTV","description":"Moldova","publisher":{"@id":"https:\/\/bas-tv.md\/ro\/#organization"},"potentialAction":[{"@type":"SearchAction","target":{"@type":"EntryPoint","urlTemplate":"https:\/\/bas-tv.md\/ro\/?s={search_term_string}"},"query-input":{"@type":"PropertyValueSpecification","valueRequired":true,"valueName":"search_term_string"}}],"inLanguage":"ro-RO"},{"@type":"Organization","@id":"https:\/\/bas-tv.md\/ro\/#organization","name":"BasTV","url":"https:\/\/bas-tv.md\/ro\/","logo":{"@type":"ImageObject","inLanguage":"ro-RO","@id":"https:\/\/bas-tv.md\/ro\/#\/schema\/logo\/image\/","url":"https:\/\/bas-tv.md\/wp-content\/uploads\/2023\/05\/bas-tv-culoarea-rosie.png","contentUrl":"https:\/\/bas-tv.md\/wp-content\/uploads\/2023\/05\/bas-tv-culoarea-rosie.png","width":202,"height":50,"caption":"BasTV"},"image":{"@id":"https:\/\/bas-tv.md\/ro\/#\/schema\/logo\/image\/"}},{"@type":"Person","@id":"https:\/\/bas-tv.md\/ro\/#\/schema\/person\/8740f45ea2eca1f1695284fc03529af0","name":"Redactor","image":{"@type":"ImageObject","inLanguage":"ro-RO","@id":"https:\/\/bas-tv.md\/wp-content\/litespeed\/avatar\/91c0586f3f6f4396a4ec1287c965eeeb.jpg?ver=1776950945","url":"https:\/\/bas-tv.md\/wp-content\/litespeed\/avatar\/91c0586f3f6f4396a4ec1287c965eeeb.jpg?ver=1776950945","contentUrl":"https:\/\/bas-tv.md\/wp-content\/litespeed\/avatar\/91c0586f3f6f4396a4ec1287c965eeeb.jpg?ver=1776950945","caption":"Redactor"},"url":"https:\/\/bas-tv.md\/ro\/author\/redactor\/"}]}},"views":410,"_links":{"self":[{"href":"https:\/\/bas-tv.md\/ro\/wp-json\/wp\/v2\/posts\/132322","targetHints":{"allow":["GET"]}}],"collection":[{"href":"https:\/\/bas-tv.md\/ro\/wp-json\/wp\/v2\/posts"}],"about":[{"href":"https:\/\/bas-tv.md\/ro\/wp-json\/wp\/v2\/types\/post"}],"author":[{"embeddable":true,"href":"https:\/\/bas-tv.md\/ro\/wp-json\/wp\/v2\/users\/3"}],"replies":[{"embeddable":true,"href":"https:\/\/bas-tv.md\/ro\/wp-json\/wp\/v2\/comments?post=132322"}],"version-history":[{"count":2,"href":"https:\/\/bas-tv.md\/ro\/wp-json\/wp\/v2\/posts\/132322\/revisions"}],"predecessor-version":[{"id":132327,"href":"https:\/\/bas-tv.md\/ro\/wp-json\/wp\/v2\/posts\/132322\/revisions\/132327"}],"wp:featuredmedia":[{"embeddable":true,"href":"https:\/\/bas-tv.md\/ro\/wp-json\/wp\/v2\/media\/132328"}],"wp:attachment":[{"href":"https:\/\/bas-tv.md\/ro\/wp-json\/wp\/v2\/media?parent=132322"}],"wp:term":[{"taxonomy":"category","embeddable":true,"href":"https:\/\/bas-tv.md\/ro\/wp-json\/wp\/v2\/categories?post=132322"},{"taxonomy":"post_tag","embeddable":true,"href":"https:\/\/bas-tv.md\/ro\/wp-json\/wp\/v2\/tags?post=132322"}],"curies":[{"name":"wp","href":"https:\/\/api.w.org\/{rel}","templated":true}]}}