{"id":132913,"date":"2024-11-20T08:15:12","date_gmt":"2024-11-20T06:15:12","guid":{"rendered":"https:\/\/bas-tv.md\/?p=132913"},"modified":"2024-11-19T13:30:56","modified_gmt":"2024-11-19T11:30:56","slug":"bascalia-isi-sarbatoreste-hramul-satului-pe-21-noiembrie-descopera-programul-evenimentului","status":"publish","type":"post","link":"https:\/\/bas-tv.md\/ro\/bascalia-isi-sarbatoreste-hramul-satului-pe-21-noiembrie-descopera-programul-evenimentului\/","title":{"rendered":"Ba\u015fcalia \u00ee\u0219i s\u0103rb\u0103tore\u0219te Hramul Satului pe 21 noiembrie. Descoper\u0103 programul evenimentului"},"content":{"rendered":"<p><strong>Pe 21 noiembrie, locuitorii satului Ba\u015fcalia vor s\u0103rb\u0103tori hramul localit\u0103\u021bii, prilejuit de s\u0103rb\u0103toarea Sfin\u021bilor Arhangheli Mihail \u0219i Gavriil. Evenimentul va include o serie de activit\u0103\u021bi religioase \u0219i culturale, reunind \u00eentreaga comunitate pentru a marca aceast\u0103 zi plin\u0103 de tradi\u021bie \u0219i s\u0103rb\u0103toare.<\/strong><\/p>\n<p>Evenimentul va debuta la ora 08:00, cu slujba religioas\u0103 de la Biserica \u201eSfin\u021bii Arhangheli Mihail \u0219i Gavriil\u201d, unde cre\u0219tinii ortodoc\u0219i vor participa la un moment de rug\u0103ciune \u00een cinstea ocrotitorilor spirituali ai satului. Dup\u0103 \u00eencheierea slujbei, \u00eentre 11:30 \u0219i 13:00, to\u021bi cei prezen\u021bi sunt invita\u021bi s\u0103 se al\u0103ture la o mas\u0103 de s\u0103rb\u0103toare.<\/p>\n<p>Programul continu\u0103 \u00eentre orele 13:00 \u0219i 15:00, cu un spectacol festiv sus\u021binut de arti\u0219ti locali. Pe scen\u0103 vor urca reprezentan\u021bii Casei de Cultur\u0103 din Ba\u015fcalia, dar \u0219i copiii de la gr\u0103dini\u021ba \u201eIzvora\u0219\u201d, care vor \u00eenc\u00e2nta publicul cu momente de dans \u0219i muzic\u0103. Evenimentul va fi completat de prezen\u021ba invitatului special, Gabriel Nebunu, care va ad\u0103uga un plus de energie evenimentului.<\/p>\n<p>La ora 15:00, s\u0103rb\u0103toarea va culmina cu Hora satului, un moment deosebit \u00een care to\u021bi locuitorii \u0219i oaspe\u021bii vor fi invita\u021bi s\u0103 se al\u0103ture la dans.<\/p>\n<p>Autor: Virineia Carapirea<\/p>\n<p><strong>Sus\u021bine\u021bi redac\u021bia BAStv, abona\u021bi-v\u0103 la noi pe platforma\u00a0<a href=\"https:\/\/www.patreon.com\/BAStv?fan_landing=true&amp;fbclid=IwAR3MeSDKfH4ixBydCXX9D1lhrCszhps3ID5uxuGA-Ktd4MTkZCRdlcEZkQI\">Patreon\u00a0<\/a>sau prin efectuarea contribu\u021biilor prin\u00a0<a href=\"https:\/\/www.paypal.com\/paypalme\/supportbastv\">PayPal<\/a>! Aceasta ne va ajuta s\u0103 cre\u0103m con\u021binut interesant \u0219i util pentru dvs., r\u0103m\u00e2n\u00e2nd \u00een continuare o platform\u0103 media independent\u0103.<\/strong><\/p>\n<p><b>Abona\u021bi-v\u0103 la noi pe re\u021bele sociale:\u00a0<\/b><a href=\"https:\/\/t.me\/bastvmd\"><b><i>Telegram<\/i><\/b><\/a><b>,\u00a0<\/b><a href=\"https:\/\/www.youtube.com\/channel\/UC-9005PnLnhpNM8PVSjP2dQ\/featured\"><b><i>YouTube<\/i><\/b><\/a><b>,\u00a0<\/b><a href=\"https:\/\/www.facebook.com\/bastv.md\"><b><i>Facebook<\/i><\/b><\/a>\u00a0<strong>\u0219i\u00a0<\/strong><a href=\"https:\/\/www.instagram.com\/bastv.md\/\"><b><i>Instagram<\/i><\/b><\/a><b>. Aici public\u0103m \u0219tiri pe scurt!<\/b><\/p>\n","protected":false},"excerpt":{"rendered":"<p>Pe 21 noiembrie, locuitorii satului Ba\u015fcalia vor s\u0103rb\u0103tori hramul localit\u0103\u021bii, prilejuit de s\u0103rb\u0103toarea Sfin\u021bilor Arhangheli Mihail \u0219i Gavriil. Evenimentul va include o serie de activit\u0103\u021bi religioase \u0219i culturale, reunind \u00eentreaga comunitate pentru a marca aceast\u0103 zi plin\u0103 de tradi\u021bie \u0219i s\u0103rb\u0103toare. Evenimentul va debuta la ora 08:00, cu slujba religioas\u0103 de la Biserica \u201eSfin\u021bii Arhangheli [&hellip;]<\/p>\n","protected":false},"author":3,"featured_media":132914,"comment_status":"closed","ping_status":"closed","sticky":false,"template":"","format":"standard","meta":{"footnotes":""},"categories":[219],"tags":[1613,4707,4708,4709],"class_list":["post-132913","post","type-post","status-publish","format-standard","has-post-thumbnail","hentry","category-anunturi","tag-bascalia","tag-hramul-satului-bascalia","tag-program-hramul-satului-bascalia","tag-sfintii-arhangheli-mihail-si-gavriil"],"yoast_head":"<!-- This site is optimized with the Yoast SEO plugin v27.5 - https:\/\/yoast.com\/product\/yoast-seo-wordpress\/ -->\n<title>Ba\u015fcalia \u00ee\u0219i s\u0103rb\u0103tore\u0219te Hramul Satului pe 21 noiembrie. Descoper\u0103 programul evenimentului - BasTV<\/title>\n<meta name=\"description\" content=\"Pe 21 noiembrie, locuitorii satului Ba\u015fcalia vor s\u0103rb\u0103tori hramul localit\u0103\u021bii, prilejuit de s\u0103rb\u0103toarea Sfin\u021bilor Arhangheli Mihail \u0219i Gavriil. Evenimentul va include o serie de activit\u0103\u021bi religioase \u0219i culturale, reunind \u00eentreaga comunitate pentru a marca aceast\u0103 zi plin\u0103 de tradi\u021bie \u0219i s\u0103rb\u0103toare.\" \/>\n<meta name=\"robots\" content=\"index, follow, max-snippet:-1, max-image-preview:large, max-video-preview:-1\" \/>\n<link rel=\"canonical\" href=\"https:\/\/bas-tv.md\/ro\/bascalia-isi-sarbatoreste-hramul-satului-pe-21-noiembrie-descopera-programul-evenimentului\/\" \/>\n<meta property=\"og:locale\" content=\"ro_RO\" \/>\n<meta property=\"og:type\" content=\"article\" \/>\n<meta property=\"og:title\" content=\"Ba\u015fcalia \u00ee\u0219i s\u0103rb\u0103tore\u0219te Hramul Satului pe 21 noiembrie. Descoper\u0103 programul evenimentului - BasTV\" \/>\n<meta property=\"og:description\" content=\"Pe 21 noiembrie, locuitorii satului Ba\u015fcalia vor s\u0103rb\u0103tori hramul localit\u0103\u021bii, prilejuit de s\u0103rb\u0103toarea Sfin\u021bilor Arhangheli Mihail \u0219i Gavriil. Evenimentul va include o serie de activit\u0103\u021bi religioase \u0219i culturale, reunind \u00eentreaga comunitate pentru a marca aceast\u0103 zi plin\u0103 de tradi\u021bie \u0219i s\u0103rb\u0103toare.\" \/>\n<meta property=\"og:url\" content=\"https:\/\/bas-tv.md\/ro\/bascalia-isi-sarbatoreste-hramul-satului-pe-21-noiembrie-descopera-programul-evenimentului\/\" \/>\n<meta property=\"og:site_name\" content=\"BasTV\" \/>\n<meta property=\"article:published_time\" content=\"2024-11-20T06:15:12+00:00\" \/>\n<meta property=\"og:image\" content=\"https:\/\/bas-tv.md\/wp-content\/uploads\/2024\/11\/photo_2024-11-19_12-54-03.jpg\" \/>\n\t<meta property=\"og:image:width\" content=\"960\" \/>\n\t<meta property=\"og:image:height\" content=\"639\" \/>\n\t<meta property=\"og:image:type\" content=\"image\/jpeg\" \/>\n<meta name=\"author\" content=\"Redactor\" \/>\n<meta name=\"twitter:card\" content=\"summary_large_image\" \/>\n<meta name=\"twitter:label1\" content=\"Scris de\" \/>\n\t<meta name=\"twitter:data1\" content=\"Redactor\" \/>\n\t<meta name=\"twitter:label2\" content=\"Timp estimat pentru citire\" \/>\n\t<meta name=\"twitter:data2\" content=\"2 minute\" \/>\n<script type=\"application\/ld+json\" class=\"yoast-schema-graph\">{\"@context\":\"https:\\\/\\\/schema.org\",\"@graph\":[{\"@type\":\"Article\",\"@id\":\"https:\\\/\\\/bas-tv.md\\\/ro\\\/bascalia-isi-sarbatoreste-hramul-satului-pe-21-noiembrie-descopera-programul-evenimentului\\\/#article\",\"isPartOf\":{\"@id\":\"https:\\\/\\\/bas-tv.md\\\/ro\\\/bascalia-isi-sarbatoreste-hramul-satului-pe-21-noiembrie-descopera-programul-evenimentului\\\/\"},\"author\":{\"name\":\"Redactor\",\"@id\":\"https:\\\/\\\/bas-tv.md\\\/ro\\\/#\\\/schema\\\/person\\\/8740f45ea2eca1f1695284fc03529af0\"},\"headline\":\"Ba\u015fcalia \u00ee\u0219i s\u0103rb\u0103tore\u0219te Hramul Satului pe 21 noiembrie. Descoper\u0103 programul evenimentului\",\"datePublished\":\"2024-11-20T06:15:12+00:00\",\"mainEntityOfPage\":{\"@id\":\"https:\\\/\\\/bas-tv.md\\\/ro\\\/bascalia-isi-sarbatoreste-hramul-satului-pe-21-noiembrie-descopera-programul-evenimentului\\\/\"},\"wordCount\":289,\"publisher\":{\"@id\":\"https:\\\/\\\/bas-tv.md\\\/ro\\\/#organization\"},\"image\":{\"@id\":\"https:\\\/\\\/bas-tv.md\\\/ro\\\/bascalia-isi-sarbatoreste-hramul-satului-pe-21-noiembrie-descopera-programul-evenimentului\\\/#primaryimage\"},\"thumbnailUrl\":\"https:\\\/\\\/bas-tv.md\\\/wp-content\\\/uploads\\\/2024\\\/11\\\/photo_2024-11-19_12-54-03.jpg\",\"keywords\":[\"Ba\u0219calia\",\"Hramul Satului Ba\u0219calia\",\"program hramul satului Ba\u0219calia\",\"Sfin\u021bii Arhangheli Mihail \u0219i Gavriil\"],\"articleSection\":[\"Anun\u021buri\"],\"inLanguage\":\"ro-RO\"},{\"@type\":\"WebPage\",\"@id\":\"https:\\\/\\\/bas-tv.md\\\/ro\\\/bascalia-isi-sarbatoreste-hramul-satului-pe-21-noiembrie-descopera-programul-evenimentului\\\/\",\"url\":\"https:\\\/\\\/bas-tv.md\\\/ro\\\/bascalia-isi-sarbatoreste-hramul-satului-pe-21-noiembrie-descopera-programul-evenimentului\\\/\",\"name\":\"Ba\u015fcalia \u00ee\u0219i s\u0103rb\u0103tore\u0219te Hramul Satului pe 21 noiembrie. Descoper\u0103 programul evenimentului - BasTV\",\"isPartOf\":{\"@id\":\"https:\\\/\\\/bas-tv.md\\\/ro\\\/#website\"},\"primaryImageOfPage\":{\"@id\":\"https:\\\/\\\/bas-tv.md\\\/ro\\\/bascalia-isi-sarbatoreste-hramul-satului-pe-21-noiembrie-descopera-programul-evenimentului\\\/#primaryimage\"},\"image\":{\"@id\":\"https:\\\/\\\/bas-tv.md\\\/ro\\\/bascalia-isi-sarbatoreste-hramul-satului-pe-21-noiembrie-descopera-programul-evenimentului\\\/#primaryimage\"},\"thumbnailUrl\":\"https:\\\/\\\/bas-tv.md\\\/wp-content\\\/uploads\\\/2024\\\/11\\\/photo_2024-11-19_12-54-03.jpg\",\"datePublished\":\"2024-11-20T06:15:12+00:00\",\"description\":\"Pe 21 noiembrie, locuitorii satului Ba\u015fcalia vor s\u0103rb\u0103tori hramul localit\u0103\u021bii, prilejuit de s\u0103rb\u0103toarea Sfin\u021bilor Arhangheli Mihail \u0219i Gavriil. Evenimentul va include o serie de activit\u0103\u021bi religioase \u0219i culturale, reunind \u00eentreaga comunitate pentru a marca aceast\u0103 zi plin\u0103 de tradi\u021bie \u0219i s\u0103rb\u0103toare.\",\"inLanguage\":\"ro-RO\",\"potentialAction\":[{\"@type\":\"ReadAction\",\"target\":[\"https:\\\/\\\/bas-tv.md\\\/ro\\\/bascalia-isi-sarbatoreste-hramul-satului-pe-21-noiembrie-descopera-programul-evenimentului\\\/\"]}]},{\"@type\":\"ImageObject\",\"inLanguage\":\"ro-RO\",\"@id\":\"https:\\\/\\\/bas-tv.md\\\/ro\\\/bascalia-isi-sarbatoreste-hramul-satului-pe-21-noiembrie-descopera-programul-evenimentului\\\/#primaryimage\",\"url\":\"https:\\\/\\\/bas-tv.md\\\/wp-content\\\/uploads\\\/2024\\\/11\\\/photo_2024-11-19_12-54-03.jpg\",\"contentUrl\":\"https:\\\/\\\/bas-tv.md\\\/wp-content\\\/uploads\\\/2024\\\/11\\\/photo_2024-11-19_12-54-03.jpg\",\"width\":960,\"height\":639},{\"@type\":\"WebSite\",\"@id\":\"https:\\\/\\\/bas-tv.md\\\/ro\\\/#website\",\"url\":\"https:\\\/\\\/bas-tv.md\\\/ro\\\/\",\"name\":\"BasTV\",\"description\":\"Moldova\",\"publisher\":{\"@id\":\"https:\\\/\\\/bas-tv.md\\\/ro\\\/#organization\"},\"potentialAction\":[{\"@type\":\"SearchAction\",\"target\":{\"@type\":\"EntryPoint\",\"urlTemplate\":\"https:\\\/\\\/bas-tv.md\\\/ro\\\/?s={search_term_string}\"},\"query-input\":{\"@type\":\"PropertyValueSpecification\",\"valueRequired\":true,\"valueName\":\"search_term_string\"}}],\"inLanguage\":\"ro-RO\"},{\"@type\":\"Organization\",\"@id\":\"https:\\\/\\\/bas-tv.md\\\/ro\\\/#organization\",\"name\":\"BasTV\",\"url\":\"https:\\\/\\\/bas-tv.md\\\/ro\\\/\",\"logo\":{\"@type\":\"ImageObject\",\"inLanguage\":\"ro-RO\",\"@id\":\"https:\\\/\\\/bas-tv.md\\\/ro\\\/#\\\/schema\\\/logo\\\/image\\\/\",\"url\":\"https:\\\/\\\/bas-tv.md\\\/wp-content\\\/uploads\\\/2023\\\/05\\\/bas-tv-culoarea-rosie.png\",\"contentUrl\":\"https:\\\/\\\/bas-tv.md\\\/wp-content\\\/uploads\\\/2023\\\/05\\\/bas-tv-culoarea-rosie.png\",\"width\":202,\"height\":50,\"caption\":\"BasTV\"},\"image\":{\"@id\":\"https:\\\/\\\/bas-tv.md\\\/ro\\\/#\\\/schema\\\/logo\\\/image\\\/\"}},{\"@type\":\"Person\",\"@id\":\"https:\\\/\\\/bas-tv.md\\\/ro\\\/#\\\/schema\\\/person\\\/8740f45ea2eca1f1695284fc03529af0\",\"name\":\"Redactor\",\"image\":{\"@type\":\"ImageObject\",\"inLanguage\":\"ro-RO\",\"@id\":\"https:\\\/\\\/bas-tv.md\\\/wp-content\\\/litespeed\\\/avatar\\\/91c0586f3f6f4396a4ec1287c965eeeb.jpg?ver=1776950945\",\"url\":\"https:\\\/\\\/bas-tv.md\\\/wp-content\\\/litespeed\\\/avatar\\\/91c0586f3f6f4396a4ec1287c965eeeb.jpg?ver=1776950945\",\"contentUrl\":\"https:\\\/\\\/bas-tv.md\\\/wp-content\\\/litespeed\\\/avatar\\\/91c0586f3f6f4396a4ec1287c965eeeb.jpg?ver=1776950945\",\"caption\":\"Redactor\"},\"url\":\"https:\\\/\\\/bas-tv.md\\\/ro\\\/author\\\/redactor\\\/\"}]}<\/script>\n<!-- \/ Yoast SEO plugin. -->","yoast_head_json":{"title":"Ba\u015fcalia \u00ee\u0219i s\u0103rb\u0103tore\u0219te Hramul Satului pe 21 noiembrie. Descoper\u0103 programul evenimentului - BasTV","description":"Pe 21 noiembrie, locuitorii satului Ba\u015fcalia vor s\u0103rb\u0103tori hramul localit\u0103\u021bii, prilejuit de s\u0103rb\u0103toarea Sfin\u021bilor Arhangheli Mihail \u0219i Gavriil. Evenimentul va include o serie de activit\u0103\u021bi religioase \u0219i culturale, reunind \u00eentreaga comunitate pentru a marca aceast\u0103 zi plin\u0103 de tradi\u021bie \u0219i s\u0103rb\u0103toare.","robots":{"index":"index","follow":"follow","max-snippet":"max-snippet:-1","max-image-preview":"max-image-preview:large","max-video-preview":"max-video-preview:-1"},"canonical":"https:\/\/bas-tv.md\/ro\/bascalia-isi-sarbatoreste-hramul-satului-pe-21-noiembrie-descopera-programul-evenimentului\/","og_locale":"ro_RO","og_type":"article","og_title":"Ba\u015fcalia \u00ee\u0219i s\u0103rb\u0103tore\u0219te Hramul Satului pe 21 noiembrie. Descoper\u0103 programul evenimentului - BasTV","og_description":"Pe 21 noiembrie, locuitorii satului Ba\u015fcalia vor s\u0103rb\u0103tori hramul localit\u0103\u021bii, prilejuit de s\u0103rb\u0103toarea Sfin\u021bilor Arhangheli Mihail \u0219i Gavriil. Evenimentul va include o serie de activit\u0103\u021bi religioase \u0219i culturale, reunind \u00eentreaga comunitate pentru a marca aceast\u0103 zi plin\u0103 de tradi\u021bie \u0219i s\u0103rb\u0103toare.","og_url":"https:\/\/bas-tv.md\/ro\/bascalia-isi-sarbatoreste-hramul-satului-pe-21-noiembrie-descopera-programul-evenimentului\/","og_site_name":"BasTV","article_published_time":"2024-11-20T06:15:12+00:00","og_image":[{"width":960,"height":639,"url":"https:\/\/bas-tv.md\/wp-content\/uploads\/2024\/11\/photo_2024-11-19_12-54-03.jpg","type":"image\/jpeg"}],"author":"Redactor","twitter_card":"summary_large_image","twitter_misc":{"Scris de":"Redactor","Timp estimat pentru citire":"2 minute"},"schema":{"@context":"https:\/\/schema.org","@graph":[{"@type":"Article","@id":"https:\/\/bas-tv.md\/ro\/bascalia-isi-sarbatoreste-hramul-satului-pe-21-noiembrie-descopera-programul-evenimentului\/#article","isPartOf":{"@id":"https:\/\/bas-tv.md\/ro\/bascalia-isi-sarbatoreste-hramul-satului-pe-21-noiembrie-descopera-programul-evenimentului\/"},"author":{"name":"Redactor","@id":"https:\/\/bas-tv.md\/ro\/#\/schema\/person\/8740f45ea2eca1f1695284fc03529af0"},"headline":"Ba\u015fcalia \u00ee\u0219i s\u0103rb\u0103tore\u0219te Hramul Satului pe 21 noiembrie. Descoper\u0103 programul evenimentului","datePublished":"2024-11-20T06:15:12+00:00","mainEntityOfPage":{"@id":"https:\/\/bas-tv.md\/ro\/bascalia-isi-sarbatoreste-hramul-satului-pe-21-noiembrie-descopera-programul-evenimentului\/"},"wordCount":289,"publisher":{"@id":"https:\/\/bas-tv.md\/ro\/#organization"},"image":{"@id":"https:\/\/bas-tv.md\/ro\/bascalia-isi-sarbatoreste-hramul-satului-pe-21-noiembrie-descopera-programul-evenimentului\/#primaryimage"},"thumbnailUrl":"https:\/\/bas-tv.md\/wp-content\/uploads\/2024\/11\/photo_2024-11-19_12-54-03.jpg","keywords":["Ba\u0219calia","Hramul Satului Ba\u0219calia","program hramul satului Ba\u0219calia","Sfin\u021bii Arhangheli Mihail \u0219i Gavriil"],"articleSection":["Anun\u021buri"],"inLanguage":"ro-RO"},{"@type":"WebPage","@id":"https:\/\/bas-tv.md\/ro\/bascalia-isi-sarbatoreste-hramul-satului-pe-21-noiembrie-descopera-programul-evenimentului\/","url":"https:\/\/bas-tv.md\/ro\/bascalia-isi-sarbatoreste-hramul-satului-pe-21-noiembrie-descopera-programul-evenimentului\/","name":"Ba\u015fcalia \u00ee\u0219i s\u0103rb\u0103tore\u0219te Hramul Satului pe 21 noiembrie. Descoper\u0103 programul evenimentului - BasTV","isPartOf":{"@id":"https:\/\/bas-tv.md\/ro\/#website"},"primaryImageOfPage":{"@id":"https:\/\/bas-tv.md\/ro\/bascalia-isi-sarbatoreste-hramul-satului-pe-21-noiembrie-descopera-programul-evenimentului\/#primaryimage"},"image":{"@id":"https:\/\/bas-tv.md\/ro\/bascalia-isi-sarbatoreste-hramul-satului-pe-21-noiembrie-descopera-programul-evenimentului\/#primaryimage"},"thumbnailUrl":"https:\/\/bas-tv.md\/wp-content\/uploads\/2024\/11\/photo_2024-11-19_12-54-03.jpg","datePublished":"2024-11-20T06:15:12+00:00","description":"Pe 21 noiembrie, locuitorii satului Ba\u015fcalia vor s\u0103rb\u0103tori hramul localit\u0103\u021bii, prilejuit de s\u0103rb\u0103toarea Sfin\u021bilor Arhangheli Mihail \u0219i Gavriil. Evenimentul va include o serie de activit\u0103\u021bi religioase \u0219i culturale, reunind \u00eentreaga comunitate pentru a marca aceast\u0103 zi plin\u0103 de tradi\u021bie \u0219i s\u0103rb\u0103toare.","inLanguage":"ro-RO","potentialAction":[{"@type":"ReadAction","target":["https:\/\/bas-tv.md\/ro\/bascalia-isi-sarbatoreste-hramul-satului-pe-21-noiembrie-descopera-programul-evenimentului\/"]}]},{"@type":"ImageObject","inLanguage":"ro-RO","@id":"https:\/\/bas-tv.md\/ro\/bascalia-isi-sarbatoreste-hramul-satului-pe-21-noiembrie-descopera-programul-evenimentului\/#primaryimage","url":"https:\/\/bas-tv.md\/wp-content\/uploads\/2024\/11\/photo_2024-11-19_12-54-03.jpg","contentUrl":"https:\/\/bas-tv.md\/wp-content\/uploads\/2024\/11\/photo_2024-11-19_12-54-03.jpg","width":960,"height":639},{"@type":"WebSite","@id":"https:\/\/bas-tv.md\/ro\/#website","url":"https:\/\/bas-tv.md\/ro\/","name":"BasTV","description":"Moldova","publisher":{"@id":"https:\/\/bas-tv.md\/ro\/#organization"},"potentialAction":[{"@type":"SearchAction","target":{"@type":"EntryPoint","urlTemplate":"https:\/\/bas-tv.md\/ro\/?s={search_term_string}"},"query-input":{"@type":"PropertyValueSpecification","valueRequired":true,"valueName":"search_term_string"}}],"inLanguage":"ro-RO"},{"@type":"Organization","@id":"https:\/\/bas-tv.md\/ro\/#organization","name":"BasTV","url":"https:\/\/bas-tv.md\/ro\/","logo":{"@type":"ImageObject","inLanguage":"ro-RO","@id":"https:\/\/bas-tv.md\/ro\/#\/schema\/logo\/image\/","url":"https:\/\/bas-tv.md\/wp-content\/uploads\/2023\/05\/bas-tv-culoarea-rosie.png","contentUrl":"https:\/\/bas-tv.md\/wp-content\/uploads\/2023\/05\/bas-tv-culoarea-rosie.png","width":202,"height":50,"caption":"BasTV"},"image":{"@id":"https:\/\/bas-tv.md\/ro\/#\/schema\/logo\/image\/"}},{"@type":"Person","@id":"https:\/\/bas-tv.md\/ro\/#\/schema\/person\/8740f45ea2eca1f1695284fc03529af0","name":"Redactor","image":{"@type":"ImageObject","inLanguage":"ro-RO","@id":"https:\/\/bas-tv.md\/wp-content\/litespeed\/avatar\/91c0586f3f6f4396a4ec1287c965eeeb.jpg?ver=1776950945","url":"https:\/\/bas-tv.md\/wp-content\/litespeed\/avatar\/91c0586f3f6f4396a4ec1287c965eeeb.jpg?ver=1776950945","contentUrl":"https:\/\/bas-tv.md\/wp-content\/litespeed\/avatar\/91c0586f3f6f4396a4ec1287c965eeeb.jpg?ver=1776950945","caption":"Redactor"},"url":"https:\/\/bas-tv.md\/ro\/author\/redactor\/"}]}},"views":676,"_links":{"self":[{"href":"https:\/\/bas-tv.md\/ro\/wp-json\/wp\/v2\/posts\/132913","targetHints":{"allow":["GET"]}}],"collection":[{"href":"https:\/\/bas-tv.md\/ro\/wp-json\/wp\/v2\/posts"}],"about":[{"href":"https:\/\/bas-tv.md\/ro\/wp-json\/wp\/v2\/types\/post"}],"author":[{"embeddable":true,"href":"https:\/\/bas-tv.md\/ro\/wp-json\/wp\/v2\/users\/3"}],"replies":[{"embeddable":true,"href":"https:\/\/bas-tv.md\/ro\/wp-json\/wp\/v2\/comments?post=132913"}],"version-history":[{"count":1,"href":"https:\/\/bas-tv.md\/ro\/wp-json\/wp\/v2\/posts\/132913\/revisions"}],"predecessor-version":[{"id":132945,"href":"https:\/\/bas-tv.md\/ro\/wp-json\/wp\/v2\/posts\/132913\/revisions\/132945"}],"wp:featuredmedia":[{"embeddable":true,"href":"https:\/\/bas-tv.md\/ro\/wp-json\/wp\/v2\/media\/132914"}],"wp:attachment":[{"href":"https:\/\/bas-tv.md\/ro\/wp-json\/wp\/v2\/media?parent=132913"}],"wp:term":[{"taxonomy":"category","embeddable":true,"href":"https:\/\/bas-tv.md\/ro\/wp-json\/wp\/v2\/categories?post=132913"},{"taxonomy":"post_tag","embeddable":true,"href":"https:\/\/bas-tv.md\/ro\/wp-json\/wp\/v2\/tags?post=132913"}],"curies":[{"name":"wp","href":"https:\/\/api.w.org\/{rel}","templated":true}]}}