{"id":133000,"date":"2024-11-20T16:00:31","date_gmt":"2024-11-20T14:00:31","guid":{"rendered":"https:\/\/bas-tv.md\/?p=133000"},"modified":"2024-11-20T11:52:57","modified_gmt":"2024-11-20T09:52:57","slug":"credinta-traditie-si-voie-buna-cum-se-va-sarbatori-hramul-satului-abaclia","status":"publish","type":"post","link":"https:\/\/bas-tv.md\/ro\/credinta-traditie-si-voie-buna-cum-se-va-sarbatori-hramul-satului-abaclia\/","title":{"rendered":"Credin\u021b\u0103, tradi\u021bie \u0219i voie bun\u0103: Cum se va s\u0103rb\u0103tori Hramul Satului Abaclia"},"content":{"rendered":"<p><strong>Locuitorii satului Abaclia vor marca pe 21 noiembrie Hramul Satului, o s\u0103rb\u0103toare \u00eenchinat\u0103 Sfin\u021bilor Arhangheli Mihail \u0219i Gavril, considera\u021bi ocrotitori ai sufletelor \u0219i conduc\u0103tori ai cetelor de \u00eengeri. Evenimentul cuprinde profunde semnifica\u021bii religioase \u0219i culturale, fiind o ocazie deosebit\u0103 pentru comunitate de a se reuni \u00een spiritul credin\u021bei \u0219i al tradi\u021biei.<\/strong><\/p>\n<p>S\u0103rb\u0103toarea va \u00eencepe, conform obiceiului, cu o slujb\u0103 religioas\u0103 la biserica din localitate. Cre\u0219tinii ortodoc\u0219i vor \u00een\u0103l\u021ba rug\u0103ciuni pentru s\u0103n\u0103tate, pace \u0219i bun\u0103stare, transform\u00e2nd aceast\u0103 zi \u00eentr-un moment de reflec\u021bie \u0219i recuno\u0219tin\u021b\u0103 a tuturor celor care respect\u0103 valorile cre\u0219tine.<\/p>\n<p>La ora 11:00 se va deschide \u201eT\u00e2rgul solidar,\u201d care va \u00eent\u00e2mpina vizitatorii cu o gam\u0103 variat\u0103 de produse. Printre acestea se num\u0103r\u0103 delicatese tradi\u021bionale, obiecte lucrate manual \u0219i produse locale, dar \u0219i articole aduse din Italia. T\u00e2rgul poart\u0103 numele de \u201esolidar\u201d datorit\u0103 scopului s\u0103u caritabil, majoritatea fondurilor ob\u021binute fiind destinate dona\u021biilor, dup\u0103 cum ne-a relatat Eugenia Leu, organizatoarea evenimentului.<span class=\"Apple-converted-space\">\u00a0<\/span><\/p>\n<p>Programul artistic va \u00eencepe la ora 14:00, la C\u0103minul Cultural \u0219i va aduce pe scen\u0103 ansambluri \u0219i interpre\u021bi locali de excep\u021bie. Publicul va putea urm\u0103ri evolu\u021biile Ansamblului de dans \u201eLia\u201d \u0219i ale Ansamblului folcloric \u201eAbacliencele\u201d, iar atmosfera va fi \u00eentre\u021binut\u0103 de interpre\u021bi locali talenta\u021bi, precum Anatolie Gr\u0103jdeanu, Mi\u021ba Iacob, Mihaela Merjan \u0219i Artemie Cibot\u0103reanu.<\/p>\n<p>Momentul culminant al serii, Hora Satului, va \u00eencepe la ora 17:00, al\u0103turi de Tatiana Cebot\u0103rean, Alina Dodic\u0103 \u0219i Kateryna Tab\u0103r\u0103, oaspete special al evenimentului.<\/p>\n<p>Hramul Satului reprezint\u0103 o ocazie special\u0103 pentru localnici \u0219i oaspe\u021bi de a s\u0103rb\u0103tori \u00eempreun\u0103 tradi\u021bia, credin\u021ba \u0219i valorile comunit\u0103\u021bii. Este o zi dedicat\u0103 nu doar rug\u0103ciunii \u0219i reflec\u021biei, ci \u0219i bucuriei de a petrece timp al\u0103turi de familie \u0219i cei dragi.<\/p>\n<p>Autor: Virineia Carapirea<\/p>\n<p><strong>Sus\u021bine\u021bi redac\u021bia BAStv, abona\u021bi-v\u0103 la noi pe platforma\u00a0<a href=\"https:\/\/www.patreon.com\/BAStv?fan_landing=true&amp;fbclid=IwAR3MeSDKfH4ixBydCXX9D1lhrCszhps3ID5uxuGA-Ktd4MTkZCRdlcEZkQI\">Patreon\u00a0<\/a>sau prin efectuarea contribu\u021biilor prin\u00a0<a href=\"https:\/\/www.paypal.com\/paypalme\/supportbastv\">PayPal<\/a>! Aceasta ne va ajuta s\u0103 cre\u0103m con\u021binut interesant \u0219i util pentru dvs., r\u0103m\u00e2n\u00e2nd \u00een continuare o platform\u0103 media independent\u0103.<\/strong><\/p>\n<p><b>Abona\u021bi-v\u0103 la noi pe re\u021bele sociale:\u00a0<\/b><a href=\"https:\/\/t.me\/bastvmd\"><b><i>Telegram<\/i><\/b><\/a><b>,\u00a0<\/b><a href=\"https:\/\/www.youtube.com\/channel\/UC-9005PnLnhpNM8PVSjP2dQ\/featured\"><b><i>YouTube<\/i><\/b><\/a><b>,\u00a0<\/b><a href=\"https:\/\/www.facebook.com\/bastv.md\"><b><i>Facebook<\/i><\/b><\/a>\u00a0<strong>\u0219i\u00a0<\/strong><a href=\"https:\/\/www.instagram.com\/bastv.md\/\"><b><i>Instagram<\/i><\/b><\/a><b>. Aici public\u0103m \u0219tiri pe scurt!<\/b><\/p>\n","protected":false},"excerpt":{"rendered":"<p>Locuitorii satului Abaclia vor marca pe 21 noiembrie Hramul Satului, o s\u0103rb\u0103toare \u00eenchinat\u0103 Sfin\u021bilor Arhangheli Mihail \u0219i Gavril, considera\u021bi ocrotitori ai sufletelor \u0219i conduc\u0103tori ai cetelor de \u00eengeri. Evenimentul cuprinde profunde semnifica\u021bii religioase \u0219i culturale, fiind o ocazie deosebit\u0103 pentru comunitate de a se reuni \u00een spiritul credin\u021bei \u0219i al tradi\u021biei. S\u0103rb\u0103toarea va \u00eencepe, conform [&hellip;]<\/p>\n","protected":false},"author":3,"featured_media":133001,"comment_status":"closed","ping_status":"closed","sticky":false,"template":"","format":"standard","meta":{"footnotes":""},"categories":[602,569],"tags":[],"class_list":["post-133000","post","type-post","status-publish","format-standard","has-post-thumbnail","hentry","category-actualitate","category-in-basarabeasca"],"yoast_head":"<!-- This site is optimized with the Yoast SEO plugin v27.5 - https:\/\/yoast.com\/product\/yoast-seo-wordpress\/ -->\n<title>Credin\u021b\u0103, tradi\u021bie \u0219i voie bun\u0103: Cum se va s\u0103rb\u0103tori Hramul Satului Abaclia - BasTV<\/title>\n<meta name=\"description\" content=\"Locuitorii satului Abaclia vor marca pe 21 noiembrie Hramul Satului, o s\u0103rb\u0103toare \u00eenchinat\u0103 Sfin\u021bilor Arhangheli Mihail \u0219i Gavril, considera\u021bi ocrotitori ai sufletelor \u0219i conduc\u0103tori ai cetelor de \u00eengeri. Evenimentul cuprinde profunde semnifica\u021bii religioase \u0219i culturale, fiind o ocazie deosebit\u0103 pentru comunitate de a se reuni \u00een spiritul credin\u021bei \u0219i al tradi\u021biei.\" \/>\n<meta name=\"robots\" content=\"index, follow, max-snippet:-1, max-image-preview:large, max-video-preview:-1\" \/>\n<link rel=\"canonical\" href=\"https:\/\/bas-tv.md\/ro\/credinta-traditie-si-voie-buna-cum-se-va-sarbatori-hramul-satului-abaclia\/\" \/>\n<meta property=\"og:locale\" content=\"ro_RO\" \/>\n<meta property=\"og:type\" content=\"article\" \/>\n<meta property=\"og:title\" content=\"Credin\u021b\u0103, tradi\u021bie \u0219i voie bun\u0103: Cum se va s\u0103rb\u0103tori Hramul Satului Abaclia - BasTV\" \/>\n<meta property=\"og:description\" content=\"Locuitorii satului Abaclia vor marca pe 21 noiembrie Hramul Satului, o s\u0103rb\u0103toare \u00eenchinat\u0103 Sfin\u021bilor Arhangheli Mihail \u0219i Gavril, considera\u021bi ocrotitori ai sufletelor \u0219i conduc\u0103tori ai cetelor de \u00eengeri. Evenimentul cuprinde profunde semnifica\u021bii religioase \u0219i culturale, fiind o ocazie deosebit\u0103 pentru comunitate de a se reuni \u00een spiritul credin\u021bei \u0219i al tradi\u021biei.\" \/>\n<meta property=\"og:url\" content=\"https:\/\/bas-tv.md\/ro\/credinta-traditie-si-voie-buna-cum-se-va-sarbatori-hramul-satului-abaclia\/\" \/>\n<meta property=\"og:site_name\" content=\"BasTV\" \/>\n<meta property=\"article:published_time\" content=\"2024-11-20T14:00:31+00:00\" \/>\n<meta property=\"og:image\" content=\"https:\/\/bas-tv.md\/wp-content\/uploads\/2024\/11\/photo_2024-11-20-11.44.56.jpeg\" \/>\n\t<meta property=\"og:image:width\" content=\"1024\" \/>\n\t<meta property=\"og:image:height\" content=\"683\" \/>\n\t<meta property=\"og:image:type\" content=\"image\/jpeg\" \/>\n<meta name=\"author\" content=\"Redactor\" \/>\n<meta name=\"twitter:card\" content=\"summary_large_image\" \/>\n<meta name=\"twitter:label1\" content=\"Scris de\" \/>\n\t<meta name=\"twitter:data1\" content=\"Redactor\" \/>\n\t<meta name=\"twitter:label2\" content=\"Timp estimat pentru citire\" \/>\n\t<meta name=\"twitter:data2\" content=\"2 minute\" \/>\n<script type=\"application\/ld+json\" class=\"yoast-schema-graph\">{\"@context\":\"https:\\\/\\\/schema.org\",\"@graph\":[{\"@type\":\"Article\",\"@id\":\"https:\\\/\\\/bas-tv.md\\\/ro\\\/credinta-traditie-si-voie-buna-cum-se-va-sarbatori-hramul-satului-abaclia\\\/#article\",\"isPartOf\":{\"@id\":\"https:\\\/\\\/bas-tv.md\\\/ro\\\/credinta-traditie-si-voie-buna-cum-se-va-sarbatori-hramul-satului-abaclia\\\/\"},\"author\":{\"name\":\"Redactor\",\"@id\":\"https:\\\/\\\/bas-tv.md\\\/ro\\\/#\\\/schema\\\/person\\\/8740f45ea2eca1f1695284fc03529af0\"},\"headline\":\"Credin\u021b\u0103, tradi\u021bie \u0219i voie bun\u0103: Cum se va s\u0103rb\u0103tori Hramul Satului Abaclia\",\"datePublished\":\"2024-11-20T14:00:31+00:00\",\"mainEntityOfPage\":{\"@id\":\"https:\\\/\\\/bas-tv.md\\\/ro\\\/credinta-traditie-si-voie-buna-cum-se-va-sarbatori-hramul-satului-abaclia\\\/\"},\"wordCount\":398,\"publisher\":{\"@id\":\"https:\\\/\\\/bas-tv.md\\\/ro\\\/#organization\"},\"image\":{\"@id\":\"https:\\\/\\\/bas-tv.md\\\/ro\\\/credinta-traditie-si-voie-buna-cum-se-va-sarbatori-hramul-satului-abaclia\\\/#primaryimage\"},\"thumbnailUrl\":\"https:\\\/\\\/bas-tv.md\\\/wp-content\\\/uploads\\\/2024\\\/11\\\/photo_2024-11-20-11.44.56.jpeg\",\"articleSection\":[\"Actualitate\",\"\u00cen Basarabeasca\"],\"inLanguage\":\"ro-RO\"},{\"@type\":\"WebPage\",\"@id\":\"https:\\\/\\\/bas-tv.md\\\/ro\\\/credinta-traditie-si-voie-buna-cum-se-va-sarbatori-hramul-satului-abaclia\\\/\",\"url\":\"https:\\\/\\\/bas-tv.md\\\/ro\\\/credinta-traditie-si-voie-buna-cum-se-va-sarbatori-hramul-satului-abaclia\\\/\",\"name\":\"Credin\u021b\u0103, tradi\u021bie \u0219i voie bun\u0103: Cum se va s\u0103rb\u0103tori Hramul Satului Abaclia - BasTV\",\"isPartOf\":{\"@id\":\"https:\\\/\\\/bas-tv.md\\\/ro\\\/#website\"},\"primaryImageOfPage\":{\"@id\":\"https:\\\/\\\/bas-tv.md\\\/ro\\\/credinta-traditie-si-voie-buna-cum-se-va-sarbatori-hramul-satului-abaclia\\\/#primaryimage\"},\"image\":{\"@id\":\"https:\\\/\\\/bas-tv.md\\\/ro\\\/credinta-traditie-si-voie-buna-cum-se-va-sarbatori-hramul-satului-abaclia\\\/#primaryimage\"},\"thumbnailUrl\":\"https:\\\/\\\/bas-tv.md\\\/wp-content\\\/uploads\\\/2024\\\/11\\\/photo_2024-11-20-11.44.56.jpeg\",\"datePublished\":\"2024-11-20T14:00:31+00:00\",\"description\":\"Locuitorii satului Abaclia vor marca pe 21 noiembrie Hramul Satului, o s\u0103rb\u0103toare \u00eenchinat\u0103 Sfin\u021bilor Arhangheli Mihail \u0219i Gavril, considera\u021bi ocrotitori ai sufletelor \u0219i conduc\u0103tori ai cetelor de \u00eengeri. Evenimentul cuprinde profunde semnifica\u021bii religioase \u0219i culturale, fiind o ocazie deosebit\u0103 pentru comunitate de a se reuni \u00een spiritul credin\u021bei \u0219i al tradi\u021biei.\",\"inLanguage\":\"ro-RO\",\"potentialAction\":[{\"@type\":\"ReadAction\",\"target\":[\"https:\\\/\\\/bas-tv.md\\\/ro\\\/credinta-traditie-si-voie-buna-cum-se-va-sarbatori-hramul-satului-abaclia\\\/\"]}]},{\"@type\":\"ImageObject\",\"inLanguage\":\"ro-RO\",\"@id\":\"https:\\\/\\\/bas-tv.md\\\/ro\\\/credinta-traditie-si-voie-buna-cum-se-va-sarbatori-hramul-satului-abaclia\\\/#primaryimage\",\"url\":\"https:\\\/\\\/bas-tv.md\\\/wp-content\\\/uploads\\\/2024\\\/11\\\/photo_2024-11-20-11.44.56.jpeg\",\"contentUrl\":\"https:\\\/\\\/bas-tv.md\\\/wp-content\\\/uploads\\\/2024\\\/11\\\/photo_2024-11-20-11.44.56.jpeg\",\"width\":1024,\"height\":683,\"caption\":\"Abaclia Hram\"},{\"@type\":\"WebSite\",\"@id\":\"https:\\\/\\\/bas-tv.md\\\/ro\\\/#website\",\"url\":\"https:\\\/\\\/bas-tv.md\\\/ro\\\/\",\"name\":\"BasTV\",\"description\":\"Moldova\",\"publisher\":{\"@id\":\"https:\\\/\\\/bas-tv.md\\\/ro\\\/#organization\"},\"potentialAction\":[{\"@type\":\"SearchAction\",\"target\":{\"@type\":\"EntryPoint\",\"urlTemplate\":\"https:\\\/\\\/bas-tv.md\\\/ro\\\/?s={search_term_string}\"},\"query-input\":{\"@type\":\"PropertyValueSpecification\",\"valueRequired\":true,\"valueName\":\"search_term_string\"}}],\"inLanguage\":\"ro-RO\"},{\"@type\":\"Organization\",\"@id\":\"https:\\\/\\\/bas-tv.md\\\/ro\\\/#organization\",\"name\":\"BasTV\",\"url\":\"https:\\\/\\\/bas-tv.md\\\/ro\\\/\",\"logo\":{\"@type\":\"ImageObject\",\"inLanguage\":\"ro-RO\",\"@id\":\"https:\\\/\\\/bas-tv.md\\\/ro\\\/#\\\/schema\\\/logo\\\/image\\\/\",\"url\":\"https:\\\/\\\/bas-tv.md\\\/wp-content\\\/uploads\\\/2023\\\/05\\\/bas-tv-culoarea-rosie.png\",\"contentUrl\":\"https:\\\/\\\/bas-tv.md\\\/wp-content\\\/uploads\\\/2023\\\/05\\\/bas-tv-culoarea-rosie.png\",\"width\":202,\"height\":50,\"caption\":\"BasTV\"},\"image\":{\"@id\":\"https:\\\/\\\/bas-tv.md\\\/ro\\\/#\\\/schema\\\/logo\\\/image\\\/\"}},{\"@type\":\"Person\",\"@id\":\"https:\\\/\\\/bas-tv.md\\\/ro\\\/#\\\/schema\\\/person\\\/8740f45ea2eca1f1695284fc03529af0\",\"name\":\"Redactor\",\"image\":{\"@type\":\"ImageObject\",\"inLanguage\":\"ro-RO\",\"@id\":\"https:\\\/\\\/bas-tv.md\\\/wp-content\\\/litespeed\\\/avatar\\\/91c0586f3f6f4396a4ec1287c965eeeb.jpg?ver=1776950945\",\"url\":\"https:\\\/\\\/bas-tv.md\\\/wp-content\\\/litespeed\\\/avatar\\\/91c0586f3f6f4396a4ec1287c965eeeb.jpg?ver=1776950945\",\"contentUrl\":\"https:\\\/\\\/bas-tv.md\\\/wp-content\\\/litespeed\\\/avatar\\\/91c0586f3f6f4396a4ec1287c965eeeb.jpg?ver=1776950945\",\"caption\":\"Redactor\"},\"url\":\"https:\\\/\\\/bas-tv.md\\\/ro\\\/author\\\/redactor\\\/\"}]}<\/script>\n<!-- \/ Yoast SEO plugin. -->","yoast_head_json":{"title":"Credin\u021b\u0103, tradi\u021bie \u0219i voie bun\u0103: Cum se va s\u0103rb\u0103tori Hramul Satului Abaclia - BasTV","description":"Locuitorii satului Abaclia vor marca pe 21 noiembrie Hramul Satului, o s\u0103rb\u0103toare \u00eenchinat\u0103 Sfin\u021bilor Arhangheli Mihail \u0219i Gavril, considera\u021bi ocrotitori ai sufletelor \u0219i conduc\u0103tori ai cetelor de \u00eengeri. Evenimentul cuprinde profunde semnifica\u021bii religioase \u0219i culturale, fiind o ocazie deosebit\u0103 pentru comunitate de a se reuni \u00een spiritul credin\u021bei \u0219i al tradi\u021biei.","robots":{"index":"index","follow":"follow","max-snippet":"max-snippet:-1","max-image-preview":"max-image-preview:large","max-video-preview":"max-video-preview:-1"},"canonical":"https:\/\/bas-tv.md\/ro\/credinta-traditie-si-voie-buna-cum-se-va-sarbatori-hramul-satului-abaclia\/","og_locale":"ro_RO","og_type":"article","og_title":"Credin\u021b\u0103, tradi\u021bie \u0219i voie bun\u0103: Cum se va s\u0103rb\u0103tori Hramul Satului Abaclia - BasTV","og_description":"Locuitorii satului Abaclia vor marca pe 21 noiembrie Hramul Satului, o s\u0103rb\u0103toare \u00eenchinat\u0103 Sfin\u021bilor Arhangheli Mihail \u0219i Gavril, considera\u021bi ocrotitori ai sufletelor \u0219i conduc\u0103tori ai cetelor de \u00eengeri. Evenimentul cuprinde profunde semnifica\u021bii religioase \u0219i culturale, fiind o ocazie deosebit\u0103 pentru comunitate de a se reuni \u00een spiritul credin\u021bei \u0219i al tradi\u021biei.","og_url":"https:\/\/bas-tv.md\/ro\/credinta-traditie-si-voie-buna-cum-se-va-sarbatori-hramul-satului-abaclia\/","og_site_name":"BasTV","article_published_time":"2024-11-20T14:00:31+00:00","og_image":[{"width":1024,"height":683,"url":"https:\/\/bas-tv.md\/wp-content\/uploads\/2024\/11\/photo_2024-11-20-11.44.56.jpeg","type":"image\/jpeg"}],"author":"Redactor","twitter_card":"summary_large_image","twitter_misc":{"Scris de":"Redactor","Timp estimat pentru citire":"2 minute"},"schema":{"@context":"https:\/\/schema.org","@graph":[{"@type":"Article","@id":"https:\/\/bas-tv.md\/ro\/credinta-traditie-si-voie-buna-cum-se-va-sarbatori-hramul-satului-abaclia\/#article","isPartOf":{"@id":"https:\/\/bas-tv.md\/ro\/credinta-traditie-si-voie-buna-cum-se-va-sarbatori-hramul-satului-abaclia\/"},"author":{"name":"Redactor","@id":"https:\/\/bas-tv.md\/ro\/#\/schema\/person\/8740f45ea2eca1f1695284fc03529af0"},"headline":"Credin\u021b\u0103, tradi\u021bie \u0219i voie bun\u0103: Cum se va s\u0103rb\u0103tori Hramul Satului Abaclia","datePublished":"2024-11-20T14:00:31+00:00","mainEntityOfPage":{"@id":"https:\/\/bas-tv.md\/ro\/credinta-traditie-si-voie-buna-cum-se-va-sarbatori-hramul-satului-abaclia\/"},"wordCount":398,"publisher":{"@id":"https:\/\/bas-tv.md\/ro\/#organization"},"image":{"@id":"https:\/\/bas-tv.md\/ro\/credinta-traditie-si-voie-buna-cum-se-va-sarbatori-hramul-satului-abaclia\/#primaryimage"},"thumbnailUrl":"https:\/\/bas-tv.md\/wp-content\/uploads\/2024\/11\/photo_2024-11-20-11.44.56.jpeg","articleSection":["Actualitate","\u00cen Basarabeasca"],"inLanguage":"ro-RO"},{"@type":"WebPage","@id":"https:\/\/bas-tv.md\/ro\/credinta-traditie-si-voie-buna-cum-se-va-sarbatori-hramul-satului-abaclia\/","url":"https:\/\/bas-tv.md\/ro\/credinta-traditie-si-voie-buna-cum-se-va-sarbatori-hramul-satului-abaclia\/","name":"Credin\u021b\u0103, tradi\u021bie \u0219i voie bun\u0103: Cum se va s\u0103rb\u0103tori Hramul Satului Abaclia - BasTV","isPartOf":{"@id":"https:\/\/bas-tv.md\/ro\/#website"},"primaryImageOfPage":{"@id":"https:\/\/bas-tv.md\/ro\/credinta-traditie-si-voie-buna-cum-se-va-sarbatori-hramul-satului-abaclia\/#primaryimage"},"image":{"@id":"https:\/\/bas-tv.md\/ro\/credinta-traditie-si-voie-buna-cum-se-va-sarbatori-hramul-satului-abaclia\/#primaryimage"},"thumbnailUrl":"https:\/\/bas-tv.md\/wp-content\/uploads\/2024\/11\/photo_2024-11-20-11.44.56.jpeg","datePublished":"2024-11-20T14:00:31+00:00","description":"Locuitorii satului Abaclia vor marca pe 21 noiembrie Hramul Satului, o s\u0103rb\u0103toare \u00eenchinat\u0103 Sfin\u021bilor Arhangheli Mihail \u0219i Gavril, considera\u021bi ocrotitori ai sufletelor \u0219i conduc\u0103tori ai cetelor de \u00eengeri. Evenimentul cuprinde profunde semnifica\u021bii religioase \u0219i culturale, fiind o ocazie deosebit\u0103 pentru comunitate de a se reuni \u00een spiritul credin\u021bei \u0219i al tradi\u021biei.","inLanguage":"ro-RO","potentialAction":[{"@type":"ReadAction","target":["https:\/\/bas-tv.md\/ro\/credinta-traditie-si-voie-buna-cum-se-va-sarbatori-hramul-satului-abaclia\/"]}]},{"@type":"ImageObject","inLanguage":"ro-RO","@id":"https:\/\/bas-tv.md\/ro\/credinta-traditie-si-voie-buna-cum-se-va-sarbatori-hramul-satului-abaclia\/#primaryimage","url":"https:\/\/bas-tv.md\/wp-content\/uploads\/2024\/11\/photo_2024-11-20-11.44.56.jpeg","contentUrl":"https:\/\/bas-tv.md\/wp-content\/uploads\/2024\/11\/photo_2024-11-20-11.44.56.jpeg","width":1024,"height":683,"caption":"Abaclia Hram"},{"@type":"WebSite","@id":"https:\/\/bas-tv.md\/ro\/#website","url":"https:\/\/bas-tv.md\/ro\/","name":"BasTV","description":"Moldova","publisher":{"@id":"https:\/\/bas-tv.md\/ro\/#organization"},"potentialAction":[{"@type":"SearchAction","target":{"@type":"EntryPoint","urlTemplate":"https:\/\/bas-tv.md\/ro\/?s={search_term_string}"},"query-input":{"@type":"PropertyValueSpecification","valueRequired":true,"valueName":"search_term_string"}}],"inLanguage":"ro-RO"},{"@type":"Organization","@id":"https:\/\/bas-tv.md\/ro\/#organization","name":"BasTV","url":"https:\/\/bas-tv.md\/ro\/","logo":{"@type":"ImageObject","inLanguage":"ro-RO","@id":"https:\/\/bas-tv.md\/ro\/#\/schema\/logo\/image\/","url":"https:\/\/bas-tv.md\/wp-content\/uploads\/2023\/05\/bas-tv-culoarea-rosie.png","contentUrl":"https:\/\/bas-tv.md\/wp-content\/uploads\/2023\/05\/bas-tv-culoarea-rosie.png","width":202,"height":50,"caption":"BasTV"},"image":{"@id":"https:\/\/bas-tv.md\/ro\/#\/schema\/logo\/image\/"}},{"@type":"Person","@id":"https:\/\/bas-tv.md\/ro\/#\/schema\/person\/8740f45ea2eca1f1695284fc03529af0","name":"Redactor","image":{"@type":"ImageObject","inLanguage":"ro-RO","@id":"https:\/\/bas-tv.md\/wp-content\/litespeed\/avatar\/91c0586f3f6f4396a4ec1287c965eeeb.jpg?ver=1776950945","url":"https:\/\/bas-tv.md\/wp-content\/litespeed\/avatar\/91c0586f3f6f4396a4ec1287c965eeeb.jpg?ver=1776950945","contentUrl":"https:\/\/bas-tv.md\/wp-content\/litespeed\/avatar\/91c0586f3f6f4396a4ec1287c965eeeb.jpg?ver=1776950945","caption":"Redactor"},"url":"https:\/\/bas-tv.md\/ro\/author\/redactor\/"}]}},"views":478,"_links":{"self":[{"href":"https:\/\/bas-tv.md\/ro\/wp-json\/wp\/v2\/posts\/133000","targetHints":{"allow":["GET"]}}],"collection":[{"href":"https:\/\/bas-tv.md\/ro\/wp-json\/wp\/v2\/posts"}],"about":[{"href":"https:\/\/bas-tv.md\/ro\/wp-json\/wp\/v2\/types\/post"}],"author":[{"embeddable":true,"href":"https:\/\/bas-tv.md\/ro\/wp-json\/wp\/v2\/users\/3"}],"replies":[{"embeddable":true,"href":"https:\/\/bas-tv.md\/ro\/wp-json\/wp\/v2\/comments?post=133000"}],"version-history":[{"count":1,"href":"https:\/\/bas-tv.md\/ro\/wp-json\/wp\/v2\/posts\/133000\/revisions"}],"predecessor-version":[{"id":133003,"href":"https:\/\/bas-tv.md\/ro\/wp-json\/wp\/v2\/posts\/133000\/revisions\/133003"}],"wp:featuredmedia":[{"embeddable":true,"href":"https:\/\/bas-tv.md\/ro\/wp-json\/wp\/v2\/media\/133001"}],"wp:attachment":[{"href":"https:\/\/bas-tv.md\/ro\/wp-json\/wp\/v2\/media?parent=133000"}],"wp:term":[{"taxonomy":"category","embeddable":true,"href":"https:\/\/bas-tv.md\/ro\/wp-json\/wp\/v2\/categories?post=133000"},{"taxonomy":"post_tag","embeddable":true,"href":"https:\/\/bas-tv.md\/ro\/wp-json\/wp\/v2\/tags?post=133000"}],"curies":[{"name":"wp","href":"https:\/\/api.w.org\/{rel}","templated":true}]}}