{"id":133025,"date":"2024-11-21T09:30:49","date_gmt":"2024-11-21T07:30:49","guid":{"rendered":"https:\/\/bas-tv.md\/?p=133025"},"modified":"2024-11-21T09:46:37","modified_gmt":"2024-11-21T07:46:37","slug":"foto-maraton-de-lectura-elevii-din-basarabeasca-si-sadaclia-in-dialog-cu-scriitorii-contemporani","status":"publish","type":"post","link":"https:\/\/bas-tv.md\/ro\/foto-maraton-de-lectura-elevii-din-basarabeasca-si-sadaclia-in-dialog-cu-scriitorii-contemporani\/","title":{"rendered":"(FOTO) Maraton de lectur\u0103: Elevii din Basarabeasca \u0219i Sadaclia \u00een dialog cu scriitorii contemporani"},"content":{"rendered":"<p><strong>Recent, elevii Liceului Teoretic \u201eMatei Basarab\u201d din ora\u0219ul Basarabeasca \u015fi elevii Liceului Teoretic \u201eMihai Eminescu\u201d din Sadaclia au fost gazdele unui eveniment cultural de excep\u021bie, parte a Campaniei Na\u021bionale de Promovare a Lecturii \u201eCartea Deschis\u0103\u201d. \u00cen cadrul maratonului de lectur\u0103, elevii au avut ocazia s\u0103 interac\u021bioneze cu doi scriitori contemporani remarcabili: Moni St\u0103nil\u0103 \u0219i Alexandru Vakulovski.<\/strong><\/p>\n<p>Evenimentul a fost o invita\u021bie captivant\u0103 \u00een lumea literaturii rom\u00e2ne actuale, oferind elevilor \u0219ansa de a descoperi dezvoltarea creativ\u0103 a scriitorilor \u0219i a importan\u021bei lecturii \u00een dezvoltarea personal\u0103 \u0219i intelectual\u0103. Discu\u021bii au fost interactive, elevii au adresat \u00eentreb\u0103ri \u0219i au \u00eemp\u0103rt\u0103\u0219it impresii despre c\u0103r\u021bile celor doi autori.<\/p>\n<p>Moni St\u0103nil\u0103 \u0219i Alexandru Vakulovski au adus \u00een prim-plan ideea c\u0103 lectura este mai mult dec\u00e2t un simplu act cultural; este un fundament pentru o societate educat\u0103, responsabil\u0103 \u0219i empatic\u0103. Evenimentul a transformat ziua elevilor \u00eentr-o lec\u021bie valoroas\u0103 despre dialogul cultural \u0219i despre formarea identit\u0103\u021bii intelectuale.<\/p>\n<p>Astfel de ini\u021biative sunt esen\u021biale pentru promovarea literaturii \u0219i cultivarea unei pasiuni autentice pentru lectur\u0103, inspir\u00e2nd tinerele genera\u021bii s\u0103 exploreze universul c\u0103r\u021bilor \u0219i s\u0103 devin\u0103 parte activ\u0103 a unei lumi bazate pe cunoa\u0219tere.<\/p>\n<div id='gallery-1' class='gallery galleryid-133025 gallery-columns-1 gallery-size-full'><figure class='gallery-item'>\n\t\t\t<div class='gallery-icon landscape'>\n\t\t\t\t<a href='https:\/\/bas-tv.md\/ro\/foto-maraton-de-lectura-elevii-din-basarabeasca-si-sadaclia-in-dialog-cu-scriitorii-contemporani\/0c70ef4f-0fc8-4fc8-b517-a8cf486f9d87\/'><img fetchpriority=\"high\" decoding=\"async\" width=\"1080\" height=\"640\" src=\"https:\/\/bas-tv.md\/wp-content\/uploads\/2024\/11\/0c70ef4f-0fc8-4fc8-b517-a8cf486f9d87.jpg\" class=\"attachment-full size-full\" alt=\"\" aria-describedby=\"gallery-1-133032\" srcset=\"https:\/\/bas-tv.md\/wp-content\/uploads\/2024\/11\/0c70ef4f-0fc8-4fc8-b517-a8cf486f9d87.jpg 1080w, https:\/\/bas-tv.md\/wp-content\/uploads\/2024\/11\/0c70ef4f-0fc8-4fc8-b517-a8cf486f9d87-300x178.jpg 300w, https:\/\/bas-tv.md\/wp-content\/uploads\/2024\/11\/0c70ef4f-0fc8-4fc8-b517-a8cf486f9d87-1024x607.jpg 1024w, https:\/\/bas-tv.md\/wp-content\/uploads\/2024\/11\/0c70ef4f-0fc8-4fc8-b517-a8cf486f9d87-768x455.jpg 768w\" sizes=\"(max-width: 1080px) 100vw, 1080px\" \/><\/a>\n\t\t\t<\/div>\n\t\t\t\t<figcaption class='wp-caption-text gallery-caption' id='gallery-1-133032'>\n\t\t\t\tFoto: Facebook\/Liceul Matei Basarab Basarabeasca\n\t\t\t\t<\/figcaption><\/figure><figure class='gallery-item'>\n\t\t\t<div class='gallery-icon landscape'>\n\t\t\t\t<a href='https:\/\/bas-tv.md\/ro\/foto-maraton-de-lectura-elevii-din-basarabeasca-si-sadaclia-in-dialog-cu-scriitorii-contemporani\/9ca30ff9-ce08-4e69-96be-12e8076632c4\/'><img decoding=\"async\" width=\"1080\" height=\"634\" src=\"https:\/\/bas-tv.md\/wp-content\/uploads\/2024\/11\/9ca30ff9-ce08-4e69-96be-12e8076632c4.jpg\" class=\"attachment-full size-full\" alt=\"\" aria-describedby=\"gallery-1-133034\" srcset=\"https:\/\/bas-tv.md\/wp-content\/uploads\/2024\/11\/9ca30ff9-ce08-4e69-96be-12e8076632c4.jpg 1080w, https:\/\/bas-tv.md\/wp-content\/uploads\/2024\/11\/9ca30ff9-ce08-4e69-96be-12e8076632c4-300x176.jpg 300w, https:\/\/bas-tv.md\/wp-content\/uploads\/2024\/11\/9ca30ff9-ce08-4e69-96be-12e8076632c4-1024x601.jpg 1024w, https:\/\/bas-tv.md\/wp-content\/uploads\/2024\/11\/9ca30ff9-ce08-4e69-96be-12e8076632c4-768x451.jpg 768w\" sizes=\"(max-width: 1080px) 100vw, 1080px\" \/><\/a>\n\t\t\t<\/div>\n\t\t\t\t<figcaption class='wp-caption-text gallery-caption' id='gallery-1-133034'>\n\t\t\t\tFoto: Facebook\/Liceul Matei Basarab Basarabeasca\n\t\t\t\t<\/figcaption><\/figure><figure class='gallery-item'>\n\t\t\t<div class='gallery-icon landscape'>\n\t\t\t\t<a href='https:\/\/bas-tv.md\/ro\/foto-maraton-de-lectura-elevii-din-basarabeasca-si-sadaclia-in-dialog-cu-scriitorii-contemporani\/f66db50f-3fe1-4b1f-8545-1ceb674af5c3\/'><img decoding=\"async\" width=\"1080\" height=\"566\" src=\"https:\/\/bas-tv.md\/wp-content\/uploads\/2024\/11\/f66db50f-3fe1-4b1f-8545-1ceb674af5c3.jpg\" class=\"attachment-full size-full\" alt=\"Maraton de lectur\u0103: Elevii din Basarabeasca \u0219i Sadaclia \u00een dialog cu scriitorii contemporani\" aria-describedby=\"gallery-1-133030\" srcset=\"https:\/\/bas-tv.md\/wp-content\/uploads\/2024\/11\/f66db50f-3fe1-4b1f-8545-1ceb674af5c3.jpg 1080w, https:\/\/bas-tv.md\/wp-content\/uploads\/2024\/11\/f66db50f-3fe1-4b1f-8545-1ceb674af5c3-300x157.jpg 300w, https:\/\/bas-tv.md\/wp-content\/uploads\/2024\/11\/f66db50f-3fe1-4b1f-8545-1ceb674af5c3-1024x537.jpg 1024w, https:\/\/bas-tv.md\/wp-content\/uploads\/2024\/11\/f66db50f-3fe1-4b1f-8545-1ceb674af5c3-768x402.jpg 768w\" sizes=\"(max-width: 1080px) 100vw, 1080px\" \/><\/a>\n\t\t\t<\/div>\n\t\t\t\t<figcaption class='wp-caption-text gallery-caption' id='gallery-1-133030'>\n\t\t\t\tFoto: Facebook\/Liceul Matei Basarab Basarabeasca\n\t\t\t\t<\/figcaption><\/figure><figure class='gallery-item'>\n\t\t\t<div class='gallery-icon landscape'>\n\t\t\t\t<a href='https:\/\/bas-tv.md\/ro\/foto-maraton-de-lectura-elevii-din-basarabeasca-si-sadaclia-in-dialog-cu-scriitorii-contemporani\/2820d3f9-1643-410d-b501-78a536f8ed0c\/'><img loading=\"lazy\" decoding=\"async\" width=\"1080\" height=\"810\" src=\"https:\/\/bas-tv.md\/wp-content\/uploads\/2024\/11\/2820d3f9-1643-410d-b501-78a536f8ed0c.jpg\" class=\"attachment-full size-full\" alt=\"\" aria-describedby=\"gallery-1-133036\" srcset=\"https:\/\/bas-tv.md\/wp-content\/uploads\/2024\/11\/2820d3f9-1643-410d-b501-78a536f8ed0c.jpg 1080w, https:\/\/bas-tv.md\/wp-content\/uploads\/2024\/11\/2820d3f9-1643-410d-b501-78a536f8ed0c-300x225.jpg 300w, https:\/\/bas-tv.md\/wp-content\/uploads\/2024\/11\/2820d3f9-1643-410d-b501-78a536f8ed0c-1024x768.jpg 1024w, https:\/\/bas-tv.md\/wp-content\/uploads\/2024\/11\/2820d3f9-1643-410d-b501-78a536f8ed0c-768x576.jpg 768w\" sizes=\"(max-width: 1080px) 100vw, 1080px\" \/><\/a>\n\t\t\t<\/div>\n\t\t\t\t<figcaption class='wp-caption-text gallery-caption' id='gallery-1-133036'>\n\t\t\t\tFoto: Facebook\/Liceul Matei Basarab Basarabeasca\n\t\t\t\t<\/figcaption><\/figure><figure class='gallery-item'>\n\t\t\t<div class='gallery-icon landscape'>\n\t\t\t\t<a href='https:\/\/bas-tv.md\/ro\/foto-maraton-de-lectura-elevii-din-basarabeasca-si-sadaclia-in-dialog-cu-scriitorii-contemporani\/564ce82f-65e9-4943-a027-7f91681d4c4c\/'><img loading=\"lazy\" decoding=\"async\" width=\"1080\" height=\"810\" src=\"https:\/\/bas-tv.md\/wp-content\/uploads\/2024\/11\/564ce82f-65e9-4943-a027-7f91681d4c4c.jpg\" class=\"attachment-full size-full\" alt=\"\" aria-describedby=\"gallery-1-133038\" srcset=\"https:\/\/bas-tv.md\/wp-content\/uploads\/2024\/11\/564ce82f-65e9-4943-a027-7f91681d4c4c.jpg 1080w, https:\/\/bas-tv.md\/wp-content\/uploads\/2024\/11\/564ce82f-65e9-4943-a027-7f91681d4c4c-300x225.jpg 300w, https:\/\/bas-tv.md\/wp-content\/uploads\/2024\/11\/564ce82f-65e9-4943-a027-7f91681d4c4c-1024x768.jpg 1024w, https:\/\/bas-tv.md\/wp-content\/uploads\/2024\/11\/564ce82f-65e9-4943-a027-7f91681d4c4c-768x576.jpg 768w\" sizes=\"(max-width: 1080px) 100vw, 1080px\" \/><\/a>\n\t\t\t<\/div>\n\t\t\t\t<figcaption class='wp-caption-text gallery-caption' id='gallery-1-133038'>\n\t\t\t\tFoto: Facebook\/Liceul Matei Basarab Basarabeasca\n\t\t\t\t<\/figcaption><\/figure><figure class='gallery-item'>\n\t\t\t<div class='gallery-icon portrait'>\n\t\t\t\t<a href='https:\/\/bas-tv.md\/ro\/foto-maraton-de-lectura-elevii-din-basarabeasca-si-sadaclia-in-dialog-cu-scriitorii-contemporani\/334dd152-24a2-40db-9809-32b2595cfb9e\/'><img loading=\"lazy\" decoding=\"async\" width=\"1080\" height=\"1159\" src=\"https:\/\/bas-tv.md\/wp-content\/uploads\/2024\/11\/334dd152-24a2-40db-9809-32b2595cfb9e.jpg\" class=\"attachment-full size-full\" alt=\"\" aria-describedby=\"gallery-1-133028\" srcset=\"https:\/\/bas-tv.md\/wp-content\/uploads\/2024\/11\/334dd152-24a2-40db-9809-32b2595cfb9e.jpg 1080w, https:\/\/bas-tv.md\/wp-content\/uploads\/2024\/11\/334dd152-24a2-40db-9809-32b2595cfb9e-280x300.jpg 280w, https:\/\/bas-tv.md\/wp-content\/uploads\/2024\/11\/334dd152-24a2-40db-9809-32b2595cfb9e-954x1024.jpg 954w, https:\/\/bas-tv.md\/wp-content\/uploads\/2024\/11\/334dd152-24a2-40db-9809-32b2595cfb9e-768x824.jpg 768w\" sizes=\"(max-width: 1080px) 100vw, 1080px\" \/><\/a>\n\t\t\t<\/div>\n\t\t\t\t<figcaption class='wp-caption-text gallery-caption' id='gallery-1-133028'>\n\t\t\t\tFoto: Facebook\/Liceul Matei Basarab Basarabeasca\n\t\t\t\t<\/figcaption><\/figure>\n\t\t<\/div>\n\n<p>Autoare: Ludmila Podgurschii<\/p>\n<p><strong>Sus\u021bine\u021bi redac\u021bia BAStv, abona\u021bi-v\u0103 la noi pe platforma\u00a0<a href=\"https:\/\/www.patreon.com\/BAStv?fan_landing=true&amp;fbclid=IwAR3MeSDKfH4ixBydCXX9D1lhrCszhps3ID5uxuGA-Ktd4MTkZCRdlcEZkQI\">Patreon\u00a0<\/a>sau prin efectuarea contribu\u021biilor prin\u00a0<a href=\"https:\/\/www.paypal.com\/paypalme\/supportbastv\">PayPal<\/a>! Aceasta ne va ajuta s\u0103 cre\u0103m con\u021binut interesant \u0219i util pentru dvs., r\u0103m\u00e2n\u00e2nd \u00een continuare o platform\u0103 media independent\u0103.<\/strong><\/p>\n<p><b>Abona\u021bi-v\u0103 la noi pe re\u021bele sociale:\u00a0<\/b><a href=\"https:\/\/t.me\/bastvmd\"><b><i>Telegram<\/i><\/b><\/a><b>,\u00a0<\/b><a href=\"https:\/\/www.youtube.com\/channel\/UC-9005PnLnhpNM8PVSjP2dQ\/featured\"><b><i>YouTube<\/i><\/b><\/a><b>,\u00a0<\/b><a href=\"https:\/\/www.facebook.com\/bastv.md\"><b><i>Facebook<\/i><\/b><\/a>\u00a0<strong>\u0219i\u00a0<\/strong><a href=\"https:\/\/www.instagram.com\/bastv.md\/\"><b><i>Instagram<\/i><\/b><\/a><b>. Aici public\u0103m \u0219tiri pe scurt!<\/b><\/p>\n","protected":false},"excerpt":{"rendered":"<p>Recent, elevii Liceului Teoretic \u201eMatei Basarab\u201d din ora\u0219ul Basarabeasca \u015fi elevii Liceului Teoretic \u201eMihai Eminescu\u201d din Sadaclia au fost gazdele unui eveniment cultural de excep\u021bie, parte a Campaniei Na\u021bionale de Promovare a Lecturii \u201eCartea Deschis\u0103\u201d. \u00cen cadrul maratonului de lectur\u0103, elevii au avut ocazia s\u0103 interac\u021bioneze cu doi scriitori contemporani remarcabili: Moni St\u0103nil\u0103 \u0219i Alexandru [&hellip;]<\/p>\n","protected":false},"author":3,"featured_media":133030,"comment_status":"closed","ping_status":"closed","sticky":false,"template":"","format":"standard","meta":{"footnotes":""},"categories":[602,569],"tags":[693,2246,4731,4732,4730,683,4733],"class_list":["post-133025","post","type-post","status-publish","format-standard","has-post-thumbnail","hentry","category-actualitate","category-in-basarabeasca","tag-basarabeasca-ro","tag-elevii","tag-liceului-teoretic-matei-basarab-ro","tag-liceului-teoretic-mihai-eminescu-ro","tag-maraton-de-lectura","tag-sadaclia","tag-scriitori-contemporani-ro"],"yoast_head":"<!-- This site is optimized with the Yoast SEO plugin v27.5 - https:\/\/yoast.com\/product\/yoast-seo-wordpress\/ -->\n<title>Maraton de lectur\u0103 \u00een Basarabeasca: Elevii \u0219i scriitorii \u00een dialog<\/title>\n<meta name=\"description\" content=\"Elevii au avut ocazia s\u0103 interac\u021bioneze cu doi scriitori contemporani remarcabili: Moni St\u0103nil\u0103 \u0219i Alexandru Vakulovski.\" \/>\n<meta name=\"robots\" content=\"index, follow, max-snippet:-1, max-image-preview:large, max-video-preview:-1\" \/>\n<link rel=\"canonical\" href=\"https:\/\/bas-tv.md\/ro\/foto-maraton-de-lectura-elevii-din-basarabeasca-si-sadaclia-in-dialog-cu-scriitorii-contemporani\/\" \/>\n<meta property=\"og:locale\" content=\"ro_RO\" \/>\n<meta property=\"og:type\" content=\"article\" \/>\n<meta property=\"og:title\" content=\"Maraton de lectur\u0103 \u00een Basarabeasca: Elevii \u0219i scriitorii \u00een dialog\" \/>\n<meta property=\"og:description\" content=\"Elevii au avut ocazia s\u0103 interac\u021bioneze cu doi scriitori contemporani remarcabili: Moni St\u0103nil\u0103 \u0219i Alexandru Vakulovski.\" \/>\n<meta property=\"og:url\" content=\"https:\/\/bas-tv.md\/ro\/foto-maraton-de-lectura-elevii-din-basarabeasca-si-sadaclia-in-dialog-cu-scriitorii-contemporani\/\" \/>\n<meta property=\"og:site_name\" content=\"BasTV\" \/>\n<meta property=\"article:published_time\" content=\"2024-11-21T07:30:49+00:00\" \/>\n<meta property=\"article:modified_time\" content=\"2024-11-21T07:46:37+00:00\" \/>\n<meta property=\"og:image\" content=\"https:\/\/bas-tv.md\/wp-content\/uploads\/2024\/11\/f66db50f-3fe1-4b1f-8545-1ceb674af5c3.jpg\" \/>\n\t<meta property=\"og:image:width\" content=\"1080\" \/>\n\t<meta property=\"og:image:height\" content=\"566\" \/>\n\t<meta property=\"og:image:type\" content=\"image\/jpeg\" \/>\n<meta name=\"author\" content=\"Redactor\" \/>\n<meta name=\"twitter:card\" content=\"summary_large_image\" \/>\n<meta name=\"twitter:label1\" content=\"Scris de\" \/>\n\t<meta name=\"twitter:data1\" content=\"Redactor\" \/>\n\t<meta name=\"twitter:label2\" content=\"Timp estimat pentru citire\" \/>\n\t<meta name=\"twitter:data2\" content=\"2 minute\" \/>\n<script type=\"application\/ld+json\" class=\"yoast-schema-graph\">{\"@context\":\"https:\\\/\\\/schema.org\",\"@graph\":[{\"@type\":\"Article\",\"@id\":\"https:\\\/\\\/bas-tv.md\\\/ro\\\/foto-maraton-de-lectura-elevii-din-basarabeasca-si-sadaclia-in-dialog-cu-scriitorii-contemporani\\\/#article\",\"isPartOf\":{\"@id\":\"https:\\\/\\\/bas-tv.md\\\/ro\\\/foto-maraton-de-lectura-elevii-din-basarabeasca-si-sadaclia-in-dialog-cu-scriitorii-contemporani\\\/\"},\"author\":{\"name\":\"Redactor\",\"@id\":\"https:\\\/\\\/bas-tv.md\\\/ro\\\/#\\\/schema\\\/person\\\/8740f45ea2eca1f1695284fc03529af0\"},\"headline\":\"(FOTO) Maraton de lectur\u0103: Elevii din Basarabeasca \u0219i Sadaclia \u00een dialog cu scriitorii contemporani\",\"datePublished\":\"2024-11-21T07:30:49+00:00\",\"dateModified\":\"2024-11-21T07:46:37+00:00\",\"mainEntityOfPage\":{\"@id\":\"https:\\\/\\\/bas-tv.md\\\/ro\\\/foto-maraton-de-lectura-elevii-din-basarabeasca-si-sadaclia-in-dialog-cu-scriitorii-contemporani\\\/\"},\"wordCount\":292,\"publisher\":{\"@id\":\"https:\\\/\\\/bas-tv.md\\\/ro\\\/#organization\"},\"image\":{\"@id\":\"https:\\\/\\\/bas-tv.md\\\/ro\\\/foto-maraton-de-lectura-elevii-din-basarabeasca-si-sadaclia-in-dialog-cu-scriitorii-contemporani\\\/#primaryimage\"},\"thumbnailUrl\":\"https:\\\/\\\/bas-tv.md\\\/wp-content\\\/uploads\\\/2024\\\/11\\\/f66db50f-3fe1-4b1f-8545-1ceb674af5c3.jpg\",\"keywords\":[\"Basarabeasca\",\"elevii\",\"Liceului Teoretic \u201eMatei Basarab\u201d\",\"Liceului Teoretic \u201eMihai Eminescu\u201d\",\"Maraton de lectur\u0103\",\"sadaclia\",\"scriitori contemporani\"],\"articleSection\":[\"Actualitate\",\"\u00cen Basarabeasca\"],\"inLanguage\":\"ro-RO\"},{\"@type\":\"WebPage\",\"@id\":\"https:\\\/\\\/bas-tv.md\\\/ro\\\/foto-maraton-de-lectura-elevii-din-basarabeasca-si-sadaclia-in-dialog-cu-scriitorii-contemporani\\\/\",\"url\":\"https:\\\/\\\/bas-tv.md\\\/ro\\\/foto-maraton-de-lectura-elevii-din-basarabeasca-si-sadaclia-in-dialog-cu-scriitorii-contemporani\\\/\",\"name\":\"Maraton de lectur\u0103 \u00een Basarabeasca: Elevii \u0219i scriitorii \u00een dialog\",\"isPartOf\":{\"@id\":\"https:\\\/\\\/bas-tv.md\\\/ro\\\/#website\"},\"primaryImageOfPage\":{\"@id\":\"https:\\\/\\\/bas-tv.md\\\/ro\\\/foto-maraton-de-lectura-elevii-din-basarabeasca-si-sadaclia-in-dialog-cu-scriitorii-contemporani\\\/#primaryimage\"},\"image\":{\"@id\":\"https:\\\/\\\/bas-tv.md\\\/ro\\\/foto-maraton-de-lectura-elevii-din-basarabeasca-si-sadaclia-in-dialog-cu-scriitorii-contemporani\\\/#primaryimage\"},\"thumbnailUrl\":\"https:\\\/\\\/bas-tv.md\\\/wp-content\\\/uploads\\\/2024\\\/11\\\/f66db50f-3fe1-4b1f-8545-1ceb674af5c3.jpg\",\"datePublished\":\"2024-11-21T07:30:49+00:00\",\"dateModified\":\"2024-11-21T07:46:37+00:00\",\"description\":\"Elevii au avut ocazia s\u0103 interac\u021bioneze cu doi scriitori contemporani remarcabili: Moni St\u0103nil\u0103 \u0219i Alexandru Vakulovski.\",\"inLanguage\":\"ro-RO\",\"potentialAction\":[{\"@type\":\"ReadAction\",\"target\":[\"https:\\\/\\\/bas-tv.md\\\/ro\\\/foto-maraton-de-lectura-elevii-din-basarabeasca-si-sadaclia-in-dialog-cu-scriitorii-contemporani\\\/\"]}]},{\"@type\":\"ImageObject\",\"inLanguage\":\"ro-RO\",\"@id\":\"https:\\\/\\\/bas-tv.md\\\/ro\\\/foto-maraton-de-lectura-elevii-din-basarabeasca-si-sadaclia-in-dialog-cu-scriitorii-contemporani\\\/#primaryimage\",\"url\":\"https:\\\/\\\/bas-tv.md\\\/wp-content\\\/uploads\\\/2024\\\/11\\\/f66db50f-3fe1-4b1f-8545-1ceb674af5c3.jpg\",\"contentUrl\":\"https:\\\/\\\/bas-tv.md\\\/wp-content\\\/uploads\\\/2024\\\/11\\\/f66db50f-3fe1-4b1f-8545-1ceb674af5c3.jpg\",\"width\":1080,\"height\":566,\"caption\":\"Foto: Facebook\\\/Liceul Matei Basarab Basarabeasca\"},{\"@type\":\"WebSite\",\"@id\":\"https:\\\/\\\/bas-tv.md\\\/ro\\\/#website\",\"url\":\"https:\\\/\\\/bas-tv.md\\\/ro\\\/\",\"name\":\"BasTV\",\"description\":\"Moldova\",\"publisher\":{\"@id\":\"https:\\\/\\\/bas-tv.md\\\/ro\\\/#organization\"},\"potentialAction\":[{\"@type\":\"SearchAction\",\"target\":{\"@type\":\"EntryPoint\",\"urlTemplate\":\"https:\\\/\\\/bas-tv.md\\\/ro\\\/?s={search_term_string}\"},\"query-input\":{\"@type\":\"PropertyValueSpecification\",\"valueRequired\":true,\"valueName\":\"search_term_string\"}}],\"inLanguage\":\"ro-RO\"},{\"@type\":\"Organization\",\"@id\":\"https:\\\/\\\/bas-tv.md\\\/ro\\\/#organization\",\"name\":\"BasTV\",\"url\":\"https:\\\/\\\/bas-tv.md\\\/ro\\\/\",\"logo\":{\"@type\":\"ImageObject\",\"inLanguage\":\"ro-RO\",\"@id\":\"https:\\\/\\\/bas-tv.md\\\/ro\\\/#\\\/schema\\\/logo\\\/image\\\/\",\"url\":\"https:\\\/\\\/bas-tv.md\\\/wp-content\\\/uploads\\\/2023\\\/05\\\/bas-tv-culoarea-rosie.png\",\"contentUrl\":\"https:\\\/\\\/bas-tv.md\\\/wp-content\\\/uploads\\\/2023\\\/05\\\/bas-tv-culoarea-rosie.png\",\"width\":202,\"height\":50,\"caption\":\"BasTV\"},\"image\":{\"@id\":\"https:\\\/\\\/bas-tv.md\\\/ro\\\/#\\\/schema\\\/logo\\\/image\\\/\"}},{\"@type\":\"Person\",\"@id\":\"https:\\\/\\\/bas-tv.md\\\/ro\\\/#\\\/schema\\\/person\\\/8740f45ea2eca1f1695284fc03529af0\",\"name\":\"Redactor\",\"image\":{\"@type\":\"ImageObject\",\"inLanguage\":\"ro-RO\",\"@id\":\"https:\\\/\\\/bas-tv.md\\\/wp-content\\\/litespeed\\\/avatar\\\/91c0586f3f6f4396a4ec1287c965eeeb.jpg?ver=1777555749\",\"url\":\"https:\\\/\\\/bas-tv.md\\\/wp-content\\\/litespeed\\\/avatar\\\/91c0586f3f6f4396a4ec1287c965eeeb.jpg?ver=1777555749\",\"contentUrl\":\"https:\\\/\\\/bas-tv.md\\\/wp-content\\\/litespeed\\\/avatar\\\/91c0586f3f6f4396a4ec1287c965eeeb.jpg?ver=1777555749\",\"caption\":\"Redactor\"},\"url\":\"https:\\\/\\\/bas-tv.md\\\/ro\\\/author\\\/redactor\\\/\"}]}<\/script>\n<!-- \/ Yoast SEO plugin. -->","yoast_head_json":{"title":"Maraton de lectur\u0103 \u00een Basarabeasca: Elevii \u0219i scriitorii \u00een dialog","description":"Elevii au avut ocazia s\u0103 interac\u021bioneze cu doi scriitori contemporani remarcabili: Moni St\u0103nil\u0103 \u0219i Alexandru Vakulovski.","robots":{"index":"index","follow":"follow","max-snippet":"max-snippet:-1","max-image-preview":"max-image-preview:large","max-video-preview":"max-video-preview:-1"},"canonical":"https:\/\/bas-tv.md\/ro\/foto-maraton-de-lectura-elevii-din-basarabeasca-si-sadaclia-in-dialog-cu-scriitorii-contemporani\/","og_locale":"ro_RO","og_type":"article","og_title":"Maraton de lectur\u0103 \u00een Basarabeasca: Elevii \u0219i scriitorii \u00een dialog","og_description":"Elevii au avut ocazia s\u0103 interac\u021bioneze cu doi scriitori contemporani remarcabili: Moni St\u0103nil\u0103 \u0219i Alexandru Vakulovski.","og_url":"https:\/\/bas-tv.md\/ro\/foto-maraton-de-lectura-elevii-din-basarabeasca-si-sadaclia-in-dialog-cu-scriitorii-contemporani\/","og_site_name":"BasTV","article_published_time":"2024-11-21T07:30:49+00:00","article_modified_time":"2024-11-21T07:46:37+00:00","og_image":[{"width":1080,"height":566,"url":"https:\/\/bas-tv.md\/wp-content\/uploads\/2024\/11\/f66db50f-3fe1-4b1f-8545-1ceb674af5c3.jpg","type":"image\/jpeg"}],"author":"Redactor","twitter_card":"summary_large_image","twitter_misc":{"Scris de":"Redactor","Timp estimat pentru citire":"2 minute"},"schema":{"@context":"https:\/\/schema.org","@graph":[{"@type":"Article","@id":"https:\/\/bas-tv.md\/ro\/foto-maraton-de-lectura-elevii-din-basarabeasca-si-sadaclia-in-dialog-cu-scriitorii-contemporani\/#article","isPartOf":{"@id":"https:\/\/bas-tv.md\/ro\/foto-maraton-de-lectura-elevii-din-basarabeasca-si-sadaclia-in-dialog-cu-scriitorii-contemporani\/"},"author":{"name":"Redactor","@id":"https:\/\/bas-tv.md\/ro\/#\/schema\/person\/8740f45ea2eca1f1695284fc03529af0"},"headline":"(FOTO) Maraton de lectur\u0103: Elevii din Basarabeasca \u0219i Sadaclia \u00een dialog cu scriitorii contemporani","datePublished":"2024-11-21T07:30:49+00:00","dateModified":"2024-11-21T07:46:37+00:00","mainEntityOfPage":{"@id":"https:\/\/bas-tv.md\/ro\/foto-maraton-de-lectura-elevii-din-basarabeasca-si-sadaclia-in-dialog-cu-scriitorii-contemporani\/"},"wordCount":292,"publisher":{"@id":"https:\/\/bas-tv.md\/ro\/#organization"},"image":{"@id":"https:\/\/bas-tv.md\/ro\/foto-maraton-de-lectura-elevii-din-basarabeasca-si-sadaclia-in-dialog-cu-scriitorii-contemporani\/#primaryimage"},"thumbnailUrl":"https:\/\/bas-tv.md\/wp-content\/uploads\/2024\/11\/f66db50f-3fe1-4b1f-8545-1ceb674af5c3.jpg","keywords":["Basarabeasca","elevii","Liceului Teoretic \u201eMatei Basarab\u201d","Liceului Teoretic \u201eMihai Eminescu\u201d","Maraton de lectur\u0103","sadaclia","scriitori contemporani"],"articleSection":["Actualitate","\u00cen Basarabeasca"],"inLanguage":"ro-RO"},{"@type":"WebPage","@id":"https:\/\/bas-tv.md\/ro\/foto-maraton-de-lectura-elevii-din-basarabeasca-si-sadaclia-in-dialog-cu-scriitorii-contemporani\/","url":"https:\/\/bas-tv.md\/ro\/foto-maraton-de-lectura-elevii-din-basarabeasca-si-sadaclia-in-dialog-cu-scriitorii-contemporani\/","name":"Maraton de lectur\u0103 \u00een Basarabeasca: Elevii \u0219i scriitorii \u00een dialog","isPartOf":{"@id":"https:\/\/bas-tv.md\/ro\/#website"},"primaryImageOfPage":{"@id":"https:\/\/bas-tv.md\/ro\/foto-maraton-de-lectura-elevii-din-basarabeasca-si-sadaclia-in-dialog-cu-scriitorii-contemporani\/#primaryimage"},"image":{"@id":"https:\/\/bas-tv.md\/ro\/foto-maraton-de-lectura-elevii-din-basarabeasca-si-sadaclia-in-dialog-cu-scriitorii-contemporani\/#primaryimage"},"thumbnailUrl":"https:\/\/bas-tv.md\/wp-content\/uploads\/2024\/11\/f66db50f-3fe1-4b1f-8545-1ceb674af5c3.jpg","datePublished":"2024-11-21T07:30:49+00:00","dateModified":"2024-11-21T07:46:37+00:00","description":"Elevii au avut ocazia s\u0103 interac\u021bioneze cu doi scriitori contemporani remarcabili: Moni St\u0103nil\u0103 \u0219i Alexandru Vakulovski.","inLanguage":"ro-RO","potentialAction":[{"@type":"ReadAction","target":["https:\/\/bas-tv.md\/ro\/foto-maraton-de-lectura-elevii-din-basarabeasca-si-sadaclia-in-dialog-cu-scriitorii-contemporani\/"]}]},{"@type":"ImageObject","inLanguage":"ro-RO","@id":"https:\/\/bas-tv.md\/ro\/foto-maraton-de-lectura-elevii-din-basarabeasca-si-sadaclia-in-dialog-cu-scriitorii-contemporani\/#primaryimage","url":"https:\/\/bas-tv.md\/wp-content\/uploads\/2024\/11\/f66db50f-3fe1-4b1f-8545-1ceb674af5c3.jpg","contentUrl":"https:\/\/bas-tv.md\/wp-content\/uploads\/2024\/11\/f66db50f-3fe1-4b1f-8545-1ceb674af5c3.jpg","width":1080,"height":566,"caption":"Foto: Facebook\/Liceul Matei Basarab Basarabeasca"},{"@type":"WebSite","@id":"https:\/\/bas-tv.md\/ro\/#website","url":"https:\/\/bas-tv.md\/ro\/","name":"BasTV","description":"Moldova","publisher":{"@id":"https:\/\/bas-tv.md\/ro\/#organization"},"potentialAction":[{"@type":"SearchAction","target":{"@type":"EntryPoint","urlTemplate":"https:\/\/bas-tv.md\/ro\/?s={search_term_string}"},"query-input":{"@type":"PropertyValueSpecification","valueRequired":true,"valueName":"search_term_string"}}],"inLanguage":"ro-RO"},{"@type":"Organization","@id":"https:\/\/bas-tv.md\/ro\/#organization","name":"BasTV","url":"https:\/\/bas-tv.md\/ro\/","logo":{"@type":"ImageObject","inLanguage":"ro-RO","@id":"https:\/\/bas-tv.md\/ro\/#\/schema\/logo\/image\/","url":"https:\/\/bas-tv.md\/wp-content\/uploads\/2023\/05\/bas-tv-culoarea-rosie.png","contentUrl":"https:\/\/bas-tv.md\/wp-content\/uploads\/2023\/05\/bas-tv-culoarea-rosie.png","width":202,"height":50,"caption":"BasTV"},"image":{"@id":"https:\/\/bas-tv.md\/ro\/#\/schema\/logo\/image\/"}},{"@type":"Person","@id":"https:\/\/bas-tv.md\/ro\/#\/schema\/person\/8740f45ea2eca1f1695284fc03529af0","name":"Redactor","image":{"@type":"ImageObject","inLanguage":"ro-RO","@id":"https:\/\/bas-tv.md\/wp-content\/litespeed\/avatar\/91c0586f3f6f4396a4ec1287c965eeeb.jpg?ver=1777555749","url":"https:\/\/bas-tv.md\/wp-content\/litespeed\/avatar\/91c0586f3f6f4396a4ec1287c965eeeb.jpg?ver=1777555749","contentUrl":"https:\/\/bas-tv.md\/wp-content\/litespeed\/avatar\/91c0586f3f6f4396a4ec1287c965eeeb.jpg?ver=1777555749","caption":"Redactor"},"url":"https:\/\/bas-tv.md\/ro\/author\/redactor\/"}]}},"views":329,"_links":{"self":[{"href":"https:\/\/bas-tv.md\/ro\/wp-json\/wp\/v2\/posts\/133025","targetHints":{"allow":["GET"]}}],"collection":[{"href":"https:\/\/bas-tv.md\/ro\/wp-json\/wp\/v2\/posts"}],"about":[{"href":"https:\/\/bas-tv.md\/ro\/wp-json\/wp\/v2\/types\/post"}],"author":[{"embeddable":true,"href":"https:\/\/bas-tv.md\/ro\/wp-json\/wp\/v2\/users\/3"}],"replies":[{"embeddable":true,"href":"https:\/\/bas-tv.md\/ro\/wp-json\/wp\/v2\/comments?post=133025"}],"version-history":[{"count":4,"href":"https:\/\/bas-tv.md\/ro\/wp-json\/wp\/v2\/posts\/133025\/revisions"}],"predecessor-version":[{"id":133062,"href":"https:\/\/bas-tv.md\/ro\/wp-json\/wp\/v2\/posts\/133025\/revisions\/133062"}],"wp:featuredmedia":[{"embeddable":true,"href":"https:\/\/bas-tv.md\/ro\/wp-json\/wp\/v2\/media\/133030"}],"wp:attachment":[{"href":"https:\/\/bas-tv.md\/ro\/wp-json\/wp\/v2\/media?parent=133025"}],"wp:term":[{"taxonomy":"category","embeddable":true,"href":"https:\/\/bas-tv.md\/ro\/wp-json\/wp\/v2\/categories?post=133025"},{"taxonomy":"post_tag","embeddable":true,"href":"https:\/\/bas-tv.md\/ro\/wp-json\/wp\/v2\/tags?post=133025"}],"curies":[{"name":"wp","href":"https:\/\/api.w.org\/{rel}","templated":true}]}}