{"id":136131,"date":"2025-01-07T15:00:39","date_gmt":"2025-01-07T13:00:39","guid":{"rendered":"https:\/\/bas-tv.md\/?p=136131"},"modified":"2025-01-07T12:38:54","modified_gmt":"2025-01-07T10:38:54","slug":"caravana-hai-acasa-de-craciun-vine-la-cimislia","status":"publish","type":"post","link":"https:\/\/bas-tv.md\/ro\/caravana-hai-acasa-de-craciun-vine-la-cimislia\/","title":{"rendered":"Caravana \u201eHai acas\u0103 de Cr\u0103ciun\u201d vine la Cimi\u0219lia"},"content":{"rendered":"<p><strong>S\u0103rb\u0103torile de iarn\u0103 continu\u0103 la Cimi\u0219lia cu un eveniment festiv de excep\u021bie. Spectacolul \u201eHai acas\u0103 de Cr\u0103ciun\u201d va avea loc pe data de 11 ianuarie, la Casa de Cultur\u0103 Cimi\u0219lia, \u00eencep\u00e2nd cu ora 17:00.<\/strong><\/p>\n<p>Pe scen\u0103 vor evolua arti\u0219ti consacra\u021bi, precum Nelly Ciobanu, Vitalie Dani \u0219i Forma\u021bia Enigma Romilor, care vor aduce muzic\u0103, ritmuri vibrante \u0219i energie pentru a \u00eentre\u021bine spiritul de s\u0103rb\u0103toare. Acesul va fi liber pentru to\u021bi doritorii.<\/p>\n<p>Caravana \u201eHai acas\u0103 de Cr\u0103ciun\u201d este parte a unui proiect na\u021bional, ini\u021biat de Guvernul Republicii Moldova, \u00een colaborare cu IP CCA &#8222;Ginta Latina&#8221;, Consiliul Raional Cimi\u0219lia \u0219i Prim\u0103ria ora\u0219ului Cimi\u0219lia.<br \/>\nEvenimentul vine s\u0103 celebreze tradi\u021biile de iarn\u0103 \u0219i bucuria de a petrece momente speciale, al\u0103turi de familie, prieteni \u0219i oameni dragi.<\/p>\n<figure id=\"attachment_136133\" aria-describedby=\"caption-attachment-136133\" style=\"width: 580px\" class=\"wp-caption aligncenter\"><a href=\"https:\/\/bas-tv.md\/wp-content\/uploads\/2025\/01\/471258763_122129753762570816_3941057611196979641_n.jpg\"><img fetchpriority=\"high\" decoding=\"async\" class=\"wp-image-136133 size-large\" src=\"https:\/\/bas-tv.md\/wp-content\/uploads\/2025\/01\/471258763_122129753762570816_3941057611196979641_n-1024x724.jpg\" alt=\"\" width=\"580\" height=\"410\" srcset=\"https:\/\/bas-tv.md\/wp-content\/uploads\/2025\/01\/471258763_122129753762570816_3941057611196979641_n-1024x724.jpg 1024w, https:\/\/bas-tv.md\/wp-content\/uploads\/2025\/01\/471258763_122129753762570816_3941057611196979641_n-300x212.jpg 300w, https:\/\/bas-tv.md\/wp-content\/uploads\/2025\/01\/471258763_122129753762570816_3941057611196979641_n-768x543.jpg 768w, https:\/\/bas-tv.md\/wp-content\/uploads\/2025\/01\/471258763_122129753762570816_3941057611196979641_n-1536x1086.jpg 1536w, https:\/\/bas-tv.md\/wp-content\/uploads\/2025\/01\/471258763_122129753762570816_3941057611196979641_n-1200x848.jpg 1200w, https:\/\/bas-tv.md\/wp-content\/uploads\/2025\/01\/471258763_122129753762570816_3941057611196979641_n-1980x1400.jpg 1980w, https:\/\/bas-tv.md\/wp-content\/uploads\/2025\/01\/471258763_122129753762570816_3941057611196979641_n.jpg 2048w\" sizes=\"(max-width: 580px) 100vw, 580px\" \/><\/a><figcaption id=\"caption-attachment-136133\" class=\"wp-caption-text\">Sursa foto: Pagina de Facebook Sec\u021bia Cultur\u0103, Tineret \u0219i Sport Cimi\u0219lia<\/figcaption><\/figure>\n<p><b>Abona\u021bi-v\u0103 la noi pe re\u021bele sociale:\u00a0<\/b><a href=\"https:\/\/t.me\/bastvmd\"><b><i>Telegram<\/i><\/b><\/a><b>,\u00a0<\/b><a href=\"https:\/\/www.youtube.com\/channel\/UC-9005PnLnhpNM8PVSjP2dQ\/featured\"><b><i>YouTube<\/i><\/b><\/a><b>,\u00a0<\/b><a href=\"https:\/\/www.facebook.com\/bastv.md\"><b><i>Facebook<\/i><\/b><\/a>\u00a0<strong>\u0219i\u00a0<\/strong><a href=\"https:\/\/www.instagram.com\/bastv.md\/\"><b><i>Instagram<\/i><\/b><\/a><b>. Aici public\u0103m \u0219tiri pe scurt!<\/b><\/p>\n","protected":false},"excerpt":{"rendered":"<p>S\u0103rb\u0103torile de iarn\u0103 continu\u0103 la Cimi\u0219lia cu un eveniment festiv de excep\u021bie. Spectacolul \u201eHai acas\u0103 de Cr\u0103ciun\u201d va avea loc pe data de 11 ianuarie, la Casa de Cultur\u0103 Cimi\u0219lia, \u00eencep\u00e2nd cu ora 17:00. Pe scen\u0103 vor evolua arti\u0219ti consacra\u021bi, precum Nelly Ciobanu, Vitalie Dani \u0219i Forma\u021bia Enigma Romilor, care vor aduce muzic\u0103, ritmuri vibrante [&hellip;]<\/p>\n","protected":false},"author":3,"featured_media":136133,"comment_status":"closed","ping_status":"closed","sticky":false,"template":"","format":"standard","meta":{"footnotes":""},"categories":[219],"tags":[733,5090,5063,5091],"class_list":["post-136131","post","type-post","status-publish","format-standard","has-post-thumbnail","hentry","category-anunturi","tag-cimislia","tag-nelly-ciobanu","tag-sarbatori-de-iarna","tag-vitalie-dani"],"yoast_head":"<!-- This site is optimized with the Yoast SEO plugin v27.5 - https:\/\/yoast.com\/product\/yoast-seo-wordpress\/ -->\n<title>Caravana \u201eHai acas\u0103 de Cr\u0103ciun\u201d vine la Cimi\u0219lia - BasTV<\/title>\n<meta name=\"description\" content=\"S\u0103rb\u0103torile de iarn\u0103 continu\u0103 la Cimi\u0219lia cu un eveniment festiv de excep\u021bie. Spectacolul \u201eHai acas\u0103 de Cr\u0103ciun\u201d va avea loc pe data de 11 ianuarie, la Casa de Cultur\u0103 Cimi\u0219lia, \u00eencep\u00e2nd cu ora 17:00.\" \/>\n<meta name=\"robots\" content=\"index, follow, max-snippet:-1, max-image-preview:large, max-video-preview:-1\" \/>\n<link rel=\"canonical\" href=\"https:\/\/bas-tv.md\/ro\/caravana-hai-acasa-de-craciun-vine-la-cimislia\/\" \/>\n<meta property=\"og:locale\" content=\"ro_RO\" \/>\n<meta property=\"og:type\" content=\"article\" \/>\n<meta property=\"og:title\" content=\"Caravana \u201eHai acas\u0103 de Cr\u0103ciun\u201d vine la Cimi\u0219lia - BasTV\" \/>\n<meta property=\"og:description\" content=\"S\u0103rb\u0103torile de iarn\u0103 continu\u0103 la Cimi\u0219lia cu un eveniment festiv de excep\u021bie. Spectacolul \u201eHai acas\u0103 de Cr\u0103ciun\u201d va avea loc pe data de 11 ianuarie, la Casa de Cultur\u0103 Cimi\u0219lia, \u00eencep\u00e2nd cu ora 17:00.\" \/>\n<meta property=\"og:url\" content=\"https:\/\/bas-tv.md\/ro\/caravana-hai-acasa-de-craciun-vine-la-cimislia\/\" \/>\n<meta property=\"og:site_name\" content=\"BasTV\" \/>\n<meta property=\"article:published_time\" content=\"2025-01-07T13:00:39+00:00\" \/>\n<meta property=\"og:image\" content=\"https:\/\/bas-tv.md\/wp-content\/uploads\/2025\/01\/471258763_122129753762570816_3941057611196979641_n.jpg\" \/>\n\t<meta property=\"og:image:width\" content=\"2048\" \/>\n\t<meta property=\"og:image:height\" content=\"1448\" \/>\n\t<meta property=\"og:image:type\" content=\"image\/jpeg\" \/>\n<meta name=\"author\" content=\"Redactor\" \/>\n<meta name=\"twitter:card\" content=\"summary_large_image\" \/>\n<meta name=\"twitter:label1\" content=\"Scris de\" \/>\n\t<meta name=\"twitter:data1\" content=\"Redactor\" \/>\n\t<meta name=\"twitter:label2\" content=\"Timp estimat pentru citire\" \/>\n\t<meta name=\"twitter:data2\" content=\"2 minute\" \/>\n<script type=\"application\/ld+json\" class=\"yoast-schema-graph\">{\"@context\":\"https:\\\/\\\/schema.org\",\"@graph\":[{\"@type\":\"Article\",\"@id\":\"https:\\\/\\\/bas-tv.md\\\/ro\\\/caravana-hai-acasa-de-craciun-vine-la-cimislia\\\/#article\",\"isPartOf\":{\"@id\":\"https:\\\/\\\/bas-tv.md\\\/ro\\\/caravana-hai-acasa-de-craciun-vine-la-cimislia\\\/\"},\"author\":{\"name\":\"Redactor\",\"@id\":\"https:\\\/\\\/bas-tv.md\\\/ro\\\/#\\\/schema\\\/person\\\/8740f45ea2eca1f1695284fc03529af0\"},\"headline\":\"Caravana \u201eHai acas\u0103 de Cr\u0103ciun\u201d vine la Cimi\u0219lia\",\"datePublished\":\"2025-01-07T13:00:39+00:00\",\"mainEntityOfPage\":{\"@id\":\"https:\\\/\\\/bas-tv.md\\\/ro\\\/caravana-hai-acasa-de-craciun-vine-la-cimislia\\\/\"},\"wordCount\":191,\"publisher\":{\"@id\":\"https:\\\/\\\/bas-tv.md\\\/ro\\\/#organization\"},\"image\":{\"@id\":\"https:\\\/\\\/bas-tv.md\\\/ro\\\/caravana-hai-acasa-de-craciun-vine-la-cimislia\\\/#primaryimage\"},\"thumbnailUrl\":\"https:\\\/\\\/bas-tv.md\\\/wp-content\\\/uploads\\\/2025\\\/01\\\/471258763_122129753762570816_3941057611196979641_n.jpg\",\"keywords\":[\"Cimi\u0219lia\",\"Nelly Ciobanu\",\"s\u0103rb\u0103tori de iarn\u0103\",\"Vitalie Dani\"],\"articleSection\":[\"Anun\u021buri\"],\"inLanguage\":\"ro-RO\"},{\"@type\":\"WebPage\",\"@id\":\"https:\\\/\\\/bas-tv.md\\\/ro\\\/caravana-hai-acasa-de-craciun-vine-la-cimislia\\\/\",\"url\":\"https:\\\/\\\/bas-tv.md\\\/ro\\\/caravana-hai-acasa-de-craciun-vine-la-cimislia\\\/\",\"name\":\"Caravana \u201eHai acas\u0103 de Cr\u0103ciun\u201d vine la Cimi\u0219lia - BasTV\",\"isPartOf\":{\"@id\":\"https:\\\/\\\/bas-tv.md\\\/ro\\\/#website\"},\"primaryImageOfPage\":{\"@id\":\"https:\\\/\\\/bas-tv.md\\\/ro\\\/caravana-hai-acasa-de-craciun-vine-la-cimislia\\\/#primaryimage\"},\"image\":{\"@id\":\"https:\\\/\\\/bas-tv.md\\\/ro\\\/caravana-hai-acasa-de-craciun-vine-la-cimislia\\\/#primaryimage\"},\"thumbnailUrl\":\"https:\\\/\\\/bas-tv.md\\\/wp-content\\\/uploads\\\/2025\\\/01\\\/471258763_122129753762570816_3941057611196979641_n.jpg\",\"datePublished\":\"2025-01-07T13:00:39+00:00\",\"description\":\"S\u0103rb\u0103torile de iarn\u0103 continu\u0103 la Cimi\u0219lia cu un eveniment festiv de excep\u021bie. Spectacolul \u201eHai acas\u0103 de Cr\u0103ciun\u201d va avea loc pe data de 11 ianuarie, la Casa de Cultur\u0103 Cimi\u0219lia, \u00eencep\u00e2nd cu ora 17:00.\",\"inLanguage\":\"ro-RO\",\"potentialAction\":[{\"@type\":\"ReadAction\",\"target\":[\"https:\\\/\\\/bas-tv.md\\\/ro\\\/caravana-hai-acasa-de-craciun-vine-la-cimislia\\\/\"]}]},{\"@type\":\"ImageObject\",\"inLanguage\":\"ro-RO\",\"@id\":\"https:\\\/\\\/bas-tv.md\\\/ro\\\/caravana-hai-acasa-de-craciun-vine-la-cimislia\\\/#primaryimage\",\"url\":\"https:\\\/\\\/bas-tv.md\\\/wp-content\\\/uploads\\\/2025\\\/01\\\/471258763_122129753762570816_3941057611196979641_n.jpg\",\"contentUrl\":\"https:\\\/\\\/bas-tv.md\\\/wp-content\\\/uploads\\\/2025\\\/01\\\/471258763_122129753762570816_3941057611196979641_n.jpg\",\"width\":2048,\"height\":1448,\"caption\":\"Sursa foto: Pagina de Facebook Sec\u021bia Cultur\u0103, Tineret \u0219i Sport Cimi\u0219lia\"},{\"@type\":\"WebSite\",\"@id\":\"https:\\\/\\\/bas-tv.md\\\/ro\\\/#website\",\"url\":\"https:\\\/\\\/bas-tv.md\\\/ro\\\/\",\"name\":\"BasTV\",\"description\":\"Moldova\",\"publisher\":{\"@id\":\"https:\\\/\\\/bas-tv.md\\\/ro\\\/#organization\"},\"potentialAction\":[{\"@type\":\"SearchAction\",\"target\":{\"@type\":\"EntryPoint\",\"urlTemplate\":\"https:\\\/\\\/bas-tv.md\\\/ro\\\/?s={search_term_string}\"},\"query-input\":{\"@type\":\"PropertyValueSpecification\",\"valueRequired\":true,\"valueName\":\"search_term_string\"}}],\"inLanguage\":\"ro-RO\"},{\"@type\":\"Organization\",\"@id\":\"https:\\\/\\\/bas-tv.md\\\/ro\\\/#organization\",\"name\":\"BasTV\",\"url\":\"https:\\\/\\\/bas-tv.md\\\/ro\\\/\",\"logo\":{\"@type\":\"ImageObject\",\"inLanguage\":\"ro-RO\",\"@id\":\"https:\\\/\\\/bas-tv.md\\\/ro\\\/#\\\/schema\\\/logo\\\/image\\\/\",\"url\":\"https:\\\/\\\/bas-tv.md\\\/wp-content\\\/uploads\\\/2023\\\/05\\\/bas-tv-culoarea-rosie.png\",\"contentUrl\":\"https:\\\/\\\/bas-tv.md\\\/wp-content\\\/uploads\\\/2023\\\/05\\\/bas-tv-culoarea-rosie.png\",\"width\":202,\"height\":50,\"caption\":\"BasTV\"},\"image\":{\"@id\":\"https:\\\/\\\/bas-tv.md\\\/ro\\\/#\\\/schema\\\/logo\\\/image\\\/\"}},{\"@type\":\"Person\",\"@id\":\"https:\\\/\\\/bas-tv.md\\\/ro\\\/#\\\/schema\\\/person\\\/8740f45ea2eca1f1695284fc03529af0\",\"name\":\"Redactor\",\"image\":{\"@type\":\"ImageObject\",\"inLanguage\":\"ro-RO\",\"@id\":\"https:\\\/\\\/bas-tv.md\\\/wp-content\\\/litespeed\\\/avatar\\\/91c0586f3f6f4396a4ec1287c965eeeb.jpg?ver=1776950945\",\"url\":\"https:\\\/\\\/bas-tv.md\\\/wp-content\\\/litespeed\\\/avatar\\\/91c0586f3f6f4396a4ec1287c965eeeb.jpg?ver=1776950945\",\"contentUrl\":\"https:\\\/\\\/bas-tv.md\\\/wp-content\\\/litespeed\\\/avatar\\\/91c0586f3f6f4396a4ec1287c965eeeb.jpg?ver=1776950945\",\"caption\":\"Redactor\"},\"url\":\"https:\\\/\\\/bas-tv.md\\\/ro\\\/author\\\/redactor\\\/\"}]}<\/script>\n<!-- \/ Yoast SEO plugin. -->","yoast_head_json":{"title":"Caravana \u201eHai acas\u0103 de Cr\u0103ciun\u201d vine la Cimi\u0219lia - BasTV","description":"S\u0103rb\u0103torile de iarn\u0103 continu\u0103 la Cimi\u0219lia cu un eveniment festiv de excep\u021bie. Spectacolul \u201eHai acas\u0103 de Cr\u0103ciun\u201d va avea loc pe data de 11 ianuarie, la Casa de Cultur\u0103 Cimi\u0219lia, \u00eencep\u00e2nd cu ora 17:00.","robots":{"index":"index","follow":"follow","max-snippet":"max-snippet:-1","max-image-preview":"max-image-preview:large","max-video-preview":"max-video-preview:-1"},"canonical":"https:\/\/bas-tv.md\/ro\/caravana-hai-acasa-de-craciun-vine-la-cimislia\/","og_locale":"ro_RO","og_type":"article","og_title":"Caravana \u201eHai acas\u0103 de Cr\u0103ciun\u201d vine la Cimi\u0219lia - BasTV","og_description":"S\u0103rb\u0103torile de iarn\u0103 continu\u0103 la Cimi\u0219lia cu un eveniment festiv de excep\u021bie. Spectacolul \u201eHai acas\u0103 de Cr\u0103ciun\u201d va avea loc pe data de 11 ianuarie, la Casa de Cultur\u0103 Cimi\u0219lia, \u00eencep\u00e2nd cu ora 17:00.","og_url":"https:\/\/bas-tv.md\/ro\/caravana-hai-acasa-de-craciun-vine-la-cimislia\/","og_site_name":"BasTV","article_published_time":"2025-01-07T13:00:39+00:00","og_image":[{"width":2048,"height":1448,"url":"https:\/\/bas-tv.md\/wp-content\/uploads\/2025\/01\/471258763_122129753762570816_3941057611196979641_n.jpg","type":"image\/jpeg"}],"author":"Redactor","twitter_card":"summary_large_image","twitter_misc":{"Scris de":"Redactor","Timp estimat pentru citire":"2 minute"},"schema":{"@context":"https:\/\/schema.org","@graph":[{"@type":"Article","@id":"https:\/\/bas-tv.md\/ro\/caravana-hai-acasa-de-craciun-vine-la-cimislia\/#article","isPartOf":{"@id":"https:\/\/bas-tv.md\/ro\/caravana-hai-acasa-de-craciun-vine-la-cimislia\/"},"author":{"name":"Redactor","@id":"https:\/\/bas-tv.md\/ro\/#\/schema\/person\/8740f45ea2eca1f1695284fc03529af0"},"headline":"Caravana \u201eHai acas\u0103 de Cr\u0103ciun\u201d vine la Cimi\u0219lia","datePublished":"2025-01-07T13:00:39+00:00","mainEntityOfPage":{"@id":"https:\/\/bas-tv.md\/ro\/caravana-hai-acasa-de-craciun-vine-la-cimislia\/"},"wordCount":191,"publisher":{"@id":"https:\/\/bas-tv.md\/ro\/#organization"},"image":{"@id":"https:\/\/bas-tv.md\/ro\/caravana-hai-acasa-de-craciun-vine-la-cimislia\/#primaryimage"},"thumbnailUrl":"https:\/\/bas-tv.md\/wp-content\/uploads\/2025\/01\/471258763_122129753762570816_3941057611196979641_n.jpg","keywords":["Cimi\u0219lia","Nelly Ciobanu","s\u0103rb\u0103tori de iarn\u0103","Vitalie Dani"],"articleSection":["Anun\u021buri"],"inLanguage":"ro-RO"},{"@type":"WebPage","@id":"https:\/\/bas-tv.md\/ro\/caravana-hai-acasa-de-craciun-vine-la-cimislia\/","url":"https:\/\/bas-tv.md\/ro\/caravana-hai-acasa-de-craciun-vine-la-cimislia\/","name":"Caravana \u201eHai acas\u0103 de Cr\u0103ciun\u201d vine la Cimi\u0219lia - BasTV","isPartOf":{"@id":"https:\/\/bas-tv.md\/ro\/#website"},"primaryImageOfPage":{"@id":"https:\/\/bas-tv.md\/ro\/caravana-hai-acasa-de-craciun-vine-la-cimislia\/#primaryimage"},"image":{"@id":"https:\/\/bas-tv.md\/ro\/caravana-hai-acasa-de-craciun-vine-la-cimislia\/#primaryimage"},"thumbnailUrl":"https:\/\/bas-tv.md\/wp-content\/uploads\/2025\/01\/471258763_122129753762570816_3941057611196979641_n.jpg","datePublished":"2025-01-07T13:00:39+00:00","description":"S\u0103rb\u0103torile de iarn\u0103 continu\u0103 la Cimi\u0219lia cu un eveniment festiv de excep\u021bie. Spectacolul \u201eHai acas\u0103 de Cr\u0103ciun\u201d va avea loc pe data de 11 ianuarie, la Casa de Cultur\u0103 Cimi\u0219lia, \u00eencep\u00e2nd cu ora 17:00.","inLanguage":"ro-RO","potentialAction":[{"@type":"ReadAction","target":["https:\/\/bas-tv.md\/ro\/caravana-hai-acasa-de-craciun-vine-la-cimislia\/"]}]},{"@type":"ImageObject","inLanguage":"ro-RO","@id":"https:\/\/bas-tv.md\/ro\/caravana-hai-acasa-de-craciun-vine-la-cimislia\/#primaryimage","url":"https:\/\/bas-tv.md\/wp-content\/uploads\/2025\/01\/471258763_122129753762570816_3941057611196979641_n.jpg","contentUrl":"https:\/\/bas-tv.md\/wp-content\/uploads\/2025\/01\/471258763_122129753762570816_3941057611196979641_n.jpg","width":2048,"height":1448,"caption":"Sursa foto: Pagina de Facebook Sec\u021bia Cultur\u0103, Tineret \u0219i Sport Cimi\u0219lia"},{"@type":"WebSite","@id":"https:\/\/bas-tv.md\/ro\/#website","url":"https:\/\/bas-tv.md\/ro\/","name":"BasTV","description":"Moldova","publisher":{"@id":"https:\/\/bas-tv.md\/ro\/#organization"},"potentialAction":[{"@type":"SearchAction","target":{"@type":"EntryPoint","urlTemplate":"https:\/\/bas-tv.md\/ro\/?s={search_term_string}"},"query-input":{"@type":"PropertyValueSpecification","valueRequired":true,"valueName":"search_term_string"}}],"inLanguage":"ro-RO"},{"@type":"Organization","@id":"https:\/\/bas-tv.md\/ro\/#organization","name":"BasTV","url":"https:\/\/bas-tv.md\/ro\/","logo":{"@type":"ImageObject","inLanguage":"ro-RO","@id":"https:\/\/bas-tv.md\/ro\/#\/schema\/logo\/image\/","url":"https:\/\/bas-tv.md\/wp-content\/uploads\/2023\/05\/bas-tv-culoarea-rosie.png","contentUrl":"https:\/\/bas-tv.md\/wp-content\/uploads\/2023\/05\/bas-tv-culoarea-rosie.png","width":202,"height":50,"caption":"BasTV"},"image":{"@id":"https:\/\/bas-tv.md\/ro\/#\/schema\/logo\/image\/"}},{"@type":"Person","@id":"https:\/\/bas-tv.md\/ro\/#\/schema\/person\/8740f45ea2eca1f1695284fc03529af0","name":"Redactor","image":{"@type":"ImageObject","inLanguage":"ro-RO","@id":"https:\/\/bas-tv.md\/wp-content\/litespeed\/avatar\/91c0586f3f6f4396a4ec1287c965eeeb.jpg?ver=1776950945","url":"https:\/\/bas-tv.md\/wp-content\/litespeed\/avatar\/91c0586f3f6f4396a4ec1287c965eeeb.jpg?ver=1776950945","contentUrl":"https:\/\/bas-tv.md\/wp-content\/litespeed\/avatar\/91c0586f3f6f4396a4ec1287c965eeeb.jpg?ver=1776950945","caption":"Redactor"},"url":"https:\/\/bas-tv.md\/ro\/author\/redactor\/"}]}},"views":276,"_links":{"self":[{"href":"https:\/\/bas-tv.md\/ro\/wp-json\/wp\/v2\/posts\/136131","targetHints":{"allow":["GET"]}}],"collection":[{"href":"https:\/\/bas-tv.md\/ro\/wp-json\/wp\/v2\/posts"}],"about":[{"href":"https:\/\/bas-tv.md\/ro\/wp-json\/wp\/v2\/types\/post"}],"author":[{"embeddable":true,"href":"https:\/\/bas-tv.md\/ro\/wp-json\/wp\/v2\/users\/3"}],"replies":[{"embeddable":true,"href":"https:\/\/bas-tv.md\/ro\/wp-json\/wp\/v2\/comments?post=136131"}],"version-history":[{"count":1,"href":"https:\/\/bas-tv.md\/ro\/wp-json\/wp\/v2\/posts\/136131\/revisions"}],"predecessor-version":[{"id":136135,"href":"https:\/\/bas-tv.md\/ro\/wp-json\/wp\/v2\/posts\/136131\/revisions\/136135"}],"wp:featuredmedia":[{"embeddable":true,"href":"https:\/\/bas-tv.md\/ro\/wp-json\/wp\/v2\/media\/136133"}],"wp:attachment":[{"href":"https:\/\/bas-tv.md\/ro\/wp-json\/wp\/v2\/media?parent=136131"}],"wp:term":[{"taxonomy":"category","embeddable":true,"href":"https:\/\/bas-tv.md\/ro\/wp-json\/wp\/v2\/categories?post=136131"},{"taxonomy":"post_tag","embeddable":true,"href":"https:\/\/bas-tv.md\/ro\/wp-json\/wp\/v2\/tags?post=136131"}],"curies":[{"name":"wp","href":"https:\/\/api.w.org\/{rel}","templated":true}]}}