{"id":139821,"date":"2025-02-28T13:00:01","date_gmt":"2025-02-28T11:00:01","guid":{"rendered":"https:\/\/bas-tv.md\/?p=139821"},"modified":"2025-02-28T11:57:05","modified_gmt":"2025-02-28T09:57:05","slug":"festivalul-national-martisor-2025-evenimente-culturale-in-satele-abaclia-bascalia-si-sadaclia","status":"publish","type":"post","link":"https:\/\/bas-tv.md\/ro\/festivalul-national-martisor-2025-evenimente-culturale-in-satele-abaclia-bascalia-si-sadaclia\/","title":{"rendered":"Festivalul na\u021bional \u201eM\u0103r\u021bi\u0219or\u201d 2025: Evenimente culturale \u00een satele Abaclia, Ba\u0219calia \u0219i Sadaclia"},"content":{"rendered":"<p><strong>\u00cen luna martie, \u00een cadrul Festivalului \u201eM\u0103r\u021bi\u0219or\u201d, se vor organiza numeroase evenimente culturale, inclusiv concerte, spectacole de muzic\u0103 \u0219i dans, \u00een 48 de localit\u0103\u021bi din 34 de raioane.<\/strong><\/p>\n<p>\u00cen raionul Basarabeasca, C\u0103minele de cultur\u0103 din Abaclia, Ba\u0219calia \u0219i Sadaclia vor g\u0103zdui urm\u0103toarele evenimente speciale:<\/p>\n<ul>\n<li>Abaclia: 8 martie 2025, ora 13:00 \u2013 Concert sus\u021binut de Ani\u0219oara Puic\u0103<\/li>\n<li>Ba\u0219calia: 23 martie 2025, ora 14:00 \u2013 Spectacol oferit de Ansamblul \u201e\u0218tefan Vod\u0103\u201d<\/li>\n<li>Sadaclia: 23 martie 2025, ora 17:00 \u2013 Spectacol oferit de Ansamblul \u201e\u0218tefan Vod\u0103\u201d<\/li>\n<\/ul>\n<p>Aceste evenimente sunt parte a unui program cultural mai amplu, dedicat celebr\u0103rii tradi\u021biilor \u0219i culturii moldovene\u0219ti, cu scopul de a reuni comunit\u0103\u021bi \u0219i a promova arta \u0219i muzica.<\/p>\n<p>Festivalul Interna\u021bional de Muzic\u0103 \u201eM\u0103r\u021bi\u0219or\u201d 2025 se va desf\u0103\u0219ura pe parcursul \u00eentregii luni martie, sub genericul \u201ePrim\u0103vara, hai acas\u0103!\u201d. Peste 72 de evenimente culturale vor avea loc \u00een Chi\u0219in\u0103u, \u00een raioane din Republica Moldova \u0219i \u00een diaspora, consolid\u00e2nd leg\u0103tura dintre moldovenii de pretutindeni.<\/p>\n<p>\u00cen acest context, festivalul devine o adev\u0103rat\u0103 s\u0103rb\u0103toare a prim\u0103verii \u0219i a valorilor culturale na\u021bionale.<\/p>\n<p><b>Abona\u021bi-v\u0103 la noi pe re\u021bele sociale:\u00a0<\/b><a href=\"https:\/\/t.me\/bastvmd\"><b><i>Telegram<\/i><\/b><\/a><b>,\u00a0<\/b><a href=\"https:\/\/www.youtube.com\/channel\/UC-9005PnLnhpNM8PVSjP2dQ\/featured\"><b><i>YouTube<\/i><\/b><\/a><b>,\u00a0<\/b><a href=\"https:\/\/www.facebook.com\/bastv.md\"><b><i>Facebook<\/i><\/b><\/a>\u00a0<strong>\u0219i\u00a0<\/strong><a href=\"https:\/\/www.instagram.com\/bastv.md\/\"><b><i>Instagram<\/i><\/b><\/a><b>. Aici public\u0103m \u0219tiri pe scurt!<\/b><\/p>\n","protected":false},"excerpt":{"rendered":"<p>\u00cen luna martie, \u00een cadrul Festivalului \u201eM\u0103r\u021bi\u0219or\u201d, se vor organiza numeroase evenimente culturale, inclusiv concerte, spectacole de muzic\u0103 \u0219i dans, \u00een 48 de localit\u0103\u021bi din 34 de raioane. \u00cen raionul Basarabeasca, C\u0103minele de cultur\u0103 din Abaclia, Ba\u0219calia \u0219i Sadaclia vor g\u0103zdui urm\u0103toarele evenimente speciale: Abaclia: 8 martie 2025, ora 13:00 \u2013 Concert sus\u021binut de Ani\u0219oara [&hellip;]<\/p>\n","protected":false},"author":3,"featured_media":139822,"comment_status":"closed","ping_status":"closed","sticky":false,"template":"","format":"standard","meta":{"footnotes":""},"categories":[602,569],"tags":[],"class_list":["post-139821","post","type-post","status-publish","format-standard","has-post-thumbnail","hentry","category-actualitate","category-in-basarabeasca"],"yoast_head":"<!-- This site is optimized with the Yoast SEO plugin v27.5 - https:\/\/yoast.com\/product\/yoast-seo-wordpress\/ -->\n<title>Festivalul na\u021bional \u201eM\u0103r\u021bi\u0219or\u201d 2025: Evenimente culturale \u00een satele Abaclia, Ba\u0219calia \u0219i Sadaclia - BasTV<\/title>\n<meta name=\"description\" content=\"\u00cen luna martie, \u00een cadrul Festivalului \u201eM\u0103r\u021bi\u0219or\u201d, se vor organiza numeroase evenimente culturale, inclusiv concerte, spectacole de muzic\u0103 \u0219i dans, \u00een 48 de localit\u0103\u021bi din 34 de raioane.\" \/>\n<meta name=\"robots\" content=\"index, follow, max-snippet:-1, max-image-preview:large, max-video-preview:-1\" \/>\n<link rel=\"canonical\" href=\"https:\/\/bas-tv.md\/ro\/festivalul-national-martisor-2025-evenimente-culturale-in-satele-abaclia-bascalia-si-sadaclia\/\" \/>\n<meta property=\"og:locale\" content=\"ro_RO\" \/>\n<meta property=\"og:type\" content=\"article\" \/>\n<meta property=\"og:title\" content=\"Festivalul na\u021bional \u201eM\u0103r\u021bi\u0219or\u201d 2025: Evenimente culturale \u00een satele Abaclia, Ba\u0219calia \u0219i Sadaclia - BasTV\" \/>\n<meta property=\"og:description\" content=\"\u00cen luna martie, \u00een cadrul Festivalului \u201eM\u0103r\u021bi\u0219or\u201d, se vor organiza numeroase evenimente culturale, inclusiv concerte, spectacole de muzic\u0103 \u0219i dans, \u00een 48 de localit\u0103\u021bi din 34 de raioane.\" \/>\n<meta property=\"og:url\" content=\"https:\/\/bas-tv.md\/ro\/festivalul-national-martisor-2025-evenimente-culturale-in-satele-abaclia-bascalia-si-sadaclia\/\" \/>\n<meta property=\"og:site_name\" content=\"BasTV\" \/>\n<meta property=\"article:published_time\" content=\"2025-02-28T11:00:01+00:00\" \/>\n<meta property=\"og:image\" content=\"https:\/\/bas-tv.md\/wp-content\/uploads\/2025\/02\/77061161-dcd9-4a1b-b75b-430c78f960d9.jpg\" \/>\n\t<meta property=\"og:image:width\" content=\"800\" \/>\n\t<meta property=\"og:image:height\" content=\"800\" \/>\n\t<meta property=\"og:image:type\" content=\"image\/jpeg\" \/>\n<meta name=\"author\" content=\"Redactor\" \/>\n<meta name=\"twitter:card\" content=\"summary_large_image\" \/>\n<meta name=\"twitter:label1\" content=\"Scris de\" \/>\n\t<meta name=\"twitter:data1\" content=\"Redactor\" \/>\n\t<meta name=\"twitter:label2\" content=\"Timp estimat pentru citire\" \/>\n\t<meta name=\"twitter:data2\" content=\"2 minute\" \/>\n<script type=\"application\/ld+json\" class=\"yoast-schema-graph\">{\"@context\":\"https:\\\/\\\/schema.org\",\"@graph\":[{\"@type\":\"Article\",\"@id\":\"https:\\\/\\\/bas-tv.md\\\/ro\\\/festivalul-national-martisor-2025-evenimente-culturale-in-satele-abaclia-bascalia-si-sadaclia\\\/#article\",\"isPartOf\":{\"@id\":\"https:\\\/\\\/bas-tv.md\\\/ro\\\/festivalul-national-martisor-2025-evenimente-culturale-in-satele-abaclia-bascalia-si-sadaclia\\\/\"},\"author\":{\"name\":\"Redactor\",\"@id\":\"https:\\\/\\\/bas-tv.md\\\/ro\\\/#\\\/schema\\\/person\\\/8740f45ea2eca1f1695284fc03529af0\"},\"headline\":\"Festivalul na\u021bional \u201eM\u0103r\u021bi\u0219or\u201d 2025: Evenimente culturale \u00een satele Abaclia, Ba\u0219calia \u0219i Sadaclia\",\"datePublished\":\"2025-02-28T11:00:01+00:00\",\"mainEntityOfPage\":{\"@id\":\"https:\\\/\\\/bas-tv.md\\\/ro\\\/festivalul-national-martisor-2025-evenimente-culturale-in-satele-abaclia-bascalia-si-sadaclia\\\/\"},\"wordCount\":217,\"publisher\":{\"@id\":\"https:\\\/\\\/bas-tv.md\\\/ro\\\/#organization\"},\"image\":{\"@id\":\"https:\\\/\\\/bas-tv.md\\\/ro\\\/festivalul-national-martisor-2025-evenimente-culturale-in-satele-abaclia-bascalia-si-sadaclia\\\/#primaryimage\"},\"thumbnailUrl\":\"https:\\\/\\\/bas-tv.md\\\/wp-content\\\/uploads\\\/2025\\\/02\\\/77061161-dcd9-4a1b-b75b-430c78f960d9.jpg\",\"articleSection\":[\"Actualitate\",\"\u00cen Basarabeasca\"],\"inLanguage\":\"ro-RO\"},{\"@type\":\"WebPage\",\"@id\":\"https:\\\/\\\/bas-tv.md\\\/ro\\\/festivalul-national-martisor-2025-evenimente-culturale-in-satele-abaclia-bascalia-si-sadaclia\\\/\",\"url\":\"https:\\\/\\\/bas-tv.md\\\/ro\\\/festivalul-national-martisor-2025-evenimente-culturale-in-satele-abaclia-bascalia-si-sadaclia\\\/\",\"name\":\"Festivalul na\u021bional \u201eM\u0103r\u021bi\u0219or\u201d 2025: Evenimente culturale \u00een satele Abaclia, Ba\u0219calia \u0219i Sadaclia - BasTV\",\"isPartOf\":{\"@id\":\"https:\\\/\\\/bas-tv.md\\\/ro\\\/#website\"},\"primaryImageOfPage\":{\"@id\":\"https:\\\/\\\/bas-tv.md\\\/ro\\\/festivalul-national-martisor-2025-evenimente-culturale-in-satele-abaclia-bascalia-si-sadaclia\\\/#primaryimage\"},\"image\":{\"@id\":\"https:\\\/\\\/bas-tv.md\\\/ro\\\/festivalul-national-martisor-2025-evenimente-culturale-in-satele-abaclia-bascalia-si-sadaclia\\\/#primaryimage\"},\"thumbnailUrl\":\"https:\\\/\\\/bas-tv.md\\\/wp-content\\\/uploads\\\/2025\\\/02\\\/77061161-dcd9-4a1b-b75b-430c78f960d9.jpg\",\"datePublished\":\"2025-02-28T11:00:01+00:00\",\"description\":\"\u00cen luna martie, \u00een cadrul Festivalului \u201eM\u0103r\u021bi\u0219or\u201d, se vor organiza numeroase evenimente culturale, inclusiv concerte, spectacole de muzic\u0103 \u0219i dans, \u00een 48 de localit\u0103\u021bi din 34 de raioane.\",\"inLanguage\":\"ro-RO\",\"potentialAction\":[{\"@type\":\"ReadAction\",\"target\":[\"https:\\\/\\\/bas-tv.md\\\/ro\\\/festivalul-national-martisor-2025-evenimente-culturale-in-satele-abaclia-bascalia-si-sadaclia\\\/\"]}]},{\"@type\":\"ImageObject\",\"inLanguage\":\"ro-RO\",\"@id\":\"https:\\\/\\\/bas-tv.md\\\/ro\\\/festivalul-national-martisor-2025-evenimente-culturale-in-satele-abaclia-bascalia-si-sadaclia\\\/#primaryimage\",\"url\":\"https:\\\/\\\/bas-tv.md\\\/wp-content\\\/uploads\\\/2025\\\/02\\\/77061161-dcd9-4a1b-b75b-430c78f960d9.jpg\",\"contentUrl\":\"https:\\\/\\\/bas-tv.md\\\/wp-content\\\/uploads\\\/2025\\\/02\\\/77061161-dcd9-4a1b-b75b-430c78f960d9.jpg\",\"width\":800,\"height\":800,\"caption\":\"M\u0103r\u021bi\u0219or\"},{\"@type\":\"WebSite\",\"@id\":\"https:\\\/\\\/bas-tv.md\\\/ro\\\/#website\",\"url\":\"https:\\\/\\\/bas-tv.md\\\/ro\\\/\",\"name\":\"BasTV\",\"description\":\"Moldova\",\"publisher\":{\"@id\":\"https:\\\/\\\/bas-tv.md\\\/ro\\\/#organization\"},\"potentialAction\":[{\"@type\":\"SearchAction\",\"target\":{\"@type\":\"EntryPoint\",\"urlTemplate\":\"https:\\\/\\\/bas-tv.md\\\/ro\\\/?s={search_term_string}\"},\"query-input\":{\"@type\":\"PropertyValueSpecification\",\"valueRequired\":true,\"valueName\":\"search_term_string\"}}],\"inLanguage\":\"ro-RO\"},{\"@type\":\"Organization\",\"@id\":\"https:\\\/\\\/bas-tv.md\\\/ro\\\/#organization\",\"name\":\"BasTV\",\"url\":\"https:\\\/\\\/bas-tv.md\\\/ro\\\/\",\"logo\":{\"@type\":\"ImageObject\",\"inLanguage\":\"ro-RO\",\"@id\":\"https:\\\/\\\/bas-tv.md\\\/ro\\\/#\\\/schema\\\/logo\\\/image\\\/\",\"url\":\"https:\\\/\\\/bas-tv.md\\\/wp-content\\\/uploads\\\/2023\\\/05\\\/bas-tv-culoarea-rosie.png\",\"contentUrl\":\"https:\\\/\\\/bas-tv.md\\\/wp-content\\\/uploads\\\/2023\\\/05\\\/bas-tv-culoarea-rosie.png\",\"width\":202,\"height\":50,\"caption\":\"BasTV\"},\"image\":{\"@id\":\"https:\\\/\\\/bas-tv.md\\\/ro\\\/#\\\/schema\\\/logo\\\/image\\\/\"}},{\"@type\":\"Person\",\"@id\":\"https:\\\/\\\/bas-tv.md\\\/ro\\\/#\\\/schema\\\/person\\\/8740f45ea2eca1f1695284fc03529af0\",\"name\":\"Redactor\",\"image\":{\"@type\":\"ImageObject\",\"inLanguage\":\"ro-RO\",\"@id\":\"https:\\\/\\\/bas-tv.md\\\/wp-content\\\/litespeed\\\/avatar\\\/91c0586f3f6f4396a4ec1287c965eeeb.jpg?ver=1776950945\",\"url\":\"https:\\\/\\\/bas-tv.md\\\/wp-content\\\/litespeed\\\/avatar\\\/91c0586f3f6f4396a4ec1287c965eeeb.jpg?ver=1776950945\",\"contentUrl\":\"https:\\\/\\\/bas-tv.md\\\/wp-content\\\/litespeed\\\/avatar\\\/91c0586f3f6f4396a4ec1287c965eeeb.jpg?ver=1776950945\",\"caption\":\"Redactor\"},\"url\":\"https:\\\/\\\/bas-tv.md\\\/ro\\\/author\\\/redactor\\\/\"}]}<\/script>\n<!-- \/ Yoast SEO plugin. -->","yoast_head_json":{"title":"Festivalul na\u021bional \u201eM\u0103r\u021bi\u0219or\u201d 2025: Evenimente culturale \u00een satele Abaclia, Ba\u0219calia \u0219i Sadaclia - BasTV","description":"\u00cen luna martie, \u00een cadrul Festivalului \u201eM\u0103r\u021bi\u0219or\u201d, se vor organiza numeroase evenimente culturale, inclusiv concerte, spectacole de muzic\u0103 \u0219i dans, \u00een 48 de localit\u0103\u021bi din 34 de raioane.","robots":{"index":"index","follow":"follow","max-snippet":"max-snippet:-1","max-image-preview":"max-image-preview:large","max-video-preview":"max-video-preview:-1"},"canonical":"https:\/\/bas-tv.md\/ro\/festivalul-national-martisor-2025-evenimente-culturale-in-satele-abaclia-bascalia-si-sadaclia\/","og_locale":"ro_RO","og_type":"article","og_title":"Festivalul na\u021bional \u201eM\u0103r\u021bi\u0219or\u201d 2025: Evenimente culturale \u00een satele Abaclia, Ba\u0219calia \u0219i Sadaclia - BasTV","og_description":"\u00cen luna martie, \u00een cadrul Festivalului \u201eM\u0103r\u021bi\u0219or\u201d, se vor organiza numeroase evenimente culturale, inclusiv concerte, spectacole de muzic\u0103 \u0219i dans, \u00een 48 de localit\u0103\u021bi din 34 de raioane.","og_url":"https:\/\/bas-tv.md\/ro\/festivalul-national-martisor-2025-evenimente-culturale-in-satele-abaclia-bascalia-si-sadaclia\/","og_site_name":"BasTV","article_published_time":"2025-02-28T11:00:01+00:00","og_image":[{"width":800,"height":800,"url":"https:\/\/bas-tv.md\/wp-content\/uploads\/2025\/02\/77061161-dcd9-4a1b-b75b-430c78f960d9.jpg","type":"image\/jpeg"}],"author":"Redactor","twitter_card":"summary_large_image","twitter_misc":{"Scris de":"Redactor","Timp estimat pentru citire":"2 minute"},"schema":{"@context":"https:\/\/schema.org","@graph":[{"@type":"Article","@id":"https:\/\/bas-tv.md\/ro\/festivalul-national-martisor-2025-evenimente-culturale-in-satele-abaclia-bascalia-si-sadaclia\/#article","isPartOf":{"@id":"https:\/\/bas-tv.md\/ro\/festivalul-national-martisor-2025-evenimente-culturale-in-satele-abaclia-bascalia-si-sadaclia\/"},"author":{"name":"Redactor","@id":"https:\/\/bas-tv.md\/ro\/#\/schema\/person\/8740f45ea2eca1f1695284fc03529af0"},"headline":"Festivalul na\u021bional \u201eM\u0103r\u021bi\u0219or\u201d 2025: Evenimente culturale \u00een satele Abaclia, Ba\u0219calia \u0219i Sadaclia","datePublished":"2025-02-28T11:00:01+00:00","mainEntityOfPage":{"@id":"https:\/\/bas-tv.md\/ro\/festivalul-national-martisor-2025-evenimente-culturale-in-satele-abaclia-bascalia-si-sadaclia\/"},"wordCount":217,"publisher":{"@id":"https:\/\/bas-tv.md\/ro\/#organization"},"image":{"@id":"https:\/\/bas-tv.md\/ro\/festivalul-national-martisor-2025-evenimente-culturale-in-satele-abaclia-bascalia-si-sadaclia\/#primaryimage"},"thumbnailUrl":"https:\/\/bas-tv.md\/wp-content\/uploads\/2025\/02\/77061161-dcd9-4a1b-b75b-430c78f960d9.jpg","articleSection":["Actualitate","\u00cen Basarabeasca"],"inLanguage":"ro-RO"},{"@type":"WebPage","@id":"https:\/\/bas-tv.md\/ro\/festivalul-national-martisor-2025-evenimente-culturale-in-satele-abaclia-bascalia-si-sadaclia\/","url":"https:\/\/bas-tv.md\/ro\/festivalul-national-martisor-2025-evenimente-culturale-in-satele-abaclia-bascalia-si-sadaclia\/","name":"Festivalul na\u021bional \u201eM\u0103r\u021bi\u0219or\u201d 2025: Evenimente culturale \u00een satele Abaclia, Ba\u0219calia \u0219i Sadaclia - BasTV","isPartOf":{"@id":"https:\/\/bas-tv.md\/ro\/#website"},"primaryImageOfPage":{"@id":"https:\/\/bas-tv.md\/ro\/festivalul-national-martisor-2025-evenimente-culturale-in-satele-abaclia-bascalia-si-sadaclia\/#primaryimage"},"image":{"@id":"https:\/\/bas-tv.md\/ro\/festivalul-national-martisor-2025-evenimente-culturale-in-satele-abaclia-bascalia-si-sadaclia\/#primaryimage"},"thumbnailUrl":"https:\/\/bas-tv.md\/wp-content\/uploads\/2025\/02\/77061161-dcd9-4a1b-b75b-430c78f960d9.jpg","datePublished":"2025-02-28T11:00:01+00:00","description":"\u00cen luna martie, \u00een cadrul Festivalului \u201eM\u0103r\u021bi\u0219or\u201d, se vor organiza numeroase evenimente culturale, inclusiv concerte, spectacole de muzic\u0103 \u0219i dans, \u00een 48 de localit\u0103\u021bi din 34 de raioane.","inLanguage":"ro-RO","potentialAction":[{"@type":"ReadAction","target":["https:\/\/bas-tv.md\/ro\/festivalul-national-martisor-2025-evenimente-culturale-in-satele-abaclia-bascalia-si-sadaclia\/"]}]},{"@type":"ImageObject","inLanguage":"ro-RO","@id":"https:\/\/bas-tv.md\/ro\/festivalul-national-martisor-2025-evenimente-culturale-in-satele-abaclia-bascalia-si-sadaclia\/#primaryimage","url":"https:\/\/bas-tv.md\/wp-content\/uploads\/2025\/02\/77061161-dcd9-4a1b-b75b-430c78f960d9.jpg","contentUrl":"https:\/\/bas-tv.md\/wp-content\/uploads\/2025\/02\/77061161-dcd9-4a1b-b75b-430c78f960d9.jpg","width":800,"height":800,"caption":"M\u0103r\u021bi\u0219or"},{"@type":"WebSite","@id":"https:\/\/bas-tv.md\/ro\/#website","url":"https:\/\/bas-tv.md\/ro\/","name":"BasTV","description":"Moldova","publisher":{"@id":"https:\/\/bas-tv.md\/ro\/#organization"},"potentialAction":[{"@type":"SearchAction","target":{"@type":"EntryPoint","urlTemplate":"https:\/\/bas-tv.md\/ro\/?s={search_term_string}"},"query-input":{"@type":"PropertyValueSpecification","valueRequired":true,"valueName":"search_term_string"}}],"inLanguage":"ro-RO"},{"@type":"Organization","@id":"https:\/\/bas-tv.md\/ro\/#organization","name":"BasTV","url":"https:\/\/bas-tv.md\/ro\/","logo":{"@type":"ImageObject","inLanguage":"ro-RO","@id":"https:\/\/bas-tv.md\/ro\/#\/schema\/logo\/image\/","url":"https:\/\/bas-tv.md\/wp-content\/uploads\/2023\/05\/bas-tv-culoarea-rosie.png","contentUrl":"https:\/\/bas-tv.md\/wp-content\/uploads\/2023\/05\/bas-tv-culoarea-rosie.png","width":202,"height":50,"caption":"BasTV"},"image":{"@id":"https:\/\/bas-tv.md\/ro\/#\/schema\/logo\/image\/"}},{"@type":"Person","@id":"https:\/\/bas-tv.md\/ro\/#\/schema\/person\/8740f45ea2eca1f1695284fc03529af0","name":"Redactor","image":{"@type":"ImageObject","inLanguage":"ro-RO","@id":"https:\/\/bas-tv.md\/wp-content\/litespeed\/avatar\/91c0586f3f6f4396a4ec1287c965eeeb.jpg?ver=1776950945","url":"https:\/\/bas-tv.md\/wp-content\/litespeed\/avatar\/91c0586f3f6f4396a4ec1287c965eeeb.jpg?ver=1776950945","contentUrl":"https:\/\/bas-tv.md\/wp-content\/litespeed\/avatar\/91c0586f3f6f4396a4ec1287c965eeeb.jpg?ver=1776950945","caption":"Redactor"},"url":"https:\/\/bas-tv.md\/ro\/author\/redactor\/"}]}},"views":462,"_links":{"self":[{"href":"https:\/\/bas-tv.md\/ro\/wp-json\/wp\/v2\/posts\/139821","targetHints":{"allow":["GET"]}}],"collection":[{"href":"https:\/\/bas-tv.md\/ro\/wp-json\/wp\/v2\/posts"}],"about":[{"href":"https:\/\/bas-tv.md\/ro\/wp-json\/wp\/v2\/types\/post"}],"author":[{"embeddable":true,"href":"https:\/\/bas-tv.md\/ro\/wp-json\/wp\/v2\/users\/3"}],"replies":[{"embeddable":true,"href":"https:\/\/bas-tv.md\/ro\/wp-json\/wp\/v2\/comments?post=139821"}],"version-history":[{"count":2,"href":"https:\/\/bas-tv.md\/ro\/wp-json\/wp\/v2\/posts\/139821\/revisions"}],"predecessor-version":[{"id":139825,"href":"https:\/\/bas-tv.md\/ro\/wp-json\/wp\/v2\/posts\/139821\/revisions\/139825"}],"wp:featuredmedia":[{"embeddable":true,"href":"https:\/\/bas-tv.md\/ro\/wp-json\/wp\/v2\/media\/139822"}],"wp:attachment":[{"href":"https:\/\/bas-tv.md\/ro\/wp-json\/wp\/v2\/media?parent=139821"}],"wp:term":[{"taxonomy":"category","embeddable":true,"href":"https:\/\/bas-tv.md\/ro\/wp-json\/wp\/v2\/categories?post=139821"},{"taxonomy":"post_tag","embeddable":true,"href":"https:\/\/bas-tv.md\/ro\/wp-json\/wp\/v2\/tags?post=139821"}],"curies":[{"name":"wp","href":"https:\/\/api.w.org\/{rel}","templated":true}]}}