{"id":140878,"date":"2025-03-11T11:30:50","date_gmt":"2025-03-11T09:30:50","guid":{"rendered":"https:\/\/bas-tv.md\/?p=140878"},"modified":"2025-03-11T10:19:15","modified_gmt":"2025-03-11T08:19:15","slug":"ion-marcu-din-abaclia-scrie-istorie-bronz-european-la-lupte-u-23","status":"publish","type":"post","link":"https:\/\/bas-tv.md\/ro\/ion-marcu-din-abaclia-scrie-istorie-bronz-european-la-lupte-u-23\/","title":{"rendered":"Ion Marcu din Abaclia scrie istorie: bronz european la lupte U-23"},"content":{"rendered":"<p><strong>Lupt\u0103torul Ion Marcu din satul Abaclia a adus o nou\u0103 performan\u021b\u0103 pentru sportul moldovenesc, reu\u0219ind s\u0103 cucereasc\u0103 medalia de bronz la Campionatul European U-23, desf\u0103\u0219urat \u00een Tirana, Albania.<\/strong><\/p>\n<p>Competi\u021bia acerb\u0103 din categoria 74 kg nu l-a \u00eempiedicat pe talentatul\u00a0 sportiv din Abaclia s\u0103-\u0219i demonstreze valoarea. \u00cen meciul decisiv pentru podium, Ion Marcu l-a \u00eenvins pe germanul Manuel Wagin, asigur\u00e2ndu-\u0219i astfel locul trei \u00een clasamentul european.<\/p>\n<p>Aceast\u0103 reu\u0219it\u0103 marcheaz\u0103 un nou pas important \u00een cariera sa, oferind o surs\u0103 de inspira\u021bie pentru tinerii sportivi din Republica Moldova.<\/p>\n<p><img fetchpriority=\"high\" decoding=\"async\" class=\"aligncenter size-large wp-image-140881\" src=\"https:\/\/bas-tv.md\/wp-content\/uploads\/2025\/03\/482573793_1318069009444880_7756200338159961446_n-1024x683.jpg\" alt=\"\" width=\"580\" height=\"387\" srcset=\"https:\/\/bas-tv.md\/wp-content\/uploads\/2025\/03\/482573793_1318069009444880_7756200338159961446_n-1024x683.jpg 1024w, https:\/\/bas-tv.md\/wp-content\/uploads\/2025\/03\/482573793_1318069009444880_7756200338159961446_n-300x200.jpg 300w, https:\/\/bas-tv.md\/wp-content\/uploads\/2025\/03\/482573793_1318069009444880_7756200338159961446_n-768x512.jpg 768w, https:\/\/bas-tv.md\/wp-content\/uploads\/2025\/03\/482573793_1318069009444880_7756200338159961446_n.jpg 1080w\" sizes=\"(max-width: 580px) 100vw, 580px\" \/><\/p>\n<p>Autoare: Ludmila Podgurschii<\/p>\n<p><strong>Sus\u021bine\u021bi redac\u021bia BAStv, abona\u021bi-v\u0103 la noi pe platforma\u00a0<a href=\"https:\/\/www.patreon.com\/BAStv?fan_landing=true&amp;fbclid=IwAR3MeSDKfH4ixBydCXX9D1lhrCszhps3ID5uxuGA-Ktd4MTkZCRdlcEZkQI\">Patreon\u00a0<\/a>sau prin efectuarea contribu\u021biilor prin\u00a0<a href=\"https:\/\/www.paypal.com\/paypalme\/supportbastv\">PayPal<\/a>! Aceasta ne va ajuta s\u0103 cre\u0103m con\u021binut interesant \u0219i util pentru dvs., r\u0103m\u00e2n\u00e2nd \u00een continuare o platform\u0103 media independent\u0103.<\/strong><\/p>\n<p><b>Abona\u021bi-v\u0103 la noi pe re\u021bele sociale:\u00a0<\/b><a href=\"https:\/\/t.me\/bastvmd\"><b><i>Telegram<\/i><\/b><\/a><b>,\u00a0<\/b><a href=\"https:\/\/www.youtube.com\/channel\/UC-9005PnLnhpNM8PVSjP2dQ\/featured\"><b><i>YouTube<\/i><\/b><\/a><b>,\u00a0<\/b><a href=\"https:\/\/www.facebook.com\/bastv.md\"><b><i>Facebook<\/i><\/b><\/a>\u00a0<strong>\u0219i\u00a0<\/strong><a href=\"https:\/\/www.instagram.com\/bastv.md\/\"><b><i>Instagram<\/i><\/b><\/a><b>. Aici public\u0103m \u0219tiri pe scurt!<\/b><\/p>\n","protected":false},"excerpt":{"rendered":"<p>Lupt\u0103torul Ion Marcu din satul Abaclia a adus o nou\u0103 performan\u021b\u0103 pentru sportul moldovenesc, reu\u0219ind s\u0103 cucereasc\u0103 medalia de bronz la Campionatul European U-23, desf\u0103\u0219urat \u00een Tirana, Albania. Competi\u021bia acerb\u0103 din categoria 74 kg nu l-a \u00eempiedicat pe talentatul\u00a0 sportiv din Abaclia s\u0103-\u0219i demonstreze valoarea. \u00cen meciul decisiv pentru podium, Ion Marcu l-a \u00eenvins pe [&hellip;]<\/p>\n","protected":false},"author":3,"featured_media":140879,"comment_status":"closed","ping_status":"closed","sticky":false,"template":"","format":"standard","meta":{"footnotes":""},"categories":[602,569],"tags":[744,6443,6444,6442,6446],"class_list":["post-140878","post","type-post","status-publish","format-standard","has-post-thumbnail","hentry","category-actualitate","category-in-basarabeasca","tag-abaclia","tag-bronz-european","tag-campionatul-european-u-23","tag-ion-marcu","tag-lupta-libera-u-23"],"yoast_head":"<!-- This site is optimized with the Yoast SEO plugin v27.5 - https:\/\/yoast.com\/product\/yoast-seo-wordpress\/ -->\n<title>Ion Marcu din Abaclia scrie istorie: bronz european la lupte U-23<\/title>\n<meta name=\"description\" content=\"Lupt\u0103torul Ion Marcu din satul Abaclia a adus o nou\u0103 performan\u021b\u0103 pentru sportul moldovenesc, reu\u0219ind s\u0103 cucereasc\u0103 medalia de bronz la Campionatul European U-23, desf\u0103\u0219urat \u00een Tirana, Albania.\" \/>\n<meta name=\"robots\" content=\"index, follow, max-snippet:-1, max-image-preview:large, max-video-preview:-1\" \/>\n<link rel=\"canonical\" href=\"https:\/\/bas-tv.md\/ro\/ion-marcu-din-abaclia-scrie-istorie-bronz-european-la-lupte-u-23\/\" \/>\n<meta property=\"og:locale\" content=\"ro_RO\" \/>\n<meta property=\"og:type\" content=\"article\" \/>\n<meta property=\"og:title\" content=\"Ion Marcu din Abaclia scrie istorie: bronz european la lupte U-23\" \/>\n<meta property=\"og:description\" content=\"Lupt\u0103torul Ion Marcu din satul Abaclia a adus o nou\u0103 performan\u021b\u0103 pentru sportul moldovenesc, reu\u0219ind s\u0103 cucereasc\u0103 medalia de bronz la Campionatul European U-23, desf\u0103\u0219urat \u00een Tirana, Albania.\" \/>\n<meta property=\"og:url\" content=\"https:\/\/bas-tv.md\/ro\/ion-marcu-din-abaclia-scrie-istorie-bronz-european-la-lupte-u-23\/\" \/>\n<meta property=\"og:site_name\" content=\"BasTV\" \/>\n<meta property=\"article:published_time\" content=\"2025-03-11T09:30:50+00:00\" \/>\n<meta property=\"og:image\" content=\"https:\/\/bas-tv.md\/wp-content\/uploads\/2025\/03\/482825932_9201588536544840_6628185246224858097_n.jpg\" \/>\n\t<meta property=\"og:image:width\" content=\"1080\" \/>\n\t<meta property=\"og:image:height\" content=\"720\" \/>\n\t<meta property=\"og:image:type\" content=\"image\/jpeg\" \/>\n<meta name=\"author\" content=\"Redactor\" \/>\n<meta name=\"twitter:card\" content=\"summary_large_image\" \/>\n<meta name=\"twitter:label1\" content=\"Scris de\" \/>\n\t<meta name=\"twitter:data1\" content=\"Redactor\" \/>\n\t<meta name=\"twitter:label2\" content=\"Timp estimat pentru citire\" \/>\n\t<meta name=\"twitter:data2\" content=\"2 minute\" \/>\n<script type=\"application\/ld+json\" class=\"yoast-schema-graph\">{\"@context\":\"https:\\\/\\\/schema.org\",\"@graph\":[{\"@type\":\"Article\",\"@id\":\"https:\\\/\\\/bas-tv.md\\\/ro\\\/ion-marcu-din-abaclia-scrie-istorie-bronz-european-la-lupte-u-23\\\/#article\",\"isPartOf\":{\"@id\":\"https:\\\/\\\/bas-tv.md\\\/ro\\\/ion-marcu-din-abaclia-scrie-istorie-bronz-european-la-lupte-u-23\\\/\"},\"author\":{\"name\":\"Redactor\",\"@id\":\"https:\\\/\\\/bas-tv.md\\\/ro\\\/#\\\/schema\\\/person\\\/8740f45ea2eca1f1695284fc03529af0\"},\"headline\":\"Ion Marcu din Abaclia scrie istorie: bronz european la lupte U-23\",\"datePublished\":\"2025-03-11T09:30:50+00:00\",\"mainEntityOfPage\":{\"@id\":\"https:\\\/\\\/bas-tv.md\\\/ro\\\/ion-marcu-din-abaclia-scrie-istorie-bronz-european-la-lupte-u-23\\\/\"},\"wordCount\":172,\"publisher\":{\"@id\":\"https:\\\/\\\/bas-tv.md\\\/ro\\\/#organization\"},\"image\":{\"@id\":\"https:\\\/\\\/bas-tv.md\\\/ro\\\/ion-marcu-din-abaclia-scrie-istorie-bronz-european-la-lupte-u-23\\\/#primaryimage\"},\"thumbnailUrl\":\"https:\\\/\\\/bas-tv.md\\\/wp-content\\\/uploads\\\/2025\\\/03\\\/482825932_9201588536544840_6628185246224858097_n.jpg\",\"keywords\":[\"abaclia\",\"bronz european\",\"Campionatul European U-23\",\"Ion Marcu\",\"lupta libera U-23\"],\"articleSection\":[\"Actualitate\",\"\u00cen Basarabeasca\"],\"inLanguage\":\"ro-RO\"},{\"@type\":\"WebPage\",\"@id\":\"https:\\\/\\\/bas-tv.md\\\/ro\\\/ion-marcu-din-abaclia-scrie-istorie-bronz-european-la-lupte-u-23\\\/\",\"url\":\"https:\\\/\\\/bas-tv.md\\\/ro\\\/ion-marcu-din-abaclia-scrie-istorie-bronz-european-la-lupte-u-23\\\/\",\"name\":\"Ion Marcu din Abaclia scrie istorie: bronz european la lupte U-23\",\"isPartOf\":{\"@id\":\"https:\\\/\\\/bas-tv.md\\\/ro\\\/#website\"},\"primaryImageOfPage\":{\"@id\":\"https:\\\/\\\/bas-tv.md\\\/ro\\\/ion-marcu-din-abaclia-scrie-istorie-bronz-european-la-lupte-u-23\\\/#primaryimage\"},\"image\":{\"@id\":\"https:\\\/\\\/bas-tv.md\\\/ro\\\/ion-marcu-din-abaclia-scrie-istorie-bronz-european-la-lupte-u-23\\\/#primaryimage\"},\"thumbnailUrl\":\"https:\\\/\\\/bas-tv.md\\\/wp-content\\\/uploads\\\/2025\\\/03\\\/482825932_9201588536544840_6628185246224858097_n.jpg\",\"datePublished\":\"2025-03-11T09:30:50+00:00\",\"description\":\"Lupt\u0103torul Ion Marcu din satul Abaclia a adus o nou\u0103 performan\u021b\u0103 pentru sportul moldovenesc, reu\u0219ind s\u0103 cucereasc\u0103 medalia de bronz la Campionatul European U-23, desf\u0103\u0219urat \u00een Tirana, Albania.\",\"inLanguage\":\"ro-RO\",\"potentialAction\":[{\"@type\":\"ReadAction\",\"target\":[\"https:\\\/\\\/bas-tv.md\\\/ro\\\/ion-marcu-din-abaclia-scrie-istorie-bronz-european-la-lupte-u-23\\\/\"]}]},{\"@type\":\"ImageObject\",\"inLanguage\":\"ro-RO\",\"@id\":\"https:\\\/\\\/bas-tv.md\\\/ro\\\/ion-marcu-din-abaclia-scrie-istorie-bronz-european-la-lupte-u-23\\\/#primaryimage\",\"url\":\"https:\\\/\\\/bas-tv.md\\\/wp-content\\\/uploads\\\/2025\\\/03\\\/482825932_9201588536544840_6628185246224858097_n.jpg\",\"contentUrl\":\"https:\\\/\\\/bas-tv.md\\\/wp-content\\\/uploads\\\/2025\\\/03\\\/482825932_9201588536544840_6628185246224858097_n.jpg\",\"width\":1080,\"height\":720,\"caption\":\"Ion Marcu din Abaclia scrie istorie: bronz european la lupte U-23\"},{\"@type\":\"WebSite\",\"@id\":\"https:\\\/\\\/bas-tv.md\\\/ro\\\/#website\",\"url\":\"https:\\\/\\\/bas-tv.md\\\/ro\\\/\",\"name\":\"BasTV\",\"description\":\"Moldova\",\"publisher\":{\"@id\":\"https:\\\/\\\/bas-tv.md\\\/ro\\\/#organization\"},\"potentialAction\":[{\"@type\":\"SearchAction\",\"target\":{\"@type\":\"EntryPoint\",\"urlTemplate\":\"https:\\\/\\\/bas-tv.md\\\/ro\\\/?s={search_term_string}\"},\"query-input\":{\"@type\":\"PropertyValueSpecification\",\"valueRequired\":true,\"valueName\":\"search_term_string\"}}],\"inLanguage\":\"ro-RO\"},{\"@type\":\"Organization\",\"@id\":\"https:\\\/\\\/bas-tv.md\\\/ro\\\/#organization\",\"name\":\"BasTV\",\"url\":\"https:\\\/\\\/bas-tv.md\\\/ro\\\/\",\"logo\":{\"@type\":\"ImageObject\",\"inLanguage\":\"ro-RO\",\"@id\":\"https:\\\/\\\/bas-tv.md\\\/ro\\\/#\\\/schema\\\/logo\\\/image\\\/\",\"url\":\"https:\\\/\\\/bas-tv.md\\\/wp-content\\\/uploads\\\/2023\\\/05\\\/bas-tv-culoarea-rosie.png\",\"contentUrl\":\"https:\\\/\\\/bas-tv.md\\\/wp-content\\\/uploads\\\/2023\\\/05\\\/bas-tv-culoarea-rosie.png\",\"width\":202,\"height\":50,\"caption\":\"BasTV\"},\"image\":{\"@id\":\"https:\\\/\\\/bas-tv.md\\\/ro\\\/#\\\/schema\\\/logo\\\/image\\\/\"}},{\"@type\":\"Person\",\"@id\":\"https:\\\/\\\/bas-tv.md\\\/ro\\\/#\\\/schema\\\/person\\\/8740f45ea2eca1f1695284fc03529af0\",\"name\":\"Redactor\",\"image\":{\"@type\":\"ImageObject\",\"inLanguage\":\"ro-RO\",\"@id\":\"https:\\\/\\\/secure.gravatar.com\\\/avatar\\\/45b6af9fc91c10b15a8b40e67c1f57bab2e9614fc9f0af95cf453d61934e9aad?s=96&d=mm&r=g\",\"url\":\"https:\\\/\\\/secure.gravatar.com\\\/avatar\\\/45b6af9fc91c10b15a8b40e67c1f57bab2e9614fc9f0af95cf453d61934e9aad?s=96&d=mm&r=g\",\"contentUrl\":\"https:\\\/\\\/secure.gravatar.com\\\/avatar\\\/45b6af9fc91c10b15a8b40e67c1f57bab2e9614fc9f0af95cf453d61934e9aad?s=96&d=mm&r=g\",\"caption\":\"Redactor\"},\"url\":\"https:\\\/\\\/bas-tv.md\\\/ro\\\/author\\\/redactor\\\/\"}]}<\/script>\n<!-- \/ Yoast SEO plugin. -->","yoast_head_json":{"title":"Ion Marcu din Abaclia scrie istorie: bronz european la lupte U-23","description":"Lupt\u0103torul Ion Marcu din satul Abaclia a adus o nou\u0103 performan\u021b\u0103 pentru sportul moldovenesc, reu\u0219ind s\u0103 cucereasc\u0103 medalia de bronz la Campionatul European U-23, desf\u0103\u0219urat \u00een Tirana, Albania.","robots":{"index":"index","follow":"follow","max-snippet":"max-snippet:-1","max-image-preview":"max-image-preview:large","max-video-preview":"max-video-preview:-1"},"canonical":"https:\/\/bas-tv.md\/ro\/ion-marcu-din-abaclia-scrie-istorie-bronz-european-la-lupte-u-23\/","og_locale":"ro_RO","og_type":"article","og_title":"Ion Marcu din Abaclia scrie istorie: bronz european la lupte U-23","og_description":"Lupt\u0103torul Ion Marcu din satul Abaclia a adus o nou\u0103 performan\u021b\u0103 pentru sportul moldovenesc, reu\u0219ind s\u0103 cucereasc\u0103 medalia de bronz la Campionatul European U-23, desf\u0103\u0219urat \u00een Tirana, Albania.","og_url":"https:\/\/bas-tv.md\/ro\/ion-marcu-din-abaclia-scrie-istorie-bronz-european-la-lupte-u-23\/","og_site_name":"BasTV","article_published_time":"2025-03-11T09:30:50+00:00","og_image":[{"width":1080,"height":720,"url":"https:\/\/bas-tv.md\/wp-content\/uploads\/2025\/03\/482825932_9201588536544840_6628185246224858097_n.jpg","type":"image\/jpeg"}],"author":"Redactor","twitter_card":"summary_large_image","twitter_misc":{"Scris de":"Redactor","Timp estimat pentru citire":"2 minute"},"schema":{"@context":"https:\/\/schema.org","@graph":[{"@type":"Article","@id":"https:\/\/bas-tv.md\/ro\/ion-marcu-din-abaclia-scrie-istorie-bronz-european-la-lupte-u-23\/#article","isPartOf":{"@id":"https:\/\/bas-tv.md\/ro\/ion-marcu-din-abaclia-scrie-istorie-bronz-european-la-lupte-u-23\/"},"author":{"name":"Redactor","@id":"https:\/\/bas-tv.md\/ro\/#\/schema\/person\/8740f45ea2eca1f1695284fc03529af0"},"headline":"Ion Marcu din Abaclia scrie istorie: bronz european la lupte U-23","datePublished":"2025-03-11T09:30:50+00:00","mainEntityOfPage":{"@id":"https:\/\/bas-tv.md\/ro\/ion-marcu-din-abaclia-scrie-istorie-bronz-european-la-lupte-u-23\/"},"wordCount":172,"publisher":{"@id":"https:\/\/bas-tv.md\/ro\/#organization"},"image":{"@id":"https:\/\/bas-tv.md\/ro\/ion-marcu-din-abaclia-scrie-istorie-bronz-european-la-lupte-u-23\/#primaryimage"},"thumbnailUrl":"https:\/\/bas-tv.md\/wp-content\/uploads\/2025\/03\/482825932_9201588536544840_6628185246224858097_n.jpg","keywords":["abaclia","bronz european","Campionatul European U-23","Ion Marcu","lupta libera U-23"],"articleSection":["Actualitate","\u00cen Basarabeasca"],"inLanguage":"ro-RO"},{"@type":"WebPage","@id":"https:\/\/bas-tv.md\/ro\/ion-marcu-din-abaclia-scrie-istorie-bronz-european-la-lupte-u-23\/","url":"https:\/\/bas-tv.md\/ro\/ion-marcu-din-abaclia-scrie-istorie-bronz-european-la-lupte-u-23\/","name":"Ion Marcu din Abaclia scrie istorie: bronz european la lupte U-23","isPartOf":{"@id":"https:\/\/bas-tv.md\/ro\/#website"},"primaryImageOfPage":{"@id":"https:\/\/bas-tv.md\/ro\/ion-marcu-din-abaclia-scrie-istorie-bronz-european-la-lupte-u-23\/#primaryimage"},"image":{"@id":"https:\/\/bas-tv.md\/ro\/ion-marcu-din-abaclia-scrie-istorie-bronz-european-la-lupte-u-23\/#primaryimage"},"thumbnailUrl":"https:\/\/bas-tv.md\/wp-content\/uploads\/2025\/03\/482825932_9201588536544840_6628185246224858097_n.jpg","datePublished":"2025-03-11T09:30:50+00:00","description":"Lupt\u0103torul Ion Marcu din satul Abaclia a adus o nou\u0103 performan\u021b\u0103 pentru sportul moldovenesc, reu\u0219ind s\u0103 cucereasc\u0103 medalia de bronz la Campionatul European U-23, desf\u0103\u0219urat \u00een Tirana, Albania.","inLanguage":"ro-RO","potentialAction":[{"@type":"ReadAction","target":["https:\/\/bas-tv.md\/ro\/ion-marcu-din-abaclia-scrie-istorie-bronz-european-la-lupte-u-23\/"]}]},{"@type":"ImageObject","inLanguage":"ro-RO","@id":"https:\/\/bas-tv.md\/ro\/ion-marcu-din-abaclia-scrie-istorie-bronz-european-la-lupte-u-23\/#primaryimage","url":"https:\/\/bas-tv.md\/wp-content\/uploads\/2025\/03\/482825932_9201588536544840_6628185246224858097_n.jpg","contentUrl":"https:\/\/bas-tv.md\/wp-content\/uploads\/2025\/03\/482825932_9201588536544840_6628185246224858097_n.jpg","width":1080,"height":720,"caption":"Ion Marcu din Abaclia scrie istorie: bronz european la lupte U-23"},{"@type":"WebSite","@id":"https:\/\/bas-tv.md\/ro\/#website","url":"https:\/\/bas-tv.md\/ro\/","name":"BasTV","description":"Moldova","publisher":{"@id":"https:\/\/bas-tv.md\/ro\/#organization"},"potentialAction":[{"@type":"SearchAction","target":{"@type":"EntryPoint","urlTemplate":"https:\/\/bas-tv.md\/ro\/?s={search_term_string}"},"query-input":{"@type":"PropertyValueSpecification","valueRequired":true,"valueName":"search_term_string"}}],"inLanguage":"ro-RO"},{"@type":"Organization","@id":"https:\/\/bas-tv.md\/ro\/#organization","name":"BasTV","url":"https:\/\/bas-tv.md\/ro\/","logo":{"@type":"ImageObject","inLanguage":"ro-RO","@id":"https:\/\/bas-tv.md\/ro\/#\/schema\/logo\/image\/","url":"https:\/\/bas-tv.md\/wp-content\/uploads\/2023\/05\/bas-tv-culoarea-rosie.png","contentUrl":"https:\/\/bas-tv.md\/wp-content\/uploads\/2023\/05\/bas-tv-culoarea-rosie.png","width":202,"height":50,"caption":"BasTV"},"image":{"@id":"https:\/\/bas-tv.md\/ro\/#\/schema\/logo\/image\/"}},{"@type":"Person","@id":"https:\/\/bas-tv.md\/ro\/#\/schema\/person\/8740f45ea2eca1f1695284fc03529af0","name":"Redactor","image":{"@type":"ImageObject","inLanguage":"ro-RO","@id":"https:\/\/secure.gravatar.com\/avatar\/45b6af9fc91c10b15a8b40e67c1f57bab2e9614fc9f0af95cf453d61934e9aad?s=96&d=mm&r=g","url":"https:\/\/secure.gravatar.com\/avatar\/45b6af9fc91c10b15a8b40e67c1f57bab2e9614fc9f0af95cf453d61934e9aad?s=96&d=mm&r=g","contentUrl":"https:\/\/secure.gravatar.com\/avatar\/45b6af9fc91c10b15a8b40e67c1f57bab2e9614fc9f0af95cf453d61934e9aad?s=96&d=mm&r=g","caption":"Redactor"},"url":"https:\/\/bas-tv.md\/ro\/author\/redactor\/"}]}},"views":578,"_links":{"self":[{"href":"https:\/\/bas-tv.md\/ro\/wp-json\/wp\/v2\/posts\/140878","targetHints":{"allow":["GET"]}}],"collection":[{"href":"https:\/\/bas-tv.md\/ro\/wp-json\/wp\/v2\/posts"}],"about":[{"href":"https:\/\/bas-tv.md\/ro\/wp-json\/wp\/v2\/types\/post"}],"author":[{"embeddable":true,"href":"https:\/\/bas-tv.md\/ro\/wp-json\/wp\/v2\/users\/3"}],"replies":[{"embeddable":true,"href":"https:\/\/bas-tv.md\/ro\/wp-json\/wp\/v2\/comments?post=140878"}],"version-history":[{"count":1,"href":"https:\/\/bas-tv.md\/ro\/wp-json\/wp\/v2\/posts\/140878\/revisions"}],"predecessor-version":[{"id":140883,"href":"https:\/\/bas-tv.md\/ro\/wp-json\/wp\/v2\/posts\/140878\/revisions\/140883"}],"wp:featuredmedia":[{"embeddable":true,"href":"https:\/\/bas-tv.md\/ro\/wp-json\/wp\/v2\/media\/140879"}],"wp:attachment":[{"href":"https:\/\/bas-tv.md\/ro\/wp-json\/wp\/v2\/media?parent=140878"}],"wp:term":[{"taxonomy":"category","embeddable":true,"href":"https:\/\/bas-tv.md\/ro\/wp-json\/wp\/v2\/categories?post=140878"},{"taxonomy":"post_tag","embeddable":true,"href":"https:\/\/bas-tv.md\/ro\/wp-json\/wp\/v2\/tags?post=140878"}],"curies":[{"name":"wp","href":"https:\/\/api.w.org\/{rel}","templated":true}]}}