{"id":141086,"date":"2025-03-12T17:30:11","date_gmt":"2025-03-12T15:30:11","guid":{"rendered":"https:\/\/bas-tv.md\/?p=141086"},"modified":"2025-03-12T18:12:25","modified_gmt":"2025-03-12T16:12:25","slug":"foto-dubla-victorie-la-turneul-de-volei-din-riscani-echipele-din-raionul-basarabeasca-au-ocupat-primele-doua-pozitii","status":"publish","type":"post","link":"https:\/\/bas-tv.md\/ro\/foto-dubla-victorie-la-turneul-de-volei-din-riscani-echipele-din-raionul-basarabeasca-au-ocupat-primele-doua-pozitii\/","title":{"rendered":"(FOTO) Dubl\u0103 victorie la Turneul de Volei din R\u00ee\u0219cani: echipele din raionul Basarabeasca au ocupat primele dou\u0103 pozi\u021bii"},"content":{"rendered":"<p><strong>Echipa de volei din ora\u0219ul Basarabeasca a cucerit locul I la Turneul Interna\u021bional de Volei din R\u00ee\u0219cani, impun\u00e2ndu-se cu scorul de 2:1 \u00een fa\u021ba echipei din satul Sadaclia, \u00eentr-o final\u0103 tensionat\u0103 \u0219i plin\u0103 de emo\u021bie. Competi\u021bia, ajuns\u0103 la cea de-a IX-a edi\u021bie, a reunit opt echipe din Republica Moldova \u0219i Rom\u00e2nia, consolid\u00e2nd voleiul ca un sport de tradi\u021bie \u00een regiune.<\/strong><\/p>\n<p>Turneul s-a desf\u0103\u0219urat pe data de 9 martie, \u00een incinta \u0218colii Sportive din R\u00ee\u0219cani, fiind organizat de primarul satului V\u0103ratica, Motelic\u0103 Dumitru, cu sprijinul pre\u0219edintelui raionului R\u00ee\u0219cani, Vladimir Mizdrenco. Evenimentul a devenit deja o tradi\u021bie anual\u0103, fiind dedicat memoriei genera\u021biilor de sportivi care au contribuit la dezvoltarea voleiului \u00een raion. Prin aceast\u0103 competi\u021bie, organizatorii \u00ee\u0219i propun s\u0103 \u00eencurajeze performan\u021ba \u0219i s\u0103 men\u021bin\u0103 viu spiritul de echip\u0103 \u0219i pasiunea pentru acest sport.<\/p>\n<p>La edi\u021bia din acest an au participat opt echipe din Ia\u0219i (Rom\u00e2nia), Basarabeasca, Sadaclia, Drochia, R\u00ee\u0219cani, Soroca \u0219i Nisporeni, care \u0219i-au m\u0103surat for\u021bele pentru a ob\u021bine titlul de campioan\u0103. Echipele au fost \u00eemp\u0103r\u021bite \u00een dou\u0103 grupe:<\/p>\n<ul>\n<li>prima grup\u0103 &#8211; Ia\u0219i, Basarabeasca, R\u00ee\u0219cani 2, Drochia;<\/li>\n<li>a doua grup\u0103 &#8211; Sadaclia, R\u00ee\u0219cani 1, Soroca, Nisporeni.<\/li>\n<\/ul>\n<p>Dup\u0103 meciuri intense, echipele din Basarabeasca \u0219i Sadaclia au ajuns \u00een final\u0103, unde competi\u021bia a fost extrem de str\u00e2ns\u0103. \u00centr-un duel tensionat, Basarabeasca a reu\u0219it s\u0103 se impun\u0103 cu scorul de 2:1, ob\u021bin\u00e2nd titlul de campioan\u0103, \u00een timp ce Sadaclia s-a clasat pe locul al doilea. Pe pozi\u021bia a treia s-a situat echipa din Ia\u0219i, Rom\u00e2nia. C\u00e2\u0219tig\u0103torii s-au ales cu trofee \u0219i cu diplome.<\/p>\n<p>\u00cen cadrul interviului acordat redac\u021biei BasTV, c\u0103pitanul echipei din ora\u0219ul Basarabeasca, Vasile Luca, a subliniat faptul c\u0103 competi\u021bia a fost extrem de str\u00e2ns\u0103, fiecare meci fiind o provocare dificil\u0103. Acesta a men\u021bionat c\u0103 toate echipele au manifestat un puternic spirit competitiv, dorind cu to\u021bii s\u0103 ob\u021bin\u0103 victoria:<\/p>\n<blockquote><p>\u201eConsider c\u0103 echipa noastr\u0103 nu a parcurs un drum at\u00e2t de lung \u00een zadar \u0219i c\u0103 am c\u00e2\u0219tigat pe merit. Pentru atingerea acestui obiectiv am muncit mult timp, iar acum, \u00een sf\u00e2r\u0219it, am reu\u0219it s\u0103 \u00eel atingem\u201d, explic\u0103 Victoria, una dintre membrii echipei din ora\u0219ul Basarabeasca.<\/p><\/blockquote>\n<p>Pe l\u00e2ng\u0103 performan\u021bele echipei, turneul a reprezentat o oportunitate de afirmare \u0219i pentru juc\u0103torii care s-au remarcat prin calit\u0103\u021bile lor individuale. Ghimi\u0219li Victor a fost desemnat drept cel mai bun pasator, av\u00e2nd un rol semnificativ \u00een echipa sa. O prezen\u021b\u0103 remarcabil\u0103 a fost \u0219i Caipac Victoria, singura fat\u0103 care a participat la turneu. Aceasta a primit un premiu special pentru determinarea \u0219i perseveren\u021ba sa:<\/p>\n<blockquote><p>\u201eAcest premiu \u00eenseamn\u0103 foarte mult pentru mine, fiind o confirmare a tuturor eforturilor \u0219i a muncii depuse \u00een antrenamente, dar \u0219i a performan\u021belor ob\u021binute \u00een competi\u021bii\u201d, poveste\u0219te Victoria.<\/p><\/blockquote>\n<p>\u00centrebat\u0103 cum se simte pe teren, fiind singura femeie printre at\u00e2\u021bia b\u0103rba\u021bi, Victoria ne-a m\u0103rturisit c\u0103 se simte \u00een largul s\u0103u \u0219i c\u0103 este \u00eencrez\u0103toare \u00een abilit\u0103\u021bile sale:<\/p>\n<blockquote><p>\u201eM\u0103 simt lini\u0219tit\u0103 \u0219tiind c\u0103 sunt singura fat\u0103 printre mul\u021bi b\u0103rba\u021bi. Cred c\u0103 sunt un juc\u0103tor destul de puternic \u0219i pot juca la fel de bine ca b\u0103rba\u021bii, iar acest lucru \u00eemi d\u0103 mai mult\u0103 motiva\u021bie s\u0103 continui s\u0103 joc \u0219i s\u0103 ob\u021bin succes \u00een acest sport\u201d, adaug\u0103 t\u00e2n\u0103ra din Basarabeasca.<\/p><\/blockquote>\n<p>Echipa din ora\u0219ul Basarabeasca \u0219i-a ob\u021binut cele mai multe victorii sub numele de <strong><em>BS-Atlant<\/em><\/strong>. Din aceasta fac parte Micleu\u0219anu Stanislav, Ghimi\u0219li Victor, Nem\u021bev Igor, Caipac Victoria, Cernolutkii Dumitru, \u021aaran Constantin, Luca Vasile \u0219i M\u00een\u0103scurt\u0103 Gabriel.<\/p>\n<p>Turneul Interna\u021bional de Volei de la R\u00ee\u0219cani a reconfirmat interesul crescut pentru volei \u00een r\u00e2ndul tinerilor \u0219i importan\u021ba organiz\u0103rii unor astfel de competi\u021bii, care contribuie la dezvoltarea sportului \u0219i la consolidarea spiritului de echip\u0103. Edi\u021biile viitoare promit meciuri la fel de intense, \u00een care tinerele talente vor avea ocazia s\u0103 \u00ee\u0219i dovedeasc\u0103 abilit\u0103\u021bile pe teren.<\/p>\n<p><img fetchpriority=\"high\" decoding=\"async\" class=\"aligncenter size-large wp-image-141090\" src=\"https:\/\/bas-tv.md\/wp-content\/uploads\/2025\/03\/photo_2025-03-12_17-10-29-2-768x1024.jpg\" alt=\"\" width=\"580\" height=\"773\" \/><\/p>\n<p><img decoding=\"async\" class=\"aligncenter size-large wp-image-141092\" src=\"https:\/\/bas-tv.md\/wp-content\/uploads\/2025\/03\/photo_2025-03-12_17-10-29-768x1024.jpg\" alt=\"\" width=\"580\" height=\"773\" srcset=\"https:\/\/bas-tv.md\/wp-content\/uploads\/2025\/03\/photo_2025-03-12_17-10-29-768x1024.jpg 768w, https:\/\/bas-tv.md\/wp-content\/uploads\/2025\/03\/photo_2025-03-12_17-10-29-225x300.jpg 225w, https:\/\/bas-tv.md\/wp-content\/uploads\/2025\/03\/photo_2025-03-12_17-10-29.jpg 960w\" sizes=\"(max-width: 580px) 100vw, 580px\" \/><\/p>\n<p><img decoding=\"async\" class=\"aligncenter size-large wp-image-141088\" src=\"https:\/\/bas-tv.md\/wp-content\/uploads\/2025\/03\/photo_2025-03-12_17-10-30-768x1024.jpg\" alt=\"\" width=\"580\" height=\"773\" srcset=\"https:\/\/bas-tv.md\/wp-content\/uploads\/2025\/03\/photo_2025-03-12_17-10-30-768x1024.jpg 768w, https:\/\/bas-tv.md\/wp-content\/uploads\/2025\/03\/photo_2025-03-12_17-10-30-225x300.jpg 225w, https:\/\/bas-tv.md\/wp-content\/uploads\/2025\/03\/photo_2025-03-12_17-10-30.jpg 960w\" sizes=\"(max-width: 580px) 100vw, 580px\" \/><\/p>\n<p><img loading=\"lazy\" decoding=\"async\" class=\"aligncenter size-large wp-image-141094\" src=\"https:\/\/bas-tv.md\/wp-content\/uploads\/2025\/03\/viber_image_2025-03-10_10-58-36-406-768x1024.jpg\" alt=\"\" width=\"580\" height=\"773\" srcset=\"https:\/\/bas-tv.md\/wp-content\/uploads\/2025\/03\/viber_image_2025-03-10_10-58-36-406-768x1024.jpg 768w, https:\/\/bas-tv.md\/wp-content\/uploads\/2025\/03\/viber_image_2025-03-10_10-58-36-406-225x300.jpg 225w, https:\/\/bas-tv.md\/wp-content\/uploads\/2025\/03\/viber_image_2025-03-10_10-58-36-406-1152x1536.jpg 1152w, https:\/\/bas-tv.md\/wp-content\/uploads\/2025\/03\/viber_image_2025-03-10_10-58-36-406.jpg 1200w\" sizes=\"(max-width: 580px) 100vw, 580px\" \/><\/p>\n<p>Autor: Virineia Carapirea<\/p>\n<p><strong>Sus\u021bine\u021bi redac\u021bia BAStv, abona\u021bi-v\u0103 la noi pe platforma\u00a0<a href=\"https:\/\/www.patreon.com\/BAStv?fan_landing=true&amp;fbclid=IwAR3MeSDKfH4ixBydCXX9D1lhrCszhps3ID5uxuGA-Ktd4MTkZCRdlcEZkQI\">Patreon\u00a0<\/a>sau prin efectuarea contribu\u021biilor prin\u00a0<a href=\"https:\/\/www.paypal.com\/paypalme\/supportbastv\">PayPal<\/a>! Aceasta ne va ajuta s\u0103 cre\u0103m con\u021binut interesant \u0219i util pentru dvs., r\u0103m\u00e2n\u00e2nd \u00een continuare o platform\u0103 media independent\u0103.<\/strong><\/p>\n<p><b>Abona\u021bi-v\u0103 la noi pe re\u021bele sociale:\u00a0<\/b><a href=\"https:\/\/t.me\/bastvmd\"><b><i>Telegram<\/i><\/b><\/a><b>,\u00a0<\/b><a href=\"https:\/\/www.youtube.com\/channel\/UC-9005PnLnhpNM8PVSjP2dQ\/featured\"><b><i>YouTube<\/i><\/b><\/a><b>,\u00a0<\/b><a href=\"https:\/\/www.facebook.com\/bastv.md\"><b><i>Facebook<\/i><\/b><\/a>\u00a0<strong>\u0219i\u00a0<\/strong><a href=\"https:\/\/www.instagram.com\/bastv.md\/\"><b><i>Instagram<\/i><\/b><\/a><b>. Aici public\u0103m \u0219tiri pe scurt!<\/b><\/p>\n","protected":false},"excerpt":{"rendered":"<p>Echipa de volei din ora\u0219ul Basarabeasca a cucerit locul I la Turneul Interna\u021bional de Volei din R\u00ee\u0219cani, impun\u00e2ndu-se cu scorul de 2:1 \u00een fa\u021ba echipei din satul Sadaclia, \u00eentr-o final\u0103 tensionat\u0103 \u0219i plin\u0103 de emo\u021bie. Competi\u021bia, ajuns\u0103 la cea de-a IX-a edi\u021bie, a reunit opt echipe din Republica Moldova \u0219i Rom\u00e2nia, consolid\u00e2nd voleiul ca un [&hellip;]<\/p>\n","protected":false},"author":3,"featured_media":141090,"comment_status":"closed","ping_status":"closed","sticky":false,"template":"","format":"standard","meta":{"footnotes":""},"categories":[602,569],"tags":[693,6484,6482,683,6483,6481,1880],"class_list":["post-141086","post","type-post","status-publish","format-standard","has-post-thumbnail","hentry","category-actualitate","category-in-basarabeasca","tag-basarabeasca-ro","tag-competitie-de-volei","tag-riscani","tag-sadaclia","tag-turneu-de-volei","tag-turneul-international-de-volei-din-riscani","tag-volei"],"yoast_head":"<!-- This site is optimized with the Yoast SEO plugin v27.5 - https:\/\/yoast.com\/product\/yoast-seo-wordpress\/ -->\n<title>(FOTO) Dubl\u0103 victorie la Turneul de Volei din R\u00ee\u0219cani: echipele din raionul Basarabeasca au ocupat primele dou\u0103 pozi\u021bii - BasTV<\/title>\n<meta name=\"description\" content=\"Echipa de volei din ora\u0219ul Basarabeasca a cucerit locul I la Turneul Interna\u021bional de Volei din R\u00ee\u0219cani, impun\u00e2ndu-se cu scorul de 2:1 \u00een fa\u021ba echipei din satul Sadaclia, \u00eentr-o final\u0103 tensionat\u0103 \u0219i plin\u0103 de emo\u021bie. Competi\u021bia, ajuns\u0103 la cea de-a IX-a edi\u021bie, a reunit opt echipe din Republica Moldova \u0219i Rom\u00e2nia, consolid\u00e2nd voleiul ca un sport de tradi\u021bie \u00een regiune.\" \/>\n<meta name=\"robots\" content=\"index, follow, max-snippet:-1, max-image-preview:large, max-video-preview:-1\" \/>\n<link rel=\"canonical\" href=\"https:\/\/bas-tv.md\/ro\/foto-dubla-victorie-la-turneul-de-volei-din-riscani-echipele-din-raionul-basarabeasca-au-ocupat-primele-doua-pozitii\/\" \/>\n<meta property=\"og:locale\" content=\"ro_RO\" \/>\n<meta property=\"og:type\" content=\"article\" \/>\n<meta property=\"og:title\" content=\"(FOTO) Dubl\u0103 victorie la Turneul de Volei din R\u00ee\u0219cani: echipele din raionul Basarabeasca au ocupat primele dou\u0103 pozi\u021bii - BasTV\" \/>\n<meta property=\"og:description\" content=\"Echipa de volei din ora\u0219ul Basarabeasca a cucerit locul I la Turneul Interna\u021bional de Volei din R\u00ee\u0219cani, impun\u00e2ndu-se cu scorul de 2:1 \u00een fa\u021ba echipei din satul Sadaclia, \u00eentr-o final\u0103 tensionat\u0103 \u0219i plin\u0103 de emo\u021bie. Competi\u021bia, ajuns\u0103 la cea de-a IX-a edi\u021bie, a reunit opt echipe din Republica Moldova \u0219i Rom\u00e2nia, consolid\u00e2nd voleiul ca un sport de tradi\u021bie \u00een regiune.\" \/>\n<meta property=\"og:url\" content=\"https:\/\/bas-tv.md\/ro\/foto-dubla-victorie-la-turneul-de-volei-din-riscani-echipele-din-raionul-basarabeasca-au-ocupat-primele-doua-pozitii\/\" \/>\n<meta property=\"og:site_name\" content=\"BasTV\" \/>\n<meta property=\"article:published_time\" content=\"2025-03-12T15:30:11+00:00\" \/>\n<meta property=\"article:modified_time\" content=\"2025-03-12T16:12:25+00:00\" \/>\n<meta property=\"og:image\" content=\"https:\/\/bas-tv.md\/wp-content\/uploads\/2025\/03\/photo_2025-03-12_17-10-29-2-e1741792676844.jpg\" \/>\n\t<meta property=\"og:image:width\" content=\"956\" \/>\n\t<meta property=\"og:image:height\" content=\"774\" \/>\n\t<meta property=\"og:image:type\" content=\"image\/jpeg\" \/>\n<meta name=\"author\" content=\"Redactor\" \/>\n<meta name=\"twitter:card\" content=\"summary_large_image\" \/>\n<meta name=\"twitter:label1\" content=\"Scris de\" \/>\n\t<meta name=\"twitter:data1\" content=\"Redactor\" \/>\n\t<meta name=\"twitter:label2\" content=\"Timp estimat pentru citire\" \/>\n\t<meta name=\"twitter:data2\" content=\"4 minute\" \/>\n<script type=\"application\/ld+json\" class=\"yoast-schema-graph\">{\"@context\":\"https:\\\/\\\/schema.org\",\"@graph\":[{\"@type\":\"Article\",\"@id\":\"https:\\\/\\\/bas-tv.md\\\/ro\\\/foto-dubla-victorie-la-turneul-de-volei-din-riscani-echipele-din-raionul-basarabeasca-au-ocupat-primele-doua-pozitii\\\/#article\",\"isPartOf\":{\"@id\":\"https:\\\/\\\/bas-tv.md\\\/ro\\\/foto-dubla-victorie-la-turneul-de-volei-din-riscani-echipele-din-raionul-basarabeasca-au-ocupat-primele-doua-pozitii\\\/\"},\"author\":{\"name\":\"Redactor\",\"@id\":\"https:\\\/\\\/bas-tv.md\\\/ro\\\/#\\\/schema\\\/person\\\/8740f45ea2eca1f1695284fc03529af0\"},\"headline\":\"(FOTO) Dubl\u0103 victorie la Turneul de Volei din R\u00ee\u0219cani: echipele din raionul Basarabeasca au ocupat primele dou\u0103 pozi\u021bii\",\"datePublished\":\"2025-03-12T15:30:11+00:00\",\"dateModified\":\"2025-03-12T16:12:25+00:00\",\"mainEntityOfPage\":{\"@id\":\"https:\\\/\\\/bas-tv.md\\\/ro\\\/foto-dubla-victorie-la-turneul-de-volei-din-riscani-echipele-din-raionul-basarabeasca-au-ocupat-primele-doua-pozitii\\\/\"},\"wordCount\":784,\"publisher\":{\"@id\":\"https:\\\/\\\/bas-tv.md\\\/ro\\\/#organization\"},\"image\":{\"@id\":\"https:\\\/\\\/bas-tv.md\\\/ro\\\/foto-dubla-victorie-la-turneul-de-volei-din-riscani-echipele-din-raionul-basarabeasca-au-ocupat-primele-doua-pozitii\\\/#primaryimage\"},\"thumbnailUrl\":\"https:\\\/\\\/bas-tv.md\\\/wp-content\\\/uploads\\\/2025\\\/03\\\/photo_2025-03-12_17-10-29-2-e1741792676844.jpg\",\"keywords\":[\"Basarabeasca\",\"competi\u021bie de volei\",\"R\u00ee\u0219cani\",\"sadaclia\",\"turneu de volei\",\"Turneul Interna\u021bional de Volei din R\u00ee\u0219cani\",\"volei\"],\"articleSection\":[\"Actualitate\",\"\u00cen Basarabeasca\"],\"inLanguage\":\"ro-RO\"},{\"@type\":\"WebPage\",\"@id\":\"https:\\\/\\\/bas-tv.md\\\/ro\\\/foto-dubla-victorie-la-turneul-de-volei-din-riscani-echipele-din-raionul-basarabeasca-au-ocupat-primele-doua-pozitii\\\/\",\"url\":\"https:\\\/\\\/bas-tv.md\\\/ro\\\/foto-dubla-victorie-la-turneul-de-volei-din-riscani-echipele-din-raionul-basarabeasca-au-ocupat-primele-doua-pozitii\\\/\",\"name\":\"(FOTO) Dubl\u0103 victorie la Turneul de Volei din R\u00ee\u0219cani: echipele din raionul Basarabeasca au ocupat primele dou\u0103 pozi\u021bii - BasTV\",\"isPartOf\":{\"@id\":\"https:\\\/\\\/bas-tv.md\\\/ro\\\/#website\"},\"primaryImageOfPage\":{\"@id\":\"https:\\\/\\\/bas-tv.md\\\/ro\\\/foto-dubla-victorie-la-turneul-de-volei-din-riscani-echipele-din-raionul-basarabeasca-au-ocupat-primele-doua-pozitii\\\/#primaryimage\"},\"image\":{\"@id\":\"https:\\\/\\\/bas-tv.md\\\/ro\\\/foto-dubla-victorie-la-turneul-de-volei-din-riscani-echipele-din-raionul-basarabeasca-au-ocupat-primele-doua-pozitii\\\/#primaryimage\"},\"thumbnailUrl\":\"https:\\\/\\\/bas-tv.md\\\/wp-content\\\/uploads\\\/2025\\\/03\\\/photo_2025-03-12_17-10-29-2-e1741792676844.jpg\",\"datePublished\":\"2025-03-12T15:30:11+00:00\",\"dateModified\":\"2025-03-12T16:12:25+00:00\",\"description\":\"Echipa de volei din ora\u0219ul Basarabeasca a cucerit locul I la Turneul Interna\u021bional de Volei din R\u00ee\u0219cani, impun\u00e2ndu-se cu scorul de 2:1 \u00een fa\u021ba echipei din satul Sadaclia, \u00eentr-o final\u0103 tensionat\u0103 \u0219i plin\u0103 de emo\u021bie. Competi\u021bia, ajuns\u0103 la cea de-a IX-a edi\u021bie, a reunit opt echipe din Republica Moldova \u0219i Rom\u00e2nia, consolid\u00e2nd voleiul ca un sport de tradi\u021bie \u00een regiune.\",\"inLanguage\":\"ro-RO\",\"potentialAction\":[{\"@type\":\"ReadAction\",\"target\":[\"https:\\\/\\\/bas-tv.md\\\/ro\\\/foto-dubla-victorie-la-turneul-de-volei-din-riscani-echipele-din-raionul-basarabeasca-au-ocupat-primele-doua-pozitii\\\/\"]}]},{\"@type\":\"ImageObject\",\"inLanguage\":\"ro-RO\",\"@id\":\"https:\\\/\\\/bas-tv.md\\\/ro\\\/foto-dubla-victorie-la-turneul-de-volei-din-riscani-echipele-din-raionul-basarabeasca-au-ocupat-primele-doua-pozitii\\\/#primaryimage\",\"url\":\"https:\\\/\\\/bas-tv.md\\\/wp-content\\\/uploads\\\/2025\\\/03\\\/photo_2025-03-12_17-10-29-2-e1741792676844.jpg\",\"contentUrl\":\"https:\\\/\\\/bas-tv.md\\\/wp-content\\\/uploads\\\/2025\\\/03\\\/photo_2025-03-12_17-10-29-2-e1741792676844.jpg\",\"width\":956,\"height\":774},{\"@type\":\"WebSite\",\"@id\":\"https:\\\/\\\/bas-tv.md\\\/ro\\\/#website\",\"url\":\"https:\\\/\\\/bas-tv.md\\\/ro\\\/\",\"name\":\"BasTV\",\"description\":\"Moldova\",\"publisher\":{\"@id\":\"https:\\\/\\\/bas-tv.md\\\/ro\\\/#organization\"},\"potentialAction\":[{\"@type\":\"SearchAction\",\"target\":{\"@type\":\"EntryPoint\",\"urlTemplate\":\"https:\\\/\\\/bas-tv.md\\\/ro\\\/?s={search_term_string}\"},\"query-input\":{\"@type\":\"PropertyValueSpecification\",\"valueRequired\":true,\"valueName\":\"search_term_string\"}}],\"inLanguage\":\"ro-RO\"},{\"@type\":\"Organization\",\"@id\":\"https:\\\/\\\/bas-tv.md\\\/ro\\\/#organization\",\"name\":\"BasTV\",\"url\":\"https:\\\/\\\/bas-tv.md\\\/ro\\\/\",\"logo\":{\"@type\":\"ImageObject\",\"inLanguage\":\"ro-RO\",\"@id\":\"https:\\\/\\\/bas-tv.md\\\/ro\\\/#\\\/schema\\\/logo\\\/image\\\/\",\"url\":\"https:\\\/\\\/bas-tv.md\\\/wp-content\\\/uploads\\\/2023\\\/05\\\/bas-tv-culoarea-rosie.png\",\"contentUrl\":\"https:\\\/\\\/bas-tv.md\\\/wp-content\\\/uploads\\\/2023\\\/05\\\/bas-tv-culoarea-rosie.png\",\"width\":202,\"height\":50,\"caption\":\"BasTV\"},\"image\":{\"@id\":\"https:\\\/\\\/bas-tv.md\\\/ro\\\/#\\\/schema\\\/logo\\\/image\\\/\"}},{\"@type\":\"Person\",\"@id\":\"https:\\\/\\\/bas-tv.md\\\/ro\\\/#\\\/schema\\\/person\\\/8740f45ea2eca1f1695284fc03529af0\",\"name\":\"Redactor\",\"image\":{\"@type\":\"ImageObject\",\"inLanguage\":\"ro-RO\",\"@id\":\"https:\\\/\\\/bas-tv.md\\\/wp-content\\\/litespeed\\\/avatar\\\/91c0586f3f6f4396a4ec1287c965eeeb.jpg?ver=1777555749\",\"url\":\"https:\\\/\\\/bas-tv.md\\\/wp-content\\\/litespeed\\\/avatar\\\/91c0586f3f6f4396a4ec1287c965eeeb.jpg?ver=1777555749\",\"contentUrl\":\"https:\\\/\\\/bas-tv.md\\\/wp-content\\\/litespeed\\\/avatar\\\/91c0586f3f6f4396a4ec1287c965eeeb.jpg?ver=1777555749\",\"caption\":\"Redactor\"},\"url\":\"https:\\\/\\\/bas-tv.md\\\/ro\\\/author\\\/redactor\\\/\"}]}<\/script>\n<!-- \/ Yoast SEO plugin. -->","yoast_head_json":{"title":"(FOTO) Dubl\u0103 victorie la Turneul de Volei din R\u00ee\u0219cani: echipele din raionul Basarabeasca au ocupat primele dou\u0103 pozi\u021bii - BasTV","description":"Echipa de volei din ora\u0219ul Basarabeasca a cucerit locul I la Turneul Interna\u021bional de Volei din R\u00ee\u0219cani, impun\u00e2ndu-se cu scorul de 2:1 \u00een fa\u021ba echipei din satul Sadaclia, \u00eentr-o final\u0103 tensionat\u0103 \u0219i plin\u0103 de emo\u021bie. Competi\u021bia, ajuns\u0103 la cea de-a IX-a edi\u021bie, a reunit opt echipe din Republica Moldova \u0219i Rom\u00e2nia, consolid\u00e2nd voleiul ca un sport de tradi\u021bie \u00een regiune.","robots":{"index":"index","follow":"follow","max-snippet":"max-snippet:-1","max-image-preview":"max-image-preview:large","max-video-preview":"max-video-preview:-1"},"canonical":"https:\/\/bas-tv.md\/ro\/foto-dubla-victorie-la-turneul-de-volei-din-riscani-echipele-din-raionul-basarabeasca-au-ocupat-primele-doua-pozitii\/","og_locale":"ro_RO","og_type":"article","og_title":"(FOTO) Dubl\u0103 victorie la Turneul de Volei din R\u00ee\u0219cani: echipele din raionul Basarabeasca au ocupat primele dou\u0103 pozi\u021bii - BasTV","og_description":"Echipa de volei din ora\u0219ul Basarabeasca a cucerit locul I la Turneul Interna\u021bional de Volei din R\u00ee\u0219cani, impun\u00e2ndu-se cu scorul de 2:1 \u00een fa\u021ba echipei din satul Sadaclia, \u00eentr-o final\u0103 tensionat\u0103 \u0219i plin\u0103 de emo\u021bie. Competi\u021bia, ajuns\u0103 la cea de-a IX-a edi\u021bie, a reunit opt echipe din Republica Moldova \u0219i Rom\u00e2nia, consolid\u00e2nd voleiul ca un sport de tradi\u021bie \u00een regiune.","og_url":"https:\/\/bas-tv.md\/ro\/foto-dubla-victorie-la-turneul-de-volei-din-riscani-echipele-din-raionul-basarabeasca-au-ocupat-primele-doua-pozitii\/","og_site_name":"BasTV","article_published_time":"2025-03-12T15:30:11+00:00","article_modified_time":"2025-03-12T16:12:25+00:00","og_image":[{"width":956,"height":774,"url":"https:\/\/bas-tv.md\/wp-content\/uploads\/2025\/03\/photo_2025-03-12_17-10-29-2-e1741792676844.jpg","type":"image\/jpeg"}],"author":"Redactor","twitter_card":"summary_large_image","twitter_misc":{"Scris de":"Redactor","Timp estimat pentru citire":"4 minute"},"schema":{"@context":"https:\/\/schema.org","@graph":[{"@type":"Article","@id":"https:\/\/bas-tv.md\/ro\/foto-dubla-victorie-la-turneul-de-volei-din-riscani-echipele-din-raionul-basarabeasca-au-ocupat-primele-doua-pozitii\/#article","isPartOf":{"@id":"https:\/\/bas-tv.md\/ro\/foto-dubla-victorie-la-turneul-de-volei-din-riscani-echipele-din-raionul-basarabeasca-au-ocupat-primele-doua-pozitii\/"},"author":{"name":"Redactor","@id":"https:\/\/bas-tv.md\/ro\/#\/schema\/person\/8740f45ea2eca1f1695284fc03529af0"},"headline":"(FOTO) Dubl\u0103 victorie la Turneul de Volei din R\u00ee\u0219cani: echipele din raionul Basarabeasca au ocupat primele dou\u0103 pozi\u021bii","datePublished":"2025-03-12T15:30:11+00:00","dateModified":"2025-03-12T16:12:25+00:00","mainEntityOfPage":{"@id":"https:\/\/bas-tv.md\/ro\/foto-dubla-victorie-la-turneul-de-volei-din-riscani-echipele-din-raionul-basarabeasca-au-ocupat-primele-doua-pozitii\/"},"wordCount":784,"publisher":{"@id":"https:\/\/bas-tv.md\/ro\/#organization"},"image":{"@id":"https:\/\/bas-tv.md\/ro\/foto-dubla-victorie-la-turneul-de-volei-din-riscani-echipele-din-raionul-basarabeasca-au-ocupat-primele-doua-pozitii\/#primaryimage"},"thumbnailUrl":"https:\/\/bas-tv.md\/wp-content\/uploads\/2025\/03\/photo_2025-03-12_17-10-29-2-e1741792676844.jpg","keywords":["Basarabeasca","competi\u021bie de volei","R\u00ee\u0219cani","sadaclia","turneu de volei","Turneul Interna\u021bional de Volei din R\u00ee\u0219cani","volei"],"articleSection":["Actualitate","\u00cen Basarabeasca"],"inLanguage":"ro-RO"},{"@type":"WebPage","@id":"https:\/\/bas-tv.md\/ro\/foto-dubla-victorie-la-turneul-de-volei-din-riscani-echipele-din-raionul-basarabeasca-au-ocupat-primele-doua-pozitii\/","url":"https:\/\/bas-tv.md\/ro\/foto-dubla-victorie-la-turneul-de-volei-din-riscani-echipele-din-raionul-basarabeasca-au-ocupat-primele-doua-pozitii\/","name":"(FOTO) Dubl\u0103 victorie la Turneul de Volei din R\u00ee\u0219cani: echipele din raionul Basarabeasca au ocupat primele dou\u0103 pozi\u021bii - BasTV","isPartOf":{"@id":"https:\/\/bas-tv.md\/ro\/#website"},"primaryImageOfPage":{"@id":"https:\/\/bas-tv.md\/ro\/foto-dubla-victorie-la-turneul-de-volei-din-riscani-echipele-din-raionul-basarabeasca-au-ocupat-primele-doua-pozitii\/#primaryimage"},"image":{"@id":"https:\/\/bas-tv.md\/ro\/foto-dubla-victorie-la-turneul-de-volei-din-riscani-echipele-din-raionul-basarabeasca-au-ocupat-primele-doua-pozitii\/#primaryimage"},"thumbnailUrl":"https:\/\/bas-tv.md\/wp-content\/uploads\/2025\/03\/photo_2025-03-12_17-10-29-2-e1741792676844.jpg","datePublished":"2025-03-12T15:30:11+00:00","dateModified":"2025-03-12T16:12:25+00:00","description":"Echipa de volei din ora\u0219ul Basarabeasca a cucerit locul I la Turneul Interna\u021bional de Volei din R\u00ee\u0219cani, impun\u00e2ndu-se cu scorul de 2:1 \u00een fa\u021ba echipei din satul Sadaclia, \u00eentr-o final\u0103 tensionat\u0103 \u0219i plin\u0103 de emo\u021bie. Competi\u021bia, ajuns\u0103 la cea de-a IX-a edi\u021bie, a reunit opt echipe din Republica Moldova \u0219i Rom\u00e2nia, consolid\u00e2nd voleiul ca un sport de tradi\u021bie \u00een regiune.","inLanguage":"ro-RO","potentialAction":[{"@type":"ReadAction","target":["https:\/\/bas-tv.md\/ro\/foto-dubla-victorie-la-turneul-de-volei-din-riscani-echipele-din-raionul-basarabeasca-au-ocupat-primele-doua-pozitii\/"]}]},{"@type":"ImageObject","inLanguage":"ro-RO","@id":"https:\/\/bas-tv.md\/ro\/foto-dubla-victorie-la-turneul-de-volei-din-riscani-echipele-din-raionul-basarabeasca-au-ocupat-primele-doua-pozitii\/#primaryimage","url":"https:\/\/bas-tv.md\/wp-content\/uploads\/2025\/03\/photo_2025-03-12_17-10-29-2-e1741792676844.jpg","contentUrl":"https:\/\/bas-tv.md\/wp-content\/uploads\/2025\/03\/photo_2025-03-12_17-10-29-2-e1741792676844.jpg","width":956,"height":774},{"@type":"WebSite","@id":"https:\/\/bas-tv.md\/ro\/#website","url":"https:\/\/bas-tv.md\/ro\/","name":"BasTV","description":"Moldova","publisher":{"@id":"https:\/\/bas-tv.md\/ro\/#organization"},"potentialAction":[{"@type":"SearchAction","target":{"@type":"EntryPoint","urlTemplate":"https:\/\/bas-tv.md\/ro\/?s={search_term_string}"},"query-input":{"@type":"PropertyValueSpecification","valueRequired":true,"valueName":"search_term_string"}}],"inLanguage":"ro-RO"},{"@type":"Organization","@id":"https:\/\/bas-tv.md\/ro\/#organization","name":"BasTV","url":"https:\/\/bas-tv.md\/ro\/","logo":{"@type":"ImageObject","inLanguage":"ro-RO","@id":"https:\/\/bas-tv.md\/ro\/#\/schema\/logo\/image\/","url":"https:\/\/bas-tv.md\/wp-content\/uploads\/2023\/05\/bas-tv-culoarea-rosie.png","contentUrl":"https:\/\/bas-tv.md\/wp-content\/uploads\/2023\/05\/bas-tv-culoarea-rosie.png","width":202,"height":50,"caption":"BasTV"},"image":{"@id":"https:\/\/bas-tv.md\/ro\/#\/schema\/logo\/image\/"}},{"@type":"Person","@id":"https:\/\/bas-tv.md\/ro\/#\/schema\/person\/8740f45ea2eca1f1695284fc03529af0","name":"Redactor","image":{"@type":"ImageObject","inLanguage":"ro-RO","@id":"https:\/\/bas-tv.md\/wp-content\/litespeed\/avatar\/91c0586f3f6f4396a4ec1287c965eeeb.jpg?ver=1777555749","url":"https:\/\/bas-tv.md\/wp-content\/litespeed\/avatar\/91c0586f3f6f4396a4ec1287c965eeeb.jpg?ver=1777555749","contentUrl":"https:\/\/bas-tv.md\/wp-content\/litespeed\/avatar\/91c0586f3f6f4396a4ec1287c965eeeb.jpg?ver=1777555749","caption":"Redactor"},"url":"https:\/\/bas-tv.md\/ro\/author\/redactor\/"}]}},"views":447,"_links":{"self":[{"href":"https:\/\/bas-tv.md\/ro\/wp-json\/wp\/v2\/posts\/141086","targetHints":{"allow":["GET"]}}],"collection":[{"href":"https:\/\/bas-tv.md\/ro\/wp-json\/wp\/v2\/posts"}],"about":[{"href":"https:\/\/bas-tv.md\/ro\/wp-json\/wp\/v2\/types\/post"}],"author":[{"embeddable":true,"href":"https:\/\/bas-tv.md\/ro\/wp-json\/wp\/v2\/users\/3"}],"replies":[{"embeddable":true,"href":"https:\/\/bas-tv.md\/ro\/wp-json\/wp\/v2\/comments?post=141086"}],"version-history":[{"count":9,"href":"https:\/\/bas-tv.md\/ro\/wp-json\/wp\/v2\/posts\/141086\/revisions"}],"predecessor-version":[{"id":141104,"href":"https:\/\/bas-tv.md\/ro\/wp-json\/wp\/v2\/posts\/141086\/revisions\/141104"}],"wp:featuredmedia":[{"embeddable":true,"href":"https:\/\/bas-tv.md\/ro\/wp-json\/wp\/v2\/media\/141090"}],"wp:attachment":[{"href":"https:\/\/bas-tv.md\/ro\/wp-json\/wp\/v2\/media?parent=141086"}],"wp:term":[{"taxonomy":"category","embeddable":true,"href":"https:\/\/bas-tv.md\/ro\/wp-json\/wp\/v2\/categories?post=141086"},{"taxonomy":"post_tag","embeddable":true,"href":"https:\/\/bas-tv.md\/ro\/wp-json\/wp\/v2\/tags?post=141086"}],"curies":[{"name":"wp","href":"https:\/\/api.w.org\/{rel}","templated":true}]}}