{"id":143809,"date":"2025-04-11T13:00:37","date_gmt":"2025-04-11T10:00:37","guid":{"rendered":"https:\/\/bas-tv.md\/?p=143809"},"modified":"2025-04-11T12:01:34","modified_gmt":"2025-04-11T09:01:34","slug":"program-nou-capitala-sportului-o-initiativa-nationala-pentru-promovarea-unui-stil-de-viata-activ","status":"publish","type":"post","link":"https:\/\/bas-tv.md\/ro\/program-nou-capitala-sportului-o-initiativa-nationala-pentru-promovarea-unui-stil-de-viata-activ\/","title":{"rendered":"Program nou: \u201eCapitala Sportului\u201d \u2013 o ini\u021biativ\u0103 na\u021bional\u0103 pentru promovarea unui stil de via\u021b\u0103 activ"},"content":{"rendered":"<p><strong>Ministerul Educa\u021biei \u0219i Cercet\u0103rii a lansat, \u00een premier\u0103, programul \u201eCapitala Sportului\u201d, destinat promov\u0103rii sportului la nivel local \u0219i sus\u021binerii unui stil de via\u021b\u0103 s\u0103n\u0103tos. Cu un buget de p\u00e2n\u0103 la un milion de lei, programul ofer\u0103 oportunitatea unei localit\u0103\u021bi s\u0103 devin\u0103, timp de un an, un model na\u021bional \u00een domeniul sportului.<\/strong><\/p>\n<p>Localitatea desemnat\u0103 va beneficia de finan\u021bare pentru organizarea unor evenimente precum:<\/p>\n<ul>\n<li>Sport Fest \u2013 festival sportiv pentru \u00eentreaga comunitate,<\/li>\n<li>Forumul Sportiv \u2013 eveniment cu participare na\u021bional\u0103,<\/li>\n<li>elaborarea unei strategii locale pentru sport,<\/li>\n<li>cursuri de instruire pentru responsabilii locali,<\/li>\n<li>o competi\u021bie republican\u0103 la o ramur\u0103 sportiv\u0103 olimpic\u0103\/paralimpic\u0103.<\/li>\n<\/ul>\n<p>Sunt eligibile autorit\u0103\u021bile publice locale de nivel I, cu excep\u021bia municipiilor Chi\u0219in\u0103u \u0219i B\u0103l\u021bi. Termenul-limit\u0103 pentru depunerea dosarelor este 15 mai 2025.<\/p>\n<p>Secretarul de stat Sergiu Gurin a subliniat c\u0103 programul \u00ee\u0219i propune s\u0103 aduc\u0103 sportul mai aproape de comunit\u0103\u021bi \u0219i s\u0103 stimuleze dezvoltarea infrastructurii sportive locale.<\/p>\n<p>MEC va organiza sesiuni de promovare \u0219i instruire pentru ghidarea autorit\u0103\u021bilor locale \u00een completarea dosarelor.<\/p>\n<div id='gallery-1' class='gallery galleryid-143809 gallery-columns-2 gallery-size-full'><figure class='gallery-item'>\n\t\t\t<div class='gallery-icon landscape'>\n\t\t\t\t<a href='https:\/\/bas-tv.md\/ro\/program-nou-capitala-sportului-o-initiativa-nationala-pentru-promovarea-unui-stil-de-viata-activ\/490032465_648211541454412_8457681695419123689_n\/'><img fetchpriority=\"high\" decoding=\"async\" width=\"1080\" height=\"718\" src=\"https:\/\/bas-tv.md\/wp-content\/uploads\/2025\/04\/490032465_648211541454412_8457681695419123689_n.jpg\" class=\"attachment-full size-full\" alt=\"\" srcset=\"https:\/\/bas-tv.md\/wp-content\/uploads\/2025\/04\/490032465_648211541454412_8457681695419123689_n.jpg 1080w, https:\/\/bas-tv.md\/wp-content\/uploads\/2025\/04\/490032465_648211541454412_8457681695419123689_n-300x199.jpg 300w, https:\/\/bas-tv.md\/wp-content\/uploads\/2025\/04\/490032465_648211541454412_8457681695419123689_n-1024x681.jpg 1024w, https:\/\/bas-tv.md\/wp-content\/uploads\/2025\/04\/490032465_648211541454412_8457681695419123689_n-768x511.jpg 768w\" sizes=\"(max-width: 1080px) 100vw, 1080px\" \/><\/a>\n\t\t\t<\/div><\/figure><figure class='gallery-item'>\n\t\t\t<div class='gallery-icon landscape'>\n\t\t\t\t<a href='https:\/\/bas-tv.md\/ro\/program-nou-capitala-sportului-o-initiativa-nationala-pentru-promovarea-unui-stil-de-viata-activ\/490447475_1595935937778456_6946615188921186808_n\/'><img decoding=\"async\" width=\"1080\" height=\"604\" data-src=\"https:\/\/bas-tv.md\/wp-content\/uploads\/2025\/04\/490447475_1595935937778456_6946615188921186808_n.jpg\" class=\"attachment-full size-full lazyload\" alt=\"\" data-srcset=\"https:\/\/bas-tv.md\/wp-content\/uploads\/2025\/04\/490447475_1595935937778456_6946615188921186808_n.jpg 1080w, https:\/\/bas-tv.md\/wp-content\/uploads\/2025\/04\/490447475_1595935937778456_6946615188921186808_n-300x168.jpg 300w, https:\/\/bas-tv.md\/wp-content\/uploads\/2025\/04\/490447475_1595935937778456_6946615188921186808_n-1024x573.jpg 1024w, https:\/\/bas-tv.md\/wp-content\/uploads\/2025\/04\/490447475_1595935937778456_6946615188921186808_n-768x430.jpg 768w\" data-sizes=\"(max-width: 1080px) 100vw, 1080px\" src=\"data:image\/svg+xml;base64,PHN2ZyB3aWR0aD0iMSIgaGVpZ2h0PSIxIiB4bWxucz0iaHR0cDovL3d3dy53My5vcmcvMjAwMC9zdmciPjwvc3ZnPg==\" style=\"--smush-placeholder-width: 1080px; --smush-placeholder-aspect-ratio: 1080\/604;\" \/><\/a>\n\t\t\t<\/div><\/figure>\n\t\t<\/div>\n\n<p><b>Abona\u021bi-v\u0103 la noi pe re\u021bele sociale:\u00a0<\/b><a href=\"https:\/\/t.me\/bastvmd\"><b><i>Telegram<\/i><\/b><\/a><b>,\u00a0<\/b><a href=\"https:\/\/www.youtube.com\/channel\/UC-9005PnLnhpNM8PVSjP2dQ\/featured\"><b><i>YouTube<\/i><\/b><\/a><b>,\u00a0<\/b><a href=\"https:\/\/www.facebook.com\/bastv.md\"><b><i>Facebook<\/i><\/b><\/a>\u00a0\u0219i\u00a0<a href=\"https:\/\/www.instagram.com\/bastv.md\/\"><b><i>Instagram<\/i><\/b><\/a><b>.\u00a0 Aici public\u0103m \u0219tiri pe scurt!<\/b><\/p>\n","protected":false},"excerpt":{"rendered":"<p>Ministerul Educa\u021biei \u0219i Cercet\u0103rii a lansat, \u00een premier\u0103, programul \u201eCapitala Sportului\u201d, destinat promov\u0103rii sportului la nivel local \u0219i sus\u021binerii unui stil de via\u021b\u0103 s\u0103n\u0103tos. Cu un buget de p\u00e2n\u0103 la un milion de lei, programul ofer\u0103 oportunitatea unei localit\u0103\u021bi s\u0103 devin\u0103, timp de un an, un model na\u021bional \u00een domeniul sportului. Localitatea desemnat\u0103 va beneficia [&hellip;]<\/p>\n","protected":false},"author":3,"featured_media":143811,"comment_status":"closed","ping_status":"closed","sticky":false,"template":"","format":"standard","meta":{"footnotes":""},"categories":[602,570],"tags":[7711,7707,7715,7712,7710,7713,2353,7708,7714,7709],"class_list":["post-143809","post","type-post","status-publish","format-standard","has-post-thumbnail","hentry","category-actualitate","category-in-moldova","tag-autoritati-locale-sport","tag-capitala-sportului-2025","tag-competitii-sportive-locale","tag-evenimente-sportive-moldova","tag-finantare-sport-moldova","tag-infrastructura-sportiva","tag-ministerul-educatiei-si-cercetarii","tag-promovarea-sportului-local","tag-sport-fest-moldova","tag-stil-de-viata-sanatos"],"yoast_head":"<!-- This site is optimized with the Yoast SEO plugin v27.5 - https:\/\/yoast.com\/product\/yoast-seo-wordpress\/ -->\n<title>Programul \u201eCapitala Sportului\u201d 2025: O oportunitate pentru localit\u0103\u021bi de a promova sportul \u0219i un stil de via\u021b\u0103 activ<\/title>\n<meta name=\"description\" content=\"Ministerul Educa\u021biei \u0219i Cercet\u0103rii lanseaz\u0103 \u00een premier\u0103 programul \u201eCapitala Sportului\u201d, oferind localit\u0103\u021bilor din Moldova \u0219ansa de a deveni modele na\u021bionale \u00een sport. Cu un buget de p\u00e2n\u0103 la 1 milion de lei, programul sus\u021bine evenimente sportive, instruiri \u0219i dezvoltarea infrastructurii. Termen-limit\u0103: 15 mai 2025.\" \/>\n<meta name=\"robots\" content=\"index, follow, max-snippet:-1, max-image-preview:large, max-video-preview:-1\" \/>\n<link rel=\"canonical\" href=\"https:\/\/bas-tv.md\/ro\/program-nou-capitala-sportului-o-initiativa-nationala-pentru-promovarea-unui-stil-de-viata-activ\/\" \/>\n<meta property=\"og:locale\" content=\"ro_RO\" \/>\n<meta property=\"og:type\" content=\"article\" \/>\n<meta property=\"og:title\" content=\"Programul \u201eCapitala Sportului\u201d 2025: O oportunitate pentru localit\u0103\u021bi de a promova sportul \u0219i un stil de via\u021b\u0103 activ\" \/>\n<meta property=\"og:description\" content=\"Ministerul Educa\u021biei \u0219i Cercet\u0103rii lanseaz\u0103 \u00een premier\u0103 programul \u201eCapitala Sportului\u201d, oferind localit\u0103\u021bilor din Moldova \u0219ansa de a deveni modele na\u021bionale \u00een sport. Cu un buget de p\u00e2n\u0103 la 1 milion de lei, programul sus\u021bine evenimente sportive, instruiri \u0219i dezvoltarea infrastructurii. Termen-limit\u0103: 15 mai 2025.\" \/>\n<meta property=\"og:url\" content=\"https:\/\/bas-tv.md\/ro\/program-nou-capitala-sportului-o-initiativa-nationala-pentru-promovarea-unui-stil-de-viata-activ\/\" \/>\n<meta property=\"og:site_name\" content=\"BasTV\" \/>\n<meta property=\"article:published_time\" content=\"2025-04-11T10:00:37+00:00\" \/>\n<meta property=\"og:image\" content=\"https:\/\/bas-tv.md\/wp-content\/uploads\/2025\/04\/490439033_1166832638039496_2469681535047899289_n.jpg\" \/>\n\t<meta property=\"og:image:width\" content=\"1080\" \/>\n\t<meta property=\"og:image:height\" content=\"594\" \/>\n\t<meta property=\"og:image:type\" content=\"image\/jpeg\" \/>\n<meta name=\"author\" content=\"Redactor\" \/>\n<meta name=\"twitter:card\" content=\"summary_large_image\" \/>\n<meta name=\"twitter:label1\" content=\"Scris de\" \/>\n\t<meta name=\"twitter:data1\" content=\"Redactor\" \/>\n\t<meta name=\"twitter:label2\" content=\"Timp estimat pentru citire\" \/>\n\t<meta name=\"twitter:data2\" content=\"2 minute\" \/>\n<script type=\"application\/ld+json\" class=\"yoast-schema-graph\">{\"@context\":\"https:\\\/\\\/schema.org\",\"@graph\":[{\"@type\":\"Article\",\"@id\":\"https:\\\/\\\/bas-tv.md\\\/ro\\\/program-nou-capitala-sportului-o-initiativa-nationala-pentru-promovarea-unui-stil-de-viata-activ\\\/#article\",\"isPartOf\":{\"@id\":\"https:\\\/\\\/bas-tv.md\\\/ro\\\/program-nou-capitala-sportului-o-initiativa-nationala-pentru-promovarea-unui-stil-de-viata-activ\\\/\"},\"author\":{\"name\":\"Redactor\",\"@id\":\"https:\\\/\\\/bas-tv.md\\\/ro\\\/#\\\/schema\\\/person\\\/8740f45ea2eca1f1695284fc03529af0\"},\"headline\":\"Program nou: \u201eCapitala Sportului\u201d \u2013 o ini\u021biativ\u0103 na\u021bional\u0103 pentru promovarea unui stil de via\u021b\u0103 activ\",\"datePublished\":\"2025-04-11T10:00:37+00:00\",\"mainEntityOfPage\":{\"@id\":\"https:\\\/\\\/bas-tv.md\\\/ro\\\/program-nou-capitala-sportului-o-initiativa-nationala-pentru-promovarea-unui-stil-de-viata-activ\\\/\"},\"wordCount\":216,\"publisher\":{\"@id\":\"https:\\\/\\\/bas-tv.md\\\/ro\\\/#organization\"},\"image\":{\"@id\":\"https:\\\/\\\/bas-tv.md\\\/ro\\\/program-nou-capitala-sportului-o-initiativa-nationala-pentru-promovarea-unui-stil-de-viata-activ\\\/#primaryimage\"},\"thumbnailUrl\":\"https:\\\/\\\/bas-tv.md\\\/wp-content\\\/uploads\\\/2025\\\/04\\\/490439033_1166832638039496_2469681535047899289_n.jpg\",\"keywords\":[\"autorit\u0103\u021bi locale sport\",\"Capitala Sportului 2025\",\"competi\u021bii sportive locale\",\"evenimente sportive Moldova\",\"finan\u021bare sport Moldova\",\"infrastructur\u0103 sportiv\u0103\",\"Ministerul Educa\u021biei \u0219i Cercet\u0103rii\",\"promovarea sportului local\",\"Sport Fest Moldova\",\"stil de via\u021b\u0103 s\u0103n\u0103tos\"],\"articleSection\":[\"Actualitate\",\"\u00cen Moldova\"],\"inLanguage\":\"ro-RO\"},{\"@type\":\"WebPage\",\"@id\":\"https:\\\/\\\/bas-tv.md\\\/ro\\\/program-nou-capitala-sportului-o-initiativa-nationala-pentru-promovarea-unui-stil-de-viata-activ\\\/\",\"url\":\"https:\\\/\\\/bas-tv.md\\\/ro\\\/program-nou-capitala-sportului-o-initiativa-nationala-pentru-promovarea-unui-stil-de-viata-activ\\\/\",\"name\":\"Programul \u201eCapitala Sportului\u201d 2025: O oportunitate pentru localit\u0103\u021bi de a promova sportul \u0219i un stil de via\u021b\u0103 activ\",\"isPartOf\":{\"@id\":\"https:\\\/\\\/bas-tv.md\\\/ro\\\/#website\"},\"primaryImageOfPage\":{\"@id\":\"https:\\\/\\\/bas-tv.md\\\/ro\\\/program-nou-capitala-sportului-o-initiativa-nationala-pentru-promovarea-unui-stil-de-viata-activ\\\/#primaryimage\"},\"image\":{\"@id\":\"https:\\\/\\\/bas-tv.md\\\/ro\\\/program-nou-capitala-sportului-o-initiativa-nationala-pentru-promovarea-unui-stil-de-viata-activ\\\/#primaryimage\"},\"thumbnailUrl\":\"https:\\\/\\\/bas-tv.md\\\/wp-content\\\/uploads\\\/2025\\\/04\\\/490439033_1166832638039496_2469681535047899289_n.jpg\",\"datePublished\":\"2025-04-11T10:00:37+00:00\",\"description\":\"Ministerul Educa\u021biei \u0219i Cercet\u0103rii lanseaz\u0103 \u00een premier\u0103 programul \u201eCapitala Sportului\u201d, oferind localit\u0103\u021bilor din Moldova \u0219ansa de a deveni modele na\u021bionale \u00een sport. Cu un buget de p\u00e2n\u0103 la 1 milion de lei, programul sus\u021bine evenimente sportive, instruiri \u0219i dezvoltarea infrastructurii. Termen-limit\u0103: 15 mai 2025.\",\"inLanguage\":\"ro-RO\",\"potentialAction\":[{\"@type\":\"ReadAction\",\"target\":[\"https:\\\/\\\/bas-tv.md\\\/ro\\\/program-nou-capitala-sportului-o-initiativa-nationala-pentru-promovarea-unui-stil-de-viata-activ\\\/\"]}]},{\"@type\":\"ImageObject\",\"inLanguage\":\"ro-RO\",\"@id\":\"https:\\\/\\\/bas-tv.md\\\/ro\\\/program-nou-capitala-sportului-o-initiativa-nationala-pentru-promovarea-unui-stil-de-viata-activ\\\/#primaryimage\",\"url\":\"https:\\\/\\\/bas-tv.md\\\/wp-content\\\/uploads\\\/2025\\\/04\\\/490439033_1166832638039496_2469681535047899289_n.jpg\",\"contentUrl\":\"https:\\\/\\\/bas-tv.md\\\/wp-content\\\/uploads\\\/2025\\\/04\\\/490439033_1166832638039496_2469681535047899289_n.jpg\",\"width\":1080,\"height\":594,\"caption\":\"Program nou: \u201eCapitala Sportului\u201d \u2013 o ini\u021biativ\u0103 na\u021bional\u0103 pentru promovarea unui stil de via\u021b\u0103 activ\"},{\"@type\":\"WebSite\",\"@id\":\"https:\\\/\\\/bas-tv.md\\\/ro\\\/#website\",\"url\":\"https:\\\/\\\/bas-tv.md\\\/ro\\\/\",\"name\":\"BasTV\",\"description\":\"Moldova\",\"publisher\":{\"@id\":\"https:\\\/\\\/bas-tv.md\\\/ro\\\/#organization\"},\"potentialAction\":[{\"@type\":\"SearchAction\",\"target\":{\"@type\":\"EntryPoint\",\"urlTemplate\":\"https:\\\/\\\/bas-tv.md\\\/ro\\\/?s={search_term_string}\"},\"query-input\":{\"@type\":\"PropertyValueSpecification\",\"valueRequired\":true,\"valueName\":\"search_term_string\"}}],\"inLanguage\":\"ro-RO\"},{\"@type\":\"Organization\",\"@id\":\"https:\\\/\\\/bas-tv.md\\\/ro\\\/#organization\",\"name\":\"BasTV\",\"url\":\"https:\\\/\\\/bas-tv.md\\\/ro\\\/\",\"logo\":{\"@type\":\"ImageObject\",\"inLanguage\":\"ro-RO\",\"@id\":\"https:\\\/\\\/bas-tv.md\\\/ro\\\/#\\\/schema\\\/logo\\\/image\\\/\",\"url\":\"https:\\\/\\\/bas-tv.md\\\/wp-content\\\/uploads\\\/2023\\\/05\\\/bas-tv-culoarea-rosie.png\",\"contentUrl\":\"https:\\\/\\\/bas-tv.md\\\/wp-content\\\/uploads\\\/2023\\\/05\\\/bas-tv-culoarea-rosie.png\",\"width\":202,\"height\":50,\"caption\":\"BasTV\"},\"image\":{\"@id\":\"https:\\\/\\\/bas-tv.md\\\/ro\\\/#\\\/schema\\\/logo\\\/image\\\/\"}},{\"@type\":\"Person\",\"@id\":\"https:\\\/\\\/bas-tv.md\\\/ro\\\/#\\\/schema\\\/person\\\/8740f45ea2eca1f1695284fc03529af0\",\"name\":\"Redactor\",\"image\":{\"@type\":\"ImageObject\",\"inLanguage\":\"ro-RO\",\"@id\":\"https:\\\/\\\/secure.gravatar.com\\\/avatar\\\/45b6af9fc91c10b15a8b40e67c1f57bab2e9614fc9f0af95cf453d61934e9aad?s=96&d=mm&r=g\",\"url\":\"https:\\\/\\\/secure.gravatar.com\\\/avatar\\\/45b6af9fc91c10b15a8b40e67c1f57bab2e9614fc9f0af95cf453d61934e9aad?s=96&d=mm&r=g\",\"contentUrl\":\"https:\\\/\\\/secure.gravatar.com\\\/avatar\\\/45b6af9fc91c10b15a8b40e67c1f57bab2e9614fc9f0af95cf453d61934e9aad?s=96&d=mm&r=g\",\"caption\":\"Redactor\"},\"url\":\"https:\\\/\\\/bas-tv.md\\\/ro\\\/author\\\/redactor\\\/\"}]}<\/script>\n<!-- \/ Yoast SEO plugin. -->","yoast_head_json":{"title":"Programul \u201eCapitala Sportului\u201d 2025: O oportunitate pentru localit\u0103\u021bi de a promova sportul \u0219i un stil de via\u021b\u0103 activ","description":"Ministerul Educa\u021biei \u0219i Cercet\u0103rii lanseaz\u0103 \u00een premier\u0103 programul \u201eCapitala Sportului\u201d, oferind localit\u0103\u021bilor din Moldova \u0219ansa de a deveni modele na\u021bionale \u00een sport. Cu un buget de p\u00e2n\u0103 la 1 milion de lei, programul sus\u021bine evenimente sportive, instruiri \u0219i dezvoltarea infrastructurii. Termen-limit\u0103: 15 mai 2025.","robots":{"index":"index","follow":"follow","max-snippet":"max-snippet:-1","max-image-preview":"max-image-preview:large","max-video-preview":"max-video-preview:-1"},"canonical":"https:\/\/bas-tv.md\/ro\/program-nou-capitala-sportului-o-initiativa-nationala-pentru-promovarea-unui-stil-de-viata-activ\/","og_locale":"ro_RO","og_type":"article","og_title":"Programul \u201eCapitala Sportului\u201d 2025: O oportunitate pentru localit\u0103\u021bi de a promova sportul \u0219i un stil de via\u021b\u0103 activ","og_description":"Ministerul Educa\u021biei \u0219i Cercet\u0103rii lanseaz\u0103 \u00een premier\u0103 programul \u201eCapitala Sportului\u201d, oferind localit\u0103\u021bilor din Moldova \u0219ansa de a deveni modele na\u021bionale \u00een sport. Cu un buget de p\u00e2n\u0103 la 1 milion de lei, programul sus\u021bine evenimente sportive, instruiri \u0219i dezvoltarea infrastructurii. Termen-limit\u0103: 15 mai 2025.","og_url":"https:\/\/bas-tv.md\/ro\/program-nou-capitala-sportului-o-initiativa-nationala-pentru-promovarea-unui-stil-de-viata-activ\/","og_site_name":"BasTV","article_published_time":"2025-04-11T10:00:37+00:00","og_image":[{"width":1080,"height":594,"url":"https:\/\/bas-tv.md\/wp-content\/uploads\/2025\/04\/490439033_1166832638039496_2469681535047899289_n.jpg","type":"image\/jpeg"}],"author":"Redactor","twitter_card":"summary_large_image","twitter_misc":{"Scris de":"Redactor","Timp estimat pentru citire":"2 minute"},"schema":{"@context":"https:\/\/schema.org","@graph":[{"@type":"Article","@id":"https:\/\/bas-tv.md\/ro\/program-nou-capitala-sportului-o-initiativa-nationala-pentru-promovarea-unui-stil-de-viata-activ\/#article","isPartOf":{"@id":"https:\/\/bas-tv.md\/ro\/program-nou-capitala-sportului-o-initiativa-nationala-pentru-promovarea-unui-stil-de-viata-activ\/"},"author":{"name":"Redactor","@id":"https:\/\/bas-tv.md\/ro\/#\/schema\/person\/8740f45ea2eca1f1695284fc03529af0"},"headline":"Program nou: \u201eCapitala Sportului\u201d \u2013 o ini\u021biativ\u0103 na\u021bional\u0103 pentru promovarea unui stil de via\u021b\u0103 activ","datePublished":"2025-04-11T10:00:37+00:00","mainEntityOfPage":{"@id":"https:\/\/bas-tv.md\/ro\/program-nou-capitala-sportului-o-initiativa-nationala-pentru-promovarea-unui-stil-de-viata-activ\/"},"wordCount":216,"publisher":{"@id":"https:\/\/bas-tv.md\/ro\/#organization"},"image":{"@id":"https:\/\/bas-tv.md\/ro\/program-nou-capitala-sportului-o-initiativa-nationala-pentru-promovarea-unui-stil-de-viata-activ\/#primaryimage"},"thumbnailUrl":"https:\/\/bas-tv.md\/wp-content\/uploads\/2025\/04\/490439033_1166832638039496_2469681535047899289_n.jpg","keywords":["autorit\u0103\u021bi locale sport","Capitala Sportului 2025","competi\u021bii sportive locale","evenimente sportive Moldova","finan\u021bare sport Moldova","infrastructur\u0103 sportiv\u0103","Ministerul Educa\u021biei \u0219i Cercet\u0103rii","promovarea sportului local","Sport Fest Moldova","stil de via\u021b\u0103 s\u0103n\u0103tos"],"articleSection":["Actualitate","\u00cen Moldova"],"inLanguage":"ro-RO"},{"@type":"WebPage","@id":"https:\/\/bas-tv.md\/ro\/program-nou-capitala-sportului-o-initiativa-nationala-pentru-promovarea-unui-stil-de-viata-activ\/","url":"https:\/\/bas-tv.md\/ro\/program-nou-capitala-sportului-o-initiativa-nationala-pentru-promovarea-unui-stil-de-viata-activ\/","name":"Programul \u201eCapitala Sportului\u201d 2025: O oportunitate pentru localit\u0103\u021bi de a promova sportul \u0219i un stil de via\u021b\u0103 activ","isPartOf":{"@id":"https:\/\/bas-tv.md\/ro\/#website"},"primaryImageOfPage":{"@id":"https:\/\/bas-tv.md\/ro\/program-nou-capitala-sportului-o-initiativa-nationala-pentru-promovarea-unui-stil-de-viata-activ\/#primaryimage"},"image":{"@id":"https:\/\/bas-tv.md\/ro\/program-nou-capitala-sportului-o-initiativa-nationala-pentru-promovarea-unui-stil-de-viata-activ\/#primaryimage"},"thumbnailUrl":"https:\/\/bas-tv.md\/wp-content\/uploads\/2025\/04\/490439033_1166832638039496_2469681535047899289_n.jpg","datePublished":"2025-04-11T10:00:37+00:00","description":"Ministerul Educa\u021biei \u0219i Cercet\u0103rii lanseaz\u0103 \u00een premier\u0103 programul \u201eCapitala Sportului\u201d, oferind localit\u0103\u021bilor din Moldova \u0219ansa de a deveni modele na\u021bionale \u00een sport. Cu un buget de p\u00e2n\u0103 la 1 milion de lei, programul sus\u021bine evenimente sportive, instruiri \u0219i dezvoltarea infrastructurii. Termen-limit\u0103: 15 mai 2025.","inLanguage":"ro-RO","potentialAction":[{"@type":"ReadAction","target":["https:\/\/bas-tv.md\/ro\/program-nou-capitala-sportului-o-initiativa-nationala-pentru-promovarea-unui-stil-de-viata-activ\/"]}]},{"@type":"ImageObject","inLanguage":"ro-RO","@id":"https:\/\/bas-tv.md\/ro\/program-nou-capitala-sportului-o-initiativa-nationala-pentru-promovarea-unui-stil-de-viata-activ\/#primaryimage","url":"https:\/\/bas-tv.md\/wp-content\/uploads\/2025\/04\/490439033_1166832638039496_2469681535047899289_n.jpg","contentUrl":"https:\/\/bas-tv.md\/wp-content\/uploads\/2025\/04\/490439033_1166832638039496_2469681535047899289_n.jpg","width":1080,"height":594,"caption":"Program nou: \u201eCapitala Sportului\u201d \u2013 o ini\u021biativ\u0103 na\u021bional\u0103 pentru promovarea unui stil de via\u021b\u0103 activ"},{"@type":"WebSite","@id":"https:\/\/bas-tv.md\/ro\/#website","url":"https:\/\/bas-tv.md\/ro\/","name":"BasTV","description":"Moldova","publisher":{"@id":"https:\/\/bas-tv.md\/ro\/#organization"},"potentialAction":[{"@type":"SearchAction","target":{"@type":"EntryPoint","urlTemplate":"https:\/\/bas-tv.md\/ro\/?s={search_term_string}"},"query-input":{"@type":"PropertyValueSpecification","valueRequired":true,"valueName":"search_term_string"}}],"inLanguage":"ro-RO"},{"@type":"Organization","@id":"https:\/\/bas-tv.md\/ro\/#organization","name":"BasTV","url":"https:\/\/bas-tv.md\/ro\/","logo":{"@type":"ImageObject","inLanguage":"ro-RO","@id":"https:\/\/bas-tv.md\/ro\/#\/schema\/logo\/image\/","url":"https:\/\/bas-tv.md\/wp-content\/uploads\/2023\/05\/bas-tv-culoarea-rosie.png","contentUrl":"https:\/\/bas-tv.md\/wp-content\/uploads\/2023\/05\/bas-tv-culoarea-rosie.png","width":202,"height":50,"caption":"BasTV"},"image":{"@id":"https:\/\/bas-tv.md\/ro\/#\/schema\/logo\/image\/"}},{"@type":"Person","@id":"https:\/\/bas-tv.md\/ro\/#\/schema\/person\/8740f45ea2eca1f1695284fc03529af0","name":"Redactor","image":{"@type":"ImageObject","inLanguage":"ro-RO","@id":"https:\/\/secure.gravatar.com\/avatar\/45b6af9fc91c10b15a8b40e67c1f57bab2e9614fc9f0af95cf453d61934e9aad?s=96&d=mm&r=g","url":"https:\/\/secure.gravatar.com\/avatar\/45b6af9fc91c10b15a8b40e67c1f57bab2e9614fc9f0af95cf453d61934e9aad?s=96&d=mm&r=g","contentUrl":"https:\/\/secure.gravatar.com\/avatar\/45b6af9fc91c10b15a8b40e67c1f57bab2e9614fc9f0af95cf453d61934e9aad?s=96&d=mm&r=g","caption":"Redactor"},"url":"https:\/\/bas-tv.md\/ro\/author\/redactor\/"}]}},"views":203,"_links":{"self":[{"href":"https:\/\/bas-tv.md\/ro\/wp-json\/wp\/v2\/posts\/143809","targetHints":{"allow":["GET"]}}],"collection":[{"href":"https:\/\/bas-tv.md\/ro\/wp-json\/wp\/v2\/posts"}],"about":[{"href":"https:\/\/bas-tv.md\/ro\/wp-json\/wp\/v2\/types\/post"}],"author":[{"embeddable":true,"href":"https:\/\/bas-tv.md\/ro\/wp-json\/wp\/v2\/users\/3"}],"replies":[{"embeddable":true,"href":"https:\/\/bas-tv.md\/ro\/wp-json\/wp\/v2\/comments?post=143809"}],"version-history":[{"count":2,"href":"https:\/\/bas-tv.md\/ro\/wp-json\/wp\/v2\/posts\/143809\/revisions"}],"predecessor-version":[{"id":143817,"href":"https:\/\/bas-tv.md\/ro\/wp-json\/wp\/v2\/posts\/143809\/revisions\/143817"}],"wp:featuredmedia":[{"embeddable":true,"href":"https:\/\/bas-tv.md\/ro\/wp-json\/wp\/v2\/media\/143811"}],"wp:attachment":[{"href":"https:\/\/bas-tv.md\/ro\/wp-json\/wp\/v2\/media?parent=143809"}],"wp:term":[{"taxonomy":"category","embeddable":true,"href":"https:\/\/bas-tv.md\/ro\/wp-json\/wp\/v2\/categories?post=143809"},{"taxonomy":"post_tag","embeddable":true,"href":"https:\/\/bas-tv.md\/ro\/wp-json\/wp\/v2\/tags?post=143809"}],"curies":[{"name":"wp","href":"https:\/\/api.w.org\/{rel}","templated":true}]}}