{"id":144260,"date":"2025-04-15T10:00:24","date_gmt":"2025-04-15T07:00:24","guid":{"rendered":"https:\/\/bas-tv.md\/?p=144260"},"modified":"2025-04-15T09:54:40","modified_gmt":"2025-04-15T06:54:40","slug":"ministerul-culturii-lanseaza-oficial-primul-concurs-de-proiecte-pentru-mass-media","status":"publish","type":"post","link":"https:\/\/bas-tv.md\/ro\/ministerul-culturii-lanseaza-oficial-primul-concurs-de-proiecte-pentru-mass-media\/","title":{"rendered":"Ministerul Culturii lanseaz\u0103 oficial primul concurs de proiecte pentru mass-media"},"content":{"rendered":"<p><strong>Ministerul Culturii al Republicii Moldova a lansat oficial ast\u0103zi, 14 aprilie 2025, primul concurs de proiecte destinat institu\u021biilor mass-media, \u00een cadrul Fondului pentru subven\u021bionarea mass-mediei. Aceast\u0103 ini\u021biativ\u0103 marcheaz\u0103 un moment important pentru sectorul mediatic na\u021bional, oferind pentru prima dat\u0103 un sprijin financiar sistemic pentru dezvoltarea presei independente.<\/strong><\/p>\n<p>Concursul vizeaz\u0103 sus\u021binerea proiectelor editoriale care contribuie la consolidarea unui spa\u021biu mediatic pluralist, profesionist \u0219i durabil, \u00eentr-un context \u00een care mass-media se confrunt\u0103 cu numeroase provoc\u0103ri economice \u0219i de credibilitate. Potrivit autorit\u0103\u021bilor, obiectivul principal este de a stimula jurnalismul de calitate, echilibrat \u0219i orientat spre interesul public.<\/p>\n<h5>Detalii despre concurs<\/h5>\n<p>Anun\u021bul concursului a fost publicat ini\u021bial pe 11 aprilie \u0219i este \u00eenso\u021bit de un regulament detaliat, care stabile\u0219te:<\/p>\n<p>Condi\u021biile de participare: pot aplica institu\u021bii mass-media \u00eenregistrate \u00een Republica Moldova, inclusiv televiziuni, posturi de radio, ziare, portaluri online, dar \u0219i organiza\u021bii neguvernamentale care activeaz\u0103 \u00een domeniul jurnalismului.<\/p>\n<p>Criteriile de eligibilitate: se va \u021bine cont de transparen\u021ba institu\u021bional\u0103, experien\u021ba \u00een domeniu, impactul estimat al proiectului \u0219i respectarea normelor deontologice.<\/p>\n<p>Domeniile prioritare de finan\u021bare: jurnalismul local \u0219i regional, educa\u021bia media, combaterea dezinform\u0103rii, promovarea culturii \u0219i identit\u0103\u021bii na\u021bionale, protec\u021bia drepturilor omului.<\/p>\n<p>Ministerul a anun\u021bat c\u0103 termenul-limit\u0103 pentru depunerea proiectelor este 15 mai 2025, iar evaluarea va fi realizat\u0103 de o comisie independent\u0103 format\u0103 din exper\u021bi na\u021bionali \u0219i interna\u021bionali.<\/p>\n<p>Acest concurs este parte a eforturilor mai largi ale Guvernului de a sus\u021bine libertatea presei \u0219i de a crea un climat favorabil pentru jurnalismul independent, \u00eentr-o perioad\u0103 marcat\u0103 de multiple presiuni \u0219i incertitudini.<\/p>\n<figure id=\"attachment_144266\" aria-describedby=\"caption-attachment-144266\" style=\"width: 528px\" class=\"wp-caption aligncenter\"><img fetchpriority=\"high\" decoding=\"async\" class=\"size-full wp-image-144266\" src=\"https:\/\/bas-tv.md\/wp-content\/uploads\/2025\/04\/fondul_subventionare_mass-media_pagina_mc.png\" alt=\"\" width=\"528\" height=\"373\" srcset=\"https:\/\/bas-tv.md\/wp-content\/uploads\/2025\/04\/fondul_subventionare_mass-media_pagina_mc.png 528w, https:\/\/bas-tv.md\/wp-content\/uploads\/2025\/04\/fondul_subventionare_mass-media_pagina_mc-300x212.png 300w\" sizes=\"(max-width: 528px) 100vw, 528px\" \/><figcaption id=\"caption-attachment-144266\" class=\"wp-caption-text\">Foto: gov.md<\/figcaption><\/figure>\n<p><b>Abona\u021bi-v\u0103 la noi pe re\u021bele sociale:\u00a0<\/b><a href=\"https:\/\/t.me\/bastvmd\"><b><i>Telegram<\/i><\/b><\/a><b>,\u00a0<\/b><a href=\"https:\/\/www.youtube.com\/channel\/UC-9005PnLnhpNM8PVSjP2dQ\/featured\"><b><i>YouTube<\/i><\/b><\/a><b>,\u00a0<\/b><a href=\"https:\/\/www.facebook.com\/bastv.md\"><b><i>Facebook<\/i><\/b><\/a>\u00a0\u0219i\u00a0<a href=\"https:\/\/www.instagram.com\/bastv.md\/\"><b><i>Instagram<\/i><\/b><\/a><b>.\u00a0 Aici public\u0103m \u0219tiri pe scurt!<\/b><\/p>\n","protected":false},"excerpt":{"rendered":"<p>Ministerul Culturii al Republicii Moldova a lansat oficial ast\u0103zi, 14 aprilie 2025, primul concurs de proiecte destinat institu\u021biilor mass-media, \u00een cadrul Fondului pentru subven\u021bionarea mass-mediei. Aceast\u0103 ini\u021biativ\u0103 marcheaz\u0103 un moment important pentru sectorul mediatic na\u021bional, oferind pentru prima dat\u0103 un sprijin financiar sistemic pentru dezvoltarea presei independente. Concursul vizeaz\u0103 sus\u021binerea proiectelor editoriale care contribuie la [&hellip;]<\/p>\n","protected":false},"author":3,"featured_media":144264,"comment_status":"closed","ping_status":"closed","sticky":false,"template":"","format":"standard","meta":{"footnotes":""},"categories":[602,570],"tags":[3663,7865,7871,2785,7868,7862,7866,7869,7867,7863,7864,7870],"class_list":["post-144260","post","type-post","status-publish","format-standard","has-post-thumbnail","hentry","category-actualitate","category-in-moldova","tag-combaterea-dezinformarii","tag-concurs-proiecte-media","tag-dezvoltarea-jurnalismului","tag-educatie-media","tag-finantare-media","tag-fond-subventionare-mass-media","tag-jurnalism-de-calitate","tag-libertatea-presei","tag-mass-media-moldova","tag-ministerul-culturii-moldova","tag-presa-independenta","tag-spatiu-mediatic-pluralist"],"yoast_head":"<!-- This site is optimized with the Yoast SEO plugin v27.5 - https:\/\/yoast.com\/product\/yoast-seo-wordpress\/ -->\n<title>Fond pentru pres\u0103: Subven\u021bii mass-media \u00een Moldova<\/title>\n<meta name=\"description\" content=\"Ministerul Culturii lanseaz\u0103 primul fond de subven\u021bii pentru mass-media din Moldova. Presa independent\u0103 poate aplica p\u00e2n\u0103 pe 15 mai 2025.\" \/>\n<meta name=\"robots\" content=\"index, follow, max-snippet:-1, max-image-preview:large, max-video-preview:-1\" \/>\n<link rel=\"canonical\" href=\"https:\/\/bas-tv.md\/ro\/ministerul-culturii-lanseaza-oficial-primul-concurs-de-proiecte-pentru-mass-media\/\" \/>\n<meta property=\"og:locale\" content=\"ro_RO\" \/>\n<meta property=\"og:type\" content=\"article\" \/>\n<meta property=\"og:title\" content=\"Fond pentru pres\u0103: Subven\u021bii mass-media \u00een Moldova\" \/>\n<meta property=\"og:description\" content=\"Ministerul Culturii lanseaz\u0103 primul fond de subven\u021bii pentru mass-media din Moldova. Presa independent\u0103 poate aplica p\u00e2n\u0103 pe 15 mai 2025.\" \/>\n<meta property=\"og:url\" content=\"https:\/\/bas-tv.md\/ro\/ministerul-culturii-lanseaza-oficial-primul-concurs-de-proiecte-pentru-mass-media\/\" \/>\n<meta property=\"og:site_name\" content=\"BasTV\" \/>\n<meta property=\"article:published_time\" content=\"2025-04-15T07:00:24+00:00\" \/>\n<meta property=\"og:image\" content=\"https:\/\/bas-tv.md\/wp-content\/uploads\/2025\/04\/12.jpg\" \/>\n\t<meta property=\"og:image:width\" content=\"600\" \/>\n\t<meta property=\"og:image:height\" content=\"304\" \/>\n\t<meta property=\"og:image:type\" content=\"image\/jpeg\" \/>\n<meta name=\"author\" content=\"Redactor\" \/>\n<meta name=\"twitter:card\" content=\"summary_large_image\" \/>\n<meta name=\"twitter:label1\" content=\"Scris de\" \/>\n\t<meta name=\"twitter:data1\" content=\"Redactor\" \/>\n\t<meta name=\"twitter:label2\" content=\"Timp estimat pentru citire\" \/>\n\t<meta name=\"twitter:data2\" content=\"2 minute\" \/>\n<script type=\"application\/ld+json\" class=\"yoast-schema-graph\">{\"@context\":\"https:\\\/\\\/schema.org\",\"@graph\":[{\"@type\":\"Article\",\"@id\":\"https:\\\/\\\/bas-tv.md\\\/ro\\\/ministerul-culturii-lanseaza-oficial-primul-concurs-de-proiecte-pentru-mass-media\\\/#article\",\"isPartOf\":{\"@id\":\"https:\\\/\\\/bas-tv.md\\\/ro\\\/ministerul-culturii-lanseaza-oficial-primul-concurs-de-proiecte-pentru-mass-media\\\/\"},\"author\":{\"name\":\"Redactor\",\"@id\":\"https:\\\/\\\/bas-tv.md\\\/ro\\\/#\\\/schema\\\/person\\\/8740f45ea2eca1f1695284fc03529af0\"},\"headline\":\"Ministerul Culturii lanseaz\u0103 oficial primul concurs de proiecte pentru mass-media\",\"datePublished\":\"2025-04-15T07:00:24+00:00\",\"mainEntityOfPage\":{\"@id\":\"https:\\\/\\\/bas-tv.md\\\/ro\\\/ministerul-culturii-lanseaza-oficial-primul-concurs-de-proiecte-pentru-mass-media\\\/\"},\"wordCount\":308,\"publisher\":{\"@id\":\"https:\\\/\\\/bas-tv.md\\\/ro\\\/#organization\"},\"image\":{\"@id\":\"https:\\\/\\\/bas-tv.md\\\/ro\\\/ministerul-culturii-lanseaza-oficial-primul-concurs-de-proiecte-pentru-mass-media\\\/#primaryimage\"},\"thumbnailUrl\":\"https:\\\/\\\/bas-tv.md\\\/wp-content\\\/uploads\\\/2025\\\/04\\\/12.jpg\",\"keywords\":[\"combaterea dezinform\u0103rii\",\"concurs proiecte media\",\"dezvoltarea jurnalismului\",\"educa\u021bie media\",\"finan\u021bare media\",\"fond subven\u021bionare mass-media\",\"jurnalism de calitate\",\"libertatea presei\",\"mass-media Moldova\",\"Ministerul Culturii Moldova\",\"pres\u0103 independent\u0103\",\"spa\u021biu mediatic pluralist\"],\"articleSection\":[\"Actualitate\",\"\u00cen Moldova\"],\"inLanguage\":\"ro-RO\"},{\"@type\":\"WebPage\",\"@id\":\"https:\\\/\\\/bas-tv.md\\\/ro\\\/ministerul-culturii-lanseaza-oficial-primul-concurs-de-proiecte-pentru-mass-media\\\/\",\"url\":\"https:\\\/\\\/bas-tv.md\\\/ro\\\/ministerul-culturii-lanseaza-oficial-primul-concurs-de-proiecte-pentru-mass-media\\\/\",\"name\":\"Fond pentru pres\u0103: Subven\u021bii mass-media \u00een Moldova\",\"isPartOf\":{\"@id\":\"https:\\\/\\\/bas-tv.md\\\/ro\\\/#website\"},\"primaryImageOfPage\":{\"@id\":\"https:\\\/\\\/bas-tv.md\\\/ro\\\/ministerul-culturii-lanseaza-oficial-primul-concurs-de-proiecte-pentru-mass-media\\\/#primaryimage\"},\"image\":{\"@id\":\"https:\\\/\\\/bas-tv.md\\\/ro\\\/ministerul-culturii-lanseaza-oficial-primul-concurs-de-proiecte-pentru-mass-media\\\/#primaryimage\"},\"thumbnailUrl\":\"https:\\\/\\\/bas-tv.md\\\/wp-content\\\/uploads\\\/2025\\\/04\\\/12.jpg\",\"datePublished\":\"2025-04-15T07:00:24+00:00\",\"description\":\"Ministerul Culturii lanseaz\u0103 primul fond de subven\u021bii pentru mass-media din Moldova. Presa independent\u0103 poate aplica p\u00e2n\u0103 pe 15 mai 2025.\",\"inLanguage\":\"ro-RO\",\"potentialAction\":[{\"@type\":\"ReadAction\",\"target\":[\"https:\\\/\\\/bas-tv.md\\\/ro\\\/ministerul-culturii-lanseaza-oficial-primul-concurs-de-proiecte-pentru-mass-media\\\/\"]}]},{\"@type\":\"ImageObject\",\"inLanguage\":\"ro-RO\",\"@id\":\"https:\\\/\\\/bas-tv.md\\\/ro\\\/ministerul-culturii-lanseaza-oficial-primul-concurs-de-proiecte-pentru-mass-media\\\/#primaryimage\",\"url\":\"https:\\\/\\\/bas-tv.md\\\/wp-content\\\/uploads\\\/2025\\\/04\\\/12.jpg\",\"contentUrl\":\"https:\\\/\\\/bas-tv.md\\\/wp-content\\\/uploads\\\/2025\\\/04\\\/12.jpg\",\"width\":600,\"height\":304,\"caption\":\"Foto: likeni.ru\"},{\"@type\":\"WebSite\",\"@id\":\"https:\\\/\\\/bas-tv.md\\\/ro\\\/#website\",\"url\":\"https:\\\/\\\/bas-tv.md\\\/ro\\\/\",\"name\":\"BasTV\",\"description\":\"Moldova\",\"publisher\":{\"@id\":\"https:\\\/\\\/bas-tv.md\\\/ro\\\/#organization\"},\"potentialAction\":[{\"@type\":\"SearchAction\",\"target\":{\"@type\":\"EntryPoint\",\"urlTemplate\":\"https:\\\/\\\/bas-tv.md\\\/ro\\\/?s={search_term_string}\"},\"query-input\":{\"@type\":\"PropertyValueSpecification\",\"valueRequired\":true,\"valueName\":\"search_term_string\"}}],\"inLanguage\":\"ro-RO\"},{\"@type\":\"Organization\",\"@id\":\"https:\\\/\\\/bas-tv.md\\\/ro\\\/#organization\",\"name\":\"BasTV\",\"url\":\"https:\\\/\\\/bas-tv.md\\\/ro\\\/\",\"logo\":{\"@type\":\"ImageObject\",\"inLanguage\":\"ro-RO\",\"@id\":\"https:\\\/\\\/bas-tv.md\\\/ro\\\/#\\\/schema\\\/logo\\\/image\\\/\",\"url\":\"https:\\\/\\\/bas-tv.md\\\/wp-content\\\/uploads\\\/2023\\\/05\\\/bas-tv-culoarea-rosie.png\",\"contentUrl\":\"https:\\\/\\\/bas-tv.md\\\/wp-content\\\/uploads\\\/2023\\\/05\\\/bas-tv-culoarea-rosie.png\",\"width\":202,\"height\":50,\"caption\":\"BasTV\"},\"image\":{\"@id\":\"https:\\\/\\\/bas-tv.md\\\/ro\\\/#\\\/schema\\\/logo\\\/image\\\/\"}},{\"@type\":\"Person\",\"@id\":\"https:\\\/\\\/bas-tv.md\\\/ro\\\/#\\\/schema\\\/person\\\/8740f45ea2eca1f1695284fc03529af0\",\"name\":\"Redactor\",\"image\":{\"@type\":\"ImageObject\",\"inLanguage\":\"ro-RO\",\"@id\":\"https:\\\/\\\/bas-tv.md\\\/wp-content\\\/litespeed\\\/avatar\\\/91c0586f3f6f4396a4ec1287c965eeeb.jpg?ver=1777555749\",\"url\":\"https:\\\/\\\/bas-tv.md\\\/wp-content\\\/litespeed\\\/avatar\\\/91c0586f3f6f4396a4ec1287c965eeeb.jpg?ver=1777555749\",\"contentUrl\":\"https:\\\/\\\/bas-tv.md\\\/wp-content\\\/litespeed\\\/avatar\\\/91c0586f3f6f4396a4ec1287c965eeeb.jpg?ver=1777555749\",\"caption\":\"Redactor\"},\"url\":\"https:\\\/\\\/bas-tv.md\\\/ro\\\/author\\\/redactor\\\/\"}]}<\/script>\n<!-- \/ Yoast SEO plugin. -->","yoast_head_json":{"title":"Fond pentru pres\u0103: Subven\u021bii mass-media \u00een Moldova","description":"Ministerul Culturii lanseaz\u0103 primul fond de subven\u021bii pentru mass-media din Moldova. Presa independent\u0103 poate aplica p\u00e2n\u0103 pe 15 mai 2025.","robots":{"index":"index","follow":"follow","max-snippet":"max-snippet:-1","max-image-preview":"max-image-preview:large","max-video-preview":"max-video-preview:-1"},"canonical":"https:\/\/bas-tv.md\/ro\/ministerul-culturii-lanseaza-oficial-primul-concurs-de-proiecte-pentru-mass-media\/","og_locale":"ro_RO","og_type":"article","og_title":"Fond pentru pres\u0103: Subven\u021bii mass-media \u00een Moldova","og_description":"Ministerul Culturii lanseaz\u0103 primul fond de subven\u021bii pentru mass-media din Moldova. Presa independent\u0103 poate aplica p\u00e2n\u0103 pe 15 mai 2025.","og_url":"https:\/\/bas-tv.md\/ro\/ministerul-culturii-lanseaza-oficial-primul-concurs-de-proiecte-pentru-mass-media\/","og_site_name":"BasTV","article_published_time":"2025-04-15T07:00:24+00:00","og_image":[{"width":600,"height":304,"url":"https:\/\/bas-tv.md\/wp-content\/uploads\/2025\/04\/12.jpg","type":"image\/jpeg"}],"author":"Redactor","twitter_card":"summary_large_image","twitter_misc":{"Scris de":"Redactor","Timp estimat pentru citire":"2 minute"},"schema":{"@context":"https:\/\/schema.org","@graph":[{"@type":"Article","@id":"https:\/\/bas-tv.md\/ro\/ministerul-culturii-lanseaza-oficial-primul-concurs-de-proiecte-pentru-mass-media\/#article","isPartOf":{"@id":"https:\/\/bas-tv.md\/ro\/ministerul-culturii-lanseaza-oficial-primul-concurs-de-proiecte-pentru-mass-media\/"},"author":{"name":"Redactor","@id":"https:\/\/bas-tv.md\/ro\/#\/schema\/person\/8740f45ea2eca1f1695284fc03529af0"},"headline":"Ministerul Culturii lanseaz\u0103 oficial primul concurs de proiecte pentru mass-media","datePublished":"2025-04-15T07:00:24+00:00","mainEntityOfPage":{"@id":"https:\/\/bas-tv.md\/ro\/ministerul-culturii-lanseaza-oficial-primul-concurs-de-proiecte-pentru-mass-media\/"},"wordCount":308,"publisher":{"@id":"https:\/\/bas-tv.md\/ro\/#organization"},"image":{"@id":"https:\/\/bas-tv.md\/ro\/ministerul-culturii-lanseaza-oficial-primul-concurs-de-proiecte-pentru-mass-media\/#primaryimage"},"thumbnailUrl":"https:\/\/bas-tv.md\/wp-content\/uploads\/2025\/04\/12.jpg","keywords":["combaterea dezinform\u0103rii","concurs proiecte media","dezvoltarea jurnalismului","educa\u021bie media","finan\u021bare media","fond subven\u021bionare mass-media","jurnalism de calitate","libertatea presei","mass-media Moldova","Ministerul Culturii Moldova","pres\u0103 independent\u0103","spa\u021biu mediatic pluralist"],"articleSection":["Actualitate","\u00cen Moldova"],"inLanguage":"ro-RO"},{"@type":"WebPage","@id":"https:\/\/bas-tv.md\/ro\/ministerul-culturii-lanseaza-oficial-primul-concurs-de-proiecte-pentru-mass-media\/","url":"https:\/\/bas-tv.md\/ro\/ministerul-culturii-lanseaza-oficial-primul-concurs-de-proiecte-pentru-mass-media\/","name":"Fond pentru pres\u0103: Subven\u021bii mass-media \u00een Moldova","isPartOf":{"@id":"https:\/\/bas-tv.md\/ro\/#website"},"primaryImageOfPage":{"@id":"https:\/\/bas-tv.md\/ro\/ministerul-culturii-lanseaza-oficial-primul-concurs-de-proiecte-pentru-mass-media\/#primaryimage"},"image":{"@id":"https:\/\/bas-tv.md\/ro\/ministerul-culturii-lanseaza-oficial-primul-concurs-de-proiecte-pentru-mass-media\/#primaryimage"},"thumbnailUrl":"https:\/\/bas-tv.md\/wp-content\/uploads\/2025\/04\/12.jpg","datePublished":"2025-04-15T07:00:24+00:00","description":"Ministerul Culturii lanseaz\u0103 primul fond de subven\u021bii pentru mass-media din Moldova. Presa independent\u0103 poate aplica p\u00e2n\u0103 pe 15 mai 2025.","inLanguage":"ro-RO","potentialAction":[{"@type":"ReadAction","target":["https:\/\/bas-tv.md\/ro\/ministerul-culturii-lanseaza-oficial-primul-concurs-de-proiecte-pentru-mass-media\/"]}]},{"@type":"ImageObject","inLanguage":"ro-RO","@id":"https:\/\/bas-tv.md\/ro\/ministerul-culturii-lanseaza-oficial-primul-concurs-de-proiecte-pentru-mass-media\/#primaryimage","url":"https:\/\/bas-tv.md\/wp-content\/uploads\/2025\/04\/12.jpg","contentUrl":"https:\/\/bas-tv.md\/wp-content\/uploads\/2025\/04\/12.jpg","width":600,"height":304,"caption":"Foto: likeni.ru"},{"@type":"WebSite","@id":"https:\/\/bas-tv.md\/ro\/#website","url":"https:\/\/bas-tv.md\/ro\/","name":"BasTV","description":"Moldova","publisher":{"@id":"https:\/\/bas-tv.md\/ro\/#organization"},"potentialAction":[{"@type":"SearchAction","target":{"@type":"EntryPoint","urlTemplate":"https:\/\/bas-tv.md\/ro\/?s={search_term_string}"},"query-input":{"@type":"PropertyValueSpecification","valueRequired":true,"valueName":"search_term_string"}}],"inLanguage":"ro-RO"},{"@type":"Organization","@id":"https:\/\/bas-tv.md\/ro\/#organization","name":"BasTV","url":"https:\/\/bas-tv.md\/ro\/","logo":{"@type":"ImageObject","inLanguage":"ro-RO","@id":"https:\/\/bas-tv.md\/ro\/#\/schema\/logo\/image\/","url":"https:\/\/bas-tv.md\/wp-content\/uploads\/2023\/05\/bas-tv-culoarea-rosie.png","contentUrl":"https:\/\/bas-tv.md\/wp-content\/uploads\/2023\/05\/bas-tv-culoarea-rosie.png","width":202,"height":50,"caption":"BasTV"},"image":{"@id":"https:\/\/bas-tv.md\/ro\/#\/schema\/logo\/image\/"}},{"@type":"Person","@id":"https:\/\/bas-tv.md\/ro\/#\/schema\/person\/8740f45ea2eca1f1695284fc03529af0","name":"Redactor","image":{"@type":"ImageObject","inLanguage":"ro-RO","@id":"https:\/\/bas-tv.md\/wp-content\/litespeed\/avatar\/91c0586f3f6f4396a4ec1287c965eeeb.jpg?ver=1777555749","url":"https:\/\/bas-tv.md\/wp-content\/litespeed\/avatar\/91c0586f3f6f4396a4ec1287c965eeeb.jpg?ver=1777555749","contentUrl":"https:\/\/bas-tv.md\/wp-content\/litespeed\/avatar\/91c0586f3f6f4396a4ec1287c965eeeb.jpg?ver=1777555749","caption":"Redactor"},"url":"https:\/\/bas-tv.md\/ro\/author\/redactor\/"}]}},"views":273,"_links":{"self":[{"href":"https:\/\/bas-tv.md\/ro\/wp-json\/wp\/v2\/posts\/144260","targetHints":{"allow":["GET"]}}],"collection":[{"href":"https:\/\/bas-tv.md\/ro\/wp-json\/wp\/v2\/posts"}],"about":[{"href":"https:\/\/bas-tv.md\/ro\/wp-json\/wp\/v2\/types\/post"}],"author":[{"embeddable":true,"href":"https:\/\/bas-tv.md\/ro\/wp-json\/wp\/v2\/users\/3"}],"replies":[{"embeddable":true,"href":"https:\/\/bas-tv.md\/ro\/wp-json\/wp\/v2\/comments?post=144260"}],"version-history":[{"count":2,"href":"https:\/\/bas-tv.md\/ro\/wp-json\/wp\/v2\/posts\/144260\/revisions"}],"predecessor-version":[{"id":144268,"href":"https:\/\/bas-tv.md\/ro\/wp-json\/wp\/v2\/posts\/144260\/revisions\/144268"}],"wp:featuredmedia":[{"embeddable":true,"href":"https:\/\/bas-tv.md\/ro\/wp-json\/wp\/v2\/media\/144264"}],"wp:attachment":[{"href":"https:\/\/bas-tv.md\/ro\/wp-json\/wp\/v2\/media?parent=144260"}],"wp:term":[{"taxonomy":"category","embeddable":true,"href":"https:\/\/bas-tv.md\/ro\/wp-json\/wp\/v2\/categories?post=144260"},{"taxonomy":"post_tag","embeddable":true,"href":"https:\/\/bas-tv.md\/ro\/wp-json\/wp\/v2\/tags?post=144260"}],"curies":[{"name":"wp","href":"https:\/\/api.w.org\/{rel}","templated":true}]}}