{"id":146128,"date":"2025-05-07T14:30:50","date_gmt":"2025-05-07T11:30:50","guid":{"rendered":"https:\/\/bas-tv.md\/?p=146128"},"modified":"2025-05-07T11:33:34","modified_gmt":"2025-05-07T08:33:34","slug":"eveniment-informativ-dedicat-parintilor-si-specialistilor-cum-este-sa-fii-parinte-al-unui-copil-cu-autism","status":"publish","type":"post","link":"https:\/\/bas-tv.md\/ro\/eveniment-informativ-dedicat-parintilor-si-specialistilor-cum-este-sa-fii-parinte-al-unui-copil-cu-autism\/","title":{"rendered":"Eveniment informativ dedicat p\u0103rin\u021bilor \u0219i speciali\u0219tilor \u2013 \u201eCum este s\u0103 fii p\u0103rinte al unui copil cu autism\u201d"},"content":{"rendered":"<p data-start=\"232\" data-end=\"503\"><strong>Pe data de 30 mai 2025, la Casa de Cultur\u0103 din satul Abaclia, va avea loc o \u0219edin\u021b\u0103 public\u0103 informativ\u0103 destinat\u0103 p\u0103rin\u021bilor, educatorilor, cadrelor didactice \u0219i tuturor celor interesa\u021bi de subiectul autismului \u0219i sprijinul acordat copiilor cu nevoi speciale.<\/strong><\/p>\n<p data-start=\"505\" data-end=\"723\">Evenimentul se va desf\u0103\u0219ura \u00een intervalul orelor 16:00 \u2013 18:00 \u0219i va avea ca invitat special pe Doina Mafteu\u021ba, cunoscut\u0103 pentru activitatea sa \u00een domeniul incluziunii copiilor cu cerin\u021be educa\u021bionale speciale.<\/p>\n<p data-start=\"725\" data-end=\"1058\">\u00cent\u00e2lnirea \u00ee\u0219i propune s\u0103 ofere informa\u021bii esen\u021biale despre provoc\u0103rile \u0219i responsabilit\u0103\u021bile p\u0103rin\u021bilor care cresc copii cu autism, dar \u0219i despre resursele disponibile pentru sprijinul acestora. Discu\u021biile vor include, de asemenea, aspecte legate de implicarea comunit\u0103\u021bii \u00een procesul de integrare \u0219i dezvoltare a copiilor speciali.<\/p>\n<p data-start=\"1060\" data-end=\"1087\">La eveniment sunt invita\u021bi:<\/p>\n<ul data-start=\"1088\" data-end=\"1450\">\n<li data-start=\"1088\" data-end=\"1126\">\n<p data-start=\"1090\" data-end=\"1126\">P\u0103rin\u021bii copiilor cu nevoi speciale;<\/p>\n<\/li>\n<li data-start=\"1127\" data-end=\"1178\">\n<p data-start=\"1129\" data-end=\"1178\">To\u021bi p\u0103rin\u021bii interesa\u021bi de dezvoltarea copiilor;<\/p>\n<\/li>\n<li data-start=\"1179\" data-end=\"1236\">\n<p data-start=\"1181\" data-end=\"1236\">Educatorii \u0219i profesorii din localitate \u0219i din regiune;<\/p>\n<\/li>\n<li data-start=\"1237\" data-end=\"1280\">\n<p data-start=\"1239\" data-end=\"1280\">Asisten\u021bii sociali \u0219i medicii de familie;<\/p>\n<\/li>\n<li data-start=\"1281\" data-end=\"1355\">\n<p data-start=\"1283\" data-end=\"1355\">Bunicii care cresc sau sprijin\u0103 nepo\u021bi cu cerin\u021be educa\u021bionale speciale;<\/p>\n<\/li>\n<li data-start=\"1356\" data-end=\"1405\">\n<p data-start=\"1358\" data-end=\"1405\">Reprezentan\u021bi ai administra\u021biei publice locale;<\/p>\n<\/li>\n<li data-start=\"1406\" data-end=\"1450\">\n<p data-start=\"1408\" data-end=\"1450\">Membrii comunit\u0103\u021bii interesa\u021bi de subiect.<\/p>\n<\/li>\n<\/ul>\n<p><strong>Sus\u021bine\u021bi redac\u021bia BAStv, abona\u021bi-v\u0103 la noi pe platforma\u00a0<a href=\"https:\/\/www.patreon.com\/BAStv?fan_landing=true&amp;fbclid=IwAR3MeSDKfH4ixBydCXX9D1lhrCszhps3ID5uxuGA-Ktd4MTkZCRdlcEZkQI\">Patreon\u00a0<\/a>sau prin efectuarea contribu\u021biilor prin\u00a0<a href=\"https:\/\/www.paypal.com\/paypalme\/supportbastv\">PayPal<\/a>! Aceasta ne va ajuta s\u0103 cre\u0103m con\u021binut interesant \u0219i util pentru dvs., r\u0103m\u00e2n\u00e2nd \u00een continuare o platform\u0103 media independent\u0103.<\/strong><\/p>\n<div class=\"elementor-element elementor-element-5fc6b9d elementor-widget elementor-widget-theme-post-content\" data-id=\"5fc6b9d\" data-element_type=\"widget\" data-widget_type=\"theme-post-content.default\">\n<div class=\"elementor-widget-container\">\n<p><b>Abona\u021bi-v\u0103 la noi pe re\u021bele sociale:\u00a0<\/b><a href=\"https:\/\/t.me\/bastvmd\"><b><i>Telegram<\/i><\/b><\/a><b>,\u00a0<\/b><a href=\"https:\/\/www.youtube.com\/channel\/UC-9005PnLnhpNM8PVSjP2dQ\/featured\"><b><i>YouTube<\/i><\/b><\/a><b>,\u00a0<\/b><a href=\"https:\/\/www.facebook.com\/bastv.md\"><b><i>Facebook<\/i><\/b><\/a>\u00a0\u0219i\u00a0<a href=\"https:\/\/www.instagram.com\/bastv.md\/\"><b><i>Instagram<\/i><\/b><\/a><b>.\u00a0 Aici public\u0103m \u0219tiri pe scurt!<\/b><\/p>\n<\/div>\n<\/div>\n","protected":false},"excerpt":{"rendered":"<p>Pe data de 30 mai 2025, la Casa de Cultur\u0103 din satul Abaclia, va avea loc o \u0219edin\u021b\u0103 public\u0103 informativ\u0103 destinat\u0103 p\u0103rin\u021bilor, educatorilor, cadrelor didactice \u0219i tuturor celor interesa\u021bi de subiectul autismului \u0219i sprijinul acordat copiilor cu nevoi speciale. Evenimentul se va desf\u0103\u0219ura \u00een intervalul orelor 16:00 \u2013 18:00 \u0219i va avea ca invitat special [&hellip;]<\/p>\n","protected":false},"author":3,"featured_media":146133,"comment_status":"closed","ping_status":"closed","sticky":false,"template":"","format":"standard","meta":{"footnotes":""},"categories":[602,569],"tags":[744,8863,8871,8870,8864,8869,8866,8874,8867,8873,8865,8872,8868],"class_list":["post-146128","post","type-post","status-publish","format-standard","has-post-thumbnail","hentry","category-actualitate","category-in-basarabeasca","tag-abaclia","tag-autism","tag-autism-moldova","tag-casa-de-cultura-abaclia","tag-copii-cu-nevoi-speciale","tag-doina-mafteuta","tag-educatie-incluziva","tag-eveniment-30-mai-2025","tag-eveniment-informativ","tag-integrare-sociala-copii","tag-parinti-copii-autisti","tag-sedinta-publica","tag-sprijin-parinti"],"yoast_head":"<!-- This site is optimized with the Yoast SEO plugin v27.5 - https:\/\/yoast.com\/product\/yoast-seo-wordpress\/ -->\n<title>30 mai: sedin\u021b\u0103 informativa la Abaclia despre copiii cu autism<\/title>\n<meta name=\"description\" content=\"Afl\u0103 cum e s\u0103 fii p\u0103rinte al unui copil cu autism. Eveniment informativ cu Doina Mafteu\u021ba pe 30 mai, Casa de Cultur\u0103 Abaclia.\" \/>\n<meta name=\"robots\" content=\"index, follow, max-snippet:-1, max-image-preview:large, max-video-preview:-1\" \/>\n<link rel=\"canonical\" href=\"https:\/\/bas-tv.md\/ro\/eveniment-informativ-dedicat-parintilor-si-specialistilor-cum-este-sa-fii-parinte-al-unui-copil-cu-autism\/\" \/>\n<meta property=\"og:locale\" content=\"ro_RO\" \/>\n<meta property=\"og:type\" content=\"article\" \/>\n<meta property=\"og:title\" content=\"30 mai: sedin\u021b\u0103 informativa la Abaclia despre copiii cu autism\" \/>\n<meta property=\"og:description\" content=\"Afl\u0103 cum e s\u0103 fii p\u0103rinte al unui copil cu autism. Eveniment informativ cu Doina Mafteu\u021ba pe 30 mai, Casa de Cultur\u0103 Abaclia.\" \/>\n<meta property=\"og:url\" content=\"https:\/\/bas-tv.md\/ro\/eveniment-informativ-dedicat-parintilor-si-specialistilor-cum-este-sa-fii-parinte-al-unui-copil-cu-autism\/\" \/>\n<meta property=\"og:site_name\" content=\"BasTV\" \/>\n<meta property=\"article:published_time\" content=\"2025-05-07T11:30:50+00:00\" \/>\n<meta property=\"og:image\" content=\"https:\/\/bas-tv.md\/wp-content\/uploads\/2025\/05\/autismul_1.jpg\" \/>\n\t<meta property=\"og:image:width\" content=\"1000\" \/>\n\t<meta property=\"og:image:height\" content=\"664\" \/>\n\t<meta property=\"og:image:type\" content=\"image\/jpeg\" \/>\n<meta name=\"author\" content=\"Redactor\" \/>\n<meta name=\"twitter:card\" content=\"summary_large_image\" \/>\n<meta name=\"twitter:label1\" content=\"Scris de\" \/>\n\t<meta name=\"twitter:data1\" content=\"Redactor\" \/>\n\t<meta name=\"twitter:label2\" content=\"Timp estimat pentru citire\" \/>\n\t<meta name=\"twitter:data2\" content=\"2 minute\" \/>\n<script type=\"application\/ld+json\" class=\"yoast-schema-graph\">{\"@context\":\"https:\\\/\\\/schema.org\",\"@graph\":[{\"@type\":\"Article\",\"@id\":\"https:\\\/\\\/bas-tv.md\\\/ro\\\/eveniment-informativ-dedicat-parintilor-si-specialistilor-cum-este-sa-fii-parinte-al-unui-copil-cu-autism\\\/#article\",\"isPartOf\":{\"@id\":\"https:\\\/\\\/bas-tv.md\\\/ro\\\/eveniment-informativ-dedicat-parintilor-si-specialistilor-cum-este-sa-fii-parinte-al-unui-copil-cu-autism\\\/\"},\"author\":{\"name\":\"Redactor\",\"@id\":\"https:\\\/\\\/bas-tv.md\\\/ro\\\/#\\\/schema\\\/person\\\/8740f45ea2eca1f1695284fc03529af0\"},\"headline\":\"Eveniment informativ dedicat p\u0103rin\u021bilor \u0219i speciali\u0219tilor \u2013 \u201eCum este s\u0103 fii p\u0103rinte al unui copil cu autism\u201d\",\"datePublished\":\"2025-05-07T11:30:50+00:00\",\"mainEntityOfPage\":{\"@id\":\"https:\\\/\\\/bas-tv.md\\\/ro\\\/eveniment-informativ-dedicat-parintilor-si-specialistilor-cum-este-sa-fii-parinte-al-unui-copil-cu-autism\\\/\"},\"wordCount\":272,\"publisher\":{\"@id\":\"https:\\\/\\\/bas-tv.md\\\/ro\\\/#organization\"},\"image\":{\"@id\":\"https:\\\/\\\/bas-tv.md\\\/ro\\\/eveniment-informativ-dedicat-parintilor-si-specialistilor-cum-este-sa-fii-parinte-al-unui-copil-cu-autism\\\/#primaryimage\"},\"thumbnailUrl\":\"https:\\\/\\\/bas-tv.md\\\/wp-content\\\/uploads\\\/2025\\\/05\\\/autismul_1.jpg\",\"keywords\":[\"abaclia\",\"autism\",\"autism Moldova\",\"Casa de Cultur\u0103 Abaclia\",\"copii cu nevoi speciale\",\"Doina Mafteu\u021ba\",\"educa\u021bie incluziv\u0103\",\"eveniment 30 mai 2025\",\"eveniment informativ\",\"integrare social\u0103 copii\",\"p\u0103rin\u021bi copii auti\u0219ti\",\"\u0219edin\u021b\u0103 public\u0103\",\"sprijin p\u0103rin\u021bi\"],\"articleSection\":[\"Actualitate\",\"\u00cen Basarabeasca\"],\"inLanguage\":\"ro-RO\"},{\"@type\":\"WebPage\",\"@id\":\"https:\\\/\\\/bas-tv.md\\\/ro\\\/eveniment-informativ-dedicat-parintilor-si-specialistilor-cum-este-sa-fii-parinte-al-unui-copil-cu-autism\\\/\",\"url\":\"https:\\\/\\\/bas-tv.md\\\/ro\\\/eveniment-informativ-dedicat-parintilor-si-specialistilor-cum-este-sa-fii-parinte-al-unui-copil-cu-autism\\\/\",\"name\":\"30 mai: sedin\u021b\u0103 informativa la Abaclia despre copiii cu autism\",\"isPartOf\":{\"@id\":\"https:\\\/\\\/bas-tv.md\\\/ro\\\/#website\"},\"primaryImageOfPage\":{\"@id\":\"https:\\\/\\\/bas-tv.md\\\/ro\\\/eveniment-informativ-dedicat-parintilor-si-specialistilor-cum-este-sa-fii-parinte-al-unui-copil-cu-autism\\\/#primaryimage\"},\"image\":{\"@id\":\"https:\\\/\\\/bas-tv.md\\\/ro\\\/eveniment-informativ-dedicat-parintilor-si-specialistilor-cum-este-sa-fii-parinte-al-unui-copil-cu-autism\\\/#primaryimage\"},\"thumbnailUrl\":\"https:\\\/\\\/bas-tv.md\\\/wp-content\\\/uploads\\\/2025\\\/05\\\/autismul_1.jpg\",\"datePublished\":\"2025-05-07T11:30:50+00:00\",\"description\":\"Afl\u0103 cum e s\u0103 fii p\u0103rinte al unui copil cu autism. Eveniment informativ cu Doina Mafteu\u021ba pe 30 mai, Casa de Cultur\u0103 Abaclia.\",\"inLanguage\":\"ro-RO\",\"potentialAction\":[{\"@type\":\"ReadAction\",\"target\":[\"https:\\\/\\\/bas-tv.md\\\/ro\\\/eveniment-informativ-dedicat-parintilor-si-specialistilor-cum-este-sa-fii-parinte-al-unui-copil-cu-autism\\\/\"]}]},{\"@type\":\"ImageObject\",\"inLanguage\":\"ro-RO\",\"@id\":\"https:\\\/\\\/bas-tv.md\\\/ro\\\/eveniment-informativ-dedicat-parintilor-si-specialistilor-cum-este-sa-fii-parinte-al-unui-copil-cu-autism\\\/#primaryimage\",\"url\":\"https:\\\/\\\/bas-tv.md\\\/wp-content\\\/uploads\\\/2025\\\/05\\\/autismul_1.jpg\",\"contentUrl\":\"https:\\\/\\\/bas-tv.md\\\/wp-content\\\/uploads\\\/2025\\\/05\\\/autismul_1.jpg\",\"width\":1000,\"height\":664,\"caption\":\"Foto: drmax.ro\"},{\"@type\":\"WebSite\",\"@id\":\"https:\\\/\\\/bas-tv.md\\\/ro\\\/#website\",\"url\":\"https:\\\/\\\/bas-tv.md\\\/ro\\\/\",\"name\":\"BasTV\",\"description\":\"Moldova\",\"publisher\":{\"@id\":\"https:\\\/\\\/bas-tv.md\\\/ro\\\/#organization\"},\"potentialAction\":[{\"@type\":\"SearchAction\",\"target\":{\"@type\":\"EntryPoint\",\"urlTemplate\":\"https:\\\/\\\/bas-tv.md\\\/ro\\\/?s={search_term_string}\"},\"query-input\":{\"@type\":\"PropertyValueSpecification\",\"valueRequired\":true,\"valueName\":\"search_term_string\"}}],\"inLanguage\":\"ro-RO\"},{\"@type\":\"Organization\",\"@id\":\"https:\\\/\\\/bas-tv.md\\\/ro\\\/#organization\",\"name\":\"BasTV\",\"url\":\"https:\\\/\\\/bas-tv.md\\\/ro\\\/\",\"logo\":{\"@type\":\"ImageObject\",\"inLanguage\":\"ro-RO\",\"@id\":\"https:\\\/\\\/bas-tv.md\\\/ro\\\/#\\\/schema\\\/logo\\\/image\\\/\",\"url\":\"https:\\\/\\\/bas-tv.md\\\/wp-content\\\/uploads\\\/2023\\\/05\\\/bas-tv-culoarea-rosie.png\",\"contentUrl\":\"https:\\\/\\\/bas-tv.md\\\/wp-content\\\/uploads\\\/2023\\\/05\\\/bas-tv-culoarea-rosie.png\",\"width\":202,\"height\":50,\"caption\":\"BasTV\"},\"image\":{\"@id\":\"https:\\\/\\\/bas-tv.md\\\/ro\\\/#\\\/schema\\\/logo\\\/image\\\/\"}},{\"@type\":\"Person\",\"@id\":\"https:\\\/\\\/bas-tv.md\\\/ro\\\/#\\\/schema\\\/person\\\/8740f45ea2eca1f1695284fc03529af0\",\"name\":\"Redactor\",\"image\":{\"@type\":\"ImageObject\",\"inLanguage\":\"ro-RO\",\"@id\":\"https:\\\/\\\/secure.gravatar.com\\\/avatar\\\/45b6af9fc91c10b15a8b40e67c1f57bab2e9614fc9f0af95cf453d61934e9aad?s=96&d=mm&r=g\",\"url\":\"https:\\\/\\\/secure.gravatar.com\\\/avatar\\\/45b6af9fc91c10b15a8b40e67c1f57bab2e9614fc9f0af95cf453d61934e9aad?s=96&d=mm&r=g\",\"contentUrl\":\"https:\\\/\\\/secure.gravatar.com\\\/avatar\\\/45b6af9fc91c10b15a8b40e67c1f57bab2e9614fc9f0af95cf453d61934e9aad?s=96&d=mm&r=g\",\"caption\":\"Redactor\"},\"url\":\"https:\\\/\\\/bas-tv.md\\\/ro\\\/author\\\/redactor\\\/\"}]}<\/script>\n<!-- \/ Yoast SEO plugin. -->","yoast_head_json":{"title":"30 mai: sedin\u021b\u0103 informativa la Abaclia despre copiii cu autism","description":"Afl\u0103 cum e s\u0103 fii p\u0103rinte al unui copil cu autism. Eveniment informativ cu Doina Mafteu\u021ba pe 30 mai, Casa de Cultur\u0103 Abaclia.","robots":{"index":"index","follow":"follow","max-snippet":"max-snippet:-1","max-image-preview":"max-image-preview:large","max-video-preview":"max-video-preview:-1"},"canonical":"https:\/\/bas-tv.md\/ro\/eveniment-informativ-dedicat-parintilor-si-specialistilor-cum-este-sa-fii-parinte-al-unui-copil-cu-autism\/","og_locale":"ro_RO","og_type":"article","og_title":"30 mai: sedin\u021b\u0103 informativa la Abaclia despre copiii cu autism","og_description":"Afl\u0103 cum e s\u0103 fii p\u0103rinte al unui copil cu autism. Eveniment informativ cu Doina Mafteu\u021ba pe 30 mai, Casa de Cultur\u0103 Abaclia.","og_url":"https:\/\/bas-tv.md\/ro\/eveniment-informativ-dedicat-parintilor-si-specialistilor-cum-este-sa-fii-parinte-al-unui-copil-cu-autism\/","og_site_name":"BasTV","article_published_time":"2025-05-07T11:30:50+00:00","og_image":[{"width":1000,"height":664,"url":"https:\/\/bas-tv.md\/wp-content\/uploads\/2025\/05\/autismul_1.jpg","type":"image\/jpeg"}],"author":"Redactor","twitter_card":"summary_large_image","twitter_misc":{"Scris de":"Redactor","Timp estimat pentru citire":"2 minute"},"schema":{"@context":"https:\/\/schema.org","@graph":[{"@type":"Article","@id":"https:\/\/bas-tv.md\/ro\/eveniment-informativ-dedicat-parintilor-si-specialistilor-cum-este-sa-fii-parinte-al-unui-copil-cu-autism\/#article","isPartOf":{"@id":"https:\/\/bas-tv.md\/ro\/eveniment-informativ-dedicat-parintilor-si-specialistilor-cum-este-sa-fii-parinte-al-unui-copil-cu-autism\/"},"author":{"name":"Redactor","@id":"https:\/\/bas-tv.md\/ro\/#\/schema\/person\/8740f45ea2eca1f1695284fc03529af0"},"headline":"Eveniment informativ dedicat p\u0103rin\u021bilor \u0219i speciali\u0219tilor \u2013 \u201eCum este s\u0103 fii p\u0103rinte al unui copil cu autism\u201d","datePublished":"2025-05-07T11:30:50+00:00","mainEntityOfPage":{"@id":"https:\/\/bas-tv.md\/ro\/eveniment-informativ-dedicat-parintilor-si-specialistilor-cum-este-sa-fii-parinte-al-unui-copil-cu-autism\/"},"wordCount":272,"publisher":{"@id":"https:\/\/bas-tv.md\/ro\/#organization"},"image":{"@id":"https:\/\/bas-tv.md\/ro\/eveniment-informativ-dedicat-parintilor-si-specialistilor-cum-este-sa-fii-parinte-al-unui-copil-cu-autism\/#primaryimage"},"thumbnailUrl":"https:\/\/bas-tv.md\/wp-content\/uploads\/2025\/05\/autismul_1.jpg","keywords":["abaclia","autism","autism Moldova","Casa de Cultur\u0103 Abaclia","copii cu nevoi speciale","Doina Mafteu\u021ba","educa\u021bie incluziv\u0103","eveniment 30 mai 2025","eveniment informativ","integrare social\u0103 copii","p\u0103rin\u021bi copii auti\u0219ti","\u0219edin\u021b\u0103 public\u0103","sprijin p\u0103rin\u021bi"],"articleSection":["Actualitate","\u00cen Basarabeasca"],"inLanguage":"ro-RO"},{"@type":"WebPage","@id":"https:\/\/bas-tv.md\/ro\/eveniment-informativ-dedicat-parintilor-si-specialistilor-cum-este-sa-fii-parinte-al-unui-copil-cu-autism\/","url":"https:\/\/bas-tv.md\/ro\/eveniment-informativ-dedicat-parintilor-si-specialistilor-cum-este-sa-fii-parinte-al-unui-copil-cu-autism\/","name":"30 mai: sedin\u021b\u0103 informativa la Abaclia despre copiii cu autism","isPartOf":{"@id":"https:\/\/bas-tv.md\/ro\/#website"},"primaryImageOfPage":{"@id":"https:\/\/bas-tv.md\/ro\/eveniment-informativ-dedicat-parintilor-si-specialistilor-cum-este-sa-fii-parinte-al-unui-copil-cu-autism\/#primaryimage"},"image":{"@id":"https:\/\/bas-tv.md\/ro\/eveniment-informativ-dedicat-parintilor-si-specialistilor-cum-este-sa-fii-parinte-al-unui-copil-cu-autism\/#primaryimage"},"thumbnailUrl":"https:\/\/bas-tv.md\/wp-content\/uploads\/2025\/05\/autismul_1.jpg","datePublished":"2025-05-07T11:30:50+00:00","description":"Afl\u0103 cum e s\u0103 fii p\u0103rinte al unui copil cu autism. Eveniment informativ cu Doina Mafteu\u021ba pe 30 mai, Casa de Cultur\u0103 Abaclia.","inLanguage":"ro-RO","potentialAction":[{"@type":"ReadAction","target":["https:\/\/bas-tv.md\/ro\/eveniment-informativ-dedicat-parintilor-si-specialistilor-cum-este-sa-fii-parinte-al-unui-copil-cu-autism\/"]}]},{"@type":"ImageObject","inLanguage":"ro-RO","@id":"https:\/\/bas-tv.md\/ro\/eveniment-informativ-dedicat-parintilor-si-specialistilor-cum-este-sa-fii-parinte-al-unui-copil-cu-autism\/#primaryimage","url":"https:\/\/bas-tv.md\/wp-content\/uploads\/2025\/05\/autismul_1.jpg","contentUrl":"https:\/\/bas-tv.md\/wp-content\/uploads\/2025\/05\/autismul_1.jpg","width":1000,"height":664,"caption":"Foto: drmax.ro"},{"@type":"WebSite","@id":"https:\/\/bas-tv.md\/ro\/#website","url":"https:\/\/bas-tv.md\/ro\/","name":"BasTV","description":"Moldova","publisher":{"@id":"https:\/\/bas-tv.md\/ro\/#organization"},"potentialAction":[{"@type":"SearchAction","target":{"@type":"EntryPoint","urlTemplate":"https:\/\/bas-tv.md\/ro\/?s={search_term_string}"},"query-input":{"@type":"PropertyValueSpecification","valueRequired":true,"valueName":"search_term_string"}}],"inLanguage":"ro-RO"},{"@type":"Organization","@id":"https:\/\/bas-tv.md\/ro\/#organization","name":"BasTV","url":"https:\/\/bas-tv.md\/ro\/","logo":{"@type":"ImageObject","inLanguage":"ro-RO","@id":"https:\/\/bas-tv.md\/ro\/#\/schema\/logo\/image\/","url":"https:\/\/bas-tv.md\/wp-content\/uploads\/2023\/05\/bas-tv-culoarea-rosie.png","contentUrl":"https:\/\/bas-tv.md\/wp-content\/uploads\/2023\/05\/bas-tv-culoarea-rosie.png","width":202,"height":50,"caption":"BasTV"},"image":{"@id":"https:\/\/bas-tv.md\/ro\/#\/schema\/logo\/image\/"}},{"@type":"Person","@id":"https:\/\/bas-tv.md\/ro\/#\/schema\/person\/8740f45ea2eca1f1695284fc03529af0","name":"Redactor","image":{"@type":"ImageObject","inLanguage":"ro-RO","@id":"https:\/\/secure.gravatar.com\/avatar\/45b6af9fc91c10b15a8b40e67c1f57bab2e9614fc9f0af95cf453d61934e9aad?s=96&d=mm&r=g","url":"https:\/\/secure.gravatar.com\/avatar\/45b6af9fc91c10b15a8b40e67c1f57bab2e9614fc9f0af95cf453d61934e9aad?s=96&d=mm&r=g","contentUrl":"https:\/\/secure.gravatar.com\/avatar\/45b6af9fc91c10b15a8b40e67c1f57bab2e9614fc9f0af95cf453d61934e9aad?s=96&d=mm&r=g","caption":"Redactor"},"url":"https:\/\/bas-tv.md\/ro\/author\/redactor\/"}]}},"views":528,"_links":{"self":[{"href":"https:\/\/bas-tv.md\/ro\/wp-json\/wp\/v2\/posts\/146128","targetHints":{"allow":["GET"]}}],"collection":[{"href":"https:\/\/bas-tv.md\/ro\/wp-json\/wp\/v2\/posts"}],"about":[{"href":"https:\/\/bas-tv.md\/ro\/wp-json\/wp\/v2\/types\/post"}],"author":[{"embeddable":true,"href":"https:\/\/bas-tv.md\/ro\/wp-json\/wp\/v2\/users\/3"}],"replies":[{"embeddable":true,"href":"https:\/\/bas-tv.md\/ro\/wp-json\/wp\/v2\/comments?post=146128"}],"version-history":[{"count":4,"href":"https:\/\/bas-tv.md\/ro\/wp-json\/wp\/v2\/posts\/146128\/revisions"}],"predecessor-version":[{"id":146137,"href":"https:\/\/bas-tv.md\/ro\/wp-json\/wp\/v2\/posts\/146128\/revisions\/146137"}],"wp:featuredmedia":[{"embeddable":true,"href":"https:\/\/bas-tv.md\/ro\/wp-json\/wp\/v2\/media\/146133"}],"wp:attachment":[{"href":"https:\/\/bas-tv.md\/ro\/wp-json\/wp\/v2\/media?parent=146128"}],"wp:term":[{"taxonomy":"category","embeddable":true,"href":"https:\/\/bas-tv.md\/ro\/wp-json\/wp\/v2\/categories?post=146128"},{"taxonomy":"post_tag","embeddable":true,"href":"https:\/\/bas-tv.md\/ro\/wp-json\/wp\/v2\/tags?post=146128"}],"curies":[{"name":"wp","href":"https:\/\/api.w.org\/{rel}","templated":true}]}}