{"id":146368,"date":"2025-05-08T20:00:45","date_gmt":"2025-05-08T17:00:45","guid":{"rendered":"https:\/\/bas-tv.md\/?p=146368"},"modified":"2025-05-08T19:49:47","modified_gmt":"2025-05-08T16:49:47","slug":"doc-achizitii-importante-si-datorii-de-jumatate-de-milion-de-lei-declaratia-de-avere-a-viceprimarului-orasului-cimislia-pentru-anul-2024","status":"publish","type":"post","link":"https:\/\/bas-tv.md\/ro\/doc-achizitii-importante-si-datorii-de-jumatate-de-milion-de-lei-declaratia-de-avere-a-viceprimarului-orasului-cimislia-pentru-anul-2024\/","title":{"rendered":"(DOC) Achizi\u021bii importante \u0219i datorii de jum\u0103tate de milion de lei: declara\u021bia de avere a viceprimarului ora\u0219ului Cimi\u0219lia pentru anul 2024"},"content":{"rendered":"<p><strong>Viceprimarul ora\u0219ului Cimi\u0219lia, Sergiu Suhan, \u0219i-a completat declara\u021bia de avere \u0219i interese personale pentru anul 2024, raport\u00e2nd modific\u0103ri semnificative \u00een patrimoniul propriu \u0219i al familiei sale. Documentul relev\u0103 achizi\u021bia recent\u0103 a unui bun imobil \u0219i a unui autoturism, precum \u0219i contractarea unor datorii \u00een valoare de 500 000 de lei.<\/strong><\/p>\n<p>Potrivit datelor publicate pe site-ul Autorit\u0103\u021bii Na\u021bionale de Integritate (ANI), \u00een anul 2024, Sergiu Suhan a ob\u021binut din func\u021bia de viceprimar al ora\u0219ului Cimi\u0219lia un venit salarial \u00een valoare de 292 092,95 lei. Un alt membru al familiei sale, angajat tot \u00een cadrul prim\u0103riei, a \u00eenregistrat un salariu anual de 224 838,82 lei.<\/p>\n<p>Pe l\u00e2ng\u0103 salariul de baz\u0103, viceprimarul a indicat \u0219i venituri din activitatea didactic\u0103, \u0219tiin\u021bific\u0103 \u0219i de crea\u021bie desf\u0103\u0219urat\u0103 \u00een cadrul \u0218colii Profesionale din ora\u0219ul Comrat, \u00een valoare de 40 617,70 lei. \u00cen plus, familia Suhan a mai \u00eenregistrat \u0219i alte surse de venit, printre care o indemniza\u021bie de func\u021bionar electoral \u00een valoare de 16 515,34 lei, ob\u021binut\u0103 \u00een cadrul Consiliului Electoral Raional Cimi\u0219lia, precum \u0219i o burs\u0103 de studii de 5 700 lei, oferit\u0103 de Centrul de Excelen\u021b\u0103 \u00een Construc\u021bii.<\/p>\n<p>\u00cen declara\u021bia de avere sunt men\u021bionate \u0219i dou\u0103 terenuri, care \u00eei apar\u021bin cu drept de proprietate lui Sergiu Suhan. Primul este un teren intravilan cu o suprafa\u021b\u0103 de 0,06 ha, dob\u00e2ndit \u00een anul 2020, \u00een baza unei decizii a Consiliului or\u0103\u0219enesc, \u00een condi\u021biile prev\u0103zute pentru alocarea terenurilor familiilor tinere. Valoarea declarat\u0103 a acestuia este de 3000 lei, \u00een timp ce valoarea de pia\u021b\u0103 estimat\u0103 se ridic\u0103 la 50 000 lei. Cel de-al doilea teren, un extravilan de 0,0616 ha, a fost ob\u021binut prin mo\u0219tenire \u00een anul 2021, conform unui certificat de mo\u0219tenitor. Acesta are o valoare cadastral\u0103 declarat\u0103 de 750 lei, iar valoarea de pia\u021b\u0103 constituie 5000 lei. Viceprimarul explic\u0103 diferen\u021ba prin faptul c\u0103 bunul a fost dob\u00e2ndit prin mo\u0219tenire.<\/p>\n<p>Mai mult, \u00een anul 2024, Sergiu Suhan a achizi\u021bionat o locuin\u021b\u0103. Este vorba despre o cas\u0103 de locuit cu suprafa\u021ba de 151 m\u00b2, \u00een care de\u021bine \u00bd cot\u0103-parte. Bunul a fost cump\u0103rat \u00een baza unui contract de v\u00e2nzare-cump\u0103rare, la pre\u021bul de 324 530 lei.<\/p>\n<p>Viceprimarul a mai declarat \u0219i dou\u0103 autoturisme de model Renault Scenic. Primul, fabricat \u00een anul 2011, a fost cump\u0103rat \u00een 2023, pentru suma de 80 000 lei. Al doilea, fabricat \u00een 2013, a fost achizi\u021bionat \u00een anul 2024. Valoarea declarat\u0103 a bunului recent achizi\u021bionat este de 90 000 lei. De\u0219i figureaz\u0103 ca titular al ambelor vehicule, Suhan precizeaz\u0103 c\u0103 nu este beneficiarul efectiv al acestora.<\/p>\n<p>Tot \u00een 2024, viceprimarul \u0219i un membru al familiei sale au contractat dou\u0103 credite \u00een valoare total\u0103 de 500 000 lei, cu o rat\u0103 a dob\u00e2nzii de 9,70%, scadente \u00een anul 2029. \u00cen calitate de creditor este indicat\u0103 Moldova Agroindbank.<\/p>\n<p><iframe data-src=\"https:\/\/drive.google.com\/file\/d\/14gHO8X02cndKZJcBNJ8sgY7d_WA_qOwN\/preview\" width=\"640\" height=\"480\" src=\"data:image\/svg+xml;base64,PHN2ZyB3aWR0aD0iMSIgaGVpZ2h0PSIxIiB4bWxucz0iaHR0cDovL3d3dy53My5vcmcvMjAwMC9zdmciPjwvc3ZnPg==\" class=\"lazyload\" data-load-mode=\"1\"><\/iframe><\/p>\n<p><strong>Sus\u021bine\u021bi redac\u021bia BAStv, abona\u021bi-v\u0103 la noi pe platforma\u00a0<a href=\"https:\/\/www.patreon.com\/BAStv?fan_landing=true&amp;fbclid=IwAR3MeSDKfH4ixBydCXX9D1lhrCszhps3ID5uxuGA-Ktd4MTkZCRdlcEZkQI\">Patreon\u00a0<\/a>sau prin efectuarea contribu\u021biilor prin\u00a0<a href=\"https:\/\/www.paypal.com\/paypalme\/supportbastv\">PayPal<\/a>! Aceasta ne va ajuta s\u0103 cre\u0103m con\u021binut interesant \u0219i util pentru dvs., r\u0103m\u00e2n\u00e2nd \u00een continuare o platform\u0103 media independent\u0103.<\/strong><\/p>\n<p><strong><b>Abona\u021bi-v\u0103 la noi pe re\u021bele sociale:\u00a0<\/b><a href=\"https:\/\/t.me\/bastvmd\"><b><i>Telegram<\/i><\/b><\/a><b>,\u00a0<\/b><a href=\"https:\/\/www.youtube.com\/channel\/UC-9005PnLnhpNM8PVSjP2dQ\/featured\"><b><i>YouTube<\/i><\/b><\/a><b>,\u00a0<\/b><a href=\"https:\/\/www.facebook.com\/bastv.md\"><b><i>Facebook<\/i><\/b><\/a>\u00a0\u0219i\u00a0<a href=\"https:\/\/www.instagram.com\/bastv.md\/\"><b><i>Instagram<\/i><\/b><\/a><b>.\u00a0 Aici public\u0103m \u0219tiri pe scurt!<\/b><\/strong><\/p>\n","protected":false},"excerpt":{"rendered":"<p>Viceprimarul ora\u0219ului Cimi\u0219lia, Sergiu Suhan, \u0219i-a completat declara\u021bia de avere \u0219i interese personale pentru anul 2024, raport\u00e2nd modific\u0103ri semnificative \u00een patrimoniul propriu \u0219i al familiei sale. Documentul relev\u0103 achizi\u021bia recent\u0103 a unui bun imobil \u0219i a unui autoturism, precum \u0219i contractarea unor datorii \u00een valoare de 500 000 de lei. Potrivit datelor publicate pe site-ul [&hellip;]<\/p>\n","protected":false},"author":3,"featured_media":146369,"comment_status":"closed","ping_status":"closed","sticky":false,"template":"","format":"standard","meta":{"footnotes":""},"categories":[572,573],"tags":[733,4063,7673,8989,8990],"class_list":["post-146368","post","type-post","status-publish","format-standard","has-post-thumbnail","hentry","category-bani","category-in-esenta","tag-cimislia","tag-declaratie-de-avere","tag-declaratie-de-avere-2024","tag-sergiu-suhan","tag-viceprimar-cimislia"],"yoast_head":"<!-- This site is optimized with the Yoast SEO plugin v27.5 - https:\/\/yoast.com\/product\/yoast-seo-wordpress\/ -->\n<title>(DOC) Achizi\u021bii importante \u0219i datorii de jum\u0103tate de milion de lei: declara\u021bia de avere a viceprimarului ora\u0219ului Cimi\u0219lia pentru anul 2024 - BasTV<\/title>\n<meta name=\"description\" content=\"Viceprimarul ora\u0219ului Cimi\u0219lia, Sergiu Suhan, \u0219i-a completat declara\u021bia de avere \u0219i interese personale pentru anul 2024, raport\u00e2nd modific\u0103ri semnificative \u00een patrimoniul propriu \u0219i al familiei sale. Documentul relev\u0103 achizi\u021bia recent\u0103 a unui bun imobil \u0219i a unui autoturism, precum \u0219i contractarea unor datorii \u00een valoare de 500 000 de lei.\" \/>\n<meta name=\"robots\" content=\"index, follow, max-snippet:-1, max-image-preview:large, max-video-preview:-1\" \/>\n<link rel=\"canonical\" href=\"https:\/\/bas-tv.md\/ro\/doc-achizitii-importante-si-datorii-de-jumatate-de-milion-de-lei-declaratia-de-avere-a-viceprimarului-orasului-cimislia-pentru-anul-2024\/\" \/>\n<meta property=\"og:locale\" content=\"ro_RO\" \/>\n<meta property=\"og:type\" content=\"article\" \/>\n<meta property=\"og:title\" content=\"(DOC) Achizi\u021bii importante \u0219i datorii de jum\u0103tate de milion de lei: declara\u021bia de avere a viceprimarului ora\u0219ului Cimi\u0219lia pentru anul 2024 - BasTV\" \/>\n<meta property=\"og:description\" content=\"Viceprimarul ora\u0219ului Cimi\u0219lia, Sergiu Suhan, \u0219i-a completat declara\u021bia de avere \u0219i interese personale pentru anul 2024, raport\u00e2nd modific\u0103ri semnificative \u00een patrimoniul propriu \u0219i al familiei sale. Documentul relev\u0103 achizi\u021bia recent\u0103 a unui bun imobil \u0219i a unui autoturism, precum \u0219i contractarea unor datorii \u00een valoare de 500 000 de lei.\" \/>\n<meta property=\"og:url\" content=\"https:\/\/bas-tv.md\/ro\/doc-achizitii-importante-si-datorii-de-jumatate-de-milion-de-lei-declaratia-de-avere-a-viceprimarului-orasului-cimislia-pentru-anul-2024\/\" \/>\n<meta property=\"og:site_name\" content=\"BasTV\" \/>\n<meta property=\"article:published_time\" content=\"2025-05-08T17:00:45+00:00\" \/>\n<meta property=\"og:image\" content=\"https:\/\/bas-tv.md\/wp-content\/uploads\/2025\/05\/design-fara-titlu-1024x579.png\" \/>\n\t<meta property=\"og:image:width\" content=\"1024\" \/>\n\t<meta property=\"og:image:height\" content=\"579\" \/>\n\t<meta property=\"og:image:type\" content=\"image\/png\" \/>\n<meta name=\"author\" content=\"Redactor\" \/>\n<meta name=\"twitter:card\" content=\"summary_large_image\" \/>\n<meta name=\"twitter:label1\" content=\"Scris de\" \/>\n\t<meta name=\"twitter:data1\" content=\"Redactor\" \/>\n\t<meta name=\"twitter:label2\" content=\"Timp estimat pentru citire\" \/>\n\t<meta name=\"twitter:data2\" content=\"3 minute\" \/>\n<script type=\"application\/ld+json\" class=\"yoast-schema-graph\">{\"@context\":\"https:\\\/\\\/schema.org\",\"@graph\":[{\"@type\":\"Article\",\"@id\":\"https:\\\/\\\/bas-tv.md\\\/ro\\\/doc-achizitii-importante-si-datorii-de-jumatate-de-milion-de-lei-declaratia-de-avere-a-viceprimarului-orasului-cimislia-pentru-anul-2024\\\/#article\",\"isPartOf\":{\"@id\":\"https:\\\/\\\/bas-tv.md\\\/ro\\\/doc-achizitii-importante-si-datorii-de-jumatate-de-milion-de-lei-declaratia-de-avere-a-viceprimarului-orasului-cimislia-pentru-anul-2024\\\/\"},\"author\":{\"name\":\"Redactor\",\"@id\":\"https:\\\/\\\/bas-tv.md\\\/ro\\\/#\\\/schema\\\/person\\\/8740f45ea2eca1f1695284fc03529af0\"},\"headline\":\"(DOC) Achizi\u021bii importante \u0219i datorii de jum\u0103tate de milion de lei: declara\u021bia de avere a viceprimarului ora\u0219ului Cimi\u0219lia pentru anul 2024\",\"datePublished\":\"2025-05-08T17:00:45+00:00\",\"mainEntityOfPage\":{\"@id\":\"https:\\\/\\\/bas-tv.md\\\/ro\\\/doc-achizitii-importante-si-datorii-de-jumatate-de-milion-de-lei-declaratia-de-avere-a-viceprimarului-orasului-cimislia-pentru-anul-2024\\\/\"},\"wordCount\":548,\"publisher\":{\"@id\":\"https:\\\/\\\/bas-tv.md\\\/ro\\\/#organization\"},\"image\":{\"@id\":\"https:\\\/\\\/bas-tv.md\\\/ro\\\/doc-achizitii-importante-si-datorii-de-jumatate-de-milion-de-lei-declaratia-de-avere-a-viceprimarului-orasului-cimislia-pentru-anul-2024\\\/#primaryimage\"},\"thumbnailUrl\":\"https:\\\/\\\/bas-tv.md\\\/wp-content\\\/uploads\\\/2025\\\/05\\\/design-fara-titlu.png\",\"keywords\":[\"Cimi\u0219lia\",\"declara\u021bie de avere\",\"declara\u021bie de avere 2024\",\"Sergiu Suhan\",\"viceprimar Cimi\u0219lia\"],\"articleSection\":[\"Bani\",\"\u00cen esen\u021b\u0103\"],\"inLanguage\":\"ro-RO\"},{\"@type\":\"WebPage\",\"@id\":\"https:\\\/\\\/bas-tv.md\\\/ro\\\/doc-achizitii-importante-si-datorii-de-jumatate-de-milion-de-lei-declaratia-de-avere-a-viceprimarului-orasului-cimislia-pentru-anul-2024\\\/\",\"url\":\"https:\\\/\\\/bas-tv.md\\\/ro\\\/doc-achizitii-importante-si-datorii-de-jumatate-de-milion-de-lei-declaratia-de-avere-a-viceprimarului-orasului-cimislia-pentru-anul-2024\\\/\",\"name\":\"(DOC) Achizi\u021bii importante \u0219i datorii de jum\u0103tate de milion de lei: declara\u021bia de avere a viceprimarului ora\u0219ului Cimi\u0219lia pentru anul 2024 - BasTV\",\"isPartOf\":{\"@id\":\"https:\\\/\\\/bas-tv.md\\\/ro\\\/#website\"},\"primaryImageOfPage\":{\"@id\":\"https:\\\/\\\/bas-tv.md\\\/ro\\\/doc-achizitii-importante-si-datorii-de-jumatate-de-milion-de-lei-declaratia-de-avere-a-viceprimarului-orasului-cimislia-pentru-anul-2024\\\/#primaryimage\"},\"image\":{\"@id\":\"https:\\\/\\\/bas-tv.md\\\/ro\\\/doc-achizitii-importante-si-datorii-de-jumatate-de-milion-de-lei-declaratia-de-avere-a-viceprimarului-orasului-cimislia-pentru-anul-2024\\\/#primaryimage\"},\"thumbnailUrl\":\"https:\\\/\\\/bas-tv.md\\\/wp-content\\\/uploads\\\/2025\\\/05\\\/design-fara-titlu.png\",\"datePublished\":\"2025-05-08T17:00:45+00:00\",\"description\":\"Viceprimarul ora\u0219ului Cimi\u0219lia, Sergiu Suhan, \u0219i-a completat declara\u021bia de avere \u0219i interese personale pentru anul 2024, raport\u00e2nd modific\u0103ri semnificative \u00een patrimoniul propriu \u0219i al familiei sale. Documentul relev\u0103 achizi\u021bia recent\u0103 a unui bun imobil \u0219i a unui autoturism, precum \u0219i contractarea unor datorii \u00een valoare de 500 000 de lei.\",\"inLanguage\":\"ro-RO\",\"potentialAction\":[{\"@type\":\"ReadAction\",\"target\":[\"https:\\\/\\\/bas-tv.md\\\/ro\\\/doc-achizitii-importante-si-datorii-de-jumatate-de-milion-de-lei-declaratia-de-avere-a-viceprimarului-orasului-cimislia-pentru-anul-2024\\\/\"]}]},{\"@type\":\"ImageObject\",\"inLanguage\":\"ro-RO\",\"@id\":\"https:\\\/\\\/bas-tv.md\\\/ro\\\/doc-achizitii-importante-si-datorii-de-jumatate-de-milion-de-lei-declaratia-de-avere-a-viceprimarului-orasului-cimislia-pentru-anul-2024\\\/#primaryimage\",\"url\":\"https:\\\/\\\/bas-tv.md\\\/wp-content\\\/uploads\\\/2025\\\/05\\\/design-fara-titlu.png\",\"contentUrl\":\"https:\\\/\\\/bas-tv.md\\\/wp-content\\\/uploads\\\/2025\\\/05\\\/design-fara-titlu.png\",\"width\":1472,\"height\":832},{\"@type\":\"WebSite\",\"@id\":\"https:\\\/\\\/bas-tv.md\\\/ro\\\/#website\",\"url\":\"https:\\\/\\\/bas-tv.md\\\/ro\\\/\",\"name\":\"BasTV\",\"description\":\"Moldova\",\"publisher\":{\"@id\":\"https:\\\/\\\/bas-tv.md\\\/ro\\\/#organization\"},\"potentialAction\":[{\"@type\":\"SearchAction\",\"target\":{\"@type\":\"EntryPoint\",\"urlTemplate\":\"https:\\\/\\\/bas-tv.md\\\/ro\\\/?s={search_term_string}\"},\"query-input\":{\"@type\":\"PropertyValueSpecification\",\"valueRequired\":true,\"valueName\":\"search_term_string\"}}],\"inLanguage\":\"ro-RO\"},{\"@type\":\"Organization\",\"@id\":\"https:\\\/\\\/bas-tv.md\\\/ro\\\/#organization\",\"name\":\"BasTV\",\"url\":\"https:\\\/\\\/bas-tv.md\\\/ro\\\/\",\"logo\":{\"@type\":\"ImageObject\",\"inLanguage\":\"ro-RO\",\"@id\":\"https:\\\/\\\/bas-tv.md\\\/ro\\\/#\\\/schema\\\/logo\\\/image\\\/\",\"url\":\"https:\\\/\\\/bas-tv.md\\\/wp-content\\\/uploads\\\/2023\\\/05\\\/bas-tv-culoarea-rosie.png\",\"contentUrl\":\"https:\\\/\\\/bas-tv.md\\\/wp-content\\\/uploads\\\/2023\\\/05\\\/bas-tv-culoarea-rosie.png\",\"width\":202,\"height\":50,\"caption\":\"BasTV\"},\"image\":{\"@id\":\"https:\\\/\\\/bas-tv.md\\\/ro\\\/#\\\/schema\\\/logo\\\/image\\\/\"}},{\"@type\":\"Person\",\"@id\":\"https:\\\/\\\/bas-tv.md\\\/ro\\\/#\\\/schema\\\/person\\\/8740f45ea2eca1f1695284fc03529af0\",\"name\":\"Redactor\",\"image\":{\"@type\":\"ImageObject\",\"inLanguage\":\"ro-RO\",\"@id\":\"https:\\\/\\\/secure.gravatar.com\\\/avatar\\\/45b6af9fc91c10b15a8b40e67c1f57bab2e9614fc9f0af95cf453d61934e9aad?s=96&d=mm&r=g\",\"url\":\"https:\\\/\\\/secure.gravatar.com\\\/avatar\\\/45b6af9fc91c10b15a8b40e67c1f57bab2e9614fc9f0af95cf453d61934e9aad?s=96&d=mm&r=g\",\"contentUrl\":\"https:\\\/\\\/secure.gravatar.com\\\/avatar\\\/45b6af9fc91c10b15a8b40e67c1f57bab2e9614fc9f0af95cf453d61934e9aad?s=96&d=mm&r=g\",\"caption\":\"Redactor\"},\"url\":\"https:\\\/\\\/bas-tv.md\\\/ro\\\/author\\\/redactor\\\/\"}]}<\/script>\n<!-- \/ Yoast SEO plugin. -->","yoast_head_json":{"title":"(DOC) Achizi\u021bii importante \u0219i datorii de jum\u0103tate de milion de lei: declara\u021bia de avere a viceprimarului ora\u0219ului Cimi\u0219lia pentru anul 2024 - BasTV","description":"Viceprimarul ora\u0219ului Cimi\u0219lia, Sergiu Suhan, \u0219i-a completat declara\u021bia de avere \u0219i interese personale pentru anul 2024, raport\u00e2nd modific\u0103ri semnificative \u00een patrimoniul propriu \u0219i al familiei sale. Documentul relev\u0103 achizi\u021bia recent\u0103 a unui bun imobil \u0219i a unui autoturism, precum \u0219i contractarea unor datorii \u00een valoare de 500 000 de lei.","robots":{"index":"index","follow":"follow","max-snippet":"max-snippet:-1","max-image-preview":"max-image-preview:large","max-video-preview":"max-video-preview:-1"},"canonical":"https:\/\/bas-tv.md\/ro\/doc-achizitii-importante-si-datorii-de-jumatate-de-milion-de-lei-declaratia-de-avere-a-viceprimarului-orasului-cimislia-pentru-anul-2024\/","og_locale":"ro_RO","og_type":"article","og_title":"(DOC) Achizi\u021bii importante \u0219i datorii de jum\u0103tate de milion de lei: declara\u021bia de avere a viceprimarului ora\u0219ului Cimi\u0219lia pentru anul 2024 - BasTV","og_description":"Viceprimarul ora\u0219ului Cimi\u0219lia, Sergiu Suhan, \u0219i-a completat declara\u021bia de avere \u0219i interese personale pentru anul 2024, raport\u00e2nd modific\u0103ri semnificative \u00een patrimoniul propriu \u0219i al familiei sale. Documentul relev\u0103 achizi\u021bia recent\u0103 a unui bun imobil \u0219i a unui autoturism, precum \u0219i contractarea unor datorii \u00een valoare de 500 000 de lei.","og_url":"https:\/\/bas-tv.md\/ro\/doc-achizitii-importante-si-datorii-de-jumatate-de-milion-de-lei-declaratia-de-avere-a-viceprimarului-orasului-cimislia-pentru-anul-2024\/","og_site_name":"BasTV","article_published_time":"2025-05-08T17:00:45+00:00","og_image":[{"width":1024,"height":579,"url":"https:\/\/bas-tv.md\/wp-content\/uploads\/2025\/05\/design-fara-titlu-1024x579.png","type":"image\/png"}],"author":"Redactor","twitter_card":"summary_large_image","twitter_misc":{"Scris de":"Redactor","Timp estimat pentru citire":"3 minute"},"schema":{"@context":"https:\/\/schema.org","@graph":[{"@type":"Article","@id":"https:\/\/bas-tv.md\/ro\/doc-achizitii-importante-si-datorii-de-jumatate-de-milion-de-lei-declaratia-de-avere-a-viceprimarului-orasului-cimislia-pentru-anul-2024\/#article","isPartOf":{"@id":"https:\/\/bas-tv.md\/ro\/doc-achizitii-importante-si-datorii-de-jumatate-de-milion-de-lei-declaratia-de-avere-a-viceprimarului-orasului-cimislia-pentru-anul-2024\/"},"author":{"name":"Redactor","@id":"https:\/\/bas-tv.md\/ro\/#\/schema\/person\/8740f45ea2eca1f1695284fc03529af0"},"headline":"(DOC) Achizi\u021bii importante \u0219i datorii de jum\u0103tate de milion de lei: declara\u021bia de avere a viceprimarului ora\u0219ului Cimi\u0219lia pentru anul 2024","datePublished":"2025-05-08T17:00:45+00:00","mainEntityOfPage":{"@id":"https:\/\/bas-tv.md\/ro\/doc-achizitii-importante-si-datorii-de-jumatate-de-milion-de-lei-declaratia-de-avere-a-viceprimarului-orasului-cimislia-pentru-anul-2024\/"},"wordCount":548,"publisher":{"@id":"https:\/\/bas-tv.md\/ro\/#organization"},"image":{"@id":"https:\/\/bas-tv.md\/ro\/doc-achizitii-importante-si-datorii-de-jumatate-de-milion-de-lei-declaratia-de-avere-a-viceprimarului-orasului-cimislia-pentru-anul-2024\/#primaryimage"},"thumbnailUrl":"https:\/\/bas-tv.md\/wp-content\/uploads\/2025\/05\/design-fara-titlu.png","keywords":["Cimi\u0219lia","declara\u021bie de avere","declara\u021bie de avere 2024","Sergiu Suhan","viceprimar Cimi\u0219lia"],"articleSection":["Bani","\u00cen esen\u021b\u0103"],"inLanguage":"ro-RO"},{"@type":"WebPage","@id":"https:\/\/bas-tv.md\/ro\/doc-achizitii-importante-si-datorii-de-jumatate-de-milion-de-lei-declaratia-de-avere-a-viceprimarului-orasului-cimislia-pentru-anul-2024\/","url":"https:\/\/bas-tv.md\/ro\/doc-achizitii-importante-si-datorii-de-jumatate-de-milion-de-lei-declaratia-de-avere-a-viceprimarului-orasului-cimislia-pentru-anul-2024\/","name":"(DOC) Achizi\u021bii importante \u0219i datorii de jum\u0103tate de milion de lei: declara\u021bia de avere a viceprimarului ora\u0219ului Cimi\u0219lia pentru anul 2024 - BasTV","isPartOf":{"@id":"https:\/\/bas-tv.md\/ro\/#website"},"primaryImageOfPage":{"@id":"https:\/\/bas-tv.md\/ro\/doc-achizitii-importante-si-datorii-de-jumatate-de-milion-de-lei-declaratia-de-avere-a-viceprimarului-orasului-cimislia-pentru-anul-2024\/#primaryimage"},"image":{"@id":"https:\/\/bas-tv.md\/ro\/doc-achizitii-importante-si-datorii-de-jumatate-de-milion-de-lei-declaratia-de-avere-a-viceprimarului-orasului-cimislia-pentru-anul-2024\/#primaryimage"},"thumbnailUrl":"https:\/\/bas-tv.md\/wp-content\/uploads\/2025\/05\/design-fara-titlu.png","datePublished":"2025-05-08T17:00:45+00:00","description":"Viceprimarul ora\u0219ului Cimi\u0219lia, Sergiu Suhan, \u0219i-a completat declara\u021bia de avere \u0219i interese personale pentru anul 2024, raport\u00e2nd modific\u0103ri semnificative \u00een patrimoniul propriu \u0219i al familiei sale. Documentul relev\u0103 achizi\u021bia recent\u0103 a unui bun imobil \u0219i a unui autoturism, precum \u0219i contractarea unor datorii \u00een valoare de 500 000 de lei.","inLanguage":"ro-RO","potentialAction":[{"@type":"ReadAction","target":["https:\/\/bas-tv.md\/ro\/doc-achizitii-importante-si-datorii-de-jumatate-de-milion-de-lei-declaratia-de-avere-a-viceprimarului-orasului-cimislia-pentru-anul-2024\/"]}]},{"@type":"ImageObject","inLanguage":"ro-RO","@id":"https:\/\/bas-tv.md\/ro\/doc-achizitii-importante-si-datorii-de-jumatate-de-milion-de-lei-declaratia-de-avere-a-viceprimarului-orasului-cimislia-pentru-anul-2024\/#primaryimage","url":"https:\/\/bas-tv.md\/wp-content\/uploads\/2025\/05\/design-fara-titlu.png","contentUrl":"https:\/\/bas-tv.md\/wp-content\/uploads\/2025\/05\/design-fara-titlu.png","width":1472,"height":832},{"@type":"WebSite","@id":"https:\/\/bas-tv.md\/ro\/#website","url":"https:\/\/bas-tv.md\/ro\/","name":"BasTV","description":"Moldova","publisher":{"@id":"https:\/\/bas-tv.md\/ro\/#organization"},"potentialAction":[{"@type":"SearchAction","target":{"@type":"EntryPoint","urlTemplate":"https:\/\/bas-tv.md\/ro\/?s={search_term_string}"},"query-input":{"@type":"PropertyValueSpecification","valueRequired":true,"valueName":"search_term_string"}}],"inLanguage":"ro-RO"},{"@type":"Organization","@id":"https:\/\/bas-tv.md\/ro\/#organization","name":"BasTV","url":"https:\/\/bas-tv.md\/ro\/","logo":{"@type":"ImageObject","inLanguage":"ro-RO","@id":"https:\/\/bas-tv.md\/ro\/#\/schema\/logo\/image\/","url":"https:\/\/bas-tv.md\/wp-content\/uploads\/2023\/05\/bas-tv-culoarea-rosie.png","contentUrl":"https:\/\/bas-tv.md\/wp-content\/uploads\/2023\/05\/bas-tv-culoarea-rosie.png","width":202,"height":50,"caption":"BasTV"},"image":{"@id":"https:\/\/bas-tv.md\/ro\/#\/schema\/logo\/image\/"}},{"@type":"Person","@id":"https:\/\/bas-tv.md\/ro\/#\/schema\/person\/8740f45ea2eca1f1695284fc03529af0","name":"Redactor","image":{"@type":"ImageObject","inLanguage":"ro-RO","@id":"https:\/\/secure.gravatar.com\/avatar\/45b6af9fc91c10b15a8b40e67c1f57bab2e9614fc9f0af95cf453d61934e9aad?s=96&d=mm&r=g","url":"https:\/\/secure.gravatar.com\/avatar\/45b6af9fc91c10b15a8b40e67c1f57bab2e9614fc9f0af95cf453d61934e9aad?s=96&d=mm&r=g","contentUrl":"https:\/\/secure.gravatar.com\/avatar\/45b6af9fc91c10b15a8b40e67c1f57bab2e9614fc9f0af95cf453d61934e9aad?s=96&d=mm&r=g","caption":"Redactor"},"url":"https:\/\/bas-tv.md\/ro\/author\/redactor\/"}]}},"views":345,"_links":{"self":[{"href":"https:\/\/bas-tv.md\/ro\/wp-json\/wp\/v2\/posts\/146368","targetHints":{"allow":["GET"]}}],"collection":[{"href":"https:\/\/bas-tv.md\/ro\/wp-json\/wp\/v2\/posts"}],"about":[{"href":"https:\/\/bas-tv.md\/ro\/wp-json\/wp\/v2\/types\/post"}],"author":[{"embeddable":true,"href":"https:\/\/bas-tv.md\/ro\/wp-json\/wp\/v2\/users\/3"}],"replies":[{"embeddable":true,"href":"https:\/\/bas-tv.md\/ro\/wp-json\/wp\/v2\/comments?post=146368"}],"version-history":[{"count":8,"href":"https:\/\/bas-tv.md\/ro\/wp-json\/wp\/v2\/posts\/146368\/revisions"}],"predecessor-version":[{"id":146384,"href":"https:\/\/bas-tv.md\/ro\/wp-json\/wp\/v2\/posts\/146368\/revisions\/146384"}],"wp:featuredmedia":[{"embeddable":true,"href":"https:\/\/bas-tv.md\/ro\/wp-json\/wp\/v2\/media\/146369"}],"wp:attachment":[{"href":"https:\/\/bas-tv.md\/ro\/wp-json\/wp\/v2\/media?parent=146368"}],"wp:term":[{"taxonomy":"category","embeddable":true,"href":"https:\/\/bas-tv.md\/ro\/wp-json\/wp\/v2\/categories?post=146368"},{"taxonomy":"post_tag","embeddable":true,"href":"https:\/\/bas-tv.md\/ro\/wp-json\/wp\/v2\/tags?post=146368"}],"curies":[{"name":"wp","href":"https:\/\/api.w.org\/{rel}","templated":true}]}}