{"id":147010,"date":"2025-05-12T14:30:43","date_gmt":"2025-05-12T11:30:43","guid":{"rendered":"https:\/\/bas-tv.md\/?p=147010"},"modified":"2025-05-12T14:55:27","modified_gmt":"2025-05-12T11:55:27","slug":"foto-sezonul-sportiv-2025-deschis-oficial-in-raionul-basarabeasca-carabetovca-gazda-competitiilor","status":"publish","type":"post","link":"https:\/\/bas-tv.md\/ro\/foto-sezonul-sportiv-2025-deschis-oficial-in-raionul-basarabeasca-carabetovca-gazda-competitiilor\/","title":{"rendered":"(FOTO) Sezonul sportiv 2025 deschis oficial \u00een raionul Basarabeasca \u2013 Carabetovca, gazda competi\u021biilor"},"content":{"rendered":"<p><strong>Pe data de 11 mai 2025, satul Carabetovca a fost gazda deschiderii oficiale a sezonului sportiv din raionul Basarabeasca, eveniment organizat de Sec\u021bia Cultur\u0103 \u0219i Sport a Consiliului Raional Basarabeasca, \u00een colaborare cu Prim\u0103ria local\u0103.<\/strong><\/p>\n<p>Programul a \u00eenceput cu o serie de probe individuale, printre care atletism, ridicarea greut\u0103\u021bilor, armwrestling, \u0219ah \u0219i dame.<\/p>\n<div id='gallery-1' class='gallery galleryid-147010 gallery-columns-2 gallery-size-full'><figure class='gallery-item'>\n\t\t\t<div class='gallery-icon landscape'>\n\t\t\t\t<a href='https:\/\/bas-tv.md\/ro\/foto-sezonul-sportiv-2025-deschis-oficial-in-raionul-basarabeasca-carabetovca-gazda-competitiilor\/photo_5265073582533373566_y\/'><img fetchpriority=\"high\" decoding=\"async\" width=\"1280\" height=\"745\" src=\"https:\/\/bas-tv.md\/wp-content\/uploads\/2025\/05\/photo_5265073582533373566_y.jpg\" class=\"attachment-full size-full\" alt=\"\" aria-describedby=\"gallery-1-147134\" srcset=\"https:\/\/bas-tv.md\/wp-content\/uploads\/2025\/05\/photo_5265073582533373566_y.jpg 1280w, https:\/\/bas-tv.md\/wp-content\/uploads\/2025\/05\/photo_5265073582533373566_y-300x175.jpg 300w, https:\/\/bas-tv.md\/wp-content\/uploads\/2025\/05\/photo_5265073582533373566_y-1024x596.jpg 1024w, https:\/\/bas-tv.md\/wp-content\/uploads\/2025\/05\/photo_5265073582533373566_y-768x447.jpg 768w, https:\/\/bas-tv.md\/wp-content\/uploads\/2025\/05\/photo_5265073582533373566_y-1200x698.jpg 1200w\" sizes=\"(max-width: 1280px) 100vw, 1280px\" \/><\/a>\n\t\t\t<\/div>\n\t\t\t\t<figcaption class='wp-caption-text gallery-caption' id='gallery-1-147134'>\n\t\t\t\tScreenshot\n\t\t\t\t<\/figcaption><\/figure><figure class='gallery-item'>\n\t\t\t<div class='gallery-icon landscape'>\n\t\t\t\t<a href='https:\/\/bas-tv.md\/ro\/foto-sezonul-sportiv-2025-deschis-oficial-in-raionul-basarabeasca-carabetovca-gazda-competitiilor\/photo_5265073582533373558_y\/'><img decoding=\"async\" width=\"1005\" height=\"590\" data-src=\"https:\/\/bas-tv.md\/wp-content\/uploads\/2025\/05\/photo_5265073582533373558_y-e1747047462560.jpg\" class=\"attachment-full size-full lazyload\" alt=\"\" aria-describedby=\"gallery-1-147118\" data-srcset=\"https:\/\/bas-tv.md\/wp-content\/uploads\/2025\/05\/photo_5265073582533373558_y-e1747047462560.jpg 1005w, https:\/\/bas-tv.md\/wp-content\/uploads\/2025\/05\/photo_5265073582533373558_y-e1747047462560-300x176.jpg 300w, https:\/\/bas-tv.md\/wp-content\/uploads\/2025\/05\/photo_5265073582533373558_y-e1747047462560-768x451.jpg 768w\" data-sizes=\"(max-width: 1005px) 100vw, 1005px\" src=\"data:image\/svg+xml;base64,PHN2ZyB3aWR0aD0iMSIgaGVpZ2h0PSIxIiB4bWxucz0iaHR0cDovL3d3dy53My5vcmcvMjAwMC9zdmciPjwvc3ZnPg==\" style=\"--smush-placeholder-width: 1005px; --smush-placeholder-aspect-ratio: 1005\/590;\" \/><\/a>\n\t\t\t<\/div>\n\t\t\t\t<figcaption class='wp-caption-text gallery-caption' id='gallery-1-147118'>\n\t\t\t\tScreenshot\n\t\t\t\t<\/figcaption><\/figure><figure class='gallery-item'>\n\t\t\t<div class='gallery-icon landscape'>\n\t\t\t\t<a href='https:\/\/bas-tv.md\/ro\/foto-sezonul-sportiv-2025-deschis-oficial-in-raionul-basarabeasca-carabetovca-gazda-competitiilor\/photo_5265073582533373542_y\/'><img decoding=\"async\" width=\"905\" height=\"565\" data-src=\"https:\/\/bas-tv.md\/wp-content\/uploads\/2025\/05\/photo_5265073582533373542_y-e1747047640162.jpg\" class=\"attachment-full size-full lazyload\" alt=\"\" aria-describedby=\"gallery-1-147086\" data-srcset=\"https:\/\/bas-tv.md\/wp-content\/uploads\/2025\/05\/photo_5265073582533373542_y-e1747047640162.jpg 905w, https:\/\/bas-tv.md\/wp-content\/uploads\/2025\/05\/photo_5265073582533373542_y-e1747047640162-300x187.jpg 300w, https:\/\/bas-tv.md\/wp-content\/uploads\/2025\/05\/photo_5265073582533373542_y-e1747047640162-768x479.jpg 768w\" data-sizes=\"(max-width: 905px) 100vw, 905px\" src=\"data:image\/svg+xml;base64,PHN2ZyB3aWR0aD0iMSIgaGVpZ2h0PSIxIiB4bWxucz0iaHR0cDovL3d3dy53My5vcmcvMjAwMC9zdmciPjwvc3ZnPg==\" style=\"--smush-placeholder-width: 905px; --smush-placeholder-aspect-ratio: 905\/565;\" \/><\/a>\n\t\t\t<\/div>\n\t\t\t\t<figcaption class='wp-caption-text gallery-caption' id='gallery-1-147086'>\n\t\t\t\tScreenshot\n\t\t\t\t<\/figcaption><\/figure><figure class='gallery-item'>\n\t\t\t<div class='gallery-icon landscape'>\n\t\t\t\t<a href='https:\/\/bas-tv.md\/ro\/foto-sezonul-sportiv-2025-deschis-oficial-in-raionul-basarabeasca-carabetovca-gazda-competitiilor\/photo_5265073582533373540_y\/'><img decoding=\"async\" width=\"962\" height=\"590\" data-src=\"https:\/\/bas-tv.md\/wp-content\/uploads\/2025\/05\/photo_5265073582533373540_y-e1747047488745.jpg\" class=\"attachment-full size-full lazyload\" alt=\"\" aria-describedby=\"gallery-1-147082\" data-srcset=\"https:\/\/bas-tv.md\/wp-content\/uploads\/2025\/05\/photo_5265073582533373540_y-e1747047488745.jpg 962w, https:\/\/bas-tv.md\/wp-content\/uploads\/2025\/05\/photo_5265073582533373540_y-e1747047488745-300x184.jpg 300w, https:\/\/bas-tv.md\/wp-content\/uploads\/2025\/05\/photo_5265073582533373540_y-e1747047488745-768x471.jpg 768w\" data-sizes=\"(max-width: 962px) 100vw, 962px\" src=\"data:image\/svg+xml;base64,PHN2ZyB3aWR0aD0iMSIgaGVpZ2h0PSIxIiB4bWxucz0iaHR0cDovL3d3dy53My5vcmcvMjAwMC9zdmciPjwvc3ZnPg==\" style=\"--smush-placeholder-width: 962px; --smush-placeholder-aspect-ratio: 962\/590;\" \/><\/a>\n\t\t\t<\/div>\n\t\t\t\t<figcaption class='wp-caption-text gallery-caption' id='gallery-1-147082'>\n\t\t\t\tScreenshot\n\t\t\t\t<\/figcaption><\/figure><figure class='gallery-item'>\n\t\t\t<div class='gallery-icon landscape'>\n\t\t\t\t<a href='https:\/\/bas-tv.md\/ro\/foto-sezonul-sportiv-2025-deschis-oficial-in-raionul-basarabeasca-carabetovca-gazda-competitiilor\/photo_5265073582533373563_y\/'><img decoding=\"async\" width=\"1242\" height=\"826\" data-src=\"https:\/\/bas-tv.md\/wp-content\/uploads\/2025\/05\/photo_5265073582533373563_y-e1747047664924.jpg\" class=\"attachment-full size-full lazyload\" alt=\"\" aria-describedby=\"gallery-1-147128\" data-srcset=\"https:\/\/bas-tv.md\/wp-content\/uploads\/2025\/05\/photo_5265073582533373563_y-e1747047664924.jpg 1242w, https:\/\/bas-tv.md\/wp-content\/uploads\/2025\/05\/photo_5265073582533373563_y-e1747047664924-300x200.jpg 300w, https:\/\/bas-tv.md\/wp-content\/uploads\/2025\/05\/photo_5265073582533373563_y-e1747047664924-1024x681.jpg 1024w, https:\/\/bas-tv.md\/wp-content\/uploads\/2025\/05\/photo_5265073582533373563_y-e1747047664924-768x511.jpg 768w, https:\/\/bas-tv.md\/wp-content\/uploads\/2025\/05\/photo_5265073582533373563_y-e1747047664924-1200x798.jpg 1200w\" data-sizes=\"(max-width: 1242px) 100vw, 1242px\" src=\"data:image\/svg+xml;base64,PHN2ZyB3aWR0aD0iMSIgaGVpZ2h0PSIxIiB4bWxucz0iaHR0cDovL3d3dy53My5vcmcvMjAwMC9zdmciPjwvc3ZnPg==\" style=\"--smush-placeholder-width: 1242px; --smush-placeholder-aspect-ratio: 1242\/826;\" \/><\/a>\n\t\t\t<\/div>\n\t\t\t\t<figcaption class='wp-caption-text gallery-caption' id='gallery-1-147128'>\n\t\t\t\tScreenshot\n\t\t\t\t<\/figcaption><\/figure><figure class='gallery-item'>\n\t\t\t<div class='gallery-icon landscape'>\n\t\t\t\t<a href='https:\/\/bas-tv.md\/ro\/foto-sezonul-sportiv-2025-deschis-oficial-in-raionul-basarabeasca-carabetovca-gazda-competitiilor\/photo_5265073582533373565_y\/'><img decoding=\"async\" width=\"1280\" height=\"824\" data-src=\"https:\/\/bas-tv.md\/wp-content\/uploads\/2025\/05\/photo_5265073582533373565_y.jpg\" class=\"attachment-full size-full lazyload\" alt=\"\" aria-describedby=\"gallery-1-147132\" data-srcset=\"https:\/\/bas-tv.md\/wp-content\/uploads\/2025\/05\/photo_5265073582533373565_y.jpg 1280w, https:\/\/bas-tv.md\/wp-content\/uploads\/2025\/05\/photo_5265073582533373565_y-300x193.jpg 300w, https:\/\/bas-tv.md\/wp-content\/uploads\/2025\/05\/photo_5265073582533373565_y-1024x659.jpg 1024w, https:\/\/bas-tv.md\/wp-content\/uploads\/2025\/05\/photo_5265073582533373565_y-768x494.jpg 768w, https:\/\/bas-tv.md\/wp-content\/uploads\/2025\/05\/photo_5265073582533373565_y-1200x773.jpg 1200w\" data-sizes=\"(max-width: 1280px) 100vw, 1280px\" src=\"data:image\/svg+xml;base64,PHN2ZyB3aWR0aD0iMSIgaGVpZ2h0PSIxIiB4bWxucz0iaHR0cDovL3d3dy53My5vcmcvMjAwMC9zdmciPjwvc3ZnPg==\" style=\"--smush-placeholder-width: 1280px; --smush-placeholder-aspect-ratio: 1280\/824;\" \/><\/a>\n\t\t\t<\/div>\n\t\t\t\t<figcaption class='wp-caption-text gallery-caption' id='gallery-1-147132'>\n\t\t\t\tScreenshot\n\t\t\t\t<\/figcaption><\/figure><figure class='gallery-item'>\n\t\t\t<div class='gallery-icon landscape'>\n\t\t\t\t<a href='https:\/\/bas-tv.md\/ro\/foto-sezonul-sportiv-2025-deschis-oficial-in-raionul-basarabeasca-carabetovca-gazda-competitiilor\/photo_5265073582533373567_y\/'><img decoding=\"async\" width=\"970\" height=\"590\" data-src=\"https:\/\/bas-tv.md\/wp-content\/uploads\/2025\/05\/photo_5265073582533373567_y-e1747047584172.jpg\" class=\"attachment-full size-full lazyload\" alt=\"\" aria-describedby=\"gallery-1-147136\" data-srcset=\"https:\/\/bas-tv.md\/wp-content\/uploads\/2025\/05\/photo_5265073582533373567_y-e1747047584172.jpg 970w, https:\/\/bas-tv.md\/wp-content\/uploads\/2025\/05\/photo_5265073582533373567_y-e1747047584172-300x182.jpg 300w, https:\/\/bas-tv.md\/wp-content\/uploads\/2025\/05\/photo_5265073582533373567_y-e1747047584172-768x467.jpg 768w\" data-sizes=\"(max-width: 970px) 100vw, 970px\" src=\"data:image\/svg+xml;base64,PHN2ZyB3aWR0aD0iMSIgaGVpZ2h0PSIxIiB4bWxucz0iaHR0cDovL3d3dy53My5vcmcvMjAwMC9zdmciPjwvc3ZnPg==\" style=\"--smush-placeholder-width: 970px; --smush-placeholder-aspect-ratio: 970\/590;\" \/><\/a>\n\t\t\t<\/div>\n\t\t\t\t<figcaption class='wp-caption-text gallery-caption' id='gallery-1-147136'>\n\t\t\t\tScreenshot\n\t\t\t\t<\/figcaption><\/figure><figure class='gallery-item'>\n\t\t\t<div class='gallery-icon landscape'>\n\t\t\t\t<a href='https:\/\/bas-tv.md\/ro\/foto-sezonul-sportiv-2025-deschis-oficial-in-raionul-basarabeasca-carabetovca-gazda-competitiilor\/photo_5265073582533373564_y\/'><img decoding=\"async\" width=\"1280\" height=\"746\" data-src=\"https:\/\/bas-tv.md\/wp-content\/uploads\/2025\/05\/photo_5265073582533373564_y.jpg\" class=\"attachment-full size-full lazyload\" alt=\"\" aria-describedby=\"gallery-1-147130\" data-srcset=\"https:\/\/bas-tv.md\/wp-content\/uploads\/2025\/05\/photo_5265073582533373564_y.jpg 1280w, https:\/\/bas-tv.md\/wp-content\/uploads\/2025\/05\/photo_5265073582533373564_y-300x175.jpg 300w, https:\/\/bas-tv.md\/wp-content\/uploads\/2025\/05\/photo_5265073582533373564_y-1024x597.jpg 1024w, https:\/\/bas-tv.md\/wp-content\/uploads\/2025\/05\/photo_5265073582533373564_y-768x448.jpg 768w, https:\/\/bas-tv.md\/wp-content\/uploads\/2025\/05\/photo_5265073582533373564_y-1200x699.jpg 1200w\" data-sizes=\"(max-width: 1280px) 100vw, 1280px\" src=\"data:image\/svg+xml;base64,PHN2ZyB3aWR0aD0iMSIgaGVpZ2h0PSIxIiB4bWxucz0iaHR0cDovL3d3dy53My5vcmcvMjAwMC9zdmciPjwvc3ZnPg==\" style=\"--smush-placeholder-width: 1280px; --smush-placeholder-aspect-ratio: 1280\/746;\" \/><\/a>\n\t\t\t<\/div>\n\t\t\t\t<figcaption class='wp-caption-text gallery-caption' id='gallery-1-147130'>\n\t\t\t\tScreenshot\n\t\t\t\t<\/figcaption><\/figure><figure class='gallery-item'>\n\t\t\t<div class='gallery-icon landscape'>\n\t\t\t\t<a href='https:\/\/bas-tv.md\/ro\/foto-sezonul-sportiv-2025-deschis-oficial-in-raionul-basarabeasca-carabetovca-gazda-competitiilor\/photo_5264851953630965541_y\/'><img decoding=\"async\" width=\"1280\" height=\"748\" data-src=\"https:\/\/bas-tv.md\/wp-content\/uploads\/2025\/05\/photo_5264851953630965541_y.jpg\" class=\"attachment-full size-full lazyload\" alt=\"\" aria-describedby=\"gallery-1-147044\" data-srcset=\"https:\/\/bas-tv.md\/wp-content\/uploads\/2025\/05\/photo_5264851953630965541_y.jpg 1280w, https:\/\/bas-tv.md\/wp-content\/uploads\/2025\/05\/photo_5264851953630965541_y-300x175.jpg 300w, https:\/\/bas-tv.md\/wp-content\/uploads\/2025\/05\/photo_5264851953630965541_y-1024x598.jpg 1024w, https:\/\/bas-tv.md\/wp-content\/uploads\/2025\/05\/photo_5264851953630965541_y-768x449.jpg 768w, https:\/\/bas-tv.md\/wp-content\/uploads\/2025\/05\/photo_5264851953630965541_y-1200x701.jpg 1200w\" data-sizes=\"(max-width: 1280px) 100vw, 1280px\" src=\"data:image\/svg+xml;base64,PHN2ZyB3aWR0aD0iMSIgaGVpZ2h0PSIxIiB4bWxucz0iaHR0cDovL3d3dy53My5vcmcvMjAwMC9zdmciPjwvc3ZnPg==\" style=\"--smush-placeholder-width: 1280px; --smush-placeholder-aspect-ratio: 1280\/748;\" \/><\/a>\n\t\t\t<\/div>\n\t\t\t\t<figcaption class='wp-caption-text gallery-caption' id='gallery-1-147044'>\n\t\t\t\tScreenshot\n\t\t\t\t<\/figcaption><\/figure><figure class='gallery-item'>\n\t\t\t<div class='gallery-icon landscape'>\n\t\t\t\t<a href='https:\/\/bas-tv.md\/ro\/foto-sezonul-sportiv-2025-deschis-oficial-in-raionul-basarabeasca-carabetovca-gazda-competitiilor\/photo_5265073582533373560_y\/'><img decoding=\"async\" width=\"1280\" height=\"757\" data-src=\"https:\/\/bas-tv.md\/wp-content\/uploads\/2025\/05\/photo_5265073582533373560_y.jpg\" class=\"attachment-full size-full lazyload\" alt=\"\" aria-describedby=\"gallery-1-147122\" data-srcset=\"https:\/\/bas-tv.md\/wp-content\/uploads\/2025\/05\/photo_5265073582533373560_y.jpg 1280w, https:\/\/bas-tv.md\/wp-content\/uploads\/2025\/05\/photo_5265073582533373560_y-300x177.jpg 300w, https:\/\/bas-tv.md\/wp-content\/uploads\/2025\/05\/photo_5265073582533373560_y-1024x606.jpg 1024w, https:\/\/bas-tv.md\/wp-content\/uploads\/2025\/05\/photo_5265073582533373560_y-768x454.jpg 768w, https:\/\/bas-tv.md\/wp-content\/uploads\/2025\/05\/photo_5265073582533373560_y-1200x710.jpg 1200w\" data-sizes=\"(max-width: 1280px) 100vw, 1280px\" src=\"data:image\/svg+xml;base64,PHN2ZyB3aWR0aD0iMSIgaGVpZ2h0PSIxIiB4bWxucz0iaHR0cDovL3d3dy53My5vcmcvMjAwMC9zdmciPjwvc3ZnPg==\" style=\"--smush-placeholder-width: 1280px; --smush-placeholder-aspect-ratio: 1280\/757;\" \/><\/a>\n\t\t\t<\/div>\n\t\t\t\t<figcaption class='wp-caption-text gallery-caption' id='gallery-1-147122'>\n\t\t\t\tScreenshot\n\t\t\t\t<\/figcaption><\/figure>\n\t\t<\/div>\n\n<p>Organizarea competi\u021biilor a fost asigurat\u0103 de Prim\u0103ria Carabetovca, care a contribuit la buna desf\u0103\u0219urare a tuturor etapelor sportive.<\/p>\n<p>Dup\u0103 \u00eencheierea competi\u021biilor individuale, a avut loc tragerea la sor\u021bi \u0219i turneul de fotbal \u00eentre echipele reprezentative ale localit\u0103\u021bilor raionului. Cinci echipe au intrat \u00een competi\u021bie: Basarabeasca, Abaclia (\u201eGloria\u201d), Sadaclia, Carabetovca \u0219i Iserlia.<\/p>\n<p data-start=\"1288\" data-end=\"1462\">Trofeul \u201eCupa Solidarit\u0103\u021bii \u2013 2025\u201d a fost c\u00e2\u0219tigat de echipa <strong>FC Carabetovca<\/strong>, care a demonstrat un joc solid \u0219i bine coordonat. Clasamentul final a fost urm\u0103torul:<\/p>\n<ul>\n<li data-start=\"1465\" data-end=\"1494\"><strong data-start=\"1465\" data-end=\"1476\">Locul I<\/strong>: FC Carabetovca<\/li>\n<li data-start=\"1497\" data-end=\"1528\"><strong data-start=\"1497\" data-end=\"1509\">Locul II<\/strong>: FC Basarabeasca<\/li>\n<li data-start=\"1531\" data-end=\"1567\"><strong data-start=\"1531\" data-end=\"1544\">Locul III<\/strong>: FC \u201eGloria\u201d Abaclia<\/li>\n<li data-start=\"1570\" data-end=\"1597\"><strong data-start=\"1570\" data-end=\"1582\">Locul IV<\/strong>: FC Sadaclia<\/li>\n<li data-start=\"1600\" data-end=\"1625\"><strong data-start=\"1600\" data-end=\"1611\">Locul V<\/strong>: FC Iserlia<\/li>\n<\/ul>\n<p data-start=\"1627\" data-end=\"1747\">Toate echipele au fost premiate cu diplome, men\u021biuni \u0219i recompense financiare oferite de Consiliul Raional Basarabeasca<\/p>\n<div id='gallery-2' class='gallery galleryid-147010 gallery-columns-2 gallery-size-full'><figure class='gallery-item'>\n\t\t\t<div class='gallery-icon landscape'>\n\t\t\t\t<a href='https:\/\/bas-tv.md\/ro\/foto-sezonul-sportiv-2025-deschis-oficial-in-raionul-basarabeasca-carabetovca-gazda-competitiilor\/495928834_2502136063461100_707006690927924690_n\/'><img decoding=\"async\" width=\"1754\" height=\"1152\" data-src=\"https:\/\/bas-tv.md\/wp-content\/uploads\/2025\/05\/495928834_2502136063461100_707006690927924690_n-e1747047248559.jpg\" class=\"attachment-full size-full lazyload\" alt=\"(Foto) Sezonul sportiv 2025 deschis oficial \u00een raionul Basarabeasca \u2013 Carabetovca, gazda competi\u021biilor\" aria-describedby=\"gallery-2-147013\" data-srcset=\"https:\/\/bas-tv.md\/wp-content\/uploads\/2025\/05\/495928834_2502136063461100_707006690927924690_n-e1747047248559.jpg 1754w, https:\/\/bas-tv.md\/wp-content\/uploads\/2025\/05\/495928834_2502136063461100_707006690927924690_n-e1747047248559-300x197.jpg 300w, https:\/\/bas-tv.md\/wp-content\/uploads\/2025\/05\/495928834_2502136063461100_707006690927924690_n-e1747047248559-1024x673.jpg 1024w, https:\/\/bas-tv.md\/wp-content\/uploads\/2025\/05\/495928834_2502136063461100_707006690927924690_n-e1747047248559-768x504.jpg 768w, https:\/\/bas-tv.md\/wp-content\/uploads\/2025\/05\/495928834_2502136063461100_707006690927924690_n-e1747047248559-1536x1009.jpg 1536w, https:\/\/bas-tv.md\/wp-content\/uploads\/2025\/05\/495928834_2502136063461100_707006690927924690_n-e1747047248559-1200x788.jpg 1200w\" data-sizes=\"(max-width: 1754px) 100vw, 1754px\" src=\"data:image\/svg+xml;base64,PHN2ZyB3aWR0aD0iMSIgaGVpZ2h0PSIxIiB4bWxucz0iaHR0cDovL3d3dy53My5vcmcvMjAwMC9zdmciPjwvc3ZnPg==\" style=\"--smush-placeholder-width: 1754px; --smush-placeholder-aspect-ratio: 1754\/1152;\" \/><\/a>\n\t\t\t<\/div>\n\t\t\t\t<figcaption class='wp-caption-text gallery-caption' id='gallery-2-147013'>\n\t\t\t\tFoto: Facebook\/Natalia Cara\n\t\t\t\t<\/figcaption><\/figure><figure class='gallery-item'>\n\t\t\t<div class='gallery-icon landscape'>\n\t\t\t\t<a href='https:\/\/bas-tv.md\/ro\/foto-sezonul-sportiv-2025-deschis-oficial-in-raionul-basarabeasca-carabetovca-gazda-competitiilor\/496209540_2502136116794428_7479522111927210675_n\/'><img decoding=\"async\" width=\"1642\" height=\"1084\" data-src=\"https:\/\/bas-tv.md\/wp-content\/uploads\/2025\/05\/496209540_2502136116794428_7479522111927210675_n-e1747047868409.jpg\" class=\"attachment-full size-full lazyload\" alt=\"\" aria-describedby=\"gallery-2-147030\" data-srcset=\"https:\/\/bas-tv.md\/wp-content\/uploads\/2025\/05\/496209540_2502136116794428_7479522111927210675_n-e1747047868409.jpg 1642w, https:\/\/bas-tv.md\/wp-content\/uploads\/2025\/05\/496209540_2502136116794428_7479522111927210675_n-e1747047868409-300x198.jpg 300w, https:\/\/bas-tv.md\/wp-content\/uploads\/2025\/05\/496209540_2502136116794428_7479522111927210675_n-e1747047868409-1024x676.jpg 1024w, https:\/\/bas-tv.md\/wp-content\/uploads\/2025\/05\/496209540_2502136116794428_7479522111927210675_n-e1747047868409-768x507.jpg 768w, https:\/\/bas-tv.md\/wp-content\/uploads\/2025\/05\/496209540_2502136116794428_7479522111927210675_n-e1747047868409-1536x1014.jpg 1536w, https:\/\/bas-tv.md\/wp-content\/uploads\/2025\/05\/496209540_2502136116794428_7479522111927210675_n-e1747047868409-1200x792.jpg 1200w\" data-sizes=\"(max-width: 1642px) 100vw, 1642px\" src=\"data:image\/svg+xml;base64,PHN2ZyB3aWR0aD0iMSIgaGVpZ2h0PSIxIiB4bWxucz0iaHR0cDovL3d3dy53My5vcmcvMjAwMC9zdmciPjwvc3ZnPg==\" style=\"--smush-placeholder-width: 1642px; --smush-placeholder-aspect-ratio: 1642\/1084;\" \/><\/a>\n\t\t\t<\/div>\n\t\t\t\t<figcaption class='wp-caption-text gallery-caption' id='gallery-2-147030'>\n\t\t\t\tFoto: Facebook\/Natalia Cara\n\t\t\t\t<\/figcaption><\/figure><figure class='gallery-item'>\n\t\t\t<div class='gallery-icon landscape'>\n\t\t\t\t<a href='https:\/\/bas-tv.md\/ro\/foto-sezonul-sportiv-2025-deschis-oficial-in-raionul-basarabeasca-carabetovca-gazda-competitiilor\/photo_5265073582533373531_y\/'><img decoding=\"async\" width=\"870\" height=\"560\" data-src=\"https:\/\/bas-tv.md\/wp-content\/uploads\/2025\/05\/photo_5265073582533373531_y-e1747048900972.jpg\" class=\"attachment-full size-full lazyload\" alt=\"\" aria-describedby=\"gallery-2-147064\" data-srcset=\"https:\/\/bas-tv.md\/wp-content\/uploads\/2025\/05\/photo_5265073582533373531_y-e1747048900972.jpg 870w, https:\/\/bas-tv.md\/wp-content\/uploads\/2025\/05\/photo_5265073582533373531_y-e1747048900972-300x193.jpg 300w, https:\/\/bas-tv.md\/wp-content\/uploads\/2025\/05\/photo_5265073582533373531_y-e1747048900972-768x494.jpg 768w\" data-sizes=\"(max-width: 870px) 100vw, 870px\" src=\"data:image\/svg+xml;base64,PHN2ZyB3aWR0aD0iMSIgaGVpZ2h0PSIxIiB4bWxucz0iaHR0cDovL3d3dy53My5vcmcvMjAwMC9zdmciPjwvc3ZnPg==\" style=\"--smush-placeholder-width: 870px; --smush-placeholder-aspect-ratio: 870\/560;\" \/><\/a>\n\t\t\t<\/div>\n\t\t\t\t<figcaption class='wp-caption-text gallery-caption' id='gallery-2-147064'>\n\t\t\t\tScreenshot\n\t\t\t\t<\/figcaption><\/figure><figure class='gallery-item'>\n\t\t\t<div class='gallery-icon landscape'>\n\t\t\t\t<a href='https:\/\/bas-tv.md\/ro\/foto-sezonul-sportiv-2025-deschis-oficial-in-raionul-basarabeasca-carabetovca-gazda-competitiilor\/496159106_2502136030127770_8554283672605363940_n-2\/'><img decoding=\"async\" width=\"1806\" height=\"1152\" data-src=\"https:\/\/bas-tv.md\/wp-content\/uploads\/2025\/05\/496159106_2502136030127770_8554283672605363940_n-1-e1747048843973.jpg\" class=\"attachment-full size-full lazyload\" alt=\"\" aria-describedby=\"gallery-2-147028\" data-srcset=\"https:\/\/bas-tv.md\/wp-content\/uploads\/2025\/05\/496159106_2502136030127770_8554283672605363940_n-1-e1747048843973.jpg 1806w, https:\/\/bas-tv.md\/wp-content\/uploads\/2025\/05\/496159106_2502136030127770_8554283672605363940_n-1-e1747048843973-300x191.jpg 300w, https:\/\/bas-tv.md\/wp-content\/uploads\/2025\/05\/496159106_2502136030127770_8554283672605363940_n-1-e1747048843973-1024x653.jpg 1024w, https:\/\/bas-tv.md\/wp-content\/uploads\/2025\/05\/496159106_2502136030127770_8554283672605363940_n-1-e1747048843973-768x490.jpg 768w, https:\/\/bas-tv.md\/wp-content\/uploads\/2025\/05\/496159106_2502136030127770_8554283672605363940_n-1-e1747048843973-1536x980.jpg 1536w, https:\/\/bas-tv.md\/wp-content\/uploads\/2025\/05\/496159106_2502136030127770_8554283672605363940_n-1-e1747048843973-1200x765.jpg 1200w\" data-sizes=\"(max-width: 1806px) 100vw, 1806px\" src=\"data:image\/svg+xml;base64,PHN2ZyB3aWR0aD0iMSIgaGVpZ2h0PSIxIiB4bWxucz0iaHR0cDovL3d3dy53My5vcmcvMjAwMC9zdmciPjwvc3ZnPg==\" style=\"--smush-placeholder-width: 1806px; --smush-placeholder-aspect-ratio: 1806\/1152;\" \/><\/a>\n\t\t\t<\/div>\n\t\t\t\t<figcaption class='wp-caption-text gallery-caption' id='gallery-2-147028'>\n\t\t\t\tFoto: Facebook\/Natalia Cara\n\t\t\t\t<\/figcaption><\/figure><figure class='gallery-item'>\n\t\t\t<div class='gallery-icon landscape'>\n\t\t\t\t<a href='https:\/\/bas-tv.md\/ro\/foto-sezonul-sportiv-2025-deschis-oficial-in-raionul-basarabeasca-carabetovca-gazda-competitiilor\/photo_5265073582533373562_y\/'><img decoding=\"async\" width=\"1257\" height=\"720\" data-src=\"https:\/\/bas-tv.md\/wp-content\/uploads\/2025\/05\/photo_5265073582533373562_y-e1747048950118.jpg\" class=\"attachment-full size-full lazyload\" alt=\"\" aria-describedby=\"gallery-2-147126\" data-srcset=\"https:\/\/bas-tv.md\/wp-content\/uploads\/2025\/05\/photo_5265073582533373562_y-e1747048950118.jpg 1257w, https:\/\/bas-tv.md\/wp-content\/uploads\/2025\/05\/photo_5265073582533373562_y-e1747048950118-300x172.jpg 300w, https:\/\/bas-tv.md\/wp-content\/uploads\/2025\/05\/photo_5265073582533373562_y-e1747048950118-1024x587.jpg 1024w, https:\/\/bas-tv.md\/wp-content\/uploads\/2025\/05\/photo_5265073582533373562_y-e1747048950118-768x440.jpg 768w, https:\/\/bas-tv.md\/wp-content\/uploads\/2025\/05\/photo_5265073582533373562_y-e1747048950118-1200x687.jpg 1200w\" data-sizes=\"(max-width: 1257px) 100vw, 1257px\" src=\"data:image\/svg+xml;base64,PHN2ZyB3aWR0aD0iMSIgaGVpZ2h0PSIxIiB4bWxucz0iaHR0cDovL3d3dy53My5vcmcvMjAwMC9zdmciPjwvc3ZnPg==\" style=\"--smush-placeholder-width: 1257px; --smush-placeholder-aspect-ratio: 1257\/720;\" \/><\/a>\n\t\t\t<\/div>\n\t\t\t\t<figcaption class='wp-caption-text gallery-caption' id='gallery-2-147126'>\n\t\t\t\tScreenshot\n\t\t\t\t<\/figcaption><\/figure><figure class='gallery-item'>\n\t\t\t<div class='gallery-icon landscape'>\n\t\t\t\t<a href='https:\/\/bas-tv.md\/ro\/foto-sezonul-sportiv-2025-deschis-oficial-in-raionul-basarabeasca-carabetovca-gazda-competitiilor\/photo_5265073582533373536_y\/'><img decoding=\"async\" width=\"1040\" height=\"590\" data-src=\"https:\/\/bas-tv.md\/wp-content\/uploads\/2025\/05\/photo_5265073582533373536_y-e1747047806301.jpg\" class=\"attachment-full size-full lazyload\" alt=\"\" aria-describedby=\"gallery-2-147074\" data-srcset=\"https:\/\/bas-tv.md\/wp-content\/uploads\/2025\/05\/photo_5265073582533373536_y-e1747047806301.jpg 1040w, https:\/\/bas-tv.md\/wp-content\/uploads\/2025\/05\/photo_5265073582533373536_y-e1747047806301-300x170.jpg 300w, https:\/\/bas-tv.md\/wp-content\/uploads\/2025\/05\/photo_5265073582533373536_y-e1747047806301-1024x581.jpg 1024w, https:\/\/bas-tv.md\/wp-content\/uploads\/2025\/05\/photo_5265073582533373536_y-e1747047806301-768x436.jpg 768w\" data-sizes=\"(max-width: 1040px) 100vw, 1040px\" src=\"data:image\/svg+xml;base64,PHN2ZyB3aWR0aD0iMSIgaGVpZ2h0PSIxIiB4bWxucz0iaHR0cDovL3d3dy53My5vcmcvMjAwMC9zdmciPjwvc3ZnPg==\" style=\"--smush-placeholder-width: 1040px; --smush-placeholder-aspect-ratio: 1040\/590;\" \/><\/a>\n\t\t\t<\/div>\n\t\t\t\t<figcaption class='wp-caption-text gallery-caption' id='gallery-2-147074'>\n\t\t\t\tScreenshot\n\t\t\t\t<\/figcaption><\/figure>\n\t\t<\/div>\n\n<figure id=\"attachment_147032\" aria-describedby=\"caption-attachment-147032\" style=\"width: 580px\" class=\"wp-caption aligncenter\"><img decoding=\"async\" class=\"size-large wp-image-147032 lazyload\" data-src=\"https:\/\/bas-tv.md\/wp-content\/uploads\/2025\/05\/496861975_2542639766101739_970016699713047082_n-1-768x1024.jpg\" alt=\"\" width=\"580\" height=\"773\" data-srcset=\"https:\/\/bas-tv.md\/wp-content\/uploads\/2025\/05\/496861975_2542639766101739_970016699713047082_n-1-768x1024.jpg 768w, https:\/\/bas-tv.md\/wp-content\/uploads\/2025\/05\/496861975_2542639766101739_970016699713047082_n-1-225x300.jpg 225w, https:\/\/bas-tv.md\/wp-content\/uploads\/2025\/05\/496861975_2542639766101739_970016699713047082_n-1-1152x1536.jpg 1152w, https:\/\/bas-tv.md\/wp-content\/uploads\/2025\/05\/496861975_2542639766101739_970016699713047082_n-1-1200x1600.jpg 1200w, https:\/\/bas-tv.md\/wp-content\/uploads\/2025\/05\/496861975_2542639766101739_970016699713047082_n-1.jpg 1536w\" data-sizes=\"(max-width: 580px) 100vw, 580px\" src=\"data:image\/svg+xml;base64,PHN2ZyB3aWR0aD0iMSIgaGVpZ2h0PSIxIiB4bWxucz0iaHR0cDovL3d3dy53My5vcmcvMjAwMC9zdmciPjwvc3ZnPg==\" style=\"--smush-placeholder-width: 580px; --smush-placeholder-aspect-ratio: 580\/773;\" \/><figcaption id=\"caption-attachment-147032\" class=\"wp-caption-text\">Foto; Facebook\/Primaria Carabetovca<\/figcaption><\/figure>\n<p>\u00cencep\u00e2nd cu anul 2024, competi\u021biile raionale sunt organizate prin rota\u021bie \u00een toate localit\u0103\u021bile din raion. Anul trecut, evenimentul a avut loc \u00een Sadaclia, \u00een 2025 a fost organizat la Carabetovca, \u00een ce localitate se va organiza viitoarea competi\u021bie r\u0103m\u00e2ne de v\u0103zut.<\/p>\n<p data-start=\"2118\" data-end=\"2449\">Aceast\u0103 ini\u021biativ\u0103 urm\u0103re\u0219te implicarea tuturor comunit\u0103\u021bilor locale \u00een promovarea sportului \u0219i modului s\u0103n\u0103tos de via\u021b\u0103.<\/p>\n<p data-start=\"2118\" data-end=\"2449\">Autoarea: Andreea Cheian<\/p>\n<div class=\"elementor-element elementor-element-5fc6b9d elementor-widget elementor-widget-theme-post-content\" data-id=\"5fc6b9d\" data-element_type=\"widget\" data-widget_type=\"theme-post-content.default\">\n<div class=\"elementor-widget-container\">\n<p><strong>Sus\u021bine\u021bi redac\u021bia BAStv, abona\u021bi-v\u0103 la noi pe platforma\u00a0<a href=\"https:\/\/www.patreon.com\/BAStv?fan_landing=true&amp;fbclid=IwAR3MeSDKfH4ixBydCXX9D1lhrCszhps3ID5uxuGA-Ktd4MTkZCRdlcEZkQI\">Patreon\u00a0<\/a>sau prin efectuarea contribu\u021biilor prin\u00a0<a href=\"https:\/\/www.paypal.com\/paypalme\/supportbastv\">PayPal<\/a>! Aceasta ne va ajuta s\u0103 cre\u0103m con\u021binut interesant \u0219i util pentru dvs., r\u0103m\u00e2n\u00e2nd \u00een continuare o platform\u0103 media independent\u0103.<\/strong><\/p>\n<p><b>Abona\u021bi-v\u0103 la noi pe re\u021bele sociale:\u00a0<\/b><a href=\"https:\/\/t.me\/bastvmd\"><b><i>Telegram<\/i><\/b><\/a><b>,\u00a0<\/b><a href=\"https:\/\/www.youtube.com\/channel\/UC-9005PnLnhpNM8PVSjP2dQ\/featured\"><b><i>YouTube<\/i><\/b><\/a><b>,\u00a0<\/b><a href=\"https:\/\/www.facebook.com\/bastv.md\"><b><i>Facebook<\/i><\/b><\/a>\u00a0\u0219i\u00a0<a href=\"https:\/\/www.instagram.com\/bastv.md\/\"><b><i>Instagram<\/i><\/b><\/a><b>.\u00a0 Aici public\u0103m \u0219tiri pe scurt!<\/b><\/p>\n<\/div>\n<\/div>\n","protected":false},"excerpt":{"rendered":"<p>Pe data de 11 mai 2025, satul Carabetovca a fost gazda deschiderii oficiale a sezonului sportiv din raionul Basarabeasca, eveniment organizat de Sec\u021bia Cultur\u0103 \u0219i Sport a Consiliului Raional Basarabeasca, \u00een colaborare cu Prim\u0103ria local\u0103. Programul a \u00eenceput cu o serie de probe individuale, printre care atletism, ridicarea greut\u0103\u021bilor, armwrestling, \u0219ah \u0219i dame. Organizarea competi\u021biilor [&hellip;]<\/p>\n","protected":false},"author":3,"featured_media":147013,"comment_status":"closed","ping_status":"closed","sticky":false,"template":"","format":"standard","meta":{"footnotes":""},"categories":[602,569],"tags":[9084,9083,693,678,9074,9080,2728,9073,9086,9076,9079,9081,3140,3114,9075,794,3696,9085,9072,9078,9077,9087,9082,7582,795],"class_list":["post-147010","post","type-post","status-publish","format-standard","has-post-thumbnail","hentry","category-actualitate","category-in-basarabeasca","tag-armwrestling","tag-atletism","tag-basarabeasca-ro","tag-carabetovca","tag-competitii-raionale","tag-competitii-sportive-basarabeasca","tag-consiliul-raional-basarabeasca","tag-cupa-solidaritatii","tag-dame","tag-deschidere-oficiala","tag-deschidere-sezon-sportiv","tag-echipe-de-fotbal","tag-eveniment-sportiv","tag-evenimente-locale","tag-fc-carabetovca","tag-fotbal","tag-primaria-carabetovca","tag-sah","tag-sezon-2025","tag-sport-in-moldova","tag-sport-raional","tag-sport-rural","tag-turneu-fotbal-carabetovca","tag-viata-sanatoasa","tag-sport-ro-2"],"yoast_head":"<!-- This site is optimized with the Yoast SEO plugin v27.5 - https:\/\/yoast.com\/product\/yoast-seo-wordpress\/ -->\n<title>Sezon sportiv 2025 deschis la Carabetovca<\/title>\n<meta name=\"description\" content=\"Carabetovca a g\u0103zduit deschiderea sezonului sportiv 2025 al raionului Basarabeasca. FC Carabetovca a c\u00e2\u0219tigat Cupa Solidarit\u0103\u021bii.\" \/>\n<meta name=\"robots\" content=\"index, follow, max-snippet:-1, max-image-preview:large, max-video-preview:-1\" \/>\n<link rel=\"canonical\" href=\"https:\/\/bas-tv.md\/ro\/foto-sezonul-sportiv-2025-deschis-oficial-in-raionul-basarabeasca-carabetovca-gazda-competitiilor\/\" \/>\n<meta property=\"og:locale\" content=\"ro_RO\" \/>\n<meta property=\"og:type\" content=\"article\" \/>\n<meta property=\"og:title\" content=\"Sezon sportiv 2025 deschis la Carabetovca\" \/>\n<meta property=\"og:description\" content=\"Carabetovca a g\u0103zduit deschiderea sezonului sportiv 2025 al raionului Basarabeasca. FC Carabetovca a c\u00e2\u0219tigat Cupa Solidarit\u0103\u021bii.\" \/>\n<meta property=\"og:url\" content=\"https:\/\/bas-tv.md\/ro\/foto-sezonul-sportiv-2025-deschis-oficial-in-raionul-basarabeasca-carabetovca-gazda-competitiilor\/\" \/>\n<meta property=\"og:site_name\" content=\"BasTV\" \/>\n<meta property=\"article:published_time\" content=\"2025-05-12T11:30:43+00:00\" \/>\n<meta property=\"article:modified_time\" content=\"2025-05-12T11:55:27+00:00\" \/>\n<meta property=\"og:image\" content=\"https:\/\/bas-tv.md\/wp-content\/uploads\/2025\/05\/495928834_2502136063461100_707006690927924690_n-e1747047248559.jpg\" \/>\n\t<meta property=\"og:image:width\" content=\"1754\" \/>\n\t<meta property=\"og:image:height\" content=\"1152\" \/>\n\t<meta property=\"og:image:type\" content=\"image\/jpeg\" \/>\n<meta name=\"author\" content=\"Redactor\" \/>\n<meta name=\"twitter:card\" content=\"summary_large_image\" \/>\n<meta name=\"twitter:label1\" content=\"Scris de\" \/>\n\t<meta name=\"twitter:data1\" content=\"Redactor\" \/>\n\t<meta name=\"twitter:label2\" content=\"Timp estimat pentru citire\" \/>\n\t<meta name=\"twitter:data2\" content=\"2 minute\" \/>\n<script type=\"application\/ld+json\" class=\"yoast-schema-graph\">{\"@context\":\"https:\\\/\\\/schema.org\",\"@graph\":[{\"@type\":\"Article\",\"@id\":\"https:\\\/\\\/bas-tv.md\\\/ro\\\/foto-sezonul-sportiv-2025-deschis-oficial-in-raionul-basarabeasca-carabetovca-gazda-competitiilor\\\/#article\",\"isPartOf\":{\"@id\":\"https:\\\/\\\/bas-tv.md\\\/ro\\\/foto-sezonul-sportiv-2025-deschis-oficial-in-raionul-basarabeasca-carabetovca-gazda-competitiilor\\\/\"},\"author\":{\"name\":\"Redactor\",\"@id\":\"https:\\\/\\\/bas-tv.md\\\/ro\\\/#\\\/schema\\\/person\\\/8740f45ea2eca1f1695284fc03529af0\"},\"headline\":\"(FOTO) Sezonul sportiv 2025 deschis oficial \u00een raionul Basarabeasca \u2013 Carabetovca, gazda competi\u021biilor\",\"datePublished\":\"2025-05-12T11:30:43+00:00\",\"dateModified\":\"2025-05-12T11:55:27+00:00\",\"mainEntityOfPage\":{\"@id\":\"https:\\\/\\\/bas-tv.md\\\/ro\\\/foto-sezonul-sportiv-2025-deschis-oficial-in-raionul-basarabeasca-carabetovca-gazda-competitiilor\\\/\"},\"wordCount\":344,\"publisher\":{\"@id\":\"https:\\\/\\\/bas-tv.md\\\/ro\\\/#organization\"},\"image\":{\"@id\":\"https:\\\/\\\/bas-tv.md\\\/ro\\\/foto-sezonul-sportiv-2025-deschis-oficial-in-raionul-basarabeasca-carabetovca-gazda-competitiilor\\\/#primaryimage\"},\"thumbnailUrl\":\"https:\\\/\\\/bas-tv.md\\\/wp-content\\\/uploads\\\/2025\\\/05\\\/495928834_2502136063461100_707006690927924690_n-e1747047248559.jpg\",\"keywords\":[\"armwrestling\",\"atletism\",\"Basarabeasca\",\"Carabetovca\",\"competi\u021bii raionale\",\"competi\u021bii sportive Basarabeasca\",\"consiliul raional basarabeasca\",\"Cupa Solidarit\u0103\u021bii\",\"dame\",\"deschidere oficial\u0103\",\"deschidere sezon sportiv\",\"echipe de fotbal\",\"eveniment sportiv\",\"evenimente locale\",\"FC Carabetovca\",\"fotbal\",\"prim\u0103ria Carabetovca\",\"\u0219ah\",\"sezon 2025\",\"sport \u00een Moldova\",\"sport raional\",\"sport rural\",\"turneu fotbal Carabetovca\",\"Via\u021b\u0103 S\u0103n\u0103toas\u0103\",\"\u0421\u043f\u043e\u0440\u0442\"],\"articleSection\":[\"Actualitate\",\"\u00cen Basarabeasca\"],\"inLanguage\":\"ro-RO\"},{\"@type\":\"WebPage\",\"@id\":\"https:\\\/\\\/bas-tv.md\\\/ro\\\/foto-sezonul-sportiv-2025-deschis-oficial-in-raionul-basarabeasca-carabetovca-gazda-competitiilor\\\/\",\"url\":\"https:\\\/\\\/bas-tv.md\\\/ro\\\/foto-sezonul-sportiv-2025-deschis-oficial-in-raionul-basarabeasca-carabetovca-gazda-competitiilor\\\/\",\"name\":\"Sezon sportiv 2025 deschis la Carabetovca\",\"isPartOf\":{\"@id\":\"https:\\\/\\\/bas-tv.md\\\/ro\\\/#website\"},\"primaryImageOfPage\":{\"@id\":\"https:\\\/\\\/bas-tv.md\\\/ro\\\/foto-sezonul-sportiv-2025-deschis-oficial-in-raionul-basarabeasca-carabetovca-gazda-competitiilor\\\/#primaryimage\"},\"image\":{\"@id\":\"https:\\\/\\\/bas-tv.md\\\/ro\\\/foto-sezonul-sportiv-2025-deschis-oficial-in-raionul-basarabeasca-carabetovca-gazda-competitiilor\\\/#primaryimage\"},\"thumbnailUrl\":\"https:\\\/\\\/bas-tv.md\\\/wp-content\\\/uploads\\\/2025\\\/05\\\/495928834_2502136063461100_707006690927924690_n-e1747047248559.jpg\",\"datePublished\":\"2025-05-12T11:30:43+00:00\",\"dateModified\":\"2025-05-12T11:55:27+00:00\",\"description\":\"Carabetovca a g\u0103zduit deschiderea sezonului sportiv 2025 al raionului Basarabeasca. FC Carabetovca a c\u00e2\u0219tigat Cupa Solidarit\u0103\u021bii.\",\"inLanguage\":\"ro-RO\",\"potentialAction\":[{\"@type\":\"ReadAction\",\"target\":[\"https:\\\/\\\/bas-tv.md\\\/ro\\\/foto-sezonul-sportiv-2025-deschis-oficial-in-raionul-basarabeasca-carabetovca-gazda-competitiilor\\\/\"]}]},{\"@type\":\"ImageObject\",\"inLanguage\":\"ro-RO\",\"@id\":\"https:\\\/\\\/bas-tv.md\\\/ro\\\/foto-sezonul-sportiv-2025-deschis-oficial-in-raionul-basarabeasca-carabetovca-gazda-competitiilor\\\/#primaryimage\",\"url\":\"https:\\\/\\\/bas-tv.md\\\/wp-content\\\/uploads\\\/2025\\\/05\\\/495928834_2502136063461100_707006690927924690_n-e1747047248559.jpg\",\"contentUrl\":\"https:\\\/\\\/bas-tv.md\\\/wp-content\\\/uploads\\\/2025\\\/05\\\/495928834_2502136063461100_707006690927924690_n-e1747047248559.jpg\",\"width\":1754,\"height\":1152,\"caption\":\"Foto: Facebook\\\/Natalia Cara\"},{\"@type\":\"WebSite\",\"@id\":\"https:\\\/\\\/bas-tv.md\\\/ro\\\/#website\",\"url\":\"https:\\\/\\\/bas-tv.md\\\/ro\\\/\",\"name\":\"BasTV\",\"description\":\"Moldova\",\"publisher\":{\"@id\":\"https:\\\/\\\/bas-tv.md\\\/ro\\\/#organization\"},\"potentialAction\":[{\"@type\":\"SearchAction\",\"target\":{\"@type\":\"EntryPoint\",\"urlTemplate\":\"https:\\\/\\\/bas-tv.md\\\/ro\\\/?s={search_term_string}\"},\"query-input\":{\"@type\":\"PropertyValueSpecification\",\"valueRequired\":true,\"valueName\":\"search_term_string\"}}],\"inLanguage\":\"ro-RO\"},{\"@type\":\"Organization\",\"@id\":\"https:\\\/\\\/bas-tv.md\\\/ro\\\/#organization\",\"name\":\"BasTV\",\"url\":\"https:\\\/\\\/bas-tv.md\\\/ro\\\/\",\"logo\":{\"@type\":\"ImageObject\",\"inLanguage\":\"ro-RO\",\"@id\":\"https:\\\/\\\/bas-tv.md\\\/ro\\\/#\\\/schema\\\/logo\\\/image\\\/\",\"url\":\"https:\\\/\\\/bas-tv.md\\\/wp-content\\\/uploads\\\/2023\\\/05\\\/bas-tv-culoarea-rosie.png\",\"contentUrl\":\"https:\\\/\\\/bas-tv.md\\\/wp-content\\\/uploads\\\/2023\\\/05\\\/bas-tv-culoarea-rosie.png\",\"width\":202,\"height\":50,\"caption\":\"BasTV\"},\"image\":{\"@id\":\"https:\\\/\\\/bas-tv.md\\\/ro\\\/#\\\/schema\\\/logo\\\/image\\\/\"}},{\"@type\":\"Person\",\"@id\":\"https:\\\/\\\/bas-tv.md\\\/ro\\\/#\\\/schema\\\/person\\\/8740f45ea2eca1f1695284fc03529af0\",\"name\":\"Redactor\",\"image\":{\"@type\":\"ImageObject\",\"inLanguage\":\"ro-RO\",\"@id\":\"https:\\\/\\\/secure.gravatar.com\\\/avatar\\\/45b6af9fc91c10b15a8b40e67c1f57bab2e9614fc9f0af95cf453d61934e9aad?s=96&d=mm&r=g\",\"url\":\"https:\\\/\\\/secure.gravatar.com\\\/avatar\\\/45b6af9fc91c10b15a8b40e67c1f57bab2e9614fc9f0af95cf453d61934e9aad?s=96&d=mm&r=g\",\"contentUrl\":\"https:\\\/\\\/secure.gravatar.com\\\/avatar\\\/45b6af9fc91c10b15a8b40e67c1f57bab2e9614fc9f0af95cf453d61934e9aad?s=96&d=mm&r=g\",\"caption\":\"Redactor\"},\"url\":\"https:\\\/\\\/bas-tv.md\\\/ro\\\/author\\\/redactor\\\/\"}]}<\/script>\n<!-- \/ Yoast SEO plugin. -->","yoast_head_json":{"title":"Sezon sportiv 2025 deschis la Carabetovca","description":"Carabetovca a g\u0103zduit deschiderea sezonului sportiv 2025 al raionului Basarabeasca. FC Carabetovca a c\u00e2\u0219tigat Cupa Solidarit\u0103\u021bii.","robots":{"index":"index","follow":"follow","max-snippet":"max-snippet:-1","max-image-preview":"max-image-preview:large","max-video-preview":"max-video-preview:-1"},"canonical":"https:\/\/bas-tv.md\/ro\/foto-sezonul-sportiv-2025-deschis-oficial-in-raionul-basarabeasca-carabetovca-gazda-competitiilor\/","og_locale":"ro_RO","og_type":"article","og_title":"Sezon sportiv 2025 deschis la Carabetovca","og_description":"Carabetovca a g\u0103zduit deschiderea sezonului sportiv 2025 al raionului Basarabeasca. FC Carabetovca a c\u00e2\u0219tigat Cupa Solidarit\u0103\u021bii.","og_url":"https:\/\/bas-tv.md\/ro\/foto-sezonul-sportiv-2025-deschis-oficial-in-raionul-basarabeasca-carabetovca-gazda-competitiilor\/","og_site_name":"BasTV","article_published_time":"2025-05-12T11:30:43+00:00","article_modified_time":"2025-05-12T11:55:27+00:00","og_image":[{"width":1754,"height":1152,"url":"https:\/\/bas-tv.md\/wp-content\/uploads\/2025\/05\/495928834_2502136063461100_707006690927924690_n-e1747047248559.jpg","type":"image\/jpeg"}],"author":"Redactor","twitter_card":"summary_large_image","twitter_misc":{"Scris de":"Redactor","Timp estimat pentru citire":"2 minute"},"schema":{"@context":"https:\/\/schema.org","@graph":[{"@type":"Article","@id":"https:\/\/bas-tv.md\/ro\/foto-sezonul-sportiv-2025-deschis-oficial-in-raionul-basarabeasca-carabetovca-gazda-competitiilor\/#article","isPartOf":{"@id":"https:\/\/bas-tv.md\/ro\/foto-sezonul-sportiv-2025-deschis-oficial-in-raionul-basarabeasca-carabetovca-gazda-competitiilor\/"},"author":{"name":"Redactor","@id":"https:\/\/bas-tv.md\/ro\/#\/schema\/person\/8740f45ea2eca1f1695284fc03529af0"},"headline":"(FOTO) Sezonul sportiv 2025 deschis oficial \u00een raionul Basarabeasca \u2013 Carabetovca, gazda competi\u021biilor","datePublished":"2025-05-12T11:30:43+00:00","dateModified":"2025-05-12T11:55:27+00:00","mainEntityOfPage":{"@id":"https:\/\/bas-tv.md\/ro\/foto-sezonul-sportiv-2025-deschis-oficial-in-raionul-basarabeasca-carabetovca-gazda-competitiilor\/"},"wordCount":344,"publisher":{"@id":"https:\/\/bas-tv.md\/ro\/#organization"},"image":{"@id":"https:\/\/bas-tv.md\/ro\/foto-sezonul-sportiv-2025-deschis-oficial-in-raionul-basarabeasca-carabetovca-gazda-competitiilor\/#primaryimage"},"thumbnailUrl":"https:\/\/bas-tv.md\/wp-content\/uploads\/2025\/05\/495928834_2502136063461100_707006690927924690_n-e1747047248559.jpg","keywords":["armwrestling","atletism","Basarabeasca","Carabetovca","competi\u021bii raionale","competi\u021bii sportive Basarabeasca","consiliul raional basarabeasca","Cupa Solidarit\u0103\u021bii","dame","deschidere oficial\u0103","deschidere sezon sportiv","echipe de fotbal","eveniment sportiv","evenimente locale","FC Carabetovca","fotbal","prim\u0103ria Carabetovca","\u0219ah","sezon 2025","sport \u00een Moldova","sport raional","sport rural","turneu fotbal Carabetovca","Via\u021b\u0103 S\u0103n\u0103toas\u0103","\u0421\u043f\u043e\u0440\u0442"],"articleSection":["Actualitate","\u00cen Basarabeasca"],"inLanguage":"ro-RO"},{"@type":"WebPage","@id":"https:\/\/bas-tv.md\/ro\/foto-sezonul-sportiv-2025-deschis-oficial-in-raionul-basarabeasca-carabetovca-gazda-competitiilor\/","url":"https:\/\/bas-tv.md\/ro\/foto-sezonul-sportiv-2025-deschis-oficial-in-raionul-basarabeasca-carabetovca-gazda-competitiilor\/","name":"Sezon sportiv 2025 deschis la Carabetovca","isPartOf":{"@id":"https:\/\/bas-tv.md\/ro\/#website"},"primaryImageOfPage":{"@id":"https:\/\/bas-tv.md\/ro\/foto-sezonul-sportiv-2025-deschis-oficial-in-raionul-basarabeasca-carabetovca-gazda-competitiilor\/#primaryimage"},"image":{"@id":"https:\/\/bas-tv.md\/ro\/foto-sezonul-sportiv-2025-deschis-oficial-in-raionul-basarabeasca-carabetovca-gazda-competitiilor\/#primaryimage"},"thumbnailUrl":"https:\/\/bas-tv.md\/wp-content\/uploads\/2025\/05\/495928834_2502136063461100_707006690927924690_n-e1747047248559.jpg","datePublished":"2025-05-12T11:30:43+00:00","dateModified":"2025-05-12T11:55:27+00:00","description":"Carabetovca a g\u0103zduit deschiderea sezonului sportiv 2025 al raionului Basarabeasca. FC Carabetovca a c\u00e2\u0219tigat Cupa Solidarit\u0103\u021bii.","inLanguage":"ro-RO","potentialAction":[{"@type":"ReadAction","target":["https:\/\/bas-tv.md\/ro\/foto-sezonul-sportiv-2025-deschis-oficial-in-raionul-basarabeasca-carabetovca-gazda-competitiilor\/"]}]},{"@type":"ImageObject","inLanguage":"ro-RO","@id":"https:\/\/bas-tv.md\/ro\/foto-sezonul-sportiv-2025-deschis-oficial-in-raionul-basarabeasca-carabetovca-gazda-competitiilor\/#primaryimage","url":"https:\/\/bas-tv.md\/wp-content\/uploads\/2025\/05\/495928834_2502136063461100_707006690927924690_n-e1747047248559.jpg","contentUrl":"https:\/\/bas-tv.md\/wp-content\/uploads\/2025\/05\/495928834_2502136063461100_707006690927924690_n-e1747047248559.jpg","width":1754,"height":1152,"caption":"Foto: Facebook\/Natalia Cara"},{"@type":"WebSite","@id":"https:\/\/bas-tv.md\/ro\/#website","url":"https:\/\/bas-tv.md\/ro\/","name":"BasTV","description":"Moldova","publisher":{"@id":"https:\/\/bas-tv.md\/ro\/#organization"},"potentialAction":[{"@type":"SearchAction","target":{"@type":"EntryPoint","urlTemplate":"https:\/\/bas-tv.md\/ro\/?s={search_term_string}"},"query-input":{"@type":"PropertyValueSpecification","valueRequired":true,"valueName":"search_term_string"}}],"inLanguage":"ro-RO"},{"@type":"Organization","@id":"https:\/\/bas-tv.md\/ro\/#organization","name":"BasTV","url":"https:\/\/bas-tv.md\/ro\/","logo":{"@type":"ImageObject","inLanguage":"ro-RO","@id":"https:\/\/bas-tv.md\/ro\/#\/schema\/logo\/image\/","url":"https:\/\/bas-tv.md\/wp-content\/uploads\/2023\/05\/bas-tv-culoarea-rosie.png","contentUrl":"https:\/\/bas-tv.md\/wp-content\/uploads\/2023\/05\/bas-tv-culoarea-rosie.png","width":202,"height":50,"caption":"BasTV"},"image":{"@id":"https:\/\/bas-tv.md\/ro\/#\/schema\/logo\/image\/"}},{"@type":"Person","@id":"https:\/\/bas-tv.md\/ro\/#\/schema\/person\/8740f45ea2eca1f1695284fc03529af0","name":"Redactor","image":{"@type":"ImageObject","inLanguage":"ro-RO","@id":"https:\/\/secure.gravatar.com\/avatar\/45b6af9fc91c10b15a8b40e67c1f57bab2e9614fc9f0af95cf453d61934e9aad?s=96&d=mm&r=g","url":"https:\/\/secure.gravatar.com\/avatar\/45b6af9fc91c10b15a8b40e67c1f57bab2e9614fc9f0af95cf453d61934e9aad?s=96&d=mm&r=g","contentUrl":"https:\/\/secure.gravatar.com\/avatar\/45b6af9fc91c10b15a8b40e67c1f57bab2e9614fc9f0af95cf453d61934e9aad?s=96&d=mm&r=g","caption":"Redactor"},"url":"https:\/\/bas-tv.md\/ro\/author\/redactor\/"}]}},"views":301,"_links":{"self":[{"href":"https:\/\/bas-tv.md\/ro\/wp-json\/wp\/v2\/posts\/147010","targetHints":{"allow":["GET"]}}],"collection":[{"href":"https:\/\/bas-tv.md\/ro\/wp-json\/wp\/v2\/posts"}],"about":[{"href":"https:\/\/bas-tv.md\/ro\/wp-json\/wp\/v2\/types\/post"}],"author":[{"embeddable":true,"href":"https:\/\/bas-tv.md\/ro\/wp-json\/wp\/v2\/users\/3"}],"replies":[{"embeddable":true,"href":"https:\/\/bas-tv.md\/ro\/wp-json\/wp\/v2\/comments?post=147010"}],"version-history":[{"count":2,"href":"https:\/\/bas-tv.md\/ro\/wp-json\/wp\/v2\/posts\/147010\/revisions"}],"predecessor-version":[{"id":147139,"href":"https:\/\/bas-tv.md\/ro\/wp-json\/wp\/v2\/posts\/147010\/revisions\/147139"}],"wp:featuredmedia":[{"embeddable":true,"href":"https:\/\/bas-tv.md\/ro\/wp-json\/wp\/v2\/media\/147013"}],"wp:attachment":[{"href":"https:\/\/bas-tv.md\/ro\/wp-json\/wp\/v2\/media?parent=147010"}],"wp:term":[{"taxonomy":"category","embeddable":true,"href":"https:\/\/bas-tv.md\/ro\/wp-json\/wp\/v2\/categories?post=147010"},{"taxonomy":"post_tag","embeddable":true,"href":"https:\/\/bas-tv.md\/ro\/wp-json\/wp\/v2\/tags?post=147010"}],"curies":[{"name":"wp","href":"https:\/\/api.w.org\/{rel}","templated":true}]}}