{"id":147023,"date":"2025-05-12T20:00:06","date_gmt":"2025-05-12T17:00:06","guid":{"rendered":"https:\/\/bas-tv.md\/?p=147023"},"modified":"2025-05-12T19:21:36","modified_gmt":"2025-05-12T16:21:36","slug":"doc-venituri-case-terenuri-si-vehicule-ce-a-trecut-in-declaratia-de-avere-viceprimarul-orasului-cimislia-dorin-coroian","status":"publish","type":"post","link":"https:\/\/bas-tv.md\/ro\/doc-venituri-case-terenuri-si-vehicule-ce-a-trecut-in-declaratia-de-avere-viceprimarul-orasului-cimislia-dorin-coroian\/","title":{"rendered":"(DOC) Venituri, case, terenuri \u0219i vehicule: ce a trecut \u00een declara\u021bia de avere viceprimarul ora\u0219ului Cimi\u0219lia, Dorin Coroian"},"content":{"rendered":"<p><strong>Declara\u021bia de avere \u0219i interese personale a viceprimarului ora\u0219ului Cimi\u0219lia, Dorin Coroian, a fost publicat\u0103 pe site-ul Autorit\u0103\u021bii Na\u021bionale de Integritate (ANI). Potrivit documentului, \u00een anul 2024, familia Coroian a mo\u0219tenit patru terenuri \u0219i mai multe bunuri imobile, inclusiv dou\u0103 case de locuit.<\/strong><\/p>\n<p>Dorin Coroian a declarat un venit salarial brut de 272 776,70 lei, ob\u021binut din exercitarea func\u021biei de viceprimar al ora\u0219ului Cimi\u0219lia. La aceast\u0103 sum\u0103 se adaug\u0103 4 214,29 lei, ob\u021binu\u021bi din activitatea desf\u0103\u0219urat\u0103 \u00een cadrul Agen\u021biei de Cooperare Interna\u021bional\u0103 a Germaniei (GIZ), precum \u0219i tichete de mas\u0103 \u00een valoare de 14 910 lei. Un alt membru al familiei sale, angajat la Agen\u021bia de Dezvoltare Regional\u0103 Sud, a ob\u021binut un salariu anual brut de 364 769,21 lei.<\/p>\n<p>O mare parte a patrimoniului imobiliar declarat de viceprimar este alc\u0103tuit\u0103 din terenuri agricole. Acesta de\u021bine, cu drept de proprietate (\u00bd cot\u0103-parte), nou\u0103 terenuri cu destina\u021bie agricol\u0103, achizi\u021bionate \u00een anul 2009 prin dou\u0103 contracte de v\u00e2nzare-cump\u0103rare. Cinci dintre acestea au fost evaluate la c\u00e2te 1 600 lei, iar celelalte patru \u2013 la c\u00e2te 2 000 lei. Suprafa\u021ba cumulat\u0103 a acestor terenuri este de 4,4145 hectare. Tot \u00een declara\u021bie figureaz\u0103 \u0219i un teren intravilan de 0,06 hectare, dob\u00e2ndit cu drept de proprietate \u00een anul 2016 (\u00bd cot\u0103-parte), pentru suma de 4 646 lei.<\/p>\n<p>Suplimentar, Coroian a declarat alte 27 de terenuri aflate \u00een proprietatea sau posesia familiei sale. Acestea au fost dob\u00e2ndite \u00een mai multe etape:<\/p>\n<ul>\n<li>\u00cen 2009: 9 terenuri agricole, dob\u00e2ndite (\u00bd cot\u0103-parte) \u00een baza unor contracte de v\u00e2nzare-cump\u0103rare, cu o suprafa\u021b\u0103 total\u0103 de 4,4145 ha;<\/li>\n<li>\u00cen 2016: 3 terenuri agricole (1 cot\u0103-parte), ob\u021binute prin dona\u021bie, cu o suprafa\u021b\u0103 total\u0103 de 1,5938 ha \u0219i o valoare declarat\u0103 de c\u00e2te 5 891,33 lei, plus un teren intravilan (\u00bd cot\u0103-parte) de 0,06 ha, evaluat la 4 646 lei;<\/li>\n<li>\u00cen 2020: 10 terenuri mo\u0219tenite (2\/4 cot\u0103-parte), dintre care 6 sunt cu destina\u021bie agricol\u0103, 2 intravilane \u0219i 2 extravilane, \u00eensum\u00e2nd o suprafa\u021b\u0103 de 4,0587 ha;<\/li>\n<li>\u00cen 2024: 4 terenuri mo\u0219tenite (\u00bd cot\u0103-parte), dintre care 2 intravilane \u0219i 2 extravilane, cu o suprafa\u021b\u0103 total\u0103 de 0,8013 ha.<\/li>\n<\/ul>\n<p>La capitolul cl\u0103diri \u0219i construc\u021bii, viceprimarul declar\u0103 c\u0103 de\u021bine \u00bd cot\u0103-parte dintr-un apartament cu o suprafa\u021b\u0103 de 38,9 metri p\u0103tra\u021bi, achizi\u021bionat \u00een anul 2013 pentru suma de 39 870 lei. Cealalt\u0103 jum\u0103tate apar\u021bine unui membru al familiei.<\/p>\n<p>Tot \u00een anul 2024, familia Coroian a intrat \u00een posesia a dou\u0103 case de locuit cu suprafe\u021be de 163,8 m\u00b2 \u0219i, respectiv, 50,2 m\u00b2, prin mo\u0219tenire (\u00bd cot\u0103-parte). Al\u0103turi de acestea, au mai fost declarate \u0219i alte cinci bunuri imobile, specificate \u00een document drept \u201ealte averi imobile\u201d. \u00cen total, suprafa\u021ba bunurilor imobile mo\u0219tenite \u00een 2024 \u00eensumeaz\u0103 300 metri p\u0103tra\u021bi.<\/p>\n<p>Declara\u021bia include \u0219i trei vehicule aflate \u00een posesia familiei. Este vorba despre:<\/p>\n<ul>\n<li>o ma\u0219in\u0103 agricol\u0103 MTZ 82.1, fabricat\u0103 \u00een anul 2000, ob\u021binut\u0103 \u00een 2020 prin mo\u0219tenire (2\/4 cot\u0103-parte), cu o valoare declarat\u0103 de 48 750 lei \u0219i o valoare de pia\u021b\u0103 de 97 500 lei;<\/li>\n<li>un autoturism Mercedes Benz E200, fabricat \u00een 1995 \u0219i achizi\u021bionat \u00een 2012 pentru 6 000 lei;<\/li>\n<li>un Volkswagen Passat CC, fabricat \u00een 2013 \u0219i cump\u0103rat \u00een 2022 cu 100 000 lei.<\/li>\n<\/ul>\n<p>De\u0219i este titularul celor dou\u0103 autoturisme, Dorin Coroian precizeaz\u0103 \u00een declara\u021bie c\u0103 nu este beneficiarul efectiv al acestora.<\/p>\n<p><iframe data-src=\"https:\/\/drive.google.com\/file\/d\/1nJmEwIMFsn4_6iL1_Q2Fpu7i7lD7ks1L\/preview\" width=\"640\" height=\"480\" src=\"data:image\/svg+xml;base64,PHN2ZyB3aWR0aD0iMSIgaGVpZ2h0PSIxIiB4bWxucz0iaHR0cDovL3d3dy53My5vcmcvMjAwMC9zdmciPjwvc3ZnPg==\" class=\"lazyload\" data-load-mode=\"1\"><\/iframe><strong>Sus\u021bine\u021bi redac\u021bia BAStv, abona\u021bi-v\u0103 la noi pe platforma\u00a0<a href=\"https:\/\/www.patreon.com\/BAStv?fan_landing=true&amp;fbclid=IwAR3MeSDKfH4ixBydCXX9D1lhrCszhps3ID5uxuGA-Ktd4MTkZCRdlcEZkQI\">Patreon\u00a0<\/a>sau prin efectuarea contribu\u021biilor prin\u00a0<a href=\"https:\/\/www.paypal.com\/paypalme\/supportbastv\">PayPal<\/a>! Aceasta ne va ajuta s\u0103 cre\u0103m con\u021binut interesant \u0219i util pentru dvs., r\u0103m\u00e2n\u00e2nd \u00een continuare o platform\u0103 media independent\u0103.<\/strong><\/p>\n<p><b>Abona\u021bi-v\u0103 la noi pe re\u021bele sociale:\u00a0<\/b><a href=\"https:\/\/t.me\/bastvmd\"><b><i>Telegram<\/i><\/b><\/a><b>,\u00a0<\/b><a href=\"https:\/\/www.youtube.com\/channel\/UC-9005PnLnhpNM8PVSjP2dQ\/featured\"><b><i>YouTube<\/i><\/b><\/a><b>,\u00a0<\/b><a href=\"https:\/\/www.facebook.com\/bastv.md\"><b><i>Facebook<\/i><\/b><\/a>\u00a0\u0219i\u00a0<a href=\"https:\/\/www.instagram.com\/bastv.md\/\"><b><i>Instagram<\/i><\/b><\/a><b>.\u00a0 Aici public\u0103m \u0219tiri pe scurt!<\/b><\/p>\n","protected":false},"excerpt":{"rendered":"<p>Declara\u021bia de avere \u0219i interese personale a viceprimarului ora\u0219ului Cimi\u0219lia, Dorin Coroian, a fost publicat\u0103 pe site-ul Autorit\u0103\u021bii Na\u021bionale de Integritate (ANI). Potrivit documentului, \u00een anul 2024, familia Coroian a mo\u0219tenit patru terenuri \u0219i mai multe bunuri imobile, inclusiv dou\u0103 case de locuit. Dorin Coroian a declarat un venit salarial brut de 272 776,70 lei, [&hellip;]<\/p>\n","protected":false},"author":3,"featured_media":147192,"comment_status":"closed","ping_status":"closed","sticky":false,"template":"","format":"standard","meta":{"footnotes":""},"categories":[572,573],"tags":[4063,7673,9093],"class_list":["post-147023","post","type-post","status-publish","format-standard","has-post-thumbnail","hentry","category-bani","category-in-esenta","tag-declaratie-de-avere","tag-declaratie-de-avere-2024","tag-dorin-coroian"],"yoast_head":"<!-- This site is optimized with the Yoast SEO plugin v27.5 - https:\/\/yoast.com\/product\/yoast-seo-wordpress\/ -->\n<title>(DOC) Venituri, case, terenuri \u0219i vehicule: ce a trecut \u00een declara\u021bia de avere viceprimarul ora\u0219ului Cimi\u0219lia, Dorin Coroian - BasTV<\/title>\n<meta name=\"robots\" content=\"index, follow, max-snippet:-1, max-image-preview:large, max-video-preview:-1\" \/>\n<link rel=\"canonical\" href=\"https:\/\/bas-tv.md\/ro\/doc-venituri-case-terenuri-si-vehicule-ce-a-trecut-in-declaratia-de-avere-viceprimarul-orasului-cimislia-dorin-coroian\/\" \/>\n<meta property=\"og:locale\" content=\"ro_RO\" \/>\n<meta property=\"og:type\" content=\"article\" \/>\n<meta property=\"og:title\" content=\"(DOC) Venituri, case, terenuri \u0219i vehicule: ce a trecut \u00een declara\u021bia de avere viceprimarul ora\u0219ului Cimi\u0219lia, Dorin Coroian - BasTV\" \/>\n<meta property=\"og:description\" content=\"Declara\u021bia de avere \u0219i interese personale a viceprimarului ora\u0219ului Cimi\u0219lia, Dorin Coroian, a fost publicat\u0103 pe site-ul Autorit\u0103\u021bii Na\u021bionale de Integritate (ANI). Potrivit documentului, \u00een anul 2024, familia Coroian a mo\u0219tenit patru terenuri \u0219i mai multe bunuri imobile, inclusiv dou\u0103 case de locuit. Dorin Coroian a declarat un venit salarial brut de 272 776,70 lei, [&hellip;]\" \/>\n<meta property=\"og:url\" content=\"https:\/\/bas-tv.md\/ro\/doc-venituri-case-terenuri-si-vehicule-ce-a-trecut-in-declaratia-de-avere-viceprimarul-orasului-cimislia-dorin-coroian\/\" \/>\n<meta property=\"og:site_name\" content=\"BasTV\" \/>\n<meta property=\"article:published_time\" content=\"2025-05-12T17:00:06+00:00\" \/>\n<meta property=\"og:image\" content=\"https:\/\/bas-tv.md\/wp-content\/uploads\/2025\/05\/beige-and-black-simple-welcome-march-card-6-1024x726.png\" \/>\n\t<meta property=\"og:image:width\" content=\"1024\" \/>\n\t<meta property=\"og:image:height\" content=\"726\" \/>\n\t<meta property=\"og:image:type\" content=\"image\/png\" \/>\n<meta name=\"author\" content=\"Redactor\" \/>\n<meta name=\"twitter:card\" content=\"summary_large_image\" \/>\n<meta name=\"twitter:label1\" content=\"Scris de\" \/>\n\t<meta name=\"twitter:data1\" content=\"Redactor\" \/>\n\t<meta name=\"twitter:label2\" content=\"Timp estimat pentru citire\" \/>\n\t<meta name=\"twitter:data2\" content=\"4 minute\" \/>\n<script type=\"application\/ld+json\" class=\"yoast-schema-graph\">{\"@context\":\"https:\\\/\\\/schema.org\",\"@graph\":[{\"@type\":\"Article\",\"@id\":\"https:\\\/\\\/bas-tv.md\\\/ro\\\/doc-venituri-case-terenuri-si-vehicule-ce-a-trecut-in-declaratia-de-avere-viceprimarul-orasului-cimislia-dorin-coroian\\\/#article\",\"isPartOf\":{\"@id\":\"https:\\\/\\\/bas-tv.md\\\/ro\\\/doc-venituri-case-terenuri-si-vehicule-ce-a-trecut-in-declaratia-de-avere-viceprimarul-orasului-cimislia-dorin-coroian\\\/\"},\"author\":{\"name\":\"Redactor\",\"@id\":\"https:\\\/\\\/bas-tv.md\\\/ro\\\/#\\\/schema\\\/person\\\/8740f45ea2eca1f1695284fc03529af0\"},\"headline\":\"(DOC) Venituri, case, terenuri \u0219i vehicule: ce a trecut \u00een declara\u021bia de avere viceprimarul ora\u0219ului Cimi\u0219lia, Dorin Coroian\",\"datePublished\":\"2025-05-12T17:00:06+00:00\",\"mainEntityOfPage\":{\"@id\":\"https:\\\/\\\/bas-tv.md\\\/ro\\\/doc-venituri-case-terenuri-si-vehicule-ce-a-trecut-in-declaratia-de-avere-viceprimarul-orasului-cimislia-dorin-coroian\\\/\"},\"wordCount\":610,\"publisher\":{\"@id\":\"https:\\\/\\\/bas-tv.md\\\/ro\\\/#organization\"},\"image\":{\"@id\":\"https:\\\/\\\/bas-tv.md\\\/ro\\\/doc-venituri-case-terenuri-si-vehicule-ce-a-trecut-in-declaratia-de-avere-viceprimarul-orasului-cimislia-dorin-coroian\\\/#primaryimage\"},\"thumbnailUrl\":\"https:\\\/\\\/bas-tv.md\\\/wp-content\\\/uploads\\\/2025\\\/05\\\/beige-and-black-simple-welcome-march-card-6.png\",\"keywords\":[\"declara\u021bie de avere\",\"declara\u021bie de avere 2024\",\"Dorin Coroian\"],\"articleSection\":[\"Bani\",\"\u00cen esen\u021b\u0103\"],\"inLanguage\":\"ro-RO\"},{\"@type\":\"WebPage\",\"@id\":\"https:\\\/\\\/bas-tv.md\\\/ro\\\/doc-venituri-case-terenuri-si-vehicule-ce-a-trecut-in-declaratia-de-avere-viceprimarul-orasului-cimislia-dorin-coroian\\\/\",\"url\":\"https:\\\/\\\/bas-tv.md\\\/ro\\\/doc-venituri-case-terenuri-si-vehicule-ce-a-trecut-in-declaratia-de-avere-viceprimarul-orasului-cimislia-dorin-coroian\\\/\",\"name\":\"(DOC) Venituri, case, terenuri \u0219i vehicule: ce a trecut \u00een declara\u021bia de avere viceprimarul ora\u0219ului Cimi\u0219lia, Dorin Coroian - BasTV\",\"isPartOf\":{\"@id\":\"https:\\\/\\\/bas-tv.md\\\/ro\\\/#website\"},\"primaryImageOfPage\":{\"@id\":\"https:\\\/\\\/bas-tv.md\\\/ro\\\/doc-venituri-case-terenuri-si-vehicule-ce-a-trecut-in-declaratia-de-avere-viceprimarul-orasului-cimislia-dorin-coroian\\\/#primaryimage\"},\"image\":{\"@id\":\"https:\\\/\\\/bas-tv.md\\\/ro\\\/doc-venituri-case-terenuri-si-vehicule-ce-a-trecut-in-declaratia-de-avere-viceprimarul-orasului-cimislia-dorin-coroian\\\/#primaryimage\"},\"thumbnailUrl\":\"https:\\\/\\\/bas-tv.md\\\/wp-content\\\/uploads\\\/2025\\\/05\\\/beige-and-black-simple-welcome-march-card-6.png\",\"datePublished\":\"2025-05-12T17:00:06+00:00\",\"inLanguage\":\"ro-RO\",\"potentialAction\":[{\"@type\":\"ReadAction\",\"target\":[\"https:\\\/\\\/bas-tv.md\\\/ro\\\/doc-venituri-case-terenuri-si-vehicule-ce-a-trecut-in-declaratia-de-avere-viceprimarul-orasului-cimislia-dorin-coroian\\\/\"]}]},{\"@type\":\"ImageObject\",\"inLanguage\":\"ro-RO\",\"@id\":\"https:\\\/\\\/bas-tv.md\\\/ro\\\/doc-venituri-case-terenuri-si-vehicule-ce-a-trecut-in-declaratia-de-avere-viceprimarul-orasului-cimislia-dorin-coroian\\\/#primaryimage\",\"url\":\"https:\\\/\\\/bas-tv.md\\\/wp-content\\\/uploads\\\/2025\\\/05\\\/beige-and-black-simple-welcome-march-card-6.png\",\"contentUrl\":\"https:\\\/\\\/bas-tv.md\\\/wp-content\\\/uploads\\\/2025\\\/05\\\/beige-and-black-simple-welcome-march-card-6.png\",\"width\":1748,\"height\":1240},{\"@type\":\"WebSite\",\"@id\":\"https:\\\/\\\/bas-tv.md\\\/ro\\\/#website\",\"url\":\"https:\\\/\\\/bas-tv.md\\\/ro\\\/\",\"name\":\"BasTV\",\"description\":\"Moldova\",\"publisher\":{\"@id\":\"https:\\\/\\\/bas-tv.md\\\/ro\\\/#organization\"},\"potentialAction\":[{\"@type\":\"SearchAction\",\"target\":{\"@type\":\"EntryPoint\",\"urlTemplate\":\"https:\\\/\\\/bas-tv.md\\\/ro\\\/?s={search_term_string}\"},\"query-input\":{\"@type\":\"PropertyValueSpecification\",\"valueRequired\":true,\"valueName\":\"search_term_string\"}}],\"inLanguage\":\"ro-RO\"},{\"@type\":\"Organization\",\"@id\":\"https:\\\/\\\/bas-tv.md\\\/ro\\\/#organization\",\"name\":\"BasTV\",\"url\":\"https:\\\/\\\/bas-tv.md\\\/ro\\\/\",\"logo\":{\"@type\":\"ImageObject\",\"inLanguage\":\"ro-RO\",\"@id\":\"https:\\\/\\\/bas-tv.md\\\/ro\\\/#\\\/schema\\\/logo\\\/image\\\/\",\"url\":\"https:\\\/\\\/bas-tv.md\\\/wp-content\\\/uploads\\\/2023\\\/05\\\/bas-tv-culoarea-rosie.png\",\"contentUrl\":\"https:\\\/\\\/bas-tv.md\\\/wp-content\\\/uploads\\\/2023\\\/05\\\/bas-tv-culoarea-rosie.png\",\"width\":202,\"height\":50,\"caption\":\"BasTV\"},\"image\":{\"@id\":\"https:\\\/\\\/bas-tv.md\\\/ro\\\/#\\\/schema\\\/logo\\\/image\\\/\"}},{\"@type\":\"Person\",\"@id\":\"https:\\\/\\\/bas-tv.md\\\/ro\\\/#\\\/schema\\\/person\\\/8740f45ea2eca1f1695284fc03529af0\",\"name\":\"Redactor\",\"image\":{\"@type\":\"ImageObject\",\"inLanguage\":\"ro-RO\",\"@id\":\"https:\\\/\\\/secure.gravatar.com\\\/avatar\\\/45b6af9fc91c10b15a8b40e67c1f57bab2e9614fc9f0af95cf453d61934e9aad?s=96&d=mm&r=g\",\"url\":\"https:\\\/\\\/secure.gravatar.com\\\/avatar\\\/45b6af9fc91c10b15a8b40e67c1f57bab2e9614fc9f0af95cf453d61934e9aad?s=96&d=mm&r=g\",\"contentUrl\":\"https:\\\/\\\/secure.gravatar.com\\\/avatar\\\/45b6af9fc91c10b15a8b40e67c1f57bab2e9614fc9f0af95cf453d61934e9aad?s=96&d=mm&r=g\",\"caption\":\"Redactor\"},\"url\":\"https:\\\/\\\/bas-tv.md\\\/ro\\\/author\\\/redactor\\\/\"}]}<\/script>\n<!-- \/ Yoast SEO plugin. -->","yoast_head_json":{"title":"(DOC) Venituri, case, terenuri \u0219i vehicule: ce a trecut \u00een declara\u021bia de avere viceprimarul ora\u0219ului Cimi\u0219lia, Dorin Coroian - BasTV","robots":{"index":"index","follow":"follow","max-snippet":"max-snippet:-1","max-image-preview":"max-image-preview:large","max-video-preview":"max-video-preview:-1"},"canonical":"https:\/\/bas-tv.md\/ro\/doc-venituri-case-terenuri-si-vehicule-ce-a-trecut-in-declaratia-de-avere-viceprimarul-orasului-cimislia-dorin-coroian\/","og_locale":"ro_RO","og_type":"article","og_title":"(DOC) Venituri, case, terenuri \u0219i vehicule: ce a trecut \u00een declara\u021bia de avere viceprimarul ora\u0219ului Cimi\u0219lia, Dorin Coroian - BasTV","og_description":"Declara\u021bia de avere \u0219i interese personale a viceprimarului ora\u0219ului Cimi\u0219lia, Dorin Coroian, a fost publicat\u0103 pe site-ul Autorit\u0103\u021bii Na\u021bionale de Integritate (ANI). Potrivit documentului, \u00een anul 2024, familia Coroian a mo\u0219tenit patru terenuri \u0219i mai multe bunuri imobile, inclusiv dou\u0103 case de locuit. Dorin Coroian a declarat un venit salarial brut de 272 776,70 lei, [&hellip;]","og_url":"https:\/\/bas-tv.md\/ro\/doc-venituri-case-terenuri-si-vehicule-ce-a-trecut-in-declaratia-de-avere-viceprimarul-orasului-cimislia-dorin-coroian\/","og_site_name":"BasTV","article_published_time":"2025-05-12T17:00:06+00:00","og_image":[{"width":1024,"height":726,"url":"https:\/\/bas-tv.md\/wp-content\/uploads\/2025\/05\/beige-and-black-simple-welcome-march-card-6-1024x726.png","type":"image\/png"}],"author":"Redactor","twitter_card":"summary_large_image","twitter_misc":{"Scris de":"Redactor","Timp estimat pentru citire":"4 minute"},"schema":{"@context":"https:\/\/schema.org","@graph":[{"@type":"Article","@id":"https:\/\/bas-tv.md\/ro\/doc-venituri-case-terenuri-si-vehicule-ce-a-trecut-in-declaratia-de-avere-viceprimarul-orasului-cimislia-dorin-coroian\/#article","isPartOf":{"@id":"https:\/\/bas-tv.md\/ro\/doc-venituri-case-terenuri-si-vehicule-ce-a-trecut-in-declaratia-de-avere-viceprimarul-orasului-cimislia-dorin-coroian\/"},"author":{"name":"Redactor","@id":"https:\/\/bas-tv.md\/ro\/#\/schema\/person\/8740f45ea2eca1f1695284fc03529af0"},"headline":"(DOC) Venituri, case, terenuri \u0219i vehicule: ce a trecut \u00een declara\u021bia de avere viceprimarul ora\u0219ului Cimi\u0219lia, Dorin Coroian","datePublished":"2025-05-12T17:00:06+00:00","mainEntityOfPage":{"@id":"https:\/\/bas-tv.md\/ro\/doc-venituri-case-terenuri-si-vehicule-ce-a-trecut-in-declaratia-de-avere-viceprimarul-orasului-cimislia-dorin-coroian\/"},"wordCount":610,"publisher":{"@id":"https:\/\/bas-tv.md\/ro\/#organization"},"image":{"@id":"https:\/\/bas-tv.md\/ro\/doc-venituri-case-terenuri-si-vehicule-ce-a-trecut-in-declaratia-de-avere-viceprimarul-orasului-cimislia-dorin-coroian\/#primaryimage"},"thumbnailUrl":"https:\/\/bas-tv.md\/wp-content\/uploads\/2025\/05\/beige-and-black-simple-welcome-march-card-6.png","keywords":["declara\u021bie de avere","declara\u021bie de avere 2024","Dorin Coroian"],"articleSection":["Bani","\u00cen esen\u021b\u0103"],"inLanguage":"ro-RO"},{"@type":"WebPage","@id":"https:\/\/bas-tv.md\/ro\/doc-venituri-case-terenuri-si-vehicule-ce-a-trecut-in-declaratia-de-avere-viceprimarul-orasului-cimislia-dorin-coroian\/","url":"https:\/\/bas-tv.md\/ro\/doc-venituri-case-terenuri-si-vehicule-ce-a-trecut-in-declaratia-de-avere-viceprimarul-orasului-cimislia-dorin-coroian\/","name":"(DOC) Venituri, case, terenuri \u0219i vehicule: ce a trecut \u00een declara\u021bia de avere viceprimarul ora\u0219ului Cimi\u0219lia, Dorin Coroian - BasTV","isPartOf":{"@id":"https:\/\/bas-tv.md\/ro\/#website"},"primaryImageOfPage":{"@id":"https:\/\/bas-tv.md\/ro\/doc-venituri-case-terenuri-si-vehicule-ce-a-trecut-in-declaratia-de-avere-viceprimarul-orasului-cimislia-dorin-coroian\/#primaryimage"},"image":{"@id":"https:\/\/bas-tv.md\/ro\/doc-venituri-case-terenuri-si-vehicule-ce-a-trecut-in-declaratia-de-avere-viceprimarul-orasului-cimislia-dorin-coroian\/#primaryimage"},"thumbnailUrl":"https:\/\/bas-tv.md\/wp-content\/uploads\/2025\/05\/beige-and-black-simple-welcome-march-card-6.png","datePublished":"2025-05-12T17:00:06+00:00","inLanguage":"ro-RO","potentialAction":[{"@type":"ReadAction","target":["https:\/\/bas-tv.md\/ro\/doc-venituri-case-terenuri-si-vehicule-ce-a-trecut-in-declaratia-de-avere-viceprimarul-orasului-cimislia-dorin-coroian\/"]}]},{"@type":"ImageObject","inLanguage":"ro-RO","@id":"https:\/\/bas-tv.md\/ro\/doc-venituri-case-terenuri-si-vehicule-ce-a-trecut-in-declaratia-de-avere-viceprimarul-orasului-cimislia-dorin-coroian\/#primaryimage","url":"https:\/\/bas-tv.md\/wp-content\/uploads\/2025\/05\/beige-and-black-simple-welcome-march-card-6.png","contentUrl":"https:\/\/bas-tv.md\/wp-content\/uploads\/2025\/05\/beige-and-black-simple-welcome-march-card-6.png","width":1748,"height":1240},{"@type":"WebSite","@id":"https:\/\/bas-tv.md\/ro\/#website","url":"https:\/\/bas-tv.md\/ro\/","name":"BasTV","description":"Moldova","publisher":{"@id":"https:\/\/bas-tv.md\/ro\/#organization"},"potentialAction":[{"@type":"SearchAction","target":{"@type":"EntryPoint","urlTemplate":"https:\/\/bas-tv.md\/ro\/?s={search_term_string}"},"query-input":{"@type":"PropertyValueSpecification","valueRequired":true,"valueName":"search_term_string"}}],"inLanguage":"ro-RO"},{"@type":"Organization","@id":"https:\/\/bas-tv.md\/ro\/#organization","name":"BasTV","url":"https:\/\/bas-tv.md\/ro\/","logo":{"@type":"ImageObject","inLanguage":"ro-RO","@id":"https:\/\/bas-tv.md\/ro\/#\/schema\/logo\/image\/","url":"https:\/\/bas-tv.md\/wp-content\/uploads\/2023\/05\/bas-tv-culoarea-rosie.png","contentUrl":"https:\/\/bas-tv.md\/wp-content\/uploads\/2023\/05\/bas-tv-culoarea-rosie.png","width":202,"height":50,"caption":"BasTV"},"image":{"@id":"https:\/\/bas-tv.md\/ro\/#\/schema\/logo\/image\/"}},{"@type":"Person","@id":"https:\/\/bas-tv.md\/ro\/#\/schema\/person\/8740f45ea2eca1f1695284fc03529af0","name":"Redactor","image":{"@type":"ImageObject","inLanguage":"ro-RO","@id":"https:\/\/secure.gravatar.com\/avatar\/45b6af9fc91c10b15a8b40e67c1f57bab2e9614fc9f0af95cf453d61934e9aad?s=96&d=mm&r=g","url":"https:\/\/secure.gravatar.com\/avatar\/45b6af9fc91c10b15a8b40e67c1f57bab2e9614fc9f0af95cf453d61934e9aad?s=96&d=mm&r=g","contentUrl":"https:\/\/secure.gravatar.com\/avatar\/45b6af9fc91c10b15a8b40e67c1f57bab2e9614fc9f0af95cf453d61934e9aad?s=96&d=mm&r=g","caption":"Redactor"},"url":"https:\/\/bas-tv.md\/ro\/author\/redactor\/"}]}},"views":523,"_links":{"self":[{"href":"https:\/\/bas-tv.md\/ro\/wp-json\/wp\/v2\/posts\/147023","targetHints":{"allow":["GET"]}}],"collection":[{"href":"https:\/\/bas-tv.md\/ro\/wp-json\/wp\/v2\/posts"}],"about":[{"href":"https:\/\/bas-tv.md\/ro\/wp-json\/wp\/v2\/types\/post"}],"author":[{"embeddable":true,"href":"https:\/\/bas-tv.md\/ro\/wp-json\/wp\/v2\/users\/3"}],"replies":[{"embeddable":true,"href":"https:\/\/bas-tv.md\/ro\/wp-json\/wp\/v2\/comments?post=147023"}],"version-history":[{"count":7,"href":"https:\/\/bas-tv.md\/ro\/wp-json\/wp\/v2\/posts\/147023\/revisions"}],"predecessor-version":[{"id":147200,"href":"https:\/\/bas-tv.md\/ro\/wp-json\/wp\/v2\/posts\/147023\/revisions\/147200"}],"wp:featuredmedia":[{"embeddable":true,"href":"https:\/\/bas-tv.md\/ro\/wp-json\/wp\/v2\/media\/147192"}],"wp:attachment":[{"href":"https:\/\/bas-tv.md\/ro\/wp-json\/wp\/v2\/media?parent=147023"}],"wp:term":[{"taxonomy":"category","embeddable":true,"href":"https:\/\/bas-tv.md\/ro\/wp-json\/wp\/v2\/categories?post=147023"},{"taxonomy":"post_tag","embeddable":true,"href":"https:\/\/bas-tv.md\/ro\/wp-json\/wp\/v2\/tags?post=147023"}],"curies":[{"name":"wp","href":"https:\/\/api.w.org\/{rel}","templated":true}]}}