{"id":147485,"date":"2025-05-14T20:00:39","date_gmt":"2025-05-14T17:00:39","guid":{"rendered":"https:\/\/bas-tv.md\/?p=147485"},"modified":"2025-05-14T17:57:54","modified_gmt":"2025-05-14T14:57:54","slug":"doc-sedinta-consiliului-raional-basarabeasca-ce-subiecte-se-afla-pe-ordinea-de-zi","status":"publish","type":"post","link":"https:\/\/bas-tv.md\/ro\/doc-sedinta-consiliului-raional-basarabeasca-ce-subiecte-se-afla-pe-ordinea-de-zi\/","title":{"rendered":"(DOC) \u0218edin\u021ba Consiliului Raional Basarabeasca: ce subiecte se afl\u0103 pe ordinea de zi"},"content":{"rendered":"<p><strong>Vineri, 16 mai, este planificat\u0103 o nou\u0103 \u0219edin\u021b\u0103 a Consiliului Raional Basarabeasca. Pe ordinea de zi figureaz\u0103 17 puncte de baz\u0103, majoritatea fiind legate de alocarea resurselor bugetare, preg\u0103tirea institu\u021biilor de \u00eenv\u0103\u021b\u0103m\u00e2nt pentru noul an \u0219colar, precum \u0219i de activitatea structurilor din domeniul social.<\/strong><\/p>\n<p>Printre subiectele-cheie se num\u0103r\u0103 aprobarea bugetului raional pentru anul 2025 \u00een a doua lectur\u0103, rectificarea bugetului deja adoptat, precum \u0219i distribuirea fondurilor disponibile. Educa\u021bia va fi un alt domeniu de interes major: consilierii urmeaz\u0103 s\u0103 discute despre preg\u0103tirea \u0219colilor pentru anul de \u00eenv\u0103\u021b\u0103m\u00e2nt 2025\u20132026, organizarea odihnei de var\u0103 pentru copii \u0219i alocarea unor mijloace financiare suplimentare institu\u021biilor de \u00eenv\u0103\u021b\u0103m\u00e2nt.<\/p>\n<p>\u00cen cadrul \u0219edin\u021bei, va fi examinat\u0103 \u0219i propunerea privind desemnarea candida\u021bilor pentru componen\u021ba Consiliului Electoral de Circumscrip\u021bie Raional\u0103. De asemenea, consilierii vor discuta despre aprobarea unui program de combatere a hepatitelor virale pentru perioada 2025\u20132028 \u0219i despre procurarea unui automobil de serviciu pentru o institu\u021bie medical\u0103 din raion.<\/p>\n<p>Alte subiecte incluse pe ordinea de zi vizeaz\u0103 casarea echipamentelor uzate, aprobarea registrului monumentelor istorice din raionul Basarabeasca \u0219i chestiuni privind darea \u00een arend\u0103 a unor spa\u021bii aflate \u00een gestiunea consiliului raional.<\/p>\n<p>Spre finalul \u0219edin\u021bei, urmeaz\u0103 a fi supus\u0103 analizei activitatea vicepre\u0219edintelui raionului Basarabeasca responsabil de domeniul economic.<\/p>\n<p>\u0218edin\u021ba Consiliului Raional Basarabeasca va fi transmis\u0103 \u00een direct pe pagina de Facebook a redac\u021biei BAStv.<\/p>\n<p><iframe data-src=\"https:\/\/drive.google.com\/file\/d\/1nc2aGy0fq9Ov1bwHtXNFu26vwq5_RqSW\/preview\" width=\"640\" height=\"480\" src=\"data:image\/svg+xml;base64,PHN2ZyB3aWR0aD0iMSIgaGVpZ2h0PSIxIiB4bWxucz0iaHR0cDovL3d3dy53My5vcmcvMjAwMC9zdmciPjwvc3ZnPg==\" class=\"lazyload\" data-load-mode=\"1\"><\/iframe><\/p>\n<p><strong>Sus\u021bine\u021bi redac\u021bia BAStv, abona\u021bi-v\u0103 la noi pe platforma\u00a0<a href=\"https:\/\/www.patreon.com\/BAStv?fan_landing=true&amp;fbclid=IwAR3MeSDKfH4ixBydCXX9D1lhrCszhps3ID5uxuGA-Ktd4MTkZCRdlcEZkQI\">Patreon\u00a0<\/a>sau prin efectuarea contribu\u021biilor prin\u00a0<a href=\"https:\/\/www.paypal.com\/paypalme\/supportbastv\">PayPal<\/a>! Aceasta ne va ajuta s\u0103 cre\u0103m con\u021binut interesant \u0219i util pentru dvs., r\u0103m\u00e2n\u00e2nd \u00een continuare o platform\u0103 media independent\u0103.<\/strong><\/p>\n<p><b>Abona\u021bi-v\u0103 la noi pe re\u021bele sociale:\u00a0<\/b><a href=\"https:\/\/t.me\/bastvmd\"><b><i>Telegram<\/i><\/b><\/a><b>,\u00a0<\/b><a href=\"https:\/\/www.youtube.com\/channel\/UC-9005PnLnhpNM8PVSjP2dQ\/featured\"><b><i>YouTube<\/i><\/b><\/a><b>,\u00a0<\/b><a href=\"https:\/\/www.facebook.com\/bastv.md\"><b><i>Facebook<\/i><\/b><\/a>\u00a0\u0219i\u00a0<a href=\"https:\/\/www.instagram.com\/bastv.md\/\"><b><i>Instagram<\/i><\/b><\/a><b>.\u00a0 Aici public\u0103m \u0219tiri pe scurt!<\/b><\/p>\n","protected":false},"excerpt":{"rendered":"<p>Vineri, 16 mai, este planificat\u0103 o nou\u0103 \u0219edin\u021b\u0103 a Consiliului Raional Basarabeasca. Pe ordinea de zi figureaz\u0103 17 puncte de baz\u0103, majoritatea fiind legate de alocarea resurselor bugetare, preg\u0103tirea institu\u021biilor de \u00eenv\u0103\u021b\u0103m\u00e2nt pentru noul an \u0219colar, precum \u0219i de activitatea structurilor din domeniul social. Printre subiectele-cheie se num\u0103r\u0103 aprobarea bugetului raional pentru anul 2025 \u00een [&hellip;]<\/p>\n","protected":false},"author":3,"featured_media":147261,"comment_status":"closed","ping_status":"closed","sticky":false,"template":"","format":"standard","meta":{"footnotes":""},"categories":[602,569],"tags":[693,2728,6459,3055],"class_list":["post-147485","post","type-post","status-publish","format-standard","has-post-thumbnail","hentry","category-actualitate","category-in-basarabeasca","tag-basarabeasca-ro","tag-consiliul-raional-basarabeasca","tag-sedinta-consiliului-raional-basarabeasca","tag-stiri-basarabeasca"],"yoast_head":"<!-- This site is optimized with the Yoast SEO plugin v27.5 - https:\/\/yoast.com\/product\/yoast-seo-wordpress\/ -->\n<title>(DOC) \u0218edin\u021ba Consiliului Raional Basarabeasca: ce subiecte se afl\u0103 pe ordinea de zi - BasTV<\/title>\n<meta name=\"description\" content=\"Vineri, 16 mai, este planificat\u0103 o nou\u0103 \u0219edin\u021b\u0103 a Consiliului Raional Basarabeasca. Pe ordinea de zi figureaz\u0103 17 puncte de baz\u0103, majoritatea fiind legate de alocarea resurselor bugetare, preg\u0103tirea institu\u021biilor de \u00eenv\u0103\u021b\u0103m\u00e2nt pentru noul an \u0219colar, precum \u0219i de activitatea structurilor din domeniul social.\" \/>\n<meta name=\"robots\" content=\"index, follow, max-snippet:-1, max-image-preview:large, max-video-preview:-1\" \/>\n<link rel=\"canonical\" href=\"https:\/\/bas-tv.md\/ro\/doc-sedinta-consiliului-raional-basarabeasca-ce-subiecte-se-afla-pe-ordinea-de-zi\/\" \/>\n<meta property=\"og:locale\" content=\"ro_RO\" \/>\n<meta property=\"og:type\" content=\"article\" \/>\n<meta property=\"og:title\" content=\"(DOC) \u0218edin\u021ba Consiliului Raional Basarabeasca: ce subiecte se afl\u0103 pe ordinea de zi - BasTV\" \/>\n<meta property=\"og:description\" content=\"Vineri, 16 mai, este planificat\u0103 o nou\u0103 \u0219edin\u021b\u0103 a Consiliului Raional Basarabeasca. Pe ordinea de zi figureaz\u0103 17 puncte de baz\u0103, majoritatea fiind legate de alocarea resurselor bugetare, preg\u0103tirea institu\u021biilor de \u00eenv\u0103\u021b\u0103m\u00e2nt pentru noul an \u0219colar, precum \u0219i de activitatea structurilor din domeniul social.\" \/>\n<meta property=\"og:url\" content=\"https:\/\/bas-tv.md\/ro\/doc-sedinta-consiliului-raional-basarabeasca-ce-subiecte-se-afla-pe-ordinea-de-zi\/\" \/>\n<meta property=\"og:site_name\" content=\"BasTV\" \/>\n<meta property=\"article:published_time\" content=\"2025-05-14T17:00:39+00:00\" \/>\n<meta property=\"og:image\" content=\"https:\/\/bas-tv.md\/wp-content\/uploads\/2025\/05\/b01e2763-73af-4156-95fe-08a504e07f73.jpg\" \/>\n\t<meta property=\"og:image:width\" content=\"2048\" \/>\n\t<meta property=\"og:image:height\" content=\"921\" \/>\n\t<meta property=\"og:image:type\" content=\"image\/jpeg\" \/>\n<meta name=\"author\" content=\"Redactor\" \/>\n<meta name=\"twitter:card\" content=\"summary_large_image\" \/>\n<meta name=\"twitter:label1\" content=\"Scris de\" \/>\n\t<meta name=\"twitter:data1\" content=\"Redactor\" \/>\n\t<meta name=\"twitter:label2\" content=\"Timp estimat pentru citire\" \/>\n\t<meta name=\"twitter:data2\" content=\"2 minute\" \/>\n<script type=\"application\/ld+json\" class=\"yoast-schema-graph\">{\"@context\":\"https:\\\/\\\/schema.org\",\"@graph\":[{\"@type\":\"Article\",\"@id\":\"https:\\\/\\\/bas-tv.md\\\/ro\\\/doc-sedinta-consiliului-raional-basarabeasca-ce-subiecte-se-afla-pe-ordinea-de-zi\\\/#article\",\"isPartOf\":{\"@id\":\"https:\\\/\\\/bas-tv.md\\\/ro\\\/doc-sedinta-consiliului-raional-basarabeasca-ce-subiecte-se-afla-pe-ordinea-de-zi\\\/\"},\"author\":{\"name\":\"Redactor\",\"@id\":\"https:\\\/\\\/bas-tv.md\\\/ro\\\/#\\\/schema\\\/person\\\/8740f45ea2eca1f1695284fc03529af0\"},\"headline\":\"(DOC) \u0218edin\u021ba Consiliului Raional Basarabeasca: ce subiecte se afl\u0103 pe ordinea de zi\",\"datePublished\":\"2025-05-14T17:00:39+00:00\",\"mainEntityOfPage\":{\"@id\":\"https:\\\/\\\/bas-tv.md\\\/ro\\\/doc-sedinta-consiliului-raional-basarabeasca-ce-subiecte-se-afla-pe-ordinea-de-zi\\\/\"},\"wordCount\":309,\"publisher\":{\"@id\":\"https:\\\/\\\/bas-tv.md\\\/ro\\\/#organization\"},\"image\":{\"@id\":\"https:\\\/\\\/bas-tv.md\\\/ro\\\/doc-sedinta-consiliului-raional-basarabeasca-ce-subiecte-se-afla-pe-ordinea-de-zi\\\/#primaryimage\"},\"thumbnailUrl\":\"https:\\\/\\\/bas-tv.md\\\/wp-content\\\/uploads\\\/2025\\\/05\\\/b01e2763-73af-4156-95fe-08a504e07f73.jpg\",\"keywords\":[\"Basarabeasca\",\"consiliul raional basarabeasca\",\"\u0218edin\u021ba Consiliului Raional Basarabeasca\",\"\u0219tiri Basarabeasca\"],\"articleSection\":[\"Actualitate\",\"\u00cen Basarabeasca\"],\"inLanguage\":\"ro-RO\"},{\"@type\":\"WebPage\",\"@id\":\"https:\\\/\\\/bas-tv.md\\\/ro\\\/doc-sedinta-consiliului-raional-basarabeasca-ce-subiecte-se-afla-pe-ordinea-de-zi\\\/\",\"url\":\"https:\\\/\\\/bas-tv.md\\\/ro\\\/doc-sedinta-consiliului-raional-basarabeasca-ce-subiecte-se-afla-pe-ordinea-de-zi\\\/\",\"name\":\"(DOC) \u0218edin\u021ba Consiliului Raional Basarabeasca: ce subiecte se afl\u0103 pe ordinea de zi - BasTV\",\"isPartOf\":{\"@id\":\"https:\\\/\\\/bas-tv.md\\\/ro\\\/#website\"},\"primaryImageOfPage\":{\"@id\":\"https:\\\/\\\/bas-tv.md\\\/ro\\\/doc-sedinta-consiliului-raional-basarabeasca-ce-subiecte-se-afla-pe-ordinea-de-zi\\\/#primaryimage\"},\"image\":{\"@id\":\"https:\\\/\\\/bas-tv.md\\\/ro\\\/doc-sedinta-consiliului-raional-basarabeasca-ce-subiecte-se-afla-pe-ordinea-de-zi\\\/#primaryimage\"},\"thumbnailUrl\":\"https:\\\/\\\/bas-tv.md\\\/wp-content\\\/uploads\\\/2025\\\/05\\\/b01e2763-73af-4156-95fe-08a504e07f73.jpg\",\"datePublished\":\"2025-05-14T17:00:39+00:00\",\"description\":\"Vineri, 16 mai, este planificat\u0103 o nou\u0103 \u0219edin\u021b\u0103 a Consiliului Raional Basarabeasca. Pe ordinea de zi figureaz\u0103 17 puncte de baz\u0103, majoritatea fiind legate de alocarea resurselor bugetare, preg\u0103tirea institu\u021biilor de \u00eenv\u0103\u021b\u0103m\u00e2nt pentru noul an \u0219colar, precum \u0219i de activitatea structurilor din domeniul social.\",\"inLanguage\":\"ro-RO\",\"potentialAction\":[{\"@type\":\"ReadAction\",\"target\":[\"https:\\\/\\\/bas-tv.md\\\/ro\\\/doc-sedinta-consiliului-raional-basarabeasca-ce-subiecte-se-afla-pe-ordinea-de-zi\\\/\"]}]},{\"@type\":\"ImageObject\",\"inLanguage\":\"ro-RO\",\"@id\":\"https:\\\/\\\/bas-tv.md\\\/ro\\\/doc-sedinta-consiliului-raional-basarabeasca-ce-subiecte-se-afla-pe-ordinea-de-zi\\\/#primaryimage\",\"url\":\"https:\\\/\\\/bas-tv.md\\\/wp-content\\\/uploads\\\/2025\\\/05\\\/b01e2763-73af-4156-95fe-08a504e07f73.jpg\",\"contentUrl\":\"https:\\\/\\\/bas-tv.md\\\/wp-content\\\/uploads\\\/2025\\\/05\\\/b01e2763-73af-4156-95fe-08a504e07f73.jpg\",\"width\":2048,\"height\":921,\"caption\":\"Sursa foto: Arhiva BAStv\"},{\"@type\":\"WebSite\",\"@id\":\"https:\\\/\\\/bas-tv.md\\\/ro\\\/#website\",\"url\":\"https:\\\/\\\/bas-tv.md\\\/ro\\\/\",\"name\":\"BasTV\",\"description\":\"Moldova\",\"publisher\":{\"@id\":\"https:\\\/\\\/bas-tv.md\\\/ro\\\/#organization\"},\"potentialAction\":[{\"@type\":\"SearchAction\",\"target\":{\"@type\":\"EntryPoint\",\"urlTemplate\":\"https:\\\/\\\/bas-tv.md\\\/ro\\\/?s={search_term_string}\"},\"query-input\":{\"@type\":\"PropertyValueSpecification\",\"valueRequired\":true,\"valueName\":\"search_term_string\"}}],\"inLanguage\":\"ro-RO\"},{\"@type\":\"Organization\",\"@id\":\"https:\\\/\\\/bas-tv.md\\\/ro\\\/#organization\",\"name\":\"BasTV\",\"url\":\"https:\\\/\\\/bas-tv.md\\\/ro\\\/\",\"logo\":{\"@type\":\"ImageObject\",\"inLanguage\":\"ro-RO\",\"@id\":\"https:\\\/\\\/bas-tv.md\\\/ro\\\/#\\\/schema\\\/logo\\\/image\\\/\",\"url\":\"https:\\\/\\\/bas-tv.md\\\/wp-content\\\/uploads\\\/2023\\\/05\\\/bas-tv-culoarea-rosie.png\",\"contentUrl\":\"https:\\\/\\\/bas-tv.md\\\/wp-content\\\/uploads\\\/2023\\\/05\\\/bas-tv-culoarea-rosie.png\",\"width\":202,\"height\":50,\"caption\":\"BasTV\"},\"image\":{\"@id\":\"https:\\\/\\\/bas-tv.md\\\/ro\\\/#\\\/schema\\\/logo\\\/image\\\/\"}},{\"@type\":\"Person\",\"@id\":\"https:\\\/\\\/bas-tv.md\\\/ro\\\/#\\\/schema\\\/person\\\/8740f45ea2eca1f1695284fc03529af0\",\"name\":\"Redactor\",\"image\":{\"@type\":\"ImageObject\",\"inLanguage\":\"ro-RO\",\"@id\":\"https:\\\/\\\/secure.gravatar.com\\\/avatar\\\/45b6af9fc91c10b15a8b40e67c1f57bab2e9614fc9f0af95cf453d61934e9aad?s=96&d=mm&r=g\",\"url\":\"https:\\\/\\\/secure.gravatar.com\\\/avatar\\\/45b6af9fc91c10b15a8b40e67c1f57bab2e9614fc9f0af95cf453d61934e9aad?s=96&d=mm&r=g\",\"contentUrl\":\"https:\\\/\\\/secure.gravatar.com\\\/avatar\\\/45b6af9fc91c10b15a8b40e67c1f57bab2e9614fc9f0af95cf453d61934e9aad?s=96&d=mm&r=g\",\"caption\":\"Redactor\"},\"url\":\"https:\\\/\\\/bas-tv.md\\\/ro\\\/author\\\/redactor\\\/\"}]}<\/script>\n<!-- \/ Yoast SEO plugin. -->","yoast_head_json":{"title":"(DOC) \u0218edin\u021ba Consiliului Raional Basarabeasca: ce subiecte se afl\u0103 pe ordinea de zi - BasTV","description":"Vineri, 16 mai, este planificat\u0103 o nou\u0103 \u0219edin\u021b\u0103 a Consiliului Raional Basarabeasca. Pe ordinea de zi figureaz\u0103 17 puncte de baz\u0103, majoritatea fiind legate de alocarea resurselor bugetare, preg\u0103tirea institu\u021biilor de \u00eenv\u0103\u021b\u0103m\u00e2nt pentru noul an \u0219colar, precum \u0219i de activitatea structurilor din domeniul social.","robots":{"index":"index","follow":"follow","max-snippet":"max-snippet:-1","max-image-preview":"max-image-preview:large","max-video-preview":"max-video-preview:-1"},"canonical":"https:\/\/bas-tv.md\/ro\/doc-sedinta-consiliului-raional-basarabeasca-ce-subiecte-se-afla-pe-ordinea-de-zi\/","og_locale":"ro_RO","og_type":"article","og_title":"(DOC) \u0218edin\u021ba Consiliului Raional Basarabeasca: ce subiecte se afl\u0103 pe ordinea de zi - BasTV","og_description":"Vineri, 16 mai, este planificat\u0103 o nou\u0103 \u0219edin\u021b\u0103 a Consiliului Raional Basarabeasca. Pe ordinea de zi figureaz\u0103 17 puncte de baz\u0103, majoritatea fiind legate de alocarea resurselor bugetare, preg\u0103tirea institu\u021biilor de \u00eenv\u0103\u021b\u0103m\u00e2nt pentru noul an \u0219colar, precum \u0219i de activitatea structurilor din domeniul social.","og_url":"https:\/\/bas-tv.md\/ro\/doc-sedinta-consiliului-raional-basarabeasca-ce-subiecte-se-afla-pe-ordinea-de-zi\/","og_site_name":"BasTV","article_published_time":"2025-05-14T17:00:39+00:00","og_image":[{"width":2048,"height":921,"url":"https:\/\/bas-tv.md\/wp-content\/uploads\/2025\/05\/b01e2763-73af-4156-95fe-08a504e07f73.jpg","type":"image\/jpeg"}],"author":"Redactor","twitter_card":"summary_large_image","twitter_misc":{"Scris de":"Redactor","Timp estimat pentru citire":"2 minute"},"schema":{"@context":"https:\/\/schema.org","@graph":[{"@type":"Article","@id":"https:\/\/bas-tv.md\/ro\/doc-sedinta-consiliului-raional-basarabeasca-ce-subiecte-se-afla-pe-ordinea-de-zi\/#article","isPartOf":{"@id":"https:\/\/bas-tv.md\/ro\/doc-sedinta-consiliului-raional-basarabeasca-ce-subiecte-se-afla-pe-ordinea-de-zi\/"},"author":{"name":"Redactor","@id":"https:\/\/bas-tv.md\/ro\/#\/schema\/person\/8740f45ea2eca1f1695284fc03529af0"},"headline":"(DOC) \u0218edin\u021ba Consiliului Raional Basarabeasca: ce subiecte se afl\u0103 pe ordinea de zi","datePublished":"2025-05-14T17:00:39+00:00","mainEntityOfPage":{"@id":"https:\/\/bas-tv.md\/ro\/doc-sedinta-consiliului-raional-basarabeasca-ce-subiecte-se-afla-pe-ordinea-de-zi\/"},"wordCount":309,"publisher":{"@id":"https:\/\/bas-tv.md\/ro\/#organization"},"image":{"@id":"https:\/\/bas-tv.md\/ro\/doc-sedinta-consiliului-raional-basarabeasca-ce-subiecte-se-afla-pe-ordinea-de-zi\/#primaryimage"},"thumbnailUrl":"https:\/\/bas-tv.md\/wp-content\/uploads\/2025\/05\/b01e2763-73af-4156-95fe-08a504e07f73.jpg","keywords":["Basarabeasca","consiliul raional basarabeasca","\u0218edin\u021ba Consiliului Raional Basarabeasca","\u0219tiri Basarabeasca"],"articleSection":["Actualitate","\u00cen Basarabeasca"],"inLanguage":"ro-RO"},{"@type":"WebPage","@id":"https:\/\/bas-tv.md\/ro\/doc-sedinta-consiliului-raional-basarabeasca-ce-subiecte-se-afla-pe-ordinea-de-zi\/","url":"https:\/\/bas-tv.md\/ro\/doc-sedinta-consiliului-raional-basarabeasca-ce-subiecte-se-afla-pe-ordinea-de-zi\/","name":"(DOC) \u0218edin\u021ba Consiliului Raional Basarabeasca: ce subiecte se afl\u0103 pe ordinea de zi - BasTV","isPartOf":{"@id":"https:\/\/bas-tv.md\/ro\/#website"},"primaryImageOfPage":{"@id":"https:\/\/bas-tv.md\/ro\/doc-sedinta-consiliului-raional-basarabeasca-ce-subiecte-se-afla-pe-ordinea-de-zi\/#primaryimage"},"image":{"@id":"https:\/\/bas-tv.md\/ro\/doc-sedinta-consiliului-raional-basarabeasca-ce-subiecte-se-afla-pe-ordinea-de-zi\/#primaryimage"},"thumbnailUrl":"https:\/\/bas-tv.md\/wp-content\/uploads\/2025\/05\/b01e2763-73af-4156-95fe-08a504e07f73.jpg","datePublished":"2025-05-14T17:00:39+00:00","description":"Vineri, 16 mai, este planificat\u0103 o nou\u0103 \u0219edin\u021b\u0103 a Consiliului Raional Basarabeasca. Pe ordinea de zi figureaz\u0103 17 puncte de baz\u0103, majoritatea fiind legate de alocarea resurselor bugetare, preg\u0103tirea institu\u021biilor de \u00eenv\u0103\u021b\u0103m\u00e2nt pentru noul an \u0219colar, precum \u0219i de activitatea structurilor din domeniul social.","inLanguage":"ro-RO","potentialAction":[{"@type":"ReadAction","target":["https:\/\/bas-tv.md\/ro\/doc-sedinta-consiliului-raional-basarabeasca-ce-subiecte-se-afla-pe-ordinea-de-zi\/"]}]},{"@type":"ImageObject","inLanguage":"ro-RO","@id":"https:\/\/bas-tv.md\/ro\/doc-sedinta-consiliului-raional-basarabeasca-ce-subiecte-se-afla-pe-ordinea-de-zi\/#primaryimage","url":"https:\/\/bas-tv.md\/wp-content\/uploads\/2025\/05\/b01e2763-73af-4156-95fe-08a504e07f73.jpg","contentUrl":"https:\/\/bas-tv.md\/wp-content\/uploads\/2025\/05\/b01e2763-73af-4156-95fe-08a504e07f73.jpg","width":2048,"height":921,"caption":"Sursa foto: Arhiva BAStv"},{"@type":"WebSite","@id":"https:\/\/bas-tv.md\/ro\/#website","url":"https:\/\/bas-tv.md\/ro\/","name":"BasTV","description":"Moldova","publisher":{"@id":"https:\/\/bas-tv.md\/ro\/#organization"},"potentialAction":[{"@type":"SearchAction","target":{"@type":"EntryPoint","urlTemplate":"https:\/\/bas-tv.md\/ro\/?s={search_term_string}"},"query-input":{"@type":"PropertyValueSpecification","valueRequired":true,"valueName":"search_term_string"}}],"inLanguage":"ro-RO"},{"@type":"Organization","@id":"https:\/\/bas-tv.md\/ro\/#organization","name":"BasTV","url":"https:\/\/bas-tv.md\/ro\/","logo":{"@type":"ImageObject","inLanguage":"ro-RO","@id":"https:\/\/bas-tv.md\/ro\/#\/schema\/logo\/image\/","url":"https:\/\/bas-tv.md\/wp-content\/uploads\/2023\/05\/bas-tv-culoarea-rosie.png","contentUrl":"https:\/\/bas-tv.md\/wp-content\/uploads\/2023\/05\/bas-tv-culoarea-rosie.png","width":202,"height":50,"caption":"BasTV"},"image":{"@id":"https:\/\/bas-tv.md\/ro\/#\/schema\/logo\/image\/"}},{"@type":"Person","@id":"https:\/\/bas-tv.md\/ro\/#\/schema\/person\/8740f45ea2eca1f1695284fc03529af0","name":"Redactor","image":{"@type":"ImageObject","inLanguage":"ro-RO","@id":"https:\/\/secure.gravatar.com\/avatar\/45b6af9fc91c10b15a8b40e67c1f57bab2e9614fc9f0af95cf453d61934e9aad?s=96&d=mm&r=g","url":"https:\/\/secure.gravatar.com\/avatar\/45b6af9fc91c10b15a8b40e67c1f57bab2e9614fc9f0af95cf453d61934e9aad?s=96&d=mm&r=g","contentUrl":"https:\/\/secure.gravatar.com\/avatar\/45b6af9fc91c10b15a8b40e67c1f57bab2e9614fc9f0af95cf453d61934e9aad?s=96&d=mm&r=g","caption":"Redactor"},"url":"https:\/\/bas-tv.md\/ro\/author\/redactor\/"}]}},"views":257,"_links":{"self":[{"href":"https:\/\/bas-tv.md\/ro\/wp-json\/wp\/v2\/posts\/147485","targetHints":{"allow":["GET"]}}],"collection":[{"href":"https:\/\/bas-tv.md\/ro\/wp-json\/wp\/v2\/posts"}],"about":[{"href":"https:\/\/bas-tv.md\/ro\/wp-json\/wp\/v2\/types\/post"}],"author":[{"embeddable":true,"href":"https:\/\/bas-tv.md\/ro\/wp-json\/wp\/v2\/users\/3"}],"replies":[{"embeddable":true,"href":"https:\/\/bas-tv.md\/ro\/wp-json\/wp\/v2\/comments?post=147485"}],"version-history":[{"count":2,"href":"https:\/\/bas-tv.md\/ro\/wp-json\/wp\/v2\/posts\/147485\/revisions"}],"predecessor-version":[{"id":147503,"href":"https:\/\/bas-tv.md\/ro\/wp-json\/wp\/v2\/posts\/147485\/revisions\/147503"}],"wp:featuredmedia":[{"embeddable":true,"href":"https:\/\/bas-tv.md\/ro\/wp-json\/wp\/v2\/media\/147261"}],"wp:attachment":[{"href":"https:\/\/bas-tv.md\/ro\/wp-json\/wp\/v2\/media?parent=147485"}],"wp:term":[{"taxonomy":"category","embeddable":true,"href":"https:\/\/bas-tv.md\/ro\/wp-json\/wp\/v2\/categories?post=147485"},{"taxonomy":"post_tag","embeddable":true,"href":"https:\/\/bas-tv.md\/ro\/wp-json\/wp\/v2\/tags?post=147485"}],"curies":[{"name":"wp","href":"https:\/\/api.w.org\/{rel}","templated":true}]}}