{"id":151973,"date":"2025-06-06T15:30:03","date_gmt":"2025-06-06T12:30:03","guid":{"rendered":"https:\/\/bas-tv.md\/?p=151973"},"modified":"2025-06-06T14:59:37","modified_gmt":"2025-06-06T11:59:37","slug":"video-autismul-intelegere-acceptare-si-sprijin-intalnire-publica-la-abaclia","status":"publish","type":"post","link":"https:\/\/bas-tv.md\/ro\/video-autismul-intelegere-acceptare-si-sprijin-intalnire-publica-la-abaclia\/","title":{"rendered":"(VIDEO) Autismul \u2013 \u00een\u021belegere, acceptare \u0219i sprijin: \u00eent\u00e2lnire public\u0103 la Abaclia"},"content":{"rendered":"<p><strong>Pe data de 30 mai, la Casa de Cultur\u0103 din satul Abaclia, a avut loc o \u0219edin\u021b\u0103 public\u0103 informativ\u0103 destinat\u0103 p\u0103rin\u021bilor, educatorilor, cadrelor didactice \u0219i tuturor celor interesa\u021bi de subiectul autismului \u0219i sprijinul acordat copiilor cu nevoi speciale. Invitatul special a fost Doina Mafteu\u021ba, cunoscut\u0103 pentru activitatea sa \u00een domeniul incluziunii copiilor cu cerin\u021be educa\u021bionale speciale \u0219i autism.<\/strong><\/p>\n<p>\u00cen satul Abaclia a avut loc o \u00eent\u00e2lnire cu invitata special\u0103 Doina Mafteu\u021b\u0103 \u00een cadrul c\u0103reia s-au oferit informa\u021bii esen\u021biale pentru p\u0103rin\u021bii care cresc copii cu autism \u0219i resurse disponibile pentru sprijinul acestora. Ini\u021biatoarea acestui eveniment \u2013 activista civic\u0103 Eugenia Leu \u2013 consider\u0103 acest subiect foarte important si ca necesit\u0103 transmis mai departe cet\u0103\u021benilor prin informare \u0219i acceptare.<\/p>\n<p>Doina Mafteu\u021b\u0103 a povestit participan\u021bilor la \u00eent\u00e2lnire despre etapele de dezvoltare normale \u0219i anormale observabile a copiilor.<\/p>\n<p>P\u0103rin\u021bii au primit \u0219i sfaturi din partea specialistului.<\/p>\n<p>Dup\u0103 p\u0103rerea Doinei Mafteu\u021b\u0103 cel mai important lucru este diagnosticarea corect\u0103 ea necesit\u0103 \u00een mod normal 5 speciali\u0219ti de baz\u0103 pentru a fi veridic\u0103 \u0219i calitativ\u0103.<\/p>\n<p>Cea mai mare problem\u0103 cu care se confrunt\u0103 medicii este neimplicarea p\u0103rin\u021bilor \u0219i ignorarea diagnosticului.<\/p>\n<p>Organizatoarea \u00eent\u00e2nirii Eugenia Leu este \u0219i ea mama unui copil cu autism, dar nu consider\u0103 asta ceva ru\u0219inos.<\/p>\n<p>La \u00eent\u00e2lnire nu s-au adunat at\u00e2t de mul\u021bi participan\u021bi dar dup\u0103 p\u0103rerea organizatoarei aceast\u0103 problem\u0103 \u00eei vizeaz\u0103 pe mul\u021bi cet\u0103\u021beni din raionul Basarabeasca.<\/p>\n<p>Conform unui studiu efectuat la sf\u00e2r\u0219itul anului trecut, \u00een Republica Moldova sunt diagnosticate cu autism 1310 persoane dintre care 1280 sunt copii. Iar \u00een raionul Basarabeasca oficial \u00eenregistra\u021bi in \u0219coli si gr\u0103dini\u021be sunt 18 copii cu diagnoza confirmat\u0103.<\/p>\n<p><iframe title=\"Autismul \u2013 \u00een\u021belegere, acceptare \u0219i sprijin: \u00eent\u00e2lnire public\u0103 la Abaclia\" width=\"580\" height=\"435\" data-src=\"https:\/\/www.youtube.com\/embed\/h6Z29NWUuvw?feature=oembed\" frameborder=\"0\" allow=\"accelerometer; autoplay; clipboard-write; encrypted-media; gyroscope; picture-in-picture; web-share\" referrerpolicy=\"strict-origin-when-cross-origin\" allowfullscreen src=\"data:image\/svg+xml;base64,PHN2ZyB3aWR0aD0iMSIgaGVpZ2h0PSIxIiB4bWxucz0iaHR0cDovL3d3dy53My5vcmcvMjAwMC9zdmciPjwvc3ZnPg==\" class=\"lazyload\" data-load-mode=\"1\"><\/iframe><\/p>\n<p><strong>Sus\u021bine\u021bi redac\u021bia BAStv, abona\u021bi-v\u0103 la noi pe platforma\u00a0<a href=\"https:\/\/www.patreon.com\/BAStv?fan_landing=true&amp;fbclid=IwAR3MeSDKfH4ixBydCXX9D1lhrCszhps3ID5uxuGA-Ktd4MTkZCRdlcEZkQI\">Patreon\u00a0<\/a>sau prin efectuarea contribu\u021biilor prin\u00a0<a href=\"https:\/\/www.paypal.com\/paypalme\/supportbastv\">PayPal<\/a>! Aceasta ne va ajuta s\u0103 cre\u0103m con\u021binut interesant \u0219i util pentru dvs., r\u0103m\u00e2n\u00e2nd \u00een continuare o platform\u0103 media independent\u0103.<\/strong><\/p>\n<div class=\"elementor-element elementor-element-5fc6b9d elementor-widget elementor-widget-theme-post-content\" data-id=\"5fc6b9d\" data-element_type=\"widget\" data-widget_type=\"theme-post-content.default\">\n<div class=\"elementor-widget-container\">\n<p><b>Abona\u021bi-v\u0103 la noi pe re\u021bele sociale:\u00a0<\/b><a href=\"https:\/\/t.me\/bastvmd\"><b><i>Telegram<\/i><\/b><\/a><b>,\u00a0<\/b><a href=\"https:\/\/www.youtube.com\/channel\/UC-9005PnLnhpNM8PVSjP2dQ\/featured\"><b><i>YouTube<\/i><\/b><\/a><b>,\u00a0<\/b><a href=\"https:\/\/www.facebook.com\/bastv.md\"><b><i>Facebook<\/i><\/b><\/a>\u00a0\u0219i\u00a0<a href=\"https:\/\/www.instagram.com\/bastv.md\/\"><b><i>Instagram<\/i><\/b><\/a><b>.\u00a0 Aici public\u0103m \u0219tiri pe scurt!<\/b><\/p>\n<\/div>\n<\/div>\n","protected":false},"excerpt":{"rendered":"<p>Pe data de 30 mai, la Casa de Cultur\u0103 din satul Abaclia, a avut loc o \u0219edin\u021b\u0103 public\u0103 informativ\u0103 destinat\u0103 p\u0103rin\u021bilor, educatorilor, cadrelor didactice \u0219i tuturor celor interesa\u021bi de subiectul autismului \u0219i sprijinul acordat copiilor cu nevoi speciale. Invitatul special a fost Doina Mafteu\u021ba, cunoscut\u0103 pentru activitatea sa \u00een domeniul incluziunii copiilor cu cerin\u021be educa\u021bionale [&hellip;]<\/p>\n","protected":false},"author":3,"featured_media":151980,"comment_status":"closed","ping_status":"closed","sticky":false,"template":"","format":"standard","meta":{"footnotes":""},"categories":[602,569],"tags":[8863,10258,8871,10264,10259,10261,8869,8866,4748,10265,10263,10262,10260],"class_list":["post-151973","post","type-post","status-publish","format-standard","has-post-thumbnail","hentry","category-actualitate","category-in-basarabeasca","tag-autism","tag-autism-abaclia","tag-autism-moldova","tag-basarabeasca-autism","tag-copii-cu-ces","tag-diagnostic-autism","tag-doina-mafteuta","tag-educatie-incluziva","tag-eugenia-leu","tag-eveniment-autism-2025","tag-intalnire-publica-autism","tag-parinti-copii-cu-autism","tag-sprijin-autism"],"yoast_head":"<!-- This site is optimized with the Yoast SEO plugin v27.5 - https:\/\/yoast.com\/product\/yoast-seo-wordpress\/ -->\n<title>(VIDEO) Autism \u00een Abaclia: informare \u0219i sprijin pentru p\u0103rin\u021bi<\/title>\n<meta name=\"description\" content=\"La Abaclia a avut loc o \u00eent\u00e2lnire despre autism cu Doina Mafteu\u021b\u0103. P\u0103rin\u021bii au aflat sfaturi utile \u0219i informa\u021bii despre sprijinul copiilor cu CES.\" \/>\n<meta name=\"robots\" content=\"index, follow, max-snippet:-1, max-image-preview:large, max-video-preview:-1\" \/>\n<link rel=\"canonical\" href=\"https:\/\/bas-tv.md\/ro\/video-autismul-intelegere-acceptare-si-sprijin-intalnire-publica-la-abaclia\/\" \/>\n<meta property=\"og:locale\" content=\"ro_RO\" \/>\n<meta property=\"og:type\" content=\"article\" \/>\n<meta property=\"og:title\" content=\"(VIDEO) Autism \u00een Abaclia: informare \u0219i sprijin pentru p\u0103rin\u021bi\" \/>\n<meta property=\"og:description\" content=\"La Abaclia a avut loc o \u00eent\u00e2lnire despre autism cu Doina Mafteu\u021b\u0103. P\u0103rin\u021bii au aflat sfaturi utile \u0219i informa\u021bii despre sprijinul copiilor cu CES.\" \/>\n<meta property=\"og:url\" content=\"https:\/\/bas-tv.md\/ro\/video-autismul-intelegere-acceptare-si-sprijin-intalnire-publica-la-abaclia\/\" \/>\n<meta property=\"og:site_name\" content=\"BasTV\" \/>\n<meta property=\"article:published_time\" content=\"2025-06-06T12:30:03+00:00\" \/>\n<meta property=\"og:image\" content=\"https:\/\/bas-tv.md\/wp-content\/uploads\/2025\/06\/bastv-oblozhki.png\" \/>\n\t<meta property=\"og:image:width\" content=\"1280\" \/>\n\t<meta property=\"og:image:height\" content=\"720\" \/>\n\t<meta property=\"og:image:type\" content=\"image\/png\" \/>\n<meta name=\"author\" content=\"Redactor\" \/>\n<meta name=\"twitter:card\" content=\"summary_large_image\" \/>\n<meta name=\"twitter:label1\" content=\"Scris de\" \/>\n\t<meta name=\"twitter:data1\" content=\"Redactor\" \/>\n\t<meta name=\"twitter:label2\" content=\"Timp estimat pentru citire\" \/>\n\t<meta name=\"twitter:data2\" content=\"2 minute\" \/>\n<script type=\"application\/ld+json\" class=\"yoast-schema-graph\">{\"@context\":\"https:\\\/\\\/schema.org\",\"@graph\":[{\"@type\":\"Article\",\"@id\":\"https:\\\/\\\/bas-tv.md\\\/ro\\\/video-autismul-intelegere-acceptare-si-sprijin-intalnire-publica-la-abaclia\\\/#article\",\"isPartOf\":{\"@id\":\"https:\\\/\\\/bas-tv.md\\\/ro\\\/video-autismul-intelegere-acceptare-si-sprijin-intalnire-publica-la-abaclia\\\/\"},\"author\":{\"name\":\"Redactor\",\"@id\":\"https:\\\/\\\/bas-tv.md\\\/ro\\\/#\\\/schema\\\/person\\\/8740f45ea2eca1f1695284fc03529af0\"},\"headline\":\"(VIDEO) Autismul \u2013 \u00een\u021belegere, acceptare \u0219i sprijin: \u00eent\u00e2lnire public\u0103 la Abaclia\",\"datePublished\":\"2025-06-06T12:30:03+00:00\",\"mainEntityOfPage\":{\"@id\":\"https:\\\/\\\/bas-tv.md\\\/ro\\\/video-autismul-intelegere-acceptare-si-sprijin-intalnire-publica-la-abaclia\\\/\"},\"wordCount\":371,\"publisher\":{\"@id\":\"https:\\\/\\\/bas-tv.md\\\/ro\\\/#organization\"},\"image\":{\"@id\":\"https:\\\/\\\/bas-tv.md\\\/ro\\\/video-autismul-intelegere-acceptare-si-sprijin-intalnire-publica-la-abaclia\\\/#primaryimage\"},\"thumbnailUrl\":\"https:\\\/\\\/bas-tv.md\\\/wp-content\\\/uploads\\\/2025\\\/06\\\/bastv-oblozhki.png\",\"keywords\":[\"autism\",\"autism Abaclia\",\"autism Moldova\",\"Basarabeasca autism\",\"copii cu CES\",\"diagnostic autism\",\"Doina Mafteu\u021ba\",\"educa\u021bie incluziv\u0103\",\"Eugenia Leu\",\"eveniment autism 2025\",\"\u00eent\u00e2lnire public\u0103 autism\",\"p\u0103rin\u021bi copii cu autism\",\"sprijin autism\"],\"articleSection\":[\"Actualitate\",\"\u00cen Basarabeasca\"],\"inLanguage\":\"ro-RO\"},{\"@type\":\"WebPage\",\"@id\":\"https:\\\/\\\/bas-tv.md\\\/ro\\\/video-autismul-intelegere-acceptare-si-sprijin-intalnire-publica-la-abaclia\\\/\",\"url\":\"https:\\\/\\\/bas-tv.md\\\/ro\\\/video-autismul-intelegere-acceptare-si-sprijin-intalnire-publica-la-abaclia\\\/\",\"name\":\"(VIDEO) Autism \u00een Abaclia: informare \u0219i sprijin pentru p\u0103rin\u021bi\",\"isPartOf\":{\"@id\":\"https:\\\/\\\/bas-tv.md\\\/ro\\\/#website\"},\"primaryImageOfPage\":{\"@id\":\"https:\\\/\\\/bas-tv.md\\\/ro\\\/video-autismul-intelegere-acceptare-si-sprijin-intalnire-publica-la-abaclia\\\/#primaryimage\"},\"image\":{\"@id\":\"https:\\\/\\\/bas-tv.md\\\/ro\\\/video-autismul-intelegere-acceptare-si-sprijin-intalnire-publica-la-abaclia\\\/#primaryimage\"},\"thumbnailUrl\":\"https:\\\/\\\/bas-tv.md\\\/wp-content\\\/uploads\\\/2025\\\/06\\\/bastv-oblozhki.png\",\"datePublished\":\"2025-06-06T12:30:03+00:00\",\"description\":\"La Abaclia a avut loc o \u00eent\u00e2lnire despre autism cu Doina Mafteu\u021b\u0103. P\u0103rin\u021bii au aflat sfaturi utile \u0219i informa\u021bii despre sprijinul copiilor cu CES.\",\"inLanguage\":\"ro-RO\",\"potentialAction\":[{\"@type\":\"ReadAction\",\"target\":[\"https:\\\/\\\/bas-tv.md\\\/ro\\\/video-autismul-intelegere-acceptare-si-sprijin-intalnire-publica-la-abaclia\\\/\"]}]},{\"@type\":\"ImageObject\",\"inLanguage\":\"ro-RO\",\"@id\":\"https:\\\/\\\/bas-tv.md\\\/ro\\\/video-autismul-intelegere-acceptare-si-sprijin-intalnire-publica-la-abaclia\\\/#primaryimage\",\"url\":\"https:\\\/\\\/bas-tv.md\\\/wp-content\\\/uploads\\\/2025\\\/06\\\/bastv-oblozhki.png\",\"contentUrl\":\"https:\\\/\\\/bas-tv.md\\\/wp-content\\\/uploads\\\/2025\\\/06\\\/bastv-oblozhki.png\",\"width\":1280,\"height\":720,\"caption\":\"(VIDEO) Autismul \u2013 \u00een\u021belegere, acceptare \u0219i sprijin: \u00eent\u00e2lnire public\u0103 la Abaclia\"},{\"@type\":\"WebSite\",\"@id\":\"https:\\\/\\\/bas-tv.md\\\/ro\\\/#website\",\"url\":\"https:\\\/\\\/bas-tv.md\\\/ro\\\/\",\"name\":\"BasTV\",\"description\":\"Moldova\",\"publisher\":{\"@id\":\"https:\\\/\\\/bas-tv.md\\\/ro\\\/#organization\"},\"potentialAction\":[{\"@type\":\"SearchAction\",\"target\":{\"@type\":\"EntryPoint\",\"urlTemplate\":\"https:\\\/\\\/bas-tv.md\\\/ro\\\/?s={search_term_string}\"},\"query-input\":{\"@type\":\"PropertyValueSpecification\",\"valueRequired\":true,\"valueName\":\"search_term_string\"}}],\"inLanguage\":\"ro-RO\"},{\"@type\":\"Organization\",\"@id\":\"https:\\\/\\\/bas-tv.md\\\/ro\\\/#organization\",\"name\":\"BasTV\",\"url\":\"https:\\\/\\\/bas-tv.md\\\/ro\\\/\",\"logo\":{\"@type\":\"ImageObject\",\"inLanguage\":\"ro-RO\",\"@id\":\"https:\\\/\\\/bas-tv.md\\\/ro\\\/#\\\/schema\\\/logo\\\/image\\\/\",\"url\":\"https:\\\/\\\/bas-tv.md\\\/wp-content\\\/uploads\\\/2023\\\/05\\\/bas-tv-culoarea-rosie.png\",\"contentUrl\":\"https:\\\/\\\/bas-tv.md\\\/wp-content\\\/uploads\\\/2023\\\/05\\\/bas-tv-culoarea-rosie.png\",\"width\":202,\"height\":50,\"caption\":\"BasTV\"},\"image\":{\"@id\":\"https:\\\/\\\/bas-tv.md\\\/ro\\\/#\\\/schema\\\/logo\\\/image\\\/\"}},{\"@type\":\"Person\",\"@id\":\"https:\\\/\\\/bas-tv.md\\\/ro\\\/#\\\/schema\\\/person\\\/8740f45ea2eca1f1695284fc03529af0\",\"name\":\"Redactor\",\"image\":{\"@type\":\"ImageObject\",\"inLanguage\":\"ro-RO\",\"@id\":\"https:\\\/\\\/secure.gravatar.com\\\/avatar\\\/45b6af9fc91c10b15a8b40e67c1f57bab2e9614fc9f0af95cf453d61934e9aad?s=96&d=mm&r=g\",\"url\":\"https:\\\/\\\/secure.gravatar.com\\\/avatar\\\/45b6af9fc91c10b15a8b40e67c1f57bab2e9614fc9f0af95cf453d61934e9aad?s=96&d=mm&r=g\",\"contentUrl\":\"https:\\\/\\\/secure.gravatar.com\\\/avatar\\\/45b6af9fc91c10b15a8b40e67c1f57bab2e9614fc9f0af95cf453d61934e9aad?s=96&d=mm&r=g\",\"caption\":\"Redactor\"},\"url\":\"https:\\\/\\\/bas-tv.md\\\/ro\\\/author\\\/redactor\\\/\"}]}<\/script>\n<!-- \/ Yoast SEO plugin. -->","yoast_head_json":{"title":"(VIDEO) Autism \u00een Abaclia: informare \u0219i sprijin pentru p\u0103rin\u021bi","description":"La Abaclia a avut loc o \u00eent\u00e2lnire despre autism cu Doina Mafteu\u021b\u0103. P\u0103rin\u021bii au aflat sfaturi utile \u0219i informa\u021bii despre sprijinul copiilor cu CES.","robots":{"index":"index","follow":"follow","max-snippet":"max-snippet:-1","max-image-preview":"max-image-preview:large","max-video-preview":"max-video-preview:-1"},"canonical":"https:\/\/bas-tv.md\/ro\/video-autismul-intelegere-acceptare-si-sprijin-intalnire-publica-la-abaclia\/","og_locale":"ro_RO","og_type":"article","og_title":"(VIDEO) Autism \u00een Abaclia: informare \u0219i sprijin pentru p\u0103rin\u021bi","og_description":"La Abaclia a avut loc o \u00eent\u00e2lnire despre autism cu Doina Mafteu\u021b\u0103. P\u0103rin\u021bii au aflat sfaturi utile \u0219i informa\u021bii despre sprijinul copiilor cu CES.","og_url":"https:\/\/bas-tv.md\/ro\/video-autismul-intelegere-acceptare-si-sprijin-intalnire-publica-la-abaclia\/","og_site_name":"BasTV","article_published_time":"2025-06-06T12:30:03+00:00","og_image":[{"width":1280,"height":720,"url":"https:\/\/bas-tv.md\/wp-content\/uploads\/2025\/06\/bastv-oblozhki.png","type":"image\/png"}],"author":"Redactor","twitter_card":"summary_large_image","twitter_misc":{"Scris de":"Redactor","Timp estimat pentru citire":"2 minute"},"schema":{"@context":"https:\/\/schema.org","@graph":[{"@type":"Article","@id":"https:\/\/bas-tv.md\/ro\/video-autismul-intelegere-acceptare-si-sprijin-intalnire-publica-la-abaclia\/#article","isPartOf":{"@id":"https:\/\/bas-tv.md\/ro\/video-autismul-intelegere-acceptare-si-sprijin-intalnire-publica-la-abaclia\/"},"author":{"name":"Redactor","@id":"https:\/\/bas-tv.md\/ro\/#\/schema\/person\/8740f45ea2eca1f1695284fc03529af0"},"headline":"(VIDEO) Autismul \u2013 \u00een\u021belegere, acceptare \u0219i sprijin: \u00eent\u00e2lnire public\u0103 la Abaclia","datePublished":"2025-06-06T12:30:03+00:00","mainEntityOfPage":{"@id":"https:\/\/bas-tv.md\/ro\/video-autismul-intelegere-acceptare-si-sprijin-intalnire-publica-la-abaclia\/"},"wordCount":371,"publisher":{"@id":"https:\/\/bas-tv.md\/ro\/#organization"},"image":{"@id":"https:\/\/bas-tv.md\/ro\/video-autismul-intelegere-acceptare-si-sprijin-intalnire-publica-la-abaclia\/#primaryimage"},"thumbnailUrl":"https:\/\/bas-tv.md\/wp-content\/uploads\/2025\/06\/bastv-oblozhki.png","keywords":["autism","autism Abaclia","autism Moldova","Basarabeasca autism","copii cu CES","diagnostic autism","Doina Mafteu\u021ba","educa\u021bie incluziv\u0103","Eugenia Leu","eveniment autism 2025","\u00eent\u00e2lnire public\u0103 autism","p\u0103rin\u021bi copii cu autism","sprijin autism"],"articleSection":["Actualitate","\u00cen Basarabeasca"],"inLanguage":"ro-RO"},{"@type":"WebPage","@id":"https:\/\/bas-tv.md\/ro\/video-autismul-intelegere-acceptare-si-sprijin-intalnire-publica-la-abaclia\/","url":"https:\/\/bas-tv.md\/ro\/video-autismul-intelegere-acceptare-si-sprijin-intalnire-publica-la-abaclia\/","name":"(VIDEO) Autism \u00een Abaclia: informare \u0219i sprijin pentru p\u0103rin\u021bi","isPartOf":{"@id":"https:\/\/bas-tv.md\/ro\/#website"},"primaryImageOfPage":{"@id":"https:\/\/bas-tv.md\/ro\/video-autismul-intelegere-acceptare-si-sprijin-intalnire-publica-la-abaclia\/#primaryimage"},"image":{"@id":"https:\/\/bas-tv.md\/ro\/video-autismul-intelegere-acceptare-si-sprijin-intalnire-publica-la-abaclia\/#primaryimage"},"thumbnailUrl":"https:\/\/bas-tv.md\/wp-content\/uploads\/2025\/06\/bastv-oblozhki.png","datePublished":"2025-06-06T12:30:03+00:00","description":"La Abaclia a avut loc o \u00eent\u00e2lnire despre autism cu Doina Mafteu\u021b\u0103. P\u0103rin\u021bii au aflat sfaturi utile \u0219i informa\u021bii despre sprijinul copiilor cu CES.","inLanguage":"ro-RO","potentialAction":[{"@type":"ReadAction","target":["https:\/\/bas-tv.md\/ro\/video-autismul-intelegere-acceptare-si-sprijin-intalnire-publica-la-abaclia\/"]}]},{"@type":"ImageObject","inLanguage":"ro-RO","@id":"https:\/\/bas-tv.md\/ro\/video-autismul-intelegere-acceptare-si-sprijin-intalnire-publica-la-abaclia\/#primaryimage","url":"https:\/\/bas-tv.md\/wp-content\/uploads\/2025\/06\/bastv-oblozhki.png","contentUrl":"https:\/\/bas-tv.md\/wp-content\/uploads\/2025\/06\/bastv-oblozhki.png","width":1280,"height":720,"caption":"(VIDEO) Autismul \u2013 \u00een\u021belegere, acceptare \u0219i sprijin: \u00eent\u00e2lnire public\u0103 la Abaclia"},{"@type":"WebSite","@id":"https:\/\/bas-tv.md\/ro\/#website","url":"https:\/\/bas-tv.md\/ro\/","name":"BasTV","description":"Moldova","publisher":{"@id":"https:\/\/bas-tv.md\/ro\/#organization"},"potentialAction":[{"@type":"SearchAction","target":{"@type":"EntryPoint","urlTemplate":"https:\/\/bas-tv.md\/ro\/?s={search_term_string}"},"query-input":{"@type":"PropertyValueSpecification","valueRequired":true,"valueName":"search_term_string"}}],"inLanguage":"ro-RO"},{"@type":"Organization","@id":"https:\/\/bas-tv.md\/ro\/#organization","name":"BasTV","url":"https:\/\/bas-tv.md\/ro\/","logo":{"@type":"ImageObject","inLanguage":"ro-RO","@id":"https:\/\/bas-tv.md\/ro\/#\/schema\/logo\/image\/","url":"https:\/\/bas-tv.md\/wp-content\/uploads\/2023\/05\/bas-tv-culoarea-rosie.png","contentUrl":"https:\/\/bas-tv.md\/wp-content\/uploads\/2023\/05\/bas-tv-culoarea-rosie.png","width":202,"height":50,"caption":"BasTV"},"image":{"@id":"https:\/\/bas-tv.md\/ro\/#\/schema\/logo\/image\/"}},{"@type":"Person","@id":"https:\/\/bas-tv.md\/ro\/#\/schema\/person\/8740f45ea2eca1f1695284fc03529af0","name":"Redactor","image":{"@type":"ImageObject","inLanguage":"ro-RO","@id":"https:\/\/secure.gravatar.com\/avatar\/45b6af9fc91c10b15a8b40e67c1f57bab2e9614fc9f0af95cf453d61934e9aad?s=96&d=mm&r=g","url":"https:\/\/secure.gravatar.com\/avatar\/45b6af9fc91c10b15a8b40e67c1f57bab2e9614fc9f0af95cf453d61934e9aad?s=96&d=mm&r=g","contentUrl":"https:\/\/secure.gravatar.com\/avatar\/45b6af9fc91c10b15a8b40e67c1f57bab2e9614fc9f0af95cf453d61934e9aad?s=96&d=mm&r=g","caption":"Redactor"},"url":"https:\/\/bas-tv.md\/ro\/author\/redactor\/"}]}},"views":470,"_links":{"self":[{"href":"https:\/\/bas-tv.md\/ro\/wp-json\/wp\/v2\/posts\/151973","targetHints":{"allow":["GET"]}}],"collection":[{"href":"https:\/\/bas-tv.md\/ro\/wp-json\/wp\/v2\/posts"}],"about":[{"href":"https:\/\/bas-tv.md\/ro\/wp-json\/wp\/v2\/types\/post"}],"author":[{"embeddable":true,"href":"https:\/\/bas-tv.md\/ro\/wp-json\/wp\/v2\/users\/3"}],"replies":[{"embeddable":true,"href":"https:\/\/bas-tv.md\/ro\/wp-json\/wp\/v2\/comments?post=151973"}],"version-history":[{"count":3,"href":"https:\/\/bas-tv.md\/ro\/wp-json\/wp\/v2\/posts\/151973\/revisions"}],"predecessor-version":[{"id":151983,"href":"https:\/\/bas-tv.md\/ro\/wp-json\/wp\/v2\/posts\/151973\/revisions\/151983"}],"wp:featuredmedia":[{"embeddable":true,"href":"https:\/\/bas-tv.md\/ro\/wp-json\/wp\/v2\/media\/151980"}],"wp:attachment":[{"href":"https:\/\/bas-tv.md\/ro\/wp-json\/wp\/v2\/media?parent=151973"}],"wp:term":[{"taxonomy":"category","embeddable":true,"href":"https:\/\/bas-tv.md\/ro\/wp-json\/wp\/v2\/categories?post=151973"},{"taxonomy":"post_tag","embeddable":true,"href":"https:\/\/bas-tv.md\/ro\/wp-json\/wp\/v2\/tags?post=151973"}],"curies":[{"name":"wp","href":"https:\/\/api.w.org\/{rel}","templated":true}]}}