{"id":151986,"date":"2025-06-08T20:00:54","date_gmt":"2025-06-08T17:00:54","guid":{"rendered":"https:\/\/bas-tv.md\/?p=151986"},"modified":"2025-06-06T16:09:46","modified_gmt":"2025-06-06T13:09:46","slug":"retrospectiva-saptamanii-bastv","status":"publish","type":"post","link":"https:\/\/bas-tv.md\/ro\/retrospectiva-saptamanii-bastv\/","title":{"rendered":"\u201eRetrospectiva s\u0103pt\u0103m\u00e2nii\u201d de la BAStv: atac cibernetic, acord Cimi\u0219lia, fonduri UE, crim\u0103 \u0219ocant\u0103, autism Abaclia \u0219i altele"},"content":{"rendered":"<p><strong>\u201eRetrospectiva s\u0103pt\u0103m\u00e2nii\u201d \u2013 o sec\u021biune \u00een care public\u0103m cele mai importante \u0219tiri publicate pe site-ul nostru \u00een ultimele 7 zile. Acest lucru te va ajuta s\u0103 fii mereu la curent \u0219i s\u0103 nu ratezi nimic important pentru tine.<\/strong><\/p>\n<p><strong>(FOTO) Investi\u021bii pentru institu\u021bii moderne: cl\u0103direa Prim\u0103riei Ivanovca Nou\u0103 a fost renovat\u0103<\/strong><\/p>\n<p>Cl\u0103direa Prim\u0103riei din satul Ivanovca Nou\u0103, raionul Cimi\u0219lia, a fost supus\u0103 unui amplu proces de renovare, care aduce un plus de func\u021bionalitate \u0219i confort at\u00e2t pentru angaja\u021bi, c\u00e2t \u0219i pentru cet\u0103\u021beni. Lucr\u0103rile de modernizare a infrastructurii publice au fost realizate \u00een cadrul Programului Na\u021bional \u201eSatul European\u201d, cu sprijinul Guvernului Republicii Moldova. Mai multe\u00a0detalii pe siteul <a href=\"https:\/\/bas-tv.md\/ro\/foto-investitii-pentru-institutii-moderne-cladirea-primariei-ivanovca-noua-a-fost-renovata\/\">BAStv<\/a>.<\/p>\n<p><strong>STISC avertizeaz\u0103: noi atacuri cibernetice sub masca CERT-GOV-MD <\/strong><\/p>\n<p>Tot mai mul\u021bi cet\u0103\u021beni din Republica Moldova devin \u021binta unui nou val de tentative de fraud\u0103 digital\u0103, \u00een care este utilizat\u0103 ilegal denumirea \u0219i identitatea vizual\u0103 a CERT-GOV-MD. Serviciul Tehnologia Informa\u021biei \u0219i Securitate Cibernetic\u0103 (STISC) atrage aten\u021bia asupra acestor practici \u0219i \u00eendeamn\u0103 popula\u021bia s\u0103 ignore mesajele suspecte care pretind a fi transmise din partea acestei institu\u021bii. <a href=\"https:\/\/bas-tv.md\/ro\/stisc-avertizeaza-noi-atacuri-cibernetice-sub-masca-cert-gov-md\/?doing_wp_cron=1749213405.6887409687042236328125\">aici<\/a>.<\/p>\n<p><strong>(FOTO) A fost semnat un Acord de cooperare \u00eentre ora\u0219ul Cimi\u0219lia \u0219i comuna P\u0103dureni, jude\u021bul Vaslui, Rom\u00e2nia<\/strong><\/p>\n<p>Ora\u0219ul Cimi\u0219lia din Republica Moldova \u0219i comuna P\u0103dureni din jude\u021bul Vaslui, Rom\u00e2nia, au oficializat un parteneriat de cooperare, menit s\u0103 apropie comunit\u0103\u021bile de pe ambele maluri ale Prutului. Acordul, semnat la 3 iunie 2025, deschide calea unor schimburi de experien\u021b\u0103 \u0219i ini\u021biative comune \u00een domenii esen\u021biale pentru dezvoltarea celor dou\u0103 unit\u0103\u021bi administrativ-teritoriale. Informa\u021bii <a href=\"https:\/\/bas-tv.md\/ro\/foto-a-fost-semnat-un-acord-de-cooperare-intre-orasul-cimislia-si-comuna-padureni-judetul-vaslui-romania\/?doing_wp_cron=1749213254.3552839756011962890625\">aici<\/a>.<\/p>\n<p><strong>Republica Moldova va primi 300 de milioane de euro din cadrul Pactului de Cre\u0219tere al Uniunii Europene <\/strong><\/p>\n<p>Republica Moldova urmeaz\u0103 s\u0103 beneficieze, \u00een perioada imediat urm\u0103toare, de o prefinan\u021bare \u00een valoare de 300 de milioane de euro, parte a Pactului de Cre\u0219tere \u00een valoare total\u0103 de 1,9 miliarde de euro, acordat de Uniunea European\u0103. Informa\u021bia a fost f\u0103cut\u0103 public\u0103 de c\u0103tre europarlamentarul Siegfried Mure\u0219an, negociator-\u0219ef privind asisten\u021ba pentru Republica Moldova, printr-o postare pe pagina sa oficial\u0103. Mai multe\u00a0detalii <a href=\"https:\/\/bas-tv.md\/ro\/republica-moldova-va-primi-300-de-milioane-de-euro-din-cadrul-pactului-de-crestere-al-uniunii-europene\/\">aici<\/a>.<\/p>\n<p><strong>Caz \u0219ocant la Cimi\u0219lia: un b\u0103rbat, maltratat \u0219i ucis cu cruzime de trei amici de pahar<\/strong><\/p>\n<p>Trei b\u0103rba\u021bi, cu v\u00e2rste cuprinse \u00eentre 24 \u0219i 39 de ani, ar fi omor\u00e2t cu deosebit\u0103 cruzime un amic de pahar din ora\u0219ul Cimi\u0219lia. Cadavrul victimei a fost abandonat \u00eentr-o f\u00e2\u0219ie forestier\u0103 din apropiere \u0219i descoperit abia dup\u0103 c\u00e2teva luni. Detalii <a href=\"https:\/\/bas-tv.md\/ro\/caz-socant-la-cimislia-un-barbat-maltratat-si-ucis-cu-cruzime-de-trei-amici-de-pahar\/\">aici<\/a>.<\/p>\n<p><strong>(FOTO) Sprijin specializat pentru copiii cu tulbur\u0103ri de dezvoltare: la Cimi\u0219lia a fost inaugurat un centru de interven\u021bie timpurie <\/strong><\/p>\n<p>Pe data de 2 iunie 2025, cu ocazia Zilei Interna\u021bionale a Copilului, la Cimi\u0219lia a fost inaugurat Centrul de interven\u021bie timpurie &#8211; o structur\u0103 specializat\u0103 \u00een sprijinirea copiilor cu tulbur\u0103ri de dezvoltare sau risc de apari\u021bie a acestora. Noul centru func\u021bioneaz\u0103 ca o subdiviziune a Spitalului Raional Cimi\u0219lia \u0219i face parte din re\u021beaua na\u021bional\u0103 coordonat\u0103 de Ministerul S\u0103n\u0103t\u0103\u021bii, care include, \u00een prezent, 14 astfel de institu\u021bii la nivel na\u021bional. Afla\u021bi\u00a0<a href=\"https:\/\/bas-tv.md\/ro\/foto-sprijin-specializat-pentru-copiii-cu-tulburari-de-dezvoltare-la-cimislia-a-fost-inaugurat-un-centru-de-interventie-timpurie\/\">aici<\/a>.<\/p>\n<p><strong>(VIDEO) Autismul \u2013 \u00een\u021belegere, acceptare \u0219i sprijin: \u00eent\u00e2lnire public\u0103 la Abaclia<\/strong><\/p>\n<p>Pe data de 30 mai, la Casa de Cultur\u0103 din satul Abaclia, a avut loc o \u0219edin\u021b\u0103 public\u0103 informativ\u0103 destinat\u0103 p\u0103rin\u021bilor, educatorilor, cadrelor didactice \u0219i tuturor celor interesa\u021bi de subiectul autismului \u0219i sprijinul acordat copiilor cu nevoi speciale. Invitatul special a fost Doina Mafteu\u021ba, cunoscut\u0103 pentru activitatea sa \u00een domeniul incluziunii copiilor cu cerin\u021be educa\u021bionale speciale \u0219i autism. Detalii <a href=\"https:\/\/bas-tv.md\/ro\/video-autismul-intelegere-acceptare-si-sprijin-intalnire-publica-la-abaclia\/\">aici<\/a>.<\/p>\n<p>Cei care sus\u021bin redac\u021bia BAStv \u00een realizarea con\u021binuturilor de calitate, oferim\u00a0<a href=\"https:\/\/bas-tv.md\/patreon-dlya-bastv-kak-nam-pomogut-vashi-2-v-mesyacz\/\">un link c\u0103tre un articol despre cum se poate face acest lucru<\/a>.<\/p>\n<p>Asta este tot ce am vrut s\u0103 v\u0103 reamintim. Sper\u0103m s\u0103 fie interesant. Urm\u0103re\u0219te publica\u021biile noastre \u0219i fii mereu la curent cu ceea ce se \u00eent\u00e2mpl\u0103!<\/p>\n<p><strong>Abona\u021bi-v\u0103 la noi pe re\u021bele sociale:\u00a0<a href=\"https:\/\/t.me\/bastvmd\">Telegram<\/a>,\u00a0<a href=\"https:\/\/www.youtube.com\/channel\/UC-9005PnLnhpNM8PVSjP2dQ\/featured\">YouTube<\/a>,\u00a0<a href=\"https:\/\/www.facebook.com\/bastv.md\">Facebook<\/a>\u00a0\u0219i\u00a0<a href=\"https:\/\/www.instagram.com\/bastv.md\/\">Instagram<\/a>.\u00a0 Aici public\u0103m \u0219tiri pe scurt!<\/strong><\/p>\n","protected":false},"excerpt":{"rendered":"<p>\u201eRetrospectiva s\u0103pt\u0103m\u00e2nii\u201d \u2013 o sec\u021biune \u00een care public\u0103m cele mai importante \u0219tiri publicate pe site-ul nostru \u00een ultimele 7 zile. Acest lucru te va ajuta s\u0103 fii mereu la curent \u0219i s\u0103 nu ratezi nimic important pentru tine. (FOTO) Investi\u021bii pentru institu\u021bii moderne: cl\u0103direa Prim\u0103riei Ivanovca Nou\u0103 a fost renovat\u0103 Cl\u0103direa Prim\u0103riei din satul Ivanovca [&hellip;]<\/p>\n","protected":false},"author":3,"featured_media":151994,"comment_status":"closed","ping_status":"closed","sticky":false,"template":"","format":"standard","meta":{"footnotes":""},"categories":[602,569],"tags":[10278,8871,2784,10280,10277,10279,518,3849,10282,3055,3202,10281,9556],"class_list":["post-151986","post","type-post","status-publish","format-standard","has-post-thumbnail","hentry","category-actualitate","category-in-basarabeasca","tag-atacuri-cibernetice-moldova","tag-autism-moldova","tag-bas-tv","tag-centru-interventie-timpurie","tag-investitii-moldova","tag-parteneriat-cimislia-vaslui","tag-retrospectiva-saptamanii-ro","tag-satul-european","tag-sprijin-copii-moldova","tag-stiri-basarabeasca","tag-stiri-cimislia","tag-stiri-moldova-2025","tag-ue-moldova"],"yoast_head":"<!-- This site is optimized with the Yoast SEO plugin v27.5 - https:\/\/yoast.com\/product\/yoast-seo-wordpress\/ -->\n<title>\u201eRetrospectiva s\u0103pt\u0103m\u00e2nii\u201d de la BAStv: \u0219tiri relevante<\/title>\n<meta name=\"description\" content=\"Cele mai importante \u0219tiri ale s\u0103pt\u0103m\u00e2nii: investi\u021bii, parteneriate, alerte cibernetice \u0219i sprijin pentru copii. R\u0103m\u00e2i informat cu BAStv!\" \/>\n<meta name=\"robots\" content=\"index, follow, max-snippet:-1, max-image-preview:large, max-video-preview:-1\" \/>\n<link rel=\"canonical\" href=\"https:\/\/bas-tv.md\/ro\/retrospectiva-saptamanii-bastv\/\" \/>\n<meta property=\"og:locale\" content=\"ro_RO\" \/>\n<meta property=\"og:type\" content=\"article\" \/>\n<meta property=\"og:title\" content=\"\u201eRetrospectiva s\u0103pt\u0103m\u00e2nii\u201d de la BAStv: \u0219tiri relevante\" \/>\n<meta property=\"og:description\" content=\"Cele mai importante \u0219tiri ale s\u0103pt\u0103m\u00e2nii: investi\u021bii, parteneriate, alerte cibernetice \u0219i sprijin pentru copii. R\u0103m\u00e2i informat cu BAStv!\" \/>\n<meta property=\"og:url\" content=\"https:\/\/bas-tv.md\/ro\/retrospectiva-saptamanii-bastv\/\" \/>\n<meta property=\"og:site_name\" content=\"BasTV\" \/>\n<meta property=\"article:published_time\" content=\"2025-06-08T17:00:54+00:00\" \/>\n<meta property=\"og:image\" content=\"https:\/\/bas-tv.md\/wp-content\/uploads\/2025\/06\/prostoj-estetichnyj-minimalistichnyj-mudbord-foto-kollazh-1024x819.png\" \/>\n\t<meta property=\"og:image:width\" content=\"1024\" \/>\n\t<meta property=\"og:image:height\" content=\"819\" \/>\n\t<meta property=\"og:image:type\" content=\"image\/png\" \/>\n<meta name=\"author\" content=\"Redactor\" \/>\n<meta name=\"twitter:card\" content=\"summary_large_image\" \/>\n<meta name=\"twitter:label1\" content=\"Scris de\" \/>\n\t<meta name=\"twitter:data1\" content=\"Redactor\" \/>\n\t<meta name=\"twitter:label2\" content=\"Timp estimat pentru citire\" \/>\n\t<meta name=\"twitter:data2\" content=\"4 minute\" \/>\n<script type=\"application\/ld+json\" class=\"yoast-schema-graph\">{\"@context\":\"https:\\\/\\\/schema.org\",\"@graph\":[{\"@type\":\"Article\",\"@id\":\"https:\\\/\\\/bas-tv.md\\\/ro\\\/retrospectiva-saptamanii-bastv\\\/#article\",\"isPartOf\":{\"@id\":\"https:\\\/\\\/bas-tv.md\\\/ro\\\/retrospectiva-saptamanii-bastv\\\/\"},\"author\":{\"name\":\"Redactor\",\"@id\":\"https:\\\/\\\/bas-tv.md\\\/ro\\\/#\\\/schema\\\/person\\\/8740f45ea2eca1f1695284fc03529af0\"},\"headline\":\"\u201eRetrospectiva s\u0103pt\u0103m\u00e2nii\u201d de la BAStv: atac cibernetic, acord Cimi\u0219lia, fonduri UE, crim\u0103 \u0219ocant\u0103, autism Abaclia \u0219i altele\",\"datePublished\":\"2025-06-08T17:00:54+00:00\",\"mainEntityOfPage\":{\"@id\":\"https:\\\/\\\/bas-tv.md\\\/ro\\\/retrospectiva-saptamanii-bastv\\\/\"},\"wordCount\":712,\"publisher\":{\"@id\":\"https:\\\/\\\/bas-tv.md\\\/ro\\\/#organization\"},\"image\":{\"@id\":\"https:\\\/\\\/bas-tv.md\\\/ro\\\/retrospectiva-saptamanii-bastv\\\/#primaryimage\"},\"thumbnailUrl\":\"https:\\\/\\\/bas-tv.md\\\/wp-content\\\/uploads\\\/2025\\\/06\\\/prostoj-estetichnyj-minimalistichnyj-mudbord-foto-kollazh.png\",\"keywords\":[\"atacuri cibernetice Moldova\",\"autism Moldova\",\"BAS-TV\",\"centru interven\u021bie timpurie\",\"investi\u021bii Moldova\",\"parteneriat Cimi\u0219lia Vaslui\",\"Retrospectiva s\u0103pt\u0103m\u00e2nii\",\"Satul European\",\"sprijin copii Moldova\",\"\u0219tiri Basarabeasca\",\"\u0219tiri Cimi\u0219lia\",\"\u0219tiri Moldova 2025\",\"UE Moldova\"],\"articleSection\":[\"Actualitate\",\"\u00cen Basarabeasca\"],\"inLanguage\":\"ro-RO\"},{\"@type\":\"WebPage\",\"@id\":\"https:\\\/\\\/bas-tv.md\\\/ro\\\/retrospectiva-saptamanii-bastv\\\/\",\"url\":\"https:\\\/\\\/bas-tv.md\\\/ro\\\/retrospectiva-saptamanii-bastv\\\/\",\"name\":\"\u201eRetrospectiva s\u0103pt\u0103m\u00e2nii\u201d de la BAStv: \u0219tiri relevante\",\"isPartOf\":{\"@id\":\"https:\\\/\\\/bas-tv.md\\\/ro\\\/#website\"},\"primaryImageOfPage\":{\"@id\":\"https:\\\/\\\/bas-tv.md\\\/ro\\\/retrospectiva-saptamanii-bastv\\\/#primaryimage\"},\"image\":{\"@id\":\"https:\\\/\\\/bas-tv.md\\\/ro\\\/retrospectiva-saptamanii-bastv\\\/#primaryimage\"},\"thumbnailUrl\":\"https:\\\/\\\/bas-tv.md\\\/wp-content\\\/uploads\\\/2025\\\/06\\\/prostoj-estetichnyj-minimalistichnyj-mudbord-foto-kollazh.png\",\"datePublished\":\"2025-06-08T17:00:54+00:00\",\"description\":\"Cele mai importante \u0219tiri ale s\u0103pt\u0103m\u00e2nii: investi\u021bii, parteneriate, alerte cibernetice \u0219i sprijin pentru copii. R\u0103m\u00e2i informat cu BAStv!\",\"inLanguage\":\"ro-RO\",\"potentialAction\":[{\"@type\":\"ReadAction\",\"target\":[\"https:\\\/\\\/bas-tv.md\\\/ro\\\/retrospectiva-saptamanii-bastv\\\/\"]}]},{\"@type\":\"ImageObject\",\"inLanguage\":\"ro-RO\",\"@id\":\"https:\\\/\\\/bas-tv.md\\\/ro\\\/retrospectiva-saptamanii-bastv\\\/#primaryimage\",\"url\":\"https:\\\/\\\/bas-tv.md\\\/wp-content\\\/uploads\\\/2025\\\/06\\\/prostoj-estetichnyj-minimalistichnyj-mudbord-foto-kollazh.png\",\"contentUrl\":\"https:\\\/\\\/bas-tv.md\\\/wp-content\\\/uploads\\\/2025\\\/06\\\/prostoj-estetichnyj-minimalistichnyj-mudbord-foto-kollazh.png\",\"width\":2000,\"height\":1600,\"caption\":\"\u201eRetrospectiva s\u0103pt\u0103m\u00e2nii\u201d de la BAStv: atac cibernetic, acord Cimi\u0219lia, fonduri UE, crim\u0103 \u0219ocant\u0103, autism Abaclia \u0219i altele\"},{\"@type\":\"WebSite\",\"@id\":\"https:\\\/\\\/bas-tv.md\\\/ro\\\/#website\",\"url\":\"https:\\\/\\\/bas-tv.md\\\/ro\\\/\",\"name\":\"BasTV\",\"description\":\"Moldova\",\"publisher\":{\"@id\":\"https:\\\/\\\/bas-tv.md\\\/ro\\\/#organization\"},\"potentialAction\":[{\"@type\":\"SearchAction\",\"target\":{\"@type\":\"EntryPoint\",\"urlTemplate\":\"https:\\\/\\\/bas-tv.md\\\/ro\\\/?s={search_term_string}\"},\"query-input\":{\"@type\":\"PropertyValueSpecification\",\"valueRequired\":true,\"valueName\":\"search_term_string\"}}],\"inLanguage\":\"ro-RO\"},{\"@type\":\"Organization\",\"@id\":\"https:\\\/\\\/bas-tv.md\\\/ro\\\/#organization\",\"name\":\"BasTV\",\"url\":\"https:\\\/\\\/bas-tv.md\\\/ro\\\/\",\"logo\":{\"@type\":\"ImageObject\",\"inLanguage\":\"ro-RO\",\"@id\":\"https:\\\/\\\/bas-tv.md\\\/ro\\\/#\\\/schema\\\/logo\\\/image\\\/\",\"url\":\"https:\\\/\\\/bas-tv.md\\\/wp-content\\\/uploads\\\/2023\\\/05\\\/bas-tv-culoarea-rosie.png\",\"contentUrl\":\"https:\\\/\\\/bas-tv.md\\\/wp-content\\\/uploads\\\/2023\\\/05\\\/bas-tv-culoarea-rosie.png\",\"width\":202,\"height\":50,\"caption\":\"BasTV\"},\"image\":{\"@id\":\"https:\\\/\\\/bas-tv.md\\\/ro\\\/#\\\/schema\\\/logo\\\/image\\\/\"}},{\"@type\":\"Person\",\"@id\":\"https:\\\/\\\/bas-tv.md\\\/ro\\\/#\\\/schema\\\/person\\\/8740f45ea2eca1f1695284fc03529af0\",\"name\":\"Redactor\",\"image\":{\"@type\":\"ImageObject\",\"inLanguage\":\"ro-RO\",\"@id\":\"https:\\\/\\\/secure.gravatar.com\\\/avatar\\\/45b6af9fc91c10b15a8b40e67c1f57bab2e9614fc9f0af95cf453d61934e9aad?s=96&d=mm&r=g\",\"url\":\"https:\\\/\\\/secure.gravatar.com\\\/avatar\\\/45b6af9fc91c10b15a8b40e67c1f57bab2e9614fc9f0af95cf453d61934e9aad?s=96&d=mm&r=g\",\"contentUrl\":\"https:\\\/\\\/secure.gravatar.com\\\/avatar\\\/45b6af9fc91c10b15a8b40e67c1f57bab2e9614fc9f0af95cf453d61934e9aad?s=96&d=mm&r=g\",\"caption\":\"Redactor\"},\"url\":\"https:\\\/\\\/bas-tv.md\\\/ro\\\/author\\\/redactor\\\/\"}]}<\/script>\n<!-- \/ Yoast SEO plugin. -->","yoast_head_json":{"title":"\u201eRetrospectiva s\u0103pt\u0103m\u00e2nii\u201d de la BAStv: \u0219tiri relevante","description":"Cele mai importante \u0219tiri ale s\u0103pt\u0103m\u00e2nii: investi\u021bii, parteneriate, alerte cibernetice \u0219i sprijin pentru copii. R\u0103m\u00e2i informat cu BAStv!","robots":{"index":"index","follow":"follow","max-snippet":"max-snippet:-1","max-image-preview":"max-image-preview:large","max-video-preview":"max-video-preview:-1"},"canonical":"https:\/\/bas-tv.md\/ro\/retrospectiva-saptamanii-bastv\/","og_locale":"ro_RO","og_type":"article","og_title":"\u201eRetrospectiva s\u0103pt\u0103m\u00e2nii\u201d de la BAStv: \u0219tiri relevante","og_description":"Cele mai importante \u0219tiri ale s\u0103pt\u0103m\u00e2nii: investi\u021bii, parteneriate, alerte cibernetice \u0219i sprijin pentru copii. R\u0103m\u00e2i informat cu BAStv!","og_url":"https:\/\/bas-tv.md\/ro\/retrospectiva-saptamanii-bastv\/","og_site_name":"BasTV","article_published_time":"2025-06-08T17:00:54+00:00","og_image":[{"width":1024,"height":819,"url":"https:\/\/bas-tv.md\/wp-content\/uploads\/2025\/06\/prostoj-estetichnyj-minimalistichnyj-mudbord-foto-kollazh-1024x819.png","type":"image\/png"}],"author":"Redactor","twitter_card":"summary_large_image","twitter_misc":{"Scris de":"Redactor","Timp estimat pentru citire":"4 minute"},"schema":{"@context":"https:\/\/schema.org","@graph":[{"@type":"Article","@id":"https:\/\/bas-tv.md\/ro\/retrospectiva-saptamanii-bastv\/#article","isPartOf":{"@id":"https:\/\/bas-tv.md\/ro\/retrospectiva-saptamanii-bastv\/"},"author":{"name":"Redactor","@id":"https:\/\/bas-tv.md\/ro\/#\/schema\/person\/8740f45ea2eca1f1695284fc03529af0"},"headline":"\u201eRetrospectiva s\u0103pt\u0103m\u00e2nii\u201d de la BAStv: atac cibernetic, acord Cimi\u0219lia, fonduri UE, crim\u0103 \u0219ocant\u0103, autism Abaclia \u0219i altele","datePublished":"2025-06-08T17:00:54+00:00","mainEntityOfPage":{"@id":"https:\/\/bas-tv.md\/ro\/retrospectiva-saptamanii-bastv\/"},"wordCount":712,"publisher":{"@id":"https:\/\/bas-tv.md\/ro\/#organization"},"image":{"@id":"https:\/\/bas-tv.md\/ro\/retrospectiva-saptamanii-bastv\/#primaryimage"},"thumbnailUrl":"https:\/\/bas-tv.md\/wp-content\/uploads\/2025\/06\/prostoj-estetichnyj-minimalistichnyj-mudbord-foto-kollazh.png","keywords":["atacuri cibernetice Moldova","autism Moldova","BAS-TV","centru interven\u021bie timpurie","investi\u021bii Moldova","parteneriat Cimi\u0219lia Vaslui","Retrospectiva s\u0103pt\u0103m\u00e2nii","Satul European","sprijin copii Moldova","\u0219tiri Basarabeasca","\u0219tiri Cimi\u0219lia","\u0219tiri Moldova 2025","UE Moldova"],"articleSection":["Actualitate","\u00cen Basarabeasca"],"inLanguage":"ro-RO"},{"@type":"WebPage","@id":"https:\/\/bas-tv.md\/ro\/retrospectiva-saptamanii-bastv\/","url":"https:\/\/bas-tv.md\/ro\/retrospectiva-saptamanii-bastv\/","name":"\u201eRetrospectiva s\u0103pt\u0103m\u00e2nii\u201d de la BAStv: \u0219tiri relevante","isPartOf":{"@id":"https:\/\/bas-tv.md\/ro\/#website"},"primaryImageOfPage":{"@id":"https:\/\/bas-tv.md\/ro\/retrospectiva-saptamanii-bastv\/#primaryimage"},"image":{"@id":"https:\/\/bas-tv.md\/ro\/retrospectiva-saptamanii-bastv\/#primaryimage"},"thumbnailUrl":"https:\/\/bas-tv.md\/wp-content\/uploads\/2025\/06\/prostoj-estetichnyj-minimalistichnyj-mudbord-foto-kollazh.png","datePublished":"2025-06-08T17:00:54+00:00","description":"Cele mai importante \u0219tiri ale s\u0103pt\u0103m\u00e2nii: investi\u021bii, parteneriate, alerte cibernetice \u0219i sprijin pentru copii. R\u0103m\u00e2i informat cu BAStv!","inLanguage":"ro-RO","potentialAction":[{"@type":"ReadAction","target":["https:\/\/bas-tv.md\/ro\/retrospectiva-saptamanii-bastv\/"]}]},{"@type":"ImageObject","inLanguage":"ro-RO","@id":"https:\/\/bas-tv.md\/ro\/retrospectiva-saptamanii-bastv\/#primaryimage","url":"https:\/\/bas-tv.md\/wp-content\/uploads\/2025\/06\/prostoj-estetichnyj-minimalistichnyj-mudbord-foto-kollazh.png","contentUrl":"https:\/\/bas-tv.md\/wp-content\/uploads\/2025\/06\/prostoj-estetichnyj-minimalistichnyj-mudbord-foto-kollazh.png","width":2000,"height":1600,"caption":"\u201eRetrospectiva s\u0103pt\u0103m\u00e2nii\u201d de la BAStv: atac cibernetic, acord Cimi\u0219lia, fonduri UE, crim\u0103 \u0219ocant\u0103, autism Abaclia \u0219i altele"},{"@type":"WebSite","@id":"https:\/\/bas-tv.md\/ro\/#website","url":"https:\/\/bas-tv.md\/ro\/","name":"BasTV","description":"Moldova","publisher":{"@id":"https:\/\/bas-tv.md\/ro\/#organization"},"potentialAction":[{"@type":"SearchAction","target":{"@type":"EntryPoint","urlTemplate":"https:\/\/bas-tv.md\/ro\/?s={search_term_string}"},"query-input":{"@type":"PropertyValueSpecification","valueRequired":true,"valueName":"search_term_string"}}],"inLanguage":"ro-RO"},{"@type":"Organization","@id":"https:\/\/bas-tv.md\/ro\/#organization","name":"BasTV","url":"https:\/\/bas-tv.md\/ro\/","logo":{"@type":"ImageObject","inLanguage":"ro-RO","@id":"https:\/\/bas-tv.md\/ro\/#\/schema\/logo\/image\/","url":"https:\/\/bas-tv.md\/wp-content\/uploads\/2023\/05\/bas-tv-culoarea-rosie.png","contentUrl":"https:\/\/bas-tv.md\/wp-content\/uploads\/2023\/05\/bas-tv-culoarea-rosie.png","width":202,"height":50,"caption":"BasTV"},"image":{"@id":"https:\/\/bas-tv.md\/ro\/#\/schema\/logo\/image\/"}},{"@type":"Person","@id":"https:\/\/bas-tv.md\/ro\/#\/schema\/person\/8740f45ea2eca1f1695284fc03529af0","name":"Redactor","image":{"@type":"ImageObject","inLanguage":"ro-RO","@id":"https:\/\/secure.gravatar.com\/avatar\/45b6af9fc91c10b15a8b40e67c1f57bab2e9614fc9f0af95cf453d61934e9aad?s=96&d=mm&r=g","url":"https:\/\/secure.gravatar.com\/avatar\/45b6af9fc91c10b15a8b40e67c1f57bab2e9614fc9f0af95cf453d61934e9aad?s=96&d=mm&r=g","contentUrl":"https:\/\/secure.gravatar.com\/avatar\/45b6af9fc91c10b15a8b40e67c1f57bab2e9614fc9f0af95cf453d61934e9aad?s=96&d=mm&r=g","caption":"Redactor"},"url":"https:\/\/bas-tv.md\/ro\/author\/redactor\/"}]}},"views":241,"_links":{"self":[{"href":"https:\/\/bas-tv.md\/ro\/wp-json\/wp\/v2\/posts\/151986","targetHints":{"allow":["GET"]}}],"collection":[{"href":"https:\/\/bas-tv.md\/ro\/wp-json\/wp\/v2\/posts"}],"about":[{"href":"https:\/\/bas-tv.md\/ro\/wp-json\/wp\/v2\/types\/post"}],"author":[{"embeddable":true,"href":"https:\/\/bas-tv.md\/ro\/wp-json\/wp\/v2\/users\/3"}],"replies":[{"embeddable":true,"href":"https:\/\/bas-tv.md\/ro\/wp-json\/wp\/v2\/comments?post=151986"}],"version-history":[{"count":1,"href":"https:\/\/bas-tv.md\/ro\/wp-json\/wp\/v2\/posts\/151986\/revisions"}],"predecessor-version":[{"id":151996,"href":"https:\/\/bas-tv.md\/ro\/wp-json\/wp\/v2\/posts\/151986\/revisions\/151996"}],"wp:featuredmedia":[{"embeddable":true,"href":"https:\/\/bas-tv.md\/ro\/wp-json\/wp\/v2\/media\/151994"}],"wp:attachment":[{"href":"https:\/\/bas-tv.md\/ro\/wp-json\/wp\/v2\/media?parent=151986"}],"wp:term":[{"taxonomy":"category","embeddable":true,"href":"https:\/\/bas-tv.md\/ro\/wp-json\/wp\/v2\/categories?post=151986"},{"taxonomy":"post_tag","embeddable":true,"href":"https:\/\/bas-tv.md\/ro\/wp-json\/wp\/v2\/tags?post=151986"}],"curies":[{"name":"wp","href":"https:\/\/api.w.org\/{rel}","templated":true}]}}