{"id":152137,"date":"2025-06-12T20:20:32","date_gmt":"2025-06-12T17:20:32","guid":{"rendered":"https:\/\/bas-tv.md\/?p=152137"},"modified":"2025-08-11T12:07:09","modified_gmt":"2025-08-11T09:07:09","slug":"foto-atelier-de-politici-publice-la-cimislia-cum-pot-tinerii-sa-contribuie-la-schimbare","status":"publish","type":"post","link":"https:\/\/bas-tv.md\/ro\/foto-atelier-de-politici-publice-la-cimislia-cum-pot-tinerii-sa-contribuie-la-schimbare\/","title":{"rendered":"(FOTO) Atelier de Politici Publice la Cimi\u0219lia: cum pot tinerii s\u0103 contribuie la schimbare"},"content":{"rendered":"<p data-start=\"411\" data-end=\"864\"><strong>La Cimi\u0219lia a avut loc primul atelier de politici publice \u201eYouth Policy Lab\u201d, unde tinerii, al\u0103turi de autorit\u0103\u021bile locale \u0219i organiza\u021bii neguvernamentale, au discutat despre problemele comunit\u0103\u021bii \u0219i au identificat solu\u021bii concrete. Evenimentul face parte dintr-un program na\u021bional care \u00eencurajeaz\u0103 implicarea civic\u0103 a tinerilor \u0219i dialogul deschis cu factorii de decizie.<\/strong><\/p>\n<p>Consiliul Na\u021bional al Tineretului din Moldova (CNTM) se afl\u0103 \u00een faza de implementare a unui program de granturi destinat autorit\u0103\u021bilor publice locale de nivelul I \u0219i partenerilor acestora din r\u00e2ndul structurilor de tineret din \u00eentreaga \u021bar\u0103. Scopul programului este de a crea comisii consultative de tineret \u0219i de a \u00eencuraja tinerii s\u0103 se implice \u00een procesul decizional prin intermediul unor laboratoare participative de tip \u201eYouth Policy Lab\u201d.<\/p>\n<p>Youth Policy Lab reprezint\u0103 o abordare inovativ\u0103 pentru politici locale cu \u0219i pentru tineri. Acest mecanism participativ este conceput pentru a crea un spa\u021biu sigur \u0219i incluziv de dialog \u00eentre tineri \u0219i factorii de decizie.<\/p>\n<p>\u00cen locul consult\u0103rilor tradi\u021bionale, aceste laboratoare faciliteaz\u0103 un proces dinamic \u0219i structurat de co-creare a politicilor publice. Metodologia a fost pilotat\u0103 pentru prima dat\u0103 \u00een Republica Moldova \u00een anul 2021, \u00een cadrul programului EU4Youth &#8211; Youth Engagement Roadmaps, iar \u00een perioada 2021\u20132022 a fost extins\u0103 la nivel na\u021bional.<\/p>\n<p data-start=\"866\" data-end=\"1202\">La Cimi\u0219lia, primul atelier de politici publice a fost g\u0103zduit de prim\u0103ria ora\u0219ului, pe data de 10 iunie, reunind tineri, reprezentan\u021bi ai organiza\u021biilor non-guvernamentale \u0219i ai autorit\u0103\u021bi locale. \u00cen centrul discu\u021biilor s-a aflat una dintre problemele majore semnalate de Consiliul de Tineret din ora\u0219ul Cimi\u0219lia: lipsa spa\u021biilor publice verzi \u0219i necesitatea stringent\u0103 de amenajare a Parcului \u201eMihai Eminescu\u201d, un spa\u021biu important pentru comunitate.<\/p>\n<p data-start=\"866\" data-end=\"1202\">Primarul ora\u0219ului, Sergiu Andronachi, a salutat ini\u021biativa \u0219i a subliniat c\u0103 Cimi\u0219lia are nevoie de tineri activi:<\/p>\n<blockquote>\n<p data-start=\"1204\" data-end=\"1389\">\u201eVrem s\u0103 consolid\u0103m, s\u0103 ciment\u0103m un consiliu al tinerilor locali. Este un prim pas de a avea mai mul\u021bi tineri care s\u0103 se implice \u00een proiectele de decizie\u201d, a declarat Sergiu Andronachi, accentu\u00e2nd importan\u021ba acestui parteneriat \u00eentre administra\u021bie \u0219i t\u00e2n\u0103ra genera\u021bie.<\/p>\n<\/blockquote>\n<p data-start=\"1391\" data-end=\"1650\">\u00cen cadrul atelierului, participan\u021bii au identificat cauzele \u0219i efectele problemei, au propus solu\u021bii \u0219i au selectat idei care vor fi transformate \u00een ini\u021biative concrete, care urmeaz\u0103 a beneficia de fina\u021bare \u0219i a fi implementate. Astfel, tinerii de la Cimi\u0219lia \u0219i-au propus s\u0103 amenajeze parcul central, prin plantarea de arbori \u0219i trandafiri, cu participarea activ\u0103 a comunit\u0103\u021bii locale. Proiectul urm\u0103re\u0219te nu doar \u00eenfrumuse\u021barea ora\u0219ului \u0219i \u00eembun\u0103t\u0103\u021birea calit\u0103\u021bii aerului, ci \u0219i cre\u0219terea gradului de implicare civic\u0103 \u00een r\u00e2ndul tinerilor.<\/p>\n<p data-start=\"1652\" data-end=\"2027\">Elena Suman, membr\u0103 a Consiliului Local al Tinerilor din Cimi\u0219lia, spune c\u0103 aceast\u0103 experien\u021b\u0103 a ajutat-o s\u0103 capete mai mult\u0103 \u00eencredere \u00een for\u021bele proprii. La \u00eenceput, \u00eei era fric\u0103, fiind convins\u0103 c\u0103 trebuie s\u0103 ai cuno\u0219tin\u021be avansate pentru a te implica, dar acum are certitudinea c\u0103 schimbul de experien\u021b\u0103 este o modalitate excelent\u0103 de a \u00eenv\u0103\u021ba:<\/p>\n<blockquote>\n<p data-start=\"2175\" data-end=\"2457\">\u201eSe promoveaz\u0103 lucrul \u00een echip\u0103, pentru c\u0103 suntem multe persoane din domenii \u0219i regiuni diferite, ceea ce ne permite s\u0103 venim cu idei mai bune\u201d, explic\u0103 Elena.<\/p>\n<\/blockquote>\n<p data-start=\"2029\" data-end=\"2356\">Atelierul de la Cimi\u0219lia este parte dintr-un program mai amplu, desf\u0103\u0219urat \u00een perioada aprilie &#8211; octombrie 2025, care include acordarea a patru granturi a c\u00e2te 50.000 lei. Finan\u021barea este oferit\u0103 de Agen\u021bia Na\u021bional\u0103 pentru Tineret, cu sprijinul GIZ Moldova prin proiectul EU4Youth: Impicarea \u0219i Abilitarea Tinerilor, co-finan\u021bat de Uniunea European\u0103 \u0219i Ministerul German pentru Cooperare Economic\u0103 \u0219i Dezvoltare (BMZ).<\/p>\n<p data-start=\"2029\" data-end=\"2356\">Pe l\u00e2ng\u0103 resursele financiare, programul ofer\u0103 \u0219i sprijin logistic \u0219i formare pentru tineri \u0219i autorit\u0103\u021bi, astfel \u00eenc\u00e2t ideile dezvoltate \u00een cadrul laboratoarelor s\u0103 fie puse \u00een practic\u0103. Comisiile de tineret vor func\u021biona pe principii de co-management, cu participarea activ\u0103 a tinerilor.<\/p>\n<p data-start=\"2029\" data-end=\"2356\">\u00cen total, \u00een anul 2025, CNTM \u00ee\u0219i propune s\u0103 implementeze cel pu\u021bin cinci astfel de laboratoare \u00een comunit\u0103\u021bi din toat\u0103 \u021bara. Obiectivul este de a crea un spa\u021biu sigur pentru ca tinerii s\u0103 poat\u0103 dialoga informal cu autorit\u0103\u021bile locale, ONG-uri, \u0219coli, angajatori \u0219i al\u021bi actori relevan\u021bi, fiind ghida\u021bi de facilitatori specializa\u021bi, care vor asigura un proces adaptat contextului local. Obiectivul principal este de a reduce distan\u021ba dintre tineri \u0219i factorii de decizie \u0219i de a contribui la formularea unor politici relevante, bine ancorate \u00een realit\u0103\u021bile comunit\u0103\u021bilor \u0219i necesit\u0103\u021bile tinerilor.<\/p>\n<p data-start=\"2606\" data-end=\"2830\">La Cimi\u0219lia urmeaz\u0103 \u0219i alte \u00eent\u00e2lniri, \u00een care tinerii \u00ee\u0219i vor contura mai clar ideile \u0219i vor preg\u0103ti pa\u0219ii concre\u021bi pentru implementarea ini\u021biativelor. \u00cen continuare, pot fi implementate ini\u021biative pilot, rezultate din procesul participativ desf\u0103\u0219urat cu tinerii, care au scop testarea relevan\u021bei \u0219i fezabilit\u0103\u021bii ideilor ini\u021biale. <img fetchpriority=\"high\" decoding=\"async\" class=\"size-large wp-image-152149\" src=\"https:\/\/bas-tv.md\/wp-content\/uploads\/2025\/06\/505525922_1154407476729272_3759161822690925705_n-862x1024.jpg\" alt=\"\" width=\"580\" height=\"689\" srcset=\"https:\/\/bas-tv.md\/wp-content\/uploads\/2025\/06\/505525922_1154407476729272_3759161822690925705_n-862x1024.jpg 862w, https:\/\/bas-tv.md\/wp-content\/uploads\/2025\/06\/505525922_1154407476729272_3759161822690925705_n-253x300.jpg 253w, https:\/\/bas-tv.md\/wp-content\/uploads\/2025\/06\/505525922_1154407476729272_3759161822690925705_n-768x912.jpg 768w, https:\/\/bas-tv.md\/wp-content\/uploads\/2025\/06\/505525922_1154407476729272_3759161822690925705_n-1200x1426.jpg 1200w, https:\/\/bas-tv.md\/wp-content\/uploads\/2025\/06\/505525922_1154407476729272_3759161822690925705_n.jpg 1212w\" sizes=\"(max-width: 580px) 100vw, 580px\" \/><\/p>\n<p>Sursa foto: Consiliul Na\u0163ional al Tineretului din Moldova<\/p>\n<figure id=\"attachment_152151\" aria-describedby=\"caption-attachment-152151\" style=\"width: 580px\" class=\"wp-caption aligncenter\"><img decoding=\"async\" class=\"size-large wp-image-152151 lazyload\" data-src=\"https:\/\/bas-tv.md\/wp-content\/uploads\/2025\/06\/505471462_1154419396728080_7490473270094868714_n-819x1024.jpg\" alt=\"\" width=\"580\" height=\"725\" data-srcset=\"https:\/\/bas-tv.md\/wp-content\/uploads\/2025\/06\/505471462_1154419396728080_7490473270094868714_n-819x1024.jpg 819w, https:\/\/bas-tv.md\/wp-content\/uploads\/2025\/06\/505471462_1154419396728080_7490473270094868714_n-240x300.jpg 240w, https:\/\/bas-tv.md\/wp-content\/uploads\/2025\/06\/505471462_1154419396728080_7490473270094868714_n-768x960.jpg 768w, https:\/\/bas-tv.md\/wp-content\/uploads\/2025\/06\/505471462_1154419396728080_7490473270094868714_n.jpg 1080w\" data-sizes=\"(max-width: 580px) 100vw, 580px\" src=\"data:image\/svg+xml;base64,PHN2ZyB3aWR0aD0iMSIgaGVpZ2h0PSIxIiB4bWxucz0iaHR0cDovL3d3dy53My5vcmcvMjAwMC9zdmciPjwvc3ZnPg==\" style=\"--smush-placeholder-width: 580px; --smush-placeholder-aspect-ratio: 580\/725;\" \/><figcaption id=\"caption-attachment-152151\" class=\"wp-caption-text\">Sursa foto: Consiliul Na\u0163ional al Tineretului din Moldova<\/figcaption><\/figure>\n<figure id=\"attachment_152153\" aria-describedby=\"caption-attachment-152153\" style=\"width: 580px\" class=\"wp-caption aligncenter\"><img decoding=\"async\" class=\"size-large wp-image-152153 lazyload\" data-src=\"https:\/\/bas-tv.md\/wp-content\/uploads\/2025\/06\/505436940_1154407470062606_7854839157189844262_n-851x1024.jpg\" alt=\"\" width=\"580\" height=\"698\" data-srcset=\"https:\/\/bas-tv.md\/wp-content\/uploads\/2025\/06\/505436940_1154407470062606_7854839157189844262_n-851x1024.jpg 851w, https:\/\/bas-tv.md\/wp-content\/uploads\/2025\/06\/505436940_1154407470062606_7854839157189844262_n-249x300.jpg 249w, https:\/\/bas-tv.md\/wp-content\/uploads\/2025\/06\/505436940_1154407470062606_7854839157189844262_n-768x924.jpg 768w, https:\/\/bas-tv.md\/wp-content\/uploads\/2025\/06\/505436940_1154407470062606_7854839157189844262_n.jpg 1080w\" data-sizes=\"(max-width: 580px) 100vw, 580px\" src=\"data:image\/svg+xml;base64,PHN2ZyB3aWR0aD0iMSIgaGVpZ2h0PSIxIiB4bWxucz0iaHR0cDovL3d3dy53My5vcmcvMjAwMC9zdmciPjwvc3ZnPg==\" style=\"--smush-placeholder-width: 580px; --smush-placeholder-aspect-ratio: 580\/698;\" \/><figcaption id=\"caption-attachment-152153\" class=\"wp-caption-text\">Sursa foto: Consiliul Na\u0163ional al Tineretului din Moldova<\/figcaption><\/figure>\n<figure id=\"attachment_152155\" aria-describedby=\"caption-attachment-152155\" style=\"width: 580px\" class=\"wp-caption aligncenter\"><img decoding=\"async\" class=\"size-large wp-image-152155 lazyload\" data-src=\"https:\/\/bas-tv.md\/wp-content\/uploads\/2025\/06\/505550221_1154407490062604_36829878804552000_n-933x1024.jpg\" alt=\"\" width=\"580\" height=\"637\" data-srcset=\"https:\/\/bas-tv.md\/wp-content\/uploads\/2025\/06\/505550221_1154407490062604_36829878804552000_n-933x1024.jpg 933w, https:\/\/bas-tv.md\/wp-content\/uploads\/2025\/06\/505550221_1154407490062604_36829878804552000_n-273x300.jpg 273w, https:\/\/bas-tv.md\/wp-content\/uploads\/2025\/06\/505550221_1154407490062604_36829878804552000_n-768x843.jpg 768w, https:\/\/bas-tv.md\/wp-content\/uploads\/2025\/06\/505550221_1154407490062604_36829878804552000_n.jpg 1080w\" data-sizes=\"(max-width: 580px) 100vw, 580px\" src=\"data:image\/svg+xml;base64,PHN2ZyB3aWR0aD0iMSIgaGVpZ2h0PSIxIiB4bWxucz0iaHR0cDovL3d3dy53My5vcmcvMjAwMC9zdmciPjwvc3ZnPg==\" style=\"--smush-placeholder-width: 580px; --smush-placeholder-aspect-ratio: 580\/637;\" \/><figcaption id=\"caption-attachment-152155\" class=\"wp-caption-text\">Sursa foto: Consiliul Na\u0163ional al Tineretului din Moldova<\/figcaption><\/figure>\n<div class=\"elementor-element elementor-element-5fc6b9d elementor-widget elementor-widget-theme-post-content\" data-id=\"5fc6b9d\" data-element_type=\"widget\" data-widget_type=\"theme-post-content.default\">\n<div class=\"elementor-widget-container\">\n<p><em>Acest material a fost elaborat \u00een cadrul proiectului \u201eMass-media local\u0103 din Basarabeasca pentru valorile europene\u201d, implementat de redac\u021bia BAStv cu sprijinul financiar al Ambasadei Republicii Cehe \u00een Republica Moldova.<\/em><\/p>\n<p data-start=\"2926\" data-end=\"3252\"><img decoding=\"async\" class=\"aligncenter size-full wp-image-151845 lazyload\" data-src=\"https:\/\/bas-tv.md\/wp-content\/uploads\/2025\/06\/snimok-ekrana-2025-05-26-141459-768x139-1.png\" data-sizes=\"(max-width: 768px) 100vw, 768px\" data-srcset=\"https:\/\/bas-tv.md\/wp-content\/uploads\/2025\/06\/snimok-ekrana-2025-05-26-141459-768x139-1.png 768w, https:\/\/bas-tv.md\/wp-content\/uploads\/2025\/06\/snimok-ekrana-2025-05-26-141459-768x139-1-300x54.png 300w\" alt=\"\" width=\"768\" height=\"139\" src=\"data:image\/svg+xml;base64,PHN2ZyB3aWR0aD0iMSIgaGVpZ2h0PSIxIiB4bWxucz0iaHR0cDovL3d3dy53My5vcmcvMjAwMC9zdmciPjwvc3ZnPg==\" style=\"--smush-placeholder-width: 768px; --smush-placeholder-aspect-ratio: 768\/139;\" \/><\/p>\n<p data-start=\"2832\" data-end=\"2934\">Autor: Virineia Carapirea<\/p>\n<p><strong>Sus\u021bine\u021bi redac\u021bia BAStv, abona\u021bi-v\u0103 la noi pe platforma\u00a0<a href=\"https:\/\/www.patreon.com\/BAStv?fan_landing=true&amp;fbclid=IwAR3MeSDKfH4ixBydCXX9D1lhrCszhps3ID5uxuGA-Ktd4MTkZCRdlcEZkQI\">Patreon\u00a0<\/a>sau prin efectuarea contribu\u021biilor prin\u00a0<a href=\"https:\/\/www.paypal.com\/paypalme\/supportbastv\">PayPal<\/a>! Aceasta ne va ajuta s\u0103 cre\u0103m con\u021binut interesant \u0219i util pentru dvs., r\u0103m\u00e2n\u00e2nd \u00een continuare o platform\u0103 media independent\u0103.<\/strong><\/p>\n<div class=\"elementor-element elementor-element-5fc6b9d elementor-widget elementor-widget-theme-post-content\" data-id=\"5fc6b9d\" data-element_type=\"widget\" data-widget_type=\"theme-post-content.default\">\n<div class=\"elementor-widget-container\">\n<p><b>Abona\u021bi-v\u0103 la noi pe re\u021bele sociale:\u00a0<\/b><a href=\"https:\/\/t.me\/bastvmd\"><b><i>Telegram<\/i><\/b><\/a><b>,\u00a0<\/b><a href=\"https:\/\/www.youtube.com\/channel\/UC-9005PnLnhpNM8PVSjP2dQ\/featured\"><b><i>YouTube<\/i><\/b><\/a><b>,\u00a0<\/b><a href=\"https:\/\/www.facebook.com\/bastv.md\"><b><i>Facebook<\/i><\/b><\/a>\u00a0\u0219i\u00a0<a href=\"https:\/\/www.instagram.com\/bastv.md\/\"><b><i>Instagram<\/i><\/b><\/a><b>.\u00a0 Aici public\u0103m \u0219tiri pe scurt!<\/b><\/p>\n<\/div>\n<\/div>\n<\/div>\n<\/div>\n","protected":false},"excerpt":{"rendered":"<p>La Cimi\u0219lia a avut loc primul atelier de politici publice \u201eYouth Policy Lab\u201d, unde tinerii, al\u0103turi de autorit\u0103\u021bile locale \u0219i organiza\u021bii neguvernamentale, au discutat despre problemele comunit\u0103\u021bii \u0219i au identificat solu\u021bii concrete. Evenimentul face parte dintr-un program na\u021bional care \u00eencurajeaz\u0103 implicarea civic\u0103 a tinerilor \u0219i dialogul deschis cu factorii de decizie. Consiliul Na\u021bional al Tineretului [&hellip;]<\/p>\n","protected":false},"author":3,"featured_media":152158,"comment_status":"closed","ping_status":"closed","sticky":false,"template":"","format":"standard","meta":{"footnotes":""},"categories":[602,570],"tags":[],"class_list":["post-152137","post","type-post","status-publish","format-standard","has-post-thumbnail","hentry","category-actualitate","category-in-moldova"],"yoast_head":"<!-- This site is optimized with the Yoast SEO plugin v27.5 - https:\/\/yoast.com\/product\/yoast-seo-wordpress\/ -->\n<title>Atelier de Politici Publice la Cimi\u0219lia: cum pot tinerii s\u0103 contribuie la schimbare<\/title>\n<meta name=\"description\" content=\"La Cimi\u0219lia a avut loc primul atelier de politici publice \u201eYouth Policy Lab\u201d, unde tinerii, al\u0103turi de autorit\u0103\u021bile locale \u0219i organiza\u021bii neguvernamentale, au discutat despre problemele comunit\u0103\u021bii \u0219i au identificat solu\u021bii concrete. Evenimentul face parte dintr-un program na\u021bional care \u00eencurajeaz\u0103 implicarea civic\u0103 a tinerilor \u0219i dialogul deschis cu factorii de decizie.\" \/>\n<meta name=\"robots\" content=\"index, follow, max-snippet:-1, max-image-preview:large, max-video-preview:-1\" \/>\n<link rel=\"canonical\" href=\"https:\/\/bas-tv.md\/ro\/foto-atelier-de-politici-publice-la-cimislia-cum-pot-tinerii-sa-contribuie-la-schimbare\/\" \/>\n<meta property=\"og:locale\" content=\"ro_RO\" \/>\n<meta property=\"og:type\" content=\"article\" \/>\n<meta property=\"og:title\" content=\"Atelier de Politici Publice la Cimi\u0219lia: cum pot tinerii s\u0103 contribuie la schimbare\" \/>\n<meta property=\"og:description\" content=\"La Cimi\u0219lia a avut loc primul atelier de politici publice \u201eYouth Policy Lab\u201d, unde tinerii, al\u0103turi de autorit\u0103\u021bile locale \u0219i organiza\u021bii neguvernamentale, au discutat despre problemele comunit\u0103\u021bii \u0219i au identificat solu\u021bii concrete. Evenimentul face parte dintr-un program na\u021bional care \u00eencurajeaz\u0103 implicarea civic\u0103 a tinerilor \u0219i dialogul deschis cu factorii de decizie.\" \/>\n<meta property=\"og:url\" content=\"https:\/\/bas-tv.md\/ro\/foto-atelier-de-politici-publice-la-cimislia-cum-pot-tinerii-sa-contribuie-la-schimbare\/\" \/>\n<meta property=\"og:site_name\" content=\"BasTV\" \/>\n<meta property=\"article:published_time\" content=\"2025-06-12T17:20:32+00:00\" \/>\n<meta property=\"article:modified_time\" content=\"2025-08-11T09:07:09+00:00\" \/>\n<meta property=\"og:image\" content=\"https:\/\/bas-tv.md\/wp-content\/uploads\/2025\/06\/505436940_1154407470062606_7854839157189844262_n-1-e1749629293357.jpg\" \/>\n\t<meta property=\"og:image:width\" content=\"1080\" \/>\n\t<meta property=\"og:image:height\" content=\"784\" \/>\n\t<meta property=\"og:image:type\" content=\"image\/jpeg\" \/>\n<meta name=\"author\" content=\"Redactor\" \/>\n<meta name=\"twitter:card\" content=\"summary_large_image\" \/>\n<meta name=\"twitter:label1\" content=\"Scris de\" \/>\n\t<meta name=\"twitter:data1\" content=\"Redactor\" \/>\n\t<meta name=\"twitter:label2\" content=\"Timp estimat pentru citire\" \/>\n\t<meta name=\"twitter:data2\" content=\"6 minute\" \/>\n<script type=\"application\/ld+json\" class=\"yoast-schema-graph\">{\"@context\":\"https:\\\/\\\/schema.org\",\"@graph\":[{\"@type\":\"Article\",\"@id\":\"https:\\\/\\\/bas-tv.md\\\/ro\\\/foto-atelier-de-politici-publice-la-cimislia-cum-pot-tinerii-sa-contribuie-la-schimbare\\\/#article\",\"isPartOf\":{\"@id\":\"https:\\\/\\\/bas-tv.md\\\/ro\\\/foto-atelier-de-politici-publice-la-cimislia-cum-pot-tinerii-sa-contribuie-la-schimbare\\\/\"},\"author\":{\"name\":\"Redactor\",\"@id\":\"https:\\\/\\\/bas-tv.md\\\/ro\\\/#\\\/schema\\\/person\\\/8740f45ea2eca1f1695284fc03529af0\"},\"headline\":\"(FOTO) Atelier de Politici Publice la Cimi\u0219lia: cum pot tinerii s\u0103 contribuie la schimbare\",\"datePublished\":\"2025-06-12T17:20:32+00:00\",\"dateModified\":\"2025-08-11T09:07:09+00:00\",\"mainEntityOfPage\":{\"@id\":\"https:\\\/\\\/bas-tv.md\\\/ro\\\/foto-atelier-de-politici-publice-la-cimislia-cum-pot-tinerii-sa-contribuie-la-schimbare\\\/\"},\"wordCount\":973,\"publisher\":{\"@id\":\"https:\\\/\\\/bas-tv.md\\\/ro\\\/#organization\"},\"image\":{\"@id\":\"https:\\\/\\\/bas-tv.md\\\/ro\\\/foto-atelier-de-politici-publice-la-cimislia-cum-pot-tinerii-sa-contribuie-la-schimbare\\\/#primaryimage\"},\"thumbnailUrl\":\"https:\\\/\\\/bas-tv.md\\\/wp-content\\\/uploads\\\/2025\\\/06\\\/505436940_1154407470062606_7854839157189844262_n-1-e1749629293357.jpg\",\"articleSection\":[\"Actualitate\",\"\u00cen Moldova\"],\"inLanguage\":\"ro-RO\"},{\"@type\":\"WebPage\",\"@id\":\"https:\\\/\\\/bas-tv.md\\\/ro\\\/foto-atelier-de-politici-publice-la-cimislia-cum-pot-tinerii-sa-contribuie-la-schimbare\\\/\",\"url\":\"https:\\\/\\\/bas-tv.md\\\/ro\\\/foto-atelier-de-politici-publice-la-cimislia-cum-pot-tinerii-sa-contribuie-la-schimbare\\\/\",\"name\":\"Atelier de Politici Publice la Cimi\u0219lia: cum pot tinerii s\u0103 contribuie la schimbare\",\"isPartOf\":{\"@id\":\"https:\\\/\\\/bas-tv.md\\\/ro\\\/#website\"},\"primaryImageOfPage\":{\"@id\":\"https:\\\/\\\/bas-tv.md\\\/ro\\\/foto-atelier-de-politici-publice-la-cimislia-cum-pot-tinerii-sa-contribuie-la-schimbare\\\/#primaryimage\"},\"image\":{\"@id\":\"https:\\\/\\\/bas-tv.md\\\/ro\\\/foto-atelier-de-politici-publice-la-cimislia-cum-pot-tinerii-sa-contribuie-la-schimbare\\\/#primaryimage\"},\"thumbnailUrl\":\"https:\\\/\\\/bas-tv.md\\\/wp-content\\\/uploads\\\/2025\\\/06\\\/505436940_1154407470062606_7854839157189844262_n-1-e1749629293357.jpg\",\"datePublished\":\"2025-06-12T17:20:32+00:00\",\"dateModified\":\"2025-08-11T09:07:09+00:00\",\"description\":\"La Cimi\u0219lia a avut loc primul atelier de politici publice \u201eYouth Policy Lab\u201d, unde tinerii, al\u0103turi de autorit\u0103\u021bile locale \u0219i organiza\u021bii neguvernamentale, au discutat despre problemele comunit\u0103\u021bii \u0219i au identificat solu\u021bii concrete. Evenimentul face parte dintr-un program na\u021bional care \u00eencurajeaz\u0103 implicarea civic\u0103 a tinerilor \u0219i dialogul deschis cu factorii de decizie.\",\"inLanguage\":\"ro-RO\",\"potentialAction\":[{\"@type\":\"ReadAction\",\"target\":[\"https:\\\/\\\/bas-tv.md\\\/ro\\\/foto-atelier-de-politici-publice-la-cimislia-cum-pot-tinerii-sa-contribuie-la-schimbare\\\/\"]}]},{\"@type\":\"ImageObject\",\"inLanguage\":\"ro-RO\",\"@id\":\"https:\\\/\\\/bas-tv.md\\\/ro\\\/foto-atelier-de-politici-publice-la-cimislia-cum-pot-tinerii-sa-contribuie-la-schimbare\\\/#primaryimage\",\"url\":\"https:\\\/\\\/bas-tv.md\\\/wp-content\\\/uploads\\\/2025\\\/06\\\/505436940_1154407470062606_7854839157189844262_n-1-e1749629293357.jpg\",\"contentUrl\":\"https:\\\/\\\/bas-tv.md\\\/wp-content\\\/uploads\\\/2025\\\/06\\\/505436940_1154407470062606_7854839157189844262_n-1-e1749629293357.jpg\",\"width\":1080,\"height\":784,\"caption\":\"Sursa foto: Consiliul Na\u0163ional al Tineretului din Moldova\"},{\"@type\":\"WebSite\",\"@id\":\"https:\\\/\\\/bas-tv.md\\\/ro\\\/#website\",\"url\":\"https:\\\/\\\/bas-tv.md\\\/ro\\\/\",\"name\":\"BasTV\",\"description\":\"Moldova\",\"publisher\":{\"@id\":\"https:\\\/\\\/bas-tv.md\\\/ro\\\/#organization\"},\"potentialAction\":[{\"@type\":\"SearchAction\",\"target\":{\"@type\":\"EntryPoint\",\"urlTemplate\":\"https:\\\/\\\/bas-tv.md\\\/ro\\\/?s={search_term_string}\"},\"query-input\":{\"@type\":\"PropertyValueSpecification\",\"valueRequired\":true,\"valueName\":\"search_term_string\"}}],\"inLanguage\":\"ro-RO\"},{\"@type\":\"Organization\",\"@id\":\"https:\\\/\\\/bas-tv.md\\\/ro\\\/#organization\",\"name\":\"BasTV\",\"url\":\"https:\\\/\\\/bas-tv.md\\\/ro\\\/\",\"logo\":{\"@type\":\"ImageObject\",\"inLanguage\":\"ro-RO\",\"@id\":\"https:\\\/\\\/bas-tv.md\\\/ro\\\/#\\\/schema\\\/logo\\\/image\\\/\",\"url\":\"https:\\\/\\\/bas-tv.md\\\/wp-content\\\/uploads\\\/2023\\\/05\\\/bas-tv-culoarea-rosie.png\",\"contentUrl\":\"https:\\\/\\\/bas-tv.md\\\/wp-content\\\/uploads\\\/2023\\\/05\\\/bas-tv-culoarea-rosie.png\",\"width\":202,\"height\":50,\"caption\":\"BasTV\"},\"image\":{\"@id\":\"https:\\\/\\\/bas-tv.md\\\/ro\\\/#\\\/schema\\\/logo\\\/image\\\/\"}},{\"@type\":\"Person\",\"@id\":\"https:\\\/\\\/bas-tv.md\\\/ro\\\/#\\\/schema\\\/person\\\/8740f45ea2eca1f1695284fc03529af0\",\"name\":\"Redactor\",\"image\":{\"@type\":\"ImageObject\",\"inLanguage\":\"ro-RO\",\"@id\":\"https:\\\/\\\/secure.gravatar.com\\\/avatar\\\/45b6af9fc91c10b15a8b40e67c1f57bab2e9614fc9f0af95cf453d61934e9aad?s=96&d=mm&r=g\",\"url\":\"https:\\\/\\\/secure.gravatar.com\\\/avatar\\\/45b6af9fc91c10b15a8b40e67c1f57bab2e9614fc9f0af95cf453d61934e9aad?s=96&d=mm&r=g\",\"contentUrl\":\"https:\\\/\\\/secure.gravatar.com\\\/avatar\\\/45b6af9fc91c10b15a8b40e67c1f57bab2e9614fc9f0af95cf453d61934e9aad?s=96&d=mm&r=g\",\"caption\":\"Redactor\"},\"url\":\"https:\\\/\\\/bas-tv.md\\\/ro\\\/author\\\/redactor\\\/\"}]}<\/script>\n<!-- \/ Yoast SEO plugin. -->","yoast_head_json":{"title":"Atelier de Politici Publice la Cimi\u0219lia: cum pot tinerii s\u0103 contribuie la schimbare","description":"La Cimi\u0219lia a avut loc primul atelier de politici publice \u201eYouth Policy Lab\u201d, unde tinerii, al\u0103turi de autorit\u0103\u021bile locale \u0219i organiza\u021bii neguvernamentale, au discutat despre problemele comunit\u0103\u021bii \u0219i au identificat solu\u021bii concrete. Evenimentul face parte dintr-un program na\u021bional care \u00eencurajeaz\u0103 implicarea civic\u0103 a tinerilor \u0219i dialogul deschis cu factorii de decizie.","robots":{"index":"index","follow":"follow","max-snippet":"max-snippet:-1","max-image-preview":"max-image-preview:large","max-video-preview":"max-video-preview:-1"},"canonical":"https:\/\/bas-tv.md\/ro\/foto-atelier-de-politici-publice-la-cimislia-cum-pot-tinerii-sa-contribuie-la-schimbare\/","og_locale":"ro_RO","og_type":"article","og_title":"Atelier de Politici Publice la Cimi\u0219lia: cum pot tinerii s\u0103 contribuie la schimbare","og_description":"La Cimi\u0219lia a avut loc primul atelier de politici publice \u201eYouth Policy Lab\u201d, unde tinerii, al\u0103turi de autorit\u0103\u021bile locale \u0219i organiza\u021bii neguvernamentale, au discutat despre problemele comunit\u0103\u021bii \u0219i au identificat solu\u021bii concrete. Evenimentul face parte dintr-un program na\u021bional care \u00eencurajeaz\u0103 implicarea civic\u0103 a tinerilor \u0219i dialogul deschis cu factorii de decizie.","og_url":"https:\/\/bas-tv.md\/ro\/foto-atelier-de-politici-publice-la-cimislia-cum-pot-tinerii-sa-contribuie-la-schimbare\/","og_site_name":"BasTV","article_published_time":"2025-06-12T17:20:32+00:00","article_modified_time":"2025-08-11T09:07:09+00:00","og_image":[{"width":1080,"height":784,"url":"https:\/\/bas-tv.md\/wp-content\/uploads\/2025\/06\/505436940_1154407470062606_7854839157189844262_n-1-e1749629293357.jpg","type":"image\/jpeg"}],"author":"Redactor","twitter_card":"summary_large_image","twitter_misc":{"Scris de":"Redactor","Timp estimat pentru citire":"6 minute"},"schema":{"@context":"https:\/\/schema.org","@graph":[{"@type":"Article","@id":"https:\/\/bas-tv.md\/ro\/foto-atelier-de-politici-publice-la-cimislia-cum-pot-tinerii-sa-contribuie-la-schimbare\/#article","isPartOf":{"@id":"https:\/\/bas-tv.md\/ro\/foto-atelier-de-politici-publice-la-cimislia-cum-pot-tinerii-sa-contribuie-la-schimbare\/"},"author":{"name":"Redactor","@id":"https:\/\/bas-tv.md\/ro\/#\/schema\/person\/8740f45ea2eca1f1695284fc03529af0"},"headline":"(FOTO) Atelier de Politici Publice la Cimi\u0219lia: cum pot tinerii s\u0103 contribuie la schimbare","datePublished":"2025-06-12T17:20:32+00:00","dateModified":"2025-08-11T09:07:09+00:00","mainEntityOfPage":{"@id":"https:\/\/bas-tv.md\/ro\/foto-atelier-de-politici-publice-la-cimislia-cum-pot-tinerii-sa-contribuie-la-schimbare\/"},"wordCount":973,"publisher":{"@id":"https:\/\/bas-tv.md\/ro\/#organization"},"image":{"@id":"https:\/\/bas-tv.md\/ro\/foto-atelier-de-politici-publice-la-cimislia-cum-pot-tinerii-sa-contribuie-la-schimbare\/#primaryimage"},"thumbnailUrl":"https:\/\/bas-tv.md\/wp-content\/uploads\/2025\/06\/505436940_1154407470062606_7854839157189844262_n-1-e1749629293357.jpg","articleSection":["Actualitate","\u00cen Moldova"],"inLanguage":"ro-RO"},{"@type":"WebPage","@id":"https:\/\/bas-tv.md\/ro\/foto-atelier-de-politici-publice-la-cimislia-cum-pot-tinerii-sa-contribuie-la-schimbare\/","url":"https:\/\/bas-tv.md\/ro\/foto-atelier-de-politici-publice-la-cimislia-cum-pot-tinerii-sa-contribuie-la-schimbare\/","name":"Atelier de Politici Publice la Cimi\u0219lia: cum pot tinerii s\u0103 contribuie la schimbare","isPartOf":{"@id":"https:\/\/bas-tv.md\/ro\/#website"},"primaryImageOfPage":{"@id":"https:\/\/bas-tv.md\/ro\/foto-atelier-de-politici-publice-la-cimislia-cum-pot-tinerii-sa-contribuie-la-schimbare\/#primaryimage"},"image":{"@id":"https:\/\/bas-tv.md\/ro\/foto-atelier-de-politici-publice-la-cimislia-cum-pot-tinerii-sa-contribuie-la-schimbare\/#primaryimage"},"thumbnailUrl":"https:\/\/bas-tv.md\/wp-content\/uploads\/2025\/06\/505436940_1154407470062606_7854839157189844262_n-1-e1749629293357.jpg","datePublished":"2025-06-12T17:20:32+00:00","dateModified":"2025-08-11T09:07:09+00:00","description":"La Cimi\u0219lia a avut loc primul atelier de politici publice \u201eYouth Policy Lab\u201d, unde tinerii, al\u0103turi de autorit\u0103\u021bile locale \u0219i organiza\u021bii neguvernamentale, au discutat despre problemele comunit\u0103\u021bii \u0219i au identificat solu\u021bii concrete. Evenimentul face parte dintr-un program na\u021bional care \u00eencurajeaz\u0103 implicarea civic\u0103 a tinerilor \u0219i dialogul deschis cu factorii de decizie.","inLanguage":"ro-RO","potentialAction":[{"@type":"ReadAction","target":["https:\/\/bas-tv.md\/ro\/foto-atelier-de-politici-publice-la-cimislia-cum-pot-tinerii-sa-contribuie-la-schimbare\/"]}]},{"@type":"ImageObject","inLanguage":"ro-RO","@id":"https:\/\/bas-tv.md\/ro\/foto-atelier-de-politici-publice-la-cimislia-cum-pot-tinerii-sa-contribuie-la-schimbare\/#primaryimage","url":"https:\/\/bas-tv.md\/wp-content\/uploads\/2025\/06\/505436940_1154407470062606_7854839157189844262_n-1-e1749629293357.jpg","contentUrl":"https:\/\/bas-tv.md\/wp-content\/uploads\/2025\/06\/505436940_1154407470062606_7854839157189844262_n-1-e1749629293357.jpg","width":1080,"height":784,"caption":"Sursa foto: Consiliul Na\u0163ional al Tineretului din Moldova"},{"@type":"WebSite","@id":"https:\/\/bas-tv.md\/ro\/#website","url":"https:\/\/bas-tv.md\/ro\/","name":"BasTV","description":"Moldova","publisher":{"@id":"https:\/\/bas-tv.md\/ro\/#organization"},"potentialAction":[{"@type":"SearchAction","target":{"@type":"EntryPoint","urlTemplate":"https:\/\/bas-tv.md\/ro\/?s={search_term_string}"},"query-input":{"@type":"PropertyValueSpecification","valueRequired":true,"valueName":"search_term_string"}}],"inLanguage":"ro-RO"},{"@type":"Organization","@id":"https:\/\/bas-tv.md\/ro\/#organization","name":"BasTV","url":"https:\/\/bas-tv.md\/ro\/","logo":{"@type":"ImageObject","inLanguage":"ro-RO","@id":"https:\/\/bas-tv.md\/ro\/#\/schema\/logo\/image\/","url":"https:\/\/bas-tv.md\/wp-content\/uploads\/2023\/05\/bas-tv-culoarea-rosie.png","contentUrl":"https:\/\/bas-tv.md\/wp-content\/uploads\/2023\/05\/bas-tv-culoarea-rosie.png","width":202,"height":50,"caption":"BasTV"},"image":{"@id":"https:\/\/bas-tv.md\/ro\/#\/schema\/logo\/image\/"}},{"@type":"Person","@id":"https:\/\/bas-tv.md\/ro\/#\/schema\/person\/8740f45ea2eca1f1695284fc03529af0","name":"Redactor","image":{"@type":"ImageObject","inLanguage":"ro-RO","@id":"https:\/\/secure.gravatar.com\/avatar\/45b6af9fc91c10b15a8b40e67c1f57bab2e9614fc9f0af95cf453d61934e9aad?s=96&d=mm&r=g","url":"https:\/\/secure.gravatar.com\/avatar\/45b6af9fc91c10b15a8b40e67c1f57bab2e9614fc9f0af95cf453d61934e9aad?s=96&d=mm&r=g","contentUrl":"https:\/\/secure.gravatar.com\/avatar\/45b6af9fc91c10b15a8b40e67c1f57bab2e9614fc9f0af95cf453d61934e9aad?s=96&d=mm&r=g","caption":"Redactor"},"url":"https:\/\/bas-tv.md\/ro\/author\/redactor\/"}]}},"views":191,"_links":{"self":[{"href":"https:\/\/bas-tv.md\/ro\/wp-json\/wp\/v2\/posts\/152137","targetHints":{"allow":["GET"]}}],"collection":[{"href":"https:\/\/bas-tv.md\/ro\/wp-json\/wp\/v2\/posts"}],"about":[{"href":"https:\/\/bas-tv.md\/ro\/wp-json\/wp\/v2\/types\/post"}],"author":[{"embeddable":true,"href":"https:\/\/bas-tv.md\/ro\/wp-json\/wp\/v2\/users\/3"}],"replies":[{"embeddable":true,"href":"https:\/\/bas-tv.md\/ro\/wp-json\/wp\/v2\/comments?post=152137"}],"version-history":[{"count":5,"href":"https:\/\/bas-tv.md\/ro\/wp-json\/wp\/v2\/posts\/152137\/revisions"}],"predecessor-version":[{"id":157384,"href":"https:\/\/bas-tv.md\/ro\/wp-json\/wp\/v2\/posts\/152137\/revisions\/157384"}],"wp:featuredmedia":[{"embeddable":true,"href":"https:\/\/bas-tv.md\/ro\/wp-json\/wp\/v2\/media\/152158"}],"wp:attachment":[{"href":"https:\/\/bas-tv.md\/ro\/wp-json\/wp\/v2\/media?parent=152137"}],"wp:term":[{"taxonomy":"category","embeddable":true,"href":"https:\/\/bas-tv.md\/ro\/wp-json\/wp\/v2\/categories?post=152137"},{"taxonomy":"post_tag","embeddable":true,"href":"https:\/\/bas-tv.md\/ro\/wp-json\/wp\/v2\/tags?post=152137"}],"curies":[{"name":"wp","href":"https:\/\/api.w.org\/{rel}","templated":true}]}}