{"id":152140,"date":"2025-06-14T13:18:33","date_gmt":"2025-06-14T10:18:33","guid":{"rendered":"https:\/\/bas-tv.md\/?p=152140"},"modified":"2025-06-14T13:20:19","modified_gmt":"2025-06-14T10:20:19","slug":"foto-festivalul-national-de-dans-popular-ion-bazatin-revine-pe-15-iunie-la-cimislia","status":"publish","type":"post","link":"https:\/\/bas-tv.md\/ro\/foto-festivalul-national-de-dans-popular-ion-bazatin-revine-pe-15-iunie-la-cimislia\/","title":{"rendered":"(FOTO) Festivalul Na\u021bional de Dans Popular \u201eIon Bazatin\u201d revine pe 15 iunie, la Cimi\u0219lia"},"content":{"rendered":"<p><strong>Pe scena din ora\u0219ul Cimi\u0219lia, 12 colective din \u00eentreaga \u021bar\u0103 vor aduce un omagiu dansului popular, \u00eentr-o explozie de ritm, culoare \u0219i emo\u021bie. Pasiona\u021bii de dans sunt invita\u021bi pe data de 15 iunie la cea de-a IX-a edi\u021bie a Festivalului Na\u021bional de Dans Popular \u201eIon Bazatin\u201d.<\/strong><\/p>\n<p>Evenimentul va debuta la ora 11:00, pe scena Casei de Cultur\u0103 din ora\u0219ul Cimi\u0219lia. Pe parcursul zilei, scena festivalului va fi animat\u0103 de ritmurile autentice \u0219i energia pur\u0103 a 12 ansambluri de muzic\u0103 \u0219i dans popular din Republica Moldova.<\/p>\n<p>Vizitatorii vor avea ocazia s\u0103 admire costume tradi\u021bionale din diferite regiuni, s\u0103 descopere elemente de coregrafie specifice fiec\u0103rei zone \u0219i s\u0103 se bucure de un adev\u0103rat spectacol al tradi\u021biilor populare, transpus \u00een pa\u0219i de dans.<\/p>\n<p>Festivalul este organizat de Sec\u021bia Cultur\u0103, Tineret \u0219i Sport a Consiliului Raional Cimi\u0219lia, \u00een parteneriat cu Prim\u0103ria ora\u0219ului Cimi\u0219lia \u0219i Ministerul Culturii al Republicii Moldova. Scopul principal al evenimentului este valorificarea \u0219i promovarea dansurilor populare, precum \u0219i \u00eembog\u0103\u021birea repertoriului forma\u021biilor de dans cu crea\u021bii autentice \u0219i valoroase, culese chiar din localit\u0103\u021bile de origine ale acestora.<\/p>\n<p>Aflat la cea de-a IX-a edi\u021bie, evenimentul ofer\u0103 o platform\u0103 artistic\u0103 pentru tinerele genera\u021bii de dansatori care duc mai departe mo\u0219tenirea coregrafic\u0103 a lui Ion Bazatin, coregraf \u0219i etnofolclorist de excep\u021bie, originar din Cimi\u0219lia.<\/p>\n<p>De-a lungul carierei sale, coregraful Ion Bazatin a montat peste 30 de dansuri populare, printre care Hora ca la Cimi\u0219lia, \u021a\u0103r\u0103neasca, Br\u00e2ul sau Doiul \u0219i \u0219apte pa\u0219i. Pa\u0219ii de dans specifici spa\u021biului rom\u00e2nesc au fost admira\u021bi de publicul de pe patru continente, de la Europa la Africa, Asia \u0219i America. Mo\u0219tenirea coregrafic\u0103 a artistului s-a r\u0103sp\u00e2ndit \u0219i peste hotarele Republicii Moldova, \u00een Rom\u00e2nia \u0219i Ucraina, precum \u0219i \u00een Nordul Ucrainei, la Cern\u0103u\u021bi.<\/p>\n<p>Intrarea la festival este gratuit\u0103 pentru to\u021bi doritorii. Organizatorii invit\u0103 publicul s\u0103 participe al\u0103turi de familie \u0219i prieteni la evenimentul care promite s\u0103 fie cea mai vibrant\u0103 s\u0103rb\u0103toare a dansului popular.<\/p>\n<figure id=\"attachment_152641\" aria-describedby=\"caption-attachment-152641\" style=\"width: 580px\" class=\"wp-caption aligncenter\"><img fetchpriority=\"high\" decoding=\"async\" class=\"size-large wp-image-152641\" src=\"https:\/\/bas-tv.md\/wp-content\/uploads\/2025\/06\/505529526_122125340360826251_4225802290118690420_n_1080x1080-1024x1024.jpg\" alt=\"\" width=\"580\" height=\"580\" srcset=\"https:\/\/bas-tv.md\/wp-content\/uploads\/2025\/06\/505529526_122125340360826251_4225802290118690420_n_1080x1080-1024x1024.jpg 1024w, https:\/\/bas-tv.md\/wp-content\/uploads\/2025\/06\/505529526_122125340360826251_4225802290118690420_n_1080x1080-300x300.jpg 300w, https:\/\/bas-tv.md\/wp-content\/uploads\/2025\/06\/505529526_122125340360826251_4225802290118690420_n_1080x1080-150x150.jpg 150w, https:\/\/bas-tv.md\/wp-content\/uploads\/2025\/06\/505529526_122125340360826251_4225802290118690420_n_1080x1080-768x768.jpg 768w, https:\/\/bas-tv.md\/wp-content\/uploads\/2025\/06\/505529526_122125340360826251_4225802290118690420_n_1080x1080.jpg 1080w\" sizes=\"(max-width: 580px) 100vw, 580px\" \/><figcaption id=\"caption-attachment-152641\" class=\"wp-caption-text\">Sursa foto: Consiliul Raional Cimi\u0219lia<\/figcaption><\/figure>\n<p><strong>Sus\u021bine\u021bi redac\u021bia BAStv, abona\u021bi-v\u0103 la noi pe platforma\u00a0<a href=\"https:\/\/www.patreon.com\/BAStv?fan_landing=true&amp;fbclid=IwAR3MeSDKfH4ixBydCXX9D1lhrCszhps3ID5uxuGA-Ktd4MTkZCRdlcEZkQI\">Patreon\u00a0<\/a>sau prin efectuarea contribu\u021biilor prin\u00a0<a href=\"https:\/\/www.paypal.com\/paypalme\/supportbastv\">PayPal<\/a>! Aceasta ne va ajuta s\u0103 cre\u0103m con\u021binut interesant \u0219i util pentru dvs., r\u0103m\u00e2n\u00e2nd \u00een continuare o platform\u0103 media independent\u0103.<\/strong><\/p>\n<div class=\"elementor-element elementor-element-5fc6b9d elementor-widget elementor-widget-theme-post-content\" data-id=\"5fc6b9d\" data-element_type=\"widget\" data-widget_type=\"theme-post-content.default\">\n<div class=\"elementor-widget-container\">\n<p><b>Abona\u021bi-v\u0103 la noi pe re\u021bele sociale:\u00a0<\/b><a href=\"https:\/\/t.me\/bastvmd\"><b><i>Telegram<\/i><\/b><\/a><b>,\u00a0<\/b><a href=\"https:\/\/www.youtube.com\/channel\/UC-9005PnLnhpNM8PVSjP2dQ\/featured\"><b><i>YouTube<\/i><\/b><\/a><b>,\u00a0<\/b><a href=\"https:\/\/www.facebook.com\/bastv.md\"><b><i>Facebook<\/i><\/b><\/a>\u00a0\u0219i\u00a0<a href=\"https:\/\/www.instagram.com\/bastv.md\/\"><b><i>Instagram<\/i><\/b><\/a><b>.\u00a0 Aici public\u0103m \u0219tiri pe scurt!<\/b><\/p>\n<\/div>\n<\/div>\n","protected":false},"excerpt":{"rendered":"<p>Pe scena din ora\u0219ul Cimi\u0219lia, 12 colective din \u00eentreaga \u021bar\u0103 vor aduce un omagiu dansului popular, \u00eentr-o explozie de ritm, culoare \u0219i emo\u021bie. Pasiona\u021bii de dans sunt invita\u021bi pe data de 15 iunie la cea de-a IX-a edi\u021bie a Festivalului Na\u021bional de Dans Popular \u201eIon Bazatin\u201d. Evenimentul va debuta la ora 11:00, pe scena Casei [&hellip;]<\/p>\n","protected":false},"author":3,"featured_media":152639,"comment_status":"closed","ping_status":"closed","sticky":false,"template":"","format":"standard","meta":{"footnotes":""},"categories":[602,219,570],"tags":[],"class_list":["post-152140","post","type-post","status-publish","format-standard","has-post-thumbnail","hentry","category-actualitate","category-anunturi","category-in-moldova"],"yoast_head":"<!-- This site is optimized with the Yoast SEO plugin v27.5 - https:\/\/yoast.com\/product\/yoast-seo-wordpress\/ -->\n<title>(FOTO) Festivalul Na\u021bional de Dans Popular \u201eIon Bazatin\u201d revine pe 15 iunie, la Cimi\u0219lia - BasTV<\/title>\n<meta name=\"description\" content=\"Pe scena din ora\u0219ul Cimi\u0219lia, 12 colective din \u00eentreaga \u021bar\u0103 vor aduce un omagiu dansului popular, \u00eentr-o explozie de ritm, culoare \u0219i emo\u021bie. Pasiona\u021bii de dans sunt invita\u021bi pe data de 15 iunie la cea de-a IX-a edi\u021bie a Festivalului Na\u021bional de Dans Popular \u201eIon Bazatin\u201d.\" \/>\n<meta name=\"robots\" content=\"index, follow, max-snippet:-1, max-image-preview:large, max-video-preview:-1\" \/>\n<link rel=\"canonical\" href=\"https:\/\/bas-tv.md\/ro\/foto-festivalul-national-de-dans-popular-ion-bazatin-revine-pe-15-iunie-la-cimislia\/\" \/>\n<meta property=\"og:locale\" content=\"ro_RO\" \/>\n<meta property=\"og:type\" content=\"article\" \/>\n<meta property=\"og:title\" content=\"(FOTO) Festivalul Na\u021bional de Dans Popular \u201eIon Bazatin\u201d revine pe 15 iunie, la Cimi\u0219lia - BasTV\" \/>\n<meta property=\"og:description\" content=\"Pe scena din ora\u0219ul Cimi\u0219lia, 12 colective din \u00eentreaga \u021bar\u0103 vor aduce un omagiu dansului popular, \u00eentr-o explozie de ritm, culoare \u0219i emo\u021bie. Pasiona\u021bii de dans sunt invita\u021bi pe data de 15 iunie la cea de-a IX-a edi\u021bie a Festivalului Na\u021bional de Dans Popular \u201eIon Bazatin\u201d.\" \/>\n<meta property=\"og:url\" content=\"https:\/\/bas-tv.md\/ro\/foto-festivalul-national-de-dans-popular-ion-bazatin-revine-pe-15-iunie-la-cimislia\/\" \/>\n<meta property=\"og:site_name\" content=\"BasTV\" \/>\n<meta property=\"article:published_time\" content=\"2025-06-14T10:18:33+00:00\" \/>\n<meta property=\"article:modified_time\" content=\"2025-06-14T10:20:19+00:00\" \/>\n<meta property=\"og:image\" content=\"https:\/\/bas-tv.md\/wp-content\/uploads\/2025\/06\/baz3-1.jpg\" \/>\n\t<meta property=\"og:image:width\" content=\"640\" \/>\n\t<meta property=\"og:image:height\" content=\"416\" \/>\n\t<meta property=\"og:image:type\" content=\"image\/jpeg\" \/>\n<meta name=\"author\" content=\"Redactor\" \/>\n<meta name=\"twitter:card\" content=\"summary_large_image\" \/>\n<meta name=\"twitter:label1\" content=\"Scris de\" \/>\n\t<meta name=\"twitter:data1\" content=\"Redactor\" \/>\n\t<meta name=\"twitter:label2\" content=\"Timp estimat pentru citire\" \/>\n\t<meta name=\"twitter:data2\" content=\"3 minute\" \/>\n<script type=\"application\/ld+json\" class=\"yoast-schema-graph\">{\"@context\":\"https:\\\/\\\/schema.org\",\"@graph\":[{\"@type\":\"Article\",\"@id\":\"https:\\\/\\\/bas-tv.md\\\/ro\\\/foto-festivalul-national-de-dans-popular-ion-bazatin-revine-pe-15-iunie-la-cimislia\\\/#article\",\"isPartOf\":{\"@id\":\"https:\\\/\\\/bas-tv.md\\\/ro\\\/foto-festivalul-national-de-dans-popular-ion-bazatin-revine-pe-15-iunie-la-cimislia\\\/\"},\"author\":{\"name\":\"Redactor\",\"@id\":\"https:\\\/\\\/bas-tv.md\\\/ro\\\/#\\\/schema\\\/person\\\/8740f45ea2eca1f1695284fc03529af0\"},\"headline\":\"(FOTO) Festivalul Na\u021bional de Dans Popular \u201eIon Bazatin\u201d revine pe 15 iunie, la Cimi\u0219lia\",\"datePublished\":\"2025-06-14T10:18:33+00:00\",\"dateModified\":\"2025-06-14T10:20:19+00:00\",\"mainEntityOfPage\":{\"@id\":\"https:\\\/\\\/bas-tv.md\\\/ro\\\/foto-festivalul-national-de-dans-popular-ion-bazatin-revine-pe-15-iunie-la-cimislia\\\/\"},\"wordCount\":444,\"publisher\":{\"@id\":\"https:\\\/\\\/bas-tv.md\\\/ro\\\/#organization\"},\"image\":{\"@id\":\"https:\\\/\\\/bas-tv.md\\\/ro\\\/foto-festivalul-national-de-dans-popular-ion-bazatin-revine-pe-15-iunie-la-cimislia\\\/#primaryimage\"},\"thumbnailUrl\":\"https:\\\/\\\/bas-tv.md\\\/wp-content\\\/uploads\\\/2025\\\/06\\\/baz3-1.jpg\",\"articleSection\":[\"Actualitate\",\"Anun\u021buri\",\"\u00cen Moldova\"],\"inLanguage\":\"ro-RO\"},{\"@type\":\"WebPage\",\"@id\":\"https:\\\/\\\/bas-tv.md\\\/ro\\\/foto-festivalul-national-de-dans-popular-ion-bazatin-revine-pe-15-iunie-la-cimislia\\\/\",\"url\":\"https:\\\/\\\/bas-tv.md\\\/ro\\\/foto-festivalul-national-de-dans-popular-ion-bazatin-revine-pe-15-iunie-la-cimislia\\\/\",\"name\":\"(FOTO) Festivalul Na\u021bional de Dans Popular \u201eIon Bazatin\u201d revine pe 15 iunie, la Cimi\u0219lia - BasTV\",\"isPartOf\":{\"@id\":\"https:\\\/\\\/bas-tv.md\\\/ro\\\/#website\"},\"primaryImageOfPage\":{\"@id\":\"https:\\\/\\\/bas-tv.md\\\/ro\\\/foto-festivalul-national-de-dans-popular-ion-bazatin-revine-pe-15-iunie-la-cimislia\\\/#primaryimage\"},\"image\":{\"@id\":\"https:\\\/\\\/bas-tv.md\\\/ro\\\/foto-festivalul-national-de-dans-popular-ion-bazatin-revine-pe-15-iunie-la-cimislia\\\/#primaryimage\"},\"thumbnailUrl\":\"https:\\\/\\\/bas-tv.md\\\/wp-content\\\/uploads\\\/2025\\\/06\\\/baz3-1.jpg\",\"datePublished\":\"2025-06-14T10:18:33+00:00\",\"dateModified\":\"2025-06-14T10:20:19+00:00\",\"description\":\"Pe scena din ora\u0219ul Cimi\u0219lia, 12 colective din \u00eentreaga \u021bar\u0103 vor aduce un omagiu dansului popular, \u00eentr-o explozie de ritm, culoare \u0219i emo\u021bie. Pasiona\u021bii de dans sunt invita\u021bi pe data de 15 iunie la cea de-a IX-a edi\u021bie a Festivalului Na\u021bional de Dans Popular \u201eIon Bazatin\u201d.\",\"inLanguage\":\"ro-RO\",\"potentialAction\":[{\"@type\":\"ReadAction\",\"target\":[\"https:\\\/\\\/bas-tv.md\\\/ro\\\/foto-festivalul-national-de-dans-popular-ion-bazatin-revine-pe-15-iunie-la-cimislia\\\/\"]}]},{\"@type\":\"ImageObject\",\"inLanguage\":\"ro-RO\",\"@id\":\"https:\\\/\\\/bas-tv.md\\\/ro\\\/foto-festivalul-national-de-dans-popular-ion-bazatin-revine-pe-15-iunie-la-cimislia\\\/#primaryimage\",\"url\":\"https:\\\/\\\/bas-tv.md\\\/wp-content\\\/uploads\\\/2025\\\/06\\\/baz3-1.jpg\",\"contentUrl\":\"https:\\\/\\\/bas-tv.md\\\/wp-content\\\/uploads\\\/2025\\\/06\\\/baz3-1.jpg\",\"width\":640,\"height\":416,\"caption\":\"Sursa foto: biblioart.wordpress.com\"},{\"@type\":\"WebSite\",\"@id\":\"https:\\\/\\\/bas-tv.md\\\/ro\\\/#website\",\"url\":\"https:\\\/\\\/bas-tv.md\\\/ro\\\/\",\"name\":\"BasTV\",\"description\":\"Moldova\",\"publisher\":{\"@id\":\"https:\\\/\\\/bas-tv.md\\\/ro\\\/#organization\"},\"potentialAction\":[{\"@type\":\"SearchAction\",\"target\":{\"@type\":\"EntryPoint\",\"urlTemplate\":\"https:\\\/\\\/bas-tv.md\\\/ro\\\/?s={search_term_string}\"},\"query-input\":{\"@type\":\"PropertyValueSpecification\",\"valueRequired\":true,\"valueName\":\"search_term_string\"}}],\"inLanguage\":\"ro-RO\"},{\"@type\":\"Organization\",\"@id\":\"https:\\\/\\\/bas-tv.md\\\/ro\\\/#organization\",\"name\":\"BasTV\",\"url\":\"https:\\\/\\\/bas-tv.md\\\/ro\\\/\",\"logo\":{\"@type\":\"ImageObject\",\"inLanguage\":\"ro-RO\",\"@id\":\"https:\\\/\\\/bas-tv.md\\\/ro\\\/#\\\/schema\\\/logo\\\/image\\\/\",\"url\":\"https:\\\/\\\/bas-tv.md\\\/wp-content\\\/uploads\\\/2023\\\/05\\\/bas-tv-culoarea-rosie.png\",\"contentUrl\":\"https:\\\/\\\/bas-tv.md\\\/wp-content\\\/uploads\\\/2023\\\/05\\\/bas-tv-culoarea-rosie.png\",\"width\":202,\"height\":50,\"caption\":\"BasTV\"},\"image\":{\"@id\":\"https:\\\/\\\/bas-tv.md\\\/ro\\\/#\\\/schema\\\/logo\\\/image\\\/\"}},{\"@type\":\"Person\",\"@id\":\"https:\\\/\\\/bas-tv.md\\\/ro\\\/#\\\/schema\\\/person\\\/8740f45ea2eca1f1695284fc03529af0\",\"name\":\"Redactor\",\"image\":{\"@type\":\"ImageObject\",\"inLanguage\":\"ro-RO\",\"@id\":\"https:\\\/\\\/bas-tv.md\\\/wp-content\\\/litespeed\\\/avatar\\\/91c0586f3f6f4396a4ec1287c965eeeb.jpg?ver=1776950945\",\"url\":\"https:\\\/\\\/bas-tv.md\\\/wp-content\\\/litespeed\\\/avatar\\\/91c0586f3f6f4396a4ec1287c965eeeb.jpg?ver=1776950945\",\"contentUrl\":\"https:\\\/\\\/bas-tv.md\\\/wp-content\\\/litespeed\\\/avatar\\\/91c0586f3f6f4396a4ec1287c965eeeb.jpg?ver=1776950945\",\"caption\":\"Redactor\"},\"url\":\"https:\\\/\\\/bas-tv.md\\\/ro\\\/author\\\/redactor\\\/\"}]}<\/script>\n<!-- \/ Yoast SEO plugin. -->","yoast_head_json":{"title":"(FOTO) Festivalul Na\u021bional de Dans Popular \u201eIon Bazatin\u201d revine pe 15 iunie, la Cimi\u0219lia - BasTV","description":"Pe scena din ora\u0219ul Cimi\u0219lia, 12 colective din \u00eentreaga \u021bar\u0103 vor aduce un omagiu dansului popular, \u00eentr-o explozie de ritm, culoare \u0219i emo\u021bie. Pasiona\u021bii de dans sunt invita\u021bi pe data de 15 iunie la cea de-a IX-a edi\u021bie a Festivalului Na\u021bional de Dans Popular \u201eIon Bazatin\u201d.","robots":{"index":"index","follow":"follow","max-snippet":"max-snippet:-1","max-image-preview":"max-image-preview:large","max-video-preview":"max-video-preview:-1"},"canonical":"https:\/\/bas-tv.md\/ro\/foto-festivalul-national-de-dans-popular-ion-bazatin-revine-pe-15-iunie-la-cimislia\/","og_locale":"ro_RO","og_type":"article","og_title":"(FOTO) Festivalul Na\u021bional de Dans Popular \u201eIon Bazatin\u201d revine pe 15 iunie, la Cimi\u0219lia - BasTV","og_description":"Pe scena din ora\u0219ul Cimi\u0219lia, 12 colective din \u00eentreaga \u021bar\u0103 vor aduce un omagiu dansului popular, \u00eentr-o explozie de ritm, culoare \u0219i emo\u021bie. Pasiona\u021bii de dans sunt invita\u021bi pe data de 15 iunie la cea de-a IX-a edi\u021bie a Festivalului Na\u021bional de Dans Popular \u201eIon Bazatin\u201d.","og_url":"https:\/\/bas-tv.md\/ro\/foto-festivalul-national-de-dans-popular-ion-bazatin-revine-pe-15-iunie-la-cimislia\/","og_site_name":"BasTV","article_published_time":"2025-06-14T10:18:33+00:00","article_modified_time":"2025-06-14T10:20:19+00:00","og_image":[{"width":640,"height":416,"url":"https:\/\/bas-tv.md\/wp-content\/uploads\/2025\/06\/baz3-1.jpg","type":"image\/jpeg"}],"author":"Redactor","twitter_card":"summary_large_image","twitter_misc":{"Scris de":"Redactor","Timp estimat pentru citire":"3 minute"},"schema":{"@context":"https:\/\/schema.org","@graph":[{"@type":"Article","@id":"https:\/\/bas-tv.md\/ro\/foto-festivalul-national-de-dans-popular-ion-bazatin-revine-pe-15-iunie-la-cimislia\/#article","isPartOf":{"@id":"https:\/\/bas-tv.md\/ro\/foto-festivalul-national-de-dans-popular-ion-bazatin-revine-pe-15-iunie-la-cimislia\/"},"author":{"name":"Redactor","@id":"https:\/\/bas-tv.md\/ro\/#\/schema\/person\/8740f45ea2eca1f1695284fc03529af0"},"headline":"(FOTO) Festivalul Na\u021bional de Dans Popular \u201eIon Bazatin\u201d revine pe 15 iunie, la Cimi\u0219lia","datePublished":"2025-06-14T10:18:33+00:00","dateModified":"2025-06-14T10:20:19+00:00","mainEntityOfPage":{"@id":"https:\/\/bas-tv.md\/ro\/foto-festivalul-national-de-dans-popular-ion-bazatin-revine-pe-15-iunie-la-cimislia\/"},"wordCount":444,"publisher":{"@id":"https:\/\/bas-tv.md\/ro\/#organization"},"image":{"@id":"https:\/\/bas-tv.md\/ro\/foto-festivalul-national-de-dans-popular-ion-bazatin-revine-pe-15-iunie-la-cimislia\/#primaryimage"},"thumbnailUrl":"https:\/\/bas-tv.md\/wp-content\/uploads\/2025\/06\/baz3-1.jpg","articleSection":["Actualitate","Anun\u021buri","\u00cen Moldova"],"inLanguage":"ro-RO"},{"@type":"WebPage","@id":"https:\/\/bas-tv.md\/ro\/foto-festivalul-national-de-dans-popular-ion-bazatin-revine-pe-15-iunie-la-cimislia\/","url":"https:\/\/bas-tv.md\/ro\/foto-festivalul-national-de-dans-popular-ion-bazatin-revine-pe-15-iunie-la-cimislia\/","name":"(FOTO) Festivalul Na\u021bional de Dans Popular \u201eIon Bazatin\u201d revine pe 15 iunie, la Cimi\u0219lia - BasTV","isPartOf":{"@id":"https:\/\/bas-tv.md\/ro\/#website"},"primaryImageOfPage":{"@id":"https:\/\/bas-tv.md\/ro\/foto-festivalul-national-de-dans-popular-ion-bazatin-revine-pe-15-iunie-la-cimislia\/#primaryimage"},"image":{"@id":"https:\/\/bas-tv.md\/ro\/foto-festivalul-national-de-dans-popular-ion-bazatin-revine-pe-15-iunie-la-cimislia\/#primaryimage"},"thumbnailUrl":"https:\/\/bas-tv.md\/wp-content\/uploads\/2025\/06\/baz3-1.jpg","datePublished":"2025-06-14T10:18:33+00:00","dateModified":"2025-06-14T10:20:19+00:00","description":"Pe scena din ora\u0219ul Cimi\u0219lia, 12 colective din \u00eentreaga \u021bar\u0103 vor aduce un omagiu dansului popular, \u00eentr-o explozie de ritm, culoare \u0219i emo\u021bie. Pasiona\u021bii de dans sunt invita\u021bi pe data de 15 iunie la cea de-a IX-a edi\u021bie a Festivalului Na\u021bional de Dans Popular \u201eIon Bazatin\u201d.","inLanguage":"ro-RO","potentialAction":[{"@type":"ReadAction","target":["https:\/\/bas-tv.md\/ro\/foto-festivalul-national-de-dans-popular-ion-bazatin-revine-pe-15-iunie-la-cimislia\/"]}]},{"@type":"ImageObject","inLanguage":"ro-RO","@id":"https:\/\/bas-tv.md\/ro\/foto-festivalul-national-de-dans-popular-ion-bazatin-revine-pe-15-iunie-la-cimislia\/#primaryimage","url":"https:\/\/bas-tv.md\/wp-content\/uploads\/2025\/06\/baz3-1.jpg","contentUrl":"https:\/\/bas-tv.md\/wp-content\/uploads\/2025\/06\/baz3-1.jpg","width":640,"height":416,"caption":"Sursa foto: biblioart.wordpress.com"},{"@type":"WebSite","@id":"https:\/\/bas-tv.md\/ro\/#website","url":"https:\/\/bas-tv.md\/ro\/","name":"BasTV","description":"Moldova","publisher":{"@id":"https:\/\/bas-tv.md\/ro\/#organization"},"potentialAction":[{"@type":"SearchAction","target":{"@type":"EntryPoint","urlTemplate":"https:\/\/bas-tv.md\/ro\/?s={search_term_string}"},"query-input":{"@type":"PropertyValueSpecification","valueRequired":true,"valueName":"search_term_string"}}],"inLanguage":"ro-RO"},{"@type":"Organization","@id":"https:\/\/bas-tv.md\/ro\/#organization","name":"BasTV","url":"https:\/\/bas-tv.md\/ro\/","logo":{"@type":"ImageObject","inLanguage":"ro-RO","@id":"https:\/\/bas-tv.md\/ro\/#\/schema\/logo\/image\/","url":"https:\/\/bas-tv.md\/wp-content\/uploads\/2023\/05\/bas-tv-culoarea-rosie.png","contentUrl":"https:\/\/bas-tv.md\/wp-content\/uploads\/2023\/05\/bas-tv-culoarea-rosie.png","width":202,"height":50,"caption":"BasTV"},"image":{"@id":"https:\/\/bas-tv.md\/ro\/#\/schema\/logo\/image\/"}},{"@type":"Person","@id":"https:\/\/bas-tv.md\/ro\/#\/schema\/person\/8740f45ea2eca1f1695284fc03529af0","name":"Redactor","image":{"@type":"ImageObject","inLanguage":"ro-RO","@id":"https:\/\/bas-tv.md\/wp-content\/litespeed\/avatar\/91c0586f3f6f4396a4ec1287c965eeeb.jpg?ver=1776950945","url":"https:\/\/bas-tv.md\/wp-content\/litespeed\/avatar\/91c0586f3f6f4396a4ec1287c965eeeb.jpg?ver=1776950945","contentUrl":"https:\/\/bas-tv.md\/wp-content\/litespeed\/avatar\/91c0586f3f6f4396a4ec1287c965eeeb.jpg?ver=1776950945","caption":"Redactor"},"url":"https:\/\/bas-tv.md\/ro\/author\/redactor\/"}]}},"views":391,"_links":{"self":[{"href":"https:\/\/bas-tv.md\/ro\/wp-json\/wp\/v2\/posts\/152140","targetHints":{"allow":["GET"]}}],"collection":[{"href":"https:\/\/bas-tv.md\/ro\/wp-json\/wp\/v2\/posts"}],"about":[{"href":"https:\/\/bas-tv.md\/ro\/wp-json\/wp\/v2\/types\/post"}],"author":[{"embeddable":true,"href":"https:\/\/bas-tv.md\/ro\/wp-json\/wp\/v2\/users\/3"}],"replies":[{"embeddable":true,"href":"https:\/\/bas-tv.md\/ro\/wp-json\/wp\/v2\/comments?post=152140"}],"version-history":[{"count":3,"href":"https:\/\/bas-tv.md\/ro\/wp-json\/wp\/v2\/posts\/152140\/revisions"}],"predecessor-version":[{"id":152645,"href":"https:\/\/bas-tv.md\/ro\/wp-json\/wp\/v2\/posts\/152140\/revisions\/152645"}],"wp:featuredmedia":[{"embeddable":true,"href":"https:\/\/bas-tv.md\/ro\/wp-json\/wp\/v2\/media\/152639"}],"wp:attachment":[{"href":"https:\/\/bas-tv.md\/ro\/wp-json\/wp\/v2\/media?parent=152140"}],"wp:term":[{"taxonomy":"category","embeddable":true,"href":"https:\/\/bas-tv.md\/ro\/wp-json\/wp\/v2\/categories?post=152140"},{"taxonomy":"post_tag","embeddable":true,"href":"https:\/\/bas-tv.md\/ro\/wp-json\/wp\/v2\/tags?post=152140"}],"curies":[{"name":"wp","href":"https:\/\/api.w.org\/{rel}","templated":true}]}}