{"id":153770,"date":"2025-06-29T20:00:54","date_gmt":"2025-06-29T17:00:54","guid":{"rendered":"https:\/\/bas-tv.md\/?p=153770"},"modified":"2025-06-28T12:56:24","modified_gmt":"2025-06-28T09:56:24","slug":"retrospectiva-saptamanii-de-la-bastv-rezultate-bac-2025-vizita-ministrei-de-interne-realizare-bionica-incendii-si-noi-cerinte-pentru-cetatenie","status":"publish","type":"post","link":"https:\/\/bas-tv.md\/ro\/retrospectiva-saptamanii-de-la-bastv-rezultate-bac-2025-vizita-ministrei-de-interne-realizare-bionica-incendii-si-noi-cerinte-pentru-cetatenie\/","title":{"rendered":"\u201eRetrospectiva s\u0103pt\u0103m\u00e2nii\u201d de la BAStv: rezultate BAC-2025, vizita ministrei de interne, realizare bionic\u0103, incendii \u0219i noi cerin\u021be pentru cet\u0103\u021benie"},"content":{"rendered":"<p><strong>\u201eRetrospectiva s\u0103pt\u0103m\u00e2nii\u201d \u2013 o sec\u021biune \u00een care public\u0103m cele mai importante \u0219tiri publicate pe site-ul nostru \u00een ultimele 7 zile. Acest lucru te va ajuta s\u0103 fii mereu la curent \u0219i s\u0103 nu ratezi nimic important pentru tine.<\/strong><\/p>\n<p><b>(FOTO) BAC-2025: Au fost afi\u0219ate rezultatele preliminare ale examenului de bacalaureat \u00een raionul Basarabeasca<\/b><b><br \/>\n<\/b><span style=\"font-weight: 400;\">Pe 26 iunie, \u00een centrul de bacalaureat din incinta Liceului Teoretic \u201eA. Pu\u0219kin\u201d din ora\u0219ul Basarabeasca, au fost afi\u0219ate rezultatele preliminare ale sesiunii 2025. Absolven\u021bii au avut ocazia s\u0103-\u0219i consulte testele \u0219i notele \u0219i online, pe platforma bac.gov.md. Detalii <a href=\"https:\/\/bas-tv.md\/ro\/foto-bac-2025-au-fost-afisate-rezultatele-preliminare-ale-examenului-de-bacalaureat-in-raionul-basarabeasca\/\">aici<\/a>.<\/span><\/p>\n<p><b>(FOTO) MAI \u00een dialog cu angaja\u021bii din Basarabeasca: solu\u021bii reale pentru siguran\u021b\u0103 \u0219i interven\u021bii eficiente<\/b><b><br \/>\n<\/b><span style=\"font-weight: 400;\">Ministra Afacerilor Interne, Daniela Misail-Nichitin, a vizitat raionul Basarabeasca pentru a discuta cu angaja\u021bii MAI despre condi\u021biile de munc\u0103 \u0219i priorit\u0103\u021bile de interven\u021bie rapid\u0103 \u0219i sigur\u0103. Afl\u0103 <a href=\"https:\/\/bas-tv.md\/ro\/foto-bac-2025-au-fost-afisate-rezultatele-preliminare-ale-examenului-de-bacalaureat-in-raionul-basarabeasca\/\">mai multe<\/a> despre vizita oficial\u0103 \u0219i problemele abordate.<\/span><\/p>\n<p><b>(FOTO) Dinu Putere, studentul originar din Republica Moldova care a creat o protez\u0103 bionic\u0103 func\u021bional\u0103<\/b><b><br \/>\n<\/b><span style=\"font-weight: 400;\">Un t\u00e2n\u0103r din Abaclia, Dinu Putere, a impresionat comunitatea \u0219tiin\u021bific\u0103 din Turcia cu un bra\u021b bionic inovator, capabil s\u0103 r\u0103spund\u0103 comenzilor musculare. Proiectul s\u0103u de licen\u021b\u0103 aduce speran\u021b\u0103 persoanelor cu dizabilit\u0103\u021bi. Cite\u0219te povestea complet\u0103 <a href=\"https:\/\/bas-tv.md\/ro\/foto-dinu-putere-studentul-originar-din-republica-moldova-care-a-creat-o-proteza-bionica-functionala\/\">aici<\/a>.<\/span><\/p>\n<p><b>(FOTO) Incendiu de vegeta\u021bie \u00een satul Chiriet-Lunga: Pompierii au intervenit prompt pentru a lichida focul<\/b><b><br \/>\n<\/b><span style=\"font-weight: 400;\">Un incendiu periculos a izbucnit la intrarea \u00een satul Chiriet-Lunga din UTA G\u0103g\u0103uzia, pun\u00e2nd \u00een pericol gospod\u0103rii \u0219i biserica din apropiere. Interven\u021bia rapid\u0103 a pompierilor a prevenit extinderea fl\u0103c\u0103rilor. Detalii \u0219i imagini <a href=\"https:\/\/bas-tv.md\/ro\/foto-dinu-putere-studentul-originar-din-republica-moldova-care-a-creat-o-proteza-bionica-functionala\/\">aici<\/a>.<\/span><\/p>\n<p><b>Elevii claselor a IX-a din raionul Basarabeasca au sus\u021binut examenele de absolvire a gimnaziului<\/b><b><br \/>\n<\/b><span style=\"font-weight: 400;\">\u00centre 2\u201312 iunie, 170 de elevi din raionul Basarabeasca au participat la examenele de absolvire. Dintre ace\u0219tia, 64 sunt din \u0219coli cu predare \u00een limba rus\u0103 \u0219i 106 din \u0219coli cu predare \u00een limba rom\u00e2n\u0103. <a href=\"https:\/\/bas-tv.md\/ro\/foto-dinu-putere-studentul-originar-din-republica-moldova-care-a-creat-o-proteza-bionica-functionala\/\">Informa\u021bii<\/a> complete despre desf\u0103\u0219urare.<\/span><\/p>\n<p><b>Cunoa\u0219terea limbii rom\u00e2ne \u0219i a Constitu\u021biei \u2013 condi\u021bie obligatorie pentru ob\u021binerea cet\u0103\u021beniei Republicii Moldova<\/b><b><br \/>\n<\/b><span style=\"font-weight: 400;\">Un nou proiect de lege prevede ca to\u021bi solicitan\u021bii cet\u0103\u021beniei moldovene\u0219ti s\u0103 sus\u021bin\u0103 test\u0103ri privind limba rom\u00e2n\u0103 \u0219i Constitu\u021bia. <a href=\"https:\/\/bas-tv.md\/ro\/cunoasterea-limbii-romane-si-a-constitutiei-conditie-obligatorie-pentru-obtinerea-cetateniei-republicii-moldova\/\">Afl\u0103<\/a> mai multe.<\/span><\/p>\n<p><span style=\"font-weight: 400;\">Cei care sus\u021bin redac\u021bia BAStv \u00een realizarea con\u021binuturilor de calitate, oferim <\/span><a href=\"https:\/\/bas-tv.md\/patreon-dlya-bastv-kak-nam-pomogut-vashi-2-v-mesyacz\/\"><span style=\"font-weight: 400;\">un link c\u0103tre un articol despre cum se poate face acest lucru<\/span><\/a><span style=\"font-weight: 400;\">.<\/span><\/p>\n<p><strong>Asta este tot ce am vrut s\u0103 v\u0103 reamintim. Sper\u0103m s\u0103 fie interesant. Urm\u0103re\u0219te publica\u021biile noastre \u0219i fii mereu la curent cu ceea ce se \u00eent\u00e2mpl\u0103!<\/strong><\/p>\n<p><strong>Abona\u021bi-v\u0103 la noi pe re\u021bele sociale: <a href=\"https:\/\/t.me\/bastvmd\">Telegram<\/a>, <a href=\"https:\/\/www.youtube.com\/channel\/UC-9005PnLnhpNM8PVSjP2dQ\/featured\">YouTube<\/a>, <a href=\"https:\/\/www.facebook.com\/bastv.md\">Facebook<\/a> \u0219i <a href=\"https:\/\/www.instagram.com\/bastv.md\/\">Instagram<\/a>. Aici public\u0103m \u0219tiri pe scurt!<\/strong><\/p>\n","protected":false},"excerpt":{"rendered":"<p>\u201eRetrospectiva s\u0103pt\u0103m\u00e2nii\u201d \u2013 o sec\u021biune \u00een care public\u0103m cele mai importante \u0219tiri publicate pe site-ul nostru \u00een ultimele 7 zile. Acest lucru te va ajuta s\u0103 fii mereu la curent \u0219i s\u0103 nu ratezi nimic important pentru tine. (FOTO) BAC-2025: Au fost afi\u0219ate rezultatele preliminare ale examenului de bacalaureat \u00een raionul Basarabeasca Pe 26 iunie, [&hellip;]<\/p>\n","protected":false},"author":3,"featured_media":153386,"comment_status":"closed","ping_status":"closed","sticky":false,"template":"","format":"standard","meta":{"footnotes":""},"categories":[577,574],"tags":[],"class_list":["post-153770","post","type-post","status-publish","format-standard","has-post-thumbnail","hentry","category-recenzii","category-util"],"yoast_head":"<!-- This site is optimized with the Yoast SEO plugin v27.5 - https:\/\/yoast.com\/product\/yoast-seo-wordpress\/ -->\n<title>\u201eRetrospectiva s\u0103pt\u0103m\u00e2nii\u201d de la BAStv: rezultate BAC-2025, vizita ministrei de interne, realizare bionic\u0103, incendii \u0219i noi cerin\u021be pentru cet\u0103\u021benie - BasTV<\/title>\n<meta name=\"description\" content=\"\u201eRetrospectiva s\u0103pt\u0103m\u00e2nii\u201d \u2013 o sec\u021biune \u00een care public\u0103m cele mai importante \u0219tiri publicate pe site-ul nostru \u00een ultimele 7 zile. Acest lucru te va ajuta s\u0103 fii mereu la curent \u0219i s\u0103 nu ratezi nimic important pentru tine.\" \/>\n<meta name=\"robots\" content=\"index, follow, max-snippet:-1, max-image-preview:large, max-video-preview:-1\" \/>\n<link rel=\"canonical\" href=\"https:\/\/bas-tv.md\/ro\/retrospectiva-saptamanii-de-la-bastv-rezultate-bac-2025-vizita-ministrei-de-interne-realizare-bionica-incendii-si-noi-cerinte-pentru-cetatenie\/\" \/>\n<meta property=\"og:locale\" content=\"ro_RO\" \/>\n<meta property=\"og:type\" content=\"article\" \/>\n<meta property=\"og:title\" content=\"\u201eRetrospectiva s\u0103pt\u0103m\u00e2nii\u201d de la BAStv: rezultate BAC-2025, vizita ministrei de interne, realizare bionic\u0103, incendii \u0219i noi cerin\u021be pentru cet\u0103\u021benie - BasTV\" \/>\n<meta property=\"og:description\" content=\"\u201eRetrospectiva s\u0103pt\u0103m\u00e2nii\u201d \u2013 o sec\u021biune \u00een care public\u0103m cele mai importante \u0219tiri publicate pe site-ul nostru \u00een ultimele 7 zile. Acest lucru te va ajuta s\u0103 fii mereu la curent \u0219i s\u0103 nu ratezi nimic important pentru tine.\" \/>\n<meta property=\"og:url\" content=\"https:\/\/bas-tv.md\/ro\/retrospectiva-saptamanii-de-la-bastv-rezultate-bac-2025-vizita-ministrei-de-interne-realizare-bionica-incendii-si-noi-cerinte-pentru-cetatenie\/\" \/>\n<meta property=\"og:site_name\" content=\"BasTV\" \/>\n<meta property=\"article:published_time\" content=\"2025-06-29T17:00:54+00:00\" \/>\n<meta property=\"og:image\" content=\"https:\/\/bas-tv.md\/wp-content\/uploads\/2025\/06\/dea24f60-7ae8-452e-a284-9226fcfc73ef.jpg\" \/>\n\t<meta property=\"og:image:width\" content=\"1280\" \/>\n\t<meta property=\"og:image:height\" content=\"577\" \/>\n\t<meta property=\"og:image:type\" content=\"image\/jpeg\" \/>\n<meta name=\"author\" content=\"Redactor\" \/>\n<meta name=\"twitter:card\" content=\"summary_large_image\" \/>\n<meta name=\"twitter:label1\" content=\"Scris de\" \/>\n\t<meta name=\"twitter:data1\" content=\"Redactor\" \/>\n\t<meta name=\"twitter:label2\" content=\"Timp estimat pentru citire\" \/>\n\t<meta name=\"twitter:data2\" content=\"3 minute\" \/>\n<script type=\"application\/ld+json\" class=\"yoast-schema-graph\">{\"@context\":\"https:\\\/\\\/schema.org\",\"@graph\":[{\"@type\":\"Article\",\"@id\":\"https:\\\/\\\/bas-tv.md\\\/ro\\\/retrospectiva-saptamanii-de-la-bastv-rezultate-bac-2025-vizita-ministrei-de-interne-realizare-bionica-incendii-si-noi-cerinte-pentru-cetatenie\\\/#article\",\"isPartOf\":{\"@id\":\"https:\\\/\\\/bas-tv.md\\\/ro\\\/retrospectiva-saptamanii-de-la-bastv-rezultate-bac-2025-vizita-ministrei-de-interne-realizare-bionica-incendii-si-noi-cerinte-pentru-cetatenie\\\/\"},\"author\":{\"name\":\"Redactor\",\"@id\":\"https:\\\/\\\/bas-tv.md\\\/ro\\\/#\\\/schema\\\/person\\\/8740f45ea2eca1f1695284fc03529af0\"},\"headline\":\"\u201eRetrospectiva s\u0103pt\u0103m\u00e2nii\u201d de la BAStv: rezultate BAC-2025, vizita ministrei de interne, realizare bionic\u0103, incendii \u0219i noi cerin\u021be pentru cet\u0103\u021benie\",\"datePublished\":\"2025-06-29T17:00:54+00:00\",\"mainEntityOfPage\":{\"@id\":\"https:\\\/\\\/bas-tv.md\\\/ro\\\/retrospectiva-saptamanii-de-la-bastv-rezultate-bac-2025-vizita-ministrei-de-interne-realizare-bionica-incendii-si-noi-cerinte-pentru-cetatenie\\\/\"},\"wordCount\":477,\"publisher\":{\"@id\":\"https:\\\/\\\/bas-tv.md\\\/ro\\\/#organization\"},\"image\":{\"@id\":\"https:\\\/\\\/bas-tv.md\\\/ro\\\/retrospectiva-saptamanii-de-la-bastv-rezultate-bac-2025-vizita-ministrei-de-interne-realizare-bionica-incendii-si-noi-cerinte-pentru-cetatenie\\\/#primaryimage\"},\"thumbnailUrl\":\"https:\\\/\\\/bas-tv.md\\\/wp-content\\\/uploads\\\/2025\\\/06\\\/dea24f60-7ae8-452e-a284-9226fcfc73ef.jpg\",\"articleSection\":[\"Recenzii\",\"Util\"],\"inLanguage\":\"ro-RO\"},{\"@type\":\"WebPage\",\"@id\":\"https:\\\/\\\/bas-tv.md\\\/ro\\\/retrospectiva-saptamanii-de-la-bastv-rezultate-bac-2025-vizita-ministrei-de-interne-realizare-bionica-incendii-si-noi-cerinte-pentru-cetatenie\\\/\",\"url\":\"https:\\\/\\\/bas-tv.md\\\/ro\\\/retrospectiva-saptamanii-de-la-bastv-rezultate-bac-2025-vizita-ministrei-de-interne-realizare-bionica-incendii-si-noi-cerinte-pentru-cetatenie\\\/\",\"name\":\"\u201eRetrospectiva s\u0103pt\u0103m\u00e2nii\u201d de la BAStv: rezultate BAC-2025, vizita ministrei de interne, realizare bionic\u0103, incendii \u0219i noi cerin\u021be pentru cet\u0103\u021benie - BasTV\",\"isPartOf\":{\"@id\":\"https:\\\/\\\/bas-tv.md\\\/ro\\\/#website\"},\"primaryImageOfPage\":{\"@id\":\"https:\\\/\\\/bas-tv.md\\\/ro\\\/retrospectiva-saptamanii-de-la-bastv-rezultate-bac-2025-vizita-ministrei-de-interne-realizare-bionica-incendii-si-noi-cerinte-pentru-cetatenie\\\/#primaryimage\"},\"image\":{\"@id\":\"https:\\\/\\\/bas-tv.md\\\/ro\\\/retrospectiva-saptamanii-de-la-bastv-rezultate-bac-2025-vizita-ministrei-de-interne-realizare-bionica-incendii-si-noi-cerinte-pentru-cetatenie\\\/#primaryimage\"},\"thumbnailUrl\":\"https:\\\/\\\/bas-tv.md\\\/wp-content\\\/uploads\\\/2025\\\/06\\\/dea24f60-7ae8-452e-a284-9226fcfc73ef.jpg\",\"datePublished\":\"2025-06-29T17:00:54+00:00\",\"description\":\"\u201eRetrospectiva s\u0103pt\u0103m\u00e2nii\u201d \u2013 o sec\u021biune \u00een care public\u0103m cele mai importante \u0219tiri publicate pe site-ul nostru \u00een ultimele 7 zile. Acest lucru te va ajuta s\u0103 fii mereu la curent \u0219i s\u0103 nu ratezi nimic important pentru tine.\",\"inLanguage\":\"ro-RO\",\"potentialAction\":[{\"@type\":\"ReadAction\",\"target\":[\"https:\\\/\\\/bas-tv.md\\\/ro\\\/retrospectiva-saptamanii-de-la-bastv-rezultate-bac-2025-vizita-ministrei-de-interne-realizare-bionica-incendii-si-noi-cerinte-pentru-cetatenie\\\/\"]}]},{\"@type\":\"ImageObject\",\"inLanguage\":\"ro-RO\",\"@id\":\"https:\\\/\\\/bas-tv.md\\\/ro\\\/retrospectiva-saptamanii-de-la-bastv-rezultate-bac-2025-vizita-ministrei-de-interne-realizare-bionica-incendii-si-noi-cerinte-pentru-cetatenie\\\/#primaryimage\",\"url\":\"https:\\\/\\\/bas-tv.md\\\/wp-content\\\/uploads\\\/2025\\\/06\\\/dea24f60-7ae8-452e-a284-9226fcfc73ef.jpg\",\"contentUrl\":\"https:\\\/\\\/bas-tv.md\\\/wp-content\\\/uploads\\\/2025\\\/06\\\/dea24f60-7ae8-452e-a284-9226fcfc73ef.jpg\",\"width\":1280,\"height\":577},{\"@type\":\"WebSite\",\"@id\":\"https:\\\/\\\/bas-tv.md\\\/ro\\\/#website\",\"url\":\"https:\\\/\\\/bas-tv.md\\\/ro\\\/\",\"name\":\"BasTV\",\"description\":\"Moldova\",\"publisher\":{\"@id\":\"https:\\\/\\\/bas-tv.md\\\/ro\\\/#organization\"},\"potentialAction\":[{\"@type\":\"SearchAction\",\"target\":{\"@type\":\"EntryPoint\",\"urlTemplate\":\"https:\\\/\\\/bas-tv.md\\\/ro\\\/?s={search_term_string}\"},\"query-input\":{\"@type\":\"PropertyValueSpecification\",\"valueRequired\":true,\"valueName\":\"search_term_string\"}}],\"inLanguage\":\"ro-RO\"},{\"@type\":\"Organization\",\"@id\":\"https:\\\/\\\/bas-tv.md\\\/ro\\\/#organization\",\"name\":\"BasTV\",\"url\":\"https:\\\/\\\/bas-tv.md\\\/ro\\\/\",\"logo\":{\"@type\":\"ImageObject\",\"inLanguage\":\"ro-RO\",\"@id\":\"https:\\\/\\\/bas-tv.md\\\/ro\\\/#\\\/schema\\\/logo\\\/image\\\/\",\"url\":\"https:\\\/\\\/bas-tv.md\\\/wp-content\\\/uploads\\\/2023\\\/05\\\/bas-tv-culoarea-rosie.png\",\"contentUrl\":\"https:\\\/\\\/bas-tv.md\\\/wp-content\\\/uploads\\\/2023\\\/05\\\/bas-tv-culoarea-rosie.png\",\"width\":202,\"height\":50,\"caption\":\"BasTV\"},\"image\":{\"@id\":\"https:\\\/\\\/bas-tv.md\\\/ro\\\/#\\\/schema\\\/logo\\\/image\\\/\"}},{\"@type\":\"Person\",\"@id\":\"https:\\\/\\\/bas-tv.md\\\/ro\\\/#\\\/schema\\\/person\\\/8740f45ea2eca1f1695284fc03529af0\",\"name\":\"Redactor\",\"image\":{\"@type\":\"ImageObject\",\"inLanguage\":\"ro-RO\",\"@id\":\"https:\\\/\\\/secure.gravatar.com\\\/avatar\\\/45b6af9fc91c10b15a8b40e67c1f57bab2e9614fc9f0af95cf453d61934e9aad?s=96&d=mm&r=g\",\"url\":\"https:\\\/\\\/secure.gravatar.com\\\/avatar\\\/45b6af9fc91c10b15a8b40e67c1f57bab2e9614fc9f0af95cf453d61934e9aad?s=96&d=mm&r=g\",\"contentUrl\":\"https:\\\/\\\/secure.gravatar.com\\\/avatar\\\/45b6af9fc91c10b15a8b40e67c1f57bab2e9614fc9f0af95cf453d61934e9aad?s=96&d=mm&r=g\",\"caption\":\"Redactor\"},\"url\":\"https:\\\/\\\/bas-tv.md\\\/ro\\\/author\\\/redactor\\\/\"}]}<\/script>\n<!-- \/ Yoast SEO plugin. -->","yoast_head_json":{"title":"\u201eRetrospectiva s\u0103pt\u0103m\u00e2nii\u201d de la BAStv: rezultate BAC-2025, vizita ministrei de interne, realizare bionic\u0103, incendii \u0219i noi cerin\u021be pentru cet\u0103\u021benie - BasTV","description":"\u201eRetrospectiva s\u0103pt\u0103m\u00e2nii\u201d \u2013 o sec\u021biune \u00een care public\u0103m cele mai importante \u0219tiri publicate pe site-ul nostru \u00een ultimele 7 zile. Acest lucru te va ajuta s\u0103 fii mereu la curent \u0219i s\u0103 nu ratezi nimic important pentru tine.","robots":{"index":"index","follow":"follow","max-snippet":"max-snippet:-1","max-image-preview":"max-image-preview:large","max-video-preview":"max-video-preview:-1"},"canonical":"https:\/\/bas-tv.md\/ro\/retrospectiva-saptamanii-de-la-bastv-rezultate-bac-2025-vizita-ministrei-de-interne-realizare-bionica-incendii-si-noi-cerinte-pentru-cetatenie\/","og_locale":"ro_RO","og_type":"article","og_title":"\u201eRetrospectiva s\u0103pt\u0103m\u00e2nii\u201d de la BAStv: rezultate BAC-2025, vizita ministrei de interne, realizare bionic\u0103, incendii \u0219i noi cerin\u021be pentru cet\u0103\u021benie - BasTV","og_description":"\u201eRetrospectiva s\u0103pt\u0103m\u00e2nii\u201d \u2013 o sec\u021biune \u00een care public\u0103m cele mai importante \u0219tiri publicate pe site-ul nostru \u00een ultimele 7 zile. Acest lucru te va ajuta s\u0103 fii mereu la curent \u0219i s\u0103 nu ratezi nimic important pentru tine.","og_url":"https:\/\/bas-tv.md\/ro\/retrospectiva-saptamanii-de-la-bastv-rezultate-bac-2025-vizita-ministrei-de-interne-realizare-bionica-incendii-si-noi-cerinte-pentru-cetatenie\/","og_site_name":"BasTV","article_published_time":"2025-06-29T17:00:54+00:00","og_image":[{"width":1280,"height":577,"url":"https:\/\/bas-tv.md\/wp-content\/uploads\/2025\/06\/dea24f60-7ae8-452e-a284-9226fcfc73ef.jpg","type":"image\/jpeg"}],"author":"Redactor","twitter_card":"summary_large_image","twitter_misc":{"Scris de":"Redactor","Timp estimat pentru citire":"3 minute"},"schema":{"@context":"https:\/\/schema.org","@graph":[{"@type":"Article","@id":"https:\/\/bas-tv.md\/ro\/retrospectiva-saptamanii-de-la-bastv-rezultate-bac-2025-vizita-ministrei-de-interne-realizare-bionica-incendii-si-noi-cerinte-pentru-cetatenie\/#article","isPartOf":{"@id":"https:\/\/bas-tv.md\/ro\/retrospectiva-saptamanii-de-la-bastv-rezultate-bac-2025-vizita-ministrei-de-interne-realizare-bionica-incendii-si-noi-cerinte-pentru-cetatenie\/"},"author":{"name":"Redactor","@id":"https:\/\/bas-tv.md\/ro\/#\/schema\/person\/8740f45ea2eca1f1695284fc03529af0"},"headline":"\u201eRetrospectiva s\u0103pt\u0103m\u00e2nii\u201d de la BAStv: rezultate BAC-2025, vizita ministrei de interne, realizare bionic\u0103, incendii \u0219i noi cerin\u021be pentru cet\u0103\u021benie","datePublished":"2025-06-29T17:00:54+00:00","mainEntityOfPage":{"@id":"https:\/\/bas-tv.md\/ro\/retrospectiva-saptamanii-de-la-bastv-rezultate-bac-2025-vizita-ministrei-de-interne-realizare-bionica-incendii-si-noi-cerinte-pentru-cetatenie\/"},"wordCount":477,"publisher":{"@id":"https:\/\/bas-tv.md\/ro\/#organization"},"image":{"@id":"https:\/\/bas-tv.md\/ro\/retrospectiva-saptamanii-de-la-bastv-rezultate-bac-2025-vizita-ministrei-de-interne-realizare-bionica-incendii-si-noi-cerinte-pentru-cetatenie\/#primaryimage"},"thumbnailUrl":"https:\/\/bas-tv.md\/wp-content\/uploads\/2025\/06\/dea24f60-7ae8-452e-a284-9226fcfc73ef.jpg","articleSection":["Recenzii","Util"],"inLanguage":"ro-RO"},{"@type":"WebPage","@id":"https:\/\/bas-tv.md\/ro\/retrospectiva-saptamanii-de-la-bastv-rezultate-bac-2025-vizita-ministrei-de-interne-realizare-bionica-incendii-si-noi-cerinte-pentru-cetatenie\/","url":"https:\/\/bas-tv.md\/ro\/retrospectiva-saptamanii-de-la-bastv-rezultate-bac-2025-vizita-ministrei-de-interne-realizare-bionica-incendii-si-noi-cerinte-pentru-cetatenie\/","name":"\u201eRetrospectiva s\u0103pt\u0103m\u00e2nii\u201d de la BAStv: rezultate BAC-2025, vizita ministrei de interne, realizare bionic\u0103, incendii \u0219i noi cerin\u021be pentru cet\u0103\u021benie - BasTV","isPartOf":{"@id":"https:\/\/bas-tv.md\/ro\/#website"},"primaryImageOfPage":{"@id":"https:\/\/bas-tv.md\/ro\/retrospectiva-saptamanii-de-la-bastv-rezultate-bac-2025-vizita-ministrei-de-interne-realizare-bionica-incendii-si-noi-cerinte-pentru-cetatenie\/#primaryimage"},"image":{"@id":"https:\/\/bas-tv.md\/ro\/retrospectiva-saptamanii-de-la-bastv-rezultate-bac-2025-vizita-ministrei-de-interne-realizare-bionica-incendii-si-noi-cerinte-pentru-cetatenie\/#primaryimage"},"thumbnailUrl":"https:\/\/bas-tv.md\/wp-content\/uploads\/2025\/06\/dea24f60-7ae8-452e-a284-9226fcfc73ef.jpg","datePublished":"2025-06-29T17:00:54+00:00","description":"\u201eRetrospectiva s\u0103pt\u0103m\u00e2nii\u201d \u2013 o sec\u021biune \u00een care public\u0103m cele mai importante \u0219tiri publicate pe site-ul nostru \u00een ultimele 7 zile. Acest lucru te va ajuta s\u0103 fii mereu la curent \u0219i s\u0103 nu ratezi nimic important pentru tine.","inLanguage":"ro-RO","potentialAction":[{"@type":"ReadAction","target":["https:\/\/bas-tv.md\/ro\/retrospectiva-saptamanii-de-la-bastv-rezultate-bac-2025-vizita-ministrei-de-interne-realizare-bionica-incendii-si-noi-cerinte-pentru-cetatenie\/"]}]},{"@type":"ImageObject","inLanguage":"ro-RO","@id":"https:\/\/bas-tv.md\/ro\/retrospectiva-saptamanii-de-la-bastv-rezultate-bac-2025-vizita-ministrei-de-interne-realizare-bionica-incendii-si-noi-cerinte-pentru-cetatenie\/#primaryimage","url":"https:\/\/bas-tv.md\/wp-content\/uploads\/2025\/06\/dea24f60-7ae8-452e-a284-9226fcfc73ef.jpg","contentUrl":"https:\/\/bas-tv.md\/wp-content\/uploads\/2025\/06\/dea24f60-7ae8-452e-a284-9226fcfc73ef.jpg","width":1280,"height":577},{"@type":"WebSite","@id":"https:\/\/bas-tv.md\/ro\/#website","url":"https:\/\/bas-tv.md\/ro\/","name":"BasTV","description":"Moldova","publisher":{"@id":"https:\/\/bas-tv.md\/ro\/#organization"},"potentialAction":[{"@type":"SearchAction","target":{"@type":"EntryPoint","urlTemplate":"https:\/\/bas-tv.md\/ro\/?s={search_term_string}"},"query-input":{"@type":"PropertyValueSpecification","valueRequired":true,"valueName":"search_term_string"}}],"inLanguage":"ro-RO"},{"@type":"Organization","@id":"https:\/\/bas-tv.md\/ro\/#organization","name":"BasTV","url":"https:\/\/bas-tv.md\/ro\/","logo":{"@type":"ImageObject","inLanguage":"ro-RO","@id":"https:\/\/bas-tv.md\/ro\/#\/schema\/logo\/image\/","url":"https:\/\/bas-tv.md\/wp-content\/uploads\/2023\/05\/bas-tv-culoarea-rosie.png","contentUrl":"https:\/\/bas-tv.md\/wp-content\/uploads\/2023\/05\/bas-tv-culoarea-rosie.png","width":202,"height":50,"caption":"BasTV"},"image":{"@id":"https:\/\/bas-tv.md\/ro\/#\/schema\/logo\/image\/"}},{"@type":"Person","@id":"https:\/\/bas-tv.md\/ro\/#\/schema\/person\/8740f45ea2eca1f1695284fc03529af0","name":"Redactor","image":{"@type":"ImageObject","inLanguage":"ro-RO","@id":"https:\/\/secure.gravatar.com\/avatar\/45b6af9fc91c10b15a8b40e67c1f57bab2e9614fc9f0af95cf453d61934e9aad?s=96&d=mm&r=g","url":"https:\/\/secure.gravatar.com\/avatar\/45b6af9fc91c10b15a8b40e67c1f57bab2e9614fc9f0af95cf453d61934e9aad?s=96&d=mm&r=g","contentUrl":"https:\/\/secure.gravatar.com\/avatar\/45b6af9fc91c10b15a8b40e67c1f57bab2e9614fc9f0af95cf453d61934e9aad?s=96&d=mm&r=g","caption":"Redactor"},"url":"https:\/\/bas-tv.md\/ro\/author\/redactor\/"}]}},"views":205,"_links":{"self":[{"href":"https:\/\/bas-tv.md\/ro\/wp-json\/wp\/v2\/posts\/153770","targetHints":{"allow":["GET"]}}],"collection":[{"href":"https:\/\/bas-tv.md\/ro\/wp-json\/wp\/v2\/posts"}],"about":[{"href":"https:\/\/bas-tv.md\/ro\/wp-json\/wp\/v2\/types\/post"}],"author":[{"embeddable":true,"href":"https:\/\/bas-tv.md\/ro\/wp-json\/wp\/v2\/users\/3"}],"replies":[{"embeddable":true,"href":"https:\/\/bas-tv.md\/ro\/wp-json\/wp\/v2\/comments?post=153770"}],"version-history":[{"count":1,"href":"https:\/\/bas-tv.md\/ro\/wp-json\/wp\/v2\/posts\/153770\/revisions"}],"predecessor-version":[{"id":153771,"href":"https:\/\/bas-tv.md\/ro\/wp-json\/wp\/v2\/posts\/153770\/revisions\/153771"}],"wp:featuredmedia":[{"embeddable":true,"href":"https:\/\/bas-tv.md\/ro\/wp-json\/wp\/v2\/media\/153386"}],"wp:attachment":[{"href":"https:\/\/bas-tv.md\/ro\/wp-json\/wp\/v2\/media?parent=153770"}],"wp:term":[{"taxonomy":"category","embeddable":true,"href":"https:\/\/bas-tv.md\/ro\/wp-json\/wp\/v2\/categories?post=153770"},{"taxonomy":"post_tag","embeddable":true,"href":"https:\/\/bas-tv.md\/ro\/wp-json\/wp\/v2\/tags?post=153770"}],"curies":[{"name":"wp","href":"https:\/\/api.w.org\/{rel}","templated":true}]}}