{"id":154160,"date":"2025-07-06T13:00:04","date_gmt":"2025-07-06T10:00:04","guid":{"rendered":"https:\/\/bas-tv.md\/?p=154160"},"modified":"2025-07-05T08:41:36","modified_gmt":"2025-07-05T05:41:36","slug":"sistare-a-livrarii-gazelor-naturale-in-raionul-cimislia-unde-si-cand-nu-va-fi-gaz","status":"publish","type":"post","link":"https:\/\/bas-tv.md\/ro\/sistare-a-livrarii-gazelor-naturale-in-raionul-cimislia-unde-si-cand-nu-va-fi-gaz\/","title":{"rendered":"Sistare a livr\u0103rii gazelor naturale \u00een raionul Cimi\u0219lia. Unde \u0219i c\u00e2nd nu va fi gaz"},"content":{"rendered":"<p><strong>SRL \u201eCimi\u0219lia-gaz\u201d, prin Sucursala \u201eCimi\u0219lia-gaz\u201d, informeaz\u0103 consumatorii c\u0103 \u00een perioada 8\u201312 iulie 2025, va fi sistat\u0103 livrarea gazelor naturale \u00een leg\u0103tur\u0103 cu executarea unor lucr\u0103ri planificate de repara\u021bie \u0219i deservire tehnic\u0103 a re\u021belelor existente.<\/strong><\/p>\n<p><span style=\"font-weight: 400;\">\u00a0Sist\u0103rile vor afecta urm\u0103toarele localit\u0103\u021bi din raionul Cimi\u0219lia:<\/span><\/p>\n<ul>\n<li style=\"font-weight: 400;\" aria-level=\"1\"><span style=\"font-weight: 400;\">ora\u0219ul Cimi\u0219lia<\/span><span style=\"font-weight: 400;\"><br \/>\n<\/span><\/li>\n<li style=\"font-weight: 400;\" aria-level=\"1\"><span style=\"font-weight: 400;\">satele: Valea Perjei, Ecaterinovca, H\u00eertop, Gradi\u0219te, Javgur, Maximeni, Ialpujeni, Marienfeld, Co\u0219tangalia, Bogdanovca Nou\u0103, Bogdanovca Veche, Ciucur-Mingir, Topala, Dimitrovca, Cenac, Mihailovca, Satul Nou, Selemet, Bat\u00eer \u0219i Suric<\/span><\/li>\n<\/ul>\n<p><span style=\"font-weight: 400;\">Aceste lucr\u0103ri sunt efectuate \u00een scopul asigur\u0103rii unei furniz\u0103ri \u0219i distribu\u021bii sigure \u0219i fiabile a gazelor naturale c\u0103tre to\u021bi consumatorii.<\/span><\/p>\n<p><span style=\"font-weight: 400;\">\u00cen perioada sist\u0103rii gazelor naturale, consumatorii sunt ruga\u021bi s\u0103 deconecteze robinetele de gaze \u0219i s\u0103 respecte cerin\u021bele minime de securitate privind exploatarea sistemelor de distribu\u021bie a gazelor naturale.<\/span><\/p>\n<p><span style=\"font-weight: 400;\">Pentru informa\u021bii suplimentare, consumatorii pot apela la:\u00a0<\/span><\/p>\n<ul>\n<li style=\"font-weight: 400;\" aria-level=\"1\"><span style=\"font-weight: 400;\">Sediul SRL \u201eCimi\u0219lia-gaz\u201d: 0241 26 230<\/span><\/li>\n<li style=\"font-weight: 400;\" aria-level=\"1\"><span style=\"font-weight: 400;\">Serviciul dispecerat \u0219i interven\u021bie tehnic\u0103: 904 \/ 0241 22 204<\/span><\/li>\n<\/ul>\n<div class=\"elementor-element elementor-element-5fc6b9d elementor-widget elementor-widget-theme-post-content\" data-id=\"5fc6b9d\" data-element_type=\"widget\" data-widget_type=\"theme-post-content.default\">\n<div class=\"elementor-widget-container\">\n<p><strong>Sus\u021bine\u021bi redac\u021bia BAStv, abona\u021bi-v\u0103 la noi pe platforma\u00a0<a href=\"https:\/\/www.patreon.com\/BAStv?fan_landing=true&amp;fbclid=IwAR3MeSDKfH4ixBydCXX9D1lhrCszhps3ID5uxuGA-Ktd4MTkZCRdlcEZkQI\">Patreon\u00a0<\/a>sau prin efectuarea contribu\u021biilor prin\u00a0<a href=\"https:\/\/www.paypal.com\/paypalme\/supportbastv\">PayPal<\/a>! Aceasta ne va ajuta s\u0103 cre\u0103m con\u021binut interesant \u0219i util pentru dvs., r\u0103m\u00e2n\u00e2nd \u00een continuare o platform\u0103 media independent\u0103.<\/strong><\/p>\n<p><b>Abona\u021bi-v\u0103 la noi pe re\u021bele sociale:\u00a0<\/b><a href=\"https:\/\/t.me\/bastvmd\"><b><i>Telegram<\/i><\/b><\/a><b>,\u00a0<\/b><a href=\"https:\/\/www.youtube.com\/channel\/UC-9005PnLnhpNM8PVSjP2dQ\/featured\"><b><i>YouTube<\/i><\/b><\/a><b>,\u00a0<\/b><a href=\"https:\/\/www.facebook.com\/bastv.md\"><b><i>Facebook<\/i><\/b><\/a>\u00a0<strong>\u0219i\u00a0<\/strong><a href=\"https:\/\/www.instagram.com\/bastv.md\/\"><b><i>Instagram<\/i><\/b><\/a><b>. Aici public\u0103m \u0219tiri pe scurt!<\/b><\/p>\n<\/div>\n<\/div>\n","protected":false},"excerpt":{"rendered":"<p>SRL \u201eCimi\u0219lia-gaz\u201d, prin Sucursala \u201eCimi\u0219lia-gaz\u201d, informeaz\u0103 consumatorii c\u0103 \u00een perioada 8\u201312 iulie 2025, va fi sistat\u0103 livrarea gazelor naturale \u00een leg\u0103tur\u0103 cu executarea unor lucr\u0103ri planificate de repara\u021bie \u0219i deservire tehnic\u0103 a re\u021belelor existente. \u00a0Sist\u0103rile vor afecta urm\u0103toarele localit\u0103\u021bi din raionul Cimi\u0219lia: ora\u0219ul Cimi\u0219lia satele: Valea Perjei, Ecaterinovca, H\u00eertop, Gradi\u0219te, Javgur, Maximeni, Ialpujeni, Marienfeld, Co\u0219tangalia, [&hellip;]<\/p>\n","protected":false},"author":3,"featured_media":153118,"comment_status":"closed","ping_status":"closed","sticky":false,"template":"","format":"standard","meta":{"footnotes":""},"categories":[219,574],"tags":[],"class_list":["post-154160","post","type-post","status-publish","format-standard","has-post-thumbnail","hentry","category-anunturi","category-util"],"yoast_head":"<!-- This site is optimized with the Yoast SEO plugin v27.5 - https:\/\/yoast.com\/product\/yoast-seo-wordpress\/ -->\n<title>Sistare a livr\u0103rii gazelor naturale \u00een raionul Cimi\u0219lia. Unde \u0219i c\u00e2nd nu va fi gaz - BasTV<\/title>\n<meta name=\"description\" content=\"Sucursala \u201eCimi\u0219lia-gaz\u201d informeaz\u0103 consumatorii c\u0103 \u00een perioada 8\u201312 iulie 2025, va fi sistat\u0103 livrarea gazelor naturale.\" \/>\n<meta name=\"robots\" content=\"index, follow, max-snippet:-1, max-image-preview:large, max-video-preview:-1\" \/>\n<link rel=\"canonical\" href=\"https:\/\/bas-tv.md\/ro\/sistare-a-livrarii-gazelor-naturale-in-raionul-cimislia-unde-si-cand-nu-va-fi-gaz\/\" \/>\n<meta property=\"og:locale\" content=\"ro_RO\" \/>\n<meta property=\"og:type\" content=\"article\" \/>\n<meta property=\"og:title\" content=\"Sistare a livr\u0103rii gazelor naturale \u00een raionul Cimi\u0219lia. Unde \u0219i c\u00e2nd nu va fi gaz - BasTV\" \/>\n<meta property=\"og:description\" content=\"Sucursala \u201eCimi\u0219lia-gaz\u201d informeaz\u0103 consumatorii c\u0103 \u00een perioada 8\u201312 iulie 2025, va fi sistat\u0103 livrarea gazelor naturale.\" \/>\n<meta property=\"og:url\" content=\"https:\/\/bas-tv.md\/ro\/sistare-a-livrarii-gazelor-naturale-in-raionul-cimislia-unde-si-cand-nu-va-fi-gaz\/\" \/>\n<meta property=\"og:site_name\" content=\"BasTV\" \/>\n<meta property=\"article:published_time\" content=\"2025-07-06T10:00:04+00:00\" \/>\n<meta property=\"og:image\" content=\"https:\/\/bas-tv.md\/wp-content\/uploads\/2025\/06\/gaz_6.jpg\" \/>\n\t<meta property=\"og:image:width\" content=\"1920\" \/>\n\t<meta property=\"og:image:height\" content=\"1080\" \/>\n\t<meta property=\"og:image:type\" content=\"image\/jpeg\" \/>\n<meta name=\"author\" content=\"Redactor\" \/>\n<meta name=\"twitter:card\" content=\"summary_large_image\" \/>\n<meta name=\"twitter:label1\" content=\"Scris de\" \/>\n\t<meta name=\"twitter:data1\" content=\"Redactor\" \/>\n\t<meta name=\"twitter:label2\" content=\"Timp estimat pentru citire\" \/>\n\t<meta name=\"twitter:data2\" content=\"2 minute\" \/>\n<script type=\"application\/ld+json\" class=\"yoast-schema-graph\">{\"@context\":\"https:\\\/\\\/schema.org\",\"@graph\":[{\"@type\":\"Article\",\"@id\":\"https:\\\/\\\/bas-tv.md\\\/ro\\\/sistare-a-livrarii-gazelor-naturale-in-raionul-cimislia-unde-si-cand-nu-va-fi-gaz\\\/#article\",\"isPartOf\":{\"@id\":\"https:\\\/\\\/bas-tv.md\\\/ro\\\/sistare-a-livrarii-gazelor-naturale-in-raionul-cimislia-unde-si-cand-nu-va-fi-gaz\\\/\"},\"author\":{\"name\":\"Redactor\",\"@id\":\"https:\\\/\\\/bas-tv.md\\\/ro\\\/#\\\/schema\\\/person\\\/8740f45ea2eca1f1695284fc03529af0\"},\"headline\":\"Sistare a livr\u0103rii gazelor naturale \u00een raionul Cimi\u0219lia. Unde \u0219i c\u00e2nd nu va fi gaz\",\"datePublished\":\"2025-07-06T10:00:04+00:00\",\"mainEntityOfPage\":{\"@id\":\"https:\\\/\\\/bas-tv.md\\\/ro\\\/sistare-a-livrarii-gazelor-naturale-in-raionul-cimislia-unde-si-cand-nu-va-fi-gaz\\\/\"},\"wordCount\":241,\"publisher\":{\"@id\":\"https:\\\/\\\/bas-tv.md\\\/ro\\\/#organization\"},\"image\":{\"@id\":\"https:\\\/\\\/bas-tv.md\\\/ro\\\/sistare-a-livrarii-gazelor-naturale-in-raionul-cimislia-unde-si-cand-nu-va-fi-gaz\\\/#primaryimage\"},\"thumbnailUrl\":\"https:\\\/\\\/bas-tv.md\\\/wp-content\\\/uploads\\\/2025\\\/06\\\/gaz_6.jpg\",\"articleSection\":[\"Anun\u021buri\",\"Util\"],\"inLanguage\":\"ro-RO\"},{\"@type\":\"WebPage\",\"@id\":\"https:\\\/\\\/bas-tv.md\\\/ro\\\/sistare-a-livrarii-gazelor-naturale-in-raionul-cimislia-unde-si-cand-nu-va-fi-gaz\\\/\",\"url\":\"https:\\\/\\\/bas-tv.md\\\/ro\\\/sistare-a-livrarii-gazelor-naturale-in-raionul-cimislia-unde-si-cand-nu-va-fi-gaz\\\/\",\"name\":\"Sistare a livr\u0103rii gazelor naturale \u00een raionul Cimi\u0219lia. Unde \u0219i c\u00e2nd nu va fi gaz - BasTV\",\"isPartOf\":{\"@id\":\"https:\\\/\\\/bas-tv.md\\\/ro\\\/#website\"},\"primaryImageOfPage\":{\"@id\":\"https:\\\/\\\/bas-tv.md\\\/ro\\\/sistare-a-livrarii-gazelor-naturale-in-raionul-cimislia-unde-si-cand-nu-va-fi-gaz\\\/#primaryimage\"},\"image\":{\"@id\":\"https:\\\/\\\/bas-tv.md\\\/ro\\\/sistare-a-livrarii-gazelor-naturale-in-raionul-cimislia-unde-si-cand-nu-va-fi-gaz\\\/#primaryimage\"},\"thumbnailUrl\":\"https:\\\/\\\/bas-tv.md\\\/wp-content\\\/uploads\\\/2025\\\/06\\\/gaz_6.jpg\",\"datePublished\":\"2025-07-06T10:00:04+00:00\",\"description\":\"Sucursala \u201eCimi\u0219lia-gaz\u201d informeaz\u0103 consumatorii c\u0103 \u00een perioada 8\u201312 iulie 2025, va fi sistat\u0103 livrarea gazelor naturale.\",\"inLanguage\":\"ro-RO\",\"potentialAction\":[{\"@type\":\"ReadAction\",\"target\":[\"https:\\\/\\\/bas-tv.md\\\/ro\\\/sistare-a-livrarii-gazelor-naturale-in-raionul-cimislia-unde-si-cand-nu-va-fi-gaz\\\/\"]}]},{\"@type\":\"ImageObject\",\"inLanguage\":\"ro-RO\",\"@id\":\"https:\\\/\\\/bas-tv.md\\\/ro\\\/sistare-a-livrarii-gazelor-naturale-in-raionul-cimislia-unde-si-cand-nu-va-fi-gaz\\\/#primaryimage\",\"url\":\"https:\\\/\\\/bas-tv.md\\\/wp-content\\\/uploads\\\/2025\\\/06\\\/gaz_6.jpg\",\"contentUrl\":\"https:\\\/\\\/bas-tv.md\\\/wp-content\\\/uploads\\\/2025\\\/06\\\/gaz_6.jpg\",\"width\":1920,\"height\":1080,\"caption\":\"\u0412 \u0411\u0430\u0441\u0430\u0440\u0430\u0431\u044f\u0441\u043a\u0435 \u0438 \u0410\u0431\u0430\u043a\u043b\u0438\u0438 \u0432 \u0442\u0435\u0447\u0435\u043d\u0438\u0435 \u043d\u0435\u0441\u043a\u043e\u043b\u044c\u043a\u0438\u0445 \u0434\u043d\u0435\u0439 \u043d\u0435 \u0431\u0443\u0434\u0435\u0442 \u0433\u0430\u0437\u0430\"},{\"@type\":\"WebSite\",\"@id\":\"https:\\\/\\\/bas-tv.md\\\/ro\\\/#website\",\"url\":\"https:\\\/\\\/bas-tv.md\\\/ro\\\/\",\"name\":\"BasTV\",\"description\":\"Moldova\",\"publisher\":{\"@id\":\"https:\\\/\\\/bas-tv.md\\\/ro\\\/#organization\"},\"potentialAction\":[{\"@type\":\"SearchAction\",\"target\":{\"@type\":\"EntryPoint\",\"urlTemplate\":\"https:\\\/\\\/bas-tv.md\\\/ro\\\/?s={search_term_string}\"},\"query-input\":{\"@type\":\"PropertyValueSpecification\",\"valueRequired\":true,\"valueName\":\"search_term_string\"}}],\"inLanguage\":\"ro-RO\"},{\"@type\":\"Organization\",\"@id\":\"https:\\\/\\\/bas-tv.md\\\/ro\\\/#organization\",\"name\":\"BasTV\",\"url\":\"https:\\\/\\\/bas-tv.md\\\/ro\\\/\",\"logo\":{\"@type\":\"ImageObject\",\"inLanguage\":\"ro-RO\",\"@id\":\"https:\\\/\\\/bas-tv.md\\\/ro\\\/#\\\/schema\\\/logo\\\/image\\\/\",\"url\":\"https:\\\/\\\/bas-tv.md\\\/wp-content\\\/uploads\\\/2023\\\/05\\\/bas-tv-culoarea-rosie.png\",\"contentUrl\":\"https:\\\/\\\/bas-tv.md\\\/wp-content\\\/uploads\\\/2023\\\/05\\\/bas-tv-culoarea-rosie.png\",\"width\":202,\"height\":50,\"caption\":\"BasTV\"},\"image\":{\"@id\":\"https:\\\/\\\/bas-tv.md\\\/ro\\\/#\\\/schema\\\/logo\\\/image\\\/\"}},{\"@type\":\"Person\",\"@id\":\"https:\\\/\\\/bas-tv.md\\\/ro\\\/#\\\/schema\\\/person\\\/8740f45ea2eca1f1695284fc03529af0\",\"name\":\"Redactor\",\"image\":{\"@type\":\"ImageObject\",\"inLanguage\":\"ro-RO\",\"@id\":\"https:\\\/\\\/bas-tv.md\\\/wp-content\\\/litespeed\\\/avatar\\\/91c0586f3f6f4396a4ec1287c965eeeb.jpg?ver=1776950945\",\"url\":\"https:\\\/\\\/bas-tv.md\\\/wp-content\\\/litespeed\\\/avatar\\\/91c0586f3f6f4396a4ec1287c965eeeb.jpg?ver=1776950945\",\"contentUrl\":\"https:\\\/\\\/bas-tv.md\\\/wp-content\\\/litespeed\\\/avatar\\\/91c0586f3f6f4396a4ec1287c965eeeb.jpg?ver=1776950945\",\"caption\":\"Redactor\"},\"url\":\"https:\\\/\\\/bas-tv.md\\\/ro\\\/author\\\/redactor\\\/\"}]}<\/script>\n<!-- \/ Yoast SEO plugin. -->","yoast_head_json":{"title":"Sistare a livr\u0103rii gazelor naturale \u00een raionul Cimi\u0219lia. Unde \u0219i c\u00e2nd nu va fi gaz - BasTV","description":"Sucursala \u201eCimi\u0219lia-gaz\u201d informeaz\u0103 consumatorii c\u0103 \u00een perioada 8\u201312 iulie 2025, va fi sistat\u0103 livrarea gazelor naturale.","robots":{"index":"index","follow":"follow","max-snippet":"max-snippet:-1","max-image-preview":"max-image-preview:large","max-video-preview":"max-video-preview:-1"},"canonical":"https:\/\/bas-tv.md\/ro\/sistare-a-livrarii-gazelor-naturale-in-raionul-cimislia-unde-si-cand-nu-va-fi-gaz\/","og_locale":"ro_RO","og_type":"article","og_title":"Sistare a livr\u0103rii gazelor naturale \u00een raionul Cimi\u0219lia. Unde \u0219i c\u00e2nd nu va fi gaz - BasTV","og_description":"Sucursala \u201eCimi\u0219lia-gaz\u201d informeaz\u0103 consumatorii c\u0103 \u00een perioada 8\u201312 iulie 2025, va fi sistat\u0103 livrarea gazelor naturale.","og_url":"https:\/\/bas-tv.md\/ro\/sistare-a-livrarii-gazelor-naturale-in-raionul-cimislia-unde-si-cand-nu-va-fi-gaz\/","og_site_name":"BasTV","article_published_time":"2025-07-06T10:00:04+00:00","og_image":[{"width":1920,"height":1080,"url":"https:\/\/bas-tv.md\/wp-content\/uploads\/2025\/06\/gaz_6.jpg","type":"image\/jpeg"}],"author":"Redactor","twitter_card":"summary_large_image","twitter_misc":{"Scris de":"Redactor","Timp estimat pentru citire":"2 minute"},"schema":{"@context":"https:\/\/schema.org","@graph":[{"@type":"Article","@id":"https:\/\/bas-tv.md\/ro\/sistare-a-livrarii-gazelor-naturale-in-raionul-cimislia-unde-si-cand-nu-va-fi-gaz\/#article","isPartOf":{"@id":"https:\/\/bas-tv.md\/ro\/sistare-a-livrarii-gazelor-naturale-in-raionul-cimislia-unde-si-cand-nu-va-fi-gaz\/"},"author":{"name":"Redactor","@id":"https:\/\/bas-tv.md\/ro\/#\/schema\/person\/8740f45ea2eca1f1695284fc03529af0"},"headline":"Sistare a livr\u0103rii gazelor naturale \u00een raionul Cimi\u0219lia. Unde \u0219i c\u00e2nd nu va fi gaz","datePublished":"2025-07-06T10:00:04+00:00","mainEntityOfPage":{"@id":"https:\/\/bas-tv.md\/ro\/sistare-a-livrarii-gazelor-naturale-in-raionul-cimislia-unde-si-cand-nu-va-fi-gaz\/"},"wordCount":241,"publisher":{"@id":"https:\/\/bas-tv.md\/ro\/#organization"},"image":{"@id":"https:\/\/bas-tv.md\/ro\/sistare-a-livrarii-gazelor-naturale-in-raionul-cimislia-unde-si-cand-nu-va-fi-gaz\/#primaryimage"},"thumbnailUrl":"https:\/\/bas-tv.md\/wp-content\/uploads\/2025\/06\/gaz_6.jpg","articleSection":["Anun\u021buri","Util"],"inLanguage":"ro-RO"},{"@type":"WebPage","@id":"https:\/\/bas-tv.md\/ro\/sistare-a-livrarii-gazelor-naturale-in-raionul-cimislia-unde-si-cand-nu-va-fi-gaz\/","url":"https:\/\/bas-tv.md\/ro\/sistare-a-livrarii-gazelor-naturale-in-raionul-cimislia-unde-si-cand-nu-va-fi-gaz\/","name":"Sistare a livr\u0103rii gazelor naturale \u00een raionul Cimi\u0219lia. Unde \u0219i c\u00e2nd nu va fi gaz - BasTV","isPartOf":{"@id":"https:\/\/bas-tv.md\/ro\/#website"},"primaryImageOfPage":{"@id":"https:\/\/bas-tv.md\/ro\/sistare-a-livrarii-gazelor-naturale-in-raionul-cimislia-unde-si-cand-nu-va-fi-gaz\/#primaryimage"},"image":{"@id":"https:\/\/bas-tv.md\/ro\/sistare-a-livrarii-gazelor-naturale-in-raionul-cimislia-unde-si-cand-nu-va-fi-gaz\/#primaryimage"},"thumbnailUrl":"https:\/\/bas-tv.md\/wp-content\/uploads\/2025\/06\/gaz_6.jpg","datePublished":"2025-07-06T10:00:04+00:00","description":"Sucursala \u201eCimi\u0219lia-gaz\u201d informeaz\u0103 consumatorii c\u0103 \u00een perioada 8\u201312 iulie 2025, va fi sistat\u0103 livrarea gazelor naturale.","inLanguage":"ro-RO","potentialAction":[{"@type":"ReadAction","target":["https:\/\/bas-tv.md\/ro\/sistare-a-livrarii-gazelor-naturale-in-raionul-cimislia-unde-si-cand-nu-va-fi-gaz\/"]}]},{"@type":"ImageObject","inLanguage":"ro-RO","@id":"https:\/\/bas-tv.md\/ro\/sistare-a-livrarii-gazelor-naturale-in-raionul-cimislia-unde-si-cand-nu-va-fi-gaz\/#primaryimage","url":"https:\/\/bas-tv.md\/wp-content\/uploads\/2025\/06\/gaz_6.jpg","contentUrl":"https:\/\/bas-tv.md\/wp-content\/uploads\/2025\/06\/gaz_6.jpg","width":1920,"height":1080,"caption":"\u0412 \u0411\u0430\u0441\u0430\u0440\u0430\u0431\u044f\u0441\u043a\u0435 \u0438 \u0410\u0431\u0430\u043a\u043b\u0438\u0438 \u0432 \u0442\u0435\u0447\u0435\u043d\u0438\u0435 \u043d\u0435\u0441\u043a\u043e\u043b\u044c\u043a\u0438\u0445 \u0434\u043d\u0435\u0439 \u043d\u0435 \u0431\u0443\u0434\u0435\u0442 \u0433\u0430\u0437\u0430"},{"@type":"WebSite","@id":"https:\/\/bas-tv.md\/ro\/#website","url":"https:\/\/bas-tv.md\/ro\/","name":"BasTV","description":"Moldova","publisher":{"@id":"https:\/\/bas-tv.md\/ro\/#organization"},"potentialAction":[{"@type":"SearchAction","target":{"@type":"EntryPoint","urlTemplate":"https:\/\/bas-tv.md\/ro\/?s={search_term_string}"},"query-input":{"@type":"PropertyValueSpecification","valueRequired":true,"valueName":"search_term_string"}}],"inLanguage":"ro-RO"},{"@type":"Organization","@id":"https:\/\/bas-tv.md\/ro\/#organization","name":"BasTV","url":"https:\/\/bas-tv.md\/ro\/","logo":{"@type":"ImageObject","inLanguage":"ro-RO","@id":"https:\/\/bas-tv.md\/ro\/#\/schema\/logo\/image\/","url":"https:\/\/bas-tv.md\/wp-content\/uploads\/2023\/05\/bas-tv-culoarea-rosie.png","contentUrl":"https:\/\/bas-tv.md\/wp-content\/uploads\/2023\/05\/bas-tv-culoarea-rosie.png","width":202,"height":50,"caption":"BasTV"},"image":{"@id":"https:\/\/bas-tv.md\/ro\/#\/schema\/logo\/image\/"}},{"@type":"Person","@id":"https:\/\/bas-tv.md\/ro\/#\/schema\/person\/8740f45ea2eca1f1695284fc03529af0","name":"Redactor","image":{"@type":"ImageObject","inLanguage":"ro-RO","@id":"https:\/\/bas-tv.md\/wp-content\/litespeed\/avatar\/91c0586f3f6f4396a4ec1287c965eeeb.jpg?ver=1776950945","url":"https:\/\/bas-tv.md\/wp-content\/litespeed\/avatar\/91c0586f3f6f4396a4ec1287c965eeeb.jpg?ver=1776950945","contentUrl":"https:\/\/bas-tv.md\/wp-content\/litespeed\/avatar\/91c0586f3f6f4396a4ec1287c965eeeb.jpg?ver=1776950945","caption":"Redactor"},"url":"https:\/\/bas-tv.md\/ro\/author\/redactor\/"}]}},"views":383,"_links":{"self":[{"href":"https:\/\/bas-tv.md\/ro\/wp-json\/wp\/v2\/posts\/154160","targetHints":{"allow":["GET"]}}],"collection":[{"href":"https:\/\/bas-tv.md\/ro\/wp-json\/wp\/v2\/posts"}],"about":[{"href":"https:\/\/bas-tv.md\/ro\/wp-json\/wp\/v2\/types\/post"}],"author":[{"embeddable":true,"href":"https:\/\/bas-tv.md\/ro\/wp-json\/wp\/v2\/users\/3"}],"replies":[{"embeddable":true,"href":"https:\/\/bas-tv.md\/ro\/wp-json\/wp\/v2\/comments?post=154160"}],"version-history":[{"count":1,"href":"https:\/\/bas-tv.md\/ro\/wp-json\/wp\/v2\/posts\/154160\/revisions"}],"predecessor-version":[{"id":154161,"href":"https:\/\/bas-tv.md\/ro\/wp-json\/wp\/v2\/posts\/154160\/revisions\/154161"}],"wp:featuredmedia":[{"embeddable":true,"href":"https:\/\/bas-tv.md\/ro\/wp-json\/wp\/v2\/media\/153118"}],"wp:attachment":[{"href":"https:\/\/bas-tv.md\/ro\/wp-json\/wp\/v2\/media?parent=154160"}],"wp:term":[{"taxonomy":"category","embeddable":true,"href":"https:\/\/bas-tv.md\/ro\/wp-json\/wp\/v2\/categories?post=154160"},{"taxonomy":"post_tag","embeddable":true,"href":"https:\/\/bas-tv.md\/ro\/wp-json\/wp\/v2\/tags?post=154160"}],"curies":[{"name":"wp","href":"https:\/\/api.w.org\/{rel}","templated":true}]}}