{"id":155530,"date":"2025-07-22T13:00:44","date_gmt":"2025-07-22T10:00:44","guid":{"rendered":"https:\/\/bas-tv.md\/?p=155530"},"modified":"2025-07-22T11:30:48","modified_gmt":"2025-07-22T08:30:48","slug":"mai-multe-strazi-din-orasul-cimislia-raman-fara-gaze-timp-de-trei-zile-care-sunt-ele","status":"publish","type":"post","link":"https:\/\/bas-tv.md\/ro\/mai-multe-strazi-din-orasul-cimislia-raman-fara-gaze-timp-de-trei-zile-care-sunt-ele\/","title":{"rendered":"Mai multe str\u0103zi din ora\u0219ul Cimi\u0219lia r\u0103m\u00e2n f\u0103r\u0103 gaze timp de trei zile. Care sunt ele"},"content":{"rendered":"<p data-start=\"215\" data-end=\"537\"><strong>SRL \u201eCimi\u0219lia-Gaz\u201d informeaz\u0103 consumatorii c\u0103, \u00een perioada 23\u201325 iulie 2025, va fi sistat\u0103 livrarea gazelor naturale \u00een mai multe zone ale ora\u0219ului Cimi\u0219lia. M\u0103sura este necesar\u0103 pentru efectuarea lucr\u0103rilor de reconectare a unui segment de gazoduct reconstruit, \u00een conformitate cu Planul de lucru aprobat.<\/strong><\/p>\n<p data-start=\"539\" data-end=\"1254\"><strong>Vor fi afectate urm\u0103toarele str\u0103zi:<\/strong><\/p>\n<p data-start=\"539\" data-end=\"1254\">22 Decembrie, 27 August, 8 Martie, Alexandru Donici, A. Marinescu, Alexei Mateevici, A. Perciun, Alexandru cel Bun, B\u0103lcescu, Constantin Stamati, Constantin Stere, Cetatea Alb\u0103, C\u00e2mpiilor, Cosmomaviov, Veronica Micle, Vasile Alecsandri, Decebal, Doina, Dosoftei, Drago\u0219 Vod\u0103, Florilor, Frunze, Grigore Ureche, Gagarin, George Co\u0219buc, Ion Creang\u0103, Ion Popu\u0219oi, Ion Vod\u0103, Libert\u0103\u021bii, Livezilor, Trandafirilor, Viilor, Luceaf\u0103rul, Mihail Cibotaru, Mihai Eminescu, Mihai Viteazul, Miori\u021ba, Mircea cel B\u0103tr\u00e2n, Miron Costin, Petru Movil\u0103, Petru Rare\u0219, Petru Ro\u0219ca, Petru Zadnipru, Traian, Sciusev, Serghei Lazo, Sf. Maria, Soarelui, \u0218tefan cel Mare, \u0218tefan Vod\u0103, Teilor, Testemi\u021banu.<\/p>\n<figure id=\"attachment_155558\" aria-describedby=\"caption-attachment-155558\" style=\"width: 762px\" class=\"wp-caption aligncenter\"><img fetchpriority=\"high\" decoding=\"async\" class=\"size-full wp-image-155558\" src=\"https:\/\/bas-tv.md\/wp-content\/uploads\/2025\/07\/518391827_1286587176595068_1983957494115495456_n-e1753122017517.jpg\" alt=\"\" width=\"762\" height=\"436\" srcset=\"https:\/\/bas-tv.md\/wp-content\/uploads\/2025\/07\/518391827_1286587176595068_1983957494115495456_n-e1753122017517.jpg 762w, https:\/\/bas-tv.md\/wp-content\/uploads\/2025\/07\/518391827_1286587176595068_1983957494115495456_n-e1753122017517-300x172.jpg 300w\" sizes=\"(max-width: 762px) 100vw, 762px\" \/><figcaption id=\"caption-attachment-155558\" class=\"wp-caption-text\">Foto: SRL &#8222;Cimislia-gaz&#8221;<\/figcaption><\/figure>\n<p data-start=\"1256\" data-end=\"1353\"><strong>Pentru evitarea unor incidente, consumatorii sunt ruga\u021bi:<\/strong><\/p>\n<ul data-start=\"1354\" data-end=\"1697\">\n<li data-start=\"1354\" data-end=\"1469\">\n<p data-start=\"1356\" data-end=\"1469\">s\u0103 se asigure c\u0103 toate aparatele de consum sunt oprite, inclusiv cele automatizate sau cu flac\u0103r\u0103 de veghe;<\/p>\n<\/li>\n<li data-start=\"1470\" data-end=\"1597\">\n<p data-start=\"1472\" data-end=\"1597\">s\u0103 nu aprind\u0103 focul sau s\u0103 foloseasc\u0103 aparate electrice imediat dup\u0103 reluarea aliment\u0103rii, dac\u0103 se simte miros de gaze;<\/p>\n<\/li>\n<li data-start=\"1598\" data-end=\"1697\">\n<p data-start=\"1600\" data-end=\"1697\">s\u0103 \u00eenchid\u0103 robinetul de alimentare cu gaze \u0219i s\u0103 contacteze de urgen\u021b\u0103 serviciul specializat.<\/p>\n<\/li>\n<\/ul>\n<p data-start=\"1699\" data-end=\"1779\">Pentru informa\u021bii suplimentare sau \u00een situa\u021bii de urgen\u021b\u0103, consumatorii sunt \u00eendemna\u021bi s\u0103 apeleze la urm\u0103toarele numere de telefon: 904, (0241) 2-22-204, (0241) 2-62-30, (0241) 2-56-79.<\/p>\n<p data-start=\"1845\" data-end=\"1953\" data-is-last-node=\"\" data-is-only-node=\"\">SRL \u201eCimi\u0219lia-Gaz\u201d \u00ee\u0219i cere scuze pentru eventualele nepl\u0103ceri \u0219i mul\u021bume\u0219te locuitorilor pentru \u00een\u021belegere.<\/p>\n<p><strong>Sus\u021bine\u021bi redac\u021bia BAStv, abona\u021bi-v\u0103 la noi pe platforma\u00a0<a href=\"https:\/\/www.patreon.com\/BAStv?fan_landing=true&amp;fbclid=IwAR3MeSDKfH4ixBydCXX9D1lhrCszhps3ID5uxuGA-Ktd4MTkZCRdlcEZkQI\">Patreon\u00a0<\/a>sau prin efectuarea contribu\u021biilor prin\u00a0<a href=\"https:\/\/www.paypal.com\/paypalme\/supportbastv\">PayPal<\/a>! Aceasta ne va ajuta s\u0103 cre\u0103m con\u021binut interesant \u0219i util pentru dvs., r\u0103m\u00e2n\u00e2nd \u00een continuare o platform\u0103 media independent\u0103.<\/strong><\/p>\n<p><b>Abona\u021bi-v\u0103 la noi pe re\u021bele sociale:\u00a0<\/b><a href=\"https:\/\/t.me\/bastvmd\"><b><i>Telegram<\/i><\/b><\/a><b>,\u00a0<\/b><a href=\"https:\/\/www.youtube.com\/channel\/UC-9005PnLnhpNM8PVSjP2dQ\/featured\"><b><i>YouTube<\/i><\/b><\/a><b>,\u00a0<\/b><a href=\"https:\/\/www.facebook.com\/bastv.md\"><b><i>Facebook<\/i><\/b><\/a>\u00a0<strong>\u0219i\u00a0<\/strong><a href=\"https:\/\/www.instagram.com\/bastv.md\/\"><b><i>Instagram<\/i><\/b><\/a><b>. Aici public\u0103m \u0219tiri pe scurt!<\/b><\/p>\n","protected":false},"excerpt":{"rendered":"<p>SRL \u201eCimi\u0219lia-Gaz\u201d informeaz\u0103 consumatorii c\u0103, \u00een perioada 23\u201325 iulie 2025, va fi sistat\u0103 livrarea gazelor naturale \u00een mai multe zone ale ora\u0219ului Cimi\u0219lia. M\u0103sura este necesar\u0103 pentru efectuarea lucr\u0103rilor de reconectare a unui segment de gazoduct reconstruit, \u00een conformitate cu Planul de lucru aprobat. Vor fi afectate urm\u0103toarele str\u0103zi: 22 Decembrie, 27 August, 8 Martie, [&hellip;]<\/p>\n","protected":false},"author":3,"featured_media":153118,"comment_status":"closed","ping_status":"closed","sticky":false,"template":"","format":"standard","meta":{"footnotes":""},"categories":[219,574],"tags":[],"class_list":["post-155530","post","type-post","status-publish","format-standard","has-post-thumbnail","hentry","category-anunturi","category-util"],"yoast_head":"<!-- This site is optimized with the Yoast SEO plugin v27.5 - https:\/\/yoast.com\/product\/yoast-seo-wordpress\/ -->\n<title>Mai multe str\u0103zi din ora\u0219ul Cimi\u0219lia r\u0103m\u00e2n f\u0103r\u0103 gaze timp de trei zile. Care sunt ele - BasTV<\/title>\n<meta name=\"description\" content=\"SRL \u201eCimi\u0219lia-Gaz\u201d informeaz\u0103 consumatorii c\u0103, \u00een perioada 23\u201325 iulie 2025, va fi sistat\u0103 livrarea gazelor naturale \u00een mai multe zone ale ora\u0219ului Cimi\u0219lia. M\u0103sura este necesar\u0103 pentru efectuarea lucr\u0103rilor de reconectare a unui segment de gazoduct reconstruit, \u00een conformitate cu Planul de lucru aprobat.\" \/>\n<meta name=\"robots\" content=\"index, follow, max-snippet:-1, max-image-preview:large, max-video-preview:-1\" \/>\n<link rel=\"canonical\" href=\"https:\/\/bas-tv.md\/ro\/mai-multe-strazi-din-orasul-cimislia-raman-fara-gaze-timp-de-trei-zile-care-sunt-ele\/\" \/>\n<meta property=\"og:locale\" content=\"ro_RO\" \/>\n<meta property=\"og:type\" content=\"article\" \/>\n<meta property=\"og:title\" content=\"Mai multe str\u0103zi din ora\u0219ul Cimi\u0219lia r\u0103m\u00e2n f\u0103r\u0103 gaze timp de trei zile. Care sunt ele - BasTV\" \/>\n<meta property=\"og:description\" content=\"SRL \u201eCimi\u0219lia-Gaz\u201d informeaz\u0103 consumatorii c\u0103, \u00een perioada 23\u201325 iulie 2025, va fi sistat\u0103 livrarea gazelor naturale \u00een mai multe zone ale ora\u0219ului Cimi\u0219lia. M\u0103sura este necesar\u0103 pentru efectuarea lucr\u0103rilor de reconectare a unui segment de gazoduct reconstruit, \u00een conformitate cu Planul de lucru aprobat.\" \/>\n<meta property=\"og:url\" content=\"https:\/\/bas-tv.md\/ro\/mai-multe-strazi-din-orasul-cimislia-raman-fara-gaze-timp-de-trei-zile-care-sunt-ele\/\" \/>\n<meta property=\"og:site_name\" content=\"BasTV\" \/>\n<meta property=\"article:published_time\" content=\"2025-07-22T10:00:44+00:00\" \/>\n<meta property=\"og:image\" content=\"https:\/\/bas-tv.md\/wp-content\/uploads\/2025\/06\/gaz_6.jpg\" \/>\n\t<meta property=\"og:image:width\" content=\"1920\" \/>\n\t<meta property=\"og:image:height\" content=\"1080\" \/>\n\t<meta property=\"og:image:type\" content=\"image\/jpeg\" \/>\n<meta name=\"author\" content=\"Redactor\" \/>\n<meta name=\"twitter:card\" content=\"summary_large_image\" \/>\n<meta name=\"twitter:label1\" content=\"Scris de\" \/>\n\t<meta name=\"twitter:data1\" content=\"Redactor\" \/>\n\t<meta name=\"twitter:label2\" content=\"Timp estimat pentru citire\" \/>\n\t<meta name=\"twitter:data2\" content=\"2 minute\" \/>\n<script type=\"application\/ld+json\" class=\"yoast-schema-graph\">{\"@context\":\"https:\\\/\\\/schema.org\",\"@graph\":[{\"@type\":\"Article\",\"@id\":\"https:\\\/\\\/bas-tv.md\\\/ro\\\/mai-multe-strazi-din-orasul-cimislia-raman-fara-gaze-timp-de-trei-zile-care-sunt-ele\\\/#article\",\"isPartOf\":{\"@id\":\"https:\\\/\\\/bas-tv.md\\\/ro\\\/mai-multe-strazi-din-orasul-cimislia-raman-fara-gaze-timp-de-trei-zile-care-sunt-ele\\\/\"},\"author\":{\"name\":\"Redactor\",\"@id\":\"https:\\\/\\\/bas-tv.md\\\/ro\\\/#\\\/schema\\\/person\\\/8740f45ea2eca1f1695284fc03529af0\"},\"headline\":\"Mai multe str\u0103zi din ora\u0219ul Cimi\u0219lia r\u0103m\u00e2n f\u0103r\u0103 gaze timp de trei zile. Care sunt ele\",\"datePublished\":\"2025-07-22T10:00:44+00:00\",\"mainEntityOfPage\":{\"@id\":\"https:\\\/\\\/bas-tv.md\\\/ro\\\/mai-multe-strazi-din-orasul-cimislia-raman-fara-gaze-timp-de-trei-zile-care-sunt-ele\\\/\"},\"wordCount\":351,\"publisher\":{\"@id\":\"https:\\\/\\\/bas-tv.md\\\/ro\\\/#organization\"},\"image\":{\"@id\":\"https:\\\/\\\/bas-tv.md\\\/ro\\\/mai-multe-strazi-din-orasul-cimislia-raman-fara-gaze-timp-de-trei-zile-care-sunt-ele\\\/#primaryimage\"},\"thumbnailUrl\":\"https:\\\/\\\/bas-tv.md\\\/wp-content\\\/uploads\\\/2025\\\/06\\\/gaz_6.jpg\",\"articleSection\":[\"Anun\u021buri\",\"Util\"],\"inLanguage\":\"ro-RO\"},{\"@type\":\"WebPage\",\"@id\":\"https:\\\/\\\/bas-tv.md\\\/ro\\\/mai-multe-strazi-din-orasul-cimislia-raman-fara-gaze-timp-de-trei-zile-care-sunt-ele\\\/\",\"url\":\"https:\\\/\\\/bas-tv.md\\\/ro\\\/mai-multe-strazi-din-orasul-cimislia-raman-fara-gaze-timp-de-trei-zile-care-sunt-ele\\\/\",\"name\":\"Mai multe str\u0103zi din ora\u0219ul Cimi\u0219lia r\u0103m\u00e2n f\u0103r\u0103 gaze timp de trei zile. Care sunt ele - BasTV\",\"isPartOf\":{\"@id\":\"https:\\\/\\\/bas-tv.md\\\/ro\\\/#website\"},\"primaryImageOfPage\":{\"@id\":\"https:\\\/\\\/bas-tv.md\\\/ro\\\/mai-multe-strazi-din-orasul-cimislia-raman-fara-gaze-timp-de-trei-zile-care-sunt-ele\\\/#primaryimage\"},\"image\":{\"@id\":\"https:\\\/\\\/bas-tv.md\\\/ro\\\/mai-multe-strazi-din-orasul-cimislia-raman-fara-gaze-timp-de-trei-zile-care-sunt-ele\\\/#primaryimage\"},\"thumbnailUrl\":\"https:\\\/\\\/bas-tv.md\\\/wp-content\\\/uploads\\\/2025\\\/06\\\/gaz_6.jpg\",\"datePublished\":\"2025-07-22T10:00:44+00:00\",\"description\":\"SRL \u201eCimi\u0219lia-Gaz\u201d informeaz\u0103 consumatorii c\u0103, \u00een perioada 23\u201325 iulie 2025, va fi sistat\u0103 livrarea gazelor naturale \u00een mai multe zone ale ora\u0219ului Cimi\u0219lia. M\u0103sura este necesar\u0103 pentru efectuarea lucr\u0103rilor de reconectare a unui segment de gazoduct reconstruit, \u00een conformitate cu Planul de lucru aprobat.\",\"inLanguage\":\"ro-RO\",\"potentialAction\":[{\"@type\":\"ReadAction\",\"target\":[\"https:\\\/\\\/bas-tv.md\\\/ro\\\/mai-multe-strazi-din-orasul-cimislia-raman-fara-gaze-timp-de-trei-zile-care-sunt-ele\\\/\"]}]},{\"@type\":\"ImageObject\",\"inLanguage\":\"ro-RO\",\"@id\":\"https:\\\/\\\/bas-tv.md\\\/ro\\\/mai-multe-strazi-din-orasul-cimislia-raman-fara-gaze-timp-de-trei-zile-care-sunt-ele\\\/#primaryimage\",\"url\":\"https:\\\/\\\/bas-tv.md\\\/wp-content\\\/uploads\\\/2025\\\/06\\\/gaz_6.jpg\",\"contentUrl\":\"https:\\\/\\\/bas-tv.md\\\/wp-content\\\/uploads\\\/2025\\\/06\\\/gaz_6.jpg\",\"width\":1920,\"height\":1080,\"caption\":\"\u0412 \u0411\u0430\u0441\u0430\u0440\u0430\u0431\u044f\u0441\u043a\u0435 \u0438 \u0410\u0431\u0430\u043a\u043b\u0438\u0438 \u0432 \u0442\u0435\u0447\u0435\u043d\u0438\u0435 \u043d\u0435\u0441\u043a\u043e\u043b\u044c\u043a\u0438\u0445 \u0434\u043d\u0435\u0439 \u043d\u0435 \u0431\u0443\u0434\u0435\u0442 \u0433\u0430\u0437\u0430\"},{\"@type\":\"WebSite\",\"@id\":\"https:\\\/\\\/bas-tv.md\\\/ro\\\/#website\",\"url\":\"https:\\\/\\\/bas-tv.md\\\/ro\\\/\",\"name\":\"BasTV\",\"description\":\"Moldova\",\"publisher\":{\"@id\":\"https:\\\/\\\/bas-tv.md\\\/ro\\\/#organization\"},\"potentialAction\":[{\"@type\":\"SearchAction\",\"target\":{\"@type\":\"EntryPoint\",\"urlTemplate\":\"https:\\\/\\\/bas-tv.md\\\/ro\\\/?s={search_term_string}\"},\"query-input\":{\"@type\":\"PropertyValueSpecification\",\"valueRequired\":true,\"valueName\":\"search_term_string\"}}],\"inLanguage\":\"ro-RO\"},{\"@type\":\"Organization\",\"@id\":\"https:\\\/\\\/bas-tv.md\\\/ro\\\/#organization\",\"name\":\"BasTV\",\"url\":\"https:\\\/\\\/bas-tv.md\\\/ro\\\/\",\"logo\":{\"@type\":\"ImageObject\",\"inLanguage\":\"ro-RO\",\"@id\":\"https:\\\/\\\/bas-tv.md\\\/ro\\\/#\\\/schema\\\/logo\\\/image\\\/\",\"url\":\"https:\\\/\\\/bas-tv.md\\\/wp-content\\\/uploads\\\/2023\\\/05\\\/bas-tv-culoarea-rosie.png\",\"contentUrl\":\"https:\\\/\\\/bas-tv.md\\\/wp-content\\\/uploads\\\/2023\\\/05\\\/bas-tv-culoarea-rosie.png\",\"width\":202,\"height\":50,\"caption\":\"BasTV\"},\"image\":{\"@id\":\"https:\\\/\\\/bas-tv.md\\\/ro\\\/#\\\/schema\\\/logo\\\/image\\\/\"}},{\"@type\":\"Person\",\"@id\":\"https:\\\/\\\/bas-tv.md\\\/ro\\\/#\\\/schema\\\/person\\\/8740f45ea2eca1f1695284fc03529af0\",\"name\":\"Redactor\",\"image\":{\"@type\":\"ImageObject\",\"inLanguage\":\"ro-RO\",\"@id\":\"https:\\\/\\\/bas-tv.md\\\/wp-content\\\/litespeed\\\/avatar\\\/91c0586f3f6f4396a4ec1287c965eeeb.jpg?ver=1776950945\",\"url\":\"https:\\\/\\\/bas-tv.md\\\/wp-content\\\/litespeed\\\/avatar\\\/91c0586f3f6f4396a4ec1287c965eeeb.jpg?ver=1776950945\",\"contentUrl\":\"https:\\\/\\\/bas-tv.md\\\/wp-content\\\/litespeed\\\/avatar\\\/91c0586f3f6f4396a4ec1287c965eeeb.jpg?ver=1776950945\",\"caption\":\"Redactor\"},\"url\":\"https:\\\/\\\/bas-tv.md\\\/ro\\\/author\\\/redactor\\\/\"}]}<\/script>\n<!-- \/ Yoast SEO plugin. -->","yoast_head_json":{"title":"Mai multe str\u0103zi din ora\u0219ul Cimi\u0219lia r\u0103m\u00e2n f\u0103r\u0103 gaze timp de trei zile. Care sunt ele - BasTV","description":"SRL \u201eCimi\u0219lia-Gaz\u201d informeaz\u0103 consumatorii c\u0103, \u00een perioada 23\u201325 iulie 2025, va fi sistat\u0103 livrarea gazelor naturale \u00een mai multe zone ale ora\u0219ului Cimi\u0219lia. M\u0103sura este necesar\u0103 pentru efectuarea lucr\u0103rilor de reconectare a unui segment de gazoduct reconstruit, \u00een conformitate cu Planul de lucru aprobat.","robots":{"index":"index","follow":"follow","max-snippet":"max-snippet:-1","max-image-preview":"max-image-preview:large","max-video-preview":"max-video-preview:-1"},"canonical":"https:\/\/bas-tv.md\/ro\/mai-multe-strazi-din-orasul-cimislia-raman-fara-gaze-timp-de-trei-zile-care-sunt-ele\/","og_locale":"ro_RO","og_type":"article","og_title":"Mai multe str\u0103zi din ora\u0219ul Cimi\u0219lia r\u0103m\u00e2n f\u0103r\u0103 gaze timp de trei zile. Care sunt ele - BasTV","og_description":"SRL \u201eCimi\u0219lia-Gaz\u201d informeaz\u0103 consumatorii c\u0103, \u00een perioada 23\u201325 iulie 2025, va fi sistat\u0103 livrarea gazelor naturale \u00een mai multe zone ale ora\u0219ului Cimi\u0219lia. M\u0103sura este necesar\u0103 pentru efectuarea lucr\u0103rilor de reconectare a unui segment de gazoduct reconstruit, \u00een conformitate cu Planul de lucru aprobat.","og_url":"https:\/\/bas-tv.md\/ro\/mai-multe-strazi-din-orasul-cimislia-raman-fara-gaze-timp-de-trei-zile-care-sunt-ele\/","og_site_name":"BasTV","article_published_time":"2025-07-22T10:00:44+00:00","og_image":[{"width":1920,"height":1080,"url":"https:\/\/bas-tv.md\/wp-content\/uploads\/2025\/06\/gaz_6.jpg","type":"image\/jpeg"}],"author":"Redactor","twitter_card":"summary_large_image","twitter_misc":{"Scris de":"Redactor","Timp estimat pentru citire":"2 minute"},"schema":{"@context":"https:\/\/schema.org","@graph":[{"@type":"Article","@id":"https:\/\/bas-tv.md\/ro\/mai-multe-strazi-din-orasul-cimislia-raman-fara-gaze-timp-de-trei-zile-care-sunt-ele\/#article","isPartOf":{"@id":"https:\/\/bas-tv.md\/ro\/mai-multe-strazi-din-orasul-cimislia-raman-fara-gaze-timp-de-trei-zile-care-sunt-ele\/"},"author":{"name":"Redactor","@id":"https:\/\/bas-tv.md\/ro\/#\/schema\/person\/8740f45ea2eca1f1695284fc03529af0"},"headline":"Mai multe str\u0103zi din ora\u0219ul Cimi\u0219lia r\u0103m\u00e2n f\u0103r\u0103 gaze timp de trei zile. Care sunt ele","datePublished":"2025-07-22T10:00:44+00:00","mainEntityOfPage":{"@id":"https:\/\/bas-tv.md\/ro\/mai-multe-strazi-din-orasul-cimislia-raman-fara-gaze-timp-de-trei-zile-care-sunt-ele\/"},"wordCount":351,"publisher":{"@id":"https:\/\/bas-tv.md\/ro\/#organization"},"image":{"@id":"https:\/\/bas-tv.md\/ro\/mai-multe-strazi-din-orasul-cimislia-raman-fara-gaze-timp-de-trei-zile-care-sunt-ele\/#primaryimage"},"thumbnailUrl":"https:\/\/bas-tv.md\/wp-content\/uploads\/2025\/06\/gaz_6.jpg","articleSection":["Anun\u021buri","Util"],"inLanguage":"ro-RO"},{"@type":"WebPage","@id":"https:\/\/bas-tv.md\/ro\/mai-multe-strazi-din-orasul-cimislia-raman-fara-gaze-timp-de-trei-zile-care-sunt-ele\/","url":"https:\/\/bas-tv.md\/ro\/mai-multe-strazi-din-orasul-cimislia-raman-fara-gaze-timp-de-trei-zile-care-sunt-ele\/","name":"Mai multe str\u0103zi din ora\u0219ul Cimi\u0219lia r\u0103m\u00e2n f\u0103r\u0103 gaze timp de trei zile. Care sunt ele - BasTV","isPartOf":{"@id":"https:\/\/bas-tv.md\/ro\/#website"},"primaryImageOfPage":{"@id":"https:\/\/bas-tv.md\/ro\/mai-multe-strazi-din-orasul-cimislia-raman-fara-gaze-timp-de-trei-zile-care-sunt-ele\/#primaryimage"},"image":{"@id":"https:\/\/bas-tv.md\/ro\/mai-multe-strazi-din-orasul-cimislia-raman-fara-gaze-timp-de-trei-zile-care-sunt-ele\/#primaryimage"},"thumbnailUrl":"https:\/\/bas-tv.md\/wp-content\/uploads\/2025\/06\/gaz_6.jpg","datePublished":"2025-07-22T10:00:44+00:00","description":"SRL \u201eCimi\u0219lia-Gaz\u201d informeaz\u0103 consumatorii c\u0103, \u00een perioada 23\u201325 iulie 2025, va fi sistat\u0103 livrarea gazelor naturale \u00een mai multe zone ale ora\u0219ului Cimi\u0219lia. M\u0103sura este necesar\u0103 pentru efectuarea lucr\u0103rilor de reconectare a unui segment de gazoduct reconstruit, \u00een conformitate cu Planul de lucru aprobat.","inLanguage":"ro-RO","potentialAction":[{"@type":"ReadAction","target":["https:\/\/bas-tv.md\/ro\/mai-multe-strazi-din-orasul-cimislia-raman-fara-gaze-timp-de-trei-zile-care-sunt-ele\/"]}]},{"@type":"ImageObject","inLanguage":"ro-RO","@id":"https:\/\/bas-tv.md\/ro\/mai-multe-strazi-din-orasul-cimislia-raman-fara-gaze-timp-de-trei-zile-care-sunt-ele\/#primaryimage","url":"https:\/\/bas-tv.md\/wp-content\/uploads\/2025\/06\/gaz_6.jpg","contentUrl":"https:\/\/bas-tv.md\/wp-content\/uploads\/2025\/06\/gaz_6.jpg","width":1920,"height":1080,"caption":"\u0412 \u0411\u0430\u0441\u0430\u0440\u0430\u0431\u044f\u0441\u043a\u0435 \u0438 \u0410\u0431\u0430\u043a\u043b\u0438\u0438 \u0432 \u0442\u0435\u0447\u0435\u043d\u0438\u0435 \u043d\u0435\u0441\u043a\u043e\u043b\u044c\u043a\u0438\u0445 \u0434\u043d\u0435\u0439 \u043d\u0435 \u0431\u0443\u0434\u0435\u0442 \u0433\u0430\u0437\u0430"},{"@type":"WebSite","@id":"https:\/\/bas-tv.md\/ro\/#website","url":"https:\/\/bas-tv.md\/ro\/","name":"BasTV","description":"Moldova","publisher":{"@id":"https:\/\/bas-tv.md\/ro\/#organization"},"potentialAction":[{"@type":"SearchAction","target":{"@type":"EntryPoint","urlTemplate":"https:\/\/bas-tv.md\/ro\/?s={search_term_string}"},"query-input":{"@type":"PropertyValueSpecification","valueRequired":true,"valueName":"search_term_string"}}],"inLanguage":"ro-RO"},{"@type":"Organization","@id":"https:\/\/bas-tv.md\/ro\/#organization","name":"BasTV","url":"https:\/\/bas-tv.md\/ro\/","logo":{"@type":"ImageObject","inLanguage":"ro-RO","@id":"https:\/\/bas-tv.md\/ro\/#\/schema\/logo\/image\/","url":"https:\/\/bas-tv.md\/wp-content\/uploads\/2023\/05\/bas-tv-culoarea-rosie.png","contentUrl":"https:\/\/bas-tv.md\/wp-content\/uploads\/2023\/05\/bas-tv-culoarea-rosie.png","width":202,"height":50,"caption":"BasTV"},"image":{"@id":"https:\/\/bas-tv.md\/ro\/#\/schema\/logo\/image\/"}},{"@type":"Person","@id":"https:\/\/bas-tv.md\/ro\/#\/schema\/person\/8740f45ea2eca1f1695284fc03529af0","name":"Redactor","image":{"@type":"ImageObject","inLanguage":"ro-RO","@id":"https:\/\/bas-tv.md\/wp-content\/litespeed\/avatar\/91c0586f3f6f4396a4ec1287c965eeeb.jpg?ver=1776950945","url":"https:\/\/bas-tv.md\/wp-content\/litespeed\/avatar\/91c0586f3f6f4396a4ec1287c965eeeb.jpg?ver=1776950945","contentUrl":"https:\/\/bas-tv.md\/wp-content\/litespeed\/avatar\/91c0586f3f6f4396a4ec1287c965eeeb.jpg?ver=1776950945","caption":"Redactor"},"url":"https:\/\/bas-tv.md\/ro\/author\/redactor\/"}]}},"views":367,"_links":{"self":[{"href":"https:\/\/bas-tv.md\/ro\/wp-json\/wp\/v2\/posts\/155530","targetHints":{"allow":["GET"]}}],"collection":[{"href":"https:\/\/bas-tv.md\/ro\/wp-json\/wp\/v2\/posts"}],"about":[{"href":"https:\/\/bas-tv.md\/ro\/wp-json\/wp\/v2\/types\/post"}],"author":[{"embeddable":true,"href":"https:\/\/bas-tv.md\/ro\/wp-json\/wp\/v2\/users\/3"}],"replies":[{"embeddable":true,"href":"https:\/\/bas-tv.md\/ro\/wp-json\/wp\/v2\/comments?post=155530"}],"version-history":[{"count":4,"href":"https:\/\/bas-tv.md\/ro\/wp-json\/wp\/v2\/posts\/155530\/revisions"}],"predecessor-version":[{"id":155566,"href":"https:\/\/bas-tv.md\/ro\/wp-json\/wp\/v2\/posts\/155530\/revisions\/155566"}],"wp:featuredmedia":[{"embeddable":true,"href":"https:\/\/bas-tv.md\/ro\/wp-json\/wp\/v2\/media\/153118"}],"wp:attachment":[{"href":"https:\/\/bas-tv.md\/ro\/wp-json\/wp\/v2\/media?parent=155530"}],"wp:term":[{"taxonomy":"category","embeddable":true,"href":"https:\/\/bas-tv.md\/ro\/wp-json\/wp\/v2\/categories?post=155530"},{"taxonomy":"post_tag","embeddable":true,"href":"https:\/\/bas-tv.md\/ro\/wp-json\/wp\/v2\/tags?post=155530"}],"curies":[{"name":"wp","href":"https:\/\/api.w.org\/{rel}","templated":true}]}}