{"id":156541,"date":"2025-07-30T11:30:47","date_gmt":"2025-07-30T08:30:47","guid":{"rendered":"https:\/\/bas-tv.md\/?p=156541"},"modified":"2025-07-30T10:36:23","modified_gmt":"2025-07-30T07:36:23","slug":"un-nou-caz-de-trecere-ilegala-a-frontierei-documentat-la-basarabeasca-un-cetatean-ucrainean-retinut-de-patrula-de-frontiera","status":"publish","type":"post","link":"https:\/\/bas-tv.md\/ro\/un-nou-caz-de-trecere-ilegala-a-frontierei-documentat-la-basarabeasca-un-cetatean-ucrainean-retinut-de-patrula-de-frontiera\/","title":{"rendered":"Un nou caz de trecere ilegal\u0103 a frontierei, documentat la Basarabeasca: un cet\u0103\u021bean ucrainean re\u021binut de patrula de frontier\u0103"},"content":{"rendered":"<p><strong>Poli\u021bia de Frontier\u0103 din Republica Moldova continu\u0103 s\u0103 monitorizeze strict zona de sud a \u021b\u0103rii, intervenind prompt \u00een cazurile de \u00eenc\u0103lcare a regimului de frontier\u0103. Recent, un nou incident a fost \u00eenregistrat \u00een raionul Basarabeasca, unde poli\u021bi\u0219tii de frontier\u0103 au depistat un cet\u0103\u021bean str\u0103in \u00een apropierea frontierei cu Ucraina.<\/strong><\/p>\n<p><span style=\"font-weight: 400;\">Potrivit informa\u021biilor oferite de Direc\u021bia regional\u0103 Sud a Poli\u021biei de Frontier\u0103, incidentul s-a produs \u00een zona de responsabilitate a Sectorului Poli\u021biei de Frontier\u0103 Basarabeasca. \u00cen timpul unei misiuni de supraveghere, oamenii legii au observat o persoan\u0103 str\u0103in\u0103 care nu \u00ee\u0219i putea justifica prezen\u021ba \u00een apropierea liniei de frontier\u0103.<\/span><\/p>\n<p><span style=\"font-weight: 400;\">B\u0103rbatul, cet\u0103\u021bean ucrainean, a fost imediat re\u021binut \u0219i identificat ca fiind solicitant de azil pe teritoriul Republicii Moldova. Autorit\u0103\u021bile au ini\u021biat cercet\u0103ri pentru stabilirea tuturor circumstan\u021belor \u0219i pentru a stabili dac\u0103 acesta inten\u021biona s\u0103 p\u0103r\u0103seasc\u0103 ilegal teritoriul \u021b\u0103rii sau era implicat \u00een alte activit\u0103\u021bi ilegale.<\/span><\/p>\n<p><span style=\"font-weight: 400;\">Acesta este cel de-al doilea incident din ultimele 72 de ore \u00eenregistrat de poli\u021bi\u0219tii de frontier\u0103 din sudul \u021b\u0103rii. Un alt caz a avut loc \u00een zona Vulc\u0103ne\u0219ti, unde au fost re\u021binu\u021bi doi cet\u0103\u021beni str\u0103ini care au traversat ilegal frontiera, evit\u00e2nd punctele de trecere autorizate.<\/span><\/p>\n<p><span style=\"font-weight: 400;\">Poli\u021bia de Frontier\u0103 reaminte\u0219te c\u0103 trecerea ilegal\u0103 a frontierei constituie o \u00eenc\u0103lcare grav\u0103 a legisla\u021biei Republicii Moldova, iar m\u0103surile de supraveghere vor continua s\u0103 fie intensificate \u00een zonele cu risc sporit.<\/span><\/p>\n<p><iframe style=\"border: none; overflow: hidden;\" src=\"https:\/\/www.facebook.com\/plugins\/video.php?height=314&amp;href=https%3A%2F%2Fwww.facebook.com%2F100080503714100%2Fvideos%2F1080180140362503%2F&amp;show_text=false&amp;width=560&amp;t=0\" width=\"560\" height=\"314\" frameborder=\"0\" scrolling=\"no\" allowfullscreen=\"allowfullscreen\"><\/iframe><\/p>\n<p><strong>Sus\u021bine\u021bi redac\u021bia BAStv, abona\u021bi-v\u0103 la noi pe platforma\u00a0<a href=\"https:\/\/www.patreon.com\/BAStv?fan_landing=true&amp;fbclid=IwAR3MeSDKfH4ixBydCXX9D1lhrCszhps3ID5uxuGA-Ktd4MTkZCRdlcEZkQI\">Patreon\u00a0<\/a>sau prin efectuarea contribu\u021biilor prin\u00a0<a href=\"https:\/\/www.paypal.com\/paypalme\/supportbastv\">PayPal<\/a>! Aceasta ne va ajuta s\u0103 cre\u0103m con\u021binut interesant \u0219i util pentru dvs., r\u0103m\u00e2n\u00e2nd \u00een continuare o platform\u0103 media independent\u0103.<\/strong><\/p>\n<p><b>Abona\u021bi-v\u0103 la noi pe re\u021bele sociale:\u00a0<\/b><a href=\"https:\/\/t.me\/bastvmd\"><b><i>Telegram<\/i><\/b><\/a><b>,\u00a0<\/b><a href=\"https:\/\/www.youtube.com\/channel\/UC-9005PnLnhpNM8PVSjP2dQ\/featured\"><b><i>YouTube<\/i><\/b><\/a><b>,\u00a0<\/b><a href=\"https:\/\/www.facebook.com\/bastv.md\"><b><i>Facebook<\/i><\/b><\/a>\u00a0<strong>\u0219i\u00a0<\/strong><a href=\"https:\/\/www.instagram.com\/bastv.md\/\"><b><i>Instagram<\/i><\/b><\/a><b>. Aici public\u0103m \u0219tiri pe scurt!<\/b><\/p>\n","protected":false},"excerpt":{"rendered":"<p>Poli\u021bia de Frontier\u0103 din Republica Moldova continu\u0103 s\u0103 monitorizeze strict zona de sud a \u021b\u0103rii, intervenind prompt \u00een cazurile de \u00eenc\u0103lcare a regimului de frontier\u0103. Recent, un nou incident a fost \u00eenregistrat \u00een raionul Basarabeasca, unde poli\u021bi\u0219tii de frontier\u0103 au depistat un cet\u0103\u021bean str\u0103in \u00een apropierea frontierei cu Ucraina. Potrivit informa\u021biilor oferite de Direc\u021bia regional\u0103 [&hellip;]<\/p>\n","protected":false},"author":3,"featured_media":156542,"comment_status":"closed","ping_status":"closed","sticky":false,"template":"","format":"standard","meta":{"footnotes":""},"categories":[602],"tags":[],"class_list":["post-156541","post","type-post","status-publish","format-standard","has-post-thumbnail","hentry","category-actualitate"],"yoast_head":"<!-- This site is optimized with the Yoast SEO plugin v27.5 - https:\/\/yoast.com\/product\/yoast-seo-wordpress\/ -->\n<title>Un nou caz de trecere ilegal\u0103 a frontierei, documentat la Basarabeasca: un cet\u0103\u021bean ucrainean re\u021binut de patrula de frontier\u0103 - BasTV<\/title>\n<meta name=\"description\" content=\"Poli\u021bia de Frontier\u0103 din Republica Moldova continu\u0103 s\u0103 monitorizeze strict zona de sud a \u021b\u0103rii, intervenind prompt \u00een cazurile de \u00eenc\u0103lcare a regimului de frontier\u0103. Recent, un nou incident a fost \u00eenregistrat \u00een raionul Basarabeasca, unde poli\u021bi\u0219tii de frontier\u0103 au depistat un cet\u0103\u021bean str\u0103in \u00een apropierea frontierei cu Ucraina.\" \/>\n<meta name=\"robots\" content=\"index, follow, max-snippet:-1, max-image-preview:large, max-video-preview:-1\" \/>\n<link rel=\"canonical\" href=\"https:\/\/bas-tv.md\/ro\/un-nou-caz-de-trecere-ilegala-a-frontierei-documentat-la-basarabeasca-un-cetatean-ucrainean-retinut-de-patrula-de-frontiera\/\" \/>\n<meta property=\"og:locale\" content=\"ro_RO\" \/>\n<meta property=\"og:type\" content=\"article\" \/>\n<meta property=\"og:title\" content=\"Un nou caz de trecere ilegal\u0103 a frontierei, documentat la Basarabeasca: un cet\u0103\u021bean ucrainean re\u021binut de patrula de frontier\u0103 - BasTV\" \/>\n<meta property=\"og:description\" content=\"Poli\u021bia de Frontier\u0103 din Republica Moldova continu\u0103 s\u0103 monitorizeze strict zona de sud a \u021b\u0103rii, intervenind prompt \u00een cazurile de \u00eenc\u0103lcare a regimului de frontier\u0103. Recent, un nou incident a fost \u00eenregistrat \u00een raionul Basarabeasca, unde poli\u021bi\u0219tii de frontier\u0103 au depistat un cet\u0103\u021bean str\u0103in \u00een apropierea frontierei cu Ucraina.\" \/>\n<meta property=\"og:url\" content=\"https:\/\/bas-tv.md\/ro\/un-nou-caz-de-trecere-ilegala-a-frontierei-documentat-la-basarabeasca-un-cetatean-ucrainean-retinut-de-patrula-de-frontiera\/\" \/>\n<meta property=\"og:site_name\" content=\"BasTV\" \/>\n<meta property=\"article:published_time\" content=\"2025-07-30T08:30:47+00:00\" \/>\n<meta property=\"og:image\" content=\"https:\/\/bas-tv.md\/wp-content\/uploads\/2025\/07\/760e63b3-9a87-4fbe-89b0-063e3eb02bb3.jpg\" \/>\n\t<meta property=\"og:image:width\" content=\"1280\" \/>\n\t<meta property=\"og:image:height\" content=\"854\" \/>\n\t<meta property=\"og:image:type\" content=\"image\/jpeg\" \/>\n<meta name=\"author\" content=\"Redactor\" \/>\n<meta name=\"twitter:card\" content=\"summary_large_image\" \/>\n<meta name=\"twitter:label1\" content=\"Scris de\" \/>\n\t<meta name=\"twitter:data1\" content=\"Redactor\" \/>\n\t<meta name=\"twitter:label2\" content=\"Timp estimat pentru citire\" \/>\n\t<meta name=\"twitter:data2\" content=\"2 minute\" \/>\n<script type=\"application\/ld+json\" class=\"yoast-schema-graph\">{\"@context\":\"https:\\\/\\\/schema.org\",\"@graph\":[{\"@type\":\"Article\",\"@id\":\"https:\\\/\\\/bas-tv.md\\\/ro\\\/un-nou-caz-de-trecere-ilegala-a-frontierei-documentat-la-basarabeasca-un-cetatean-ucrainean-retinut-de-patrula-de-frontiera\\\/#article\",\"isPartOf\":{\"@id\":\"https:\\\/\\\/bas-tv.md\\\/ro\\\/un-nou-caz-de-trecere-ilegala-a-frontierei-documentat-la-basarabeasca-un-cetatean-ucrainean-retinut-de-patrula-de-frontiera\\\/\"},\"author\":{\"name\":\"Redactor\",\"@id\":\"https:\\\/\\\/bas-tv.md\\\/ro\\\/#\\\/schema\\\/person\\\/8740f45ea2eca1f1695284fc03529af0\"},\"headline\":\"Un nou caz de trecere ilegal\u0103 a frontierei, documentat la Basarabeasca: un cet\u0103\u021bean ucrainean re\u021binut de patrula de frontier\u0103\",\"datePublished\":\"2025-07-30T08:30:47+00:00\",\"mainEntityOfPage\":{\"@id\":\"https:\\\/\\\/bas-tv.md\\\/ro\\\/un-nou-caz-de-trecere-ilegala-a-frontierei-documentat-la-basarabeasca-un-cetatean-ucrainean-retinut-de-patrula-de-frontiera\\\/\"},\"wordCount\":338,\"publisher\":{\"@id\":\"https:\\\/\\\/bas-tv.md\\\/ro\\\/#organization\"},\"image\":{\"@id\":\"https:\\\/\\\/bas-tv.md\\\/ro\\\/un-nou-caz-de-trecere-ilegala-a-frontierei-documentat-la-basarabeasca-un-cetatean-ucrainean-retinut-de-patrula-de-frontiera\\\/#primaryimage\"},\"thumbnailUrl\":\"https:\\\/\\\/bas-tv.md\\\/wp-content\\\/uploads\\\/2025\\\/07\\\/760e63b3-9a87-4fbe-89b0-063e3eb02bb3.jpg\",\"articleSection\":[\"Actualitate\"],\"inLanguage\":\"ro-RO\"},{\"@type\":\"WebPage\",\"@id\":\"https:\\\/\\\/bas-tv.md\\\/ro\\\/un-nou-caz-de-trecere-ilegala-a-frontierei-documentat-la-basarabeasca-un-cetatean-ucrainean-retinut-de-patrula-de-frontiera\\\/\",\"url\":\"https:\\\/\\\/bas-tv.md\\\/ro\\\/un-nou-caz-de-trecere-ilegala-a-frontierei-documentat-la-basarabeasca-un-cetatean-ucrainean-retinut-de-patrula-de-frontiera\\\/\",\"name\":\"Un nou caz de trecere ilegal\u0103 a frontierei, documentat la Basarabeasca: un cet\u0103\u021bean ucrainean re\u021binut de patrula de frontier\u0103 - BasTV\",\"isPartOf\":{\"@id\":\"https:\\\/\\\/bas-tv.md\\\/ro\\\/#website\"},\"primaryImageOfPage\":{\"@id\":\"https:\\\/\\\/bas-tv.md\\\/ro\\\/un-nou-caz-de-trecere-ilegala-a-frontierei-documentat-la-basarabeasca-un-cetatean-ucrainean-retinut-de-patrula-de-frontiera\\\/#primaryimage\"},\"image\":{\"@id\":\"https:\\\/\\\/bas-tv.md\\\/ro\\\/un-nou-caz-de-trecere-ilegala-a-frontierei-documentat-la-basarabeasca-un-cetatean-ucrainean-retinut-de-patrula-de-frontiera\\\/#primaryimage\"},\"thumbnailUrl\":\"https:\\\/\\\/bas-tv.md\\\/wp-content\\\/uploads\\\/2025\\\/07\\\/760e63b3-9a87-4fbe-89b0-063e3eb02bb3.jpg\",\"datePublished\":\"2025-07-30T08:30:47+00:00\",\"description\":\"Poli\u021bia de Frontier\u0103 din Republica Moldova continu\u0103 s\u0103 monitorizeze strict zona de sud a \u021b\u0103rii, intervenind prompt \u00een cazurile de \u00eenc\u0103lcare a regimului de frontier\u0103. Recent, un nou incident a fost \u00eenregistrat \u00een raionul Basarabeasca, unde poli\u021bi\u0219tii de frontier\u0103 au depistat un cet\u0103\u021bean str\u0103in \u00een apropierea frontierei cu Ucraina.\",\"inLanguage\":\"ro-RO\",\"potentialAction\":[{\"@type\":\"ReadAction\",\"target\":[\"https:\\\/\\\/bas-tv.md\\\/ro\\\/un-nou-caz-de-trecere-ilegala-a-frontierei-documentat-la-basarabeasca-un-cetatean-ucrainean-retinut-de-patrula-de-frontiera\\\/\"]}]},{\"@type\":\"ImageObject\",\"inLanguage\":\"ro-RO\",\"@id\":\"https:\\\/\\\/bas-tv.md\\\/ro\\\/un-nou-caz-de-trecere-ilegala-a-frontierei-documentat-la-basarabeasca-un-cetatean-ucrainean-retinut-de-patrula-de-frontiera\\\/#primaryimage\",\"url\":\"https:\\\/\\\/bas-tv.md\\\/wp-content\\\/uploads\\\/2025\\\/07\\\/760e63b3-9a87-4fbe-89b0-063e3eb02bb3.jpg\",\"contentUrl\":\"https:\\\/\\\/bas-tv.md\\\/wp-content\\\/uploads\\\/2025\\\/07\\\/760e63b3-9a87-4fbe-89b0-063e3eb02bb3.jpg\",\"width\":1280,\"height\":854,\"caption\":\"Foto: Poli\u021bia de Frontier\u0103\"},{\"@type\":\"WebSite\",\"@id\":\"https:\\\/\\\/bas-tv.md\\\/ro\\\/#website\",\"url\":\"https:\\\/\\\/bas-tv.md\\\/ro\\\/\",\"name\":\"BasTV\",\"description\":\"Moldova\",\"publisher\":{\"@id\":\"https:\\\/\\\/bas-tv.md\\\/ro\\\/#organization\"},\"potentialAction\":[{\"@type\":\"SearchAction\",\"target\":{\"@type\":\"EntryPoint\",\"urlTemplate\":\"https:\\\/\\\/bas-tv.md\\\/ro\\\/?s={search_term_string}\"},\"query-input\":{\"@type\":\"PropertyValueSpecification\",\"valueRequired\":true,\"valueName\":\"search_term_string\"}}],\"inLanguage\":\"ro-RO\"},{\"@type\":\"Organization\",\"@id\":\"https:\\\/\\\/bas-tv.md\\\/ro\\\/#organization\",\"name\":\"BasTV\",\"url\":\"https:\\\/\\\/bas-tv.md\\\/ro\\\/\",\"logo\":{\"@type\":\"ImageObject\",\"inLanguage\":\"ro-RO\",\"@id\":\"https:\\\/\\\/bas-tv.md\\\/ro\\\/#\\\/schema\\\/logo\\\/image\\\/\",\"url\":\"https:\\\/\\\/bas-tv.md\\\/wp-content\\\/uploads\\\/2023\\\/05\\\/bas-tv-culoarea-rosie.png\",\"contentUrl\":\"https:\\\/\\\/bas-tv.md\\\/wp-content\\\/uploads\\\/2023\\\/05\\\/bas-tv-culoarea-rosie.png\",\"width\":202,\"height\":50,\"caption\":\"BasTV\"},\"image\":{\"@id\":\"https:\\\/\\\/bas-tv.md\\\/ro\\\/#\\\/schema\\\/logo\\\/image\\\/\"}},{\"@type\":\"Person\",\"@id\":\"https:\\\/\\\/bas-tv.md\\\/ro\\\/#\\\/schema\\\/person\\\/8740f45ea2eca1f1695284fc03529af0\",\"name\":\"Redactor\",\"image\":{\"@type\":\"ImageObject\",\"inLanguage\":\"ro-RO\",\"@id\":\"https:\\\/\\\/bas-tv.md\\\/wp-content\\\/litespeed\\\/avatar\\\/91c0586f3f6f4396a4ec1287c965eeeb.jpg?ver=1776950945\",\"url\":\"https:\\\/\\\/bas-tv.md\\\/wp-content\\\/litespeed\\\/avatar\\\/91c0586f3f6f4396a4ec1287c965eeeb.jpg?ver=1776950945\",\"contentUrl\":\"https:\\\/\\\/bas-tv.md\\\/wp-content\\\/litespeed\\\/avatar\\\/91c0586f3f6f4396a4ec1287c965eeeb.jpg?ver=1776950945\",\"caption\":\"Redactor\"},\"url\":\"https:\\\/\\\/bas-tv.md\\\/ro\\\/author\\\/redactor\\\/\"}]}<\/script>\n<!-- \/ Yoast SEO plugin. -->","yoast_head_json":{"title":"Un nou caz de trecere ilegal\u0103 a frontierei, documentat la Basarabeasca: un cet\u0103\u021bean ucrainean re\u021binut de patrula de frontier\u0103 - BasTV","description":"Poli\u021bia de Frontier\u0103 din Republica Moldova continu\u0103 s\u0103 monitorizeze strict zona de sud a \u021b\u0103rii, intervenind prompt \u00een cazurile de \u00eenc\u0103lcare a regimului de frontier\u0103. Recent, un nou incident a fost \u00eenregistrat \u00een raionul Basarabeasca, unde poli\u021bi\u0219tii de frontier\u0103 au depistat un cet\u0103\u021bean str\u0103in \u00een apropierea frontierei cu Ucraina.","robots":{"index":"index","follow":"follow","max-snippet":"max-snippet:-1","max-image-preview":"max-image-preview:large","max-video-preview":"max-video-preview:-1"},"canonical":"https:\/\/bas-tv.md\/ro\/un-nou-caz-de-trecere-ilegala-a-frontierei-documentat-la-basarabeasca-un-cetatean-ucrainean-retinut-de-patrula-de-frontiera\/","og_locale":"ro_RO","og_type":"article","og_title":"Un nou caz de trecere ilegal\u0103 a frontierei, documentat la Basarabeasca: un cet\u0103\u021bean ucrainean re\u021binut de patrula de frontier\u0103 - BasTV","og_description":"Poli\u021bia de Frontier\u0103 din Republica Moldova continu\u0103 s\u0103 monitorizeze strict zona de sud a \u021b\u0103rii, intervenind prompt \u00een cazurile de \u00eenc\u0103lcare a regimului de frontier\u0103. Recent, un nou incident a fost \u00eenregistrat \u00een raionul Basarabeasca, unde poli\u021bi\u0219tii de frontier\u0103 au depistat un cet\u0103\u021bean str\u0103in \u00een apropierea frontierei cu Ucraina.","og_url":"https:\/\/bas-tv.md\/ro\/un-nou-caz-de-trecere-ilegala-a-frontierei-documentat-la-basarabeasca-un-cetatean-ucrainean-retinut-de-patrula-de-frontiera\/","og_site_name":"BasTV","article_published_time":"2025-07-30T08:30:47+00:00","og_image":[{"width":1280,"height":854,"url":"https:\/\/bas-tv.md\/wp-content\/uploads\/2025\/07\/760e63b3-9a87-4fbe-89b0-063e3eb02bb3.jpg","type":"image\/jpeg"}],"author":"Redactor","twitter_card":"summary_large_image","twitter_misc":{"Scris de":"Redactor","Timp estimat pentru citire":"2 minute"},"schema":{"@context":"https:\/\/schema.org","@graph":[{"@type":"Article","@id":"https:\/\/bas-tv.md\/ro\/un-nou-caz-de-trecere-ilegala-a-frontierei-documentat-la-basarabeasca-un-cetatean-ucrainean-retinut-de-patrula-de-frontiera\/#article","isPartOf":{"@id":"https:\/\/bas-tv.md\/ro\/un-nou-caz-de-trecere-ilegala-a-frontierei-documentat-la-basarabeasca-un-cetatean-ucrainean-retinut-de-patrula-de-frontiera\/"},"author":{"name":"Redactor","@id":"https:\/\/bas-tv.md\/ro\/#\/schema\/person\/8740f45ea2eca1f1695284fc03529af0"},"headline":"Un nou caz de trecere ilegal\u0103 a frontierei, documentat la Basarabeasca: un cet\u0103\u021bean ucrainean re\u021binut de patrula de frontier\u0103","datePublished":"2025-07-30T08:30:47+00:00","mainEntityOfPage":{"@id":"https:\/\/bas-tv.md\/ro\/un-nou-caz-de-trecere-ilegala-a-frontierei-documentat-la-basarabeasca-un-cetatean-ucrainean-retinut-de-patrula-de-frontiera\/"},"wordCount":338,"publisher":{"@id":"https:\/\/bas-tv.md\/ro\/#organization"},"image":{"@id":"https:\/\/bas-tv.md\/ro\/un-nou-caz-de-trecere-ilegala-a-frontierei-documentat-la-basarabeasca-un-cetatean-ucrainean-retinut-de-patrula-de-frontiera\/#primaryimage"},"thumbnailUrl":"https:\/\/bas-tv.md\/wp-content\/uploads\/2025\/07\/760e63b3-9a87-4fbe-89b0-063e3eb02bb3.jpg","articleSection":["Actualitate"],"inLanguage":"ro-RO"},{"@type":"WebPage","@id":"https:\/\/bas-tv.md\/ro\/un-nou-caz-de-trecere-ilegala-a-frontierei-documentat-la-basarabeasca-un-cetatean-ucrainean-retinut-de-patrula-de-frontiera\/","url":"https:\/\/bas-tv.md\/ro\/un-nou-caz-de-trecere-ilegala-a-frontierei-documentat-la-basarabeasca-un-cetatean-ucrainean-retinut-de-patrula-de-frontiera\/","name":"Un nou caz de trecere ilegal\u0103 a frontierei, documentat la Basarabeasca: un cet\u0103\u021bean ucrainean re\u021binut de patrula de frontier\u0103 - BasTV","isPartOf":{"@id":"https:\/\/bas-tv.md\/ro\/#website"},"primaryImageOfPage":{"@id":"https:\/\/bas-tv.md\/ro\/un-nou-caz-de-trecere-ilegala-a-frontierei-documentat-la-basarabeasca-un-cetatean-ucrainean-retinut-de-patrula-de-frontiera\/#primaryimage"},"image":{"@id":"https:\/\/bas-tv.md\/ro\/un-nou-caz-de-trecere-ilegala-a-frontierei-documentat-la-basarabeasca-un-cetatean-ucrainean-retinut-de-patrula-de-frontiera\/#primaryimage"},"thumbnailUrl":"https:\/\/bas-tv.md\/wp-content\/uploads\/2025\/07\/760e63b3-9a87-4fbe-89b0-063e3eb02bb3.jpg","datePublished":"2025-07-30T08:30:47+00:00","description":"Poli\u021bia de Frontier\u0103 din Republica Moldova continu\u0103 s\u0103 monitorizeze strict zona de sud a \u021b\u0103rii, intervenind prompt \u00een cazurile de \u00eenc\u0103lcare a regimului de frontier\u0103. Recent, un nou incident a fost \u00eenregistrat \u00een raionul Basarabeasca, unde poli\u021bi\u0219tii de frontier\u0103 au depistat un cet\u0103\u021bean str\u0103in \u00een apropierea frontierei cu Ucraina.","inLanguage":"ro-RO","potentialAction":[{"@type":"ReadAction","target":["https:\/\/bas-tv.md\/ro\/un-nou-caz-de-trecere-ilegala-a-frontierei-documentat-la-basarabeasca-un-cetatean-ucrainean-retinut-de-patrula-de-frontiera\/"]}]},{"@type":"ImageObject","inLanguage":"ro-RO","@id":"https:\/\/bas-tv.md\/ro\/un-nou-caz-de-trecere-ilegala-a-frontierei-documentat-la-basarabeasca-un-cetatean-ucrainean-retinut-de-patrula-de-frontiera\/#primaryimage","url":"https:\/\/bas-tv.md\/wp-content\/uploads\/2025\/07\/760e63b3-9a87-4fbe-89b0-063e3eb02bb3.jpg","contentUrl":"https:\/\/bas-tv.md\/wp-content\/uploads\/2025\/07\/760e63b3-9a87-4fbe-89b0-063e3eb02bb3.jpg","width":1280,"height":854,"caption":"Foto: Poli\u021bia de Frontier\u0103"},{"@type":"WebSite","@id":"https:\/\/bas-tv.md\/ro\/#website","url":"https:\/\/bas-tv.md\/ro\/","name":"BasTV","description":"Moldova","publisher":{"@id":"https:\/\/bas-tv.md\/ro\/#organization"},"potentialAction":[{"@type":"SearchAction","target":{"@type":"EntryPoint","urlTemplate":"https:\/\/bas-tv.md\/ro\/?s={search_term_string}"},"query-input":{"@type":"PropertyValueSpecification","valueRequired":true,"valueName":"search_term_string"}}],"inLanguage":"ro-RO"},{"@type":"Organization","@id":"https:\/\/bas-tv.md\/ro\/#organization","name":"BasTV","url":"https:\/\/bas-tv.md\/ro\/","logo":{"@type":"ImageObject","inLanguage":"ro-RO","@id":"https:\/\/bas-tv.md\/ro\/#\/schema\/logo\/image\/","url":"https:\/\/bas-tv.md\/wp-content\/uploads\/2023\/05\/bas-tv-culoarea-rosie.png","contentUrl":"https:\/\/bas-tv.md\/wp-content\/uploads\/2023\/05\/bas-tv-culoarea-rosie.png","width":202,"height":50,"caption":"BasTV"},"image":{"@id":"https:\/\/bas-tv.md\/ro\/#\/schema\/logo\/image\/"}},{"@type":"Person","@id":"https:\/\/bas-tv.md\/ro\/#\/schema\/person\/8740f45ea2eca1f1695284fc03529af0","name":"Redactor","image":{"@type":"ImageObject","inLanguage":"ro-RO","@id":"https:\/\/bas-tv.md\/wp-content\/litespeed\/avatar\/91c0586f3f6f4396a4ec1287c965eeeb.jpg?ver=1776950945","url":"https:\/\/bas-tv.md\/wp-content\/litespeed\/avatar\/91c0586f3f6f4396a4ec1287c965eeeb.jpg?ver=1776950945","contentUrl":"https:\/\/bas-tv.md\/wp-content\/litespeed\/avatar\/91c0586f3f6f4396a4ec1287c965eeeb.jpg?ver=1776950945","caption":"Redactor"},"url":"https:\/\/bas-tv.md\/ro\/author\/redactor\/"}]}},"views":268,"_links":{"self":[{"href":"https:\/\/bas-tv.md\/ro\/wp-json\/wp\/v2\/posts\/156541","targetHints":{"allow":["GET"]}}],"collection":[{"href":"https:\/\/bas-tv.md\/ro\/wp-json\/wp\/v2\/posts"}],"about":[{"href":"https:\/\/bas-tv.md\/ro\/wp-json\/wp\/v2\/types\/post"}],"author":[{"embeddable":true,"href":"https:\/\/bas-tv.md\/ro\/wp-json\/wp\/v2\/users\/3"}],"replies":[{"embeddable":true,"href":"https:\/\/bas-tv.md\/ro\/wp-json\/wp\/v2\/comments?post=156541"}],"version-history":[{"count":1,"href":"https:\/\/bas-tv.md\/ro\/wp-json\/wp\/v2\/posts\/156541\/revisions"}],"predecessor-version":[{"id":156544,"href":"https:\/\/bas-tv.md\/ro\/wp-json\/wp\/v2\/posts\/156541\/revisions\/156544"}],"wp:featuredmedia":[{"embeddable":true,"href":"https:\/\/bas-tv.md\/ro\/wp-json\/wp\/v2\/media\/156542"}],"wp:attachment":[{"href":"https:\/\/bas-tv.md\/ro\/wp-json\/wp\/v2\/media?parent=156541"}],"wp:term":[{"taxonomy":"category","embeddable":true,"href":"https:\/\/bas-tv.md\/ro\/wp-json\/wp\/v2\/categories?post=156541"},{"taxonomy":"post_tag","embeddable":true,"href":"https:\/\/bas-tv.md\/ro\/wp-json\/wp\/v2\/tags?post=156541"}],"curies":[{"name":"wp","href":"https:\/\/api.w.org\/{rel}","templated":true}]}}