{"id":156559,"date":"2025-07-30T14:30:17","date_gmt":"2025-07-30T11:30:17","guid":{"rendered":"https:\/\/bas-tv.md\/?p=156559"},"modified":"2025-07-30T13:19:16","modified_gmt":"2025-07-30T10:19:16","slug":"certificare-competente-limba-romana-liceeni-adulti","status":"publish","type":"post","link":"https:\/\/bas-tv.md\/ro\/certificare-competente-limba-romana-liceeni-adulti\/","title":{"rendered":"Elevii de liceu \u0219i adul\u021bii vor ob\u021bine certificat pentru comunicarea \u00een limba rom\u00e2n\u0103. Ce avantaje aduce \u0219i de ce este nevoie"},"content":{"rendered":"<p data-start=\"578\" data-end=\"830\"><strong>Un nou mecanism na\u021bional de certificare a competen\u021belor de comunicare \u00een limba rom\u00e2n\u0103 va fi implementat \u00een Republica Moldova. Hot\u0103r\u00e2rea a fost aprobat\u0103 de Guvern \u0219i prevede evaluarea at\u00e2t a elevilor din \u00eenv\u0103\u021b\u0103m\u00e2ntul liceal, c\u00e2t \u0219i a persoanelor adulte.<\/strong><\/p>\n<p data-start=\"832\" data-end=\"1175\">Examenul va fi structurat \u00een patru componente: \u00een\u021belegere prin audiere, \u00een\u021belegerea textului scris, exprimare scris\u0103 \u0219i exprimare oral\u0103. Participan\u021bii vor putea acumula un scor maxim de 120 de puncte, iar nivelul de competen\u021b\u0103 va fi stabilit conform Cadrului European Comun de Referin\u021b\u0103 pentru Limbi, de la A1 (\u00eencep\u0103tor) p\u00e2n\u0103 la C2 (avansat).<\/p>\n<p data-start=\"1177\" data-end=\"1389\">Un avantaj important este oferit elevilor din institu\u021biile de \u00eenv\u0103\u021b\u0103m\u00e2nt cu predare \u00een alt\u0103 limb\u0103 dec\u00e2t cea rom\u00e2n\u0103: promovarea acestui test le poate permite scutirea de la examenul de bacalaureat la limba rom\u00e2n\u0103.<\/p>\n<p data-start=\"1391\" data-end=\"1518\">Persoanele care vor promova examenul vor primi un certificat oficial, emis \u00een cel mult 10 zile lucr\u0103toare de la data evalu\u0103rii.<\/p>\n<p data-start=\"1520\" data-end=\"1845\">Autorit\u0103\u021bile consider\u0103 c\u0103 mecanismul de certificare va contribui la consolidarea coeziunii sociale \u0219i va facilita integrarea profesional\u0103 \u0219i educa\u021bional\u0103 a participan\u021bilor. De asemenea, recunoa\u0219terea oficial\u0103 a competen\u021belor lingvistice va deschide oportunit\u0103\u021bi pentru angajare, studii \u0219i participare activ\u0103 \u00een via\u021ba public\u0103.<\/p>\n<p data-start=\"1847\" data-end=\"2091\">Ministerul Educa\u021biei \u0219i Cercet\u0103rii inten\u021bioneaz\u0103 s\u0103 organizeze p\u00e2n\u0103 la patru sesiuni de evaluare anual, estim\u00e2nd participarea a circa 400 de persoane. Pentru implementarea proiectului, vor fi aloca\u021bi peste 190 de mii de lei din bugetul de stat.<\/p>\n<p><strong>Sus\u021bine\u021bi redac\u021bia BAStv, abona\u021bi-v\u0103 la noi pe platforma\u00a0<a href=\"https:\/\/www.patreon.com\/BAStv?fan_landing=true&amp;fbclid=IwAR3MeSDKfH4ixBydCXX9D1lhrCszhps3ID5uxuGA-Ktd4MTkZCRdlcEZkQI\">Patreon\u00a0<\/a>sau prin efectuarea contribu\u021biilor prin\u00a0<a href=\"https:\/\/www.paypal.com\/paypalme\/supportbastv\">PayPal<\/a>! Aceasta ne va ajuta s\u0103 cre\u0103m con\u021binut interesant \u0219i util pentru dvs., r\u0103m\u00e2n\u00e2nd \u00een continuare o platform\u0103 media independent\u0103.<\/strong><\/p>\n<p><b>Abona\u021bi-v\u0103 la noi pe re\u021bele sociale:\u00a0<\/b><a href=\"https:\/\/t.me\/bastvmd\"><b><i>Telegram<\/i><\/b><\/a><b>,\u00a0<\/b><a href=\"https:\/\/www.youtube.com\/channel\/UC-9005PnLnhpNM8PVSjP2dQ\/featured\"><b><i>YouTube<\/i><\/b><\/a><b>,\u00a0<\/b><a href=\"https:\/\/www.facebook.com\/bastv.md\"><b><i>Facebook<\/i><\/b><\/a>\u00a0<strong>\u0219i\u00a0<\/strong><a href=\"https:\/\/www.instagram.com\/bastv.md\/\"><b><i>Instagram<\/i><\/b><\/a><b>. Aici public\u0103m \u0219tiri pe scurt!<\/b><\/p>\n","protected":false},"excerpt":{"rendered":"<p>Un nou mecanism na\u021bional de certificare a competen\u021belor de comunicare \u00een limba rom\u00e2n\u0103 va fi implementat \u00een Republica Moldova. Hot\u0103r\u00e2rea a fost aprobat\u0103 de Guvern \u0219i prevede evaluarea at\u00e2t a elevilor din \u00eenv\u0103\u021b\u0103m\u00e2ntul liceal, c\u00e2t \u0219i a persoanelor adulte. Examenul va fi structurat \u00een patru componente: \u00een\u021belegere prin audiere, \u00een\u021belegerea textului scris, exprimare scris\u0103 \u0219i [&hellip;]<\/p>\n","protected":false},"author":3,"featured_media":156560,"comment_status":"closed","ping_status":"closed","sticky":false,"template":"","format":"standard","meta":{"footnotes":""},"categories":[602,570],"tags":[],"class_list":["post-156559","post","type-post","status-publish","format-standard","has-post-thumbnail","hentry","category-actualitate","category-in-moldova"],"yoast_head":"<!-- This site is optimized with the Yoast SEO plugin v27.5 - https:\/\/yoast.com\/product\/yoast-seo-wordpress\/ -->\n<title>Elevii de liceu \u0219i adul\u021bii vor ob\u021bine certificat pentru comunicarea \u00een limba rom\u00e2n\u0103. Ce avantaje aduce \u0219i de ce este nevoie - BasTV<\/title>\n<meta name=\"description\" content=\"Un nou mecanism na\u021bional de certificare a competen\u021belor de comunicare \u00een limba rom\u00e2n\u0103 va fi implementat \u00een Republica Moldova. Hot\u0103r\u00e2rea a fost aprobat\u0103 de Guvern \u0219i prevede evaluarea at\u00e2t a elevilor din \u00eenv\u0103\u021b\u0103m\u00e2ntul liceal, c\u00e2t \u0219i a persoanelor adulte.\" \/>\n<meta name=\"robots\" content=\"index, follow, max-snippet:-1, max-image-preview:large, max-video-preview:-1\" \/>\n<link rel=\"canonical\" href=\"https:\/\/bas-tv.md\/ro\/certificare-competente-limba-romana-liceeni-adulti\/\" \/>\n<meta property=\"og:locale\" content=\"ro_RO\" \/>\n<meta property=\"og:type\" content=\"article\" \/>\n<meta property=\"og:title\" content=\"Elevii de liceu \u0219i adul\u021bii vor ob\u021bine certificat pentru comunicarea \u00een limba rom\u00e2n\u0103. Ce avantaje aduce \u0219i de ce este nevoie - BasTV\" \/>\n<meta property=\"og:description\" content=\"Un nou mecanism na\u021bional de certificare a competen\u021belor de comunicare \u00een limba rom\u00e2n\u0103 va fi implementat \u00een Republica Moldova. Hot\u0103r\u00e2rea a fost aprobat\u0103 de Guvern \u0219i prevede evaluarea at\u00e2t a elevilor din \u00eenv\u0103\u021b\u0103m\u00e2ntul liceal, c\u00e2t \u0219i a persoanelor adulte.\" \/>\n<meta property=\"og:url\" content=\"https:\/\/bas-tv.md\/ro\/certificare-competente-limba-romana-liceeni-adulti\/\" \/>\n<meta property=\"og:site_name\" content=\"BasTV\" \/>\n<meta property=\"article:published_time\" content=\"2025-07-30T11:30:17+00:00\" \/>\n<meta property=\"og:image\" content=\"https:\/\/bas-tv.md\/wp-content\/uploads\/2025\/07\/evaluarea-nationala-2025-la-limba-romana.webp\" \/>\n\t<meta property=\"og:image:width\" content=\"1206\" \/>\n\t<meta property=\"og:image:height\" content=\"678\" \/>\n\t<meta property=\"og:image:type\" content=\"image\/webp\" \/>\n<meta name=\"author\" content=\"Redactor\" \/>\n<meta name=\"twitter:card\" content=\"summary_large_image\" \/>\n<meta name=\"twitter:label1\" content=\"Scris de\" \/>\n\t<meta name=\"twitter:data1\" content=\"Redactor\" \/>\n\t<meta name=\"twitter:label2\" content=\"Timp estimat pentru citire\" \/>\n\t<meta name=\"twitter:data2\" content=\"2 minute\" \/>\n<script type=\"application\/ld+json\" class=\"yoast-schema-graph\">{\"@context\":\"https:\\\/\\\/schema.org\",\"@graph\":[{\"@type\":\"Article\",\"@id\":\"https:\\\/\\\/bas-tv.md\\\/ro\\\/certificare-competente-limba-romana-liceeni-adulti\\\/#article\",\"isPartOf\":{\"@id\":\"https:\\\/\\\/bas-tv.md\\\/ro\\\/certificare-competente-limba-romana-liceeni-adulti\\\/\"},\"author\":{\"name\":\"Redactor\",\"@id\":\"https:\\\/\\\/bas-tv.md\\\/ro\\\/#\\\/schema\\\/person\\\/8740f45ea2eca1f1695284fc03529af0\"},\"headline\":\"Elevii de liceu \u0219i adul\u021bii vor ob\u021bine certificat pentru comunicarea \u00een limba rom\u00e2n\u0103. Ce avantaje aduce \u0219i de ce este nevoie\",\"datePublished\":\"2025-07-30T11:30:17+00:00\",\"mainEntityOfPage\":{\"@id\":\"https:\\\/\\\/bas-tv.md\\\/ro\\\/certificare-competente-limba-romana-liceeni-adulti\\\/\"},\"wordCount\":340,\"publisher\":{\"@id\":\"https:\\\/\\\/bas-tv.md\\\/ro\\\/#organization\"},\"image\":{\"@id\":\"https:\\\/\\\/bas-tv.md\\\/ro\\\/certificare-competente-limba-romana-liceeni-adulti\\\/#primaryimage\"},\"thumbnailUrl\":\"https:\\\/\\\/bas-tv.md\\\/wp-content\\\/uploads\\\/2025\\\/07\\\/evaluarea-nationala-2025-la-limba-romana.webp\",\"articleSection\":[\"Actualitate\",\"\u00cen Moldova\"],\"inLanguage\":\"ro-RO\"},{\"@type\":\"WebPage\",\"@id\":\"https:\\\/\\\/bas-tv.md\\\/ro\\\/certificare-competente-limba-romana-liceeni-adulti\\\/\",\"url\":\"https:\\\/\\\/bas-tv.md\\\/ro\\\/certificare-competente-limba-romana-liceeni-adulti\\\/\",\"name\":\"Elevii de liceu \u0219i adul\u021bii vor ob\u021bine certificat pentru comunicarea \u00een limba rom\u00e2n\u0103. Ce avantaje aduce \u0219i de ce este nevoie - BasTV\",\"isPartOf\":{\"@id\":\"https:\\\/\\\/bas-tv.md\\\/ro\\\/#website\"},\"primaryImageOfPage\":{\"@id\":\"https:\\\/\\\/bas-tv.md\\\/ro\\\/certificare-competente-limba-romana-liceeni-adulti\\\/#primaryimage\"},\"image\":{\"@id\":\"https:\\\/\\\/bas-tv.md\\\/ro\\\/certificare-competente-limba-romana-liceeni-adulti\\\/#primaryimage\"},\"thumbnailUrl\":\"https:\\\/\\\/bas-tv.md\\\/wp-content\\\/uploads\\\/2025\\\/07\\\/evaluarea-nationala-2025-la-limba-romana.webp\",\"datePublished\":\"2025-07-30T11:30:17+00:00\",\"description\":\"Un nou mecanism na\u021bional de certificare a competen\u021belor de comunicare \u00een limba rom\u00e2n\u0103 va fi implementat \u00een Republica Moldova. Hot\u0103r\u00e2rea a fost aprobat\u0103 de Guvern \u0219i prevede evaluarea at\u00e2t a elevilor din \u00eenv\u0103\u021b\u0103m\u00e2ntul liceal, c\u00e2t \u0219i a persoanelor adulte.\",\"inLanguage\":\"ro-RO\",\"potentialAction\":[{\"@type\":\"ReadAction\",\"target\":[\"https:\\\/\\\/bas-tv.md\\\/ro\\\/certificare-competente-limba-romana-liceeni-adulti\\\/\"]}]},{\"@type\":\"ImageObject\",\"inLanguage\":\"ro-RO\",\"@id\":\"https:\\\/\\\/bas-tv.md\\\/ro\\\/certificare-competente-limba-romana-liceeni-adulti\\\/#primaryimage\",\"url\":\"https:\\\/\\\/bas-tv.md\\\/wp-content\\\/uploads\\\/2025\\\/07\\\/evaluarea-nationala-2025-la-limba-romana.webp\",\"contentUrl\":\"https:\\\/\\\/bas-tv.md\\\/wp-content\\\/uploads\\\/2025\\\/07\\\/evaluarea-nationala-2025-la-limba-romana.webp\",\"width\":1206,\"height\":678,\"caption\":\"Foto: playtech.ro\"},{\"@type\":\"WebSite\",\"@id\":\"https:\\\/\\\/bas-tv.md\\\/ro\\\/#website\",\"url\":\"https:\\\/\\\/bas-tv.md\\\/ro\\\/\",\"name\":\"BasTV\",\"description\":\"Moldova\",\"publisher\":{\"@id\":\"https:\\\/\\\/bas-tv.md\\\/ro\\\/#organization\"},\"potentialAction\":[{\"@type\":\"SearchAction\",\"target\":{\"@type\":\"EntryPoint\",\"urlTemplate\":\"https:\\\/\\\/bas-tv.md\\\/ro\\\/?s={search_term_string}\"},\"query-input\":{\"@type\":\"PropertyValueSpecification\",\"valueRequired\":true,\"valueName\":\"search_term_string\"}}],\"inLanguage\":\"ro-RO\"},{\"@type\":\"Organization\",\"@id\":\"https:\\\/\\\/bas-tv.md\\\/ro\\\/#organization\",\"name\":\"BasTV\",\"url\":\"https:\\\/\\\/bas-tv.md\\\/ro\\\/\",\"logo\":{\"@type\":\"ImageObject\",\"inLanguage\":\"ro-RO\",\"@id\":\"https:\\\/\\\/bas-tv.md\\\/ro\\\/#\\\/schema\\\/logo\\\/image\\\/\",\"url\":\"https:\\\/\\\/bas-tv.md\\\/wp-content\\\/uploads\\\/2023\\\/05\\\/bas-tv-culoarea-rosie.png\",\"contentUrl\":\"https:\\\/\\\/bas-tv.md\\\/wp-content\\\/uploads\\\/2023\\\/05\\\/bas-tv-culoarea-rosie.png\",\"width\":202,\"height\":50,\"caption\":\"BasTV\"},\"image\":{\"@id\":\"https:\\\/\\\/bas-tv.md\\\/ro\\\/#\\\/schema\\\/logo\\\/image\\\/\"}},{\"@type\":\"Person\",\"@id\":\"https:\\\/\\\/bas-tv.md\\\/ro\\\/#\\\/schema\\\/person\\\/8740f45ea2eca1f1695284fc03529af0\",\"name\":\"Redactor\",\"image\":{\"@type\":\"ImageObject\",\"inLanguage\":\"ro-RO\",\"@id\":\"https:\\\/\\\/bas-tv.md\\\/wp-content\\\/litespeed\\\/avatar\\\/91c0586f3f6f4396a4ec1287c965eeeb.jpg?ver=1776950945\",\"url\":\"https:\\\/\\\/bas-tv.md\\\/wp-content\\\/litespeed\\\/avatar\\\/91c0586f3f6f4396a4ec1287c965eeeb.jpg?ver=1776950945\",\"contentUrl\":\"https:\\\/\\\/bas-tv.md\\\/wp-content\\\/litespeed\\\/avatar\\\/91c0586f3f6f4396a4ec1287c965eeeb.jpg?ver=1776950945\",\"caption\":\"Redactor\"},\"url\":\"https:\\\/\\\/bas-tv.md\\\/ro\\\/author\\\/redactor\\\/\"}]}<\/script>\n<!-- \/ Yoast SEO plugin. -->","yoast_head_json":{"title":"Elevii de liceu \u0219i adul\u021bii vor ob\u021bine certificat pentru comunicarea \u00een limba rom\u00e2n\u0103. Ce avantaje aduce \u0219i de ce este nevoie - BasTV","description":"Un nou mecanism na\u021bional de certificare a competen\u021belor de comunicare \u00een limba rom\u00e2n\u0103 va fi implementat \u00een Republica Moldova. Hot\u0103r\u00e2rea a fost aprobat\u0103 de Guvern \u0219i prevede evaluarea at\u00e2t a elevilor din \u00eenv\u0103\u021b\u0103m\u00e2ntul liceal, c\u00e2t \u0219i a persoanelor adulte.","robots":{"index":"index","follow":"follow","max-snippet":"max-snippet:-1","max-image-preview":"max-image-preview:large","max-video-preview":"max-video-preview:-1"},"canonical":"https:\/\/bas-tv.md\/ro\/certificare-competente-limba-romana-liceeni-adulti\/","og_locale":"ro_RO","og_type":"article","og_title":"Elevii de liceu \u0219i adul\u021bii vor ob\u021bine certificat pentru comunicarea \u00een limba rom\u00e2n\u0103. Ce avantaje aduce \u0219i de ce este nevoie - BasTV","og_description":"Un nou mecanism na\u021bional de certificare a competen\u021belor de comunicare \u00een limba rom\u00e2n\u0103 va fi implementat \u00een Republica Moldova. Hot\u0103r\u00e2rea a fost aprobat\u0103 de Guvern \u0219i prevede evaluarea at\u00e2t a elevilor din \u00eenv\u0103\u021b\u0103m\u00e2ntul liceal, c\u00e2t \u0219i a persoanelor adulte.","og_url":"https:\/\/bas-tv.md\/ro\/certificare-competente-limba-romana-liceeni-adulti\/","og_site_name":"BasTV","article_published_time":"2025-07-30T11:30:17+00:00","og_image":[{"width":1206,"height":678,"url":"https:\/\/bas-tv.md\/wp-content\/uploads\/2025\/07\/evaluarea-nationala-2025-la-limba-romana.webp","type":"image\/webp"}],"author":"Redactor","twitter_card":"summary_large_image","twitter_misc":{"Scris de":"Redactor","Timp estimat pentru citire":"2 minute"},"schema":{"@context":"https:\/\/schema.org","@graph":[{"@type":"Article","@id":"https:\/\/bas-tv.md\/ro\/certificare-competente-limba-romana-liceeni-adulti\/#article","isPartOf":{"@id":"https:\/\/bas-tv.md\/ro\/certificare-competente-limba-romana-liceeni-adulti\/"},"author":{"name":"Redactor","@id":"https:\/\/bas-tv.md\/ro\/#\/schema\/person\/8740f45ea2eca1f1695284fc03529af0"},"headline":"Elevii de liceu \u0219i adul\u021bii vor ob\u021bine certificat pentru comunicarea \u00een limba rom\u00e2n\u0103. Ce avantaje aduce \u0219i de ce este nevoie","datePublished":"2025-07-30T11:30:17+00:00","mainEntityOfPage":{"@id":"https:\/\/bas-tv.md\/ro\/certificare-competente-limba-romana-liceeni-adulti\/"},"wordCount":340,"publisher":{"@id":"https:\/\/bas-tv.md\/ro\/#organization"},"image":{"@id":"https:\/\/bas-tv.md\/ro\/certificare-competente-limba-romana-liceeni-adulti\/#primaryimage"},"thumbnailUrl":"https:\/\/bas-tv.md\/wp-content\/uploads\/2025\/07\/evaluarea-nationala-2025-la-limba-romana.webp","articleSection":["Actualitate","\u00cen Moldova"],"inLanguage":"ro-RO"},{"@type":"WebPage","@id":"https:\/\/bas-tv.md\/ro\/certificare-competente-limba-romana-liceeni-adulti\/","url":"https:\/\/bas-tv.md\/ro\/certificare-competente-limba-romana-liceeni-adulti\/","name":"Elevii de liceu \u0219i adul\u021bii vor ob\u021bine certificat pentru comunicarea \u00een limba rom\u00e2n\u0103. Ce avantaje aduce \u0219i de ce este nevoie - BasTV","isPartOf":{"@id":"https:\/\/bas-tv.md\/ro\/#website"},"primaryImageOfPage":{"@id":"https:\/\/bas-tv.md\/ro\/certificare-competente-limba-romana-liceeni-adulti\/#primaryimage"},"image":{"@id":"https:\/\/bas-tv.md\/ro\/certificare-competente-limba-romana-liceeni-adulti\/#primaryimage"},"thumbnailUrl":"https:\/\/bas-tv.md\/wp-content\/uploads\/2025\/07\/evaluarea-nationala-2025-la-limba-romana.webp","datePublished":"2025-07-30T11:30:17+00:00","description":"Un nou mecanism na\u021bional de certificare a competen\u021belor de comunicare \u00een limba rom\u00e2n\u0103 va fi implementat \u00een Republica Moldova. Hot\u0103r\u00e2rea a fost aprobat\u0103 de Guvern \u0219i prevede evaluarea at\u00e2t a elevilor din \u00eenv\u0103\u021b\u0103m\u00e2ntul liceal, c\u00e2t \u0219i a persoanelor adulte.","inLanguage":"ro-RO","potentialAction":[{"@type":"ReadAction","target":["https:\/\/bas-tv.md\/ro\/certificare-competente-limba-romana-liceeni-adulti\/"]}]},{"@type":"ImageObject","inLanguage":"ro-RO","@id":"https:\/\/bas-tv.md\/ro\/certificare-competente-limba-romana-liceeni-adulti\/#primaryimage","url":"https:\/\/bas-tv.md\/wp-content\/uploads\/2025\/07\/evaluarea-nationala-2025-la-limba-romana.webp","contentUrl":"https:\/\/bas-tv.md\/wp-content\/uploads\/2025\/07\/evaluarea-nationala-2025-la-limba-romana.webp","width":1206,"height":678,"caption":"Foto: playtech.ro"},{"@type":"WebSite","@id":"https:\/\/bas-tv.md\/ro\/#website","url":"https:\/\/bas-tv.md\/ro\/","name":"BasTV","description":"Moldova","publisher":{"@id":"https:\/\/bas-tv.md\/ro\/#organization"},"potentialAction":[{"@type":"SearchAction","target":{"@type":"EntryPoint","urlTemplate":"https:\/\/bas-tv.md\/ro\/?s={search_term_string}"},"query-input":{"@type":"PropertyValueSpecification","valueRequired":true,"valueName":"search_term_string"}}],"inLanguage":"ro-RO"},{"@type":"Organization","@id":"https:\/\/bas-tv.md\/ro\/#organization","name":"BasTV","url":"https:\/\/bas-tv.md\/ro\/","logo":{"@type":"ImageObject","inLanguage":"ro-RO","@id":"https:\/\/bas-tv.md\/ro\/#\/schema\/logo\/image\/","url":"https:\/\/bas-tv.md\/wp-content\/uploads\/2023\/05\/bas-tv-culoarea-rosie.png","contentUrl":"https:\/\/bas-tv.md\/wp-content\/uploads\/2023\/05\/bas-tv-culoarea-rosie.png","width":202,"height":50,"caption":"BasTV"},"image":{"@id":"https:\/\/bas-tv.md\/ro\/#\/schema\/logo\/image\/"}},{"@type":"Person","@id":"https:\/\/bas-tv.md\/ro\/#\/schema\/person\/8740f45ea2eca1f1695284fc03529af0","name":"Redactor","image":{"@type":"ImageObject","inLanguage":"ro-RO","@id":"https:\/\/bas-tv.md\/wp-content\/litespeed\/avatar\/91c0586f3f6f4396a4ec1287c965eeeb.jpg?ver=1776950945","url":"https:\/\/bas-tv.md\/wp-content\/litespeed\/avatar\/91c0586f3f6f4396a4ec1287c965eeeb.jpg?ver=1776950945","contentUrl":"https:\/\/bas-tv.md\/wp-content\/litespeed\/avatar\/91c0586f3f6f4396a4ec1287c965eeeb.jpg?ver=1776950945","caption":"Redactor"},"url":"https:\/\/bas-tv.md\/ro\/author\/redactor\/"}]}},"views":259,"_links":{"self":[{"href":"https:\/\/bas-tv.md\/ro\/wp-json\/wp\/v2\/posts\/156559","targetHints":{"allow":["GET"]}}],"collection":[{"href":"https:\/\/bas-tv.md\/ro\/wp-json\/wp\/v2\/posts"}],"about":[{"href":"https:\/\/bas-tv.md\/ro\/wp-json\/wp\/v2\/types\/post"}],"author":[{"embeddable":true,"href":"https:\/\/bas-tv.md\/ro\/wp-json\/wp\/v2\/users\/3"}],"replies":[{"embeddable":true,"href":"https:\/\/bas-tv.md\/ro\/wp-json\/wp\/v2\/comments?post=156559"}],"version-history":[{"count":1,"href":"https:\/\/bas-tv.md\/ro\/wp-json\/wp\/v2\/posts\/156559\/revisions"}],"predecessor-version":[{"id":156562,"href":"https:\/\/bas-tv.md\/ro\/wp-json\/wp\/v2\/posts\/156559\/revisions\/156562"}],"wp:featuredmedia":[{"embeddable":true,"href":"https:\/\/bas-tv.md\/ro\/wp-json\/wp\/v2\/media\/156560"}],"wp:attachment":[{"href":"https:\/\/bas-tv.md\/ro\/wp-json\/wp\/v2\/media?parent=156559"}],"wp:term":[{"taxonomy":"category","embeddable":true,"href":"https:\/\/bas-tv.md\/ro\/wp-json\/wp\/v2\/categories?post=156559"},{"taxonomy":"post_tag","embeddable":true,"href":"https:\/\/bas-tv.md\/ro\/wp-json\/wp\/v2\/tags?post=156559"}],"curies":[{"name":"wp","href":"https:\/\/api.w.org\/{rel}","templated":true}]}}