{"id":156573,"date":"2025-07-30T17:30:59","date_gmt":"2025-07-30T14:30:59","guid":{"rendered":"https:\/\/bas-tv.md\/?p=156573"},"modified":"2025-10-06T14:04:04","modified_gmt":"2025-10-06T11:04:04","slug":"din-octombrie-ue-introduce-un-nou-sistem-de-control-la-frontiera-pentru-cetatenii-din-afara-uniunii-inclusiv-moldova","status":"publish","type":"post","link":"https:\/\/bas-tv.md\/ro\/din-octombrie-ue-introduce-un-nou-sistem-de-control-la-frontiera-pentru-cetatenii-din-afara-uniunii-inclusiv-moldova\/","title":{"rendered":"Din octombrie, UE introduce un nou sistem de control la frontier\u0103 pentru cet\u0103\u021benii din afara Uniunii, inclusiv Moldova"},"content":{"rendered":"<p data-start=\"599\" data-end=\"876\"><strong>Uniunea European\u0103 va introduce din octombrie 2025 un nou sistem de control la frontier\u0103 pentru cet\u0103\u021benii din afara spa\u021biului comunitar, inclusiv din Republica Moldova. Decizia vine dup\u0103 mai multe am\u00e2n\u0103ri, sistemul fiind ini\u021bial planificat s\u0103 intre \u00een vigoare \u00een noiembrie 2023.<\/strong><\/p>\n<p data-start=\"878\" data-end=\"1206\">Sistemul de intrare\/ie\u0219ire (Entry\/Exit System \u2013 EES) va \u00eenlocui \u0219tampilele aplicate manual \u00een pa\u0219apoarte cu un mecanism digital automatizat. Acesta va \u00eenregistra data de intrare \u0219i ie\u0219ire a fiec\u0103rui cet\u0103\u021bean non-UE, va monitoriza eventualele dep\u0103\u0219iri ale termenului de \u0219edere \u0219i va semnala cazurile \u00een care accesul este refuzat.<\/p>\n<p data-start=\"1208\" data-end=\"1358\">Pe l\u00e2ng\u0103 datele de c\u0103l\u0103torie, sistemul va colecta \u0219i date biometrice, precum imaginea facial\u0103 \u0219i amprentele digitale ale persoanelor care intr\u0103 \u00een UE.<\/p>\n<p data-start=\"1360\" data-end=\"1688\">Implementarea EES a st\u00e2rnit \u00eengrijor\u0103ri \u00een r\u00e2ndul transportatorilor \u0219i pasagerilor, \u00een special din cauza posibilelor \u00eent\u00e2rzieri \u0219i cozi mai mari \u00een g\u0103ri, aeroporturi sau puncte de trecere a frontierei maritime. Din acest motiv, autorit\u0103\u021bile europene au optat pentru o introducere treptat\u0103 a sistemului, \u00eencep\u00e2nd cu 12 octombrie.<\/p>\n<p data-start=\"1690\" data-end=\"1853\">Conform Comisiei Europene, sistemul EES va contribui la \u00eent\u0103rirea securit\u0103\u021bii la nivel european, prevenirea \u0219ederilor ilegale \u0219i reducerea fraudelor de identitate.<\/p>\n<p data-start=\"1855\" data-end=\"2090\">M\u0103sura se aplic\u0103 \u00een toate cele 27 de state membre UE, cu excep\u021bia Irlandei \u0219i Ciprului. Totodat\u0103, \u0219i \u021b\u0103ri din spa\u021biul Schengen care nu fac parte din Uniune \u2013 precum Norvegia, Islanda, Elve\u021bia \u0219i Liechtenstein \u2013 vor implementa sistemul.<\/p>\n<p><em>Acest material a fost elaborat \u00een cadrul proiectului \u201eMass-media local\u0103 din Basarabeasca pentru valorile europene\u201d, implementat de redac\u021bia BAStv cu sprijinul financiar al Ambasadei Republicii Cehe \u00een Republica Moldova.<\/em><\/p>\n<p data-start=\"2926\" data-end=\"3252\"><img fetchpriority=\"high\" decoding=\"async\" class=\"aligncenter size-full wp-image-151845\" src=\"https:\/\/bas-tv.md\/wp-content\/uploads\/2025\/06\/snimok-ekrana-2025-05-26-141459-768x139-1.png\" sizes=\"(max-width: 768px) 100vw, 768px\" srcset=\"https:\/\/bas-tv.md\/wp-content\/uploads\/2025\/06\/snimok-ekrana-2025-05-26-141459-768x139-1.png 768w, https:\/\/bas-tv.md\/wp-content\/uploads\/2025\/06\/snimok-ekrana-2025-05-26-141459-768x139-1-300x54.png 300w\" alt=\"\" width=\"768\" height=\"139\" \/><\/p>\n<p><strong>Sus\u021bine\u021bi redac\u021bia BAStv, abona\u021bi-v\u0103 la noi pe platforma\u00a0<a href=\"https:\/\/www.patreon.com\/BAStv?fan_landing=true&amp;fbclid=IwAR3MeSDKfH4ixBydCXX9D1lhrCszhps3ID5uxuGA-Ktd4MTkZCRdlcEZkQI\">Patreon\u00a0<\/a>sau prin efectuarea contribu\u021biilor prin\u00a0<a href=\"https:\/\/www.paypal.com\/paypalme\/supportbastv\">PayPal<\/a>! Aceasta ne va ajuta s\u0103 cre\u0103m con\u021binut interesant \u0219i util pentru dvs., r\u0103m\u00e2n\u00e2nd \u00een continuare o platform\u0103 media independent\u0103.<\/strong><\/p>\n<p><b>Abona\u021bi-v\u0103 la noi pe re\u021bele sociale:\u00a0<\/b><a href=\"https:\/\/t.me\/bastvmd\"><b><i>Telegram<\/i><\/b><\/a><b>,\u00a0<\/b><a href=\"https:\/\/www.youtube.com\/channel\/UC-9005PnLnhpNM8PVSjP2dQ\/featured\"><b><i>YouTube<\/i><\/b><\/a><b>,\u00a0<\/b><a href=\"https:\/\/www.facebook.com\/bastv.md\"><b><i>Facebook<\/i><\/b><\/a>\u00a0<strong>\u0219i\u00a0<\/strong><a href=\"https:\/\/www.instagram.com\/bastv.md\/\"><b><i>Instagram<\/i><\/b><\/a><b>. Aici public\u0103m \u0219tiri pe scurt!<\/b><\/p>\n","protected":false},"excerpt":{"rendered":"<p>Uniunea European\u0103 va introduce din octombrie 2025 un nou sistem de control la frontier\u0103 pentru cet\u0103\u021benii din afara spa\u021biului comunitar, inclusiv din Republica Moldova. Decizia vine dup\u0103 mai multe am\u00e2n\u0103ri, sistemul fiind ini\u021bial planificat s\u0103 intre \u00een vigoare \u00een noiembrie 2023. Sistemul de intrare\/ie\u0219ire (Entry\/Exit System \u2013 EES) va \u00eenlocui \u0219tampilele aplicate manual \u00een pa\u0219apoarte [&hellip;]<\/p>\n","protected":false},"author":3,"featured_media":156574,"comment_status":"closed","ping_status":"closed","sticky":false,"template":"","format":"standard","meta":{"footnotes":""},"categories":[602,571],"tags":[],"class_list":["post-156573","post","type-post","status-publish","format-standard","has-post-thumbnail","hentry","category-actualitate","category-in-lume-actualitate"],"yoast_head":"<!-- This site is optimized with the Yoast SEO plugin v27.5 - https:\/\/yoast.com\/product\/yoast-seo-wordpress\/ -->\n<title>Din octombrie, UE introduce un nou sistem de control la frontier\u0103 pentru cet\u0103\u021benii din afara Uniunii, inclusiv Moldova - BasTV<\/title>\n<meta name=\"description\" content=\"Uniunea European\u0103 va introduce din octombrie 2025 un nou sistem de control la frontier\u0103 pentru cet\u0103\u021benii din afara spa\u021biului comunitar, inclusiv din Republica Moldova. Decizia vine dup\u0103 mai multe am\u00e2n\u0103ri, sistemul fiind ini\u021bial planificat s\u0103 intre \u00een vigoare \u00een noiembrie 2023.\" \/>\n<meta name=\"robots\" content=\"index, follow, max-snippet:-1, max-image-preview:large, max-video-preview:-1\" \/>\n<link rel=\"canonical\" href=\"https:\/\/bas-tv.md\/ro\/din-octombrie-ue-introduce-un-nou-sistem-de-control-la-frontiera-pentru-cetatenii-din-afara-uniunii-inclusiv-moldova\/\" \/>\n<meta property=\"og:locale\" content=\"ro_RO\" \/>\n<meta property=\"og:type\" content=\"article\" \/>\n<meta property=\"og:title\" content=\"Din octombrie, UE introduce un nou sistem de control la frontier\u0103 pentru cet\u0103\u021benii din afara Uniunii, inclusiv Moldova - BasTV\" \/>\n<meta property=\"og:description\" content=\"Uniunea European\u0103 va introduce din octombrie 2025 un nou sistem de control la frontier\u0103 pentru cet\u0103\u021benii din afara spa\u021biului comunitar, inclusiv din Republica Moldova. Decizia vine dup\u0103 mai multe am\u00e2n\u0103ri, sistemul fiind ini\u021bial planificat s\u0103 intre \u00een vigoare \u00een noiembrie 2023.\" \/>\n<meta property=\"og:url\" content=\"https:\/\/bas-tv.md\/ro\/din-octombrie-ue-introduce-un-nou-sistem-de-control-la-frontiera-pentru-cetatenii-din-afara-uniunii-inclusiv-moldova\/\" \/>\n<meta property=\"og:site_name\" content=\"BasTV\" \/>\n<meta property=\"article:published_time\" content=\"2025-07-30T14:30:59+00:00\" \/>\n<meta property=\"article:modified_time\" content=\"2025-10-06T11:04:04+00:00\" \/>\n<meta property=\"og:image\" content=\"https:\/\/bas-tv.md\/wp-content\/uploads\/2025\/07\/468300086_985018840328832_1247326676323028741_n.jpg\" \/>\n\t<meta property=\"og:image:width\" content=\"2048\" \/>\n\t<meta property=\"og:image:height\" content=\"1365\" \/>\n\t<meta property=\"og:image:type\" content=\"image\/jpeg\" \/>\n<meta name=\"author\" content=\"Redactor\" \/>\n<meta name=\"twitter:card\" content=\"summary_large_image\" \/>\n<meta name=\"twitter:label1\" content=\"Scris de\" \/>\n\t<meta name=\"twitter:data1\" content=\"Redactor\" \/>\n\t<meta name=\"twitter:label2\" content=\"Timp estimat pentru citire\" \/>\n\t<meta name=\"twitter:data2\" content=\"3 minute\" \/>\n<script type=\"application\/ld+json\" class=\"yoast-schema-graph\">{\"@context\":\"https:\\\/\\\/schema.org\",\"@graph\":[{\"@type\":\"Article\",\"@id\":\"https:\\\/\\\/bas-tv.md\\\/ro\\\/din-octombrie-ue-introduce-un-nou-sistem-de-control-la-frontiera-pentru-cetatenii-din-afara-uniunii-inclusiv-moldova\\\/#article\",\"isPartOf\":{\"@id\":\"https:\\\/\\\/bas-tv.md\\\/ro\\\/din-octombrie-ue-introduce-un-nou-sistem-de-control-la-frontiera-pentru-cetatenii-din-afara-uniunii-inclusiv-moldova\\\/\"},\"author\":{\"name\":\"Redactor\",\"@id\":\"https:\\\/\\\/bas-tv.md\\\/ro\\\/#\\\/schema\\\/person\\\/8740f45ea2eca1f1695284fc03529af0\"},\"headline\":\"Din octombrie, UE introduce un nou sistem de control la frontier\u0103 pentru cet\u0103\u021benii din afara Uniunii, inclusiv Moldova\",\"datePublished\":\"2025-07-30T14:30:59+00:00\",\"dateModified\":\"2025-10-06T11:04:04+00:00\",\"mainEntityOfPage\":{\"@id\":\"https:\\\/\\\/bas-tv.md\\\/ro\\\/din-octombrie-ue-introduce-un-nou-sistem-de-control-la-frontiera-pentru-cetatenii-din-afara-uniunii-inclusiv-moldova\\\/\"},\"wordCount\":353,\"publisher\":{\"@id\":\"https:\\\/\\\/bas-tv.md\\\/ro\\\/#organization\"},\"image\":{\"@id\":\"https:\\\/\\\/bas-tv.md\\\/ro\\\/din-octombrie-ue-introduce-un-nou-sistem-de-control-la-frontiera-pentru-cetatenii-din-afara-uniunii-inclusiv-moldova\\\/#primaryimage\"},\"thumbnailUrl\":\"https:\\\/\\\/bas-tv.md\\\/wp-content\\\/uploads\\\/2025\\\/07\\\/468300086_985018840328832_1247326676323028741_n.jpg\",\"articleSection\":[\"Actualitate\",\"\u00cen lume\"],\"inLanguage\":\"ro-RO\"},{\"@type\":\"WebPage\",\"@id\":\"https:\\\/\\\/bas-tv.md\\\/ro\\\/din-octombrie-ue-introduce-un-nou-sistem-de-control-la-frontiera-pentru-cetatenii-din-afara-uniunii-inclusiv-moldova\\\/\",\"url\":\"https:\\\/\\\/bas-tv.md\\\/ro\\\/din-octombrie-ue-introduce-un-nou-sistem-de-control-la-frontiera-pentru-cetatenii-din-afara-uniunii-inclusiv-moldova\\\/\",\"name\":\"Din octombrie, UE introduce un nou sistem de control la frontier\u0103 pentru cet\u0103\u021benii din afara Uniunii, inclusiv Moldova - BasTV\",\"isPartOf\":{\"@id\":\"https:\\\/\\\/bas-tv.md\\\/ro\\\/#website\"},\"primaryImageOfPage\":{\"@id\":\"https:\\\/\\\/bas-tv.md\\\/ro\\\/din-octombrie-ue-introduce-un-nou-sistem-de-control-la-frontiera-pentru-cetatenii-din-afara-uniunii-inclusiv-moldova\\\/#primaryimage\"},\"image\":{\"@id\":\"https:\\\/\\\/bas-tv.md\\\/ro\\\/din-octombrie-ue-introduce-un-nou-sistem-de-control-la-frontiera-pentru-cetatenii-din-afara-uniunii-inclusiv-moldova\\\/#primaryimage\"},\"thumbnailUrl\":\"https:\\\/\\\/bas-tv.md\\\/wp-content\\\/uploads\\\/2025\\\/07\\\/468300086_985018840328832_1247326676323028741_n.jpg\",\"datePublished\":\"2025-07-30T14:30:59+00:00\",\"dateModified\":\"2025-10-06T11:04:04+00:00\",\"description\":\"Uniunea European\u0103 va introduce din octombrie 2025 un nou sistem de control la frontier\u0103 pentru cet\u0103\u021benii din afara spa\u021biului comunitar, inclusiv din Republica Moldova. Decizia vine dup\u0103 mai multe am\u00e2n\u0103ri, sistemul fiind ini\u021bial planificat s\u0103 intre \u00een vigoare \u00een noiembrie 2023.\",\"inLanguage\":\"ro-RO\",\"potentialAction\":[{\"@type\":\"ReadAction\",\"target\":[\"https:\\\/\\\/bas-tv.md\\\/ro\\\/din-octombrie-ue-introduce-un-nou-sistem-de-control-la-frontiera-pentru-cetatenii-din-afara-uniunii-inclusiv-moldova\\\/\"]}]},{\"@type\":\"ImageObject\",\"inLanguage\":\"ro-RO\",\"@id\":\"https:\\\/\\\/bas-tv.md\\\/ro\\\/din-octombrie-ue-introduce-un-nou-sistem-de-control-la-frontiera-pentru-cetatenii-din-afara-uniunii-inclusiv-moldova\\\/#primaryimage\",\"url\":\"https:\\\/\\\/bas-tv.md\\\/wp-content\\\/uploads\\\/2025\\\/07\\\/468300086_985018840328832_1247326676323028741_n.jpg\",\"contentUrl\":\"https:\\\/\\\/bas-tv.md\\\/wp-content\\\/uploads\\\/2025\\\/07\\\/468300086_985018840328832_1247326676323028741_n.jpg\",\"width\":2048,\"height\":1365,\"caption\":\"Foto:\"},{\"@type\":\"WebSite\",\"@id\":\"https:\\\/\\\/bas-tv.md\\\/ro\\\/#website\",\"url\":\"https:\\\/\\\/bas-tv.md\\\/ro\\\/\",\"name\":\"BasTV\",\"description\":\"Moldova\",\"publisher\":{\"@id\":\"https:\\\/\\\/bas-tv.md\\\/ro\\\/#organization\"},\"potentialAction\":[{\"@type\":\"SearchAction\",\"target\":{\"@type\":\"EntryPoint\",\"urlTemplate\":\"https:\\\/\\\/bas-tv.md\\\/ro\\\/?s={search_term_string}\"},\"query-input\":{\"@type\":\"PropertyValueSpecification\",\"valueRequired\":true,\"valueName\":\"search_term_string\"}}],\"inLanguage\":\"ro-RO\"},{\"@type\":\"Organization\",\"@id\":\"https:\\\/\\\/bas-tv.md\\\/ro\\\/#organization\",\"name\":\"BasTV\",\"url\":\"https:\\\/\\\/bas-tv.md\\\/ro\\\/\",\"logo\":{\"@type\":\"ImageObject\",\"inLanguage\":\"ro-RO\",\"@id\":\"https:\\\/\\\/bas-tv.md\\\/ro\\\/#\\\/schema\\\/logo\\\/image\\\/\",\"url\":\"https:\\\/\\\/bas-tv.md\\\/wp-content\\\/uploads\\\/2023\\\/05\\\/bas-tv-culoarea-rosie.png\",\"contentUrl\":\"https:\\\/\\\/bas-tv.md\\\/wp-content\\\/uploads\\\/2023\\\/05\\\/bas-tv-culoarea-rosie.png\",\"width\":202,\"height\":50,\"caption\":\"BasTV\"},\"image\":{\"@id\":\"https:\\\/\\\/bas-tv.md\\\/ro\\\/#\\\/schema\\\/logo\\\/image\\\/\"}},{\"@type\":\"Person\",\"@id\":\"https:\\\/\\\/bas-tv.md\\\/ro\\\/#\\\/schema\\\/person\\\/8740f45ea2eca1f1695284fc03529af0\",\"name\":\"Redactor\",\"image\":{\"@type\":\"ImageObject\",\"inLanguage\":\"ro-RO\",\"@id\":\"https:\\\/\\\/bas-tv.md\\\/wp-content\\\/litespeed\\\/avatar\\\/91c0586f3f6f4396a4ec1287c965eeeb.jpg?ver=1776950945\",\"url\":\"https:\\\/\\\/bas-tv.md\\\/wp-content\\\/litespeed\\\/avatar\\\/91c0586f3f6f4396a4ec1287c965eeeb.jpg?ver=1776950945\",\"contentUrl\":\"https:\\\/\\\/bas-tv.md\\\/wp-content\\\/litespeed\\\/avatar\\\/91c0586f3f6f4396a4ec1287c965eeeb.jpg?ver=1776950945\",\"caption\":\"Redactor\"},\"url\":\"https:\\\/\\\/bas-tv.md\\\/ro\\\/author\\\/redactor\\\/\"}]}<\/script>\n<!-- \/ Yoast SEO plugin. -->","yoast_head_json":{"title":"Din octombrie, UE introduce un nou sistem de control la frontier\u0103 pentru cet\u0103\u021benii din afara Uniunii, inclusiv Moldova - BasTV","description":"Uniunea European\u0103 va introduce din octombrie 2025 un nou sistem de control la frontier\u0103 pentru cet\u0103\u021benii din afara spa\u021biului comunitar, inclusiv din Republica Moldova. Decizia vine dup\u0103 mai multe am\u00e2n\u0103ri, sistemul fiind ini\u021bial planificat s\u0103 intre \u00een vigoare \u00een noiembrie 2023.","robots":{"index":"index","follow":"follow","max-snippet":"max-snippet:-1","max-image-preview":"max-image-preview:large","max-video-preview":"max-video-preview:-1"},"canonical":"https:\/\/bas-tv.md\/ro\/din-octombrie-ue-introduce-un-nou-sistem-de-control-la-frontiera-pentru-cetatenii-din-afara-uniunii-inclusiv-moldova\/","og_locale":"ro_RO","og_type":"article","og_title":"Din octombrie, UE introduce un nou sistem de control la frontier\u0103 pentru cet\u0103\u021benii din afara Uniunii, inclusiv Moldova - BasTV","og_description":"Uniunea European\u0103 va introduce din octombrie 2025 un nou sistem de control la frontier\u0103 pentru cet\u0103\u021benii din afara spa\u021biului comunitar, inclusiv din Republica Moldova. Decizia vine dup\u0103 mai multe am\u00e2n\u0103ri, sistemul fiind ini\u021bial planificat s\u0103 intre \u00een vigoare \u00een noiembrie 2023.","og_url":"https:\/\/bas-tv.md\/ro\/din-octombrie-ue-introduce-un-nou-sistem-de-control-la-frontiera-pentru-cetatenii-din-afara-uniunii-inclusiv-moldova\/","og_site_name":"BasTV","article_published_time":"2025-07-30T14:30:59+00:00","article_modified_time":"2025-10-06T11:04:04+00:00","og_image":[{"width":2048,"height":1365,"url":"https:\/\/bas-tv.md\/wp-content\/uploads\/2025\/07\/468300086_985018840328832_1247326676323028741_n.jpg","type":"image\/jpeg"}],"author":"Redactor","twitter_card":"summary_large_image","twitter_misc":{"Scris de":"Redactor","Timp estimat pentru citire":"3 minute"},"schema":{"@context":"https:\/\/schema.org","@graph":[{"@type":"Article","@id":"https:\/\/bas-tv.md\/ro\/din-octombrie-ue-introduce-un-nou-sistem-de-control-la-frontiera-pentru-cetatenii-din-afara-uniunii-inclusiv-moldova\/#article","isPartOf":{"@id":"https:\/\/bas-tv.md\/ro\/din-octombrie-ue-introduce-un-nou-sistem-de-control-la-frontiera-pentru-cetatenii-din-afara-uniunii-inclusiv-moldova\/"},"author":{"name":"Redactor","@id":"https:\/\/bas-tv.md\/ro\/#\/schema\/person\/8740f45ea2eca1f1695284fc03529af0"},"headline":"Din octombrie, UE introduce un nou sistem de control la frontier\u0103 pentru cet\u0103\u021benii din afara Uniunii, inclusiv Moldova","datePublished":"2025-07-30T14:30:59+00:00","dateModified":"2025-10-06T11:04:04+00:00","mainEntityOfPage":{"@id":"https:\/\/bas-tv.md\/ro\/din-octombrie-ue-introduce-un-nou-sistem-de-control-la-frontiera-pentru-cetatenii-din-afara-uniunii-inclusiv-moldova\/"},"wordCount":353,"publisher":{"@id":"https:\/\/bas-tv.md\/ro\/#organization"},"image":{"@id":"https:\/\/bas-tv.md\/ro\/din-octombrie-ue-introduce-un-nou-sistem-de-control-la-frontiera-pentru-cetatenii-din-afara-uniunii-inclusiv-moldova\/#primaryimage"},"thumbnailUrl":"https:\/\/bas-tv.md\/wp-content\/uploads\/2025\/07\/468300086_985018840328832_1247326676323028741_n.jpg","articleSection":["Actualitate","\u00cen lume"],"inLanguage":"ro-RO"},{"@type":"WebPage","@id":"https:\/\/bas-tv.md\/ro\/din-octombrie-ue-introduce-un-nou-sistem-de-control-la-frontiera-pentru-cetatenii-din-afara-uniunii-inclusiv-moldova\/","url":"https:\/\/bas-tv.md\/ro\/din-octombrie-ue-introduce-un-nou-sistem-de-control-la-frontiera-pentru-cetatenii-din-afara-uniunii-inclusiv-moldova\/","name":"Din octombrie, UE introduce un nou sistem de control la frontier\u0103 pentru cet\u0103\u021benii din afara Uniunii, inclusiv Moldova - BasTV","isPartOf":{"@id":"https:\/\/bas-tv.md\/ro\/#website"},"primaryImageOfPage":{"@id":"https:\/\/bas-tv.md\/ro\/din-octombrie-ue-introduce-un-nou-sistem-de-control-la-frontiera-pentru-cetatenii-din-afara-uniunii-inclusiv-moldova\/#primaryimage"},"image":{"@id":"https:\/\/bas-tv.md\/ro\/din-octombrie-ue-introduce-un-nou-sistem-de-control-la-frontiera-pentru-cetatenii-din-afara-uniunii-inclusiv-moldova\/#primaryimage"},"thumbnailUrl":"https:\/\/bas-tv.md\/wp-content\/uploads\/2025\/07\/468300086_985018840328832_1247326676323028741_n.jpg","datePublished":"2025-07-30T14:30:59+00:00","dateModified":"2025-10-06T11:04:04+00:00","description":"Uniunea European\u0103 va introduce din octombrie 2025 un nou sistem de control la frontier\u0103 pentru cet\u0103\u021benii din afara spa\u021biului comunitar, inclusiv din Republica Moldova. Decizia vine dup\u0103 mai multe am\u00e2n\u0103ri, sistemul fiind ini\u021bial planificat s\u0103 intre \u00een vigoare \u00een noiembrie 2023.","inLanguage":"ro-RO","potentialAction":[{"@type":"ReadAction","target":["https:\/\/bas-tv.md\/ro\/din-octombrie-ue-introduce-un-nou-sistem-de-control-la-frontiera-pentru-cetatenii-din-afara-uniunii-inclusiv-moldova\/"]}]},{"@type":"ImageObject","inLanguage":"ro-RO","@id":"https:\/\/bas-tv.md\/ro\/din-octombrie-ue-introduce-un-nou-sistem-de-control-la-frontiera-pentru-cetatenii-din-afara-uniunii-inclusiv-moldova\/#primaryimage","url":"https:\/\/bas-tv.md\/wp-content\/uploads\/2025\/07\/468300086_985018840328832_1247326676323028741_n.jpg","contentUrl":"https:\/\/bas-tv.md\/wp-content\/uploads\/2025\/07\/468300086_985018840328832_1247326676323028741_n.jpg","width":2048,"height":1365,"caption":"Foto:"},{"@type":"WebSite","@id":"https:\/\/bas-tv.md\/ro\/#website","url":"https:\/\/bas-tv.md\/ro\/","name":"BasTV","description":"Moldova","publisher":{"@id":"https:\/\/bas-tv.md\/ro\/#organization"},"potentialAction":[{"@type":"SearchAction","target":{"@type":"EntryPoint","urlTemplate":"https:\/\/bas-tv.md\/ro\/?s={search_term_string}"},"query-input":{"@type":"PropertyValueSpecification","valueRequired":true,"valueName":"search_term_string"}}],"inLanguage":"ro-RO"},{"@type":"Organization","@id":"https:\/\/bas-tv.md\/ro\/#organization","name":"BasTV","url":"https:\/\/bas-tv.md\/ro\/","logo":{"@type":"ImageObject","inLanguage":"ro-RO","@id":"https:\/\/bas-tv.md\/ro\/#\/schema\/logo\/image\/","url":"https:\/\/bas-tv.md\/wp-content\/uploads\/2023\/05\/bas-tv-culoarea-rosie.png","contentUrl":"https:\/\/bas-tv.md\/wp-content\/uploads\/2023\/05\/bas-tv-culoarea-rosie.png","width":202,"height":50,"caption":"BasTV"},"image":{"@id":"https:\/\/bas-tv.md\/ro\/#\/schema\/logo\/image\/"}},{"@type":"Person","@id":"https:\/\/bas-tv.md\/ro\/#\/schema\/person\/8740f45ea2eca1f1695284fc03529af0","name":"Redactor","image":{"@type":"ImageObject","inLanguage":"ro-RO","@id":"https:\/\/bas-tv.md\/wp-content\/litespeed\/avatar\/91c0586f3f6f4396a4ec1287c965eeeb.jpg?ver=1776950945","url":"https:\/\/bas-tv.md\/wp-content\/litespeed\/avatar\/91c0586f3f6f4396a4ec1287c965eeeb.jpg?ver=1776950945","contentUrl":"https:\/\/bas-tv.md\/wp-content\/litespeed\/avatar\/91c0586f3f6f4396a4ec1287c965eeeb.jpg?ver=1776950945","caption":"Redactor"},"url":"https:\/\/bas-tv.md\/ro\/author\/redactor\/"}]}},"views":288,"_links":{"self":[{"href":"https:\/\/bas-tv.md\/ro\/wp-json\/wp\/v2\/posts\/156573","targetHints":{"allow":["GET"]}}],"collection":[{"href":"https:\/\/bas-tv.md\/ro\/wp-json\/wp\/v2\/posts"}],"about":[{"href":"https:\/\/bas-tv.md\/ro\/wp-json\/wp\/v2\/types\/post"}],"author":[{"embeddable":true,"href":"https:\/\/bas-tv.md\/ro\/wp-json\/wp\/v2\/users\/3"}],"replies":[{"embeddable":true,"href":"https:\/\/bas-tv.md\/ro\/wp-json\/wp\/v2\/comments?post=156573"}],"version-history":[{"count":2,"href":"https:\/\/bas-tv.md\/ro\/wp-json\/wp\/v2\/posts\/156573\/revisions"}],"predecessor-version":[{"id":162616,"href":"https:\/\/bas-tv.md\/ro\/wp-json\/wp\/v2\/posts\/156573\/revisions\/162616"}],"wp:featuredmedia":[{"embeddable":true,"href":"https:\/\/bas-tv.md\/ro\/wp-json\/wp\/v2\/media\/156574"}],"wp:attachment":[{"href":"https:\/\/bas-tv.md\/ro\/wp-json\/wp\/v2\/media?parent=156573"}],"wp:term":[{"taxonomy":"category","embeddable":true,"href":"https:\/\/bas-tv.md\/ro\/wp-json\/wp\/v2\/categories?post=156573"},{"taxonomy":"post_tag","embeddable":true,"href":"https:\/\/bas-tv.md\/ro\/wp-json\/wp\/v2\/tags?post=156573"}],"curies":[{"name":"wp","href":"https:\/\/api.w.org\/{rel}","templated":true}]}}