{"id":156785,"date":"2025-08-03T20:00:29","date_gmt":"2025-08-03T17:00:29","guid":{"rendered":"https:\/\/bas-tv.md\/?p=156785"},"modified":"2025-08-01T13:32:47","modified_gmt":"2025-08-01T10:32:47","slug":"retrospectiva-saptamanii-bust-stefan-cel-mare-frontiera-examene-tabere-abaclia","status":"publish","type":"post","link":"https:\/\/bas-tv.md\/ro\/retrospectiva-saptamanii-bust-stefan-cel-mare-frontiera-examene-tabere-abaclia\/","title":{"rendered":"\u201eRetrospectiva s\u0103pt\u0103m\u00e2nii\u201d de la BAStv: bustul lui \u0218tefan cel Mare, un nou caz la frontier\u0103, rezultate la examene, tabere de var\u0103 \u0219i investi\u021bii \u00een infrastructur\u0103"},"content":{"rendered":"<p><strong>\u201eRetrospectiva s\u0103pt\u0103m\u00e2nii\u201d \u2013 o sec\u021biune \u00een care public\u0103m cele mai importante \u0219tiri ap\u0103rute pe site-ul nostru \u00een ultimele 7 zile. Acest lucru te va ajuta s\u0103 fii mereu la curent \u0219i s\u0103 nu ratezi nimic important pentru tine.<\/strong><\/p>\n<p><span style=\"font-weight: 400;\"><strong>(VIDEO) Bustul lui \u0218tefan cel Mare \u0219i Sf\u00e2nt a fost inaugurat la Abaclia: un omagiu adus istoriei \u0219i identit\u0103\u021bii na\u021bionale<\/strong><br \/>\n<\/span><span style=\"font-weight: 400;\">La data de 26 iulie, satul Abaclia a g\u0103zduit un eveniment cu puternic\u0103 \u00eenc\u0103rc\u0103tur\u0103 simbolic\u0103: inaugurarea bustului lui \u0218tefan cel Mare \u0219i Sf\u00e2nt. La eveniment au participat at\u00e2t oficiali din \u021bar\u0103, c\u00e2t \u0219i\u00a0 peste hotare. Urm\u0103ri\u021bi reportajul BAStv <a href=\"https:\/\/bas-tv.md\/ro\/video-bustul-lui-stefan-cel-mare-si-sfant-a-fost-inaugurat-la-abaclia-un-omagiu-adus-istoriei-si-identitatii-nationale\/\">aici<\/a>.<\/span><\/p>\n<p><span style=\"font-weight: 400;\"><strong>Un nou caz de trecere ilegal\u0103 a frontierei, documentat la Basarabeasca: un cet\u0103\u021bean ucrainean re\u021binut de patrula de frontier\u0103<\/strong><br \/>\n<\/span><span style=\"font-weight: 400;\">Recent, un nou incident a fost \u00eenregistrat \u00een raionul Basarabeasca, unde poli\u021bi\u0219tii de frontier\u0103 au depistat un cet\u0103\u021bean str\u0103in \u00een apropierea frontierei cu Ucraina.<a href=\"https:\/\/bas-tv.md\/ro\/un-nou-caz-de-trecere-ilegala-a-frontierei-documentat-la-basarabeasca-un-cetatean-ucrainean-retinut-de-patrula-de-frontiera\/\">Afla\u021bi<\/a> mai multe detalii.\u00a0<\/span><\/p>\n<p><span style=\"font-weight: 400;\"><strong>Bilan\u021bul examenelor \u00een Basarabeasca: Zeci de elevi urmeaz\u0103 s\u0103 sus\u021bin\u0103 din nou probele<\/strong><br \/>\n<\/span><span style=\"font-weight: 400;\">\u00cen raionul Basarabeasca, mai mul\u021bi elevi ai treptei gimnaziale nu au reu\u0219it s\u0103 promoveze examenele de absolvire \u00een sesiunea de baz\u0103 \u0219i \u00een prima sesiune suplimentar\u0103, astfel c\u0103 urmeaz\u0103 o nou\u0103 etap\u0103 de sus\u021binere a probelor. Citi\u021bi <a href=\"https:\/\/bas-tv.md\/ro\/bilant-examene-2025-basarabeasca-elevi-suplimentar\/\">aici<\/a> detaliile.<\/span><\/p>\n<p><span style=\"font-weight: 400;\"><strong>Tabere de var\u0103 gratuite pentru elevii din raionul Basarabeasca: Cine merge \u0219i unde se vor odihni copiii \u00een luna august<\/strong><br \/>\n<\/span><span style=\"font-weight: 400;\">\u00cen aceast\u0103 var\u0103, 145 de elevi din raionul Basarabeasca vor beneficia de un sejur gratuit la tab\u0103ra de var\u0103 \u201eNistru\u201d din localitatea Molovata Nou\u0103, raionul Dub\u0103sari. Mai multe detalii \u00een <a href=\"https:\/\/bas-tv.md\/ro\/tabere-de-vara-gratuite-pentru-elevii-din-raionul-basarabeasca-cine-merge-si-unde-se-vor-odihni-copiii-in-luna-august\/\">articol<\/a>.<\/span><\/p>\n<p><span style=\"font-weight: 400;\"><strong>Strada \u0218colii din Abaclia va fi reabilitat\u0103 \u00een cadrul Programului Na\u021bional \u201eEuropa este aproape\u201d<\/strong><br \/>\n<\/span><span style=\"font-weight: 400;\">Prim\u0103ria satului Abaclia aduce la cuno\u0219tin\u021ba cet\u0103\u021benilor c\u0103 localitatea se num\u0103r\u0103 printre beneficiarii noii etape a Programului Na\u021bional \u201eEuropa este aproape\u201d, lansat de Guvernul Republicii Moldova pentru dezvoltarea infrastructurii rutiere. Astfel, \u00een anul 2025, Abaclia va beneficia de finan\u021bare pentru un proiect important: modernizarea str\u0103zii \u0218colii. Afla\u021bi mai mult <a href=\"https:\/\/bas-tv.md\/ro\/modernizare-strada-scolii-abaclia-programul-europa-este-aproape-2025\/\">aici<\/a>.<\/span><\/p>\n<p>Cei care sus\u021bin redac\u021bia BAStv \u00een realizarea con\u021binuturilor de calitate, oferim\u00a0<a href=\"https:\/\/bas-tv.md\/patreon-dlya-bastv-kak-nam-pomogut-vashi-2-v-mesyacz\/\">un link c\u0103tre un articol despre cum se poate face acest lucru<\/a>.<\/p>\n<p><strong>Asta este tot ce am vrut s\u0103 v\u0103 reamintim. Sper\u0103m s\u0103 fie interesant. Urm\u0103re\u0219te publica\u021biile noastre \u0219i fii mereu la curent cu ceea ce se \u00eent\u00e2mpl\u0103!<\/strong><\/p>\n<p><strong>Abona\u021bi-v\u0103 la noi pe re\u021bele sociale:\u00a0<a href=\"https:\/\/t.me\/bastvmd\">Telegram<\/a>,\u00a0<a href=\"https:\/\/www.youtube.com\/channel\/UC-9005PnLnhpNM8PVSjP2dQ\/featured\">YouTube<\/a>,\u00a0<a href=\"https:\/\/www.facebook.com\/bastv.md\">Facebook<\/a>\u00a0\u0219i\u00a0<a href=\"https:\/\/www.instagram.com\/bastv.md\/\">Instagram<\/a>. Aici public\u0103m \u0219tiri pe scurt!<\/strong><\/p>\n","protected":false},"excerpt":{"rendered":"<p>\u201eRetrospectiva s\u0103pt\u0103m\u00e2nii\u201d \u2013 o sec\u021biune \u00een care public\u0103m cele mai importante \u0219tiri ap\u0103rute pe site-ul nostru \u00een ultimele 7 zile. Acest lucru te va ajuta s\u0103 fii mereu la curent \u0219i s\u0103 nu ratezi nimic important pentru tine. (VIDEO) Bustul lui \u0218tefan cel Mare \u0219i Sf\u00e2nt a fost inaugurat la Abaclia: un omagiu adus istoriei [&hellip;]<\/p>\n","protected":false},"author":3,"featured_media":156786,"comment_status":"closed","ping_status":"closed","sticky":false,"template":"","format":"standard","meta":{"footnotes":""},"categories":[577,574],"tags":[],"class_list":["post-156785","post","type-post","status-publish","format-standard","has-post-thumbnail","hentry","category-recenzii","category-util"],"yoast_head":"<!-- This site is optimized with the Yoast SEO plugin v27.5 - https:\/\/yoast.com\/product\/yoast-seo-wordpress\/ -->\n<title>\u201eRetrospectiva s\u0103pt\u0103m\u00e2nii\u201d de la BAStv: bustul lui \u0218tefan cel Mare, un nou caz la frontier\u0103, rezultate la examene, tabere de var\u0103 \u0219i investi\u021bii \u00een infrastructur\u0103 - BasTV<\/title>\n<meta name=\"description\" content=\"\u201eRetrospectiva s\u0103pt\u0103m\u00e2nii\u201d \u2013 o sec\u021biune \u00een care public\u0103m cele mai importante \u0219tiri ap\u0103rute pe site-ul nostru \u00een ultimele 7 zile. Acest lucru te va ajuta s\u0103 fii mereu la curent \u0219i s\u0103 nu ratezi nimic important pentru tine.\" \/>\n<meta name=\"robots\" content=\"index, follow, max-snippet:-1, max-image-preview:large, max-video-preview:-1\" \/>\n<link rel=\"canonical\" href=\"https:\/\/bas-tv.md\/ro\/retrospectiva-saptamanii-bust-stefan-cel-mare-frontiera-examene-tabere-abaclia\/\" \/>\n<meta property=\"og:locale\" content=\"ro_RO\" \/>\n<meta property=\"og:type\" content=\"article\" \/>\n<meta property=\"og:title\" content=\"\u201eRetrospectiva s\u0103pt\u0103m\u00e2nii\u201d de la BAStv: bustul lui \u0218tefan cel Mare, un nou caz la frontier\u0103, rezultate la examene, tabere de var\u0103 \u0219i investi\u021bii \u00een infrastructur\u0103 - BasTV\" \/>\n<meta property=\"og:description\" content=\"\u201eRetrospectiva s\u0103pt\u0103m\u00e2nii\u201d \u2013 o sec\u021biune \u00een care public\u0103m cele mai importante \u0219tiri ap\u0103rute pe site-ul nostru \u00een ultimele 7 zile. Acest lucru te va ajuta s\u0103 fii mereu la curent \u0219i s\u0103 nu ratezi nimic important pentru tine.\" \/>\n<meta property=\"og:url\" content=\"https:\/\/bas-tv.md\/ro\/retrospectiva-saptamanii-bust-stefan-cel-mare-frontiera-examene-tabere-abaclia\/\" \/>\n<meta property=\"og:site_name\" content=\"BasTV\" \/>\n<meta property=\"article:published_time\" content=\"2025-08-03T17:00:29+00:00\" \/>\n<meta property=\"og:image\" content=\"https:\/\/bas-tv.md\/wp-content\/uploads\/2025\/08\/retrospectiva-2.jpg\" \/>\n\t<meta property=\"og:image:width\" content=\"1920\" \/>\n\t<meta property=\"og:image:height\" content=\"1080\" \/>\n\t<meta property=\"og:image:type\" content=\"image\/jpeg\" \/>\n<meta name=\"author\" content=\"Redactor\" \/>\n<meta name=\"twitter:card\" content=\"summary_large_image\" \/>\n<meta name=\"twitter:label1\" content=\"Scris de\" \/>\n\t<meta name=\"twitter:data1\" content=\"Redactor\" \/>\n\t<meta name=\"twitter:label2\" content=\"Timp estimat pentru citire\" \/>\n\t<meta name=\"twitter:data2\" content=\"3 minute\" \/>\n<script type=\"application\/ld+json\" class=\"yoast-schema-graph\">{\"@context\":\"https:\\\/\\\/schema.org\",\"@graph\":[{\"@type\":\"Article\",\"@id\":\"https:\\\/\\\/bas-tv.md\\\/ro\\\/retrospectiva-saptamanii-bust-stefan-cel-mare-frontiera-examene-tabere-abaclia\\\/#article\",\"isPartOf\":{\"@id\":\"https:\\\/\\\/bas-tv.md\\\/ro\\\/retrospectiva-saptamanii-bust-stefan-cel-mare-frontiera-examene-tabere-abaclia\\\/\"},\"author\":{\"name\":\"Redactor\",\"@id\":\"https:\\\/\\\/bas-tv.md\\\/ro\\\/#\\\/schema\\\/person\\\/8740f45ea2eca1f1695284fc03529af0\"},\"headline\":\"\u201eRetrospectiva s\u0103pt\u0103m\u00e2nii\u201d de la BAStv: bustul lui \u0218tefan cel Mare, un nou caz la frontier\u0103, rezultate la examene, tabere de var\u0103 \u0219i investi\u021bii \u00een infrastructur\u0103\",\"datePublished\":\"2025-08-03T17:00:29+00:00\",\"mainEntityOfPage\":{\"@id\":\"https:\\\/\\\/bas-tv.md\\\/ro\\\/retrospectiva-saptamanii-bust-stefan-cel-mare-frontiera-examene-tabere-abaclia\\\/\"},\"wordCount\":454,\"publisher\":{\"@id\":\"https:\\\/\\\/bas-tv.md\\\/ro\\\/#organization\"},\"image\":{\"@id\":\"https:\\\/\\\/bas-tv.md\\\/ro\\\/retrospectiva-saptamanii-bust-stefan-cel-mare-frontiera-examene-tabere-abaclia\\\/#primaryimage\"},\"thumbnailUrl\":\"https:\\\/\\\/bas-tv.md\\\/wp-content\\\/uploads\\\/2025\\\/08\\\/retrospectiva-2.jpg\",\"articleSection\":[\"Recenzii\",\"Util\"],\"inLanguage\":\"ro-RO\"},{\"@type\":\"WebPage\",\"@id\":\"https:\\\/\\\/bas-tv.md\\\/ro\\\/retrospectiva-saptamanii-bust-stefan-cel-mare-frontiera-examene-tabere-abaclia\\\/\",\"url\":\"https:\\\/\\\/bas-tv.md\\\/ro\\\/retrospectiva-saptamanii-bust-stefan-cel-mare-frontiera-examene-tabere-abaclia\\\/\",\"name\":\"\u201eRetrospectiva s\u0103pt\u0103m\u00e2nii\u201d de la BAStv: bustul lui \u0218tefan cel Mare, un nou caz la frontier\u0103, rezultate la examene, tabere de var\u0103 \u0219i investi\u021bii \u00een infrastructur\u0103 - BasTV\",\"isPartOf\":{\"@id\":\"https:\\\/\\\/bas-tv.md\\\/ro\\\/#website\"},\"primaryImageOfPage\":{\"@id\":\"https:\\\/\\\/bas-tv.md\\\/ro\\\/retrospectiva-saptamanii-bust-stefan-cel-mare-frontiera-examene-tabere-abaclia\\\/#primaryimage\"},\"image\":{\"@id\":\"https:\\\/\\\/bas-tv.md\\\/ro\\\/retrospectiva-saptamanii-bust-stefan-cel-mare-frontiera-examene-tabere-abaclia\\\/#primaryimage\"},\"thumbnailUrl\":\"https:\\\/\\\/bas-tv.md\\\/wp-content\\\/uploads\\\/2025\\\/08\\\/retrospectiva-2.jpg\",\"datePublished\":\"2025-08-03T17:00:29+00:00\",\"description\":\"\u201eRetrospectiva s\u0103pt\u0103m\u00e2nii\u201d \u2013 o sec\u021biune \u00een care public\u0103m cele mai importante \u0219tiri ap\u0103rute pe site-ul nostru \u00een ultimele 7 zile. Acest lucru te va ajuta s\u0103 fii mereu la curent \u0219i s\u0103 nu ratezi nimic important pentru tine.\",\"inLanguage\":\"ro-RO\",\"potentialAction\":[{\"@type\":\"ReadAction\",\"target\":[\"https:\\\/\\\/bas-tv.md\\\/ro\\\/retrospectiva-saptamanii-bust-stefan-cel-mare-frontiera-examene-tabere-abaclia\\\/\"]}]},{\"@type\":\"ImageObject\",\"inLanguage\":\"ro-RO\",\"@id\":\"https:\\\/\\\/bas-tv.md\\\/ro\\\/retrospectiva-saptamanii-bust-stefan-cel-mare-frontiera-examene-tabere-abaclia\\\/#primaryimage\",\"url\":\"https:\\\/\\\/bas-tv.md\\\/wp-content\\\/uploads\\\/2025\\\/08\\\/retrospectiva-2.jpg\",\"contentUrl\":\"https:\\\/\\\/bas-tv.md\\\/wp-content\\\/uploads\\\/2025\\\/08\\\/retrospectiva-2.jpg\",\"width\":1920,\"height\":1080},{\"@type\":\"WebSite\",\"@id\":\"https:\\\/\\\/bas-tv.md\\\/ro\\\/#website\",\"url\":\"https:\\\/\\\/bas-tv.md\\\/ro\\\/\",\"name\":\"BasTV\",\"description\":\"Moldova\",\"publisher\":{\"@id\":\"https:\\\/\\\/bas-tv.md\\\/ro\\\/#organization\"},\"potentialAction\":[{\"@type\":\"SearchAction\",\"target\":{\"@type\":\"EntryPoint\",\"urlTemplate\":\"https:\\\/\\\/bas-tv.md\\\/ro\\\/?s={search_term_string}\"},\"query-input\":{\"@type\":\"PropertyValueSpecification\",\"valueRequired\":true,\"valueName\":\"search_term_string\"}}],\"inLanguage\":\"ro-RO\"},{\"@type\":\"Organization\",\"@id\":\"https:\\\/\\\/bas-tv.md\\\/ro\\\/#organization\",\"name\":\"BasTV\",\"url\":\"https:\\\/\\\/bas-tv.md\\\/ro\\\/\",\"logo\":{\"@type\":\"ImageObject\",\"inLanguage\":\"ro-RO\",\"@id\":\"https:\\\/\\\/bas-tv.md\\\/ro\\\/#\\\/schema\\\/logo\\\/image\\\/\",\"url\":\"https:\\\/\\\/bas-tv.md\\\/wp-content\\\/uploads\\\/2023\\\/05\\\/bas-tv-culoarea-rosie.png\",\"contentUrl\":\"https:\\\/\\\/bas-tv.md\\\/wp-content\\\/uploads\\\/2023\\\/05\\\/bas-tv-culoarea-rosie.png\",\"width\":202,\"height\":50,\"caption\":\"BasTV\"},\"image\":{\"@id\":\"https:\\\/\\\/bas-tv.md\\\/ro\\\/#\\\/schema\\\/logo\\\/image\\\/\"}},{\"@type\":\"Person\",\"@id\":\"https:\\\/\\\/bas-tv.md\\\/ro\\\/#\\\/schema\\\/person\\\/8740f45ea2eca1f1695284fc03529af0\",\"name\":\"Redactor\",\"image\":{\"@type\":\"ImageObject\",\"inLanguage\":\"ro-RO\",\"@id\":\"https:\\\/\\\/bas-tv.md\\\/wp-content\\\/litespeed\\\/avatar\\\/91c0586f3f6f4396a4ec1287c965eeeb.jpg?ver=1776950945\",\"url\":\"https:\\\/\\\/bas-tv.md\\\/wp-content\\\/litespeed\\\/avatar\\\/91c0586f3f6f4396a4ec1287c965eeeb.jpg?ver=1776950945\",\"contentUrl\":\"https:\\\/\\\/bas-tv.md\\\/wp-content\\\/litespeed\\\/avatar\\\/91c0586f3f6f4396a4ec1287c965eeeb.jpg?ver=1776950945\",\"caption\":\"Redactor\"},\"url\":\"https:\\\/\\\/bas-tv.md\\\/ro\\\/author\\\/redactor\\\/\"}]}<\/script>\n<!-- \/ Yoast SEO plugin. -->","yoast_head_json":{"title":"\u201eRetrospectiva s\u0103pt\u0103m\u00e2nii\u201d de la BAStv: bustul lui \u0218tefan cel Mare, un nou caz la frontier\u0103, rezultate la examene, tabere de var\u0103 \u0219i investi\u021bii \u00een infrastructur\u0103 - BasTV","description":"\u201eRetrospectiva s\u0103pt\u0103m\u00e2nii\u201d \u2013 o sec\u021biune \u00een care public\u0103m cele mai importante \u0219tiri ap\u0103rute pe site-ul nostru \u00een ultimele 7 zile. Acest lucru te va ajuta s\u0103 fii mereu la curent \u0219i s\u0103 nu ratezi nimic important pentru tine.","robots":{"index":"index","follow":"follow","max-snippet":"max-snippet:-1","max-image-preview":"max-image-preview:large","max-video-preview":"max-video-preview:-1"},"canonical":"https:\/\/bas-tv.md\/ro\/retrospectiva-saptamanii-bust-stefan-cel-mare-frontiera-examene-tabere-abaclia\/","og_locale":"ro_RO","og_type":"article","og_title":"\u201eRetrospectiva s\u0103pt\u0103m\u00e2nii\u201d de la BAStv: bustul lui \u0218tefan cel Mare, un nou caz la frontier\u0103, rezultate la examene, tabere de var\u0103 \u0219i investi\u021bii \u00een infrastructur\u0103 - BasTV","og_description":"\u201eRetrospectiva s\u0103pt\u0103m\u00e2nii\u201d \u2013 o sec\u021biune \u00een care public\u0103m cele mai importante \u0219tiri ap\u0103rute pe site-ul nostru \u00een ultimele 7 zile. Acest lucru te va ajuta s\u0103 fii mereu la curent \u0219i s\u0103 nu ratezi nimic important pentru tine.","og_url":"https:\/\/bas-tv.md\/ro\/retrospectiva-saptamanii-bust-stefan-cel-mare-frontiera-examene-tabere-abaclia\/","og_site_name":"BasTV","article_published_time":"2025-08-03T17:00:29+00:00","og_image":[{"width":1920,"height":1080,"url":"https:\/\/bas-tv.md\/wp-content\/uploads\/2025\/08\/retrospectiva-2.jpg","type":"image\/jpeg"}],"author":"Redactor","twitter_card":"summary_large_image","twitter_misc":{"Scris de":"Redactor","Timp estimat pentru citire":"3 minute"},"schema":{"@context":"https:\/\/schema.org","@graph":[{"@type":"Article","@id":"https:\/\/bas-tv.md\/ro\/retrospectiva-saptamanii-bust-stefan-cel-mare-frontiera-examene-tabere-abaclia\/#article","isPartOf":{"@id":"https:\/\/bas-tv.md\/ro\/retrospectiva-saptamanii-bust-stefan-cel-mare-frontiera-examene-tabere-abaclia\/"},"author":{"name":"Redactor","@id":"https:\/\/bas-tv.md\/ro\/#\/schema\/person\/8740f45ea2eca1f1695284fc03529af0"},"headline":"\u201eRetrospectiva s\u0103pt\u0103m\u00e2nii\u201d de la BAStv: bustul lui \u0218tefan cel Mare, un nou caz la frontier\u0103, rezultate la examene, tabere de var\u0103 \u0219i investi\u021bii \u00een infrastructur\u0103","datePublished":"2025-08-03T17:00:29+00:00","mainEntityOfPage":{"@id":"https:\/\/bas-tv.md\/ro\/retrospectiva-saptamanii-bust-stefan-cel-mare-frontiera-examene-tabere-abaclia\/"},"wordCount":454,"publisher":{"@id":"https:\/\/bas-tv.md\/ro\/#organization"},"image":{"@id":"https:\/\/bas-tv.md\/ro\/retrospectiva-saptamanii-bust-stefan-cel-mare-frontiera-examene-tabere-abaclia\/#primaryimage"},"thumbnailUrl":"https:\/\/bas-tv.md\/wp-content\/uploads\/2025\/08\/retrospectiva-2.jpg","articleSection":["Recenzii","Util"],"inLanguage":"ro-RO"},{"@type":"WebPage","@id":"https:\/\/bas-tv.md\/ro\/retrospectiva-saptamanii-bust-stefan-cel-mare-frontiera-examene-tabere-abaclia\/","url":"https:\/\/bas-tv.md\/ro\/retrospectiva-saptamanii-bust-stefan-cel-mare-frontiera-examene-tabere-abaclia\/","name":"\u201eRetrospectiva s\u0103pt\u0103m\u00e2nii\u201d de la BAStv: bustul lui \u0218tefan cel Mare, un nou caz la frontier\u0103, rezultate la examene, tabere de var\u0103 \u0219i investi\u021bii \u00een infrastructur\u0103 - BasTV","isPartOf":{"@id":"https:\/\/bas-tv.md\/ro\/#website"},"primaryImageOfPage":{"@id":"https:\/\/bas-tv.md\/ro\/retrospectiva-saptamanii-bust-stefan-cel-mare-frontiera-examene-tabere-abaclia\/#primaryimage"},"image":{"@id":"https:\/\/bas-tv.md\/ro\/retrospectiva-saptamanii-bust-stefan-cel-mare-frontiera-examene-tabere-abaclia\/#primaryimage"},"thumbnailUrl":"https:\/\/bas-tv.md\/wp-content\/uploads\/2025\/08\/retrospectiva-2.jpg","datePublished":"2025-08-03T17:00:29+00:00","description":"\u201eRetrospectiva s\u0103pt\u0103m\u00e2nii\u201d \u2013 o sec\u021biune \u00een care public\u0103m cele mai importante \u0219tiri ap\u0103rute pe site-ul nostru \u00een ultimele 7 zile. Acest lucru te va ajuta s\u0103 fii mereu la curent \u0219i s\u0103 nu ratezi nimic important pentru tine.","inLanguage":"ro-RO","potentialAction":[{"@type":"ReadAction","target":["https:\/\/bas-tv.md\/ro\/retrospectiva-saptamanii-bust-stefan-cel-mare-frontiera-examene-tabere-abaclia\/"]}]},{"@type":"ImageObject","inLanguage":"ro-RO","@id":"https:\/\/bas-tv.md\/ro\/retrospectiva-saptamanii-bust-stefan-cel-mare-frontiera-examene-tabere-abaclia\/#primaryimage","url":"https:\/\/bas-tv.md\/wp-content\/uploads\/2025\/08\/retrospectiva-2.jpg","contentUrl":"https:\/\/bas-tv.md\/wp-content\/uploads\/2025\/08\/retrospectiva-2.jpg","width":1920,"height":1080},{"@type":"WebSite","@id":"https:\/\/bas-tv.md\/ro\/#website","url":"https:\/\/bas-tv.md\/ro\/","name":"BasTV","description":"Moldova","publisher":{"@id":"https:\/\/bas-tv.md\/ro\/#organization"},"potentialAction":[{"@type":"SearchAction","target":{"@type":"EntryPoint","urlTemplate":"https:\/\/bas-tv.md\/ro\/?s={search_term_string}"},"query-input":{"@type":"PropertyValueSpecification","valueRequired":true,"valueName":"search_term_string"}}],"inLanguage":"ro-RO"},{"@type":"Organization","@id":"https:\/\/bas-tv.md\/ro\/#organization","name":"BasTV","url":"https:\/\/bas-tv.md\/ro\/","logo":{"@type":"ImageObject","inLanguage":"ro-RO","@id":"https:\/\/bas-tv.md\/ro\/#\/schema\/logo\/image\/","url":"https:\/\/bas-tv.md\/wp-content\/uploads\/2023\/05\/bas-tv-culoarea-rosie.png","contentUrl":"https:\/\/bas-tv.md\/wp-content\/uploads\/2023\/05\/bas-tv-culoarea-rosie.png","width":202,"height":50,"caption":"BasTV"},"image":{"@id":"https:\/\/bas-tv.md\/ro\/#\/schema\/logo\/image\/"}},{"@type":"Person","@id":"https:\/\/bas-tv.md\/ro\/#\/schema\/person\/8740f45ea2eca1f1695284fc03529af0","name":"Redactor","image":{"@type":"ImageObject","inLanguage":"ro-RO","@id":"https:\/\/bas-tv.md\/wp-content\/litespeed\/avatar\/91c0586f3f6f4396a4ec1287c965eeeb.jpg?ver=1776950945","url":"https:\/\/bas-tv.md\/wp-content\/litespeed\/avatar\/91c0586f3f6f4396a4ec1287c965eeeb.jpg?ver=1776950945","contentUrl":"https:\/\/bas-tv.md\/wp-content\/litespeed\/avatar\/91c0586f3f6f4396a4ec1287c965eeeb.jpg?ver=1776950945","caption":"Redactor"},"url":"https:\/\/bas-tv.md\/ro\/author\/redactor\/"}]}},"views":153,"_links":{"self":[{"href":"https:\/\/bas-tv.md\/ro\/wp-json\/wp\/v2\/posts\/156785","targetHints":{"allow":["GET"]}}],"collection":[{"href":"https:\/\/bas-tv.md\/ro\/wp-json\/wp\/v2\/posts"}],"about":[{"href":"https:\/\/bas-tv.md\/ro\/wp-json\/wp\/v2\/types\/post"}],"author":[{"embeddable":true,"href":"https:\/\/bas-tv.md\/ro\/wp-json\/wp\/v2\/users\/3"}],"replies":[{"embeddable":true,"href":"https:\/\/bas-tv.md\/ro\/wp-json\/wp\/v2\/comments?post=156785"}],"version-history":[{"count":1,"href":"https:\/\/bas-tv.md\/ro\/wp-json\/wp\/v2\/posts\/156785\/revisions"}],"predecessor-version":[{"id":156788,"href":"https:\/\/bas-tv.md\/ro\/wp-json\/wp\/v2\/posts\/156785\/revisions\/156788"}],"wp:featuredmedia":[{"embeddable":true,"href":"https:\/\/bas-tv.md\/ro\/wp-json\/wp\/v2\/media\/156786"}],"wp:attachment":[{"href":"https:\/\/bas-tv.md\/ro\/wp-json\/wp\/v2\/media?parent=156785"}],"wp:term":[{"taxonomy":"category","embeddable":true,"href":"https:\/\/bas-tv.md\/ro\/wp-json\/wp\/v2\/categories?post=156785"},{"taxonomy":"post_tag","embeddable":true,"href":"https:\/\/bas-tv.md\/ro\/wp-json\/wp\/v2\/tags?post=156785"}],"curies":[{"name":"wp","href":"https:\/\/api.w.org\/{rel}","templated":true}]}}