{"id":157263,"date":"2025-08-08T17:30:42","date_gmt":"2025-08-08T14:30:42","guid":{"rendered":"https:\/\/bas-tv.md\/?p=157263"},"modified":"2025-08-08T13:20:55","modified_gmt":"2025-08-08T10:20:55","slug":"foto-primaria-carabetovca-anunta-disponibilitatea-pentru-arendarea-sau-vanzarea-unor-cladiri-preluate-de-la-stat","status":"publish","type":"post","link":"https:\/\/bas-tv.md\/ro\/foto-primaria-carabetovca-anunta-disponibilitatea-pentru-arendarea-sau-vanzarea-unor-cladiri-preluate-de-la-stat\/","title":{"rendered":"(FOTO) Prim\u0103ria Carabetovca anun\u021b\u0103 disponibilitatea pentru arendarea sau v\u00e2nzarea unor cl\u0103diri preluate de la stat"},"content":{"rendered":"<p><b>Guvernul Republicii Moldova a transmis cu titlu gratuit \u00een proprietatea Prim\u0103riei Carabetovca cl\u0103dirile fostei brig\u0103zi de tractoare \u0219i ale fostului pichet de gr\u0103niceri. \u00cen context, administra\u021bia public\u0103 local\u0103 vine cu un anun\u021b c\u0103tre locuitori \u0219i cei interesa\u021bi.<\/b><\/p>\n<p>Potrivit administra\u021biei locale, \u00een scopul gestion\u0103rii eficiente a noii propriet\u0103\u021bi, Prim\u0103ria \u0219i Consiliul s\u0103tesc Carabetovca sunt dispuse, cu respectarea cadrului legal, s\u0103 transmit\u0103 aceste bunuri \u00een arend\u0103 sau s\u0103 le v\u00e2nd\u0103 \u2013 fie separat, fie \u00eempreun\u0103, \u00een baza unei decizii a Consiliului s\u0103tesc.<\/p>\n<p>Persoanele interesate pot solicita informa\u021bii suplimentare direct la sediul Prim\u0103riei Carabetovca.<\/p>\n<div id='gallery-1' class='gallery galleryid-157263 gallery-columns-2 gallery-size-large'><figure class='gallery-item'>\n\t\t\t<div class='gallery-icon landscape'>\n\t\t\t\t<a href='https:\/\/bas-tv.md\/ro\/foto-primaria-carabetovca-anunta-disponibilitatea-pentru-arendarea-sau-vanzarea-unor-cladiri-preluate-de-la-stat\/528385478_2621367218228993_6599955487566985969_n\/'><img fetchpriority=\"high\" decoding=\"async\" width=\"580\" height=\"435\" src=\"https:\/\/bas-tv.md\/wp-content\/uploads\/2025\/08\/528385478_2621367218228993_6599955487566985969_n-1024x768.jpg\" class=\"attachment-large size-large\" alt=\"\" aria-describedby=\"gallery-1-157264\" srcset=\"https:\/\/bas-tv.md\/wp-content\/uploads\/2025\/08\/528385478_2621367218228993_6599955487566985969_n-1024x768.jpg 1024w, https:\/\/bas-tv.md\/wp-content\/uploads\/2025\/08\/528385478_2621367218228993_6599955487566985969_n-300x225.jpg 300w, https:\/\/bas-tv.md\/wp-content\/uploads\/2025\/08\/528385478_2621367218228993_6599955487566985969_n-768x576.jpg 768w, https:\/\/bas-tv.md\/wp-content\/uploads\/2025\/08\/528385478_2621367218228993_6599955487566985969_n-1536x1152.jpg 1536w, https:\/\/bas-tv.md\/wp-content\/uploads\/2025\/08\/528385478_2621367218228993_6599955487566985969_n-1200x900.jpg 1200w, https:\/\/bas-tv.md\/wp-content\/uploads\/2025\/08\/528385478_2621367218228993_6599955487566985969_n-1980x1485.jpg 1980w, https:\/\/bas-tv.md\/wp-content\/uploads\/2025\/08\/528385478_2621367218228993_6599955487566985969_n.jpg 2048w\" sizes=\"(max-width: 580px) 100vw, 580px\" \/><\/a>\n\t\t\t<\/div>\n\t\t\t\t<figcaption class='wp-caption-text gallery-caption' id='gallery-1-157264'>\n\t\t\t\tFoto: Prim\u0103ria Carabetovca\n\t\t\t\t<\/figcaption><\/figure><figure class='gallery-item'>\n\t\t\t<div class='gallery-icon landscape'>\n\t\t\t\t<a href='https:\/\/bas-tv.md\/ro\/foto-primaria-carabetovca-anunta-disponibilitatea-pentru-arendarea-sau-vanzarea-unor-cladiri-preluate-de-la-stat\/528256258_2621367141562334_1070782503488668428_n\/'><img decoding=\"async\" width=\"580\" height=\"435\" src=\"https:\/\/bas-tv.md\/wp-content\/uploads\/2025\/08\/528256258_2621367141562334_1070782503488668428_n-1024x768.jpg\" class=\"attachment-large size-large\" alt=\"\" aria-describedby=\"gallery-1-157266\" srcset=\"https:\/\/bas-tv.md\/wp-content\/uploads\/2025\/08\/528256258_2621367141562334_1070782503488668428_n-1024x768.jpg 1024w, https:\/\/bas-tv.md\/wp-content\/uploads\/2025\/08\/528256258_2621367141562334_1070782503488668428_n-300x225.jpg 300w, https:\/\/bas-tv.md\/wp-content\/uploads\/2025\/08\/528256258_2621367141562334_1070782503488668428_n-768x576.jpg 768w, https:\/\/bas-tv.md\/wp-content\/uploads\/2025\/08\/528256258_2621367141562334_1070782503488668428_n-1536x1152.jpg 1536w, https:\/\/bas-tv.md\/wp-content\/uploads\/2025\/08\/528256258_2621367141562334_1070782503488668428_n-1200x900.jpg 1200w, https:\/\/bas-tv.md\/wp-content\/uploads\/2025\/08\/528256258_2621367141562334_1070782503488668428_n-1980x1485.jpg 1980w, https:\/\/bas-tv.md\/wp-content\/uploads\/2025\/08\/528256258_2621367141562334_1070782503488668428_n.jpg 2048w\" sizes=\"(max-width: 580px) 100vw, 580px\" \/><\/a>\n\t\t\t<\/div>\n\t\t\t\t<figcaption class='wp-caption-text gallery-caption' id='gallery-1-157266'>\n\t\t\t\tFoto: Prim\u0103ria Carabetovca\n\t\t\t\t<\/figcaption><\/figure><figure class='gallery-item'>\n\t\t\t<div class='gallery-icon landscape'>\n\t\t\t\t<a href='https:\/\/bas-tv.md\/ro\/foto-primaria-carabetovca-anunta-disponibilitatea-pentru-arendarea-sau-vanzarea-unor-cladiri-preluate-de-la-stat\/528610154_2621367061562342_2294487035994197474_n\/'><img decoding=\"async\" width=\"580\" height=\"435\" src=\"https:\/\/bas-tv.md\/wp-content\/uploads\/2025\/08\/528610154_2621367061562342_2294487035994197474_n-1024x768.jpg\" class=\"attachment-large size-large\" alt=\"\" aria-describedby=\"gallery-1-157268\" srcset=\"https:\/\/bas-tv.md\/wp-content\/uploads\/2025\/08\/528610154_2621367061562342_2294487035994197474_n-1024x768.jpg 1024w, https:\/\/bas-tv.md\/wp-content\/uploads\/2025\/08\/528610154_2621367061562342_2294487035994197474_n-300x225.jpg 300w, https:\/\/bas-tv.md\/wp-content\/uploads\/2025\/08\/528610154_2621367061562342_2294487035994197474_n-768x576.jpg 768w, https:\/\/bas-tv.md\/wp-content\/uploads\/2025\/08\/528610154_2621367061562342_2294487035994197474_n-1536x1152.jpg 1536w, https:\/\/bas-tv.md\/wp-content\/uploads\/2025\/08\/528610154_2621367061562342_2294487035994197474_n-1200x900.jpg 1200w, https:\/\/bas-tv.md\/wp-content\/uploads\/2025\/08\/528610154_2621367061562342_2294487035994197474_n-1980x1485.jpg 1980w, https:\/\/bas-tv.md\/wp-content\/uploads\/2025\/08\/528610154_2621367061562342_2294487035994197474_n.jpg 2048w\" sizes=\"(max-width: 580px) 100vw, 580px\" \/><\/a>\n\t\t\t<\/div>\n\t\t\t\t<figcaption class='wp-caption-text gallery-caption' id='gallery-1-157268'>\n\t\t\t\tFoto: Prim\u0103ria Carabetovca\n\t\t\t\t<\/figcaption><\/figure><figure class='gallery-item'>\n\t\t\t<div class='gallery-icon landscape'>\n\t\t\t\t<a href='https:\/\/bas-tv.md\/ro\/foto-primaria-carabetovca-anunta-disponibilitatea-pentru-arendarea-sau-vanzarea-unor-cladiri-preluate-de-la-stat\/528560678_2621366991562349_1916363539730787873_n\/'><img loading=\"lazy\" decoding=\"async\" width=\"580\" height=\"435\" src=\"https:\/\/bas-tv.md\/wp-content\/uploads\/2025\/08\/528560678_2621366991562349_1916363539730787873_n-1024x768.jpg\" class=\"attachment-large size-large\" alt=\"\" aria-describedby=\"gallery-1-157270\" srcset=\"https:\/\/bas-tv.md\/wp-content\/uploads\/2025\/08\/528560678_2621366991562349_1916363539730787873_n-1024x768.jpg 1024w, https:\/\/bas-tv.md\/wp-content\/uploads\/2025\/08\/528560678_2621366991562349_1916363539730787873_n-300x225.jpg 300w, https:\/\/bas-tv.md\/wp-content\/uploads\/2025\/08\/528560678_2621366991562349_1916363539730787873_n-768x576.jpg 768w, https:\/\/bas-tv.md\/wp-content\/uploads\/2025\/08\/528560678_2621366991562349_1916363539730787873_n-1536x1152.jpg 1536w, https:\/\/bas-tv.md\/wp-content\/uploads\/2025\/08\/528560678_2621366991562349_1916363539730787873_n-1200x900.jpg 1200w, https:\/\/bas-tv.md\/wp-content\/uploads\/2025\/08\/528560678_2621366991562349_1916363539730787873_n-1980x1485.jpg 1980w, https:\/\/bas-tv.md\/wp-content\/uploads\/2025\/08\/528560678_2621366991562349_1916363539730787873_n.jpg 2048w\" sizes=\"(max-width: 580px) 100vw, 580px\" \/><\/a>\n\t\t\t<\/div>\n\t\t\t\t<figcaption class='wp-caption-text gallery-caption' id='gallery-1-157270'>\n\t\t\t\tFoto: Prim\u0103ria Carabetovca\n\t\t\t\t<\/figcaption><\/figure>\n\t\t<\/div>\n\n<p><strong>Sus\u021bine\u021bi redac\u021bia BAStv, abona\u021bi-v\u0103 la noi pe platforma\u00a0<a href=\"https:\/\/www.patreon.com\/BAStv?fan_landing=true&amp;fbclid=IwAR3MeSDKfH4ixBydCXX9D1lhrCszhps3ID5uxuGA-Ktd4MTkZCRdlcEZkQI\">Patreon\u00a0<\/a>sau prin efectuarea contribu\u021biilor prin\u00a0<a href=\"https:\/\/www.paypal.com\/paypalme\/supportbastv\">PayPal<\/a>! Aceasta ne va ajuta s\u0103 cre\u0103m con\u021binut interesant \u0219i util pentru dvs., r\u0103m\u00e2n\u00e2nd \u00een continuare o platform\u0103 media independent\u0103.<\/strong><\/p>\n<p><b>Abona\u021bi-v\u0103 la noi pe re\u021bele sociale:\u00a0<\/b><a href=\"https:\/\/t.me\/bastvmd\"><b><i>Telegram<\/i><\/b><\/a><b>,\u00a0<\/b><a href=\"https:\/\/www.youtube.com\/channel\/UC-9005PnLnhpNM8PVSjP2dQ\/featured\"><b><i>YouTube<\/i><\/b><\/a><b>,\u00a0<\/b><a href=\"https:\/\/www.facebook.com\/bastv.md\"><b><i>Facebook<\/i><\/b><\/a>\u00a0<strong>\u0219i\u00a0<\/strong><a href=\"https:\/\/www.instagram.com\/bastv.md\/\"><b><i>Instagram<\/i><\/b><\/a><b>. Aici public\u0103m \u0219tiri pe scurt.<\/b><\/p>\n","protected":false},"excerpt":{"rendered":"<p>Guvernul Republicii Moldova a transmis cu titlu gratuit \u00een proprietatea Prim\u0103riei Carabetovca cl\u0103dirile fostei brig\u0103zi de tractoare \u0219i ale fostului pichet de gr\u0103niceri. \u00cen context, administra\u021bia public\u0103 local\u0103 vine cu un anun\u021b c\u0103tre locuitori \u0219i cei interesa\u021bi. Potrivit administra\u021biei locale, \u00een scopul gestion\u0103rii eficiente a noii propriet\u0103\u021bi, Prim\u0103ria \u0219i Consiliul s\u0103tesc Carabetovca sunt dispuse, cu [&hellip;]<\/p>\n","protected":false},"author":3,"featured_media":157270,"comment_status":"closed","ping_status":"closed","sticky":false,"template":"","format":"standard","meta":{"footnotes":""},"categories":[219,574],"tags":[],"class_list":["post-157263","post","type-post","status-publish","format-standard","has-post-thumbnail","hentry","category-anunturi","category-util"],"yoast_head":"<!-- This site is optimized with the Yoast SEO plugin v27.5 - https:\/\/yoast.com\/product\/yoast-seo-wordpress\/ -->\n<title>(FOTO) Prim\u0103ria Carabetovca anun\u021b\u0103 disponibilitatea pentru arendarea sau v\u00e2nzarea unor cl\u0103diri preluate de la stat - BasTV<\/title>\n<meta name=\"description\" content=\"Guvernul Republicii Moldova a transmis cu titlu gratuit \u00een proprietatea Prim\u0103riei Carabetovca cl\u0103dirile fostei brig\u0103zi de tractoare \u0219i ale fostului pichet de gr\u0103niceri. \u00cen context, administra\u021bia public\u0103 local\u0103 vine cu un anun\u021b c\u0103tre locuitori \u0219i cei interesa\u021bi.\" \/>\n<meta name=\"robots\" content=\"index, follow, max-snippet:-1, max-image-preview:large, max-video-preview:-1\" \/>\n<link rel=\"canonical\" href=\"https:\/\/bas-tv.md\/ro\/foto-primaria-carabetovca-anunta-disponibilitatea-pentru-arendarea-sau-vanzarea-unor-cladiri-preluate-de-la-stat\/\" \/>\n<meta property=\"og:locale\" content=\"ro_RO\" \/>\n<meta property=\"og:type\" content=\"article\" \/>\n<meta property=\"og:title\" content=\"(FOTO) Prim\u0103ria Carabetovca anun\u021b\u0103 disponibilitatea pentru arendarea sau v\u00e2nzarea unor cl\u0103diri preluate de la stat - BasTV\" \/>\n<meta property=\"og:description\" content=\"Guvernul Republicii Moldova a transmis cu titlu gratuit \u00een proprietatea Prim\u0103riei Carabetovca cl\u0103dirile fostei brig\u0103zi de tractoare \u0219i ale fostului pichet de gr\u0103niceri. \u00cen context, administra\u021bia public\u0103 local\u0103 vine cu un anun\u021b c\u0103tre locuitori \u0219i cei interesa\u021bi.\" \/>\n<meta property=\"og:url\" content=\"https:\/\/bas-tv.md\/ro\/foto-primaria-carabetovca-anunta-disponibilitatea-pentru-arendarea-sau-vanzarea-unor-cladiri-preluate-de-la-stat\/\" \/>\n<meta property=\"og:site_name\" content=\"BasTV\" \/>\n<meta property=\"article:published_time\" content=\"2025-08-08T14:30:42+00:00\" \/>\n<meta property=\"og:image\" content=\"https:\/\/bas-tv.md\/wp-content\/uploads\/2025\/08\/528560678_2621366991562349_1916363539730787873_n.jpg\" \/>\n\t<meta property=\"og:image:width\" content=\"2048\" \/>\n\t<meta property=\"og:image:height\" content=\"1536\" \/>\n\t<meta property=\"og:image:type\" content=\"image\/jpeg\" \/>\n<meta name=\"author\" content=\"Redactor\" \/>\n<meta name=\"twitter:card\" content=\"summary_large_image\" \/>\n<meta name=\"twitter:label1\" content=\"Scris de\" \/>\n\t<meta name=\"twitter:data1\" content=\"Redactor\" \/>\n\t<meta name=\"twitter:label2\" content=\"Timp estimat pentru citire\" \/>\n\t<meta name=\"twitter:data2\" content=\"1 minut\" \/>\n<script type=\"application\/ld+json\" class=\"yoast-schema-graph\">{\"@context\":\"https:\\\/\\\/schema.org\",\"@graph\":[{\"@type\":\"Article\",\"@id\":\"https:\\\/\\\/bas-tv.md\\\/ro\\\/foto-primaria-carabetovca-anunta-disponibilitatea-pentru-arendarea-sau-vanzarea-unor-cladiri-preluate-de-la-stat\\\/#article\",\"isPartOf\":{\"@id\":\"https:\\\/\\\/bas-tv.md\\\/ro\\\/foto-primaria-carabetovca-anunta-disponibilitatea-pentru-arendarea-sau-vanzarea-unor-cladiri-preluate-de-la-stat\\\/\"},\"author\":{\"name\":\"Redactor\",\"@id\":\"https:\\\/\\\/bas-tv.md\\\/ro\\\/#\\\/schema\\\/person\\\/8740f45ea2eca1f1695284fc03529af0\"},\"headline\":\"(FOTO) Prim\u0103ria Carabetovca anun\u021b\u0103 disponibilitatea pentru arendarea sau v\u00e2nzarea unor cl\u0103diri preluate de la stat\",\"datePublished\":\"2025-08-08T14:30:42+00:00\",\"mainEntityOfPage\":{\"@id\":\"https:\\\/\\\/bas-tv.md\\\/ro\\\/foto-primaria-carabetovca-anunta-disponibilitatea-pentru-arendarea-sau-vanzarea-unor-cladiri-preluate-de-la-stat\\\/\"},\"wordCount\":192,\"publisher\":{\"@id\":\"https:\\\/\\\/bas-tv.md\\\/ro\\\/#organization\"},\"image\":{\"@id\":\"https:\\\/\\\/bas-tv.md\\\/ro\\\/foto-primaria-carabetovca-anunta-disponibilitatea-pentru-arendarea-sau-vanzarea-unor-cladiri-preluate-de-la-stat\\\/#primaryimage\"},\"thumbnailUrl\":\"https:\\\/\\\/bas-tv.md\\\/wp-content\\\/uploads\\\/2025\\\/08\\\/528560678_2621366991562349_1916363539730787873_n.jpg\",\"articleSection\":[\"Anun\u021buri\",\"Util\"],\"inLanguage\":\"ro-RO\"},{\"@type\":\"WebPage\",\"@id\":\"https:\\\/\\\/bas-tv.md\\\/ro\\\/foto-primaria-carabetovca-anunta-disponibilitatea-pentru-arendarea-sau-vanzarea-unor-cladiri-preluate-de-la-stat\\\/\",\"url\":\"https:\\\/\\\/bas-tv.md\\\/ro\\\/foto-primaria-carabetovca-anunta-disponibilitatea-pentru-arendarea-sau-vanzarea-unor-cladiri-preluate-de-la-stat\\\/\",\"name\":\"(FOTO) Prim\u0103ria Carabetovca anun\u021b\u0103 disponibilitatea pentru arendarea sau v\u00e2nzarea unor cl\u0103diri preluate de la stat - BasTV\",\"isPartOf\":{\"@id\":\"https:\\\/\\\/bas-tv.md\\\/ro\\\/#website\"},\"primaryImageOfPage\":{\"@id\":\"https:\\\/\\\/bas-tv.md\\\/ro\\\/foto-primaria-carabetovca-anunta-disponibilitatea-pentru-arendarea-sau-vanzarea-unor-cladiri-preluate-de-la-stat\\\/#primaryimage\"},\"image\":{\"@id\":\"https:\\\/\\\/bas-tv.md\\\/ro\\\/foto-primaria-carabetovca-anunta-disponibilitatea-pentru-arendarea-sau-vanzarea-unor-cladiri-preluate-de-la-stat\\\/#primaryimage\"},\"thumbnailUrl\":\"https:\\\/\\\/bas-tv.md\\\/wp-content\\\/uploads\\\/2025\\\/08\\\/528560678_2621366991562349_1916363539730787873_n.jpg\",\"datePublished\":\"2025-08-08T14:30:42+00:00\",\"description\":\"Guvernul Republicii Moldova a transmis cu titlu gratuit \u00een proprietatea Prim\u0103riei Carabetovca cl\u0103dirile fostei brig\u0103zi de tractoare \u0219i ale fostului pichet de gr\u0103niceri. \u00cen context, administra\u021bia public\u0103 local\u0103 vine cu un anun\u021b c\u0103tre locuitori \u0219i cei interesa\u021bi.\",\"inLanguage\":\"ro-RO\",\"potentialAction\":[{\"@type\":\"ReadAction\",\"target\":[\"https:\\\/\\\/bas-tv.md\\\/ro\\\/foto-primaria-carabetovca-anunta-disponibilitatea-pentru-arendarea-sau-vanzarea-unor-cladiri-preluate-de-la-stat\\\/\"]}]},{\"@type\":\"ImageObject\",\"inLanguage\":\"ro-RO\",\"@id\":\"https:\\\/\\\/bas-tv.md\\\/ro\\\/foto-primaria-carabetovca-anunta-disponibilitatea-pentru-arendarea-sau-vanzarea-unor-cladiri-preluate-de-la-stat\\\/#primaryimage\",\"url\":\"https:\\\/\\\/bas-tv.md\\\/wp-content\\\/uploads\\\/2025\\\/08\\\/528560678_2621366991562349_1916363539730787873_n.jpg\",\"contentUrl\":\"https:\\\/\\\/bas-tv.md\\\/wp-content\\\/uploads\\\/2025\\\/08\\\/528560678_2621366991562349_1916363539730787873_n.jpg\",\"width\":2048,\"height\":1536,\"caption\":\"Foto: Prim\u0103ria Carabetovca\"},{\"@type\":\"WebSite\",\"@id\":\"https:\\\/\\\/bas-tv.md\\\/ro\\\/#website\",\"url\":\"https:\\\/\\\/bas-tv.md\\\/ro\\\/\",\"name\":\"BasTV\",\"description\":\"Moldova\",\"publisher\":{\"@id\":\"https:\\\/\\\/bas-tv.md\\\/ro\\\/#organization\"},\"potentialAction\":[{\"@type\":\"SearchAction\",\"target\":{\"@type\":\"EntryPoint\",\"urlTemplate\":\"https:\\\/\\\/bas-tv.md\\\/ro\\\/?s={search_term_string}\"},\"query-input\":{\"@type\":\"PropertyValueSpecification\",\"valueRequired\":true,\"valueName\":\"search_term_string\"}}],\"inLanguage\":\"ro-RO\"},{\"@type\":\"Organization\",\"@id\":\"https:\\\/\\\/bas-tv.md\\\/ro\\\/#organization\",\"name\":\"BasTV\",\"url\":\"https:\\\/\\\/bas-tv.md\\\/ro\\\/\",\"logo\":{\"@type\":\"ImageObject\",\"inLanguage\":\"ro-RO\",\"@id\":\"https:\\\/\\\/bas-tv.md\\\/ro\\\/#\\\/schema\\\/logo\\\/image\\\/\",\"url\":\"https:\\\/\\\/bas-tv.md\\\/wp-content\\\/uploads\\\/2023\\\/05\\\/bas-tv-culoarea-rosie.png\",\"contentUrl\":\"https:\\\/\\\/bas-tv.md\\\/wp-content\\\/uploads\\\/2023\\\/05\\\/bas-tv-culoarea-rosie.png\",\"width\":202,\"height\":50,\"caption\":\"BasTV\"},\"image\":{\"@id\":\"https:\\\/\\\/bas-tv.md\\\/ro\\\/#\\\/schema\\\/logo\\\/image\\\/\"}},{\"@type\":\"Person\",\"@id\":\"https:\\\/\\\/bas-tv.md\\\/ro\\\/#\\\/schema\\\/person\\\/8740f45ea2eca1f1695284fc03529af0\",\"name\":\"Redactor\",\"image\":{\"@type\":\"ImageObject\",\"inLanguage\":\"ro-RO\",\"@id\":\"https:\\\/\\\/bas-tv.md\\\/wp-content\\\/litespeed\\\/avatar\\\/91c0586f3f6f4396a4ec1287c965eeeb.jpg?ver=1776950945\",\"url\":\"https:\\\/\\\/bas-tv.md\\\/wp-content\\\/litespeed\\\/avatar\\\/91c0586f3f6f4396a4ec1287c965eeeb.jpg?ver=1776950945\",\"contentUrl\":\"https:\\\/\\\/bas-tv.md\\\/wp-content\\\/litespeed\\\/avatar\\\/91c0586f3f6f4396a4ec1287c965eeeb.jpg?ver=1776950945\",\"caption\":\"Redactor\"},\"url\":\"https:\\\/\\\/bas-tv.md\\\/ro\\\/author\\\/redactor\\\/\"}]}<\/script>\n<!-- \/ Yoast SEO plugin. -->","yoast_head_json":{"title":"(FOTO) Prim\u0103ria Carabetovca anun\u021b\u0103 disponibilitatea pentru arendarea sau v\u00e2nzarea unor cl\u0103diri preluate de la stat - BasTV","description":"Guvernul Republicii Moldova a transmis cu titlu gratuit \u00een proprietatea Prim\u0103riei Carabetovca cl\u0103dirile fostei brig\u0103zi de tractoare \u0219i ale fostului pichet de gr\u0103niceri. \u00cen context, administra\u021bia public\u0103 local\u0103 vine cu un anun\u021b c\u0103tre locuitori \u0219i cei interesa\u021bi.","robots":{"index":"index","follow":"follow","max-snippet":"max-snippet:-1","max-image-preview":"max-image-preview:large","max-video-preview":"max-video-preview:-1"},"canonical":"https:\/\/bas-tv.md\/ro\/foto-primaria-carabetovca-anunta-disponibilitatea-pentru-arendarea-sau-vanzarea-unor-cladiri-preluate-de-la-stat\/","og_locale":"ro_RO","og_type":"article","og_title":"(FOTO) Prim\u0103ria Carabetovca anun\u021b\u0103 disponibilitatea pentru arendarea sau v\u00e2nzarea unor cl\u0103diri preluate de la stat - BasTV","og_description":"Guvernul Republicii Moldova a transmis cu titlu gratuit \u00een proprietatea Prim\u0103riei Carabetovca cl\u0103dirile fostei brig\u0103zi de tractoare \u0219i ale fostului pichet de gr\u0103niceri. \u00cen context, administra\u021bia public\u0103 local\u0103 vine cu un anun\u021b c\u0103tre locuitori \u0219i cei interesa\u021bi.","og_url":"https:\/\/bas-tv.md\/ro\/foto-primaria-carabetovca-anunta-disponibilitatea-pentru-arendarea-sau-vanzarea-unor-cladiri-preluate-de-la-stat\/","og_site_name":"BasTV","article_published_time":"2025-08-08T14:30:42+00:00","og_image":[{"width":2048,"height":1536,"url":"https:\/\/bas-tv.md\/wp-content\/uploads\/2025\/08\/528560678_2621366991562349_1916363539730787873_n.jpg","type":"image\/jpeg"}],"author":"Redactor","twitter_card":"summary_large_image","twitter_misc":{"Scris de":"Redactor","Timp estimat pentru citire":"1 minut"},"schema":{"@context":"https:\/\/schema.org","@graph":[{"@type":"Article","@id":"https:\/\/bas-tv.md\/ro\/foto-primaria-carabetovca-anunta-disponibilitatea-pentru-arendarea-sau-vanzarea-unor-cladiri-preluate-de-la-stat\/#article","isPartOf":{"@id":"https:\/\/bas-tv.md\/ro\/foto-primaria-carabetovca-anunta-disponibilitatea-pentru-arendarea-sau-vanzarea-unor-cladiri-preluate-de-la-stat\/"},"author":{"name":"Redactor","@id":"https:\/\/bas-tv.md\/ro\/#\/schema\/person\/8740f45ea2eca1f1695284fc03529af0"},"headline":"(FOTO) Prim\u0103ria Carabetovca anun\u021b\u0103 disponibilitatea pentru arendarea sau v\u00e2nzarea unor cl\u0103diri preluate de la stat","datePublished":"2025-08-08T14:30:42+00:00","mainEntityOfPage":{"@id":"https:\/\/bas-tv.md\/ro\/foto-primaria-carabetovca-anunta-disponibilitatea-pentru-arendarea-sau-vanzarea-unor-cladiri-preluate-de-la-stat\/"},"wordCount":192,"publisher":{"@id":"https:\/\/bas-tv.md\/ro\/#organization"},"image":{"@id":"https:\/\/bas-tv.md\/ro\/foto-primaria-carabetovca-anunta-disponibilitatea-pentru-arendarea-sau-vanzarea-unor-cladiri-preluate-de-la-stat\/#primaryimage"},"thumbnailUrl":"https:\/\/bas-tv.md\/wp-content\/uploads\/2025\/08\/528560678_2621366991562349_1916363539730787873_n.jpg","articleSection":["Anun\u021buri","Util"],"inLanguage":"ro-RO"},{"@type":"WebPage","@id":"https:\/\/bas-tv.md\/ro\/foto-primaria-carabetovca-anunta-disponibilitatea-pentru-arendarea-sau-vanzarea-unor-cladiri-preluate-de-la-stat\/","url":"https:\/\/bas-tv.md\/ro\/foto-primaria-carabetovca-anunta-disponibilitatea-pentru-arendarea-sau-vanzarea-unor-cladiri-preluate-de-la-stat\/","name":"(FOTO) Prim\u0103ria Carabetovca anun\u021b\u0103 disponibilitatea pentru arendarea sau v\u00e2nzarea unor cl\u0103diri preluate de la stat - BasTV","isPartOf":{"@id":"https:\/\/bas-tv.md\/ro\/#website"},"primaryImageOfPage":{"@id":"https:\/\/bas-tv.md\/ro\/foto-primaria-carabetovca-anunta-disponibilitatea-pentru-arendarea-sau-vanzarea-unor-cladiri-preluate-de-la-stat\/#primaryimage"},"image":{"@id":"https:\/\/bas-tv.md\/ro\/foto-primaria-carabetovca-anunta-disponibilitatea-pentru-arendarea-sau-vanzarea-unor-cladiri-preluate-de-la-stat\/#primaryimage"},"thumbnailUrl":"https:\/\/bas-tv.md\/wp-content\/uploads\/2025\/08\/528560678_2621366991562349_1916363539730787873_n.jpg","datePublished":"2025-08-08T14:30:42+00:00","description":"Guvernul Republicii Moldova a transmis cu titlu gratuit \u00een proprietatea Prim\u0103riei Carabetovca cl\u0103dirile fostei brig\u0103zi de tractoare \u0219i ale fostului pichet de gr\u0103niceri. \u00cen context, administra\u021bia public\u0103 local\u0103 vine cu un anun\u021b c\u0103tre locuitori \u0219i cei interesa\u021bi.","inLanguage":"ro-RO","potentialAction":[{"@type":"ReadAction","target":["https:\/\/bas-tv.md\/ro\/foto-primaria-carabetovca-anunta-disponibilitatea-pentru-arendarea-sau-vanzarea-unor-cladiri-preluate-de-la-stat\/"]}]},{"@type":"ImageObject","inLanguage":"ro-RO","@id":"https:\/\/bas-tv.md\/ro\/foto-primaria-carabetovca-anunta-disponibilitatea-pentru-arendarea-sau-vanzarea-unor-cladiri-preluate-de-la-stat\/#primaryimage","url":"https:\/\/bas-tv.md\/wp-content\/uploads\/2025\/08\/528560678_2621366991562349_1916363539730787873_n.jpg","contentUrl":"https:\/\/bas-tv.md\/wp-content\/uploads\/2025\/08\/528560678_2621366991562349_1916363539730787873_n.jpg","width":2048,"height":1536,"caption":"Foto: Prim\u0103ria Carabetovca"},{"@type":"WebSite","@id":"https:\/\/bas-tv.md\/ro\/#website","url":"https:\/\/bas-tv.md\/ro\/","name":"BasTV","description":"Moldova","publisher":{"@id":"https:\/\/bas-tv.md\/ro\/#organization"},"potentialAction":[{"@type":"SearchAction","target":{"@type":"EntryPoint","urlTemplate":"https:\/\/bas-tv.md\/ro\/?s={search_term_string}"},"query-input":{"@type":"PropertyValueSpecification","valueRequired":true,"valueName":"search_term_string"}}],"inLanguage":"ro-RO"},{"@type":"Organization","@id":"https:\/\/bas-tv.md\/ro\/#organization","name":"BasTV","url":"https:\/\/bas-tv.md\/ro\/","logo":{"@type":"ImageObject","inLanguage":"ro-RO","@id":"https:\/\/bas-tv.md\/ro\/#\/schema\/logo\/image\/","url":"https:\/\/bas-tv.md\/wp-content\/uploads\/2023\/05\/bas-tv-culoarea-rosie.png","contentUrl":"https:\/\/bas-tv.md\/wp-content\/uploads\/2023\/05\/bas-tv-culoarea-rosie.png","width":202,"height":50,"caption":"BasTV"},"image":{"@id":"https:\/\/bas-tv.md\/ro\/#\/schema\/logo\/image\/"}},{"@type":"Person","@id":"https:\/\/bas-tv.md\/ro\/#\/schema\/person\/8740f45ea2eca1f1695284fc03529af0","name":"Redactor","image":{"@type":"ImageObject","inLanguage":"ro-RO","@id":"https:\/\/bas-tv.md\/wp-content\/litespeed\/avatar\/91c0586f3f6f4396a4ec1287c965eeeb.jpg?ver=1776950945","url":"https:\/\/bas-tv.md\/wp-content\/litespeed\/avatar\/91c0586f3f6f4396a4ec1287c965eeeb.jpg?ver=1776950945","contentUrl":"https:\/\/bas-tv.md\/wp-content\/litespeed\/avatar\/91c0586f3f6f4396a4ec1287c965eeeb.jpg?ver=1776950945","caption":"Redactor"},"url":"https:\/\/bas-tv.md\/ro\/author\/redactor\/"}]}},"views":267,"_links":{"self":[{"href":"https:\/\/bas-tv.md\/ro\/wp-json\/wp\/v2\/posts\/157263","targetHints":{"allow":["GET"]}}],"collection":[{"href":"https:\/\/bas-tv.md\/ro\/wp-json\/wp\/v2\/posts"}],"about":[{"href":"https:\/\/bas-tv.md\/ro\/wp-json\/wp\/v2\/types\/post"}],"author":[{"embeddable":true,"href":"https:\/\/bas-tv.md\/ro\/wp-json\/wp\/v2\/users\/3"}],"replies":[{"embeddable":true,"href":"https:\/\/bas-tv.md\/ro\/wp-json\/wp\/v2\/comments?post=157263"}],"version-history":[{"count":1,"href":"https:\/\/bas-tv.md\/ro\/wp-json\/wp\/v2\/posts\/157263\/revisions"}],"predecessor-version":[{"id":157272,"href":"https:\/\/bas-tv.md\/ro\/wp-json\/wp\/v2\/posts\/157263\/revisions\/157272"}],"wp:featuredmedia":[{"embeddable":true,"href":"https:\/\/bas-tv.md\/ro\/wp-json\/wp\/v2\/media\/157270"}],"wp:attachment":[{"href":"https:\/\/bas-tv.md\/ro\/wp-json\/wp\/v2\/media?parent=157263"}],"wp:term":[{"taxonomy":"category","embeddable":true,"href":"https:\/\/bas-tv.md\/ro\/wp-json\/wp\/v2\/categories?post=157263"},{"taxonomy":"post_tag","embeddable":true,"href":"https:\/\/bas-tv.md\/ro\/wp-json\/wp\/v2\/tags?post=157263"}],"curies":[{"name":"wp","href":"https:\/\/api.w.org\/{rel}","templated":true}]}}