{"id":157292,"date":"2025-08-10T20:00:33","date_gmt":"2025-08-10T17:00:33","guid":{"rendered":"https:\/\/bas-tv.md\/?p=157292"},"modified":"2025-08-09T20:45:08","modified_gmt":"2025-08-09T17:45:08","slug":"retrospectiva-saptamanii-admitere-liceu-incendiu-isarlia-situatie-epidemiologica-frontiera-lucrari-publice-delapidari","status":"publish","type":"post","link":"https:\/\/bas-tv.md\/ro\/retrospectiva-saptamanii-admitere-liceu-incendiu-isarlia-situatie-epidemiologica-frontiera-lucrari-publice-delapidari\/","title":{"rendered":"\u201eRetrospectiva s\u0103pt\u0103m\u00e2nii\u201d de la BAStv: admitere la liceu, incendiu de vegeta\u021bie, situa\u021bie epidemiologic\u0103, treceri ilegale ale frontierei, lucr\u0103ri publice \u0219i perchezi\u021bii anticorup\u021bie"},"content":{"rendered":"<p><strong>\u201eRetrospectiva s\u0103pt\u0103m\u00e2nii\u201d \u2013 o sec\u021biune \u00een care public\u0103m cele mai importante \u0219tiri ap\u0103rute pe site-ul nostru \u00een ultimele 7 zile. Acest lucru te va ajuta s\u0103 fii mereu la curent \u0219i s\u0103 nu ratezi nimic important pentru tine.<\/strong><\/p>\n<p><strong>A doua etap\u0103 de admitere la liceu: C\u00e2\u021bi elevi s-au \u00eenscris la liceele din raionul Basarabeasca<\/strong><span style=\"font-weight: 400;\"><br \/>\n<\/span><span style=\"font-weight: 400;\">\u00cen perioada 04-13 august 2025 are loc a doua etap\u0103 a admiterii la liceu. Elevii sunt a\u0219tepta\u021bi \u00een perioada 04-07 august 2025 pentru a depune actele pentru \u00eenscrierea la concurs, iar la data de 08 august 2025 va avea loc concursul dosarelor \u0219i stabilirea listelor finale ale elevilor admi\u0219i. \u00cen context, am decis s\u0103 afl\u0103m c\u00e2\u021bi elevi s-au \u00eenscris \u00een prima etap\u0103 de admitere \u00een fiecare din liceele din raionul Basarabeasca. Citi\u021bi <a href=\"https:\/\/bas-tv.md\/ro\/a-doua-etapa-de-admitere-la-liceu-cati-elevi-s-au-inscris-la-liceele-din-raionul-basarabeasca\/?doing_wp_cron=1754760442.3467741012573242187500\">aici<\/a> detaliile.<\/span><\/p>\n<p><strong>Incendiu de vegeta\u021bie \u00een Iserlia: 50 de hectare de vegeta\u021bie au fost cuprinse de fl\u0103c\u0103ri<\/strong><span style=\"font-weight: 400;\"><br \/>\n<\/span><span style=\"font-weight: 400;\">Un incendiu de propor\u021bii a izbucnit ieri dup\u0103-amiaz\u0103 \u00een apropierea satului Iserlia, raionul Basarabeasca, unde fl\u0103c\u0103rile au mistuit aproximativ 50 de hectare de vegeta\u021bie uscat\u0103. Pompierii din trei raioane au fost mobiliza\u021bi pentru a \u021bine focul sub control \u0219i a evita propagarea acestuia c\u0103tre zonele locuite. <a href=\"https:\/\/bas-tv.md\/ro\/incendiu-iserlia-vegetatie-uscata-50-hectare-ars\/\">Afla\u021bi<\/a> mai multe detalii.<\/span><\/p>\n<p><strong>Situa\u021bia epidemiologic\u0103 \u00een raionul Basarabeasca \u00een luna iulie: R\u0103celi \u0219i pneumonii<\/strong><span style=\"font-weight: 400;\"><br \/>\n<\/span><span style=\"font-weight: 400;\">Raionul Basarabeasca a \u00eenregistrat, \u00een luna iulie, un nivel sc\u0103zut al \u00eemboln\u0103virilor prin boli transmisibile, potrivit datelor oferite de Subdiviziunea teritorial\u0103 Basarabeasca a Centrului de S\u0103n\u0103tate Public\u0103 H\u00eence\u0219ti. Cele mai frecvent raportate maladii au fost infec\u021biile respiratorii acute \u0219i pneumoniile. Detalii g\u0103si\u021bi <a href=\"https:\/\/bas-tv.md\/ro\/situatia-epidemiologica-in-raionul-basarabeasca-in-luna-iulie-raceli-si-pneumonii\/?doing_wp_cron=1754760450.7785470485687255859375\">aici<\/a>.<\/span><\/p>\n<p><strong>Patru cet\u0103\u021beni ucraineni, prin\u0219i la Basarabeasca dup\u0103 ce au trecut ilegal frontiera<\/strong><span style=\"font-weight: 400;\"><br \/>\n<\/span><span style=\"font-weight: 400;\">\u00cen ultimele 72 de ore, poli\u021bi\u0219tii de frontier\u0103 din cadrul Direc\u021biei regionale Sud au documentat \u0219ase cet\u0103\u021beni str\u0103ini implica\u021bi \u00een trei cazuri de trecere ilegal\u0103 a frontierei moldo-ucrainene. Dou\u0103 dintre incidente au avut loc \u00een zona de responsabilitate a Sectorului Poli\u021biei de Frontier\u0103 \u201eBasarabeasca\u201d. Citi\u021bi continuarea <a href=\"https:\/\/bas-tv.md\/ro\/patru-cetateni-ucraineni-prinsi-basarabeasca-trecere-ilegala-frontiera\/\">aici<\/a>.<\/span><\/p>\n<p><strong>(FOTO) Lucr\u0103ri de pavare a trotuarului pe strada 31 August din Sadaclia<\/strong><span style=\"font-weight: 400;\"><br \/>\n<\/span><span style=\"font-weight: 400;\">Prim\u0103ria satului Sadaclia anun\u021b\u0103 c\u0103 \u00eencep\u00e2nd cu data de 5 august 2025 au demarat lucr\u0103rile de pavare a trotuarului pe strada 31 August (cunoscut\u0103 \u0219i ca strada Central\u0103, partea de sus a localit\u0103\u021bii). Mai multe informa\u021bii <a href=\"https:\/\/bas-tv.md\/ro\/foto-lucrari-de-pavare-a-trotuarului-pe-strada-31-august-din-sadaclia\/?doing_wp_cron=1754760474.3359661102294921875000\">aici<\/a>.<\/span><\/p>\n<p><strong>(FOTO) Prim\u0103ria Carabetovca anun\u021b\u0103 disponibilitatea pentru arendarea sau v\u00e2nzarea unor cl\u0103diri preluate de la stat<\/strong><span style=\"font-weight: 400;\"><br \/>\n<\/span><span style=\"font-weight: 400;\"> Guvernul Republicii Moldova a transmis cu titlu gratuit \u00een proprietatea Prim\u0103riei Carabetovca cl\u0103dirile fostei brig\u0103zi de tractoare \u0219i ale fostului pichet de gr\u0103niceri. \u00cen context, administra\u021bia public\u0103 local\u0103 vine cu un anun\u021b c\u0103tre locuitori \u0219i cei interesa\u021bi. Afla\u021bi toate detaliile <a href=\"https:\/\/bas-tv.md\/ro\/foto-primaria-carabetovca-anunta-disponibilitatea-pentru-arendarea-sau-vanzarea-unor-cladiri-preluate-de-la-stat\/\">aici<\/a>.<\/span><\/p>\n<p><strong>Delapid\u0103ri de fonduri pentru repara\u021bia drumurilor: perchezi\u021bii \u0219i re\u021bineri, inclusiv de la S.A. \u201eDrumuri-Cimi\u0219lia<\/strong><span style=\"font-weight: 400;\"><br \/>\n<\/span><span style=\"font-weight: 400;\">O ampl\u0103 opera\u021biune anticorup\u021bie a avut loc miercuri, 6 august, \u00een Republica Moldova, \u00een urma c\u0103reia cinci persoane au fost re\u021binute, fiind suspectate c\u0103 ar fi deturnat fonduri publice destinate repara\u021biei \u0219i \u00eentre\u021binerii drumurilor. Printre re\u021binu\u021bi se num\u0103r\u0103 \u0219i factori de decizie de la S.A. \u201eDrumuri-Cimi\u0219lia\u201d, una dintre \u00eentreprinderile implicate direct \u00een gestionarea infrastructurii rutiere din sudul \u021b\u0103rii. Citi\u021bi detalii <a href=\"https:\/\/bas-tv.md\/ro\/delapidari-de-fonduri-pentru-reparatia-drumurilor-perchezitii-si-retineri-inclusiv-de-la-s-a-drumuri-cimislia\/\">aici<\/a>.<\/span><\/p>\n<p>Cei care sus\u021bin redac\u021bia BAStv \u00een realizarea con\u021binuturilor de calitate, oferim\u00a0<a href=\"https:\/\/bas-tv.md\/patreon-dlya-bastv-kak-nam-pomogut-vashi-2-v-mesyacz\/\">un link c\u0103tre un articol despre cum se poate face acest lucru<\/a>.<\/p>\n<p><strong>Asta este tot ce am vrut s\u0103 v\u0103 reamintim. Sper\u0103m s\u0103 fie interesant. Urm\u0103re\u0219te publica\u021biile noastre \u0219i fii mereu la curent cu ceea ce se \u00eent\u00e2mpl\u0103!<\/strong><\/p>\n<p><strong>Abona\u021bi-v\u0103 la noi pe re\u021bele sociale:\u00a0<a href=\"https:\/\/t.me\/bastvmd\">Telegram<\/a>,\u00a0<a href=\"https:\/\/www.youtube.com\/channel\/UC-9005PnLnhpNM8PVSjP2dQ\/featured\">YouTube<\/a>,\u00a0<a href=\"https:\/\/www.facebook.com\/bastv.md\">Facebook<\/a>\u00a0\u0219i\u00a0<a href=\"https:\/\/www.instagram.com\/bastv.md\/\">Instagram<\/a>. Aici public\u0103m \u0219tiri pe scurt!<\/strong><\/p>\n","protected":false},"excerpt":{"rendered":"<p>\u201eRetrospectiva s\u0103pt\u0103m\u00e2nii\u201d \u2013 o sec\u021biune \u00een care public\u0103m cele mai importante \u0219tiri ap\u0103rute pe site-ul nostru \u00een ultimele 7 zile. Acest lucru te va ajuta s\u0103 fii mereu la curent \u0219i s\u0103 nu ratezi nimic important pentru tine. A doua etap\u0103 de admitere la liceu: C\u00e2\u021bi elevi s-au \u00eenscris la liceele din raionul Basarabeasca \u00cen [&hellip;]<\/p>\n","protected":false},"author":3,"featured_media":157293,"comment_status":"closed","ping_status":"closed","sticky":false,"template":"","format":"standard","meta":{"footnotes":""},"categories":[577,574],"tags":[],"class_list":["post-157292","post","type-post","status-publish","format-standard","has-post-thumbnail","hentry","category-recenzii","category-util"],"yoast_head":"<!-- This site is optimized with the Yoast SEO plugin v27.5 - https:\/\/yoast.com\/product\/yoast-seo-wordpress\/ -->\n<title>\u201eRetrospectiva s\u0103pt\u0103m\u00e2nii\u201d de la BAStv: admitere la liceu, incendiu de vegeta\u021bie, situa\u021bie epidemiologic\u0103, treceri ilegale ale frontierei, lucr\u0103ri publice \u0219i perchezi\u021bii anticorup\u021bie - BasTV<\/title>\n<meta name=\"description\" content=\"\u201eRetrospectiva s\u0103pt\u0103m\u00e2nii\u201d \u2013 o sec\u021biune \u00een care public\u0103m cele mai importante \u0219tiri ap\u0103rute pe site-ul nostru \u00een ultimele 7 zile. Acest lucru te va ajuta s\u0103 fii mereu la curent \u0219i s\u0103 nu ratezi nimic important pentru tine.\" \/>\n<meta name=\"robots\" content=\"index, follow, max-snippet:-1, max-image-preview:large, max-video-preview:-1\" \/>\n<link rel=\"canonical\" href=\"https:\/\/bas-tv.md\/ro\/retrospectiva-saptamanii-admitere-liceu-incendiu-isarlia-situatie-epidemiologica-frontiera-lucrari-publice-delapidari\/\" \/>\n<meta property=\"og:locale\" content=\"ro_RO\" \/>\n<meta property=\"og:type\" content=\"article\" \/>\n<meta property=\"og:title\" content=\"\u201eRetrospectiva s\u0103pt\u0103m\u00e2nii\u201d de la BAStv: admitere la liceu, incendiu de vegeta\u021bie, situa\u021bie epidemiologic\u0103, treceri ilegale ale frontierei, lucr\u0103ri publice \u0219i perchezi\u021bii anticorup\u021bie - BasTV\" \/>\n<meta property=\"og:description\" content=\"\u201eRetrospectiva s\u0103pt\u0103m\u00e2nii\u201d \u2013 o sec\u021biune \u00een care public\u0103m cele mai importante \u0219tiri ap\u0103rute pe site-ul nostru \u00een ultimele 7 zile. Acest lucru te va ajuta s\u0103 fii mereu la curent \u0219i s\u0103 nu ratezi nimic important pentru tine.\" \/>\n<meta property=\"og:url\" content=\"https:\/\/bas-tv.md\/ro\/retrospectiva-saptamanii-admitere-liceu-incendiu-isarlia-situatie-epidemiologica-frontiera-lucrari-publice-delapidari\/\" \/>\n<meta property=\"og:site_name\" content=\"BasTV\" \/>\n<meta property=\"article:published_time\" content=\"2025-08-10T17:00:33+00:00\" \/>\n<meta property=\"og:image\" content=\"https:\/\/bas-tv.md\/wp-content\/uploads\/2025\/08\/retrospectiva-1-1024x576.png\" \/>\n\t<meta property=\"og:image:width\" content=\"1024\" \/>\n\t<meta property=\"og:image:height\" content=\"576\" \/>\n\t<meta property=\"og:image:type\" content=\"image\/png\" \/>\n<meta name=\"author\" content=\"Redactor\" \/>\n<meta name=\"twitter:card\" content=\"summary_large_image\" \/>\n<meta name=\"twitter:label1\" content=\"Scris de\" \/>\n\t<meta name=\"twitter:data1\" content=\"Redactor\" \/>\n\t<meta name=\"twitter:label2\" content=\"Timp estimat pentru citire\" \/>\n\t<meta name=\"twitter:data2\" content=\"4 minute\" \/>\n<script type=\"application\/ld+json\" class=\"yoast-schema-graph\">{\"@context\":\"https:\\\/\\\/schema.org\",\"@graph\":[{\"@type\":\"Article\",\"@id\":\"https:\\\/\\\/bas-tv.md\\\/ro\\\/retrospectiva-saptamanii-admitere-liceu-incendiu-isarlia-situatie-epidemiologica-frontiera-lucrari-publice-delapidari\\\/#article\",\"isPartOf\":{\"@id\":\"https:\\\/\\\/bas-tv.md\\\/ro\\\/retrospectiva-saptamanii-admitere-liceu-incendiu-isarlia-situatie-epidemiologica-frontiera-lucrari-publice-delapidari\\\/\"},\"author\":{\"name\":\"Redactor\",\"@id\":\"https:\\\/\\\/bas-tv.md\\\/ro\\\/#\\\/schema\\\/person\\\/8740f45ea2eca1f1695284fc03529af0\"},\"headline\":\"\u201eRetrospectiva s\u0103pt\u0103m\u00e2nii\u201d de la BAStv: admitere la liceu, incendiu de vegeta\u021bie, situa\u021bie epidemiologic\u0103, treceri ilegale ale frontierei, lucr\u0103ri publice \u0219i perchezi\u021bii anticorup\u021bie\",\"datePublished\":\"2025-08-10T17:00:33+00:00\",\"mainEntityOfPage\":{\"@id\":\"https:\\\/\\\/bas-tv.md\\\/ro\\\/retrospectiva-saptamanii-admitere-liceu-incendiu-isarlia-situatie-epidemiologica-frontiera-lucrari-publice-delapidari\\\/\"},\"wordCount\":660,\"publisher\":{\"@id\":\"https:\\\/\\\/bas-tv.md\\\/ro\\\/#organization\"},\"image\":{\"@id\":\"https:\\\/\\\/bas-tv.md\\\/ro\\\/retrospectiva-saptamanii-admitere-liceu-incendiu-isarlia-situatie-epidemiologica-frontiera-lucrari-publice-delapidari\\\/#primaryimage\"},\"thumbnailUrl\":\"https:\\\/\\\/bas-tv.md\\\/wp-content\\\/uploads\\\/2025\\\/08\\\/retrospectiva-1.png\",\"articleSection\":[\"Recenzii\",\"Util\"],\"inLanguage\":\"ro-RO\"},{\"@type\":\"WebPage\",\"@id\":\"https:\\\/\\\/bas-tv.md\\\/ro\\\/retrospectiva-saptamanii-admitere-liceu-incendiu-isarlia-situatie-epidemiologica-frontiera-lucrari-publice-delapidari\\\/\",\"url\":\"https:\\\/\\\/bas-tv.md\\\/ro\\\/retrospectiva-saptamanii-admitere-liceu-incendiu-isarlia-situatie-epidemiologica-frontiera-lucrari-publice-delapidari\\\/\",\"name\":\"\u201eRetrospectiva s\u0103pt\u0103m\u00e2nii\u201d de la BAStv: admitere la liceu, incendiu de vegeta\u021bie, situa\u021bie epidemiologic\u0103, treceri ilegale ale frontierei, lucr\u0103ri publice \u0219i perchezi\u021bii anticorup\u021bie - BasTV\",\"isPartOf\":{\"@id\":\"https:\\\/\\\/bas-tv.md\\\/ro\\\/#website\"},\"primaryImageOfPage\":{\"@id\":\"https:\\\/\\\/bas-tv.md\\\/ro\\\/retrospectiva-saptamanii-admitere-liceu-incendiu-isarlia-situatie-epidemiologica-frontiera-lucrari-publice-delapidari\\\/#primaryimage\"},\"image\":{\"@id\":\"https:\\\/\\\/bas-tv.md\\\/ro\\\/retrospectiva-saptamanii-admitere-liceu-incendiu-isarlia-situatie-epidemiologica-frontiera-lucrari-publice-delapidari\\\/#primaryimage\"},\"thumbnailUrl\":\"https:\\\/\\\/bas-tv.md\\\/wp-content\\\/uploads\\\/2025\\\/08\\\/retrospectiva-1.png\",\"datePublished\":\"2025-08-10T17:00:33+00:00\",\"description\":\"\u201eRetrospectiva s\u0103pt\u0103m\u00e2nii\u201d \u2013 o sec\u021biune \u00een care public\u0103m cele mai importante \u0219tiri ap\u0103rute pe site-ul nostru \u00een ultimele 7 zile. Acest lucru te va ajuta s\u0103 fii mereu la curent \u0219i s\u0103 nu ratezi nimic important pentru tine.\",\"inLanguage\":\"ro-RO\",\"potentialAction\":[{\"@type\":\"ReadAction\",\"target\":[\"https:\\\/\\\/bas-tv.md\\\/ro\\\/retrospectiva-saptamanii-admitere-liceu-incendiu-isarlia-situatie-epidemiologica-frontiera-lucrari-publice-delapidari\\\/\"]}]},{\"@type\":\"ImageObject\",\"inLanguage\":\"ro-RO\",\"@id\":\"https:\\\/\\\/bas-tv.md\\\/ro\\\/retrospectiva-saptamanii-admitere-liceu-incendiu-isarlia-situatie-epidemiologica-frontiera-lucrari-publice-delapidari\\\/#primaryimage\",\"url\":\"https:\\\/\\\/bas-tv.md\\\/wp-content\\\/uploads\\\/2025\\\/08\\\/retrospectiva-1.png\",\"contentUrl\":\"https:\\\/\\\/bas-tv.md\\\/wp-content\\\/uploads\\\/2025\\\/08\\\/retrospectiva-1.png\",\"width\":1920,\"height\":1080},{\"@type\":\"WebSite\",\"@id\":\"https:\\\/\\\/bas-tv.md\\\/ro\\\/#website\",\"url\":\"https:\\\/\\\/bas-tv.md\\\/ro\\\/\",\"name\":\"BasTV\",\"description\":\"Moldova\",\"publisher\":{\"@id\":\"https:\\\/\\\/bas-tv.md\\\/ro\\\/#organization\"},\"potentialAction\":[{\"@type\":\"SearchAction\",\"target\":{\"@type\":\"EntryPoint\",\"urlTemplate\":\"https:\\\/\\\/bas-tv.md\\\/ro\\\/?s={search_term_string}\"},\"query-input\":{\"@type\":\"PropertyValueSpecification\",\"valueRequired\":true,\"valueName\":\"search_term_string\"}}],\"inLanguage\":\"ro-RO\"},{\"@type\":\"Organization\",\"@id\":\"https:\\\/\\\/bas-tv.md\\\/ro\\\/#organization\",\"name\":\"BasTV\",\"url\":\"https:\\\/\\\/bas-tv.md\\\/ro\\\/\",\"logo\":{\"@type\":\"ImageObject\",\"inLanguage\":\"ro-RO\",\"@id\":\"https:\\\/\\\/bas-tv.md\\\/ro\\\/#\\\/schema\\\/logo\\\/image\\\/\",\"url\":\"https:\\\/\\\/bas-tv.md\\\/wp-content\\\/uploads\\\/2023\\\/05\\\/bas-tv-culoarea-rosie.png\",\"contentUrl\":\"https:\\\/\\\/bas-tv.md\\\/wp-content\\\/uploads\\\/2023\\\/05\\\/bas-tv-culoarea-rosie.png\",\"width\":202,\"height\":50,\"caption\":\"BasTV\"},\"image\":{\"@id\":\"https:\\\/\\\/bas-tv.md\\\/ro\\\/#\\\/schema\\\/logo\\\/image\\\/\"}},{\"@type\":\"Person\",\"@id\":\"https:\\\/\\\/bas-tv.md\\\/ro\\\/#\\\/schema\\\/person\\\/8740f45ea2eca1f1695284fc03529af0\",\"name\":\"Redactor\",\"image\":{\"@type\":\"ImageObject\",\"inLanguage\":\"ro-RO\",\"@id\":\"https:\\\/\\\/bas-tv.md\\\/wp-content\\\/litespeed\\\/avatar\\\/91c0586f3f6f4396a4ec1287c965eeeb.jpg?ver=1776950945\",\"url\":\"https:\\\/\\\/bas-tv.md\\\/wp-content\\\/litespeed\\\/avatar\\\/91c0586f3f6f4396a4ec1287c965eeeb.jpg?ver=1776950945\",\"contentUrl\":\"https:\\\/\\\/bas-tv.md\\\/wp-content\\\/litespeed\\\/avatar\\\/91c0586f3f6f4396a4ec1287c965eeeb.jpg?ver=1776950945\",\"caption\":\"Redactor\"},\"url\":\"https:\\\/\\\/bas-tv.md\\\/ro\\\/author\\\/redactor\\\/\"}]}<\/script>\n<!-- \/ Yoast SEO plugin. -->","yoast_head_json":{"title":"\u201eRetrospectiva s\u0103pt\u0103m\u00e2nii\u201d de la BAStv: admitere la liceu, incendiu de vegeta\u021bie, situa\u021bie epidemiologic\u0103, treceri ilegale ale frontierei, lucr\u0103ri publice \u0219i perchezi\u021bii anticorup\u021bie - BasTV","description":"\u201eRetrospectiva s\u0103pt\u0103m\u00e2nii\u201d \u2013 o sec\u021biune \u00een care public\u0103m cele mai importante \u0219tiri ap\u0103rute pe site-ul nostru \u00een ultimele 7 zile. Acest lucru te va ajuta s\u0103 fii mereu la curent \u0219i s\u0103 nu ratezi nimic important pentru tine.","robots":{"index":"index","follow":"follow","max-snippet":"max-snippet:-1","max-image-preview":"max-image-preview:large","max-video-preview":"max-video-preview:-1"},"canonical":"https:\/\/bas-tv.md\/ro\/retrospectiva-saptamanii-admitere-liceu-incendiu-isarlia-situatie-epidemiologica-frontiera-lucrari-publice-delapidari\/","og_locale":"ro_RO","og_type":"article","og_title":"\u201eRetrospectiva s\u0103pt\u0103m\u00e2nii\u201d de la BAStv: admitere la liceu, incendiu de vegeta\u021bie, situa\u021bie epidemiologic\u0103, treceri ilegale ale frontierei, lucr\u0103ri publice \u0219i perchezi\u021bii anticorup\u021bie - BasTV","og_description":"\u201eRetrospectiva s\u0103pt\u0103m\u00e2nii\u201d \u2013 o sec\u021biune \u00een care public\u0103m cele mai importante \u0219tiri ap\u0103rute pe site-ul nostru \u00een ultimele 7 zile. Acest lucru te va ajuta s\u0103 fii mereu la curent \u0219i s\u0103 nu ratezi nimic important pentru tine.","og_url":"https:\/\/bas-tv.md\/ro\/retrospectiva-saptamanii-admitere-liceu-incendiu-isarlia-situatie-epidemiologica-frontiera-lucrari-publice-delapidari\/","og_site_name":"BasTV","article_published_time":"2025-08-10T17:00:33+00:00","og_image":[{"width":1024,"height":576,"url":"https:\/\/bas-tv.md\/wp-content\/uploads\/2025\/08\/retrospectiva-1-1024x576.png","type":"image\/png"}],"author":"Redactor","twitter_card":"summary_large_image","twitter_misc":{"Scris de":"Redactor","Timp estimat pentru citire":"4 minute"},"schema":{"@context":"https:\/\/schema.org","@graph":[{"@type":"Article","@id":"https:\/\/bas-tv.md\/ro\/retrospectiva-saptamanii-admitere-liceu-incendiu-isarlia-situatie-epidemiologica-frontiera-lucrari-publice-delapidari\/#article","isPartOf":{"@id":"https:\/\/bas-tv.md\/ro\/retrospectiva-saptamanii-admitere-liceu-incendiu-isarlia-situatie-epidemiologica-frontiera-lucrari-publice-delapidari\/"},"author":{"name":"Redactor","@id":"https:\/\/bas-tv.md\/ro\/#\/schema\/person\/8740f45ea2eca1f1695284fc03529af0"},"headline":"\u201eRetrospectiva s\u0103pt\u0103m\u00e2nii\u201d de la BAStv: admitere la liceu, incendiu de vegeta\u021bie, situa\u021bie epidemiologic\u0103, treceri ilegale ale frontierei, lucr\u0103ri publice \u0219i perchezi\u021bii anticorup\u021bie","datePublished":"2025-08-10T17:00:33+00:00","mainEntityOfPage":{"@id":"https:\/\/bas-tv.md\/ro\/retrospectiva-saptamanii-admitere-liceu-incendiu-isarlia-situatie-epidemiologica-frontiera-lucrari-publice-delapidari\/"},"wordCount":660,"publisher":{"@id":"https:\/\/bas-tv.md\/ro\/#organization"},"image":{"@id":"https:\/\/bas-tv.md\/ro\/retrospectiva-saptamanii-admitere-liceu-incendiu-isarlia-situatie-epidemiologica-frontiera-lucrari-publice-delapidari\/#primaryimage"},"thumbnailUrl":"https:\/\/bas-tv.md\/wp-content\/uploads\/2025\/08\/retrospectiva-1.png","articleSection":["Recenzii","Util"],"inLanguage":"ro-RO"},{"@type":"WebPage","@id":"https:\/\/bas-tv.md\/ro\/retrospectiva-saptamanii-admitere-liceu-incendiu-isarlia-situatie-epidemiologica-frontiera-lucrari-publice-delapidari\/","url":"https:\/\/bas-tv.md\/ro\/retrospectiva-saptamanii-admitere-liceu-incendiu-isarlia-situatie-epidemiologica-frontiera-lucrari-publice-delapidari\/","name":"\u201eRetrospectiva s\u0103pt\u0103m\u00e2nii\u201d de la BAStv: admitere la liceu, incendiu de vegeta\u021bie, situa\u021bie epidemiologic\u0103, treceri ilegale ale frontierei, lucr\u0103ri publice \u0219i perchezi\u021bii anticorup\u021bie - BasTV","isPartOf":{"@id":"https:\/\/bas-tv.md\/ro\/#website"},"primaryImageOfPage":{"@id":"https:\/\/bas-tv.md\/ro\/retrospectiva-saptamanii-admitere-liceu-incendiu-isarlia-situatie-epidemiologica-frontiera-lucrari-publice-delapidari\/#primaryimage"},"image":{"@id":"https:\/\/bas-tv.md\/ro\/retrospectiva-saptamanii-admitere-liceu-incendiu-isarlia-situatie-epidemiologica-frontiera-lucrari-publice-delapidari\/#primaryimage"},"thumbnailUrl":"https:\/\/bas-tv.md\/wp-content\/uploads\/2025\/08\/retrospectiva-1.png","datePublished":"2025-08-10T17:00:33+00:00","description":"\u201eRetrospectiva s\u0103pt\u0103m\u00e2nii\u201d \u2013 o sec\u021biune \u00een care public\u0103m cele mai importante \u0219tiri ap\u0103rute pe site-ul nostru \u00een ultimele 7 zile. Acest lucru te va ajuta s\u0103 fii mereu la curent \u0219i s\u0103 nu ratezi nimic important pentru tine.","inLanguage":"ro-RO","potentialAction":[{"@type":"ReadAction","target":["https:\/\/bas-tv.md\/ro\/retrospectiva-saptamanii-admitere-liceu-incendiu-isarlia-situatie-epidemiologica-frontiera-lucrari-publice-delapidari\/"]}]},{"@type":"ImageObject","inLanguage":"ro-RO","@id":"https:\/\/bas-tv.md\/ro\/retrospectiva-saptamanii-admitere-liceu-incendiu-isarlia-situatie-epidemiologica-frontiera-lucrari-publice-delapidari\/#primaryimage","url":"https:\/\/bas-tv.md\/wp-content\/uploads\/2025\/08\/retrospectiva-1.png","contentUrl":"https:\/\/bas-tv.md\/wp-content\/uploads\/2025\/08\/retrospectiva-1.png","width":1920,"height":1080},{"@type":"WebSite","@id":"https:\/\/bas-tv.md\/ro\/#website","url":"https:\/\/bas-tv.md\/ro\/","name":"BasTV","description":"Moldova","publisher":{"@id":"https:\/\/bas-tv.md\/ro\/#organization"},"potentialAction":[{"@type":"SearchAction","target":{"@type":"EntryPoint","urlTemplate":"https:\/\/bas-tv.md\/ro\/?s={search_term_string}"},"query-input":{"@type":"PropertyValueSpecification","valueRequired":true,"valueName":"search_term_string"}}],"inLanguage":"ro-RO"},{"@type":"Organization","@id":"https:\/\/bas-tv.md\/ro\/#organization","name":"BasTV","url":"https:\/\/bas-tv.md\/ro\/","logo":{"@type":"ImageObject","inLanguage":"ro-RO","@id":"https:\/\/bas-tv.md\/ro\/#\/schema\/logo\/image\/","url":"https:\/\/bas-tv.md\/wp-content\/uploads\/2023\/05\/bas-tv-culoarea-rosie.png","contentUrl":"https:\/\/bas-tv.md\/wp-content\/uploads\/2023\/05\/bas-tv-culoarea-rosie.png","width":202,"height":50,"caption":"BasTV"},"image":{"@id":"https:\/\/bas-tv.md\/ro\/#\/schema\/logo\/image\/"}},{"@type":"Person","@id":"https:\/\/bas-tv.md\/ro\/#\/schema\/person\/8740f45ea2eca1f1695284fc03529af0","name":"Redactor","image":{"@type":"ImageObject","inLanguage":"ro-RO","@id":"https:\/\/bas-tv.md\/wp-content\/litespeed\/avatar\/91c0586f3f6f4396a4ec1287c965eeeb.jpg?ver=1776950945","url":"https:\/\/bas-tv.md\/wp-content\/litespeed\/avatar\/91c0586f3f6f4396a4ec1287c965eeeb.jpg?ver=1776950945","contentUrl":"https:\/\/bas-tv.md\/wp-content\/litespeed\/avatar\/91c0586f3f6f4396a4ec1287c965eeeb.jpg?ver=1776950945","caption":"Redactor"},"url":"https:\/\/bas-tv.md\/ro\/author\/redactor\/"}]}},"views":170,"_links":{"self":[{"href":"https:\/\/bas-tv.md\/ro\/wp-json\/wp\/v2\/posts\/157292","targetHints":{"allow":["GET"]}}],"collection":[{"href":"https:\/\/bas-tv.md\/ro\/wp-json\/wp\/v2\/posts"}],"about":[{"href":"https:\/\/bas-tv.md\/ro\/wp-json\/wp\/v2\/types\/post"}],"author":[{"embeddable":true,"href":"https:\/\/bas-tv.md\/ro\/wp-json\/wp\/v2\/users\/3"}],"replies":[{"embeddable":true,"href":"https:\/\/bas-tv.md\/ro\/wp-json\/wp\/v2\/comments?post=157292"}],"version-history":[{"count":1,"href":"https:\/\/bas-tv.md\/ro\/wp-json\/wp\/v2\/posts\/157292\/revisions"}],"predecessor-version":[{"id":157295,"href":"https:\/\/bas-tv.md\/ro\/wp-json\/wp\/v2\/posts\/157292\/revisions\/157295"}],"wp:featuredmedia":[{"embeddable":true,"href":"https:\/\/bas-tv.md\/ro\/wp-json\/wp\/v2\/media\/157293"}],"wp:attachment":[{"href":"https:\/\/bas-tv.md\/ro\/wp-json\/wp\/v2\/media?parent=157292"}],"wp:term":[{"taxonomy":"category","embeddable":true,"href":"https:\/\/bas-tv.md\/ro\/wp-json\/wp\/v2\/categories?post=157292"},{"taxonomy":"post_tag","embeddable":true,"href":"https:\/\/bas-tv.md\/ro\/wp-json\/wp\/v2\/tags?post=157292"}],"curies":[{"name":"wp","href":"https:\/\/api.w.org\/{rel}","templated":true}]}}