{"id":157893,"date":"2025-08-18T20:00:58","date_gmt":"2025-08-18T17:00:58","guid":{"rendered":"https:\/\/bas-tv.md\/?p=157893"},"modified":"2025-08-18T16:05:14","modified_gmt":"2025-08-18T13:05:14","slug":"sedinte-autism-carabetovca-iordanovca-august-2025","status":"publish","type":"post","link":"https:\/\/bas-tv.md\/ro\/sedinte-autism-carabetovca-iordanovca-august-2025\/","title":{"rendered":"\u0218edin\u021be publice dedicate autismului \u00een Carabetovca \u0219i Iordanovca. P\u0103rin\u021bii sunt invita\u021bi s\u0103 participe"},"content":{"rendered":"<p><b>Pe 27 august 2025, \u00een raionul Basarabeasca vor avea loc dou\u0103 \u0219edin\u021be publice informative dedicate autismului \u0219i sprijinului pentru copiii cu nevoi speciale. Evenimentele sunt organizate cu scopul de a informa \u0219i sensibiliza comunitatea cu privire la provoc\u0103rile \u0219i solu\u021biile legate de integrarea copiilor cu cerin\u021be educa\u021bionale speciale.<\/b><\/p>\n<p>Prima \u0219edin\u021b\u0103 se va desf\u0103\u0219ura la Carabetovca, \u00een incinta Casei de Cultur\u0103, \u00eentre orele 11:00 \u2013 13:00. Invitat special este Doina Mafteuta, cunoscut\u0103 pentru activitatea sa \u00een domeniul incluziunii copiilor cu autism. Discu\u021biile vor aborda responsabilit\u0103\u021bile p\u0103rin\u021bilor, resursele disponibile pentru sprijin, dar \u0219i rolul comunit\u0103\u021bii \u00een procesul de integrare.<\/p>\n<p>A doua \u0219edin\u021b\u0103 va avea loc \u00een aceea\u0219i zi la Iordanovca,\u00a0 \u00eentre orele 14:00 \u2013 16:00, la sediul prim\u0103riei din localitate.<\/p>\n<p><strong>La evenimente sunt invita\u021bi s\u0103 participe:<\/strong><\/p>\n<ul>\n<li>p\u0103rin\u021bii copiilor cu nevoi speciale \u0219i to\u021bi cei interesa\u021bi de dezvoltarea copiilor;<\/li>\n<li>educatorii \u0219i cadrele didactice;<\/li>\n<li>asisten\u021bii sociali \u0219i medicii de familie;<\/li>\n<li>bunicii \u0219i membrii comunit\u0103\u021bii;<\/li>\n<li>reprezentan\u021bii administra\u021biei publice locale<\/li>\n<\/ul>\n<p>Evenimentele sunt organizate la ini\u021biativa Eugeniei Leu, care consider\u0103 informarea \u0219i acceptarea drept pa\u0219i esen\u021biali pentru incluziune. Ea a men\u021bionat c\u0103 sesiuni similare vor fi organizate \u0219i alte localit\u0103\u021bi p\u00e2n\u0103 la sf\u00e2r\u0219itul anului, iar planul este ca fiecare localitate din raion, dar \u0219i din Cimi\u0219lia, s\u0103 beneficieze de astfel de \u00eent\u00e2lniri.<\/p>\n<p>Totodat\u0103, Eugenia subliniaz\u0103 necesitatea deschiderii unui centru pentru copiii cu autism \u00een raionul Basarabeasca:<\/p>\n<blockquote><p>\u201eAceste terapii sunt foarte importante. P\u0103rin\u021bii trebuie s\u0103 \u00een\u021beleag\u0103 c\u0103 dac\u0103 nu lucreaz\u0103 de mic cu copilul, atunci starea acestuia se poate agrava pe viitor. Ne propunem s\u0103 \u00eencepem acest proiect cu pa\u0219i mici.\u201d<\/p><\/blockquote>\n<p><img fetchpriority=\"high\" decoding=\"async\" class=\"aligncenter size-full wp-image-157896\" src=\"https:\/\/bas-tv.md\/wp-content\/uploads\/2025\/08\/534182028_4077108725878180_2951372180750525308_n.jpg\" alt=\"\" width=\"1152\" height=\"2048\" srcset=\"https:\/\/bas-tv.md\/wp-content\/uploads\/2025\/08\/534182028_4077108725878180_2951372180750525308_n.jpg 1152w, https:\/\/bas-tv.md\/wp-content\/uploads\/2025\/08\/534182028_4077108725878180_2951372180750525308_n-169x300.jpg 169w, https:\/\/bas-tv.md\/wp-content\/uploads\/2025\/08\/534182028_4077108725878180_2951372180750525308_n-576x1024.jpg 576w, https:\/\/bas-tv.md\/wp-content\/uploads\/2025\/08\/534182028_4077108725878180_2951372180750525308_n-768x1365.jpg 768w, https:\/\/bas-tv.md\/wp-content\/uploads\/2025\/08\/534182028_4077108725878180_2951372180750525308_n-864x1536.jpg 864w\" sizes=\"(max-width: 1152px) 100vw, 1152px\" \/><\/p>\n<p><strong>Sus\u021bine\u021bi redac\u021bia BAStv, abona\u021bi-v\u0103 la noi pe platforma\u00a0<a href=\"https:\/\/www.patreon.com\/BAStv?fan_landing=true&amp;fbclid=IwAR3MeSDKfH4ixBydCXX9D1lhrCszhps3ID5uxuGA-Ktd4MTkZCRdlcEZkQI\">Patreon\u00a0<\/a>sau prin efectuarea contribu\u021biilor prin\u00a0<a href=\"https:\/\/www.paypal.com\/paypalme\/supportbastv\">PayPal<\/a>! Aceasta ne va ajuta s\u0103 cre\u0103m con\u021binut interesant \u0219i util pentru dvs., r\u0103m\u00e2n\u00e2nd \u00een continuare o platform\u0103 media independent\u0103.<\/strong><\/p>\n<p><b>Abona\u021bi-v\u0103 la noi pe re\u021bele sociale:\u00a0<\/b><a href=\"https:\/\/t.me\/bastvmd\"><b><i>Telegram<\/i><\/b><\/a><b>,\u00a0<\/b><a href=\"https:\/\/www.youtube.com\/channel\/UC-9005PnLnhpNM8PVSjP2dQ\/featured\"><b><i>YouTube<\/i><\/b><\/a><b>,\u00a0<\/b><a href=\"https:\/\/www.facebook.com\/bastv.md\"><b><i>Facebook<\/i><\/b><\/a>\u00a0<strong>\u0219i\u00a0<\/strong><a href=\"https:\/\/www.instagram.com\/bastv.md\/\"><b><i>Instagram<\/i><\/b><\/a><b>. Aici public\u0103m \u0219tiri pe scurt.<\/b><\/p>\n","protected":false},"excerpt":{"rendered":"<p>Pe 27 august 2025, \u00een raionul Basarabeasca vor avea loc dou\u0103 \u0219edin\u021be publice informative dedicate autismului \u0219i sprijinului pentru copiii cu nevoi speciale. Evenimentele sunt organizate cu scopul de a informa \u0219i sensibiliza comunitatea cu privire la provoc\u0103rile \u0219i solu\u021biile legate de integrarea copiilor cu cerin\u021be educa\u021bionale speciale. Prima \u0219edin\u021b\u0103 se va desf\u0103\u0219ura la Carabetovca, [&hellip;]<\/p>\n","protected":false},"author":3,"featured_media":157898,"comment_status":"closed","ping_status":"closed","sticky":false,"template":"","format":"standard","meta":{"footnotes":""},"categories":[219,574],"tags":[],"class_list":["post-157893","post","type-post","status-publish","format-standard","has-post-thumbnail","hentry","category-anunturi","category-util"],"yoast_head":"<!-- This site is optimized with the Yoast SEO plugin v27.5 - https:\/\/yoast.com\/product\/yoast-seo-wordpress\/ -->\n<title>\u0218edin\u021be publice dedicate autismului \u00een Carabetovca \u0219i Iordanovca. P\u0103rin\u021bii sunt invita\u021bi s\u0103 participe - BasTV<\/title>\n<meta name=\"description\" content=\"Pe 27 august 2025, \u00een raionul Basarabeasca vor avea loc dou\u0103 \u0219edin\u021be publice informative dedicate autismului \u0219i sprijinului pentru copiii cu nevoi speciale. Evenimentele sunt organizate cu scopul de a informa \u0219i sensibiliza comunitatea cu privire la provoc\u0103rile \u0219i solu\u021biile legate de integrarea copiilor cu cerin\u021be educa\u021bionale speciale.\" \/>\n<meta name=\"robots\" content=\"index, follow, max-snippet:-1, max-image-preview:large, max-video-preview:-1\" \/>\n<link rel=\"canonical\" href=\"https:\/\/bas-tv.md\/ro\/sedinte-autism-carabetovca-iordanovca-august-2025\/\" \/>\n<meta property=\"og:locale\" content=\"ro_RO\" \/>\n<meta property=\"og:type\" content=\"article\" \/>\n<meta property=\"og:title\" content=\"\u0218edin\u021be publice dedicate autismului \u00een Carabetovca \u0219i Iordanovca. P\u0103rin\u021bii sunt invita\u021bi s\u0103 participe - BasTV\" \/>\n<meta property=\"og:description\" content=\"Pe 27 august 2025, \u00een raionul Basarabeasca vor avea loc dou\u0103 \u0219edin\u021be publice informative dedicate autismului \u0219i sprijinului pentru copiii cu nevoi speciale. Evenimentele sunt organizate cu scopul de a informa \u0219i sensibiliza comunitatea cu privire la provoc\u0103rile \u0219i solu\u021biile legate de integrarea copiilor cu cerin\u021be educa\u021bionale speciale.\" \/>\n<meta property=\"og:url\" content=\"https:\/\/bas-tv.md\/ro\/sedinte-autism-carabetovca-iordanovca-august-2025\/\" \/>\n<meta property=\"og:site_name\" content=\"BasTV\" \/>\n<meta property=\"article:published_time\" content=\"2025-08-18T17:00:58+00:00\" \/>\n<meta property=\"og:image\" content=\"https:\/\/bas-tv.md\/wp-content\/uploads\/2025\/08\/media-171891237554866000.jpg\" \/>\n\t<meta property=\"og:image:width\" content=\"1200\" \/>\n\t<meta property=\"og:image:height\" content=\"636\" \/>\n\t<meta property=\"og:image:type\" content=\"image\/jpeg\" \/>\n<meta name=\"author\" content=\"Redactor\" \/>\n<meta name=\"twitter:card\" content=\"summary_large_image\" \/>\n<meta name=\"twitter:label1\" content=\"Scris de\" \/>\n\t<meta name=\"twitter:data1\" content=\"Redactor\" \/>\n\t<meta name=\"twitter:label2\" content=\"Timp estimat pentru citire\" \/>\n\t<meta name=\"twitter:data2\" content=\"2 minute\" \/>\n<script type=\"application\/ld+json\" class=\"yoast-schema-graph\">{\"@context\":\"https:\\\/\\\/schema.org\",\"@graph\":[{\"@type\":\"Article\",\"@id\":\"https:\\\/\\\/bas-tv.md\\\/ro\\\/sedinte-autism-carabetovca-iordanovca-august-2025\\\/#article\",\"isPartOf\":{\"@id\":\"https:\\\/\\\/bas-tv.md\\\/ro\\\/sedinte-autism-carabetovca-iordanovca-august-2025\\\/\"},\"author\":{\"name\":\"Redactor\",\"@id\":\"https:\\\/\\\/bas-tv.md\\\/ro\\\/#\\\/schema\\\/person\\\/8740f45ea2eca1f1695284fc03529af0\"},\"headline\":\"\u0218edin\u021be publice dedicate autismului \u00een Carabetovca \u0219i Iordanovca. P\u0103rin\u021bii sunt invita\u021bi s\u0103 participe\",\"datePublished\":\"2025-08-18T17:00:58+00:00\",\"mainEntityOfPage\":{\"@id\":\"https:\\\/\\\/bas-tv.md\\\/ro\\\/sedinte-autism-carabetovca-iordanovca-august-2025\\\/\"},\"wordCount\":361,\"publisher\":{\"@id\":\"https:\\\/\\\/bas-tv.md\\\/ro\\\/#organization\"},\"image\":{\"@id\":\"https:\\\/\\\/bas-tv.md\\\/ro\\\/sedinte-autism-carabetovca-iordanovca-august-2025\\\/#primaryimage\"},\"thumbnailUrl\":\"https:\\\/\\\/bas-tv.md\\\/wp-content\\\/uploads\\\/2025\\\/08\\\/media-171891237554866000.jpg\",\"articleSection\":[\"Anun\u021buri\",\"Util\"],\"inLanguage\":\"ro-RO\"},{\"@type\":\"WebPage\",\"@id\":\"https:\\\/\\\/bas-tv.md\\\/ro\\\/sedinte-autism-carabetovca-iordanovca-august-2025\\\/\",\"url\":\"https:\\\/\\\/bas-tv.md\\\/ro\\\/sedinte-autism-carabetovca-iordanovca-august-2025\\\/\",\"name\":\"\u0218edin\u021be publice dedicate autismului \u00een Carabetovca \u0219i Iordanovca. P\u0103rin\u021bii sunt invita\u021bi s\u0103 participe - BasTV\",\"isPartOf\":{\"@id\":\"https:\\\/\\\/bas-tv.md\\\/ro\\\/#website\"},\"primaryImageOfPage\":{\"@id\":\"https:\\\/\\\/bas-tv.md\\\/ro\\\/sedinte-autism-carabetovca-iordanovca-august-2025\\\/#primaryimage\"},\"image\":{\"@id\":\"https:\\\/\\\/bas-tv.md\\\/ro\\\/sedinte-autism-carabetovca-iordanovca-august-2025\\\/#primaryimage\"},\"thumbnailUrl\":\"https:\\\/\\\/bas-tv.md\\\/wp-content\\\/uploads\\\/2025\\\/08\\\/media-171891237554866000.jpg\",\"datePublished\":\"2025-08-18T17:00:58+00:00\",\"description\":\"Pe 27 august 2025, \u00een raionul Basarabeasca vor avea loc dou\u0103 \u0219edin\u021be publice informative dedicate autismului \u0219i sprijinului pentru copiii cu nevoi speciale. Evenimentele sunt organizate cu scopul de a informa \u0219i sensibiliza comunitatea cu privire la provoc\u0103rile \u0219i solu\u021biile legate de integrarea copiilor cu cerin\u021be educa\u021bionale speciale.\",\"inLanguage\":\"ro-RO\",\"potentialAction\":[{\"@type\":\"ReadAction\",\"target\":[\"https:\\\/\\\/bas-tv.md\\\/ro\\\/sedinte-autism-carabetovca-iordanovca-august-2025\\\/\"]}]},{\"@type\":\"ImageObject\",\"inLanguage\":\"ro-RO\",\"@id\":\"https:\\\/\\\/bas-tv.md\\\/ro\\\/sedinte-autism-carabetovca-iordanovca-august-2025\\\/#primaryimage\",\"url\":\"https:\\\/\\\/bas-tv.md\\\/wp-content\\\/uploads\\\/2025\\\/08\\\/media-171891237554866000.jpg\",\"contentUrl\":\"https:\\\/\\\/bas-tv.md\\\/wp-content\\\/uploads\\\/2025\\\/08\\\/media-171891237554866000.jpg\",\"width\":1200,\"height\":636,\"caption\":\"Imagine simbol\"},{\"@type\":\"WebSite\",\"@id\":\"https:\\\/\\\/bas-tv.md\\\/ro\\\/#website\",\"url\":\"https:\\\/\\\/bas-tv.md\\\/ro\\\/\",\"name\":\"BasTV\",\"description\":\"Moldova\",\"publisher\":{\"@id\":\"https:\\\/\\\/bas-tv.md\\\/ro\\\/#organization\"},\"potentialAction\":[{\"@type\":\"SearchAction\",\"target\":{\"@type\":\"EntryPoint\",\"urlTemplate\":\"https:\\\/\\\/bas-tv.md\\\/ro\\\/?s={search_term_string}\"},\"query-input\":{\"@type\":\"PropertyValueSpecification\",\"valueRequired\":true,\"valueName\":\"search_term_string\"}}],\"inLanguage\":\"ro-RO\"},{\"@type\":\"Organization\",\"@id\":\"https:\\\/\\\/bas-tv.md\\\/ro\\\/#organization\",\"name\":\"BasTV\",\"url\":\"https:\\\/\\\/bas-tv.md\\\/ro\\\/\",\"logo\":{\"@type\":\"ImageObject\",\"inLanguage\":\"ro-RO\",\"@id\":\"https:\\\/\\\/bas-tv.md\\\/ro\\\/#\\\/schema\\\/logo\\\/image\\\/\",\"url\":\"https:\\\/\\\/bas-tv.md\\\/wp-content\\\/uploads\\\/2023\\\/05\\\/bas-tv-culoarea-rosie.png\",\"contentUrl\":\"https:\\\/\\\/bas-tv.md\\\/wp-content\\\/uploads\\\/2023\\\/05\\\/bas-tv-culoarea-rosie.png\",\"width\":202,\"height\":50,\"caption\":\"BasTV\"},\"image\":{\"@id\":\"https:\\\/\\\/bas-tv.md\\\/ro\\\/#\\\/schema\\\/logo\\\/image\\\/\"}},{\"@type\":\"Person\",\"@id\":\"https:\\\/\\\/bas-tv.md\\\/ro\\\/#\\\/schema\\\/person\\\/8740f45ea2eca1f1695284fc03529af0\",\"name\":\"Redactor\",\"image\":{\"@type\":\"ImageObject\",\"inLanguage\":\"ro-RO\",\"@id\":\"https:\\\/\\\/bas-tv.md\\\/wp-content\\\/litespeed\\\/avatar\\\/91c0586f3f6f4396a4ec1287c965eeeb.jpg?ver=1776950945\",\"url\":\"https:\\\/\\\/bas-tv.md\\\/wp-content\\\/litespeed\\\/avatar\\\/91c0586f3f6f4396a4ec1287c965eeeb.jpg?ver=1776950945\",\"contentUrl\":\"https:\\\/\\\/bas-tv.md\\\/wp-content\\\/litespeed\\\/avatar\\\/91c0586f3f6f4396a4ec1287c965eeeb.jpg?ver=1776950945\",\"caption\":\"Redactor\"},\"url\":\"https:\\\/\\\/bas-tv.md\\\/ro\\\/author\\\/redactor\\\/\"}]}<\/script>\n<!-- \/ Yoast SEO plugin. -->","yoast_head_json":{"title":"\u0218edin\u021be publice dedicate autismului \u00een Carabetovca \u0219i Iordanovca. P\u0103rin\u021bii sunt invita\u021bi s\u0103 participe - BasTV","description":"Pe 27 august 2025, \u00een raionul Basarabeasca vor avea loc dou\u0103 \u0219edin\u021be publice informative dedicate autismului \u0219i sprijinului pentru copiii cu nevoi speciale. Evenimentele sunt organizate cu scopul de a informa \u0219i sensibiliza comunitatea cu privire la provoc\u0103rile \u0219i solu\u021biile legate de integrarea copiilor cu cerin\u021be educa\u021bionale speciale.","robots":{"index":"index","follow":"follow","max-snippet":"max-snippet:-1","max-image-preview":"max-image-preview:large","max-video-preview":"max-video-preview:-1"},"canonical":"https:\/\/bas-tv.md\/ro\/sedinte-autism-carabetovca-iordanovca-august-2025\/","og_locale":"ro_RO","og_type":"article","og_title":"\u0218edin\u021be publice dedicate autismului \u00een Carabetovca \u0219i Iordanovca. P\u0103rin\u021bii sunt invita\u021bi s\u0103 participe - BasTV","og_description":"Pe 27 august 2025, \u00een raionul Basarabeasca vor avea loc dou\u0103 \u0219edin\u021be publice informative dedicate autismului \u0219i sprijinului pentru copiii cu nevoi speciale. Evenimentele sunt organizate cu scopul de a informa \u0219i sensibiliza comunitatea cu privire la provoc\u0103rile \u0219i solu\u021biile legate de integrarea copiilor cu cerin\u021be educa\u021bionale speciale.","og_url":"https:\/\/bas-tv.md\/ro\/sedinte-autism-carabetovca-iordanovca-august-2025\/","og_site_name":"BasTV","article_published_time":"2025-08-18T17:00:58+00:00","og_image":[{"width":1200,"height":636,"url":"https:\/\/bas-tv.md\/wp-content\/uploads\/2025\/08\/media-171891237554866000.jpg","type":"image\/jpeg"}],"author":"Redactor","twitter_card":"summary_large_image","twitter_misc":{"Scris de":"Redactor","Timp estimat pentru citire":"2 minute"},"schema":{"@context":"https:\/\/schema.org","@graph":[{"@type":"Article","@id":"https:\/\/bas-tv.md\/ro\/sedinte-autism-carabetovca-iordanovca-august-2025\/#article","isPartOf":{"@id":"https:\/\/bas-tv.md\/ro\/sedinte-autism-carabetovca-iordanovca-august-2025\/"},"author":{"name":"Redactor","@id":"https:\/\/bas-tv.md\/ro\/#\/schema\/person\/8740f45ea2eca1f1695284fc03529af0"},"headline":"\u0218edin\u021be publice dedicate autismului \u00een Carabetovca \u0219i Iordanovca. P\u0103rin\u021bii sunt invita\u021bi s\u0103 participe","datePublished":"2025-08-18T17:00:58+00:00","mainEntityOfPage":{"@id":"https:\/\/bas-tv.md\/ro\/sedinte-autism-carabetovca-iordanovca-august-2025\/"},"wordCount":361,"publisher":{"@id":"https:\/\/bas-tv.md\/ro\/#organization"},"image":{"@id":"https:\/\/bas-tv.md\/ro\/sedinte-autism-carabetovca-iordanovca-august-2025\/#primaryimage"},"thumbnailUrl":"https:\/\/bas-tv.md\/wp-content\/uploads\/2025\/08\/media-171891237554866000.jpg","articleSection":["Anun\u021buri","Util"],"inLanguage":"ro-RO"},{"@type":"WebPage","@id":"https:\/\/bas-tv.md\/ro\/sedinte-autism-carabetovca-iordanovca-august-2025\/","url":"https:\/\/bas-tv.md\/ro\/sedinte-autism-carabetovca-iordanovca-august-2025\/","name":"\u0218edin\u021be publice dedicate autismului \u00een Carabetovca \u0219i Iordanovca. P\u0103rin\u021bii sunt invita\u021bi s\u0103 participe - BasTV","isPartOf":{"@id":"https:\/\/bas-tv.md\/ro\/#website"},"primaryImageOfPage":{"@id":"https:\/\/bas-tv.md\/ro\/sedinte-autism-carabetovca-iordanovca-august-2025\/#primaryimage"},"image":{"@id":"https:\/\/bas-tv.md\/ro\/sedinte-autism-carabetovca-iordanovca-august-2025\/#primaryimage"},"thumbnailUrl":"https:\/\/bas-tv.md\/wp-content\/uploads\/2025\/08\/media-171891237554866000.jpg","datePublished":"2025-08-18T17:00:58+00:00","description":"Pe 27 august 2025, \u00een raionul Basarabeasca vor avea loc dou\u0103 \u0219edin\u021be publice informative dedicate autismului \u0219i sprijinului pentru copiii cu nevoi speciale. Evenimentele sunt organizate cu scopul de a informa \u0219i sensibiliza comunitatea cu privire la provoc\u0103rile \u0219i solu\u021biile legate de integrarea copiilor cu cerin\u021be educa\u021bionale speciale.","inLanguage":"ro-RO","potentialAction":[{"@type":"ReadAction","target":["https:\/\/bas-tv.md\/ro\/sedinte-autism-carabetovca-iordanovca-august-2025\/"]}]},{"@type":"ImageObject","inLanguage":"ro-RO","@id":"https:\/\/bas-tv.md\/ro\/sedinte-autism-carabetovca-iordanovca-august-2025\/#primaryimage","url":"https:\/\/bas-tv.md\/wp-content\/uploads\/2025\/08\/media-171891237554866000.jpg","contentUrl":"https:\/\/bas-tv.md\/wp-content\/uploads\/2025\/08\/media-171891237554866000.jpg","width":1200,"height":636,"caption":"Imagine simbol"},{"@type":"WebSite","@id":"https:\/\/bas-tv.md\/ro\/#website","url":"https:\/\/bas-tv.md\/ro\/","name":"BasTV","description":"Moldova","publisher":{"@id":"https:\/\/bas-tv.md\/ro\/#organization"},"potentialAction":[{"@type":"SearchAction","target":{"@type":"EntryPoint","urlTemplate":"https:\/\/bas-tv.md\/ro\/?s={search_term_string}"},"query-input":{"@type":"PropertyValueSpecification","valueRequired":true,"valueName":"search_term_string"}}],"inLanguage":"ro-RO"},{"@type":"Organization","@id":"https:\/\/bas-tv.md\/ro\/#organization","name":"BasTV","url":"https:\/\/bas-tv.md\/ro\/","logo":{"@type":"ImageObject","inLanguage":"ro-RO","@id":"https:\/\/bas-tv.md\/ro\/#\/schema\/logo\/image\/","url":"https:\/\/bas-tv.md\/wp-content\/uploads\/2023\/05\/bas-tv-culoarea-rosie.png","contentUrl":"https:\/\/bas-tv.md\/wp-content\/uploads\/2023\/05\/bas-tv-culoarea-rosie.png","width":202,"height":50,"caption":"BasTV"},"image":{"@id":"https:\/\/bas-tv.md\/ro\/#\/schema\/logo\/image\/"}},{"@type":"Person","@id":"https:\/\/bas-tv.md\/ro\/#\/schema\/person\/8740f45ea2eca1f1695284fc03529af0","name":"Redactor","image":{"@type":"ImageObject","inLanguage":"ro-RO","@id":"https:\/\/bas-tv.md\/wp-content\/litespeed\/avatar\/91c0586f3f6f4396a4ec1287c965eeeb.jpg?ver=1776950945","url":"https:\/\/bas-tv.md\/wp-content\/litespeed\/avatar\/91c0586f3f6f4396a4ec1287c965eeeb.jpg?ver=1776950945","contentUrl":"https:\/\/bas-tv.md\/wp-content\/litespeed\/avatar\/91c0586f3f6f4396a4ec1287c965eeeb.jpg?ver=1776950945","caption":"Redactor"},"url":"https:\/\/bas-tv.md\/ro\/author\/redactor\/"}]}},"views":327,"_links":{"self":[{"href":"https:\/\/bas-tv.md\/ro\/wp-json\/wp\/v2\/posts\/157893","targetHints":{"allow":["GET"]}}],"collection":[{"href":"https:\/\/bas-tv.md\/ro\/wp-json\/wp\/v2\/posts"}],"about":[{"href":"https:\/\/bas-tv.md\/ro\/wp-json\/wp\/v2\/types\/post"}],"author":[{"embeddable":true,"href":"https:\/\/bas-tv.md\/ro\/wp-json\/wp\/v2\/users\/3"}],"replies":[{"embeddable":true,"href":"https:\/\/bas-tv.md\/ro\/wp-json\/wp\/v2\/comments?post=157893"}],"version-history":[{"count":2,"href":"https:\/\/bas-tv.md\/ro\/wp-json\/wp\/v2\/posts\/157893\/revisions"}],"predecessor-version":[{"id":157901,"href":"https:\/\/bas-tv.md\/ro\/wp-json\/wp\/v2\/posts\/157893\/revisions\/157901"}],"wp:featuredmedia":[{"embeddable":true,"href":"https:\/\/bas-tv.md\/ro\/wp-json\/wp\/v2\/media\/157898"}],"wp:attachment":[{"href":"https:\/\/bas-tv.md\/ro\/wp-json\/wp\/v2\/media?parent=157893"}],"wp:term":[{"taxonomy":"category","embeddable":true,"href":"https:\/\/bas-tv.md\/ro\/wp-json\/wp\/v2\/categories?post=157893"},{"taxonomy":"post_tag","embeddable":true,"href":"https:\/\/bas-tv.md\/ro\/wp-json\/wp\/v2\/tags?post=157893"}],"curies":[{"name":"wp","href":"https:\/\/api.w.org\/{rel}","templated":true}]}}