{"id":157920,"date":"2025-08-19T20:00:04","date_gmt":"2025-08-19T17:00:04","guid":{"rendered":"https:\/\/bas-tv.md\/?p=157920"},"modified":"2025-08-19T13:48:47","modified_gmt":"2025-08-19T10:48:47","slug":"cinema-sub-stele-la-sadaclia-va-fi-proiectat-filmul-clasic-ultima-noapte-a-copilariei","status":"publish","type":"post","link":"https:\/\/bas-tv.md\/ro\/cinema-sub-stele-la-sadaclia-va-fi-proiectat-filmul-clasic-ultima-noapte-a-copilariei\/","title":{"rendered":"\u201eCinema sub stele\u201d la Sadaclia: Va fi proiectat filmul clasic \u201eUltima noapte a copil\u0103riei\u201d"},"content":{"rendered":"<p><strong>O sear\u0103 special\u0103 de film \u00eei a\u0219teapt\u0103 pe locuitorii satului Sadaclia. Pe 22 august, \u00een localitate va fi proiectat\u0103 pelicula \u201eUltima noapte a copil\u0103riei\u201d, un film clasic din 1968.<\/strong><\/p>\n<p><span style=\"font-weight: 400;\">Filmul va derula de la ora 19:30 la Casa de Cultur\u0103 din Sadaclia.<\/span><\/p>\n<p><span style=\"font-weight: 400;\">Evenimentul se desf\u0103\u0219oar\u0103 sub genericul \u201eCinema sub stele\u201d \u0219i promite o atmosfer\u0103 unic\u0103. Intrarea este liber\u0103, iar organizatorii invit\u0103 \u00eentreaga comunitate s\u0103 se bucure de aceast\u0103 experien\u021b\u0103 cultural\u0103.<\/span><\/p>\n<p><span style=\"font-weight: 400;\">Proiec\u021bia este desf\u0103\u0219urat\u0103 de A.O. Idea Forage, \u00een parteneriat cu Biblioteca Na\u021bional\u0103 pentru Copii \u201eIon Creang\u0103\u201d, Casa de Cultur\u0103 Sadaclia \u0219i cu sprijinul Prim\u0103riei Sadaclia.<\/span><\/p>\n<p><img fetchpriority=\"high\" decoding=\"async\" class=\"aligncenter size-full wp-image-157921\" src=\"https:\/\/bas-tv.md\/wp-content\/uploads\/2025\/08\/535358146_1197367258865195_2054977565208357962_n.jpg\" alt=\"\" width=\"1333\" height=\"1600\" srcset=\"https:\/\/bas-tv.md\/wp-content\/uploads\/2025\/08\/535358146_1197367258865195_2054977565208357962_n.jpg 1333w, https:\/\/bas-tv.md\/wp-content\/uploads\/2025\/08\/535358146_1197367258865195_2054977565208357962_n-250x300.jpg 250w, https:\/\/bas-tv.md\/wp-content\/uploads\/2025\/08\/535358146_1197367258865195_2054977565208357962_n-853x1024.jpg 853w, https:\/\/bas-tv.md\/wp-content\/uploads\/2025\/08\/535358146_1197367258865195_2054977565208357962_n-768x922.jpg 768w, https:\/\/bas-tv.md\/wp-content\/uploads\/2025\/08\/535358146_1197367258865195_2054977565208357962_n-1280x1536.jpg 1280w, https:\/\/bas-tv.md\/wp-content\/uploads\/2025\/08\/535358146_1197367258865195_2054977565208357962_n-1200x1440.jpg 1200w\" sizes=\"(max-width: 1333px) 100vw, 1333px\" \/><\/p>\n<p><strong>Sus\u021bine\u021bi redac\u021bia BAStv, abona\u021bi-v\u0103 la noi pe platforma\u00a0<a href=\"https:\/\/www.patreon.com\/BAStv?fan_landing=true&amp;fbclid=IwAR3MeSDKfH4ixBydCXX9D1lhrCszhps3ID5uxuGA-Ktd4MTkZCRdlcEZkQI\">Patreon\u00a0<\/a>sau prin efectuarea contribu\u021biilor prin\u00a0<a href=\"https:\/\/www.paypal.com\/paypalme\/supportbastv\">PayPal<\/a>! Aceasta ne va ajuta s\u0103 cre\u0103m con\u021binut interesant \u0219i util pentru dvs., r\u0103m\u00e2n\u00e2nd \u00een continuare o platform\u0103 media independent\u0103.<\/strong><\/p>\n<p><b>Abona\u021bi-v\u0103 la noi pe re\u021bele sociale:\u00a0<\/b><a href=\"https:\/\/t.me\/bastvmd\"><b><i>Telegram<\/i><\/b><\/a><b>,\u00a0<\/b><a href=\"https:\/\/www.youtube.com\/channel\/UC-9005PnLnhpNM8PVSjP2dQ\/featured\"><b><i>YouTube<\/i><\/b><\/a><b>,\u00a0<\/b><a href=\"https:\/\/www.facebook.com\/bastv.md\"><b><i>Facebook<\/i><\/b><\/a>\u00a0<strong>\u0219i\u00a0<\/strong><a href=\"https:\/\/www.instagram.com\/bastv.md\/\"><b><i>Instagram<\/i><\/b><\/a><b>. Aici public\u0103m \u0219tiri pe scurt.<\/b><\/p>\n","protected":false},"excerpt":{"rendered":"<p>O sear\u0103 special\u0103 de film \u00eei a\u0219teapt\u0103 pe locuitorii satului Sadaclia. Pe 22 august, \u00een localitate va fi proiectat\u0103 pelicula \u201eUltima noapte a copil\u0103riei\u201d, un film clasic din 1968. Filmul va derula de la ora 19:30 la Casa de Cultur\u0103 din Sadaclia. Evenimentul se desf\u0103\u0219oar\u0103 sub genericul \u201eCinema sub stele\u201d \u0219i promite o atmosfer\u0103 unic\u0103. [&hellip;]<\/p>\n","protected":false},"author":3,"featured_media":157923,"comment_status":"closed","ping_status":"closed","sticky":false,"template":"","format":"standard","meta":{"footnotes":""},"categories":[219,574],"tags":[],"class_list":["post-157920","post","type-post","status-publish","format-standard","has-post-thumbnail","hentry","category-anunturi","category-util"],"yoast_head":"<!-- This site is optimized with the Yoast SEO plugin v27.5 - https:\/\/yoast.com\/product\/yoast-seo-wordpress\/ -->\n<title>\u201eCinema sub stele\u201d la Sadaclia: Va fi proiectat filmul clasic \u201eUltima noapte a copil\u0103riei\u201d - BasTV<\/title>\n<meta name=\"description\" content=\"O sear\u0103 special\u0103 de film \u00eei a\u0219teapt\u0103 pe locuitorii satului Sadaclia. Pe 22 august, \u00een localitate va fi proiectat\u0103 pelicula \u201eUltima noapte a copil\u0103riei\u201d, un film clasic din 1968.\" \/>\n<meta name=\"robots\" content=\"index, follow, max-snippet:-1, max-image-preview:large, max-video-preview:-1\" \/>\n<link rel=\"canonical\" href=\"https:\/\/bas-tv.md\/ro\/cinema-sub-stele-la-sadaclia-va-fi-proiectat-filmul-clasic-ultima-noapte-a-copilariei\/\" \/>\n<meta property=\"og:locale\" content=\"ro_RO\" \/>\n<meta property=\"og:type\" content=\"article\" \/>\n<meta property=\"og:title\" content=\"\u201eCinema sub stele\u201d la Sadaclia: Va fi proiectat filmul clasic \u201eUltima noapte a copil\u0103riei\u201d - BasTV\" \/>\n<meta property=\"og:description\" content=\"O sear\u0103 special\u0103 de film \u00eei a\u0219teapt\u0103 pe locuitorii satului Sadaclia. Pe 22 august, \u00een localitate va fi proiectat\u0103 pelicula \u201eUltima noapte a copil\u0103riei\u201d, un film clasic din 1968.\" \/>\n<meta property=\"og:url\" content=\"https:\/\/bas-tv.md\/ro\/cinema-sub-stele-la-sadaclia-va-fi-proiectat-filmul-clasic-ultima-noapte-a-copilariei\/\" \/>\n<meta property=\"og:site_name\" content=\"BasTV\" \/>\n<meta property=\"article:published_time\" content=\"2025-08-19T17:00:04+00:00\" \/>\n<meta property=\"og:image\" content=\"https:\/\/bas-tv.md\/wp-content\/uploads\/2025\/08\/noptile-cu-cinema-in-aer-liber-revin-in-iulius-parc.jpg\" \/>\n\t<meta property=\"og:image:width\" content=\"1024\" \/>\n\t<meta property=\"og:image:height\" content=\"627\" \/>\n\t<meta property=\"og:image:type\" content=\"image\/jpeg\" \/>\n<meta name=\"author\" content=\"Redactor\" \/>\n<meta name=\"twitter:card\" content=\"summary_large_image\" \/>\n<meta name=\"twitter:label1\" content=\"Scris de\" \/>\n\t<meta name=\"twitter:data1\" content=\"Redactor\" \/>\n\t<meta name=\"twitter:label2\" content=\"Timp estimat pentru citire\" \/>\n\t<meta name=\"twitter:data2\" content=\"2 minute\" \/>\n<script type=\"application\/ld+json\" class=\"yoast-schema-graph\">{\"@context\":\"https:\\\/\\\/schema.org\",\"@graph\":[{\"@type\":\"Article\",\"@id\":\"https:\\\/\\\/bas-tv.md\\\/ro\\\/cinema-sub-stele-la-sadaclia-va-fi-proiectat-filmul-clasic-ultima-noapte-a-copilariei\\\/#article\",\"isPartOf\":{\"@id\":\"https:\\\/\\\/bas-tv.md\\\/ro\\\/cinema-sub-stele-la-sadaclia-va-fi-proiectat-filmul-clasic-ultima-noapte-a-copilariei\\\/\"},\"author\":{\"name\":\"Redactor\",\"@id\":\"https:\\\/\\\/bas-tv.md\\\/ro\\\/#\\\/schema\\\/person\\\/8740f45ea2eca1f1695284fc03529af0\"},\"headline\":\"\u201eCinema sub stele\u201d la Sadaclia: Va fi proiectat filmul clasic \u201eUltima noapte a copil\u0103riei\u201d\",\"datePublished\":\"2025-08-19T17:00:04+00:00\",\"mainEntityOfPage\":{\"@id\":\"https:\\\/\\\/bas-tv.md\\\/ro\\\/cinema-sub-stele-la-sadaclia-va-fi-proiectat-filmul-clasic-ultima-noapte-a-copilariei\\\/\"},\"wordCount\":178,\"publisher\":{\"@id\":\"https:\\\/\\\/bas-tv.md\\\/ro\\\/#organization\"},\"image\":{\"@id\":\"https:\\\/\\\/bas-tv.md\\\/ro\\\/cinema-sub-stele-la-sadaclia-va-fi-proiectat-filmul-clasic-ultima-noapte-a-copilariei\\\/#primaryimage\"},\"thumbnailUrl\":\"https:\\\/\\\/bas-tv.md\\\/wp-content\\\/uploads\\\/2025\\\/08\\\/noptile-cu-cinema-in-aer-liber-revin-in-iulius-parc.jpg\",\"articleSection\":[\"Anun\u021buri\",\"Util\"],\"inLanguage\":\"ro-RO\"},{\"@type\":\"WebPage\",\"@id\":\"https:\\\/\\\/bas-tv.md\\\/ro\\\/cinema-sub-stele-la-sadaclia-va-fi-proiectat-filmul-clasic-ultima-noapte-a-copilariei\\\/\",\"url\":\"https:\\\/\\\/bas-tv.md\\\/ro\\\/cinema-sub-stele-la-sadaclia-va-fi-proiectat-filmul-clasic-ultima-noapte-a-copilariei\\\/\",\"name\":\"\u201eCinema sub stele\u201d la Sadaclia: Va fi proiectat filmul clasic \u201eUltima noapte a copil\u0103riei\u201d - BasTV\",\"isPartOf\":{\"@id\":\"https:\\\/\\\/bas-tv.md\\\/ro\\\/#website\"},\"primaryImageOfPage\":{\"@id\":\"https:\\\/\\\/bas-tv.md\\\/ro\\\/cinema-sub-stele-la-sadaclia-va-fi-proiectat-filmul-clasic-ultima-noapte-a-copilariei\\\/#primaryimage\"},\"image\":{\"@id\":\"https:\\\/\\\/bas-tv.md\\\/ro\\\/cinema-sub-stele-la-sadaclia-va-fi-proiectat-filmul-clasic-ultima-noapte-a-copilariei\\\/#primaryimage\"},\"thumbnailUrl\":\"https:\\\/\\\/bas-tv.md\\\/wp-content\\\/uploads\\\/2025\\\/08\\\/noptile-cu-cinema-in-aer-liber-revin-in-iulius-parc.jpg\",\"datePublished\":\"2025-08-19T17:00:04+00:00\",\"description\":\"O sear\u0103 special\u0103 de film \u00eei a\u0219teapt\u0103 pe locuitorii satului Sadaclia. Pe 22 august, \u00een localitate va fi proiectat\u0103 pelicula \u201eUltima noapte a copil\u0103riei\u201d, un film clasic din 1968.\",\"inLanguage\":\"ro-RO\",\"potentialAction\":[{\"@type\":\"ReadAction\",\"target\":[\"https:\\\/\\\/bas-tv.md\\\/ro\\\/cinema-sub-stele-la-sadaclia-va-fi-proiectat-filmul-clasic-ultima-noapte-a-copilariei\\\/\"]}]},{\"@type\":\"ImageObject\",\"inLanguage\":\"ro-RO\",\"@id\":\"https:\\\/\\\/bas-tv.md\\\/ro\\\/cinema-sub-stele-la-sadaclia-va-fi-proiectat-filmul-clasic-ultima-noapte-a-copilariei\\\/#primaryimage\",\"url\":\"https:\\\/\\\/bas-tv.md\\\/wp-content\\\/uploads\\\/2025\\\/08\\\/noptile-cu-cinema-in-aer-liber-revin-in-iulius-parc.jpg\",\"contentUrl\":\"https:\\\/\\\/bas-tv.md\\\/wp-content\\\/uploads\\\/2025\\\/08\\\/noptile-cu-cinema-in-aer-liber-revin-in-iulius-parc.jpg\",\"width\":1024,\"height\":627,\"caption\":\"Imagine simbol\"},{\"@type\":\"WebSite\",\"@id\":\"https:\\\/\\\/bas-tv.md\\\/ro\\\/#website\",\"url\":\"https:\\\/\\\/bas-tv.md\\\/ro\\\/\",\"name\":\"BasTV\",\"description\":\"Moldova\",\"publisher\":{\"@id\":\"https:\\\/\\\/bas-tv.md\\\/ro\\\/#organization\"},\"potentialAction\":[{\"@type\":\"SearchAction\",\"target\":{\"@type\":\"EntryPoint\",\"urlTemplate\":\"https:\\\/\\\/bas-tv.md\\\/ro\\\/?s={search_term_string}\"},\"query-input\":{\"@type\":\"PropertyValueSpecification\",\"valueRequired\":true,\"valueName\":\"search_term_string\"}}],\"inLanguage\":\"ro-RO\"},{\"@type\":\"Organization\",\"@id\":\"https:\\\/\\\/bas-tv.md\\\/ro\\\/#organization\",\"name\":\"BasTV\",\"url\":\"https:\\\/\\\/bas-tv.md\\\/ro\\\/\",\"logo\":{\"@type\":\"ImageObject\",\"inLanguage\":\"ro-RO\",\"@id\":\"https:\\\/\\\/bas-tv.md\\\/ro\\\/#\\\/schema\\\/logo\\\/image\\\/\",\"url\":\"https:\\\/\\\/bas-tv.md\\\/wp-content\\\/uploads\\\/2023\\\/05\\\/bas-tv-culoarea-rosie.png\",\"contentUrl\":\"https:\\\/\\\/bas-tv.md\\\/wp-content\\\/uploads\\\/2023\\\/05\\\/bas-tv-culoarea-rosie.png\",\"width\":202,\"height\":50,\"caption\":\"BasTV\"},\"image\":{\"@id\":\"https:\\\/\\\/bas-tv.md\\\/ro\\\/#\\\/schema\\\/logo\\\/image\\\/\"}},{\"@type\":\"Person\",\"@id\":\"https:\\\/\\\/bas-tv.md\\\/ro\\\/#\\\/schema\\\/person\\\/8740f45ea2eca1f1695284fc03529af0\",\"name\":\"Redactor\",\"image\":{\"@type\":\"ImageObject\",\"inLanguage\":\"ro-RO\",\"@id\":\"https:\\\/\\\/bas-tv.md\\\/wp-content\\\/litespeed\\\/avatar\\\/91c0586f3f6f4396a4ec1287c965eeeb.jpg?ver=1776950945\",\"url\":\"https:\\\/\\\/bas-tv.md\\\/wp-content\\\/litespeed\\\/avatar\\\/91c0586f3f6f4396a4ec1287c965eeeb.jpg?ver=1776950945\",\"contentUrl\":\"https:\\\/\\\/bas-tv.md\\\/wp-content\\\/litespeed\\\/avatar\\\/91c0586f3f6f4396a4ec1287c965eeeb.jpg?ver=1776950945\",\"caption\":\"Redactor\"},\"url\":\"https:\\\/\\\/bas-tv.md\\\/ro\\\/author\\\/redactor\\\/\"}]}<\/script>\n<!-- \/ Yoast SEO plugin. -->","yoast_head_json":{"title":"\u201eCinema sub stele\u201d la Sadaclia: Va fi proiectat filmul clasic \u201eUltima noapte a copil\u0103riei\u201d - BasTV","description":"O sear\u0103 special\u0103 de film \u00eei a\u0219teapt\u0103 pe locuitorii satului Sadaclia. Pe 22 august, \u00een localitate va fi proiectat\u0103 pelicula \u201eUltima noapte a copil\u0103riei\u201d, un film clasic din 1968.","robots":{"index":"index","follow":"follow","max-snippet":"max-snippet:-1","max-image-preview":"max-image-preview:large","max-video-preview":"max-video-preview:-1"},"canonical":"https:\/\/bas-tv.md\/ro\/cinema-sub-stele-la-sadaclia-va-fi-proiectat-filmul-clasic-ultima-noapte-a-copilariei\/","og_locale":"ro_RO","og_type":"article","og_title":"\u201eCinema sub stele\u201d la Sadaclia: Va fi proiectat filmul clasic \u201eUltima noapte a copil\u0103riei\u201d - BasTV","og_description":"O sear\u0103 special\u0103 de film \u00eei a\u0219teapt\u0103 pe locuitorii satului Sadaclia. Pe 22 august, \u00een localitate va fi proiectat\u0103 pelicula \u201eUltima noapte a copil\u0103riei\u201d, un film clasic din 1968.","og_url":"https:\/\/bas-tv.md\/ro\/cinema-sub-stele-la-sadaclia-va-fi-proiectat-filmul-clasic-ultima-noapte-a-copilariei\/","og_site_name":"BasTV","article_published_time":"2025-08-19T17:00:04+00:00","og_image":[{"width":1024,"height":627,"url":"https:\/\/bas-tv.md\/wp-content\/uploads\/2025\/08\/noptile-cu-cinema-in-aer-liber-revin-in-iulius-parc.jpg","type":"image\/jpeg"}],"author":"Redactor","twitter_card":"summary_large_image","twitter_misc":{"Scris de":"Redactor","Timp estimat pentru citire":"2 minute"},"schema":{"@context":"https:\/\/schema.org","@graph":[{"@type":"Article","@id":"https:\/\/bas-tv.md\/ro\/cinema-sub-stele-la-sadaclia-va-fi-proiectat-filmul-clasic-ultima-noapte-a-copilariei\/#article","isPartOf":{"@id":"https:\/\/bas-tv.md\/ro\/cinema-sub-stele-la-sadaclia-va-fi-proiectat-filmul-clasic-ultima-noapte-a-copilariei\/"},"author":{"name":"Redactor","@id":"https:\/\/bas-tv.md\/ro\/#\/schema\/person\/8740f45ea2eca1f1695284fc03529af0"},"headline":"\u201eCinema sub stele\u201d la Sadaclia: Va fi proiectat filmul clasic \u201eUltima noapte a copil\u0103riei\u201d","datePublished":"2025-08-19T17:00:04+00:00","mainEntityOfPage":{"@id":"https:\/\/bas-tv.md\/ro\/cinema-sub-stele-la-sadaclia-va-fi-proiectat-filmul-clasic-ultima-noapte-a-copilariei\/"},"wordCount":178,"publisher":{"@id":"https:\/\/bas-tv.md\/ro\/#organization"},"image":{"@id":"https:\/\/bas-tv.md\/ro\/cinema-sub-stele-la-sadaclia-va-fi-proiectat-filmul-clasic-ultima-noapte-a-copilariei\/#primaryimage"},"thumbnailUrl":"https:\/\/bas-tv.md\/wp-content\/uploads\/2025\/08\/noptile-cu-cinema-in-aer-liber-revin-in-iulius-parc.jpg","articleSection":["Anun\u021buri","Util"],"inLanguage":"ro-RO"},{"@type":"WebPage","@id":"https:\/\/bas-tv.md\/ro\/cinema-sub-stele-la-sadaclia-va-fi-proiectat-filmul-clasic-ultima-noapte-a-copilariei\/","url":"https:\/\/bas-tv.md\/ro\/cinema-sub-stele-la-sadaclia-va-fi-proiectat-filmul-clasic-ultima-noapte-a-copilariei\/","name":"\u201eCinema sub stele\u201d la Sadaclia: Va fi proiectat filmul clasic \u201eUltima noapte a copil\u0103riei\u201d - BasTV","isPartOf":{"@id":"https:\/\/bas-tv.md\/ro\/#website"},"primaryImageOfPage":{"@id":"https:\/\/bas-tv.md\/ro\/cinema-sub-stele-la-sadaclia-va-fi-proiectat-filmul-clasic-ultima-noapte-a-copilariei\/#primaryimage"},"image":{"@id":"https:\/\/bas-tv.md\/ro\/cinema-sub-stele-la-sadaclia-va-fi-proiectat-filmul-clasic-ultima-noapte-a-copilariei\/#primaryimage"},"thumbnailUrl":"https:\/\/bas-tv.md\/wp-content\/uploads\/2025\/08\/noptile-cu-cinema-in-aer-liber-revin-in-iulius-parc.jpg","datePublished":"2025-08-19T17:00:04+00:00","description":"O sear\u0103 special\u0103 de film \u00eei a\u0219teapt\u0103 pe locuitorii satului Sadaclia. Pe 22 august, \u00een localitate va fi proiectat\u0103 pelicula \u201eUltima noapte a copil\u0103riei\u201d, un film clasic din 1968.","inLanguage":"ro-RO","potentialAction":[{"@type":"ReadAction","target":["https:\/\/bas-tv.md\/ro\/cinema-sub-stele-la-sadaclia-va-fi-proiectat-filmul-clasic-ultima-noapte-a-copilariei\/"]}]},{"@type":"ImageObject","inLanguage":"ro-RO","@id":"https:\/\/bas-tv.md\/ro\/cinema-sub-stele-la-sadaclia-va-fi-proiectat-filmul-clasic-ultima-noapte-a-copilariei\/#primaryimage","url":"https:\/\/bas-tv.md\/wp-content\/uploads\/2025\/08\/noptile-cu-cinema-in-aer-liber-revin-in-iulius-parc.jpg","contentUrl":"https:\/\/bas-tv.md\/wp-content\/uploads\/2025\/08\/noptile-cu-cinema-in-aer-liber-revin-in-iulius-parc.jpg","width":1024,"height":627,"caption":"Imagine simbol"},{"@type":"WebSite","@id":"https:\/\/bas-tv.md\/ro\/#website","url":"https:\/\/bas-tv.md\/ro\/","name":"BasTV","description":"Moldova","publisher":{"@id":"https:\/\/bas-tv.md\/ro\/#organization"},"potentialAction":[{"@type":"SearchAction","target":{"@type":"EntryPoint","urlTemplate":"https:\/\/bas-tv.md\/ro\/?s={search_term_string}"},"query-input":{"@type":"PropertyValueSpecification","valueRequired":true,"valueName":"search_term_string"}}],"inLanguage":"ro-RO"},{"@type":"Organization","@id":"https:\/\/bas-tv.md\/ro\/#organization","name":"BasTV","url":"https:\/\/bas-tv.md\/ro\/","logo":{"@type":"ImageObject","inLanguage":"ro-RO","@id":"https:\/\/bas-tv.md\/ro\/#\/schema\/logo\/image\/","url":"https:\/\/bas-tv.md\/wp-content\/uploads\/2023\/05\/bas-tv-culoarea-rosie.png","contentUrl":"https:\/\/bas-tv.md\/wp-content\/uploads\/2023\/05\/bas-tv-culoarea-rosie.png","width":202,"height":50,"caption":"BasTV"},"image":{"@id":"https:\/\/bas-tv.md\/ro\/#\/schema\/logo\/image\/"}},{"@type":"Person","@id":"https:\/\/bas-tv.md\/ro\/#\/schema\/person\/8740f45ea2eca1f1695284fc03529af0","name":"Redactor","image":{"@type":"ImageObject","inLanguage":"ro-RO","@id":"https:\/\/bas-tv.md\/wp-content\/litespeed\/avatar\/91c0586f3f6f4396a4ec1287c965eeeb.jpg?ver=1776950945","url":"https:\/\/bas-tv.md\/wp-content\/litespeed\/avatar\/91c0586f3f6f4396a4ec1287c965eeeb.jpg?ver=1776950945","contentUrl":"https:\/\/bas-tv.md\/wp-content\/litespeed\/avatar\/91c0586f3f6f4396a4ec1287c965eeeb.jpg?ver=1776950945","caption":"Redactor"},"url":"https:\/\/bas-tv.md\/ro\/author\/redactor\/"}]}},"views":299,"_links":{"self":[{"href":"https:\/\/bas-tv.md\/ro\/wp-json\/wp\/v2\/posts\/157920","targetHints":{"allow":["GET"]}}],"collection":[{"href":"https:\/\/bas-tv.md\/ro\/wp-json\/wp\/v2\/posts"}],"about":[{"href":"https:\/\/bas-tv.md\/ro\/wp-json\/wp\/v2\/types\/post"}],"author":[{"embeddable":true,"href":"https:\/\/bas-tv.md\/ro\/wp-json\/wp\/v2\/users\/3"}],"replies":[{"embeddable":true,"href":"https:\/\/bas-tv.md\/ro\/wp-json\/wp\/v2\/comments?post=157920"}],"version-history":[{"count":1,"href":"https:\/\/bas-tv.md\/ro\/wp-json\/wp\/v2\/posts\/157920\/revisions"}],"predecessor-version":[{"id":157925,"href":"https:\/\/bas-tv.md\/ro\/wp-json\/wp\/v2\/posts\/157920\/revisions\/157925"}],"wp:featuredmedia":[{"embeddable":true,"href":"https:\/\/bas-tv.md\/ro\/wp-json\/wp\/v2\/media\/157923"}],"wp:attachment":[{"href":"https:\/\/bas-tv.md\/ro\/wp-json\/wp\/v2\/media?parent=157920"}],"wp:term":[{"taxonomy":"category","embeddable":true,"href":"https:\/\/bas-tv.md\/ro\/wp-json\/wp\/v2\/categories?post=157920"},{"taxonomy":"post_tag","embeddable":true,"href":"https:\/\/bas-tv.md\/ro\/wp-json\/wp\/v2\/tags?post=157920"}],"curies":[{"name":"wp","href":"https:\/\/api.w.org\/{rel}","templated":true}]}}