{"id":159635,"date":"2025-09-06T13:00:15","date_gmt":"2025-09-06T10:00:15","guid":{"rendered":"https:\/\/bas-tv.md\/?p=159635"},"modified":"2025-09-05T17:16:23","modified_gmt":"2025-09-05T14:16:23","slug":"video-un-proiect-unic-in-basarabeasca-prinde-culoare-tabara-de-vara-pentru-copiii-speciali","status":"publish","type":"post","link":"https:\/\/bas-tv.md\/ro\/video-un-proiect-unic-in-basarabeasca-prinde-culoare-tabara-de-vara-pentru-copiii-speciali\/","title":{"rendered":"(VIDEO) Un proiect unic \u00een Basarabeasca prinde culoare: Tab\u0103r\u0103 de var\u0103 pentru copiii speciali"},"content":{"rendered":"<p><strong>\u00cen acest interviu, Eugenia Leu ne \u00eemp\u0103rt\u0103\u0219e\u0219te visul ei de a crea un spa\u021biu sigur \u0219i plin de bucurie pentru copiii speciali din raionul Basarabeasca. Ea poveste\u0219te despre achizi\u021bionarea unei case \u0219i planurile de a o transforma \u00eentr-o tab\u0103r\u0103 de var\u0103, unde copiii vor putea \u00eenv\u0103\u021ba, socializa \u0219i se vor bucura de experien\u021be care le vor \u00eembog\u0103\u021bi copil\u0103ria, dar \u0219i le vor servi drept terapie. Un proiect de suflet, dedicat incluziunii \u0219i sprijinirii familiilor.<\/strong><\/p>\n<p><iframe title=\"YouTube video player\" data-src=\"https:\/\/www.youtube.com\/embed\/SwjYRQ5PK7w?si=644h--S0VTTT4IOa\" width=\"560\" height=\"315\" frameborder=\"0\" allowfullscreen=\"allowfullscreen\" src=\"data:image\/svg+xml;base64,PHN2ZyB3aWR0aD0iMSIgaGVpZ2h0PSIxIiB4bWxucz0iaHR0cDovL3d3dy53My5vcmcvMjAwMC9zdmciPjwvc3ZnPg==\" class=\"lazyload\" data-load-mode=\"1\"><\/iframe><\/p>\n<p><strong>Sus\u021bine\u021bi redac\u021bia BAStv, abona\u021bi-v\u0103 la noi pe platforma\u00a0<a href=\"https:\/\/www.patreon.com\/BAStv?fan_landing=true&amp;fbclid=IwAR3MeSDKfH4ixBydCXX9D1lhrCszhps3ID5uxuGA-Ktd4MTkZCRdlcEZkQI\">Patreon\u00a0<\/a>sau prin efectuarea contribu\u021biilor prin\u00a0<a href=\"https:\/\/www.paypal.com\/paypalme\/supportbastv\">PayPal<\/a>! Aceasta ne va ajuta s\u0103 cre\u0103m con\u021binut interesant \u0219i util pentru dvs., r\u0103m\u00e2n\u00e2nd \u00een continuare o platform\u0103 media independent\u0103.<\/strong><\/p>\n<p><b>Abona\u021bi-v\u0103 la noi pe re\u021bele sociale:\u00a0<\/b><a href=\"https:\/\/t.me\/bastvmd\"><b><i>Telegram<\/i><\/b><\/a><b>,\u00a0<\/b><a href=\"https:\/\/www.youtube.com\/channel\/UC-9005PnLnhpNM8PVSjP2dQ\/featured\"><b><i>YouTube<\/i><\/b><\/a><b>,\u00a0<\/b><a href=\"https:\/\/www.facebook.com\/bastv.md\"><b><i>Facebook<\/i><\/b><\/a>\u00a0<strong>\u0219i\u00a0<\/strong><a href=\"https:\/\/www.instagram.com\/bastv.md\/\"><b><i>Instagram<\/i><\/b><\/a><b>. Aici public\u0103m \u0219tiri pe scurt.<\/b><\/p>\n","protected":false},"excerpt":{"rendered":"<p>\u00cen acest interviu, Eugenia Leu ne \u00eemp\u0103rt\u0103\u0219e\u0219te visul ei de a crea un spa\u021biu sigur \u0219i plin de bucurie pentru copiii speciali din raionul Basarabeasca. Ea poveste\u0219te despre achizi\u021bionarea unei case \u0219i planurile de a o transforma \u00eentr-o tab\u0103r\u0103 de var\u0103, unde copiii vor putea \u00eenv\u0103\u021ba, socializa \u0219i se vor bucura de experien\u021be care le [&hellip;]<\/p>\n","protected":false},"author":3,"featured_media":159703,"comment_status":"closed","ping_status":"closed","sticky":false,"template":"","format":"standard","meta":{"footnotes":""},"categories":[602,569],"tags":[4748,13191,13192,13190,13193],"class_list":["post-159635","post","type-post","status-publish","format-standard","has-post-thumbnail","hentry","category-actualitate","category-in-basarabeasca","tag-eugenia-leu","tag-incluziune-copii-moldova","tag-proiect-social-basarabeasca","tag-tabara-copii-speciali-basarabeasca","tag-tabara-de-vara-terapie-copii"],"yoast_head":"<!-- This site is optimized with the Yoast SEO plugin v27.5 - https:\/\/yoast.com\/product\/yoast-seo-wordpress\/ -->\n<title>Proiect de suflet \u00een Basarabeasca \u2013 tab\u0103r\u0103 pentru copii speciali<\/title>\n<meta name=\"description\" content=\"Eugenia Leu \u00ee\u0219i dore\u0219te s\u0103 transforme o cas\u0103 \u00eentr-o tab\u0103r\u0103 de var\u0103 pentru copiii speciali din Basarabeasca \u2013 un proiect de suflet pentru incluziune.\" \/>\n<meta name=\"robots\" content=\"index, follow, max-snippet:-1, max-image-preview:large, max-video-preview:-1\" \/>\n<link rel=\"canonical\" href=\"https:\/\/bas-tv.md\/ro\/video-un-proiect-unic-in-basarabeasca-prinde-culoare-tabara-de-vara-pentru-copiii-speciali\/\" \/>\n<meta property=\"og:locale\" content=\"ro_RO\" \/>\n<meta property=\"og:type\" content=\"article\" \/>\n<meta property=\"og:title\" content=\"Proiect de suflet \u00een Basarabeasca \u2013 tab\u0103r\u0103 pentru copii speciali\" \/>\n<meta property=\"og:description\" content=\"Eugenia Leu \u00ee\u0219i dore\u0219te s\u0103 transforme o cas\u0103 \u00eentr-o tab\u0103r\u0103 de var\u0103 pentru copiii speciali din Basarabeasca \u2013 un proiect de suflet pentru incluziune.\" \/>\n<meta property=\"og:url\" content=\"https:\/\/bas-tv.md\/ro\/video-un-proiect-unic-in-basarabeasca-prinde-culoare-tabara-de-vara-pentru-copiii-speciali\/\" \/>\n<meta property=\"og:site_name\" content=\"BasTV\" \/>\n<meta property=\"article:published_time\" content=\"2025-09-06T10:00:15+00:00\" \/>\n<meta property=\"og:image\" content=\"https:\/\/bas-tv.md\/wp-content\/uploads\/2025\/09\/2.png\" \/>\n\t<meta property=\"og:image:width\" content=\"1280\" \/>\n\t<meta property=\"og:image:height\" content=\"720\" \/>\n\t<meta property=\"og:image:type\" content=\"image\/png\" \/>\n<meta name=\"author\" content=\"Redactor\" \/>\n<meta name=\"twitter:card\" content=\"summary_large_image\" \/>\n<meta name=\"twitter:label1\" content=\"Scris de\" \/>\n\t<meta name=\"twitter:data1\" content=\"Redactor\" \/>\n\t<meta name=\"twitter:label2\" content=\"Timp estimat pentru citire\" \/>\n\t<meta name=\"twitter:data2\" content=\"1 minut\" \/>\n<script type=\"application\/ld+json\" class=\"yoast-schema-graph\">{\"@context\":\"https:\\\/\\\/schema.org\",\"@graph\":[{\"@type\":\"Article\",\"@id\":\"https:\\\/\\\/bas-tv.md\\\/ro\\\/video-un-proiect-unic-in-basarabeasca-prinde-culoare-tabara-de-vara-pentru-copiii-speciali\\\/#article\",\"isPartOf\":{\"@id\":\"https:\\\/\\\/bas-tv.md\\\/ro\\\/video-un-proiect-unic-in-basarabeasca-prinde-culoare-tabara-de-vara-pentru-copiii-speciali\\\/\"},\"author\":{\"name\":\"Redactor\",\"@id\":\"https:\\\/\\\/bas-tv.md\\\/ro\\\/#\\\/schema\\\/person\\\/8740f45ea2eca1f1695284fc03529af0\"},\"headline\":\"(VIDEO) Un proiect unic \u00een Basarabeasca prinde culoare: Tab\u0103r\u0103 de var\u0103 pentru copiii speciali\",\"datePublished\":\"2025-09-06T10:00:15+00:00\",\"mainEntityOfPage\":{\"@id\":\"https:\\\/\\\/bas-tv.md\\\/ro\\\/video-un-proiect-unic-in-basarabeasca-prinde-culoare-tabara-de-vara-pentru-copiii-speciali\\\/\"},\"wordCount\":163,\"publisher\":{\"@id\":\"https:\\\/\\\/bas-tv.md\\\/ro\\\/#organization\"},\"image\":{\"@id\":\"https:\\\/\\\/bas-tv.md\\\/ro\\\/video-un-proiect-unic-in-basarabeasca-prinde-culoare-tabara-de-vara-pentru-copiii-speciali\\\/#primaryimage\"},\"thumbnailUrl\":\"https:\\\/\\\/bas-tv.md\\\/wp-content\\\/uploads\\\/2025\\\/09\\\/2.png\",\"keywords\":[\"Eugenia Leu\",\"incluziune copii Moldova\",\"proiect social Basarabeasca\",\"tab\u0103r\u0103 copii speciali Basarabeasca\",\"tab\u0103r\u0103 de var\u0103 terapie copii\"],\"articleSection\":[\"Actualitate\",\"\u00cen Basarabeasca\"],\"inLanguage\":\"ro-RO\"},{\"@type\":\"WebPage\",\"@id\":\"https:\\\/\\\/bas-tv.md\\\/ro\\\/video-un-proiect-unic-in-basarabeasca-prinde-culoare-tabara-de-vara-pentru-copiii-speciali\\\/\",\"url\":\"https:\\\/\\\/bas-tv.md\\\/ro\\\/video-un-proiect-unic-in-basarabeasca-prinde-culoare-tabara-de-vara-pentru-copiii-speciali\\\/\",\"name\":\"Proiect de suflet \u00een Basarabeasca \u2013 tab\u0103r\u0103 pentru copii speciali\",\"isPartOf\":{\"@id\":\"https:\\\/\\\/bas-tv.md\\\/ro\\\/#website\"},\"primaryImageOfPage\":{\"@id\":\"https:\\\/\\\/bas-tv.md\\\/ro\\\/video-un-proiect-unic-in-basarabeasca-prinde-culoare-tabara-de-vara-pentru-copiii-speciali\\\/#primaryimage\"},\"image\":{\"@id\":\"https:\\\/\\\/bas-tv.md\\\/ro\\\/video-un-proiect-unic-in-basarabeasca-prinde-culoare-tabara-de-vara-pentru-copiii-speciali\\\/#primaryimage\"},\"thumbnailUrl\":\"https:\\\/\\\/bas-tv.md\\\/wp-content\\\/uploads\\\/2025\\\/09\\\/2.png\",\"datePublished\":\"2025-09-06T10:00:15+00:00\",\"description\":\"Eugenia Leu \u00ee\u0219i dore\u0219te s\u0103 transforme o cas\u0103 \u00eentr-o tab\u0103r\u0103 de var\u0103 pentru copiii speciali din Basarabeasca \u2013 un proiect de suflet pentru incluziune.\",\"inLanguage\":\"ro-RO\",\"potentialAction\":[{\"@type\":\"ReadAction\",\"target\":[\"https:\\\/\\\/bas-tv.md\\\/ro\\\/video-un-proiect-unic-in-basarabeasca-prinde-culoare-tabara-de-vara-pentru-copiii-speciali\\\/\"]}]},{\"@type\":\"ImageObject\",\"inLanguage\":\"ro-RO\",\"@id\":\"https:\\\/\\\/bas-tv.md\\\/ro\\\/video-un-proiect-unic-in-basarabeasca-prinde-culoare-tabara-de-vara-pentru-copiii-speciali\\\/#primaryimage\",\"url\":\"https:\\\/\\\/bas-tv.md\\\/wp-content\\\/uploads\\\/2025\\\/09\\\/2.png\",\"contentUrl\":\"https:\\\/\\\/bas-tv.md\\\/wp-content\\\/uploads\\\/2025\\\/09\\\/2.png\",\"width\":1280,\"height\":720},{\"@type\":\"WebSite\",\"@id\":\"https:\\\/\\\/bas-tv.md\\\/ro\\\/#website\",\"url\":\"https:\\\/\\\/bas-tv.md\\\/ro\\\/\",\"name\":\"BasTV\",\"description\":\"Moldova\",\"publisher\":{\"@id\":\"https:\\\/\\\/bas-tv.md\\\/ro\\\/#organization\"},\"potentialAction\":[{\"@type\":\"SearchAction\",\"target\":{\"@type\":\"EntryPoint\",\"urlTemplate\":\"https:\\\/\\\/bas-tv.md\\\/ro\\\/?s={search_term_string}\"},\"query-input\":{\"@type\":\"PropertyValueSpecification\",\"valueRequired\":true,\"valueName\":\"search_term_string\"}}],\"inLanguage\":\"ro-RO\"},{\"@type\":\"Organization\",\"@id\":\"https:\\\/\\\/bas-tv.md\\\/ro\\\/#organization\",\"name\":\"BasTV\",\"url\":\"https:\\\/\\\/bas-tv.md\\\/ro\\\/\",\"logo\":{\"@type\":\"ImageObject\",\"inLanguage\":\"ro-RO\",\"@id\":\"https:\\\/\\\/bas-tv.md\\\/ro\\\/#\\\/schema\\\/logo\\\/image\\\/\",\"url\":\"https:\\\/\\\/bas-tv.md\\\/wp-content\\\/uploads\\\/2023\\\/05\\\/bas-tv-culoarea-rosie.png\",\"contentUrl\":\"https:\\\/\\\/bas-tv.md\\\/wp-content\\\/uploads\\\/2023\\\/05\\\/bas-tv-culoarea-rosie.png\",\"width\":202,\"height\":50,\"caption\":\"BasTV\"},\"image\":{\"@id\":\"https:\\\/\\\/bas-tv.md\\\/ro\\\/#\\\/schema\\\/logo\\\/image\\\/\"}},{\"@type\":\"Person\",\"@id\":\"https:\\\/\\\/bas-tv.md\\\/ro\\\/#\\\/schema\\\/person\\\/8740f45ea2eca1f1695284fc03529af0\",\"name\":\"Redactor\",\"image\":{\"@type\":\"ImageObject\",\"inLanguage\":\"ro-RO\",\"@id\":\"https:\\\/\\\/secure.gravatar.com\\\/avatar\\\/45b6af9fc91c10b15a8b40e67c1f57bab2e9614fc9f0af95cf453d61934e9aad?s=96&d=mm&r=g\",\"url\":\"https:\\\/\\\/secure.gravatar.com\\\/avatar\\\/45b6af9fc91c10b15a8b40e67c1f57bab2e9614fc9f0af95cf453d61934e9aad?s=96&d=mm&r=g\",\"contentUrl\":\"https:\\\/\\\/secure.gravatar.com\\\/avatar\\\/45b6af9fc91c10b15a8b40e67c1f57bab2e9614fc9f0af95cf453d61934e9aad?s=96&d=mm&r=g\",\"caption\":\"Redactor\"},\"url\":\"https:\\\/\\\/bas-tv.md\\\/ro\\\/author\\\/redactor\\\/\"}]}<\/script>\n<!-- \/ Yoast SEO plugin. -->","yoast_head_json":{"title":"Proiect de suflet \u00een Basarabeasca \u2013 tab\u0103r\u0103 pentru copii speciali","description":"Eugenia Leu \u00ee\u0219i dore\u0219te s\u0103 transforme o cas\u0103 \u00eentr-o tab\u0103r\u0103 de var\u0103 pentru copiii speciali din Basarabeasca \u2013 un proiect de suflet pentru incluziune.","robots":{"index":"index","follow":"follow","max-snippet":"max-snippet:-1","max-image-preview":"max-image-preview:large","max-video-preview":"max-video-preview:-1"},"canonical":"https:\/\/bas-tv.md\/ro\/video-un-proiect-unic-in-basarabeasca-prinde-culoare-tabara-de-vara-pentru-copiii-speciali\/","og_locale":"ro_RO","og_type":"article","og_title":"Proiect de suflet \u00een Basarabeasca \u2013 tab\u0103r\u0103 pentru copii speciali","og_description":"Eugenia Leu \u00ee\u0219i dore\u0219te s\u0103 transforme o cas\u0103 \u00eentr-o tab\u0103r\u0103 de var\u0103 pentru copiii speciali din Basarabeasca \u2013 un proiect de suflet pentru incluziune.","og_url":"https:\/\/bas-tv.md\/ro\/video-un-proiect-unic-in-basarabeasca-prinde-culoare-tabara-de-vara-pentru-copiii-speciali\/","og_site_name":"BasTV","article_published_time":"2025-09-06T10:00:15+00:00","og_image":[{"width":1280,"height":720,"url":"https:\/\/bas-tv.md\/wp-content\/uploads\/2025\/09\/2.png","type":"image\/png"}],"author":"Redactor","twitter_card":"summary_large_image","twitter_misc":{"Scris de":"Redactor","Timp estimat pentru citire":"1 minut"},"schema":{"@context":"https:\/\/schema.org","@graph":[{"@type":"Article","@id":"https:\/\/bas-tv.md\/ro\/video-un-proiect-unic-in-basarabeasca-prinde-culoare-tabara-de-vara-pentru-copiii-speciali\/#article","isPartOf":{"@id":"https:\/\/bas-tv.md\/ro\/video-un-proiect-unic-in-basarabeasca-prinde-culoare-tabara-de-vara-pentru-copiii-speciali\/"},"author":{"name":"Redactor","@id":"https:\/\/bas-tv.md\/ro\/#\/schema\/person\/8740f45ea2eca1f1695284fc03529af0"},"headline":"(VIDEO) Un proiect unic \u00een Basarabeasca prinde culoare: Tab\u0103r\u0103 de var\u0103 pentru copiii speciali","datePublished":"2025-09-06T10:00:15+00:00","mainEntityOfPage":{"@id":"https:\/\/bas-tv.md\/ro\/video-un-proiect-unic-in-basarabeasca-prinde-culoare-tabara-de-vara-pentru-copiii-speciali\/"},"wordCount":163,"publisher":{"@id":"https:\/\/bas-tv.md\/ro\/#organization"},"image":{"@id":"https:\/\/bas-tv.md\/ro\/video-un-proiect-unic-in-basarabeasca-prinde-culoare-tabara-de-vara-pentru-copiii-speciali\/#primaryimage"},"thumbnailUrl":"https:\/\/bas-tv.md\/wp-content\/uploads\/2025\/09\/2.png","keywords":["Eugenia Leu","incluziune copii Moldova","proiect social Basarabeasca","tab\u0103r\u0103 copii speciali Basarabeasca","tab\u0103r\u0103 de var\u0103 terapie copii"],"articleSection":["Actualitate","\u00cen Basarabeasca"],"inLanguage":"ro-RO"},{"@type":"WebPage","@id":"https:\/\/bas-tv.md\/ro\/video-un-proiect-unic-in-basarabeasca-prinde-culoare-tabara-de-vara-pentru-copiii-speciali\/","url":"https:\/\/bas-tv.md\/ro\/video-un-proiect-unic-in-basarabeasca-prinde-culoare-tabara-de-vara-pentru-copiii-speciali\/","name":"Proiect de suflet \u00een Basarabeasca \u2013 tab\u0103r\u0103 pentru copii speciali","isPartOf":{"@id":"https:\/\/bas-tv.md\/ro\/#website"},"primaryImageOfPage":{"@id":"https:\/\/bas-tv.md\/ro\/video-un-proiect-unic-in-basarabeasca-prinde-culoare-tabara-de-vara-pentru-copiii-speciali\/#primaryimage"},"image":{"@id":"https:\/\/bas-tv.md\/ro\/video-un-proiect-unic-in-basarabeasca-prinde-culoare-tabara-de-vara-pentru-copiii-speciali\/#primaryimage"},"thumbnailUrl":"https:\/\/bas-tv.md\/wp-content\/uploads\/2025\/09\/2.png","datePublished":"2025-09-06T10:00:15+00:00","description":"Eugenia Leu \u00ee\u0219i dore\u0219te s\u0103 transforme o cas\u0103 \u00eentr-o tab\u0103r\u0103 de var\u0103 pentru copiii speciali din Basarabeasca \u2013 un proiect de suflet pentru incluziune.","inLanguage":"ro-RO","potentialAction":[{"@type":"ReadAction","target":["https:\/\/bas-tv.md\/ro\/video-un-proiect-unic-in-basarabeasca-prinde-culoare-tabara-de-vara-pentru-copiii-speciali\/"]}]},{"@type":"ImageObject","inLanguage":"ro-RO","@id":"https:\/\/bas-tv.md\/ro\/video-un-proiect-unic-in-basarabeasca-prinde-culoare-tabara-de-vara-pentru-copiii-speciali\/#primaryimage","url":"https:\/\/bas-tv.md\/wp-content\/uploads\/2025\/09\/2.png","contentUrl":"https:\/\/bas-tv.md\/wp-content\/uploads\/2025\/09\/2.png","width":1280,"height":720},{"@type":"WebSite","@id":"https:\/\/bas-tv.md\/ro\/#website","url":"https:\/\/bas-tv.md\/ro\/","name":"BasTV","description":"Moldova","publisher":{"@id":"https:\/\/bas-tv.md\/ro\/#organization"},"potentialAction":[{"@type":"SearchAction","target":{"@type":"EntryPoint","urlTemplate":"https:\/\/bas-tv.md\/ro\/?s={search_term_string}"},"query-input":{"@type":"PropertyValueSpecification","valueRequired":true,"valueName":"search_term_string"}}],"inLanguage":"ro-RO"},{"@type":"Organization","@id":"https:\/\/bas-tv.md\/ro\/#organization","name":"BasTV","url":"https:\/\/bas-tv.md\/ro\/","logo":{"@type":"ImageObject","inLanguage":"ro-RO","@id":"https:\/\/bas-tv.md\/ro\/#\/schema\/logo\/image\/","url":"https:\/\/bas-tv.md\/wp-content\/uploads\/2023\/05\/bas-tv-culoarea-rosie.png","contentUrl":"https:\/\/bas-tv.md\/wp-content\/uploads\/2023\/05\/bas-tv-culoarea-rosie.png","width":202,"height":50,"caption":"BasTV"},"image":{"@id":"https:\/\/bas-tv.md\/ro\/#\/schema\/logo\/image\/"}},{"@type":"Person","@id":"https:\/\/bas-tv.md\/ro\/#\/schema\/person\/8740f45ea2eca1f1695284fc03529af0","name":"Redactor","image":{"@type":"ImageObject","inLanguage":"ro-RO","@id":"https:\/\/secure.gravatar.com\/avatar\/45b6af9fc91c10b15a8b40e67c1f57bab2e9614fc9f0af95cf453d61934e9aad?s=96&d=mm&r=g","url":"https:\/\/secure.gravatar.com\/avatar\/45b6af9fc91c10b15a8b40e67c1f57bab2e9614fc9f0af95cf453d61934e9aad?s=96&d=mm&r=g","contentUrl":"https:\/\/secure.gravatar.com\/avatar\/45b6af9fc91c10b15a8b40e67c1f57bab2e9614fc9f0af95cf453d61934e9aad?s=96&d=mm&r=g","caption":"Redactor"},"url":"https:\/\/bas-tv.md\/ro\/author\/redactor\/"}]}},"views":330,"_links":{"self":[{"href":"https:\/\/bas-tv.md\/ro\/wp-json\/wp\/v2\/posts\/159635","targetHints":{"allow":["GET"]}}],"collection":[{"href":"https:\/\/bas-tv.md\/ro\/wp-json\/wp\/v2\/posts"}],"about":[{"href":"https:\/\/bas-tv.md\/ro\/wp-json\/wp\/v2\/types\/post"}],"author":[{"embeddable":true,"href":"https:\/\/bas-tv.md\/ro\/wp-json\/wp\/v2\/users\/3"}],"replies":[{"embeddable":true,"href":"https:\/\/bas-tv.md\/ro\/wp-json\/wp\/v2\/comments?post=159635"}],"version-history":[{"count":2,"href":"https:\/\/bas-tv.md\/ro\/wp-json\/wp\/v2\/posts\/159635\/revisions"}],"predecessor-version":[{"id":159705,"href":"https:\/\/bas-tv.md\/ro\/wp-json\/wp\/v2\/posts\/159635\/revisions\/159705"}],"wp:featuredmedia":[{"embeddable":true,"href":"https:\/\/bas-tv.md\/ro\/wp-json\/wp\/v2\/media\/159703"}],"wp:attachment":[{"href":"https:\/\/bas-tv.md\/ro\/wp-json\/wp\/v2\/media?parent=159635"}],"wp:term":[{"taxonomy":"category","embeddable":true,"href":"https:\/\/bas-tv.md\/ro\/wp-json\/wp\/v2\/categories?post=159635"},{"taxonomy":"post_tag","embeddable":true,"href":"https:\/\/bas-tv.md\/ro\/wp-json\/wp\/v2\/tags?post=159635"}],"curies":[{"name":"wp","href":"https:\/\/api.w.org\/{rel}","templated":true}]}}