{"id":160483,"date":"2025-09-17T20:23:18","date_gmt":"2025-09-17T17:23:18","guid":{"rendered":"https:\/\/bas-tv.md\/?p=160483"},"modified":"2025-09-17T21:14:51","modified_gmt":"2025-09-17T18:14:51","slug":"harta-interactiva-intre-implicare-si-reticenta-ce-spune-diaspora-din-basarabeasca-despre-alegeri-si-schimbare","status":"publish","type":"post","link":"https:\/\/bas-tv.md\/ro\/harta-interactiva-intre-implicare-si-reticenta-ce-spune-diaspora-din-basarabeasca-despre-alegeri-si-schimbare\/","title":{"rendered":"(HART\u0102 INTERACTIV\u0102) \u00centre implicare \u0219i reticen\u021b\u0103: ce spune diaspora din Basarabeasca despre alegeri \u0219i schimbare"},"content":{"rendered":"<p><strong>Num\u0103rul moldovenilor stabili\u021bi temporar sau definitiv \u00een str\u0103in\u0103tate a crescut semnificativ \u00een ultimul deceniu, mul\u021bi cet\u0103\u021beni aleg\u00e2nd s\u0103 caute oportunit\u0103\u021bi mai bune de studiu, carier\u0103 \u0219i afirmare personal\u0103 peste hotarele \u021b\u0103rii. \u00cen ajunul alegerilor parlamentare, redac\u021bia BAStv a adunat opiniile diasporei din Basarabeasca pentru a afla dac\u0103 inten\u021bioneaz\u0103 s\u0103 voteze, c\u00e2t de important\u0103 este vocea celor pleca\u021bi din \u021bar\u0103 \u0219i ce schimb\u0103ri a\u0219teapt\u0103 dup\u0103 scrutin.<\/strong><\/p>\n<h4>A merge sau a nu merge la vot: \u00eentre datorie civic\u0103 \u0219i pruden\u021b\u0103<\/h4>\n<p>La \u00eentrebarea dac\u0103 planific\u0103 s\u0103 voteze la alegerile parlamentare, opiniile moldovenilor din diaspor\u0103 se \u00eempart \u00een dou\u0103 direc\u021bii clare. Pentru unii, participarea este un gest de apartenen\u021b\u0103, de grij\u0103 \u0219i responsabilitate fa\u021b\u0103 de cei de acas\u0103, \u00een timp ce, pentru al\u021bii, ab\u021binerea este o op\u021biune asumat\u0103, motivat\u0103 de distan\u021b\u0103, informare insuficient\u0103 sau de impedimente logistice.<\/p>\n<p>Mul\u021bi dintre cei hot\u0103r\u00e2\u021bi s\u0103 mearg\u0103 la urnele de vot fac referire la o component\u0103 puternic afectiv\u0103 a alegerii pe care urmeaz\u0103 s\u0103 o fac\u0103:<\/p>\n<blockquote><p><img decoding=\"async\" class=\"alignleft wp-image-160499 lazyload\" data-src=\"https:\/\/bas-tv.md\/wp-content\/uploads\/2025\/09\/9912c604-33b3-48fa-8add-b5698dc22ce3-150x150.jpeg\" alt=\"\" width=\"150\" height=\"150\" data-srcset=\"https:\/\/bas-tv.md\/wp-content\/uploads\/2025\/09\/9912c604-33b3-48fa-8add-b5698dc22ce3-150x150.jpeg 150w, https:\/\/bas-tv.md\/wp-content\/uploads\/2025\/09\/9912c604-33b3-48fa-8add-b5698dc22ce3-300x300.jpeg 300w, https:\/\/bas-tv.md\/wp-content\/uploads\/2025\/09\/9912c604-33b3-48fa-8add-b5698dc22ce3-1024x1024.jpeg 1024w, https:\/\/bas-tv.md\/wp-content\/uploads\/2025\/09\/9912c604-33b3-48fa-8add-b5698dc22ce3-768x768.jpeg 768w, https:\/\/bas-tv.md\/wp-content\/uploads\/2025\/09\/9912c604-33b3-48fa-8add-b5698dc22ce3-1200x1200.jpeg 1200w, https:\/\/bas-tv.md\/wp-content\/uploads\/2025\/09\/9912c604-33b3-48fa-8add-b5698dc22ce3.jpeg 1280w\" data-sizes=\"(max-width: 150px) 100vw, 150px\" src=\"data:image\/svg+xml;base64,PHN2ZyB3aWR0aD0iMSIgaGVpZ2h0PSIxIiB4bWxucz0iaHR0cDovL3d3dy53My5vcmcvMjAwMC9zdmciPjwvc3ZnPg==\" style=\"--smush-placeholder-width: 150px; --smush-placeholder-aspect-ratio: 150\/150;\" \/><\/p>\n<p>\u201eDa, vom merge la vot 100%. Vot\u0103m pentru c\u0103 \u00eenc\u0103 ne mai pas\u0103. \u00cen Moldova avem p\u0103rin\u021bi, fra\u021bi, bunei \u0219i oameni dragi sufletului, pe care \u00eei sus\u021binem \u00een m\u0103sura posibilit\u0103\u021bilor, iar votul nostru este de-asemenea un tip de ajutor \u0219i o form\u0103 proprie de-a ne demonstra apartenen\u021ba la neam, explic\u0103 Elena Voloc (Marcu), (Irlanda de Nord).<\/p><\/blockquote>\n<blockquote><p><img decoding=\"async\" class=\"wp-image-160523 size-thumbnail alignleft lazyload\" data-src=\"https:\/\/bas-tv.md\/wp-content\/uploads\/2025\/09\/lilia-tarlev-150x150.jpeg\" alt=\"\" width=\"150\" height=\"150\" data-srcset=\"https:\/\/bas-tv.md\/wp-content\/uploads\/2025\/09\/lilia-tarlev-150x150.jpeg 150w, https:\/\/bas-tv.md\/wp-content\/uploads\/2025\/09\/lilia-tarlev-300x300.jpeg 300w, https:\/\/bas-tv.md\/wp-content\/uploads\/2025\/09\/lilia-tarlev-1024x1024.jpeg 1024w, https:\/\/bas-tv.md\/wp-content\/uploads\/2025\/09\/lilia-tarlev-768x768.jpeg 768w, https:\/\/bas-tv.md\/wp-content\/uploads\/2025\/09\/lilia-tarlev.jpeg 1080w\" data-sizes=\"(max-width: 150px) 100vw, 150px\" src=\"data:image\/svg+xml;base64,PHN2ZyB3aWR0aD0iMSIgaGVpZ2h0PSIxIiB4bWxucz0iaHR0cDovL3d3dy53My5vcmcvMjAwMC9zdmciPjwvc3ZnPg==\" style=\"--smush-placeholder-width: 150px; --smush-placeholder-aspect-ratio: 150\/150;\" \/>\u201eVotul este una dintre pu\u021binele modalit\u0103\u021bi prin care pot contribui la schimbare, chiar \u0219i de la distan\u021b\u0103. Vreau o clas\u0103 politic\u0103 responsabil\u0103, care s\u0103 pun\u0103 interesul cet\u0103\u021beanului \u00eenaintea interesului personal sau de partid\u201d, completeaz\u0103 Lilia Tarlev (Irlanda).<\/p><\/blockquote>\n<p>La r\u00e2ndul lor, Diana Gorceac (Marea Britanie)\u00a0\u0219i Eugenia Leu (Italia)\u00a0invoc\u0103 grija pentru viitorul copiilor \u0219i al \u021b\u0103rii.<\/p>\n<blockquote><p><img decoding=\"async\" class=\"alignleft size-thumbnail wp-image-160542 lazyload\" data-src=\"https:\/\/bas-tv.md\/wp-content\/uploads\/2025\/09\/valentina-secrier-150x150.jpeg\" alt=\"\" width=\"150\" height=\"150\" src=\"data:image\/svg+xml;base64,PHN2ZyB3aWR0aD0iMSIgaGVpZ2h0PSIxIiB4bWxucz0iaHR0cDovL3d3dy53My5vcmcvMjAwMC9zdmciPjwvc3ZnPg==\" style=\"--smush-placeholder-width: 150px; --smush-placeholder-aspect-ratio: 150\/150;\" \/>\u201e\u00cen aceast\u0103 toamn\u0103 voi face 5 ani de str\u0103in\u0103tate. \u00cen to\u021bi ace\u0219ti ani am participat la alegeri, fie parlamentare, fie preziden\u021biale. De\u0219i sunt departe de ba\u0219tin\u0103, nu \u00eemi este indiferent\u0103 soarta \u021b\u0103rii mele, obi\u0219nuiesc \u00een fiecare sear\u0103 s\u0103 vizionez programele de \u0219tiri\u201d, poveste\u0219te\u00a0Valentina Secrier (Italia).<\/p><\/blockquote>\n<p>Dreptul \u0219i obliga\u021bia de a vota sunt repere esen\u021biale ale unei societ\u0103\u021bi democratice, influen\u021b\u00e2nd direc\u021bia politic\u0103 a \u021b\u0103rii \u0219i legitimitatea organului reprezentativ. Pentru Anna Renita (Italia), acesta este motivul principal de a se prezenta la alegeri. La r\u00e2ndul ei, Zinaida Vornic (Italia) spune c\u0103 va vota pentru a-\u0219i exprima opinia, un drept firesc \u0219i garantat de Constitu\u021bie al fiec\u0103rui cet\u0103\u021bean.<\/p>\n<p>Din SUA, Maria Dabija s-a \u00eenregistrat pentru votul prin coresponden\u021b\u0103, consider\u00e2nd c\u0103 (ne)participarea la vot trebuie s\u0103 fie o alegere asumat\u0103 \u0219i s\u0103 responsabilizeze deciden\u021bii:<\/p>\n<blockquote><p><img decoding=\"async\" class=\"alignleft wp-image-160525 size-thumbnail lazyload\" data-src=\"https:\/\/bas-tv.md\/wp-content\/uploads\/2025\/09\/maria-dabija-150x150.jpeg\" alt=\"\" width=\"150\" height=\"150\" src=\"data:image\/svg+xml;base64,PHN2ZyB3aWR0aD0iMSIgaGVpZ2h0PSIxIiB4bWxucz0iaHR0cDovL3d3dy53My5vcmcvMjAwMC9zdmciPjwvc3ZnPg==\" style=\"--smush-placeholder-width: 150px; --smush-placeholder-aspect-ratio: 150\/150;\" \/>\u201eCred cu t\u0103rie c\u0103 participarea la alegeri nu este numai un drept, dar \u0219i o obliga\u021bie civic\u0103. Ca cet\u0103\u021bean, po\u021bi avea a\u0219tept\u0103ri de la guvernare doar atunci c\u00e2nd \u021bi-ai exprimat opinia \u00een cadrul alegerilor. E o decizie pe care fiecare dintre noi trebuie s\u0103 \u0219i-o asume\u201d, subliniaz\u0103 ea.<\/p><\/blockquote>\n<p>Pe de alt\u0103 parte, decizia de a nu merge la urne este, pentru unii cet\u0103\u021beni afla\u021bi peste hotare, o form\u0103 de precau\u021bie. Adesea, aceasta porne\u0219te din necunoa\u0219terea realit\u0103\u021bilor din \u021bar\u0103 sau din frica fa\u021b\u0103 de consecin\u021bele pe care votul le poate avea asupra celor r\u0103ma\u0219i acas\u0103.<\/p>\n<blockquote><p><img decoding=\"async\" class=\"alignleft wp-image-160527 size-thumbnail lazyload\" data-src=\"https:\/\/bas-tv.md\/wp-content\/uploads\/2025\/09\/natalia-orlova-150x150.jpeg\" alt=\"\" width=\"150\" height=\"150\" data-srcset=\"https:\/\/bas-tv.md\/wp-content\/uploads\/2025\/09\/natalia-orlova-150x150.jpeg 150w, https:\/\/bas-tv.md\/wp-content\/uploads\/2025\/09\/natalia-orlova-300x300.jpeg 300w, https:\/\/bas-tv.md\/wp-content\/uploads\/2025\/09\/natalia-orlova-1024x1024.jpeg 1024w, https:\/\/bas-tv.md\/wp-content\/uploads\/2025\/09\/natalia-orlova-768x768.jpeg 768w, https:\/\/bas-tv.md\/wp-content\/uploads\/2025\/09\/natalia-orlova.jpeg 1080w\" data-sizes=\"(max-width: 150px) 100vw, 150px\" src=\"data:image\/svg+xml;base64,PHN2ZyB3aWR0aD0iMSIgaGVpZ2h0PSIxIiB4bWxucz0iaHR0cDovL3d3dy53My5vcmcvMjAwMC9zdmciPjwvc3ZnPg==\" style=\"--smush-placeholder-width: 150px; --smush-placeholder-aspect-ratio: 150\/150;\" \/>\u201eNu votez, deoarece nu am nici cea mai mic\u0103 idee despre ceea ce este mai bine \u00een prezent pentru Moldova. Nu mai locuiesc acolo de 12 ani. A\u0219adar, nu, nu votez\u201d, m\u0103rturise\u0219te Natalia Orlova (Canada).<\/p>\n<p>\u201eEste important ca diaspora s\u0103 voteze, dar cu condi\u021bia s\u0103 cunoasc\u0103 specificul vie\u021bii din Moldova \u00een prezent\u201d, adaug\u0103 femeia.<\/p><\/blockquote>\n<p>Serghei Bodlev (Germania), invoc\u0103 o responsabilitate moral\u0103 fa\u021b\u0103 de cei r\u0103ma\u0219i \u00een \u021bar\u0103:<\/p>\n<blockquote><p><img decoding=\"async\" class=\"alignleft size-thumbnail wp-image-160529 lazyload\" data-src=\"https:\/\/bas-tv.md\/wp-content\/uploads\/2025\/09\/serghei-bodlev-150x150.jpeg\" alt=\"\" width=\"150\" height=\"150\" src=\"data:image\/svg+xml;base64,PHN2ZyB3aWR0aD0iMSIgaGVpZ2h0PSIxIiB4bWxucz0iaHR0cDovL3d3dy53My5vcmcvMjAwMC9zdmciPjwvc3ZnPg==\" style=\"--smush-placeholder-width: 150px; --smush-placeholder-aspect-ratio: 150\/150;\" \/>\u201eNu voi vota. Nu sunt preg\u0103tit s\u0103-mi asum responsabilitatea pentru alegerea mea \u0219i nu vreau s\u0103-i oblig pe oamenii r\u0103ma\u0219i \u00een Moldova s\u0103 tr\u0103iasc\u0103 cu op\u021biunea mea. Nu \u00eendemn pe nimeni s\u0103 voteze pentru un anumit partid sau candidat, nu contest dreptul cet\u0103\u021benilor de a alege, \u00eendemn doar la corectitudine\u201d, precizeaz\u0103 acesta.<\/p>\n<p>&nbsp;<\/p>\n<p>\u201e\u00cen cazul \u00een care c\u00e2\u0219tig\u0103 partidul pentru care a votat diaspora, atunci diaspora este obligat\u0103 s\u0103 revin\u0103 \u00een Republica Moldova \u0219i s\u0103 ajute partidul s\u0103 construiasc\u0103 \u0219i s\u0103 creeze \u00eempreun\u0103. A vota din str\u0103in\u0103tate \u0219i a-i l\u0103sa pe oamenii din Moldova s\u0103 tr\u0103iasc\u0103 cu alegerea ta este, cel pu\u021bin, gre\u0219it\u201d, concluzioneaz\u0103 b\u0103rbatul.<\/p><\/blockquote>\n<blockquote><p><img decoding=\"async\" class=\"alignleft size-thumbnail wp-image-160535 lazyload\" data-src=\"https:\/\/bas-tv.md\/wp-content\/uploads\/2025\/09\/0c6f050f-8252-4d04-b32f-f7f1b3f9bc77-1-150x150.jpeg\" alt=\"\" width=\"150\" height=\"150\" data-srcset=\"https:\/\/bas-tv.md\/wp-content\/uploads\/2025\/09\/0c6f050f-8252-4d04-b32f-f7f1b3f9bc77-1-150x150.jpeg 150w, https:\/\/bas-tv.md\/wp-content\/uploads\/2025\/09\/0c6f050f-8252-4d04-b32f-f7f1b3f9bc77-1-300x300.jpeg 300w, https:\/\/bas-tv.md\/wp-content\/uploads\/2025\/09\/0c6f050f-8252-4d04-b32f-f7f1b3f9bc77-1-768x766.jpeg 768w, https:\/\/bas-tv.md\/wp-content\/uploads\/2025\/09\/0c6f050f-8252-4d04-b32f-f7f1b3f9bc77-1.jpeg 960w\" data-sizes=\"(max-width: 150px) 100vw, 150px\" src=\"data:image\/svg+xml;base64,PHN2ZyB3aWR0aD0iMSIgaGVpZ2h0PSIxIiB4bWxucz0iaHR0cDovL3d3dy53My5vcmcvMjAwMC9zdmciPjwvc3ZnPg==\" style=\"--smush-placeholder-width: 150px; --smush-placeholder-aspect-ratio: 150\/150;\" \/>\u201eNu planific\u0103m s\u0103 vot\u0103m!\u201d, afirm\u0103 Natalia Cazacu (Rusia).<\/p>\n<p>\u201eSunt \u00eempotriv\u0103 ca diaspora s\u0103 voteze. Dac\u0103 o persoan\u0103 nu locuie\u0219te \u00een \u021bar\u0103 \u0219i nu inten\u021bioneaz\u0103 s\u0103 revin\u0103, nu poate decide soarta \u021b\u0103rii \u0219i a oamenilor care tr\u0103iesc acolo!\u201d<\/p><\/blockquote>\n<p>Totodat\u0103, pentru unii cet\u0103\u021beni din diaspor\u0103, participarea la vot este condi\u021bionat\u0103 sau \u00eengreunat\u0103 de absen\u021ba sec\u021biilor de votare \u00een proximitatea domiciliului. Artiom Burdianov (Muntenegru) indic\u0103 spre o problem\u0103 concret\u0103:<\/p>\n<blockquote><p><img decoding=\"async\" class=\"alignleft size-thumbnail wp-image-160537 lazyload\" data-src=\"https:\/\/bas-tv.md\/wp-content\/uploads\/2025\/09\/artiom-burdianov-150x150.jpeg\" alt=\"\" width=\"150\" height=\"150\" src=\"data:image\/svg+xml;base64,PHN2ZyB3aWR0aD0iMSIgaGVpZ2h0PSIxIiB4bWxucz0iaHR0cDovL3d3dy53My5vcmcvMjAwMC9zdmciPjwvc3ZnPg==\" style=\"--smush-placeholder-width: 150px; --smush-placeholder-aspect-ratio: 150\/150;\" \/><\/p>\n<p>&nbsp;<\/p>\n<p>\u201eDin p\u0103cate, \u00een Muntenegru nu exist\u0103 nici m\u0103car un consulat al Republicii Moldova. Cred c\u0103 \u00eentotdeauna este foarte important s\u0103 vot\u0103m\u201d, explic\u0103 b\u0103rbatul.<\/p><\/blockquote>\n<h4>Diaspora \u2013 o voce care are un cuv\u00e2nt de spus<\/h4>\n<p>Pentru mul\u021bi dintre cei pleca\u021bi peste hotare, implicarea civic\u0103 nu se limiteaz\u0103 la prezen\u021ba fizic\u0103 \u00eentre grani\u021bele unei \u021b\u0103ri: ea se poate manifesta prin vot, prin sprijin financiar \u0219i prin idei \u0219i ini\u021biative inspirate din comunit\u0103\u021bile \u00een care locuiesc cona\u021bionalii no\u0219tri:<\/p>\n<blockquote><p><img decoding=\"async\" class=\"alignleft size-thumbnail wp-image-160523 lazyload\" data-src=\"https:\/\/bas-tv.md\/wp-content\/uploads\/2025\/09\/lilia-tarlev-150x150.jpeg\" alt=\"\" width=\"150\" height=\"150\" data-srcset=\"https:\/\/bas-tv.md\/wp-content\/uploads\/2025\/09\/lilia-tarlev-150x150.jpeg 150w, https:\/\/bas-tv.md\/wp-content\/uploads\/2025\/09\/lilia-tarlev-300x300.jpeg 300w, https:\/\/bas-tv.md\/wp-content\/uploads\/2025\/09\/lilia-tarlev-1024x1024.jpeg 1024w, https:\/\/bas-tv.md\/wp-content\/uploads\/2025\/09\/lilia-tarlev-768x768.jpeg 768w, https:\/\/bas-tv.md\/wp-content\/uploads\/2025\/09\/lilia-tarlev.jpeg 1080w\" data-sizes=\"(max-width: 150px) 100vw, 150px\" src=\"data:image\/svg+xml;base64,PHN2ZyB3aWR0aD0iMSIgaGVpZ2h0PSIxIiB4bWxucz0iaHR0cDovL3d3dy53My5vcmcvMjAwMC9zdmciPjwvc3ZnPg==\" style=\"--smush-placeholder-width: 150px; --smush-placeholder-aspect-ratio: 150\/150;\" \/>\u201eDiaspora contribuie enorm prin remiten\u021be, investi\u021bii . Avem experien\u021be valoroase, vedem cum func\u021bioneaz\u0103 lucrurile \u00een alte \u021b\u0103ri \u0219i vrem s\u0103 aducem aceste bune practici acas\u0103\u201d, argumenteaz\u0103 Lilia Tarlev (Irlanda).<\/p><\/blockquote>\n<blockquote><p><img decoding=\"async\" class=\"alignleft size-thumbnail wp-image-160550 lazyload\" data-src=\"https:\/\/bas-tv.md\/wp-content\/uploads\/2025\/09\/anna-renita-150x150.jpeg\" alt=\"\" width=\"150\" height=\"150\" data-srcset=\"https:\/\/bas-tv.md\/wp-content\/uploads\/2025\/09\/anna-renita-150x150.jpeg 150w, https:\/\/bas-tv.md\/wp-content\/uploads\/2025\/09\/anna-renita-300x300.jpeg 300w, https:\/\/bas-tv.md\/wp-content\/uploads\/2025\/09\/anna-renita-1024x1024.jpeg 1024w, https:\/\/bas-tv.md\/wp-content\/uploads\/2025\/09\/anna-renita-768x768.jpeg 768w, https:\/\/bas-tv.md\/wp-content\/uploads\/2025\/09\/anna-renita-1200x1200.jpeg 1200w, https:\/\/bas-tv.md\/wp-content\/uploads\/2025\/09\/anna-renita.jpeg 1280w\" data-sizes=\"(max-width: 150px) 100vw, 150px\" src=\"data:image\/svg+xml;base64,PHN2ZyB3aWR0aD0iMSIgaGVpZ2h0PSIxIiB4bWxucz0iaHR0cDovL3d3dy53My5vcmcvMjAwMC9zdmciPjwvc3ZnPg==\" style=\"--smush-placeholder-width: 150px; --smush-placeholder-aspect-ratio: 150\/150;\" \/>\u201eEu consider c\u0103 este important\u0103 vocea diasporei. Nu locuim \u00een \u021bar\u0103, dar oricum particip\u0103m la economia statului, deoarece practic mul\u021bi din noi avem p\u0103rin\u021bi, copii, rude sau case, pentru care trimitem bani \u00een \u021bar\u0103. Avem dreptul s\u0103 vot\u0103m la alegeri, dar e foarte important sa fim aten\u021bi \u0219i informa\u021bi bine la situa\u021bia care este \u00een \u021bara, s\u0103 ascult\u0103m bine pe cei care locuiesc zi de zi acolo, c\u0103ci doar ei se confrunt\u0103 cu greut\u0103\u021bile \u0219i schimb\u0103rile care se creeaz\u0103 cu fiecare conducere\u201d, puncteaz\u0103 Anna Renita (Italia).<\/p><\/blockquote>\n<p>Pentru al\u021bii, responsabilitatea vine din sentimentul de apartenen\u021b\u0103: faptul c\u0103 s-au n\u0103scut \u00een Republica Moldova, au rude \u0219i prieteni acas\u0103 \u0219i iau \u00een calcul o eventual\u0103 revenire \u00een Republica Moldova \u00eei determin\u0103 s\u0103 r\u0103m\u00e2n\u0103 implica\u021bi civic, indiferent de distan\u021b\u0103:<\/p>\n<blockquote><p><img decoding=\"async\" class=\"alignleft size-thumbnail wp-image-160548 lazyload\" data-src=\"https:\/\/bas-tv.md\/wp-content\/uploads\/2025\/09\/diana-gorceac-150x150.jpeg\" alt=\"\" width=\"150\" height=\"150\" src=\"data:image\/svg+xml;base64,PHN2ZyB3aWR0aD0iMSIgaGVpZ2h0PSIxIiB4bWxucz0iaHR0cDovL3d3dy53My5vcmcvMjAwMC9zdmciPjwvc3ZnPg==\" style=\"--smush-placeholder-width: 150px; --smush-placeholder-aspect-ratio: 150\/150;\" \/><\/p>\n<p>\u201e\u00cen primul r\u00e2nd, suntem parte din acest popor \u0219i nu suntem indiferen\u021bi de ce se \u00eent\u00e2mpl\u0103 \u00een \u021bar\u0103. Neap\u0103rat o mare parte din popula\u021bie se va \u00eentoarce \u00eenapoi acas\u0103\u201d, sus\u021bine Diana Gorceac (Marea Britanie).<\/p><\/blockquote>\n<blockquote><p><img decoding=\"async\" class=\"alignleft size-thumbnail wp-image-160544 lazyload\" data-src=\"https:\/\/bas-tv.md\/wp-content\/uploads\/2025\/09\/eugenia-leu-150x150.jpeg\" alt=\"\" width=\"150\" height=\"150\" src=\"data:image\/svg+xml;base64,PHN2ZyB3aWR0aD0iMSIgaGVpZ2h0PSIxIiB4bWxucz0iaHR0cDovL3d3dy53My5vcmcvMjAwMC9zdmciPjwvc3ZnPg==\" style=\"--smush-placeholder-width: 150px; --smush-placeholder-aspect-ratio: 150\/150;\" \/>\u201eVocea diasporei e important\u0103, fiindc\u0103 contribuie enorm la economia \u021b\u0103rii, deci e evident c\u0103 trebuie s\u0103 participe la prosperitatea \u0219i viitorul \u021b\u0103rii! P\u00e2n\u0103 la urm\u0103, c\u00e2t de t\u00e2rziu nu va fi, to\u021bi ne vom \u00eentoarce acas\u0103, a\u0219a cum \u0219i eu personal deja pl\u0103nuiesc!\u201d, recunoa\u0219te Eugenia Leu (Italia).<\/p><\/blockquote>\n<p>\u00cen aceast\u0103 ordine de idei, diaspora poate \u0219i trebuie s\u0103 participe la via\u021ba \u021b\u0103rii, nu doar simbolic, ci efectiv. De aici, apare \u0219i a\u0219teptarea fireasc\u0103 ca vocea celor din diaspor\u0103 s\u0103 fie cu adev\u0103rat auzit\u0103 \u0219i luat\u0103 \u00een considerare \u00een dezbaterile publice.<\/p>\n<blockquote><p><img decoding=\"async\" class=\"alignleft size-thumbnail wp-image-160499 lazyload\" data-src=\"https:\/\/bas-tv.md\/wp-content\/uploads\/2025\/09\/9912c604-33b3-48fa-8add-b5698dc22ce3-150x150.jpeg\" alt=\"\" width=\"150\" height=\"150\" data-srcset=\"https:\/\/bas-tv.md\/wp-content\/uploads\/2025\/09\/9912c604-33b3-48fa-8add-b5698dc22ce3-150x150.jpeg 150w, https:\/\/bas-tv.md\/wp-content\/uploads\/2025\/09\/9912c604-33b3-48fa-8add-b5698dc22ce3-300x300.jpeg 300w, https:\/\/bas-tv.md\/wp-content\/uploads\/2025\/09\/9912c604-33b3-48fa-8add-b5698dc22ce3-1024x1024.jpeg 1024w, https:\/\/bas-tv.md\/wp-content\/uploads\/2025\/09\/9912c604-33b3-48fa-8add-b5698dc22ce3-768x768.jpeg 768w, https:\/\/bas-tv.md\/wp-content\/uploads\/2025\/09\/9912c604-33b3-48fa-8add-b5698dc22ce3-1200x1200.jpeg 1200w, https:\/\/bas-tv.md\/wp-content\/uploads\/2025\/09\/9912c604-33b3-48fa-8add-b5698dc22ce3.jpeg 1280w\" data-sizes=\"(max-width: 150px) 100vw, 150px\" src=\"data:image\/svg+xml;base64,PHN2ZyB3aWR0aD0iMSIgaGVpZ2h0PSIxIiB4bWxucz0iaHR0cDovL3d3dy53My5vcmcvMjAwMC9zdmciPjwvc3ZnPg==\" style=\"--smush-placeholder-width: 150px; --smush-placeholder-aspect-ratio: 150\/150;\" \/>\u201eTr\u0103im ni\u0219te vremuri \u00een care vocea diasporei reprezint\u0103 cam 70%, fie c\u0103 asta place sau nu multora. \u00cen cazul R. Moldova, cu toate diferen\u021bele \u0219i dificult\u0103\u021bile politice, cu care se confrunt\u0103 la moment, este crucial s\u0103 fie oferit dreptul la vot tuturor cet\u0103\u021benilor. De\u0219i locuim la mii de km, sufletul \u00eenc\u0103 se mai plimb\u0103 pe str\u0103zile Moldovei, \u00eenc\u0103 mai citim \u0219tiri cu sufletul la gur\u0103, \u00eenc\u0103 mai purt\u0103m tricolorul ag\u0103\u021bat la ghiozdan, \u00eenc\u0103 mai vorbim \u00een limba noastr\u0103. \u0218tiu cu siguran\u021b\u0103 \u0219i voi spune asta \u00eentotdeauna: un cet\u0103\u021bean plecat r\u0103m\u00e2ne tot un cet\u0103\u021bean implicat, doar c\u0103 o face de dup\u0103 cortin\u0103\u201d, opineaz\u0103 Elena Voloc (Marcu) (Irlanda de Nord).<\/p><\/blockquote>\n<blockquote><p><img decoding=\"async\" class=\"alignleft size-thumbnail wp-image-160546 lazyload\" data-src=\"https:\/\/bas-tv.md\/wp-content\/uploads\/2025\/09\/maria-dabija-1-150x150.jpeg\" alt=\"\" width=\"150\" height=\"150\" src=\"data:image\/svg+xml;base64,PHN2ZyB3aWR0aD0iMSIgaGVpZ2h0PSIxIiB4bWxucz0iaHR0cDovL3d3dy53My5vcmcvMjAwMC9zdmciPjwvc3ZnPg==\" style=\"--smush-placeholder-width: 150px; --smush-placeholder-aspect-ratio: 150\/150;\" \/>\u201eDiaspora noastr\u0103 \u00eentotdeauna a fost foarte mobilizat\u0103 \u0219i activ\u0103. Prezen\u021ba record la toate scrutinele recente, de la alegerile \u00a0preziden\u021biale din 2020 \u0219i apoi la parlamentare din 2021 la referendumul privind aderarea RM la Uniunea European\u0103 \u0219i alegerile preziden\u021biale din anul trecut, e o dovad\u0103 clar\u0103 a faptului c\u0103 cet\u0103\u021benii no\u0219tri de peste hotare sunt conecta\u021bi la realitatea politic\u0103 din Republica Moldova \u0219i c\u0103 soarta \u021b\u0103rii \u00eei preocup\u0103 profund. \u00cen mod evident, diaspora are un cuv\u00e2nt de spus \u0219i trebuie neap\u0103rat s\u0103 fie auzit\u0103\u201d, reitereaz\u0103 Maria Dabija (SUA).<\/p><\/blockquote>\n<blockquote><p>M\u0103 deranjeaz\u0103 c\u0103 unii politicieni trateaz\u0103 diaspora cu dispre\u021b \u0219i \u00eencearc\u0103 din r\u0103sputeri s\u0103 ne divizeze \u00een &#8222;cei de aici&#8221; \u0219i &#8222;cei de acolo&#8221;. Dac\u0103 vrem s\u0103 avem o societate consolidat\u0103, este important s\u0103 ne auzim reciproc\u201d, conchide Maria.<\/p><\/blockquote>\n<h4 data-pm-slice=\"0 0 []\">A\u0219tept\u0103ri \u0219i speran\u021be: ce schimb\u0103ri \u00ee\u0219i dore\u0219te diaspora<\/h4>\n<p>Din r\u0103spunsurile adunate de redac\u021bia BAStv se disting c\u00e2teva nevoi \u0219i aspira\u021bii clare: pace \u0219i coeziune social\u0103, institu\u021bii care func\u021bioneaz\u0103, o economie predictibil\u0103 cu salarii decente, servicii publice de calitate \u0219i un ritm realist al reformelor, toate privite prin prisma dorin\u021bei de a r\u0103m\u00e2ne conecta\u021bi cu cei de acas\u0103 sau chiar de a reveni \u00een Republica Moldova.<\/p>\n<blockquote><p><img decoding=\"async\" class=\"alignleft size-thumbnail wp-image-160531 lazyload\" data-src=\"https:\/\/bas-tv.md\/wp-content\/uploads\/2025\/09\/0c6f050f-8252-4d04-b32f-f7f1b3f9bc77-150x150.jpeg\" alt=\"\" width=\"150\" height=\"150\" data-srcset=\"https:\/\/bas-tv.md\/wp-content\/uploads\/2025\/09\/0c6f050f-8252-4d04-b32f-f7f1b3f9bc77-150x150.jpeg 150w, https:\/\/bas-tv.md\/wp-content\/uploads\/2025\/09\/0c6f050f-8252-4d04-b32f-f7f1b3f9bc77-300x300.jpeg 300w, https:\/\/bas-tv.md\/wp-content\/uploads\/2025\/09\/0c6f050f-8252-4d04-b32f-f7f1b3f9bc77-768x766.jpeg 768w, https:\/\/bas-tv.md\/wp-content\/uploads\/2025\/09\/0c6f050f-8252-4d04-b32f-f7f1b3f9bc77.jpeg 960w\" data-sizes=\"(max-width: 150px) 100vw, 150px\" src=\"data:image\/svg+xml;base64,PHN2ZyB3aWR0aD0iMSIgaGVpZ2h0PSIxIiB4bWxucz0iaHR0cDovL3d3dy53My5vcmcvMjAwMC9zdmciPjwvc3ZnPg==\" style=\"--smush-placeholder-width: 150px; --smush-placeholder-aspect-ratio: 150\/150;\" \/>\u201e\u00cemi doresc s\u0103 v\u0103d Moldova ca o \u021bar\u0103 a oportunit\u0103\u021bilor. Unde salariile \u0219i pensiile sunt decente, nu un motiv de a pleca. Unde drumurile sunt bune, \u0219colile moderne, iar spitalele sunt locuri \u00een care prime\u0219ti ajutor. Unde instan\u021bele sunt echitabile, iar cei de la putere servesc \u00een interesul oamenilor, nu \u00een interes propriu. Vreau s\u0103 v\u0103d Moldova ca o \u021bar\u0103 unde ne m\u00e2ndrim c\u0103 tr\u0103im \u0219i de unde nu vis\u0103m s\u0103 plec\u0103m\u201d, recunoa\u0219te Natalia Cazacu (Rusia).<\/p><\/blockquote>\n<blockquote><p><img decoding=\"async\" class=\"alignleft size-thumbnail wp-image-160523 lazyload\" data-src=\"https:\/\/bas-tv.md\/wp-content\/uploads\/2025\/09\/lilia-tarlev-150x150.jpeg\" alt=\"\" width=\"150\" height=\"150\" data-srcset=\"https:\/\/bas-tv.md\/wp-content\/uploads\/2025\/09\/lilia-tarlev-150x150.jpeg 150w, https:\/\/bas-tv.md\/wp-content\/uploads\/2025\/09\/lilia-tarlev-300x300.jpeg 300w, https:\/\/bas-tv.md\/wp-content\/uploads\/2025\/09\/lilia-tarlev-1024x1024.jpeg 1024w, https:\/\/bas-tv.md\/wp-content\/uploads\/2025\/09\/lilia-tarlev-768x768.jpeg 768w, https:\/\/bas-tv.md\/wp-content\/uploads\/2025\/09\/lilia-tarlev.jpeg 1080w\" data-sizes=\"(max-width: 150px) 100vw, 150px\" src=\"data:image\/svg+xml;base64,PHN2ZyB3aWR0aD0iMSIgaGVpZ2h0PSIxIiB4bWxucz0iaHR0cDovL3d3dy53My5vcmcvMjAwMC9zdmciPjwvc3ZnPg==\" style=\"--smush-placeholder-width: 150px; --smush-placeholder-aspect-ratio: 150\/150;\" \/>\u201e\u00cemi doresc un stat func\u021bional, cu institu\u021bii eficiente. Vreau o justi\u021bie real\u0103, un sistem educa\u021bional modern \u0219i o economie care s\u0103-i \u021bin\u0103 pe tineri acas\u0103, nu s\u0103-i alunge. Moldova are poten\u021bial enorm, dar are nevoie de lideri care s\u0103 cread\u0103 \u00een viitorul ei, nu doar \u00een propriul avantaj\u201d, afirm\u0103 Lilia Tarlev (Irlanda).<\/p><\/blockquote>\n<blockquote><p><img decoding=\"async\" class=\"alignleft size-thumbnail wp-image-160552 lazyload\" data-src=\"https:\/\/bas-tv.md\/wp-content\/uploads\/2025\/09\/b455d0b6-c4cb-4c35-ae9d-dd636ce0272d-150x150.jpeg\" alt=\"\" width=\"150\" height=\"150\" src=\"data:image\/svg+xml;base64,PHN2ZyB3aWR0aD0iMSIgaGVpZ2h0PSIxIiB4bWxucz0iaHR0cDovL3d3dy53My5vcmcvMjAwMC9zdmciPjwvc3ZnPg==\" style=\"--smush-placeholder-width: 150px; --smush-placeholder-aspect-ratio: 150\/150;\" \/><\/p>\n<p>&nbsp;<\/p>\n<p>&nbsp;<\/p>\n<p>\u201eVrem s\u0103 ne \u00eentoarcem acas\u0103, s\u0103 avem salarii decente, locuri de munc\u0103 \u0219i o via\u021b\u0103 lini\u0219tit\u0103 pe p\u0103m\u00e2ntul natal\u201d, spune Zinaida Vornic (Italia).<\/p><\/blockquote>\n<blockquote><p><img decoding=\"async\" class=\"alignleft size-thumbnail wp-image-160544 lazyload\" data-src=\"https:\/\/bas-tv.md\/wp-content\/uploads\/2025\/09\/eugenia-leu-150x150.jpeg\" alt=\"\" width=\"150\" height=\"150\" src=\"data:image\/svg+xml;base64,PHN2ZyB3aWR0aD0iMSIgaGVpZ2h0PSIxIiB4bWxucz0iaHR0cDovL3d3dy53My5vcmcvMjAwMC9zdmciPjwvc3ZnPg==\" style=\"--smush-placeholder-width: 150px; --smush-placeholder-aspect-ratio: 150\/150;\" \/>\u201eVrem pace \u00eentre fiecare din noi! Pentru c\u0103 \u00een ultima perioada tr\u0103im vremuri zbuciumate! Desigur \u00eemi doresc o \u021bar\u0103 frumoas\u0103, liber\u0103 \u0219i european\u0103, dar con\u0219tientizez c\u0103 avem un drum spinos \u0219i lung!\u201d, precizeaz\u0103 Eugenia Leu (Italia).<\/p><\/blockquote>\n<blockquote><p><img decoding=\"async\" class=\"alignleft wp-image-160499 lazyload\" data-src=\"https:\/\/bas-tv.md\/wp-content\/uploads\/2025\/09\/9912c604-33b3-48fa-8add-b5698dc22ce3-150x150.jpeg\" alt=\"\" width=\"150\" height=\"150\" data-srcset=\"https:\/\/bas-tv.md\/wp-content\/uploads\/2025\/09\/9912c604-33b3-48fa-8add-b5698dc22ce3-150x150.jpeg 150w, https:\/\/bas-tv.md\/wp-content\/uploads\/2025\/09\/9912c604-33b3-48fa-8add-b5698dc22ce3-300x300.jpeg 300w, https:\/\/bas-tv.md\/wp-content\/uploads\/2025\/09\/9912c604-33b3-48fa-8add-b5698dc22ce3-1024x1024.jpeg 1024w, https:\/\/bas-tv.md\/wp-content\/uploads\/2025\/09\/9912c604-33b3-48fa-8add-b5698dc22ce3-768x768.jpeg 768w, https:\/\/bas-tv.md\/wp-content\/uploads\/2025\/09\/9912c604-33b3-48fa-8add-b5698dc22ce3-1200x1200.jpeg 1200w, https:\/\/bas-tv.md\/wp-content\/uploads\/2025\/09\/9912c604-33b3-48fa-8add-b5698dc22ce3.jpeg 1280w\" data-sizes=\"(max-width: 150px) 100vw, 150px\" src=\"data:image\/svg+xml;base64,PHN2ZyB3aWR0aD0iMSIgaGVpZ2h0PSIxIiB4bWxucz0iaHR0cDovL3d3dy53My5vcmcvMjAwMC9zdmciPjwvc3ZnPg==\" style=\"--smush-placeholder-width: 150px; --smush-placeholder-aspect-ratio: 150\/150;\" \/><\/p>\n<p>\u201eNe dorim pacea \u0219i bun\u0103starea celor care au r\u0103mas; respectul \u0219i sus\u021binerea celor v\u00e2rstnici, salarii mai bune, proiecte de calitate \u0219i schimbarea mentalit\u0103\u021bii sovietice, care st\u0103 asemeni unui sediment de trecut peste \u021b\u0103ri\u0219oara asta mic\u0103 \u0219i mereu nostalgic\u0103\u201d, remarc\u0103 Elena Voloc (Marcu) (Irlanda de Nord).<\/p><\/blockquote>\n<blockquote><p><img decoding=\"async\" class=\"alignleft size-thumbnail wp-image-160542 lazyload\" data-src=\"https:\/\/bas-tv.md\/wp-content\/uploads\/2025\/09\/valentina-secrier-150x150.jpeg\" alt=\"\" width=\"150\" height=\"150\" src=\"data:image\/svg+xml;base64,PHN2ZyB3aWR0aD0iMSIgaGVpZ2h0PSIxIiB4bWxucz0iaHR0cDovL3d3dy53My5vcmcvMjAwMC9zdmciPjwvc3ZnPg==\" style=\"--smush-placeholder-width: 150px; --smush-placeholder-aspect-ratio: 150\/150;\" \/>\u201e\u00cen Moldova \u00eemi sunt r\u0103d\u0103cinile \u0219i acolo m\u0103 voi \u00eentoarce, mi-o doresc prosper\u0103, parte din familia european\u0103. Trebuie s\u0103 \u00ee\u021bi faci cinstit serviciul f\u0103r\u0103 a pretinde la mit\u0103 sau f\u0103r\u0103 a fura de la locul de munc\u0103. La noi greu se dezr\u0103d\u0103cineaz\u0103 aceste obiceiuri sovietice. Justi\u021bia are mult de lucru, c\u0103ci oamenii sunt dezam\u0103gi\u021bi\u201d, noteaz\u0103 Valentina Secrieru (Italia).<\/p><\/blockquote>\n<p>Majoritatea responden\u021bilor admit c\u0103 reformele cer timp \u0219i consecven\u021b\u0103: procesul va fi lung \u0219i anevoios, iar schimb\u0103rile reale nu se vor produce peste noapte, ci vor avea loc prin pa\u0219i mici, bine g\u00e2ndi\u021bi \u0219i sus\u021binu\u021bi. .<\/p>\n<blockquote><p><img decoding=\"async\" class=\"alignleft size-thumbnail wp-image-160537 lazyload\" data-src=\"https:\/\/bas-tv.md\/wp-content\/uploads\/2025\/09\/artiom-burdianov-150x150.jpeg\" alt=\"\" width=\"150\" height=\"150\" src=\"data:image\/svg+xml;base64,PHN2ZyB3aWR0aD0iMSIgaGVpZ2h0PSIxIiB4bWxucz0iaHR0cDovL3d3dy53My5vcmcvMjAwMC9zdmciPjwvc3ZnPg==\" style=\"--smush-placeholder-width: 150px; --smush-placeholder-aspect-ratio: 150\/150;\" \/>\u201eCred c\u0103, \u00een condi\u021biile actuale, cu r\u0103zboiul la hotar, conflict intern \u00een \u021bar\u0103 generat de r\u0103zboi \u0219i un num\u0103r infim de cadre \u00eenalt calificate,\u00a0 aceast\u0103 sarcin\u0103 devine foarte dificil\u0103, chiar \u0219i dac\u0103, brusc, cu to\u021bii \u0219i-ar dori o schimbare\u201d, consider\u0103 Artiom Burdianov (Muntenegru).<\/p><\/blockquote>\n<blockquote><p><img decoding=\"async\" class=\"alignleft size-thumbnail wp-image-160548 lazyload\" data-src=\"https:\/\/bas-tv.md\/wp-content\/uploads\/2025\/09\/diana-gorceac-150x150.jpeg\" alt=\"\" width=\"150\" height=\"150\" src=\"data:image\/svg+xml;base64,PHN2ZyB3aWR0aD0iMSIgaGVpZ2h0PSIxIiB4bWxucz0iaHR0cDovL3d3dy53My5vcmcvMjAwMC9zdmciPjwvc3ZnPg==\" style=\"--smush-placeholder-width: 150px; --smush-placeholder-aspect-ratio: 150\/150;\" \/><\/p>\n<p>\u201eNu avem mari a\u0219tept\u0103ri, nimeni nim\u0103nui nu este dator cu nimic, toate schimb\u0103rile trebuie \u00eencepute de la fiecare om \u00een parte\u201d, subliniaz\u0103 Diana Gorceac (Marea Britanie).<\/p>\n<p>&nbsp;<\/p><\/blockquote>\n<blockquote><p><img decoding=\"async\" class=\"size-thumbnail wp-image-160550 alignleft lazyload\" data-src=\"https:\/\/bas-tv.md\/wp-content\/uploads\/2025\/09\/anna-renita-150x150.jpeg\" alt=\"\" width=\"150\" height=\"150\" data-srcset=\"https:\/\/bas-tv.md\/wp-content\/uploads\/2025\/09\/anna-renita-150x150.jpeg 150w, https:\/\/bas-tv.md\/wp-content\/uploads\/2025\/09\/anna-renita-300x300.jpeg 300w, https:\/\/bas-tv.md\/wp-content\/uploads\/2025\/09\/anna-renita-1024x1024.jpeg 1024w, https:\/\/bas-tv.md\/wp-content\/uploads\/2025\/09\/anna-renita-768x768.jpeg 768w, https:\/\/bas-tv.md\/wp-content\/uploads\/2025\/09\/anna-renita-1200x1200.jpeg 1200w, https:\/\/bas-tv.md\/wp-content\/uploads\/2025\/09\/anna-renita.jpeg 1280w\" data-sizes=\"(max-width: 150px) 100vw, 150px\" src=\"data:image\/svg+xml;base64,PHN2ZyB3aWR0aD0iMSIgaGVpZ2h0PSIxIiB4bWxucz0iaHR0cDovL3d3dy53My5vcmcvMjAwMC9zdmciPjwvc3ZnPg==\" style=\"--smush-placeholder-width: 150px; --smush-placeholder-aspect-ratio: 150\/150;\" \/>\u201eSchimb\u0103ri vrem multe, dar trebuie sa fim con\u0219tien\u021bi c\u0103 trebuie \u00eencet efectuate aceste schimb\u0103ri, deoarece situa\u021bia este cam grav\u0103 \u00een \u021bara, continu\u0103 s\u0103 plece cet\u0103\u021benii peste hotare \u0219i \u021bara se pustie\u0219te. E foarte trist. Vrem ca vocea poporului s\u0103 fie auzit\u0103, mai mult\u0103 democra\u021bie, dar \u0219i cu reguli\u201d, relateaz\u0103 Anna Renita (Italia).<\/p><\/blockquote>\n<blockquote><p><img decoding=\"async\" class=\"alignleft size-thumbnail wp-image-160546 lazyload\" data-src=\"https:\/\/bas-tv.md\/wp-content\/uploads\/2025\/09\/maria-dabija-1-150x150.jpeg\" alt=\"\" width=\"150\" height=\"150\" src=\"data:image\/svg+xml;base64,PHN2ZyB3aWR0aD0iMSIgaGVpZ2h0PSIxIiB4bWxucz0iaHR0cDovL3d3dy53My5vcmcvMjAwMC9zdmciPjwvc3ZnPg==\" style=\"--smush-placeholder-width: 150px; --smush-placeholder-aspect-ratio: 150\/150;\" \/>\u201eIdeea unui &#8222;miracol moldovenesc&#8221; sun\u0103 foarte ispititor, dar nu m\u0103 a\u0219tept la schimb\u0103ri radicale peste noapte. Ba chiar nu cred c\u0103 e benefic ca reformele s\u0103 se produc\u0103 \u00eentr-un regim foarte intens \u0219i for\u021bat. A\u0219 vrea s\u0103 continu\u0103m parcursul nostru european cu \u00eencredere \u0219i tenacitate, s\u0103 avem salarii \u0219i condi\u021bii de trai decente pentru to\u021bi, mai multe oportunit\u0103\u021bi pentru tineri \u0219i o justi\u021bie eficient\u0103. Dat fiind c\u0103 activez \u00een domeniul culturii, am speran\u021be mari c\u0103\u00a0 se vor organiza c\u00e2t mai multe evenimente artistice, proiecte \u0219i ini\u021biative care s\u0103 promoveze un acces echitabil la activit\u0103\u021bile culturale\u201d, afirm\u0103 Maria Dabija (SUA), pe un ton optimist.<\/p><\/blockquote>\n<p>R\u0103spunsurile integrale ale tuturor responden\u021bilor pot fi vizualizate, acces\u00e2nd harta interactiv\u0103 de mai jos. Dup\u0103 deschidere, face\u021bi clic pe marcajele de pe hart\u0103, pentru a accesa r\u0103spunsurile pentru fiecare \u021bar\u0103 \u0219i respondent \u00een parte.<\/p>\n<div style=\"width: 100%;\">\n<div style=\"position: relative; padding-bottom: 177.78%; padding-top: 0; height: 0;\"><iframe style=\"position: absolute; top: 0; left: 0; width: 100%; height: 100%;\" title=\"Redac\u021bia BAStv a adresat reprezentan\u021bilor diasporei 3 \u00eentreb\u0103ri:\" data-src=\"https:\/\/view.genially.com\/68a09c5ac0d991a40db1458a\" width=\"675\" height=\"1200\" frameborder=\"0\" scrolling=\"yes\" allowfullscreen=\"allowfullscreen\" src=\"data:image\/svg+xml;base64,PHN2ZyB3aWR0aD0iMSIgaGVpZ2h0PSIxIiB4bWxucz0iaHR0cDovL3d3dy53My5vcmcvMjAwMC9zdmciPjwvc3ZnPg==\" class=\"lazyload\" data-load-mode=\"1\"><\/iframe><\/div>\n<\/div>\n<p><strong>Acest material este realizat \u00een cadrul proiectului \u201eMass-media local\u0103 din Basarabeasca pentru valori europene\u201d, implementat de redac\u021bia BAStv, cu sprijinul financiar al Ambasadei Cehiei \u00een Republica Moldova.<\/strong><\/p>\n<p><img decoding=\"async\" class=\"aligncenter size-full wp-image-158224 lazyload\" data-src=\"https:\/\/bas-tv.md\/wp-content\/uploads\/2025\/08\/whatsapp-image-2025-08-23-at-11.15.53.jpeg\" alt=\"\" width=\"1276\" height=\"230\" data-srcset=\"https:\/\/bas-tv.md\/wp-content\/uploads\/2025\/08\/whatsapp-image-2025-08-23-at-11.15.53.jpeg 1276w, https:\/\/bas-tv.md\/wp-content\/uploads\/2025\/08\/whatsapp-image-2025-08-23-at-11.15.53-300x54.jpeg 300w, https:\/\/bas-tv.md\/wp-content\/uploads\/2025\/08\/whatsapp-image-2025-08-23-at-11.15.53-1024x185.jpeg 1024w, https:\/\/bas-tv.md\/wp-content\/uploads\/2025\/08\/whatsapp-image-2025-08-23-at-11.15.53-768x138.jpeg 768w, https:\/\/bas-tv.md\/wp-content\/uploads\/2025\/08\/whatsapp-image-2025-08-23-at-11.15.53-1200x216.jpeg 1200w\" data-sizes=\"(max-width: 1276px) 100vw, 1276px\" src=\"data:image\/svg+xml;base64,PHN2ZyB3aWR0aD0iMSIgaGVpZ2h0PSIxIiB4bWxucz0iaHR0cDovL3d3dy53My5vcmcvMjAwMC9zdmciPjwvc3ZnPg==\" style=\"--smush-placeholder-width: 1276px; --smush-placeholder-aspect-ratio: 1276\/230;\" \/><\/p>\n<p>Autor: Virineia Carapirea<\/p>\n<p><strong>Sus\u021bine\u021bi redac\u021bia BAStv, abona\u021bi-v\u0103 la noi pe platforma\u00a0<a href=\"https:\/\/www.patreon.com\/BAStv?fan_landing=true&amp;fbclid=IwAR3MeSDKfH4ixBydCXX9D1lhrCszhps3ID5uxuGA-Ktd4MTkZCRdlcEZkQI\">Patreon\u00a0<\/a>sau prin efectuarea contribu\u021biilor prin\u00a0<a href=\"https:\/\/www.paypal.com\/paypalme\/supportbastv\">PayPal<\/a>! Aceasta ne va ajuta s\u0103 cre\u0103m con\u021binut interesant \u0219i util pentru dvs., r\u0103m\u00e2n\u00e2nd \u00een continuare o platform\u0103 media independent\u0103.<\/strong><\/p>\n<p><b>Abona\u021bi-v\u0103 la noi pe re\u021bele sociale:\u00a0<\/b><a href=\"https:\/\/t.me\/bastvmd\"><b><i>Telegram<\/i><\/b><\/a><b>,\u00a0<\/b><a href=\"https:\/\/www.youtube.com\/channel\/UC-9005PnLnhpNM8PVSjP2dQ\/featured\"><b><i>YouTube<\/i><\/b><\/a><b>,\u00a0<\/b><a href=\"https:\/\/www.facebook.com\/bastv.md\"><b><i>Facebook<\/i><\/b><\/a>\u00a0<strong>\u0219i\u00a0<\/strong><a href=\"https:\/\/www.instagram.com\/bastv.md\/\"><b><i>Instagram<\/i><\/b><\/a><b>. Aici public\u0103m \u0219tiri pe scurt.<\/b><\/p>\n","protected":false},"excerpt":{"rendered":"<p>Num\u0103rul moldovenilor stabili\u021bi temporar sau definitiv \u00een str\u0103in\u0103tate a crescut semnificativ \u00een ultimul deceniu, mul\u021bi cet\u0103\u021beni aleg\u00e2nd s\u0103 caute oportunit\u0103\u021bi mai bune de studiu, carier\u0103 \u0219i afirmare personal\u0103 peste hotarele \u021b\u0103rii. \u00cen ajunul alegerilor parlamentare, redac\u021bia BAStv a adunat opiniile diasporei din Basarabeasca pentru a afla dac\u0103 inten\u021bioneaz\u0103 s\u0103 voteze, c\u00e2t de important\u0103 este vocea [&hellip;]<\/p>\n","protected":false},"author":3,"featured_media":160497,"comment_status":"closed","ping_status":"closed","sticky":false,"template":"","format":"standard","meta":{"footnotes":""},"categories":[602,13003,236],"tags":[669,8453,13686,12721,693],"class_list":["post-160483","post","type-post","status-publish","format-standard","has-post-thumbnail","hentry","category-actualitate","category-electorala-2025","category-sondaje","tag-alegeri","tag-alegeri-2025","tag-alegeri-28-septembrie-2025","tag-alegeri-parlamentare","tag-basarabeasca-ro"],"yoast_head":"<!-- This site is optimized with the Yoast SEO plugin v27.5 - https:\/\/yoast.com\/product\/yoast-seo-wordpress\/ -->\n<title>(HART\u0102 INTERACTIV\u0102) \u00centre implicare \u0219i reticen\u021b\u0103: ce spune diaspora din Basarabeasca despre alegeri \u0219i schimbare - BasTV<\/title>\n<meta name=\"description\" content=\"Num\u0103rul moldovenilor stabili\u021bi temporar sau definitiv \u00een str\u0103in\u0103tate a crescut semnificativ \u00een ultimul deceniu, mul\u021bi cet\u0103\u021beni aleg\u00e2nd s\u0103 caute oportunit\u0103\u021bi mai bune de studiu, carier\u0103 \u0219i afirmare personal\u0103 peste hotarele \u021b\u0103rii. \u00cen ajunul alegerilor parlamentare, redac\u021bia BAStv a adunat opiniile diasporei din Basarabeasca pentru a afla dac\u0103 inten\u021bioneaz\u0103 s\u0103 voteze, c\u00e2t de important\u0103 este vocea celor pleca\u021bi din \u021bar\u0103 \u0219i ce schimb\u0103ri a\u0219teapt\u0103 dup\u0103 scrutin.\" \/>\n<meta name=\"robots\" content=\"index, follow, max-snippet:-1, max-image-preview:large, max-video-preview:-1\" \/>\n<link rel=\"canonical\" href=\"https:\/\/bas-tv.md\/ro\/harta-interactiva-intre-implicare-si-reticenta-ce-spune-diaspora-din-basarabeasca-despre-alegeri-si-schimbare\/\" \/>\n<meta property=\"og:locale\" content=\"ro_RO\" \/>\n<meta property=\"og:type\" content=\"article\" \/>\n<meta property=\"og:title\" content=\"(HART\u0102 INTERACTIV\u0102) \u00centre implicare \u0219i reticen\u021b\u0103: ce spune diaspora din Basarabeasca despre alegeri \u0219i schimbare - BasTV\" \/>\n<meta property=\"og:description\" content=\"Num\u0103rul moldovenilor stabili\u021bi temporar sau definitiv \u00een str\u0103in\u0103tate a crescut semnificativ \u00een ultimul deceniu, mul\u021bi cet\u0103\u021beni aleg\u00e2nd s\u0103 caute oportunit\u0103\u021bi mai bune de studiu, carier\u0103 \u0219i afirmare personal\u0103 peste hotarele \u021b\u0103rii. \u00cen ajunul alegerilor parlamentare, redac\u021bia BAStv a adunat opiniile diasporei din Basarabeasca pentru a afla dac\u0103 inten\u021bioneaz\u0103 s\u0103 voteze, c\u00e2t de important\u0103 este vocea celor pleca\u021bi din \u021bar\u0103 \u0219i ce schimb\u0103ri a\u0219teapt\u0103 dup\u0103 scrutin.\" \/>\n<meta property=\"og:url\" content=\"https:\/\/bas-tv.md\/ro\/harta-interactiva-intre-implicare-si-reticenta-ce-spune-diaspora-din-basarabeasca-despre-alegeri-si-schimbare\/\" \/>\n<meta property=\"og:site_name\" content=\"BasTV\" \/>\n<meta property=\"article:published_time\" content=\"2025-09-17T17:23:18+00:00\" \/>\n<meta property=\"article:modified_time\" content=\"2025-09-17T18:14:51+00:00\" \/>\n<meta property=\"og:image\" content=\"https:\/\/bas-tv.md\/wp-content\/uploads\/2025\/09\/korporativnye-sajty.png\" \/>\n\t<meta property=\"og:image:width\" content=\"1640\" \/>\n\t<meta property=\"og:image:height\" content=\"924\" \/>\n\t<meta property=\"og:image:type\" content=\"image\/png\" \/>\n<meta name=\"author\" content=\"Redactor\" \/>\n<meta name=\"twitter:card\" content=\"summary_large_image\" \/>\n<meta name=\"twitter:label1\" content=\"Scris de\" \/>\n\t<meta name=\"twitter:data1\" content=\"Redactor\" \/>\n\t<meta name=\"twitter:label2\" content=\"Timp estimat pentru citire\" \/>\n\t<meta name=\"twitter:data2\" content=\"5 minute\" \/>\n<script type=\"application\/ld+json\" class=\"yoast-schema-graph\">{\"@context\":\"https:\\\/\\\/schema.org\",\"@graph\":[{\"@type\":\"Article\",\"@id\":\"https:\\\/\\\/bas-tv.md\\\/ro\\\/harta-interactiva-intre-implicare-si-reticenta-ce-spune-diaspora-din-basarabeasca-despre-alegeri-si-schimbare\\\/#article\",\"isPartOf\":{\"@id\":\"https:\\\/\\\/bas-tv.md\\\/ro\\\/harta-interactiva-intre-implicare-si-reticenta-ce-spune-diaspora-din-basarabeasca-despre-alegeri-si-schimbare\\\/\"},\"author\":{\"name\":\"Redactor\",\"@id\":\"https:\\\/\\\/bas-tv.md\\\/ro\\\/#\\\/schema\\\/person\\\/8740f45ea2eca1f1695284fc03529af0\"},\"headline\":\"(HART\u0102 INTERACTIV\u0102) \u00centre implicare \u0219i reticen\u021b\u0103: ce spune diaspora din Basarabeasca despre alegeri \u0219i schimbare\",\"datePublished\":\"2025-09-17T17:23:18+00:00\",\"dateModified\":\"2025-09-17T18:14:51+00:00\",\"mainEntityOfPage\":{\"@id\":\"https:\\\/\\\/bas-tv.md\\\/ro\\\/harta-interactiva-intre-implicare-si-reticenta-ce-spune-diaspora-din-basarabeasca-despre-alegeri-si-schimbare\\\/\"},\"wordCount\":2340,\"publisher\":{\"@id\":\"https:\\\/\\\/bas-tv.md\\\/ro\\\/#organization\"},\"image\":{\"@id\":\"https:\\\/\\\/bas-tv.md\\\/ro\\\/harta-interactiva-intre-implicare-si-reticenta-ce-spune-diaspora-din-basarabeasca-despre-alegeri-si-schimbare\\\/#primaryimage\"},\"thumbnailUrl\":\"https:\\\/\\\/bas-tv.md\\\/wp-content\\\/uploads\\\/2025\\\/09\\\/korporativnye-sajty.png\",\"keywords\":[\"alegeri\",\"alegeri 2025\",\"alegeri 28 septembrie 2025\",\"alegeri parlamentare\",\"Basarabeasca\"],\"articleSection\":[\"Actualitate\",\"Electorala 2025\",\"Sondaje\"],\"inLanguage\":\"ro-RO\"},{\"@type\":\"WebPage\",\"@id\":\"https:\\\/\\\/bas-tv.md\\\/ro\\\/harta-interactiva-intre-implicare-si-reticenta-ce-spune-diaspora-din-basarabeasca-despre-alegeri-si-schimbare\\\/\",\"url\":\"https:\\\/\\\/bas-tv.md\\\/ro\\\/harta-interactiva-intre-implicare-si-reticenta-ce-spune-diaspora-din-basarabeasca-despre-alegeri-si-schimbare\\\/\",\"name\":\"(HART\u0102 INTERACTIV\u0102) \u00centre implicare \u0219i reticen\u021b\u0103: ce spune diaspora din Basarabeasca despre alegeri \u0219i schimbare - BasTV\",\"isPartOf\":{\"@id\":\"https:\\\/\\\/bas-tv.md\\\/ro\\\/#website\"},\"primaryImageOfPage\":{\"@id\":\"https:\\\/\\\/bas-tv.md\\\/ro\\\/harta-interactiva-intre-implicare-si-reticenta-ce-spune-diaspora-din-basarabeasca-despre-alegeri-si-schimbare\\\/#primaryimage\"},\"image\":{\"@id\":\"https:\\\/\\\/bas-tv.md\\\/ro\\\/harta-interactiva-intre-implicare-si-reticenta-ce-spune-diaspora-din-basarabeasca-despre-alegeri-si-schimbare\\\/#primaryimage\"},\"thumbnailUrl\":\"https:\\\/\\\/bas-tv.md\\\/wp-content\\\/uploads\\\/2025\\\/09\\\/korporativnye-sajty.png\",\"datePublished\":\"2025-09-17T17:23:18+00:00\",\"dateModified\":\"2025-09-17T18:14:51+00:00\",\"description\":\"Num\u0103rul moldovenilor stabili\u021bi temporar sau definitiv \u00een str\u0103in\u0103tate a crescut semnificativ \u00een ultimul deceniu, mul\u021bi cet\u0103\u021beni aleg\u00e2nd s\u0103 caute oportunit\u0103\u021bi mai bune de studiu, carier\u0103 \u0219i afirmare personal\u0103 peste hotarele \u021b\u0103rii. \u00cen ajunul alegerilor parlamentare, redac\u021bia BAStv a adunat opiniile diasporei din Basarabeasca pentru a afla dac\u0103 inten\u021bioneaz\u0103 s\u0103 voteze, c\u00e2t de important\u0103 este vocea celor pleca\u021bi din \u021bar\u0103 \u0219i ce schimb\u0103ri a\u0219teapt\u0103 dup\u0103 scrutin.\",\"inLanguage\":\"ro-RO\",\"potentialAction\":[{\"@type\":\"ReadAction\",\"target\":[\"https:\\\/\\\/bas-tv.md\\\/ro\\\/harta-interactiva-intre-implicare-si-reticenta-ce-spune-diaspora-din-basarabeasca-despre-alegeri-si-schimbare\\\/\"]}]},{\"@type\":\"ImageObject\",\"inLanguage\":\"ro-RO\",\"@id\":\"https:\\\/\\\/bas-tv.md\\\/ro\\\/harta-interactiva-intre-implicare-si-reticenta-ce-spune-diaspora-din-basarabeasca-despre-alegeri-si-schimbare\\\/#primaryimage\",\"url\":\"https:\\\/\\\/bas-tv.md\\\/wp-content\\\/uploads\\\/2025\\\/09\\\/korporativnye-sajty.png\",\"contentUrl\":\"https:\\\/\\\/bas-tv.md\\\/wp-content\\\/uploads\\\/2025\\\/09\\\/korporativnye-sajty.png\",\"width\":1640,\"height\":924,\"caption\":\"Foto: BAStv\"},{\"@type\":\"WebSite\",\"@id\":\"https:\\\/\\\/bas-tv.md\\\/ro\\\/#website\",\"url\":\"https:\\\/\\\/bas-tv.md\\\/ro\\\/\",\"name\":\"BasTV\",\"description\":\"Moldova\",\"publisher\":{\"@id\":\"https:\\\/\\\/bas-tv.md\\\/ro\\\/#organization\"},\"potentialAction\":[{\"@type\":\"SearchAction\",\"target\":{\"@type\":\"EntryPoint\",\"urlTemplate\":\"https:\\\/\\\/bas-tv.md\\\/ro\\\/?s={search_term_string}\"},\"query-input\":{\"@type\":\"PropertyValueSpecification\",\"valueRequired\":true,\"valueName\":\"search_term_string\"}}],\"inLanguage\":\"ro-RO\"},{\"@type\":\"Organization\",\"@id\":\"https:\\\/\\\/bas-tv.md\\\/ro\\\/#organization\",\"name\":\"BasTV\",\"url\":\"https:\\\/\\\/bas-tv.md\\\/ro\\\/\",\"logo\":{\"@type\":\"ImageObject\",\"inLanguage\":\"ro-RO\",\"@id\":\"https:\\\/\\\/bas-tv.md\\\/ro\\\/#\\\/schema\\\/logo\\\/image\\\/\",\"url\":\"https:\\\/\\\/bas-tv.md\\\/wp-content\\\/uploads\\\/2023\\\/05\\\/bas-tv-culoarea-rosie.png\",\"contentUrl\":\"https:\\\/\\\/bas-tv.md\\\/wp-content\\\/uploads\\\/2023\\\/05\\\/bas-tv-culoarea-rosie.png\",\"width\":202,\"height\":50,\"caption\":\"BasTV\"},\"image\":{\"@id\":\"https:\\\/\\\/bas-tv.md\\\/ro\\\/#\\\/schema\\\/logo\\\/image\\\/\"}},{\"@type\":\"Person\",\"@id\":\"https:\\\/\\\/bas-tv.md\\\/ro\\\/#\\\/schema\\\/person\\\/8740f45ea2eca1f1695284fc03529af0\",\"name\":\"Redactor\",\"image\":{\"@type\":\"ImageObject\",\"inLanguage\":\"ro-RO\",\"@id\":\"https:\\\/\\\/secure.gravatar.com\\\/avatar\\\/45b6af9fc91c10b15a8b40e67c1f57bab2e9614fc9f0af95cf453d61934e9aad?s=96&d=mm&r=g\",\"url\":\"https:\\\/\\\/secure.gravatar.com\\\/avatar\\\/45b6af9fc91c10b15a8b40e67c1f57bab2e9614fc9f0af95cf453d61934e9aad?s=96&d=mm&r=g\",\"contentUrl\":\"https:\\\/\\\/secure.gravatar.com\\\/avatar\\\/45b6af9fc91c10b15a8b40e67c1f57bab2e9614fc9f0af95cf453d61934e9aad?s=96&d=mm&r=g\",\"caption\":\"Redactor\"},\"url\":\"https:\\\/\\\/bas-tv.md\\\/ro\\\/author\\\/redactor\\\/\"}]}<\/script>\n<!-- \/ Yoast SEO plugin. -->","yoast_head_json":{"title":"(HART\u0102 INTERACTIV\u0102) \u00centre implicare \u0219i reticen\u021b\u0103: ce spune diaspora din Basarabeasca despre alegeri \u0219i schimbare - BasTV","description":"Num\u0103rul moldovenilor stabili\u021bi temporar sau definitiv \u00een str\u0103in\u0103tate a crescut semnificativ \u00een ultimul deceniu, mul\u021bi cet\u0103\u021beni aleg\u00e2nd s\u0103 caute oportunit\u0103\u021bi mai bune de studiu, carier\u0103 \u0219i afirmare personal\u0103 peste hotarele \u021b\u0103rii. \u00cen ajunul alegerilor parlamentare, redac\u021bia BAStv a adunat opiniile diasporei din Basarabeasca pentru a afla dac\u0103 inten\u021bioneaz\u0103 s\u0103 voteze, c\u00e2t de important\u0103 este vocea celor pleca\u021bi din \u021bar\u0103 \u0219i ce schimb\u0103ri a\u0219teapt\u0103 dup\u0103 scrutin.","robots":{"index":"index","follow":"follow","max-snippet":"max-snippet:-1","max-image-preview":"max-image-preview:large","max-video-preview":"max-video-preview:-1"},"canonical":"https:\/\/bas-tv.md\/ro\/harta-interactiva-intre-implicare-si-reticenta-ce-spune-diaspora-din-basarabeasca-despre-alegeri-si-schimbare\/","og_locale":"ro_RO","og_type":"article","og_title":"(HART\u0102 INTERACTIV\u0102) \u00centre implicare \u0219i reticen\u021b\u0103: ce spune diaspora din Basarabeasca despre alegeri \u0219i schimbare - BasTV","og_description":"Num\u0103rul moldovenilor stabili\u021bi temporar sau definitiv \u00een str\u0103in\u0103tate a crescut semnificativ \u00een ultimul deceniu, mul\u021bi cet\u0103\u021beni aleg\u00e2nd s\u0103 caute oportunit\u0103\u021bi mai bune de studiu, carier\u0103 \u0219i afirmare personal\u0103 peste hotarele \u021b\u0103rii. \u00cen ajunul alegerilor parlamentare, redac\u021bia BAStv a adunat opiniile diasporei din Basarabeasca pentru a afla dac\u0103 inten\u021bioneaz\u0103 s\u0103 voteze, c\u00e2t de important\u0103 este vocea celor pleca\u021bi din \u021bar\u0103 \u0219i ce schimb\u0103ri a\u0219teapt\u0103 dup\u0103 scrutin.","og_url":"https:\/\/bas-tv.md\/ro\/harta-interactiva-intre-implicare-si-reticenta-ce-spune-diaspora-din-basarabeasca-despre-alegeri-si-schimbare\/","og_site_name":"BasTV","article_published_time":"2025-09-17T17:23:18+00:00","article_modified_time":"2025-09-17T18:14:51+00:00","og_image":[{"width":1640,"height":924,"url":"https:\/\/bas-tv.md\/wp-content\/uploads\/2025\/09\/korporativnye-sajty.png","type":"image\/png"}],"author":"Redactor","twitter_card":"summary_large_image","twitter_misc":{"Scris de":"Redactor","Timp estimat pentru citire":"5 minute"},"schema":{"@context":"https:\/\/schema.org","@graph":[{"@type":"Article","@id":"https:\/\/bas-tv.md\/ro\/harta-interactiva-intre-implicare-si-reticenta-ce-spune-diaspora-din-basarabeasca-despre-alegeri-si-schimbare\/#article","isPartOf":{"@id":"https:\/\/bas-tv.md\/ro\/harta-interactiva-intre-implicare-si-reticenta-ce-spune-diaspora-din-basarabeasca-despre-alegeri-si-schimbare\/"},"author":{"name":"Redactor","@id":"https:\/\/bas-tv.md\/ro\/#\/schema\/person\/8740f45ea2eca1f1695284fc03529af0"},"headline":"(HART\u0102 INTERACTIV\u0102) \u00centre implicare \u0219i reticen\u021b\u0103: ce spune diaspora din Basarabeasca despre alegeri \u0219i schimbare","datePublished":"2025-09-17T17:23:18+00:00","dateModified":"2025-09-17T18:14:51+00:00","mainEntityOfPage":{"@id":"https:\/\/bas-tv.md\/ro\/harta-interactiva-intre-implicare-si-reticenta-ce-spune-diaspora-din-basarabeasca-despre-alegeri-si-schimbare\/"},"wordCount":2340,"publisher":{"@id":"https:\/\/bas-tv.md\/ro\/#organization"},"image":{"@id":"https:\/\/bas-tv.md\/ro\/harta-interactiva-intre-implicare-si-reticenta-ce-spune-diaspora-din-basarabeasca-despre-alegeri-si-schimbare\/#primaryimage"},"thumbnailUrl":"https:\/\/bas-tv.md\/wp-content\/uploads\/2025\/09\/korporativnye-sajty.png","keywords":["alegeri","alegeri 2025","alegeri 28 septembrie 2025","alegeri parlamentare","Basarabeasca"],"articleSection":["Actualitate","Electorala 2025","Sondaje"],"inLanguage":"ro-RO"},{"@type":"WebPage","@id":"https:\/\/bas-tv.md\/ro\/harta-interactiva-intre-implicare-si-reticenta-ce-spune-diaspora-din-basarabeasca-despre-alegeri-si-schimbare\/","url":"https:\/\/bas-tv.md\/ro\/harta-interactiva-intre-implicare-si-reticenta-ce-spune-diaspora-din-basarabeasca-despre-alegeri-si-schimbare\/","name":"(HART\u0102 INTERACTIV\u0102) \u00centre implicare \u0219i reticen\u021b\u0103: ce spune diaspora din Basarabeasca despre alegeri \u0219i schimbare - BasTV","isPartOf":{"@id":"https:\/\/bas-tv.md\/ro\/#website"},"primaryImageOfPage":{"@id":"https:\/\/bas-tv.md\/ro\/harta-interactiva-intre-implicare-si-reticenta-ce-spune-diaspora-din-basarabeasca-despre-alegeri-si-schimbare\/#primaryimage"},"image":{"@id":"https:\/\/bas-tv.md\/ro\/harta-interactiva-intre-implicare-si-reticenta-ce-spune-diaspora-din-basarabeasca-despre-alegeri-si-schimbare\/#primaryimage"},"thumbnailUrl":"https:\/\/bas-tv.md\/wp-content\/uploads\/2025\/09\/korporativnye-sajty.png","datePublished":"2025-09-17T17:23:18+00:00","dateModified":"2025-09-17T18:14:51+00:00","description":"Num\u0103rul moldovenilor stabili\u021bi temporar sau definitiv \u00een str\u0103in\u0103tate a crescut semnificativ \u00een ultimul deceniu, mul\u021bi cet\u0103\u021beni aleg\u00e2nd s\u0103 caute oportunit\u0103\u021bi mai bune de studiu, carier\u0103 \u0219i afirmare personal\u0103 peste hotarele \u021b\u0103rii. \u00cen ajunul alegerilor parlamentare, redac\u021bia BAStv a adunat opiniile diasporei din Basarabeasca pentru a afla dac\u0103 inten\u021bioneaz\u0103 s\u0103 voteze, c\u00e2t de important\u0103 este vocea celor pleca\u021bi din \u021bar\u0103 \u0219i ce schimb\u0103ri a\u0219teapt\u0103 dup\u0103 scrutin.","inLanguage":"ro-RO","potentialAction":[{"@type":"ReadAction","target":["https:\/\/bas-tv.md\/ro\/harta-interactiva-intre-implicare-si-reticenta-ce-spune-diaspora-din-basarabeasca-despre-alegeri-si-schimbare\/"]}]},{"@type":"ImageObject","inLanguage":"ro-RO","@id":"https:\/\/bas-tv.md\/ro\/harta-interactiva-intre-implicare-si-reticenta-ce-spune-diaspora-din-basarabeasca-despre-alegeri-si-schimbare\/#primaryimage","url":"https:\/\/bas-tv.md\/wp-content\/uploads\/2025\/09\/korporativnye-sajty.png","contentUrl":"https:\/\/bas-tv.md\/wp-content\/uploads\/2025\/09\/korporativnye-sajty.png","width":1640,"height":924,"caption":"Foto: BAStv"},{"@type":"WebSite","@id":"https:\/\/bas-tv.md\/ro\/#website","url":"https:\/\/bas-tv.md\/ro\/","name":"BasTV","description":"Moldova","publisher":{"@id":"https:\/\/bas-tv.md\/ro\/#organization"},"potentialAction":[{"@type":"SearchAction","target":{"@type":"EntryPoint","urlTemplate":"https:\/\/bas-tv.md\/ro\/?s={search_term_string}"},"query-input":{"@type":"PropertyValueSpecification","valueRequired":true,"valueName":"search_term_string"}}],"inLanguage":"ro-RO"},{"@type":"Organization","@id":"https:\/\/bas-tv.md\/ro\/#organization","name":"BasTV","url":"https:\/\/bas-tv.md\/ro\/","logo":{"@type":"ImageObject","inLanguage":"ro-RO","@id":"https:\/\/bas-tv.md\/ro\/#\/schema\/logo\/image\/","url":"https:\/\/bas-tv.md\/wp-content\/uploads\/2023\/05\/bas-tv-culoarea-rosie.png","contentUrl":"https:\/\/bas-tv.md\/wp-content\/uploads\/2023\/05\/bas-tv-culoarea-rosie.png","width":202,"height":50,"caption":"BasTV"},"image":{"@id":"https:\/\/bas-tv.md\/ro\/#\/schema\/logo\/image\/"}},{"@type":"Person","@id":"https:\/\/bas-tv.md\/ro\/#\/schema\/person\/8740f45ea2eca1f1695284fc03529af0","name":"Redactor","image":{"@type":"ImageObject","inLanguage":"ro-RO","@id":"https:\/\/secure.gravatar.com\/avatar\/45b6af9fc91c10b15a8b40e67c1f57bab2e9614fc9f0af95cf453d61934e9aad?s=96&d=mm&r=g","url":"https:\/\/secure.gravatar.com\/avatar\/45b6af9fc91c10b15a8b40e67c1f57bab2e9614fc9f0af95cf453d61934e9aad?s=96&d=mm&r=g","contentUrl":"https:\/\/secure.gravatar.com\/avatar\/45b6af9fc91c10b15a8b40e67c1f57bab2e9614fc9f0af95cf453d61934e9aad?s=96&d=mm&r=g","caption":"Redactor"},"url":"https:\/\/bas-tv.md\/ro\/author\/redactor\/"}]}},"views":334,"_links":{"self":[{"href":"https:\/\/bas-tv.md\/ro\/wp-json\/wp\/v2\/posts\/160483","targetHints":{"allow":["GET"]}}],"collection":[{"href":"https:\/\/bas-tv.md\/ro\/wp-json\/wp\/v2\/posts"}],"about":[{"href":"https:\/\/bas-tv.md\/ro\/wp-json\/wp\/v2\/types\/post"}],"author":[{"embeddable":true,"href":"https:\/\/bas-tv.md\/ro\/wp-json\/wp\/v2\/users\/3"}],"replies":[{"embeddable":true,"href":"https:\/\/bas-tv.md\/ro\/wp-json\/wp\/v2\/comments?post=160483"}],"version-history":[{"count":5,"href":"https:\/\/bas-tv.md\/ro\/wp-json\/wp\/v2\/posts\/160483\/revisions"}],"predecessor-version":[{"id":160630,"href":"https:\/\/bas-tv.md\/ro\/wp-json\/wp\/v2\/posts\/160483\/revisions\/160630"}],"wp:featuredmedia":[{"embeddable":true,"href":"https:\/\/bas-tv.md\/ro\/wp-json\/wp\/v2\/media\/160497"}],"wp:attachment":[{"href":"https:\/\/bas-tv.md\/ro\/wp-json\/wp\/v2\/media?parent=160483"}],"wp:term":[{"taxonomy":"category","embeddable":true,"href":"https:\/\/bas-tv.md\/ro\/wp-json\/wp\/v2\/categories?post=160483"},{"taxonomy":"post_tag","embeddable":true,"href":"https:\/\/bas-tv.md\/ro\/wp-json\/wp\/v2\/tags?post=160483"}],"curies":[{"name":"wp","href":"https:\/\/api.w.org\/{rel}","templated":true}]}}