{"id":161006,"date":"2025-09-22T17:30:22","date_gmt":"2025-09-22T14:30:22","guid":{"rendered":"https:\/\/bas-tv.md\/?p=161006"},"modified":"2025-09-22T16:13:46","modified_gmt":"2025-09-22T13:13:46","slug":"primele-doua-saptamani-de-campanie-electorala-pe-facebook-naratiuni-identitare-strategii-de-polarizare-conspiratii-si-victimizare-colectiva","status":"publish","type":"post","link":"https:\/\/bas-tv.md\/ro\/primele-doua-saptamani-de-campanie-electorala-pe-facebook-naratiuni-identitare-strategii-de-polarizare-conspiratii-si-victimizare-colectiva\/","title":{"rendered":"Primele dou\u0103 s\u0103pt\u0103m\u00e2ni de campanie electoral\u0103 pe Facebook: nara\u021biuni identitare, strategii de polarizare, conspira\u021bii \u0219i victimizare colectiv\u0103"},"content":{"rendered":"<p><strong>\u00cen primele dou\u0103 s\u0103pt\u0103m\u00e2ni de campanie electoral\u0103 pentru parlamentarele din Republica Moldova, am identificat \u00een spa\u021biul informa\u021bional de pe Facebook at\u00e2t nara\u021biuni identitare \u0219i conspira\u021bioniste, c\u00e2t \u0219i exploatarea unor episoade punctuale, pentru a proiecta imaginea unei guvern\u0103ri arogante \u0219i abuzive. Totodat\u0103, figuri externe precum George Soros au fost utilizate \u00een discursul politic \u0219i mediatic, consolid\u00e2nd mesaje vechi bazate pe fric\u0103 \u0219i polarizare.<\/strong><\/p>\n<ul class=\"wp-block-list\">\n<li>Nara\u021biunile identificate pe 117\u00a0de pagini \u0219i grupuri publice de Facebook\u00a0\u00een perioada 29 august \u2013 14 septembrie arat\u0103 c\u0103 nu exist\u0103 o preferin\u021b\u0103 pentru anumite tematici: orice subiect cu poten\u021bial de polarizare este exploatat la maximum, indiferent de natura sa.<\/li>\n<li>\u00cen toate cazurile se observ\u0103 tehnici similare \u2013 victimizare colectiv\u0103, apel la fric\u0103, conspira\u021bii, falsuri documentare sau audio, ridiculizare \u0219i manipulare identitar\u0103.<\/li>\n<li>\u00cen perioada analizat\u0103 au fost identificate 1.783 de post\u0103ri problematice, care au generat un impact considerabil \u00een online: peste 388.000 de vizualiz\u0103ri, 47.000 de comentarii \u0219i peste 200.000 de aprecieri \u0219i redistribuiri.<\/li>\n<\/ul>\n<figure class=\"wp-block-table\">\n<table class=\"has-fixed-layout\">\n<tbody>\n<tr>\n<td class=\"has-text-align-left\" data-align=\"left\"><strong>CE AM MONITORIZAT<\/strong><\/p>\n<p>Am avut \u00een vizor con\u021binutul distribuit pe\u00a0<strong>117 pagini publice de Facebook<\/strong>, care apar\u021bin mai multor partide \u0219i lideri de partide, surse media \u0219i influenceri, precum \u0219i\u00a0<strong>grupuri publice tematice<\/strong>\u00a0cu audien\u021be de la 1.000 la peste 88.000 de membri.<\/p>\n<p>Cele mai populare\u00a0<strong>pagini publice<\/strong>: Democra\u021bia Acas\u0103 (peste 529.000 de urm\u0103ritori) Renato Usat\u00eei (peste 338.000 de urm\u0103ritori), Point.md (219.000 de urm\u0103ritori), Igor Dodon (cu peste 192.000 de urm\u0103ritori), \u0422\u0438\u043f\u0438\u0447\u043d\u0430\u044f \u041c\u043e\u043b\u0434\u043e\u0432\u0430 (190.000 de urm\u0103ritori), TV6 (174.000 de urm\u0103ritori), Unimedia (137.000 de urm\u0103ritori), Morari.live (130.000 de urm\u0103ritori), Primul \u00een Moldova (125.000 de urm\u0103ritori).<\/p>\n<p>Cele mai populare\u00a0<strong>grupuri publice<\/strong>:\u00a0<em>Moldova, treze\u015fte-te!<\/em>\u00a0(circa 89.800 de membri),\u00a0<em>\u0421\u0432\u0435\u0436\u0438\u0435 \u043d\u043e\u0432\u043e\u0441\u0442\u0438 \u0438\u0437 \u0420\u0435\u0441\u043f\u0443\u0431\u043b\u0438\u043a\u0438 \u041c\u043e\u043b\u0434\u043e\u0432\u0430 \/ Stiri din Republica Moldova<\/em>\u00a0(88.500 de membri),\u00a0<em>ADOPT\u0102 UN VOT!<\/em>\u00a0(aproape 80.000 de membri),\u00a0<em>\u0218tiri din Moldova\u00a0<\/em>(37.000 de membri).<\/td>\n<\/tr>\n<\/tbody>\n<\/table>\n<\/figure>\n<p><strong>PRINCIPALELE NARA\u021aIUNI IDENTIFICATE<\/strong><\/p>\n<p><strong>1. O dezbatere f\u0103r\u0103 sf\u00e2r\u0219it: limba rom\u00e2n\u0103 vs cea\u00a0<\/strong>\u201e<strong>moldoveneasc\u0103<\/strong>\u201d<strong>\u00a0<\/strong><\/p>\n<p>Perioada de debut a campaniei electorale a coincis \u00een acest an cu weekendul \u00een care s-a marcat Ziua Limbii Rom\u00e2ne. A fost un prilej c\u00e2t se poate de \u201epotrivit\u201d pe o \u201e\u00eentrecere\u201d \u00een nara\u021biuni la tema \u201elimbii moldovene\u0219ti\u201d, tez\u0103 pe care se tot insist\u0103 \u00eentr-o form\u0103 sau alta \u00eenc\u0103 de la \u00eenceputurile secolului trecut. Pe paginile \u0219i grupurile monitorizate am identificat cel pu\u021bin 75 de post\u0103ri \u0219i 44 de redistribuiri la acest subiect, care au acumulat peste 40.000 de vizualiz\u0103ri, 3.500 de comentarii \u0219i peste 18.000 de aprecieri.<\/p>\n<p>Chiar pe 31 august, pagina Moldova 1359, afiliat\u0103 organiza\u021biei conduse de Nicolae Pascaru,\u00a0<a href=\"https:\/\/www.facebook.com\/Moldova1359\/posts\/pfbid0YYnPyQdgCwWytuLF6TH7kEgd82Qs6oKYtuVFpALNNfaxm44Fbe1jfihK56PecUBZl\">men\u021biona c\u0103<\/a>\u00a0\u201e31 AUGUST 1989 este ZIUA LIMBII MOLDOVENE\u0218TI! Nu abera\u021bia a\u0219a-zis\u0103 rom\u00een\u0103. Pe 31 august 1989 a fost votat\u0103 Limba moldoveneasc\u0103! Limba moldoveneasc\u0103 nu este limb\u0103 \u0219erbeasc\u0103! Moldovenii nu s\u00eent \u0219erbii iobagii nim\u0103nui! Unde rom\u00een, conform DEX, \u00eenseamn\u0103 \u0219erb, iobag, sclav\u201d. Prilejul acestei zile a fost folosit \u0219i de activistul Blocului Electoral Patriotic (BEP) Maxim Iordan ca s\u0103 atace partidul de guvernare. \u00centr-o postare pe grupul\u00a0<em>Moldova News<\/em>, el face referiri la s\u0103rb\u0103toarea Limba Noastr\u0103 \u0219i\u00a0<a href=\"https:\/\/www.facebook.com\/groups\/1484633695177206\/permalink\/3593967297577158\/\">precizeaz\u0103 c\u0103<\/a>\u00a0\u201etotu\u0219i, mai exist\u0103 un alt \u00ablimbaj\u00bb care prea des se \u00eencearc\u0103 a fi impus societ\u0103\u021bii \u2014 limbajul for\u021bei. El este folosit de guvernarea PAS atunci c\u00e2nd, \u00een locul dialogului, alege presiunea. Acest limbaj \u00eei sperie pe oameni. Este important s\u0103 ne amintim: limbajul for\u021bei al PAS trebuie uitat, iar limba moldoveneasc\u0103 a culturii, memoriei \u0219i demnit\u0103\u021bii umane trebuie p\u0103strat\u0103 \u0219i transmis\u0103 urma\u0219ilor no\u0219tri\u201d.<\/p>\n<p>Al\u021bi politicieni au amplificat mesajul moldovenist prin asocieri cu teme geopolitice \u0219i anti-rom\u00e2ne\u0219ti. Fostul candidat la func\u021bia de primar de B\u0103l\u021bi din partea Partidului Sociali\u0219tilor, Maxim Moro\u0219an, se exprima \u00eentr-un\u00a0<a href=\"https:\/\/www.facebook.com\/groups\/CHISINAU.KISHINEV\/permalink\/3371600046312025\/\">mesaj\u00a0<\/a>exclusiv \u00een rus\u0103 c\u0103 \u201eprecum majoritatea cet\u0103\u021benilor \u021b\u0103rii, sunt convins c\u0103 limba de stat este limba moldoveneasc\u0103. To\u021bi str\u0103mo\u0219ii mei au vorbit despre asta, iar despre asta vorbesc \u0219i voi vorbi mereu. Din p\u0103cate, vedem \u00eencerc\u0103ri ale unor tr\u0103d\u0103tori \u0219i propagandi\u0219ti de a impune o identitate str\u0103in\u0103 copiilor no\u0219tri, \u00eenlocuind limba moldoveneasc\u0103 cu limba rom\u00e2n\u0103. Scopul lor este evident \u2013 s\u0103 ne \u0219tearg\u0103 memoria \u0219i s\u0103 apropie scenariul unific\u0103rii cu Rom\u00e2nia. Este semnificativ faptul c\u0103, a\u0219a cum noteaz\u0103 mass-media, pre\u0219edintele Rom\u00e2niei nici m\u0103car nu a felicitat Moldova de Ziua Independen\u021bei. Nu este acesta un semnal al unor inten\u021bii reale?\u201d. Iar primarul de la Orhei din partea grupului \u0218or\u00a0<a href=\"https:\/\/www.facebook.com\/watch\/?v=3133261763516365\">men\u021biona \u00eentr-o \u00eenregistrare video<\/a>\u00a0de la festivit\u0103\u021bile din ora\u0219, difuzat\u0103 de TV6, c\u0103 \u201edin p\u0103cate, actualul guvern a \u00eencercat s\u0103 elimine limba moldoveneasc\u0103 prin modificarea Constitu\u021biei \u0219i specificarea termenului \u00ablimba rom\u00e2n\u0103\u00bb. Suntem moldoveni \u0219i vrem s\u0103 educ\u0103m t\u00e2n\u0103ra genera\u021bie \u00een limba noastr\u0103 matern\u0103, a\u0219a cum am primit-o de la str\u0103mo\u0219ii no\u0219tri. Moldova a existat \u00eenaintea Rom\u00e2niei, iar primul dic\u021bionar a fost cel moldovenesc, a\u0219a c\u0103 nu putem accepta impunerea rom\u00e2nismului\u201d.<\/p>\n<p>\u00cen acela\u0219i registru, Victoria Furtun\u0103 (Partidul Moldova Mare)\u00a0<a href=\"https:\/\/www.facebook.com\/watch\/?v=1195130935976256\">a exploatat\u00a0<\/a>s\u0103rb\u0103toarea pentru a ataca guvernarea \u0219i pentru a introduce nara\u021biuni conspira\u021bioniste despre \u201eglobali\u0219ti\u201d:<\/p>\n<blockquote><p>\u201ePrin m\u00e2na deputa\u021bilor PAS \u0219i a Maiei Sandu, \u00een 2023, limba rom\u00e2n\u0103 a fost fixat\u0103 \u00een locul limbii moldovene\u0219ti. \u0218i acesta este tot un act de tr\u0103dare. Globali\u0219tii \u0219i unioni\u0219tii de la putere ne spun: \u00abLimba moldoveneasc\u0103 nu exist\u0103\u00bb. Dar 56% dintre cet\u0103\u021beni, la recens\u0103m\u00e2nt, \u0219i-au declarat drept limb\u0103 matern\u0103 anume limba moldoveneasc\u0103. \u0218i acesta este adev\u0103rul poporului, care nu poate fi redus la t\u0103cere\u201d.<\/p><\/blockquote>\n<figure class=\"wp-block-image size-large\"><img fetchpriority=\"high\" decoding=\"async\" class=\"wp-image-20426 lazyloaded\" src=\"https:\/\/mediacritica.md\/wp-content\/uploads\/2025\/09\/1-1024x346.png\" sizes=\"(max-width: 1024px) 100vw, 1024px\" srcset=\"https:\/\/mediacritica.md\/wp-content\/uploads\/2025\/09\/1-1024x346.png 1024w, https:\/\/mediacritica.md\/wp-content\/uploads\/2025\/09\/1-300x101.png 300w, https:\/\/mediacritica.md\/wp-content\/uploads\/2025\/09\/1-150x51.png 150w, https:\/\/mediacritica.md\/wp-content\/uploads\/2025\/09\/1-768x259.png 768w, https:\/\/mediacritica.md\/wp-content\/uploads\/2025\/09\/1-1536x518.png 1536w, https:\/\/mediacritica.md\/wp-content\/uploads\/2025\/09\/1.png 1920w\" alt=\"\" width=\"1024\" height=\"346\" data-src=\"https:\/\/mediacritica.md\/wp-content\/uploads\/2025\/09\/1-1024x346.png\" data-srcset=\"https:\/\/mediacritica.md\/wp-content\/uploads\/2025\/09\/1-1024x346.png 1024w, https:\/\/mediacritica.md\/wp-content\/uploads\/2025\/09\/1-300x101.png 300w, https:\/\/mediacritica.md\/wp-content\/uploads\/2025\/09\/1-150x51.png 150w, https:\/\/mediacritica.md\/wp-content\/uploads\/2025\/09\/1-768x259.png 768w, https:\/\/mediacritica.md\/wp-content\/uploads\/2025\/09\/1-1536x518.png 1536w, https:\/\/mediacritica.md\/wp-content\/uploads\/2025\/09\/1.png 1920w\" data-sizes=\"(max-width: 1024px) 100vw, 1024px\" \/><\/figure>\n<p><strong>2. Nara\u021biunea despre votul diasporei \u0219i \u201efrauda electoral\u0103\u201d<\/strong><\/p>\n<p>Un alt filon de dezinformare, recurent \u00een campaniile electorale, a vizat votul \u00een diaspora, \u00een special situa\u021bia moldovenilor din Rusia. Nara\u021biunea central\u0103: guvernarea PAS discrimineaz\u0103 diaspora din Federa\u021bia Rus\u0103, subreprezentat\u0103 la urne, \u0219i preg\u0103te\u0219te falsificarea alegerilor sau, de\u0219i este cea mai \u00eentins\u0103 ca suprafa\u021b\u0103 din lume, nu este inclus\u0103 \u00een votul prin coresponden\u021b\u0103. Am identificat 52 de post\u0103ri la subiect, care au fost redistribuite de cel pu\u021bin 969 de ori.<\/p>\n<p>TV6\u00a0<a href=\"https:\/\/www.facebook.com\/watch\/?v=770766295804666\">a relatat<\/a>\u00a0despre tip\u0103rirea buletinelor de vot pentru sec\u021biile din diaspora c\u0103 \u201eacest mecanism nu este utilizat \u00een Federa\u021bia Rus\u0103, unde tr\u0103iesc cel mai mare num\u0103r de compatrio\u021bi de-ai no\u0219tri. Diaspora moldoveneasc\u0103 din aceast\u0103 \u021bar\u0103 a str\u00e2ns aproximativ 100.000 de semn\u0103turi la o peti\u021bie adresat\u0103 autorit\u0103\u021bilor pentru cre\u0219terea num\u0103rului de sec\u021bii de votare \u0219i introducerea votului prin coresponden\u021b\u0103, dar conducerea moldoveneasc\u0103 a ignorat acest apel. \u00cen Rusia vor fi deschise doar dou\u0103 sec\u021bii de votare \u2013 ambele la Moscova, \u00een ciuda faptului c\u0103 sute de mii de compatrio\u021bi ai no\u0219tri locuiesc la mare distan\u021b\u0103 de capitala rus\u0103. Ministerul Afacerilor Externe al Republicii Moldova explic\u0103 acest lucru prin \u00abconsidera\u021bii de securitate\u00bb, de\u0219i Moscova nu a emis niciun avertisment oficial\u201d.<\/p>\n<p>Problema num\u0103rului sec\u021biilor de vot din Rusia\u00a0<a href=\"https:\/\/www.facebook.com\/AiFMoldova\/posts\/pfbid0LMsLFiS24vfx9xzXgyyDXFjR6shJ6gTvBwFoqNqDbBPpvevRUC1PxxnfhtE2aVDHl\">a fost reflectat\u0103<\/a>\u00a0\u0219i de Argument\u00ee i Fakt\u00ee v Moldove. Autorii nu au inclus explica\u021biile CEC legate de securitate \u00een acest caz, men\u021bion\u00e2nd doar faptul c\u0103 \u201e75 de sec\u021bii de votare vor fi deschise pentru cet\u0103\u021benii moldoveni \u00een Italia pentru alegerile parlamentare. Acesta este cel mai mare num\u0103r de sec\u021bii pentru diaspora \u0219i este de 37,5 ori mai mult dec\u00e2t num\u0103rul de sec\u021bii din Rusia (doar 2)\u201d.<\/p>\n<p><a href=\"https:\/\/www.facebook.com\/socialistii.moldova\/posts\/pfbid02CW8guXPEiBrMBQwv4hkJJWQAxrD5j8JCocD3izwJR68zY9gD3UZB1DwyDp78RMPdl\">\u00centr-o postare<\/a>\u00a0despre \u00eent\u00e2lnirea frunta\u0219ilor PSRM, Vlad Batr\u00eencea \u0219i Olga Cebotari, dar \u0219i comunistul Nicolae Fomov cu reprezentan\u021bii misiunii interna\u021bionale de observare a alegerilor ENEMO, sociali\u0219tii punctau c\u0103 \u201e\u00een cadrul discu\u021biilor, au fost eviden\u021biate mai multe derapaje grave, printre care: reducerea drastic\u0103 a sec\u021biilor de votare pentru cet\u0103\u021benii din st\u00e2nga Nistrului; distribu\u021bia dezechilibrat\u0103 a sec\u021biilor de vot \u00een diaspora; obstruc\u021bionarea opozi\u021biei \u00een desemnarea membrilor birourilor electorale din str\u0103in\u0103tate; precum \u0219i utilizarea resurselor administrative \u00een favoarea partidului de la guvernare\u201d, cer\u00e2nd, totodat\u0103, observatorilor s\u0103 \u201eprevin\u0103 abuzurile\u201d.<\/p>\n<p>Iar \u00een cadrul unui miting \u00een sprijinul ba\u0219canei G\u0103g\u0103uziei, la Penitenciarul nr. 13, deputatul neafiliat Vadim Fotescu, parte a grupului \u0218or, Vadim Fotescu\u00a0<a href=\"https:\/\/www.facebook.com\/tv6live\/posts\/pfbid0haLQqHuwHykcVmSufVqY3KMcFoTeDNzxr4Rw9S2S5JqRnAq9sWitYQaPRmdRykRtl\">men\u021biona<\/a>, citat tot de acela\u0219i post de televiziune c\u0103 \u201eVedem preg\u0103tiri pentru frauda electoral\u0103: deschiderea unui num\u0103r prea mic de sec\u021bii de votare pentru diaspora \u0219i Transnistria, excluz\u00e2ndu-i pe principalii concuren\u021bi, inclusiv Blocul Victorie. Sanc\u021biunile canadiene despre care a vorbit Iuri confirm\u0103 interferen\u021ba \u0219i orientarea politic\u0103: nu sunt incluse doar persoane fizice, ci \u0219i Blocul Viuctorie, care nu este o entitate juridic\u0103\u201d.<\/p>\n<p>Pe grupurile afiliate opozi\u021biei, activi\u0219ti precum\u00a0<strong>Serghei Tcaci<\/strong>\u00a0<a href=\"https:\/\/www.facebook.com\/groups\/moldovamaremd\/permalink\/1456071348875617\/\">au recurs la calcule conspira\u021bioniste<\/a>: PAS ar urm\u0103ri ob\u021binerea a 750.000 de voturi, dintre care 250.000\u2013280.000 ar fi falsificate \u00een diaspora cu ajutorul \u201eserviciilor speciale ale \u021b\u0103rilor UE\u201d.<\/p>\n<blockquote><p>\u201eA\u0219adar, va putea partidul de guvern\u0103m\u00e2nt s\u0103 acumuleze din nou 250.000 de voturi \u00een str\u0103in\u0103tate? \u021ain\u00e2nd cont de deschiderea de noi sec\u021bii de votare \u0219i de \u00absprijinul\u00bb total al serviciilor speciale ale \u021b\u0103rilor UE, 280.000 sunt posibile. Nu degeaba Macron, Merz \u0219i Tusk au zburat de Ziua Independen\u021bei, iar pre\u0219edintele Rom\u00e2niei va sosi pe 31 august de Ziua Limbii Rom\u00e2ne! Nu este u\u0219or s\u0103 faci campanie pentru Sandu \u0219i PAS. Este mult mai important s\u0103 discut\u0103m despre cum s\u0103 asigur\u0103m o victorie electoral\u0103 pentru regimul unei \u021b\u0103ri care a devenit o parte important\u0103 a conflictului ruso-ucrainean \u0219i care planific\u0103 continuarea acestuia\u201d. Men\u021bion\u00e2nd \u00een acest context \u0219i num\u0103rul mic de sec\u021bii \u00een Rusia, el puncteaz\u0103 c\u0103 \u201eacestea sunt cele mai fraudate alegeri din istorie\u201d.<\/p><\/blockquote>\n<p>\u00cen acela\u0219i spa\u021biu online au circulat \u0219i\u00a0<a href=\"https:\/\/www.facebook.com\/groups\/moldovamaremd\/permalink\/1456467082169377\/\">mesaje ostile<\/a>\u00a0diasporei occidentale, prezentat\u0103 ca \u201erupt\u0103 de realitatea Moldovei\u201d \u0219i vinovat\u0103 pentru deciziile \u201enedrepte\u201d impuse celor r\u0103ma\u0219i acas\u0103:<\/p>\n<blockquote><p>\u201eDiaspora este din nou dornic\u0103 s\u0103 influen\u021beze viitorul Moldovei. Dar s\u0103 fim sinceri: cum pute\u021bi \u00een\u021belege via\u021ba real\u0103 de aici dac\u0103 v-a\u021bi stabilit demult \u00een str\u0103in\u0103tate \u0219i vede\u021bi Moldova doar la \u0219tiri \u0219i din vacan\u021be? Vota\u021bi \u0219i a doua zi v\u0103 \u00eentoarce\u021bi \u00een apartamentele voastre confortabile din Italia, Fran\u021ba sau Germania. \u0218i apoi va trebui s\u0103 cur\u0103\u021b\u0103m consecin\u021bele deciziilor voastre \u00abcorecte\u00bb timp de decenii\u201d.<\/p><\/blockquote>\n<p>Nara\u021biunea a fost sus\u021binut\u0103 \u0219i de figuri cu vizibilitate mediatic\u0103. Analistul Corneliu Ciurea,\u00a0<a href=\"https:\/\/www.facebook.com\/watch\/?v=774969732147391\">citat<\/a>\u00a0de proiectul Nataliei Morari, a acuzat PAS c\u0103 preg\u0103te\u0219te \u201eumplerea buletinelor de vot la sec\u021biile de votare din str\u0103in\u0103tate. Tip\u0103rirea num\u0103rului necesar [adic\u0103 prea mare, n.a.] de buletine de vot pentru diaspora va oferi autorit\u0103\u021bilor suficient spa\u021biu de manevr\u0103\u201d. La r\u00e2ndul s\u0103u, Dumitru Ciuba\u0219enco, prezentat ca analist politic la TV6 \u0219i Canal5, a sus\u021binut c\u0103 guvernarea ignor\u0103 \u201ediaspora real\u0103\u201d din Rusia, unde locuiesc peste 400.000 de moldoveni, oferindu-le doar \u201eo sec\u021bie de vot de facto\u201d, deoarece cele dou\u0103 sec\u021bii de la Moscova \u201esunt amplasate \u00een aceea\u0219i cl\u0103dire\u201d.<\/p>\n<p>Retorica a fost consolidat\u0103 \u0219i de actori externi. O declara\u021bie din 10 septembrie a europarlamentarului Thierry Mariani, parte a forma\u021biunii Frontul Na\u021bional, a fost preluat\u0103 de mai multe publica\u021bii din Republica Moldova.<\/p>\n<blockquote><p>\u201eO jum\u0103tate de milion de moldoveni din Rusia au fost pur \u0219i simplu priva\u021bi de posibilitatea de a vota, \u00een ciuda faptului c\u0103 manipul\u0103rile \u00een timpul vot\u0103rii sunt inacceptabile, iar sistemul trebuie s\u0103 fie echitabil. Ce po\u021bi spune c\u00e2nd un referendum este c\u00e2\u0219tigat cu o marj\u0103 foarte mic\u0103 datorit\u0103 voturilor diasporei moldovene\u0219ti din str\u0103in\u0103tate, \u00een timp ce diaspora moldoveneasc\u0103 din Rusia, unde locuiesc aproximativ 500.000 de moldoveni, nu a putut vota\u201d, este citat europarlamentarul, inclusiv pe numeroase grupuri de Facebook.<\/p><\/blockquote>\n<figure class=\"wp-block-image size-large\"><img decoding=\"async\" class=\"wp-image-20424 lazyloaded\" src=\"https:\/\/mediacritica.md\/wp-content\/uploads\/2025\/09\/2-1024x377.png\" sizes=\"(max-width: 1024px) 100vw, 1024px\" srcset=\"https:\/\/mediacritica.md\/wp-content\/uploads\/2025\/09\/2-1024x377.png 1024w, https:\/\/mediacritica.md\/wp-content\/uploads\/2025\/09\/2-300x110.png 300w, https:\/\/mediacritica.md\/wp-content\/uploads\/2025\/09\/2-150x55.png 150w, https:\/\/mediacritica.md\/wp-content\/uploads\/2025\/09\/2-768x283.png 768w, https:\/\/mediacritica.md\/wp-content\/uploads\/2025\/09\/2-1536x566.png 1536w, https:\/\/mediacritica.md\/wp-content\/uploads\/2025\/09\/2.png 1920w\" alt=\"\" width=\"1024\" height=\"377\" data-src=\"https:\/\/mediacritica.md\/wp-content\/uploads\/2025\/09\/2-1024x377.png\" data-srcset=\"https:\/\/mediacritica.md\/wp-content\/uploads\/2025\/09\/2-1024x377.png 1024w, https:\/\/mediacritica.md\/wp-content\/uploads\/2025\/09\/2-300x110.png 300w, https:\/\/mediacritica.md\/wp-content\/uploads\/2025\/09\/2-150x55.png 150w, https:\/\/mediacritica.md\/wp-content\/uploads\/2025\/09\/2-768x283.png 768w, https:\/\/mediacritica.md\/wp-content\/uploads\/2025\/09\/2-1536x566.png 1536w, https:\/\/mediacritica.md\/wp-content\/uploads\/2025\/09\/2.png 1920w\" data-sizes=\"(max-width: 1024px) 100vw, 1024px\" \/><\/figure>\n<p><strong>3. Gafa electoral\u0103 a a ministrului Alexei Buzu<\/strong><\/p>\n<p>\u00cen prima s\u0103pt\u0103m\u00e2n\u0103 din septembrie, ministrul Muncii \u0219i Protec\u021biei Sociale, Alexei Buzu, a declarat la o \u00eent\u00e2lnire electoral\u0103 din satul Pelinia, raionul Drochia, c\u0103 alegerile parlamentare din septembrie vor ar\u0103ta dac\u0103 \u201esuntem popor sau suntem\u00a0<em>b\u00eedle<\/em>\u00a0[provenit din rusescul\u00a0<em>\u0431\u044b\u0434\u043b\u043e<\/em>\u00a0\u2013 vit\u0103, n. a.]\u201d. De\u0219i ulterior ministrul \u0219i-a cerut scuze public pentru exprimarea nefericit\u0103, episodul a fost rapid exploatat de contracandida\u021bi \u0219i de surse mediatice afiliate opozi\u021biei, ca o dovad\u0103 a dispre\u021bului guvern\u0103rii fa\u021b\u0103 de cet\u0103\u021beni. \u00cen total, post\u0103rile identificate la acest subiect au acumulat aproape 30.000 de vizualiz\u0103ri \u0219i peste 10.000 de reac\u021bii.<\/p>\n<p>\u00cenregistarea video a<a href=\"https:\/\/www.facebook.com\/watch\/?v=766535222751378\">\u00a0fost difuzat\u0103<\/a>\u00a0integral de c\u0103tre Telegraph Moldova, cu men\u021biunea c\u0103 \u201ecei care nu voteaz\u0103 cu PAS sunt\u00a0<em>b\u00eedle<\/em>, explic\u0103 Alexei Buzu, ministru \u00een Guvernul criminalilor \u0219i narcomanilor\u201d.<\/p>\n<p>Nara\u021biunea a fost amplificat\u0103 prin comentarii virale pe grupurile de Facebook, unde indignarea a fost dublat\u0103 de apeluri la sanc\u021bionarea electoral\u0103 a PAS.\u00a0<a href=\"https:\/\/www.facebook.com\/groups\/441788529600873\/permalink\/2263486217431086\/\">Un exemplu<\/a>\u00a0de retoric\u0103 circulat\u0103:<\/p>\n<blockquote><p>\u201eA\u0219a are grij\u0103 guvernul de cet\u0103\u021benii s\u0103i: de la \u00een\u0103l\u021bimea scaunului, cu din\u021bii \u00eencle\u0219ta\u021bi \u0219i chiar cu insulte\u2026 Sandu \u0219i Recean probabil se vor preface c\u0103 nu au auzit nimic. A\u0219adar, de ce s\u0103 reac\u021bion\u0103m la ei dac\u0103\u00a0<em>b\u00eedlele<\/em>, conform logicii lor, tot vor vota a\u0219a cum ar trebui?\u201d.<\/p><\/blockquote>\n<p>Activistul Blocului Electoral Patriotic a PSRM, PCRM \u0219i partidele lui Vasile Tarlev \u0219i Irinei Vlah, Maxim Iordan, se ar\u0103ta revoltat \u00eentr-o postare distribuit\u0103 pe mai multe grupuri c\u0103 \u201ePAS nici m\u0103car nu se mai jeneaz\u0103 s\u0103 arunce astfel de insulte \u00een public. Dar c\u00e2nd asemenea cuvinte nu vin de la trolii de partid, ci din gura ministrului Muncii \u0219i Protec\u021biei Sociale, Alexei Buzu \u2014 este de zeci de ori mai grav. Un ministru care ar trebui s\u0103 apere cet\u0103\u021benii ajunge s\u0103-i umileasc\u0103, ar\u0103t\u00e2nd adev\u0103rata fa\u021b\u0103 a puterii\u201d.<\/p>\n<p>Reac\u021bii imediate au urmat\u00a0<a href=\"https:\/\/www.facebook.com\/pnm.md\/posts\/1100611195580836\">\u0219i de la partide de opozi\u021bie<\/a>, f\u0103c\u00e2ndu-se leg\u0103tura cu \u201epropaganda unor mari realiz\u0103ri economice a guvern\u0103rii PAS, c\u00e2nd realitatea arat\u0103 o cre\u0219tere de doar 0,1%, una ru\u0219inoas\u0103\u201d sau recurg\u00e2ndu-se la\u00a0<a href=\"https:\/\/www.facebook.com\/photo\/?fbid=10239188156431801&amp;set=pcb.31755190810745858\">atacuri<\/a>: \u201eS\u0103 vezi tu, canalie pas-ist\u0103 ce devii dup\u0103 28 septembrie\u201d.<\/p>\n<p>Partidul Nostru, \u00een schimb,\u00a0<a href=\"https:\/\/www.facebook.com\/partidulnostru1\/posts\/pfbid02irbzdeU8attu52KP8PWgocdW9isHWwHNddDNuevzpJiKwU29YuYXMpTZdYfcTQUkl\">a utilizat incidentul<\/a>\u00a0prezent\u00e2ndu-l drept o \u201edovad\u0103\u201d a dublului standard al PAS \u0219i pentru a-\u0219i justifica propriile derapaje verbale, precum scandalul \u00een care Renato Usat\u00eei a fost acuzat c\u0103 a insultat comunitatea rom\u0103, numindu-i \u201eho\u021bi\u201d.<\/p>\n<blockquote><p>\u201e\u00cen timp ce PAS a adus \u021bara la s\u0103r\u0103cie, a insultat oamenii \u0219i a divizat societatea, ministrul lor, Alexei Buzu, cel care face campanie electoral\u0103 pentru PAS, i-a numit pe cet\u0103\u021beni\u00a0<em>b\u00e2dle<\/em>. Atunci, partidul de guvernare a t\u0103cut. (\u2026) Adev\u0103rul este simplu: PAS nu are solu\u021bii, nu are idee cum s\u0103 guverneze profesionist \u021bara. Tot ce le-a r\u0103mas sunt minciunile, rostogolite zilnic prin Radu Marian \u0219i al\u021bi papagali de partid, ca s\u0103 acopere e\u0219ecurile lor\u201d.<\/p><\/blockquote>\n<figure class=\"wp-block-image size-large\"><img decoding=\"async\" class=\"wp-image-20422 lazyloaded\" src=\"https:\/\/mediacritica.md\/wp-content\/uploads\/2025\/09\/3-1024x378.png\" sizes=\"(max-width: 1024px) 100vw, 1024px\" srcset=\"https:\/\/mediacritica.md\/wp-content\/uploads\/2025\/09\/3-1024x378.png 1024w, https:\/\/mediacritica.md\/wp-content\/uploads\/2025\/09\/3-300x111.png 300w, https:\/\/mediacritica.md\/wp-content\/uploads\/2025\/09\/3-150x55.png 150w, https:\/\/mediacritica.md\/wp-content\/uploads\/2025\/09\/3-768x284.png 768w, https:\/\/mediacritica.md\/wp-content\/uploads\/2025\/09\/3-1536x567.png 1536w, https:\/\/mediacritica.md\/wp-content\/uploads\/2025\/09\/3.png 1920w\" alt=\"\" width=\"1024\" height=\"378\" data-src=\"https:\/\/mediacritica.md\/wp-content\/uploads\/2025\/09\/3-1024x378.png\" data-srcset=\"https:\/\/mediacritica.md\/wp-content\/uploads\/2025\/09\/3-1024x378.png 1024w, https:\/\/mediacritica.md\/wp-content\/uploads\/2025\/09\/3-300x111.png 300w, https:\/\/mediacritica.md\/wp-content\/uploads\/2025\/09\/3-150x55.png 150w, https:\/\/mediacritica.md\/wp-content\/uploads\/2025\/09\/3-768x284.png 768w, https:\/\/mediacritica.md\/wp-content\/uploads\/2025\/09\/3-1536x567.png 1536w, https:\/\/mediacritica.md\/wp-content\/uploads\/2025\/09\/3.png 1920w\" data-sizes=\"(max-width: 1024px) 100vw, 1024px\" \/><\/figure>\n<p><strong>4. \u00centoarcerea lui Vladimir Plahotniuc<\/strong><\/p>\n<p>\u00cen monitoriz\u0103rile anterioare, subiectul extr\u0103d\u0103rii lui Vladimir Plahotniuc a fost folosit pentru a propulsa nara\u021biunea c\u0103 \u201eguvernarea nu-i vrea extr\u0103darea dec\u00e2t dup\u0103 alegerile parlamentare\u201d. Mesajul a dominat \u0219i la \u00eenceputul campaniei electorale:<\/p>\n<blockquote><p>\u201eExist\u0103 un sentiment puternic c\u0103 autorit\u0103\u021bile moldovene fac tot posibilul pentru a am\u00e2na \u00eent\u00e2lnirea cu Plahotniuc\u201d, men\u021biona Komsomolskaia Pravda \u00eentr-o\u00a0<a href=\"https:\/\/www.facebook.com\/kpmoldova\/posts\/pfbid0vnEQXtpohkbjxSGrvp6529RfGdfnSFMmZCqm6zFDwyDCLtfXRC1994AbTu2Sxrjil\">postare<\/a>, \u00een timp ce,\u00a0<a href=\"https:\/\/www.facebook.com\/watch\/?v=24264939163176783\">potrivit TV6 \u0219i Canal 5<\/a>\u00a0\u201ecritici sus\u021bin c\u0103 guvernarea evit\u0103 aducerea fostului lider democrat \u00eenainte de alegeri\u201d.<\/p><\/blockquote>\n<p>Odat\u0103 cu anun\u021bul autorit\u0103\u021bilor c\u0103, totu\u0219i, extr\u0103darea ar putea avea loc pe 25 septembrie, deci cu c\u00e2teva zile \u00eenainte de alegeri, accentul este schimbat \u2013 ar fi vorba, de fapt, de un cadou electoral. \u00cen seara zilei de 8 septembrie, fiind invitat la TV8, politicanul Renato Usat\u00eei a dezv\u0103luit data re\u00eentoarcerii lui Plahotniuc. La scurt timp, Telegraph Moldova\u00a0<a href=\"https:\/\/www.facebook.com\/watch\/?v=1783678829691787\">titra c\u0103<\/a>\u00a0\u201eprin trafic de influen\u021b\u0103 din partea lui Cern\u0103u\u021beanu, Vlad Plahotniuc va ajunge la Chi\u0219in\u0103u \u00een diminea\u021ba zilei de 25 septembrie 2025, iar evenimentul va fi folosit de PAS \u00een scopuri electorale. Despre data \u00eentoarcerii fostului lider al PDM a anun\u021bat Renato Usat\u00eei\u201d.<\/p>\n<blockquote><p>\u201eMinisterul de Interne al Republicii Moldova a confirmat c\u0103 extr\u0103darea lui Plahotniuc este planificat\u0103 pentru 25 septembrie. Cu trei zile \u00eenainte de alegeri. O dat\u0103 foarte oportun\u0103. Vor avea timp s\u0103 arate arestarea oligarhului, dar, \u00een acela\u0219i timp, acesta nu va avea timp s\u0103 depun\u0103 nicio m\u0103rturie. Convenabil\u201d,<a href=\"https:\/\/www.facebook.com\/latebuimistru\/posts\/1556019978712857\">\u00a0a scris vloggerul<\/a>\u00a0Dumitru Buimistru de \u00eendat\u0103 ce aceast\u0103 dat\u0103 a fost confirmat\u0103 \u0219i de autorit\u0103\u021bi. Postarea sa include o imagine cu pre\u0219edintele american Donald Trump \u0219i mesajul \u201eDac\u0103 eu eram pre\u0219edintele Republicii Moldova, Plahotniuc ar fi fost extr\u0103dat \u00een 24 de ore\u201d.<\/p><\/blockquote>\n<p>C\u00e2teva zile mai t\u00e2rziu, tot el preciza c\u0103 totu\u0219i \u201enu este clar de ce au \u00eentins acest proces\u201d.<\/p>\n<blockquote><p>\u201eOri autorit\u0103\u021bile fac asta ca s\u0103 nu reu\u0219easc\u0103 Plahotniuc s\u0103 dezv\u0103luie anumite materiale comprimi\u021b\u0103toare, fie Plahotniuc a vrut s\u0103-\u0219i prelungeas\u0103 singur \u0219ederea la Atena sau poate c\u0103 autorit\u0103\u021bile special au f\u0103cut asta ca numele Plahotniuc s\u0103 sune zilnic \u00een \u0219tiri, pe toat\u0103 durata campaniei\u201d,\u00a0<a href=\"https:\/\/www.facebook.com\/latebuimistru\/posts\/pfbid0jZtVyerc94nAMR8Ya8oGCK3np1wwDckdbLhKJhCWbunHZnQNj1FpEDAzNu56AZsDl\">specula<\/a>\u00a0vloggerul pus recent sub sanc\u021biuni de mai multe state occidentale.<\/p><\/blockquote>\n<p>Subiectul extr\u0103d\u0103rii le-a servit mai multor actori politici s\u0103 speculeze despre\u00a0<a href=\"https:\/\/www.facebook.com\/point.news\/posts\/pfbid0rKJCWnBmaDN6woJKqQjp2fRdgtocWGfERM5owcrWUU6d1yJy16TSQxmg6gMMsrHdl\">\u201etroc politic\u201d<\/a>\u00a0\u00eentre PAS \u0219i Plahotniuc, despre\u00a0<a href=\"https:\/\/www.facebook.com\/VladFilatUE\/posts\/pfbid0mpqAXR9HQyXP73oG93ymjKMHTsb2AZ1vqo7UFZXbKmkWEFMGEvAJvjY6poP14XsFl\">\u201ee\u0219ecurile constante\u201d<\/a>\u00a0ale guvern\u0103rii \u0219i \u201edictatura care a paralizat toate ramurile puterii\u201d sau c\u0103 \u201eextr\u0103darea este t\u0103r\u0103g\u0103nat\u0103 inten\u021bionat, pentru c\u0103 cei de la guvernare vor s\u0103 capitalizeze c\u00e2t mai mult pe seama acestui subiect\u201d.<\/p>\n<figure class=\"wp-block-image size-large\"><img loading=\"lazy\" decoding=\"async\" class=\"wp-image-20418 lazyloaded\" src=\"https:\/\/mediacritica.md\/wp-content\/uploads\/2025\/09\/5-1024x361.png\" sizes=\"(max-width: 1024px) 100vw, 1024px\" srcset=\"https:\/\/mediacritica.md\/wp-content\/uploads\/2025\/09\/5-1024x361.png 1024w, https:\/\/mediacritica.md\/wp-content\/uploads\/2025\/09\/5-300x106.png 300w, https:\/\/mediacritica.md\/wp-content\/uploads\/2025\/09\/5-150x53.png 150w, https:\/\/mediacritica.md\/wp-content\/uploads\/2025\/09\/5-768x270.png 768w, https:\/\/mediacritica.md\/wp-content\/uploads\/2025\/09\/5-1536x541.png 1536w, https:\/\/mediacritica.md\/wp-content\/uploads\/2025\/09\/5.png 1920w\" alt=\"\" width=\"1024\" height=\"361\" data-src=\"https:\/\/mediacritica.md\/wp-content\/uploads\/2025\/09\/5-1024x361.png\" data-srcset=\"https:\/\/mediacritica.md\/wp-content\/uploads\/2025\/09\/5-1024x361.png 1024w, https:\/\/mediacritica.md\/wp-content\/uploads\/2025\/09\/5-300x106.png 300w, https:\/\/mediacritica.md\/wp-content\/uploads\/2025\/09\/5-150x53.png 150w, https:\/\/mediacritica.md\/wp-content\/uploads\/2025\/09\/5-768x270.png 768w, https:\/\/mediacritica.md\/wp-content\/uploads\/2025\/09\/5-1536x541.png 1536w, https:\/\/mediacritica.md\/wp-content\/uploads\/2025\/09\/5.png 1920w\" data-sizes=\"(max-width: 1024px) 100vw, 1024px\" \/><\/figure>\n<p><strong>5. Figura lui Soros \u2013 sperietoare util\u0103 pentru ambele extreme: proru\u0219ii \u0219i unioni\u0219tii<\/strong><\/p>\n<p>\u00cen prima etap\u0103 a monitoriz\u0103rii campaniei electorale s-a observat o convergen\u021b\u0103: at\u00e2t actori din zona Blocului Electoral Patriotic (Igor Dodon, Vladimir Voronin, Irina Vlah, Vasile Tarlev) \u0219i din tab\u0103ra Victoriei Furtun\u0103, c\u00e2t \u0219i forma\u021biuni de pe partea opus\u0103 a e\u0219ichierului \u2014 precum AUR Moldova \u0219i Partidul Democra\u021bia Acas\u0103 al lui Vasile Costiuc \u2014 au invocat frecvent numele omului de afaceri George Soros. Temele recurente vizeaz\u0103 etichetarea guvern\u0103rii drept \u201esorosist\u0103\u201d \u0219i atribuirea unor agende externe sau interese oculte, iar post\u0103rile la aceast\u0103 tematic\u0103 sunt deosebit de prolifice \u00een comentarii ale utilizatorilor, fiind identificate cel pu\u021bin 11.000.<\/p>\n<p>De exemplu,\u00a0<a href=\"https:\/\/www.facebook.com\/groups\/166847376682866\/permalink\/25183740567900201\/\">o \u0219tire<\/a>\u00a0despre ini\u021biativa legislativ\u0103 \u201eFondul Moldova\u201d (propunere discutat\u0103 \u00een Parlamentul de la Bucure\u0219ti de parlamentarii AUR) a fost redistribuit\u0103 pe grupuri din R. Moldova cu comentariul:<\/p>\n<blockquote><p>\u201e\u00cen loc ca Rom\u00e2nia s\u0103 transfere Republicii Moldova granturi nerambursabile \u2014 care ajung la guvernul sorosist al Maiei Sandu \u2014 propunem ca ace\u0219ti bani s\u0103 devin\u0103 investi\u021bii \u00een ac\u021biuni la companii din Republica Moldova\u201d.<\/p><\/blockquote>\n<p>Aceast\u0103 reformulare instrumentalizeaz\u0103 discursul despre ajutor extern pentru a contura o nara\u021biune a capturii economice \u0219i politice.<\/p>\n<p>Vasile Costiuc a folosit \u00een mod repetat sintagma \u201eguvernarea sorosit\u0103\u201d \u00een post\u0103rile sale publice, atribuind autorit\u0103\u021bilor fapte contrare legii \u0219i pozi\u021bion\u00e2ndu-se ca un denun\u021b\u0103tor al acestei presupu\u00adse influen\u021be. Exemple: mesajele conform c\u0103rora \u201eam obligat Poli\u021bia s\u0103 scoat\u0103 bannerul PAS instalat ilegal pe gard. Guvernarea sorosist\u0103 PAS \u00eencalc\u0103 demonstrativ legea electoral\u0103\u201d\u00a0<a href=\"https:\/\/www.facebook.com\/reel\/724137654006338\">(video din 12 septembrie)<\/a>\u00a0sau acuza\u021biile c\u0103 \u201esuntem fila\u021bi \u0219i urm\u0103ri\u021bi de Poli\u021bia politic\u0103 la ordinul guvern\u0103rii sorosiste PAS\u201d.<\/p>\n<p>Pe flancul opus, Victoria Furtun\u0103 \u0219i sus\u021bin\u0103torii ei repro\u0219eaz\u0103, la r\u00e2ndul lor, influen\u021bele lui Soros \u00een plan global, conect\u00e2nd retorica interna\u021bional\u0103 la agenda domestic\u0103. \u00cen contextul atacului asupra activistului american Charlie Kirk, Furtun\u0103\u00a0<a href=\"https:\/\/www.facebook.com\/reel\/1477825596675092\">a afirmat\u00a0<\/a>c\u0103 \u201eviolen\u021ba politic\u0103 este intens promovat\u0103 de criminalii lui Soros, indiferent de locul unde se afl\u0103 \u2014 \u00een Statele Unite, \u00een Ucraina, \u00een Georgia sau \u00een Republica Moldova\u201d. Tot ea\u00a0<a href=\"https:\/\/www.facebook.com\/reel\/791547236746597\">a sus\u021binut<\/a>, anterior, sprijinul pentru demersurile lui Donald Trump \u00eempotriva lui Soros, afirm\u00e2nd:<\/p>\n<blockquote><p>\u201eNoi \u00eel sus\u021binem pe Donald Trump \u2014 liderul care a avut curajul s\u0103 spun\u0103 lumii adev\u0103rul: Soros este o dictatur\u0103 ascuns\u0103 sub masca \u2018democra\u021biei\u2019\u2026 George Soros trebuie mai \u00eent\u00e2i extr\u0103dat la Chi\u0219in\u0103u!\u201d.<\/p><\/blockquote>\n<p>Acela\u0219i cadru retoric apare \u0219i \u00een comunic\u0103rile Blocului Electoral Patriotic. Igor Dodon\u00a0<a href=\"https:\/\/www.facebook.com\/watch\/?v=2570835416622069\">a folosit exemple comparate<\/a>\u00a0(Georgia vs. Moldova) pentru a sugera c\u0103 presiunile pro-europene \u0219i influen\u021bele \u201epro-Soros\u201d ar submina suveranitatea \u0219i bun\u0103starea economic\u0103 a \u021b\u0103rii. \u00cen plus, la protestele sus\u021bin\u0103torilor lui Ilan \u0218or, figuri ale blocului\u00a0<a href=\"https:\/\/www.facebook.com\/tv6live\/posts\/pfbid02KM1Lw8r8xqqPmCZ5SYFpibGpt2qEwjeoc4G9Y2aNLw8Gm1mHk1rnBfJwuDsd8JPul\">au lansat mesaje<\/a>\u00a0triumfaliste despre \u201ecl\u0103tinarea\u201d re\u021belelor de influen\u021b\u0103 europene:<\/p>\n<blockquote><p>\u201eNu a mai r\u0103mas mult \u0219i \u00eentreaga structur\u0103 a lui Soros se clatin\u0103. Fran\u021ba protesteaz\u0103, Rom\u00e2nia protesteaz\u0103 \u0219i to\u021bi partenerii criminali \u2013 Maiei Sandu \u2013 pleac\u0103. Este un semnal prost pentru ei, dar unul foarte bun pentru noi, pentru c\u0103 \u00eentreaga linie a corup\u021bilor europeni va disp\u0103rea\u201d.<\/p><\/blockquote>\n<p>Mesajele au fost tirajate insistent de surse afiliate acestor forma\u021biuni politice.<\/p>\n<figure class=\"wp-block-image size-large\"><img loading=\"lazy\" decoding=\"async\" class=\"wp-image-20416 lazyloaded\" src=\"https:\/\/mediacritica.md\/wp-content\/uploads\/2025\/09\/6-1024x363.png\" sizes=\"(max-width: 1024px) 100vw, 1024px\" srcset=\"https:\/\/mediacritica.md\/wp-content\/uploads\/2025\/09\/6-1024x363.png 1024w, https:\/\/mediacritica.md\/wp-content\/uploads\/2025\/09\/6-300x106.png 300w, https:\/\/mediacritica.md\/wp-content\/uploads\/2025\/09\/6-150x53.png 150w, https:\/\/mediacritica.md\/wp-content\/uploads\/2025\/09\/6-768x272.png 768w, https:\/\/mediacritica.md\/wp-content\/uploads\/2025\/09\/6-1536x545.png 1536w, https:\/\/mediacritica.md\/wp-content\/uploads\/2025\/09\/6.png 1920w\" alt=\"\" width=\"1024\" height=\"363\" data-src=\"https:\/\/mediacritica.md\/wp-content\/uploads\/2025\/09\/6-1024x363.png\" data-srcset=\"https:\/\/mediacritica.md\/wp-content\/uploads\/2025\/09\/6-1024x363.png 1024w, https:\/\/mediacritica.md\/wp-content\/uploads\/2025\/09\/6-300x106.png 300w, https:\/\/mediacritica.md\/wp-content\/uploads\/2025\/09\/6-150x53.png 150w, https:\/\/mediacritica.md\/wp-content\/uploads\/2025\/09\/6-768x272.png 768w, https:\/\/mediacritica.md\/wp-content\/uploads\/2025\/09\/6-1536x545.png 1536w, https:\/\/mediacritica.md\/wp-content\/uploads\/2025\/09\/6.png 1920w\" data-sizes=\"(max-width: 1024px) 100vw, 1024px\" \/><\/figure>\n<p><strong>CONCLUZIE<\/strong><\/p>\n<p>Temele identitare r\u0103m\u00e2n un catalizator de polarizare. Disputa privind \u201elimba rom\u00e2n\u0103\u201d versus \u201elimba moldoveneasc\u0103\u201d continu\u0103 s\u0103 fie exploatat\u0103 electoral. Pe de alt\u0103 parte, votul diasporei este prezentat \u00een continuare ca factor structural de fraud\u0103, retorica fiind amplificat\u0103 inclusiv de voci externe, cu scopul de a consolida percep\u021bia c\u0103 diaspora ar fi o surs\u0103 de ingerin\u021b\u0103 politic\u0103 extern\u0103. \u0218i episoadele de comunicare defectuoas\u0103 ale unor demnitari ori func\u021bionari sunt instrumentalizate rapid. \u00cen plus, imaginea lui George Soros a fost reactivat\u0103 \u00een discursul public, servind drept \u201esimbol\u201d al unei influen\u021be externe obscure.<\/p>\n<p><em>Monitorizarea a fost desf\u0103\u0219urat\u0103 \u00een cadrul proiectului \u201ePres\u0103 rezilient\u0103, aleg\u0103tori informa\u021bi: protejarea alegerilor din Moldova \u00eempotriva dezinform\u0103rii\u201d, sus\u021binut financiar de Ambasada Regatului \u021a\u0103rilor de Jos \u00een Moldova. Opiniile exprimate \u00een analiz\u0103 apar\u021bin autorilor \u0219i nu reflect\u0103 neap\u0103rat pozi\u021bia donatorului.<\/em><\/p>\n<p><b>Abona\u021bi-v\u0103 la noi pe re\u021bele sociale:\u00a0<\/b><a href=\"https:\/\/t.me\/bastvmd\"><b><i>Telegram<\/i><\/b><\/a><b>,\u00a0<\/b><a href=\"https:\/\/www.youtube.com\/channel\/UC-9005PnLnhpNM8PVSjP2dQ\/featured\"><b><i>YouTube<\/i><\/b><\/a><b>,\u00a0<\/b><a href=\"https:\/\/www.facebook.com\/bastv.md\"><b><i>Facebook<\/i><\/b><\/a>\u00a0<strong>\u0219i\u00a0<\/strong><a href=\"https:\/\/www.instagram.com\/bastv.md\/\"><b><i>Instagram<\/i><\/b><\/a><b>. Aici public\u0103m \u0219tiri pe scurt.<\/b><\/p>\n","protected":false},"excerpt":{"rendered":"<p>\u00cen primele dou\u0103 s\u0103pt\u0103m\u00e2ni de campanie electoral\u0103 pentru parlamentarele din Republica Moldova, am identificat \u00een spa\u021biul informa\u021bional de pe Facebook at\u00e2t nara\u021biuni identitare \u0219i conspira\u021bioniste, c\u00e2t \u0219i exploatarea unor episoade punctuale, pentru a proiecta imaginea unei guvern\u0103ri arogante \u0219i abuzive. Totodat\u0103, figuri externe precum George Soros au fost utilizate \u00een discursul politic \u0219i mediatic, consolid\u00e2nd [&hellip;]<\/p>\n","protected":false},"author":3,"featured_media":161027,"comment_status":"closed","ping_status":"closed","sticky":false,"template":"","format":"standard","meta":{"footnotes":""},"categories":[13003,573,199],"tags":[12093,12094,2059,13796,13801,13797,10024,13802,13799,13800,13798,13804,13803],"class_list":["post-161006","post","type-post","status-publish","format-standard","has-post-thumbnail","hentry","category-electorala-2025","category-in-esenta","category-politica","tag-alegeri-parlamentare-2025","tag-campanie-electorala-moldova","tag-dezinformare-ro","tag-diaspora-vot","tag-fake-news-moldova-ro","tag-limba-moldoveneasca","tag-manipulare-online-ro","tag-pas-ro","tag-plahotniuc","tag-propaganda-electorala","tag-soros-moldova","tag-dodon-ro","tag-psrm-ro"],"yoast_head":"<!-- This site is optimized with the Yoast SEO plugin v27.5 - https:\/\/yoast.com\/product\/yoast-seo-wordpress\/ -->\n<title>Dezinformarea \u00een campania electoral\u0103 2025 din Moldova<\/title>\n<meta name=\"description\" content=\"Analiz\u0103: nara\u021biuni false, conspira\u021bii \u0219i manipul\u0103ri online \u00een primele dou\u0103 s\u0103pt\u0103m\u00e2ni ale campaniei pentru parlamentarele din Moldova.\" \/>\n<meta name=\"robots\" content=\"index, follow, max-snippet:-1, max-image-preview:large, max-video-preview:-1\" \/>\n<link rel=\"canonical\" href=\"https:\/\/bas-tv.md\/ro\/primele-doua-saptamani-de-campanie-electorala-pe-facebook-naratiuni-identitare-strategii-de-polarizare-conspiratii-si-victimizare-colectiva\/\" \/>\n<meta property=\"og:locale\" content=\"ro_RO\" \/>\n<meta property=\"og:type\" content=\"article\" \/>\n<meta property=\"og:title\" content=\"Dezinformarea \u00een campania electoral\u0103 2025 din Moldova\" \/>\n<meta property=\"og:description\" content=\"Analiz\u0103: nara\u021biuni false, conspira\u021bii \u0219i manipul\u0103ri online \u00een primele dou\u0103 s\u0103pt\u0103m\u00e2ni ale campaniei pentru parlamentarele din Moldova.\" \/>\n<meta property=\"og:url\" content=\"https:\/\/bas-tv.md\/ro\/primele-doua-saptamani-de-campanie-electorala-pe-facebook-naratiuni-identitare-strategii-de-polarizare-conspiratii-si-victimizare-colectiva\/\" \/>\n<meta property=\"og:site_name\" content=\"BasTV\" \/>\n<meta property=\"article:published_time\" content=\"2025-09-22T14:30:22+00:00\" \/>\n<meta property=\"og:image\" content=\"https:\/\/bas-tv.md\/wp-content\/uploads\/2025\/09\/monitorizari-fb-tiktok-site-4-1140x617-1.png\" \/>\n\t<meta property=\"og:image:width\" content=\"1140\" \/>\n\t<meta property=\"og:image:height\" content=\"617\" \/>\n\t<meta property=\"og:image:type\" content=\"image\/png\" \/>\n<meta name=\"author\" content=\"Redactor\" \/>\n<meta name=\"twitter:card\" content=\"summary_large_image\" \/>\n<meta name=\"twitter:label1\" content=\"Scris de\" \/>\n\t<meta name=\"twitter:data1\" content=\"Redactor\" \/>\n\t<meta name=\"twitter:label2\" content=\"Timp estimat pentru citire\" \/>\n\t<meta name=\"twitter:data2\" content=\"15 minute\" \/>\n<script type=\"application\/ld+json\" class=\"yoast-schema-graph\">{\"@context\":\"https:\\\/\\\/schema.org\",\"@graph\":[{\"@type\":\"Article\",\"@id\":\"https:\\\/\\\/bas-tv.md\\\/ro\\\/primele-doua-saptamani-de-campanie-electorala-pe-facebook-naratiuni-identitare-strategii-de-polarizare-conspiratii-si-victimizare-colectiva\\\/#article\",\"isPartOf\":{\"@id\":\"https:\\\/\\\/bas-tv.md\\\/ro\\\/primele-doua-saptamani-de-campanie-electorala-pe-facebook-naratiuni-identitare-strategii-de-polarizare-conspiratii-si-victimizare-colectiva\\\/\"},\"author\":{\"name\":\"Redactor\",\"@id\":\"https:\\\/\\\/bas-tv.md\\\/ro\\\/#\\\/schema\\\/person\\\/8740f45ea2eca1f1695284fc03529af0\"},\"headline\":\"Primele dou\u0103 s\u0103pt\u0103m\u00e2ni de campanie electoral\u0103 pe Facebook: nara\u021biuni identitare, strategii de polarizare, conspira\u021bii \u0219i victimizare colectiv\u0103\",\"datePublished\":\"2025-09-22T14:30:22+00:00\",\"mainEntityOfPage\":{\"@id\":\"https:\\\/\\\/bas-tv.md\\\/ro\\\/primele-doua-saptamani-de-campanie-electorala-pe-facebook-naratiuni-identitare-strategii-de-polarizare-conspiratii-si-victimizare-colectiva\\\/\"},\"wordCount\":3968,\"publisher\":{\"@id\":\"https:\\\/\\\/bas-tv.md\\\/ro\\\/#organization\"},\"image\":{\"@id\":\"https:\\\/\\\/bas-tv.md\\\/ro\\\/primele-doua-saptamani-de-campanie-electorala-pe-facebook-naratiuni-identitare-strategii-de-polarizare-conspiratii-si-victimizare-colectiva\\\/#primaryimage\"},\"thumbnailUrl\":\"https:\\\/\\\/bas-tv.md\\\/wp-content\\\/uploads\\\/2025\\\/09\\\/monitorizari-fb-tiktok-site-4-1140x617-1.png\",\"keywords\":[\"alegeri parlamentare 2025\",\"campanie electoral\u0103 Moldova\",\"dezinformare\",\"diaspora vot\",\"fake news Moldova\",\"limba moldoveneasc\u0103\",\"manipulare online\",\"PAS\",\"Plahotniuc\",\"propaganda electoral\u0103\",\"Soros Moldova\",\"\u0414\u043e\u0434\u043e\u043d\",\"\u041f\u0421\u0420\u041c\"],\"articleSection\":[\"Electorala 2025\",\"\u00cen esen\u021b\u0103\",\"Politic\u0103\"],\"inLanguage\":\"ro-RO\"},{\"@type\":\"WebPage\",\"@id\":\"https:\\\/\\\/bas-tv.md\\\/ro\\\/primele-doua-saptamani-de-campanie-electorala-pe-facebook-naratiuni-identitare-strategii-de-polarizare-conspiratii-si-victimizare-colectiva\\\/\",\"url\":\"https:\\\/\\\/bas-tv.md\\\/ro\\\/primele-doua-saptamani-de-campanie-electorala-pe-facebook-naratiuni-identitare-strategii-de-polarizare-conspiratii-si-victimizare-colectiva\\\/\",\"name\":\"Dezinformarea \u00een campania electoral\u0103 2025 din Moldova\",\"isPartOf\":{\"@id\":\"https:\\\/\\\/bas-tv.md\\\/ro\\\/#website\"},\"primaryImageOfPage\":{\"@id\":\"https:\\\/\\\/bas-tv.md\\\/ro\\\/primele-doua-saptamani-de-campanie-electorala-pe-facebook-naratiuni-identitare-strategii-de-polarizare-conspiratii-si-victimizare-colectiva\\\/#primaryimage\"},\"image\":{\"@id\":\"https:\\\/\\\/bas-tv.md\\\/ro\\\/primele-doua-saptamani-de-campanie-electorala-pe-facebook-naratiuni-identitare-strategii-de-polarizare-conspiratii-si-victimizare-colectiva\\\/#primaryimage\"},\"thumbnailUrl\":\"https:\\\/\\\/bas-tv.md\\\/wp-content\\\/uploads\\\/2025\\\/09\\\/monitorizari-fb-tiktok-site-4-1140x617-1.png\",\"datePublished\":\"2025-09-22T14:30:22+00:00\",\"description\":\"Analiz\u0103: nara\u021biuni false, conspira\u021bii \u0219i manipul\u0103ri online \u00een primele dou\u0103 s\u0103pt\u0103m\u00e2ni ale campaniei pentru parlamentarele din Moldova.\",\"inLanguage\":\"ro-RO\",\"potentialAction\":[{\"@type\":\"ReadAction\",\"target\":[\"https:\\\/\\\/bas-tv.md\\\/ro\\\/primele-doua-saptamani-de-campanie-electorala-pe-facebook-naratiuni-identitare-strategii-de-polarizare-conspiratii-si-victimizare-colectiva\\\/\"]}]},{\"@type\":\"ImageObject\",\"inLanguage\":\"ro-RO\",\"@id\":\"https:\\\/\\\/bas-tv.md\\\/ro\\\/primele-doua-saptamani-de-campanie-electorala-pe-facebook-naratiuni-identitare-strategii-de-polarizare-conspiratii-si-victimizare-colectiva\\\/#primaryimage\",\"url\":\"https:\\\/\\\/bas-tv.md\\\/wp-content\\\/uploads\\\/2025\\\/09\\\/monitorizari-fb-tiktok-site-4-1140x617-1.png\",\"contentUrl\":\"https:\\\/\\\/bas-tv.md\\\/wp-content\\\/uploads\\\/2025\\\/09\\\/monitorizari-fb-tiktok-site-4-1140x617-1.png\",\"width\":1140,\"height\":617,\"caption\":\"Primele dou\u0103 s\u0103pt\u0103m\u00e2ni de campanie electoral\u0103 pe Facebook: nara\u021biuni identitare, strategii de polarizare, conspira\u021bii \u0219i victimizare colectiv\u0103\"},{\"@type\":\"WebSite\",\"@id\":\"https:\\\/\\\/bas-tv.md\\\/ro\\\/#website\",\"url\":\"https:\\\/\\\/bas-tv.md\\\/ro\\\/\",\"name\":\"BasTV\",\"description\":\"Moldova\",\"publisher\":{\"@id\":\"https:\\\/\\\/bas-tv.md\\\/ro\\\/#organization\"},\"potentialAction\":[{\"@type\":\"SearchAction\",\"target\":{\"@type\":\"EntryPoint\",\"urlTemplate\":\"https:\\\/\\\/bas-tv.md\\\/ro\\\/?s={search_term_string}\"},\"query-input\":{\"@type\":\"PropertyValueSpecification\",\"valueRequired\":true,\"valueName\":\"search_term_string\"}}],\"inLanguage\":\"ro-RO\"},{\"@type\":\"Organization\",\"@id\":\"https:\\\/\\\/bas-tv.md\\\/ro\\\/#organization\",\"name\":\"BasTV\",\"url\":\"https:\\\/\\\/bas-tv.md\\\/ro\\\/\",\"logo\":{\"@type\":\"ImageObject\",\"inLanguage\":\"ro-RO\",\"@id\":\"https:\\\/\\\/bas-tv.md\\\/ro\\\/#\\\/schema\\\/logo\\\/image\\\/\",\"url\":\"https:\\\/\\\/bas-tv.md\\\/wp-content\\\/uploads\\\/2023\\\/05\\\/bas-tv-culoarea-rosie.png\",\"contentUrl\":\"https:\\\/\\\/bas-tv.md\\\/wp-content\\\/uploads\\\/2023\\\/05\\\/bas-tv-culoarea-rosie.png\",\"width\":202,\"height\":50,\"caption\":\"BasTV\"},\"image\":{\"@id\":\"https:\\\/\\\/bas-tv.md\\\/ro\\\/#\\\/schema\\\/logo\\\/image\\\/\"}},{\"@type\":\"Person\",\"@id\":\"https:\\\/\\\/bas-tv.md\\\/ro\\\/#\\\/schema\\\/person\\\/8740f45ea2eca1f1695284fc03529af0\",\"name\":\"Redactor\",\"image\":{\"@type\":\"ImageObject\",\"inLanguage\":\"ro-RO\",\"@id\":\"https:\\\/\\\/bas-tv.md\\\/wp-content\\\/litespeed\\\/avatar\\\/91c0586f3f6f4396a4ec1287c965eeeb.jpg?ver=1776950945\",\"url\":\"https:\\\/\\\/bas-tv.md\\\/wp-content\\\/litespeed\\\/avatar\\\/91c0586f3f6f4396a4ec1287c965eeeb.jpg?ver=1776950945\",\"contentUrl\":\"https:\\\/\\\/bas-tv.md\\\/wp-content\\\/litespeed\\\/avatar\\\/91c0586f3f6f4396a4ec1287c965eeeb.jpg?ver=1776950945\",\"caption\":\"Redactor\"},\"url\":\"https:\\\/\\\/bas-tv.md\\\/ro\\\/author\\\/redactor\\\/\"}]}<\/script>\n<!-- \/ Yoast SEO plugin. -->","yoast_head_json":{"title":"Dezinformarea \u00een campania electoral\u0103 2025 din Moldova","description":"Analiz\u0103: nara\u021biuni false, conspira\u021bii \u0219i manipul\u0103ri online \u00een primele dou\u0103 s\u0103pt\u0103m\u00e2ni ale campaniei pentru parlamentarele din Moldova.","robots":{"index":"index","follow":"follow","max-snippet":"max-snippet:-1","max-image-preview":"max-image-preview:large","max-video-preview":"max-video-preview:-1"},"canonical":"https:\/\/bas-tv.md\/ro\/primele-doua-saptamani-de-campanie-electorala-pe-facebook-naratiuni-identitare-strategii-de-polarizare-conspiratii-si-victimizare-colectiva\/","og_locale":"ro_RO","og_type":"article","og_title":"Dezinformarea \u00een campania electoral\u0103 2025 din Moldova","og_description":"Analiz\u0103: nara\u021biuni false, conspira\u021bii \u0219i manipul\u0103ri online \u00een primele dou\u0103 s\u0103pt\u0103m\u00e2ni ale campaniei pentru parlamentarele din Moldova.","og_url":"https:\/\/bas-tv.md\/ro\/primele-doua-saptamani-de-campanie-electorala-pe-facebook-naratiuni-identitare-strategii-de-polarizare-conspiratii-si-victimizare-colectiva\/","og_site_name":"BasTV","article_published_time":"2025-09-22T14:30:22+00:00","og_image":[{"width":1140,"height":617,"url":"https:\/\/bas-tv.md\/wp-content\/uploads\/2025\/09\/monitorizari-fb-tiktok-site-4-1140x617-1.png","type":"image\/png"}],"author":"Redactor","twitter_card":"summary_large_image","twitter_misc":{"Scris de":"Redactor","Timp estimat pentru citire":"15 minute"},"schema":{"@context":"https:\/\/schema.org","@graph":[{"@type":"Article","@id":"https:\/\/bas-tv.md\/ro\/primele-doua-saptamani-de-campanie-electorala-pe-facebook-naratiuni-identitare-strategii-de-polarizare-conspiratii-si-victimizare-colectiva\/#article","isPartOf":{"@id":"https:\/\/bas-tv.md\/ro\/primele-doua-saptamani-de-campanie-electorala-pe-facebook-naratiuni-identitare-strategii-de-polarizare-conspiratii-si-victimizare-colectiva\/"},"author":{"name":"Redactor","@id":"https:\/\/bas-tv.md\/ro\/#\/schema\/person\/8740f45ea2eca1f1695284fc03529af0"},"headline":"Primele dou\u0103 s\u0103pt\u0103m\u00e2ni de campanie electoral\u0103 pe Facebook: nara\u021biuni identitare, strategii de polarizare, conspira\u021bii \u0219i victimizare colectiv\u0103","datePublished":"2025-09-22T14:30:22+00:00","mainEntityOfPage":{"@id":"https:\/\/bas-tv.md\/ro\/primele-doua-saptamani-de-campanie-electorala-pe-facebook-naratiuni-identitare-strategii-de-polarizare-conspiratii-si-victimizare-colectiva\/"},"wordCount":3968,"publisher":{"@id":"https:\/\/bas-tv.md\/ro\/#organization"},"image":{"@id":"https:\/\/bas-tv.md\/ro\/primele-doua-saptamani-de-campanie-electorala-pe-facebook-naratiuni-identitare-strategii-de-polarizare-conspiratii-si-victimizare-colectiva\/#primaryimage"},"thumbnailUrl":"https:\/\/bas-tv.md\/wp-content\/uploads\/2025\/09\/monitorizari-fb-tiktok-site-4-1140x617-1.png","keywords":["alegeri parlamentare 2025","campanie electoral\u0103 Moldova","dezinformare","diaspora vot","fake news Moldova","limba moldoveneasc\u0103","manipulare online","PAS","Plahotniuc","propaganda electoral\u0103","Soros Moldova","\u0414\u043e\u0434\u043e\u043d","\u041f\u0421\u0420\u041c"],"articleSection":["Electorala 2025","\u00cen esen\u021b\u0103","Politic\u0103"],"inLanguage":"ro-RO"},{"@type":"WebPage","@id":"https:\/\/bas-tv.md\/ro\/primele-doua-saptamani-de-campanie-electorala-pe-facebook-naratiuni-identitare-strategii-de-polarizare-conspiratii-si-victimizare-colectiva\/","url":"https:\/\/bas-tv.md\/ro\/primele-doua-saptamani-de-campanie-electorala-pe-facebook-naratiuni-identitare-strategii-de-polarizare-conspiratii-si-victimizare-colectiva\/","name":"Dezinformarea \u00een campania electoral\u0103 2025 din Moldova","isPartOf":{"@id":"https:\/\/bas-tv.md\/ro\/#website"},"primaryImageOfPage":{"@id":"https:\/\/bas-tv.md\/ro\/primele-doua-saptamani-de-campanie-electorala-pe-facebook-naratiuni-identitare-strategii-de-polarizare-conspiratii-si-victimizare-colectiva\/#primaryimage"},"image":{"@id":"https:\/\/bas-tv.md\/ro\/primele-doua-saptamani-de-campanie-electorala-pe-facebook-naratiuni-identitare-strategii-de-polarizare-conspiratii-si-victimizare-colectiva\/#primaryimage"},"thumbnailUrl":"https:\/\/bas-tv.md\/wp-content\/uploads\/2025\/09\/monitorizari-fb-tiktok-site-4-1140x617-1.png","datePublished":"2025-09-22T14:30:22+00:00","description":"Analiz\u0103: nara\u021biuni false, conspira\u021bii \u0219i manipul\u0103ri online \u00een primele dou\u0103 s\u0103pt\u0103m\u00e2ni ale campaniei pentru parlamentarele din Moldova.","inLanguage":"ro-RO","potentialAction":[{"@type":"ReadAction","target":["https:\/\/bas-tv.md\/ro\/primele-doua-saptamani-de-campanie-electorala-pe-facebook-naratiuni-identitare-strategii-de-polarizare-conspiratii-si-victimizare-colectiva\/"]}]},{"@type":"ImageObject","inLanguage":"ro-RO","@id":"https:\/\/bas-tv.md\/ro\/primele-doua-saptamani-de-campanie-electorala-pe-facebook-naratiuni-identitare-strategii-de-polarizare-conspiratii-si-victimizare-colectiva\/#primaryimage","url":"https:\/\/bas-tv.md\/wp-content\/uploads\/2025\/09\/monitorizari-fb-tiktok-site-4-1140x617-1.png","contentUrl":"https:\/\/bas-tv.md\/wp-content\/uploads\/2025\/09\/monitorizari-fb-tiktok-site-4-1140x617-1.png","width":1140,"height":617,"caption":"Primele dou\u0103 s\u0103pt\u0103m\u00e2ni de campanie electoral\u0103 pe Facebook: nara\u021biuni identitare, strategii de polarizare, conspira\u021bii \u0219i victimizare colectiv\u0103"},{"@type":"WebSite","@id":"https:\/\/bas-tv.md\/ro\/#website","url":"https:\/\/bas-tv.md\/ro\/","name":"BasTV","description":"Moldova","publisher":{"@id":"https:\/\/bas-tv.md\/ro\/#organization"},"potentialAction":[{"@type":"SearchAction","target":{"@type":"EntryPoint","urlTemplate":"https:\/\/bas-tv.md\/ro\/?s={search_term_string}"},"query-input":{"@type":"PropertyValueSpecification","valueRequired":true,"valueName":"search_term_string"}}],"inLanguage":"ro-RO"},{"@type":"Organization","@id":"https:\/\/bas-tv.md\/ro\/#organization","name":"BasTV","url":"https:\/\/bas-tv.md\/ro\/","logo":{"@type":"ImageObject","inLanguage":"ro-RO","@id":"https:\/\/bas-tv.md\/ro\/#\/schema\/logo\/image\/","url":"https:\/\/bas-tv.md\/wp-content\/uploads\/2023\/05\/bas-tv-culoarea-rosie.png","contentUrl":"https:\/\/bas-tv.md\/wp-content\/uploads\/2023\/05\/bas-tv-culoarea-rosie.png","width":202,"height":50,"caption":"BasTV"},"image":{"@id":"https:\/\/bas-tv.md\/ro\/#\/schema\/logo\/image\/"}},{"@type":"Person","@id":"https:\/\/bas-tv.md\/ro\/#\/schema\/person\/8740f45ea2eca1f1695284fc03529af0","name":"Redactor","image":{"@type":"ImageObject","inLanguage":"ro-RO","@id":"https:\/\/bas-tv.md\/wp-content\/litespeed\/avatar\/91c0586f3f6f4396a4ec1287c965eeeb.jpg?ver=1776950945","url":"https:\/\/bas-tv.md\/wp-content\/litespeed\/avatar\/91c0586f3f6f4396a4ec1287c965eeeb.jpg?ver=1776950945","contentUrl":"https:\/\/bas-tv.md\/wp-content\/litespeed\/avatar\/91c0586f3f6f4396a4ec1287c965eeeb.jpg?ver=1776950945","caption":"Redactor"},"url":"https:\/\/bas-tv.md\/ro\/author\/redactor\/"}]}},"views":282,"_links":{"self":[{"href":"https:\/\/bas-tv.md\/ro\/wp-json\/wp\/v2\/posts\/161006","targetHints":{"allow":["GET"]}}],"collection":[{"href":"https:\/\/bas-tv.md\/ro\/wp-json\/wp\/v2\/posts"}],"about":[{"href":"https:\/\/bas-tv.md\/ro\/wp-json\/wp\/v2\/types\/post"}],"author":[{"embeddable":true,"href":"https:\/\/bas-tv.md\/ro\/wp-json\/wp\/v2\/users\/3"}],"replies":[{"embeddable":true,"href":"https:\/\/bas-tv.md\/ro\/wp-json\/wp\/v2\/comments?post=161006"}],"version-history":[{"count":2,"href":"https:\/\/bas-tv.md\/ro\/wp-json\/wp\/v2\/posts\/161006\/revisions"}],"predecessor-version":[{"id":161026,"href":"https:\/\/bas-tv.md\/ro\/wp-json\/wp\/v2\/posts\/161006\/revisions\/161026"}],"wp:featuredmedia":[{"embeddable":true,"href":"https:\/\/bas-tv.md\/ro\/wp-json\/wp\/v2\/media\/161027"}],"wp:attachment":[{"href":"https:\/\/bas-tv.md\/ro\/wp-json\/wp\/v2\/media?parent=161006"}],"wp:term":[{"taxonomy":"category","embeddable":true,"href":"https:\/\/bas-tv.md\/ro\/wp-json\/wp\/v2\/categories?post=161006"},{"taxonomy":"post_tag","embeddable":true,"href":"https:\/\/bas-tv.md\/ro\/wp-json\/wp\/v2\/tags?post=161006"}],"curies":[{"name":"wp","href":"https:\/\/api.w.org\/{rel}","templated":true}]}}