{"id":161082,"date":"2025-09-23T19:00:49","date_gmt":"2025-09-23T16:00:49","guid":{"rendered":"https:\/\/bas-tv.md\/?p=161082"},"modified":"2025-09-23T17:23:12","modified_gmt":"2025-09-23T14:23:12","slug":"foto-muzica-si-voie-buna-la-sadaclia-cum-au-sarbatorit-localnicii-hramul-satului","status":"publish","type":"post","link":"https:\/\/bas-tv.md\/ro\/foto-muzica-si-voie-buna-la-sadaclia-cum-au-sarbatorit-localnicii-hramul-satului\/","title":{"rendered":"(FOTO) Muzic\u0103 \u0219i voie bun\u0103 la Sadaclia: cum au s\u0103rb\u0103torit localnicii Hramul Satului"},"content":{"rendered":"<p><strong>Duminic\u0103, 21 septembrie 2025, sadaclienii au celebrat, cu mare fast, Hramul Satului. Spiritualitatea, arta \u0219i tradi\u021biile populare s-au \u00eempletit armonios \u00eentr-un eveniment \u00eenc\u0103rcat de emo\u021bie \u0219i aplauze.<\/strong><\/p>\n<p>S\u0103rb\u0103toarea a \u00eenceput dis-de-diminea\u021b\u0103, cu Sf\u00e2nta Liturghie la Biserica \u201eNa\u0219terea Maicii Domnului\u201d, ocrotitoarea localit\u0103\u021bii. La slujb\u0103, credincio\u0219i din sat \u0219i vizitatori s-au adunat laolalt\u0103 pentru un moment de rug\u0103ciune.<\/p>\n<p>\u00cen a doua parte a zilei, centrul satului a prins via\u021b\u0103. Localnicii \u0219i oaspe\u021bii s-au adunat s\u0103 urm\u0103reasc\u0103 presta\u021biile ansamblurilor locale \u0219i ale invita\u021bilor.<\/p>\n<p>Evenimentul a reunit arti\u0219ti de toate v\u00e2rstele, de la colective consacrate la micile talente ale satului, aplaudate pentru emo\u021biile transmise \u0219i curajul de care au dat dovad\u0103.<\/p>\n<p>Pe scen\u0103 au urcat ansamblurile cu titlu-model \u201eSperan\u021ba\u201d \u0219i \u201eMugura\u0219ii\u201d, al\u0103turi de ansamblurile de dans popular \u201eStrugura\u0219\u201d \u0219i \u201eMo\u0219tenitorii\u201d.\u00a0Programul a fost completat de \u201eBasarabencele\u201d din Iordanovca \u0219i ansamblul vocal \u201eDatina\u201d din Carabetovca.<\/p>\n<div id='gallery-1' class='gallery galleryid-161082 gallery-columns-3 gallery-size-large'><figure class='gallery-item'>\n\t\t\t<div class='gallery-icon portrait'>\n\t\t\t\t<a href='https:\/\/bas-tv.md\/ro\/foto-muzica-si-voie-buna-la-sadaclia-cum-au-sarbatorit-localnicii-hramul-satului\/550325316_1466708774609537_4894277258353619709_n\/'><img fetchpriority=\"high\" decoding=\"async\" width=\"580\" height=\"773\" src=\"https:\/\/bas-tv.md\/wp-content\/uploads\/2025\/09\/550325316_1466708774609537_4894277258353619709_n-768x1024.jpg\" class=\"attachment-large size-large\" alt=\"\" srcset=\"https:\/\/bas-tv.md\/wp-content\/uploads\/2025\/09\/550325316_1466708774609537_4894277258353619709_n-768x1024.jpg 768w, https:\/\/bas-tv.md\/wp-content\/uploads\/2025\/09\/550325316_1466708774609537_4894277258353619709_n-225x300.jpg 225w, https:\/\/bas-tv.md\/wp-content\/uploads\/2025\/09\/550325316_1466708774609537_4894277258353619709_n-1152x1536.jpg 1152w, https:\/\/bas-tv.md\/wp-content\/uploads\/2025\/09\/550325316_1466708774609537_4894277258353619709_n.jpg 1200w\" sizes=\"(max-width: 580px) 100vw, 580px\" \/><\/a>\n\t\t\t<\/div><\/figure><figure class='gallery-item'>\n\t\t\t<div class='gallery-icon portrait'>\n\t\t\t\t<a href='https:\/\/bas-tv.md\/ro\/foto-muzica-si-voie-buna-la-sadaclia-cum-au-sarbatorit-localnicii-hramul-satului\/552375006_1466716987942049_2377552849730228705_n\/'><img decoding=\"async\" width=\"580\" height=\"773\" data-src=\"https:\/\/bas-tv.md\/wp-content\/uploads\/2025\/09\/552375006_1466716987942049_2377552849730228705_n-768x1024.jpg\" class=\"attachment-large size-large lazyload\" alt=\"\" data-srcset=\"https:\/\/bas-tv.md\/wp-content\/uploads\/2025\/09\/552375006_1466716987942049_2377552849730228705_n-768x1024.jpg 768w, https:\/\/bas-tv.md\/wp-content\/uploads\/2025\/09\/552375006_1466716987942049_2377552849730228705_n-225x300.jpg 225w, https:\/\/bas-tv.md\/wp-content\/uploads\/2025\/09\/552375006_1466716987942049_2377552849730228705_n-1152x1536.jpg 1152w, https:\/\/bas-tv.md\/wp-content\/uploads\/2025\/09\/552375006_1466716987942049_2377552849730228705_n.jpg 1200w\" data-sizes=\"(max-width: 580px) 100vw, 580px\" src=\"data:image\/svg+xml;base64,PHN2ZyB3aWR0aD0iMSIgaGVpZ2h0PSIxIiB4bWxucz0iaHR0cDovL3d3dy53My5vcmcvMjAwMC9zdmciPjwvc3ZnPg==\" style=\"--smush-placeholder-width: 580px; --smush-placeholder-aspect-ratio: 580\/773;\" \/><\/a>\n\t\t\t<\/div><\/figure><figure class='gallery-item'>\n\t\t\t<div class='gallery-icon portrait'>\n\t\t\t\t<a href='https:\/\/bas-tv.md\/ro\/foto-muzica-si-voie-buna-la-sadaclia-cum-au-sarbatorit-localnicii-hramul-satului\/550912111_1466706037943144_5331765321983039605_n\/'><img decoding=\"async\" width=\"580\" height=\"773\" data-src=\"https:\/\/bas-tv.md\/wp-content\/uploads\/2025\/09\/550912111_1466706037943144_5331765321983039605_n-768x1024.jpg\" class=\"attachment-large size-large lazyload\" alt=\"\" data-srcset=\"https:\/\/bas-tv.md\/wp-content\/uploads\/2025\/09\/550912111_1466706037943144_5331765321983039605_n-768x1024.jpg 768w, https:\/\/bas-tv.md\/wp-content\/uploads\/2025\/09\/550912111_1466706037943144_5331765321983039605_n-225x300.jpg 225w, https:\/\/bas-tv.md\/wp-content\/uploads\/2025\/09\/550912111_1466706037943144_5331765321983039605_n.jpg 960w\" data-sizes=\"(max-width: 580px) 100vw, 580px\" src=\"data:image\/svg+xml;base64,PHN2ZyB3aWR0aD0iMSIgaGVpZ2h0PSIxIiB4bWxucz0iaHR0cDovL3d3dy53My5vcmcvMjAwMC9zdmciPjwvc3ZnPg==\" style=\"--smush-placeholder-width: 580px; --smush-placeholder-aspect-ratio: 580\/773;\" \/><\/a>\n\t\t\t<\/div><\/figure><figure class='gallery-item'>\n\t\t\t<div class='gallery-icon landscape'>\n\t\t\t\t<a href='https:\/\/bas-tv.md\/ro\/foto-muzica-si-voie-buna-la-sadaclia-cum-au-sarbatorit-localnicii-hramul-satului\/552069645_1466705991276482_99992264820390879_n\/'><img decoding=\"async\" width=\"580\" height=\"435\" data-src=\"https:\/\/bas-tv.md\/wp-content\/uploads\/2025\/09\/552069645_1466705991276482_99992264820390879_n-1024x768.jpg\" class=\"attachment-large size-large lazyload\" alt=\"\" data-srcset=\"https:\/\/bas-tv.md\/wp-content\/uploads\/2025\/09\/552069645_1466705991276482_99992264820390879_n-1024x768.jpg 1024w, https:\/\/bas-tv.md\/wp-content\/uploads\/2025\/09\/552069645_1466705991276482_99992264820390879_n-300x225.jpg 300w, https:\/\/bas-tv.md\/wp-content\/uploads\/2025\/09\/552069645_1466705991276482_99992264820390879_n-768x576.jpg 768w, https:\/\/bas-tv.md\/wp-content\/uploads\/2025\/09\/552069645_1466705991276482_99992264820390879_n-1200x900.jpg 1200w, https:\/\/bas-tv.md\/wp-content\/uploads\/2025\/09\/552069645_1466705991276482_99992264820390879_n.jpg 1280w\" data-sizes=\"(max-width: 580px) 100vw, 580px\" src=\"data:image\/svg+xml;base64,PHN2ZyB3aWR0aD0iMSIgaGVpZ2h0PSIxIiB4bWxucz0iaHR0cDovL3d3dy53My5vcmcvMjAwMC9zdmciPjwvc3ZnPg==\" style=\"--smush-placeholder-width: 580px; --smush-placeholder-aspect-ratio: 580\/435;\" \/><\/a>\n\t\t\t<\/div><\/figure><figure class='gallery-item'>\n\t\t\t<div class='gallery-icon landscape'>\n\t\t\t\t<a href='https:\/\/bas-tv.md\/ro\/foto-muzica-si-voie-buna-la-sadaclia-cum-au-sarbatorit-localnicii-hramul-satului\/550861627_1466705821276499_8874683318969470987_n\/'><img decoding=\"async\" width=\"580\" height=\"435\" data-src=\"https:\/\/bas-tv.md\/wp-content\/uploads\/2025\/09\/550861627_1466705821276499_8874683318969470987_n-1024x768.jpg\" class=\"attachment-large size-large lazyload\" alt=\"\" data-srcset=\"https:\/\/bas-tv.md\/wp-content\/uploads\/2025\/09\/550861627_1466705821276499_8874683318969470987_n-1024x768.jpg 1024w, https:\/\/bas-tv.md\/wp-content\/uploads\/2025\/09\/550861627_1466705821276499_8874683318969470987_n-300x225.jpg 300w, https:\/\/bas-tv.md\/wp-content\/uploads\/2025\/09\/550861627_1466705821276499_8874683318969470987_n-768x576.jpg 768w, https:\/\/bas-tv.md\/wp-content\/uploads\/2025\/09\/550861627_1466705821276499_8874683318969470987_n-1200x900.jpg 1200w, https:\/\/bas-tv.md\/wp-content\/uploads\/2025\/09\/550861627_1466705821276499_8874683318969470987_n.jpg 1280w\" data-sizes=\"(max-width: 580px) 100vw, 580px\" src=\"data:image\/svg+xml;base64,PHN2ZyB3aWR0aD0iMSIgaGVpZ2h0PSIxIiB4bWxucz0iaHR0cDovL3d3dy53My5vcmcvMjAwMC9zdmciPjwvc3ZnPg==\" style=\"--smush-placeholder-width: 580px; --smush-placeholder-aspect-ratio: 580\/435;\" \/><\/a>\n\t\t\t<\/div><\/figure><figure class='gallery-item'>\n\t\t\t<div class='gallery-icon landscape'>\n\t\t\t\t<a href='https:\/\/bas-tv.md\/ro\/foto-muzica-si-voie-buna-la-sadaclia-cum-au-sarbatorit-localnicii-hramul-satului\/550658793_1466704647943283_6686164077874383613_n-2\/'><img decoding=\"async\" width=\"580\" height=\"435\" data-src=\"https:\/\/bas-tv.md\/wp-content\/uploads\/2025\/09\/550658793_1466704647943283_6686164077874383613_n-1-1024x768.jpg\" class=\"attachment-large size-large lazyload\" alt=\"\" data-srcset=\"https:\/\/bas-tv.md\/wp-content\/uploads\/2025\/09\/550658793_1466704647943283_6686164077874383613_n-1-1024x768.jpg 1024w, https:\/\/bas-tv.md\/wp-content\/uploads\/2025\/09\/550658793_1466704647943283_6686164077874383613_n-1-300x225.jpg 300w, https:\/\/bas-tv.md\/wp-content\/uploads\/2025\/09\/550658793_1466704647943283_6686164077874383613_n-1-768x576.jpg 768w, https:\/\/bas-tv.md\/wp-content\/uploads\/2025\/09\/550658793_1466704647943283_6686164077874383613_n-1-1536x1152.jpg 1536w, https:\/\/bas-tv.md\/wp-content\/uploads\/2025\/09\/550658793_1466704647943283_6686164077874383613_n-1-1200x900.jpg 1200w, https:\/\/bas-tv.md\/wp-content\/uploads\/2025\/09\/550658793_1466704647943283_6686164077874383613_n-1.jpg 1600w\" data-sizes=\"(max-width: 580px) 100vw, 580px\" src=\"data:image\/svg+xml;base64,PHN2ZyB3aWR0aD0iMSIgaGVpZ2h0PSIxIiB4bWxucz0iaHR0cDovL3d3dy53My5vcmcvMjAwMC9zdmciPjwvc3ZnPg==\" style=\"--smush-placeholder-width: 580px; --smush-placeholder-aspect-ratio: 580\/435;\" \/><\/a>\n\t\t\t<\/div><\/figure><figure class='gallery-item'>\n\t\t\t<div class='gallery-icon landscape'>\n\t\t\t\t<a href='https:\/\/bas-tv.md\/ro\/foto-muzica-si-voie-buna-la-sadaclia-cum-au-sarbatorit-localnicii-hramul-satului\/550374276_1466705961276485_1706793242012909449_n\/'><img decoding=\"async\" width=\"580\" height=\"326\" data-src=\"https:\/\/bas-tv.md\/wp-content\/uploads\/2025\/09\/550374276_1466705961276485_1706793242012909449_n-1024x576.jpg\" class=\"attachment-large size-large lazyload\" alt=\"\" data-srcset=\"https:\/\/bas-tv.md\/wp-content\/uploads\/2025\/09\/550374276_1466705961276485_1706793242012909449_n-1024x576.jpg 1024w, https:\/\/bas-tv.md\/wp-content\/uploads\/2025\/09\/550374276_1466705961276485_1706793242012909449_n-300x169.jpg 300w, https:\/\/bas-tv.md\/wp-content\/uploads\/2025\/09\/550374276_1466705961276485_1706793242012909449_n-768x432.jpg 768w, https:\/\/bas-tv.md\/wp-content\/uploads\/2025\/09\/550374276_1466705961276485_1706793242012909449_n-1200x675.jpg 1200w, https:\/\/bas-tv.md\/wp-content\/uploads\/2025\/09\/550374276_1466705961276485_1706793242012909449_n.jpg 1280w\" data-sizes=\"(max-width: 580px) 100vw, 580px\" src=\"data:image\/svg+xml;base64,PHN2ZyB3aWR0aD0iMSIgaGVpZ2h0PSIxIiB4bWxucz0iaHR0cDovL3d3dy53My5vcmcvMjAwMC9zdmciPjwvc3ZnPg==\" style=\"--smush-placeholder-width: 580px; --smush-placeholder-aspect-ratio: 580\/326;\" \/><\/a>\n\t\t\t<\/div><\/figure><figure class='gallery-item'>\n\t\t\t<div class='gallery-icon landscape'>\n\t\t\t\t<a href='https:\/\/bas-tv.md\/ro\/foto-muzica-si-voie-buna-la-sadaclia-cum-au-sarbatorit-localnicii-hramul-satului\/551249754_1466705864609828_5632828692573015302_n\/'><img decoding=\"async\" width=\"580\" height=\"326\" data-src=\"https:\/\/bas-tv.md\/wp-content\/uploads\/2025\/09\/551249754_1466705864609828_5632828692573015302_n-1024x576.jpg\" class=\"attachment-large size-large lazyload\" alt=\"\" data-srcset=\"https:\/\/bas-tv.md\/wp-content\/uploads\/2025\/09\/551249754_1466705864609828_5632828692573015302_n-1024x576.jpg 1024w, https:\/\/bas-tv.md\/wp-content\/uploads\/2025\/09\/551249754_1466705864609828_5632828692573015302_n-300x169.jpg 300w, https:\/\/bas-tv.md\/wp-content\/uploads\/2025\/09\/551249754_1466705864609828_5632828692573015302_n-768x432.jpg 768w, https:\/\/bas-tv.md\/wp-content\/uploads\/2025\/09\/551249754_1466705864609828_5632828692573015302_n-1200x675.jpg 1200w, https:\/\/bas-tv.md\/wp-content\/uploads\/2025\/09\/551249754_1466705864609828_5632828692573015302_n.jpg 1280w\" data-sizes=\"(max-width: 580px) 100vw, 580px\" src=\"data:image\/svg+xml;base64,PHN2ZyB3aWR0aD0iMSIgaGVpZ2h0PSIxIiB4bWxucz0iaHR0cDovL3d3dy53My5vcmcvMjAwMC9zdmciPjwvc3ZnPg==\" style=\"--smush-placeholder-width: 580px; --smush-placeholder-aspect-ratio: 580\/326;\" \/><\/a>\n\t\t\t<\/div><\/figure><figure class='gallery-item'>\n\t\t\t<div class='gallery-icon landscape'>\n\t\t\t\t<a href='https:\/\/bas-tv.md\/ro\/foto-muzica-si-voie-buna-la-sadaclia-cum-au-sarbatorit-localnicii-hramul-satului\/550576937_1466705654609849_3394452787146342912_n\/'><img decoding=\"async\" width=\"580\" height=\"326\" data-src=\"https:\/\/bas-tv.md\/wp-content\/uploads\/2025\/09\/550576937_1466705654609849_3394452787146342912_n-1024x576.jpg\" class=\"attachment-large size-large lazyload\" alt=\"\" data-srcset=\"https:\/\/bas-tv.md\/wp-content\/uploads\/2025\/09\/550576937_1466705654609849_3394452787146342912_n-1024x576.jpg 1024w, https:\/\/bas-tv.md\/wp-content\/uploads\/2025\/09\/550576937_1466705654609849_3394452787146342912_n-300x169.jpg 300w, https:\/\/bas-tv.md\/wp-content\/uploads\/2025\/09\/550576937_1466705654609849_3394452787146342912_n-768x432.jpg 768w, https:\/\/bas-tv.md\/wp-content\/uploads\/2025\/09\/550576937_1466705654609849_3394452787146342912_n-1200x675.jpg 1200w, https:\/\/bas-tv.md\/wp-content\/uploads\/2025\/09\/550576937_1466705654609849_3394452787146342912_n.jpg 1280w\" data-sizes=\"(max-width: 580px) 100vw, 580px\" src=\"data:image\/svg+xml;base64,PHN2ZyB3aWR0aD0iMSIgaGVpZ2h0PSIxIiB4bWxucz0iaHR0cDovL3d3dy53My5vcmcvMjAwMC9zdmciPjwvc3ZnPg==\" style=\"--smush-placeholder-width: 580px; --smush-placeholder-aspect-ratio: 580\/326;\" \/><\/a>\n\t\t\t<\/div><\/figure><figure class='gallery-item'>\n\t\t\t<div class='gallery-icon landscape'>\n\t\t\t\t<a href='https:\/\/bas-tv.md\/ro\/foto-muzica-si-voie-buna-la-sadaclia-cum-au-sarbatorit-localnicii-hramul-satului\/550762875_1466704544609960_4648820923084746111_n\/'><img decoding=\"async\" width=\"580\" height=\"435\" data-src=\"https:\/\/bas-tv.md\/wp-content\/uploads\/2025\/09\/550762875_1466704544609960_4648820923084746111_n-1024x768.jpg\" class=\"attachment-large size-large lazyload\" alt=\"\" data-srcset=\"https:\/\/bas-tv.md\/wp-content\/uploads\/2025\/09\/550762875_1466704544609960_4648820923084746111_n-1024x768.jpg 1024w, https:\/\/bas-tv.md\/wp-content\/uploads\/2025\/09\/550762875_1466704544609960_4648820923084746111_n-300x225.jpg 300w, https:\/\/bas-tv.md\/wp-content\/uploads\/2025\/09\/550762875_1466704544609960_4648820923084746111_n-768x576.jpg 768w, https:\/\/bas-tv.md\/wp-content\/uploads\/2025\/09\/550762875_1466704544609960_4648820923084746111_n-1536x1152.jpg 1536w, https:\/\/bas-tv.md\/wp-content\/uploads\/2025\/09\/550762875_1466704544609960_4648820923084746111_n-1200x900.jpg 1200w, https:\/\/bas-tv.md\/wp-content\/uploads\/2025\/09\/550762875_1466704544609960_4648820923084746111_n.jpg 1600w\" data-sizes=\"(max-width: 580px) 100vw, 580px\" src=\"data:image\/svg+xml;base64,PHN2ZyB3aWR0aD0iMSIgaGVpZ2h0PSIxIiB4bWxucz0iaHR0cDovL3d3dy53My5vcmcvMjAwMC9zdmciPjwvc3ZnPg==\" style=\"--smush-placeholder-width: 580px; --smush-placeholder-aspect-ratio: 580\/435;\" \/><\/a>\n\t\t\t<\/div><\/figure><figure class='gallery-item'>\n\t\t\t<div class='gallery-icon landscape'>\n\t\t\t\t<a href='https:\/\/bas-tv.md\/ro\/foto-muzica-si-voie-buna-la-sadaclia-cum-au-sarbatorit-localnicii-hramul-satului\/552756397_1466791721267909_7403507977082080405_n\/'><img decoding=\"async\" width=\"580\" height=\"326\" data-src=\"https:\/\/bas-tv.md\/wp-content\/uploads\/2025\/09\/552756397_1466791721267909_7403507977082080405_n-1024x576.jpg\" class=\"attachment-large size-large lazyload\" alt=\"\" aria-describedby=\"gallery-1-161193\" data-srcset=\"https:\/\/bas-tv.md\/wp-content\/uploads\/2025\/09\/552756397_1466791721267909_7403507977082080405_n-1024x576.jpg 1024w, https:\/\/bas-tv.md\/wp-content\/uploads\/2025\/09\/552756397_1466791721267909_7403507977082080405_n-300x169.jpg 300w, https:\/\/bas-tv.md\/wp-content\/uploads\/2025\/09\/552756397_1466791721267909_7403507977082080405_n-768x432.jpg 768w, https:\/\/bas-tv.md\/wp-content\/uploads\/2025\/09\/552756397_1466791721267909_7403507977082080405_n-1200x675.jpg 1200w, https:\/\/bas-tv.md\/wp-content\/uploads\/2025\/09\/552756397_1466791721267909_7403507977082080405_n.jpg 1280w\" data-sizes=\"(max-width: 580px) 100vw, 580px\" src=\"data:image\/svg+xml;base64,PHN2ZyB3aWR0aD0iMSIgaGVpZ2h0PSIxIiB4bWxucz0iaHR0cDovL3d3dy53My5vcmcvMjAwMC9zdmciPjwvc3ZnPg==\" style=\"--smush-placeholder-width: 580px; --smush-placeholder-aspect-ratio: 580\/326;\" \/><\/a>\n\t\t\t<\/div>\n\t\t\t\t<figcaption class='wp-caption-text gallery-caption' id='gallery-1-161193'>\n\t\t\t\tSursa foto: Pagina de Facebook Prim\u0103ria Sadaclia\n\t\t\t\t<\/figcaption><\/figure><figure class='gallery-item'>\n\t\t\t<div class='gallery-icon landscape'>\n\t\t\t\t<a href='https:\/\/bas-tv.md\/ro\/foto-muzica-si-voie-buna-la-sadaclia-cum-au-sarbatorit-localnicii-hramul-satului\/552171412_1466716941275387_6663175306938278057_n\/'><img decoding=\"async\" width=\"580\" height=\"435\" data-src=\"https:\/\/bas-tv.md\/wp-content\/uploads\/2025\/09\/552171412_1466716941275387_6663175306938278057_n-1024x768.jpg\" class=\"attachment-large size-large lazyload\" alt=\"\" data-srcset=\"https:\/\/bas-tv.md\/wp-content\/uploads\/2025\/09\/552171412_1466716941275387_6663175306938278057_n-1024x768.jpg 1024w, https:\/\/bas-tv.md\/wp-content\/uploads\/2025\/09\/552171412_1466716941275387_6663175306938278057_n-300x225.jpg 300w, https:\/\/bas-tv.md\/wp-content\/uploads\/2025\/09\/552171412_1466716941275387_6663175306938278057_n-768x576.jpg 768w, https:\/\/bas-tv.md\/wp-content\/uploads\/2025\/09\/552171412_1466716941275387_6663175306938278057_n-1536x1152.jpg 1536w, https:\/\/bas-tv.md\/wp-content\/uploads\/2025\/09\/552171412_1466716941275387_6663175306938278057_n-1200x900.jpg 1200w, https:\/\/bas-tv.md\/wp-content\/uploads\/2025\/09\/552171412_1466716941275387_6663175306938278057_n.jpg 1600w\" data-sizes=\"(max-width: 580px) 100vw, 580px\" src=\"data:image\/svg+xml;base64,PHN2ZyB3aWR0aD0iMSIgaGVpZ2h0PSIxIiB4bWxucz0iaHR0cDovL3d3dy53My5vcmcvMjAwMC9zdmciPjwvc3ZnPg==\" style=\"--smush-placeholder-width: 580px; --smush-placeholder-aspect-ratio: 580\/435;\" \/><\/a>\n\t\t\t<\/div><\/figure>\n\t\t<\/div>\n\n<p>Momentul culminant al serii a fost sus\u021binut de invita\u021bii speciali Mihaela Tabur\u0103, interpret\u0103 de muzic\u0103 popular\u0103 \u0219i solist\u0103 a Orchestrei \u201eL\u0103utarii\u201d, condus\u0103 de maestrul Nicolae Botgros, \u0219i \u0218tef\u0103nel Ple\u0219ca, care au \u00eentre\u021binut atmosfera cu piese \u00eendr\u0103gite din folclorul rom\u00e2nesc.<\/p>\n<p>Momentul muzical a str\u00e2ns \u00een fa\u021ba scenei o hor\u0103 mare, \u00een care s-au prins de m\u00e2ini locuitori de toate v\u00e2rstele, dans\u00e2nd cu bucurie \u00eentr-o atmosfer\u0103 cald\u0103 \u0219i prietenoas\u0103.<\/p>\n<div id='gallery-2' class='gallery galleryid-161082 gallery-columns-2 gallery-size-large'><figure class='gallery-item'>\n\t\t\t<div class='gallery-icon landscape'>\n\t\t\t\t<a href='https:\/\/bas-tv.md\/ro\/foto-muzica-si-voie-buna-la-sadaclia-cum-au-sarbatorit-localnicii-hramul-satului\/550376127_1466730141274067_6582881922542771918_n\/'><img decoding=\"async\" width=\"580\" height=\"435\" data-src=\"https:\/\/bas-tv.md\/wp-content\/uploads\/2025\/09\/550376127_1466730141274067_6582881922542771918_n-1024x768.jpg\" class=\"attachment-large size-large lazyload\" alt=\"\" data-srcset=\"https:\/\/bas-tv.md\/wp-content\/uploads\/2025\/09\/550376127_1466730141274067_6582881922542771918_n-1024x768.jpg 1024w, https:\/\/bas-tv.md\/wp-content\/uploads\/2025\/09\/550376127_1466730141274067_6582881922542771918_n-300x225.jpg 300w, https:\/\/bas-tv.md\/wp-content\/uploads\/2025\/09\/550376127_1466730141274067_6582881922542771918_n-768x576.jpg 768w, https:\/\/bas-tv.md\/wp-content\/uploads\/2025\/09\/550376127_1466730141274067_6582881922542771918_n-1536x1152.jpg 1536w, https:\/\/bas-tv.md\/wp-content\/uploads\/2025\/09\/550376127_1466730141274067_6582881922542771918_n-1200x900.jpg 1200w, https:\/\/bas-tv.md\/wp-content\/uploads\/2025\/09\/550376127_1466730141274067_6582881922542771918_n-1980x1485.jpg 1980w, https:\/\/bas-tv.md\/wp-content\/uploads\/2025\/09\/550376127_1466730141274067_6582881922542771918_n.jpg 2000w\" data-sizes=\"(max-width: 580px) 100vw, 580px\" src=\"data:image\/svg+xml;base64,PHN2ZyB3aWR0aD0iMSIgaGVpZ2h0PSIxIiB4bWxucz0iaHR0cDovL3d3dy53My5vcmcvMjAwMC9zdmciPjwvc3ZnPg==\" style=\"--smush-placeholder-width: 580px; --smush-placeholder-aspect-ratio: 580\/435;\" \/><\/a>\n\t\t\t<\/div><\/figure><figure class='gallery-item'>\n\t\t\t<div class='gallery-icon landscape'>\n\t\t\t\t<a href='https:\/\/bas-tv.md\/ro\/foto-muzica-si-voie-buna-la-sadaclia-cum-au-sarbatorit-localnicii-hramul-satului\/552000426_1466730054607409_3933528882820981637_n\/'><img decoding=\"async\" width=\"580\" height=\"435\" data-src=\"https:\/\/bas-tv.md\/wp-content\/uploads\/2025\/09\/552000426_1466730054607409_3933528882820981637_n-1024x768.jpg\" class=\"attachment-large size-large lazyload\" alt=\"\" data-srcset=\"https:\/\/bas-tv.md\/wp-content\/uploads\/2025\/09\/552000426_1466730054607409_3933528882820981637_n-1024x768.jpg 1024w, https:\/\/bas-tv.md\/wp-content\/uploads\/2025\/09\/552000426_1466730054607409_3933528882820981637_n-300x225.jpg 300w, https:\/\/bas-tv.md\/wp-content\/uploads\/2025\/09\/552000426_1466730054607409_3933528882820981637_n-768x576.jpg 768w, https:\/\/bas-tv.md\/wp-content\/uploads\/2025\/09\/552000426_1466730054607409_3933528882820981637_n-1536x1152.jpg 1536w, https:\/\/bas-tv.md\/wp-content\/uploads\/2025\/09\/552000426_1466730054607409_3933528882820981637_n-1200x900.jpg 1200w, https:\/\/bas-tv.md\/wp-content\/uploads\/2025\/09\/552000426_1466730054607409_3933528882820981637_n-1980x1485.jpg 1980w, https:\/\/bas-tv.md\/wp-content\/uploads\/2025\/09\/552000426_1466730054607409_3933528882820981637_n.jpg 2000w\" data-sizes=\"(max-width: 580px) 100vw, 580px\" src=\"data:image\/svg+xml;base64,PHN2ZyB3aWR0aD0iMSIgaGVpZ2h0PSIxIiB4bWxucz0iaHR0cDovL3d3dy53My5vcmcvMjAwMC9zdmciPjwvc3ZnPg==\" style=\"--smush-placeholder-width: 580px; --smush-placeholder-aspect-ratio: 580\/435;\" \/><\/a>\n\t\t\t<\/div><\/figure><figure class='gallery-item'>\n\t\t\t<div class='gallery-icon landscape'>\n\t\t\t\t<a href='https:\/\/bas-tv.md\/ro\/foto-muzica-si-voie-buna-la-sadaclia-cum-au-sarbatorit-localnicii-hramul-satului\/550891439_1466704731276608_4689336048900480098_n\/'><img decoding=\"async\" width=\"580\" height=\"435\" data-src=\"https:\/\/bas-tv.md\/wp-content\/uploads\/2025\/09\/550891439_1466704731276608_4689336048900480098_n-1024x768.jpg\" class=\"attachment-large size-large lazyload\" alt=\"\" aria-describedby=\"gallery-2-161185\" data-srcset=\"https:\/\/bas-tv.md\/wp-content\/uploads\/2025\/09\/550891439_1466704731276608_4689336048900480098_n-1024x768.jpg 1024w, https:\/\/bas-tv.md\/wp-content\/uploads\/2025\/09\/550891439_1466704731276608_4689336048900480098_n-300x225.jpg 300w, https:\/\/bas-tv.md\/wp-content\/uploads\/2025\/09\/550891439_1466704731276608_4689336048900480098_n-768x576.jpg 768w, https:\/\/bas-tv.md\/wp-content\/uploads\/2025\/09\/550891439_1466704731276608_4689336048900480098_n-1536x1152.jpg 1536w, https:\/\/bas-tv.md\/wp-content\/uploads\/2025\/09\/550891439_1466704731276608_4689336048900480098_n-1200x900.jpg 1200w, https:\/\/bas-tv.md\/wp-content\/uploads\/2025\/09\/550891439_1466704731276608_4689336048900480098_n-1980x1485.jpg 1980w, https:\/\/bas-tv.md\/wp-content\/uploads\/2025\/09\/550891439_1466704731276608_4689336048900480098_n.jpg 2000w\" data-sizes=\"(max-width: 580px) 100vw, 580px\" src=\"data:image\/svg+xml;base64,PHN2ZyB3aWR0aD0iMSIgaGVpZ2h0PSIxIiB4bWxucz0iaHR0cDovL3d3dy53My5vcmcvMjAwMC9zdmciPjwvc3ZnPg==\" style=\"--smush-placeholder-width: 580px; --smush-placeholder-aspect-ratio: 580\/435;\" \/><\/a>\n\t\t\t<\/div>\n\t\t\t\t<figcaption class='wp-caption-text gallery-caption' id='gallery-2-161185'>\n\t\t\t\tSursa foto: Pagina de Facebook Prim\u0103ria Sadaclia\n\t\t\t\t<\/figcaption><\/figure><figure class='gallery-item'>\n\t\t\t<div class='gallery-icon landscape'>\n\t\t\t\t<a href='https:\/\/bas-tv.md\/ro\/foto-muzica-si-voie-buna-la-sadaclia-cum-au-sarbatorit-localnicii-hramul-satului\/550732213_1466704777943270_4482788855492107440_n-2\/'><img decoding=\"async\" width=\"580\" height=\"435\" data-src=\"https:\/\/bas-tv.md\/wp-content\/uploads\/2025\/09\/550732213_1466704777943270_4482788855492107440_n-1-1024x768.jpg\" class=\"attachment-large size-large lazyload\" alt=\"\" data-srcset=\"https:\/\/bas-tv.md\/wp-content\/uploads\/2025\/09\/550732213_1466704777943270_4482788855492107440_n-1-1024x768.jpg 1024w, https:\/\/bas-tv.md\/wp-content\/uploads\/2025\/09\/550732213_1466704777943270_4482788855492107440_n-1-300x225.jpg 300w, https:\/\/bas-tv.md\/wp-content\/uploads\/2025\/09\/550732213_1466704777943270_4482788855492107440_n-1-768x576.jpg 768w, https:\/\/bas-tv.md\/wp-content\/uploads\/2025\/09\/550732213_1466704777943270_4482788855492107440_n-1-1536x1152.jpg 1536w, https:\/\/bas-tv.md\/wp-content\/uploads\/2025\/09\/550732213_1466704777943270_4482788855492107440_n-1-1200x900.jpg 1200w, https:\/\/bas-tv.md\/wp-content\/uploads\/2025\/09\/550732213_1466704777943270_4482788855492107440_n-1-1980x1485.jpg 1980w, https:\/\/bas-tv.md\/wp-content\/uploads\/2025\/09\/550732213_1466704777943270_4482788855492107440_n-1.jpg 2000w\" data-sizes=\"(max-width: 580px) 100vw, 580px\" src=\"data:image\/svg+xml;base64,PHN2ZyB3aWR0aD0iMSIgaGVpZ2h0PSIxIiB4bWxucz0iaHR0cDovL3d3dy53My5vcmcvMjAwMC9zdmciPjwvc3ZnPg==\" style=\"--smush-placeholder-width: 580px; --smush-placeholder-aspect-ratio: 580\/435;\" \/><\/a>\n\t\t\t<\/div><\/figure>\n\t\t<\/div>\n\n<p>Pe parcursul zilei, vizitatorii au putut descoperi un iarmaroc al me\u0219terilor populari din zon\u0103, cu lucr\u0103ri \u0219i obiecte de artizanat. La r\u00e2ndul lor, Liceul Teoretic \u201eMihai Eminescu\u201d, \u00eempreun\u0103 cu gr\u0103dini\u021bele \u201eGugu\u021b\u0103\u201d \u0219i \u201eRomani\u021ba\u201d, au amenajat expozi\u021bii tematice.<\/p>\n<div id='gallery-3' class='gallery galleryid-161082 gallery-columns-2 gallery-size-large'><figure class='gallery-item'>\n\t\t\t<div class='gallery-icon landscape'>\n\t\t\t\t<a href='https:\/\/bas-tv.md\/ro\/foto-muzica-si-voie-buna-la-sadaclia-cum-au-sarbatorit-localnicii-hramul-satului\/552558652_1466704934609921_8201599804424077108_n\/'><img decoding=\"async\" width=\"580\" height=\"435\" data-src=\"https:\/\/bas-tv.md\/wp-content\/uploads\/2025\/09\/552558652_1466704934609921_8201599804424077108_n-1024x768.jpg\" class=\"attachment-large size-large lazyload\" alt=\"\" data-srcset=\"https:\/\/bas-tv.md\/wp-content\/uploads\/2025\/09\/552558652_1466704934609921_8201599804424077108_n-1024x768.jpg 1024w, https:\/\/bas-tv.md\/wp-content\/uploads\/2025\/09\/552558652_1466704934609921_8201599804424077108_n-300x225.jpg 300w, https:\/\/bas-tv.md\/wp-content\/uploads\/2025\/09\/552558652_1466704934609921_8201599804424077108_n-768x576.jpg 768w, https:\/\/bas-tv.md\/wp-content\/uploads\/2025\/09\/552558652_1466704934609921_8201599804424077108_n-1200x900.jpg 1200w, https:\/\/bas-tv.md\/wp-content\/uploads\/2025\/09\/552558652_1466704934609921_8201599804424077108_n.jpg 1280w\" data-sizes=\"(max-width: 580px) 100vw, 580px\" src=\"data:image\/svg+xml;base64,PHN2ZyB3aWR0aD0iMSIgaGVpZ2h0PSIxIiB4bWxucz0iaHR0cDovL3d3dy53My5vcmcvMjAwMC9zdmciPjwvc3ZnPg==\" style=\"--smush-placeholder-width: 580px; --smush-placeholder-aspect-ratio: 580\/435;\" \/><\/a>\n\t\t\t<\/div><\/figure><figure class='gallery-item'>\n\t\t\t<div class='gallery-icon landscape'>\n\t\t\t\t<a href='https:\/\/bas-tv.md\/ro\/foto-muzica-si-voie-buna-la-sadaclia-cum-au-sarbatorit-localnicii-hramul-satului\/552336380_1466704981276583_5266570707288169708_n\/'><img decoding=\"async\" width=\"580\" height=\"435\" data-src=\"https:\/\/bas-tv.md\/wp-content\/uploads\/2025\/09\/552336380_1466704981276583_5266570707288169708_n-1024x768.jpg\" class=\"attachment-large size-large lazyload\" alt=\"\" data-srcset=\"https:\/\/bas-tv.md\/wp-content\/uploads\/2025\/09\/552336380_1466704981276583_5266570707288169708_n-1024x768.jpg 1024w, https:\/\/bas-tv.md\/wp-content\/uploads\/2025\/09\/552336380_1466704981276583_5266570707288169708_n-300x225.jpg 300w, https:\/\/bas-tv.md\/wp-content\/uploads\/2025\/09\/552336380_1466704981276583_5266570707288169708_n-768x576.jpg 768w, https:\/\/bas-tv.md\/wp-content\/uploads\/2025\/09\/552336380_1466704981276583_5266570707288169708_n-1200x900.jpg 1200w, https:\/\/bas-tv.md\/wp-content\/uploads\/2025\/09\/552336380_1466704981276583_5266570707288169708_n.jpg 1280w\" data-sizes=\"(max-width: 580px) 100vw, 580px\" src=\"data:image\/svg+xml;base64,PHN2ZyB3aWR0aD0iMSIgaGVpZ2h0PSIxIiB4bWxucz0iaHR0cDovL3d3dy53My5vcmcvMjAwMC9zdmciPjwvc3ZnPg==\" style=\"--smush-placeholder-width: 580px; --smush-placeholder-aspect-ratio: 580\/435;\" \/><\/a>\n\t\t\t<\/div><\/figure><figure class='gallery-item'>\n\t\t\t<div class='gallery-icon landscape'>\n\t\t\t\t<a href='https:\/\/bas-tv.md\/ro\/foto-muzica-si-voie-buna-la-sadaclia-cum-au-sarbatorit-localnicii-hramul-satului\/552632628_1466705061276575_1093980580140787395_n\/'><img decoding=\"async\" width=\"580\" height=\"435\" data-src=\"https:\/\/bas-tv.md\/wp-content\/uploads\/2025\/09\/552632628_1466705061276575_1093980580140787395_n-1024x768.jpg\" class=\"attachment-large size-large lazyload\" alt=\"\" data-srcset=\"https:\/\/bas-tv.md\/wp-content\/uploads\/2025\/09\/552632628_1466705061276575_1093980580140787395_n-1024x768.jpg 1024w, https:\/\/bas-tv.md\/wp-content\/uploads\/2025\/09\/552632628_1466705061276575_1093980580140787395_n-300x225.jpg 300w, https:\/\/bas-tv.md\/wp-content\/uploads\/2025\/09\/552632628_1466705061276575_1093980580140787395_n-768x576.jpg 768w, https:\/\/bas-tv.md\/wp-content\/uploads\/2025\/09\/552632628_1466705061276575_1093980580140787395_n-1200x900.jpg 1200w, https:\/\/bas-tv.md\/wp-content\/uploads\/2025\/09\/552632628_1466705061276575_1093980580140787395_n.jpg 1280w\" data-sizes=\"(max-width: 580px) 100vw, 580px\" src=\"data:image\/svg+xml;base64,PHN2ZyB3aWR0aD0iMSIgaGVpZ2h0PSIxIiB4bWxucz0iaHR0cDovL3d3dy53My5vcmcvMjAwMC9zdmciPjwvc3ZnPg==\" style=\"--smush-placeholder-width: 580px; --smush-placeholder-aspect-ratio: 580\/435;\" \/><\/a>\n\t\t\t<\/div><\/figure><figure class='gallery-item'>\n\t\t\t<div class='gallery-icon landscape'>\n\t\t\t\t<a href='https:\/\/bas-tv.md\/ro\/foto-muzica-si-voie-buna-la-sadaclia-cum-au-sarbatorit-localnicii-hramul-satului\/552170755_1466705197943228_8466791486765676706_n\/'><img decoding=\"async\" width=\"580\" height=\"435\" data-src=\"https:\/\/bas-tv.md\/wp-content\/uploads\/2025\/09\/552170755_1466705197943228_8466791486765676706_n-1024x768.jpg\" class=\"attachment-large size-large lazyload\" alt=\"\" data-srcset=\"https:\/\/bas-tv.md\/wp-content\/uploads\/2025\/09\/552170755_1466705197943228_8466791486765676706_n-1024x768.jpg 1024w, https:\/\/bas-tv.md\/wp-content\/uploads\/2025\/09\/552170755_1466705197943228_8466791486765676706_n-300x225.jpg 300w, https:\/\/bas-tv.md\/wp-content\/uploads\/2025\/09\/552170755_1466705197943228_8466791486765676706_n-768x576.jpg 768w, https:\/\/bas-tv.md\/wp-content\/uploads\/2025\/09\/552170755_1466705197943228_8466791486765676706_n-1200x900.jpg 1200w, https:\/\/bas-tv.md\/wp-content\/uploads\/2025\/09\/552170755_1466705197943228_8466791486765676706_n.jpg 1280w\" data-sizes=\"(max-width: 580px) 100vw, 580px\" src=\"data:image\/svg+xml;base64,PHN2ZyB3aWR0aD0iMSIgaGVpZ2h0PSIxIiB4bWxucz0iaHR0cDovL3d3dy53My5vcmcvMjAwMC9zdmciPjwvc3ZnPg==\" style=\"--smush-placeholder-width: 580px; --smush-placeholder-aspect-ratio: 580\/435;\" \/><\/a>\n\t\t\t<\/div><\/figure><figure class='gallery-item'>\n\t\t\t<div class='gallery-icon portrait'>\n\t\t\t\t<a href='https:\/\/bas-tv.md\/ro\/foto-muzica-si-voie-buna-la-sadaclia-cum-au-sarbatorit-localnicii-hramul-satului\/552306643_1466705107943237_6220300325598588602_n\/'><img decoding=\"async\" width=\"580\" height=\"773\" data-src=\"https:\/\/bas-tv.md\/wp-content\/uploads\/2025\/09\/552306643_1466705107943237_6220300325598588602_n-768x1024.jpg\" class=\"attachment-large size-large lazyload\" alt=\"\" data-srcset=\"https:\/\/bas-tv.md\/wp-content\/uploads\/2025\/09\/552306643_1466705107943237_6220300325598588602_n-768x1024.jpg 768w, https:\/\/bas-tv.md\/wp-content\/uploads\/2025\/09\/552306643_1466705107943237_6220300325598588602_n-225x300.jpg 225w, https:\/\/bas-tv.md\/wp-content\/uploads\/2025\/09\/552306643_1466705107943237_6220300325598588602_n.jpg 960w\" data-sizes=\"(max-width: 580px) 100vw, 580px\" src=\"data:image\/svg+xml;base64,PHN2ZyB3aWR0aD0iMSIgaGVpZ2h0PSIxIiB4bWxucz0iaHR0cDovL3d3dy53My5vcmcvMjAwMC9zdmciPjwvc3ZnPg==\" style=\"--smush-placeholder-width: 580px; --smush-placeholder-aspect-ratio: 580\/773;\" \/><\/a>\n\t\t\t<\/div><\/figure><figure class='gallery-item'>\n\t\t\t<div class='gallery-icon portrait'>\n\t\t\t\t<a href='https:\/\/bas-tv.md\/ro\/foto-muzica-si-voie-buna-la-sadaclia-cum-au-sarbatorit-localnicii-hramul-satului\/552424798_1466705017943246_2255045694329158961_n\/'><img decoding=\"async\" width=\"580\" height=\"773\" data-src=\"https:\/\/bas-tv.md\/wp-content\/uploads\/2025\/09\/552424798_1466705017943246_2255045694329158961_n-768x1024.jpg\" class=\"attachment-large size-large lazyload\" alt=\"\" data-srcset=\"https:\/\/bas-tv.md\/wp-content\/uploads\/2025\/09\/552424798_1466705017943246_2255045694329158961_n-768x1024.jpg 768w, https:\/\/bas-tv.md\/wp-content\/uploads\/2025\/09\/552424798_1466705017943246_2255045694329158961_n-225x300.jpg 225w, https:\/\/bas-tv.md\/wp-content\/uploads\/2025\/09\/552424798_1466705017943246_2255045694329158961_n.jpg 960w\" data-sizes=\"(max-width: 580px) 100vw, 580px\" src=\"data:image\/svg+xml;base64,PHN2ZyB3aWR0aD0iMSIgaGVpZ2h0PSIxIiB4bWxucz0iaHR0cDovL3d3dy53My5vcmcvMjAwMC9zdmciPjwvc3ZnPg==\" style=\"--smush-placeholder-width: 580px; --smush-placeholder-aspect-ratio: 580\/773;\" \/><\/a>\n\t\t\t<\/div><\/figure><figure class='gallery-item'>\n\t\t\t<div class='gallery-icon portrait'>\n\t\t\t\t<a href='https:\/\/bas-tv.md\/ro\/foto-muzica-si-voie-buna-la-sadaclia-cum-au-sarbatorit-localnicii-hramul-satului\/550536890_1466705314609883_9041702077439524210_n\/'><img decoding=\"async\" width=\"580\" height=\"773\" data-src=\"https:\/\/bas-tv.md\/wp-content\/uploads\/2025\/09\/550536890_1466705314609883_9041702077439524210_n-768x1024.jpg\" class=\"attachment-large size-large lazyload\" alt=\"\" aria-describedby=\"gallery-3-161138\" data-srcset=\"https:\/\/bas-tv.md\/wp-content\/uploads\/2025\/09\/550536890_1466705314609883_9041702077439524210_n-768x1024.jpg 768w, https:\/\/bas-tv.md\/wp-content\/uploads\/2025\/09\/550536890_1466705314609883_9041702077439524210_n-225x300.jpg 225w, https:\/\/bas-tv.md\/wp-content\/uploads\/2025\/09\/550536890_1466705314609883_9041702077439524210_n.jpg 960w\" data-sizes=\"(max-width: 580px) 100vw, 580px\" src=\"data:image\/svg+xml;base64,PHN2ZyB3aWR0aD0iMSIgaGVpZ2h0PSIxIiB4bWxucz0iaHR0cDovL3d3dy53My5vcmcvMjAwMC9zdmciPjwvc3ZnPg==\" style=\"--smush-placeholder-width: 580px; --smush-placeholder-aspect-ratio: 580\/773;\" \/><\/a>\n\t\t\t<\/div>\n\t\t\t\t<figcaption class='wp-caption-text gallery-caption' id='gallery-3-161138'>\n\t\t\t\tSursa foto: Pagina de Facebook Prim\u0103ria Sadaclia\n\t\t\t\t<\/figcaption><\/figure><figure class='gallery-item'>\n\t\t\t<div class='gallery-icon portrait'>\n\t\t\t\t<a href='https:\/\/bas-tv.md\/ro\/foto-muzica-si-voie-buna-la-sadaclia-cum-au-sarbatorit-localnicii-hramul-satului\/552174363_1466705601276521_2712922466770664268_n\/'><img decoding=\"async\" width=\"580\" height=\"773\" data-src=\"https:\/\/bas-tv.md\/wp-content\/uploads\/2025\/09\/552174363_1466705601276521_2712922466770664268_n-768x1024.jpg\" class=\"attachment-large size-large lazyload\" alt=\"\" data-srcset=\"https:\/\/bas-tv.md\/wp-content\/uploads\/2025\/09\/552174363_1466705601276521_2712922466770664268_n-768x1024.jpg 768w, https:\/\/bas-tv.md\/wp-content\/uploads\/2025\/09\/552174363_1466705601276521_2712922466770664268_n-225x300.jpg 225w, https:\/\/bas-tv.md\/wp-content\/uploads\/2025\/09\/552174363_1466705601276521_2712922466770664268_n.jpg 960w\" data-sizes=\"(max-width: 580px) 100vw, 580px\" src=\"data:image\/svg+xml;base64,PHN2ZyB3aWR0aD0iMSIgaGVpZ2h0PSIxIiB4bWxucz0iaHR0cDovL3d3dy53My5vcmcvMjAwMC9zdmciPjwvc3ZnPg==\" style=\"--smush-placeholder-width: 580px; --smush-placeholder-aspect-ratio: 580\/773;\" \/><\/a>\n\t\t\t<\/div><\/figure>\n\t\t<\/div>\n\n<p data-start=\"0\" data-end=\"275\">Unul dintre cele mai emo\u021bionante momente ale serii a fost cel \u00een care au urcat pe scen\u0103 cuplurile ajunse la jum\u0103tate de secol de c\u0103snicie. Publicul a fost invitat s\u0103 cunoasc\u0103 familiile care, de-a lungul anilor, au devenit repere de statornicie, dragoste \u0219i d\u0103ruire reciproc\u0103.<\/p>\n<p data-start=\"277\" data-end=\"366\">Felicit\u0103rile c\u0103lduroase, florile, aplauzele prelungite ale spectatorilor \u0219i z\u00e2mbetele sincere au fost de nelipsit.<\/p>\n<figure id=\"attachment_161120\" aria-describedby=\"caption-attachment-161120\" style=\"width: 580px\" class=\"wp-caption aligncenter\"><img decoding=\"async\" class=\"size-large wp-image-161120 lazyload\" data-src=\"https:\/\/bas-tv.md\/wp-content\/uploads\/2025\/09\/550190120_1466717057942042_2355271718965909250_n-1024x768.jpg\" alt=\"\" width=\"580\" height=\"435\" data-srcset=\"https:\/\/bas-tv.md\/wp-content\/uploads\/2025\/09\/550190120_1466717057942042_2355271718965909250_n-1024x768.jpg 1024w, https:\/\/bas-tv.md\/wp-content\/uploads\/2025\/09\/550190120_1466717057942042_2355271718965909250_n-300x225.jpg 300w, https:\/\/bas-tv.md\/wp-content\/uploads\/2025\/09\/550190120_1466717057942042_2355271718965909250_n-768x576.jpg 768w, https:\/\/bas-tv.md\/wp-content\/uploads\/2025\/09\/550190120_1466717057942042_2355271718965909250_n-1536x1152.jpg 1536w, https:\/\/bas-tv.md\/wp-content\/uploads\/2025\/09\/550190120_1466717057942042_2355271718965909250_n-1200x900.jpg 1200w, https:\/\/bas-tv.md\/wp-content\/uploads\/2025\/09\/550190120_1466717057942042_2355271718965909250_n.jpg 1600w\" data-sizes=\"(max-width: 580px) 100vw, 580px\" src=\"data:image\/svg+xml;base64,PHN2ZyB3aWR0aD0iMSIgaGVpZ2h0PSIxIiB4bWxucz0iaHR0cDovL3d3dy53My5vcmcvMjAwMC9zdmciPjwvc3ZnPg==\" style=\"--smush-placeholder-width: 580px; --smush-placeholder-aspect-ratio: 580\/435;\" \/><figcaption id=\"caption-attachment-161120\" class=\"wp-caption-text\">Sursa foto: Pagina de Facebook Prim\u0103ria Sadaclia<\/figcaption><\/figure>\n<p>Seara s-a \u00eencheiat cu un spectacol cu focuri de artificii, marc\u00e2nd festiv finalul unei zile dedicate comunit\u0103\u021bii, tradi\u021biei \u0219i bucuriei de a celebra cele mai importante evenimente \u00eempreun\u0103.<\/p>\n<p>Autor: Virineia Carapirea<\/p>\n<p><strong>Sus\u021bine\u021bi redac\u021bia BAStv, abona\u021bi-v\u0103 la noi pe platforma\u00a0<a href=\"https:\/\/www.patreon.com\/BAStv?fan_landing=true&amp;fbclid=IwAR3MeSDKfH4ixBydCXX9D1lhrCszhps3ID5uxuGA-Ktd4MTkZCRdlcEZkQI\">Patreon\u00a0<\/a>sau prin efectuarea contribu\u021biilor prin\u00a0<a href=\"https:\/\/www.paypal.com\/paypalme\/supportbastv\">PayPal<\/a>! Aceasta ne va ajuta s\u0103 cre\u0103m con\u021binut interesant \u0219i util pentru dvs., r\u0103m\u00e2n\u00e2nd \u00een continuare o platform\u0103 media independent\u0103.<\/strong><\/p>\n<p><b>Abona\u021bi-v\u0103 la noi pe re\u021bele sociale:\u00a0<\/b><a href=\"https:\/\/t.me\/bastvmd\"><b><i>Telegram<\/i><\/b><\/a><b>,\u00a0<\/b><a href=\"https:\/\/www.youtube.com\/channel\/UC-9005PnLnhpNM8PVSjP2dQ\/featured\"><b><i>YouTube<\/i><\/b><\/a><b>,\u00a0<\/b><a href=\"https:\/\/www.facebook.com\/bastv.md\"><b><i>Facebook<\/i><\/b><\/a>\u00a0<strong>\u0219i\u00a0<\/strong><a href=\"https:\/\/www.instagram.com\/bastv.md\/\"><b><i>Instagram<\/i><\/b><\/a><b>. Aici public\u0103m \u0219tiri pe scurt.<\/b><\/p>\n","protected":false},"excerpt":{"rendered":"<p>Duminic\u0103, 21 septembrie 2025, sadaclienii au celebrat, cu mare fast, Hramul Satului. Spiritualitatea, arta \u0219i tradi\u021biile populare s-au \u00eempletit armonios \u00eentr-un eveniment \u00eenc\u0103rcat de emo\u021bie \u0219i aplauze. S\u0103rb\u0103toarea a \u00eenceput dis-de-diminea\u021b\u0103, cu Sf\u00e2nta Liturghie la Biserica \u201eNa\u0219terea Maicii Domnului\u201d, ocrotitoarea localit\u0103\u021bii. La slujb\u0103, credincio\u0219i din sat \u0219i vizitatori s-au adunat laolalt\u0103 pentru un moment de [&hellip;]<\/p>\n","protected":false},"author":3,"featured_media":161124,"comment_status":"closed","ping_status":"closed","sticky":false,"template":"","format":"standard","meta":{"footnotes":""},"categories":[602,569],"tags":[1397,683],"class_list":["post-161082","post","type-post","status-publish","format-standard","has-post-thumbnail","hentry","category-actualitate","category-in-basarabeasca","tag-hramul-satului","tag-sadaclia"],"yoast_head":"<!-- This site is optimized with the Yoast SEO plugin v27.5 - https:\/\/yoast.com\/product\/yoast-seo-wordpress\/ -->\n<title>(FOTO) Muzic\u0103 \u0219i voie bun\u0103 la Sadaclia: cum au s\u0103rb\u0103torit localnicii Hramul Satului - BasTV<\/title>\n<meta name=\"description\" content=\"Duminic\u0103, 21 septembrie 2025, sadaclienii au celebrat, cu mare fast, Hramul Satului. Spiritualitatea, arta \u0219i tradi\u021biile populare s-au \u00eempletit armonios \u00eentr-un eveniment \u00eenc\u0103rcat de emo\u021bie \u0219i aplauze.\" \/>\n<meta name=\"robots\" content=\"index, follow, max-snippet:-1, max-image-preview:large, max-video-preview:-1\" \/>\n<link rel=\"canonical\" href=\"https:\/\/bas-tv.md\/ro\/foto-muzica-si-voie-buna-la-sadaclia-cum-au-sarbatorit-localnicii-hramul-satului\/\" \/>\n<meta property=\"og:locale\" content=\"ro_RO\" \/>\n<meta property=\"og:type\" content=\"article\" \/>\n<meta property=\"og:title\" content=\"(FOTO) Muzic\u0103 \u0219i voie bun\u0103 la Sadaclia: cum au s\u0103rb\u0103torit localnicii Hramul Satului - BasTV\" \/>\n<meta property=\"og:description\" content=\"Duminic\u0103, 21 septembrie 2025, sadaclienii au celebrat, cu mare fast, Hramul Satului. Spiritualitatea, arta \u0219i tradi\u021biile populare s-au \u00eempletit armonios \u00eentr-un eveniment \u00eenc\u0103rcat de emo\u021bie \u0219i aplauze.\" \/>\n<meta property=\"og:url\" content=\"https:\/\/bas-tv.md\/ro\/foto-muzica-si-voie-buna-la-sadaclia-cum-au-sarbatorit-localnicii-hramul-satului\/\" \/>\n<meta property=\"og:site_name\" content=\"BasTV\" \/>\n<meta property=\"article:published_time\" content=\"2025-09-23T16:00:49+00:00\" \/>\n<meta property=\"og:image\" content=\"https:\/\/bas-tv.md\/wp-content\/uploads\/2025\/09\/550732213_1466704777943270_4482788855492107440_n.jpg\" \/>\n\t<meta property=\"og:image:width\" content=\"2000\" \/>\n\t<meta property=\"og:image:height\" content=\"1500\" \/>\n\t<meta property=\"og:image:type\" content=\"image\/jpeg\" \/>\n<meta name=\"author\" content=\"Redactor\" \/>\n<meta name=\"twitter:card\" content=\"summary_large_image\" \/>\n<meta name=\"twitter:label1\" content=\"Scris de\" \/>\n\t<meta name=\"twitter:data1\" content=\"Redactor\" \/>\n\t<meta name=\"twitter:label2\" content=\"Timp estimat pentru citire\" \/>\n\t<meta name=\"twitter:data2\" content=\"3 minute\" \/>\n<script type=\"application\/ld+json\" class=\"yoast-schema-graph\">{\"@context\":\"https:\\\/\\\/schema.org\",\"@graph\":[{\"@type\":\"Article\",\"@id\":\"https:\\\/\\\/bas-tv.md\\\/ro\\\/foto-muzica-si-voie-buna-la-sadaclia-cum-au-sarbatorit-localnicii-hramul-satului\\\/#article\",\"isPartOf\":{\"@id\":\"https:\\\/\\\/bas-tv.md\\\/ro\\\/foto-muzica-si-voie-buna-la-sadaclia-cum-au-sarbatorit-localnicii-hramul-satului\\\/\"},\"author\":{\"name\":\"Redactor\",\"@id\":\"https:\\\/\\\/bas-tv.md\\\/ro\\\/#\\\/schema\\\/person\\\/8740f45ea2eca1f1695284fc03529af0\"},\"headline\":\"(FOTO) Muzic\u0103 \u0219i voie bun\u0103 la Sadaclia: cum au s\u0103rb\u0103torit localnicii Hramul Satului\",\"datePublished\":\"2025-09-23T16:00:49+00:00\",\"mainEntityOfPage\":{\"@id\":\"https:\\\/\\\/bas-tv.md\\\/ro\\\/foto-muzica-si-voie-buna-la-sadaclia-cum-au-sarbatorit-localnicii-hramul-satului\\\/\"},\"wordCount\":490,\"publisher\":{\"@id\":\"https:\\\/\\\/bas-tv.md\\\/ro\\\/#organization\"},\"image\":{\"@id\":\"https:\\\/\\\/bas-tv.md\\\/ro\\\/foto-muzica-si-voie-buna-la-sadaclia-cum-au-sarbatorit-localnicii-hramul-satului\\\/#primaryimage\"},\"thumbnailUrl\":\"https:\\\/\\\/bas-tv.md\\\/wp-content\\\/uploads\\\/2025\\\/09\\\/550732213_1466704777943270_4482788855492107440_n.jpg\",\"keywords\":[\"Hramul satului\",\"sadaclia\"],\"articleSection\":[\"Actualitate\",\"\u00cen Basarabeasca\"],\"inLanguage\":\"ro-RO\"},{\"@type\":\"WebPage\",\"@id\":\"https:\\\/\\\/bas-tv.md\\\/ro\\\/foto-muzica-si-voie-buna-la-sadaclia-cum-au-sarbatorit-localnicii-hramul-satului\\\/\",\"url\":\"https:\\\/\\\/bas-tv.md\\\/ro\\\/foto-muzica-si-voie-buna-la-sadaclia-cum-au-sarbatorit-localnicii-hramul-satului\\\/\",\"name\":\"(FOTO) Muzic\u0103 \u0219i voie bun\u0103 la Sadaclia: cum au s\u0103rb\u0103torit localnicii Hramul Satului - BasTV\",\"isPartOf\":{\"@id\":\"https:\\\/\\\/bas-tv.md\\\/ro\\\/#website\"},\"primaryImageOfPage\":{\"@id\":\"https:\\\/\\\/bas-tv.md\\\/ro\\\/foto-muzica-si-voie-buna-la-sadaclia-cum-au-sarbatorit-localnicii-hramul-satului\\\/#primaryimage\"},\"image\":{\"@id\":\"https:\\\/\\\/bas-tv.md\\\/ro\\\/foto-muzica-si-voie-buna-la-sadaclia-cum-au-sarbatorit-localnicii-hramul-satului\\\/#primaryimage\"},\"thumbnailUrl\":\"https:\\\/\\\/bas-tv.md\\\/wp-content\\\/uploads\\\/2025\\\/09\\\/550732213_1466704777943270_4482788855492107440_n.jpg\",\"datePublished\":\"2025-09-23T16:00:49+00:00\",\"description\":\"Duminic\u0103, 21 septembrie 2025, sadaclienii au celebrat, cu mare fast, Hramul Satului. Spiritualitatea, arta \u0219i tradi\u021biile populare s-au \u00eempletit armonios \u00eentr-un eveniment \u00eenc\u0103rcat de emo\u021bie \u0219i aplauze.\",\"inLanguage\":\"ro-RO\",\"potentialAction\":[{\"@type\":\"ReadAction\",\"target\":[\"https:\\\/\\\/bas-tv.md\\\/ro\\\/foto-muzica-si-voie-buna-la-sadaclia-cum-au-sarbatorit-localnicii-hramul-satului\\\/\"]}]},{\"@type\":\"ImageObject\",\"inLanguage\":\"ro-RO\",\"@id\":\"https:\\\/\\\/bas-tv.md\\\/ro\\\/foto-muzica-si-voie-buna-la-sadaclia-cum-au-sarbatorit-localnicii-hramul-satului\\\/#primaryimage\",\"url\":\"https:\\\/\\\/bas-tv.md\\\/wp-content\\\/uploads\\\/2025\\\/09\\\/550732213_1466704777943270_4482788855492107440_n.jpg\",\"contentUrl\":\"https:\\\/\\\/bas-tv.md\\\/wp-content\\\/uploads\\\/2025\\\/09\\\/550732213_1466704777943270_4482788855492107440_n.jpg\",\"width\":2000,\"height\":1500,\"caption\":\"Sursa foto: Pagina de Facebook Prim\u0103ria Sadaclia\"},{\"@type\":\"WebSite\",\"@id\":\"https:\\\/\\\/bas-tv.md\\\/ro\\\/#website\",\"url\":\"https:\\\/\\\/bas-tv.md\\\/ro\\\/\",\"name\":\"BasTV\",\"description\":\"Moldova\",\"publisher\":{\"@id\":\"https:\\\/\\\/bas-tv.md\\\/ro\\\/#organization\"},\"potentialAction\":[{\"@type\":\"SearchAction\",\"target\":{\"@type\":\"EntryPoint\",\"urlTemplate\":\"https:\\\/\\\/bas-tv.md\\\/ro\\\/?s={search_term_string}\"},\"query-input\":{\"@type\":\"PropertyValueSpecification\",\"valueRequired\":true,\"valueName\":\"search_term_string\"}}],\"inLanguage\":\"ro-RO\"},{\"@type\":\"Organization\",\"@id\":\"https:\\\/\\\/bas-tv.md\\\/ro\\\/#organization\",\"name\":\"BasTV\",\"url\":\"https:\\\/\\\/bas-tv.md\\\/ro\\\/\",\"logo\":{\"@type\":\"ImageObject\",\"inLanguage\":\"ro-RO\",\"@id\":\"https:\\\/\\\/bas-tv.md\\\/ro\\\/#\\\/schema\\\/logo\\\/image\\\/\",\"url\":\"https:\\\/\\\/bas-tv.md\\\/wp-content\\\/uploads\\\/2023\\\/05\\\/bas-tv-culoarea-rosie.png\",\"contentUrl\":\"https:\\\/\\\/bas-tv.md\\\/wp-content\\\/uploads\\\/2023\\\/05\\\/bas-tv-culoarea-rosie.png\",\"width\":202,\"height\":50,\"caption\":\"BasTV\"},\"image\":{\"@id\":\"https:\\\/\\\/bas-tv.md\\\/ro\\\/#\\\/schema\\\/logo\\\/image\\\/\"}},{\"@type\":\"Person\",\"@id\":\"https:\\\/\\\/bas-tv.md\\\/ro\\\/#\\\/schema\\\/person\\\/8740f45ea2eca1f1695284fc03529af0\",\"name\":\"Redactor\",\"image\":{\"@type\":\"ImageObject\",\"inLanguage\":\"ro-RO\",\"@id\":\"https:\\\/\\\/secure.gravatar.com\\\/avatar\\\/45b6af9fc91c10b15a8b40e67c1f57bab2e9614fc9f0af95cf453d61934e9aad?s=96&d=mm&r=g\",\"url\":\"https:\\\/\\\/secure.gravatar.com\\\/avatar\\\/45b6af9fc91c10b15a8b40e67c1f57bab2e9614fc9f0af95cf453d61934e9aad?s=96&d=mm&r=g\",\"contentUrl\":\"https:\\\/\\\/secure.gravatar.com\\\/avatar\\\/45b6af9fc91c10b15a8b40e67c1f57bab2e9614fc9f0af95cf453d61934e9aad?s=96&d=mm&r=g\",\"caption\":\"Redactor\"},\"url\":\"https:\\\/\\\/bas-tv.md\\\/ro\\\/author\\\/redactor\\\/\"}]}<\/script>\n<!-- \/ Yoast SEO plugin. -->","yoast_head_json":{"title":"(FOTO) Muzic\u0103 \u0219i voie bun\u0103 la Sadaclia: cum au s\u0103rb\u0103torit localnicii Hramul Satului - BasTV","description":"Duminic\u0103, 21 septembrie 2025, sadaclienii au celebrat, cu mare fast, Hramul Satului. Spiritualitatea, arta \u0219i tradi\u021biile populare s-au \u00eempletit armonios \u00eentr-un eveniment \u00eenc\u0103rcat de emo\u021bie \u0219i aplauze.","robots":{"index":"index","follow":"follow","max-snippet":"max-snippet:-1","max-image-preview":"max-image-preview:large","max-video-preview":"max-video-preview:-1"},"canonical":"https:\/\/bas-tv.md\/ro\/foto-muzica-si-voie-buna-la-sadaclia-cum-au-sarbatorit-localnicii-hramul-satului\/","og_locale":"ro_RO","og_type":"article","og_title":"(FOTO) Muzic\u0103 \u0219i voie bun\u0103 la Sadaclia: cum au s\u0103rb\u0103torit localnicii Hramul Satului - BasTV","og_description":"Duminic\u0103, 21 septembrie 2025, sadaclienii au celebrat, cu mare fast, Hramul Satului. Spiritualitatea, arta \u0219i tradi\u021biile populare s-au \u00eempletit armonios \u00eentr-un eveniment \u00eenc\u0103rcat de emo\u021bie \u0219i aplauze.","og_url":"https:\/\/bas-tv.md\/ro\/foto-muzica-si-voie-buna-la-sadaclia-cum-au-sarbatorit-localnicii-hramul-satului\/","og_site_name":"BasTV","article_published_time":"2025-09-23T16:00:49+00:00","og_image":[{"width":2000,"height":1500,"url":"https:\/\/bas-tv.md\/wp-content\/uploads\/2025\/09\/550732213_1466704777943270_4482788855492107440_n.jpg","type":"image\/jpeg"}],"author":"Redactor","twitter_card":"summary_large_image","twitter_misc":{"Scris de":"Redactor","Timp estimat pentru citire":"3 minute"},"schema":{"@context":"https:\/\/schema.org","@graph":[{"@type":"Article","@id":"https:\/\/bas-tv.md\/ro\/foto-muzica-si-voie-buna-la-sadaclia-cum-au-sarbatorit-localnicii-hramul-satului\/#article","isPartOf":{"@id":"https:\/\/bas-tv.md\/ro\/foto-muzica-si-voie-buna-la-sadaclia-cum-au-sarbatorit-localnicii-hramul-satului\/"},"author":{"name":"Redactor","@id":"https:\/\/bas-tv.md\/ro\/#\/schema\/person\/8740f45ea2eca1f1695284fc03529af0"},"headline":"(FOTO) Muzic\u0103 \u0219i voie bun\u0103 la Sadaclia: cum au s\u0103rb\u0103torit localnicii Hramul Satului","datePublished":"2025-09-23T16:00:49+00:00","mainEntityOfPage":{"@id":"https:\/\/bas-tv.md\/ro\/foto-muzica-si-voie-buna-la-sadaclia-cum-au-sarbatorit-localnicii-hramul-satului\/"},"wordCount":490,"publisher":{"@id":"https:\/\/bas-tv.md\/ro\/#organization"},"image":{"@id":"https:\/\/bas-tv.md\/ro\/foto-muzica-si-voie-buna-la-sadaclia-cum-au-sarbatorit-localnicii-hramul-satului\/#primaryimage"},"thumbnailUrl":"https:\/\/bas-tv.md\/wp-content\/uploads\/2025\/09\/550732213_1466704777943270_4482788855492107440_n.jpg","keywords":["Hramul satului","sadaclia"],"articleSection":["Actualitate","\u00cen Basarabeasca"],"inLanguage":"ro-RO"},{"@type":"WebPage","@id":"https:\/\/bas-tv.md\/ro\/foto-muzica-si-voie-buna-la-sadaclia-cum-au-sarbatorit-localnicii-hramul-satului\/","url":"https:\/\/bas-tv.md\/ro\/foto-muzica-si-voie-buna-la-sadaclia-cum-au-sarbatorit-localnicii-hramul-satului\/","name":"(FOTO) Muzic\u0103 \u0219i voie bun\u0103 la Sadaclia: cum au s\u0103rb\u0103torit localnicii Hramul Satului - BasTV","isPartOf":{"@id":"https:\/\/bas-tv.md\/ro\/#website"},"primaryImageOfPage":{"@id":"https:\/\/bas-tv.md\/ro\/foto-muzica-si-voie-buna-la-sadaclia-cum-au-sarbatorit-localnicii-hramul-satului\/#primaryimage"},"image":{"@id":"https:\/\/bas-tv.md\/ro\/foto-muzica-si-voie-buna-la-sadaclia-cum-au-sarbatorit-localnicii-hramul-satului\/#primaryimage"},"thumbnailUrl":"https:\/\/bas-tv.md\/wp-content\/uploads\/2025\/09\/550732213_1466704777943270_4482788855492107440_n.jpg","datePublished":"2025-09-23T16:00:49+00:00","description":"Duminic\u0103, 21 septembrie 2025, sadaclienii au celebrat, cu mare fast, Hramul Satului. Spiritualitatea, arta \u0219i tradi\u021biile populare s-au \u00eempletit armonios \u00eentr-un eveniment \u00eenc\u0103rcat de emo\u021bie \u0219i aplauze.","inLanguage":"ro-RO","potentialAction":[{"@type":"ReadAction","target":["https:\/\/bas-tv.md\/ro\/foto-muzica-si-voie-buna-la-sadaclia-cum-au-sarbatorit-localnicii-hramul-satului\/"]}]},{"@type":"ImageObject","inLanguage":"ro-RO","@id":"https:\/\/bas-tv.md\/ro\/foto-muzica-si-voie-buna-la-sadaclia-cum-au-sarbatorit-localnicii-hramul-satului\/#primaryimage","url":"https:\/\/bas-tv.md\/wp-content\/uploads\/2025\/09\/550732213_1466704777943270_4482788855492107440_n.jpg","contentUrl":"https:\/\/bas-tv.md\/wp-content\/uploads\/2025\/09\/550732213_1466704777943270_4482788855492107440_n.jpg","width":2000,"height":1500,"caption":"Sursa foto: Pagina de Facebook Prim\u0103ria Sadaclia"},{"@type":"WebSite","@id":"https:\/\/bas-tv.md\/ro\/#website","url":"https:\/\/bas-tv.md\/ro\/","name":"BasTV","description":"Moldova","publisher":{"@id":"https:\/\/bas-tv.md\/ro\/#organization"},"potentialAction":[{"@type":"SearchAction","target":{"@type":"EntryPoint","urlTemplate":"https:\/\/bas-tv.md\/ro\/?s={search_term_string}"},"query-input":{"@type":"PropertyValueSpecification","valueRequired":true,"valueName":"search_term_string"}}],"inLanguage":"ro-RO"},{"@type":"Organization","@id":"https:\/\/bas-tv.md\/ro\/#organization","name":"BasTV","url":"https:\/\/bas-tv.md\/ro\/","logo":{"@type":"ImageObject","inLanguage":"ro-RO","@id":"https:\/\/bas-tv.md\/ro\/#\/schema\/logo\/image\/","url":"https:\/\/bas-tv.md\/wp-content\/uploads\/2023\/05\/bas-tv-culoarea-rosie.png","contentUrl":"https:\/\/bas-tv.md\/wp-content\/uploads\/2023\/05\/bas-tv-culoarea-rosie.png","width":202,"height":50,"caption":"BasTV"},"image":{"@id":"https:\/\/bas-tv.md\/ro\/#\/schema\/logo\/image\/"}},{"@type":"Person","@id":"https:\/\/bas-tv.md\/ro\/#\/schema\/person\/8740f45ea2eca1f1695284fc03529af0","name":"Redactor","image":{"@type":"ImageObject","inLanguage":"ro-RO","@id":"https:\/\/secure.gravatar.com\/avatar\/45b6af9fc91c10b15a8b40e67c1f57bab2e9614fc9f0af95cf453d61934e9aad?s=96&d=mm&r=g","url":"https:\/\/secure.gravatar.com\/avatar\/45b6af9fc91c10b15a8b40e67c1f57bab2e9614fc9f0af95cf453d61934e9aad?s=96&d=mm&r=g","contentUrl":"https:\/\/secure.gravatar.com\/avatar\/45b6af9fc91c10b15a8b40e67c1f57bab2e9614fc9f0af95cf453d61934e9aad?s=96&d=mm&r=g","caption":"Redactor"},"url":"https:\/\/bas-tv.md\/ro\/author\/redactor\/"}]}},"views":290,"_links":{"self":[{"href":"https:\/\/bas-tv.md\/ro\/wp-json\/wp\/v2\/posts\/161082","targetHints":{"allow":["GET"]}}],"collection":[{"href":"https:\/\/bas-tv.md\/ro\/wp-json\/wp\/v2\/posts"}],"about":[{"href":"https:\/\/bas-tv.md\/ro\/wp-json\/wp\/v2\/types\/post"}],"author":[{"embeddable":true,"href":"https:\/\/bas-tv.md\/ro\/wp-json\/wp\/v2\/users\/3"}],"replies":[{"embeddable":true,"href":"https:\/\/bas-tv.md\/ro\/wp-json\/wp\/v2\/comments?post=161082"}],"version-history":[{"count":1,"href":"https:\/\/bas-tv.md\/ro\/wp-json\/wp\/v2\/posts\/161082\/revisions"}],"predecessor-version":[{"id":161217,"href":"https:\/\/bas-tv.md\/ro\/wp-json\/wp\/v2\/posts\/161082\/revisions\/161217"}],"wp:featuredmedia":[{"embeddable":true,"href":"https:\/\/bas-tv.md\/ro\/wp-json\/wp\/v2\/media\/161124"}],"wp:attachment":[{"href":"https:\/\/bas-tv.md\/ro\/wp-json\/wp\/v2\/media?parent=161082"}],"wp:term":[{"taxonomy":"category","embeddable":true,"href":"https:\/\/bas-tv.md\/ro\/wp-json\/wp\/v2\/categories?post=161082"},{"taxonomy":"post_tag","embeddable":true,"href":"https:\/\/bas-tv.md\/ro\/wp-json\/wp\/v2\/tags?post=161082"}],"curies":[{"name":"wp","href":"https:\/\/api.w.org\/{rel}","templated":true}]}}