{"id":161290,"date":"2025-09-24T18:45:15","date_gmt":"2025-09-24T15:45:15","guid":{"rendered":"https:\/\/bas-tv.md\/?p=161290"},"modified":"2025-09-24T16:23:36","modified_gmt":"2025-09-24T13:23:36","slug":"foto-vizita-de-monitorizare-la-gimnaziul-alexandr-puskin-din-cimislia-lucrarile-de-reparatie-avanseaza","status":"publish","type":"post","link":"https:\/\/bas-tv.md\/ro\/foto-vizita-de-monitorizare-la-gimnaziul-alexandr-puskin-din-cimislia-lucrarile-de-reparatie-avanseaza\/","title":{"rendered":"(FOTO) Vizit\u0103 de monitorizare la Gimnaziul \u201eAlexandr Pu\u0219kin\u201d din Cimi\u0219lia: lucr\u0103rile de repara\u021bie avanseaz\u0103"},"content":{"rendered":"<p data-start=\"100\" data-end=\"463\"><strong>Vicepre\u0219edinta raionului Cimi\u0219lia, Ana Donia, \u0219i \u0219eful Direc\u021biei \u00cenv\u0103\u021b\u0103m\u00e2nt General, Vasile Surdu, au efectuat o vizit\u0103 de lucru la Gimnaziul \u201eAlexandr Pu\u0219kin\u201d, pentru a verifica stadiul lucr\u0103rilor de repara\u021bie. Potrivit Consiliului Raional Cimi\u0219lia, investi\u021bia pentru lucr\u0103rile de renovare a cl\u0103dirii institu\u021biei se ridic\u0103 la 885 000 de lei, sum\u0103 alocat\u0103 din componenta raional\u0103.<\/strong><\/p>\n<p data-start=\"465\" data-end=\"789\">\u00cen prim-plan se afl\u0103 necesitatea de preg\u0103tire a spa\u021biilor necesare pentru g\u0103zduirea, pe durata repara\u021biilor capitale la Liceul Teoretic \u201eMihai Eminescu\u201d, a celor 876 de elevi din clasele a V-a \u2013 a XII-a. Transferul temporar urm\u0103re\u0219te continuitatea procesului educa\u021bional \u00een condi\u021bii adecvate, f\u0103r\u0103 \u00eentreruperi pentru elevi \u0219i profesori.<\/p>\n<p data-start=\"791\" data-end=\"1215\">\u00cen paralel, la Liceul Teoretic \u201eMihai Eminescu\u201d se va derula un proces amplu de modernizare a institu\u021biei, \u00een cadrul ini\u021biativei na\u021bionale \u201e\u0218coala-Model\u201d, coordonat\u0103 de Ministerul Educa\u021biei \u0219i Cercet\u0103rii al Republicii Moldova. Proiectul prevede lucr\u0103ri de repara\u021bie capital\u0103 \u0219i dot\u0103ri pentru s\u0103lile de clas\u0103, laboratoare \u0219i alte spa\u021bii de studiu, astfel \u00eenc\u00e2t procesul educa\u021bional s\u0103 se desf\u0103\u0219oare \u00eentr-un mediu modern \u0219i func\u021bional.<\/p>\n<p data-start=\"1217\" data-end=\"1585\">Reamintim faptul c\u0103 Liceul \u201eMihai Eminescu\u201d din ora\u0219ul Cimi\u0219lia face parte din Re\u021beaua \u0218colilor Model, care reune\u0219te 35 de institu\u021bii\u00a0 de \u00eenv\u0103\u021b\u0103m\u00e2nt la nivel na\u021bional \u0219i beneficiaz\u0103 de sprijinul B\u0103ncii Mondiale, al Uniunii Europene, Guvernului Poloniei, PNUD, UNICEF, dar \u0219i al altor surse de finan\u021bare. Scopul programului strategic const\u0103 \u00een cre\u0219terea calit\u0103\u021bii infrastructurii \u0219i a educa\u021biei, \u00een ansamblu, pentru ca \u0219colile selectate s\u0103 devin\u0103 exemple elocvente de bune practici.<\/p>\n<p data-start=\"1587\" data-end=\"2069\">Autorit\u0103\u021bile raionale subliniaz\u0103 c\u0103 investi\u021biile \u00een infrastructura \u0219colar\u0103 r\u0103m\u00e2n o prioritate, prin care se reconfirm\u0103 angajamentul autorit\u0103\u021bilor de a crea condi\u021bii mai bune pentru elevi \u0219i cadre didactice. Potrivit Consiliului Raional Cimi\u0219lia, repara\u021biile la Gimnaziul \u201eAlexandr Pu\u0219kin\u201d sunt coordonate astfel \u00eenc\u00e2t institu\u021bia s\u0103 poat\u0103 prelua fluxul de elevi \u0219i s\u0103 asigure procesul didactic \u00een condi\u021bii corespunz\u0103toare.<\/p>\n<figure id=\"attachment_161346\" aria-describedby=\"caption-attachment-161346\" style=\"width: 580px\" class=\"wp-caption aligncenter\"><img fetchpriority=\"high\" decoding=\"async\" class=\"size-large wp-image-161346\" src=\"https:\/\/bas-tv.md\/wp-content\/uploads\/2025\/09\/553911905_122141831228826251_4605946008923208180_n-1-1024x682.jpg\" alt=\"\" width=\"580\" height=\"386\" srcset=\"https:\/\/bas-tv.md\/wp-content\/uploads\/2025\/09\/553911905_122141831228826251_4605946008923208180_n-1-1024x682.jpg 1024w, https:\/\/bas-tv.md\/wp-content\/uploads\/2025\/09\/553911905_122141831228826251_4605946008923208180_n-1-300x200.jpg 300w, https:\/\/bas-tv.md\/wp-content\/uploads\/2025\/09\/553911905_122141831228826251_4605946008923208180_n-1-768x512.jpg 768w, https:\/\/bas-tv.md\/wp-content\/uploads\/2025\/09\/553911905_122141831228826251_4605946008923208180_n-1-1536x1023.jpg 1536w, https:\/\/bas-tv.md\/wp-content\/uploads\/2025\/09\/553911905_122141831228826251_4605946008923208180_n-1-1200x800.jpg 1200w, https:\/\/bas-tv.md\/wp-content\/uploads\/2025\/09\/553911905_122141831228826251_4605946008923208180_n-1.jpg 1600w\" sizes=\"(max-width: 580px) 100vw, 580px\" \/><figcaption id=\"caption-attachment-161346\" class=\"wp-caption-text\">Sursa foto: Pagina de Facebook Consiliul Raional Cimi\u0219lia<\/figcaption><\/figure>\n<figure id=\"attachment_161348\" aria-describedby=\"caption-attachment-161348\" style=\"width: 580px\" class=\"wp-caption aligncenter\"><img decoding=\"async\" class=\"size-large wp-image-161348 lazyload\" data-src=\"https:\/\/bas-tv.md\/wp-content\/uploads\/2025\/09\/554404488_122141831264826251_2695794355095707860_n-1024x682.jpg\" alt=\"\" width=\"580\" height=\"386\" data-srcset=\"https:\/\/bas-tv.md\/wp-content\/uploads\/2025\/09\/554404488_122141831264826251_2695794355095707860_n-1024x682.jpg 1024w, https:\/\/bas-tv.md\/wp-content\/uploads\/2025\/09\/554404488_122141831264826251_2695794355095707860_n-300x200.jpg 300w, https:\/\/bas-tv.md\/wp-content\/uploads\/2025\/09\/554404488_122141831264826251_2695794355095707860_n-768x512.jpg 768w, https:\/\/bas-tv.md\/wp-content\/uploads\/2025\/09\/554404488_122141831264826251_2695794355095707860_n-1536x1023.jpg 1536w, https:\/\/bas-tv.md\/wp-content\/uploads\/2025\/09\/554404488_122141831264826251_2695794355095707860_n-1200x800.jpg 1200w, https:\/\/bas-tv.md\/wp-content\/uploads\/2025\/09\/554404488_122141831264826251_2695794355095707860_n.jpg 1600w\" data-sizes=\"(max-width: 580px) 100vw, 580px\" src=\"data:image\/svg+xml;base64,PHN2ZyB3aWR0aD0iMSIgaGVpZ2h0PSIxIiB4bWxucz0iaHR0cDovL3d3dy53My5vcmcvMjAwMC9zdmciPjwvc3ZnPg==\" style=\"--smush-placeholder-width: 580px; --smush-placeholder-aspect-ratio: 580\/386;\" \/><figcaption id=\"caption-attachment-161348\" class=\"wp-caption-text\">Sursa foto: Pagina de Facebook Consiliul Raional Cimi\u0219lia<\/figcaption><\/figure>\n<figure id=\"attachment_161350\" aria-describedby=\"caption-attachment-161350\" style=\"width: 580px\" class=\"wp-caption aligncenter\"><img decoding=\"async\" class=\"size-large wp-image-161350 lazyload\" data-src=\"https:\/\/bas-tv.md\/wp-content\/uploads\/2025\/09\/554274287_122141831216826251_2318540510575717049_n-1-1024x682.jpg\" alt=\"\" width=\"580\" height=\"386\" data-srcset=\"https:\/\/bas-tv.md\/wp-content\/uploads\/2025\/09\/554274287_122141831216826251_2318540510575717049_n-1-1024x682.jpg 1024w, https:\/\/bas-tv.md\/wp-content\/uploads\/2025\/09\/554274287_122141831216826251_2318540510575717049_n-1-300x200.jpg 300w, https:\/\/bas-tv.md\/wp-content\/uploads\/2025\/09\/554274287_122141831216826251_2318540510575717049_n-1-768x512.jpg 768w, https:\/\/bas-tv.md\/wp-content\/uploads\/2025\/09\/554274287_122141831216826251_2318540510575717049_n-1-1536x1023.jpg 1536w, https:\/\/bas-tv.md\/wp-content\/uploads\/2025\/09\/554274287_122141831216826251_2318540510575717049_n-1-1200x800.jpg 1200w, https:\/\/bas-tv.md\/wp-content\/uploads\/2025\/09\/554274287_122141831216826251_2318540510575717049_n-1.jpg 1600w\" data-sizes=\"(max-width: 580px) 100vw, 580px\" src=\"data:image\/svg+xml;base64,PHN2ZyB3aWR0aD0iMSIgaGVpZ2h0PSIxIiB4bWxucz0iaHR0cDovL3d3dy53My5vcmcvMjAwMC9zdmciPjwvc3ZnPg==\" style=\"--smush-placeholder-width: 580px; --smush-placeholder-aspect-ratio: 580\/386;\" \/><figcaption id=\"caption-attachment-161350\" class=\"wp-caption-text\">Sursa foto: Pagina de Facebook Consiliul Raional Cimi\u0219lia<\/figcaption><\/figure>\n<p>Autor: Virineia Carapirea<\/p>\n<p><strong>Sus\u021bine\u021bi redac\u021bia BAStv, abona\u021bi-v\u0103 la noi pe platforma\u00a0<a href=\"https:\/\/www.patreon.com\/BAStv?fan_landing=true&amp;fbclid=IwAR3MeSDKfH4ixBydCXX9D1lhrCszhps3ID5uxuGA-Ktd4MTkZCRdlcEZkQI\">Patreon\u00a0<\/a>sau prin efectuarea contribu\u021biilor prin\u00a0<a href=\"https:\/\/www.paypal.com\/paypalme\/supportbastv\">PayPal<\/a>! Aceasta ne va ajuta s\u0103 cre\u0103m con\u021binut interesant \u0219i util pentru dvs., r\u0103m\u00e2n\u00e2nd \u00een continuare o platform\u0103 media independent\u0103.<\/strong><\/p>\n<p><b>Abona\u021bi-v\u0103 la noi pe re\u021bele sociale:\u00a0<\/b><a href=\"https:\/\/t.me\/bastvmd\"><b><i>Telegram<\/i><\/b><\/a><b>,\u00a0<\/b><a href=\"https:\/\/www.youtube.com\/channel\/UC-9005PnLnhpNM8PVSjP2dQ\/featured\"><b><i>YouTube<\/i><\/b><\/a><b>,\u00a0<\/b><a href=\"https:\/\/www.facebook.com\/bastv.md\"><b><i>Facebook<\/i><\/b><\/a>\u00a0<strong>\u0219i\u00a0<\/strong><a href=\"https:\/\/www.instagram.com\/bastv.md\/\"><b><i>Instagram<\/i><\/b><\/a><b>. Aici public\u0103m \u0219tiri pe scurt.<\/b><\/p>\n","protected":false},"excerpt":{"rendered":"<p>Vicepre\u0219edinta raionului Cimi\u0219lia, Ana Donia, \u0219i \u0219eful Direc\u021biei \u00cenv\u0103\u021b\u0103m\u00e2nt General, Vasile Surdu, au efectuat o vizit\u0103 de lucru la Gimnaziul \u201eAlexandr Pu\u0219kin\u201d, pentru a verifica stadiul lucr\u0103rilor de repara\u021bie. Potrivit Consiliului Raional Cimi\u0219lia, investi\u021bia pentru lucr\u0103rile de renovare a cl\u0103dirii institu\u021biei se ridic\u0103 la 885 000 de lei, sum\u0103 alocat\u0103 din componenta raional\u0103. \u00cen prim-plan [&hellip;]<\/p>\n","protected":false},"author":3,"featured_media":161344,"comment_status":"closed","ping_status":"closed","sticky":false,"template":"","format":"standard","meta":{"footnotes":""},"categories":[602,570],"tags":[733,8428,13878,13879,2087],"class_list":["post-161290","post","type-post","status-publish","format-standard","has-post-thumbnail","hentry","category-actualitate","category-in-moldova","tag-cimislia","tag-consiliul-raional-cimislia","tag-directiei-invatamant-general-cimislia","tag-institutia-publica-gimnaziul-alexandr-puskin","tag-liceul-teoretic-mihai-eminescu"],"yoast_head":"<!-- This site is optimized with the Yoast SEO plugin v27.5 - https:\/\/yoast.com\/product\/yoast-seo-wordpress\/ -->\n<title>(FOTO) Vizit\u0103 de monitorizare la Gimnaziul \u201eAlexandr Pu\u0219kin\u201d din Cimi\u0219lia: lucr\u0103rile de repara\u021bie avanseaz\u0103 - BasTV<\/title>\n<meta name=\"description\" content=\"Vicepre\u0219edinta raionului Cimi\u0219lia, Ana Donia, \u0219i \u0219eful Direc\u021biei \u00cenv\u0103\u021b\u0103m\u00e2nt General, Vasile Surdu, au efectuat o vizit\u0103 de lucru la Gimnaziul \u201eAlexandr Pu\u0219kin\u201d, pentru a verifica stadiul lucr\u0103rilor de repara\u021bie. Potrivit Consiliului Raional Cimi\u0219lia, investi\u021bia pentru lucr\u0103rile de renovare a cl\u0103dirii institu\u021biei se ridic\u0103 la 885 000 de lei, sum\u0103 alocat\u0103 din componenta raional\u0103.\" \/>\n<meta name=\"robots\" content=\"index, follow, max-snippet:-1, max-image-preview:large, max-video-preview:-1\" \/>\n<link rel=\"canonical\" href=\"https:\/\/bas-tv.md\/ro\/foto-vizita-de-monitorizare-la-gimnaziul-alexandr-puskin-din-cimislia-lucrarile-de-reparatie-avanseaza\/\" \/>\n<meta property=\"og:locale\" content=\"ro_RO\" \/>\n<meta property=\"og:type\" content=\"article\" \/>\n<meta property=\"og:title\" content=\"(FOTO) Vizit\u0103 de monitorizare la Gimnaziul \u201eAlexandr Pu\u0219kin\u201d din Cimi\u0219lia: lucr\u0103rile de repara\u021bie avanseaz\u0103 - BasTV\" \/>\n<meta property=\"og:description\" content=\"Vicepre\u0219edinta raionului Cimi\u0219lia, Ana Donia, \u0219i \u0219eful Direc\u021biei \u00cenv\u0103\u021b\u0103m\u00e2nt General, Vasile Surdu, au efectuat o vizit\u0103 de lucru la Gimnaziul \u201eAlexandr Pu\u0219kin\u201d, pentru a verifica stadiul lucr\u0103rilor de repara\u021bie. Potrivit Consiliului Raional Cimi\u0219lia, investi\u021bia pentru lucr\u0103rile de renovare a cl\u0103dirii institu\u021biei se ridic\u0103 la 885 000 de lei, sum\u0103 alocat\u0103 din componenta raional\u0103.\" \/>\n<meta property=\"og:url\" content=\"https:\/\/bas-tv.md\/ro\/foto-vizita-de-monitorizare-la-gimnaziul-alexandr-puskin-din-cimislia-lucrarile-de-reparatie-avanseaza\/\" \/>\n<meta property=\"og:site_name\" content=\"BasTV\" \/>\n<meta property=\"article:published_time\" content=\"2025-09-24T15:45:15+00:00\" \/>\n<meta property=\"og:image\" content=\"https:\/\/bas-tv.md\/wp-content\/uploads\/2025\/09\/553911905_122141831228826251_4605946008923208180_n.jpg\" \/>\n\t<meta property=\"og:image:width\" content=\"1600\" \/>\n\t<meta property=\"og:image:height\" content=\"1066\" \/>\n\t<meta property=\"og:image:type\" content=\"image\/jpeg\" \/>\n<meta name=\"author\" content=\"Redactor\" \/>\n<meta name=\"twitter:card\" content=\"summary_large_image\" \/>\n<meta name=\"twitter:label1\" content=\"Scris de\" \/>\n\t<meta name=\"twitter:data1\" content=\"Redactor\" \/>\n\t<meta name=\"twitter:label2\" content=\"Timp estimat pentru citire\" \/>\n\t<meta name=\"twitter:data2\" content=\"3 minute\" \/>\n<script type=\"application\/ld+json\" class=\"yoast-schema-graph\">{\"@context\":\"https:\\\/\\\/schema.org\",\"@graph\":[{\"@type\":\"Article\",\"@id\":\"https:\\\/\\\/bas-tv.md\\\/ro\\\/foto-vizita-de-monitorizare-la-gimnaziul-alexandr-puskin-din-cimislia-lucrarile-de-reparatie-avanseaza\\\/#article\",\"isPartOf\":{\"@id\":\"https:\\\/\\\/bas-tv.md\\\/ro\\\/foto-vizita-de-monitorizare-la-gimnaziul-alexandr-puskin-din-cimislia-lucrarile-de-reparatie-avanseaza\\\/\"},\"author\":{\"name\":\"Redactor\",\"@id\":\"https:\\\/\\\/bas-tv.md\\\/ro\\\/#\\\/schema\\\/person\\\/8740f45ea2eca1f1695284fc03529af0\"},\"headline\":\"(FOTO) Vizit\u0103 de monitorizare la Gimnaziul \u201eAlexandr Pu\u0219kin\u201d din Cimi\u0219lia: lucr\u0103rile de repara\u021bie avanseaz\u0103\",\"datePublished\":\"2025-09-24T15:45:15+00:00\",\"mainEntityOfPage\":{\"@id\":\"https:\\\/\\\/bas-tv.md\\\/ro\\\/foto-vizita-de-monitorizare-la-gimnaziul-alexandr-puskin-din-cimislia-lucrarile-de-reparatie-avanseaza\\\/\"},\"wordCount\":476,\"publisher\":{\"@id\":\"https:\\\/\\\/bas-tv.md\\\/ro\\\/#organization\"},\"image\":{\"@id\":\"https:\\\/\\\/bas-tv.md\\\/ro\\\/foto-vizita-de-monitorizare-la-gimnaziul-alexandr-puskin-din-cimislia-lucrarile-de-reparatie-avanseaza\\\/#primaryimage\"},\"thumbnailUrl\":\"https:\\\/\\\/bas-tv.md\\\/wp-content\\\/uploads\\\/2025\\\/09\\\/553911905_122141831228826251_4605946008923208180_n.jpg\",\"keywords\":[\"Cimi\u0219lia\",\"Consiliul Raional Cimi\u0219lia\",\"Direc\u021biei \u00cenv\u0103\u021b\u0103m\u00e2nt General Cimi\u0219lia\",\"Institu\u021bia Public\u0103 Gimnaziul \u201eAlexandr Pu\u0219kin\u201d\",\"liceul teoretic mihai eminescu\"],\"articleSection\":[\"Actualitate\",\"\u00cen Moldova\"],\"inLanguage\":\"ro-RO\"},{\"@type\":\"WebPage\",\"@id\":\"https:\\\/\\\/bas-tv.md\\\/ro\\\/foto-vizita-de-monitorizare-la-gimnaziul-alexandr-puskin-din-cimislia-lucrarile-de-reparatie-avanseaza\\\/\",\"url\":\"https:\\\/\\\/bas-tv.md\\\/ro\\\/foto-vizita-de-monitorizare-la-gimnaziul-alexandr-puskin-din-cimislia-lucrarile-de-reparatie-avanseaza\\\/\",\"name\":\"(FOTO) Vizit\u0103 de monitorizare la Gimnaziul \u201eAlexandr Pu\u0219kin\u201d din Cimi\u0219lia: lucr\u0103rile de repara\u021bie avanseaz\u0103 - BasTV\",\"isPartOf\":{\"@id\":\"https:\\\/\\\/bas-tv.md\\\/ro\\\/#website\"},\"primaryImageOfPage\":{\"@id\":\"https:\\\/\\\/bas-tv.md\\\/ro\\\/foto-vizita-de-monitorizare-la-gimnaziul-alexandr-puskin-din-cimislia-lucrarile-de-reparatie-avanseaza\\\/#primaryimage\"},\"image\":{\"@id\":\"https:\\\/\\\/bas-tv.md\\\/ro\\\/foto-vizita-de-monitorizare-la-gimnaziul-alexandr-puskin-din-cimislia-lucrarile-de-reparatie-avanseaza\\\/#primaryimage\"},\"thumbnailUrl\":\"https:\\\/\\\/bas-tv.md\\\/wp-content\\\/uploads\\\/2025\\\/09\\\/553911905_122141831228826251_4605946008923208180_n.jpg\",\"datePublished\":\"2025-09-24T15:45:15+00:00\",\"description\":\"Vicepre\u0219edinta raionului Cimi\u0219lia, Ana Donia, \u0219i \u0219eful Direc\u021biei \u00cenv\u0103\u021b\u0103m\u00e2nt General, Vasile Surdu, au efectuat o vizit\u0103 de lucru la Gimnaziul \u201eAlexandr Pu\u0219kin\u201d, pentru a verifica stadiul lucr\u0103rilor de repara\u021bie. Potrivit Consiliului Raional Cimi\u0219lia, investi\u021bia pentru lucr\u0103rile de renovare a cl\u0103dirii institu\u021biei se ridic\u0103 la 885 000 de lei, sum\u0103 alocat\u0103 din componenta raional\u0103.\",\"inLanguage\":\"ro-RO\",\"potentialAction\":[{\"@type\":\"ReadAction\",\"target\":[\"https:\\\/\\\/bas-tv.md\\\/ro\\\/foto-vizita-de-monitorizare-la-gimnaziul-alexandr-puskin-din-cimislia-lucrarile-de-reparatie-avanseaza\\\/\"]}]},{\"@type\":\"ImageObject\",\"inLanguage\":\"ro-RO\",\"@id\":\"https:\\\/\\\/bas-tv.md\\\/ro\\\/foto-vizita-de-monitorizare-la-gimnaziul-alexandr-puskin-din-cimislia-lucrarile-de-reparatie-avanseaza\\\/#primaryimage\",\"url\":\"https:\\\/\\\/bas-tv.md\\\/wp-content\\\/uploads\\\/2025\\\/09\\\/553911905_122141831228826251_4605946008923208180_n.jpg\",\"contentUrl\":\"https:\\\/\\\/bas-tv.md\\\/wp-content\\\/uploads\\\/2025\\\/09\\\/553911905_122141831228826251_4605946008923208180_n.jpg\",\"width\":1600,\"height\":1066,\"caption\":\"Sursa foto: Pagina de Facebook Consiliul Raional Cimi\u0219lia\"},{\"@type\":\"WebSite\",\"@id\":\"https:\\\/\\\/bas-tv.md\\\/ro\\\/#website\",\"url\":\"https:\\\/\\\/bas-tv.md\\\/ro\\\/\",\"name\":\"BasTV\",\"description\":\"Moldova\",\"publisher\":{\"@id\":\"https:\\\/\\\/bas-tv.md\\\/ro\\\/#organization\"},\"potentialAction\":[{\"@type\":\"SearchAction\",\"target\":{\"@type\":\"EntryPoint\",\"urlTemplate\":\"https:\\\/\\\/bas-tv.md\\\/ro\\\/?s={search_term_string}\"},\"query-input\":{\"@type\":\"PropertyValueSpecification\",\"valueRequired\":true,\"valueName\":\"search_term_string\"}}],\"inLanguage\":\"ro-RO\"},{\"@type\":\"Organization\",\"@id\":\"https:\\\/\\\/bas-tv.md\\\/ro\\\/#organization\",\"name\":\"BasTV\",\"url\":\"https:\\\/\\\/bas-tv.md\\\/ro\\\/\",\"logo\":{\"@type\":\"ImageObject\",\"inLanguage\":\"ro-RO\",\"@id\":\"https:\\\/\\\/bas-tv.md\\\/ro\\\/#\\\/schema\\\/logo\\\/image\\\/\",\"url\":\"https:\\\/\\\/bas-tv.md\\\/wp-content\\\/uploads\\\/2023\\\/05\\\/bas-tv-culoarea-rosie.png\",\"contentUrl\":\"https:\\\/\\\/bas-tv.md\\\/wp-content\\\/uploads\\\/2023\\\/05\\\/bas-tv-culoarea-rosie.png\",\"width\":202,\"height\":50,\"caption\":\"BasTV\"},\"image\":{\"@id\":\"https:\\\/\\\/bas-tv.md\\\/ro\\\/#\\\/schema\\\/logo\\\/image\\\/\"}},{\"@type\":\"Person\",\"@id\":\"https:\\\/\\\/bas-tv.md\\\/ro\\\/#\\\/schema\\\/person\\\/8740f45ea2eca1f1695284fc03529af0\",\"name\":\"Redactor\",\"image\":{\"@type\":\"ImageObject\",\"inLanguage\":\"ro-RO\",\"@id\":\"https:\\\/\\\/secure.gravatar.com\\\/avatar\\\/45b6af9fc91c10b15a8b40e67c1f57bab2e9614fc9f0af95cf453d61934e9aad?s=96&d=mm&r=g\",\"url\":\"https:\\\/\\\/secure.gravatar.com\\\/avatar\\\/45b6af9fc91c10b15a8b40e67c1f57bab2e9614fc9f0af95cf453d61934e9aad?s=96&d=mm&r=g\",\"contentUrl\":\"https:\\\/\\\/secure.gravatar.com\\\/avatar\\\/45b6af9fc91c10b15a8b40e67c1f57bab2e9614fc9f0af95cf453d61934e9aad?s=96&d=mm&r=g\",\"caption\":\"Redactor\"},\"url\":\"https:\\\/\\\/bas-tv.md\\\/ro\\\/author\\\/redactor\\\/\"}]}<\/script>\n<!-- \/ Yoast SEO plugin. -->","yoast_head_json":{"title":"(FOTO) Vizit\u0103 de monitorizare la Gimnaziul \u201eAlexandr Pu\u0219kin\u201d din Cimi\u0219lia: lucr\u0103rile de repara\u021bie avanseaz\u0103 - BasTV","description":"Vicepre\u0219edinta raionului Cimi\u0219lia, Ana Donia, \u0219i \u0219eful Direc\u021biei \u00cenv\u0103\u021b\u0103m\u00e2nt General, Vasile Surdu, au efectuat o vizit\u0103 de lucru la Gimnaziul \u201eAlexandr Pu\u0219kin\u201d, pentru a verifica stadiul lucr\u0103rilor de repara\u021bie. Potrivit Consiliului Raional Cimi\u0219lia, investi\u021bia pentru lucr\u0103rile de renovare a cl\u0103dirii institu\u021biei se ridic\u0103 la 885 000 de lei, sum\u0103 alocat\u0103 din componenta raional\u0103.","robots":{"index":"index","follow":"follow","max-snippet":"max-snippet:-1","max-image-preview":"max-image-preview:large","max-video-preview":"max-video-preview:-1"},"canonical":"https:\/\/bas-tv.md\/ro\/foto-vizita-de-monitorizare-la-gimnaziul-alexandr-puskin-din-cimislia-lucrarile-de-reparatie-avanseaza\/","og_locale":"ro_RO","og_type":"article","og_title":"(FOTO) Vizit\u0103 de monitorizare la Gimnaziul \u201eAlexandr Pu\u0219kin\u201d din Cimi\u0219lia: lucr\u0103rile de repara\u021bie avanseaz\u0103 - BasTV","og_description":"Vicepre\u0219edinta raionului Cimi\u0219lia, Ana Donia, \u0219i \u0219eful Direc\u021biei \u00cenv\u0103\u021b\u0103m\u00e2nt General, Vasile Surdu, au efectuat o vizit\u0103 de lucru la Gimnaziul \u201eAlexandr Pu\u0219kin\u201d, pentru a verifica stadiul lucr\u0103rilor de repara\u021bie. Potrivit Consiliului Raional Cimi\u0219lia, investi\u021bia pentru lucr\u0103rile de renovare a cl\u0103dirii institu\u021biei se ridic\u0103 la 885 000 de lei, sum\u0103 alocat\u0103 din componenta raional\u0103.","og_url":"https:\/\/bas-tv.md\/ro\/foto-vizita-de-monitorizare-la-gimnaziul-alexandr-puskin-din-cimislia-lucrarile-de-reparatie-avanseaza\/","og_site_name":"BasTV","article_published_time":"2025-09-24T15:45:15+00:00","og_image":[{"width":1600,"height":1066,"url":"https:\/\/bas-tv.md\/wp-content\/uploads\/2025\/09\/553911905_122141831228826251_4605946008923208180_n.jpg","type":"image\/jpeg"}],"author":"Redactor","twitter_card":"summary_large_image","twitter_misc":{"Scris de":"Redactor","Timp estimat pentru citire":"3 minute"},"schema":{"@context":"https:\/\/schema.org","@graph":[{"@type":"Article","@id":"https:\/\/bas-tv.md\/ro\/foto-vizita-de-monitorizare-la-gimnaziul-alexandr-puskin-din-cimislia-lucrarile-de-reparatie-avanseaza\/#article","isPartOf":{"@id":"https:\/\/bas-tv.md\/ro\/foto-vizita-de-monitorizare-la-gimnaziul-alexandr-puskin-din-cimislia-lucrarile-de-reparatie-avanseaza\/"},"author":{"name":"Redactor","@id":"https:\/\/bas-tv.md\/ro\/#\/schema\/person\/8740f45ea2eca1f1695284fc03529af0"},"headline":"(FOTO) Vizit\u0103 de monitorizare la Gimnaziul \u201eAlexandr Pu\u0219kin\u201d din Cimi\u0219lia: lucr\u0103rile de repara\u021bie avanseaz\u0103","datePublished":"2025-09-24T15:45:15+00:00","mainEntityOfPage":{"@id":"https:\/\/bas-tv.md\/ro\/foto-vizita-de-monitorizare-la-gimnaziul-alexandr-puskin-din-cimislia-lucrarile-de-reparatie-avanseaza\/"},"wordCount":476,"publisher":{"@id":"https:\/\/bas-tv.md\/ro\/#organization"},"image":{"@id":"https:\/\/bas-tv.md\/ro\/foto-vizita-de-monitorizare-la-gimnaziul-alexandr-puskin-din-cimislia-lucrarile-de-reparatie-avanseaza\/#primaryimage"},"thumbnailUrl":"https:\/\/bas-tv.md\/wp-content\/uploads\/2025\/09\/553911905_122141831228826251_4605946008923208180_n.jpg","keywords":["Cimi\u0219lia","Consiliul Raional Cimi\u0219lia","Direc\u021biei \u00cenv\u0103\u021b\u0103m\u00e2nt General Cimi\u0219lia","Institu\u021bia Public\u0103 Gimnaziul \u201eAlexandr Pu\u0219kin\u201d","liceul teoretic mihai eminescu"],"articleSection":["Actualitate","\u00cen Moldova"],"inLanguage":"ro-RO"},{"@type":"WebPage","@id":"https:\/\/bas-tv.md\/ro\/foto-vizita-de-monitorizare-la-gimnaziul-alexandr-puskin-din-cimislia-lucrarile-de-reparatie-avanseaza\/","url":"https:\/\/bas-tv.md\/ro\/foto-vizita-de-monitorizare-la-gimnaziul-alexandr-puskin-din-cimislia-lucrarile-de-reparatie-avanseaza\/","name":"(FOTO) Vizit\u0103 de monitorizare la Gimnaziul \u201eAlexandr Pu\u0219kin\u201d din Cimi\u0219lia: lucr\u0103rile de repara\u021bie avanseaz\u0103 - BasTV","isPartOf":{"@id":"https:\/\/bas-tv.md\/ro\/#website"},"primaryImageOfPage":{"@id":"https:\/\/bas-tv.md\/ro\/foto-vizita-de-monitorizare-la-gimnaziul-alexandr-puskin-din-cimislia-lucrarile-de-reparatie-avanseaza\/#primaryimage"},"image":{"@id":"https:\/\/bas-tv.md\/ro\/foto-vizita-de-monitorizare-la-gimnaziul-alexandr-puskin-din-cimislia-lucrarile-de-reparatie-avanseaza\/#primaryimage"},"thumbnailUrl":"https:\/\/bas-tv.md\/wp-content\/uploads\/2025\/09\/553911905_122141831228826251_4605946008923208180_n.jpg","datePublished":"2025-09-24T15:45:15+00:00","description":"Vicepre\u0219edinta raionului Cimi\u0219lia, Ana Donia, \u0219i \u0219eful Direc\u021biei \u00cenv\u0103\u021b\u0103m\u00e2nt General, Vasile Surdu, au efectuat o vizit\u0103 de lucru la Gimnaziul \u201eAlexandr Pu\u0219kin\u201d, pentru a verifica stadiul lucr\u0103rilor de repara\u021bie. Potrivit Consiliului Raional Cimi\u0219lia, investi\u021bia pentru lucr\u0103rile de renovare a cl\u0103dirii institu\u021biei se ridic\u0103 la 885 000 de lei, sum\u0103 alocat\u0103 din componenta raional\u0103.","inLanguage":"ro-RO","potentialAction":[{"@type":"ReadAction","target":["https:\/\/bas-tv.md\/ro\/foto-vizita-de-monitorizare-la-gimnaziul-alexandr-puskin-din-cimislia-lucrarile-de-reparatie-avanseaza\/"]}]},{"@type":"ImageObject","inLanguage":"ro-RO","@id":"https:\/\/bas-tv.md\/ro\/foto-vizita-de-monitorizare-la-gimnaziul-alexandr-puskin-din-cimislia-lucrarile-de-reparatie-avanseaza\/#primaryimage","url":"https:\/\/bas-tv.md\/wp-content\/uploads\/2025\/09\/553911905_122141831228826251_4605946008923208180_n.jpg","contentUrl":"https:\/\/bas-tv.md\/wp-content\/uploads\/2025\/09\/553911905_122141831228826251_4605946008923208180_n.jpg","width":1600,"height":1066,"caption":"Sursa foto: Pagina de Facebook Consiliul Raional Cimi\u0219lia"},{"@type":"WebSite","@id":"https:\/\/bas-tv.md\/ro\/#website","url":"https:\/\/bas-tv.md\/ro\/","name":"BasTV","description":"Moldova","publisher":{"@id":"https:\/\/bas-tv.md\/ro\/#organization"},"potentialAction":[{"@type":"SearchAction","target":{"@type":"EntryPoint","urlTemplate":"https:\/\/bas-tv.md\/ro\/?s={search_term_string}"},"query-input":{"@type":"PropertyValueSpecification","valueRequired":true,"valueName":"search_term_string"}}],"inLanguage":"ro-RO"},{"@type":"Organization","@id":"https:\/\/bas-tv.md\/ro\/#organization","name":"BasTV","url":"https:\/\/bas-tv.md\/ro\/","logo":{"@type":"ImageObject","inLanguage":"ro-RO","@id":"https:\/\/bas-tv.md\/ro\/#\/schema\/logo\/image\/","url":"https:\/\/bas-tv.md\/wp-content\/uploads\/2023\/05\/bas-tv-culoarea-rosie.png","contentUrl":"https:\/\/bas-tv.md\/wp-content\/uploads\/2023\/05\/bas-tv-culoarea-rosie.png","width":202,"height":50,"caption":"BasTV"},"image":{"@id":"https:\/\/bas-tv.md\/ro\/#\/schema\/logo\/image\/"}},{"@type":"Person","@id":"https:\/\/bas-tv.md\/ro\/#\/schema\/person\/8740f45ea2eca1f1695284fc03529af0","name":"Redactor","image":{"@type":"ImageObject","inLanguage":"ro-RO","@id":"https:\/\/secure.gravatar.com\/avatar\/45b6af9fc91c10b15a8b40e67c1f57bab2e9614fc9f0af95cf453d61934e9aad?s=96&d=mm&r=g","url":"https:\/\/secure.gravatar.com\/avatar\/45b6af9fc91c10b15a8b40e67c1f57bab2e9614fc9f0af95cf453d61934e9aad?s=96&d=mm&r=g","contentUrl":"https:\/\/secure.gravatar.com\/avatar\/45b6af9fc91c10b15a8b40e67c1f57bab2e9614fc9f0af95cf453d61934e9aad?s=96&d=mm&r=g","caption":"Redactor"},"url":"https:\/\/bas-tv.md\/ro\/author\/redactor\/"}]}},"views":299,"_links":{"self":[{"href":"https:\/\/bas-tv.md\/ro\/wp-json\/wp\/v2\/posts\/161290","targetHints":{"allow":["GET"]}}],"collection":[{"href":"https:\/\/bas-tv.md\/ro\/wp-json\/wp\/v2\/posts"}],"about":[{"href":"https:\/\/bas-tv.md\/ro\/wp-json\/wp\/v2\/types\/post"}],"author":[{"embeddable":true,"href":"https:\/\/bas-tv.md\/ro\/wp-json\/wp\/v2\/users\/3"}],"replies":[{"embeddable":true,"href":"https:\/\/bas-tv.md\/ro\/wp-json\/wp\/v2\/comments?post=161290"}],"version-history":[{"count":1,"href":"https:\/\/bas-tv.md\/ro\/wp-json\/wp\/v2\/posts\/161290\/revisions"}],"predecessor-version":[{"id":161352,"href":"https:\/\/bas-tv.md\/ro\/wp-json\/wp\/v2\/posts\/161290\/revisions\/161352"}],"wp:featuredmedia":[{"embeddable":true,"href":"https:\/\/bas-tv.md\/ro\/wp-json\/wp\/v2\/media\/161344"}],"wp:attachment":[{"href":"https:\/\/bas-tv.md\/ro\/wp-json\/wp\/v2\/media?parent=161290"}],"wp:term":[{"taxonomy":"category","embeddable":true,"href":"https:\/\/bas-tv.md\/ro\/wp-json\/wp\/v2\/categories?post=161290"},{"taxonomy":"post_tag","embeddable":true,"href":"https:\/\/bas-tv.md\/ro\/wp-json\/wp\/v2\/tags?post=161290"}],"curies":[{"name":"wp","href":"https:\/\/api.w.org\/{rel}","templated":true}]}}