{"id":161374,"date":"2025-09-26T13:00:53","date_gmt":"2025-09-26T10:00:53","guid":{"rendered":"https:\/\/bas-tv.md\/?p=161374"},"modified":"2025-09-25T15:06:03","modified_gmt":"2025-09-25T12:06:03","slug":"video-cum-ne-pastram-mintea-limpede-in-fata-populismului-si-a-dezinformarii-electorale","status":"publish","type":"post","link":"https:\/\/bas-tv.md\/ro\/video-cum-ne-pastram-mintea-limpede-in-fata-populismului-si-a-dezinformarii-electorale\/","title":{"rendered":"(VIDEO) Cum ne p\u0103str\u0103m mintea limpede \u00een fa\u021ba populismului \u0219i a dezinform\u0103rii electorale"},"content":{"rendered":"<p><strong>La 28 septembrie, cet\u0103\u021benii Republicii Moldova vor fi chema\u021bi din nou la urne. Spa\u021biul public este deja inundat de tot felul de promisiuni \u0219i informa\u021bii manipulatorii. \u0218i acesta este doar \u00eenceputul. Mai multe detalii \u2013 \u00een acest video.<\/strong><\/p>\n<p><iframe title=\"Cum ne p\u0103str\u0103m mintea limpede \u00een fa\u021ba populismului \u0219i a dezinform\u0103rii electorale\" width=\"580\" height=\"326\" data-src=\"https:\/\/www.youtube.com\/embed\/0u1H94Qn9Jk?feature=oembed\" frameborder=\"0\" allow=\"accelerometer; autoplay; clipboard-write; encrypted-media; gyroscope; picture-in-picture; web-share\" referrerpolicy=\"strict-origin-when-cross-origin\" allowfullscreen src=\"data:image\/svg+xml;base64,PHN2ZyB3aWR0aD0iMSIgaGVpZ2h0PSIxIiB4bWxucz0iaHR0cDovL3d3dy53My5vcmcvMjAwMC9zdmciPjwvc3ZnPg==\" class=\"lazyload\" data-load-mode=\"1\"><\/iframe><\/p>\n<p><b>Abona\u021bi-v\u0103 la noi pe re\u021bele sociale:\u00a0<\/b><a href=\"https:\/\/t.me\/bastvmd\"><b><i>Telegram<\/i><\/b><\/a><b>,\u00a0<\/b><a href=\"https:\/\/www.youtube.com\/channel\/UC-9005PnLnhpNM8PVSjP2dQ\/featured\"><b><i>YouTube<\/i><\/b><\/a><b>,\u00a0<\/b><a href=\"https:\/\/www.facebook.com\/bastv.md\"><b><i>Facebook<\/i><\/b><\/a>\u00a0<strong>\u0219i\u00a0<\/strong><a href=\"https:\/\/www.instagram.com\/bastv.md\/\"><b><i>Instagram<\/i><\/b><\/a><b>. Aici public\u0103m \u0219tiri pe scurt.<\/b><\/p>\n","protected":false},"excerpt":{"rendered":"<p>La 28 septembrie, cet\u0103\u021benii Republicii Moldova vor fi chema\u021bi din nou la urne. Spa\u021biul public este deja inundat de tot felul de promisiuni \u0219i informa\u021bii manipulatorii. \u0218i acesta este doar \u00eenceputul. Mai multe detalii \u2013 \u00een acest video. Abona\u021bi-v\u0103 la noi pe re\u021bele sociale:\u00a0Telegram,\u00a0YouTube,\u00a0Facebook\u00a0\u0219i\u00a0Instagram. Aici public\u0103m \u0219tiri pe scurt.<\/p>\n","protected":false},"author":3,"featured_media":161377,"comment_status":"closed","ping_status":"closed","sticky":false,"template":"","format":"standard","meta":{"footnotes":""},"categories":[13003,573,199],"tags":[13890,13895,13697,12094,13896,13892,13891,13893,13894],"class_list":["post-161374","post","type-post","status-publish","format-standard","has-post-thumbnail","hentry","category-electorala-2025","category-in-esenta","category-politica","tag-alegeri-28-septembrie-moldova","tag-alegeri-parlamentare-28-septembrie","tag-alegeri-parlamentare-moldova-2025","tag-campanie-electorala-moldova","tag-cetatenii-la-urne-moldova","tag-manipulari-electorale","tag-promisiuni-electorale","tag-spatiu-public-moldova","tag-vot-moldova-2025"],"yoast_head":"<!-- This site is optimized with the Yoast SEO plugin v27.5 - https:\/\/yoast.com\/product\/yoast-seo-wordpress\/ -->\n<title>Alegeri parlamentare \u00een Republica Moldova: promisiuni \u0219i manipul\u0103ri<\/title>\n<meta name=\"description\" content=\"Pe 28 septembrie, cet\u0103\u021benii Republicii Moldova vor merge din nou la urne. Spa\u021biul public este plin de promisiuni electorale \u0219i informa\u021bii manipulatorii. Afl\u0103 detalii \u00een video.\" \/>\n<meta name=\"robots\" content=\"index, follow, max-snippet:-1, max-image-preview:large, max-video-preview:-1\" \/>\n<link rel=\"canonical\" href=\"https:\/\/bas-tv.md\/ro\/video-cum-ne-pastram-mintea-limpede-in-fata-populismului-si-a-dezinformarii-electorale\/\" \/>\n<meta property=\"og:locale\" content=\"ro_RO\" \/>\n<meta property=\"og:type\" content=\"article\" \/>\n<meta property=\"og:title\" content=\"Alegeri parlamentare \u00een Republica Moldova: promisiuni \u0219i manipul\u0103ri\" \/>\n<meta property=\"og:description\" content=\"Pe 28 septembrie, cet\u0103\u021benii Republicii Moldova vor merge din nou la urne. Spa\u021biul public este plin de promisiuni electorale \u0219i informa\u021bii manipulatorii. Afl\u0103 detalii \u00een video.\" \/>\n<meta property=\"og:url\" content=\"https:\/\/bas-tv.md\/ro\/video-cum-ne-pastram-mintea-limpede-in-fata-populismului-si-a-dezinformarii-electorale\/\" \/>\n<meta property=\"og:site_name\" content=\"BasTV\" \/>\n<meta property=\"article:published_time\" content=\"2025-09-26T10:00:53+00:00\" \/>\n<meta property=\"og:image\" content=\"https:\/\/bas-tv.md\/wp-content\/uploads\/2025\/09\/screenshot_1-7-1024x574.png\" \/>\n\t<meta property=\"og:image:width\" content=\"1024\" \/>\n\t<meta property=\"og:image:height\" content=\"574\" \/>\n\t<meta property=\"og:image:type\" content=\"image\/png\" \/>\n<meta name=\"author\" content=\"Redactor\" \/>\n<meta name=\"twitter:card\" content=\"summary_large_image\" \/>\n<meta name=\"twitter:label1\" content=\"Scris de\" \/>\n\t<meta name=\"twitter:data1\" content=\"Redactor\" \/>\n\t<meta name=\"twitter:label2\" content=\"Timp estimat pentru citire\" \/>\n\t<meta name=\"twitter:data2\" content=\"1 minut\" \/>\n<script type=\"application\/ld+json\" class=\"yoast-schema-graph\">{\"@context\":\"https:\\\/\\\/schema.org\",\"@graph\":[{\"@type\":\"Article\",\"@id\":\"https:\\\/\\\/bas-tv.md\\\/ro\\\/video-cum-ne-pastram-mintea-limpede-in-fata-populismului-si-a-dezinformarii-electorale\\\/#article\",\"isPartOf\":{\"@id\":\"https:\\\/\\\/bas-tv.md\\\/ro\\\/video-cum-ne-pastram-mintea-limpede-in-fata-populismului-si-a-dezinformarii-electorale\\\/\"},\"author\":{\"name\":\"Redactor\",\"@id\":\"https:\\\/\\\/bas-tv.md\\\/ro\\\/#\\\/schema\\\/person\\\/8740f45ea2eca1f1695284fc03529af0\"},\"headline\":\"(VIDEO) Cum ne p\u0103str\u0103m mintea limpede \u00een fa\u021ba populismului \u0219i a dezinform\u0103rii electorale\",\"datePublished\":\"2025-09-26T10:00:53+00:00\",\"mainEntityOfPage\":{\"@id\":\"https:\\\/\\\/bas-tv.md\\\/ro\\\/video-cum-ne-pastram-mintea-limpede-in-fata-populismului-si-a-dezinformarii-electorale\\\/\"},\"wordCount\":83,\"publisher\":{\"@id\":\"https:\\\/\\\/bas-tv.md\\\/ro\\\/#organization\"},\"image\":{\"@id\":\"https:\\\/\\\/bas-tv.md\\\/ro\\\/video-cum-ne-pastram-mintea-limpede-in-fata-populismului-si-a-dezinformarii-electorale\\\/#primaryimage\"},\"thumbnailUrl\":\"https:\\\/\\\/bas-tv.md\\\/wp-content\\\/uploads\\\/2025\\\/09\\\/screenshot_1-7.png\",\"keywords\":[\"alegeri 28 septembrie Moldova\",\"alegeri parlamentare 28 septembrie\",\"alegeri parlamentare Moldova 2025\",\"campanie electoral\u0103 Moldova\",\"cet\u0103\u021benii la urne Moldova\",\"manipul\u0103ri electorale\",\"promisiuni electorale\",\"spa\u021biu public Moldova\",\"vot Moldova 2025\"],\"articleSection\":[\"Electorala 2025\",\"\u00cen esen\u021b\u0103\",\"Politic\u0103\"],\"inLanguage\":\"ro-RO\"},{\"@type\":\"WebPage\",\"@id\":\"https:\\\/\\\/bas-tv.md\\\/ro\\\/video-cum-ne-pastram-mintea-limpede-in-fata-populismului-si-a-dezinformarii-electorale\\\/\",\"url\":\"https:\\\/\\\/bas-tv.md\\\/ro\\\/video-cum-ne-pastram-mintea-limpede-in-fata-populismului-si-a-dezinformarii-electorale\\\/\",\"name\":\"Alegeri parlamentare \u00een Republica Moldova: promisiuni \u0219i manipul\u0103ri\",\"isPartOf\":{\"@id\":\"https:\\\/\\\/bas-tv.md\\\/ro\\\/#website\"},\"primaryImageOfPage\":{\"@id\":\"https:\\\/\\\/bas-tv.md\\\/ro\\\/video-cum-ne-pastram-mintea-limpede-in-fata-populismului-si-a-dezinformarii-electorale\\\/#primaryimage\"},\"image\":{\"@id\":\"https:\\\/\\\/bas-tv.md\\\/ro\\\/video-cum-ne-pastram-mintea-limpede-in-fata-populismului-si-a-dezinformarii-electorale\\\/#primaryimage\"},\"thumbnailUrl\":\"https:\\\/\\\/bas-tv.md\\\/wp-content\\\/uploads\\\/2025\\\/09\\\/screenshot_1-7.png\",\"datePublished\":\"2025-09-26T10:00:53+00:00\",\"description\":\"Pe 28 septembrie, cet\u0103\u021benii Republicii Moldova vor merge din nou la urne. Spa\u021biul public este plin de promisiuni electorale \u0219i informa\u021bii manipulatorii. Afl\u0103 detalii \u00een video.\",\"inLanguage\":\"ro-RO\",\"potentialAction\":[{\"@type\":\"ReadAction\",\"target\":[\"https:\\\/\\\/bas-tv.md\\\/ro\\\/video-cum-ne-pastram-mintea-limpede-in-fata-populismului-si-a-dezinformarii-electorale\\\/\"]}]},{\"@type\":\"ImageObject\",\"inLanguage\":\"ro-RO\",\"@id\":\"https:\\\/\\\/bas-tv.md\\\/ro\\\/video-cum-ne-pastram-mintea-limpede-in-fata-populismului-si-a-dezinformarii-electorale\\\/#primaryimage\",\"url\":\"https:\\\/\\\/bas-tv.md\\\/wp-content\\\/uploads\\\/2025\\\/09\\\/screenshot_1-7.png\",\"contentUrl\":\"https:\\\/\\\/bas-tv.md\\\/wp-content\\\/uploads\\\/2025\\\/09\\\/screenshot_1-7.png\",\"width\":1576,\"height\":883,\"caption\":\"Foto: Screenshot\"},{\"@type\":\"WebSite\",\"@id\":\"https:\\\/\\\/bas-tv.md\\\/ro\\\/#website\",\"url\":\"https:\\\/\\\/bas-tv.md\\\/ro\\\/\",\"name\":\"BasTV\",\"description\":\"Moldova\",\"publisher\":{\"@id\":\"https:\\\/\\\/bas-tv.md\\\/ro\\\/#organization\"},\"potentialAction\":[{\"@type\":\"SearchAction\",\"target\":{\"@type\":\"EntryPoint\",\"urlTemplate\":\"https:\\\/\\\/bas-tv.md\\\/ro\\\/?s={search_term_string}\"},\"query-input\":{\"@type\":\"PropertyValueSpecification\",\"valueRequired\":true,\"valueName\":\"search_term_string\"}}],\"inLanguage\":\"ro-RO\"},{\"@type\":\"Organization\",\"@id\":\"https:\\\/\\\/bas-tv.md\\\/ro\\\/#organization\",\"name\":\"BasTV\",\"url\":\"https:\\\/\\\/bas-tv.md\\\/ro\\\/\",\"logo\":{\"@type\":\"ImageObject\",\"inLanguage\":\"ro-RO\",\"@id\":\"https:\\\/\\\/bas-tv.md\\\/ro\\\/#\\\/schema\\\/logo\\\/image\\\/\",\"url\":\"https:\\\/\\\/bas-tv.md\\\/wp-content\\\/uploads\\\/2023\\\/05\\\/bas-tv-culoarea-rosie.png\",\"contentUrl\":\"https:\\\/\\\/bas-tv.md\\\/wp-content\\\/uploads\\\/2023\\\/05\\\/bas-tv-culoarea-rosie.png\",\"width\":202,\"height\":50,\"caption\":\"BasTV\"},\"image\":{\"@id\":\"https:\\\/\\\/bas-tv.md\\\/ro\\\/#\\\/schema\\\/logo\\\/image\\\/\"}},{\"@type\":\"Person\",\"@id\":\"https:\\\/\\\/bas-tv.md\\\/ro\\\/#\\\/schema\\\/person\\\/8740f45ea2eca1f1695284fc03529af0\",\"name\":\"Redactor\",\"image\":{\"@type\":\"ImageObject\",\"inLanguage\":\"ro-RO\",\"@id\":\"https:\\\/\\\/secure.gravatar.com\\\/avatar\\\/45b6af9fc91c10b15a8b40e67c1f57bab2e9614fc9f0af95cf453d61934e9aad?s=96&d=mm&r=g\",\"url\":\"https:\\\/\\\/secure.gravatar.com\\\/avatar\\\/45b6af9fc91c10b15a8b40e67c1f57bab2e9614fc9f0af95cf453d61934e9aad?s=96&d=mm&r=g\",\"contentUrl\":\"https:\\\/\\\/secure.gravatar.com\\\/avatar\\\/45b6af9fc91c10b15a8b40e67c1f57bab2e9614fc9f0af95cf453d61934e9aad?s=96&d=mm&r=g\",\"caption\":\"Redactor\"},\"url\":\"https:\\\/\\\/bas-tv.md\\\/ro\\\/author\\\/redactor\\\/\"}]}<\/script>\n<!-- \/ Yoast SEO plugin. -->","yoast_head_json":{"title":"Alegeri parlamentare \u00een Republica Moldova: promisiuni \u0219i manipul\u0103ri","description":"Pe 28 septembrie, cet\u0103\u021benii Republicii Moldova vor merge din nou la urne. Spa\u021biul public este plin de promisiuni electorale \u0219i informa\u021bii manipulatorii. Afl\u0103 detalii \u00een video.","robots":{"index":"index","follow":"follow","max-snippet":"max-snippet:-1","max-image-preview":"max-image-preview:large","max-video-preview":"max-video-preview:-1"},"canonical":"https:\/\/bas-tv.md\/ro\/video-cum-ne-pastram-mintea-limpede-in-fata-populismului-si-a-dezinformarii-electorale\/","og_locale":"ro_RO","og_type":"article","og_title":"Alegeri parlamentare \u00een Republica Moldova: promisiuni \u0219i manipul\u0103ri","og_description":"Pe 28 septembrie, cet\u0103\u021benii Republicii Moldova vor merge din nou la urne. Spa\u021biul public este plin de promisiuni electorale \u0219i informa\u021bii manipulatorii. Afl\u0103 detalii \u00een video.","og_url":"https:\/\/bas-tv.md\/ro\/video-cum-ne-pastram-mintea-limpede-in-fata-populismului-si-a-dezinformarii-electorale\/","og_site_name":"BasTV","article_published_time":"2025-09-26T10:00:53+00:00","og_image":[{"width":1024,"height":574,"url":"https:\/\/bas-tv.md\/wp-content\/uploads\/2025\/09\/screenshot_1-7-1024x574.png","type":"image\/png"}],"author":"Redactor","twitter_card":"summary_large_image","twitter_misc":{"Scris de":"Redactor","Timp estimat pentru citire":"1 minut"},"schema":{"@context":"https:\/\/schema.org","@graph":[{"@type":"Article","@id":"https:\/\/bas-tv.md\/ro\/video-cum-ne-pastram-mintea-limpede-in-fata-populismului-si-a-dezinformarii-electorale\/#article","isPartOf":{"@id":"https:\/\/bas-tv.md\/ro\/video-cum-ne-pastram-mintea-limpede-in-fata-populismului-si-a-dezinformarii-electorale\/"},"author":{"name":"Redactor","@id":"https:\/\/bas-tv.md\/ro\/#\/schema\/person\/8740f45ea2eca1f1695284fc03529af0"},"headline":"(VIDEO) Cum ne p\u0103str\u0103m mintea limpede \u00een fa\u021ba populismului \u0219i a dezinform\u0103rii electorale","datePublished":"2025-09-26T10:00:53+00:00","mainEntityOfPage":{"@id":"https:\/\/bas-tv.md\/ro\/video-cum-ne-pastram-mintea-limpede-in-fata-populismului-si-a-dezinformarii-electorale\/"},"wordCount":83,"publisher":{"@id":"https:\/\/bas-tv.md\/ro\/#organization"},"image":{"@id":"https:\/\/bas-tv.md\/ro\/video-cum-ne-pastram-mintea-limpede-in-fata-populismului-si-a-dezinformarii-electorale\/#primaryimage"},"thumbnailUrl":"https:\/\/bas-tv.md\/wp-content\/uploads\/2025\/09\/screenshot_1-7.png","keywords":["alegeri 28 septembrie Moldova","alegeri parlamentare 28 septembrie","alegeri parlamentare Moldova 2025","campanie electoral\u0103 Moldova","cet\u0103\u021benii la urne Moldova","manipul\u0103ri electorale","promisiuni electorale","spa\u021biu public Moldova","vot Moldova 2025"],"articleSection":["Electorala 2025","\u00cen esen\u021b\u0103","Politic\u0103"],"inLanguage":"ro-RO"},{"@type":"WebPage","@id":"https:\/\/bas-tv.md\/ro\/video-cum-ne-pastram-mintea-limpede-in-fata-populismului-si-a-dezinformarii-electorale\/","url":"https:\/\/bas-tv.md\/ro\/video-cum-ne-pastram-mintea-limpede-in-fata-populismului-si-a-dezinformarii-electorale\/","name":"Alegeri parlamentare \u00een Republica Moldova: promisiuni \u0219i manipul\u0103ri","isPartOf":{"@id":"https:\/\/bas-tv.md\/ro\/#website"},"primaryImageOfPage":{"@id":"https:\/\/bas-tv.md\/ro\/video-cum-ne-pastram-mintea-limpede-in-fata-populismului-si-a-dezinformarii-electorale\/#primaryimage"},"image":{"@id":"https:\/\/bas-tv.md\/ro\/video-cum-ne-pastram-mintea-limpede-in-fata-populismului-si-a-dezinformarii-electorale\/#primaryimage"},"thumbnailUrl":"https:\/\/bas-tv.md\/wp-content\/uploads\/2025\/09\/screenshot_1-7.png","datePublished":"2025-09-26T10:00:53+00:00","description":"Pe 28 septembrie, cet\u0103\u021benii Republicii Moldova vor merge din nou la urne. Spa\u021biul public este plin de promisiuni electorale \u0219i informa\u021bii manipulatorii. Afl\u0103 detalii \u00een video.","inLanguage":"ro-RO","potentialAction":[{"@type":"ReadAction","target":["https:\/\/bas-tv.md\/ro\/video-cum-ne-pastram-mintea-limpede-in-fata-populismului-si-a-dezinformarii-electorale\/"]}]},{"@type":"ImageObject","inLanguage":"ro-RO","@id":"https:\/\/bas-tv.md\/ro\/video-cum-ne-pastram-mintea-limpede-in-fata-populismului-si-a-dezinformarii-electorale\/#primaryimage","url":"https:\/\/bas-tv.md\/wp-content\/uploads\/2025\/09\/screenshot_1-7.png","contentUrl":"https:\/\/bas-tv.md\/wp-content\/uploads\/2025\/09\/screenshot_1-7.png","width":1576,"height":883,"caption":"Foto: Screenshot"},{"@type":"WebSite","@id":"https:\/\/bas-tv.md\/ro\/#website","url":"https:\/\/bas-tv.md\/ro\/","name":"BasTV","description":"Moldova","publisher":{"@id":"https:\/\/bas-tv.md\/ro\/#organization"},"potentialAction":[{"@type":"SearchAction","target":{"@type":"EntryPoint","urlTemplate":"https:\/\/bas-tv.md\/ro\/?s={search_term_string}"},"query-input":{"@type":"PropertyValueSpecification","valueRequired":true,"valueName":"search_term_string"}}],"inLanguage":"ro-RO"},{"@type":"Organization","@id":"https:\/\/bas-tv.md\/ro\/#organization","name":"BasTV","url":"https:\/\/bas-tv.md\/ro\/","logo":{"@type":"ImageObject","inLanguage":"ro-RO","@id":"https:\/\/bas-tv.md\/ro\/#\/schema\/logo\/image\/","url":"https:\/\/bas-tv.md\/wp-content\/uploads\/2023\/05\/bas-tv-culoarea-rosie.png","contentUrl":"https:\/\/bas-tv.md\/wp-content\/uploads\/2023\/05\/bas-tv-culoarea-rosie.png","width":202,"height":50,"caption":"BasTV"},"image":{"@id":"https:\/\/bas-tv.md\/ro\/#\/schema\/logo\/image\/"}},{"@type":"Person","@id":"https:\/\/bas-tv.md\/ro\/#\/schema\/person\/8740f45ea2eca1f1695284fc03529af0","name":"Redactor","image":{"@type":"ImageObject","inLanguage":"ro-RO","@id":"https:\/\/secure.gravatar.com\/avatar\/45b6af9fc91c10b15a8b40e67c1f57bab2e9614fc9f0af95cf453d61934e9aad?s=96&d=mm&r=g","url":"https:\/\/secure.gravatar.com\/avatar\/45b6af9fc91c10b15a8b40e67c1f57bab2e9614fc9f0af95cf453d61934e9aad?s=96&d=mm&r=g","contentUrl":"https:\/\/secure.gravatar.com\/avatar\/45b6af9fc91c10b15a8b40e67c1f57bab2e9614fc9f0af95cf453d61934e9aad?s=96&d=mm&r=g","caption":"Redactor"},"url":"https:\/\/bas-tv.md\/ro\/author\/redactor\/"}]}},"views":259,"_links":{"self":[{"href":"https:\/\/bas-tv.md\/ro\/wp-json\/wp\/v2\/posts\/161374","targetHints":{"allow":["GET"]}}],"collection":[{"href":"https:\/\/bas-tv.md\/ro\/wp-json\/wp\/v2\/posts"}],"about":[{"href":"https:\/\/bas-tv.md\/ro\/wp-json\/wp\/v2\/types\/post"}],"author":[{"embeddable":true,"href":"https:\/\/bas-tv.md\/ro\/wp-json\/wp\/v2\/users\/3"}],"replies":[{"embeddable":true,"href":"https:\/\/bas-tv.md\/ro\/wp-json\/wp\/v2\/comments?post=161374"}],"version-history":[{"count":3,"href":"https:\/\/bas-tv.md\/ro\/wp-json\/wp\/v2\/posts\/161374\/revisions"}],"predecessor-version":[{"id":161379,"href":"https:\/\/bas-tv.md\/ro\/wp-json\/wp\/v2\/posts\/161374\/revisions\/161379"}],"wp:featuredmedia":[{"embeddable":true,"href":"https:\/\/bas-tv.md\/ro\/wp-json\/wp\/v2\/media\/161377"}],"wp:attachment":[{"href":"https:\/\/bas-tv.md\/ro\/wp-json\/wp\/v2\/media?parent=161374"}],"wp:term":[{"taxonomy":"category","embeddable":true,"href":"https:\/\/bas-tv.md\/ro\/wp-json\/wp\/v2\/categories?post=161374"},{"taxonomy":"post_tag","embeddable":true,"href":"https:\/\/bas-tv.md\/ro\/wp-json\/wp\/v2\/tags?post=161374"}],"curies":[{"name":"wp","href":"https:\/\/api.w.org\/{rel}","templated":true}]}}